{"id":13685,"date":"2016-09-17T17:37:44","date_gmt":"2016-09-17T15:37:44","guid":{"rendered":"https:\/\/www.aparences.net\/periodes\/quattrocento-annexes\/las-sibilas-en-el-renacimiento\/"},"modified":"2025-12-11T19:40:56","modified_gmt":"2025-12-11T18:40:56","slug":"las-sibilas-en-el-renacimiento","status":"publish","type":"post","link":"https:\/\/www.aparences.net\/es\/periodos\/el-quattrocento-anexos\/las-sibilas-en-el-renacimiento\/","title":{"rendered":"Las Sibilas en el Renacimiento"},"content":{"rendered":"<p><!--contents--><\/p>\n\n\n<h2 class=\"wp-block-heading\">Las Sibilas en la Antig\u00fcedad<\/h2>\n\n\n\n<p>La mitolog\u00eda grecorromana enumera varias sibilas, profetisas inspiradas por el dios Apolo quien, seg\u00fan la leyenda, les otorg\u00f3 el don de la videncia, y dictaban los or\u00e1culos de varias partes del mundo mediterr\u00e1neo.<strong> La m\u00e1s famosa<\/strong> de las diez sibilas conocidas de la <a href=\"https:\/\/www.aparences.net\/es\/tematicos\/mitologia-y-pintura\/\">mitolog\u00eda romana<\/a> <strong>era la Sibila de Cumas o Cumana<\/strong>. Ella fue la que acompa\u00f1\u00f3 Eneas a los Infiernos. Para poder descender a las entra\u00f1as de la tierra, Eneas deb\u00eda llevar una rama dorada y haber ofrecido sacrificios a los dioses. La Sibila lo condujo entonces a trav\u00e9s de los diversos campos del inframundo: el de los inocentes, muertos de forma prematura o injustamente; el de los h\u00e9roes ca\u00eddos en combate; el campo de los llorosos, donde residen las sombras v\u00edctimas de su propia pasi\u00f3n. Siempre guiado por la Sibila, lleg\u00f3 a los Campos El\u00edseos, morada feliz de las sombras virtuosas, donde escuch\u00f3 la m\u00fasica de Orfeo y encontr\u00f3 a su padre Anquises. \u00c9ste le mostr\u00f3 c\u00f3mo funcionaba el mundo y c\u00f3mo algunas almas vuelven a encarnarse sobre la tierra, purificadas despu\u00e9s de mil a\u00f1os de pruebas, pero sin recordar sus vidas anteriores.<\/p>\n\n\n<div class=\"wp-block-image\">\n<figure class=\"aligncenter\"><img loading=\"lazy\" decoding=\"async\" width=\"619\" height=\"460\" src=\"https:\/\/www.aparences.net\/wp-content\/uploads\/2016\/08\/sibylle-de-cumes-michel-ange.jpg\" alt=\"Miguel \u00c1ngel, Sibila Cumana, 1509\" class=\"wp-image-17495\" title=\"Miguel \u00c1ngel, Sibila Cumana, 1509\" srcset=\"https:\/\/www.aparences.net\/wp-content\/uploads\/2016\/08\/sibylle-de-cumes-michel-ange.jpg 619w, https:\/\/www.aparences.net\/wp-content\/uploads\/2016\/08\/sibylle-de-cumes-michel-ange-300x223.jpg 300w\" sizes=\"auto, (max-width: 619px) 100vw, 619px\" \/><figcaption class=\"wp-element-caption\"><em><strong>Sibila Cumana<\/strong>, 1509, <strong>Miguel \u00c1ngel<\/strong> (Roma, Capilla Sixtina)<\/em><\/figcaption><\/figure>\n<\/div>\n\n\n<p><em>Miguel \u00c1ngel pint\u00f3 una figura femenina marcada por la edad, pero dot\u00e1ndola de un vigor extraordinario. La energ\u00eda con la que sostiene el libro sobre el que inclina su cara arrugada, los colores fr\u00edos de la ropa y los tonos met\u00e1licos le dan un cierto aire iracundo, signo de la gravedad de sus profec\u00edas. Seg\u00fan la tradici\u00f3n, una famosa colecci\u00f3n de profec\u00edas sibilinas, los Libros Sibilinos, propon\u00edan a los romanos el remedio y las medidas adecuadas para reconciliarse con la divinidad. Estos libros hab\u00edan sido adquiridos por el rey Tarquinio el Soberbio, el \u00faltimo de los siete reyes de Roma, a una anciana (la sibila de Cumas). M\u00e1s tarde, los libros fueron guardados hasta el final de la Rep\u00fablica en el templo de J\u00fapiter en el Capitolio, para ser consultados s\u00f3lo en situaciones excepcionales.<\/em><\/p>\n\n\n\n<p>Fue en <strong>el siglo XV cuando aparecieron las primeras representaciones de las Sibilas<\/strong> (<span class=\"st\">la iconograf\u00eda antigua de estas profetisas es muy escasa)<\/span>. Las diez figuras del <strong>Templo Malatestiano de R\u00edmini<\/strong>, en la llamada Capilla de los antepasados van acompa\u00f1adas por dos profetas. El escultor <strong>Agostino di Duccio<\/strong> les otorga tensas facciones, anima los pliegues de sus ropajes y despliega filacterias donde se inscriben las <strong>frases caracter\u00edsticas tomadas del tratado de<\/strong> <a href=\"https:\/\/es.wikipedia.org\/wiki\/Lactancio\">Lactancio<\/a>, <em>Las Instituciones Divinas<\/em>. Por primera vez en una iglesia, las figuras de las sacerdotisas no aparecen asociadas a temas sagrados (la Anunciaci\u00f3n o la Natividad), sino que se adaptan perfectamente al programa humanista del templo. La edici\u00f3n de 1465 del Tratado de Lactancio (aproximadamente 250-325) dio una nueva coherencia al tema, sobre todo en los pa\u00edses del norte. En Italia, no hizo m\u00e1s que confirmar el inter\u00e9s popular por las antiguas sacerdotisas, cuya prueba m\u00e1s notable es la introducci\u00f3n de <strong>nueve sibilas<\/strong> (1482-1483) acompa\u00f1adas por <strong>Hermes Trimegisto<\/strong> (1488) en los magn\u00edficos <strong>mosaicos del pavimento de la Catedral de Siena<\/strong>, totalmente cubierto con marqueter\u00eda de m\u00e1rmol hasta el atrio. Se trata de una obra suntuosa e imaginativa \u00fanica en el mundo. S\u00f3lo Siena pod\u00eda concebir un proyecto tan grandioso como el de poder caminar sobre una verdadera galer\u00eda de cuadros. En la obra intervinieron cuarenta artistas (de 1372 a 1551) y se emplearon diversas t\u00e9cnicas. Algunas partes del pavimento fueron realizadas mediante inyecci\u00f3n de grafito y otros pigmentos, y otras partes en marqueter\u00eda. Los colores dominantes son el blanco y el negro, pero <a href=\"https:\/\/www.aparences.net\/es\/escuelas\/la-pintura-sienesa\/domenico-beccafumi\/\">Domenico Beccafumi<\/a> (1486-1551), <strong>uno de los m\u00e1s prestigiosos<\/strong> <a href=\"https:\/\/www.aparences.net\/es\/escuelas\/la-pintura-sienesa\/\">pintores de Siena<\/a>, <strong>alcanz\u00f3 un alto grado de eficacia pict\u00f3rica<\/strong> utilizando tambi\u00e9n m\u00e1rmoles grises y rojos.<\/p>\n\n\n<div class=\"wp-block-image\">\n<figure class=\"aligncenter\"><img loading=\"lazy\" decoding=\"async\" width=\"346\" height=\"460\" src=\"https:\/\/www.aparences.net\/wp-content\/uploads\/2016\/08\/giovanni-d-stefano-sibylle-cumea.jpg\" alt=\"Sibila de Cumas, 1482-1483, Giovanni di Stefano\" class=\"wp-image-17496\" title=\"Sibila de Cumas, 1482-1483, Giovanni di Stefano\" srcset=\"https:\/\/www.aparences.net\/wp-content\/uploads\/2016\/08\/giovanni-d-stefano-sibylle-cumea.jpg 346w, https:\/\/www.aparences.net\/wp-content\/uploads\/2016\/08\/giovanni-d-stefano-sibylle-cumea-226x300.jpg 226w\" sizes=\"auto, (max-width: 346px) 100vw, 346px\" \/><figcaption class=\"wp-element-caption\"><em><strong>Sibila de Cumas<\/strong>, 1482-1483, <strong>Giovanni di Stefano<\/strong> (Duomo de Siena)<\/em><\/figcaption><\/figure>\n<\/div>\n\n\n<p><em> \u00abDesde su santuario, ella propaga el horror sagrado de sus or\u00e1culos ambiguos y ruge en su caverna, donde la verdad se envuelve de sombras.\u00bb <\/em>Virgilio<em>, Eneida.<\/em><\/p>\n\n\n\n<p>De pie, envueltas en ropas ceremoniales, calzadas con sandalias, las sacerdotisas destacan contra el fondo liso del pavimento. Una primera inscripci\u00f3n,\u00a0tomada de Lactancio, contiene el nombre de cada una de ellas. Una segunda inscripci\u00f3n, llevada en su caso, por angelotes, esfinges, un tr\u00edpode o por serpientes, describe cada profec\u00eda; en ocasiones, como si fueran santos anunciadores del mensaje divino, las sibilas aparecen con el libro abierto que muestra la afinidad entre la \u00abfe\u00bb pagana y la cristiana (como es el caso de las <a href=\"https:\/\/www.aparences.net\/es\/arte-y-mecenazgo\/los-fresquistas-florentinos\/miguel-angel-frescos-de-la-sixtina\/#profetas-y-sibilas\">sibilas de la Capilla Sixtina<\/a>). Todo un despliegue de sabidur\u00eda que une la filosof\u00eda humanista de Ficino con un hermoso <strong>Hermes Trimegisto que completa la s\u00e9rie de sibilas<\/strong>.<\/p>\n\n\n<div class=\"wp-block-image\">\n<figure class=\"aligncenter\"><img loading=\"lazy\" decoding=\"async\" width=\"462\" height=\"460\" src=\"https:\/\/www.aparences.net\/wp-content\/uploads\/2016\/08\/giovanni-di-stefano-hermes-trimegiste.jpg\" alt=\"Hermes Trimegisto, 1488, Giovanni di Stefano\" class=\"wp-image-17497\" title=\"Hermes Trimegisto, 1488, Giovanni di Stefano\" srcset=\"https:\/\/www.aparences.net\/wp-content\/uploads\/2016\/08\/giovanni-di-stefano-hermes-trimegiste.jpg 462w, https:\/\/www.aparences.net\/wp-content\/uploads\/2016\/08\/giovanni-di-stefano-hermes-trimegiste-100x100.jpg 100w, https:\/\/www.aparences.net\/wp-content\/uploads\/2016\/08\/giovanni-di-stefano-hermes-trimegiste-90x90.jpg 90w, https:\/\/www.aparences.net\/wp-content\/uploads\/2016\/08\/giovanni-di-stefano-hermes-trimegiste-75x75.jpg 75w, https:\/\/www.aparences.net\/wp-content\/uploads\/2016\/08\/giovanni-di-stefano-hermes-trimegiste-300x300.jpg 300w\" sizes=\"auto, (max-width: 462px) 100vw, 462px\" \/><figcaption class=\"wp-element-caption\"><em><strong>Hermes Trimegisto<\/strong>, 1488, <strong>Giovanni di Stefano<\/strong> (Duomo de Siena)<\/em><\/figcaption><\/figure>\n<\/div>\n\n\n<p><em>Este mosaico del pavimento de la Catedral de Siena, representa a\u00a0Hermes Mercurio Trismegisto de pie frente a un disc\u00edpulo con turbante que recibe con muestras de respeto su libro. El pr\u00edncipe del hermetismo con gran sombrero oriental, lleva barba y cabellos largos que se esparcen sobre una amplia capa de cuello ancho. Su mano izquierda se apoya sobre una inscripci\u00f3n de Asclepio que sostienen dos esfinges, alegor\u00eda de un fabuloso Egipto y piadosa evocaci\u00f3n del sabio pagano por excelencia.<\/em><\/p>\n\n\n<div class=\"wp-block-image\">\n<figure class=\"aligncenter\"><img loading=\"lazy\" decoding=\"async\" width=\"336\" height=\"430\" src=\"https:\/\/www.aparences.net\/wp-content\/uploads\/2016\/08\/giovanni-di-stefano-hermes-trimegiste-.jpg\" alt=\"Hermes Trimegisto, 1488, Giovanni di Stefano, detalle\" class=\"wp-image-17498\" title=\"Hermes Trimegisto, 1488, Giovanni di Stefano, detalle\" srcset=\"https:\/\/www.aparences.net\/wp-content\/uploads\/2016\/08\/giovanni-di-stefano-hermes-trimegiste-.jpg 336w, https:\/\/www.aparences.net\/wp-content\/uploads\/2016\/08\/giovanni-di-stefano-hermes-trimegiste--234x300.jpg 234w\" sizes=\"auto, (max-width: 336px) 100vw, 336px\" \/><\/figure>\n<\/div>\n\n\n<p><em>Lactancio situa Hermes Trimegisto y las sibilas, entre los profetas que predijeron el cristianismo a los paganos: \u00abDeus omnium creator secum deum fecit visibilem et hunc fecit primum et solum quo oblectatus est et valde amavit proprium filius qui appellatur sanctum verbum\u00bb dice la inscripci\u00f3n.<\/em><\/p>\n\n\n\n<p>A la tradici\u00f3n popular se superpone as\u00ed, despu\u00e9s de 1460, la reaparici\u00f3n erudita de estos personajes situados exactamente en la articulaci\u00f3n del mundo pagano y el cristiano. Su grandeza era debida a dos caracter\u00edsticas, el <em>furor divinus<\/em> que los agitaba y el conocimiento oculto que promulgaban.<\/p>\n\n\n\n<!-- AdBoxRight2020 --><ins class=\"adsbygoogle\"     style=\"display:block; margin-top:30px;\"     data-ad-client=\"ca-pub-2468002815867636\"     data-ad-slot=\"3496014735\"     data-ad-format=\"auto\"     data-full-width-responsive=\"false\"><\/ins><script> (adsbygoogle = window.adsbygoogle || []).push({});<\/script><h2 class=\"wp-block-heading\">Las Sibilas en la pintura<\/h2>\n\n\n\n<p>Despu\u00e9s de muchas dificultades con el clero de Santa Maria Novella, fue finalmente en Santa Trinidad que el banquero Francesco Sassetti decidi\u00f3 construir su capilla funeraria colocando cara a cara, su sarc\u00f3fago y el de su esposa Nera. <strong>La decoraci\u00f3n a fresco encargada a<\/strong> <a href=\"https:\/\/www.aparences.net\/es\/arte-y-mecenazgo\/los-fresquistas-florentinos\/frescos-de-domenico-ghirlandaio\/\">Ghirlandaio<\/a> narra los episodios de la vida de San Francisco, patr\u00f3n del comitente. En la fachada de la capilla, encima del blas\u00f3n de la familia, <strong>Ghirlandaio pint\u00f3 la Sibila que profetiza a Augusto el advenimiento del reino de Cristo<\/strong>, profec\u00eda que se cumplir\u00e1 en el sarc\u00f3fago que figura en el retablo de la <em>Adoraci\u00f3n de los Pastores<\/em> que el mismo artista pint\u00f3 en el altar. En las b\u00f3vedas est\u00e1n representadas cuatro Sibilas rodeadas de festones de frutas de colores brillantes contra un fondo azul estriado de rayos de oro.<\/p>\n\n\n<div class=\"wp-block-image\">\n<figure class=\"aligncenter\"><img loading=\"lazy\" decoding=\"async\" width=\"640\" height=\"333\" src=\"https:\/\/www.aparences.net\/wp-content\/uploads\/2016\/08\/ghirlandaio-auguste-et-la-sibylle.jpg\" alt=\"La profec\u00eda de la Sibila Tibur, a 1479, Domenico Ghirlandaio\" class=\"wp-image-17499\" title=\"La profec\u00eda de la Sibila Tibur, a 1479, Domenico Ghirlandaio\" srcset=\"https:\/\/www.aparences.net\/wp-content\/uploads\/2016\/08\/ghirlandaio-auguste-et-la-sibylle.jpg 640w, https:\/\/www.aparences.net\/wp-content\/uploads\/2016\/08\/ghirlandaio-auguste-et-la-sibylle-300x156.jpg 300w\" sizes=\"auto, (max-width: 640px) 100vw, 640px\" \/><figcaption class=\"wp-element-caption\"><em><strong>La profec\u00eda de la Sibila Tibur<\/strong>, 1479, <strong>Domenico Ghirlandaio<\/strong> (Florencia, Santa Trinidad, Capilla Sassetti)<\/em><\/figcaption><\/figure>\n<\/div>\n\n\n<p><em>El fresco representa un episodio de la Leyenda Dorada, en la que el emperador Augusto, siguiendo una visi\u00f3n celestial mostrada por la Sibila Tibur, renunci\u00f3 a ser adorado como un dios por los romanos. Esta escena anticipa el acontecimiento que anuncian las cuatro Sibilas de la b\u00f3veda en sus filacterias, el nacimiento de Cristo representado en el retablo, encima del altar.<\/em><\/p>\n\n\n\n<p>A lo largo de su carrera art\u00edstica, <strong>Filippino Lippi<\/strong> siempre hab\u00eda mostrado su inter\u00e9s por las alegor\u00edas did\u00e1cticas (<em>Alegor\u00eda de la m\u00fasica<\/em>, 1500, Berl\u00edn). En la capilla fundada por el cardenal Carafa <strong>en Santa Maria sopra Minerva<\/strong>, el pintor <strong>representa cuatro sibilas<\/strong> rodeadas de \u00e1ngeles que profetizan los acontecimientos de la historia sagrada. Sentadas sobre nubes, la postura de las Sibilas var\u00eda dependiendo de la forma en que cada una de ellas sostiene la filacteria que lleva la inscripci\u00f3n explicativa, girando el cuerpo o la cabeza.<\/p>\n\n\n<div class=\"wp-block-image\">\n<figure class=\"aligncenter\"><img loading=\"lazy\" decoding=\"async\" width=\"601\" height=\"460\" src=\"https:\/\/www.aparences.net\/wp-content\/uploads\/2016\/08\/filippino-lippi-sibylle-de-delphes.jpg\" alt=\"La Sibila de Delfos, 1480, Filippino Lippi\" class=\"wp-image-17500\" title=\"La Sibila de Delfos, 1480, Filippino Lippi\" srcset=\"https:\/\/www.aparences.net\/wp-content\/uploads\/2016\/08\/filippino-lippi-sibylle-de-delphes.jpg 601w, https:\/\/www.aparences.net\/wp-content\/uploads\/2016\/08\/filippino-lippi-sibylle-de-delphes-300x230.jpg 300w\" sizes=\"auto, (max-width: 601px) 100vw, 601px\" \/><figcaption class=\"wp-element-caption\"><em><strong>La Sibila de Delfos<\/strong>, 1480, <strong>Filippino Lippi<\/strong> (Santa Maria sopra Minerva, Capilla Carafa)<\/em><\/figcaption><\/figure>\n<\/div>\n\n\n<p>Cuando <a href=\"https:\/\/www.aparences.net\/es\/arte-y-mecenazgo\/los-fresquistas-florentinos\/la-obra-mural-de-perugino-y-pinturicchio\/\">Perugino<\/a> (Pietro Vannucci) fue comisionado en 1500 por la Se\u00f1or\u00eda de Perugia para <strong>decorar el Colegio del Cambio<\/strong>, el artista se hallaba en la c\u00faspide de su fama: \u00ab\u00a0<em>E il meglio maestro d&#8217;Italia<\/em>\u00a0\u00bb, escrib\u00eda a su padre el banquero Agostino Chigi. Desde la decoraci\u00f3n de la Capilla Sixtina, era considerado uno de los grandes maestros de la Toscana, como <a href=\"https:\/\/www.aparences.net\/es\/periodos\/el-quattrocento\/sandro-botticelli\/\">Botticelli<\/a> o <strong>Filippino Lippi<\/strong>. Para llevar a cabo al programa iconogr\u00e1fico desarrollado por el humanista Francesco Maturanzio, Perugino adopta una l\u00ednea pict\u00f3rica que combina los ideales literarios cl\u00e1sicos y la representaci\u00f3n correcta y rigurosa de la imagen.<\/p>\n\n\n<div class=\"wp-block-image\">\n<figure class=\"aligncenter\"><img loading=\"lazy\" decoding=\"async\" width=\"569\" height=\"460\" src=\"https:\/\/www.aparences.net\/wp-content\/uploads\/2016\/08\/perugin-prophetes-et-sibylles.jpg\" alt=\"El Padre Eterno con profetas y sibilas, 1496-1500, Pietro Perugino\" class=\"wp-image-17501\" title=\"El Padre Eterno con profetas y sibilas, 1496-1500, Pietro Perugino\" srcset=\"https:\/\/www.aparences.net\/wp-content\/uploads\/2016\/08\/perugin-prophetes-et-sibylles.jpg 569w, https:\/\/www.aparences.net\/wp-content\/uploads\/2016\/08\/perugin-prophetes-et-sibylles-300x243.jpg 300w\" sizes=\"auto, (max-width: 569px) 100vw, 569px\" \/><figcaption class=\"wp-element-caption\"><em><strong>El Padre Eterno con profetas y sibilas<\/strong>, 1496-1500, <strong>Pietro Perugino<\/strong><\/em><br><em> (Perugia, Colegio del Cambio)<\/em><\/figcaption><\/figure>\n<\/div>\n\n\n<p><em>En el gran luneto con los Profetas y las Sibilas, <strong>Perugino coloca dos grupos sim\u00e9tricos de seis personajes<\/strong> llevando filacterias en las que van escritas sus profec\u00edas. <em>La historiograf\u00eda local del siglo XVII habla de la presencia del joven Rafael en Perugia como asistente de su maestro Perugino. Una hip\u00f3tesis que suscitar\u00eda encendidos debates: \u00aben los frontispicios, en las b\u00f3vedas, las maravillosas figuras pintadas, trabajadas a fresco de la excelente mano de Pietro Perugino, creemos que podr\u00edan ser de Rafael de Urbino&#8230;\u00bb (Crispolti). O, \u00abRafael de Urbino pint\u00f3 la b\u00f3veda con grutescos e hizo en pocas horas, para asombro de su maestro, la cabeza de Cristo transfigurado&#8230;\u00bb (Lancellotti).<\/em><\/em><\/p>\n\n\n<div class=\"wp-block-image\">\n<figure class=\"aligncenter\"><img loading=\"lazy\" decoding=\"async\" width=\"621\" height=\"370\" src=\"https:\/\/www.aparences.net\/wp-content\/uploads\/2016\/08\/perugin-prophetes-et-sibylles-.jpg\" alt=\"El Padre Eterno con profetas y sibilas, 1496-1500, Perugino, detalle\" class=\"wp-image-17502\" title=\"El Padre Eterno con profetas y sibilas, 1496-1500, Perugino, detalle\" srcset=\"https:\/\/www.aparences.net\/wp-content\/uploads\/2016\/08\/perugin-prophetes-et-sibylles-.jpg 621w, https:\/\/www.aparences.net\/wp-content\/uploads\/2016\/08\/perugin-prophetes-et-sibylles--300x179.jpg 300w\" sizes=\"auto, (max-width: 621px) 100vw, 621px\" \/><figcaption class=\"wp-element-caption\"><em><strong>El Padre Eterno con profetas y sibilas<\/strong>, detalle, 1496-1500, <strong>Pietro Perugino<\/strong><\/em><br><em> (Perugia, Colegio del Cambio)<\/em><\/figcaption><\/figure>\n<\/div>\n\n\n<p>Tambi\u00e9n <a href=\"https:\/\/www.aparences.net\/es\/arte-y-mecenazgo\/los-fresquistas-florentinos\/miguel-angel-frescos-de-la-sixtina\/\" data-type=\"link\" data-id=\"https:\/\/www.aparences.net\/es\/arte-y-mecenazgo\/los-fresquistas-florentinos\/miguel-angel-frescos-de-la-sixtina\/\">Miguel \u00c1ngel en la Capilla Sixtina<\/a> manifest\u00f3 su inter\u00e9s por los valores espirituales relacionados con las antiguas sibilas. El artista s\u00f3lo conserv\u00f3 las cinco primeras figuras de la lista de Lactancio, altern\u00e1ndolas con los profetas de las que son su versi\u00f3n femenina. Se presentan como depositarias de la visi\u00f3n teol\u00f3gica y probablemente fueron distribuidas en relaci\u00f3n con las <em>storie<\/em> de la b\u00f3veda. Representan las distintas fases del tormento del alma, en un conjunto que ya no es hist\u00f3rico, sino doctrinal. Tolnay indica que <strong>la selecci\u00f3n e interpretaci\u00f3n de Miguel \u00c1ngel, se basa en el texto de<\/strong> <a href=\"https:\/\/es.wikipedia.org\/wiki\/Marsilio_Ficino\">Marsilio Ficino<\/a>.<\/p>\n\n\n<div class=\"wp-block-image\">\n<figure class=\"aligncenter\"><img loading=\"lazy\" decoding=\"async\" width=\"460\" height=\"460\" src=\"https:\/\/www.aparences.net\/wp-content\/uploads\/2016\/08\/michel-ange-sibylle-eritree.jpg\" alt=\"Sibila Eritrea, 1509, Miguel \u00c1ngel\" class=\"wp-image-17503\" title=\"Sibila Eritrea, 1509, Miguel \u00c1ngel\" srcset=\"https:\/\/www.aparences.net\/wp-content\/uploads\/2016\/08\/michel-ange-sibylle-eritree.jpg 460w, https:\/\/www.aparences.net\/wp-content\/uploads\/2016\/08\/michel-ange-sibylle-eritree-100x100.jpg 100w, https:\/\/www.aparences.net\/wp-content\/uploads\/2016\/08\/michel-ange-sibylle-eritree-90x90.jpg 90w, https:\/\/www.aparences.net\/wp-content\/uploads\/2016\/08\/michel-ange-sibylle-eritree-75x75.jpg 75w, https:\/\/www.aparences.net\/wp-content\/uploads\/2016\/08\/michel-ange-sibylle-eritree-300x300.jpg 300w\" sizes=\"auto, (max-width: 460px) 100vw, 460px\" \/><figcaption class=\"wp-element-caption\"><em><strong>Sibila Eritrea<\/strong>, 1509, <strong>Miguel \u00c1ngel<\/strong> (Roma, Capilla Sixtina)<\/em><\/figcaption><\/figure>\n<\/div>\n\n\n<p>Por \u00faltimo, <strong>Rafael no pod\u00eda ignorar a su vez este ennoblecimiento de la Sibila<\/strong>: en 1514, dispone a dos niveles en el frontispicio de la nueva capilla de Santa Mar\u00eda de la Paz, de Agostino Chigi, un grupo de sibilas y un grupo de profetas. La Cumana, la P\u00e9rsica, la Frigia, la Tiburtina cuyos nombres se designan en pergaminos escritos en griego, excepto el de la Frigia. <strong>La respuesta a la<\/strong> <a href=\"https:\/\/www.aparences.net\/es\/arte-y-mecenazgo\/los-fresquistas-florentinos\/miguel-angel-frescos-de-la-sixtina\/\">Sixtina de Miguel \u00c1ngel<\/a> se percibe en las actitudes, los drapeados, la proliferaci\u00f3n de \u00e1ngeles y putti. S\u00f3lo hay m\u00e1s suavidad en las miradas: el reino de las visiones prof\u00e9ticas entra aqu\u00ed en el del amor; Rafael ha precisado as\u00ed su sentimiento confiando al peque\u00f1o genio alado de la parte central del arco\u00a0 &#8211; similar al de <a href=\"https:\/\/www.aparences.net\/es\/arte-y-mecenazgo\/los-fresquistas-florentinos\/la-obra-mural-de-rafael\/#la-estancia-de-la-signatura-y-el-pensamiento-filos%C3%B3fico\" data-type=\"link\" data-id=\"https:\/\/www.aparences.net\/es\/arte-y-mecenazgo\/los-fresquistas-florentinos\/la-obra-mural-de-rafael\/#la-estancia-de-la-signatura-y-el-pensamiento-filos%C3%B3fico\">la Estancia de la Signatura<\/a> &#8211; una antorcha encendida. Es el emblema com\u00fan del <em>furor amatorius<\/em> y del <em>vaticinum<\/em>: en un primer esbozo que se conserva, el <em>genietto<\/em> levanta dos platillos.<\/p>\n\n\n<div class=\"wp-block-image\">\n<figure class=\"aligncenter is-resized\"><img loading=\"lazy\" decoding=\"async\" width=\"640\" height=\"281\" src=\"https:\/\/www.aparences.net\/wp-content\/uploads\/2016\/08\/raphael-santa-maria-della-pace.jpg\" alt=\"Sibilas y \u00c1ngeles, 1514, Rafael\" class=\"wp-image-17504\" style=\"width:910px;height:auto\" title=\"Sibilas y \u00c1ngeles, 1514, Rafael\" srcset=\"https:\/\/www.aparences.net\/wp-content\/uploads\/2016\/08\/raphael-santa-maria-della-pace.jpg 640w, https:\/\/www.aparences.net\/wp-content\/uploads\/2016\/08\/raphael-santa-maria-della-pace-300x132.jpg 300w\" sizes=\"auto, (max-width: 640px) 100vw, 640px\" \/><figcaption class=\"wp-element-caption\"><em><strong>Sibilas y \u00c1ngeles<\/strong>, 1514, <strong>Rafael<\/strong> (Roma, Santa Maria della Pace)<\/em><\/figcaption><\/figure>\n<\/div>\n\n\n<p><em>Dispuestas en guirnalda alrededor del arco de la entrada de una de las dos <strong>capillas patrocinadas por<\/strong> <a href=\"https:\/\/www.aparences.net\/es\/arte-y-mecenazgo\/roma-mecenazgo-y-poder-papal\/leon-x-giovanni-de-medicis\/#agostino-chigi,-el-banquero-del-papa\" data-type=\"link\" data-id=\"https:\/\/www.aparences.net\/es\/arte-y-mecenazgo\/roma-mecenazgo-y-poder-papal\/leon-x-giovanni-de-medicis\/#agostino-chigi,-el-banquero-del-papa\">Agostino Chigi<\/a> <strong>en Santa Maria della Pace<\/strong>, las Sibilas de Rafael se refieren claramente a las <a href=\"https:\/\/www.aparences.net\/es\/arte-y-mecenazgo\/los-fresquistas-florentinos\/miguel-angel-frescos-de-la-sixtina\/#profetas-y-sibilas\">sibilas de Miguel \u00c1ngel<\/a>. <em>Sin embargo, a las figuras aisladas de \u00e9ste \u00faltimo, Rafael opone un movimiento flexible y continuo. Tras el \u00e9xito de la Estancia de la Signatura, el artista tuvo que hacerse cargo de numerosos trabajos para Agostino Chigi, un momento clave en la vida art\u00edstica de Rafael que puede ser considerado como el m\u00e1s importante de su segundo per\u00edodo romano. Adem\u00e1s, el banquero papal tuvo un papel destacado en la popularidad de las <strong>actividades culturales y art\u00edsticas que florecieron en la ciudad durante el papado de<\/strong> <a href=\"https:\/\/www.aparences.net\/es\/arte-y-mecenazgo\/roma-mecenazgo-y-poder-papal\/julio-ii-giuliano-della-rovere\/\">Julio II<\/a>.<\/em><br><\/em><\/p>\n\n\n<div class=\"wp-block-image\">\n<figure class=\"aligncenter\"><img loading=\"lazy\" decoding=\"async\" width=\"640\" height=\"238\" src=\"https:\/\/www.aparences.net\/wp-content\/uploads\/2016\/08\/raphael-santa-maria-della-pace-.jpg\" alt=\"Sibilas y \u00c1ngeles, 1514, Rafael, detalle \" class=\"wp-image-17505\" title=\"Sibilas y \u00c1ngeles, 1514, Rafael, detalle\" srcset=\"https:\/\/www.aparences.net\/wp-content\/uploads\/2016\/08\/raphael-santa-maria-della-pace-.jpg 640w, https:\/\/www.aparences.net\/wp-content\/uploads\/2016\/08\/raphael-santa-maria-della-pace--300x112.jpg 300w\" sizes=\"auto, (max-width: 640px) 100vw, 640px\" \/><figcaption class=\"wp-element-caption\"><em><strong>Sibilas y \u00c1ngeles<\/strong>, 1514, <strong>Rafael<\/strong> (Roma, Santa Maria della Pace)<\/em><\/figcaption><\/figure>\n<\/div>","protected":false},"excerpt":{"rendered":"<p>La mitolog\u00eda grecorromana enumera varias sibilas, profetisas inspiradas por el dios Apolo quien, seg\u00fan la leyenda, les otorg\u00f3 el don de la videncia.<\/p>\n","protected":false},"author":2,"featured_media":26318,"comment_status":"closed","ping_status":"closed","sticky":false,"template":"","format":"standard","meta":{"footnotes":""},"categories":[3010],"tags":[6150,3539,6151],"class_list":["post-13685","post","type-post","status-publish","format-standard","has-post-thumbnail","hentry","category-el-quattrocento-anexos","tag-las-sibilas-en-el-renacimiento","tag-mosaicos-catedral-siena","tag-periodo-renacentista"],"yoast_head":"<!-- This site is optimized with the Yoast SEO plugin v27.2 - https:\/\/yoast.com\/product\/yoast-seo-wordpress\/ -->\n<title>Las Sibilas en el Renacimiento<\/title>\n<meta name=\"description\" content=\"La mitolog\u00eda grecorromana enumera varias sibilas, profetisas inspiradas por el dios Apolo quien, seg\u00fan la leyenda, les otorg\u00f3 el don de la videncia.\" \/>\n<meta name=\"robots\" content=\"index, follow, max-snippet:-1, max-image-preview:large, max-video-preview:-1\" \/>\n<link rel=\"canonical\" href=\"https:\/\/www.aparences.net\/es\/periodos\/el-quattrocento-anexos\/las-sibilas-en-el-renacimiento\/\" \/>\n<meta property=\"og:locale\" content=\"es_ES\" \/>\n<meta property=\"og:type\" content=\"article\" \/>\n<meta property=\"og:title\" content=\"Las Sibilas en el Renacimiento\" \/>\n<meta property=\"og:description\" content=\"La mitolog\u00eda grecorromana enumera varias sibilas, profetisas inspiradas por el dios Apolo quien, seg\u00fan la leyenda, les otorg\u00f3 el don de la videncia.\" \/>\n<meta property=\"og:url\" content=\"https:\/\/www.aparences.net\/es\/periodos\/el-quattrocento-anexos\/las-sibilas-en-el-renacimiento\/\" \/>\n<meta property=\"og:site_name\" content=\"Aparences\" \/>\n<meta property=\"article:published_time\" content=\"2016-09-17T15:37:44+00:00\" \/>\n<meta property=\"article:modified_time\" content=\"2025-12-11T18:40:56+00:00\" \/>\n<meta property=\"og:image\" content=\"https:\/\/www.aparences.net\/wp-content\/uploads\/2016\/09\/les-sybilles-a-la-renaissance.jpg\" \/>\n\t<meta property=\"og:image:width\" content=\"1080\" \/>\n\t<meta property=\"og:image:height\" content=\"540\" \/>\n\t<meta property=\"og:image:type\" content=\"image\/jpeg\" \/>\n<meta name=\"author\" content=\"admin\" \/>\n<meta name=\"twitter:card\" content=\"summary_large_image\" \/>\n<meta name=\"twitter:label1\" content=\"Escrito por\" \/>\n\t<meta name=\"twitter:data1\" content=\"admin\" \/>\n\t<meta name=\"twitter:label2\" content=\"Tiempo de lectura\" \/>\n\t<meta name=\"twitter:data2\" content=\"10 minutos\" \/>\n<script type=\"application\/ld+json\" class=\"yoast-schema-graph\">{\"@context\":\"https:\/\/schema.org\",\"@graph\":[{\"@type\":\"Article\",\"@id\":\"https:\/\/www.aparences.net\/es\/periodos\/el-quattrocento-anexos\/las-sibilas-en-el-renacimiento\/#article\",\"isPartOf\":{\"@id\":\"https:\/\/www.aparences.net\/es\/periodos\/el-quattrocento-anexos\/las-sibilas-en-el-renacimiento\/\"},\"author\":{\"name\":\"admin\",\"@id\":\"https:\/\/www.aparences.net\/es\/#\/schema\/person\/af349f6ffc31b16c68963e61268afca5\"},\"headline\":\"Las Sibilas en el Renacimiento\",\"datePublished\":\"2016-09-17T15:37:44+00:00\",\"dateModified\":\"2025-12-11T18:40:56+00:00\",\"mainEntityOfPage\":{\"@id\":\"https:\/\/www.aparences.net\/es\/periodos\/el-quattrocento-anexos\/las-sibilas-en-el-renacimiento\/\"},\"wordCount\":2030,\"publisher\":{\"@id\":\"https:\/\/www.aparences.net\/es\/#organization\"},\"image\":{\"@id\":\"https:\/\/www.aparences.net\/es\/periodos\/el-quattrocento-anexos\/las-sibilas-en-el-renacimiento\/#primaryimage\"},\"thumbnailUrl\":\"https:\/\/www.aparences.net\/wp-content\/uploads\/2016\/09\/les-sybilles-a-la-renaissance.jpg\",\"keywords\":[\"las sibilas en el Renacimiento\",\"mosaicos catedral Siena\",\"periodo renacentista\"],\"articleSection\":[\"El Quattrocento - Anexos\"],\"inLanguage\":\"es\"},{\"@type\":[\"WebPage\",\"ItemPage\"],\"@id\":\"https:\/\/www.aparences.net\/es\/periodos\/el-quattrocento-anexos\/las-sibilas-en-el-renacimiento\/\",\"url\":\"https:\/\/www.aparences.net\/es\/periodos\/el-quattrocento-anexos\/las-sibilas-en-el-renacimiento\/\",\"name\":\"Las Sibilas en el Renacimiento\",\"isPartOf\":{\"@id\":\"https:\/\/www.aparences.net\/es\/#website\"},\"primaryImageOfPage\":{\"@id\":\"https:\/\/www.aparences.net\/es\/periodos\/el-quattrocento-anexos\/las-sibilas-en-el-renacimiento\/#primaryimage\"},\"image\":{\"@id\":\"https:\/\/www.aparences.net\/es\/periodos\/el-quattrocento-anexos\/las-sibilas-en-el-renacimiento\/#primaryimage\"},\"thumbnailUrl\":\"https:\/\/www.aparences.net\/wp-content\/uploads\/2016\/09\/les-sybilles-a-la-renaissance.jpg\",\"datePublished\":\"2016-09-17T15:37:44+00:00\",\"dateModified\":\"2025-12-11T18:40:56+00:00\",\"description\":\"La mitolog\u00eda grecorromana enumera varias sibilas, profetisas inspiradas por el dios Apolo quien, seg\u00fan la leyenda, les otorg\u00f3 el don de la videncia.\",\"breadcrumb\":{\"@id\":\"https:\/\/www.aparences.net\/es\/periodos\/el-quattrocento-anexos\/las-sibilas-en-el-renacimiento\/#breadcrumb\"},\"inLanguage\":\"es\",\"potentialAction\":[{\"@type\":\"ReadAction\",\"target\":[\"https:\/\/www.aparences.net\/es\/periodos\/el-quattrocento-anexos\/las-sibilas-en-el-renacimiento\/\"]}]},{\"@type\":\"ImageObject\",\"inLanguage\":\"es\",\"@id\":\"https:\/\/www.aparences.net\/es\/periodos\/el-quattrocento-anexos\/las-sibilas-en-el-renacimiento\/#primaryimage\",\"url\":\"https:\/\/www.aparences.net\/wp-content\/uploads\/2016\/09\/les-sybilles-a-la-renaissance.jpg\",\"contentUrl\":\"https:\/\/www.aparences.net\/wp-content\/uploads\/2016\/09\/les-sybilles-a-la-renaissance.jpg\",\"width\":1080,\"height\":540},{\"@type\":\"BreadcrumbList\",\"@id\":\"https:\/\/www.aparences.net\/es\/periodos\/el-quattrocento-anexos\/las-sibilas-en-el-renacimiento\/#breadcrumb\",\"itemListElement\":[{\"@type\":\"ListItem\",\"position\":1,\"name\":\"Portada\",\"item\":\"https:\/\/www.aparences.net\/es\/\"},{\"@type\":\"ListItem\",\"position\":2,\"name\":\"Las Sibilas en el Renacimiento\"}]},{\"@type\":\"WebSite\",\"@id\":\"https:\/\/www.aparences.net\/es\/#website\",\"url\":\"https:\/\/www.aparences.net\/es\/\",\"name\":\"Aparences: Historia del Arte y Actualidad Cultural\",\"description\":\"\",\"publisher\":{\"@id\":\"https:\/\/www.aparences.net\/es\/#organization\"},\"potentialAction\":[{\"@type\":\"SearchAction\",\"target\":{\"@type\":\"EntryPoint\",\"urlTemplate\":\"https:\/\/www.aparences.net\/es\/?s={search_term_string}\"},\"query-input\":{\"@type\":\"PropertyValueSpecification\",\"valueRequired\":true,\"valueName\":\"search_term_string\"}}],\"inLanguage\":\"es\"},{\"@type\":\"Organization\",\"@id\":\"https:\/\/www.aparences.net\/es\/#organization\",\"name\":\"Aparences: Historia del Arte y Actualidad Cultural\",\"url\":\"https:\/\/www.aparences.net\/es\/\",\"logo\":{\"@type\":\"ImageObject\",\"inLanguage\":\"es\",\"@id\":\"https:\/\/www.aparences.net\/es\/#\/schema\/logo\/image\/\",\"url\":\"https:\/\/www.aparences.net\/wp-content\/uploads\/2023\/09\/logo-quadrat-color-e1695915315229.png\",\"contentUrl\":\"https:\/\/www.aparences.net\/wp-content\/uploads\/2023\/09\/logo-quadrat-color-e1695915315229.png\",\"width\":120,\"height\":120,\"caption\":\"Aparences: Historia del Arte y Actualidad Cultural\"},\"image\":{\"@id\":\"https:\/\/www.aparences.net\/es\/#\/schema\/logo\/image\/\"}},{\"@type\":\"Person\",\"@id\":\"https:\/\/www.aparences.net\/es\/#\/schema\/person\/af349f6ffc31b16c68963e61268afca5\",\"name\":\"admin\",\"url\":\"https:\/\/www.aparences.net\/es\/author\/admin\/\"}]}<\/script>\n<!-- \/ Yoast SEO plugin. -->","yoast_head_json":{"title":"Las Sibilas en el Renacimiento","description":"La mitolog\u00eda grecorromana enumera varias sibilas, profetisas inspiradas por el dios Apolo quien, seg\u00fan la leyenda, les otorg\u00f3 el don de la videncia.","robots":{"index":"index","follow":"follow","max-snippet":"max-snippet:-1","max-image-preview":"max-image-preview:large","max-video-preview":"max-video-preview:-1"},"canonical":"https:\/\/www.aparences.net\/es\/periodos\/el-quattrocento-anexos\/las-sibilas-en-el-renacimiento\/","og_locale":"es_ES","og_type":"article","og_title":"Las Sibilas en el Renacimiento","og_description":"La mitolog\u00eda grecorromana enumera varias sibilas, profetisas inspiradas por el dios Apolo quien, seg\u00fan la leyenda, les otorg\u00f3 el don de la videncia.","og_url":"https:\/\/www.aparences.net\/es\/periodos\/el-quattrocento-anexos\/las-sibilas-en-el-renacimiento\/","og_site_name":"Aparences","article_published_time":"2016-09-17T15:37:44+00:00","article_modified_time":"2025-12-11T18:40:56+00:00","og_image":[{"width":1080,"height":540,"url":"https:\/\/www.aparences.net\/wp-content\/uploads\/2016\/09\/les-sybilles-a-la-renaissance.jpg","type":"image\/jpeg"}],"author":"admin","twitter_card":"summary_large_image","twitter_misc":{"Escrito por":"admin","Tiempo de lectura":"10 minutos"},"schema":{"@context":"https:\/\/schema.org","@graph":[{"@type":"Article","@id":"https:\/\/www.aparences.net\/es\/periodos\/el-quattrocento-anexos\/las-sibilas-en-el-renacimiento\/#article","isPartOf":{"@id":"https:\/\/www.aparences.net\/es\/periodos\/el-quattrocento-anexos\/las-sibilas-en-el-renacimiento\/"},"author":{"name":"admin","@id":"https:\/\/www.aparences.net\/es\/#\/schema\/person\/af349f6ffc31b16c68963e61268afca5"},"headline":"Las Sibilas en el Renacimiento","datePublished":"2016-09-17T15:37:44+00:00","dateModified":"2025-12-11T18:40:56+00:00","mainEntityOfPage":{"@id":"https:\/\/www.aparences.net\/es\/periodos\/el-quattrocento-anexos\/las-sibilas-en-el-renacimiento\/"},"wordCount":2030,"publisher":{"@id":"https:\/\/www.aparences.net\/es\/#organization"},"image":{"@id":"https:\/\/www.aparences.net\/es\/periodos\/el-quattrocento-anexos\/las-sibilas-en-el-renacimiento\/#primaryimage"},"thumbnailUrl":"https:\/\/www.aparences.net\/wp-content\/uploads\/2016\/09\/les-sybilles-a-la-renaissance.jpg","keywords":["las sibilas en el Renacimiento","mosaicos catedral Siena","periodo renacentista"],"articleSection":["El Quattrocento - Anexos"],"inLanguage":"es"},{"@type":["WebPage","ItemPage"],"@id":"https:\/\/www.aparences.net\/es\/periodos\/el-quattrocento-anexos\/las-sibilas-en-el-renacimiento\/","url":"https:\/\/www.aparences.net\/es\/periodos\/el-quattrocento-anexos\/las-sibilas-en-el-renacimiento\/","name":"Las Sibilas en el Renacimiento","isPartOf":{"@id":"https:\/\/www.aparences.net\/es\/#website"},"primaryImageOfPage":{"@id":"https:\/\/www.aparences.net\/es\/periodos\/el-quattrocento-anexos\/las-sibilas-en-el-renacimiento\/#primaryimage"},"image":{"@id":"https:\/\/www.aparences.net\/es\/periodos\/el-quattrocento-anexos\/las-sibilas-en-el-renacimiento\/#primaryimage"},"thumbnailUrl":"https:\/\/www.aparences.net\/wp-content\/uploads\/2016\/09\/les-sybilles-a-la-renaissance.jpg","datePublished":"2016-09-17T15:37:44+00:00","dateModified":"2025-12-11T18:40:56+00:00","description":"La mitolog\u00eda grecorromana enumera varias sibilas, profetisas inspiradas por el dios Apolo quien, seg\u00fan la leyenda, les otorg\u00f3 el don de la videncia.","breadcrumb":{"@id":"https:\/\/www.aparences.net\/es\/periodos\/el-quattrocento-anexos\/las-sibilas-en-el-renacimiento\/#breadcrumb"},"inLanguage":"es","potentialAction":[{"@type":"ReadAction","target":["https:\/\/www.aparences.net\/es\/periodos\/el-quattrocento-anexos\/las-sibilas-en-el-renacimiento\/"]}]},{"@type":"ImageObject","inLanguage":"es","@id":"https:\/\/www.aparences.net\/es\/periodos\/el-quattrocento-anexos\/las-sibilas-en-el-renacimiento\/#primaryimage","url":"https:\/\/www.aparences.net\/wp-content\/uploads\/2016\/09\/les-sybilles-a-la-renaissance.jpg","contentUrl":"https:\/\/www.aparences.net\/wp-content\/uploads\/2016\/09\/les-sybilles-a-la-renaissance.jpg","width":1080,"height":540},{"@type":"BreadcrumbList","@id":"https:\/\/www.aparences.net\/es\/periodos\/el-quattrocento-anexos\/las-sibilas-en-el-renacimiento\/#breadcrumb","itemListElement":[{"@type":"ListItem","position":1,"name":"Portada","item":"https:\/\/www.aparences.net\/es\/"},{"@type":"ListItem","position":2,"name":"Las Sibilas en el Renacimiento"}]},{"@type":"WebSite","@id":"https:\/\/www.aparences.net\/es\/#website","url":"https:\/\/www.aparences.net\/es\/","name":"Aparences: Historia del Arte y Actualidad Cultural","description":"","publisher":{"@id":"https:\/\/www.aparences.net\/es\/#organization"},"potentialAction":[{"@type":"SearchAction","target":{"@type":"EntryPoint","urlTemplate":"https:\/\/www.aparences.net\/es\/?s={search_term_string}"},"query-input":{"@type":"PropertyValueSpecification","valueRequired":true,"valueName":"search_term_string"}}],"inLanguage":"es"},{"@type":"Organization","@id":"https:\/\/www.aparences.net\/es\/#organization","name":"Aparences: Historia del Arte y Actualidad Cultural","url":"https:\/\/www.aparences.net\/es\/","logo":{"@type":"ImageObject","inLanguage":"es","@id":"https:\/\/www.aparences.net\/es\/#\/schema\/logo\/image\/","url":"https:\/\/www.aparences.net\/wp-content\/uploads\/2023\/09\/logo-quadrat-color-e1695915315229.png","contentUrl":"https:\/\/www.aparences.net\/wp-content\/uploads\/2023\/09\/logo-quadrat-color-e1695915315229.png","width":120,"height":120,"caption":"Aparences: Historia del Arte y Actualidad Cultural"},"image":{"@id":"https:\/\/www.aparences.net\/es\/#\/schema\/logo\/image\/"}},{"@type":"Person","@id":"https:\/\/www.aparences.net\/es\/#\/schema\/person\/af349f6ffc31b16c68963e61268afca5","name":"admin","url":"https:\/\/www.aparences.net\/es\/author\/admin\/"}]}},"_links":{"self":[{"href":"https:\/\/www.aparences.net\/es\/wp-json\/wp\/v2\/posts\/13685","targetHints":{"allow":["GET"]}}],"collection":[{"href":"https:\/\/www.aparences.net\/es\/wp-json\/wp\/v2\/posts"}],"about":[{"href":"https:\/\/www.aparences.net\/es\/wp-json\/wp\/v2\/types\/post"}],"author":[{"embeddable":true,"href":"https:\/\/www.aparences.net\/es\/wp-json\/wp\/v2\/users\/2"}],"replies":[{"embeddable":true,"href":"https:\/\/www.aparences.net\/es\/wp-json\/wp\/v2\/comments?post=13685"}],"version-history":[{"count":0,"href":"https:\/\/www.aparences.net\/es\/wp-json\/wp\/v2\/posts\/13685\/revisions"}],"wp:featuredmedia":[{"embeddable":true,"href":"https:\/\/www.aparences.net\/es\/wp-json\/wp\/v2\/media\/26318"}],"wp:attachment":[{"href":"https:\/\/www.aparences.net\/es\/wp-json\/wp\/v2\/media?parent=13685"}],"wp:term":[{"taxonomy":"category","embeddable":true,"href":"https:\/\/www.aparences.net\/es\/wp-json\/wp\/v2\/categories?post=13685"},{"taxonomy":"post_tag","embeddable":true,"href":"https:\/\/www.aparences.net\/es\/wp-json\/wp\/v2\/tags?post=13685"}],"curies":[{"name":"wp","href":"https:\/\/api.w.org\/{rel}","templated":true}]}}