{"id":13695,"date":"2016-10-25T09:25:21","date_gmt":"2016-10-25T07:25:21","guid":{"rendered":"https:\/\/www.aparences.net\/periodes\/art-contemporain\/nuevo-realismo\/"},"modified":"2025-12-11T19:40:56","modified_gmt":"2025-12-11T18:40:56","slug":"nuevo-realismo","status":"publish","type":"post","link":"https:\/\/www.aparences.net\/es\/arte-contemporaneo\/movimientos\/nuevo-realismo\/","title":{"rendered":"Nuevo Realismo"},"content":{"rendered":"<p><!--contents--><\/p>\n\n\n<h2 class=\"wp-block-heading\">Nuevo Realismo: La sociolog\u00eda del objeto<\/h2>\n\n\n\n<p>Con ocasi\u00f3n del primer manifiesto de los Nuevos Realistas, el 16 de abril de 1960, Pierre Restany proclam\u00f3 la muerte de la pintura de caballete, al tiempo que se compromet\u00eda a \u00abla apasionante aventura de lo real percibido tal como es y no a trav\u00e9s del prisma de la transcripci\u00f3n conceptual o imaginativa \u00ab.<\/p>\n\n\n\n<p> La soluci\u00f3n que ofrece el Nuevo Realismo a esta crisis consiste en no pintar (ni esculpir), es decir, no representar nada que se refiera a un mundo externo o interno, para proponer, en lugar de obras, s\u00f3lo fragmentos de la realidad. Pintura y escultura ya no se practican, o eventualmente son ignoradas o parodiadas, dando paso a una presentaci\u00f3n directa de las cosas tomadas del entorno cotidiano &#8211; precisamente cuando este \u00faltimo est\u00e1 experimentando un cambio r\u00e1pido, gracias a una producci\u00f3n econ\u00f3mica percibida como favorable a un progreso generalizado.<\/p>\n\n\n<div class=\"wp-block-image\">\n<figure class=\"aligncenter size-full\"><img loading=\"lazy\" decoding=\"async\" width=\"465\" height=\"430\" src=\"https:\/\/www.aparences.net\/wp-content\/uploads\/2023\/11\/spoerri-kinchkas-breakfast.webp\" alt=\"Kinchka\u2019s Breakfast I, 1960, Daniel Spoerri\" class=\"wp-image-29393\" title=\"Kinchka\u2019s Breakfast I, 1960, Daniel Spoerri\"\/><figcaption class=\"wp-element-caption\"><em><strong>Kinchka\u2019s Breakfast I<\/strong>, 1960, <strong>Daniel Spoerri<\/strong> (New York, MOMA). Spoerri presenta elementos del mundo real como si fuera una pintura en trampantojo.<\/em><\/figcaption><\/figure>\n<\/div>\n\n\n<p>Las t\u00e9cnicas del <strong>Nuevo Realismo<\/strong> no deben casi nada a las de la pintura o la escultura. Por el contrario deben casi todo al bricolaje y a la industria, a los materiales de la nueva qu\u00edmica, a los bienes de una sociedad que empieza a considerar con un cierto entusiasmo las posibilidades o el placer de formar parte de la sociedad de consumo.<\/p>\n\n\n\n<h2 class=\"wp-block-heading\">Arman. El realismo de las acumulaciones<\/h2>\n\n\n\n<p>Armand Fern\u00e1ndez (Niza 1928 &#8211; Nueva York, 2005) asisti\u00f3 a clases en la Escuela de Artes Decorativas de Niza. En 1947 conoce a Yves Klein y estudia en la Escuela del Louvre en Par\u00eds. En 1955, pinta sus primeros cuadros abstractos inspirados en <a href=\"https:\/\/www.aparences.net\/es\/arte-contemporaneo\/movimientos\/expresionismo-abstracto\/#jackson-pollock\">Pollock<\/a>. En la misma \u00e9poca, ejecuta la serie <em>Cachets<\/em>, saliendo as\u00ed de las t\u00e9cnicas convencionales de la pintura. En 1959, se pasa al objeto y realiza su primera Acumulaci\u00f3n en una caja de vidrio. Es tambi\u00e9n el a\u00f1o de la <em>Poubelle<\/em> (basura), hecha con objetos recuperados de los vertederos. Al a\u00f1o siguiente, se convierte en un miembro fundador de los <strong>Nuevos Realistas<\/strong>. En sus series tituladas <em>Col\u00e8res<\/em>, rompe, corta, quema, acumula, destruyendo el objeto y lo que representa. En 1967 colabora con la R\u00e9gie Renault y comienza la serie <em>Art-industrie<\/em>, hasta sus acumulaciones en hormig\u00f3n de 1970. El uso del bronce, en la d\u00e9cada de 1980, unifica los diferentes materiales utilizados y acent\u00faa los contrastes y los ritmos. <strong>Arman<\/strong> tambi\u00e9n ha realizado esculturas monumentales, como <em>Long Term Parking<\/em> (1982, Fundaci\u00f3n Cartier, Jouy-en-Josas) compuesta de sesenta coches apilados, o decoraciones murales como <em>A ma jolie<\/em> para el Museo Picasso de Antibes.<\/p>\n\n\n<div class=\"wp-block-image\">\n<figure class=\"aligncenter size-full\"><img loading=\"lazy\" decoding=\"async\" width=\"607\" height=\"425\" src=\"https:\/\/www.aparences.net\/wp-content\/uploads\/2023\/11\/arman-poubelle-des-halles.webp\" alt=\"Basura de Las Halles, 1961, Arman\" class=\"wp-image-29395\" title=\"Basura de Las Halles, 1961, Arman\"\/><figcaption class=\"wp-element-caption\"><em><strong>Basura de Las Halles<\/strong>, 1961, <strong>Arman<\/strong> (Paris, Centre Pompidou)<\/em><\/figcaption><\/figure>\n<\/div>\n\n\n<p><strong>Arman muestra lo que normalmente se oculta y se rechaza<\/strong>, invit\u00e1ndonos a considerar lo que queremos ver lo menos posible. La evoluci\u00f3n de los patrones de consumo pueden tambi\u00e9n cuestionar el car\u00e1cter \u00abburgu\u00e9s\u00bb de este tipo de residuos, aunque no se refieran de forma exclusiva a las costumbres de una sola clase social. La obra adquiere entonces un car\u00e1cter m\u00e1s general: aunque hoy pueda aparecer como una preocupaci\u00f3n de tipo ecol\u00f3gico simbolizando la acumulaci\u00f3n de residuos derivados de la sociedad de consumo.<\/p>\n\n\n<div class=\"wp-block-image\">\n<figure class=\"aligncenter size-full\"><img loading=\"lazy\" decoding=\"async\" width=\"607\" height=\"372\" src=\"https:\/\/www.aparences.net\/wp-content\/uploads\/2023\/11\/arman-chopins.webp\" alt=\"Chopin\u2019s Waterloo, 1962, Arman\" class=\"wp-image-29397\" title=\"Chopin\u2019s Waterloo, 1962, Arman\"\/><figcaption class=\"wp-element-caption\"><em><strong>Chopin\u2019s Waterloo<\/strong>, 1962, <strong>Arman<\/strong> (Paris, Centre Pompidou)<\/em><\/figcaption><\/figure>\n<\/div>\n\n\n<p>\u00abEn lo inservible, un modo de expresi\u00f3n ha atra\u00eddo particularmente mi atenci\u00f3n y mis cuidados; se trata de las acumulaciones, es decir, la multiplicaci\u00f3n y el bloqueo en un volumen correspondiendo a la forma, al n\u00famero y al tama\u00f1o de los objetos manufacturados.\u00bb<\/p>\n\n\n<div class=\"wp-block-image\">\n<figure class=\"aligncenter size-full\"><img loading=\"lazy\" decoding=\"async\" width=\"317\" height=\"460\" src=\"https:\/\/www.aparences.net\/wp-content\/uploads\/2023\/11\/arman-accumulation-chupa-chups.webp\" alt=\"Acumulaci\u00f3n de chupa-chups, 1965, Arman\" class=\"wp-image-29399\" title=\"Acumulaci\u00f3n de chupa-chups, 1965, Arman\"\/><figcaption class=\"wp-element-caption\"><em><strong>Acumulaci\u00f3n de chupa-chups<\/strong>, 1965, <strong>Arman<\/strong> (Colecci\u00f3n privada)<\/em><\/figcaption><\/figure>\n<\/div>\n\n\n<p>Con el <em>ready-made<\/em>, <strong>Marcel Duchamp proporcion\u00f3 a Arman el modelo<\/strong> m\u00e1s simple de la apropiaci\u00f3n: se extrae un objeto del anonimato debido a su producci\u00f3n en serie, y se individualiza por medio de una firma. El <a href=\"https:\/\/www.aparences.net\/es\/periodos\/arte-moderno\/dada\/\">Dada<\/a> y el <a href=\"https:\/\/www.aparences.net\/es\/periodos\/arte-moderno\/el-surrealismo\/\">Surrealismo<\/a> practicaron estos modos de apropiaci\u00f3n generalmente menos inmediatos: los objetos son injertados entre ellos, deformados, confiri\u00e9ndoles intenciones subjetivas y presentados en contextos que subrayan su alcance perturbador.<\/p>\n\n\n\n<!-- AdBoxRight2020 --><ins class=\"adsbygoogle\"     style=\"display:block; margin-top:30px;\"     data-ad-client=\"ca-pub-2468002815867636\"     data-ad-slot=\"3496014735\"     data-ad-format=\"auto\"     data-full-width-responsive=\"false\"><\/ins><script> (adsbygoogle = window.adsbygoogle || []).push({});<\/script><h2 class=\"wp-block-heading\">C\u00e9sar: Compresiones, expansiones<\/h2>\n\n\n\n<p>C\u00e9sar Baldaccini (Marsella 1921 &#8211; Par\u00eds 1998) estudi\u00f3 en la Escuela de Bellas Artes de Marsella y en la Escuela Nacional de Bellas Artes de Par\u00eds hasta 1948, donde se form\u00f3 en las t\u00e9cnicas tradicionales de la escultura. Despu\u00e9s de sus primeras esculturas en hierro y yeso, en l\u00e1minas de plomo cinceladas, en alambre trenzado, de 1954 a 1965 utiliza materiales y residuos mec\u00e1nicos con los que crea inquietantes figuraciones a trav\u00e9s de la soldadura por arco (<em>La Tortue<\/em>, 1958, Par\u00eds, MNAM). Mientras tanto, desde 1960, C\u00e9sar conduce el proceso de montaje de los materiales a consecuencias extremas hasta llegar a las Compresiones hechas de carrocer\u00edas de autom\u00f3viles (<em>Ricard<\/em>, 1962, Par\u00eds, M.N.A.M.). 1965 fue el a\u00f1o de su primera Expansi\u00f3n (<em>Le Pouce<\/em> (el pulgar),1965, Par\u00eds, M.N.A.M.) como contrapunto a las Compresiones. Experimenta con nuevas t\u00e9cnicas (galvanoplastia, poli\u00e9ster, espuma de poliuretano, etc). En 1969, sus Expansiones reciben un tratamiento superficial a base de capas de vinilo lacadas. En 1990, realiza Compresiones de cafeteras sobre telas, <em>Naturalezas muertas en homenaje a Morandi<\/em>.<\/p>\n\n\n<div class=\"wp-block-image\">\n<figure class=\"aligncenter size-full\"><img loading=\"lazy\" decoding=\"async\" width=\"253\" height=\"430\" src=\"https:\/\/www.aparences.net\/wp-content\/uploads\/2023\/11\/cesar-ricard-1962.webp\" alt=\"Ricard, 1962, Cesar\" class=\"wp-image-29401\" title=\"Ricard, 1962, Cesar\"\/><figcaption class=\"wp-element-caption\"><em><strong>Ricard<\/strong>, 1962, <strong>C\u00e9sar<\/strong> <\/em><br><em>(Paris, Centre Pompidou)<\/em><\/figcaption><\/figure>\n<\/div>\n\n\n<p><em>Con la introducci\u00f3n de una mezcla de escultura y de pintura, C\u00e9sar se muestra experto en detectar las capacidades formales y expresivas de lo que se ha convertido en in\u00fatil. Comenzando por destruir, transforma la chapa sin ocultar su origen, sino al contrario, mostrando lo que la pieza debe inicialmente a la industria.<br><\/em><\/p>\n\n\n\n<p>Las Expansiones de C\u00e9sar se deben al descubrimiento de un material, la espuma de poliuretano, que puede ser coloreada mediante la adici\u00f3n de pigmentos. Controlando cada vez mejor sus mezclas, as\u00ed como el tiempo necesario para verter los productos y la relaci\u00f3n entre la cantidad y el espacio que los acoge, C\u00e9sar puede conseguir esculturas resistentes, que recuerdan por sus masas formas m\u00e1s o menos org\u00e1nicas.<\/p>\n\n\n<div class=\"wp-block-image\">\n<figure class=\"aligncenter size-full\"><img loading=\"lazy\" decoding=\"async\" width=\"543\" height=\"410\" src=\"https:\/\/www.aparences.net\/wp-content\/uploads\/2023\/11\/cesar-expansion-14.webp\" alt=\"Expansi\u00f3n n\u00b0 14, 1970, C\u00e9sar \" class=\"wp-image-29403\" title=\"Expansi\u00f3n n\u00b0 14, 1970, C\u00e9sar \"\/><figcaption class=\"wp-element-caption\"><em><strong>Expansi\u00f3n n\u00b0 14<\/strong>, 1970, <strong>C\u00e9sar<\/strong> (Paris, Centro Pompidou)<\/em><\/figcaption><\/figure>\n<\/div>\n\n\n<h2 class=\"wp-block-heading\">Raymond Hains y los carteles rasgados<\/h2>\n\n\n\n<p><strong>Raymond Hains<\/strong> (Saint-Brieuc 1926 &#8211; Par\u00eds 2005), despu\u00e9s de estudiar en la Escuela de Bellas Artes de Rennes, donde se hizo amigo de Jacques de Villegl\u00e9 (futuro cartelista del grupo Nuevos Realistas), comienza por dedicarse a la fotograf\u00eda; realiza obras abstractas (Fotograf\u00edas hipnag\u00f3gicas) a trav\u00e9s de tramas de vidrio estriado colocadas delante del objetivo. Luego se dedica a los cortometrajes (<em>Ley del 29 de julio 1881<\/em>) momento en el que &nbsp;\u00abdespega\u00bb su primer cartel con Villegl\u00e9 en 1949. Su inter\u00e9s por los carteles rasgados viene del hecho que su est\u00e9tica es af\u00edn a sus investigaciones abstractas en el campo de la fotograf\u00eda. En 1957, muestra sus carteles lacerados en la exposici\u00f3n Ley del 29 de julio 1881 o el Lirismo \u00e0 la sauvette (lirismo a toda prisa), y luego, en la Bienal de Venecia en 1959, expone <em>Palissade des emplacements r\u00e9serv\u00e9s<\/em> (valla para plazas reservadas). Al a\u00f1o siguiente, se incorpora al grupo Nuevos Realistas y expone una serie de carteles pol\u00edticos desgarrados por los transe\u00fantes (<em>La France d\u00e9chir\u00e9e)<\/em>, que presenta sobre empalizadas.<\/p>\n\n\n<div class=\"wp-block-image\">\n<figure class=\"aligncenter size-full\"><img loading=\"lazy\" decoding=\"async\" width=\"605\" height=\"247\" src=\"https:\/\/www.aparences.net\/wp-content\/uploads\/2023\/11\/raymond-hains-sans-titre-1986.webp\" alt=\"Sin t\u00edtulo, 1986, Raymond Hains, Barcelona, MACBA\" class=\"wp-image-29405\" title=\"Sin t\u00edtulo, 1986, Raymond Hains, Barcelona, MACBA\"\/><figcaption class=\"wp-element-caption\"><em><strong>Sin t\u00edtulo<\/strong>, 1986, <strong>Raymond Hains<\/strong> (Barcelona, MACBA)<\/em><\/figcaption><\/figure>\n<\/div>\n\n\n<p>Los carteles rasgados han abandonado toda referencia a los carteles de origen: s\u00f3lo queda una capa incolora de papel mezclado con cola y algunas superficies irregulares coloreadas.<\/p>\n\n\n<div class=\"wp-block-image\">\n<figure class=\"aligncenter size-full\"><img loading=\"lazy\" decoding=\"async\" width=\"566\" height=\"410\" src=\"https:\/\/www.aparences.net\/wp-content\/uploads\/2023\/11\/raymond-hans-sans-titre-1963.webp\" alt=\"Sin t\u00edtulo, 1963, Raymond Hains\" class=\"wp-image-29407\" title=\"Sin t\u00edtulo, 1963, Raymond Hains\"\/><figcaption class=\"wp-element-caption\"><em><strong>Sin t\u00edtulo<\/strong>, 1963, <strong>Raymond Hains<\/strong> (Nord-Pas-de-Calais, Collection FRAC)<\/em><\/figcaption><\/figure>\n<\/div>\n\n\n<p>A medio camino entre los <em>ready-mady<\/em> de <strong>Marcel Duchamp<\/strong>, los papeles cortados de invenci\u00f3n matissiana y el <a href=\"https:\/\/www.aparences.net\/es\/arte-contemporaneo\/movimientos\/expresionismo-abstracto\/\">expresionismo abstracto<\/a>, Hains desarrolla un juego anal\u00f3gico entre el objeto y las palabras (<em>Neo-Dada emball\u00e9 o l\u2019Art de se tailler en palissade<\/em>, 1963; <em>La Bienal desgarrada de Raymond Hans<\/em>, Mil\u00e1n, 1964; <em>Monocromo en el metro<\/em>, 1983)<\/p>\n\n\n<div class=\"wp-block-image\">\n<figure class=\"aligncenter size-full\"><img loading=\"lazy\" decoding=\"async\" width=\"416\" height=\"427\" src=\"https:\/\/www.aparences.net\/wp-content\/uploads\/2023\/11\/raymond-hans-palissade.webp\" alt=\"Palissade, 1984, Raymond Hans\" class=\"wp-image-29409\" title=\"Palissade, 1984, Raymond Hans\"\/><figcaption class=\"wp-element-caption\"><em><strong>Palissade<\/strong>, 1984, <strong>Raymond Hains<\/strong> (Colecci\u00f3n privada)<\/em><\/figcaption><\/figure>\n<\/div>\n\n\n<!-- AdBoxLeft2023 --><ins class=\"adsbygoogle\" style=\"display:block\" data-ad-client=\"ca-pub-2468002815867636\" data-ad-slot=\"1318022963\" data-ad-format=\"auto\" data-full-width-responsive=\"true\"><\/ins><script> (adsbygoogle = window.adsbygoogle || []).push({});<\/script><h2 class=\"wp-block-heading\">Yves Klein, la aventura monocrom\u00e1tica<\/h2>\n\n\n\n<p>Entre los nuevos realistas, Yves Klein fue, sin duda, la principal figura. Ejemplo del artista cuya importancia se basa m\u00e1s en su manera de ser &#8211; el valor simb\u00f3lico de sus acciones &#8211; que en sus obras. Es considerado como la encarnaci\u00f3n de una tendencia constante, la que consiste en considerar que la personalidad del artista es su creaci\u00f3n m\u00e1s completa y verdadera. Inmerso desde su infancia en el mundo de la pintura (hijo de una pintora abstracta y de un pintor figurativo), a partir de 1948 Klein realiza pasteles y guaches. Luego viaja durante cuatro a\u00f1os y realiza una estancia en Jap\u00f3n en 1952, donde se dedica al judo. Expone en 1955 en la Galerie Allendy donde presenta sus <em>Propuestas monocromas<\/em>, \u00abporque he llegado a creer que hay un mundo vivo en cada color y yo expreso estos mundos\u00bb. Su investigaci\u00f3n sobre el color puro se acompa\u00f1a de una obra en formatos at\u00edpicos (<em>Monocromo verde<\/em>, 1957, Par\u00eds, M.N.A.M.).<\/p>\n\n\n<div class=\"wp-block-image\">\n<figure class=\"aligncenter size-full\"><img loading=\"lazy\" decoding=\"async\" width=\"375\" height=\"430\" src=\"https:\/\/www.aparences.net\/wp-content\/uploads\/2023\/11\/yves-klein-lecteur.webp\" alt=\"Lecteur I.K.B \u00e9l\u00e9gant, 1959, Yves Klein\" class=\"wp-image-29412\" title=\"Lecteur I.K.B \u00e9l\u00e9gant, 1959, Yves Klein\"\/><figcaption class=\"wp-element-caption\"><em><strong>Lecteur I.K.B \u00e9l\u00e9gant<\/strong>, 1959, <strong>Yves Klein<\/strong> (Colecci\u00f3n privada)<\/em><\/figcaption><\/figure>\n<\/div>\n\n\n<p><strong>Yves Klein<\/strong> utiliza un azul ultramarino oscuro para decorar la Opera de Gelsenkirchen, realizado junto con Tinguely y Kricke. En 1960, presenta una patente para este azul, al que llama IKB (International Klein Bue). A partir de 1960, comienza la serie Antropometr\u00edas de la \u00c9poca Azul (huellas corporales previamente recubiertas del azul IKB). Tambi\u00e9n presenta un Monogold (panel de madera recubierto de pan de oro): <em>Ci-g\u00eet l\u2019Espace RP3<\/em>, 1960, Par\u00eds, M.N.A.M.). Mientras tanto, de 1958 a 1962, crea 215 esculturas-esponjas azules (<em>El \u00c1rbol, SE 71<\/em>). Se une al grupo de los Nuevos Realistas y expone en el Centro de Pruebas del Gaz de France huellas antropom\u00e9tricas de fuego (<em>Fuego-Color, FC1<\/em>, 1962). Realiza retratos-relieves de los miembros del grupo de los Nuevos Realistas (<em>Retrato-relieve de Arman<\/em>, 1962). En 1982, el MNAM de Par\u00eds organiza una retrospectiva de su obra.<\/p>\n\n\n<div class=\"wp-block-image\">\n<figure class=\"aligncenter size-full\"><img loading=\"lazy\" decoding=\"async\" width=\"605\" height=\"339\" src=\"https:\/\/www.aparences.net\/wp-content\/uploads\/2023\/11\/yves-klein-anthropometries.webp\" alt=\"Anthropom\u00e9tries de l\u2019\u00e9poque bleue, 1960, Yves Klein\" class=\"wp-image-29414\" title=\"Anthropom\u00e9tries de l\u2019\u00e9poque bleue, 1960, Yves Klein\"\/><figcaption class=\"wp-element-caption\"><em><strong>Antropometr\u00edas de la \u00e9poca azul<\/strong>, 1960, <strong>Yves Klein<\/strong> (Colecci\u00f3n privada)<\/em><\/figcaption><\/figure>\n<\/div>\n\n\n<p>Combinando estrechamente realizaciones (moldes de sus amigos nuevos realistas, transici\u00f3n a azul de objetos ordinarios &#8211; esponjas, ramas de \u00e1rboles &#8211; o ya vinculados al arte como la Venus de Milo), discursos de autojustificaci\u00f3n y proyectos de envergadura mundial, si no c\u00f3smica, predica por una \u00absuperaci\u00f3n del problema del arte.\u00bb Su muerte prematura se suma a una trayectoria de dimensi\u00f3n m\u00edtica, pero la hagiograf\u00eda que suscita (particularmente en Restany) no debe ocultar el impacto de sus obras m\u00e1s relevantes.<\/p>\n\n\n<div class=\"wp-block-image\">\n<figure class=\"aligncenter size-full\"><img loading=\"lazy\" decoding=\"async\" width=\"382\" height=\"430\" src=\"https:\/\/www.aparences.net\/wp-content\/uploads\/2023\/11\/yves-klein-relief-eponge.webp\" alt=\"Relieve de esponja en rosa, 1961, Yves Klein\" class=\"wp-image-29416\" title=\"Relieve de esponja en rosa, 1961, Yves Klein\"\/><figcaption class=\"wp-element-caption\"><em><strong>Relieve de esponja en rosa<\/strong>, 1961, <strong>Yves Klein<\/strong> (Colecci\u00f3n privada)<\/em><\/figcaption><\/figure>\n<\/div>\n\n\n<h2 class=\"wp-block-heading\">Daniel Spoerri: Cuadros-trampa<\/h2>\n\n\n\n<p><strong>Daniel Spoerri <\/strong>(Galati, Rumania, 1930), emigr\u00f3 con sus padres en Suiza. De 1950 a 1954 estudi\u00f3 danza cl\u00e1sica en Zurich y Par\u00eds y se convirti\u00f3 en primer bailar\u00edn en Berna. En 1959, se traslad\u00f3 a Par\u00eds y fund\u00f3 las ediciones MAT (Multiplicaci\u00f3n \/ Arte \/ Transformaci\u00f3n). Se uni\u00f3 al movimiento de los Nuevos Realistas en 1960 y trabaj\u00f3 ocasionalmente en el movimiento Fluxus. Bajo la influencia de <a href=\"https:\/\/www.aparences.net\/es\/periodos\/arte-moderno\/dada\/\">Dada<\/a>, asimila el mecanismo del azar y del objeto encontrado gracias a Soto y Tinguely. Comienza a realizar cuadros-trampa donde pega los restos de comidas y vajilla (<em>Mesa de Robert<\/em>, 1961), los <em>d\u00e9trompe l\u2019\u0153il<\/em> utilizando un fondo al que a\u00f1ade nuevos elementos en relieve para modificar la proposici\u00f3n inicial. (<em>Attention, chien m\u00e9chant<\/em>, 1961), la serie de trampas a base de palabras donde se visualizan proverbios o refranes (<em>Quien duerme come<\/em>, 1963). En 1967, Spoerri viaja a las islas griegas y produce los llamados Montajes primitivos. En 1984, fija elementos de cocina en bronce pulido que presenta como esculturas (<em>Los Guerreros de la noche<\/em>). Luego inicia los Ethno-Sincretismos donde utiliza m\u00e1scaras africanas en esculturas occidentales (<em>Princesa Dani<\/em> 1986). A partir de 1989 realiza Paletas de artistas, donde pega elementos de las mesas de trabajo de sus amigos artistas (<em>Caisse-palette. Erik Deetman<\/em>, 1989)<\/p>\n\n\n<div class=\"wp-block-image\">\n<figure class=\"aligncenter size-full\"><img loading=\"lazy\" decoding=\"async\" width=\"605\" height=\"312\" src=\"https:\/\/www.aparences.net\/wp-content\/uploads\/2023\/11\/spoerri-repas-hongrois.webp\" alt=\"La comida h\u00fangara, 1963, Daniel Spoerri\" class=\"wp-image-29418\" title=\"La comida h\u00fangara, 1963, Daniel Spoerri\"\/><figcaption class=\"wp-element-caption\"><em><strong>La comida h\u00fangara<\/strong>, 1963, <strong>Daniel Spoerri<\/strong> (Paris, Centre Pompidou)<\/em><\/figcaption><\/figure>\n<\/div>\n\n\n<p>Los cuadros-trampa de Spoerri contienen objetos banales: los restos de un desayuno o una comida, cuencos y platos sucios, botellas m\u00e1s o menos vac\u00edas, pero tambi\u00e9n residuos acumulados sobre una tabla o en un caj\u00f3n, despojos abandonados y sin ning\u00fan inter\u00e9s de lo cotidiano, de los que nos hemos olvidado desde hace mucho.<\/p>\n\n\n<div class=\"wp-block-image\">\n<figure class=\"aligncenter size-full\"><img loading=\"lazy\" decoding=\"async\" width=\"546\" height=\"319\" src=\"https:\/\/www.aparences.net\/wp-content\/uploads\/2023\/11\/spoerri-les-puces.webp\" alt=\"Les Puces, 1961, Daniel Spoerri\" class=\"wp-image-29420\" title=\"Les Puces, 1961, Daniel Spoerri\"\/><figcaption class=\"wp-element-caption\"><em><strong>Les Puces<\/strong>, 1961, <strong>Daniel Spoerri<\/strong> (Colecci\u00f3n privada)<\/em><\/figcaption><\/figure>\n<\/div>\n\n\n<p><em>Este \u00abcuadro-trampa\u00bb de Spoerri es simplemente el resultado de una visita al mercado de las pulgas, y el inter\u00e9s que le despert\u00f3 una parada. A diferencia de un coleccionista corriente, Spoerri no selecciona un objeto para adquirirlo: se apropia la totalidad &#8211; objetos dispares y el tapiz de presentaci\u00f3n &#8211; de lo que ofrece el comerciante. Dice: \u00abS\u00f3lo pongo un poco de cola bajo los objetos, no pretendo ninguna creatividad\u00bb. Tal insistencia en la no-creatividad se refiere probablemente al ready-made de Duchamp.<br><\/em><\/p>\n\n\n\n<p>El cuadro-trampa quiere llamar la atenci\u00f3n sobre objetos por lo general abandonados haci\u00e9ndolos inclinar de horizontal a vertical. El <em>Triple multiplicador de arte<\/em> finge respetar la disposici\u00f3n habitual de las cosas, pero poni\u00e9ndolas del rev\u00e9s y repiti\u00e9ndolas, lo que obliga al espectador a ver que un fragmento de la realidad es tambi\u00e9n una m\u00e1quina para producir im\u00e1genes.<\/p>\n\n\n<div class=\"wp-block-image\">\n<figure class=\"aligncenter size-full\"><img loading=\"lazy\" decoding=\"async\" width=\"362\" height=\"430\" src=\"https:\/\/www.aparences.net\/wp-content\/uploads\/2023\/11\/spoerri-triple-multiplicateur.webp\" alt=\"Triple multiplicador de arte, 1969, Daniel Spoerri\" class=\"wp-image-29422\" title=\"Triple multiplicador de arte, 1969, Daniel Spoerri\"\/><figcaption class=\"wp-element-caption\"><em><strong>Triple multiplicador de arte<\/strong>, 1969, <strong>Daniel Spoerri<\/strong> (Colecci\u00f3n privada)<\/em><\/figcaption><\/figure>\n<\/div>\n\n\n<h2 class=\"wp-block-heading\">Martial Raysse<\/h2>\n\n\n\n<p>Despu\u00e9s de estudiar literatura, <strong>Martial Raysse<\/strong> (Golfe-Juan 1936) se decanta por una actividad art\u00edstica. En 1959, presenta objetos de materia pl\u00e1stica en cajas transparentes. En 1960, expone sus \u00c9<em>talages-Hygi\u00e8ne de la vision<\/em>, inspir\u00e1ndose en las vitrinas de los bazares. Se convierte en un miembro del <strong>Nuevo Realismo<\/strong> y dise\u00f1a un entorno compuesto por im\u00e1genes de playa (<em>Rayse Beach<\/em>, presentado en el Stedelijk Museum de Amsterdam, 1962). A partir de fotograf\u00edas reveladas a tama\u00f1o natural, retocadas con pintura y en las que yuxtapone objetos, trabaja sobre el estereotipo de la ba\u00f1ista y la figura femenina inspir\u00e1ndose en im\u00e1genes publicitarias (<em>De repente el \u00faltimo verano<\/em>, 1963). En 1962, utiliza el ne\u00f3n, que trata a la vez como luz y como \u00abcolor en movimiento\u00bb (<em>Am\u00e9rica, Am\u00e9rica<\/em>, 1964). En 1968, despu\u00e9s de los acontecimientos de mayo del 68, se retira al Sur de Francia y luego vuelve a la escena art\u00edstica presentando las series <em>Six images calmes<\/em> (1972), <em>Coco Mato<\/em> donde emplea t\u00e9cnicas artesanales (1974), <em>Loco Bello<\/em> (1976), <em>Spelunca<\/em> (1978) y <em>La Petite Maison<\/em> (1981) donde muestra un mundo m\u00e1s \u00edntimo, escenas del mundo rural mediterr\u00e1neo.<\/p>\n\n\n<div class=\"wp-block-image\">\n<figure class=\"aligncenter size-full\"><img loading=\"lazy\" decoding=\"async\" width=\"605\" height=\"315\" src=\"https:\/\/www.aparences.net\/wp-content\/uploads\/2023\/11\/raysse-soudain-lete-dernier.webp\" alt=\"De repente, el \u00faltimo verano, 1963, Martial Raysse\" class=\"wp-image-29424\" title=\"De repente, el \u00faltimo verano, 1963, Martial Raysse\"\/><figcaption class=\"wp-element-caption\"><em><strong>De repente, el \u00faltimo verano<\/strong>, 1963, <strong>Martial Raysse<\/strong> (Colecci\u00f3n privada)<\/em><\/figcaption><\/figure>\n<\/div>\n\n\n<p>Con sus habiles pastiches de cuadros famosos, <strong>Raysse<\/strong> ha jugado con la idea de la parodia, principalmente con obras de <a href=\"https:\/\/www.aparences.net\/es\/periodos\/neoclasicismo\/jean-auguste-dominique-ingres\/\">Ingres<\/a> y Fran\u00e7ois G\u00e9rard. En una versi\u00f3n de Cupido y Psique, titulado, <em>Tableau simple et doux<\/em>, el Dios del amor tiene entre los dedos un tubo fluorescente en forma de coraz\u00f3n.<\/p>\n\n\n<div class=\"wp-block-image\">\n<figure class=\"aligncenter size-full\"><img loading=\"lazy\" decoding=\"async\" width=\"284\" height=\"430\" src=\"https:\/\/www.aparences.net\/wp-content\/uploads\/2023\/11\/raysse-tableau-simple-et-doux.webp\" alt=\"Tableau simple et doux, 1965, Martial Raysse\" class=\"wp-image-29426\" title=\"Tableau simple et doux, 1965, Martial Raysse\"\/><figcaption class=\"wp-element-caption\"><em><strong>Tableau simple et doux<\/strong>, 1965, <\/em><br><em><strong>Martial Raysse<\/strong> (Colecci\u00f3n privada)<\/em><\/figcaption><\/figure>\n<\/div>\n\n\n<p>A diferencia de otros miembros del Nuevo Realismo, <strong>Martial Rayasse<\/strong>, en los montajes que propone durante el breve per\u00edodo en el que particip\u00f3 en el movimiento, se centra exclusivamente en objetos nuevos. Los escoge en los estantes de los grandes almacenes y supermercados, esta vez sin ninguna intenci\u00f3n de parodia o cr\u00edtica, content\u00e1ndose simplemente de presentarlos de forma in\u00e9dita.<\/p>\n\n\n<div class=\"wp-block-image\">\n<figure class=\"aligncenter size-full\"><img loading=\"lazy\" decoding=\"async\" width=\"222\" height=\"430\" src=\"https:\/\/www.aparences.net\/wp-content\/uploads\/2023\/11\/raysse-etalage-hygiene.webp\" alt=\"\u00c9talage, hygi\u00e8ne de la vision, 1960, Martial Raysse\" class=\"wp-image-29428\" title=\"\u00c9talage, hygi\u00e8ne de la vision, 1960, Martial Raysse\"\/><figcaption class=\"wp-element-caption\"><em><strong>\u00c9talage, hygi\u00e8ne de la vision<\/strong>, 1960, <strong>Martial Raysse<\/strong> (Colecci\u00f3n privada)<\/em><\/figcaption><\/figure>\n<\/div>\n\n\n<!-- AfterArticle2023 --><ins class=\"adsbygoogle\"     style=\"display:block;margin-bottom:5px;\"     data-ad-client=\"ca-pub-2468002815867636\"     data-ad-slot=\"3955176166\"     data-ad-format=\"auto\"     data-full-width-responsive=\"true\"><\/ins><script> (adsbygoogle = window.adsbygoogle || []).push({});<\/script><h2 class=\"wp-block-heading\">Niki de Saint-Phalle<\/h2>\n\n\n\n<p>Criada en Nueva York, <strong>Niki de Saint-Phalle<\/strong> (Par\u00eds 1930 &#8211; San Diego 2002) trabaj\u00f3 primero como modelo, luego de forma totalmente autodidacta empieza a elaborar&nbsp; objetos y relieves de yeso que expone en 1956 en Saint-Gall. En Par\u00eds conoce a Tinguely y a los Nuevos Realistas, y realiza la serie <em>Disparos<\/em>, en los que participan todos sus amigos. Esta agresividad basada en un trasfondo biogr\u00e1fico, se ejerce durante sus exposiciones principalmente en Estocolmo, Par\u00eds y Copenhague, lo que le permite integrarse en el <strong>Nuevo Realismo<\/strong>. En 1961, participa con <a href=\"https:\/\/www.aparences.net\/es\/arte-contemporaneo\/neo-dada-es\/robert-rauschenberg-entre-figuracion-y-abstraccion\/\" data-type=\"link\" data-id=\"https:\/\/www.aparences.net\/es\/arte-contemporaneo\/neo-dada-es\/robert-rauschenberg-entre-figuracion-y-abstraccion\/\">Robert Rauschenberg<\/a>, <a href=\"https:\/\/www.aparences.net\/es\/arte-contemporaneo\/neo-dada-es\/jasper-johns-el-cuadro-como-objeto\/\" data-type=\"link\" data-id=\"https:\/\/www.aparences.net\/es\/arte-contemporaneo\/neo-dada-es\/jasper-johns-el-cuadro-como-objeto\/\">Jasper Johns<\/a> y <strong>Tinguely<\/strong>, a un concierto de <strong>John Cage<\/strong> &#8211; David Tudor en la Embajada de los Estados Unidos. En sus obras personales (Altares y relieves donde proliferan monstruos, objetos encontrados, armas y amenazas m\u00e1s o menos expl\u00edcitas) como en las empresas colectivas a las que se adhiere f\u00e1cilmente (<em>Dylaby<\/em> en \u00c1msterdam en 1962, <em>Hon<\/em> con Tinguely en 1963), ella se esfuerza en afirmar la libertad completa de la creaci\u00f3n.<\/p>\n\n\n<div class=\"wp-block-image\">\n<figure class=\"aligncenter size-full\"><img loading=\"lazy\" decoding=\"async\" width=\"640\" height=\"370\" src=\"https:\/\/www.aparences.net\/wp-content\/uploads\/2023\/11\/saint-phalle-tir.webp\" alt=\"Disparos, 1962, Niki de Saint-Phalle\" class=\"wp-image-29430\" title=\"Disparos, 1962, Niki de Saint-Phalle\"\/><figcaption class=\"wp-element-caption\"><em><strong>Disparos<\/strong>, 1962, <strong>Niki de Saint-Phalle<\/strong> (Par\u00eds, Centro Pompidou) <\/em><br><em>\u00abUn asesinato sin v\u00edctima. He disparado porque me gustaba ver el cuadro sangrar y morir\u00bb<\/em><\/figcaption><\/figure>\n<\/div>\n\n\n<p>En la serie <em>Altares<\/em> prevalece el dorado que extiende de manera uniforme, con una clara referencia par\u00f3dica a lo sagrado. La caricatura de figuraciones religiosas es evidente, incluso en los bajo relieves de cuerpos infantiles fragmentados, pero adopta una mordacidad suplementaria&nbsp; en el panel central.<\/p>\n\n\n<div class=\"wp-block-image\">\n<figure class=\"aligncenter size-full\"><img loading=\"lazy\" decoding=\"async\" width=\"440\" height=\"430\" src=\"https:\/\/www.aparences.net\/wp-content\/uploads\/2023\/11\/niki-de-saint-phalle-autel-o.a.webp\" alt=\"Autel O.A.S, 1962, Niki de Saint-Phalle\" class=\"wp-image-29432\" title=\"Autel O.A.S, 1962, Niki de Saint-Phalle\"\/><figcaption class=\"wp-element-caption\"><em><strong>Altar O.A.S<\/strong>, 1962, <strong>Niki de Saint-Phalle<\/strong> (Colecci\u00f3n privada)<\/em><\/figcaption><\/figure>\n<\/div>\n\n\n<p>Si las <em>Nanas<\/em>, que comienza a desarrollar en 1965, despu\u00e9s de algunas figuras anteriores (<em>La Mari\u00e9e<\/em>, 1964), han podido ser vistas como participes de una ofensiva feminista, son principalmente personajes un poco diferentes y coloreados, cuyo aspecto oscila entre la alegr\u00eda y el terror. Hay en su proliferaci\u00f3n un modo de llenar fisuras \u00edntimas, y su \u00e9xito de p\u00fablico se basa probablemente en un malentendido, aunque los animales, objetos, flores y objetos que los acompa\u00f1an &#8211; y que se encuentran en su obra gr\u00e1fica &#8211; generan un ambiente festivo. La misma ambig\u00fcedad se encuentra en las fuentes realizadas con Tinguely, donde las formas redondeadas y abigarradas se compensan por el grafismo negro del metal.<\/p>\n\n\n<div class=\"wp-block-image\">\n<figure class=\"aligncenter size-full\"><img loading=\"lazy\" decoding=\"async\" width=\"280\" height=\"430\" src=\"https:\/\/www.aparences.net\/wp-content\/uploads\/2023\/11\/niki-de-saint-phalle-dolores.webp\" alt=\"Dolor\u00e8s, 1966-95, Niki de Saint-Phalle\" class=\"wp-image-29434\" title=\"Dolor\u00e8s, 1966-95, Niki de Saint-Phalle\"\/><figcaption class=\"wp-element-caption\"><em><strong>Dolores<\/strong>, 1966-95, <strong>Niki de Saint-Phalle<\/strong> (Hannover, Sprengel Museum)<\/em><\/figcaption><\/figure>\n<\/div>\n\n\n<h2 class=\"wp-block-heading\">Jean Tinguely<\/h2>\n\n\n\n<p>Jean Tinguely (Friburgo 1925 &#8211; Berna 1991) fue alumno de J. Ris en Basilea. Hace sus primeras construcciones de alambre en 1945 a las que a\u00f1ade motores. Bajo la influencia de los <strong>Constructivistas<\/strong> realiza sus <em>Meta-Malevich<\/em> (1954). En 1955, se traslada a Par\u00eds, donde participa en la exposici\u00f3n Le Mouvement en la Galeria D. Ren\u00e9 y crea su primer relieve sonoro. En 1959 desarrolla sus <em>Meta-Matics<\/em> (m\u00e1quinas que producen dibujos abstractos) y al a\u00f1o siguiente en los Estados Unidos, presenta en el Museo de Arte Moderno de Nueva York la primera m\u00e1quina autodestructiva que lleva por t\u00edtulo <em>Homenaje a Nueva York<\/em>. Crea la serie <em>Baluba<\/em> con materiales de recuperaci\u00f3n (1961-1963) que puede ser accionada por el espectador. Sus m\u00e1quinas son cada vez m\u00e1s complejas ocupando grandes espacios.<\/p>\n\n\n<div class=\"wp-block-image\">\n<figure class=\"aligncenter size-full\"><img loading=\"lazy\" decoding=\"async\" width=\"287\" height=\"430\" src=\"https:\/\/www.aparences.net\/wp-content\/uploads\/2023\/11\/rivers-tinguely-turning-friendship.webp\" alt=\"Turning Friendship of America and France, Larry Rivers et Jean Tinguely\" class=\"wp-image-29436\" title=\"Turning Friendship of America and France, Larry Rivers et Jean Tinguely\"\/><figcaption class=\"wp-element-caption\"><em><strong>Turning Friendship of America and France<\/strong>, 1962, <strong>Larry Rivers et Jean Tinguely<\/strong> <\/em><br><em>(Madrid, Museo Reina Sofia)<\/em><\/figcaption><\/figure>\n<\/div>\n\n\n<p>En 1966 <strong>Tinguely <\/strong>crea, con <strong>Niki de Saint-Phalle<\/strong> y <strong>Martial Rayse<\/strong> los decorados para el ballet de Roland Petit, El Elogio de la locura. En 1977, construye con Luginb\u00fchl el <em>Crocrodrome<\/em> para el Centro Pompidou y comienza las <em>Meta-Armon\u00edas<\/em> donde el color, el movimiento, el sonido, y objetos de todo tipo crean esculturas monumentales barrocas (<em>Meta-armon\u00eda I<\/em>, 1978). Realiza diversas fuentes, principalmente en las ciudades de Basilea y Friburgo, y con Niki de Saint-Phalle, la fuente de la plaza Stravinsky de Par\u00eds&nbsp;en 1983 y la de Ch\u00e2teau-Chinon en 1988. En 1986, realiza la serie Mengele, alrededor del tema de la muerte, donde pone en escena cr\u00e1neos de animales. A partir de 1988 trabaja en la serie Fil\u00f3sofos (<em>Herbert Marcuse<\/em>, 1988). En 1989, el Museo Nacional de Arte Moderno de Par\u00eds le dedica una gran retrospectiva.<\/p>\n\n\n<div class=\"wp-block-image\">\n<figure class=\"aligncenter size-full\"><img loading=\"lazy\" decoding=\"async\" width=\"560\" height=\"373\" src=\"https:\/\/www.aparences.net\/wp-content\/uploads\/2023\/11\/tinguely-meta-harmonie-IV.webp\" alt=\"M\u00e9ta-Harmonie IV, 1985, Jean Tinguely\" class=\"wp-image-29438\" title=\"M\u00e9ta-Harmonie IV, 1985, Jean Tinguely\"\/><figcaption class=\"wp-element-caption\"><em><strong>Meta-armon\u00eda IV<\/strong>, 1985, <strong>Jean Tinguely<\/strong> (Colecci\u00f3n privada)<\/em><\/figcaption><\/figure>\n<\/div>\n\n\n<p class=\"has-text-align-center\">&nbsp;<\/p>\n","protected":false},"excerpt":{"rendered":"<p>Con ocasi\u00f3n del primer manifiesto de los Nuevos Realistas, el 16 de abril de 1960, Pierre Restany proclam\u00f3 la muerte de la pintura de caballete,<\/p>\n","protected":false},"author":2,"featured_media":29391,"comment_status":"closed","ping_status":"closed","sticky":false,"template":"","format":"standard","meta":{"footnotes":""},"categories":[5470],"tags":[3013,4585,4533,3032,4584,4586,3036,4593,4591,3052,4594,4595,4589,3108,4596,4587],"class_list":["post-13695","post","type-post","status-publish","format-standard","has-post-thumbnail","hentry","category-movimientos","tag-acumulaciones","tag-arman-2","tag-arte-contemporaneo","tag-azul-klein","tag-carteles-rasgados","tag-cesar-2","tag-compresiones","tag-cuadros-trampa","tag-daniel-spoerri-2","tag-expansiones","tag-jean-tinguely-es","tag-martial-raysse-es","tag-niki-de-saint-phalle-2","tag-nuevo-realismo","tag-raymond-hains-es","tag-yves-klein-2"],"yoast_head":"<!-- This site is optimized with the Yoast SEO plugin v27.2 - https:\/\/yoast.com\/product\/yoast-seo-wordpress\/ -->\n<title>Nuevo Realismo<\/title>\n<meta name=\"description\" content=\"Con ocasi\u00f3n del primer manifiesto de los Nuevos Realistas, el 16 de abril de 1960, Pierre Restany proclam\u00f3 la muerte de la pintura de caballete,\" \/>\n<meta name=\"robots\" content=\"index, follow, max-snippet:-1, max-image-preview:large, max-video-preview:-1\" \/>\n<link rel=\"canonical\" href=\"https:\/\/www.aparences.net\/es\/arte-contemporaneo\/movimientos\/nuevo-realismo\/\" \/>\n<meta property=\"og:locale\" content=\"es_ES\" \/>\n<meta property=\"og:type\" content=\"article\" \/>\n<meta property=\"og:title\" content=\"Nuevo Realismo\" \/>\n<meta property=\"og:description\" content=\"Con ocasi\u00f3n del primer manifiesto de los Nuevos Realistas, el 16 de abril de 1960, Pierre Restany proclam\u00f3 la muerte de la pintura de caballete,\" \/>\n<meta property=\"og:url\" content=\"https:\/\/www.aparences.net\/es\/arte-contemporaneo\/movimientos\/nuevo-realismo\/\" \/>\n<meta property=\"og:site_name\" content=\"Aparences\" \/>\n<meta property=\"article:published_time\" content=\"2016-10-25T07:25:21+00:00\" \/>\n<meta property=\"article:modified_time\" content=\"2025-12-11T18:40:56+00:00\" \/>\n<meta property=\"og:image\" content=\"https:\/\/www.aparences.net\/wp-content\/uploads\/2016\/10\/nouveau-realisme.webp\" \/>\n\t<meta property=\"og:image:width\" content=\"1080\" \/>\n\t<meta property=\"og:image:height\" content=\"540\" \/>\n\t<meta property=\"og:image:type\" content=\"image\/webp\" \/>\n<meta name=\"author\" content=\"admin\" \/>\n<meta name=\"twitter:card\" content=\"summary_large_image\" \/>\n<meta name=\"twitter:label1\" content=\"Escrito por\" \/>\n\t<meta name=\"twitter:data1\" content=\"admin\" \/>\n\t<meta name=\"twitter:label2\" content=\"Tiempo de lectura\" \/>\n\t<meta name=\"twitter:data2\" content=\"19 minutos\" \/>\n<script type=\"application\/ld+json\" class=\"yoast-schema-graph\">{\"@context\":\"https:\/\/schema.org\",\"@graph\":[{\"@type\":\"Article\",\"@id\":\"https:\/\/www.aparences.net\/es\/arte-contemporaneo\/movimientos\/nuevo-realismo\/#article\",\"isPartOf\":{\"@id\":\"https:\/\/www.aparences.net\/es\/arte-contemporaneo\/movimientos\/nuevo-realismo\/\"},\"author\":{\"name\":\"admin\",\"@id\":\"https:\/\/www.aparences.net\/es\/#\/schema\/person\/af349f6ffc31b16c68963e61268afca5\"},\"headline\":\"Nuevo Realismo\",\"datePublished\":\"2016-10-25T07:25:21+00:00\",\"dateModified\":\"2025-12-11T18:40:56+00:00\",\"mainEntityOfPage\":{\"@id\":\"https:\/\/www.aparences.net\/es\/arte-contemporaneo\/movimientos\/nuevo-realismo\/\"},\"wordCount\":3189,\"publisher\":{\"@id\":\"https:\/\/www.aparences.net\/es\/#organization\"},\"image\":{\"@id\":\"https:\/\/www.aparences.net\/es\/arte-contemporaneo\/movimientos\/nuevo-realismo\/#primaryimage\"},\"thumbnailUrl\":\"https:\/\/www.aparences.net\/wp-content\/uploads\/2016\/10\/nouveau-realisme.webp\",\"keywords\":[\"acumulaciones\",\"Arman\",\"arte contempor\u00e1neo\",\"azul Klein\",\"carteles rasgados\",\"Cesar\",\"compresiones\",\"cuadros-trampa\",\"Daniel Spoerri\",\"expansiones\",\"Jean Tinguely\",\"Martial Raysse\",\"Niki de Saint-Phalle\",\"Nuevo realismo\",\"Raymond Hains\",\"Yves Klein\"],\"articleSection\":[\"Movimientos\"],\"inLanguage\":\"es\"},{\"@type\":[\"WebPage\",\"ItemPage\"],\"@id\":\"https:\/\/www.aparences.net\/es\/arte-contemporaneo\/movimientos\/nuevo-realismo\/\",\"url\":\"https:\/\/www.aparences.net\/es\/arte-contemporaneo\/movimientos\/nuevo-realismo\/\",\"name\":\"Nuevo Realismo\",\"isPartOf\":{\"@id\":\"https:\/\/www.aparences.net\/es\/#website\"},\"primaryImageOfPage\":{\"@id\":\"https:\/\/www.aparences.net\/es\/arte-contemporaneo\/movimientos\/nuevo-realismo\/#primaryimage\"},\"image\":{\"@id\":\"https:\/\/www.aparences.net\/es\/arte-contemporaneo\/movimientos\/nuevo-realismo\/#primaryimage\"},\"thumbnailUrl\":\"https:\/\/www.aparences.net\/wp-content\/uploads\/2016\/10\/nouveau-realisme.webp\",\"datePublished\":\"2016-10-25T07:25:21+00:00\",\"dateModified\":\"2025-12-11T18:40:56+00:00\",\"description\":\"Con ocasi\u00f3n del primer manifiesto de los Nuevos Realistas, el 16 de abril de 1960, Pierre Restany proclam\u00f3 la muerte de la pintura de caballete,\",\"breadcrumb\":{\"@id\":\"https:\/\/www.aparences.net\/es\/arte-contemporaneo\/movimientos\/nuevo-realismo\/#breadcrumb\"},\"inLanguage\":\"es\",\"potentialAction\":[{\"@type\":\"ReadAction\",\"target\":[\"https:\/\/www.aparences.net\/es\/arte-contemporaneo\/movimientos\/nuevo-realismo\/\"]}]},{\"@type\":\"ImageObject\",\"inLanguage\":\"es\",\"@id\":\"https:\/\/www.aparences.net\/es\/arte-contemporaneo\/movimientos\/nuevo-realismo\/#primaryimage\",\"url\":\"https:\/\/www.aparences.net\/wp-content\/uploads\/2016\/10\/nouveau-realisme.webp\",\"contentUrl\":\"https:\/\/www.aparences.net\/wp-content\/uploads\/2016\/10\/nouveau-realisme.webp\",\"width\":1080,\"height\":540},{\"@type\":\"BreadcrumbList\",\"@id\":\"https:\/\/www.aparences.net\/es\/arte-contemporaneo\/movimientos\/nuevo-realismo\/#breadcrumb\",\"itemListElement\":[{\"@type\":\"ListItem\",\"position\":1,\"name\":\"Portada\",\"item\":\"https:\/\/www.aparences.net\/es\/\"},{\"@type\":\"ListItem\",\"position\":2,\"name\":\"Nuevo Realismo\"}]},{\"@type\":\"WebSite\",\"@id\":\"https:\/\/www.aparences.net\/es\/#website\",\"url\":\"https:\/\/www.aparences.net\/es\/\",\"name\":\"Aparences: Historia del Arte y Actualidad Cultural\",\"description\":\"\",\"publisher\":{\"@id\":\"https:\/\/www.aparences.net\/es\/#organization\"},\"potentialAction\":[{\"@type\":\"SearchAction\",\"target\":{\"@type\":\"EntryPoint\",\"urlTemplate\":\"https:\/\/www.aparences.net\/es\/?s={search_term_string}\"},\"query-input\":{\"@type\":\"PropertyValueSpecification\",\"valueRequired\":true,\"valueName\":\"search_term_string\"}}],\"inLanguage\":\"es\"},{\"@type\":\"Organization\",\"@id\":\"https:\/\/www.aparences.net\/es\/#organization\",\"name\":\"Aparences: Historia del Arte y Actualidad Cultural\",\"url\":\"https:\/\/www.aparences.net\/es\/\",\"logo\":{\"@type\":\"ImageObject\",\"inLanguage\":\"es\",\"@id\":\"https:\/\/www.aparences.net\/es\/#\/schema\/logo\/image\/\",\"url\":\"https:\/\/www.aparences.net\/wp-content\/uploads\/2023\/09\/logo-quadrat-color-e1695915315229.png\",\"contentUrl\":\"https:\/\/www.aparences.net\/wp-content\/uploads\/2023\/09\/logo-quadrat-color-e1695915315229.png\",\"width\":120,\"height\":120,\"caption\":\"Aparences: Historia del Arte y Actualidad Cultural\"},\"image\":{\"@id\":\"https:\/\/www.aparences.net\/es\/#\/schema\/logo\/image\/\"}},{\"@type\":\"Person\",\"@id\":\"https:\/\/www.aparences.net\/es\/#\/schema\/person\/af349f6ffc31b16c68963e61268afca5\",\"name\":\"admin\",\"url\":\"https:\/\/www.aparences.net\/es\/author\/admin\/\"}]}<\/script>\n<!-- \/ Yoast SEO plugin. -->","yoast_head_json":{"title":"Nuevo Realismo","description":"Con ocasi\u00f3n del primer manifiesto de los Nuevos Realistas, el 16 de abril de 1960, Pierre Restany proclam\u00f3 la muerte de la pintura de caballete,","robots":{"index":"index","follow":"follow","max-snippet":"max-snippet:-1","max-image-preview":"max-image-preview:large","max-video-preview":"max-video-preview:-1"},"canonical":"https:\/\/www.aparences.net\/es\/arte-contemporaneo\/movimientos\/nuevo-realismo\/","og_locale":"es_ES","og_type":"article","og_title":"Nuevo Realismo","og_description":"Con ocasi\u00f3n del primer manifiesto de los Nuevos Realistas, el 16 de abril de 1960, Pierre Restany proclam\u00f3 la muerte de la pintura de caballete,","og_url":"https:\/\/www.aparences.net\/es\/arte-contemporaneo\/movimientos\/nuevo-realismo\/","og_site_name":"Aparences","article_published_time":"2016-10-25T07:25:21+00:00","article_modified_time":"2025-12-11T18:40:56+00:00","og_image":[{"width":1080,"height":540,"url":"https:\/\/www.aparences.net\/wp-content\/uploads\/2016\/10\/nouveau-realisme.webp","type":"image\/webp"}],"author":"admin","twitter_card":"summary_large_image","twitter_misc":{"Escrito por":"admin","Tiempo de lectura":"19 minutos"},"schema":{"@context":"https:\/\/schema.org","@graph":[{"@type":"Article","@id":"https:\/\/www.aparences.net\/es\/arte-contemporaneo\/movimientos\/nuevo-realismo\/#article","isPartOf":{"@id":"https:\/\/www.aparences.net\/es\/arte-contemporaneo\/movimientos\/nuevo-realismo\/"},"author":{"name":"admin","@id":"https:\/\/www.aparences.net\/es\/#\/schema\/person\/af349f6ffc31b16c68963e61268afca5"},"headline":"Nuevo Realismo","datePublished":"2016-10-25T07:25:21+00:00","dateModified":"2025-12-11T18:40:56+00:00","mainEntityOfPage":{"@id":"https:\/\/www.aparences.net\/es\/arte-contemporaneo\/movimientos\/nuevo-realismo\/"},"wordCount":3189,"publisher":{"@id":"https:\/\/www.aparences.net\/es\/#organization"},"image":{"@id":"https:\/\/www.aparences.net\/es\/arte-contemporaneo\/movimientos\/nuevo-realismo\/#primaryimage"},"thumbnailUrl":"https:\/\/www.aparences.net\/wp-content\/uploads\/2016\/10\/nouveau-realisme.webp","keywords":["acumulaciones","Arman","arte contempor\u00e1neo","azul Klein","carteles rasgados","Cesar","compresiones","cuadros-trampa","Daniel Spoerri","expansiones","Jean Tinguely","Martial Raysse","Niki de Saint-Phalle","Nuevo realismo","Raymond Hains","Yves Klein"],"articleSection":["Movimientos"],"inLanguage":"es"},{"@type":["WebPage","ItemPage"],"@id":"https:\/\/www.aparences.net\/es\/arte-contemporaneo\/movimientos\/nuevo-realismo\/","url":"https:\/\/www.aparences.net\/es\/arte-contemporaneo\/movimientos\/nuevo-realismo\/","name":"Nuevo Realismo","isPartOf":{"@id":"https:\/\/www.aparences.net\/es\/#website"},"primaryImageOfPage":{"@id":"https:\/\/www.aparences.net\/es\/arte-contemporaneo\/movimientos\/nuevo-realismo\/#primaryimage"},"image":{"@id":"https:\/\/www.aparences.net\/es\/arte-contemporaneo\/movimientos\/nuevo-realismo\/#primaryimage"},"thumbnailUrl":"https:\/\/www.aparences.net\/wp-content\/uploads\/2016\/10\/nouveau-realisme.webp","datePublished":"2016-10-25T07:25:21+00:00","dateModified":"2025-12-11T18:40:56+00:00","description":"Con ocasi\u00f3n del primer manifiesto de los Nuevos Realistas, el 16 de abril de 1960, Pierre Restany proclam\u00f3 la muerte de la pintura de caballete,","breadcrumb":{"@id":"https:\/\/www.aparences.net\/es\/arte-contemporaneo\/movimientos\/nuevo-realismo\/#breadcrumb"},"inLanguage":"es","potentialAction":[{"@type":"ReadAction","target":["https:\/\/www.aparences.net\/es\/arte-contemporaneo\/movimientos\/nuevo-realismo\/"]}]},{"@type":"ImageObject","inLanguage":"es","@id":"https:\/\/www.aparences.net\/es\/arte-contemporaneo\/movimientos\/nuevo-realismo\/#primaryimage","url":"https:\/\/www.aparences.net\/wp-content\/uploads\/2016\/10\/nouveau-realisme.webp","contentUrl":"https:\/\/www.aparences.net\/wp-content\/uploads\/2016\/10\/nouveau-realisme.webp","width":1080,"height":540},{"@type":"BreadcrumbList","@id":"https:\/\/www.aparences.net\/es\/arte-contemporaneo\/movimientos\/nuevo-realismo\/#breadcrumb","itemListElement":[{"@type":"ListItem","position":1,"name":"Portada","item":"https:\/\/www.aparences.net\/es\/"},{"@type":"ListItem","position":2,"name":"Nuevo Realismo"}]},{"@type":"WebSite","@id":"https:\/\/www.aparences.net\/es\/#website","url":"https:\/\/www.aparences.net\/es\/","name":"Aparences: Historia del Arte y Actualidad Cultural","description":"","publisher":{"@id":"https:\/\/www.aparences.net\/es\/#organization"},"potentialAction":[{"@type":"SearchAction","target":{"@type":"EntryPoint","urlTemplate":"https:\/\/www.aparences.net\/es\/?s={search_term_string}"},"query-input":{"@type":"PropertyValueSpecification","valueRequired":true,"valueName":"search_term_string"}}],"inLanguage":"es"},{"@type":"Organization","@id":"https:\/\/www.aparences.net\/es\/#organization","name":"Aparences: Historia del Arte y Actualidad Cultural","url":"https:\/\/www.aparences.net\/es\/","logo":{"@type":"ImageObject","inLanguage":"es","@id":"https:\/\/www.aparences.net\/es\/#\/schema\/logo\/image\/","url":"https:\/\/www.aparences.net\/wp-content\/uploads\/2023\/09\/logo-quadrat-color-e1695915315229.png","contentUrl":"https:\/\/www.aparences.net\/wp-content\/uploads\/2023\/09\/logo-quadrat-color-e1695915315229.png","width":120,"height":120,"caption":"Aparences: Historia del Arte y Actualidad Cultural"},"image":{"@id":"https:\/\/www.aparences.net\/es\/#\/schema\/logo\/image\/"}},{"@type":"Person","@id":"https:\/\/www.aparences.net\/es\/#\/schema\/person\/af349f6ffc31b16c68963e61268afca5","name":"admin","url":"https:\/\/www.aparences.net\/es\/author\/admin\/"}]}},"_links":{"self":[{"href":"https:\/\/www.aparences.net\/es\/wp-json\/wp\/v2\/posts\/13695","targetHints":{"allow":["GET"]}}],"collection":[{"href":"https:\/\/www.aparences.net\/es\/wp-json\/wp\/v2\/posts"}],"about":[{"href":"https:\/\/www.aparences.net\/es\/wp-json\/wp\/v2\/types\/post"}],"author":[{"embeddable":true,"href":"https:\/\/www.aparences.net\/es\/wp-json\/wp\/v2\/users\/2"}],"replies":[{"embeddable":true,"href":"https:\/\/www.aparences.net\/es\/wp-json\/wp\/v2\/comments?post=13695"}],"version-history":[{"count":0,"href":"https:\/\/www.aparences.net\/es\/wp-json\/wp\/v2\/posts\/13695\/revisions"}],"wp:featuredmedia":[{"embeddable":true,"href":"https:\/\/www.aparences.net\/es\/wp-json\/wp\/v2\/media\/29391"}],"wp:attachment":[{"href":"https:\/\/www.aparences.net\/es\/wp-json\/wp\/v2\/media?parent=13695"}],"wp:term":[{"taxonomy":"category","embeddable":true,"href":"https:\/\/www.aparences.net\/es\/wp-json\/wp\/v2\/categories?post=13695"},{"taxonomy":"post_tag","embeddable":true,"href":"https:\/\/www.aparences.net\/es\/wp-json\/wp\/v2\/tags?post=13695"}],"curies":[{"name":"wp","href":"https:\/\/api.w.org\/{rel}","templated":true}]}}