{"id":13699,"date":"2016-11-27T10:02:33","date_gmt":"2016-11-27T09:02:33","guid":{"rendered":"https:\/\/www.aparences.net\/periodes\/art-contemporain\/op-art\/"},"modified":"2025-12-11T19:40:56","modified_gmt":"2025-12-11T18:40:56","slug":"op-art-2","status":"publish","type":"post","link":"https:\/\/www.aparences.net\/es\/arte-contemporaneo\/movimientos\/op-art-2\/","title":{"rendered":"Op art"},"content":{"rendered":"<p><!--contents--><\/p>\n\n\n<h2 class=\"wp-block-heading\">Op art (optical art)<\/h2>\n\n\n\n<p>Movimiento art\u00edstico internacional que surge hacia finales de la d\u00e9cada de 1950. Desarrollando las b\u00fasquedas visuales emprendidas en el marco de la Bauhaus, por L\u00e1szl\u00f3 Moholy-Nagy y Josef Albers, y las investigaciones cin\u00e9ticas del <a href=\"https:\/\/www.aparences.net\/es\/periodos\/arte-moderno\/futurismo\/\">Futurismo<\/a> (Giacomo Balla), el Op art propone un estudio riguroso de la percepci\u00f3n, de la que analiza los procesos \u00f3pticos y psicol\u00f3gicos, en relaci\u00f3n dial\u00e9ctica con la tecnolog\u00eda moderna. Dos preocupaciones movilizan a los artistas: por un lado, el enfoque en la determinaci\u00f3n de un m\u00e9todo operativo r\u00edgidamente programado; por otro, la intenci\u00f3n de involucrar al espectador, llamado a completar la obra de arte por su mera presencia.<\/p>\n\n\n<div class=\"wp-block-image\">\n<figure class=\"aligncenter size-full\"><img loading=\"lazy\" decoding=\"async\" width=\"400\" height=\"399\" src=\"https:\/\/www.aparences.net\/wp-content\/uploads\/2023\/11\/victor-vasarely-vega-200.webp\" alt=\"Vega 200, 1968, Victor Vasarely\" class=\"wp-image-29304\" title=\"Vega 200, 1968, Victor Vasarely\" srcset=\"https:\/\/www.aparences.net\/wp-content\/uploads\/2023\/11\/victor-vasarely-vega-200.webp 400w, https:\/\/www.aparences.net\/wp-content\/uploads\/2023\/11\/victor-vasarely-vega-200-100x100.webp 100w, https:\/\/www.aparences.net\/wp-content\/uploads\/2023\/11\/victor-vasarely-vega-200-150x150.webp 150w\" sizes=\"auto, (max-width: 400px) 100vw, 400px\" \/><figcaption class=\"wp-element-caption\"><em><strong>Vega 200<\/strong>, 1968, <strong>Victor Vasarely<\/strong> (Colecci\u00f3n Michael Vasarely)<\/em><\/figcaption><\/figure>\n<\/div>\n\n\n<p>La investigaci\u00f3n sobre los efectos de la sensaci\u00f3n \u00f3ptica conducen gradualmente a aquellas que experimentan las posibilidades de movimiento en el objeto art\u00edstico (Arte cin\u00e9tico). Vasarely puede ser considerado como el padre del Op art desde 1944, seguido de artistas como Jes\u00fas Rafael Soto, Yaacov Agam, Fran\u00e7ois Morellet, Karl Gerstner, Julio Le Parc, Getulio Alviani, \u00c1ngel Duarte. En Estados Unidos, el Op art se presenta al p\u00fablico de Nueva York en 1965 durante la exposici\u00f3n <em>The Responsive Eye<\/em>. Se pueden relacionar con este movimiento artistas estadounidenses, como Richard Anuszkiewicz, Kenneth Roland, Ellsworth Kelly, Michael Kidner, Larry Poons, Bridget Riley, por sus trabajos e investigaciones sobre las propiedades \u00f3pticas del color.<\/p>\n\n\n\n<h2 class=\"wp-block-heading\">Victor Vasarely<\/h2>\n\n\n\n<p>Pintor franc\u00e9s de origen h\u00fangaro, Victor Vasarely (Pics, Hungr\u00eda 1908 &#8211; Par\u00eds 1997) se forma en la Academia Muhely de Budapest, inspirada en la Bauhaus alemana, bajo la direcci\u00f3n de Bortnyk. En 1930, se instala en Par\u00eds y ejecuta lienzos <a href=\"https:\/\/www.aparences.net\/es\/periodos\/arte-moderno\/expresionismo\/\">expresionistas<\/a>, <a href=\"https:\/\/www.aparences.net\/es\/periodos\/arte-moderno\/cubismo\/\">cubistas<\/a> y <a href=\"https:\/\/www.aparences.net\/es\/periodos\/arte-moderno\/el-surrealismo\/\">surrealistas<\/a>. Realiza su primera exposici\u00f3n en Par\u00eds en la Galeria Denise Ren\u00e9 con ocasi\u00f3n de su inauguraci\u00f3n en 1944. En 1947, durante su estancia en la costa bretona (Belle-Isle), se orienta hacia la abstracci\u00f3n mediante la reducci\u00f3n de los guijarros y las olas a formas ovoides. En 1948, durante su estancia en Gordes, radicaliza su lenguaje geom\u00e9trico, e introduce una perspectiva axonom\u00e9trica ilusionista (<em>Santorini<\/em>, 1950-1951). Poco a poco, evoluciona hacia el cinetismo, las l\u00edneas paralelas se separan, creando relieves o huecos, convierte el cuadrado en rombo, lo redondo en elipse, los juegos de movimiento y de vibraci\u00f3n dinamizan la composici\u00f3n durante el per\u00edodo \u00abblanco y negro\u00bb de mediados de los a\u00f1os 50.<\/p>\n\n\n<div class=\"wp-block-image\">\n<figure class=\"aligncenter size-full\"><img loading=\"lazy\" decoding=\"async\" width=\"539\" height=\"249\" src=\"https:\/\/www.aparences.net\/wp-content\/uploads\/2023\/11\/vasarely-bauhaus-budapest.webp\" alt=\"Estudios Bauhaus C et D, 1929, Victor Vasarely\" class=\"wp-image-29306\" title=\"Estudios Bauhaus C et D, 1929, Victor Vasarely\"\/><figcaption class=\"wp-element-caption\"><em><strong>Estudios Bauhaus C y D<\/strong>, 1929, <strong>Victor Vasarely<\/strong>.<\/em><\/figcaption><\/figure>\n<\/div>\n\n\n<p><em> Fue durante el per\u00edodo que Vasarely pas\u00f3 en la Bauhaus de Budapest, que le aparece por primera vez lo que \u00e9l llamaba \u00abel car\u00e1cter funcional de la plasticidad\u00bb.<br><\/em><\/p>\n\n\n\n<p>En 1959, comienza a desarrollar el sistema de \u00abla unidad de pl\u00e1stica\u00bb y del \u00abprototipo de partida\u00bb (collage impreso y serigrafiado) para crear relaciones m\u00faltiples. Desde 1963, aborda el volumen mediante relieves y utiliza nuevos materiales como el aluminio y el vidrio. Al a\u00f1o siguiente, reintroduce el color, enriqueciendo su gama crom\u00e1tica con varios matices y la creaci\u00f3n de sistemas de permutaci\u00f3n programados con antelaci\u00f3n (<em>Arny<\/em>, 1967-1968, Par\u00eds, MNAM). Desde el principio de su carrera, Vasarely supera la pintura de caballete posesion\u00e1ndose del espacio (<em>Homenaje a Malevich<\/em>, 1954; <em>Obra profunda cin\u00e9tica en hoja de acero<\/em>, 1967, <em>Se\u00f1al policromada<\/em>, 1972), y realizando cartones para tapices tejidos en Aubusson, ejecutando esculturas, redes cin\u00e9ticas &#8230; Fund\u00f3 dos museos did\u00e1cticos en Gordes en 1970, en Pecs en 1976 y un Centro de investigaci\u00f3n arquitect\u00f3nica en Aix-en-Provence en 1976.<\/p>\n\n\n<div class=\"wp-block-image\">\n<figure class=\"aligncenter size-full\"><img loading=\"lazy\" decoding=\"async\" width=\"539\" height=\"359\" src=\"https:\/\/www.aparences.net\/wp-content\/uploads\/2023\/11\/victor-vasarely-hommage-a-malevich.webp\" alt=\"Homenaje a Malevich, 1954, Victor Vasarely\" class=\"wp-image-29308\" title=\"Homenaje a Malevich, 1954, Victor Vasarely\"\/><figcaption class=\"wp-element-caption\"><em><strong>Homenaje a Malevich<\/strong>, 1954, <strong>Victor Vasarely<\/strong><\/em> <em>(<\/em>Universidad de Caracas)<\/figcaption><\/figure>\n<\/div>\n\n\n<p>\u00abNo podemos dejar indefinidamente el disfrute de la obra de arte s\u00f3lo a la \u00e9lite de conocedores. El arte del presente se encamina hacia formas generosas, recreables a placer; el arte del ma\u00f1ana ser\u00e1 un tesoro com\u00fan o no ser\u00e1.\u00bb Victor Vasarely. Manifiesto Amarillo, 1955.<\/p>\n\n\n<div class=\"wp-block-image\">\n<figure class=\"aligncenter size-full\"><img loading=\"lazy\" decoding=\"async\" width=\"427\" height=\"430\" src=\"https:\/\/www.aparences.net\/wp-content\/uploads\/2023\/11\/victor-vasarely-arny.webp\" alt=\"Arny (Sombra), 1967-1968, Victor Vasarely\" class=\"wp-image-29310\" title=\"Arny (Sombra), 1967-1968, Victor Vasarely\" srcset=\"https:\/\/www.aparences.net\/wp-content\/uploads\/2023\/11\/victor-vasarely-arny.webp 427w, https:\/\/www.aparences.net\/wp-content\/uploads\/2023\/11\/victor-vasarely-arny-100x100.webp 100w, https:\/\/www.aparences.net\/wp-content\/uploads\/2023\/11\/victor-vasarely-arny-150x150.webp 150w\" sizes=\"auto, (max-width: 427px) 100vw, 427px\" \/><figcaption class=\"wp-element-caption\"><em><strong>Arny<\/strong> (Sombra), 1967-1968, <strong>Victor Vasarely<\/strong> (Par\u00eds, Centro Pompidou)<\/em><\/figcaption><\/figure>\n<\/div>\n\n\n<p>Vasarely conced\u00eda una gran importancia a los principios del cinetismo por dos motivos, uno personal &#8211; la noci\u00f3n de movimiento lo persegu\u00eda desde su juventud &#8211; la otra m\u00e1s general: la idea de que un cuadro animado por efectos \u00f3pticos no s\u00f3lo existe en la pared, pero sobre todo en el ojo del espectador. Vasarely se interesaba por la pintura, por las obras compuestas por planos separados, as\u00ed como por las pantallas y objetos tridimensionales.<\/p>\n\n\n<div class=\"wp-block-image\">\n<figure class=\"aligncenter size-full\"><img loading=\"lazy\" decoding=\"async\" width=\"427\" height=\"419\" src=\"https:\/\/www.aparences.net\/wp-content\/uploads\/2023\/11\/victor-vasarely.webp\" alt=\"Victor Vasarely delante de sus obras, hacia 1978\" class=\"wp-image-29312\" title=\"Victor Vasarely delante de sus obras, hacia 1978\"\/><figcaption class=\"wp-element-caption\"><em>Victor Vasarely delante de sus obras, hacia 1978<\/em><\/figcaption><\/figure>\n<\/div>\n\n\n<!-- AdBoxRight2020 --><ins class=\"adsbygoogle\"     style=\"display:block; margin-top:30px;\"     data-ad-client=\"ca-pub-2468002815867636\"     data-ad-slot=\"3496014735\"     data-ad-format=\"auto\"     data-full-width-responsive=\"false\"><\/ins><script> (adsbygoogle = window.adsbygoogle || []).push({});<\/script><h2 class=\"wp-block-heading\">Ellsworth Kelly<\/h2>\n\n\n\n<p>Pintor y escultor americano Ellsworth Kelly (Newburgh, Nueva York 1923 &#8211; Nueva York 2015) se form\u00f3 en la Escuela de Bellas Artes de Boston y en Par\u00eds, donde regres\u00f3 en 1948. All\u00ed conoci\u00f3 a Brancusi, Arp, Vantongerloo, <a href=\"https:\/\/www.aparences.net\/es\/periodos\/arte-moderno\/dada\/#francis-picabia\">Picabia<\/a>, Magnelli &#8230; Realizaba <a href=\"https:\/\/www.aparences.net\/es\/periodos\/arte-moderno\/arte-abstracto\/\">obras abstractas<\/a> y geom\u00e9tricas inspir\u00e1ndose en paisajes reales, fotografiados por \u00e9l. A finales de los a\u00f1os 1950 comenz\u00f3 a explorar formatos monocrom\u00e1ticos, siguiendo esta tendencia en Nueva York, donde volvi\u00f3 a instalarse en 1954. Utilizaba tambi\u00e9n el aluminio o el acero en paneles pintados de manera uniforme y dispuestos en el muro o en el espacio. Su obra manifestaba un rechazo a la abstracci\u00f3n l\u00edrica entonces en voga, y anunciaba en gran medida <a href=\"https:\/\/www.aparences.net\/es\/arte-contemporaneo\/movimientos\/el-minimalismo\/\">el Minimalismo<\/a>. A finales de los a\u00f1os 1960, empez\u00f3 a trabajar de manera cada vez m\u00e1s sistem\u00e1tica la forma del soporte, experimentando con los formatos irregulares del lienzo, e inscribiendo el color en un corte geom\u00e9trico irregular lo que acent\u00faa su dinamismo.<\/p>\n\n\n<div class=\"wp-block-image\">\n<figure class=\"aligncenter size-full\"><img loading=\"lazy\" decoding=\"async\" width=\"431\" height=\"430\" src=\"https:\/\/www.aparences.net\/wp-content\/uploads\/2023\/11\/ellsworth-kelly-spectrum-colors-ii.webp\" alt=\"Spectrum Colors Arranged by Chance II, 1951, Ellsworth Kelly\" class=\"wp-image-29314\" title=\"Spectrum Colors Arranged by Chance II, 1951, Ellsworth Kelly\" srcset=\"https:\/\/www.aparences.net\/wp-content\/uploads\/2023\/11\/ellsworth-kelly-spectrum-colors-ii.webp 431w, https:\/\/www.aparences.net\/wp-content\/uploads\/2023\/11\/ellsworth-kelly-spectrum-colors-ii-100x100.webp 100w, https:\/\/www.aparences.net\/wp-content\/uploads\/2023\/11\/ellsworth-kelly-spectrum-colors-ii-150x150.webp 150w\" sizes=\"auto, (max-width: 431px) 100vw, 431px\" \/><figcaption class=\"wp-element-caption\"><em><strong>Spectrum Colors Arranged by Chance II<\/strong>, 1951, <strong>Ellsworth Kelly<\/strong> (New York, MOMA)<\/em><\/figcaption><\/figure>\n<\/div>\n\n<div class=\"wp-block-image\">\n<figure class=\"aligncenter size-full\"><img loading=\"lazy\" decoding=\"async\" width=\"610\" height=\"237\" src=\"https:\/\/www.aparences.net\/wp-content\/uploads\/2023\/11\/ellsworth-kelly-sculpture-for-a-large-wald.webp\" alt=\"Sculpture for a Large Wall, 1956-57, Ellsworth Kelly\" class=\"wp-image-29316\" title=\"Sculpture for a Large Wall, 1956-57, Ellsworth Kelly\"\/><figcaption class=\"wp-element-caption\"><em><strong>Sculpture for a Large Wall<\/strong>, 1956-57, <strong>Ellsworth Kelly<\/strong> (New York, MOMA)<\/em><\/figcaption><\/figure>\n<\/div>\n\n\n<h2 class=\"wp-block-heading\">Julio Le Parc<\/h2>\n\n\n\n<p>Pintor y escultor argentino, pionero del arte cin\u00e9tico y el Op art, Julio Le Parc (Mendoza 1928) despu\u00e9s de estudiar en la Escuela de Bellas Artes de Buenos Aires (1943), se interesa por los movimientos art\u00edsticos de vanguardia en Argentina y sobre todo en contacto con el Espacialismo (<em>Movimiento Spaziale<\/em> en italiano) dirigido por Lucio Fontana. En Par\u00eds, desde 1958, trabaja en la percepci\u00f3n de los fen\u00f3menos lum\u00ednicos y cin\u00e9ticos, y en 1960 participa en la fundaci\u00f3n del GRAV (<em>Groupe de Recherche d\u2019Art Visuel<\/em>) (Grupo de Investigaci\u00f3n de Arte Visual). Su primera exposici\u00f3n individual se celebr\u00f3 en la Galerie Denise Ren\u00e9 en 1966. Sus intereses art\u00edsticos, que se pueden relacionar con el arte sistem\u00e1tico y cin\u00e9tico, se centran en el movimiento virtual (<em>Superficies-secuencias<\/em>) y real (<em>Continuidad luminosa<\/em>), y el espacio (<em>Laberintos<\/em>, 1963 y 1965). En 2013 el Palais de Tokyo de Par\u00eds ofrece a este artista su primera monograf\u00eda importante en Francia despu\u00e9s de 40 a\u00f1os de residencia en aquel pa\u00eds.<\/p>\n\n\n<div class=\"wp-block-image\">\n<figure class=\"aligncenter size-full\"><img loading=\"lazy\" decoding=\"async\" width=\"565\" height=\"400\" src=\"https:\/\/www.aparences.net\/wp-content\/uploads\/2023\/11\/julio-le-parc-visual-forms.webp\" alt=\"Visual Forms in Varios Situations, 1965, Julio Le Parc\" class=\"wp-image-29318\" title=\"Visual Forms in Varios Situations, 1965, Julio Le Parc\"\/><figcaption class=\"wp-element-caption\"><em><strong>Visual Forms in Varios Situations<\/strong>, 1965, <strong>Julio Le Parc<\/strong> (Londres, Tate Modern)<\/em><\/figcaption><\/figure>\n<\/div>\n\n<div class=\"wp-block-image\">\n<figure class=\"aligncenter size-full\"><img loading=\"lazy\" decoding=\"async\" width=\"369\" height=\"370\" src=\"https:\/\/www.aparences.net\/wp-content\/uploads\/2023\/11\/julio-le-parc-surface-couleur.webp\" alt=\"Surface couleur - S\u00e9rie 14 n\u00b0 5E, 1971, Julio Le Parc\" class=\"wp-image-29320\" title=\"Surface couleur - S\u00e9rie 14 n\u00b0 5E, 1971, Julio Le Parc\" srcset=\"https:\/\/www.aparences.net\/wp-content\/uploads\/2023\/11\/julio-le-parc-surface-couleur.webp 369w, https:\/\/www.aparences.net\/wp-content\/uploads\/2023\/11\/julio-le-parc-surface-couleur-100x100.webp 100w, https:\/\/www.aparences.net\/wp-content\/uploads\/2023\/11\/julio-le-parc-surface-couleur-150x150.webp 150w\" sizes=\"auto, (max-width: 369px) 100vw, 369px\" \/><figcaption class=\"wp-element-caption\"><em><strong>Surface couleur &#8211; S\u00e9rie 14 n\u00b0 5E<\/strong>, 1971, <strong>Julio Le Parc<\/strong> (Colecci\u00f3n privada)<\/em><br><\/figcaption><\/figure>\n<\/div>\n\n\n<!-- AdBoxLeft2023 --><ins class=\"adsbygoogle\" style=\"display:block\" data-ad-client=\"ca-pub-2468002815867636\" data-ad-slot=\"1318022963\" data-ad-format=\"auto\" data-full-width-responsive=\"true\"><\/ins><script> (adsbygoogle = window.adsbygoogle || []).push({});<\/script><h2 class=\"wp-block-heading\">Fran\u00e7ois Morellet<\/h2>\n\n\n\n<p>Artista franc\u00e9s, Fran\u00e7ois Morellet (Cholet 1926-2016) estudi\u00f3 primero en la Escuela de Lenguas Orientales de Par\u00eds (1945). En 1948 se hizo cargo de la empresa familiar, pero sin abandonar la pintura que hab\u00eda comenzado en 1942; Sus primeras obras son decididamente figurativas. En 1950, despu\u00e9s de varios cuadros inspirados en el arte primitivo, se volvi\u00f3 hacia <a href=\"https:\/\/www.aparences.net\/es\/periodos\/arte-moderno\/arte-abstracto\/\">la abstracci\u00f3n<\/a>. La comprensi\u00f3n de la importancia de <a href=\"https:\/\/www.aparences.net\/es\/periodos\/arte-moderno\/arte-abstracto\/#piet-mondrian\">Mondrian<\/a>, hizo que redujera sus composiciones geom\u00e9tricas a la forma m\u00e1s simple. En 1953, en busca de la neutralidad en la factura estableci\u00f3 un sistema como base de cada obra. En 1958, su arte se enriquece con la introducci\u00f3n del azar utilizado en un marco sistem\u00e1tico (<em>Reacci\u00f3n con el blanco y el negro de un color tirado al azar<\/em>, 1958). Es tambi\u00e9n el a\u00f1o en que crea su primera trama (<em>Cuatro dobles, Tramas de l\u00edneas finas<\/em>). En 1961, fue co-fundador con Garc\u00eda-Rossi, Le Parc, Sobrino, Stein et Yvaral del grupo GRAV, que se corresponde con el momento de desarrollo del arte cin\u00e9tico. En 1963 utiliza por primera vez la luz artificial para crear im\u00e1genes geom\u00e9tricas, en las que introduce diferentes combinaciones de azar (<em>Cuatro Paneles<\/em>, 1963).<\/p>\n\n\n<div class=\"wp-block-image\">\n<figure class=\"aligncenter size-full\"><img loading=\"lazy\" decoding=\"async\" width=\"373\" height=\"370\" src=\"https:\/\/www.aparences.net\/wp-content\/uploads\/2023\/11\/francois-morellet-violet-bleu-jaune-orange-rouge.webp\" alt=\"P\u00farpura, azul, verde, amarillo, naranja, rojo, 1953, Fran\u00e7ois Morellet\" class=\"wp-image-29323\" title=\"P\u00farpura, azul, verde, amarillo, naranja, rojo, 1953, Fran\u00e7ois Morellet\" srcset=\"https:\/\/www.aparences.net\/wp-content\/uploads\/2023\/11\/francois-morellet-violet-bleu-jaune-orange-rouge.webp 373w, https:\/\/www.aparences.net\/wp-content\/uploads\/2023\/11\/francois-morellet-violet-bleu-jaune-orange-rouge-100x100.webp 100w, https:\/\/www.aparences.net\/wp-content\/uploads\/2023\/11\/francois-morellet-violet-bleu-jaune-orange-rouge-150x150.webp 150w\" sizes=\"auto, (max-width: 373px) 100vw, 373px\" \/><figcaption class=\"wp-element-caption\"><em><strong>P\u00farpura, azul, verde, amarillo, naranja, rojo<\/strong>, 1953, <strong>Fran\u00e7ois Morellet<\/strong> (Centro Pompidou)<\/em><\/figcaption><\/figure>\n<\/div>\n\n<div class=\"wp-block-image\">\n<figure class=\"aligncenter size-full\"><img loading=\"lazy\" decoding=\"async\" width=\"373\" height=\"371\" src=\"https:\/\/www.aparences.net\/wp-content\/uploads\/2023\/11\/francois-morellet-quatre-panneaux.webp\" alt=\"Cuatro paneles con 4 ritmos de iluminaci\u00f3n interferentes, 1963, Fran\u00e7ois Morellet\" class=\"wp-image-29325\" title=\"Cuatro paneles con 4 ritmos de iluminaci\u00f3n interferentes, 1963, Fran\u00e7ois Morellet\" srcset=\"https:\/\/www.aparences.net\/wp-content\/uploads\/2023\/11\/francois-morellet-quatre-panneaux.webp 373w, https:\/\/www.aparences.net\/wp-content\/uploads\/2023\/11\/francois-morellet-quatre-panneaux-100x100.webp 100w, https:\/\/www.aparences.net\/wp-content\/uploads\/2023\/11\/francois-morellet-quatre-panneaux-150x150.webp 150w\" sizes=\"auto, (max-width: 373px) 100vw, 373px\" \/><figcaption class=\"wp-element-caption\"><em><strong>Cuatro paneles con 4 ritmos de iluminaci\u00f3n interferentes<\/strong>, 1963, <strong>Fran\u00e7ois Morellet<\/strong> (Colecci\u00f3n privada)<\/em><\/figcaption><\/figure>\n<\/div>\n\n\n<p>En 1970, Morellet amplia sus intervenciones en el campo de la arquitectura y del entorno urbano: <em>Deux Trames de tires 45\u00b0, 135\u00b0<\/em>; <em>Sph\u00e8re-trames<\/em>, 1974. En 1973, su obra toma una nueva direcci\u00f3n. Fragmenta el soporte para crear una geometr\u00eda en el muro y en el espacio (<em>Cinco telas de 4m de per\u00edmetro con diagonal horizontal<\/em>) y al mismo tiempo continua sus investigaciones sobre las interferencias. En 1983, inaugura una nueva forma de expresi\u00f3n utilizando fragmentos de ramas de \u00e1rbol y otras plantas a la que llam\u00f3 <em>Geometree<\/em>. Sus \u00faltimas obras hacen intervenir de nuevo la fragmentaci\u00f3n del soporte en el espacio utilizando grandes lienzos blancos a los que llama <em>La Geometr\u00eda en los espasmos<\/em>. Su originalidad de pensamiento, la persistencia en el desarrollo de sus sistemas, sus renovaciones e innovaciones hacen que sea uno de los artistas m\u00e1s importantes del <a href=\"https:\/\/www.aparences.net\/es\/periodos\/arte-contemporaneo\/\">arte contempor\u00e1neo<\/a>.<\/p>\n\n\n<div class=\"wp-block-image\">\n<figure class=\"aligncenter size-full\"><img loading=\"lazy\" decoding=\"async\" width=\"426\" height=\"370\" src=\"https:\/\/www.aparences.net\/wp-content\/uploads\/2023\/11\/francois-morellet-self-distorting.webp\" alt=\"4 Self-distorting Grids, 1965, Fran\u00e7ois Morellet\" class=\"wp-image-29327\" title=\"4 Self-distorting Grids, 1965, Fran\u00e7ois Morellet\"\/><figcaption class=\"wp-element-caption\"><em><strong>4 Self-distorting Grids<\/strong>, 1965, <strong>Fran\u00e7ois Morellet<\/strong> <\/em><br><em>(Ciudad Bol\u00edvar, Museo de Arte Moderno Jes\u00fas Soto)<\/em><\/figcaption><\/figure>\n<\/div>\n\n<div class=\"wp-block-image\">\n<figure class=\"aligncenter size-full\"><img loading=\"lazy\" decoding=\"async\" width=\"372\" height=\"370\" src=\"https:\/\/www.aparences.net\/wp-content\/uploads\/2023\/11\/francois-morellet-geometree-51.webp\" alt=\"Geometree N\u00b0 51, rama y acr\u00edlico sobre madera, 1984, Fran\u00e7ois Morellet\" class=\"wp-image-29329\" title=\"Geometree N\u00b0 51, rama y acr\u00edlico sobre madera, 1984, Fran\u00e7ois Morellet\" srcset=\"https:\/\/www.aparences.net\/wp-content\/uploads\/2023\/11\/francois-morellet-geometree-51.webp 372w, https:\/\/www.aparences.net\/wp-content\/uploads\/2023\/11\/francois-morellet-geometree-51-100x100.webp 100w, https:\/\/www.aparences.net\/wp-content\/uploads\/2023\/11\/francois-morellet-geometree-51-150x150.webp 150w\" sizes=\"auto, (max-width: 372px) 100vw, 372px\" \/><figcaption class=\"wp-element-caption\"><em><strong>Geometree, N\u00b0 51<\/strong>, rama y acr\u00edlico sobre madera, 1984, <strong>Francois Morellet<\/strong> (Colecci\u00f3n privada)<\/em><\/figcaption><\/figure>\n<\/div>\n\n\n<p><em>En 1983, Fran\u00e7ois Morellet comienza su serie Geometree (geom\u00e9tria). Su amor por los juegos de palabras&nbsp; inviste entonces la lengua inglesa: mezcla la geometr\u00eda et los \u00abtrees\u00bb, es decir los \u00e1rboles, y m\u00e1s especialmente las ramas. En este acoplamiento contra natura, encuentros y casualidades dan como resultado una especie de h\u00edbrido art\u00edstico. Y las ramas de Morellet se convierten en un artificio de la geometr\u00eda, al servicio de una obra en el cruce del <a href=\"https:\/\/www.aparences.net\/es\/periodos\/arte-moderno\/dada\/\">dada<\/a>, del <strong>arte conceptual<\/strong> y del <a href=\"https:\/\/www.aparences.net\/es\/arte-contemporaneo\/movimientos\/es-arte-povera\/\">arte povera<\/a>.<\/em><\/p>\n\n\n\n<h2 class=\"wp-block-heading\">Jes\u00fas Rafael Soto<\/h2>\n\n\n\n<p>Pintor venezolano, Jes\u00fas Rafael Soto (Ciudad Bol\u00edvar 1923 &#8211; Par\u00eds, 2005) estudi\u00f3 en la Escuela de Bellas Artes de Caracas (1924-1947) y en 1950 se traslad\u00f3 a Par\u00eds. Su primera investigaci\u00f3n sobre el movimiento virtual y la vibraci\u00f3n \u00f3ptica determinada por los contrastes de figuras geom\u00e9tricas, est\u00e1 relacionado con el estudio de Piet Mondrian, Josef Albers y <a href=\"https:\/\/www.aparences.net\/es\/periodos\/arte-moderno\/arte-abstracto\/#kasimir-malevich\">Kasimir Malevich<\/a> (<em>Estudio para una serie<\/em>, 1953; <em>M\u00e9tamorphosais<\/em>, 1954). Luego pasa a lo que se podr\u00eda llamar una investigaci\u00f3n cin\u00e9tica alrededor de 1955, a\u00f1os en los que participa en la exposici\u00f3n Movimiento en la Galerie Denise Ren\u00e9 junto a d\u2019Agam, <a href=\"https:\/\/www.aparences.net\/art-contemporain\/mouvements\/es-nouveau-realisme\/#jean-tinguely\">Tinguely<\/a>, Jacobsen. A partir de 1967, abandona el cuadro y pasa a las <em>Extensiones<\/em> que culminar\u00e1n a ocupar la totalidad del espacio como en el <em>P\u00e9n\u00e9trable<\/em> (1969), hecho de hilos de nylon colgando del techo hasta el suelo y donde el espectador puede pasear aunque sin ninguna referencia visual. Tambi\u00e9n crea obras que se integran en la arquitectura (f\u00e1bricas Renault, Boulogne-Billancourt, 1975, Centro Banana en Caracas, 1979).<\/p>\n\n\n<div class=\"wp-block-image\">\n<figure class=\"aligncenter size-full\"><img loading=\"lazy\" decoding=\"async\" width=\"336\" height=\"400\" src=\"https:\/\/www.aparences.net\/wp-content\/uploads\/2023\/11\/jesus-rafael-soto-harmonie-transformable.webp\" alt=\"Harmonia transformable, 1956, Jes\u00fas Rafael Soto \" class=\"wp-image-29331\" title=\"Harmonia transformable, 1956, Jes\u00fas Rafael Soto \"\/><figcaption class=\"wp-element-caption\"><em><strong>Harmonia transformable<\/strong>, 1956, <strong>Jes\u00fas Rafael Soto<\/strong> (Colecci\u00f3n privada)<\/em><\/figcaption><\/figure>\n<\/div>\n\n\n<p>Su problem\u00e1tica se basa esencialmente en la percepci\u00f3n de los cambios determinados por el movimiento del espectador delante o dentro de la obra, sobre el uso de elementos suspendidos frente a una trama de fondo (<em>Cuadrado virtual cobalto<\/em>,1978-79, Par\u00eds).<\/p>\n\n\n<div class=\"wp-block-image\">\n<figure class=\"aligncenter size-full\"><img loading=\"lazy\" decoding=\"async\" width=\"383\" height=\"400\" src=\"https:\/\/www.aparences.net\/wp-content\/uploads\/2023\/11\/jesus-rafael-soto-carre-virtuel-bleu.webp\" alt=\"Cuadrado virtual cobalto, 1978-1979, Jes\u00fas Rafael Soto\" class=\"wp-image-29333\" title=\"Cuadrado virtual cobalto, 1978-1979, Jes\u00fas Rafael Soto\"\/><figcaption class=\"wp-element-caption\"><em><strong>Cuadrado virtual cobalto<\/strong>, 1978-1979, <strong>Jes\u00fas Rafael Soto<\/strong> (Par\u00eds, Centro Pompidou)<\/em><\/figcaption><\/figure>\n<\/div>\n\n\n<h2 class=\"wp-block-heading\">Larry Poons<\/h2>\n\n\n\n<p>Pintor estadounidense, Larry Poons (Tokio 1973) cursa estudios musicales antes de entrar en la School of Fine Arts de Boston (1955-1957). Se traslada a Nueva York, donde recibe la influencia de los campos crom\u00e1ticos de Newman y, como Olitsky, Noland o Louis, produce obras que se enmarcan dentro del <a href=\"https:\/\/www.aparences.net\/es\/arte-contemporaneo\/movimientos\/el-minimalismo\/\">minimalismo<\/a>. Su abstracci\u00f3n crom\u00e1tica toma la forma de un conjunto de manchas de color redondas u ovales distribuidas con un orden geom\u00e9trico preciso y superpuestas sobre fondos de colores saturados. El artista logra sugerir movimiento y animaci\u00f3n por el contraste y el centelleo de colores enfrentados: <em>Bois de rose<\/em> (1966). Desde finales de los a\u00f1os 1970, el redescubrimiento de la importancia del <a href=\"https:\/\/www.aparences.net\/es\/arte-contemporaneo\/movimientos\/expresionismo-abstracto\/#la-t%C3%A9cnica-del-dripping-all-over\">dripping de Pollock<\/a>, lo hace cambiar de orientaci\u00f3n y realiza obras mediante la proyecci\u00f3n de pintura espesa sobre telas puestas de pie, dejando derramarse y mezclarse libremente los colores, de arriba a abajo, en goteo o en cascada.<\/p>\n\n\n<div class=\"wp-block-image\">\n<figure class=\"aligncenter size-full\"><img loading=\"lazy\" decoding=\"async\" width=\"600\" height=\"302\" src=\"https:\/\/www.aparences.net\/wp-content\/uploads\/2023\/11\/larry-poons-untitled-1964.webp\" alt=\"Untitled, 1964, Larry Poons\" class=\"wp-image-29335\" title=\"Untitled, 1964, Larry Poons\" srcset=\"https:\/\/www.aparences.net\/wp-content\/uploads\/2023\/11\/larry-poons-untitled-1964.webp 600w, https:\/\/www.aparences.net\/wp-content\/uploads\/2023\/11\/larry-poons-untitled-1964-204x102.webp 204w\" sizes=\"auto, (max-width: 600px) 100vw, 600px\" \/><figcaption class=\"wp-element-caption\"><em><strong>Untitled<\/strong>, 1964, <strong>Larry Poons<\/strong> (Colecci\u00f3n privada)<\/em><\/figcaption><\/figure>\n<\/div>\n\n<div class=\"wp-block-image\">\n<figure class=\"aligncenter size-full\"><img loading=\"lazy\" decoding=\"async\" width=\"421\" height=\"370\" src=\"https:\/\/www.aparences.net\/wp-content\/uploads\/2023\/11\/larry-poons-night-journey.webp\" alt=\"Night Journey, 1968, Larry Poons\" class=\"wp-image-29337\" title=\"Night Journey, 1968, Larry Poons\"\/><figcaption class=\"wp-element-caption\"><em><strong>Night Journey<\/strong>, 1968, <strong>Larry Poons<\/strong> (Colecci\u00f3n privada)<\/em><\/figcaption><\/figure>\n<\/div>\n\n\n<p>Las composiciones de Poons, muy r\u00edtmicas, evocan paredes de arcilla arenosa cubiertas de infiltraciones, paisajes abstractos liberados de cualquier programa y de cualquier sistema. En sus pinturas m\u00e1s recientes, Poons a\u00f1ade pigmentos de papel, algod\u00f3n y sustancias vegetales (<em>Foreign Forever<\/em>, 1988) para experimentar otras posibilidades de colocaci\u00f3n del color.<\/p>\n\n\n<div class=\"wp-block-image\">\n<figure class=\"aligncenter size-full\"><img loading=\"lazy\" decoding=\"async\" width=\"480\" height=\"358\" src=\"https:\/\/www.aparences.net\/wp-content\/uploads\/2023\/11\/larry-pons-foreign-forever.webp\" alt=\"Foreign Forever, 1988, Larry Poons\" class=\"wp-image-29339\" title=\"Foreign Forever, 1988, Larry Poons\"\/><figcaption class=\"wp-element-caption\"><em><strong>Foreign Forever<\/strong>, 1988, <strong>Larry Poons<\/strong> (Colecci\u00f3n privada)<\/em><\/figcaption><\/figure>\n<\/div>","protected":false},"excerpt":{"rendered":"<p>El Op art propone un estudio riguroso de la percepci\u00f3n, de la que analiza los procesos \u00f3pticos y psicol\u00f3gicos, en relaci\u00f3n dial\u00e9ctica con la tecnolog\u00eda moderna.<\/p>\n","protected":false},"author":2,"featured_media":29302,"comment_status":"closed","ping_status":"closed","sticky":false,"template":"","format":"standard","meta":{"footnotes":""},"categories":[5470],"tags":[4533,4563,4557,4562,5471,4564,4565,5472,4556,4559,4560],"class_list":["post-13699","post","type-post","status-publish","format-standard","has-post-thumbnail","hentry","category-movimientos","tag-arte-contemporaneo","tag-cinetismo","tag-ellsworth-kelly-2","tag-francois-morellet-2","tag-jesus-rafael-soto-es","tag-julio-le-parc-es","tag-larry-poons-es","tag-op-art-es","tag-op-art-ilusion-optica","tag-optical-art-2","tag-victor-vasarely-2"],"yoast_head":"<!-- This site is optimized with the Yoast SEO plugin v27.2 - https:\/\/yoast.com\/product\/yoast-seo-wordpress\/ -->\n<title>Op art<\/title>\n<meta name=\"description\" content=\"El Op art propone un estudio riguroso de la percepci\u00f3n, de la que analiza los procesos \u00f3pticos y psicol\u00f3gicos, en relaci\u00f3n dial\u00e9ctica con la tecnolog\u00eda moderna.\" \/>\n<meta name=\"robots\" content=\"index, follow, max-snippet:-1, max-image-preview:large, max-video-preview:-1\" \/>\n<link rel=\"canonical\" href=\"https:\/\/www.aparences.net\/es\/arte-contemporaneo\/movimientos\/op-art\/\" \/>\n<meta property=\"og:locale\" content=\"es_ES\" \/>\n<meta property=\"og:type\" content=\"article\" \/>\n<meta property=\"og:title\" content=\"Op art\" \/>\n<meta property=\"og:description\" content=\"El Op art propone un estudio riguroso de la percepci\u00f3n, de la que analiza los procesos \u00f3pticos y psicol\u00f3gicos, en relaci\u00f3n dial\u00e9ctica con la tecnolog\u00eda moderna.\" \/>\n<meta property=\"og:url\" content=\"https:\/\/www.aparences.net\/es\/arte-contemporaneo\/movimientos\/op-art\/\" \/>\n<meta property=\"og:site_name\" content=\"Aparences\" \/>\n<meta property=\"article:published_time\" content=\"2016-11-27T09:02:33+00:00\" \/>\n<meta property=\"article:modified_time\" content=\"2025-12-11T18:40:56+00:00\" \/>\n<meta property=\"og:image\" content=\"https:\/\/www.aparences.net\/wp-content\/uploads\/2016\/11\/op-art-vasarely.webp\" \/>\n\t<meta property=\"og:image:width\" content=\"1080\" \/>\n\t<meta property=\"og:image:height\" content=\"540\" \/>\n\t<meta property=\"og:image:type\" content=\"image\/webp\" \/>\n<meta name=\"author\" content=\"admin\" \/>\n<meta name=\"twitter:card\" content=\"summary_large_image\" \/>\n<meta name=\"twitter:label1\" content=\"Escrito por\" \/>\n\t<meta name=\"twitter:data1\" content=\"admin\" \/>\n\t<meta name=\"twitter:label2\" content=\"Tiempo de lectura\" \/>\n\t<meta name=\"twitter:data2\" content=\"13 minutos\" \/>\n<script type=\"application\/ld+json\" class=\"yoast-schema-graph\">{\"@context\":\"https:\/\/schema.org\",\"@graph\":[{\"@type\":\"Article\",\"@id\":\"https:\/\/www.aparences.net\/es\/arte-contemporaneo\/movimientos\/op-art\/#article\",\"isPartOf\":{\"@id\":\"https:\/\/www.aparences.net\/es\/arte-contemporaneo\/movimientos\/op-art\/\"},\"author\":{\"name\":\"admin\",\"@id\":\"https:\/\/www.aparences.net\/es\/#\/schema\/person\/af349f6ffc31b16c68963e61268afca5\"},\"headline\":\"Op art\",\"datePublished\":\"2016-11-27T09:02:33+00:00\",\"dateModified\":\"2025-12-11T18:40:56+00:00\",\"mainEntityOfPage\":{\"@id\":\"https:\/\/www.aparences.net\/es\/arte-contemporaneo\/movimientos\/op-art\/\"},\"wordCount\":2086,\"publisher\":{\"@id\":\"https:\/\/www.aparences.net\/es\/#organization\"},\"image\":{\"@id\":\"https:\/\/www.aparences.net\/es\/arte-contemporaneo\/movimientos\/op-art\/#primaryimage\"},\"thumbnailUrl\":\"https:\/\/www.aparences.net\/wp-content\/uploads\/2016\/11\/op-art-vasarely.webp\",\"keywords\":[\"arte contempor\u00e1neo\",\"Cinetismo\",\"Ellsworth Kelly\",\"Fran\u00e7ois Morellet\",\"Jes\u00fas Rafael Soto\",\"Julio Le Parc\",\"Larry Poons\",\"Op art\",\"Op art ilusi\u00f3n \u00f3ptica\",\"optical art\",\"Victor Vasarely\"],\"articleSection\":[\"Movimientos\"],\"inLanguage\":\"es\"},{\"@type\":[\"WebPage\",\"ItemPage\"],\"@id\":\"https:\/\/www.aparences.net\/es\/arte-contemporaneo\/movimientos\/op-art\/\",\"url\":\"https:\/\/www.aparences.net\/es\/arte-contemporaneo\/movimientos\/op-art\/\",\"name\":\"Op art\",\"isPartOf\":{\"@id\":\"https:\/\/www.aparences.net\/es\/#website\"},\"primaryImageOfPage\":{\"@id\":\"https:\/\/www.aparences.net\/es\/arte-contemporaneo\/movimientos\/op-art\/#primaryimage\"},\"image\":{\"@id\":\"https:\/\/www.aparences.net\/es\/arte-contemporaneo\/movimientos\/op-art\/#primaryimage\"},\"thumbnailUrl\":\"https:\/\/www.aparences.net\/wp-content\/uploads\/2016\/11\/op-art-vasarely.webp\",\"datePublished\":\"2016-11-27T09:02:33+00:00\",\"dateModified\":\"2025-12-11T18:40:56+00:00\",\"description\":\"El Op art propone un estudio riguroso de la percepci\u00f3n, de la que analiza los procesos \u00f3pticos y psicol\u00f3gicos, en relaci\u00f3n dial\u00e9ctica con la tecnolog\u00eda moderna.\",\"breadcrumb\":{\"@id\":\"https:\/\/www.aparences.net\/es\/arte-contemporaneo\/movimientos\/op-art\/#breadcrumb\"},\"inLanguage\":\"es\",\"potentialAction\":[{\"@type\":\"ReadAction\",\"target\":[\"https:\/\/www.aparences.net\/es\/arte-contemporaneo\/movimientos\/op-art\/\"]}]},{\"@type\":\"ImageObject\",\"inLanguage\":\"es\",\"@id\":\"https:\/\/www.aparences.net\/es\/arte-contemporaneo\/movimientos\/op-art\/#primaryimage\",\"url\":\"https:\/\/www.aparences.net\/wp-content\/uploads\/2016\/11\/op-art-vasarely.webp\",\"contentUrl\":\"https:\/\/www.aparences.net\/wp-content\/uploads\/2016\/11\/op-art-vasarely.webp\",\"width\":1080,\"height\":540},{\"@type\":\"BreadcrumbList\",\"@id\":\"https:\/\/www.aparences.net\/es\/arte-contemporaneo\/movimientos\/op-art\/#breadcrumb\",\"itemListElement\":[{\"@type\":\"ListItem\",\"position\":1,\"name\":\"Portada\",\"item\":\"https:\/\/www.aparences.net\/es\/\"},{\"@type\":\"ListItem\",\"position\":2,\"name\":\"Op art\"}]},{\"@type\":\"WebSite\",\"@id\":\"https:\/\/www.aparences.net\/es\/#website\",\"url\":\"https:\/\/www.aparences.net\/es\/\",\"name\":\"Aparences: Historia del Arte y Actualidad Cultural\",\"description\":\"\",\"publisher\":{\"@id\":\"https:\/\/www.aparences.net\/es\/#organization\"},\"potentialAction\":[{\"@type\":\"SearchAction\",\"target\":{\"@type\":\"EntryPoint\",\"urlTemplate\":\"https:\/\/www.aparences.net\/es\/?s={search_term_string}\"},\"query-input\":{\"@type\":\"PropertyValueSpecification\",\"valueRequired\":true,\"valueName\":\"search_term_string\"}}],\"inLanguage\":\"es\"},{\"@type\":\"Organization\",\"@id\":\"https:\/\/www.aparences.net\/es\/#organization\",\"name\":\"Aparences: Historia del Arte y Actualidad Cultural\",\"url\":\"https:\/\/www.aparences.net\/es\/\",\"logo\":{\"@type\":\"ImageObject\",\"inLanguage\":\"es\",\"@id\":\"https:\/\/www.aparences.net\/es\/#\/schema\/logo\/image\/\",\"url\":\"https:\/\/www.aparences.net\/wp-content\/uploads\/2023\/09\/logo-quadrat-color-e1695915315229.png\",\"contentUrl\":\"https:\/\/www.aparences.net\/wp-content\/uploads\/2023\/09\/logo-quadrat-color-e1695915315229.png\",\"width\":120,\"height\":120,\"caption\":\"Aparences: Historia del Arte y Actualidad Cultural\"},\"image\":{\"@id\":\"https:\/\/www.aparences.net\/es\/#\/schema\/logo\/image\/\"}},{\"@type\":\"Person\",\"@id\":\"https:\/\/www.aparences.net\/es\/#\/schema\/person\/af349f6ffc31b16c68963e61268afca5\",\"name\":\"admin\",\"url\":\"https:\/\/www.aparences.net\/es\/author\/admin\/\"}]}<\/script>\n<!-- \/ Yoast SEO plugin. -->","yoast_head_json":{"title":"Op art","description":"El Op art propone un estudio riguroso de la percepci\u00f3n, de la que analiza los procesos \u00f3pticos y psicol\u00f3gicos, en relaci\u00f3n dial\u00e9ctica con la tecnolog\u00eda moderna.","robots":{"index":"index","follow":"follow","max-snippet":"max-snippet:-1","max-image-preview":"max-image-preview:large","max-video-preview":"max-video-preview:-1"},"canonical":"https:\/\/www.aparences.net\/es\/arte-contemporaneo\/movimientos\/op-art\/","og_locale":"es_ES","og_type":"article","og_title":"Op art","og_description":"El Op art propone un estudio riguroso de la percepci\u00f3n, de la que analiza los procesos \u00f3pticos y psicol\u00f3gicos, en relaci\u00f3n dial\u00e9ctica con la tecnolog\u00eda moderna.","og_url":"https:\/\/www.aparences.net\/es\/arte-contemporaneo\/movimientos\/op-art\/","og_site_name":"Aparences","article_published_time":"2016-11-27T09:02:33+00:00","article_modified_time":"2025-12-11T18:40:56+00:00","og_image":[{"width":1080,"height":540,"url":"https:\/\/www.aparences.net\/wp-content\/uploads\/2016\/11\/op-art-vasarely.webp","type":"image\/webp"}],"author":"admin","twitter_card":"summary_large_image","twitter_misc":{"Escrito por":"admin","Tiempo de lectura":"13 minutos"},"schema":{"@context":"https:\/\/schema.org","@graph":[{"@type":"Article","@id":"https:\/\/www.aparences.net\/es\/arte-contemporaneo\/movimientos\/op-art\/#article","isPartOf":{"@id":"https:\/\/www.aparences.net\/es\/arte-contemporaneo\/movimientos\/op-art\/"},"author":{"name":"admin","@id":"https:\/\/www.aparences.net\/es\/#\/schema\/person\/af349f6ffc31b16c68963e61268afca5"},"headline":"Op art","datePublished":"2016-11-27T09:02:33+00:00","dateModified":"2025-12-11T18:40:56+00:00","mainEntityOfPage":{"@id":"https:\/\/www.aparences.net\/es\/arte-contemporaneo\/movimientos\/op-art\/"},"wordCount":2086,"publisher":{"@id":"https:\/\/www.aparences.net\/es\/#organization"},"image":{"@id":"https:\/\/www.aparences.net\/es\/arte-contemporaneo\/movimientos\/op-art\/#primaryimage"},"thumbnailUrl":"https:\/\/www.aparences.net\/wp-content\/uploads\/2016\/11\/op-art-vasarely.webp","keywords":["arte contempor\u00e1neo","Cinetismo","Ellsworth Kelly","Fran\u00e7ois Morellet","Jes\u00fas Rafael Soto","Julio Le Parc","Larry Poons","Op art","Op art ilusi\u00f3n \u00f3ptica","optical art","Victor Vasarely"],"articleSection":["Movimientos"],"inLanguage":"es"},{"@type":["WebPage","ItemPage"],"@id":"https:\/\/www.aparences.net\/es\/arte-contemporaneo\/movimientos\/op-art\/","url":"https:\/\/www.aparences.net\/es\/arte-contemporaneo\/movimientos\/op-art\/","name":"Op art","isPartOf":{"@id":"https:\/\/www.aparences.net\/es\/#website"},"primaryImageOfPage":{"@id":"https:\/\/www.aparences.net\/es\/arte-contemporaneo\/movimientos\/op-art\/#primaryimage"},"image":{"@id":"https:\/\/www.aparences.net\/es\/arte-contemporaneo\/movimientos\/op-art\/#primaryimage"},"thumbnailUrl":"https:\/\/www.aparences.net\/wp-content\/uploads\/2016\/11\/op-art-vasarely.webp","datePublished":"2016-11-27T09:02:33+00:00","dateModified":"2025-12-11T18:40:56+00:00","description":"El Op art propone un estudio riguroso de la percepci\u00f3n, de la que analiza los procesos \u00f3pticos y psicol\u00f3gicos, en relaci\u00f3n dial\u00e9ctica con la tecnolog\u00eda moderna.","breadcrumb":{"@id":"https:\/\/www.aparences.net\/es\/arte-contemporaneo\/movimientos\/op-art\/#breadcrumb"},"inLanguage":"es","potentialAction":[{"@type":"ReadAction","target":["https:\/\/www.aparences.net\/es\/arte-contemporaneo\/movimientos\/op-art\/"]}]},{"@type":"ImageObject","inLanguage":"es","@id":"https:\/\/www.aparences.net\/es\/arte-contemporaneo\/movimientos\/op-art\/#primaryimage","url":"https:\/\/www.aparences.net\/wp-content\/uploads\/2016\/11\/op-art-vasarely.webp","contentUrl":"https:\/\/www.aparences.net\/wp-content\/uploads\/2016\/11\/op-art-vasarely.webp","width":1080,"height":540},{"@type":"BreadcrumbList","@id":"https:\/\/www.aparences.net\/es\/arte-contemporaneo\/movimientos\/op-art\/#breadcrumb","itemListElement":[{"@type":"ListItem","position":1,"name":"Portada","item":"https:\/\/www.aparences.net\/es\/"},{"@type":"ListItem","position":2,"name":"Op art"}]},{"@type":"WebSite","@id":"https:\/\/www.aparences.net\/es\/#website","url":"https:\/\/www.aparences.net\/es\/","name":"Aparences: Historia del Arte y Actualidad Cultural","description":"","publisher":{"@id":"https:\/\/www.aparences.net\/es\/#organization"},"potentialAction":[{"@type":"SearchAction","target":{"@type":"EntryPoint","urlTemplate":"https:\/\/www.aparences.net\/es\/?s={search_term_string}"},"query-input":{"@type":"PropertyValueSpecification","valueRequired":true,"valueName":"search_term_string"}}],"inLanguage":"es"},{"@type":"Organization","@id":"https:\/\/www.aparences.net\/es\/#organization","name":"Aparences: Historia del Arte y Actualidad Cultural","url":"https:\/\/www.aparences.net\/es\/","logo":{"@type":"ImageObject","inLanguage":"es","@id":"https:\/\/www.aparences.net\/es\/#\/schema\/logo\/image\/","url":"https:\/\/www.aparences.net\/wp-content\/uploads\/2023\/09\/logo-quadrat-color-e1695915315229.png","contentUrl":"https:\/\/www.aparences.net\/wp-content\/uploads\/2023\/09\/logo-quadrat-color-e1695915315229.png","width":120,"height":120,"caption":"Aparences: Historia del Arte y Actualidad Cultural"},"image":{"@id":"https:\/\/www.aparences.net\/es\/#\/schema\/logo\/image\/"}},{"@type":"Person","@id":"https:\/\/www.aparences.net\/es\/#\/schema\/person\/af349f6ffc31b16c68963e61268afca5","name":"admin","url":"https:\/\/www.aparences.net\/es\/author\/admin\/"}]}},"_links":{"self":[{"href":"https:\/\/www.aparences.net\/es\/wp-json\/wp\/v2\/posts\/13699","targetHints":{"allow":["GET"]}}],"collection":[{"href":"https:\/\/www.aparences.net\/es\/wp-json\/wp\/v2\/posts"}],"about":[{"href":"https:\/\/www.aparences.net\/es\/wp-json\/wp\/v2\/types\/post"}],"author":[{"embeddable":true,"href":"https:\/\/www.aparences.net\/es\/wp-json\/wp\/v2\/users\/2"}],"replies":[{"embeddable":true,"href":"https:\/\/www.aparences.net\/es\/wp-json\/wp\/v2\/comments?post=13699"}],"version-history":[{"count":0,"href":"https:\/\/www.aparences.net\/es\/wp-json\/wp\/v2\/posts\/13699\/revisions"}],"wp:featuredmedia":[{"embeddable":true,"href":"https:\/\/www.aparences.net\/es\/wp-json\/wp\/v2\/media\/29302"}],"wp:attachment":[{"href":"https:\/\/www.aparences.net\/es\/wp-json\/wp\/v2\/media?parent=13699"}],"wp:term":[{"taxonomy":"category","embeddable":true,"href":"https:\/\/www.aparences.net\/es\/wp-json\/wp\/v2\/categories?post=13699"},{"taxonomy":"post_tag","embeddable":true,"href":"https:\/\/www.aparences.net\/es\/wp-json\/wp\/v2\/tags?post=13699"}],"curies":[{"name":"wp","href":"https:\/\/api.w.org\/{rel}","templated":true}]}}