{"id":13715,"date":"2017-02-19T23:59:22","date_gmt":"2017-02-19T22:59:22","guid":{"rendered":"https:\/\/www.aparences.net\/periodes\/peinture-francaise-du-xviie-siecle\/del-manierismo-al-naturalismo\/"},"modified":"2025-12-11T19:40:56","modified_gmt":"2025-12-11T18:40:56","slug":"del-manierismo-al-naturalismo","status":"publish","type":"post","link":"https:\/\/www.aparences.net\/es\/periodos\/pintura-francesa-del-siglo-xvii\/del-manierismo-al-naturalismo\/","title":{"rendered":"Del manierismo al naturalismo"},"content":{"rendered":"<p><!--contents--><\/p>\n\n\n<h2 class=\"wp-block-heading\">El manierismo tard\u00edo en Francia<\/h2>\n\n\n\n<p>En Francia, los pintores del primer cuarto del siglo XVII <strong>fueron manieristas tard\u00edos<\/strong>. Ejecutaban una pintura que era una mezcla de lo que se hab\u00eda convertido, por aquellas fechas, en un estilo o m\u00e1s bien una mezcla de estilos, internacional y ecl\u00e9ctico. Elementos del <a href=\"https:\/\/www.aparences.net\/es\/periodos\/el-manierismo\/\">manierismo italiano<\/a> original (en versiones de <a href=\"https:\/\/www.aparences.net\/es\/periodos\/el-manierismo\/jacopo-pontormo\/\">Pontormo<\/a>, <a href=\"https:\/\/www.aparences.net\/es\/periodos\/el-manierismo\/el-manierismo-en-florencia\/#bronzino,-pintor-de-la-corte-de-los-m%C3%A9dicis\">Bronzino<\/a>, <a href=\"https:\/\/www.aparences.net\/es\/periodos\/el-manierismo\/parmigianino-biografia\/\">Parmigianino<\/a>, etc.) se mezclaban no s\u00f3lo con influencias de los Pa\u00edses Bajos y de la <a href=\"https:\/\/www.aparences.net\/es\/periodos\/el-manierismo\/el-manierismo-en-europa\/#la-corte-de-rodolfo-ii-en-praga\">escuela de Praga<\/a>, sino tambi\u00e9n de la <a href=\"https:\/\/www.aparences.net\/es\/arte-y-mecenazgo\/los-valois-y-la-escuela-de-fontainebleau\/\">escuela de Fontainebleau<\/a> del siglo XVI representada por los italianos <a href=\"https:\/\/www.aparences.net\/es\/periodos\/el-manierismo\/rosso-fiorentino\/\">Rosso Fiorentino<\/a>, <a href=\"https:\/\/www.aparences.net\/es\/arte-y-mecenazgo\/los-valois-y-la-escuela-de-fontainebleau\/italianos-en-fontainebleau\/\">Primaticcio y Niccol\u00f3 dell&#8217;Abate<\/a>. Fueron estas corrientes, combinadas con las \u00faltimas tendencias italianas, que formaron el estilo de la <a href=\"https:\/\/www.aparences.net\/es\/arte-y-mecenazgo\/los-valois-y-la-escuela-de-fontainebleau\/la-segunda-escuela-de-fontainebleau\/\">segunda escuela de Fontainebleau<\/a> &#8211; nombre colectivo que se le di\u00f3 al grupo de artistas que trabajaron para Enrique IV alrededor de 1600. Todos ellos persistieron en un pr\u00e1ctica ya obsoleta por el anti-manierismo de <a href=\"https:\/\/www.aparences.net\/es\/periodos\/pintura-barroca\/caravaggio-y-el-caravaggismo\/\">Caravaggio<\/a> y la reforma de la pintura lanzada por los <a href=\"https:\/\/www.aparences.net\/es\/periodos\/pintura-barroca\/el-gran-estilo-romano\/#el-sentido-de-la-belleza-seg%C3%BAn-annibale-carracci\">Carracci<\/a> quienes, renovando la tradici\u00f3n de los grandes maestros del Renacimiento hab\u00edan sentado las bases de la <a href=\"https:\/\/es.wikipedia.org\/wiki\/Pintura_de_historia\">pintura de historia<\/a> del siglo XVII.<\/p>\n\n\n<div class=\"wp-block-image\">\n<figure class=\"aligncenter\"><img loading=\"lazy\" decoding=\"async\" width=\"620\" height=\"352\" src=\"https:\/\/www.aparences.net\/wp-content\/uploads\/2017\/02\/ambroise-dubois-combat-tancrede-clorinde.jpg\" alt=\"Combate de Tancredo y Clorinda, c. 1601, Ambroise Dubois\" class=\"wp-image-17737\" title=\"Combate de Tancredo y Clorinda, c. 1601, Ambroise Dubois\" srcset=\"https:\/\/www.aparences.net\/wp-content\/uploads\/2017\/02\/ambroise-dubois-combat-tancrede-clorinde.jpg 620w, https:\/\/www.aparences.net\/wp-content\/uploads\/2017\/02\/ambroise-dubois-combat-tancrede-clorinde-300x170.jpg 300w\" sizes=\"auto, (max-width: 620px) 100vw, 620px\" \/><figcaption class=\"wp-element-caption\"><em><strong>Combate de Tancredo y Clorinda<\/strong>, c. 1601, <strong>Ambroise Dubois<\/strong> <\/em><br><em>(Fontainebleau, Museo del Castillo)<\/em><\/figcaption><\/figure>\n<\/div>\n\n\n<p><strong>El manierismo<\/strong> era un estilo que no se adaptaba a las caracter\u00edsticas de la pintura de historia en la medida en que negaba subordinar las partes al todo, y los efectos particulares al significado general. Mientras <strong>Toussaint Doubreil <\/strong>parece centrarse en elementos realistas o en la armon\u00eda clasicisante bas\u00e1ndose en las obras de sus predecesores, <strong>Ambroise Dubois<\/strong> resume <strong>el artificio del manierismo tard\u00edo<\/strong> en un lienzo como <a href=\"https:\/\/www.aparences.net\/es\/arte-y-mecenazgo\/los-valois-y-la-escuela-de-fontainebleau\/la-segunda-escuela-de-fontainebleau\/#la-segunda-escuela-de-fontainebleau\"><em>El bautismo de Clorinda<\/em><\/a>, mientras que <strong>Martin Fr\u00e9minet<\/strong> asocia, en la capilla de Fontainebleau (<em>La ca\u00edda de los \u00e1ngeles rebeldes<\/em>), una torpe imitaci\u00f3n de las <a href=\"https:\/\/www.aparences.net\/es\/arte-y-mecenazgo\/los-fresquistas-florentinos\/miguel-angel-frescos-de-la-sixtina\/\">figuras de Miguel \u00c1ngel<\/a> con un exceso de escorzos y de contrapostos.<\/p>\n\n\n<div class=\"wp-block-image\">\n<figure class=\"aligncenter\"><img loading=\"lazy\" decoding=\"async\" width=\"460\" height=\"374\" src=\"https:\/\/www.aparences.net\/wp-content\/uploads\/2017\/02\/toussaint-dubreuil-cybele-eveillant-le-sommeil.jpg\" alt=\"Cibeles despertando al Sue\u00f1o, antes de 1602, Toussaint Dubreuil\" class=\"wp-image-17738\" title=\"Cibeles despertando al Sue\u00f1o, antes de 1602, Toussaint Dubreuil\" srcset=\"https:\/\/www.aparences.net\/wp-content\/uploads\/2017\/02\/toussaint-dubreuil-cybele-eveillant-le-sommeil.jpg 460w, https:\/\/www.aparences.net\/wp-content\/uploads\/2017\/02\/toussaint-dubreuil-cybele-eveillant-le-sommeil-300x244.jpg 300w\" sizes=\"auto, (max-width: 460px) 100vw, 460px\" \/><figcaption class=\"wp-element-caption\"><em><strong>Cibeles despertando al Sue\u00f1o<\/strong>, antes de 1602, <\/em><br><em><strong>Toussaint Dubreuil<\/strong> (Fontainebleau, Mus\u00e9e national du ch\u00e2teau)<\/em><\/figcaption><\/figure>\n<\/div>\n\n\n<p><em>Realizada para el nuevo castillo de Saint-Germain-en-Laye, esta pintura representa un episodio de La Franciada de <strong>Pierre de Ronsard<\/strong> (1572). El poeta imagina que Francia, al igual que la Roma de Virgilio, fue fundada por exiliados de Troya. Dubreuil muestra a Cibeles, diosa favorable a los troyanos, visitando al Sue\u00f1o para pedirle que env\u00ede visiones a los distintos personajes.<\/em><\/p>\n\n\n\n<p>En 1616, cuando <a href=\"https:\/\/www.aparences.net\/es\/periodos\/pintura-francesa-del-siglo-xvii\/nicolas-poussin-el-paisaje-historico\/\" data-type=\"post\" data-id=\"13825\">Poussin<\/a> lleg\u00f3 a Par\u00eds, la mayor\u00eda de los pintores de la segunda escuela de Fontainebleau ya estaban muertos, y el mayor taller en la capital era entonces el de un manierista de la Lorena, <strong>Georges Lallemand<\/strong> (v.1575-1636 ). En la c\u00faspide de su carrera, pint\u00f3 la <em><strong>Adoraci\u00f3n de los Magos<\/strong><\/em> (c. 1630), una obra donde hace muestra de virtuosismo t\u00e9cnico, sobre todo en los efectos pintorescos, en los elementos decorativos y en los ropajes. Obviamente, sab\u00eda como atraer a una clientela aristocr\u00e1tica que no tomaba demasiado en serio la pintura, pero amaba las novelas ex\u00f3ticas y las&nbsp; mascaradas.<\/p>\n\n\n<div class=\"wp-block-image\">\n<figure class=\"aligncenter\"><img loading=\"lazy\" decoding=\"async\" width=\"610\" height=\"358\" src=\"https:\/\/www.aparences.net\/wp-content\/uploads\/2017\/02\/lallemand-adoration-des-mages.jpg\" alt=\"Adoraci\u00f3n de los Magos, c. 1630, Georges Lallemand\" class=\"wp-image-17739\" title=\"Adoraci\u00f3n de los Magos, c. 1630, Georges Lallemand\" srcset=\"https:\/\/www.aparences.net\/wp-content\/uploads\/2017\/02\/lallemand-adoration-des-mages.jpg 610w, https:\/\/www.aparences.net\/wp-content\/uploads\/2017\/02\/lallemand-adoration-des-mages-300x176.jpg 300w\" sizes=\"auto, (max-width: 610px) 100vw, 610px\" \/><figcaption class=\"wp-element-caption\"><em><strong>Adoraci\u00f3n de los Magos<\/strong>, 1630, <strong>Georges Lallemand<\/strong> (Lille, Museo de Bellas Artes)<\/em><\/figcaption><\/figure>\n<\/div>\n\n\n<p>El arte de <strong>Quentin Varin<\/strong> cambia sustancialmente de un manierismo venido de Fontainebleau y de la pintura flamenca, a un estilo de escala monumental y muy personal que hace de \u00e9l uno de los mejores pintores de Par\u00eds en aquella \u00e9poca. Su obra maestra es representada por las <em><strong>Bodas de Can\u00e1<\/strong><\/em>, notable por su composici\u00f3n que combina la elegancia de las figuras y la grandeza de una perspectiva arquitect\u00f3nica, reminiscencia de la escuela veneciana y marca el final del <a href=\"https:\/\/www.aparences.net\/es\/periodos\/el-manierismo\/\">manierismo<\/a>.<\/p>\n\n\n<div class=\"wp-block-image\">\n<figure class=\"aligncenter\"><img loading=\"lazy\" decoding=\"async\" width=\"482\" height=\"460\" src=\"https:\/\/www.aparences.net\/wp-content\/uploads\/2017\/02\/quentin-varin-noces-de-cana.jpg\" alt=\"Las Bodas de Can\u00e1, c. 1620, Quentin Varin\" class=\"wp-image-17740\" title=\"Las Bodas de Can\u00e1, c. 1620, Quentin Varin\" srcset=\"https:\/\/www.aparences.net\/wp-content\/uploads\/2017\/02\/quentin-varin-noces-de-cana.jpg 482w, https:\/\/www.aparences.net\/wp-content\/uploads\/2017\/02\/quentin-varin-noces-de-cana-300x286.jpg 300w\" sizes=\"auto, (max-width: 482px) 100vw, 482px\" \/><figcaption class=\"wp-element-caption\"><em><strong>Las Bodas de Can\u00e1<\/strong>, 1620, <strong>Quentin Varin<\/strong> <\/em><br><em>(Rennes, Museo de Bellas Artes)<\/em><\/figcaption><\/figure>\n<\/div>\n\n\n<p><em>Este gran lienzo, que representa el primer milagro de Jes\u00fas en el Evangelio seg\u00fan san Juan, fue encargado para el altar mayor de la iglesia de Saint-Gervais (que fue demolido durante la Revoluci\u00f3n francesa). El dominio de la composici\u00f3n y la compleja puesta en escena reflejan la evoluci\u00f3n significativa del estilo de Varin.<br><\/em><\/p>\n\n\n\n<!-- AdBoxRight2020 --><ins class=\"adsbygoogle\"     style=\"display:block; margin-top:30px;\"     data-ad-client=\"ca-pub-2468002815867636\"     data-ad-slot=\"3496014735\"     data-ad-format=\"auto\"     data-full-width-responsive=\"false\"><\/ins><script> (adsbygoogle = window.adsbygoogle || []).push({});<\/script><h2 class=\"wp-block-heading\">Valentin de Boulogne y la expresi\u00f3n de las emociones<\/h2>\n\n\n\n<p>El caso de <strong>Valentin de Boulogne<\/strong> (1591-1632) muestra que todav\u00eda era posible para un <a href=\"https:\/\/www.aparences.net\/es\/periodos\/pintura-barroca\/caravaggio-y-el-caravaggismo\/\">artista caravagesco<\/a> hacer carrera en Roma, al menos hasta la prematura muerte del maestro. Fue alumno de <a href=\"https:\/\/www.aparences.net\/es\/periodos\/pintura-barroca\/la-pintura-barroca-en-francia\/#simon-vouet\">Simon Vouet<\/a> y <strong>Bartolomeo Manfredi<\/strong>. Muy apreciado por sus clientes romanos y aunque adepto tard\u00edo de la moda caravagesca, hacia mediados de la d\u00e9cada de 1620, su pintura llam\u00f3 la atenci\u00f3n del cardenal Barberini, sobrino del papa Urbano VIII, y en especial del secretario del cardenal, el famoso coleccionista de arte Cassiano dal Pozzo, protector de <a href=\"https:\/\/www.aparences.net\/es\/periodos\/pintura-barroca\/el-clasicismo\/#nicolas-poussin,-pintura-y-poes%C3%ADa\">Nicolas Poussin<\/a>, y pronto los dos pintores se encontraron de alguna manera compitiendo. Valentin es a veces considerado m\u00e1s italiano que franc\u00e9s. Probablemente se trata de un juicio err\u00f3neo a la luz de la importancia del naturalismo en la pintura francesa y de su sensibilidad personal, como lo demuestra la pintura de <a href=\"https:\/\/www.aparences.net\/es\/periodos\/pintura-barroca\/la-pintura-barroca-en-francia\/#georges-de-la-tour\">Georges de La Tour<\/a>, el m\u00e1s grande de los artistas que importaron el naturalismo en Francia.<\/p>\n\n\n<div class=\"wp-block-image\">\n<figure class=\"aligncenter\"><img loading=\"lazy\" decoding=\"async\" width=\"540\" height=\"430\" src=\"https:\/\/www.aparences.net\/wp-content\/uploads\/2017\/02\/valentin-de-boulogne-allegorie.jpg\" alt=\"Alegor\u00eda de Roma, 1628, Valentin de Boulogne\" class=\"wp-image-17741\" title=\"Alegor\u00eda de Roma, 1628, Valentin de Boulogne\" srcset=\"https:\/\/www.aparences.net\/wp-content\/uploads\/2017\/02\/valentin-de-boulogne-allegorie.jpg 540w, https:\/\/www.aparences.net\/wp-content\/uploads\/2017\/02\/valentin-de-boulogne-allegorie-300x239.jpg 300w\" sizes=\"auto, (max-width: 540px) 100vw, 540px\" \/><figcaption class=\"wp-element-caption\"><em><strong>Alegor\u00eda de Roma<\/strong>, 1628, <strong>Valentin de Boulogne<\/strong><\/em><br><em> (Roma, Institutum Romanum Finlandiae)<\/em><\/figcaption><\/figure>\n<\/div>\n\n\n<p><em>En esta alegor\u00eda de la Ciudad eterna encargada por el cardenal Barberini, el pintor destaca con cierta iron\u00eda el naturalismo de las figuras que representan a dioses del r\u00edo y que recuerdan las colosales estatuas romanas del T\u00edber y del Nilo que Miguel \u00c1ngel hab\u00eda instalado en la plaza del Capitolio.<\/em><\/p>\n\n\n\n<p>Pero lo que distingue la obra de Valentin de otros <a href=\"https:\/\/www.aparences.net\/es\/periodos\/pintura-barroca\/caravaggio-y-el-caravaggismo\/\" data-type=\"post\" data-id=\"13356\">artistas caravagescos<\/a> menores como Bartolomeo Manfredi, es su compromiso con la expresi\u00f3n de las emociones. En la mayor\u00eda de los pintores de g\u00e9nero, la expresi\u00f3n es inconsistente y anecd\u00f3tica: reacciones superficiales a los acontecimientos representados. En la pintura de historia, por el contrario, la expresi\u00f3n refleja el significado de un evento, y es por eso que ocupa un lugar central en la teor\u00eda del arte de la \u00e9poca. Si el punto de partida de la pintura es la invenci\u00f3n, la expresi\u00f3n es la transformaci\u00f3n de esa invenci\u00f3n en formas inteligibles para el espectador.<\/p>\n\n\n<div class=\"wp-block-image\">\n<figure class=\"aligncenter\"><img loading=\"lazy\" decoding=\"async\" width=\"540\" height=\"405\" src=\"https:\/\/www.aparences.net\/wp-content\/uploads\/2017\/02\/valentin-de-boulogne-david-et-goliath.jpg\" alt=\"David y Goliat, c. 1616-18, Valentin de Boulogne\" class=\"wp-image-17742\" title=\"David y Goliat, c. 1616-18, Valentin de Boulogne\" srcset=\"https:\/\/www.aparences.net\/wp-content\/uploads\/2017\/02\/valentin-de-boulogne-david-et-goliath.jpg 540w, https:\/\/www.aparences.net\/wp-content\/uploads\/2017\/02\/valentin-de-boulogne-david-et-goliath-300x225.jpg 300w\" sizes=\"auto, (max-width: 540px) 100vw, 540px\" \/><figcaption class=\"wp-element-caption\"><em><strong>David y Goliat<\/strong>, c. 1616-18, <strong>Valentin de Boulogne<\/strong> <\/em><br><em>(Madrid, Museo Thyssen-Bornemisza)<\/em><\/figcaption><\/figure>\n<\/div>\n\n\n<p>La importancia que <strong>Valentin de Boulogne<\/strong> otorga a la expresi\u00f3n es un signo de mayor ambici\u00f3n art\u00edstica y probablemente tambi\u00e9n lo que explica el inter\u00e9s por la obra del pintor de un amateur tan ilustrado como Cassiano dal Pozzo. Asimismo es caracter\u00edstico de los pintores franceses de esta \u00e9poca intentar, a trav\u00e9s de la <a href=\"https:\/\/www.aparences.net\/es\/periodos\/pintura-de-genero-holandesa\/\">pintura de g\u00e9nero<\/a>, cumplir sus mayores aspiraciones. En las <em><strong>Cuatro edades del hombre<\/strong><\/em> (c.1626), Valentin nos ofrece todo lo que se espera de la pintura de g\u00e9nero: observaci\u00f3n precisa de los modelos, numerosos detalles anecd\u00f3ticos y virtuosismo en la representaci\u00f3n de las telas, armaduras y otros objetos. Sin embargo, a\u00f1ade un sentido aleg\u00f3rico, que encuentra toda su fuerza en la gravedad y la melancol\u00eda expresada de diferentes maneras por cada una de las figuras. En el <em><strong>Juicio de Salom\u00f3n<\/strong><\/em> (1628-1630), Valentin adapta sus figuras de g\u00e9nero a un verdadero asunto hist\u00f3rico, donde la prioridad dada a la expresi\u00f3n se vuelve a\u00fan m\u00e1s expl\u00edcita.<\/p>\n\n\n<div class=\"wp-block-image\">\n<figure class=\"aligncenter\"><img loading=\"lazy\" decoding=\"async\" width=\"606\" height=\"377\" src=\"https:\/\/www.aparences.net\/wp-content\/uploads\/2017\/02\/valentin-de-boulogne-jugement-salomon.jpg\" alt=\"Juicio de Salom\u00f3n, 1628-1630, Valentin de Boulogne\" class=\"wp-image-17743\" title=\"Juicio de Salom\u00f3n, 1628-1630, Valentin de Boulogne\" srcset=\"https:\/\/www.aparences.net\/wp-content\/uploads\/2017\/02\/valentin-de-boulogne-jugement-salomon.jpg 606w, https:\/\/www.aparences.net\/wp-content\/uploads\/2017\/02\/valentin-de-boulogne-jugement-salomon-300x187.jpg 300w\" sizes=\"auto, (max-width: 606px) 100vw, 606px\" \/><figcaption class=\"wp-element-caption\"><em><strong>Juicio de Salom\u00f3n<\/strong>, 1628-1630, <strong>Valentin de Boulogne<\/strong> (Paris, Museo del Louvre)<\/em><\/figcaption><\/figure>\n<\/div>\n\n\n<p><em>Se trata del relato en el que el rey Salom\u00f3n hace muestra de sabidur\u00eda: dos mujeres se disputan la posesi\u00f3n de un ni\u00f1o; el hijo de una est\u00e1 muerto, y las dos reclaman el ni\u00f1o vivo. Entonces ordena a un soldado que tome su espada y divida el ni\u00f1o en dos. Cuando el soldado est\u00e1 a punto de ejecutar la orden, una se aferra al ni\u00f1o, mientras que la otra prefiere renunciar a \u00e9l antes que verlo morir.<\/em><\/p>\n\n\n<div class=\"wp-block-image\">\n<figure class=\"aligncenter\"><img loading=\"lazy\" decoding=\"async\" width=\"610\" height=\"394\" src=\"https:\/\/www.aparences.net\/wp-content\/uploads\/2017\/02\/valentin-de-boulogne-les-quatre-ages-de-l-homme.jpg\" alt=\"Las Cuatro edades del hombre, 1626, Valentin de Boulogne\" class=\"wp-image-17744\" title=\"Las Cuatro edades del hombre, 1626, Valentin de Boulogne\" srcset=\"https:\/\/www.aparences.net\/wp-content\/uploads\/2017\/02\/valentin-de-boulogne-les-quatre-ages-de-l-homme.jpg 610w, https:\/\/www.aparences.net\/wp-content\/uploads\/2017\/02\/valentin-de-boulogne-les-quatre-ages-de-l-homme-300x194.jpg 300w\" sizes=\"auto, (max-width: 610px) 100vw, 610px\" \/><figcaption class=\"wp-element-caption\"><em><strong>Las Cuatro edades del hombre<\/strong>, 1626, <strong>Valentin de Boulogne<\/strong> <\/em><br><em>(Londres, National Gallery)<\/em><\/figcaption><\/figure>\n<\/div>\n\n\n<p><em>Valentin evoca la naturaleza transitoria de la vida humana: contrapone de forma evidente el ni\u00f1o que acaba de liberar el p\u00e1jaro, al anciano que busca consuelo en el vino y las riquezas, y al mismo tiempo hace hincapi\u00e9 en el movimiento que lleva de una etapa de la vida a la siguiente.<\/em><\/p>\n\n\n<div class=\"wp-block-image\">\n<figure class=\"aligncenter\"><img loading=\"lazy\" decoding=\"async\" width=\"450\" height=\"430\" src=\"https:\/\/www.aparences.net\/wp-content\/uploads\/2017\/02\/valentin-les-quatre-ages-de-l-homme-.jpg\" alt=\"Las Cuatro edades del hombre, 1626, Valentin de Boulogne, detalle \" class=\"wp-image-17745\" title=\"Las Cuatro edades del hombre, 1626, Valentin de Boulogne, detalle\" srcset=\"https:\/\/www.aparences.net\/wp-content\/uploads\/2017\/02\/valentin-les-quatre-ages-de-l-homme-.jpg 450w, https:\/\/www.aparences.net\/wp-content\/uploads\/2017\/02\/valentin-les-quatre-ages-de-l-homme--300x287.jpg 300w\" sizes=\"auto, (max-width: 450px) 100vw, 450px\" \/><\/figure>\n<\/div>\n\n\n<p><em> As\u00ed, el joven se vuelve como si despertara repentinamente de un ensue\u00f1o amoroso, mientras que el soldado victorioso se queda dormido sobre el libro. Tal vez la figura del joven m\u00fasico es un autorretrato.<\/em><\/p>\n\n\n\n<p>Los cuadros con <strong>temas profanos de Valentin de Boulogne<\/strong> representan a la gente com\u00fan en un estilo realista y vivo: bebedores, jugadores, soldados o bohemios son los protagonistas de sus pinturas de colorido macilento.<\/p>\n\n\n<div class=\"wp-block-image\">\n<figure class=\"aligncenter\"><img loading=\"lazy\" decoding=\"async\" width=\"610\" height=\"392\" src=\"https:\/\/www.aparences.net\/wp-content\/uploads\/2017\/02\/valentin-de-boulogne-soldats-jouant-aux-cartes.jpg\" alt=\"Soldados jugando a las cartas y a los dados, 1620-1622, Valentin de Boulogne\" class=\"wp-image-17746\" title=\"Soldados jugando a las cartas y a los dados, 1620-1622, Valentin de Boulogne\" srcset=\"https:\/\/www.aparences.net\/wp-content\/uploads\/2017\/02\/valentin-de-boulogne-soldats-jouant-aux-cartes.jpg 610w, https:\/\/www.aparences.net\/wp-content\/uploads\/2017\/02\/valentin-de-boulogne-soldats-jouant-aux-cartes-300x193.jpg 300w\" sizes=\"auto, (max-width: 610px) 100vw, 610px\" \/><figcaption class=\"wp-element-caption\"><em><strong>Soldados jugando a las cartas y a los dados<\/strong>, detalle, c. 1620-1622, <\/em><br><em><strong>Valentin de Boulogne<\/strong> (Washington, National Gallery)<\/em><\/figcaption><\/figure>\n<\/div>\n\n\n<h2 class=\"wp-block-heading\">La bambochada<\/h2>\n\n\n\n<p>Lo que en el siglo XVII se llamaba ya \u00abnaturalismo\u00bb sigui\u00f3 siendo la base de las diferentes categor\u00edas de pinturas de g\u00e9nero o <a href=\"https:\/\/www.aparences.net\/es\/periodos\/la-escena-de-genero-del-siglo-xviii\/\">escenas de g\u00e9nero<\/a> que florecieron despu\u00e9s de la muerte de <a href=\"https:\/\/www.aparences.net\/es\/periodos\/pintura-barroca\/caravaggio-y-el-caravaggismo\/\">Caravaggio<\/a>. Desde las escenas de taberna de su disc\u00edpulo <strong>Bartolomeo Manfredi<\/strong> hasta los peque\u00f1os cuadros con escenas pintorescas de aldeanos y z\u00edngaros que el holand\u00e9s <strong>Pieter van Laer<\/strong>, a quien dieron el sobrenombre de <strong>Bamboccio<\/strong> (monigote, t\u00edtere) debido a su deformidad f\u00edsica, pint\u00f3 alrededor de 1630; a las pinturas de Van Laer y sus imitadores les aplicaron el nombre de <a href=\"https:\/\/cvc.cervantes.es\/el_rinconete\/anteriores\/mayo_05\/31052005_01.htm\">bambochadas<\/a>. A trav\u00e9s de las pocas obras de atribuci\u00f3n cierta (por ejemplo <em>Los Flagelantes<\/em>) y de los grabados que se hicieron, cre\u00f3 un nuevo g\u00e9nero, retomado por un grupo de pintores holandeses, <strong>flamencos y franceses que trabajaron en Roma<\/strong> a mediados del siglo XVII <strong>a los que llamaban <em>bamboccianti<\/em><\/strong>. Estos artistas abrieron otro fil\u00f3n de la pintura del siglo XVII que desarrollaba las ideas de Caravaggio, composici\u00f3n libre y los juegos de luces y sombras. Un realismo antiret\u00f3rico, una vena esencialmente narrativa, con descripciones detalladas de la vida popular y cotidiana (escenas de taberna, mendigos, vendedores ambulantes, comediantes, fiestas y procesiones). En contraste con la cultura figurativa del <a href=\"https:\/\/www.aparences.net\/es\/periodos\/pintura-barroca\/el-gran-estilo-romano\/\">barroco romano<\/a> y despreciados por la cr\u00edtica oficial, los <em>bamboccianti<\/em> gozaron de un gran \u00e9xito entre los amateurs. Entre los m\u00e1s famosos disc\u00edpulos de Van Laer, hay que destacar el italiano <strong>Cerquozzi<\/strong>, el franc\u00e9s <strong>S\u00e9bastien Bourdon<\/strong>, el holand\u00e9s <strong>Miel<\/strong>.<\/p>\n\n\n<div class=\"wp-block-image\">\n<figure class=\"aligncenter\"><img loading=\"lazy\" decoding=\"async\" width=\"610\" height=\"428\" src=\"https:\/\/www.aparences.net\/wp-content\/uploads\/2017\/02\/pieter-van-laer-paysage-aux-joueurs.jpg\" alt=\"Paisaje con los jugadores de Morra, 1630, Pieter van Laer\" class=\"wp-image-17747\" title=\"Paisaje con los jugadores de Morra, 1630, Pieter van Laer\" srcset=\"https:\/\/www.aparences.net\/wp-content\/uploads\/2017\/02\/pieter-van-laer-paysage-aux-joueurs.jpg 610w, https:\/\/www.aparences.net\/wp-content\/uploads\/2017\/02\/pieter-van-laer-paysage-aux-joueurs-300x210.jpg 300w\" sizes=\"auto, (max-width: 610px) 100vw, 610px\" \/><figcaption class=\"wp-element-caption\"><em><strong>Paisaje con los jugadores de Morra<\/strong>, c.1630, <strong>Pieter van Laer<\/strong> <\/em><br><em>(Budapest, Museo de Bellas Artes)<\/em><\/figcaption><\/figure>\n<\/div>\n\n\n<p><em>Los pintores de g\u00e9nero sol\u00edan representar un juego. En Italia, el juego social m\u00e1s sencillo es el Morra, un juego popular en el que no es necesario ning\u00fan objeto, bastan los dedos de la mano. Estes im\u00e1genes de g\u00e9nero, a menudo en peque\u00f1os formatos, eran muy apreciadas por los coleccionistas aristocr\u00e1ticos, porque las consideraban divertidas.<br><\/em><\/p>\n\n\n<div class=\"wp-block-image\">\n<figure class=\"aligncenter\"><img loading=\"lazy\" decoding=\"async\" width=\"489\" height=\"428\" src=\"https:\/\/www.aparences.net\/wp-content\/uploads\/2017\/02\/sebastien-bourdon-les-mendiants.jpg\" alt=\"Los mendigos, 1635-40, S\u00e9bastien Bourdon\" class=\"wp-image-17748\" title=\"Los mendigos, 1635-40, S\u00e9bastien Bourdon\" srcset=\"https:\/\/www.aparences.net\/wp-content\/uploads\/2017\/02\/sebastien-bourdon-les-mendiants.jpg 489w, https:\/\/www.aparences.net\/wp-content\/uploads\/2017\/02\/sebastien-bourdon-les-mendiants-300x263.jpg 300w\" sizes=\"auto, (max-width: 489px) 100vw, 489px\" \/><figcaption class=\"wp-element-caption\"><em><strong>Los mendigos<\/strong>, 1635-1640, <strong>S\u00e9bastien Bourdon<\/strong> <\/em><br><em>(Par\u00eds, Museo del Louvre)<\/em><\/figcaption><\/figure>\n<\/div>\n\n\n<p><em>Esta pintura es un buen ejemplo de las bambochadas de Bourdon, uno de los estilos que<\/em> <em>el pintor trajo de Roma&nbsp;en su juventud: escenas triviales pobladas de personajes m\u00e1s o menos turbios, pero brillantemente ejecutadas.<br><\/em><\/p>\n\n\n<div class=\"wp-block-image\">\n<figure class=\"aligncenter\"><img loading=\"lazy\" decoding=\"async\" width=\"610\" height=\"341\" src=\"https:\/\/www.aparences.net\/wp-content\/uploads\/2017\/02\/cerquozzi-commedia-dell-arte.jpg\" alt=\"Escena de la Comedia del Arte, c. 1640, Michelangelo Cerquozzi\" class=\"wp-image-17749\" title=\"Escena de la Comedia del Arte, c. 1640, Michelangelo Cerquozzi\" srcset=\"https:\/\/www.aparences.net\/wp-content\/uploads\/2017\/02\/cerquozzi-commedia-dell-arte.jpg 610w, https:\/\/www.aparences.net\/wp-content\/uploads\/2017\/02\/cerquozzi-commedia-dell-arte-300x168.jpg 300w\" sizes=\"auto, (max-width: 610px) 100vw, 610px\" \/><figcaption class=\"wp-element-caption\"><em><strong>Escena de la Comedia del Arte<\/strong>, c. 1640, <strong>Michelangelo Cerquozzi<\/strong> <\/em><br><em>(Roma, Palazzo Braschi)<\/em><\/figcaption><\/figure>\n<\/div>\n\n\n<!-- AdBoxLeft2023 --><ins class=\"adsbygoogle\" style=\"display:block\" data-ad-client=\"ca-pub-2468002815867636\" data-ad-slot=\"1318022963\" data-ad-format=\"auto\" data-full-width-responsive=\"true\"><\/ins><script> (adsbygoogle = window.adsbygoogle || []).push({});<\/script><h2 class=\"wp-block-heading\">Los hermanos Le Nain<\/h2>\n\n\n\n<p>A diferencia de Vouet, <strong>los hermanos Le Nain<\/strong> nunca viajaron a Italia y por ese motivo no fueron iniciados en la gran tradici\u00f3n del Renacimiento restaurada por los Carracci. Incapaces de imitar o competir directamente con el estilo de Vouet, siguieron a los pintores de bambochadas cuyo estilo se pod\u00eda aprender simplemente con la observaci\u00f3n cuidadosa de la fvida cotidiana. Sin embargo, sus pinturas son mucho m\u00e1s complejas y ambiciosas &#8211; esencialmente porque evitan la trivialidad que se observa con frecuencia en la pintura de g\u00e9nero, como en algunos <a href=\"https:\/\/www.aparences.net\/es\/periodos\/pintura-barroca\/la-pintura-barroca-holandesa\/\">pintores holandeses<\/a> y flamencos. Los campesinos de Le Nain nunca son groseros, desagradables o rid\u00edculos. Al contrario, son tratados con dignidad y simpat\u00eda, aunque sin ning\u00fan sentimentalismo. La obra maestra de los Le Nain es la <em>Familia campesina<\/em>, hoy en el Louvre, que probablemente data de finales de 1640. Este cuadro representa el apogeo de su esfuerzo para elevar la pintura de g\u00e9nero al rango m\u00e1s noble de la pintura de historia. Todo converge en enfatizar la dignidad y sencillez de esta familia.<\/p>\n\n\n<div class=\"wp-block-image\">\n<figure class=\"aligncenter\"><img loading=\"lazy\" decoding=\"async\" width=\"536\" height=\"430\" src=\"https:\/\/www.aparences.net\/wp-content\/uploads\/2017\/02\/le-nain-le-repas-des-paysans.jpg\" alt=\"Comida de campesinos de 1642, hermanos Le Nain\" class=\"wp-image-17750\" title=\"Comida de campesinos de 1642, hermanos Le Nain\" srcset=\"https:\/\/www.aparences.net\/wp-content\/uploads\/2017\/02\/le-nain-le-repas-des-paysans.jpg 536w, https:\/\/www.aparences.net\/wp-content\/uploads\/2017\/02\/le-nain-le-repas-des-paysans-300x241.jpg 300w\" sizes=\"auto, (max-width: 536px) 100vw, 536px\" \/><figcaption class=\"wp-element-caption\"><em><strong>Comida de campesinos,<\/strong>1642, <strong>hermanos Le Nain<\/strong> (Par\u00eds, Museo del Louvre)<\/em><\/figcaption><\/figure>\n<\/div>\n\n<div class=\"wp-block-image\">\n<figure class=\"aligncenter\"><img loading=\"lazy\" decoding=\"async\" width=\"457\" height=\"394\" src=\"https:\/\/www.aparences.net\/wp-content\/uploads\/2017\/02\/freres-le-nain-interieur-paysan.jpg\" alt=\"Campesinos en un interior, 1642, hermanos Le Nain\" class=\"wp-image-17751\" title=\"Campesinos en un interior, 1642, hermanos Le Nain\" srcset=\"https:\/\/www.aparences.net\/wp-content\/uploads\/2017\/02\/freres-le-nain-interieur-paysan.jpg 457w, https:\/\/www.aparences.net\/wp-content\/uploads\/2017\/02\/freres-le-nain-interieur-paysan-300x259.jpg 300w\" sizes=\"auto, (max-width: 457px) 100vw, 457px\" \/><figcaption class=\"wp-element-caption\"><em><strong>Campesinos en un interior<\/strong>, 1642, <strong>hermanos Le Nain<\/strong><\/em><br><em> (Washington, National Gallery)<\/em><\/figcaption><\/figure>\n<\/div>\n\n\n<p><em>El cuadro evoca intimidad, respeto, tolerancia. Las expresiones son vivas y alertas y, como sucede a menudo en los Le Nain, las figuras miran en direcciones diferentes, como si hubieran sido tomados por sorpresa.<\/em><\/p>\n\n\n<div class=\"wp-block-image\">\n<figure class=\"aligncenter\"><img loading=\"lazy\" decoding=\"async\" width=\"375\" height=\"438\" src=\"https:\/\/www.aparences.net\/wp-content\/uploads\/2017\/02\/freres-le-nain-interieur-paysan-.jpg\" alt=\"Campesinos en un interior, 1642, hermanos Le Nain, detalle\" class=\"wp-image-17752\" title=\"Campesinos en un interior, 1642, hermanos Le Nain, detalle\" srcset=\"https:\/\/www.aparences.net\/wp-content\/uploads\/2017\/02\/freres-le-nain-interieur-paysan-.jpg 375w, https:\/\/www.aparences.net\/wp-content\/uploads\/2017\/02\/freres-le-nain-interieur-paysan--257x300.jpg 257w\" sizes=\"auto, (max-width: 375px) 100vw, 375px\" \/><\/figure>\n<\/div>\n\n\n<p><em>Las pinturas de interiores campesinos de los hermanos Le Nain son tan diversas como las escenas al aire libre, y se han hecho intentos para agruparlas en torno a cada uno de los hermanos. Este cuadro est\u00e1 firmado \u00abLenain fecit\u00bb y fechado 1642.<\/em><\/p>\n\n\n\n<p>Al igual que otros naturalistas franceses, a finales del siglo XVII los <strong>hermanos Le Nain<\/strong> cayeron en un olvido casi total, del que no salieron hasta el siglo XX. Sabemos muy poco acerca de sus vidas y sus carreras individuales, y es imposible decir con certeza quien es el autor de cada lienzo en una obra por otro lado bastante abundante y variada. La dificultad se agrava por el hecho de que gran parte de su producci\u00f3n fue destruida durante la Revoluci\u00f3n Francesa. A pesar su afiliaci\u00f3n a la guilda, los tres hermanos se unieron a la Real Academia de Pintura y Escultura creada en 1648 donde se les admiti\u00f3 \u00abcomo pintores de bambochadas\u00bb. Todas las obras firmadas lo son \u00fanicamente con el nombre de familia, y todas las pinturas fechadas son de los a\u00f1os 1642-1647, es decir, de la \u00e9poca en que viv\u00edan los tres.<\/p>\n\n\n<div class=\"wp-block-image\">\n<figure class=\"aligncenter\"><img loading=\"lazy\" decoding=\"async\" width=\"610\" height=\"430\" src=\"https:\/\/www.aparences.net\/wp-content\/uploads\/2017\/02\/le-nain-la-forge.jpg\" alt=\"La forja, c. 1644-1646, hermanos Le Nain\" class=\"wp-image-17753\" title=\"La forja, c. 1644-1646, hermanos Le Nain\" srcset=\"https:\/\/www.aparences.net\/wp-content\/uploads\/2017\/02\/le-nain-la-forge.jpg 610w, https:\/\/www.aparences.net\/wp-content\/uploads\/2017\/02\/le-nain-la-forge-300x211.jpg 300w\" sizes=\"auto, (max-width: 610px) 100vw, 610px\" \/><figcaption class=\"wp-element-caption\"><em><strong>La forja<\/strong>, c. 1644-1646, <strong>hermanos Le Nain<\/strong> (Par\u00eds, Museo del Louvre)<\/em><\/figcaption><\/figure>\n<\/div>\n\n\n<p><em>Esta pintura fue salvada de su destrucci\u00f3n durante la Revoluci\u00f3n francesa. Confiscada al Conde de Angivilliers, entr\u00f3 en lo que se convertir\u00eda el museo del Louvre, donde fue posible preservar del olvido, en el siglo XX, el nombre de los Le Nain. Los ojos cansados, pero alerta del joven, la actitud sosegada de la mujer, la mirada distante y so\u00f1adora del anciano constituyen un testimonio sobre la vida, el trabajo y el paso de las generaciones.<\/em><\/p>\n\n\n\n<p>Los expertos han intentado varias veces separar la producci\u00f3n de los Le Nain. Algunos, por ejemplo, atribuyen las escenas familiares a Antoine, los grandes lienzos representando a campesinos a Louis, y las escenas de g\u00e9nero a Mathieu. Adem\u00e1s, se estableci\u00f3 la tesis seg\u00fan la cual los hermanos habr\u00edan producido diferentes tipos de cuadros bajo una firma com\u00fan para clientes distintos. Cualquiera que sea la verdad de estas atribuciones, parece que los hermanos comenzaron por pintar temas religiosos y mitol\u00f3gicos, como <em><strong>Baco y Ariadna<\/strong><\/em>, que se inscribe de forma manifiesta todav\u00eda en la tradici\u00f3n de la <a href=\"https:\/\/www.aparences.net\/es\/tematicos\/mitologia-y-pintura\/\">pintura mitol\u00f3gica<\/a> de Fontainebleau, antes de evolucionar hacia un lenguaje naturalista.<\/p>\n\n\n<div class=\"wp-block-image\">\n<figure class=\"aligncenter\"><img loading=\"lazy\" decoding=\"async\" width=\"610\" height=\"406\" src=\"https:\/\/www.aparences.net\/wp-content\/uploads\/2017\/02\/le-nain-bacchus-et-ariane.jpg\" alt=\"Baco y Ariadna, 1643, hermanos Le Nain\" class=\"wp-image-17754\" title=\"Baco y Ariadna, 1643, hermanos Le Nain\" srcset=\"https:\/\/www.aparences.net\/wp-content\/uploads\/2017\/02\/le-nain-bacchus-et-ariane.jpg 610w, https:\/\/www.aparences.net\/wp-content\/uploads\/2017\/02\/le-nain-bacchus-et-ariane-300x200.jpg 300w\" sizes=\"auto, (max-width: 610px) 100vw, 610px\" \/><figcaption class=\"wp-element-caption\"><em><strong>Baco y Ariadna<\/strong>, 1643, <strong>hermanos Le Nain<\/strong> (Orleans, Museo de Bellas Artes)<br><\/em><\/figcaption><\/figure>\n<\/div>\n\n\n<p>Todos los artistas mencionados reaccionaron contra el manierismo dominante de principios de siglo, volvi\u00e9ndose hacia la corriente naturalista y se esforzaron en elevar la pintura de g\u00e9nero al rango de la pintura de historia. El otro artista franc\u00e9s que transform\u00f3 el lenguaje del naturalismo hasta darle una grandeza sin precedentes fue <a href=\"https:\/\/www.aparences.net\/es\/periodos\/pintura-barroca\/la-pintura-barroca-en-francia\/#georges-de-la-tour\">Georges de La Tour<\/a>. Pero quien ha dominado de manera m\u00e1s profunda la tradici\u00f3n de la <a href=\"https:\/\/www.aparences.net\/es\/periodos\/pintura-francesa-del-siglo-xvii\/nicolas-poussin-el-paisaje-historico\/\">pintura de historia, es Nicolas Poussin<\/a>.<\/p>\n\n\n\n<hr class=\"wp-block-separator has-alpha-channel-opacity\"\/>\n\n\n\n<h6 class=\"wp-block-heading\">Bibliograf\u00eda<\/h6>\n\n\n\n<ul class=\"wp-block-list\">\n<li>Chastel, Andr\u00e9. <em>L&#8217;art fran\u00e7ais III : Ancien r\u00e9gime<\/em>. Flammarion. Paris, 1994<\/li>\n\n\n\n<li>Thuillier, Jacques. <em>Du mani\u00e8risme romain \u00e0 l&#8217;atticisme parisien<\/em>. Revue du Louvre. Paris, 1980<\/li>\n\n\n\n<li>Allen, Christopher. <em>Le Grand Si\u00e8cle de la peinture fran\u00e7aise. <\/em>Thames &amp; Hudson, 2004<\/li>\n\n\n\n<li> Thuillier, Jacques.<em> <em>La peinture fran\u00e7aise au XVIIe si\u00e8cle.<\/em> <\/em>Skira. Gen\u00e8ve, <em>1992<\/em><\/li>\n\n\n\n<li>M\u00e9rot, Alain.<em> La peinture fran\u00e7aise au XVIIe si\u00e8cle. <\/em>Gallimard. Paris, 1994<\/li>\n<\/ul>\n","protected":false},"excerpt":{"rendered":"<p>Si el punto de partida de la pintura es la invenci\u00f3n, la expresi\u00f3n es la transformaci\u00f3n de esa invenci\u00f3n en formas inteligibles para el espectador.<\/p>\n","protected":false},"author":2,"featured_media":26414,"comment_status":"closed","ping_status":"closed","sticky":false,"template":"","format":"standard","meta":{"footnotes":""},"categories":[3169],"tags":[977,3762,3768,3769,896,1894,6094,1891,1895,976,3653,1197],"class_list":["post-13715","post","type-post","status-publish","format-standard","has-post-thumbnail","hentry","category-pintura-francesa-del-siglo-xvii","tag-ambroise-dubois","tag-ambroise-dubois-2","tag-bamboccianti","tag-manierismo-tardio-en-francia","tag-paris","tag-pieter-van-laer","tag-pintura-francesa-2","tag-quentin-varin","tag-sebastien-bourdon","tag-toussaint-dubreuil","tag-valentin-de-boulogne-es","tag-valentin-de-boulogne"],"yoast_head":"<!-- This site is optimized with the Yoast SEO plugin v27.2 - https:\/\/yoast.com\/product\/yoast-seo-wordpress\/ -->\n<title>Del manierismo al naturalismo<\/title>\n<meta name=\"description\" content=\"Si el punto de partida de la pintura es la invenci\u00f3n, la expresi\u00f3n es la transformaci\u00f3n de esa invenci\u00f3n en formas inteligibles para el espectador.\" \/>\n<meta name=\"robots\" content=\"index, follow, max-snippet:-1, max-image-preview:large, max-video-preview:-1\" \/>\n<link rel=\"canonical\" href=\"https:\/\/www.aparences.net\/es\/periodos\/pintura-francesa-del-siglo-xvii\/del-manierismo-al-naturalismo\/\" \/>\n<meta property=\"og:locale\" content=\"es_ES\" \/>\n<meta property=\"og:type\" content=\"article\" \/>\n<meta property=\"og:title\" content=\"Del manierismo al naturalismo\" \/>\n<meta property=\"og:description\" content=\"Si el punto de partida de la pintura es la invenci\u00f3n, la expresi\u00f3n es la transformaci\u00f3n de esa invenci\u00f3n en formas inteligibles para el espectador.\" \/>\n<meta property=\"og:url\" content=\"https:\/\/www.aparences.net\/es\/periodos\/pintura-francesa-del-siglo-xvii\/del-manierismo-al-naturalismo\/\" \/>\n<meta property=\"og:site_name\" content=\"Aparences\" \/>\n<meta property=\"article:published_time\" content=\"2017-02-19T22:59:22+00:00\" \/>\n<meta property=\"article:modified_time\" content=\"2025-12-11T18:40:56+00:00\" \/>\n<meta property=\"og:image\" content=\"https:\/\/www.aparences.net\/wp-content\/uploads\/2017\/02\/du-manierisme-au-naturalisme.jpg\" \/>\n\t<meta property=\"og:image:width\" content=\"1080\" \/>\n\t<meta property=\"og:image:height\" content=\"540\" \/>\n\t<meta property=\"og:image:type\" content=\"image\/jpeg\" \/>\n<meta name=\"author\" content=\"admin\" \/>\n<meta name=\"twitter:card\" content=\"summary_large_image\" \/>\n<meta name=\"twitter:label1\" content=\"Escrito por\" \/>\n\t<meta name=\"twitter:data1\" content=\"admin\" \/>\n\t<meta name=\"twitter:label2\" content=\"Tiempo de lectura\" \/>\n\t<meta name=\"twitter:data2\" content=\"16 minutos\" \/>\n<script type=\"application\/ld+json\" class=\"yoast-schema-graph\">{\"@context\":\"https:\/\/schema.org\",\"@graph\":[{\"@type\":\"Article\",\"@id\":\"https:\/\/www.aparences.net\/es\/periodos\/pintura-francesa-del-siglo-xvii\/del-manierismo-al-naturalismo\/#article\",\"isPartOf\":{\"@id\":\"https:\/\/www.aparences.net\/es\/periodos\/pintura-francesa-del-siglo-xvii\/del-manierismo-al-naturalismo\/\"},\"author\":{\"name\":\"admin\",\"@id\":\"https:\/\/www.aparences.net\/es\/#\/schema\/person\/af349f6ffc31b16c68963e61268afca5\"},\"headline\":\"Del manierismo al naturalismo\",\"datePublished\":\"2017-02-19T22:59:22+00:00\",\"dateModified\":\"2025-12-11T18:40:56+00:00\",\"mainEntityOfPage\":{\"@id\":\"https:\/\/www.aparences.net\/es\/periodos\/pintura-francesa-del-siglo-xvii\/del-manierismo-al-naturalismo\/\"},\"wordCount\":2656,\"publisher\":{\"@id\":\"https:\/\/www.aparences.net\/es\/#organization\"},\"image\":{\"@id\":\"https:\/\/www.aparences.net\/es\/periodos\/pintura-francesa-del-siglo-xvii\/del-manierismo-al-naturalismo\/#primaryimage\"},\"thumbnailUrl\":\"https:\/\/www.aparences.net\/wp-content\/uploads\/2017\/02\/du-manierisme-au-naturalisme.jpg\",\"keywords\":[\"Ambroise Dubois\",\"Ambroise Dubois\",\"bamboccianti\",\"manierismo tard\u00edo en Francia\",\"Paris\",\"Pieter van Laer\",\"pintura francesa\",\"Quentin Varin\",\"S\u00e9bastien Bourdon\",\"Toussaint Dubreuil\",\"Valentin de Boulogne\",\"Valentin de Boulogne\"],\"articleSection\":[\"Pintura francesa del siglo XVII\"],\"inLanguage\":\"es\"},{\"@type\":[\"WebPage\",\"ItemPage\"],\"@id\":\"https:\/\/www.aparences.net\/es\/periodos\/pintura-francesa-del-siglo-xvii\/del-manierismo-al-naturalismo\/\",\"url\":\"https:\/\/www.aparences.net\/es\/periodos\/pintura-francesa-del-siglo-xvii\/del-manierismo-al-naturalismo\/\",\"name\":\"Del manierismo al naturalismo\",\"isPartOf\":{\"@id\":\"https:\/\/www.aparences.net\/es\/#website\"},\"primaryImageOfPage\":{\"@id\":\"https:\/\/www.aparences.net\/es\/periodos\/pintura-francesa-del-siglo-xvii\/del-manierismo-al-naturalismo\/#primaryimage\"},\"image\":{\"@id\":\"https:\/\/www.aparences.net\/es\/periodos\/pintura-francesa-del-siglo-xvii\/del-manierismo-al-naturalismo\/#primaryimage\"},\"thumbnailUrl\":\"https:\/\/www.aparences.net\/wp-content\/uploads\/2017\/02\/du-manierisme-au-naturalisme.jpg\",\"datePublished\":\"2017-02-19T22:59:22+00:00\",\"dateModified\":\"2025-12-11T18:40:56+00:00\",\"description\":\"Si el punto de partida de la pintura es la invenci\u00f3n, la expresi\u00f3n es la transformaci\u00f3n de esa invenci\u00f3n en formas inteligibles para el espectador.\",\"breadcrumb\":{\"@id\":\"https:\/\/www.aparences.net\/es\/periodos\/pintura-francesa-del-siglo-xvii\/del-manierismo-al-naturalismo\/#breadcrumb\"},\"inLanguage\":\"es\",\"potentialAction\":[{\"@type\":\"ReadAction\",\"target\":[\"https:\/\/www.aparences.net\/es\/periodos\/pintura-francesa-del-siglo-xvii\/del-manierismo-al-naturalismo\/\"]}]},{\"@type\":\"ImageObject\",\"inLanguage\":\"es\",\"@id\":\"https:\/\/www.aparences.net\/es\/periodos\/pintura-francesa-del-siglo-xvii\/del-manierismo-al-naturalismo\/#primaryimage\",\"url\":\"https:\/\/www.aparences.net\/wp-content\/uploads\/2017\/02\/du-manierisme-au-naturalisme.jpg\",\"contentUrl\":\"https:\/\/www.aparences.net\/wp-content\/uploads\/2017\/02\/du-manierisme-au-naturalisme.jpg\",\"width\":1080,\"height\":540},{\"@type\":\"BreadcrumbList\",\"@id\":\"https:\/\/www.aparences.net\/es\/periodos\/pintura-francesa-del-siglo-xvii\/del-manierismo-al-naturalismo\/#breadcrumb\",\"itemListElement\":[{\"@type\":\"ListItem\",\"position\":1,\"name\":\"Portada\",\"item\":\"https:\/\/www.aparences.net\/es\/\"},{\"@type\":\"ListItem\",\"position\":2,\"name\":\"Del manierismo al naturalismo\"}]},{\"@type\":\"WebSite\",\"@id\":\"https:\/\/www.aparences.net\/es\/#website\",\"url\":\"https:\/\/www.aparences.net\/es\/\",\"name\":\"Aparences: Historia del Arte y Actualidad Cultural\",\"description\":\"\",\"publisher\":{\"@id\":\"https:\/\/www.aparences.net\/es\/#organization\"},\"potentialAction\":[{\"@type\":\"SearchAction\",\"target\":{\"@type\":\"EntryPoint\",\"urlTemplate\":\"https:\/\/www.aparences.net\/es\/?s={search_term_string}\"},\"query-input\":{\"@type\":\"PropertyValueSpecification\",\"valueRequired\":true,\"valueName\":\"search_term_string\"}}],\"inLanguage\":\"es\"},{\"@type\":\"Organization\",\"@id\":\"https:\/\/www.aparences.net\/es\/#organization\",\"name\":\"Aparences: Historia del Arte y Actualidad Cultural\",\"url\":\"https:\/\/www.aparences.net\/es\/\",\"logo\":{\"@type\":\"ImageObject\",\"inLanguage\":\"es\",\"@id\":\"https:\/\/www.aparences.net\/es\/#\/schema\/logo\/image\/\",\"url\":\"https:\/\/www.aparences.net\/wp-content\/uploads\/2023\/09\/logo-quadrat-color-e1695915315229.png\",\"contentUrl\":\"https:\/\/www.aparences.net\/wp-content\/uploads\/2023\/09\/logo-quadrat-color-e1695915315229.png\",\"width\":120,\"height\":120,\"caption\":\"Aparences: Historia del Arte y Actualidad Cultural\"},\"image\":{\"@id\":\"https:\/\/www.aparences.net\/es\/#\/schema\/logo\/image\/\"}},{\"@type\":\"Person\",\"@id\":\"https:\/\/www.aparences.net\/es\/#\/schema\/person\/af349f6ffc31b16c68963e61268afca5\",\"name\":\"admin\",\"url\":\"https:\/\/www.aparences.net\/es\/author\/admin\/\"}]}<\/script>\n<!-- \/ Yoast SEO plugin. -->","yoast_head_json":{"title":"Del manierismo al naturalismo","description":"Si el punto de partida de la pintura es la invenci\u00f3n, la expresi\u00f3n es la transformaci\u00f3n de esa invenci\u00f3n en formas inteligibles para el espectador.","robots":{"index":"index","follow":"follow","max-snippet":"max-snippet:-1","max-image-preview":"max-image-preview:large","max-video-preview":"max-video-preview:-1"},"canonical":"https:\/\/www.aparences.net\/es\/periodos\/pintura-francesa-del-siglo-xvii\/del-manierismo-al-naturalismo\/","og_locale":"es_ES","og_type":"article","og_title":"Del manierismo al naturalismo","og_description":"Si el punto de partida de la pintura es la invenci\u00f3n, la expresi\u00f3n es la transformaci\u00f3n de esa invenci\u00f3n en formas inteligibles para el espectador.","og_url":"https:\/\/www.aparences.net\/es\/periodos\/pintura-francesa-del-siglo-xvii\/del-manierismo-al-naturalismo\/","og_site_name":"Aparences","article_published_time":"2017-02-19T22:59:22+00:00","article_modified_time":"2025-12-11T18:40:56+00:00","og_image":[{"width":1080,"height":540,"url":"https:\/\/www.aparences.net\/wp-content\/uploads\/2017\/02\/du-manierisme-au-naturalisme.jpg","type":"image\/jpeg"}],"author":"admin","twitter_card":"summary_large_image","twitter_misc":{"Escrito por":"admin","Tiempo de lectura":"16 minutos"},"schema":{"@context":"https:\/\/schema.org","@graph":[{"@type":"Article","@id":"https:\/\/www.aparences.net\/es\/periodos\/pintura-francesa-del-siglo-xvii\/del-manierismo-al-naturalismo\/#article","isPartOf":{"@id":"https:\/\/www.aparences.net\/es\/periodos\/pintura-francesa-del-siglo-xvii\/del-manierismo-al-naturalismo\/"},"author":{"name":"admin","@id":"https:\/\/www.aparences.net\/es\/#\/schema\/person\/af349f6ffc31b16c68963e61268afca5"},"headline":"Del manierismo al naturalismo","datePublished":"2017-02-19T22:59:22+00:00","dateModified":"2025-12-11T18:40:56+00:00","mainEntityOfPage":{"@id":"https:\/\/www.aparences.net\/es\/periodos\/pintura-francesa-del-siglo-xvii\/del-manierismo-al-naturalismo\/"},"wordCount":2656,"publisher":{"@id":"https:\/\/www.aparences.net\/es\/#organization"},"image":{"@id":"https:\/\/www.aparences.net\/es\/periodos\/pintura-francesa-del-siglo-xvii\/del-manierismo-al-naturalismo\/#primaryimage"},"thumbnailUrl":"https:\/\/www.aparences.net\/wp-content\/uploads\/2017\/02\/du-manierisme-au-naturalisme.jpg","keywords":["Ambroise Dubois","Ambroise Dubois","bamboccianti","manierismo tard\u00edo en Francia","Paris","Pieter van Laer","pintura francesa","Quentin Varin","S\u00e9bastien Bourdon","Toussaint Dubreuil","Valentin de Boulogne","Valentin de Boulogne"],"articleSection":["Pintura francesa del siglo XVII"],"inLanguage":"es"},{"@type":["WebPage","ItemPage"],"@id":"https:\/\/www.aparences.net\/es\/periodos\/pintura-francesa-del-siglo-xvii\/del-manierismo-al-naturalismo\/","url":"https:\/\/www.aparences.net\/es\/periodos\/pintura-francesa-del-siglo-xvii\/del-manierismo-al-naturalismo\/","name":"Del manierismo al naturalismo","isPartOf":{"@id":"https:\/\/www.aparences.net\/es\/#website"},"primaryImageOfPage":{"@id":"https:\/\/www.aparences.net\/es\/periodos\/pintura-francesa-del-siglo-xvii\/del-manierismo-al-naturalismo\/#primaryimage"},"image":{"@id":"https:\/\/www.aparences.net\/es\/periodos\/pintura-francesa-del-siglo-xvii\/del-manierismo-al-naturalismo\/#primaryimage"},"thumbnailUrl":"https:\/\/www.aparences.net\/wp-content\/uploads\/2017\/02\/du-manierisme-au-naturalisme.jpg","datePublished":"2017-02-19T22:59:22+00:00","dateModified":"2025-12-11T18:40:56+00:00","description":"Si el punto de partida de la pintura es la invenci\u00f3n, la expresi\u00f3n es la transformaci\u00f3n de esa invenci\u00f3n en formas inteligibles para el espectador.","breadcrumb":{"@id":"https:\/\/www.aparences.net\/es\/periodos\/pintura-francesa-del-siglo-xvii\/del-manierismo-al-naturalismo\/#breadcrumb"},"inLanguage":"es","potentialAction":[{"@type":"ReadAction","target":["https:\/\/www.aparences.net\/es\/periodos\/pintura-francesa-del-siglo-xvii\/del-manierismo-al-naturalismo\/"]}]},{"@type":"ImageObject","inLanguage":"es","@id":"https:\/\/www.aparences.net\/es\/periodos\/pintura-francesa-del-siglo-xvii\/del-manierismo-al-naturalismo\/#primaryimage","url":"https:\/\/www.aparences.net\/wp-content\/uploads\/2017\/02\/du-manierisme-au-naturalisme.jpg","contentUrl":"https:\/\/www.aparences.net\/wp-content\/uploads\/2017\/02\/du-manierisme-au-naturalisme.jpg","width":1080,"height":540},{"@type":"BreadcrumbList","@id":"https:\/\/www.aparences.net\/es\/periodos\/pintura-francesa-del-siglo-xvii\/del-manierismo-al-naturalismo\/#breadcrumb","itemListElement":[{"@type":"ListItem","position":1,"name":"Portada","item":"https:\/\/www.aparences.net\/es\/"},{"@type":"ListItem","position":2,"name":"Del manierismo al naturalismo"}]},{"@type":"WebSite","@id":"https:\/\/www.aparences.net\/es\/#website","url":"https:\/\/www.aparences.net\/es\/","name":"Aparences: Historia del Arte y Actualidad Cultural","description":"","publisher":{"@id":"https:\/\/www.aparences.net\/es\/#organization"},"potentialAction":[{"@type":"SearchAction","target":{"@type":"EntryPoint","urlTemplate":"https:\/\/www.aparences.net\/es\/?s={search_term_string}"},"query-input":{"@type":"PropertyValueSpecification","valueRequired":true,"valueName":"search_term_string"}}],"inLanguage":"es"},{"@type":"Organization","@id":"https:\/\/www.aparences.net\/es\/#organization","name":"Aparences: Historia del Arte y Actualidad Cultural","url":"https:\/\/www.aparences.net\/es\/","logo":{"@type":"ImageObject","inLanguage":"es","@id":"https:\/\/www.aparences.net\/es\/#\/schema\/logo\/image\/","url":"https:\/\/www.aparences.net\/wp-content\/uploads\/2023\/09\/logo-quadrat-color-e1695915315229.png","contentUrl":"https:\/\/www.aparences.net\/wp-content\/uploads\/2023\/09\/logo-quadrat-color-e1695915315229.png","width":120,"height":120,"caption":"Aparences: Historia del Arte y Actualidad Cultural"},"image":{"@id":"https:\/\/www.aparences.net\/es\/#\/schema\/logo\/image\/"}},{"@type":"Person","@id":"https:\/\/www.aparences.net\/es\/#\/schema\/person\/af349f6ffc31b16c68963e61268afca5","name":"admin","url":"https:\/\/www.aparences.net\/es\/author\/admin\/"}]}},"_links":{"self":[{"href":"https:\/\/www.aparences.net\/es\/wp-json\/wp\/v2\/posts\/13715","targetHints":{"allow":["GET"]}}],"collection":[{"href":"https:\/\/www.aparences.net\/es\/wp-json\/wp\/v2\/posts"}],"about":[{"href":"https:\/\/www.aparences.net\/es\/wp-json\/wp\/v2\/types\/post"}],"author":[{"embeddable":true,"href":"https:\/\/www.aparences.net\/es\/wp-json\/wp\/v2\/users\/2"}],"replies":[{"embeddable":true,"href":"https:\/\/www.aparences.net\/es\/wp-json\/wp\/v2\/comments?post=13715"}],"version-history":[{"count":0,"href":"https:\/\/www.aparences.net\/es\/wp-json\/wp\/v2\/posts\/13715\/revisions"}],"wp:featuredmedia":[{"embeddable":true,"href":"https:\/\/www.aparences.net\/es\/wp-json\/wp\/v2\/media\/26414"}],"wp:attachment":[{"href":"https:\/\/www.aparences.net\/es\/wp-json\/wp\/v2\/media?parent=13715"}],"wp:term":[{"taxonomy":"category","embeddable":true,"href":"https:\/\/www.aparences.net\/es\/wp-json\/wp\/v2\/categories?post=13715"},{"taxonomy":"post_tag","embeddable":true,"href":"https:\/\/www.aparences.net\/es\/wp-json\/wp\/v2\/tags?post=13715"}],"curies":[{"name":"wp","href":"https:\/\/api.w.org\/{rel}","templated":true}]}}