{"id":13717,"date":"2017-02-20T00:01:01","date_gmt":"2017-02-19T23:01:01","guid":{"rendered":"https:\/\/www.aparences.net\/periodes\/peinture-francaise-du-xviie-siecle\/aticismo\/"},"modified":"2025-12-11T19:40:56","modified_gmt":"2025-12-11T18:40:56","slug":"aticismo","status":"publish","type":"post","link":"https:\/\/www.aparences.net\/es\/periodos\/pintura-francesa-del-siglo-xvii\/aticismo\/","title":{"rendered":"Aticismo"},"content":{"rendered":"<p><!--contents--><\/p>\n\n\n<h2 class=\"wp-block-heading\">El aticismo parisino<\/h2>\n\n\n\n<p>A partir de 1640 nace en torno a una \u00e9lite parisina el deseo de una pintura m\u00e1s profunda que busca reproducir, no \u00abun tema en particular, sino la especie de cada cosa en general\u00bb, seg\u00fan lo declarado por el acad\u00e9mico Teofrasto Renaudot en 1635. Mientras tanto, los grandes modelos de la antig\u00fcedad y el Renacimiento conocen una amplia difusi\u00f3n a trav\u00e9s de grabados, especialmente con los Segmenta del pintor Fran\u00e7ois Perrier, quien realiz\u00f3 una antolog\u00eda de las estatuas antiguas&nbsp;m\u00e1s famosas (1638), o las Logias de <a href=\"https:\/\/www.aparences.net\/es\/arte-y-mecenazgo\/los-fresquistas-florentinos\/la-obra-mural-de-rafael\/\">Rafael en el Vaticano<\/a> grabadas por Nicolas Chaperon (1649). La cultura francesa sufri\u00f3 una r\u00e1pida y profunda&nbsp; transformaci\u00f3n en los a\u00f1os que siguieron al retorno de <a href=\"https:\/\/www.aparences.net\/es\/periodos\/pintura-barroca\/la-pintura-barroca-en-francia\/#simon-vouet\">Simon Vouet<\/a> a Par\u00eds (1627). Fue la evoluci\u00f3n de la lengua francesa misma que estableci\u00f3 el paradigma que iba a ser adoptado por las artes visuales. Probablemente en 1641-1642, con la decoraci\u00f3n del Noviciado de los jesuitas, fundado por Sublet de Noyers, personaje del entorno de Richelieu a quien \u00e9ste confi\u00f3 la \u00ab pol\u00edtica art\u00edstica \u00bb del reino, fue cuando <strong>se puso de manifiesto esta nueva corriente de pintura<\/strong> a la que hoy llamamos \u00ab<strong>aticismo parisino<\/strong>\u00bb (<em>atticisme parisien<\/em>), nombre que <strong>Jacques Thuillier<\/strong> relacion\u00f3 con el <a href=\"https:\/\/www.aparences.net\/es\/periodos\/el-clasicismo\/el-clasicismo-en-pintura\/\">clasicismo<\/a> franc\u00e9s de la \u00e9poca.<\/p>\n\n\n<div class=\"wp-block-image\">\n<figure class=\"aligncenter\"><img loading=\"lazy\" decoding=\"async\" width=\"550\" height=\"460\" src=\"https:\/\/www.aparences.net\/wp-content\/uploads\/2017\/02\/la-hyre-mercure-et-bacchus.jpg\" alt=\"Mercurio entrega Baco a las ninfas, 1638, Laurent de La Hyre\" class=\"wp-image-17755\" title=\"Mercurio entrega Baco a las ninfas, 1638, Laurent de La Hyre\" srcset=\"https:\/\/www.aparences.net\/wp-content\/uploads\/2017\/02\/la-hyre-mercure-et-bacchus.jpg 550w, https:\/\/www.aparences.net\/wp-content\/uploads\/2017\/02\/la-hyre-mercure-et-bacchus-300x251.jpg 300w\" sizes=\"auto, (max-width: 550px) 100vw, 550px\" \/><figcaption class=\"wp-element-caption\"><em><strong>Mercurio entrega Baco a las ninfas<\/strong>, 1638, <strong>Laurent de La Hyre<\/strong> <\/em><br><em>(San Petersburgo, Museo del Hermitage)<\/em><\/figcaption><\/figure>\n<\/div>\n\n\n<p>Lo que Jacques Thuillier describe como \u00abAticismo\u00bb en pintores como <strong>Le Sueur<\/strong> o <strong>Laurent de La Hyre<\/strong> tamizado en el gusto romano de la \u00e9poca, es lo que mejor se acuerda con el deseo de la corte de Francia de asimilaci\u00f3n de lo cl\u00e1sico: los temas profanos y sagrados son tratados de acuerdo con la naturaleza de los objetos representados, pero en un estilo que reduce sutilmente la frontera entre el encanto y el recato de una Venus, o entre dulzura y austeridad en una Vida de san Bruno. En este \u00abAticismo Richelieu\u00bb, <strong>el gusto franc\u00e9s por el mito<\/strong> quiere hacer resurgir en la pintura de historia el siglo de Augusto. A pesar de sus fuentes latinas, va a ser una versi\u00f3n original, moderna y cristiana de la Antig\u00fcedad, un clasicismo no de imitaci\u00f3n pedante sino de rejuvenecida frescura inventiva.<\/p>\n\n\n<div class=\"wp-block-image\">\n<figure class=\"aligncenter\"><img loading=\"lazy\" decoding=\"async\" width=\"618\" height=\"436\" src=\"https:\/\/www.aparences.net\/wp-content\/uploads\/2017\/02\/francois-perrier-enee-combattant-harpyes-1.jpg\" alt=\"Eneas y sus compa\u00f1eros combaten a las Arp\u00edas, 1646-1647, Fran\u00e7ois Perrier\" class=\"wp-image-17756\" title=\"Eneas y sus compa\u00f1eros combaten a las Arp\u00edas, 1646-1647, Fran\u00e7ois Perrier\" srcset=\"https:\/\/www.aparences.net\/wp-content\/uploads\/2017\/02\/francois-perrier-enee-combattant-harpyes-1.jpg 618w, https:\/\/www.aparences.net\/wp-content\/uploads\/2017\/02\/francois-perrier-enee-combattant-harpyes-1-300x212.jpg 300w\" sizes=\"auto, (max-width: 618px) 100vw, 618px\" \/><figcaption class=\"wp-element-caption\"><em><strong>Eneas y sus compa\u00f1eros combaten a las Arp\u00edas<\/strong>, c. 1646-1647, <strong>Fran\u00e7ois Perrier<\/strong> <\/em><br><em>(Par\u00eds, Museo del Louvre)<\/em><\/figcaption><\/figure>\n<\/div>\n\n\n<p><em>Durante la segunda estancia de Perrier en Roma, periodo en el que el gusto evolucion\u00f3 significativamente, el pintor se dedic\u00f3 al estudio de la Antig\u00fcedad, haciendo que su estilo se volviera m\u00e1s riguroso y cl\u00e1sico, como lo demuestran las escenas mitol\u00f3gicas que pint\u00f3 m\u00e1s tarde en Par\u00eds en el hotel Lambert.<br><\/em><\/p>\n\n\n\n<!-- AdBoxRight2020 --><ins class=\"adsbygoogle\"     style=\"display:block; margin-top:30px;\"     data-ad-client=\"ca-pub-2468002815867636\"     data-ad-slot=\"3496014735\"     data-ad-format=\"auto\"     data-full-width-responsive=\"false\"><\/ins><script> (adsbygoogle = window.adsbygoogle || []).push({});<\/script><h2 class=\"wp-block-heading\">El patrocinio de las artes en Francia<\/h2>\n\n\n\n<p>Ni en la alta burgues\u00eda parlamentaria, ni en la llamada nobleza de espada, una erudita y austera, la otra aficionada a las fiestas para resarcirse de la crueldad de las guerras civiles, no era precisamente lo que pod\u00eda inducir al patrocinio de las artes en la Francia del siglo XVII. Ahora bien, la pintura necesita un medio de diletantes o amateurs numerosos y eruditos y con el gusto educado en comparar los talentos, como los tuvo la <a href=\"https:\/\/www.aparences.net\/es\/arte-y-mecenazgo\/florencia-y-los-medicis\/\">Florencia de los M\u00e9dicis<\/a>, la Roma de <a href=\"https:\/\/www.aparences.net\/es\/arte-y-mecenazgo\/roma-mecenazgo-y-poder-papal\/leon-x-giovanni-de-medicis\/\">Le\u00f3n X<\/a> y <a href=\"https:\/\/www.aparences.net\/es\/arte-y-mecenazgo\/roma-mecenazgo-y-poder-papal\/clemente-vii-medicis\/\">Clemente VII<\/a>, o Venecia con sus opulentos comerciantes. Tampoco antes de 1630&nbsp;se observa el esp\u00edritu del coleccionista ni entre los parlamentarios eruditos ni entre la nobleza de nacimiento. Pues bien, para un pintor humanista como <strong>Poussin<\/strong> o <strong>Stella<\/strong>, visitar de forma as\u00eddua las galer\u00edas, o a coleccionistas que hubieran reunido esculturas antiguas y pinturas del Renacimiento italiano, parec\u00eda indispensable para el ejercicio de su arte. Los grandes programas de la pintura parisina en tiempos de Luis XIII y Ana de Austria, aparte de encargos para el Louvre, el Palacio de Luxemburgo y el palacio Cardenal, tuvieron como teatro los grandes hoteles particulares construidos para clientes de fortuna reciente. Por ejemplo, uno de los mecenas que m\u00e1s se interes\u00f3 en el viejo Poussin fue un banquero parisino, Pointel (<em><strong>Eliezer y Rebeca<\/strong><\/em>, 1648). El renacimiento de la pintura francesa en el siglo XVII est\u00e1 estrechamente vinculado, tanto al despegue econ\u00f3mico del reino como a los logros pol\u00edticos de la monarqu\u00eda.<\/p>\n\n\n<div class=\"wp-block-image\">\n<figure class=\"aligncenter\"><img loading=\"lazy\" decoding=\"async\" width=\"620\" height=\"374\" src=\"https:\/\/www.aparences.net\/wp-content\/uploads\/2017\/02\/poussin-eliezer-et-rebecca.jpg\" alt=\"Eliezer y Rebeca en el pozo, 1648, Nicolas Poussin\" class=\"wp-image-17757\" title=\"Eliezer y Rebeca en el pozo, 1648, Nicolas Poussin\" srcset=\"https:\/\/www.aparences.net\/wp-content\/uploads\/2017\/02\/poussin-eliezer-et-rebecca.jpg 620w, https:\/\/www.aparences.net\/wp-content\/uploads\/2017\/02\/poussin-eliezer-et-rebecca-300x181.jpg 300w\" sizes=\"auto, (max-width: 620px) 100vw, 620px\" \/><figcaption class=\"wp-element-caption\"><em><strong>Eliezer y Rebeca en el pozo<\/strong>, 1648, <strong>Nicolas Poussin<\/strong> (Par\u00eds, Museo del Louvre)<\/em><\/figcaption><\/figure>\n<\/div>\n\n\n<p>Es probable que el modelo de los M\u00e9dicis que fueron duques en Florencia, papas en Roma, reinas en Francia, tambi\u00e9n influyera en el \u00e1mbito privado, en personajes ilustrados como el duque de Liancourt y especialmente en el mundo de las finanzas, \u00e1mbito fuertemente odiado por la opini\u00f3n p\u00fablica, pero que sab\u00eda usar del poder del dinero para ponerlo al servicio de un lujo principesco.<\/p>\n\n\n<div class=\"wp-block-image\">\n<figure class=\"aligncenter\"><img loading=\"lazy\" decoding=\"async\" width=\"372\" height=\"460\" src=\"https:\/\/www.aparences.net\/wp-content\/uploads\/2017\/02\/le-sueur-jeune-homme-a-l-epee.jpg\" alt=\"Joven con espada, 1640, Eustache Le Sueur\" class=\"wp-image-17758\" title=\"Joven con espada, 1640, Eustache Le Sueur\" srcset=\"https:\/\/www.aparences.net\/wp-content\/uploads\/2017\/02\/le-sueur-jeune-homme-a-l-epee.jpg 372w, https:\/\/www.aparences.net\/wp-content\/uploads\/2017\/02\/le-sueur-jeune-homme-a-l-epee-243x300.jpg 243w\" sizes=\"auto, (max-width: 372px) 100vw, 372px\" \/><figcaption class=\"wp-element-caption\"><em><strong>Joven con espada<\/strong>, 1640, <strong>Eustache Le Sueur<\/strong><\/em><br><em> (Hartford, Wadsworth Atheneum)<\/em><\/figcaption><\/figure>\n<\/div>\n\n\n<p>Para percibir toda la sutileza del <strong>aticismo de Le Sueur<\/strong>, debe recordarse que era un amigo cercano del m\u00e1s famoso lutista franc\u00e9s de la \u00e9poca, Denis Gaultier, con quien se represent\u00f3 en la <em><strong>Reuni\u00f3n de amigos<\/strong><\/em> del Louvre. Ambos tuvieron como protector a Anne de Chambr\u00e9, tesorero de Guerra de Louis XIII y el que encarg\u00f3 el magn\u00edfico manuscrito <em>La ret\u00f3rica de los dioses<\/em>, una compilaci\u00f3n de piezas de Gaultier ilustrado por Le Sueur. La dial\u00e9ctica, como ejemplo de la vitalidad de la cultura romana, entre arte oficial y arte privado, se repite en Par\u00eds. Anne de Chambr\u00e9, como los Chanteau, Fr\u00e9art de Chambray, Pointel quienes, desde Par\u00eds, ser\u00e1n los verdaderos patronos del gran <a href=\"https:\/\/www.aparences.net\/es\/periodos\/pintura-francesa-del-siglo-xvii\/nicolas-poussin-el-paisaje-historico\/\">Poussin del \u00faltimo per\u00edodo<\/a>, g\u00e9nero de coleccionistas ricos e ilustrados sin los cuales no existir\u00edan ejemplos de gran arte profano.<\/p>\n\n\n<div class=\"wp-block-image\">\n<figure class=\"aligncenter\"><img loading=\"lazy\" decoding=\"async\" width=\"557\" height=\"383\" src=\"https:\/\/www.aparences.net\/wp-content\/uploads\/2017\/02\/le-sueur-reunion-d-amis.jpg\" alt=\"Reuni\u00f3n de amigos, c. 1640, Eustache Le Sueur\" class=\"wp-image-17759\" title=\"Reuni\u00f3n de amigos, c. 1640, Eustache Le Sueur\" srcset=\"https:\/\/www.aparences.net\/wp-content\/uploads\/2017\/02\/le-sueur-reunion-d-amis.jpg 557w, https:\/\/www.aparences.net\/wp-content\/uploads\/2017\/02\/le-sueur-reunion-d-amis-300x206.jpg 300w\" sizes=\"auto, (max-width: 557px) 100vw, 557px\" \/><figcaption class=\"wp-element-caption\"><em><strong>Reuni\u00f3n de amigos<\/strong>, c. 1640, <strong>Eustache Le Sueur<\/strong> (Par\u00eds, Museo del Louvre)<\/em><\/figcaption><\/figure>\n<\/div>\n\n\n<p><em>El hombre del centro del cuadro que sostiene un comp\u00e1s es probablemente Anne de Chambr\u00e9, tesorero de Guerra. A su lado el famoso lutista Denis Gaultier. El propio Le Sueur a la izquierda a la edad de veinticuatro a\u00f1os; un oficial desconocido en el primer plano a la derecha y otro personaje no identificado representado como un cazador (Adonis o Meleagro) con su perro, a la izquierda.<br><\/em><\/p>\n\n\n<div class=\"wp-block-image\">\n<figure class=\"aligncenter\"><img loading=\"lazy\" decoding=\"async\" width=\"401\" height=\"403\" src=\"https:\/\/www.aparences.net\/wp-content\/uploads\/2017\/02\/le-sueur-reunion-d-amis-.jpg\" alt=\"Reuni\u00f3n de amigos, c. 1640, Eustache Le Sueur, detalle\" class=\"wp-image-17760\" title=\"Reuni\u00f3n de amigos, c. 1640, Eustache Le Sueur, detalle\" srcset=\"https:\/\/www.aparences.net\/wp-content\/uploads\/2017\/02\/le-sueur-reunion-d-amis-.jpg 401w, https:\/\/www.aparences.net\/wp-content\/uploads\/2017\/02\/le-sueur-reunion-d-amis--100x100.jpg 100w, https:\/\/www.aparences.net\/wp-content\/uploads\/2017\/02\/le-sueur-reunion-d-amis--90x90.jpg 90w, https:\/\/www.aparences.net\/wp-content\/uploads\/2017\/02\/le-sueur-reunion-d-amis--75x75.jpg 75w, https:\/\/www.aparences.net\/wp-content\/uploads\/2017\/02\/le-sueur-reunion-d-amis--300x300.jpg 300w\" sizes=\"auto, (max-width: 401px) 100vw, 401px\" \/><\/figure>\n<\/div>\n\n\n<p><em>Cada figura va asociada a una actividad, pero tambi\u00e9n a una alegor\u00eda de los sentidos: la vista (el pintor), el gusto (el criado trayendo frutos), el olfato (el cazador con su perro) y el tacto (el soldado que sostiene la bandera). Todos rodean al ge\u00f3metra, que representa la raz\u00f3n o el \u00absentido com\u00fan\u00bb <strong>evocado por Descartes<\/strong> en el comienzo de su \u00abDiscurso del m\u00e9todo\u00bb escrito a\u00f1os atr\u00e1s.<\/em><\/p>\n\n\n<div class=\"wp-block-image\">\n<figure class=\"aligncenter\"><img loading=\"lazy\" decoding=\"async\" width=\"610\" height=\"420\" src=\"https:\/\/www.aparences.net\/wp-content\/uploads\/2017\/02\/la-hyre-allegorie-regence.jpg\" alt=\"Alegor\u00eda de la regencia de Ana de Austria, 1648, Laurent de La Hyre\" class=\"wp-image-17761\" title=\"Alegor\u00eda de la regencia de Ana de Austria, 1648, Laurent de La Hyre\" srcset=\"https:\/\/www.aparences.net\/wp-content\/uploads\/2017\/02\/la-hyre-allegorie-regence.jpg 610w, https:\/\/www.aparences.net\/wp-content\/uploads\/2017\/02\/la-hyre-allegorie-regence-300x207.jpg 300w\" sizes=\"auto, (max-width: 610px) 100vw, 610px\" \/><figcaption class=\"wp-element-caption\"><em><strong>Alegor\u00eda de la regencia de Ana de Austria<\/strong>, 1648, <strong>Laurent de La Hyre<\/strong> <\/em><br><em>(Par\u00eds, Museo del Louvre)<\/em><\/figcaption><\/figure>\n<\/div>\n\n\n<p>De hecho, al igual que en <strong>Le Sueur<\/strong>, no existe un estilo <strong>La Hyre<\/strong> quien formado en <a href=\"https:\/\/www.aparences.net\/es\/arte-y-mecenazgo\/los-valois-y-la-escuela-de-fontainebleau\/\">Fontainebleau<\/a>, influenciado por <strong>Poussin<\/strong> e influenciado por el concepto cl\u00e1sico de <em>decorum<\/em>, sabe como adaptarse al gusto de los clientes. Esta ductilidad tambi\u00e9n se observa en Jacques Stella, amigo de Poussin. Su Alegor\u00eda de Luis XIII y de Richelieu (<em>La liberalidad de Tito<\/em>, Cambridge), cuyo academicismo oficial nos recuerda alegor\u00edas similares que <strong>el pintor de corte<\/strong> <a href=\"https:\/\/www.aparences.net\/es\/arte-y-mecenazgo\/los-valois-y-la-escuela-de-fontainebleau\/la-sociedad-cortesana-y-los-ultimos-valois\/#antoine-caron,-pintor-de-la-corte\">Antoine Caron<\/a> realizaba para Enrique III. Aqu\u00ed, el pintor se convierte en int\u00e9rprete d\u00f3cil del pensamiento de Richelieu y del mito mon\u00e1rquico de una Francia que se quiere heredera de la grandeza romana. Richelieu-Mecenas y Luis XIII-Augusto aparecen en majestad, resucitando el coro de las musas y los placeres de la paz.<\/p>\n\n\n<div class=\"wp-block-image\">\n<figure class=\"aligncenter\"><img loading=\"lazy\" decoding=\"async\" width=\"598\" height=\"350\" src=\"https:\/\/www.aparences.net\/wp-content\/uploads\/2017\/02\/stella-liberalite-de-titus.jpg\" alt=\"La liberalidad de Tito, c. 1637-1638, Jacques Stella\" class=\"wp-image-17762\" title=\"La liberalidad de Tito, c. 1637-1638, Jacques Stella\" srcset=\"https:\/\/www.aparences.net\/wp-content\/uploads\/2017\/02\/stella-liberalite-de-titus.jpg 598w, https:\/\/www.aparences.net\/wp-content\/uploads\/2017\/02\/stella-liberalite-de-titus-300x176.jpg 300w\" sizes=\"auto, (max-width: 598px) 100vw, 598px\" \/><figcaption class=\"wp-element-caption\"><em><strong>La liberalidad de Tito<\/strong>, c.1637-1638, <strong>Jacques Stella<\/strong> <\/em><br><em>(Cambridge, Harvard Art Museum)<\/em><\/figcaption><\/figure>\n<\/div>\n\n\n<p><em>En este lienzo, Luis XIII endosa el papel del emperador romano Tito, al lado de Richelieu. Las figuras que bailan hacen eco a un motivo recurrente en otras pinturas que adornaban el gabinete del rey en el palacio Richelieu: pinturas procedentes del antiguo <a href=\"https:\/\/www.aparences.net\/es\/arte-y-mecenazgo\/los-gonzaga-de-mantua\/el-studiolo-de-isabel-de-este\/\">studiolo de Isabella d&#8217;Este<\/a> en Mantua, y las Bacanales de Poussin.<\/em><\/p>\n\n\n\n<h2 class=\"wp-block-heading\">Las pinturas de Mayo<\/h2>\n\n\n\n<p>De 1630 a 1707, <strong>los orfebres de Par\u00eds<\/strong> encargaban cada a\u00f1o a un pintor un gran cuadro que <strong>ofrec\u00edan a la catedral de Notre Dame, en mayo<\/strong>, el mes de la Virgen, <strong>llamadas<\/strong> <strong><em>Mays de Notre-Dame<\/em><\/strong>; en total, una colecci\u00f3n de setenta y seis pinturas fueron regaladas a la catedral, que se colgaban en la nave. Estas sol\u00edan encargarse a j\u00f3venes pintores en el momento en que alcanzaban su madurez art\u00edstica, y ello significaba una gran oportunidad para mostrar su talento. A pesar de que hoy esta colecci\u00f3n se ha dispersado, y muchas pinturas se han perdido o est\u00e1n en mal estado, conservan un gran inter\u00e9s hist\u00f3rico, ya que nos permite seguir no s\u00f3lo la cota de ciertos artistas, sino tambi\u00e9n la evoluci\u00f3n del gusto art\u00edstico. El gran cuadro <em><strong>Predicaci\u00f3n de san Pablo en \u00c9feso<\/strong><\/em> (1649) de Le Sueur fue un <em>May<\/em> (mayo) y se refiere abiertamente al cart\u00f3n de Rafael, <em>San Pablo en Atenas<\/em>. La Hyre realiz\u00f3 dos lienzos, <em>San Pedro curando con su sombra<\/em> (1635) y la <em>Conversi\u00f3n de san Pablo<\/em> (1637). Estos dos cuadros fueron entregados a Notre Dame como \u00abmayos\u00bb y ponen de manifiesto el prestigio del que gozaba ya en aquel momento el pintor; el de 1642, la <em>Predicaci\u00f3n de san Pedro en Jerusal\u00e9n<\/em>, fue ejecutado por Charles Poerson, un alumno de Vouet. El de 1643 en un estilo m\u00e1s barroco, fue obra de S\u00e9bastien Bourdon. El de 1644, ejecutado por Michel Corneille padre, quien tambi\u00e9n formaba parte del taller de Vouet, se inspira ya en los cartones de Rafael, cinco a\u00f1os antes que Le Sueur.<\/p>\n\n\n<div class=\"wp-block-image\">\n<figure class=\"aligncenter\"><img loading=\"lazy\" decoding=\"async\" width=\"368\" height=\"435\" src=\"https:\/\/www.aparences.net\/wp-content\/uploads\/2017\/02\/le-sueur-predication-saint-paul.jpg\" alt=\"Predicaci\u00f3n de san Pablo en \u00c9feso, 1649, Eustache Le Sueur\" class=\"wp-image-17763\" title=\"Predicaci\u00f3n de san Pablo en \u00c9feso, 1649, Eustache Le Sueur\" srcset=\"https:\/\/www.aparences.net\/wp-content\/uploads\/2017\/02\/le-sueur-predication-saint-paul.jpg 368w, https:\/\/www.aparences.net\/wp-content\/uploads\/2017\/02\/le-sueur-predication-saint-paul-254x300.jpg 254w\" sizes=\"auto, (max-width: 368px) 100vw, 368px\" \/><\/figure>\n<\/div>\n\n<div class=\"wp-block-image\">\n<figure class=\"aligncenter\"><img loading=\"lazy\" decoding=\"async\" width=\"560\" height=\"370\" src=\"https:\/\/www.aparences.net\/wp-content\/uploads\/2017\/02\/le-sueur-predication-saint-paul-1-1.jpg\" alt=\"Predicaci\u00f3n de san Pablo en \u00c9feso, 1649, Eustache Le Sueur, detalle\" class=\"wp-image-17764\" title=\"Predicaci\u00f3n de san Pablo en \u00c9feso, 1649, Eustache Le Sueur, detalle\" srcset=\"https:\/\/www.aparences.net\/wp-content\/uploads\/2017\/02\/le-sueur-predication-saint-paul-1-1.jpg 560w, https:\/\/www.aparences.net\/wp-content\/uploads\/2017\/02\/le-sueur-predication-saint-paul-1-1-300x198.jpg 300w\" sizes=\"auto, (max-width: 560px) 100vw, 560px\" \/><figcaption class=\"wp-element-caption\"><em><strong>Predicaci\u00f3n de san Pablo en \u00c9feso<\/strong>, 1649, <strong>Eustache Le Sueur<\/strong> <\/em><br><em>(Par\u00eds, Museo del Louvre)<\/em><\/figcaption><\/figure>\n<\/div>\n\n\n<p><em>El tema de este gran lienzo es la predicaci\u00f3n del santo en \u00c9feso, donde el Ap\u00f3stol se convirti\u00f3 al cristianismo, san\u00f3 a los enfermos y expuls\u00f3 a los demonios. En la escena que se muestra aqu\u00ed Pablo induce a los magos a quemar sus libros.Fue en los a\u00f1os siguientes, hasta su muerte prematura en 1655 a la edad de treinta y ocho a\u00f1os, que el estilo de Le Sueur madur\u00f3 bajo la influencia de Rafael y de Poussin (este lienzo se refiere ya abiertamente a un cart\u00f3n de Rafael). La obra fue encargada por los maestros orfebres de Par\u00eds y exhibida en la nave de Notre Dame.<\/em><\/p>\n\n\n\n<!-- AdBoxLeft2023 --><ins class=\"adsbygoogle\" style=\"display:block\" data-ad-client=\"ca-pub-2468002815867636\" data-ad-slot=\"1318022963\" data-ad-format=\"auto\" data-full-width-responsive=\"true\"><\/ins><script> (adsbygoogle = window.adsbygoogle || []).push({});<\/script><h2 class=\"wp-block-heading\">Jacques Stella<\/h2>\n\n\n\n<p><strong>Jacques Stella<\/strong> (1597-1657),&nbsp; gran <strong>amigo y admirador de Poussin<\/strong>, durante su estancia en Roma, hab\u00eda recibido una invitaci\u00f3n del rey de Espa\u00f1a para venir a trabajar para \u00e9l, pero Richelieu le orden\u00f3 permanecer en Francia y le dio estipendio real y un apartamento en el Louvre. Influenciado por las <a href=\"https:\/\/www.aparences.net\/es\/periodos\/el-alto-renacimiento-en-pintura\/#rafael:-urbino,-florencia,-roma\">obras de Rafael<\/a> y del <a href=\"https:\/\/www.aparences.net\/es\/periodos\/pintura-barroca\/el-clasicismo\/#domenichino\">Domenichino<\/a>, a veces su estilo puede parecer ecl\u00e9ctico, pero en todo caso es vigoroso y elegante (<em>Juicio de Paris<\/em>, 1650, Hartford, Ct.), se aparenta m\u00e1s a La Hyre y a Le Sueur que a Vouet y deja entrever el <a href=\"https:\/\/www.aparences.net\/es\/periodos\/neoclasicismo\/\">neoclasicismo<\/a>. El cuadro <strong><em>Clelia atravesando el T\u00edber<\/em> <\/strong>es caracter\u00edstico de su estilo, por la gama fr\u00eda de sus colores, las modulaciones refinadas de sus formas y la elegancia casta. En <em><strong>La Virgen y san Jos\u00e9 encontrando a Jes\u00fas entre los doctores<\/strong><\/em> (1642), mientras adopta los mismos elementos b\u00e1sicos, <strong>Jacques Stella<\/strong> da una lecci\u00f3n de composici\u00f3n cl\u00e1sica a Vouet: en primer lugar, evita sobrecargar el lienzo de figuras; define con precisi\u00f3n el espacio en el que las figuras se mueven; se asegura de que la arquitectura del templo sea plausible desde el punto de vista arqueol\u00f3gico; por \u00faltimo, y lo m\u00e1s importante, analiza el tema, es decir, considera la forma m\u00e1s econ\u00f3mica de contar la historia y encuentra la expresi\u00f3n adecuada, en lugar de utilizar un repertorio de actitudes y gestos que el uso repetido y autom\u00e1tico lo vaciar\u00eda de significado.<\/p>\n\n\n<div class=\"wp-block-image\">\n<figure class=\"aligncenter\"><img loading=\"lazy\" decoding=\"async\" width=\"342\" height=\"460\" src=\"https:\/\/www.aparences.net\/wp-content\/uploads\/2017\/02\/jacques-stella-clelie-passant-le-tibre.jpg\" alt=\"Clelia atravesando el T\u00edber, 1640-1650, Jacques Stella\" class=\"wp-image-17765\" title=\"Clelia atravesando el T\u00edber, 1640-1650, Jacques Stella\" srcset=\"https:\/\/www.aparences.net\/wp-content\/uploads\/2017\/02\/jacques-stella-clelie-passant-le-tibre.jpg 342w, https:\/\/www.aparences.net\/wp-content\/uploads\/2017\/02\/jacques-stella-clelie-passant-le-tibre-223x300.jpg 223w\" sizes=\"auto, (max-width: 342px) 100vw, 342px\" \/><figcaption class=\"wp-element-caption\"><em><strong>Clelia atravesando el T\u00edber<\/strong>, 1640-1650, <\/em><br><em><strong>Jacques Stella<\/strong> (Par\u00eds, Museo del Louvre)<\/em><\/figcaption><\/figure>\n<\/div>\n\n<div class=\"wp-block-image\">\n<figure class=\"aligncenter\"><img loading=\"lazy\" decoding=\"async\" width=\"284\" height=\"460\" src=\"https:\/\/www.aparences.net\/wp-content\/uploads\/2017\/02\/jacques-stella-jesus-parmi-les-docteurs.jpg\" alt=\"La Virgen y san Jos\u00e9 encontrando a Jes\u00fas entre los doctores, 1642, Jacques Stella\" class=\"wp-image-17766\" title=\"La Virgen y san Jos\u00e9 encontrando a Jes\u00fas entre los doctores, 1642, Jacques Stella\" srcset=\"https:\/\/www.aparences.net\/wp-content\/uploads\/2017\/02\/jacques-stella-jesus-parmi-les-docteurs.jpg 284w, https:\/\/www.aparences.net\/wp-content\/uploads\/2017\/02\/jacques-stella-jesus-parmi-les-docteurs-185x300.jpg 185w\" sizes=\"auto, (max-width: 284px) 100vw, 284px\" \/><figcaption class=\"wp-element-caption\"><em><strong>La Virgen y san Jos\u00e9 encontrando a Jes\u00fas entre los doctores<\/strong>, 1642, <strong>Jacques Stella<\/strong> <\/em><br><em>(Les Andelys, iglesia de Notre-Dame)<\/em><\/figcaption><\/figure>\n<\/div>\n\n\n<p>Con la <em>Matanza de los inocentes<\/em> de Princeton y el <em><strong>Juicio de Paris<\/strong><\/em> de Hartford, <strong>Stella aparece bajo la influencia de su amigo Poussin<\/strong>, participando juntos en el esfuerzo por dar a la pintura francesa el gran estilo de la pintura de historia, pero huyendo, seguramente menos que \u00e9l, de una cierta frialdad pedante.<\/p>\n\n\n<div class=\"wp-block-image\">\n<figure class=\"aligncenter\"><img loading=\"lazy\" decoding=\"async\" width=\"573\" height=\"430\" src=\"https:\/\/www.aparences.net\/wp-content\/uploads\/2017\/02\/jacques-stella-jugement-de-paris.jpg\" alt=\"Juicio de Paris, 1650, Jacques Stella\" class=\"wp-image-17767\" title=\"Juicio de Paris, 1650, Jacques Stella\" srcset=\"https:\/\/www.aparences.net\/wp-content\/uploads\/2017\/02\/jacques-stella-jugement-de-paris.jpg 573w, https:\/\/www.aparences.net\/wp-content\/uploads\/2017\/02\/jacques-stella-jugement-de-paris-300x225.jpg 300w\" sizes=\"auto, (max-width: 573px) 100vw, 573px\" \/><figcaption class=\"wp-element-caption\"><em><strong>Juicio de Paris<\/strong>, 1650, <strong>Jacques Stella<\/strong> (Hartford, Wandsworth Atheneum)<\/em><\/figcaption><\/figure>\n<\/div>\n\n\n<h2 class=\"wp-block-heading\">Laurent de La Hyre<\/h2>\n\n\n\n<p>Con exclusi\u00f3n de Philippe de Champagne o Jacques Stella, el primer pintor a haber incorporado el nuevo estilo fue <strong>Laurent de La Hyre<\/strong> (1606-1656), que nunca fue alumno de Vouet, ni incluso fue influenciado por \u00e9l. De hecho, despu\u00e9s de un aprendizaje temprano con su padre, La Hyre fue a estudiar durante alg\u00fan tiempo en Fontainebleau, luego pass\u00f3 unos meses en el taller de Jean-Baptiste Lallemand antes de lanzarse a una carrera independiente. Al igual que otros artistas del aticismo parisino, y a diferencia de casi todos los pintores importantes que le precedieron y le sucedieron, La Hyre nunca viaj\u00f3 a Italia, pero una sinceridad entra\u00f1able emerge de su obra, y la variedad, la amplitud y la evoluci\u00f3n de su producci\u00f3n son impresionantes. En 1648, La Hyre fue uno de los miembros fundadores de la Academia y aquel mismo a\u00f1o pint\u00f3 la <em>Alegor\u00eda de la regencia de Ana de Austria<\/em> en honor de la benefactora de la nueva instituci\u00f3n. Su estilo alcanza su madurez en los \u00faltimos quince a\u00f1os de su vida, cuando pone en escena sus formas cl\u00e1sicas combinando naturaleza y arquitectura, como lo testifica una de las obras maestras de este per\u00edodo, la <em><strong>Muerte de los hijos de Betel<\/strong><\/em>. La violencia inherente a esta historia se sublima en una escena de duelo muy tranquilo. El lienzo fue pintado para el coleccionista Claude H\u00e9liot, antiguo alumno de los jesuitas que hab\u00eda viajado a Italia &#8211; donde hab\u00eda aprendido a pintar &#8211; y es probablemente el origen de este tema inusual.<\/p>\n\n\n<div class=\"wp-block-image\">\n<figure class=\"aligncenter\"><img loading=\"lazy\" decoding=\"async\" width=\"528\" height=\"397\" src=\"https:\/\/www.aparences.net\/wp-content\/uploads\/2017\/02\/la-hyre-mort-des-enfants-de-bhetel.jpg\" alt=\"Muerte de los hijos de Bethel, 1653, Laurent La Hyre\" class=\"wp-image-17768\" title=\"Muerte de los hijos de Bethel, 1653, Laurent La Hyre\" srcset=\"https:\/\/www.aparences.net\/wp-content\/uploads\/2017\/02\/la-hyre-mort-des-enfants-de-bhetel.jpg 528w, https:\/\/www.aparences.net\/wp-content\/uploads\/2017\/02\/la-hyre-mort-des-enfants-de-bhetel-300x226.jpg 300w\" sizes=\"auto, (max-width: 528px) 100vw, 528px\" \/><figcaption class=\"wp-element-caption\"><em><strong>Muerte de los hijos de Bethel<\/strong>, 1653, <strong>Laurent de La Hyre<\/strong> <\/em><br><em>(Arras, Museo de Bellas Artes)<\/em><\/figcaption><\/figure>\n<\/div>\n\n\n<p><em>Los ni\u00f1os de la ciudad de Bethel un d\u00eda se burlaron de la calvicie del profeta Eliseo, que los maldijo. Dos osos salieron del bosque y mataron a cuarenta y dos de ellos. Las figuras son representativas del estilo cl\u00e1sico de la madurez del pintor (la mujer joven en la parte inferior izquierda es particularmente bella) y est\u00e1n pintadas en un paisaje estructurado y solemnizado mediante ruinas antiguas.<\/em><\/p>\n\n\n\n<p>Los museos americanos poseen muchas obras maestras de <strong>Laurent de La Hyre<\/strong>. Adem\u00e1s de sus dos alegor\u00edas, <em>La alegor\u00eda de la m\u00fasica<\/em> (Nueva York)  que formaba parte de una serie de las Siete Artes Liberales encargada por G\u00e9d\u00e9on Tallemant para su casa en el barrio del Marais en Par\u00eds y la <em>Alianza de la Paz y la Justicia<\/em> (Cleveland), el <em>Job<\/em> de Norfolk cuyo decorado de arquitectura cl\u00e1sica, su noble coreograf\u00eda equilibrada por la simplicidad pastoral, es la ant\u00edtesis de lo que fue, m\u00e1s o menos al mismo tiempo, en el <a href=\"https:\/\/www.aparences.net\/es\/periodos\/pintura-barroca\/caravaggio-y-el-caravaggismo\/\">esp\u00edritu caravagesco<\/a>, un <a href=\"https:\/\/www.aparences.net\/es\/periodos\/pintura-barroca\/la-pintura-barroca-en-francia\/#georges-de-la-tour\">Georges de La Tour<\/a>: el <em>Job<\/em> del museo de Epinal de este \u00faltimo capta al h\u00e9roe b\u00edblico en el momento \u00e1lgido de su soledad moral mientras que la Hyre solo quiere mostrarlo en el momento de la reconciliaci\u00f3n. Hay que subrayar tambi\u00e9n el estilo narrativo de la pintura&nbsp;<em><strong>Ciro anuncia a Araspas que Pantea ha sido indultada<\/strong><\/em> que ilustra un acto de la tragedia <em>Penth\u00e9e<\/em>, que el poeta Tristan l\u2019Hermite hizo representar en 1638 y probablemente encargada por un mecenas privado, seducido a la vez por el arte del dramaturgo-poeta y por el pintor.<\/p>\n\n\n<div class=\"wp-block-image\">\n<figure class=\"aligncenter\"><img loading=\"lazy\" decoding=\"async\" width=\"332\" height=\"460\" src=\"https:\/\/www.aparences.net\/wp-content\/uploads\/2017\/02\/la-hyre-cyrus.jpg\" alt=\"Ciro anuncia a Araspas que Pantea ha sido indultada, 1638, Laurent de La Hyre\" class=\"wp-image-17769\" title=\"Ciro anuncia a Araspas que Pantea ha sido indultada, 1638, Laurent de La Hyre\" srcset=\"https:\/\/www.aparences.net\/wp-content\/uploads\/2017\/02\/la-hyre-cyrus.jpg 332w, https:\/\/www.aparences.net\/wp-content\/uploads\/2017\/02\/la-hyre-cyrus-217x300.jpg 217w\" sizes=\"auto, (max-width: 332px) 100vw, 332px\" \/><figcaption class=\"wp-element-caption\"><em><strong>Ciro anuncia a Araspas que Pantea ha sido indultada<\/strong>, 1638, <strong>Laurent de La Hyre<\/strong><\/em><br><em> (Chicago, The Art Institute)<\/em><\/figcaption><\/figure>\n<\/div>\n\n<div class=\"wp-block-image\">\n<figure class=\"aligncenter\"><img loading=\"lazy\" decoding=\"async\" width=\"588\" height=\"426\" src=\"https:\/\/www.aparences.net\/wp-content\/uploads\/2017\/02\/la-hyre-allegorie-musique.jpg\" alt=\"Alegor\u00eda de la M\u00fasica, 1649, Laurent de La Hyre\" class=\"wp-image-17770\" title=\"Alegor\u00eda de la M\u00fasica, 1649, Laurent de La Hyre\" srcset=\"https:\/\/www.aparences.net\/wp-content\/uploads\/2017\/02\/la-hyre-allegorie-musique.jpg 588w, https:\/\/www.aparences.net\/wp-content\/uploads\/2017\/02\/la-hyre-allegorie-musique-300x217.jpg 300w\" sizes=\"auto, (max-width: 588px) 100vw, 588px\" \/><figcaption class=\"wp-element-caption\"><em><strong>Alegor\u00eda de la M\u00fasica<\/strong>, 1649, <strong>Laurent de La Hyre<\/strong> <\/em><br><em>(Nueva York, Metropolitan Museum)<\/em><\/figcaption><\/figure>\n<\/div>\n\n\n<p>Mel\u00f3mano como Le Sueur, <strong>La Hyre<\/strong> tambi\u00e9n se interes\u00f3 en las investigaciones que se llevaban a cabo en Par\u00eds sobre la \u00f3ptica y la perspectiva de las que se informaba a trav\u00e9s de su amigo el matem\u00e1tico Desargues. Su clasicismo bajo la influencia de Poussin, toma incluso un car\u00e1cter arqueol\u00f3gico y erudito, como lo demuestra la ambiciosa pintura conservada en Budapest, <em><strong>Cornelia rechazando la corona de los Ptolomeos<\/strong><\/em> (1646).<\/p>\n\n\n<div class=\"wp-block-image\">\n<figure class=\"aligncenter\"><img loading=\"lazy\" decoding=\"async\" width=\"575\" height=\"430\" src=\"https:\/\/www.aparences.net\/wp-content\/uploads\/2017\/02\/la-hyre-cornelie-refuse-la-couronne.jpg\" alt=\"Cornelia rechazando la corona de los Ptolomeos, 1646, Laurent de La Hyre\" class=\"wp-image-17773\" title=\"Cornelia rechazando la corona de los Ptolomeos, 1646, Laurent de La Hyre\" srcset=\"https:\/\/www.aparences.net\/wp-content\/uploads\/2017\/02\/la-hyre-cornelie-refuse-la-couronne.jpg 575w, https:\/\/www.aparences.net\/wp-content\/uploads\/2017\/02\/la-hyre-cornelie-refuse-la-couronne-300x224.jpg 300w\" sizes=\"auto, (max-width: 575px) 100vw, 575px\" \/><figcaption class=\"wp-element-caption\"><em><strong>Cornelia, madre de los Gracos, rechazando la corona de los Ptolomeos<\/strong>, 1646, <\/em><br><em><strong>Laurent de La Hyre<\/strong> (Budapest, Museo de Bellas Artes)<\/em><\/figcaption><\/figure>\n<\/div>\n\n<div class=\"wp-block-image\">\n<figure class=\"aligncenter\"><img loading=\"lazy\" decoding=\"async\" width=\"386\" height=\"460\" src=\"https:\/\/www.aparences.net\/wp-content\/uploads\/2017\/02\/la-hyre-thesee-et-ethra.jpg\" alt=\"Teseo y Aethra encuentran las armas de su padre, 1635-1640, Laurent de La Hyre\" class=\"wp-image-17771\" title=\"Teseo y Aethra encuentran las armas de su padre, 1635-1640, Laurent de La Hyre\" srcset=\"https:\/\/www.aparences.net\/wp-content\/uploads\/2017\/02\/la-hyre-thesee-et-ethra.jpg 386w, https:\/\/www.aparences.net\/wp-content\/uploads\/2017\/02\/la-hyre-thesee-et-ethra-252x300.jpg 252w\" sizes=\"auto, (max-width: 386px) 100vw, 386px\" \/><figcaption class=\"wp-element-caption\"><em><strong>Teseo y Aethra encuentran las armas de su padre<\/strong>, 1635-1640, <strong>Laurent de La Hyre<\/strong><\/em><br><em> (Budapest, Museo de Bellas Artes)<\/em><\/figcaption><\/figure>\n<\/div>\n\n\n<!-- AfterArticle2023 --><ins class=\"adsbygoogle\"     style=\"display:block;margin-bottom:5px;\"     data-ad-client=\"ca-pub-2468002815867636\"     data-ad-slot=\"3955176166\"     data-ad-format=\"auto\"     data-full-width-responsive=\"true\"><\/ins><script> (adsbygoogle = window.adsbygoogle || []).push({});<\/script><h2 class=\"wp-block-heading\">Le Sueur y el gabinete de las Musas<\/h2>\n\n\n\n<p>Adepto a la pintura de historia desde muy joven, a mediados de la d\u00e9cada de 1640, <strong>Eustache Le Sueur<\/strong> (1616-1655) comenz\u00f3 a encontrar su propio estilo y se hizo r\u00e1pidamente famoso, trabajando simult\u00e1neamente en dos proyectos: una serie de pinturas sobre la vida de san Bruno, fundador de la orden de los cartujos, y en un estilo totalmente diferente, la b\u00f3veda del gabinete del Amor y el gabinete de las Musas, piezas del hotel particular de Lambert de Thorigny, presidente del Tribunal de Cuentas, para quien Le Sueur ya hab\u00eda trabajado. El hotel Lambert construido por Le Vau en la isla de Saint-Louis, contiene numerosas decoraciones y Le Sueur tambi\u00e9n intervino en el gabinete del Amor. Este \u00faltimo resume el talante de la pintura de la \u00e9poca en Par\u00eds. Estas estancias eran el equivalente franc\u00e9s del <em>studiolo<\/em> italiano: se trataba de salitas privadas destinadas al estudio, contiguas a los aposentos, y que a menudo se utilizaban para guardar la colecci\u00f3n de objetos de arte y curiosidades cient\u00edficas. Estas dos piezas segu\u00edan el modelo tradicional franc\u00e9s, con sus paredes y su techo recubiertos con paneles de madera en los que se introduc\u00edan pinturas al \u00f3leo.<\/p>\n\n\n<div class=\"wp-block-image\">\n<figure class=\"aligncenter\"><img loading=\"lazy\" decoding=\"async\" width=\"595\" height=\"410\" src=\"https:\/\/www.aparences.net\/wp-content\/uploads\/2017\/02\/le-sueur-les-muses.jpg\" alt=\"Las musas Cl\u00edo, Euterpe y Tal\u00eda, c. 1652-55, Eustache Le Sueur\" class=\"wp-image-17772\" title=\"Las musas Cl\u00edo, Euterpe y Tal\u00eda, c. 1652-55, Eustache Le Sueur\" srcset=\"https:\/\/www.aparences.net\/wp-content\/uploads\/2017\/02\/le-sueur-les-muses.jpg 595w, https:\/\/www.aparences.net\/wp-content\/uploads\/2017\/02\/le-sueur-les-muses-300x207.jpg 300w\" sizes=\"auto, (max-width: 595px) 100vw, 595px\" \/><figcaption class=\"wp-element-caption\"><em><strong>Las musas Cl\u00edo, Euterpe y Tal\u00eda<\/strong>, c. 1652-1655, <strong>Eustache Le Sueur<\/strong> <\/em><br><em>(Par\u00eds, Museo del Louvre)<\/em><\/figcaption><\/figure>\n<\/div>\n\n<div class=\"wp-block-image\">\n<figure class=\"aligncenter\"><img loading=\"lazy\" decoding=\"async\" width=\"387\" height=\"460\" src=\"https:\/\/www.aparences.net\/wp-content\/uploads\/2017\/02\/le-sueur-ganymede.jpg\" alt=\"Ganimedes raptado por J\u00fapiter, 1644, Eustache Le Sueur\" class=\"wp-image-17774\" title=\"Ganimedes raptado por J\u00fapiter, 1644, Eustache Le Sueur\" srcset=\"https:\/\/www.aparences.net\/wp-content\/uploads\/2017\/02\/le-sueur-ganymede.jpg 387w, https:\/\/www.aparences.net\/wp-content\/uploads\/2017\/02\/le-sueur-ganymede-252x300.jpg 252w\" sizes=\"auto, (max-width: 387px) 100vw, 387px\" \/><figcaption class=\"wp-element-caption\"><em><strong>Ganimedes raptado por J\u00fapiter<\/strong>, c. 1644, <\/em><br><em><strong>Eustache Le Sueur<\/strong> (Par\u00eds, Museo del Louvre)<\/em><\/figcaption><\/figure>\n<\/div>\n\n\n<p>En el techo del gabinete del Amor en el hotel Lambert de Par\u00eds, <strong>Le Sueur<\/strong> representa la historia de Amor personificado por Cupido, hijo de Venus, esta \u00faltima acompa\u00f1ada de las tres Gracias.<\/p>\n\n\n<div class=\"wp-block-image\">\n<figure class=\"aligncenter\"><img loading=\"lazy\" decoding=\"async\" width=\"595\" height=\"399\" src=\"https:\/\/www.aparences.net\/wp-content\/uploads\/2017\/02\/le-sueur-amour-recoit-hommage-diane.jpg\" alt=\"Amor recibe el homenaje de Diana, Apolo y Mercurio, 1646-47, Eustache Le Sueur\" class=\"wp-image-17775\" title=\"Amor recibe el homenaje de Diana, Apolo y Mercurio, 1646-47, Eustache Le Sueur\" srcset=\"https:\/\/www.aparences.net\/wp-content\/uploads\/2017\/02\/le-sueur-amour-recoit-hommage-diane.jpg 595w, https:\/\/www.aparences.net\/wp-content\/uploads\/2017\/02\/le-sueur-amour-recoit-hommage-diane-300x201.jpg 300w\" sizes=\"auto, (max-width: 595px) 100vw, 595px\" \/><figcaption class=\"wp-element-caption\"><em><strong>Amor recibe el homenaje de Diana, Apolo y Mercurio<\/strong>, c. 1646 a 1647, <\/em><br><em><strong>Eustache Le Sueur<\/strong> (Par\u00eds, Museo del Louvre)<\/em><\/figcaption><\/figure>\n<\/div>\n\n\n<p>Alumno de Vouet,<strong> Le Sueur<\/strong> introdujo en la <strong>pintura francesa<\/strong> el equilibrio de la simplicidad dentro de la grandeza y el modo de practicar la alabanza sin adulaci\u00f3n. Este arte de la justa medida Le Sueur lo llevar\u00e1 con m\u00e1s rigor que su maestro hasta la asc\u00e9tica de un estilo \u00e1tico. Encontramos muchos ejemplos: desde el retrato <em>Joven con espada <\/em>(ver m\u00e1s arriba) tipo de gentilhombre orgulloso que puede ser al mismo tiempo \u00abhombre honesto\u00bb, a un episodio del famoso texto de Francesco Colonna <em>El sue\u00f1o de Pol\u00edfilo<\/em> publicado en 1499 y traducido al franc\u00e9s en 1546, ejecutado con un amplio lirismo hecho de ligereza y equilibrio.<\/p>\n\n\n<div class=\"wp-block-image\">\n<figure class=\"aligncenter\"><img loading=\"lazy\" decoding=\"async\" width=\"610\" height=\"427\" src=\"https:\/\/www.aparences.net\/wp-content\/uploads\/2017\/02\/le-sueur-poliphile.jpg\" alt=\"Pol\u00edfilo se arrodilla ante la Reina Eleuterylida, 1636-1645, Eustache Le Sueur\" class=\"wp-image-17776\" title=\"Pol\u00edfilo se arrodilla ante la Reina Eleuterylida, 1636-1645, Eustache Le Sueur\" srcset=\"https:\/\/www.aparences.net\/wp-content\/uploads\/2017\/02\/le-sueur-poliphile.jpg 610w, https:\/\/www.aparences.net\/wp-content\/uploads\/2017\/02\/le-sueur-poliphile-300x210.jpg 300w\" sizes=\"auto, (max-width: 610px) 100vw, 610px\" \/><figcaption class=\"wp-element-caption\"><em><strong><span class=\"st\">Pol\u00edfilo se arrodilla ante la Reina Eleuterylida<\/span><\/strong>, 1636-1645, <strong>Eustache Le Sueur<\/strong><\/em><br><em> (Rouen, Museo de Bellas Artes)<\/em><\/figcaption><\/figure>\n<\/div>\n\n\n<hr class=\"wp-block-separator has-alpha-channel-opacity\"\/>\n\n\n\n<h6 class=\"wp-block-heading\">Bibliograf\u00eda<\/h6>\n\n\n\n<ul class=\"wp-block-list\">\n<li>Chastel, Andr\u00e9. <em>L&#8217;art fran\u00e7ais III : Ancien r\u00e9gime<\/em>. Flammarion. Paris, 1994<\/li>\n\n\n\n<li>Thuillier, Jacques. <em>Du mani\u00e8risme romain \u00e0 l&#8217;atticisme parisien<\/em>. Revue du Louvre. Paris, 1980<\/li>\n\n\n\n<li>Allen, Christopher. <em>Le Grand Si\u00e8cle de la peinture fran\u00e7aise. <\/em>Thames &amp; Hudson, 2004<\/li>\n\n\n\n<li> Thuillier, Jacques.<em> <em>La peinture fran\u00e7aise au XVIIe si\u00e8cle.<\/em> <\/em>Skira. Gen\u00e8ve, <em>1992<\/em><\/li>\n\n\n\n<li>M\u00e9rot, Alain.<em> La peinture fran\u00e7aise au XVIIe si\u00e8cle. <\/em>Gallimard. Paris, 1994<\/li>\n<\/ul>\n","protected":false},"excerpt":{"rendered":"<p>Fue la evoluci\u00f3n de la lengua francesa misma que estableci\u00f3 el paradigma que iba a ser adoptado por las artes visuales.<\/p>\n","protected":false},"author":2,"featured_media":26418,"comment_status":"closed","ping_status":"closed","sticky":false,"template":"","format":"standard","meta":{"footnotes":""},"categories":[3169],"tags":[3027,3751,846,3755,3754,3756,6094],"class_list":["post-13717","post","type-post","status-publish","format-standard","has-post-thumbnail","hentry","category-pintura-francesa-del-siglo-xvii","tag-aticismo-parisino","tag-clasicismo-frances","tag-classicisme","tag-eustache-le-sueur-2","tag-jacques-stella-2","tag-laurent-de-la-hyre-2","tag-pintura-francesa-2"],"yoast_head":"<!-- This site is optimized with the Yoast SEO plugin v27.2 - https:\/\/yoast.com\/product\/yoast-seo-wordpress\/ -->\n<title>Aticismo<\/title>\n<meta name=\"description\" content=\"Fue la evoluci\u00f3n de la lengua francesa misma que estableci\u00f3 el paradigma que iba a ser adoptado por las artes visuales.\" \/>\n<meta name=\"robots\" content=\"index, follow, max-snippet:-1, max-image-preview:large, max-video-preview:-1\" \/>\n<link rel=\"canonical\" href=\"https:\/\/www.aparences.net\/es\/periodos\/pintura-francesa-del-siglo-xvii\/aticismo\/\" \/>\n<meta property=\"og:locale\" content=\"es_ES\" \/>\n<meta property=\"og:type\" content=\"article\" \/>\n<meta property=\"og:title\" content=\"Aticismo\" \/>\n<meta property=\"og:description\" content=\"Fue la evoluci\u00f3n de la lengua francesa misma que estableci\u00f3 el paradigma que iba a ser adoptado por las artes visuales.\" \/>\n<meta property=\"og:url\" content=\"https:\/\/www.aparences.net\/es\/periodos\/pintura-francesa-del-siglo-xvii\/aticismo\/\" \/>\n<meta property=\"og:site_name\" content=\"Aparences\" \/>\n<meta property=\"article:published_time\" content=\"2017-02-19T23:01:01+00:00\" \/>\n<meta property=\"article:modified_time\" content=\"2025-12-11T18:40:56+00:00\" \/>\n<meta property=\"og:image\" content=\"https:\/\/www.aparences.net\/wp-content\/uploads\/2017\/02\/l-atticisme.jpg\" \/>\n\t<meta property=\"og:image:width\" content=\"1080\" \/>\n\t<meta property=\"og:image:height\" content=\"540\" \/>\n\t<meta property=\"og:image:type\" content=\"image\/jpeg\" \/>\n<meta name=\"author\" content=\"admin\" \/>\n<meta name=\"twitter:card\" content=\"summary_large_image\" \/>\n<meta name=\"twitter:label1\" content=\"Escrito por\" \/>\n\t<meta name=\"twitter:data1\" content=\"admin\" \/>\n\t<meta name=\"twitter:label2\" content=\"Tiempo de lectura\" \/>\n\t<meta name=\"twitter:data2\" content=\"19 minutos\" \/>\n<script type=\"application\/ld+json\" class=\"yoast-schema-graph\">{\"@context\":\"https:\/\/schema.org\",\"@graph\":[{\"@type\":\"Article\",\"@id\":\"https:\/\/www.aparences.net\/es\/periodos\/pintura-francesa-del-siglo-xvii\/aticismo\/#article\",\"isPartOf\":{\"@id\":\"https:\/\/www.aparences.net\/es\/periodos\/pintura-francesa-del-siglo-xvii\/aticismo\/\"},\"author\":{\"name\":\"admin\",\"@id\":\"https:\/\/www.aparences.net\/es\/#\/schema\/person\/af349f6ffc31b16c68963e61268afca5\"},\"headline\":\"Aticismo\",\"datePublished\":\"2017-02-19T23:01:01+00:00\",\"dateModified\":\"2025-12-11T18:40:56+00:00\",\"mainEntityOfPage\":{\"@id\":\"https:\/\/www.aparences.net\/es\/periodos\/pintura-francesa-del-siglo-xvii\/aticismo\/\"},\"wordCount\":3295,\"publisher\":{\"@id\":\"https:\/\/www.aparences.net\/es\/#organization\"},\"image\":{\"@id\":\"https:\/\/www.aparences.net\/es\/periodos\/pintura-francesa-del-siglo-xvii\/aticismo\/#primaryimage\"},\"thumbnailUrl\":\"https:\/\/www.aparences.net\/wp-content\/uploads\/2017\/02\/l-atticisme.jpg\",\"keywords\":[\"aticismo parisino\",\"clasicismo franc\u00e9s\",\"classicisme\",\"Eustache Le Sueur\",\"Jacques Stella\",\"Laurent de La Hyre\",\"pintura francesa\"],\"articleSection\":[\"Pintura francesa del siglo XVII\"],\"inLanguage\":\"es\"},{\"@type\":[\"WebPage\",\"ItemPage\"],\"@id\":\"https:\/\/www.aparences.net\/es\/periodos\/pintura-francesa-del-siglo-xvii\/aticismo\/\",\"url\":\"https:\/\/www.aparences.net\/es\/periodos\/pintura-francesa-del-siglo-xvii\/aticismo\/\",\"name\":\"Aticismo\",\"isPartOf\":{\"@id\":\"https:\/\/www.aparences.net\/es\/#website\"},\"primaryImageOfPage\":{\"@id\":\"https:\/\/www.aparences.net\/es\/periodos\/pintura-francesa-del-siglo-xvii\/aticismo\/#primaryimage\"},\"image\":{\"@id\":\"https:\/\/www.aparences.net\/es\/periodos\/pintura-francesa-del-siglo-xvii\/aticismo\/#primaryimage\"},\"thumbnailUrl\":\"https:\/\/www.aparences.net\/wp-content\/uploads\/2017\/02\/l-atticisme.jpg\",\"datePublished\":\"2017-02-19T23:01:01+00:00\",\"dateModified\":\"2025-12-11T18:40:56+00:00\",\"description\":\"Fue la evoluci\u00f3n de la lengua francesa misma que estableci\u00f3 el paradigma que iba a ser adoptado por las artes visuales.\",\"breadcrumb\":{\"@id\":\"https:\/\/www.aparences.net\/es\/periodos\/pintura-francesa-del-siglo-xvii\/aticismo\/#breadcrumb\"},\"inLanguage\":\"es\",\"potentialAction\":[{\"@type\":\"ReadAction\",\"target\":[\"https:\/\/www.aparences.net\/es\/periodos\/pintura-francesa-del-siglo-xvii\/aticismo\/\"]}]},{\"@type\":\"ImageObject\",\"inLanguage\":\"es\",\"@id\":\"https:\/\/www.aparences.net\/es\/periodos\/pintura-francesa-del-siglo-xvii\/aticismo\/#primaryimage\",\"url\":\"https:\/\/www.aparences.net\/wp-content\/uploads\/2017\/02\/l-atticisme.jpg\",\"contentUrl\":\"https:\/\/www.aparences.net\/wp-content\/uploads\/2017\/02\/l-atticisme.jpg\",\"width\":1080,\"height\":540},{\"@type\":\"BreadcrumbList\",\"@id\":\"https:\/\/www.aparences.net\/es\/periodos\/pintura-francesa-del-siglo-xvii\/aticismo\/#breadcrumb\",\"itemListElement\":[{\"@type\":\"ListItem\",\"position\":1,\"name\":\"Portada\",\"item\":\"https:\/\/www.aparences.net\/es\/\"},{\"@type\":\"ListItem\",\"position\":2,\"name\":\"Aticismo\"}]},{\"@type\":\"WebSite\",\"@id\":\"https:\/\/www.aparences.net\/es\/#website\",\"url\":\"https:\/\/www.aparences.net\/es\/\",\"name\":\"Aparences: Historia del Arte y Actualidad Cultural\",\"description\":\"\",\"publisher\":{\"@id\":\"https:\/\/www.aparences.net\/es\/#organization\"},\"potentialAction\":[{\"@type\":\"SearchAction\",\"target\":{\"@type\":\"EntryPoint\",\"urlTemplate\":\"https:\/\/www.aparences.net\/es\/?s={search_term_string}\"},\"query-input\":{\"@type\":\"PropertyValueSpecification\",\"valueRequired\":true,\"valueName\":\"search_term_string\"}}],\"inLanguage\":\"es\"},{\"@type\":\"Organization\",\"@id\":\"https:\/\/www.aparences.net\/es\/#organization\",\"name\":\"Aparences: Historia del Arte y Actualidad Cultural\",\"url\":\"https:\/\/www.aparences.net\/es\/\",\"logo\":{\"@type\":\"ImageObject\",\"inLanguage\":\"es\",\"@id\":\"https:\/\/www.aparences.net\/es\/#\/schema\/logo\/image\/\",\"url\":\"https:\/\/www.aparences.net\/wp-content\/uploads\/2023\/09\/logo-quadrat-color-e1695915315229.png\",\"contentUrl\":\"https:\/\/www.aparences.net\/wp-content\/uploads\/2023\/09\/logo-quadrat-color-e1695915315229.png\",\"width\":120,\"height\":120,\"caption\":\"Aparences: Historia del Arte y Actualidad Cultural\"},\"image\":{\"@id\":\"https:\/\/www.aparences.net\/es\/#\/schema\/logo\/image\/\"}},{\"@type\":\"Person\",\"@id\":\"https:\/\/www.aparences.net\/es\/#\/schema\/person\/af349f6ffc31b16c68963e61268afca5\",\"name\":\"admin\",\"url\":\"https:\/\/www.aparences.net\/es\/author\/admin\/\"}]}<\/script>\n<!-- \/ Yoast SEO plugin. -->","yoast_head_json":{"title":"Aticismo","description":"Fue la evoluci\u00f3n de la lengua francesa misma que estableci\u00f3 el paradigma que iba a ser adoptado por las artes visuales.","robots":{"index":"index","follow":"follow","max-snippet":"max-snippet:-1","max-image-preview":"max-image-preview:large","max-video-preview":"max-video-preview:-1"},"canonical":"https:\/\/www.aparences.net\/es\/periodos\/pintura-francesa-del-siglo-xvii\/aticismo\/","og_locale":"es_ES","og_type":"article","og_title":"Aticismo","og_description":"Fue la evoluci\u00f3n de la lengua francesa misma que estableci\u00f3 el paradigma que iba a ser adoptado por las artes visuales.","og_url":"https:\/\/www.aparences.net\/es\/periodos\/pintura-francesa-del-siglo-xvii\/aticismo\/","og_site_name":"Aparences","article_published_time":"2017-02-19T23:01:01+00:00","article_modified_time":"2025-12-11T18:40:56+00:00","og_image":[{"width":1080,"height":540,"url":"https:\/\/www.aparences.net\/wp-content\/uploads\/2017\/02\/l-atticisme.jpg","type":"image\/jpeg"}],"author":"admin","twitter_card":"summary_large_image","twitter_misc":{"Escrito por":"admin","Tiempo de lectura":"19 minutos"},"schema":{"@context":"https:\/\/schema.org","@graph":[{"@type":"Article","@id":"https:\/\/www.aparences.net\/es\/periodos\/pintura-francesa-del-siglo-xvii\/aticismo\/#article","isPartOf":{"@id":"https:\/\/www.aparences.net\/es\/periodos\/pintura-francesa-del-siglo-xvii\/aticismo\/"},"author":{"name":"admin","@id":"https:\/\/www.aparences.net\/es\/#\/schema\/person\/af349f6ffc31b16c68963e61268afca5"},"headline":"Aticismo","datePublished":"2017-02-19T23:01:01+00:00","dateModified":"2025-12-11T18:40:56+00:00","mainEntityOfPage":{"@id":"https:\/\/www.aparences.net\/es\/periodos\/pintura-francesa-del-siglo-xvii\/aticismo\/"},"wordCount":3295,"publisher":{"@id":"https:\/\/www.aparences.net\/es\/#organization"},"image":{"@id":"https:\/\/www.aparences.net\/es\/periodos\/pintura-francesa-del-siglo-xvii\/aticismo\/#primaryimage"},"thumbnailUrl":"https:\/\/www.aparences.net\/wp-content\/uploads\/2017\/02\/l-atticisme.jpg","keywords":["aticismo parisino","clasicismo franc\u00e9s","classicisme","Eustache Le Sueur","Jacques Stella","Laurent de La Hyre","pintura francesa"],"articleSection":["Pintura francesa del siglo XVII"],"inLanguage":"es"},{"@type":["WebPage","ItemPage"],"@id":"https:\/\/www.aparences.net\/es\/periodos\/pintura-francesa-del-siglo-xvii\/aticismo\/","url":"https:\/\/www.aparences.net\/es\/periodos\/pintura-francesa-del-siglo-xvii\/aticismo\/","name":"Aticismo","isPartOf":{"@id":"https:\/\/www.aparences.net\/es\/#website"},"primaryImageOfPage":{"@id":"https:\/\/www.aparences.net\/es\/periodos\/pintura-francesa-del-siglo-xvii\/aticismo\/#primaryimage"},"image":{"@id":"https:\/\/www.aparences.net\/es\/periodos\/pintura-francesa-del-siglo-xvii\/aticismo\/#primaryimage"},"thumbnailUrl":"https:\/\/www.aparences.net\/wp-content\/uploads\/2017\/02\/l-atticisme.jpg","datePublished":"2017-02-19T23:01:01+00:00","dateModified":"2025-12-11T18:40:56+00:00","description":"Fue la evoluci\u00f3n de la lengua francesa misma que estableci\u00f3 el paradigma que iba a ser adoptado por las artes visuales.","breadcrumb":{"@id":"https:\/\/www.aparences.net\/es\/periodos\/pintura-francesa-del-siglo-xvii\/aticismo\/#breadcrumb"},"inLanguage":"es","potentialAction":[{"@type":"ReadAction","target":["https:\/\/www.aparences.net\/es\/periodos\/pintura-francesa-del-siglo-xvii\/aticismo\/"]}]},{"@type":"ImageObject","inLanguage":"es","@id":"https:\/\/www.aparences.net\/es\/periodos\/pintura-francesa-del-siglo-xvii\/aticismo\/#primaryimage","url":"https:\/\/www.aparences.net\/wp-content\/uploads\/2017\/02\/l-atticisme.jpg","contentUrl":"https:\/\/www.aparences.net\/wp-content\/uploads\/2017\/02\/l-atticisme.jpg","width":1080,"height":540},{"@type":"BreadcrumbList","@id":"https:\/\/www.aparences.net\/es\/periodos\/pintura-francesa-del-siglo-xvii\/aticismo\/#breadcrumb","itemListElement":[{"@type":"ListItem","position":1,"name":"Portada","item":"https:\/\/www.aparences.net\/es\/"},{"@type":"ListItem","position":2,"name":"Aticismo"}]},{"@type":"WebSite","@id":"https:\/\/www.aparences.net\/es\/#website","url":"https:\/\/www.aparences.net\/es\/","name":"Aparences: Historia del Arte y Actualidad Cultural","description":"","publisher":{"@id":"https:\/\/www.aparences.net\/es\/#organization"},"potentialAction":[{"@type":"SearchAction","target":{"@type":"EntryPoint","urlTemplate":"https:\/\/www.aparences.net\/es\/?s={search_term_string}"},"query-input":{"@type":"PropertyValueSpecification","valueRequired":true,"valueName":"search_term_string"}}],"inLanguage":"es"},{"@type":"Organization","@id":"https:\/\/www.aparences.net\/es\/#organization","name":"Aparences: Historia del Arte y Actualidad Cultural","url":"https:\/\/www.aparences.net\/es\/","logo":{"@type":"ImageObject","inLanguage":"es","@id":"https:\/\/www.aparences.net\/es\/#\/schema\/logo\/image\/","url":"https:\/\/www.aparences.net\/wp-content\/uploads\/2023\/09\/logo-quadrat-color-e1695915315229.png","contentUrl":"https:\/\/www.aparences.net\/wp-content\/uploads\/2023\/09\/logo-quadrat-color-e1695915315229.png","width":120,"height":120,"caption":"Aparences: Historia del Arte y Actualidad Cultural"},"image":{"@id":"https:\/\/www.aparences.net\/es\/#\/schema\/logo\/image\/"}},{"@type":"Person","@id":"https:\/\/www.aparences.net\/es\/#\/schema\/person\/af349f6ffc31b16c68963e61268afca5","name":"admin","url":"https:\/\/www.aparences.net\/es\/author\/admin\/"}]}},"_links":{"self":[{"href":"https:\/\/www.aparences.net\/es\/wp-json\/wp\/v2\/posts\/13717","targetHints":{"allow":["GET"]}}],"collection":[{"href":"https:\/\/www.aparences.net\/es\/wp-json\/wp\/v2\/posts"}],"about":[{"href":"https:\/\/www.aparences.net\/es\/wp-json\/wp\/v2\/types\/post"}],"author":[{"embeddable":true,"href":"https:\/\/www.aparences.net\/es\/wp-json\/wp\/v2\/users\/2"}],"replies":[{"embeddable":true,"href":"https:\/\/www.aparences.net\/es\/wp-json\/wp\/v2\/comments?post=13717"}],"version-history":[{"count":0,"href":"https:\/\/www.aparences.net\/es\/wp-json\/wp\/v2\/posts\/13717\/revisions"}],"wp:featuredmedia":[{"embeddable":true,"href":"https:\/\/www.aparences.net\/es\/wp-json\/wp\/v2\/media\/26418"}],"wp:attachment":[{"href":"https:\/\/www.aparences.net\/es\/wp-json\/wp\/v2\/media?parent=13717"}],"wp:term":[{"taxonomy":"category","embeddable":true,"href":"https:\/\/www.aparences.net\/es\/wp-json\/wp\/v2\/categories?post=13717"},{"taxonomy":"post_tag","embeddable":true,"href":"https:\/\/www.aparences.net\/es\/wp-json\/wp\/v2\/tags?post=13717"}],"curies":[{"name":"wp","href":"https:\/\/api.w.org\/{rel}","templated":true}]}}