{"id":13719,"date":"2017-03-22T11:16:14","date_gmt":"2017-03-22T10:16:14","guid":{"rendered":"https:\/\/www.aparences.net\/periodes\/quattrocento-annexes\/francesco-di-stefano-pesellino\/"},"modified":"2025-12-11T19:40:56","modified_gmt":"2025-12-11T18:40:56","slug":"francesco-di-stefano-pesellino-2","status":"publish","type":"post","link":"https:\/\/www.aparences.net\/es\/periodos\/el-quattrocento-anexos\/francesco-di-stefano-pesellino-2\/","title":{"rendered":"Francesco di Stefano Pesellino"},"content":{"rendered":"<p><!--contents--><\/p>\n\n\n<h2 class=\"wp-block-heading\">Pesellino<\/h2>\n\n\n\n<p><strong>Francesco di Stefano<\/strong>, llamado <strong>Pesellino<\/strong>, naci\u00f3 en Florencia en torno a 1422. Hijo del pintor Francesco di Stefano y de Nanna, hija del tambi\u00e9n pintor Giuliano d&#8217;Arrigo, llamado Pesello. En 1427, a la edad de cinco a\u00f1os y a la muerte de su padre, se fue a vivir a casa de su abuelo materno, donde recibi\u00f3 sus primeras lecciones de pintura, trabajando en su taller del Corso degli Adimari en Florencia. La transmisi\u00f3n del apodo Pesello a su nieto, que con el tiempo se convirti\u00f3 en Pesellino, fue acompa\u00f1ado de un importante bagaje visual y t\u00e9cnico. A los veinte a\u00f1os se cas\u00f3 con Tarsia, hija de Silvestro da Poppi, como lo demuestra la declaraci\u00f3n de la dote de 22 de noviembre de 1442. Al igual que su abuelo Pesello, Francesco di Stefano llamado Pesellino goza entre los historiadores del arte de un aura especial, justificada en este caso por obras de peque\u00f1o formato muy refinadas. Pesellino era un experto en la disposici\u00f3n de las figuras,  en bellas ilustraciones de temas cortesanos, donde sobrevive algo de la vitalidad del <a href=\"https:\/\/www.aparences.net\/es\/periodos\/gotico-internacional\/\">g\u00f3tico internacional<\/a>.<\/p>\n\n\n<div class=\"wp-block-image\">\n<figure class=\"aligncenter\"><img loading=\"lazy\" decoding=\"async\" width=\"640\" height=\"459\" src=\"https:\/\/www.aparences.net\/wp-content\/uploads\/2017\/01\/pesellino-histoire-de-david.jpg\" alt=\"Historia de David, Francesco di Stefano, Pesellino\" class=\"wp-image-17734\" title=\"Historia de David, Francesco di Stefano, Pesellino\" srcset=\"https:\/\/www.aparences.net\/wp-content\/uploads\/2017\/01\/pesellino-histoire-de-david.jpg 640w, https:\/\/www.aparences.net\/wp-content\/uploads\/2017\/01\/pesellino-histoire-de-david-300x215.jpg 300w\" sizes=\"auto, (max-width: 640px) 100vw, 640px\" \/><figcaption class=\"wp-element-caption\"><em><strong>Historia de David<\/strong>, Francesco di Stefano, llamado <strong>Pesellino<\/strong> (Londres, National Gallery<\/em><\/figcaption><\/figure>\n<\/div>\n\n\n<p>En 1447, un tal Francesco di Stefano, pintor en Florencia, figura inscrito en la Compagnia di San Luca, pero se ignora si se trata de <strong>Pesellino<\/strong>. Un documento de febrero de ese mismo a\u00f1o certifica que el artista sigue activo en el taller de Pesello, y trabaja \u00ab<em>a fare l&#8217;arte del dipingere delle bandiere<\/em>\u00bb (pintor de estandartes) (Ugo Procacci). Probablemente por estas fechas Pesellino realizaba de manera ocasional actividades puramente artesanales, mientras se dedicaba a tareas m\u00e1s importantes. Sin embargo, todav\u00eda <strong>no conocemos las etapas precisas de su formaci\u00f3n<\/strong> ni sus actividades, lo que ha dado como resultado una r\u00e1pida evoluci\u00f3n art\u00edstica en un per\u00edodo de tiempo muy limitado. El sorprendente n\u00famero de obras que se le atribuyen dada la brevedad de su carrera, once a\u00f1os, todo lo m\u00e1s, entre 1446 y 1457, fecha de su muerte, se caracterizan de hecho por dataciones muy diversas en los a\u00f1os en que Pesellino fue activo.<\/p>\n\n\n\n<!-- AdBoxRight2020 --><ins class=\"adsbygoogle\"     style=\"display:block; margin-top:30px;\"     data-ad-client=\"ca-pub-2468002815867636\"     data-ad-slot=\"3496014735\"     data-ad-format=\"auto\"     data-full-width-responsive=\"false\"><\/ins><script> (adsbygoogle = window.adsbygoogle || []).push({});<\/script><h2 class=\"wp-block-heading\">Pesellino en la \u00f3rbita de Fra Angelico<\/h2>\n\n\n\n<p>Seg\u00fan la cr\u00edtica, <strong>Pesellino fue alumno y colaborador de<\/strong> <a href=\"https:\/\/www.aparences.net\/es\/periodos\/el-quattrocento\/fra-filippo-lippi\/\">Filippo Lippi<\/a>, pero primero <strong>fue aprendiz de<\/strong> <a href=\"https:\/\/www.aparences.net\/es\/periodos\/el-quattrocento\/fra-angelico\/\">Fra Angelico<\/a>,&nbsp;con el que habr\u00eda tenido la oportunidad de <strong>estudiar la pintura y el arte de la miniatura<\/strong> (Angelico regentaba un importante taller de iluminaci\u00f3n). La hip\u00f3tesis de un aprendizaje con Angelico es justificable por similitudes estil\u00edsticas evidentes sobre todo en sus primeros trabajos. Esta hip\u00f3tesis es compatible con la atribuci\u00f3n a Pesellino de una serie de iluminaciones para un manuscrito de las <a href=\"https:\/\/es.wikipedia.org\/wiki\/Guerras_p%C3%BAnicas\">Guerras P\u00fanicas<\/a> de Silio It\u00e1lico, encargado por el papa Nicol\u00e1s V, realizado alrededor de 1447-1449 (Angelini, 1990). La Biblioteca Marciana de Venecia conserva una miniatura a plena p\u00e1gina, atribuida por primera vez a Pesellino por Toesca (1932), representando <em><strong>Marte en su carro<\/strong><\/em>, y <strong>otras seis miniaturas del mismo c\u00f3dice<\/strong> : <em>Roma<\/em>, <em>Cartago<\/em>, <em>Escipi\u00f3n<\/em>, <em>An\u00edbal<\/em>, <em>Silio It\u00e1lico<\/em> y el retrato de <em>Nicolas V<\/em>. El retrato de Nicol\u00e1s V, puede ser una clara evidencia de la relaci\u00f3n artista-cliente del papa con Ang\u00e9lico y por lo tanto tambi\u00e9n con Pesellino &#8211; por aquellas fechas <strong>Angelico<\/strong> trabajaba en Roma realizando entre otros trabajos, los <strong>frescos de la<\/strong> <a href=\"https:\/\/www.aparences.net\/es\/arte-y-mecenazgo\/roma-mecenazgo-y-poder-papal\/roma-el-regreso-del-papado\/#fra-angelico-y-la-capilla-de-nicol%C3%A1s-v\">Capilla Niccolina<\/a> (1447-1449). Esta serie de miniaturas se suele situar en la etapa temprana de la producci\u00f3n de Pesellino, y se caracterizan por una notable vivacidad crom\u00e1tica presentando peculiaridades estil\u00edsticas como los rasgos delicados de las figuras, que se refieren claramente a la producci\u00f3n art\u00edstica de Angelico. Especialmente <em>Marte en su carro<\/em> que fue definido por Garzelli como un verdadero <em>quadretto<\/em> llevado a cabo con la habilidad de una pintura.<\/p>\n\n\n<div class=\"wp-block-image\">\n<figure class=\"aligncenter\"><img loading=\"lazy\" decoding=\"async\" width=\"311\" height=\"460\" src=\"https:\/\/www.aparences.net\/wp-content\/uploads\/2017\/01\/pesellino-mars-dans-son-char.jpg\" alt=\"Marte en su carro, c. 1447, Francesco di Stefano, llamado Pesellino\" class=\"wp-image-17735\" title=\"Marte en su carro, c. 1447, Francesco di Stefano, llamado Pesellino\" srcset=\"https:\/\/www.aparences.net\/wp-content\/uploads\/2017\/01\/pesellino-mars-dans-son-char.jpg 311w, https:\/\/www.aparences.net\/wp-content\/uploads\/2017\/01\/pesellino-mars-dans-son-char-203x300.jpg 203w\" sizes=\"auto, (max-width: 311px) 100vw, 311px\" \/><figcaption class=\"wp-element-caption\"><em><em><em><strong>Marte en su carro<\/strong>, 1447, Francesco di Stefano, llamado <strong>Pesellino<\/strong> <\/em><\/em><\/em><br><em><em><em>(Venecia, Biblioteca Marciana)<\/em><\/em><br><\/em><\/figcaption><\/figure>\n<\/div>\n\n<div class=\"wp-block-image\">\n<figure class=\"aligncenter\"><img loading=\"lazy\" decoding=\"async\" width=\"630\" height=\"460\" src=\"https:\/\/www.aparences.net\/wp-content\/uploads\/2017\/01\/pesellino-allegorie-rome.jpg\" alt=\"Alegor\u00eda de Roma, c. 1447, Francesco di Stefano, llamado Pesellino\" class=\"wp-image-17720\" title=\"Alegor\u00eda de Roma, c. 1447, Francesco di Stefano, llamado Pesellino\" srcset=\"https:\/\/www.aparences.net\/wp-content\/uploads\/2017\/01\/pesellino-allegorie-rome.jpg 630w, https:\/\/www.aparences.net\/wp-content\/uploads\/2017\/01\/pesellino-allegorie-rome-300x219.jpg 300w\" sizes=\"auto, (max-width: 630px) 100vw, 630px\" \/><figcaption class=\"wp-element-caption\"><em><strong>Alegor\u00eda de Roma<\/strong>, c. 1447, Francesco di Stefano, llamado <strong>Pesellino<\/strong> <\/em><br><em>(San Petersburgo, Hermitage)<\/em><\/figcaption><\/figure>\n<\/div>\n\n\n<!-- AdBoxLeft2023 --><ins class=\"adsbygoogle\" style=\"display:block\" data-ad-client=\"ca-pub-2468002815867636\" data-ad-slot=\"1318022963\" data-ad-format=\"auto\" data-full-width-responsive=\"true\"><\/ins><script> (adsbygoogle = window.adsbygoogle || []).push({});<\/script><h2 class=\"wp-block-heading\">Pesellino y Fra Filippo Lippi<\/h2>\n\n\n\n<p><strong>Pesellino es considerado por Vasari como uno de los seguidores m\u00e1s fieles de Filippo Lippi<\/strong>. <strong>La predela que pint\u00f3 para el retablo encargado a Lippi por la<\/strong> <a href=\"https:\/\/www.aparences.net\/es\/arte-y-mecenazgo\/florencia-y-los-medicis\/\">familia M\u00e9dicis<\/a>, entre 1445 y 1450, para el altar del noviciado de Santa Croce y citada en la literatura art\u00edstica, es la \u00fanica obra reconocida por unanimidad al artista. La predela se compone de cinco partes: las tres primeras con la <em>Natividad<\/em>, el <em>Martirio de san Cosme y san Dami\u00e1n<\/em> y el <em>Milagro del coraz\u00f3n del avaro<\/em> se encuentran en los Uffizi, mientras que <em>San Francisco recibiendo los estigmas<\/em> y <em>San Cosme y san Dami\u00e1n curando a un enfermo<\/em> se encuentran en el Louvre. Como dice Berenson, <strong>Pesellino deb\u00eda preferir la pintura de predelas y de cofres<\/strong> (<em><a href=\"https:\/\/www.aparences.net\/es\/arte-y-mecenazgo\/renacimiento-y-vida-privada\/la-vivienda-en-el-renacimiento\/#cassoni-y-spalliere\" data-type=\"link\" data-id=\"https:\/\/www.aparences.net\/es\/arte-y-mecenazgo\/renacimiento-y-vida-privada\/la-vivienda-en-el-renacimiento\/#cassoni-y-spalliere\">cassoni<\/a><\/em>), g\u00e9nero en el que alcanz\u00f3 un alto grado de frescura y delicadeza. Teniendo en cuenta la atribuci\u00f3n a <strong>Pesellino<\/strong> de la <strong>predela de Santa Croce<\/strong>, ello contribuy\u00f3 a confirmar la hip\u00f3tesis de un aprendizaje en esa \u00e9poca en el taller de Filippo Lippi. El arte de este maestro, suavizado por las lecciones de Angelico, parece haber inspirado toda la producci\u00f3n madura de Francesco di Stefano.<\/p>\n\n\n<div class=\"wp-block-image\">\n<figure class=\"aligncenter\"><img loading=\"lazy\" decoding=\"async\" width=\"640\" height=\"149\" src=\"https:\/\/www.aparences.net\/wp-content\/uploads\/2017\/01\/pesellino-predelle-noviciat-uffizi.jpg\" alt=\"Predela del Retablo del noviciado de Santa Croce, 1445-1450, Pesellino\" class=\"wp-image-17721\" title=\"Predela del Retablo del noviciado de Santa Croce, 1445-1450, Pesellino (Florencia, Galleria degli Uffizi\" srcset=\"https:\/\/www.aparences.net\/wp-content\/uploads\/2017\/01\/pesellino-predelle-noviciat-uffizi.jpg 640w, https:\/\/www.aparences.net\/wp-content\/uploads\/2017\/01\/pesellino-predelle-noviciat-uffizi-300x70.jpg 300w\" sizes=\"auto, (max-width: 640px) 100vw, 640px\" \/><figcaption class=\"wp-element-caption\"><em><strong>Predela del Retablo del noviciado de Santa Croce<\/strong>, 1445-1450, <strong>Pesellino<\/strong><\/em><br><em> (Florencia, Galleria degli Uffizi)<\/em><\/figcaption><\/figure>\n<\/div>\n\n\n<p class=\"has-text-align-left\"><em>Las composiciones refinadas, ba\u00f1adas por una luz brillante y el naturalismo con que el que trata las anatom\u00edas contrasta fuertemente con las formas poco realistas que toman los ropajes, las rocas y las nubes, heredadas del g\u00f3tico tard\u00edo.<\/em><\/p>\n\n\n<div class=\"wp-block-image\">\n<figure class=\"aligncenter\"><img loading=\"lazy\" decoding=\"async\" width=\"516\" height=\"340\" src=\"https:\/\/www.aparences.net\/wp-content\/uploads\/2017\/01\/pesellino-saints-cosme-et-damien.jpg\" alt=\"San Cosme y san Dami\u00e1n, 1445-50, Francesco di Stefano, Pesellino\" class=\"wp-image-17736\" title=\"San Cosme y san Dami\u00e1n, 1445-50, Francesco di Stefano, Pesellino\" srcset=\"https:\/\/www.aparences.net\/wp-content\/uploads\/2017\/01\/pesellino-saints-cosme-et-damien.jpg 516w, https:\/\/www.aparences.net\/wp-content\/uploads\/2017\/01\/pesellino-saints-cosme-et-damien-300x198.jpg 300w\" sizes=\"auto, (max-width: 516px) 100vw, 516px\" \/><figcaption class=\"wp-element-caption\"><em><strong>San Cosme y san Dami\u00e1n curando a un enfermo<\/strong>, 1445-50, <\/em><br><em>Francesco di Stefano, <strong>Pesellino<\/strong> (Paris, Museo del Louvre)<\/em><\/figcaption><\/figure>\n<\/div>\n\n\n<p>El retablo de la <em><strong>Virgen y el Ni\u00f1o con seis santos<\/strong><\/em> del Metropolitan Museum de Nueva York, realizado por <strong>Pesellino<\/strong> con la precisi\u00f3n de una miniatura en la segunda mitad de los a\u00f1os cuarenta, se considera uno de sus mejores trabajos; el Louvre conserva un bosquejo que parece ser el dibujo preparatorio de la figura de san Agust\u00edn de la tabla. Esta obra, que <strong>muestra la influencia de<\/strong> <a href=\"https:\/\/www.aparences.net\/es\/periodos\/el-quattrocento\/fra-angelico\/\">Angelico<\/a> y de <a href=\"https:\/\/www.aparences.net\/es\/periodos\/el-quattrocento\/fra-filippo-lippi\/\">Filippo Lippi<\/a>, se ha relacionado por razones estil\u00edsticas con el luneto representando la <em>Anunciaci\u00f3n<\/em> del Museo Poldi Pezzoli de Mil\u00e1n, probablemente el pin\u00e1culo de un peque\u00f1o retablo.<\/p>\n\n\n<div class=\"wp-block-image\">\n<figure class=\"aligncenter\"><img loading=\"lazy\" decoding=\"async\" width=\"418\" height=\"460\" src=\"https:\/\/www.aparences.net\/wp-content\/uploads\/2017\/01\/pesellino-vierge-saints-metropolitan.jpg\" alt=\"Virgen y el Ni\u00f1o con seis santos, c. 1440, Pesellino\" class=\"wp-image-17722\" title=\"Virgen y el Ni\u00f1o con seis santos, c. 1460, Pesellino\" srcset=\"https:\/\/www.aparences.net\/wp-content\/uploads\/2017\/01\/pesellino-vierge-saints-metropolitan.jpg 418w, https:\/\/www.aparences.net\/wp-content\/uploads\/2017\/01\/pesellino-vierge-saints-metropolitan-273x300.jpg 273w\" sizes=\"auto, (max-width: 418px) 100vw, 418px\" \/><figcaption class=\"wp-element-caption\"><em><strong>La Virgen y el Ni\u00f1o con seis santos<\/strong>, c. 1440, <strong>Pesellino<\/strong><\/em><br><em> (Nueva York, Metropolitan Museum)<\/em><\/figcaption><\/figure>\n<\/div>\n\n\n<p>Entre las obras en las que la lecci\u00f3n de Filippo Lippi parece decididamente asimilada hay que recordar las numerosas Virgen y el Ni\u00f1o, incluyendo la del Museo Isabella Stewart Gardner en Boston, una de las m\u00e1s notables y que sirvi\u00f3 de modelo durante largo tiempo despu\u00e9s de la muerte del artista en 1457. Seg\u00fan Gronau (1938) las V\u00edrgenes de Pesellino fueron especialmente apreciadas por el mercado florentino y el taller del artista&nbsp; produjo muchos ejemplares.<\/p>\n\n\n<div class=\"wp-block-image\">\n<figure class=\"aligncenter\"><img loading=\"lazy\" decoding=\"async\" width=\"299\" height=\"460\" src=\"https:\/\/www.aparences.net\/wp-content\/uploads\/2017\/01\/pesellino-vierge-enfant-boston.jpg\" alt=\"Virgen y el ni\u00f1o, 1450, Pesellino\" class=\"wp-image-17723\" title=\"Virgen y el ni\u00f1o, 1450, Pesellino\" srcset=\"https:\/\/www.aparences.net\/wp-content\/uploads\/2017\/01\/pesellino-vierge-enfant-boston.jpg 299w, https:\/\/www.aparences.net\/wp-content\/uploads\/2017\/01\/pesellino-vierge-enfant-boston-195x300.jpg 195w\" sizes=\"auto, (max-width: 299px) 100vw, 299px\" \/><figcaption class=\"wp-element-caption\"><em><strong>La Virgen y el Ni\u00f1o<\/strong>, 1450, <strong>Pesellino<\/strong> <\/em><br><em>(Boston, Museo Isabella Stewart Gardner)<\/em><\/figcaption><\/figure>\n<\/div>\n\n\n<p>Sin embargo, existen pocos datos sobre la actividad del taller de Pesellino. Sabemos que el 1 de agosto de 1453 concert\u00f3 un acuerdo de asociaci\u00f3n con los pintores Pietro di Lorenzo di Pratese y Zanobi di Migliore, pero este \u00faltimo se disoci\u00f3 muy pronto del grupo. Durante este per\u00edodo, Pesellino realiz\u00f3 la <em>Virgen y el Ni\u00f1o<\/em> para la iglesia de Sant&#8217;Angelo en Cetica in Casentino, la <em>Crucifixi\u00f3n<\/em> para la iglesia de San Gaetano en Florencia y el delicado d\u00edptico de la <em><strong>Anunciaci\u00f3n<\/strong><\/em>, hoy en el Courtauld Institute de Londres. En este \u00faltimo, Pesellino se acerca al arte de Lippi, en particular, <strong>con una clara referencia a la<\/strong> <a href=\"https:\/\/www.nga.gov\/content\/ngaweb\/Collection\/art-object-page.12133.html\"><em>Anunciaci\u00f3n<\/em><\/a> de la National Gallery de Washington del maestro, pero en un estilo m\u00e1s delicado.<\/p>\n\n\n<div class=\"wp-block-image\">\n<figure class=\"aligncenter\"><img loading=\"lazy\" decoding=\"async\" width=\"640\" height=\"429\" src=\"https:\/\/www.aparences.net\/wp-content\/uploads\/2017\/01\/pesellino-annonciation.jpg\" alt=\"Anunciaci\u00f3n, Francesco di Stefano, Pesellino\" class=\"wp-image-17724\" title=\"Anunciaci\u00f3n, Francesco di Stefano, Pesellino\" srcset=\"https:\/\/www.aparences.net\/wp-content\/uploads\/2017\/01\/pesellino-annonciation.jpg 640w, https:\/\/www.aparences.net\/wp-content\/uploads\/2017\/01\/pesellino-annonciation-300x201.jpg 300w\" sizes=\"auto, (max-width: 640px) 100vw, 640px\" \/><figcaption class=\"wp-element-caption\"><em><strong>Anunciaci\u00f3n<\/strong>, Francesco di Stefano, <strong>Pesellino<\/strong> (Londres, Courtauld Institute)<\/em><\/figcaption><\/figure>\n<\/div>\n\n\n<p><em>El espacio est\u00e1 estructurado de forma coherente, marcado por una columnata cuyos capiteles j\u00f3nicos se refieren a las arquitecturas pintadas de Angelico; colores brillantes intercalados con peque\u00f1os toques de oro tienden a dar elegancia y calma a la escena, cuya disposici\u00f3n refleja fielmente un dormitorio del <a href=\"https:\/\/www.aparences.net\/es\/periodos\/el-quattrocento\/\">Quattrocento<\/a>.<\/em><\/p>\n\n\n<div class=\"wp-block-image\">\n<figure class=\"aligncenter\"><img loading=\"lazy\" decoding=\"async\" width=\"544\" height=\"380\" src=\"https:\/\/www.aparences.net\/wp-content\/uploads\/2017\/01\/pesellino-vierge-enfant-anges.jpg\" alt=\"Vierge \u00e0 l\u2019Enfant entour\u00e9e d\u2019anges, Francesco di Stefano, dit Pesellino\" class=\"wp-image-17725\" title=\"Vierge \u00e0 l\u2019Enfant entour\u00e9e d\u2019anges, Francesco di Stefano, dit Pesellino\" srcset=\"https:\/\/www.aparences.net\/wp-content\/uploads\/2017\/01\/pesellino-vierge-enfant-anges.jpg 544w, https:\/\/www.aparences.net\/wp-content\/uploads\/2017\/01\/pesellino-vierge-enfant-anges-300x210.jpg 300w\" sizes=\"auto, (max-width: 544px) 100vw, 544px\" \/><figcaption class=\"wp-element-caption\"><em><strong>Virgen con el ni\u00f1o rodeados de \u00e1ngeles<\/strong>, <strong>Pesellino<\/strong><\/em><br><em> (Toledo Museum of Art, Toledo, Ohio)<\/em><\/figcaption><\/figure>\n<\/div>\n\n\n<h2 class=\"wp-block-heading\">Pesellino, pintor de cassoni<\/h2>\n\n\n\n<p>Fascinantes por la gracia de la narrativa, la elegancia de las figuras y los colores vivos y brillantes, <strong>los paneles de cofres<\/strong> (<a href=\"https:\/\/www.aparences.net\/es\/arte-y-mecenazgo\/renacimiento-y-vida-privada\/la-vivienda-en-el-renacimiento\/#cassoni-y-spalliere\"><em>cassoni<\/em><\/a>) <strong>que han dado fama a Pesellino<\/strong> debieron ser numerosos. Por otro lado, este tipo de pintura, era particularmente importante para el desarrollo del arte secular del centro-norte de Italia, y m\u00e1s concretamente en la regi\u00f3n de la Toscana. M\u00e1s o menos contempor\u00e1neos del retablo del Metropolitan Museum son dos paneles del Museo Isabella Stewart Gardner en Boston, encargados por los M\u00e9dicis, tal vez con motivo de la boda de <a href=\"https:\/\/www.aparences.net\/es\/arte-y-mecenazgo\/florencia-y-los-medicis\/cosme-el-viejo\/#pedro-de-m%C3%A9dicis-(florencia-1416-%E2%80%93-1469)\">Pedro de M\u00e9dicis<\/a> y Lucrezia Tornabuoni, que tuvo lugar en 1448, y donde una vez m\u00e1s vemos la huella de Angelico. Con respecto a los <a href=\"https:\/\/www.aparences.net\/es\/arte-y-mecenazgo\/renacimiento-y-vida-privada\/el-renacimiento-de-las-letras\/#los-\"><em>Triunfos<\/em><\/a> <strong>de Petrarca<\/strong>, Pesellino desarrolla los temas del <em><strong>Triunfo del amor, la Castidad y la Muerte<\/strong><\/em> y el <em><strong>Triunfo de la Fama, del Tiempo y la Eternidad<\/strong><\/em> en dos paneles. El segundo tema est\u00e1 representado en otro panel, tambi\u00e9n un fragmento de cassone, o parte de una <a href=\"https:\/\/www.aparences.net\/es\/arte-y-mecenazgo\/renacimiento-y-vida-privada\/la-vivienda-en-el-renacimiento\/#cassoni-y-spalliere\"><em>spalliera<\/em><\/a>, atribuido al mismo artista y procedente del mercado del arte internacional.<\/p>\n\n\n<div class=\"wp-block-image\">\n<figure class=\"aligncenter\"><img loading=\"lazy\" decoding=\"async\" width=\"640\" height=\"177\" src=\"https:\/\/www.aparences.net\/wp-content\/uploads\/2017\/01\/pesellino-triomphe-amour-chastete-mort.jpg\" alt=\"Triunfo del amor, la castidad y la muerte, Pesellino\" class=\"wp-image-17726\" title=\"Triunfo del amor, la castidad y la muerte, Pesellino\" srcset=\"https:\/\/www.aparences.net\/wp-content\/uploads\/2017\/01\/pesellino-triomphe-amour-chastete-mort.jpg 640w, https:\/\/www.aparences.net\/wp-content\/uploads\/2017\/01\/pesellino-triomphe-amour-chastete-mort-300x83.jpg 300w\" sizes=\"auto, (max-width: 640px) 100vw, 640px\" \/><figcaption class=\"wp-element-caption\"><em><strong>Triunfo del amor, la castidad y la muerte<\/strong>, Francesco di Stefano, <strong>Pesellino<\/strong><\/em><br><em> (Boston, Isabella Stewart Gardner)<\/em><\/figcaption><\/figure>\n<\/div>\n\n\n<p>Petrarca fue tambi\u00e9n un moralista de tendencia estoica. Su poema en italiano <em>Trionfi<\/em> evoca sucesivamente los triunfos del Amor, de la Muerte y, finalmente, de la Gloria, los tres se describen como desfiles de victoria de generales y antiguos emperadores romanos.<\/p>\n\n\n<div class=\"wp-block-image\">\n<figure class=\"aligncenter\"><img loading=\"lazy\" decoding=\"async\" width=\"640\" height=\"171\" src=\"https:\/\/www.aparences.net\/wp-content\/uploads\/2017\/01\/pesellino-triomphe-renommee-temps-eternite.jpg\" alt=\"Triunfo de la Fama, Francesco di Stefano, Pesellino\" class=\"wp-image-17727\" title=\"Triunfo de la Fama, Francesco di Stefano, Pesellino\" srcset=\"https:\/\/www.aparences.net\/wp-content\/uploads\/2017\/01\/pesellino-triomphe-renommee-temps-eternite.jpg 640w, https:\/\/www.aparences.net\/wp-content\/uploads\/2017\/01\/pesellino-triomphe-renommee-temps-eternite-300x80.jpg 300w\" sizes=\"auto, (max-width: 640px) 100vw, 640px\" \/><figcaption class=\"wp-element-caption\"><em><strong>Triunfo de la Fama, del Tiempo y la Eternidad<\/strong>, Francesco di Stefano, <strong>Pesellino<\/strong><\/em><br><em> (Boston, Isabella Stewart Gardner)<\/em><\/figcaption><\/figure>\n<\/div>\n\n\n<p>Los <strong>dos paneles con la <em>Historia de Griselda<\/em><\/strong>, fechados hacia 1450 y conservados en la Accademia Carrara de B\u00e9rgamo son tambi\u00e9n fragmentos de cassone; el m\u00e1s largo, con la representaci\u00f3n de la novela de Giovanni <a href=\"https:\/\/es.wikipedia.org\/wiki\/Decamer%C3%B3n\">Boccaccio, El Decamer\u00f3n<\/a>, se tratar\u00eda del panel frontal, mientras que la Escena del Juicio, pintado sobre una tabla m\u00e1s corta, probablemente deb\u00eda pertenecer a uno de los laterales. Con cierta cautela, tambi\u00e9n se atribuye a Pesellino una tabla de <em>cassone<\/em> con <em><strong>Escena de caza<\/strong><\/em>, donde el artista mezcla historia moralizante y relato cort\u00e9s.<\/p>\n\n\n<div class=\"wp-block-image\">\n<figure class=\"aligncenter\"><img loading=\"lazy\" decoding=\"async\" width=\"640\" height=\"248\" src=\"https:\/\/www.aparences.net\/wp-content\/uploads\/2017\/01\/pesellino-histoire-griselde-bergame.jpg\" alt=\"Historia de Griselda, 1450, Pesellino\" class=\"wp-image-17728\" title=\"Historia de Griselda, 1450, Pesellino\" srcset=\"https:\/\/www.aparences.net\/wp-content\/uploads\/2017\/01\/pesellino-histoire-griselde-bergame.jpg 640w, https:\/\/www.aparences.net\/wp-content\/uploads\/2017\/01\/pesellino-histoire-griselde-bergame-300x116.jpg 300w\" sizes=\"auto, (max-width: 640px) 100vw, 640px\" \/><figcaption class=\"wp-element-caption\"><em><strong>Historia de Griselda<\/strong>, 1450, <strong>Pesellino<\/strong> (Bergamo, Accademia Carrara) <\/em><\/figcaption><\/figure>\n<\/div>\n\n\n<p>Griselda, \u00faltima novela del Decamer\u00f3n, es la historia de una joven de origen humilde cuyo marido, el acaudalado marqu\u00e9s de Saluces, pone a prueba para comprobar su amor y fidelidad. La hero\u00edna supera todas las pruebas y despierta la admiraci\u00f3n de su marido. En 1373, Petrarca tradujo la novela al italiano y al lat\u00edn modificando sensiblemente la esencia del relato. El viejo humanista quiso resaltar especialmente las altas virtudes morales de la marquesa de Saluzzo que de este modo se convirti\u00f3 en el modelo de la esposa cristiana.<\/p>\n\n\n<div class=\"wp-block-image\">\n<figure class=\"aligncenter\"><img loading=\"lazy\" decoding=\"async\" width=\"498\" height=\"460\" src=\"https:\/\/www.aparences.net\/wp-content\/uploads\/2017\/01\/pesellino-histoire-de-griselda-uffizi.jpg\" alt=\"Historia de Griselda, panel lateral con escena de tribunal, c. 1450, Pesellino, Florencia, Uffizi\" class=\"wp-image-17729\" title=\"Historia de Griselda, panel lateral con escena de tribunal, c. 1450, Pesellino, Florencia, Uffizi\" srcset=\"https:\/\/www.aparences.net\/wp-content\/uploads\/2017\/01\/pesellino-histoire-de-griselda-uffizi.jpg 498w, https:\/\/www.aparences.net\/wp-content\/uploads\/2017\/01\/pesellino-histoire-de-griselda-uffizi-300x277.jpg 300w\" sizes=\"auto, (max-width: 498px) 100vw, 498px\" \/><figcaption class=\"wp-element-caption\"><em><strong>Historia de Griselda<\/strong>, panel lateral con escena de tribunal, c. 1450, <strong>Pesellino<\/strong> (Florencia, Uffizi)<\/em><\/figcaption><\/figure>\n<\/div>\n\n\n<p>Seg\u00fan el historiador Laclotte, entre las obras de <strong>Pesellino<\/strong> que datan de 1455, figuran <strong>dos paneles de cofre<\/strong> que representan <em><strong>David y Goliat<\/strong><\/em> y el <em><strong>Triunfo de David<\/strong><\/em>, procedentes de la colecci\u00f3n Pazzi de Florencia y hoy en la National Gallery de Londres. Tambi\u00e9n seg\u00fan con Laclotte, la escena de la boda ante los muros de Jerusal\u00e9n en el segundo panel, puede referirse a la boda de Elenora Pazzi, para quien &#8211; seg\u00fan el historiador &#8211; se encargaron las obras. Dos paneles m\u00e1s peque\u00f1os tambi\u00e9n con Historias de David, del Museo de Bellas Artes de Le Mans, (la <em>Penitencia David<\/em> y <em><strong>Muerte de Absal\u00f3n<\/strong><\/em>) podr\u00eda tratarse de cada uno de los laterales de los dos paneles anteriores. Al tema de David parece que tambi\u00e9n podr\u00eda a\u00f1adirse un \u00faltimo panel que representa la <em>Construcci\u00f3n del Templo<\/em>, atribuido a Pesellino, y hoy en el Fogg Art Museum de Cambridge. En el inventario de 1492 del palacio M\u00e9dicis en Florencia se citan dos paneles, perdidos, <strong>realizados en la \u00e9poca de<\/strong> <a href=\"https:\/\/www.aparences.net\/es\/arte-y-mecenazgo\/florencia-y-los-medicis\/cosme-el-viejo\/\">Cosme el Viejo<\/a> de la mano de \u00abFrancesco di Pesello\u00bb representando una Escena de caza (en la Camera grande de Lorenzo) y Leones detr\u00e1s de una reja en la Sala grande de <a href=\"https:\/\/www.aparences.net\/es\/arte-y-mecenazgo\/florencia-y-los-medicis\/lorenzo-el-magnifico\/\">Lorenzo (el Magn\u00edfico)<\/a>.<\/p>\n\n\n<div class=\"wp-block-image\">\n<figure class=\"aligncenter\"><img loading=\"lazy\" decoding=\"async\" width=\"614\" height=\"459\" src=\"https:\/\/www.aparences.net\/wp-content\/uploads\/2017\/01\/pesellino-triomphe-de-david.jpg\" alt=\"Triunfo de David, Pesellino\" class=\"wp-image-17730\" title=\"Triunfo de David, Pesellino\" srcset=\"https:\/\/www.aparences.net\/wp-content\/uploads\/2017\/01\/pesellino-triomphe-de-david.jpg 614w, https:\/\/www.aparences.net\/wp-content\/uploads\/2017\/01\/pesellino-triomphe-de-david-300x224.jpg 300w\" sizes=\"auto, (max-width: 614px) 100vw, 614px\" \/><figcaption class=\"wp-element-caption\"><em><strong>Triunfo de David<\/strong>, 1455, detalle, <strong>Pesellino<\/strong> (Londres, National Gallery)<\/em><\/figcaption><\/figure>\n<\/div>\n\n<div class=\"wp-block-image\">\n<figure class=\"aligncenter\"><img loading=\"lazy\" decoding=\"async\" width=\"551\" height=\"460\" src=\"https:\/\/www.aparences.net\/wp-content\/uploads\/2017\/01\/pesellino-absalon-lemans.jpg\" alt=\"Muerte de Absal\u00f3n, 1455, Pesellino\" class=\"wp-image-17731\" title=\"Muerte de Absal\u00f3n, 1455, Pesellino\" srcset=\"https:\/\/www.aparences.net\/wp-content\/uploads\/2017\/01\/pesellino-absalon-lemans.jpg 551w, https:\/\/www.aparences.net\/wp-content\/uploads\/2017\/01\/pesellino-absalon-lemans-300x250.jpg 300w\" sizes=\"auto, (max-width: 551px) 100vw, 551px\" \/><figcaption class=\"wp-element-caption\"><em><strong>Muerte de Absal\u00f3n<\/strong>, 1455, <strong>Pesellino<\/strong>, (Le Mans, museo Tesse)<\/em><\/figcaption><\/figure>\n<\/div>\n\n\n<p>M\u00e1s o menos de la misma fecha que los paneles de <em>cassone<\/em>&nbsp;son las <strong>Historias de san Silvestre<\/strong> (<em>San Silvestre y el drag\u00f3n<\/em> y <em>San Silvestre y Tarquino<\/em>) en el Palazzo Doria en Roma, las cuales, junto con el panel de Worcester Art Museum con el <em>Milagro del toro<\/em>, deb\u00edan formar parte de la misma predela. Este \u00faltimo deb\u00eda ser el panel central de la predela con las Historias del santo, como lo sugiere el tema con el milagro que confirma la conversi\u00f3n al cristianismo del emperador Constantino, representado con el sombrero del Pale\u00f3logo mientras asiste a la escena con su madre. La logia de la derecha, con columnas delgadas completadas por capiteles d\u00f3ricos, hace referencia de nuevo a la <a href=\"https:\/\/www.aparences.net\/es\/periodos\/el-quattrocento\/fra-angelico\/\">pintura de Angelico<\/a>.<\/p>\n\n\n<div class=\"wp-block-image\">\n<figure class=\"aligncenter\"><img loading=\"lazy\" decoding=\"async\" width=\"640\" height=\"241\" src=\"https:\/\/www.aparences.net\/wp-content\/uploads\/2017\/01\/pesellino-miracle-saint-sylvestre.jpg\" alt=\"Milagro de San Silvestre, 1450, Pesellino\" class=\"wp-image-17732\" title=\"Milagro de San Silvestre, 1450, Pesellino\" srcset=\"https:\/\/www.aparences.net\/wp-content\/uploads\/2017\/01\/pesellino-miracle-saint-sylvestre.jpg 640w, https:\/\/www.aparences.net\/wp-content\/uploads\/2017\/01\/pesellino-miracle-saint-sylvestre-300x113.jpg 300w\" sizes=\"auto, (max-width: 640px) 100vw, 640px\" \/><figcaption class=\"wp-element-caption\"><em><strong>Milagro de San Silvestre<\/strong>, 1450 ?, <strong>Pesellino<\/strong> (Worcester Art Museum)<\/em><\/figcaption><\/figure>\n<\/div>\n\n\n<!-- AfterArticle2023 --><ins class=\"adsbygoogle\"     style=\"display:block;margin-bottom:5px;\"     data-ad-client=\"ca-pub-2468002815867636\"     data-ad-slot=\"3955176166\"     data-ad-format=\"auto\"     data-full-width-responsive=\"true\"><\/ins><script> (adsbygoogle = window.adsbygoogle || []).push({});<\/script><h2 class=\"wp-block-heading\">La Trinidad de Londres<\/h2>\n\n\n\n<p>Reconstituir toda <strong>la obra de Pesellino<\/strong> resulta tanto m\u00e1s dif\u00edcil en la medida en que la \u00fanica pintura que ha dejado huellas en los archivos, es <em><strong>La Santa Trinidad<\/strong><\/em> (National Gallery de Londres) encargada en septiembre de 1455 por una hermandad de cl\u00e9rigos para la iglesia de San Jacopo de Pistoia. Los documentos testifican que Pesellino muri\u00f3 el 29 de julio de 1457, antes de haberla completado y fue Filippo Lippi el responsable de llevar a cabo su terminaci\u00f3n. Hacia mediados del mismo mes, ya gravemente enfermo el pintor, <strong>Filippo Lippi<\/strong> y <strong>Domenico Veneziano<\/strong> fueron llamados a evaluar las fases de la obra que se encontraba m\u00e1s o menos a medio terminar. El retablo, desmembrado en el siglo XIX, fue reconstruido m\u00e1s tarde y hoy se conserva en la National Gallery de Londres.<\/p>\n\n\n<div class=\"wp-block-image\">\n<figure class=\"aligncenter\"><img loading=\"lazy\" decoding=\"async\" width=\"448\" height=\"460\" src=\"https:\/\/www.aparences.net\/wp-content\/uploads\/2017\/01\/pesellino-sainte-trinite.jpg\" alt=\"La Santa Trinidad, Francesco di Stefano, llamado Pesellino\" class=\"wp-image-17733\" title=\"La Santa Trinidad, Francesco di Stefano, llamado Pesellino\" srcset=\"https:\/\/www.aparences.net\/wp-content\/uploads\/2017\/01\/pesellino-sainte-trinite.jpg 448w, https:\/\/www.aparences.net\/wp-content\/uploads\/2017\/01\/pesellino-sainte-trinite-292x300.jpg 292w\" sizes=\"auto, (max-width: 448px) 100vw, 448px\" \/><figcaption class=\"wp-element-caption\"><em><strong>La Santa Trinidad<\/strong>, Francesco di Stefano, llamado <strong>Pesellino<\/strong><\/em><br><em> (Londres, National Gallery)<\/em><\/figcaption><\/figure>\n<\/div>\n\n\n<p>Como lo reconoce el conjunto de la cr\u00edtica Pesellino fue tambi\u00e9n muy receptivo a la pintura de Domenico Veneziano, nombre que aparece en los documentos relativos a Pesellino. Sin embargo, es un\u00e1nime en observar la tabla de Londres como la voluntad de Pesellino de superar el arte de Lippi y su inter\u00e9s por la producci\u00f3n tard\u00eda de Domenico Veneziano, en l\u00ednea con las tendencias de la <a href=\"https:\/\/www.aparences.net\/es\/periodos\/el-quattrocento\/\" data-type=\"link\" data-id=\"https:\/\/www.aparences.net\/es\/periodos\/el-quattrocento\/\">pintura florentina contempor\u00e1nea<\/a>.<\/p>\n\n\n\n<p><strong>Fuentes:<\/strong><\/p>\n\n\n\n<ul class=\"wp-block-list\">\n<li>C. Maisonneuve, <em>Florence au XVe si\u00e8cle<\/em>, INHA, l&#8217;art &amp; l&#8217;essai, 2012<\/li>\n\n\n\n<li>E. M\u00fcntz, <em>Les collections des M\u00e9dicis au XVe si\u00e8cle<\/em>, Paris 1888,<\/li>\n\n\n\n<li>A. Venturi, <em>Quadretti ignoti del Pesellino nella Galleria di Le Mans<\/em>, in L&#8217;Arte, XXVII (1924)<\/li>\n\n\n\n<li>U. Procacci, <em>Di Jacopo di Antonio e delle compagnie di pittori del corso degli Adimari nel XV secolo<\/em>, in Rivista d&#8217;arte, XXXV (1960)<\/li>\n\n\n\n<li>M. Laclotte, <em>\u00abUne chasse\u00bb du Quattrocento florentin<\/em>, in Revue de l&#8217;art, 1978<\/li>\n<\/ul>\n","protected":false},"excerpt":{"rendered":"<p>Pesellino goza entre los historiadores del arte de un aura especial, justificada en este caso por obras de peque\u00f1o formato muy refinadas.<\/p>\n","protected":false},"author":2,"featured_media":26314,"comment_status":"closed","ping_status":"closed","sticky":false,"template":"","format":"standard","meta":{"footnotes":""},"categories":[3010],"tags":[6142,4375,6141,4373],"class_list":["post-13719","post","type-post","status-publish","format-standard","has-post-thumbnail","hentry","category-el-quattrocento-anexos","tag-arte-de-la-miniatura","tag-francesco-di-stefano-pesellino-2","tag-pintor-de-cassoni","tag-pintura-del-quattrocento"],"yoast_head":"<!-- This site is optimized with the Yoast SEO plugin v27.2 - https:\/\/yoast.com\/product\/yoast-seo-wordpress\/ -->\n<title>Francesco di Stefano Pesellino<\/title>\n<meta name=\"description\" content=\"Pesellino goza entre los historiadores del arte de un aura especial, justificada en este caso por obras de peque\u00f1o formato muy refinadas.\" \/>\n<meta name=\"robots\" content=\"index, follow, max-snippet:-1, max-image-preview:large, max-video-preview:-1\" \/>\n<link rel=\"canonical\" href=\"https:\/\/www.aparences.net\/es\/periodos\/el-quattrocento-anexos\/francesco-di-stefano-pesellino\/\" \/>\n<meta property=\"og:locale\" content=\"es_ES\" \/>\n<meta property=\"og:type\" content=\"article\" \/>\n<meta property=\"og:title\" content=\"Francesco di Stefano Pesellino\" \/>\n<meta property=\"og:description\" content=\"Pesellino goza entre los historiadores del arte de un aura especial, justificada en este caso por obras de peque\u00f1o formato muy refinadas.\" \/>\n<meta property=\"og:url\" content=\"https:\/\/www.aparences.net\/es\/periodos\/el-quattrocento-anexos\/francesco-di-stefano-pesellino\/\" \/>\n<meta property=\"og:site_name\" content=\"Aparences\" \/>\n<meta property=\"article:published_time\" content=\"2017-03-22T10:16:14+00:00\" \/>\n<meta property=\"article:modified_time\" content=\"2025-12-11T18:40:56+00:00\" \/>\n<meta property=\"og:image\" content=\"https:\/\/www.aparences.net\/wp-content\/uploads\/2017\/03\/francesco-di-stefano-1.jpg\" \/>\n\t<meta property=\"og:image:width\" content=\"1080\" \/>\n\t<meta property=\"og:image:height\" content=\"540\" \/>\n\t<meta property=\"og:image:type\" content=\"image\/jpeg\" \/>\n<meta name=\"author\" content=\"admin\" \/>\n<meta name=\"twitter:card\" content=\"summary_large_image\" \/>\n<meta name=\"twitter:label1\" content=\"Escrito por\" \/>\n\t<meta name=\"twitter:data1\" content=\"admin\" \/>\n\t<meta name=\"twitter:label2\" content=\"Tiempo de lectura\" \/>\n\t<meta name=\"twitter:data2\" content=\"15 minutos\" \/>\n<script type=\"application\/ld+json\" class=\"yoast-schema-graph\">{\"@context\":\"https:\/\/schema.org\",\"@graph\":[{\"@type\":\"Article\",\"@id\":\"https:\/\/www.aparences.net\/es\/periodos\/el-quattrocento-anexos\/francesco-di-stefano-pesellino\/#article\",\"isPartOf\":{\"@id\":\"https:\/\/www.aparences.net\/es\/periodos\/el-quattrocento-anexos\/francesco-di-stefano-pesellino\/\"},\"author\":{\"name\":\"admin\",\"@id\":\"https:\/\/www.aparences.net\/es\/#\/schema\/person\/af349f6ffc31b16c68963e61268afca5\"},\"headline\":\"Francesco di Stefano Pesellino\",\"datePublished\":\"2017-03-22T10:16:14+00:00\",\"dateModified\":\"2025-12-11T18:40:56+00:00\",\"mainEntityOfPage\":{\"@id\":\"https:\/\/www.aparences.net\/es\/periodos\/el-quattrocento-anexos\/francesco-di-stefano-pesellino\/\"},\"wordCount\":2520,\"publisher\":{\"@id\":\"https:\/\/www.aparences.net\/es\/#organization\"},\"image\":{\"@id\":\"https:\/\/www.aparences.net\/es\/periodos\/el-quattrocento-anexos\/francesco-di-stefano-pesellino\/#primaryimage\"},\"thumbnailUrl\":\"https:\/\/www.aparences.net\/wp-content\/uploads\/2017\/03\/francesco-di-stefano-1.jpg\",\"keywords\":[\"arte de la miniatura\",\"Francesco di Stefano Pesellino\",\"pintor de cassoni\",\"pintura del Quattrocento\"],\"articleSection\":[\"El Quattrocento - Anexos\"],\"inLanguage\":\"es\"},{\"@type\":[\"WebPage\",\"ItemPage\"],\"@id\":\"https:\/\/www.aparences.net\/es\/periodos\/el-quattrocento-anexos\/francesco-di-stefano-pesellino\/\",\"url\":\"https:\/\/www.aparences.net\/es\/periodos\/el-quattrocento-anexos\/francesco-di-stefano-pesellino\/\",\"name\":\"Francesco di Stefano Pesellino\",\"isPartOf\":{\"@id\":\"https:\/\/www.aparences.net\/es\/#website\"},\"primaryImageOfPage\":{\"@id\":\"https:\/\/www.aparences.net\/es\/periodos\/el-quattrocento-anexos\/francesco-di-stefano-pesellino\/#primaryimage\"},\"image\":{\"@id\":\"https:\/\/www.aparences.net\/es\/periodos\/el-quattrocento-anexos\/francesco-di-stefano-pesellino\/#primaryimage\"},\"thumbnailUrl\":\"https:\/\/www.aparences.net\/wp-content\/uploads\/2017\/03\/francesco-di-stefano-1.jpg\",\"datePublished\":\"2017-03-22T10:16:14+00:00\",\"dateModified\":\"2025-12-11T18:40:56+00:00\",\"description\":\"Pesellino goza entre los historiadores del arte de un aura especial, justificada en este caso por obras de peque\u00f1o formato muy refinadas.\",\"breadcrumb\":{\"@id\":\"https:\/\/www.aparences.net\/es\/periodos\/el-quattrocento-anexos\/francesco-di-stefano-pesellino\/#breadcrumb\"},\"inLanguage\":\"es\",\"potentialAction\":[{\"@type\":\"ReadAction\",\"target\":[\"https:\/\/www.aparences.net\/es\/periodos\/el-quattrocento-anexos\/francesco-di-stefano-pesellino\/\"]}]},{\"@type\":\"ImageObject\",\"inLanguage\":\"es\",\"@id\":\"https:\/\/www.aparences.net\/es\/periodos\/el-quattrocento-anexos\/francesco-di-stefano-pesellino\/#primaryimage\",\"url\":\"https:\/\/www.aparences.net\/wp-content\/uploads\/2017\/03\/francesco-di-stefano-1.jpg\",\"contentUrl\":\"https:\/\/www.aparences.net\/wp-content\/uploads\/2017\/03\/francesco-di-stefano-1.jpg\",\"width\":1080,\"height\":540},{\"@type\":\"BreadcrumbList\",\"@id\":\"https:\/\/www.aparences.net\/es\/periodos\/el-quattrocento-anexos\/francesco-di-stefano-pesellino\/#breadcrumb\",\"itemListElement\":[{\"@type\":\"ListItem\",\"position\":1,\"name\":\"Portada\",\"item\":\"https:\/\/www.aparences.net\/es\/\"},{\"@type\":\"ListItem\",\"position\":2,\"name\":\"Francesco di Stefano Pesellino\"}]},{\"@type\":\"WebSite\",\"@id\":\"https:\/\/www.aparences.net\/es\/#website\",\"url\":\"https:\/\/www.aparences.net\/es\/\",\"name\":\"Aparences: Historia del Arte y Actualidad Cultural\",\"description\":\"\",\"publisher\":{\"@id\":\"https:\/\/www.aparences.net\/es\/#organization\"},\"potentialAction\":[{\"@type\":\"SearchAction\",\"target\":{\"@type\":\"EntryPoint\",\"urlTemplate\":\"https:\/\/www.aparences.net\/es\/?s={search_term_string}\"},\"query-input\":{\"@type\":\"PropertyValueSpecification\",\"valueRequired\":true,\"valueName\":\"search_term_string\"}}],\"inLanguage\":\"es\"},{\"@type\":\"Organization\",\"@id\":\"https:\/\/www.aparences.net\/es\/#organization\",\"name\":\"Aparences: Historia del Arte y Actualidad Cultural\",\"url\":\"https:\/\/www.aparences.net\/es\/\",\"logo\":{\"@type\":\"ImageObject\",\"inLanguage\":\"es\",\"@id\":\"https:\/\/www.aparences.net\/es\/#\/schema\/logo\/image\/\",\"url\":\"https:\/\/www.aparences.net\/wp-content\/uploads\/2023\/09\/logo-quadrat-color-e1695915315229.png\",\"contentUrl\":\"https:\/\/www.aparences.net\/wp-content\/uploads\/2023\/09\/logo-quadrat-color-e1695915315229.png\",\"width\":120,\"height\":120,\"caption\":\"Aparences: Historia del Arte y Actualidad Cultural\"},\"image\":{\"@id\":\"https:\/\/www.aparences.net\/es\/#\/schema\/logo\/image\/\"}},{\"@type\":\"Person\",\"@id\":\"https:\/\/www.aparences.net\/es\/#\/schema\/person\/af349f6ffc31b16c68963e61268afca5\",\"name\":\"admin\",\"url\":\"https:\/\/www.aparences.net\/es\/author\/admin\/\"}]}<\/script>\n<!-- \/ Yoast SEO plugin. -->","yoast_head_json":{"title":"Francesco di Stefano Pesellino","description":"Pesellino goza entre los historiadores del arte de un aura especial, justificada en este caso por obras de peque\u00f1o formato muy refinadas.","robots":{"index":"index","follow":"follow","max-snippet":"max-snippet:-1","max-image-preview":"max-image-preview:large","max-video-preview":"max-video-preview:-1"},"canonical":"https:\/\/www.aparences.net\/es\/periodos\/el-quattrocento-anexos\/francesco-di-stefano-pesellino\/","og_locale":"es_ES","og_type":"article","og_title":"Francesco di Stefano Pesellino","og_description":"Pesellino goza entre los historiadores del arte de un aura especial, justificada en este caso por obras de peque\u00f1o formato muy refinadas.","og_url":"https:\/\/www.aparences.net\/es\/periodos\/el-quattrocento-anexos\/francesco-di-stefano-pesellino\/","og_site_name":"Aparences","article_published_time":"2017-03-22T10:16:14+00:00","article_modified_time":"2025-12-11T18:40:56+00:00","og_image":[{"width":1080,"height":540,"url":"https:\/\/www.aparences.net\/wp-content\/uploads\/2017\/03\/francesco-di-stefano-1.jpg","type":"image\/jpeg"}],"author":"admin","twitter_card":"summary_large_image","twitter_misc":{"Escrito por":"admin","Tiempo de lectura":"15 minutos"},"schema":{"@context":"https:\/\/schema.org","@graph":[{"@type":"Article","@id":"https:\/\/www.aparences.net\/es\/periodos\/el-quattrocento-anexos\/francesco-di-stefano-pesellino\/#article","isPartOf":{"@id":"https:\/\/www.aparences.net\/es\/periodos\/el-quattrocento-anexos\/francesco-di-stefano-pesellino\/"},"author":{"name":"admin","@id":"https:\/\/www.aparences.net\/es\/#\/schema\/person\/af349f6ffc31b16c68963e61268afca5"},"headline":"Francesco di Stefano Pesellino","datePublished":"2017-03-22T10:16:14+00:00","dateModified":"2025-12-11T18:40:56+00:00","mainEntityOfPage":{"@id":"https:\/\/www.aparences.net\/es\/periodos\/el-quattrocento-anexos\/francesco-di-stefano-pesellino\/"},"wordCount":2520,"publisher":{"@id":"https:\/\/www.aparences.net\/es\/#organization"},"image":{"@id":"https:\/\/www.aparences.net\/es\/periodos\/el-quattrocento-anexos\/francesco-di-stefano-pesellino\/#primaryimage"},"thumbnailUrl":"https:\/\/www.aparences.net\/wp-content\/uploads\/2017\/03\/francesco-di-stefano-1.jpg","keywords":["arte de la miniatura","Francesco di Stefano Pesellino","pintor de cassoni","pintura del Quattrocento"],"articleSection":["El Quattrocento - Anexos"],"inLanguage":"es"},{"@type":["WebPage","ItemPage"],"@id":"https:\/\/www.aparences.net\/es\/periodos\/el-quattrocento-anexos\/francesco-di-stefano-pesellino\/","url":"https:\/\/www.aparences.net\/es\/periodos\/el-quattrocento-anexos\/francesco-di-stefano-pesellino\/","name":"Francesco di Stefano Pesellino","isPartOf":{"@id":"https:\/\/www.aparences.net\/es\/#website"},"primaryImageOfPage":{"@id":"https:\/\/www.aparences.net\/es\/periodos\/el-quattrocento-anexos\/francesco-di-stefano-pesellino\/#primaryimage"},"image":{"@id":"https:\/\/www.aparences.net\/es\/periodos\/el-quattrocento-anexos\/francesco-di-stefano-pesellino\/#primaryimage"},"thumbnailUrl":"https:\/\/www.aparences.net\/wp-content\/uploads\/2017\/03\/francesco-di-stefano-1.jpg","datePublished":"2017-03-22T10:16:14+00:00","dateModified":"2025-12-11T18:40:56+00:00","description":"Pesellino goza entre los historiadores del arte de un aura especial, justificada en este caso por obras de peque\u00f1o formato muy refinadas.","breadcrumb":{"@id":"https:\/\/www.aparences.net\/es\/periodos\/el-quattrocento-anexos\/francesco-di-stefano-pesellino\/#breadcrumb"},"inLanguage":"es","potentialAction":[{"@type":"ReadAction","target":["https:\/\/www.aparences.net\/es\/periodos\/el-quattrocento-anexos\/francesco-di-stefano-pesellino\/"]}]},{"@type":"ImageObject","inLanguage":"es","@id":"https:\/\/www.aparences.net\/es\/periodos\/el-quattrocento-anexos\/francesco-di-stefano-pesellino\/#primaryimage","url":"https:\/\/www.aparences.net\/wp-content\/uploads\/2017\/03\/francesco-di-stefano-1.jpg","contentUrl":"https:\/\/www.aparences.net\/wp-content\/uploads\/2017\/03\/francesco-di-stefano-1.jpg","width":1080,"height":540},{"@type":"BreadcrumbList","@id":"https:\/\/www.aparences.net\/es\/periodos\/el-quattrocento-anexos\/francesco-di-stefano-pesellino\/#breadcrumb","itemListElement":[{"@type":"ListItem","position":1,"name":"Portada","item":"https:\/\/www.aparences.net\/es\/"},{"@type":"ListItem","position":2,"name":"Francesco di Stefano Pesellino"}]},{"@type":"WebSite","@id":"https:\/\/www.aparences.net\/es\/#website","url":"https:\/\/www.aparences.net\/es\/","name":"Aparences: Historia del Arte y Actualidad Cultural","description":"","publisher":{"@id":"https:\/\/www.aparences.net\/es\/#organization"},"potentialAction":[{"@type":"SearchAction","target":{"@type":"EntryPoint","urlTemplate":"https:\/\/www.aparences.net\/es\/?s={search_term_string}"},"query-input":{"@type":"PropertyValueSpecification","valueRequired":true,"valueName":"search_term_string"}}],"inLanguage":"es"},{"@type":"Organization","@id":"https:\/\/www.aparences.net\/es\/#organization","name":"Aparences: Historia del Arte y Actualidad Cultural","url":"https:\/\/www.aparences.net\/es\/","logo":{"@type":"ImageObject","inLanguage":"es","@id":"https:\/\/www.aparences.net\/es\/#\/schema\/logo\/image\/","url":"https:\/\/www.aparences.net\/wp-content\/uploads\/2023\/09\/logo-quadrat-color-e1695915315229.png","contentUrl":"https:\/\/www.aparences.net\/wp-content\/uploads\/2023\/09\/logo-quadrat-color-e1695915315229.png","width":120,"height":120,"caption":"Aparences: Historia del Arte y Actualidad Cultural"},"image":{"@id":"https:\/\/www.aparences.net\/es\/#\/schema\/logo\/image\/"}},{"@type":"Person","@id":"https:\/\/www.aparences.net\/es\/#\/schema\/person\/af349f6ffc31b16c68963e61268afca5","name":"admin","url":"https:\/\/www.aparences.net\/es\/author\/admin\/"}]}},"_links":{"self":[{"href":"https:\/\/www.aparences.net\/es\/wp-json\/wp\/v2\/posts\/13719","targetHints":{"allow":["GET"]}}],"collection":[{"href":"https:\/\/www.aparences.net\/es\/wp-json\/wp\/v2\/posts"}],"about":[{"href":"https:\/\/www.aparences.net\/es\/wp-json\/wp\/v2\/types\/post"}],"author":[{"embeddable":true,"href":"https:\/\/www.aparences.net\/es\/wp-json\/wp\/v2\/users\/2"}],"replies":[{"embeddable":true,"href":"https:\/\/www.aparences.net\/es\/wp-json\/wp\/v2\/comments?post=13719"}],"version-history":[{"count":0,"href":"https:\/\/www.aparences.net\/es\/wp-json\/wp\/v2\/posts\/13719\/revisions"}],"wp:featuredmedia":[{"embeddable":true,"href":"https:\/\/www.aparences.net\/es\/wp-json\/wp\/v2\/media\/26314"}],"wp:attachment":[{"href":"https:\/\/www.aparences.net\/es\/wp-json\/wp\/v2\/media?parent=13719"}],"wp:term":[{"taxonomy":"category","embeddable":true,"href":"https:\/\/www.aparences.net\/es\/wp-json\/wp\/v2\/categories?post=13719"},{"taxonomy":"post_tag","embeddable":true,"href":"https:\/\/www.aparences.net\/es\/wp-json\/wp\/v2\/tags?post=13719"}],"curies":[{"name":"wp","href":"https:\/\/api.w.org\/{rel}","templated":true}]}}