{"id":13725,"date":"2017-04-20T18:43:25","date_gmt":"2017-04-20T16:43:25","guid":{"rendered":"https:\/\/www.aparences.net\/actualites\/expositions\/expresionismo-abstracto-2\/"},"modified":"2024-09-03T09:07:58","modified_gmt":"2024-09-03T07:07:58","slug":"expresionismo-abstracto-2","status":"publish","type":"post","link":"https:\/\/www.aparences.net\/es\/actualidad\/expresionismo-abstracto-2\/","title":{"rendered":"Expresionismo abstracto"},"content":{"rendered":"\n<p>El <a href=\"https:\/\/www.guggenheim-bilbao.eus\/exposiciones\/expresionismo-abstracto\/#\">Museo Guggenheim de Bilbao<\/a> presenta una exposici\u00f3n dedicada al Expresionismo Abstracto, un fen\u00f3meno tan heterog\u00e9neo como sus propios protagonistas. La etiqueta colectiva que el cr\u00edtico Robert Coates acu\u00f1\u00f3 en 1946 sugiere dos polos opuestos: la intensidad emocional del Expresionismo alem\u00e1n y la est\u00e9tica formal de la Abstracci\u00f3n europea. Entre los propios artistas hab\u00eda desde neoyorquinos de nacimiento hasta refugiados pol\u00edticos europeos, pasando por estadounidenses procedentes de la regi\u00f3n central y el oeste del pa\u00eds. Pese a sus diferentes biograf\u00edas y procedencias, los primeros expresionistas abstractos compart\u00edan una experiencia com\u00fan: vivieron en la \u00e9poca moderna de extremos y cat\u00e1strofes que abarc\u00f3 dos Guerras Mundiales, la Gran Depresi\u00f3n, la Guerra Civil Espa\u00f1ola, la devastaci\u00f3n at\u00f3mica y la posterior Guerra Fr\u00eda, entre otros terribles acontecimientos hist\u00f3ricos. Sin embargo, el incipiente papel de EE. UU. como potencia mundial contribuy\u00f3 a promover una paralela confianza en su floreciente escena art\u00edstica.<\/p>\n\n\n<div class=\"wp-block-image\">\n<figure class=\"aligncenter\"><img loading=\"lazy\" decoding=\"async\" width=\"308\" height=\"460\" src=\"https:\/\/www.aparences.net\/wp-content\/uploads\/2017\/04\/pollock-male-and-female.jpg\" alt=\"Masculin et f\u00e9minin (M\u00e2le and Female), 1942-43, Jackson Pollock, Philadelphia Museum of Art\" class=\"wp-image-17799\" title=\"Masculin et f\u00e9minin (M\u00e2le and Female, 1942-43, Jackson Pollock (Philadelphia Museum of Art\" srcset=\"https:\/\/www.aparences.net\/wp-content\/uploads\/2017\/04\/pollock-male-and-female.jpg 308w, https:\/\/www.aparences.net\/wp-content\/uploads\/2017\/04\/pollock-male-and-female-201x300.jpg 201w\" sizes=\"auto, (max-width: 308px) 100vw, 308px\" \/><figcaption class=\"wp-element-caption\"><em><strong>Masculino y femenino<\/strong> (M\u00e2le and Female), 1942-43, <strong>Jackson Pollock<\/strong><\/em><br><em> (Philadelphia Museum of Art). <\/em><\/figcaption><\/figure>\n<\/div>\n\n\n<p><em>Si bien el pintor expresa sus emociones y transmite la sensaci\u00f3n de estar presente en la obra, la percepci\u00f3n del espectador constituye el elemento final de esta interacci\u00f3n. La pintura abstracta \u201cse enfrenta al espectador\u201d (it confronts you), afirmar\u00eda Pollock en 1950.<\/em><\/p>\n\n\n\n<p>El Expresionismo abstracto fue clave en la evoluci\u00f3n del arte del siglo XX. Sin embargo, sorprendentemente, en Europa no se ha realizado ning\u00fan estudio de calado de este movimiento desde 1959. Con m\u00e1s de 130 pinturas, esculturas y fotograf\u00edas procedentes de colecciones p\u00fablicas y privadas de todo el mundo, esta ambiciosa exposici\u00f3n&nbsp;organizada por la Royal Academy of Arts de Londres, con la colaboraci\u00f3n del Museo Guggenheim de Bilbao, engloba obras maestras de los m\u00e1s aclamados artistas estadounidenses vinculados con este movimiento, as\u00ed como otras figuras menos conocidas, pero no por ello menos relevantes. Esta selecci\u00f3n pretende revaluar el <a href=\"https:\/\/www.aparences.net\/es\/arte-contemporaneo\/movimientos\/expresionismo-abstracto\/\">Expresionismo Abstracto<\/a>, reconociendo que, aunque a menudo se percibe como un todo unificado, en realidad fue un fen\u00f3meno extremadamente complejo, variable y poli\u00e9drico.<\/p>\n","protected":false},"excerpt":{"rendered":"<p>Una nueva visi\u00f3n sobre el Expresionismo abstracto, movimiento extremadamente complejo, variable y poli\u00e9drico.<\/p>\n","protected":false},"author":2,"featured_media":17800,"comment_status":"closed","ping_status":"closed","sticky":false,"template":"","format":"standard","meta":{"footnotes":""},"categories":[2368,2605],"tags":[3187],"class_list":["post-13725","post","type-post","status-publish","format-standard","has-post-thumbnail","hentry","category-actualidad","category-exposiciones","tag-featured-es"],"yoast_head":"<!-- This site is optimized with the Yoast SEO plugin v27.2 - https:\/\/yoast.com\/product\/yoast-seo-wordpress\/ -->\n<title>Expresionismo abstracto<\/title>\n<meta name=\"description\" content=\"Una nueva visi\u00f3n sobre el Expresionismo abstracto, movimiento extremadamente complejo, variable y poli\u00e9drico.\" \/>\n<meta name=\"robots\" content=\"index, follow, max-snippet:-1, max-image-preview:large, max-video-preview:-1\" \/>\n<link rel=\"canonical\" href=\"https:\/\/www.aparences.net\/es\/actualidad\/expresionismo-abstracto-2\/\" \/>\n<meta property=\"og:locale\" content=\"es_ES\" \/>\n<meta property=\"og:type\" content=\"article\" \/>\n<meta property=\"og:title\" content=\"Expresionismo abstracto\" \/>\n<meta property=\"og:description\" content=\"Una nueva visi\u00f3n sobre el Expresionismo abstracto, movimiento extremadamente complejo, variable y poli\u00e9drico.\" \/>\n<meta property=\"og:url\" content=\"https:\/\/www.aparences.net\/es\/actualidad\/expresionismo-abstracto-2\/\" \/>\n<meta property=\"og:site_name\" content=\"Aparences\" \/>\n<meta property=\"article:published_time\" content=\"2017-04-20T16:43:25+00:00\" \/>\n<meta property=\"article:modified_time\" content=\"2024-09-03T07:07:58+00:00\" \/>\n<meta property=\"og:image\" content=\"https:\/\/www.aparences.net\/wp-content\/uploads\/2017\/04\/willem-de-kooning-bilbao.jpg\" \/>\n\t<meta property=\"og:image:width\" content=\"880\" \/>\n\t<meta property=\"og:image:height\" content=\"290\" \/>\n\t<meta property=\"og:image:type\" content=\"image\/jpeg\" \/>\n<meta name=\"author\" content=\"admin\" \/>\n<meta name=\"twitter:card\" content=\"summary_large_image\" \/>\n<meta name=\"twitter:label1\" content=\"Escrito por\" \/>\n\t<meta name=\"twitter:data1\" content=\"admin\" \/>\n\t<meta name=\"twitter:label2\" content=\"Tiempo de lectura\" \/>\n\t<meta name=\"twitter:data2\" content=\"2 minutos\" \/>\n<script type=\"application\/ld+json\" class=\"yoast-schema-graph\">{\"@context\":\"https:\/\/schema.org\",\"@graph\":[{\"@type\":\"Article\",\"@id\":\"https:\/\/www.aparences.net\/es\/actualidad\/expresionismo-abstracto-2\/#article\",\"isPartOf\":{\"@id\":\"https:\/\/www.aparences.net\/es\/actualidad\/expresionismo-abstracto-2\/\"},\"author\":{\"name\":\"admin\",\"@id\":\"https:\/\/www.aparences.net\/es\/#\/schema\/person\/af349f6ffc31b16c68963e61268afca5\"},\"headline\":\"Expresionismo abstracto\",\"datePublished\":\"2017-04-20T16:43:25+00:00\",\"dateModified\":\"2024-09-03T07:07:58+00:00\",\"mainEntityOfPage\":{\"@id\":\"https:\/\/www.aparences.net\/es\/actualidad\/expresionismo-abstracto-2\/\"},\"wordCount\":360,\"publisher\":{\"@id\":\"https:\/\/www.aparences.net\/es\/#organization\"},\"image\":{\"@id\":\"https:\/\/www.aparences.net\/es\/actualidad\/expresionismo-abstracto-2\/#primaryimage\"},\"thumbnailUrl\":\"https:\/\/www.aparences.net\/wp-content\/uploads\/2017\/04\/willem-de-kooning-bilbao.jpg\",\"keywords\":[\"Featured\"],\"articleSection\":[\"Actualidad\",\"Exposiciones\"],\"inLanguage\":\"es\"},{\"@type\":[\"WebPage\",\"ItemPage\"],\"@id\":\"https:\/\/www.aparences.net\/es\/actualidad\/expresionismo-abstracto-2\/\",\"url\":\"https:\/\/www.aparences.net\/es\/actualidad\/expresionismo-abstracto-2\/\",\"name\":\"Expresionismo abstracto\",\"isPartOf\":{\"@id\":\"https:\/\/www.aparences.net\/es\/#website\"},\"primaryImageOfPage\":{\"@id\":\"https:\/\/www.aparences.net\/es\/actualidad\/expresionismo-abstracto-2\/#primaryimage\"},\"image\":{\"@id\":\"https:\/\/www.aparences.net\/es\/actualidad\/expresionismo-abstracto-2\/#primaryimage\"},\"thumbnailUrl\":\"https:\/\/www.aparences.net\/wp-content\/uploads\/2017\/04\/willem-de-kooning-bilbao.jpg\",\"datePublished\":\"2017-04-20T16:43:25+00:00\",\"dateModified\":\"2024-09-03T07:07:58+00:00\",\"description\":\"Una nueva visi\u00f3n sobre el Expresionismo abstracto, movimiento extremadamente complejo, variable y poli\u00e9drico.\",\"breadcrumb\":{\"@id\":\"https:\/\/www.aparences.net\/es\/actualidad\/expresionismo-abstracto-2\/#breadcrumb\"},\"inLanguage\":\"es\",\"potentialAction\":[{\"@type\":\"ReadAction\",\"target\":[\"https:\/\/www.aparences.net\/es\/actualidad\/expresionismo-abstracto-2\/\"]}]},{\"@type\":\"ImageObject\",\"inLanguage\":\"es\",\"@id\":\"https:\/\/www.aparences.net\/es\/actualidad\/expresionismo-abstracto-2\/#primaryimage\",\"url\":\"https:\/\/www.aparences.net\/wp-content\/uploads\/2017\/04\/willem-de-kooning-bilbao.jpg\",\"contentUrl\":\"https:\/\/www.aparences.net\/wp-content\/uploads\/2017\/04\/willem-de-kooning-bilbao.jpg\",\"width\":880,\"height\":290},{\"@type\":\"BreadcrumbList\",\"@id\":\"https:\/\/www.aparences.net\/es\/actualidad\/expresionismo-abstracto-2\/#breadcrumb\",\"itemListElement\":[{\"@type\":\"ListItem\",\"position\":1,\"name\":\"Portada\",\"item\":\"https:\/\/www.aparences.net\/es\/\"},{\"@type\":\"ListItem\",\"position\":2,\"name\":\"Expresionismo abstracto\"}]},{\"@type\":\"WebSite\",\"@id\":\"https:\/\/www.aparences.net\/es\/#website\",\"url\":\"https:\/\/www.aparences.net\/es\/\",\"name\":\"Aparences: Historia del Arte y Actualidad Cultural\",\"description\":\"\",\"publisher\":{\"@id\":\"https:\/\/www.aparences.net\/es\/#organization\"},\"potentialAction\":[{\"@type\":\"SearchAction\",\"target\":{\"@type\":\"EntryPoint\",\"urlTemplate\":\"https:\/\/www.aparences.net\/es\/?s={search_term_string}\"},\"query-input\":{\"@type\":\"PropertyValueSpecification\",\"valueRequired\":true,\"valueName\":\"search_term_string\"}}],\"inLanguage\":\"es\"},{\"@type\":\"Organization\",\"@id\":\"https:\/\/www.aparences.net\/es\/#organization\",\"name\":\"Aparences: Historia del Arte y Actualidad Cultural\",\"url\":\"https:\/\/www.aparences.net\/es\/\",\"logo\":{\"@type\":\"ImageObject\",\"inLanguage\":\"es\",\"@id\":\"https:\/\/www.aparences.net\/es\/#\/schema\/logo\/image\/\",\"url\":\"https:\/\/www.aparences.net\/wp-content\/uploads\/2023\/09\/logo-quadrat-color-e1695915315229.png\",\"contentUrl\":\"https:\/\/www.aparences.net\/wp-content\/uploads\/2023\/09\/logo-quadrat-color-e1695915315229.png\",\"width\":120,\"height\":120,\"caption\":\"Aparences: Historia del Arte y Actualidad Cultural\"},\"image\":{\"@id\":\"https:\/\/www.aparences.net\/es\/#\/schema\/logo\/image\/\"}},{\"@type\":\"Person\",\"@id\":\"https:\/\/www.aparences.net\/es\/#\/schema\/person\/af349f6ffc31b16c68963e61268afca5\",\"name\":\"admin\",\"url\":\"https:\/\/www.aparences.net\/es\/author\/admin\/\"}]}<\/script>\n<!-- \/ Yoast SEO plugin. -->","yoast_head_json":{"title":"Expresionismo abstracto","description":"Una nueva visi\u00f3n sobre el Expresionismo abstracto, movimiento extremadamente complejo, variable y poli\u00e9drico.","robots":{"index":"index","follow":"follow","max-snippet":"max-snippet:-1","max-image-preview":"max-image-preview:large","max-video-preview":"max-video-preview:-1"},"canonical":"https:\/\/www.aparences.net\/es\/actualidad\/expresionismo-abstracto-2\/","og_locale":"es_ES","og_type":"article","og_title":"Expresionismo abstracto","og_description":"Una nueva visi\u00f3n sobre el Expresionismo abstracto, movimiento extremadamente complejo, variable y poli\u00e9drico.","og_url":"https:\/\/www.aparences.net\/es\/actualidad\/expresionismo-abstracto-2\/","og_site_name":"Aparences","article_published_time":"2017-04-20T16:43:25+00:00","article_modified_time":"2024-09-03T07:07:58+00:00","og_image":[{"width":880,"height":290,"url":"https:\/\/www.aparences.net\/wp-content\/uploads\/2017\/04\/willem-de-kooning-bilbao.jpg","type":"image\/jpeg"}],"author":"admin","twitter_card":"summary_large_image","twitter_misc":{"Escrito por":"admin","Tiempo de lectura":"2 minutos"},"schema":{"@context":"https:\/\/schema.org","@graph":[{"@type":"Article","@id":"https:\/\/www.aparences.net\/es\/actualidad\/expresionismo-abstracto-2\/#article","isPartOf":{"@id":"https:\/\/www.aparences.net\/es\/actualidad\/expresionismo-abstracto-2\/"},"author":{"name":"admin","@id":"https:\/\/www.aparences.net\/es\/#\/schema\/person\/af349f6ffc31b16c68963e61268afca5"},"headline":"Expresionismo abstracto","datePublished":"2017-04-20T16:43:25+00:00","dateModified":"2024-09-03T07:07:58+00:00","mainEntityOfPage":{"@id":"https:\/\/www.aparences.net\/es\/actualidad\/expresionismo-abstracto-2\/"},"wordCount":360,"publisher":{"@id":"https:\/\/www.aparences.net\/es\/#organization"},"image":{"@id":"https:\/\/www.aparences.net\/es\/actualidad\/expresionismo-abstracto-2\/#primaryimage"},"thumbnailUrl":"https:\/\/www.aparences.net\/wp-content\/uploads\/2017\/04\/willem-de-kooning-bilbao.jpg","keywords":["Featured"],"articleSection":["Actualidad","Exposiciones"],"inLanguage":"es"},{"@type":["WebPage","ItemPage"],"@id":"https:\/\/www.aparences.net\/es\/actualidad\/expresionismo-abstracto-2\/","url":"https:\/\/www.aparences.net\/es\/actualidad\/expresionismo-abstracto-2\/","name":"Expresionismo abstracto","isPartOf":{"@id":"https:\/\/www.aparences.net\/es\/#website"},"primaryImageOfPage":{"@id":"https:\/\/www.aparences.net\/es\/actualidad\/expresionismo-abstracto-2\/#primaryimage"},"image":{"@id":"https:\/\/www.aparences.net\/es\/actualidad\/expresionismo-abstracto-2\/#primaryimage"},"thumbnailUrl":"https:\/\/www.aparences.net\/wp-content\/uploads\/2017\/04\/willem-de-kooning-bilbao.jpg","datePublished":"2017-04-20T16:43:25+00:00","dateModified":"2024-09-03T07:07:58+00:00","description":"Una nueva visi\u00f3n sobre el Expresionismo abstracto, movimiento extremadamente complejo, variable y poli\u00e9drico.","breadcrumb":{"@id":"https:\/\/www.aparences.net\/es\/actualidad\/expresionismo-abstracto-2\/#breadcrumb"},"inLanguage":"es","potentialAction":[{"@type":"ReadAction","target":["https:\/\/www.aparences.net\/es\/actualidad\/expresionismo-abstracto-2\/"]}]},{"@type":"ImageObject","inLanguage":"es","@id":"https:\/\/www.aparences.net\/es\/actualidad\/expresionismo-abstracto-2\/#primaryimage","url":"https:\/\/www.aparences.net\/wp-content\/uploads\/2017\/04\/willem-de-kooning-bilbao.jpg","contentUrl":"https:\/\/www.aparences.net\/wp-content\/uploads\/2017\/04\/willem-de-kooning-bilbao.jpg","width":880,"height":290},{"@type":"BreadcrumbList","@id":"https:\/\/www.aparences.net\/es\/actualidad\/expresionismo-abstracto-2\/#breadcrumb","itemListElement":[{"@type":"ListItem","position":1,"name":"Portada","item":"https:\/\/www.aparences.net\/es\/"},{"@type":"ListItem","position":2,"name":"Expresionismo abstracto"}]},{"@type":"WebSite","@id":"https:\/\/www.aparences.net\/es\/#website","url":"https:\/\/www.aparences.net\/es\/","name":"Aparences: Historia del Arte y Actualidad Cultural","description":"","publisher":{"@id":"https:\/\/www.aparences.net\/es\/#organization"},"potentialAction":[{"@type":"SearchAction","target":{"@type":"EntryPoint","urlTemplate":"https:\/\/www.aparences.net\/es\/?s={search_term_string}"},"query-input":{"@type":"PropertyValueSpecification","valueRequired":true,"valueName":"search_term_string"}}],"inLanguage":"es"},{"@type":"Organization","@id":"https:\/\/www.aparences.net\/es\/#organization","name":"Aparences: Historia del Arte y Actualidad Cultural","url":"https:\/\/www.aparences.net\/es\/","logo":{"@type":"ImageObject","inLanguage":"es","@id":"https:\/\/www.aparences.net\/es\/#\/schema\/logo\/image\/","url":"https:\/\/www.aparences.net\/wp-content\/uploads\/2023\/09\/logo-quadrat-color-e1695915315229.png","contentUrl":"https:\/\/www.aparences.net\/wp-content\/uploads\/2023\/09\/logo-quadrat-color-e1695915315229.png","width":120,"height":120,"caption":"Aparences: Historia del Arte y Actualidad Cultural"},"image":{"@id":"https:\/\/www.aparences.net\/es\/#\/schema\/logo\/image\/"}},{"@type":"Person","@id":"https:\/\/www.aparences.net\/es\/#\/schema\/person\/af349f6ffc31b16c68963e61268afca5","name":"admin","url":"https:\/\/www.aparences.net\/es\/author\/admin\/"}]}},"_links":{"self":[{"href":"https:\/\/www.aparences.net\/es\/wp-json\/wp\/v2\/posts\/13725","targetHints":{"allow":["GET"]}}],"collection":[{"href":"https:\/\/www.aparences.net\/es\/wp-json\/wp\/v2\/posts"}],"about":[{"href":"https:\/\/www.aparences.net\/es\/wp-json\/wp\/v2\/types\/post"}],"author":[{"embeddable":true,"href":"https:\/\/www.aparences.net\/es\/wp-json\/wp\/v2\/users\/2"}],"replies":[{"embeddable":true,"href":"https:\/\/www.aparences.net\/es\/wp-json\/wp\/v2\/comments?post=13725"}],"version-history":[{"count":0,"href":"https:\/\/www.aparences.net\/es\/wp-json\/wp\/v2\/posts\/13725\/revisions"}],"wp:featuredmedia":[{"embeddable":true,"href":"https:\/\/www.aparences.net\/es\/wp-json\/wp\/v2\/media\/17800"}],"wp:attachment":[{"href":"https:\/\/www.aparences.net\/es\/wp-json\/wp\/v2\/media?parent=13725"}],"wp:term":[{"taxonomy":"category","embeddable":true,"href":"https:\/\/www.aparences.net\/es\/wp-json\/wp\/v2\/categories?post=13725"},{"taxonomy":"post_tag","embeddable":true,"href":"https:\/\/www.aparences.net\/es\/wp-json\/wp\/v2\/tags?post=13725"}],"curies":[{"name":"wp","href":"https:\/\/api.w.org\/{rel}","templated":true}]}}