{"id":13733,"date":"2017-07-08T09:59:28","date_gmt":"2017-07-08T07:59:28","guid":{"rendered":"https:\/\/www.aparences.net\/actualites\/expositions\/sisley-el-impresionista\/"},"modified":"2024-09-03T10:06:57","modified_gmt":"2024-09-03T08:06:57","slug":"sisley-el-impresionista","status":"publish","type":"post","link":"https:\/\/www.aparences.net\/es\/actualidad\/sisley-el-impresionista\/","title":{"rendered":"Sisley el impresionista"},"content":{"rendered":"\n<p>El <a href=\"https:\/\/www.caumont-centredart.com\/\">Caumont Centre d\u2019Art<\/a> de Aix-en-Provence en colaboraci\u00f3n con la Tate Britain (Londres), el Centro Pompidou (Par\u00eds) y el Metropolitan Museum of Art (Nueva York) presenta la exposici\u00f3n <em>Sisley el impresionista<\/em>, una exposici\u00f3n monogr\u00e1fica itinerante co-organizada por Culturespaces y el Bruce Museum de Greenwich (Connecticut). Sesenta obras, algunas de las cuales rara vez han sido presentadas al p\u00fablico, se han reunido para esta exposici\u00f3n que recorre las diversas etapas de la obra de Alfred Sisley (1839-1899) a trav\u00e9s de los lugares frecuentados por el pintor. M\u00e1s que cualquier otro impresionista, Alfred Sisley se dedic\u00f3 en cuerpo y alma a la pintura de paisaje, permaneciendo siempre fiel a los principios fundacionales de este movimiento. Probablemente inspirado por John Constable en su manera de pintar los paisajes, Sisley llevaba a cabo una identificaci\u00f3n visual sistem\u00e1tica de lugares espec\u00edficos, apoy\u00e1ndose en sus conocimientos y experiencia. Los examinaba de forma minuciosa para formar un conjunto coherente de planos, tomando nota de las diferencias entre las escenas sujetas a los cambios de luz, al tiempo y a la estaci\u00f3n. La habilidad con la que Sisley fue capaz de capturar los reflejos de la luz sobre el agua, el brillo del sol de invierno sobre la nieve y la escarcha, los \u00e1rboles movi\u00e9ndose en el viento, la intensidad de las escenas r\u00fasticas o la inmensidad de los cielos de su regi\u00f3n &#8211; la Isla de Francia &#8211; realizando, a lo largo de su carrera, obras conmovedoras&nbsp; que, como poemas, invitan a una tranquila contemplaci\u00f3n.<\/p>\n\n\n<div class=\"wp-block-image\">\n<figure class=\"aligncenter\"><img loading=\"lazy\" decoding=\"async\" width=\"557\" height=\"370\" src=\"https:\/\/www.aparences.net\/wp-content\/uploads\/2017\/07\/alfred-sisley-sous-le-pont-de-hampton-court.jpg\" alt=\"Bajo el puente de Hampton Court, 1874, Alfred Sisley, Winterthour, Kunstmuseum\" class=\"wp-image-17928\" title=\"Bajo el puente de Hampton Court, 1874, Alfred Sisley, Winterthour, Kunstmuseum\" srcset=\"https:\/\/www.aparences.net\/wp-content\/uploads\/2017\/07\/alfred-sisley-sous-le-pont-de-hampton-court.jpg 557w, https:\/\/www.aparences.net\/wp-content\/uploads\/2017\/07\/alfred-sisley-sous-le-pont-de-hampton-court-300x199.jpg 300w\" sizes=\"auto, (max-width: 557px) 100vw, 557px\" \/><figcaption class=\"wp-element-caption\"><em><strong>Bajo el puente de Hampton Court<\/strong>, 1874, <strong>Alfred Sisley<\/strong> (Winterthour, Kunstmuseum)<\/em><\/figcaption><\/figure>\n<\/div>\n\n\n<p>Cubriendo toda la carrera de Sisley, desde las obras presentados en el Sal\u00f3n de 1860 hasta sus vistas de la pintoresca aldea de Moret-sur-Loing en la d\u00e9cada de 1890, la exposici\u00f3n explora la influencia art\u00edstica de Sisley y su relaci\u00f3n con sus compa\u00f1eros <a href=\"https:\/\/www.aparences.net\/es\/periodos\/impresionismo-3\/\">impresionistas<\/a>. Se invita al visitante a descubrir las estrategias pict\u00f3ricas radicales de Sisley en la d\u00e9cada de 1870, la influencia de las estampas japonesas, de la fotograf\u00eda, del arte holand\u00e9s del siglo XVII, pero tambi\u00e9n la de los paisajistas rom\u00e1nticos como <a href=\"https:\/\/www.aparences.net\/es\/periodos\/romanticismo\/los-paisajistas-romanticos\/\">Constable y Turner<\/a>, y la relaci\u00f3n entre su obra gr\u00e1fica y su pintura. Tambi\u00e9n se hace hincapi\u00e9 en las dos \u00faltimas d\u00e9cadas de su vida donde su pintura al aire libre muestra una ejecuci\u00f3n todav\u00eda vigorosa, y un enfoque cada vez m\u00e1s decidido. Fotograf\u00edas de archivo de los paisajes que Sisley tuvo ante sus ojos, se comparan con las obras pintadas para ilustrar el m\u00e9todo de identificaci\u00f3n espec\u00edfico del pintor. Dado que este m\u00e9todo dict\u00f3 su tratamiento del paisaje de un extremo a otro de su carrera, la exposici\u00f3n se desarrolla cronol\u00f3gicamente a lo largo de los parajes que el artista amaba, ya sea en los que vivi\u00f3 &#8211; Louveciennes, Marly-le-Roi, S\u00e8vres, Veneux-Nadon, Moret-sur-Loing &#8211; o en los que hizo estancias cortas&nbsp; &#8211; Villeneuve-la-Garenne y Argenteuil en 1872, Hampton Court, al oeste de Londres, en 1874, y la costa sur de Gales en 1897.<\/p>\n","protected":false},"excerpt":{"rendered":"<p>M\u00e1s que cualquier otro impresionista Sisley se dedic\u00f3 en cuerpo y alma a la pintura de paisaje, permaneciendo siempre fiel a los principios fundacionales de este movimiento.<\/p>\n","protected":false},"author":2,"featured_media":17929,"comment_status":"closed","ping_status":"closed","sticky":false,"template":"","format":"standard","meta":{"footnotes":""},"categories":[2368,2605],"tags":[3187],"class_list":["post-13733","post","type-post","status-publish","format-standard","has-post-thumbnail","hentry","category-actualidad","category-exposiciones","tag-featured-es"],"yoast_head":"<!-- This site is optimized with the Yoast SEO plugin v27.2 - https:\/\/yoast.com\/product\/yoast-seo-wordpress\/ -->\n<title>Sisley el impresionista<\/title>\n<meta name=\"description\" content=\"M\u00e1s que cualquier otro impresionista Sisley se dedic\u00f3 en cuerpo y alma a la pintura de paisaje, permaneciendo siempre fiel a los principios fundacionales de este movimiento.\" \/>\n<meta name=\"robots\" content=\"index, follow, max-snippet:-1, max-image-preview:large, max-video-preview:-1\" \/>\n<link rel=\"canonical\" href=\"https:\/\/www.aparences.net\/es\/actualidad\/sisley-el-impresionista\/\" \/>\n<meta property=\"og:locale\" content=\"es_ES\" \/>\n<meta property=\"og:type\" content=\"article\" \/>\n<meta property=\"og:title\" content=\"Sisley el impresionista\" \/>\n<meta property=\"og:description\" content=\"M\u00e1s que cualquier otro impresionista Sisley se dedic\u00f3 en cuerpo y alma a la pintura de paisaje, permaneciendo siempre fiel a los principios fundacionales de este movimiento.\" \/>\n<meta property=\"og:url\" content=\"https:\/\/www.aparences.net\/es\/actualidad\/sisley-el-impresionista\/\" \/>\n<meta property=\"og:site_name\" content=\"Aparences\" \/>\n<meta property=\"article:published_time\" content=\"2017-07-08T07:59:28+00:00\" \/>\n<meta property=\"article:modified_time\" content=\"2024-09-03T08:06:57+00:00\" \/>\n<meta property=\"og:image\" content=\"https:\/\/www.aparences.net\/wp-content\/uploads\/2017\/07\/sisley-aix-en-provence.jpg\" \/>\n\t<meta property=\"og:image:width\" content=\"880\" \/>\n\t<meta property=\"og:image:height\" content=\"290\" \/>\n\t<meta property=\"og:image:type\" content=\"image\/jpeg\" \/>\n<meta name=\"author\" content=\"admin\" \/>\n<meta name=\"twitter:card\" content=\"summary_large_image\" \/>\n<meta name=\"twitter:label1\" content=\"Escrito por\" \/>\n\t<meta name=\"twitter:data1\" content=\"admin\" \/>\n\t<meta name=\"twitter:label2\" content=\"Tiempo de lectura\" \/>\n\t<meta name=\"twitter:data2\" content=\"3 minutos\" \/>\n<script type=\"application\/ld+json\" class=\"yoast-schema-graph\">{\"@context\":\"https:\/\/schema.org\",\"@graph\":[{\"@type\":\"Article\",\"@id\":\"https:\/\/www.aparences.net\/es\/actualidad\/sisley-el-impresionista\/#article\",\"isPartOf\":{\"@id\":\"https:\/\/www.aparences.net\/es\/actualidad\/sisley-el-impresionista\/\"},\"author\":{\"name\":\"admin\",\"@id\":\"https:\/\/www.aparences.net\/es\/#\/schema\/person\/af349f6ffc31b16c68963e61268afca5\"},\"headline\":\"Sisley el impresionista\",\"datePublished\":\"2017-07-08T07:59:28+00:00\",\"dateModified\":\"2024-09-03T08:06:57+00:00\",\"mainEntityOfPage\":{\"@id\":\"https:\/\/www.aparences.net\/es\/actualidad\/sisley-el-impresionista\/\"},\"wordCount\":531,\"publisher\":{\"@id\":\"https:\/\/www.aparences.net\/es\/#organization\"},\"image\":{\"@id\":\"https:\/\/www.aparences.net\/es\/actualidad\/sisley-el-impresionista\/#primaryimage\"},\"thumbnailUrl\":\"https:\/\/www.aparences.net\/wp-content\/uploads\/2017\/07\/sisley-aix-en-provence.jpg\",\"keywords\":[\"Featured\"],\"articleSection\":[\"Actualidad\",\"Exposiciones\"],\"inLanguage\":\"es\"},{\"@type\":[\"WebPage\",\"ItemPage\"],\"@id\":\"https:\/\/www.aparences.net\/es\/actualidad\/sisley-el-impresionista\/\",\"url\":\"https:\/\/www.aparences.net\/es\/actualidad\/sisley-el-impresionista\/\",\"name\":\"Sisley el impresionista\",\"isPartOf\":{\"@id\":\"https:\/\/www.aparences.net\/es\/#website\"},\"primaryImageOfPage\":{\"@id\":\"https:\/\/www.aparences.net\/es\/actualidad\/sisley-el-impresionista\/#primaryimage\"},\"image\":{\"@id\":\"https:\/\/www.aparences.net\/es\/actualidad\/sisley-el-impresionista\/#primaryimage\"},\"thumbnailUrl\":\"https:\/\/www.aparences.net\/wp-content\/uploads\/2017\/07\/sisley-aix-en-provence.jpg\",\"datePublished\":\"2017-07-08T07:59:28+00:00\",\"dateModified\":\"2024-09-03T08:06:57+00:00\",\"description\":\"M\u00e1s que cualquier otro impresionista Sisley se dedic\u00f3 en cuerpo y alma a la pintura de paisaje, permaneciendo siempre fiel a los principios fundacionales de este movimiento.\",\"breadcrumb\":{\"@id\":\"https:\/\/www.aparences.net\/es\/actualidad\/sisley-el-impresionista\/#breadcrumb\"},\"inLanguage\":\"es\",\"potentialAction\":[{\"@type\":\"ReadAction\",\"target\":[\"https:\/\/www.aparences.net\/es\/actualidad\/sisley-el-impresionista\/\"]}]},{\"@type\":\"ImageObject\",\"inLanguage\":\"es\",\"@id\":\"https:\/\/www.aparences.net\/es\/actualidad\/sisley-el-impresionista\/#primaryimage\",\"url\":\"https:\/\/www.aparences.net\/wp-content\/uploads\/2017\/07\/sisley-aix-en-provence.jpg\",\"contentUrl\":\"https:\/\/www.aparences.net\/wp-content\/uploads\/2017\/07\/sisley-aix-en-provence.jpg\",\"width\":880,\"height\":290},{\"@type\":\"BreadcrumbList\",\"@id\":\"https:\/\/www.aparences.net\/es\/actualidad\/sisley-el-impresionista\/#breadcrumb\",\"itemListElement\":[{\"@type\":\"ListItem\",\"position\":1,\"name\":\"Portada\",\"item\":\"https:\/\/www.aparences.net\/es\/\"},{\"@type\":\"ListItem\",\"position\":2,\"name\":\"Sisley el impresionista\"}]},{\"@type\":\"WebSite\",\"@id\":\"https:\/\/www.aparences.net\/es\/#website\",\"url\":\"https:\/\/www.aparences.net\/es\/\",\"name\":\"Aparences: Historia del Arte y Actualidad Cultural\",\"description\":\"\",\"publisher\":{\"@id\":\"https:\/\/www.aparences.net\/es\/#organization\"},\"potentialAction\":[{\"@type\":\"SearchAction\",\"target\":{\"@type\":\"EntryPoint\",\"urlTemplate\":\"https:\/\/www.aparences.net\/es\/?s={search_term_string}\"},\"query-input\":{\"@type\":\"PropertyValueSpecification\",\"valueRequired\":true,\"valueName\":\"search_term_string\"}}],\"inLanguage\":\"es\"},{\"@type\":\"Organization\",\"@id\":\"https:\/\/www.aparences.net\/es\/#organization\",\"name\":\"Aparences: Historia del Arte y Actualidad Cultural\",\"url\":\"https:\/\/www.aparences.net\/es\/\",\"logo\":{\"@type\":\"ImageObject\",\"inLanguage\":\"es\",\"@id\":\"https:\/\/www.aparences.net\/es\/#\/schema\/logo\/image\/\",\"url\":\"https:\/\/www.aparences.net\/wp-content\/uploads\/2023\/09\/logo-quadrat-color-e1695915315229.png\",\"contentUrl\":\"https:\/\/www.aparences.net\/wp-content\/uploads\/2023\/09\/logo-quadrat-color-e1695915315229.png\",\"width\":120,\"height\":120,\"caption\":\"Aparences: Historia del Arte y Actualidad Cultural\"},\"image\":{\"@id\":\"https:\/\/www.aparences.net\/es\/#\/schema\/logo\/image\/\"}},{\"@type\":\"Person\",\"@id\":\"https:\/\/www.aparences.net\/es\/#\/schema\/person\/af349f6ffc31b16c68963e61268afca5\",\"name\":\"admin\",\"url\":\"https:\/\/www.aparences.net\/es\/author\/admin\/\"}]}<\/script>\n<!-- \/ Yoast SEO plugin. -->","yoast_head_json":{"title":"Sisley el impresionista","description":"M\u00e1s que cualquier otro impresionista Sisley se dedic\u00f3 en cuerpo y alma a la pintura de paisaje, permaneciendo siempre fiel a los principios fundacionales de este movimiento.","robots":{"index":"index","follow":"follow","max-snippet":"max-snippet:-1","max-image-preview":"max-image-preview:large","max-video-preview":"max-video-preview:-1"},"canonical":"https:\/\/www.aparences.net\/es\/actualidad\/sisley-el-impresionista\/","og_locale":"es_ES","og_type":"article","og_title":"Sisley el impresionista","og_description":"M\u00e1s que cualquier otro impresionista Sisley se dedic\u00f3 en cuerpo y alma a la pintura de paisaje, permaneciendo siempre fiel a los principios fundacionales de este movimiento.","og_url":"https:\/\/www.aparences.net\/es\/actualidad\/sisley-el-impresionista\/","og_site_name":"Aparences","article_published_time":"2017-07-08T07:59:28+00:00","article_modified_time":"2024-09-03T08:06:57+00:00","og_image":[{"width":880,"height":290,"url":"https:\/\/www.aparences.net\/wp-content\/uploads\/2017\/07\/sisley-aix-en-provence.jpg","type":"image\/jpeg"}],"author":"admin","twitter_card":"summary_large_image","twitter_misc":{"Escrito por":"admin","Tiempo de lectura":"3 minutos"},"schema":{"@context":"https:\/\/schema.org","@graph":[{"@type":"Article","@id":"https:\/\/www.aparences.net\/es\/actualidad\/sisley-el-impresionista\/#article","isPartOf":{"@id":"https:\/\/www.aparences.net\/es\/actualidad\/sisley-el-impresionista\/"},"author":{"name":"admin","@id":"https:\/\/www.aparences.net\/es\/#\/schema\/person\/af349f6ffc31b16c68963e61268afca5"},"headline":"Sisley el impresionista","datePublished":"2017-07-08T07:59:28+00:00","dateModified":"2024-09-03T08:06:57+00:00","mainEntityOfPage":{"@id":"https:\/\/www.aparences.net\/es\/actualidad\/sisley-el-impresionista\/"},"wordCount":531,"publisher":{"@id":"https:\/\/www.aparences.net\/es\/#organization"},"image":{"@id":"https:\/\/www.aparences.net\/es\/actualidad\/sisley-el-impresionista\/#primaryimage"},"thumbnailUrl":"https:\/\/www.aparences.net\/wp-content\/uploads\/2017\/07\/sisley-aix-en-provence.jpg","keywords":["Featured"],"articleSection":["Actualidad","Exposiciones"],"inLanguage":"es"},{"@type":["WebPage","ItemPage"],"@id":"https:\/\/www.aparences.net\/es\/actualidad\/sisley-el-impresionista\/","url":"https:\/\/www.aparences.net\/es\/actualidad\/sisley-el-impresionista\/","name":"Sisley el impresionista","isPartOf":{"@id":"https:\/\/www.aparences.net\/es\/#website"},"primaryImageOfPage":{"@id":"https:\/\/www.aparences.net\/es\/actualidad\/sisley-el-impresionista\/#primaryimage"},"image":{"@id":"https:\/\/www.aparences.net\/es\/actualidad\/sisley-el-impresionista\/#primaryimage"},"thumbnailUrl":"https:\/\/www.aparences.net\/wp-content\/uploads\/2017\/07\/sisley-aix-en-provence.jpg","datePublished":"2017-07-08T07:59:28+00:00","dateModified":"2024-09-03T08:06:57+00:00","description":"M\u00e1s que cualquier otro impresionista Sisley se dedic\u00f3 en cuerpo y alma a la pintura de paisaje, permaneciendo siempre fiel a los principios fundacionales de este movimiento.","breadcrumb":{"@id":"https:\/\/www.aparences.net\/es\/actualidad\/sisley-el-impresionista\/#breadcrumb"},"inLanguage":"es","potentialAction":[{"@type":"ReadAction","target":["https:\/\/www.aparences.net\/es\/actualidad\/sisley-el-impresionista\/"]}]},{"@type":"ImageObject","inLanguage":"es","@id":"https:\/\/www.aparences.net\/es\/actualidad\/sisley-el-impresionista\/#primaryimage","url":"https:\/\/www.aparences.net\/wp-content\/uploads\/2017\/07\/sisley-aix-en-provence.jpg","contentUrl":"https:\/\/www.aparences.net\/wp-content\/uploads\/2017\/07\/sisley-aix-en-provence.jpg","width":880,"height":290},{"@type":"BreadcrumbList","@id":"https:\/\/www.aparences.net\/es\/actualidad\/sisley-el-impresionista\/#breadcrumb","itemListElement":[{"@type":"ListItem","position":1,"name":"Portada","item":"https:\/\/www.aparences.net\/es\/"},{"@type":"ListItem","position":2,"name":"Sisley el impresionista"}]},{"@type":"WebSite","@id":"https:\/\/www.aparences.net\/es\/#website","url":"https:\/\/www.aparences.net\/es\/","name":"Aparences: Historia del Arte y Actualidad Cultural","description":"","publisher":{"@id":"https:\/\/www.aparences.net\/es\/#organization"},"potentialAction":[{"@type":"SearchAction","target":{"@type":"EntryPoint","urlTemplate":"https:\/\/www.aparences.net\/es\/?s={search_term_string}"},"query-input":{"@type":"PropertyValueSpecification","valueRequired":true,"valueName":"search_term_string"}}],"inLanguage":"es"},{"@type":"Organization","@id":"https:\/\/www.aparences.net\/es\/#organization","name":"Aparences: Historia del Arte y Actualidad Cultural","url":"https:\/\/www.aparences.net\/es\/","logo":{"@type":"ImageObject","inLanguage":"es","@id":"https:\/\/www.aparences.net\/es\/#\/schema\/logo\/image\/","url":"https:\/\/www.aparences.net\/wp-content\/uploads\/2023\/09\/logo-quadrat-color-e1695915315229.png","contentUrl":"https:\/\/www.aparences.net\/wp-content\/uploads\/2023\/09\/logo-quadrat-color-e1695915315229.png","width":120,"height":120,"caption":"Aparences: Historia del Arte y Actualidad Cultural"},"image":{"@id":"https:\/\/www.aparences.net\/es\/#\/schema\/logo\/image\/"}},{"@type":"Person","@id":"https:\/\/www.aparences.net\/es\/#\/schema\/person\/af349f6ffc31b16c68963e61268afca5","name":"admin","url":"https:\/\/www.aparences.net\/es\/author\/admin\/"}]}},"_links":{"self":[{"href":"https:\/\/www.aparences.net\/es\/wp-json\/wp\/v2\/posts\/13733","targetHints":{"allow":["GET"]}}],"collection":[{"href":"https:\/\/www.aparences.net\/es\/wp-json\/wp\/v2\/posts"}],"about":[{"href":"https:\/\/www.aparences.net\/es\/wp-json\/wp\/v2\/types\/post"}],"author":[{"embeddable":true,"href":"https:\/\/www.aparences.net\/es\/wp-json\/wp\/v2\/users\/2"}],"replies":[{"embeddable":true,"href":"https:\/\/www.aparences.net\/es\/wp-json\/wp\/v2\/comments?post=13733"}],"version-history":[{"count":0,"href":"https:\/\/www.aparences.net\/es\/wp-json\/wp\/v2\/posts\/13733\/revisions"}],"wp:featuredmedia":[{"embeddable":true,"href":"https:\/\/www.aparences.net\/es\/wp-json\/wp\/v2\/media\/17929"}],"wp:attachment":[{"href":"https:\/\/www.aparences.net\/es\/wp-json\/wp\/v2\/media?parent=13733"}],"wp:term":[{"taxonomy":"category","embeddable":true,"href":"https:\/\/www.aparences.net\/es\/wp-json\/wp\/v2\/categories?post=13733"},{"taxonomy":"post_tag","embeddable":true,"href":"https:\/\/www.aparences.net\/es\/wp-json\/wp\/v2\/tags?post=13733"}],"curies":[{"name":"wp","href":"https:\/\/api.w.org\/{rel}","templated":true}]}}