{"id":13735,"date":"2017-07-08T10:09:30","date_gmt":"2017-07-08T08:09:30","guid":{"rendered":"https:\/\/www.aparences.net\/actualites\/expositions\/derain-balthus-giacometti-una-amistad-artistica\/"},"modified":"2024-09-03T10:09:13","modified_gmt":"2024-09-03T08:09:13","slug":"derain-balthus-giacometti-una-amistad-artistica","status":"publish","type":"post","link":"https:\/\/www.aparences.net\/es\/actualidad\/derain-balthus-giacometti-una-amistad-artistica\/","title":{"rendered":"Derain, Balthus, Giacometti: Una amistad art\u00edstica"},"content":{"rendered":"\n<p>El <a href=\"https:\/\/www.mam.paris.fr\/\">Museo de Arte Moderno de Par\u00eds<\/a> presenta una exposici\u00f3n in\u00e9dita que&nbsp; explora la amistad entre tres grandes artistas del siglo XX: Andr\u00e9 Derain (1880-1954), Balthus (1908-2001) y Alberto Giacometti (1901-1966). El encuentro de los tres artistas se ve favorecido a principios de 1930 por la frecuentaci\u00f3n del ambiente <a href=\"https:\/\/www.aparences.net\/es\/periodos\/arte-moderno\/el-surrealismo\/\">surrealista<\/a> &#8211; especialmente a trav\u00e9s de la primera exposici\u00f3n de Balthus en la galer\u00eda Pierre Loeb en 1934. Ocho secuencias reflejan esa amistad excepcional y rec\u00edproca. La exposici\u00f3n se inicia con su mirada com\u00fan hacia la tradici\u00f3n figurativa y los primitivistas de la que surgen confluencias singulares (<em>La mirada cultural<\/em>). Contin\u00faa con sus paisajes, figuras y naturalezas muertas que cuestionan los c\u00f3digos de su representaci\u00f3n del neoclasicismo a Corot y <a href=\"https:\/\/www.aparences.net\/es\/periodes\/realisme-periodes\/gustave-courbet\/\">Courbet<\/a> (<em>Vidas silenciosas<\/em>). Tambi\u00e9n proponen los retratos cruzados de sus amigos, modelos y mecenas comunes (<em>Los modelos<\/em>). Luego nos llevan al mundo del juego, al de la infancia y de la diversi\u00f3n en el que pronto se mezcla la melancol\u00eda, una cierta duplicidad y una crueldad aut\u00e9ntica (<em>Jugar, la paciencia<\/em>). <em>Un Intermedio<\/em> nos introduce en el mundo del espect\u00e1culo en el que los propios pintores son tambi\u00e9n libretistas y decoradores. Los proyectos de decorados y vestuario son una oportunidad para explorar las transividades entre el arte del espect\u00e1culo y el de la pintura y la escultura. Giacometti abre un mundo on\u00edrico con <em>El sue\u00f1o &#8211; visiones de lo desconocido<\/em>, donde Derain y Balthus reactualizan el tema de la mujer dormida y del sue\u00f1o, entre lo quim\u00e9rico y lo vivido. Los artistas expresan sus dudas y sus interrogantes en el interior del \u00ablugar de trabajo\u00bb (<em>A destiempo en el taller<\/em>), cuando los tres exploran \u00ablas posibilidades de lo real\u00bb frente a la tragedia del tiempo (<em>La garra oscura<\/em>). Balthus cierra el recorrido invit\u00e1ndonos en el presente continuo de la pintura con su tema del <em>Pintor y su modelo<\/em>.<\/p>\n\n\n<div class=\"wp-block-image\">\n<figure class=\"aligncenter\"><img loading=\"lazy\" decoding=\"async\" width=\"319\" height=\"399\" src=\"https:\/\/www.aparences.net\/wp-content\/uploads\/2017\/07\/derain-genevieve-a-la-pomme.jpg\" alt=\"Genevi\u00e8ve \u00e0 la pomme, 1937-1938, Andr\u00e9 Derain, Colecci\u00f3n privada\" class=\"wp-image-17924\" title=\"Genevi\u00e8ve \u00e0 la pomme, 1937-1938, Andr\u00e9 Derain, Colecci\u00f3n privada\" srcset=\"https:\/\/www.aparences.net\/wp-content\/uploads\/2017\/07\/derain-genevieve-a-la-pomme.jpg 319w, https:\/\/www.aparences.net\/wp-content\/uploads\/2017\/07\/derain-genevieve-a-la-pomme-240x300.jpg 240w\" sizes=\"auto, (max-width: 319px) 100vw, 319px\" \/><figcaption class=\"wp-element-caption\"><em><strong>Genevi\u00e8ve \u00e0 la pomme<\/strong>, 1937-1938, <strong>Andr\u00e9 Derain<\/strong> (Colecci\u00f3n privada)<\/em><\/figcaption><\/figure>\n<\/div>\n\n\n<p>Las obras reunidas para esta exposici\u00f3n provienen de las m\u00e1s importantes colecciones privadas y museales del mundo como el MoMA, el Metropolitan Museum, la Tate, el Hirshhorn Museum, el Minneapolis Institute, la Albright-Knox Art Gallery, el North Carolina Museum of Art, el Wadsworth Atheneum Museum of Art, el Boijmans Museum, la Fundaci\u00f3n Pierre y Tana Matisse, el Centro Pompidou, el Museo de Orsay, la Fundaci\u00f3n Maeght, la Fundaci\u00f3n Beyeler, el Museo del Petit Palais de Ginebra, la Wacoal Holdings Co.en Kioto. Y, por supuesto, varias obras de las colecciones del Museo de Arte Moderno de la Ciudad de Par\u00eds, que se a\u00f1aden a la <em>Grande Bacchanale noire<\/em> de&nbsp; Derain, una obra maestra del artista y donaci\u00f3n excepcional de la Sociedad de Amigos del Museo de Arte moderno de la Ciudad de Par\u00eds.<\/p>\n","protected":false},"excerpt":{"rendered":"<p>El encuentro de los tres artistas se ve favorecido a principios de 1930 por la frecuentaci\u00f3n del ambiente surrealista.<\/p>\n","protected":false},"author":2,"featured_media":17925,"comment_status":"closed","ping_status":"closed","sticky":false,"template":"","format":"standard","meta":{"footnotes":""},"categories":[2368,2605],"tags":[3187],"class_list":["post-13735","post","type-post","status-publish","format-standard","has-post-thumbnail","hentry","category-actualidad","category-exposiciones","tag-featured-es"],"yoast_head":"<!-- This site is optimized with the Yoast SEO plugin v27.2 - https:\/\/yoast.com\/product\/yoast-seo-wordpress\/ -->\n<title>Derain, Balthus, Giacometti: Una amistad art\u00edstica<\/title>\n<meta name=\"description\" content=\"El encuentro de los tres artistas se ve favorecido a principios de 1930 por la frecuentaci\u00f3n del ambiente surrealista.\" \/>\n<meta name=\"robots\" content=\"index, follow, max-snippet:-1, max-image-preview:large, max-video-preview:-1\" \/>\n<link rel=\"canonical\" href=\"https:\/\/www.aparences.net\/es\/actualidad\/derain-balthus-giacometti-una-amistad-artistica\/\" \/>\n<meta property=\"og:locale\" content=\"es_ES\" \/>\n<meta property=\"og:type\" content=\"article\" \/>\n<meta property=\"og:title\" content=\"Derain, Balthus, Giacometti: Una amistad art\u00edstica\" \/>\n<meta property=\"og:description\" content=\"El encuentro de los tres artistas se ve favorecido a principios de 1930 por la frecuentaci\u00f3n del ambiente surrealista.\" \/>\n<meta property=\"og:url\" content=\"https:\/\/www.aparences.net\/es\/actualidad\/derain-balthus-giacometti-una-amistad-artistica\/\" \/>\n<meta property=\"og:site_name\" content=\"Aparences\" \/>\n<meta property=\"article:published_time\" content=\"2017-07-08T08:09:30+00:00\" \/>\n<meta property=\"article:modified_time\" content=\"2024-09-03T08:09:13+00:00\" \/>\n<meta property=\"og:image\" content=\"https:\/\/www.aparences.net\/wp-content\/uploads\/2017\/07\/derain-balthus-giacometti-musee-art-moderne.jpg\" \/>\n\t<meta property=\"og:image:width\" content=\"880\" \/>\n\t<meta property=\"og:image:height\" content=\"290\" \/>\n\t<meta property=\"og:image:type\" content=\"image\/jpeg\" \/>\n<meta name=\"author\" content=\"admin\" \/>\n<meta name=\"twitter:card\" content=\"summary_large_image\" \/>\n<meta name=\"twitter:label1\" content=\"Escrito por\" \/>\n\t<meta name=\"twitter:data1\" content=\"admin\" \/>\n\t<meta name=\"twitter:label2\" content=\"Tiempo de lectura\" \/>\n\t<meta name=\"twitter:data2\" content=\"2 minutos\" \/>\n<script type=\"application\/ld+json\" class=\"yoast-schema-graph\">{\"@context\":\"https:\/\/schema.org\",\"@graph\":[{\"@type\":\"Article\",\"@id\":\"https:\/\/www.aparences.net\/es\/actualidad\/derain-balthus-giacometti-una-amistad-artistica\/#article\",\"isPartOf\":{\"@id\":\"https:\/\/www.aparences.net\/es\/actualidad\/derain-balthus-giacometti-una-amistad-artistica\/\"},\"author\":{\"name\":\"admin\",\"@id\":\"https:\/\/www.aparences.net\/es\/#\/schema\/person\/af349f6ffc31b16c68963e61268afca5\"},\"headline\":\"Derain, Balthus, Giacometti: Una amistad art\u00edstica\",\"datePublished\":\"2017-07-08T08:09:30+00:00\",\"dateModified\":\"2024-09-03T08:09:13+00:00\",\"mainEntityOfPage\":{\"@id\":\"https:\/\/www.aparences.net\/es\/actualidad\/derain-balthus-giacometti-una-amistad-artistica\/\"},\"wordCount\":491,\"publisher\":{\"@id\":\"https:\/\/www.aparences.net\/es\/#organization\"},\"image\":{\"@id\":\"https:\/\/www.aparences.net\/es\/actualidad\/derain-balthus-giacometti-una-amistad-artistica\/#primaryimage\"},\"thumbnailUrl\":\"https:\/\/www.aparences.net\/wp-content\/uploads\/2017\/07\/derain-balthus-giacometti-musee-art-moderne.jpg\",\"keywords\":[\"Featured\"],\"articleSection\":[\"Actualidad\",\"Exposiciones\"],\"inLanguage\":\"es\"},{\"@type\":[\"WebPage\",\"ItemPage\"],\"@id\":\"https:\/\/www.aparences.net\/es\/actualidad\/derain-balthus-giacometti-una-amistad-artistica\/\",\"url\":\"https:\/\/www.aparences.net\/es\/actualidad\/derain-balthus-giacometti-una-amistad-artistica\/\",\"name\":\"Derain, Balthus, Giacometti: Una amistad art\u00edstica\",\"isPartOf\":{\"@id\":\"https:\/\/www.aparences.net\/es\/#website\"},\"primaryImageOfPage\":{\"@id\":\"https:\/\/www.aparences.net\/es\/actualidad\/derain-balthus-giacometti-una-amistad-artistica\/#primaryimage\"},\"image\":{\"@id\":\"https:\/\/www.aparences.net\/es\/actualidad\/derain-balthus-giacometti-una-amistad-artistica\/#primaryimage\"},\"thumbnailUrl\":\"https:\/\/www.aparences.net\/wp-content\/uploads\/2017\/07\/derain-balthus-giacometti-musee-art-moderne.jpg\",\"datePublished\":\"2017-07-08T08:09:30+00:00\",\"dateModified\":\"2024-09-03T08:09:13+00:00\",\"description\":\"El encuentro de los tres artistas se ve favorecido a principios de 1930 por la frecuentaci\u00f3n del ambiente surrealista.\",\"breadcrumb\":{\"@id\":\"https:\/\/www.aparences.net\/es\/actualidad\/derain-balthus-giacometti-una-amistad-artistica\/#breadcrumb\"},\"inLanguage\":\"es\",\"potentialAction\":[{\"@type\":\"ReadAction\",\"target\":[\"https:\/\/www.aparences.net\/es\/actualidad\/derain-balthus-giacometti-una-amistad-artistica\/\"]}]},{\"@type\":\"ImageObject\",\"inLanguage\":\"es\",\"@id\":\"https:\/\/www.aparences.net\/es\/actualidad\/derain-balthus-giacometti-una-amistad-artistica\/#primaryimage\",\"url\":\"https:\/\/www.aparences.net\/wp-content\/uploads\/2017\/07\/derain-balthus-giacometti-musee-art-moderne.jpg\",\"contentUrl\":\"https:\/\/www.aparences.net\/wp-content\/uploads\/2017\/07\/derain-balthus-giacometti-musee-art-moderne.jpg\",\"width\":880,\"height\":290},{\"@type\":\"BreadcrumbList\",\"@id\":\"https:\/\/www.aparences.net\/es\/actualidad\/derain-balthus-giacometti-una-amistad-artistica\/#breadcrumb\",\"itemListElement\":[{\"@type\":\"ListItem\",\"position\":1,\"name\":\"Portada\",\"item\":\"https:\/\/www.aparences.net\/es\/\"},{\"@type\":\"ListItem\",\"position\":2,\"name\":\"Derain, Balthus, Giacometti: Una amistad art\u00edstica\"}]},{\"@type\":\"WebSite\",\"@id\":\"https:\/\/www.aparences.net\/es\/#website\",\"url\":\"https:\/\/www.aparences.net\/es\/\",\"name\":\"Aparences: Historia del Arte y Actualidad Cultural\",\"description\":\"\",\"publisher\":{\"@id\":\"https:\/\/www.aparences.net\/es\/#organization\"},\"potentialAction\":[{\"@type\":\"SearchAction\",\"target\":{\"@type\":\"EntryPoint\",\"urlTemplate\":\"https:\/\/www.aparences.net\/es\/?s={search_term_string}\"},\"query-input\":{\"@type\":\"PropertyValueSpecification\",\"valueRequired\":true,\"valueName\":\"search_term_string\"}}],\"inLanguage\":\"es\"},{\"@type\":\"Organization\",\"@id\":\"https:\/\/www.aparences.net\/es\/#organization\",\"name\":\"Aparences: Historia del Arte y Actualidad Cultural\",\"url\":\"https:\/\/www.aparences.net\/es\/\",\"logo\":{\"@type\":\"ImageObject\",\"inLanguage\":\"es\",\"@id\":\"https:\/\/www.aparences.net\/es\/#\/schema\/logo\/image\/\",\"url\":\"https:\/\/www.aparences.net\/wp-content\/uploads\/2023\/09\/logo-quadrat-color-e1695915315229.png\",\"contentUrl\":\"https:\/\/www.aparences.net\/wp-content\/uploads\/2023\/09\/logo-quadrat-color-e1695915315229.png\",\"width\":120,\"height\":120,\"caption\":\"Aparences: Historia del Arte y Actualidad Cultural\"},\"image\":{\"@id\":\"https:\/\/www.aparences.net\/es\/#\/schema\/logo\/image\/\"}},{\"@type\":\"Person\",\"@id\":\"https:\/\/www.aparences.net\/es\/#\/schema\/person\/af349f6ffc31b16c68963e61268afca5\",\"name\":\"admin\",\"url\":\"https:\/\/www.aparences.net\/es\/author\/admin\/\"}]}<\/script>\n<!-- \/ Yoast SEO plugin. -->","yoast_head_json":{"title":"Derain, Balthus, Giacometti: Una amistad art\u00edstica","description":"El encuentro de los tres artistas se ve favorecido a principios de 1930 por la frecuentaci\u00f3n del ambiente surrealista.","robots":{"index":"index","follow":"follow","max-snippet":"max-snippet:-1","max-image-preview":"max-image-preview:large","max-video-preview":"max-video-preview:-1"},"canonical":"https:\/\/www.aparences.net\/es\/actualidad\/derain-balthus-giacometti-una-amistad-artistica\/","og_locale":"es_ES","og_type":"article","og_title":"Derain, Balthus, Giacometti: Una amistad art\u00edstica","og_description":"El encuentro de los tres artistas se ve favorecido a principios de 1930 por la frecuentaci\u00f3n del ambiente surrealista.","og_url":"https:\/\/www.aparences.net\/es\/actualidad\/derain-balthus-giacometti-una-amistad-artistica\/","og_site_name":"Aparences","article_published_time":"2017-07-08T08:09:30+00:00","article_modified_time":"2024-09-03T08:09:13+00:00","og_image":[{"width":880,"height":290,"url":"https:\/\/www.aparences.net\/wp-content\/uploads\/2017\/07\/derain-balthus-giacometti-musee-art-moderne.jpg","type":"image\/jpeg"}],"author":"admin","twitter_card":"summary_large_image","twitter_misc":{"Escrito por":"admin","Tiempo de lectura":"2 minutos"},"schema":{"@context":"https:\/\/schema.org","@graph":[{"@type":"Article","@id":"https:\/\/www.aparences.net\/es\/actualidad\/derain-balthus-giacometti-una-amistad-artistica\/#article","isPartOf":{"@id":"https:\/\/www.aparences.net\/es\/actualidad\/derain-balthus-giacometti-una-amistad-artistica\/"},"author":{"name":"admin","@id":"https:\/\/www.aparences.net\/es\/#\/schema\/person\/af349f6ffc31b16c68963e61268afca5"},"headline":"Derain, Balthus, Giacometti: Una amistad art\u00edstica","datePublished":"2017-07-08T08:09:30+00:00","dateModified":"2024-09-03T08:09:13+00:00","mainEntityOfPage":{"@id":"https:\/\/www.aparences.net\/es\/actualidad\/derain-balthus-giacometti-una-amistad-artistica\/"},"wordCount":491,"publisher":{"@id":"https:\/\/www.aparences.net\/es\/#organization"},"image":{"@id":"https:\/\/www.aparences.net\/es\/actualidad\/derain-balthus-giacometti-una-amistad-artistica\/#primaryimage"},"thumbnailUrl":"https:\/\/www.aparences.net\/wp-content\/uploads\/2017\/07\/derain-balthus-giacometti-musee-art-moderne.jpg","keywords":["Featured"],"articleSection":["Actualidad","Exposiciones"],"inLanguage":"es"},{"@type":["WebPage","ItemPage"],"@id":"https:\/\/www.aparences.net\/es\/actualidad\/derain-balthus-giacometti-una-amistad-artistica\/","url":"https:\/\/www.aparences.net\/es\/actualidad\/derain-balthus-giacometti-una-amistad-artistica\/","name":"Derain, Balthus, Giacometti: Una amistad art\u00edstica","isPartOf":{"@id":"https:\/\/www.aparences.net\/es\/#website"},"primaryImageOfPage":{"@id":"https:\/\/www.aparences.net\/es\/actualidad\/derain-balthus-giacometti-una-amistad-artistica\/#primaryimage"},"image":{"@id":"https:\/\/www.aparences.net\/es\/actualidad\/derain-balthus-giacometti-una-amistad-artistica\/#primaryimage"},"thumbnailUrl":"https:\/\/www.aparences.net\/wp-content\/uploads\/2017\/07\/derain-balthus-giacometti-musee-art-moderne.jpg","datePublished":"2017-07-08T08:09:30+00:00","dateModified":"2024-09-03T08:09:13+00:00","description":"El encuentro de los tres artistas se ve favorecido a principios de 1930 por la frecuentaci\u00f3n del ambiente surrealista.","breadcrumb":{"@id":"https:\/\/www.aparences.net\/es\/actualidad\/derain-balthus-giacometti-una-amistad-artistica\/#breadcrumb"},"inLanguage":"es","potentialAction":[{"@type":"ReadAction","target":["https:\/\/www.aparences.net\/es\/actualidad\/derain-balthus-giacometti-una-amistad-artistica\/"]}]},{"@type":"ImageObject","inLanguage":"es","@id":"https:\/\/www.aparences.net\/es\/actualidad\/derain-balthus-giacometti-una-amistad-artistica\/#primaryimage","url":"https:\/\/www.aparences.net\/wp-content\/uploads\/2017\/07\/derain-balthus-giacometti-musee-art-moderne.jpg","contentUrl":"https:\/\/www.aparences.net\/wp-content\/uploads\/2017\/07\/derain-balthus-giacometti-musee-art-moderne.jpg","width":880,"height":290},{"@type":"BreadcrumbList","@id":"https:\/\/www.aparences.net\/es\/actualidad\/derain-balthus-giacometti-una-amistad-artistica\/#breadcrumb","itemListElement":[{"@type":"ListItem","position":1,"name":"Portada","item":"https:\/\/www.aparences.net\/es\/"},{"@type":"ListItem","position":2,"name":"Derain, Balthus, Giacometti: Una amistad art\u00edstica"}]},{"@type":"WebSite","@id":"https:\/\/www.aparences.net\/es\/#website","url":"https:\/\/www.aparences.net\/es\/","name":"Aparences: Historia del Arte y Actualidad Cultural","description":"","publisher":{"@id":"https:\/\/www.aparences.net\/es\/#organization"},"potentialAction":[{"@type":"SearchAction","target":{"@type":"EntryPoint","urlTemplate":"https:\/\/www.aparences.net\/es\/?s={search_term_string}"},"query-input":{"@type":"PropertyValueSpecification","valueRequired":true,"valueName":"search_term_string"}}],"inLanguage":"es"},{"@type":"Organization","@id":"https:\/\/www.aparences.net\/es\/#organization","name":"Aparences: Historia del Arte y Actualidad Cultural","url":"https:\/\/www.aparences.net\/es\/","logo":{"@type":"ImageObject","inLanguage":"es","@id":"https:\/\/www.aparences.net\/es\/#\/schema\/logo\/image\/","url":"https:\/\/www.aparences.net\/wp-content\/uploads\/2023\/09\/logo-quadrat-color-e1695915315229.png","contentUrl":"https:\/\/www.aparences.net\/wp-content\/uploads\/2023\/09\/logo-quadrat-color-e1695915315229.png","width":120,"height":120,"caption":"Aparences: Historia del Arte y Actualidad Cultural"},"image":{"@id":"https:\/\/www.aparences.net\/es\/#\/schema\/logo\/image\/"}},{"@type":"Person","@id":"https:\/\/www.aparences.net\/es\/#\/schema\/person\/af349f6ffc31b16c68963e61268afca5","name":"admin","url":"https:\/\/www.aparences.net\/es\/author\/admin\/"}]}},"_links":{"self":[{"href":"https:\/\/www.aparences.net\/es\/wp-json\/wp\/v2\/posts\/13735","targetHints":{"allow":["GET"]}}],"collection":[{"href":"https:\/\/www.aparences.net\/es\/wp-json\/wp\/v2\/posts"}],"about":[{"href":"https:\/\/www.aparences.net\/es\/wp-json\/wp\/v2\/types\/post"}],"author":[{"embeddable":true,"href":"https:\/\/www.aparences.net\/es\/wp-json\/wp\/v2\/users\/2"}],"replies":[{"embeddable":true,"href":"https:\/\/www.aparences.net\/es\/wp-json\/wp\/v2\/comments?post=13735"}],"version-history":[{"count":0,"href":"https:\/\/www.aparences.net\/es\/wp-json\/wp\/v2\/posts\/13735\/revisions"}],"wp:featuredmedia":[{"embeddable":true,"href":"https:\/\/www.aparences.net\/es\/wp-json\/wp\/v2\/media\/17925"}],"wp:attachment":[{"href":"https:\/\/www.aparences.net\/es\/wp-json\/wp\/v2\/media?parent=13735"}],"wp:term":[{"taxonomy":"category","embeddable":true,"href":"https:\/\/www.aparences.net\/es\/wp-json\/wp\/v2\/categories?post=13735"},{"taxonomy":"post_tag","embeddable":true,"href":"https:\/\/www.aparences.net\/es\/wp-json\/wp\/v2\/tags?post=13735"}],"curies":[{"name":"wp","href":"https:\/\/api.w.org\/{rel}","templated":true}]}}