{"id":13767,"date":"2018-02-05T19:34:22","date_gmt":"2018-02-05T18:34:22","guid":{"rendered":"https:\/\/www.aparences.net\/actualites\/expositions\/los-holandeses-en-paris\/"},"modified":"2024-09-03T10:32:42","modified_gmt":"2024-09-03T08:32:42","slug":"los-holandeses-en-paris","status":"publish","type":"post","link":"https:\/\/www.aparences.net\/es\/actualidad\/los-holandeses-en-paris\/","title":{"rendered":"Los holandeses en Par\u00eds"},"content":{"rendered":"\n<p>El <a href=\"https:\/\/www.petitpalais.paris.fr\/expositions\/les-hollandais-paris-1789-1914\">Petit Palais<\/a> de Par\u00eds presenta, en colaboraci\u00f3n con el Museo Van Gogh de \u00c1msterdam y el RKD (Instituto Holand\u00e9s de Historia del Arte) de La Haya, la exposici\u00f3n <em>Los holandeses en Par\u00eds, 1789-1914, <\/em>la primera gran exposici\u00f3n en Francia dedicada a los fruct\u00edferos intercambios art\u00edsticos, est\u00e9ticos y tambi\u00e9n amistosos entre pintores holandeses y franceses que trabajaban en Par\u00eds desde finales del siglo XVIII hasta principios del siglo XX. Ciento quince obras procedentes de los museos m\u00e1s importantes de los Pa\u00edses Bajos, as\u00ed como de otros museos europeos y americanos, marcan este recorrido que transcurre por un siglo de revoluciones pict\u00f3ricas. El recorrido cronol\u00f3gico cuenta los lazos que se forjaron entre estos artistas, las influencias y el enriquecimiento mutuo a trav\u00e9s de las figuras de nueve pintores holandeses: Gerard van Spaendonck de finales del siglo XVIII y Ary Scheffer, para la <a href=\"https:\/\/www.aparences.net\/es\/periodos\/romanticismo\/\">generaci\u00f3n rom\u00e1ntica<\/a>; Jacob Maris, Johan Jongkind y Frederik Kaemmerer para mediados del siglo XIX y, finalmente, George Breitner, <a href=\"https:\/\/www.aparences.net\/es\/periodos\/postimpresionismo\/vincent-van-gogh\/\">Vincent Van Gogh<\/a>, Kees van Dongen y Piet Mondrian para finales del siglo XIX. Las obras se presentan junto a las de los artistas franceses contempor\u00e1neos como G\u00e9ricault, <a href=\"https:\/\/www.aparences.net\/es\/periodos\/neoclasicismo\/jacques-luis-david\/\">David<\/a>, Corot, Millet, Boudin, Monet <a href=\"https:\/\/www.aparences.net\/es\/periodos\/postimpresionismo\/paul-cezanne\/\">C\u00e9zanne<\/a>, Signac, Braque, Picasso&#8230; con el fin de establecer conexiones y comparaciones.<\/p>\n\n\n<div class=\"wp-block-image\">\n<figure class=\"aligncenter\"><img loading=\"lazy\" decoding=\"async\" width=\"352\" height=\"430\" src=\"https:\/\/www.aparences.net\/wp-content\/uploads\/2018\/02\/vincent-van-gogh-vue-depuis-l-appartement-de-theo-1887.jpg\" alt=\"\" class=\"wp-image-18105\" srcset=\"https:\/\/www.aparences.net\/wp-content\/uploads\/2018\/02\/vincent-van-gogh-vue-depuis-l-appartement-de-theo-1887.jpg 352w, https:\/\/www.aparences.net\/wp-content\/uploads\/2018\/02\/vincent-van-gogh-vue-depuis-l-appartement-de-theo-1887-246x300.jpg 246w\" sizes=\"auto, (max-width: 352px) 100vw, 352px\" \/><figcaption class=\"wp-element-caption\"><em><strong>Vista desde el apartamento de Theo<\/strong>, 1887, <\/em><br><em><strong>Vincent van Gogh<\/strong> (Amsterdam, Museo Van Gogh)<\/em><\/figcaption><\/figure>\n<\/div>\n\n\n<p>De 1789 a 1914, m\u00e1s de mil artistas holandeses viajaron a Francia, atra\u00eddos por la Ciudad de la Luz y el dinamismo de su vida art\u00edstica. Par\u00eds era, de hecho, el destino preferido de muchos artistas de todo el mundo. La escenograf\u00eda de la exposici\u00f3n sumergir\u00e1 al p\u00fablico en mundos muy diferentes para cada uno de los nueve pintores holandeses presentados y dar\u00e1 claves para comprender su \u00e9poca. Una sala dedicada a la meditaci\u00f3n se integrar\u00e1 en el circuito de la exposici\u00f3n. Titulado <em>El estudio del pintor<\/em>, este espacio ofrecer\u00e1 a los visitantes la oportunidad de descubrir y experimentar la t\u00e9cnica de los pintores presentados y la sorprendente evoluci\u00f3n de su estilo.<\/p>\n","protected":false},"excerpt":{"rendered":"<p>De 1789 a 1914, m\u00e1s de mil artistas holandeses viajaron a Francia, atra\u00eddos por la Ciudad de la Luz y el dinamismo de su vida art\u00edstica.<\/p>\n","protected":false},"author":2,"featured_media":18106,"comment_status":"closed","ping_status":"closed","sticky":false,"template":"","format":"standard","meta":{"footnotes":""},"categories":[2368,2605],"tags":[3187],"class_list":["post-13767","post","type-post","status-publish","format-standard","has-post-thumbnail","hentry","category-actualidad","category-exposiciones","tag-featured-es"],"yoast_head":"<!-- This site is optimized with the Yoast SEO plugin v27.2 - https:\/\/yoast.com\/product\/yoast-seo-wordpress\/ -->\n<title>Los holandeses en Par\u00eds<\/title>\n<meta name=\"description\" content=\"De 1789 a 1914, m\u00e1s de mil artistas holandeses viajaron a Francia, atra\u00eddos por la Ciudad de la Luz y el dinamismo de su vida art\u00edstica.\" \/>\n<meta name=\"robots\" content=\"index, follow, max-snippet:-1, max-image-preview:large, max-video-preview:-1\" \/>\n<link rel=\"canonical\" href=\"https:\/\/www.aparences.net\/es\/actualidad\/los-holandeses-en-paris\/\" \/>\n<meta property=\"og:locale\" content=\"es_ES\" \/>\n<meta property=\"og:type\" content=\"article\" \/>\n<meta property=\"og:title\" content=\"Los holandeses en Par\u00eds\" \/>\n<meta property=\"og:description\" content=\"De 1789 a 1914, m\u00e1s de mil artistas holandeses viajaron a Francia, atra\u00eddos por la Ciudad de la Luz y el dinamismo de su vida art\u00edstica.\" \/>\n<meta property=\"og:url\" content=\"https:\/\/www.aparences.net\/es\/actualidad\/los-holandeses-en-paris\/\" \/>\n<meta property=\"og:site_name\" content=\"Aparences\" \/>\n<meta property=\"article:published_time\" content=\"2018-02-05T18:34:22+00:00\" \/>\n<meta property=\"article:modified_time\" content=\"2024-09-03T08:32:42+00:00\" \/>\n<meta property=\"og:image\" content=\"https:\/\/www.aparences.net\/wp-content\/uploads\/2018\/02\/kees-van-dongen-a-la-galette.jpg\" \/>\n\t<meta property=\"og:image:width\" content=\"880\" \/>\n\t<meta property=\"og:image:height\" content=\"290\" \/>\n\t<meta property=\"og:image:type\" content=\"image\/jpeg\" \/>\n<meta name=\"author\" content=\"admin\" \/>\n<meta name=\"twitter:card\" content=\"summary_large_image\" \/>\n<meta name=\"twitter:label1\" content=\"Escrito por\" \/>\n\t<meta name=\"twitter:data1\" content=\"admin\" \/>\n\t<meta name=\"twitter:label2\" content=\"Tiempo de lectura\" \/>\n\t<meta name=\"twitter:data2\" content=\"2 minutos\" \/>\n<script type=\"application\/ld+json\" class=\"yoast-schema-graph\">{\"@context\":\"https:\/\/schema.org\",\"@graph\":[{\"@type\":\"Article\",\"@id\":\"https:\/\/www.aparences.net\/es\/actualidad\/los-holandeses-en-paris\/#article\",\"isPartOf\":{\"@id\":\"https:\/\/www.aparences.net\/es\/actualidad\/los-holandeses-en-paris\/\"},\"author\":{\"name\":\"admin\",\"@id\":\"https:\/\/www.aparences.net\/es\/#\/schema\/person\/af349f6ffc31b16c68963e61268afca5\"},\"headline\":\"Los holandeses en Par\u00eds\",\"datePublished\":\"2018-02-05T18:34:22+00:00\",\"dateModified\":\"2024-09-03T08:32:42+00:00\",\"mainEntityOfPage\":{\"@id\":\"https:\/\/www.aparences.net\/es\/actualidad\/los-holandeses-en-paris\/\"},\"wordCount\":364,\"publisher\":{\"@id\":\"https:\/\/www.aparences.net\/es\/#organization\"},\"image\":{\"@id\":\"https:\/\/www.aparences.net\/es\/actualidad\/los-holandeses-en-paris\/#primaryimage\"},\"thumbnailUrl\":\"https:\/\/www.aparences.net\/wp-content\/uploads\/2018\/02\/kees-van-dongen-a-la-galette.jpg\",\"keywords\":[\"Featured\"],\"articleSection\":[\"Actualidad\",\"Exposiciones\"],\"inLanguage\":\"es\"},{\"@type\":[\"WebPage\",\"ItemPage\"],\"@id\":\"https:\/\/www.aparences.net\/es\/actualidad\/los-holandeses-en-paris\/\",\"url\":\"https:\/\/www.aparences.net\/es\/actualidad\/los-holandeses-en-paris\/\",\"name\":\"Los holandeses en Par\u00eds\",\"isPartOf\":{\"@id\":\"https:\/\/www.aparences.net\/es\/#website\"},\"primaryImageOfPage\":{\"@id\":\"https:\/\/www.aparences.net\/es\/actualidad\/los-holandeses-en-paris\/#primaryimage\"},\"image\":{\"@id\":\"https:\/\/www.aparences.net\/es\/actualidad\/los-holandeses-en-paris\/#primaryimage\"},\"thumbnailUrl\":\"https:\/\/www.aparences.net\/wp-content\/uploads\/2018\/02\/kees-van-dongen-a-la-galette.jpg\",\"datePublished\":\"2018-02-05T18:34:22+00:00\",\"dateModified\":\"2024-09-03T08:32:42+00:00\",\"description\":\"De 1789 a 1914, m\u00e1s de mil artistas holandeses viajaron a Francia, atra\u00eddos por la Ciudad de la Luz y el dinamismo de su vida art\u00edstica.\",\"breadcrumb\":{\"@id\":\"https:\/\/www.aparences.net\/es\/actualidad\/los-holandeses-en-paris\/#breadcrumb\"},\"inLanguage\":\"es\",\"potentialAction\":[{\"@type\":\"ReadAction\",\"target\":[\"https:\/\/www.aparences.net\/es\/actualidad\/los-holandeses-en-paris\/\"]}]},{\"@type\":\"ImageObject\",\"inLanguage\":\"es\",\"@id\":\"https:\/\/www.aparences.net\/es\/actualidad\/los-holandeses-en-paris\/#primaryimage\",\"url\":\"https:\/\/www.aparences.net\/wp-content\/uploads\/2018\/02\/kees-van-dongen-a-la-galette.jpg\",\"contentUrl\":\"https:\/\/www.aparences.net\/wp-content\/uploads\/2018\/02\/kees-van-dongen-a-la-galette.jpg\",\"width\":880,\"height\":290},{\"@type\":\"BreadcrumbList\",\"@id\":\"https:\/\/www.aparences.net\/es\/actualidad\/los-holandeses-en-paris\/#breadcrumb\",\"itemListElement\":[{\"@type\":\"ListItem\",\"position\":1,\"name\":\"Portada\",\"item\":\"https:\/\/www.aparences.net\/es\/\"},{\"@type\":\"ListItem\",\"position\":2,\"name\":\"Los holandeses en Par\u00eds\"}]},{\"@type\":\"WebSite\",\"@id\":\"https:\/\/www.aparences.net\/es\/#website\",\"url\":\"https:\/\/www.aparences.net\/es\/\",\"name\":\"Aparences: Historia del Arte y Actualidad Cultural\",\"description\":\"\",\"publisher\":{\"@id\":\"https:\/\/www.aparences.net\/es\/#organization\"},\"potentialAction\":[{\"@type\":\"SearchAction\",\"target\":{\"@type\":\"EntryPoint\",\"urlTemplate\":\"https:\/\/www.aparences.net\/es\/?s={search_term_string}\"},\"query-input\":{\"@type\":\"PropertyValueSpecification\",\"valueRequired\":true,\"valueName\":\"search_term_string\"}}],\"inLanguage\":\"es\"},{\"@type\":\"Organization\",\"@id\":\"https:\/\/www.aparences.net\/es\/#organization\",\"name\":\"Aparences: Historia del Arte y Actualidad Cultural\",\"url\":\"https:\/\/www.aparences.net\/es\/\",\"logo\":{\"@type\":\"ImageObject\",\"inLanguage\":\"es\",\"@id\":\"https:\/\/www.aparences.net\/es\/#\/schema\/logo\/image\/\",\"url\":\"https:\/\/www.aparences.net\/wp-content\/uploads\/2023\/09\/logo-quadrat-color-e1695915315229.png\",\"contentUrl\":\"https:\/\/www.aparences.net\/wp-content\/uploads\/2023\/09\/logo-quadrat-color-e1695915315229.png\",\"width\":120,\"height\":120,\"caption\":\"Aparences: Historia del Arte y Actualidad Cultural\"},\"image\":{\"@id\":\"https:\/\/www.aparences.net\/es\/#\/schema\/logo\/image\/\"}},{\"@type\":\"Person\",\"@id\":\"https:\/\/www.aparences.net\/es\/#\/schema\/person\/af349f6ffc31b16c68963e61268afca5\",\"name\":\"admin\",\"url\":\"https:\/\/www.aparences.net\/es\/author\/admin\/\"}]}<\/script>\n<!-- \/ Yoast SEO plugin. -->","yoast_head_json":{"title":"Los holandeses en Par\u00eds","description":"De 1789 a 1914, m\u00e1s de mil artistas holandeses viajaron a Francia, atra\u00eddos por la Ciudad de la Luz y el dinamismo de su vida art\u00edstica.","robots":{"index":"index","follow":"follow","max-snippet":"max-snippet:-1","max-image-preview":"max-image-preview:large","max-video-preview":"max-video-preview:-1"},"canonical":"https:\/\/www.aparences.net\/es\/actualidad\/los-holandeses-en-paris\/","og_locale":"es_ES","og_type":"article","og_title":"Los holandeses en Par\u00eds","og_description":"De 1789 a 1914, m\u00e1s de mil artistas holandeses viajaron a Francia, atra\u00eddos por la Ciudad de la Luz y el dinamismo de su vida art\u00edstica.","og_url":"https:\/\/www.aparences.net\/es\/actualidad\/los-holandeses-en-paris\/","og_site_name":"Aparences","article_published_time":"2018-02-05T18:34:22+00:00","article_modified_time":"2024-09-03T08:32:42+00:00","og_image":[{"width":880,"height":290,"url":"https:\/\/www.aparences.net\/wp-content\/uploads\/2018\/02\/kees-van-dongen-a-la-galette.jpg","type":"image\/jpeg"}],"author":"admin","twitter_card":"summary_large_image","twitter_misc":{"Escrito por":"admin","Tiempo de lectura":"2 minutos"},"schema":{"@context":"https:\/\/schema.org","@graph":[{"@type":"Article","@id":"https:\/\/www.aparences.net\/es\/actualidad\/los-holandeses-en-paris\/#article","isPartOf":{"@id":"https:\/\/www.aparences.net\/es\/actualidad\/los-holandeses-en-paris\/"},"author":{"name":"admin","@id":"https:\/\/www.aparences.net\/es\/#\/schema\/person\/af349f6ffc31b16c68963e61268afca5"},"headline":"Los holandeses en Par\u00eds","datePublished":"2018-02-05T18:34:22+00:00","dateModified":"2024-09-03T08:32:42+00:00","mainEntityOfPage":{"@id":"https:\/\/www.aparences.net\/es\/actualidad\/los-holandeses-en-paris\/"},"wordCount":364,"publisher":{"@id":"https:\/\/www.aparences.net\/es\/#organization"},"image":{"@id":"https:\/\/www.aparences.net\/es\/actualidad\/los-holandeses-en-paris\/#primaryimage"},"thumbnailUrl":"https:\/\/www.aparences.net\/wp-content\/uploads\/2018\/02\/kees-van-dongen-a-la-galette.jpg","keywords":["Featured"],"articleSection":["Actualidad","Exposiciones"],"inLanguage":"es"},{"@type":["WebPage","ItemPage"],"@id":"https:\/\/www.aparences.net\/es\/actualidad\/los-holandeses-en-paris\/","url":"https:\/\/www.aparences.net\/es\/actualidad\/los-holandeses-en-paris\/","name":"Los holandeses en Par\u00eds","isPartOf":{"@id":"https:\/\/www.aparences.net\/es\/#website"},"primaryImageOfPage":{"@id":"https:\/\/www.aparences.net\/es\/actualidad\/los-holandeses-en-paris\/#primaryimage"},"image":{"@id":"https:\/\/www.aparences.net\/es\/actualidad\/los-holandeses-en-paris\/#primaryimage"},"thumbnailUrl":"https:\/\/www.aparences.net\/wp-content\/uploads\/2018\/02\/kees-van-dongen-a-la-galette.jpg","datePublished":"2018-02-05T18:34:22+00:00","dateModified":"2024-09-03T08:32:42+00:00","description":"De 1789 a 1914, m\u00e1s de mil artistas holandeses viajaron a Francia, atra\u00eddos por la Ciudad de la Luz y el dinamismo de su vida art\u00edstica.","breadcrumb":{"@id":"https:\/\/www.aparences.net\/es\/actualidad\/los-holandeses-en-paris\/#breadcrumb"},"inLanguage":"es","potentialAction":[{"@type":"ReadAction","target":["https:\/\/www.aparences.net\/es\/actualidad\/los-holandeses-en-paris\/"]}]},{"@type":"ImageObject","inLanguage":"es","@id":"https:\/\/www.aparences.net\/es\/actualidad\/los-holandeses-en-paris\/#primaryimage","url":"https:\/\/www.aparences.net\/wp-content\/uploads\/2018\/02\/kees-van-dongen-a-la-galette.jpg","contentUrl":"https:\/\/www.aparences.net\/wp-content\/uploads\/2018\/02\/kees-van-dongen-a-la-galette.jpg","width":880,"height":290},{"@type":"BreadcrumbList","@id":"https:\/\/www.aparences.net\/es\/actualidad\/los-holandeses-en-paris\/#breadcrumb","itemListElement":[{"@type":"ListItem","position":1,"name":"Portada","item":"https:\/\/www.aparences.net\/es\/"},{"@type":"ListItem","position":2,"name":"Los holandeses en Par\u00eds"}]},{"@type":"WebSite","@id":"https:\/\/www.aparences.net\/es\/#website","url":"https:\/\/www.aparences.net\/es\/","name":"Aparences: Historia del Arte y Actualidad Cultural","description":"","publisher":{"@id":"https:\/\/www.aparences.net\/es\/#organization"},"potentialAction":[{"@type":"SearchAction","target":{"@type":"EntryPoint","urlTemplate":"https:\/\/www.aparences.net\/es\/?s={search_term_string}"},"query-input":{"@type":"PropertyValueSpecification","valueRequired":true,"valueName":"search_term_string"}}],"inLanguage":"es"},{"@type":"Organization","@id":"https:\/\/www.aparences.net\/es\/#organization","name":"Aparences: Historia del Arte y Actualidad Cultural","url":"https:\/\/www.aparences.net\/es\/","logo":{"@type":"ImageObject","inLanguage":"es","@id":"https:\/\/www.aparences.net\/es\/#\/schema\/logo\/image\/","url":"https:\/\/www.aparences.net\/wp-content\/uploads\/2023\/09\/logo-quadrat-color-e1695915315229.png","contentUrl":"https:\/\/www.aparences.net\/wp-content\/uploads\/2023\/09\/logo-quadrat-color-e1695915315229.png","width":120,"height":120,"caption":"Aparences: Historia del Arte y Actualidad Cultural"},"image":{"@id":"https:\/\/www.aparences.net\/es\/#\/schema\/logo\/image\/"}},{"@type":"Person","@id":"https:\/\/www.aparences.net\/es\/#\/schema\/person\/af349f6ffc31b16c68963e61268afca5","name":"admin","url":"https:\/\/www.aparences.net\/es\/author\/admin\/"}]}},"_links":{"self":[{"href":"https:\/\/www.aparences.net\/es\/wp-json\/wp\/v2\/posts\/13767","targetHints":{"allow":["GET"]}}],"collection":[{"href":"https:\/\/www.aparences.net\/es\/wp-json\/wp\/v2\/posts"}],"about":[{"href":"https:\/\/www.aparences.net\/es\/wp-json\/wp\/v2\/types\/post"}],"author":[{"embeddable":true,"href":"https:\/\/www.aparences.net\/es\/wp-json\/wp\/v2\/users\/2"}],"replies":[{"embeddable":true,"href":"https:\/\/www.aparences.net\/es\/wp-json\/wp\/v2\/comments?post=13767"}],"version-history":[{"count":0,"href":"https:\/\/www.aparences.net\/es\/wp-json\/wp\/v2\/posts\/13767\/revisions"}],"wp:featuredmedia":[{"embeddable":true,"href":"https:\/\/www.aparences.net\/es\/wp-json\/wp\/v2\/media\/18106"}],"wp:attachment":[{"href":"https:\/\/www.aparences.net\/es\/wp-json\/wp\/v2\/media?parent=13767"}],"wp:term":[{"taxonomy":"category","embeddable":true,"href":"https:\/\/www.aparences.net\/es\/wp-json\/wp\/v2\/categories?post=13767"},{"taxonomy":"post_tag","embeddable":true,"href":"https:\/\/www.aparences.net\/es\/wp-json\/wp\/v2\/tags?post=13767"}],"curies":[{"name":"wp","href":"https:\/\/api.w.org\/{rel}","templated":true}]}}