{"id":13773,"date":"2018-03-19T11:20:36","date_gmt":"2018-03-19T10:20:36","guid":{"rendered":"https:\/\/www.aparences.net\/periodes\/post-impressionnisme\/pierre-bonnard-biografia-y-obras\/"},"modified":"2025-12-11T19:40:56","modified_gmt":"2025-12-11T18:40:56","slug":"pierre-bonnard-biografia-y-obras","status":"publish","type":"post","link":"https:\/\/www.aparences.net\/es\/periodos\/postimpresionismo\/pierre-bonnard-biografia-y-obras\/","title":{"rendered":"Pierre Bonnard, biograf\u00eda y obras"},"content":{"rendered":"<p><!--contents--><\/p>\n\n\n<h2 class=\"wp-block-heading\">Pierre Bonnard y el movimiento nabi<\/h2>\n\n\n\n<p>Pierre Bonnard (Fontenay-aux-Roses 1867 &#8211; Le Cannet 1947), hijo de un alto funcionario parisino y de una alsaciana, comenz\u00f3 la carrera de derecho, pero la abandon\u00f3 por la Escuela de Bellas Artes de la Acad\u00e9mie Julien de Par\u00eds, donde estableci\u00f3 estrechos v\u00ednculos con <a href=\"https:\/\/www.aparences.net\/es\/periodos\/postimpresionismo\/vuillard-y-la-mirada-intimista\/\">Vuillard<\/a>, Denis, Roussel y <a href=\"https:\/\/www.aparences.net\/es\/escuelas\/escuela-de-pont-aven\/paul-serusier-en-bretana\/\">S\u00e9rusier<\/a>. Este \u00faltimo, que hab\u00eda conocido a <a href=\"https:\/\/www.aparences.net\/es\/escuelas\/escuela-de-pont-aven\/la-escuela-de-pont-aven\/\">Gauguin en Pont-Aven<\/a>, <strong>les transmite sus conocimientos: as\u00ed naci\u00f3 el movimiento de los Nabis<\/strong>.<\/p>\n\n\n\n<p> Se trataba de reaccionar frente al <a href=\"https:\/\/www.aparences.net\/es\/periodos\/impresionismo-2\/el-impresionismo\/\">impresionismo<\/a> creando una pintura m\u00e1s reflexiva, a veces religiosa, usando colores m\u00e1s n\u00edtidos, dispuestos en \u00e1reas claramente delineadas en la tela. Durante los \u00faltimos a\u00f1os del siglo, de acuerdo con las aspiraciones de <a href=\"https:\/\/www.aparences.net\/es\/periodos\/postimpresionismo\/el-postimpresionismo\/#los-nabis\">los Nabis<\/a>, Bonnard se dedic\u00f3 m\u00e1s a las artes aplicadas que a la pintura. Hizo su debut en el Sal\u00f3n de los Independientes de 1891 con cuatro paneles conocidos como <em><strong>Mujeres en el jard\u00edn<\/strong><\/em>. La g\u00e9nesis de la obra refleja las preguntas del artista sobre la fusi\u00f3n de la pintura y lo decorativo. Dise\u00f1ados para formar un biombo, los paneles fueron r\u00e1pidamente separados por Bonnard como trabajos aut\u00f3nomos. \u00abEs demasiado cuadro para un biombo\u00bb, escribi\u00f3 una semana antes de la apertura de los Independientes, donde exhibi\u00f3 las obras bajo el t\u00edtulo de Paneles decorativos. El formato en altura tomado de los <a href=\"http:\/\/es.wikipedia.org\/wiki\/Kakemono\"><em>kakemonos<\/em> japoneses<\/a>, un tratamiento del espacio reducido a la pura planitud, siluetas sometidas a distorsiones gr\u00e1ficas,&nbsp;sustituyendo la realidad por visiones on\u00edricas, como en <em>La partida de croquet<\/em>, donde el artista representa a su familia.<\/p>\n\n\n<div class=\"wp-block-image\">\n<figure class=\"aligncenter\"><img loading=\"lazy\" decoding=\"async\" width=\"560\" height=\"405\" src=\"https:\/\/www.aparences.net\/wp-content\/uploads\/2018\/03\/bonnard-femmes-au-jardin.jpg\" alt=\"Mujeres en el jard\u00edn, 1891, Pierre Bonnard\" class=\"wp-image-18112\" title=\"Mujeres en el jard\u00edn, 1891, Pierre Bonnard\" srcset=\"https:\/\/www.aparences.net\/wp-content\/uploads\/2018\/03\/bonnard-femmes-au-jardin.jpg 560w, https:\/\/www.aparences.net\/wp-content\/uploads\/2018\/03\/bonnard-femmes-au-jardin-300x217.jpg 300w\" sizes=\"auto, (max-width: 560px) 100vw, 560px\" \/><figcaption class=\"wp-element-caption\"><em><strong>Mujeres en el jard\u00edn<\/strong>, detalle, 1891, <strong>Pierre Bonnard<\/strong> (Par\u00eds, Mus\u00e9e d&#8217;Orsay)<\/em><\/figcaption><\/figure>\n<\/div>\n\n\n<p>En 1891, <strong>el estilo de Bonnard debe a la lecci\u00f3n de<\/strong> <a href=\"https:\/\/www.aparences.net\/es\/escuelas\/escuela-de-pont-aven\/\">Pont-Aven<\/a> el recorte de las im\u00e1genes en planos yuxtapuestos, bordeados por contornos continuos y el gusto por los colores \u00e1cidos. <strong>Al ejemplo de los grabados japoneses<\/strong>, se le asocia el de <a href=\"https:\/\/www.aparences.net\/es\/periodos\/postimpresionismo\/paul-gauguin\/\">Gauguin<\/a> en una b\u00fasqueda de la \u00abs\u00edntesis\u00bb entre formas sinuosas y estilizadas entre s\u00ed. La identificaci\u00f3n de figuras y objetos se basa en la oposici\u00f3n de tonos y el uso frecuente de los motivos geom\u00e9tricos de las telas, ya sean los cuadros de un vestido, las flores de un papel pintado o las l\u00fanulas de un albornoz. As\u00ed, en <em><strong>Intimidad<\/strong><\/em>, la figura del fumador, el compositor <strong>Claude Terrasse<\/strong>, destaca sobre los motivos impresos de la pared gracias al brillo de un bat\u00edn, aunque el dibujo indica sumariamente los pliegues de la tela, el cabello y los rasgos de su rostro.<\/p>\n\n\n<div class=\"wp-block-image\">\n<figure class=\"aligncenter\"><img loading=\"lazy\" decoding=\"async\" width=\"439\" height=\"460\" src=\"https:\/\/www.aparences.net\/wp-content\/uploads\/2018\/03\/bonnard-intimite-1891.jpg\" alt=\"Intimidad, 1891, Pierre Bonnard\" class=\"wp-image-18111\" title=\"Intimidad, 1891, Pierre Bonnard, Par\u00eds, Mus\u00e9e d'Orsay\" srcset=\"https:\/\/www.aparences.net\/wp-content\/uploads\/2018\/03\/bonnard-intimite-1891.jpg 439w, https:\/\/www.aparences.net\/wp-content\/uploads\/2018\/03\/bonnard-intimite-1891-286x300.jpg 286w\" sizes=\"auto, (max-width: 439px) 100vw, 439px\" \/><figcaption class=\"wp-element-caption\"><em><strong>Intimidad<\/strong>, 1891, <strong>Pierre Bonnard<\/strong> (Par\u00eds, Mus\u00e9e d&#8217;Orsay)<\/em><\/figcaption><\/figure>\n<\/div>\n\n\n<p>A esta fusi\u00f3n entre lo decorativo y cierta forma de idealismo se a\u00f1aden los primeros ecos de car\u00e1cter formal provenientes de otros dominios, por los cuales los Nabis contribuyeron a la apertura hacia otras pr\u00e1cticas art\u00edsticas. De este modo, <strong>Bonnard, junto con Jules Ch\u00e9ret<\/strong> y <a href=\"https:\/\/www.aparences.net\/es\/periodos\/postimpresionismo\/henri-de-toulouse-lautrec\/\">Toulouse-Lautrec<\/a>, contribuy\u00f3 a dotar al cartel de una expresi\u00f3n espec\u00edficamente moderna, asociando su arte gr\u00e1fico con el de su pintura, en una exaltaci\u00f3n japonisante de un espacio en dos dimensiones y una reducida gama crom\u00e1tica. Despu\u00e9s del \u00e9xito de su primera estampa, un cartel dise\u00f1ado en 1891 para <em>France-Champagne<\/em>, Bonnard se involucr\u00f3 con talento en 1894 en la promoci\u00f3n de la <a href=\"https:\/\/es.wikipedia.org\/wiki\/La_Revue_Blanche\"><em>Revue Blanche<\/em><\/a>, en aquel momento centro de gravedad cr\u00edtico y literario de la \u00abnebulosa\u00bb Nabi, publicada en Par\u00eds entre los a\u00f1os 1891 a 1903, financiada y dirigida por <strong>los hermanos Natanson<\/strong> (Thad\u00e9e, Alexandre y Alfred).<\/p>\n\n\n<div class=\"wp-block-image\">\n<figure class=\"aligncenter\"><img loading=\"lazy\" decoding=\"async\" width=\"437\" height=\"460\" src=\"https:\/\/www.aparences.net\/wp-content\/uploads\/2018\/03\/pierre-bonnard-la-revue-blanche.jpg\" alt=\"Cartel para Revue Blanche, 1894, Pierre Bonnard\" class=\"wp-image-18113\" title=\"Cartel para Revue Blanche, 1894, Pierre Bonnard\" srcset=\"https:\/\/www.aparences.net\/wp-content\/uploads\/2018\/03\/pierre-bonnard-la-revue-blanche.jpg 437w, https:\/\/www.aparences.net\/wp-content\/uploads\/2018\/03\/pierre-bonnard-la-revue-blanche-285x300.jpg 285w\" sizes=\"auto, (max-width: 437px) 100vw, 437px\" \/><figcaption class=\"wp-element-caption\"><em><strong>Cartel para Revue Blanche<\/strong>, 1894, <strong>Pierre Bonnard<\/strong><\/em><br><em> (Par\u00eds, Biblioteca Nacional de Francia)<\/em><\/figcaption><\/figure>\n<\/div>\n\n\n<p><em><strong>Misia Godebska<\/strong> (1872-1950), la talentosa pianista de origen polaco, <strong>esposa de Thad\u00e9e Natanson<\/strong>, y musa espiritual de los Nabis, prest\u00f3 sus rasgos a una elegante lectora, cuyo rostro es el elemento m\u00e1s naturalista dentro de un conjunto din\u00e1micamente estilizado. La composici\u00f3n superpone los registros y juega de forma eficaz con el contraste entre las zonas claras y las oscuras y la integraci\u00f3n de la letra a la imagen.<\/em><\/p>\n\n\n<div class=\"wp-block-image\">\n<figure class=\"aligncenter\"><img loading=\"lazy\" decoding=\"async\" width=\"587\" height=\"410\" src=\"https:\/\/www.aparences.net\/wp-content\/uploads\/2018\/03\/bonnard-apres-midi-bourgeoise.jpg\" alt=\"La tarde burguesa, 1900, Pierre Bonnard\" class=\"wp-image-18114\" title=\"La tarde burguesa, 1900, Pierre Bonnard\" srcset=\"https:\/\/www.aparences.net\/wp-content\/uploads\/2018\/03\/bonnard-apres-midi-bourgeoise.jpg 587w, https:\/\/www.aparences.net\/wp-content\/uploads\/2018\/03\/bonnard-apres-midi-bourgeoise-300x210.jpg 300w\" sizes=\"auto, (max-width: 587px) 100vw, 587px\" \/><figcaption class=\"wp-element-caption\"><em><strong>La tarde burguesa<\/strong>, 1900, <strong>Pierre Bonnard<\/strong> (Par\u00eds, Mus\u00e9e d&#8217;Orsay)<\/em><\/figcaption><\/figure>\n<\/div>\n\n\n<p><em>La obra, pertenece a un per\u00edodo fundamental de la carrera de Bonnard, cuando abandona las tendencias de inspiraci\u00f3n japonesa de su primera etapa. Representa a la familia del compositor Claude Terrasse, cu\u00f1ado del artista, frente a la casa del Clos en Grand-Lemps, en una tarde soleada.<\/em><\/p>\n\n\n\n<!-- AdBoxRight2020 --><ins class=\"adsbygoogle\"     style=\"display:block; margin-top:30px;\"     data-ad-client=\"ca-pub-2468002815867636\"     data-ad-slot=\"3496014735\"     data-ad-format=\"auto\"     data-full-width-responsive=\"false\"><\/ins><script> (adsbygoogle = window.adsbygoogle || []).push({});<\/script><h2 class=\"wp-block-heading\">Pintura de la vida urbana<\/h2>\n\n\n\n<p><strong>Superados por las<\/strong> <a href=\"https:\/\/www.aparences.net\/es\/periodos\/arte-moderno\/\">vanguardias art\u00edsticas<\/a>, <strong>los ex Nabis<\/strong>, dan la sensaci\u00f3n de estar atrapados en una \u00e9poca en la que ya no desempe\u00f1an un papel motor. Pierre Bonnard ha expresado con gran simplicidad esta condici\u00f3n inc\u00f3moda que parece ser la suya durante este per\u00edodo de transici\u00f3n: \u00abEl avance del progreso se aceler\u00f3, la sociedad estaba preparada para dar la bienvenida al <a href=\"https:\/\/www.aparences.net\/es\/periodos\/arte-moderno\/cubismo\/\">cubismo<\/a> y al <a href=\"https:\/\/www.aparences.net\/es\/periodos\/arte-moderno\/el-surrealismo\/\">surrealismo<\/a>, antes de haber logrado lo que nos hab\u00edamos marcado como objetivo. Nos encontramos en cierta manera como suspendidos en el aire.\u00bb A lo largo de la d\u00e9cada de 1890, Bonnard pint\u00f3 muchas vistas de las calles de Par\u00eds y sus alrededores. En 1899, public\u00f3 un \u00e1lbum de litograf\u00edas: <strong>Algunos aspectos de la vida de Par\u00eds<\/strong>. Los personajes aparecen como siluetas que destacan contra el ajetreo luminoso de la actividad urbana y, a veces, se pierden en la inmensidad de edificios y plazas. El <a href=\"https:\/\/es.wikipedia.org\/wiki\/Japonismo\">japonismo<\/a> que impregnaba las escenas de la vida urbana en la d\u00e9cada de 1890, creando una superficie de motivos coloridos y planos y erradicando la perspectiva, dio paso a un nuevo enfoque, a las posibilidades estructurales y psicol\u00f3gicas de la perspectiva.<\/p>\n\n\n<div class=\"wp-block-image\">\n<figure class=\"aligncenter\"><img loading=\"lazy\" decoding=\"async\" width=\"620\" height=\"412\" src=\"https:\/\/www.aparences.net\/wp-content\/uploads\/2018\/03\/pierre-bonnard-sur-le-pont.jpg\" alt=\"El puente del Carrousel, 1903, Pierre Bonnard\" class=\"wp-image-18115\" title=\"El puente del Carrousel, 1903, Pierre Bonnard\" srcset=\"https:\/\/www.aparences.net\/wp-content\/uploads\/2018\/03\/pierre-bonnard-sur-le-pont.jpg 620w, https:\/\/www.aparences.net\/wp-content\/uploads\/2018\/03\/pierre-bonnard-sur-le-pont-300x199.jpg 300w\" sizes=\"auto, (max-width: 620px) 100vw, 620px\" \/><figcaption class=\"wp-element-caption\"><em><strong>El puente del Carrousel<\/strong>, 1903, <strong>Pierre Bonnard<\/strong> (Los Angeles County Museum of Art)<\/em><\/figcaption><\/figure>\n<\/div>\n\n\n<p>Como pintor de la comedia humana, Bonnard se mantuvo fiel a sus v\u00ednculos parisinos. Sin embargo, nunca dej\u00f3 de ser un paisajista, y entre los mejores. Siempre supo evocar un Par\u00eds extraordinariamente vivo, como en <em><strong>La Place Clichy<\/strong><\/em> de 1912 y <strong><em>El Caf\u00e9 du Petit Pucet<\/em> <\/strong>(Pulgarcito) de 1928. Ni Matisse, Picasso, o Braque no realizaron paisajes con el deseo vehemente de Bonnard de entenderlo todo y expresarlo todo. Intent\u00f3 conjugar dos preguntas cruciales: \u00ab\u00bfQu\u00e9 es la naturaleza? y \u00bfQu\u00e9 es la pintura?\u00bb, prolongando as\u00ed la gloriosa historia del arte franc\u00e9s.<\/p>\n\n\n<div class=\"wp-block-image\">\n<figure class=\"aligncenter\"><img loading=\"lazy\" decoding=\"async\" width=\"620\" height=\"415\" src=\"https:\/\/www.aparences.net\/wp-content\/uploads\/2018\/03\/bonnard-place-clichy.jpg\" alt=\"Place Clichy, 1912, Pierre Bonnard, Par\u00eds, Centro Pompidou\" class=\"wp-image-18116\" title=\"Place Clichy, 1912, Pierre Bonnard, Par\u00eds, Centro Pompidou\" srcset=\"https:\/\/www.aparences.net\/wp-content\/uploads\/2018\/03\/bonnard-place-clichy.jpg 620w, https:\/\/www.aparences.net\/wp-content\/uploads\/2018\/03\/bonnard-place-clichy-300x201.jpg 300w\" sizes=\"auto, (max-width: 620px) 100vw, 620px\" \/><figcaption class=\"wp-element-caption\"><em><strong>Place Clichy<\/strong>, 1912, <strong>Pierre Bonnard<\/strong> (Par\u00eds, Centro Pompidou)<\/em><\/figcaption><\/figure>\n<\/div>\n\n\n<p>Ejecutada diecis\u00e9is a\u00f1os despu\u00e9s de <em>Place Clichy<\/em>, la tela <em>El Caf\u00e9 du Petit Poucet<\/em>, de dimensiones id\u00e9nticas, estaba destinada a decorar el apartamento de Par\u00eds de sus amigos George y Ad\u00e8le Besson, quai de Grenelle. Estas dos telas reproducen escenas de calles parisinas; una representa la animaci\u00f3n de las calles, la otra, la atm\u00f3sfera nocturna de un caf\u00e9 en la misma Place Clichy.<\/p>\n\n\n<div class=\"wp-block-image\">\n<figure class=\"aligncenter\"><img loading=\"lazy\" decoding=\"async\" width=\"620\" height=\"408\" src=\"https:\/\/www.aparences.net\/wp-content\/uploads\/2018\/03\/bonnard-cafe-du-petit-poucet-1928.jpg\" alt=\"Le Caf\u00e9 du Petit Poucet, 1928, Pierre Bonnard\" class=\"wp-image-18117\" title=\"Le Caf\u00e9 du Petit Poucet, 1928, Pierre Bonnard\" srcset=\"https:\/\/www.aparences.net\/wp-content\/uploads\/2018\/03\/bonnard-cafe-du-petit-poucet-1928.jpg 620w, https:\/\/www.aparences.net\/wp-content\/uploads\/2018\/03\/bonnard-cafe-du-petit-poucet-1928-300x197.jpg 300w\" sizes=\"auto, (max-width: 620px) 100vw, 620px\" \/><\/figure>\n<\/div>\n\n<div class=\"wp-block-image\">\n<figure class=\"aligncenter\"><img loading=\"lazy\" decoding=\"async\" width=\"618\" height=\"391\" src=\"https:\/\/www.aparences.net\/wp-content\/uploads\/2018\/03\/bonnard-cafe-petit-poucet-.jpg\" alt=\"Le Caf\u00e9 du Petit Poucet, 1928, Pierre Bonnard\" class=\"wp-image-18118\" title=\"Le Caf\u00e9 du Petit Poucet, 1928, Pierre Bonnard\" srcset=\"https:\/\/www.aparences.net\/wp-content\/uploads\/2018\/03\/bonnard-cafe-petit-poucet-.jpg 618w, https:\/\/www.aparences.net\/wp-content\/uploads\/2018\/03\/bonnard-cafe-petit-poucet--300x190.jpg 300w\" sizes=\"auto, (max-width: 618px) 100vw, 618px\" \/><figcaption class=\"wp-element-caption\"><em><strong>Le Caf\u00e9 du Petit Poucet<\/strong> y detalle, 1928, <strong>Pierre Bonnard<\/strong> (Besan\u00e7on, Museo de Bellas Artes)<\/em><\/figcaption><\/figure>\n<\/div>\n\n\n<p><em>Una trama de l\u00edneas verticales y horizontales cierra las escenas en las que aparecen personajes pintados con un deje humor\u00edstico. Existe una cierta confusi\u00f3n entre el interior y el exterior; a Bonnard le encantaba jugar con estas incertidumbres y \u00abdistorcionar\u00bb los espacios de acuerdo con las necesidades de la composici\u00f3n.<\/em> <em>El artista utiliza los efectos y los juegos de espejos para acentuar esta ambig\u00fcedad del espacio: las manchas blancas y negras marcan una composici\u00f3n dominada por tonos c\u00e1lidos: rojo, amarillo, naranja.<\/em><\/p>\n\n\n\n<p>En 1921, Bonnard pas\u00f3 tres semanas en Roma, donde hizo diversos esbozos para la obra <em><strong>Piazza del Popolo<\/strong><\/em>, que termin\u00f3 al a\u00f1o siguiente. Es una de las pocas escenas de la vida urbana pintadas por Bonnard despu\u00e9s de 1910 (cuando se interesa cada vez m\u00e1s en representar la vida y el paisaje de sus dos casas de campo). Ello invita a la comparaci\u00f3n con los primeros trabajos dedicados a la vida urbana. En primer plano, los personajes vistos en busto \u00abse adhieren\u00bb al plano del lienzo y su dibujo vigoroso recuerda m\u00e1s a la <a href=\"https:\/\/www.aparences.net\/es\/periodos\/el-quattrocento\/\">pintura del Quattrocento<\/a> que al dibujo de carteles. El gesto de la mujer que sostiene la balanza tiene todo el peso y la solemnidad de una escultura antigua. La tela parece iluminada desde el interior, por el color intenso de la fruta en el centro del primer plano.<\/p>\n\n\n<div class=\"wp-block-image\">\n<figure class=\"aligncenter\"><img loading=\"lazy\" decoding=\"async\" width=\"549\" height=\"430\" src=\"https:\/\/www.aparences.net\/wp-content\/uploads\/2018\/03\/bonnard-piazza-del-popolo.jpg\" alt=\"Piazza del Popolo, 1922, Pierre Bonnard\" class=\"wp-image-18119\" title=\"Piazza del Popolo, 1922, Pierre Bonnard\" srcset=\"https:\/\/www.aparences.net\/wp-content\/uploads\/2018\/03\/bonnard-piazza-del-popolo.jpg 549w, https:\/\/www.aparences.net\/wp-content\/uploads\/2018\/03\/bonnard-piazza-del-popolo-300x235.jpg 300w\" sizes=\"auto, (max-width: 549px) 100vw, 549px\" \/><figcaption class=\"wp-element-caption\"><em><strong>Piazza del Popolo<\/strong>, 1922, <strong>Pierre Bonnard<\/strong> (Colecci\u00f3n privada)<\/em><\/figcaption><\/figure>\n<\/div>\n\n\n<h2 class=\"wp-block-heading\">El paisaje \u00edntimo de Bonnard<\/h2>\n\n\n\n<p>El per\u00edodo de maduraci\u00f3n art\u00edstica de Bonnard requiri\u00f3 una \u00f3smosis completa con la naturaleza y el artista eligi\u00f3 vivir primero en su casa de campo, La Roulotte, en Normand\u00eda y luego en el sur, en Le Cannet, frente al Mediterr\u00e1neo. Mientras a su alrededor los maestros m\u00e1s inquietos fundaban y disolv\u00edan los movimientos, Bonnard, inmerso en su mundo, se contentaba con variar los temas centrales de su arte: paisajes, habitaciones, naturalezas muertas, desnudos. <strong>El retiro de Bonnard en el campo<\/strong>, su sensibilidad a los ciclos de la naturaleza, que se expresan tanto en su arte como en su vida, son una reminiscencia del temprano retiro de Monet al campo. Bonnard, quien en la d\u00e9cada de 1890 fue el pintor de las escenas parisinas, se vuelve cada vez m\u00e1s hacia la creaci\u00f3n de un universo interior y, el conflicto que habita su obra, m\u00e1s que una oposici\u00f3n entre la ciudad y el campo, pone de manifiesto el deseo de pintar un mundo a la vez contempor\u00e1neo y fuera del tiempo. En la d\u00e9cada de 1910, este doble prop\u00f3sito se tradujo en dos tipos de paisajes: los de Vernon, que en su mayor\u00eda representan temas contempor\u00e1neos o anecd\u00f3ticos con connotaciones cl\u00e1sicas y, los paisajes mediterr\u00e1neos, en un formato m\u00e1s monumental, que <strong>en su mayor\u00eda presentan<\/strong> <a href=\"https:\/\/www.aparences.net\/es\/tematicos\/mitologia-y-pintura\/\">temas mitol\u00f3gicos<\/a> tomados de la Antig\u00fcedad.<\/p>\n\n\n<div class=\"wp-block-image\">\n<figure class=\"aligncenter\"><img loading=\"lazy\" decoding=\"async\" width=\"538\" height=\"430\" src=\"https:\/\/www.aparences.net\/wp-content\/uploads\/2018\/03\/bonnard-l-enlevement-d-europe-1914.jpg\" alt=\"El rapto de Europa, 1914, Pierre Bonnard\" class=\"wp-image-18120\" title=\"El rapto de Europa, 1914, Pierre Bonnard\" srcset=\"https:\/\/www.aparences.net\/wp-content\/uploads\/2018\/03\/bonnard-l-enlevement-d-europe-1914.jpg 538w, https:\/\/www.aparences.net\/wp-content\/uploads\/2018\/03\/bonnard-l-enlevement-d-europe-1914-300x240.jpg 300w\" sizes=\"auto, (max-width: 538px) 100vw, 538px\" \/><figcaption class=\"wp-element-caption\"><em><strong>El rapto de Europa<\/strong>, 1914, <strong>Pierre Bonnard<\/strong> (Toledo, The Toledo Museum of Art)<\/em><\/figcaption><\/figure>\n<\/div>\n\n\n<p><em>Obra clave de Bonnard, esta pintura revela claramente la influencia del Secuestro de Europa de <a href=\"https:\/\/www.aparences.net\/es\/escuelas\/la-pintura-veneciana\/tiziano-vecellio-biografia\/\">Tiziano<\/a>, un pintor al que Bonnard consideraba uno de los m\u00e1s grandes entre los maestros antiguos.<\/em><\/p>\n\n\n\n<p>Esta visi\u00f3n clasificadora de Bonnard, durante y despu\u00e9s de la Primera Guerra Mundial, fue captada por la cr\u00edtica contempor\u00e1nea que observaron la habilidad del pintor para reconciliar la tradici\u00f3n antigua con la modernidad. El pante\u00edsmo virgiliano y la serenidad pastoral de Bonnard fue alabado por cr\u00edticos como <strong>Waldemar George<\/strong>, <strong>Jean Cassou<\/strong> y <strong>L\u00e9on Werth<\/strong>. En <em><strong>La palma<\/strong><\/em> de 1926, Bonnard no solo se limit\u00f3 a reformular y transponer en un paisaje y un ambiente moderno la antigua tradici\u00f3n, sino que crea una mitolog\u00eda propia, que se refiere m\u00e1s a la necesidad interna de su obra que al pasado.<\/p>\n\n\n<div class=\"wp-block-image\">\n<figure class=\"aligncenter\"><img loading=\"lazy\" decoding=\"async\" width=\"530\" height=\"410\" src=\"https:\/\/www.aparences.net\/wp-content\/uploads\/2018\/03\/bonnard-la-palme.jpg\" alt=\"La Palma, 1926, Pierre Bonnard\" class=\"wp-image-18121\" title=\"La Palma, 1926, Pierre Bonnard, Washington, The Phillips Collection\" srcset=\"https:\/\/www.aparences.net\/wp-content\/uploads\/2018\/03\/bonnard-la-palme.jpg 530w, https:\/\/www.aparences.net\/wp-content\/uploads\/2018\/03\/bonnard-la-palme-300x232.jpg 300w\" sizes=\"auto, (max-width: 530px) 100vw, 530px\" \/><figcaption class=\"wp-element-caption\"><em><strong>La Palma<\/strong>, 1926, <strong>Pierre Bonnard<\/strong> (Washington, The Phillips Collection)<\/em><\/figcaption><\/figure>\n<\/div>\n\n\n<p><em>Esta silueta et\u00e9rea, con mirada hipn\u00f3tica, sosteniendo una fruta como en una ofrenda, evoca a la vez los mitos paganos y el simbolismo cristiano. Puede relacionarse con los ritos de las cosechas y evocar al mismo tiemo una Madonna de <a href=\"https:\/\/www.aparences.net\/es\/escuelas\/la-pintura-veneciana\/giovanni-bellini\/\">Bellini<\/a> colocada en un entorno natural como una Eva moderna ofreciendo el fruto de la ca\u00edda.<\/em><\/p>\n\n\n\n<p>En 1912, Bonnard compr\u00f3 una casa en Vernonnet, un pueblecito situado en las fronteras de Normand\u00eda y la \u00cele-de-France, convirti\u00e9ndose as\u00ed en el vecino de Monet. En el cuadro <em><strong>El comedor en el campo<\/strong><\/em>, el artista representa el comedor de esta casa de campo ampliamente abierto a la naturaleza, lleno de una luz c\u00e1lida, que le da todo el encanto de la intimidad cotidiana. El paisaje que se extiende a lo lejos, refleja la manera de los <a href=\"https:\/\/www.aparences.net\/es\/escuelas\/los-primitivos-flamencos\/\">pintores flamencos<\/a> e italianos de los siglos XV y XVI, en una atm\u00f3sfera brumosa y cambiante, ahogada en el brillo y el calor del verano que contrastan con la calma interior.<\/p>\n\n\n<div class=\"wp-block-image\">\n<figure class=\"aligncenter\"><img loading=\"lazy\" decoding=\"async\" width=\"530\" height=\"438\" src=\"https:\/\/www.aparences.net\/wp-content\/uploads\/2018\/03\/bonnard-salle-a-manger-a-la-campagne.jpg\" alt=\"El comedor en el campo, 1913, Pierre Bonnard\" class=\"wp-image-18122\" title=\"El comedor en el campo, 1913, Pierre Bonnard\" srcset=\"https:\/\/www.aparences.net\/wp-content\/uploads\/2018\/03\/bonnard-salle-a-manger-a-la-campagne.jpg 530w, https:\/\/www.aparences.net\/wp-content\/uploads\/2018\/03\/bonnard-salle-a-manger-a-la-campagne-300x248.jpg 300w\" sizes=\"auto, (max-width: 530px) 100vw, 530px\" \/><figcaption class=\"wp-element-caption\"><em><strong>El comedor en el campo<\/strong>, 1913, <strong>Pierre Bonnard<\/strong> (Minneapolis Institute of Arts)<\/em><\/figcaption><\/figure>\n<\/div>\n\n\n<p><em>El mantel blanco con reflejos azules contrasta con el color naranja dominante de las paredes y la blusa de la esposa del artista. Destaca la atm\u00f3sfera de silencio, misterio y apaciguamiento.<\/em><\/p>\n\n\n<div class=\"wp-block-image\">\n<figure class=\"aligncenter\"><img loading=\"lazy\" decoding=\"async\" width=\"477\" height=\"372\" src=\"https:\/\/www.aparences.net\/wp-content\/uploads\/2018\/03\/bonnard-la-terrasse-a-vernon.jpg\" alt=\"La terraza en Vernon, 1918, Pierre Bonnard\" class=\"wp-image-18124\" title=\"La terraza en Vernon, 1918, Pierre Bonnard\" srcset=\"https:\/\/www.aparences.net\/wp-content\/uploads\/2018\/03\/bonnard-la-terrasse-a-vernon.jpg 477w, https:\/\/www.aparences.net\/wp-content\/uploads\/2018\/03\/bonnard-la-terrasse-a-vernon-300x234.jpg 300w\" sizes=\"auto, (max-width: 477px) 100vw, 477px\" \/><figcaption class=\"wp-element-caption\"><em><strong>La terraza en Vernon<\/strong>, 1918, <strong>Pierre Bonnard<\/strong><\/em><br><em> (Washington, The Phillips Collection)<\/em><\/figcaption><\/figure>\n<\/div>\n\n\n<p><em>La pintura representa un paisaje exuberante, con campos cosechados y un r\u00edo resplandeciente en la distancia. En primer plano, vista en un escorzo bastante sorprendente, hay una mesa cubierta con un mantel a cuadros azules y blancos donde se ha colocado un azucarero, un plato de frutas y algunas flores cortadas. La casa est\u00e1 habitada: una joven vista de espaldas juega con un p\u00e1jaro dom\u00e9stico, mientras que otra, cubierta con un sombrero de paja, sube las escaleras que se adivinan por la rampa.<\/em><\/p>\n\n\n<div class=\"wp-block-image\">\n<figure class=\"aligncenter\"><img loading=\"lazy\" decoding=\"async\" width=\"610\" height=\"445\" src=\"https:\/\/www.aparences.net\/wp-content\/uploads\/2018\/03\/bonnard-la-table-1925.jpg\" alt=\"La mesa, 1925, Pierre Bonnard\" class=\"wp-image-18125\" title=\"La mesa, 1925, Pierre Bonnard\" srcset=\"https:\/\/www.aparences.net\/wp-content\/uploads\/2018\/03\/bonnard-la-table-1925.jpg 610w, https:\/\/www.aparences.net\/wp-content\/uploads\/2018\/03\/bonnard-la-table-1925-300x219.jpg 300w\" sizes=\"auto, (max-width: 610px) 100vw, 610px\" \/><figcaption class=\"wp-element-caption\"><em><strong>La mesa<\/strong>, 1925, <strong>Pierre Bonnard<\/strong> (Londres, Colecci\u00f3n privada)<\/em><\/figcaption><\/figure>\n<\/div>\n\n\n<p><em>La tabla de la mesa aparece inclinada y tiende a presentar los objetos en un plano vertical; pero lo que busca Bonnard es representar cada objeto desde el \u00e1ngulo de visi\u00f3n que mejor acent\u00faa su especificidad. La mujer joven que agita una cuchara en un cuenco, lleva una chaqueta blanca y una blusa rosa del mismo tono que el de las galletas que hay encima de la mesa. Su cabello tiene reflejos del mismo color que las naranjas, las bandejas de mimbre y los estantes. La figura parece diluirse en el mantel y el aparador sugerido al fondo de la composici\u00f3n.<\/em><\/p>\n\n\n\n<p><strong>Andr\u00e9 Lhote<\/strong> evoca a Bonnard en estos t\u00e9rminos: \u00abNo se priva de ninguna libertad en la disposici\u00f3n de formas y colores; distorsiona sistem\u00e1ticamente las relaciones de valores y dimensiones, deja proliferar peque\u00f1as indicaciones y prescinde de elementos principales. Es una especie de mundo al rev\u00e9s, recuerdos sacados de su memoria que han evolucionado con el tiempo\u00bb. En el cuadro <em><strong>La tarde<\/strong><\/em> o <em><strong>La siesta<\/strong><\/em> de Berna, Bonnard ha reunido a un grupo de mujeres y muchachas vistas de medio cuerpo en primer plano; la joven que duerme ocupa el centro de la pintura. Detr\u00e1s de ellas, el jard\u00edn se extiende hasta la cortina de \u00e1rboles a lo largo del r\u00edo. M\u00e1s all\u00e1, podemos adivinar el apelotonamiento de colinas azuladas. Pero la perspectiva se detiene all\u00ed: un camino blanco se alza al fondo de la composici\u00f3n y su verticalidad frustra el efecto de la profundidad.<\/p>\n\n\n<div class=\"wp-block-image\">\n<figure class=\"aligncenter\"><img loading=\"lazy\" decoding=\"async\" width=\"554\" height=\"410\" src=\"https:\/\/www.aparences.net\/wp-content\/uploads\/2018\/03\/bonnard-la-sieste.jpg\" alt=\"Tarde o La Siesta, Pierre Bonnard\" class=\"wp-image-18126\" title=\"Tarde o La Siesta, Pierre Bonnard\" srcset=\"https:\/\/www.aparences.net\/wp-content\/uploads\/2018\/03\/bonnard-la-sieste.jpg 554w, https:\/\/www.aparences.net\/wp-content\/uploads\/2018\/03\/bonnard-la-sieste-300x222.jpg 300w\" sizes=\"auto, (max-width: 554px) 100vw, 554px\" \/><figcaption class=\"wp-element-caption\"><em><strong>La tarde<\/strong> o La Siesta en un jard\u00edn del sur, c. 1914, <strong>Pierre Bonnard<\/strong> <\/em><br><em>(Berna, Museo de Bellas Artes)<\/em><\/figcaption><\/figure>\n<\/div>\n\n<div class=\"wp-block-image\">\n<figure class=\"aligncenter\"><img loading=\"lazy\" decoding=\"async\" width=\"507\" height=\"400\" src=\"https:\/\/www.aparences.net\/wp-content\/uploads\/2018\/03\/bonnard-la-nappe-rayee.jpg\" alt=\"El mantel a rayas, Pierre Bonnard\" class=\"wp-image-18133\" title=\"El mantel a rayas, Pierre Bonnard\" srcset=\"https:\/\/www.aparences.net\/wp-content\/uploads\/2018\/03\/bonnard-la-nappe-rayee.jpg 507w, https:\/\/www.aparences.net\/wp-content\/uploads\/2018\/03\/bonnard-la-nappe-rayee-300x237.jpg 300w\" sizes=\"auto, (max-width: 507px) 100vw, 507px\" \/><figcaption class=\"wp-element-caption\"><em><strong>El mantel a rayas<\/strong>, 1921-1923, terminado en 1945-1946, <strong>Pierre Bonnard<\/strong> <\/em><br><em>(Par\u00eds, Mus\u00e9e d&#8217;Orsay)<\/em><\/figcaption><\/figure>\n<\/div>\n\n\n<p><em>Esta encantadora \u00abescena de g\u00e9nero\u00bb evoca a una mujer joven de quien Bonnard estaba enamorado, Ren\u00e9e Monchaty. Este retrato tiene toda la vivacidad de un instante fotogr\u00e1fico, como si a la joven se le hubiera pedido que se volviera y sonriera para el clich\u00e9&#8230; Otra figura femenina aparece en el lado derecho de la pintura.<\/em><\/p>\n\n\n\n<p><em><strong>El embarcadero de la Croisette en Cannes<\/strong><\/em>, se ha tratado con un blanco tan brillante, que apenas percibimos la presencia de personajes, cuya ropa, que va del rosa al azul a trav\u00e9s de los diferentes tonos de malva y violeta, colores que Bonnard apreciaba especialmente, se mezcla con el mar y las nubes del atardecer. El m\u00e1stil naranja y las dos manchas amarillas, dif\u00edciles de identificar, a la izquierda, realzan fuertemente la composici\u00f3n y equilibran la masa clara del embarcadero y de los paseantes. En sus recuerdos de Bonnard y acerca de este cuadro, Mme. Hahnloser-B\u00fchler cuenta la siguiente an\u00e9cdota: \u00abLo empez\u00f3 en 1926 o 1928, pero tuvimos que esperar al menos siete a\u00f1os: siempre encontraba algo que no le satisfac\u00eda. Y luego, un buen d\u00eda, en el invierno de 1935, nos dice, como quien no quiere la cosa: \u00abEn caso de que todav\u00eda deseen poseer <em>El embarcadero<\/em>, est\u00e1 a su disposici\u00f3n. Finalmente encontr\u00e9 el fallo que perturbaba su equilibrio. Vean el efecto del color amarillo que he realzado: ahora todo funciona y, la obra, aunque peque\u00f1a, no est\u00e1 nada mal.\u00bb<\/p>\n\n\n<div class=\"wp-block-image\">\n<figure class=\"aligncenter\"><img loading=\"lazy\" decoding=\"async\" width=\"578\" height=\"410\" src=\"https:\/\/www.aparences.net\/wp-content\/uploads\/2018\/03\/bonnard-le-debarcadere-a-cannes.jpg\" alt=\"El embarcadero en Cannes, 1928-1934, Pierre Bonnard\" class=\"wp-image-18127\" title=\"El embarcadero en Cannes, 1928-1934, Pierre Bonnard\" srcset=\"https:\/\/www.aparences.net\/wp-content\/uploads\/2018\/03\/bonnard-le-debarcadere-a-cannes.jpg 578w, https:\/\/www.aparences.net\/wp-content\/uploads\/2018\/03\/bonnard-le-debarcadere-a-cannes-300x213.jpg 300w\" sizes=\"auto, (max-width: 578px) 100vw, 578px\" \/><figcaption class=\"wp-element-caption\"><em><strong>El embarcadero en Cannes<\/strong>, 1928-1934, <strong>Pierre Bonnard<\/strong> (Zurich, Colecci\u00f3n privada<\/em>)<\/figcaption><\/figure>\n<\/div>\n\n<div class=\"wp-block-image\">\n<figure class=\"aligncenter\"><img loading=\"lazy\" decoding=\"async\" width=\"454\" height=\"410\" src=\"https:\/\/www.aparences.net\/wp-content\/uploads\/2018\/03\/bonnard-le-jardin-1936.jpg\" alt=\"El jard\u00edn, 1936, Pierre Bonnard\" class=\"wp-image-18128\" title=\"El jard\u00edn, 1936, Pierre Bonnard\" srcset=\"https:\/\/www.aparences.net\/wp-content\/uploads\/2018\/03\/bonnard-le-jardin-1936.jpg 454w, https:\/\/www.aparences.net\/wp-content\/uploads\/2018\/03\/bonnard-le-jardin-1936-300x271.jpg 300w\" sizes=\"auto, (max-width: 454px) 100vw, 454px\" \/><figcaption class=\"wp-element-caption\"><em><strong>El jard\u00edn<\/strong>, 1936, <strong>Pierre Bonnard<\/strong> (Par\u00eds, Museo Petit Palais)<\/em><\/figcaption><\/figure>\n<\/div>\n\n\n<p>\u00ab<strong>Thad\u00e9e Natanson<\/strong>, recuerda como <strong>Joseph Czapski <\/strong>hablaba de Bonnard con intensa emoci\u00f3n. Bendec\u00eda el \u00faltimo verano que pasaron juntos en el sur, a la orilla del mar, y la alegr\u00eda de aquellos d\u00edas en que, a la sombra de la terraza de un peque\u00f1o caf\u00e9, miraban juntos el mar y el cuerpo de los ba\u00f1istas iluminados por el sol.\u00bb<\/p>\n\n\n<div class=\"wp-block-image\">\n<figure class=\"aligncenter\"><img loading=\"lazy\" decoding=\"async\" width=\"550\" height=\"400\" src=\"https:\/\/www.aparences.net\/wp-content\/uploads\/2018\/03\/bonnard-baigneurs-a-la-fin-du-jour.jpg\" alt=\"Ba\u00f1istas al atardecer, 1945, Pierre Bonnard\" class=\"wp-image-18134\" title=\"Ba\u00f1istas al atardecer, 1945, Pierre Bonnard\" srcset=\"https:\/\/www.aparences.net\/wp-content\/uploads\/2018\/03\/bonnard-baigneurs-a-la-fin-du-jour.jpg 550w, https:\/\/www.aparences.net\/wp-content\/uploads\/2018\/03\/bonnard-baigneurs-a-la-fin-du-jour-300x218.jpg 300w\" sizes=\"auto, (max-width: 550px) 100vw, 550px\" \/><figcaption class=\"wp-element-caption\"><em><strong>Ba\u00f1istas al atardecer<\/strong>, 1945, <strong>Pierre Bonnard<\/strong> (Le Cannet, Museo Bonnard)<\/em><\/figcaption><\/figure>\n<\/div>\n\n\n<p><em>Se trata de uno de las \u00faltimas telas del artista, cuya composici\u00f3n est\u00e1 organizada en bandas horizontales. Las siluetas rechonchas de los ba\u00f1istas, personajes esenciales y al mismo tiempo de presencia sorprendente, sus cuerpos reflejan los tonos incandescentes de un atardecer mediterr\u00e1neo. Bonnard ha intentado encontrar el vigor de los cuerpos para fijarlo en el lienzo: \u00abimportancia de una impresi\u00f3n inesperada\u00bb. El mar de un \u00e1cido azul verdoso, contrasta con los tonos dorados, naranjas y rojos.<\/em><\/p>\n\n\n\n<!-- AdBoxLeft2023 --><ins class=\"adsbygoogle\" style=\"display:block\" data-ad-client=\"ca-pub-2468002815867636\" data-ad-slot=\"1318022963\" data-ad-format=\"auto\" data-full-width-responsive=\"true\"><\/ins><script> (adsbygoogle = window.adsbygoogle || []).push({});<\/script><h2 class=\"wp-block-heading\">Bonnard por s\u00ed mismo: el autorretrato<\/h2>\n\n\n\n<p>En la tradici\u00f3n de Rembrandt, <a href=\"https:\/\/www.aparences.net\/es\/periodos\/romanticismo\/es-eugene-delacroix\/\">Delacroix<\/a>, <a href=\"https:\/\/www.aparences.net\/es\/periodes\/post-impressionnisme\/vincent-van-gogh\/\">Van Gogh<\/a>, Bonnard hizo alrededor de quince autorretratos al \u00f3leo y muchos bocetos a l\u00e1piz o a tinta. Ante los autorretratos de Bonnard, a menudo nos encontramos en presencia de un hombre profundamente solo y triste. El aspecto salvaje, incluso inquietante de ciertos autorretratos, sorprende en la obra m\u00e1s bien pac\u00edfica y serena del artista. La mayor\u00eda de estos retratos son posteriores a la d\u00e9cada de 1920. Todos est\u00e1n pintados al \u00f3leo. Solo el <em><strong>Retrato del artista por s\u00ed mismo<\/strong><\/em> de 1930 fue realizado a l\u00e1piz y gouache; tambi\u00e9n es el \u00fanico que el pintor ha datado. Por su composici\u00f3n &#8211; el artista se muestra de busto girado en tres cuartos, a la izquierda -, por la t\u00e9cnica de l\u00e1piz y gouache sobre papel y la expresi\u00f3n de aguda atenci\u00f3n, esta obra evoca los retratos al pastel que <a href=\"https:\/\/www.aparences.net\/es\/periodes\/rococo\/jean-simeon-chardin\/\">Chardin<\/a> hizo de s\u00ed mismo. <strong>La comparaci\u00f3n de los autorretratos de Bonnard con los autorretratos de Chardin<\/strong> no es arbitraria; Bonnard en su agenda de 1929, para el jueves 17 de octubre, anot\u00f3: \u00abChardin\u00bb. Fue el d\u00eda en que visit\u00f3 la importante retrospectiva sobre el pintor, organizada en la Galer\u00eda del Teatro Pigalle en octubre de ese mismo a\u00f1o, donde se expon\u00eda el <em><strong>Autorretrato de Chardin en su caballete<\/strong><\/em>, hoy en el Louvre. De este modo, Bonnard, mientras compon\u00eda una de las im\u00e1genes m\u00e1s interiorizadas de s\u00ed mismo, rend\u00eda homenaje a un gran artista a quien admiraba entre todos.<\/p>\n\n\n<div class=\"wp-block-image\">\n<figure class=\"aligncenter\"><img loading=\"lazy\" decoding=\"async\" width=\"583\" height=\"371\" src=\"https:\/\/www.aparences.net\/wp-content\/uploads\/2018\/03\/chardin-au-chevalet-bonnard-par-lui-meme.jpg\" alt=\"Retrato de Chardin; Retrato del artista, 1930, Pierre Bonnard\" class=\"wp-image-18129\" title=\"Retrato de Chardin; Retrato del artista, 1930, Pierre Bonnard\" srcset=\"https:\/\/www.aparences.net\/wp-content\/uploads\/2018\/03\/chardin-au-chevalet-bonnard-par-lui-meme.jpg 583w, https:\/\/www.aparences.net\/wp-content\/uploads\/2018\/03\/chardin-au-chevalet-bonnard-par-lui-meme-300x191.jpg 300w\" sizes=\"auto, (max-width: 583px) 100vw, 583px\" \/><figcaption class=\"wp-element-caption\"><em><strong>Autorretrato de Chardin en su caballete<\/strong> (Museo del Louvre) <\/em><br><em><strong>Retrato del artista por s\u00ed mismo<\/strong>, 1930, <strong>Pierre Bonnard<\/strong> (Colecci\u00f3n privada)<\/em><\/figcaption><\/figure>\n<\/div>\n\n\n<p><em>A trav\u00e9s de los retratos y las naturalezas muertas de Chardin, Bonnard no solo se permite devolver al autorretrato, en pleno siglo XX, su papel de gran arte; se ofrece el lujo de meditar sobre su pintura, con perspicacia y toda la energ\u00eda de sus medios.<\/em><\/p>\n\n\n<div class=\"wp-block-image\">\n<figure class=\"aligncenter\"><img loading=\"lazy\" decoding=\"async\" width=\"583\" height=\"353\" src=\"https:\/\/www.aparences.net\/wp-content\/uploads\/2018\/03\/bonnard-autoportrait-a-la-barbe.jpg\" alt=\"Autorretrato con barba, c. 1920, Pierre Bonnard\" class=\"wp-image-18130\" title=\"Autorretrato con barba, c. 1920, Pierre Bonnard\" srcset=\"https:\/\/www.aparences.net\/wp-content\/uploads\/2018\/03\/bonnard-autoportrait-a-la-barbe.jpg 583w, https:\/\/www.aparences.net\/wp-content\/uploads\/2018\/03\/bonnard-autoportrait-a-la-barbe-300x182.jpg 300w\" sizes=\"auto, (max-width: 583px) 100vw, 583px\" \/><figcaption class=\"wp-element-caption\"><em><strong>Autorretrato con barba<\/strong>, c. 1920, <strong>Pierre Bonnard<\/strong> (Londres, colecci\u00f3n privada)<\/em><\/figcaption><\/figure>\n<\/div>\n\n\n<p><em>Sobre un fondo de m\u00faltiples y ca\u00f3ticas pinceladas, aparece una cara preocupada, angustiada e inquisitiva que evoca ciertos retratos de Van Gogh, quien escribi\u00f3: \u00abHay algo dentro de m\u00ed. Qu\u00e9 es?\u00bb<\/em><\/p>\n\n\n\n<p><strong>A diferencia de los artistas del<\/strong> <a href=\"https:\/\/www.aparences.net\/es\/periodos\/el-quattrocento\/\" data-type=\"link\" data-id=\"https:\/\/www.aparences.net\/es\/periodos\/el-quattrocento\/\">Renacimiento italiano<\/a> a quienes les gustaba retratarse en sus lienzos y frescos como figurantes de la escena, a menudo lujosamente vestidos o, como <a href=\"https:\/\/www.aparences.net\/es\/periodos\/pintura-barroca\/flandes-bajo-la-sombra-de-rubens\/\">Rubens<\/a>, entre su familia, Bonnard demuestra una gran humildad. De hecho, sus autorretratos no muestran ninguna impresi\u00f3n de complacencia: basta con mirar a <em>El boxeador<\/em>, con el torso desnudo delante de un espejo, con los pu\u00f1os cerrados y levantados, la cara inclinada y a contraluz. A pesar de esta aparente agresividad, es una tristeza profunda que el pintor ha querido traducir, como ocurre con los autorretratos de 1935 o 1945.<\/p>\n\n\n<div class=\"wp-block-image\">\n<figure class=\"aligncenter\"><img loading=\"lazy\" decoding=\"async\" width=\"538\" height=\"400\" src=\"https:\/\/www.aparences.net\/wp-content\/uploads\/2018\/03\/bonnard-le-boxeur-1931.jpg\" alt=\"El boxeador, 1931, Pierre Bonnard\" class=\"wp-image-18131\" title=\"El boxeador, 1931, Pierre Bonnard\" srcset=\"https:\/\/www.aparences.net\/wp-content\/uploads\/2018\/03\/bonnard-le-boxeur-1931.jpg 538w, https:\/\/www.aparences.net\/wp-content\/uploads\/2018\/03\/bonnard-le-boxeur-1931-300x223.jpg 300w\" sizes=\"auto, (max-width: 538px) 100vw, 538px\" \/><figcaption class=\"wp-element-caption\"><em><strong>El boxeador<\/strong>, 1931, <strong>Pierre Bonnard<\/strong> (Par\u00eds, Museo de Orsay)<\/em><\/figcaption><\/figure>\n<\/div>\n\n\n<p><em>Mientras que en sus paisajes y en sus escenas de interior, Bonnard refleja ambientes sosegados y armoniosos donde exalta la luz y el color, en sus autorretratos es duro consigo mismo. Este retrato nos presenta a un Bonnard agresivo, torso desnudo, con el pu\u00f1o cerrado y levantado, los m\u00fasculos tensos, la cara a contraluz, delante de un fondo claro y neutro.<\/em><\/p>\n\n\n<div class=\"wp-block-image\">\n<figure class=\"aligncenter\"><img loading=\"lazy\" decoding=\"async\" width=\"324\" height=\"460\" src=\"https:\/\/www.aparences.net\/wp-content\/uploads\/2018\/03\/bonnard-autoportrait-sur-la-glace-1945.jpg\" alt=\"Autorretrato en el espejo, 1945, Pierre Bonnard\" class=\"wp-image-18132\" title=\"Autorretrato en el espejo, 1945, Pierre Bonnard\" srcset=\"https:\/\/www.aparences.net\/wp-content\/uploads\/2018\/03\/bonnard-autoportrait-sur-la-glace-1945.jpg 324w, https:\/\/www.aparences.net\/wp-content\/uploads\/2018\/03\/bonnard-autoportrait-sur-la-glace-1945-211x300.jpg 211w\" sizes=\"auto, (max-width: 324px) 100vw, 324px\" \/><figcaption class=\"wp-element-caption\"><em><strong>Autorretrato en el espejo del cuarto de ba\u00f1o<\/strong>, 1945, <strong>Pierre Bonnard<\/strong> (Par\u00eds, Centro Pompidou)<\/em><\/figcaption><\/figure>\n<\/div>\n\n\n<p><em>En las \u00faltimas p\u00e1ginas de su agenda de 1932, Bonnard ya hab\u00eda esbozado un autorretrato delante del espejo de su cuarto de ba\u00f1o. Utilizar\u00e1 esta t\u00e9cnica \u00aba specchio\u00bb (conocida por los artistas italianos desde finales del siglo XIV) varias veces entre 1940 y 1945, a\u00f1os particularmente ricos en autorretratos.<\/em><\/p>\n\n\n\n<p>\u00abEs un hombre alto, delgado y flexible. Cabeza peque\u00f1a y fina, la cara afeitada, cabellos plateados y, bajo una frente alta cruzada de arrugas profundas, dos ojos tras unas gafas gruesas, que brillan y que nos miran de forma intensa y viva. Los ojos de Bonnard nos hablan claramente. Al principio, esta mirada y todo lo que uno nota vagamente, m\u00e1s all\u00e1 de la reflexi\u00f3n profunda, te impresiona, te incomoda, te confunde.\u00bb Se trata del retrato de 1939 descrito por Charles Terrasse, donde en una atm\u00f3sfera de pesado recogimiento y silencio, Bonnard aparece vestido con un albornoz, inm\u00f3vil, pareciendo abrumado por la tristeza. El artista viv\u00eda entonces retirado en su villa de Cannet, acompa\u00f1ado por su esposa y recibiendo escasas visitas. Sus habituales peque\u00f1as gafas redondas y su rostro ligeramente demacrado, acent\u00faan su parecido con las caras japonesas.<\/p>\n\n\n\n<hr class=\"wp-block-separator has-alpha-channel-opacity\"\/>\n\n\n\n<h6 class=\"wp-block-heading\">Bibliograf\u00eda<\/h6>\n\n\n\n<ul class=\"wp-block-list\">\n<li>Amoureux, Guy. <em>L&#8217;univers Bonnard<\/em>. Paris, 1985<\/li>\n\n\n\n<li>Arnault, Bernard. <em>Bonnard : L&#8217;\u0153uvre d&#8217;art, un arr\u00eat du temps<\/em>. Paris, 2006<\/li>\n\n\n\n<li>Bozo, Dominique. <em>Catalogue de l&#8217;exposition Bonnard<\/em>. Centre Pompidou, Paris 1984<\/li>\n\n\n\n<li>Cogeval, Guy. <em>Bonnard<\/em>. Paris, 2015<\/li>\n\n\n\n<li>Watkins, Nicholas. <em>Bonnard<\/em>. Paris, 2003<\/li>\n<\/ul>\n","protected":false},"excerpt":{"rendered":"<p>Bonnard intent\u00f3 conjugar dos preguntas cruciales: \u00ab\u00bfQu\u00e9 es la naturaleza? y \u00bfQu\u00e9 es la pintura?\u00bb.<\/p>\n","protected":false},"author":2,"featured_media":26492,"comment_status":"closed","ping_status":"closed","sticky":false,"template":"","format":"standard","meta":{"footnotes":""},"categories":[3005],"tags":[4101,4102,5711,1633,3124],"class_list":["post-13773","post","type-post","status-publish","format-standard","has-post-thumbnail","hentry","category-postimpresionismo","tag-bonnard-autorretratos","tag-bonnard-periodo-nabi","tag-japonismo","tag-pierre-bonnard","tag-postimpresionismo"],"yoast_head":"<!-- This site is optimized with the Yoast SEO plugin v27.2 - https:\/\/yoast.com\/product\/yoast-seo-wordpress\/ -->\n<title>Pierre Bonnard, biograf\u00eda y obras<\/title>\n<meta name=\"description\" content=\"Bonnard intent\u00f3 conjugar dos preguntas cruciales: &quot;\u00bfQu\u00e9 es la naturaleza? y \u00bfQu\u00e9 es la pintura?&quot;.\" \/>\n<meta name=\"robots\" content=\"index, follow, max-snippet:-1, max-image-preview:large, max-video-preview:-1\" \/>\n<link rel=\"canonical\" href=\"https:\/\/www.aparences.net\/es\/periodos\/postimpresionismo\/pierre-bonnard-biografia-y-obras\/\" \/>\n<meta property=\"og:locale\" content=\"es_ES\" \/>\n<meta property=\"og:type\" content=\"article\" \/>\n<meta property=\"og:title\" content=\"Pierre Bonnard, biograf\u00eda y obras\" \/>\n<meta property=\"og:description\" content=\"Bonnard intent\u00f3 conjugar dos preguntas cruciales: &quot;\u00bfQu\u00e9 es la naturaleza? y \u00bfQu\u00e9 es la pintura?&quot;.\" \/>\n<meta property=\"og:url\" content=\"https:\/\/www.aparences.net\/es\/periodos\/postimpresionismo\/pierre-bonnard-biografia-y-obras\/\" \/>\n<meta property=\"og:site_name\" content=\"Aparences\" \/>\n<meta property=\"article:published_time\" content=\"2018-03-19T10:20:36+00:00\" \/>\n<meta property=\"article:modified_time\" content=\"2025-12-11T18:40:56+00:00\" \/>\n<meta property=\"og:image\" content=\"https:\/\/www.aparences.net\/wp-content\/uploads\/2018\/03\/pierre-bonnard-1.jpg\" \/>\n\t<meta property=\"og:image:width\" content=\"1080\" \/>\n\t<meta property=\"og:image:height\" content=\"540\" \/>\n\t<meta property=\"og:image:type\" content=\"image\/jpeg\" \/>\n<meta name=\"author\" content=\"admin\" \/>\n<meta name=\"twitter:card\" content=\"summary_large_image\" \/>\n<meta name=\"twitter:label1\" content=\"Escrito por\" \/>\n\t<meta name=\"twitter:data1\" content=\"admin\" \/>\n\t<meta name=\"twitter:label2\" content=\"Tiempo de lectura\" \/>\n\t<meta name=\"twitter:data2\" content=\"21 minutos\" \/>\n<script type=\"application\/ld+json\" class=\"yoast-schema-graph\">{\"@context\":\"https:\/\/schema.org\",\"@graph\":[{\"@type\":\"Article\",\"@id\":\"https:\/\/www.aparences.net\/es\/periodos\/postimpresionismo\/pierre-bonnard-biografia-y-obras\/#article\",\"isPartOf\":{\"@id\":\"https:\/\/www.aparences.net\/es\/periodos\/postimpresionismo\/pierre-bonnard-biografia-y-obras\/\"},\"author\":{\"name\":\"admin\",\"@id\":\"https:\/\/www.aparences.net\/es\/#\/schema\/person\/af349f6ffc31b16c68963e61268afca5\"},\"headline\":\"Pierre Bonnard, biograf\u00eda y obras\",\"datePublished\":\"2018-03-19T10:20:36+00:00\",\"dateModified\":\"2025-12-11T18:40:56+00:00\",\"mainEntityOfPage\":{\"@id\":\"https:\/\/www.aparences.net\/es\/periodos\/postimpresionismo\/pierre-bonnard-biografia-y-obras\/\"},\"wordCount\":3632,\"publisher\":{\"@id\":\"https:\/\/www.aparences.net\/es\/#organization\"},\"image\":{\"@id\":\"https:\/\/www.aparences.net\/es\/periodos\/postimpresionismo\/pierre-bonnard-biografia-y-obras\/#primaryimage\"},\"thumbnailUrl\":\"https:\/\/www.aparences.net\/wp-content\/uploads\/2018\/03\/pierre-bonnard-1.jpg\",\"keywords\":[\"Bonnard autorretratos\",\"Bonnard per\u00edodo nabi\",\"japonismo\",\"Pierre Bonnard\",\"postimpresionismo\"],\"articleSection\":[\"Postimpresionismo\"],\"inLanguage\":\"es\"},{\"@type\":[\"WebPage\",\"ItemPage\"],\"@id\":\"https:\/\/www.aparences.net\/es\/periodos\/postimpresionismo\/pierre-bonnard-biografia-y-obras\/\",\"url\":\"https:\/\/www.aparences.net\/es\/periodos\/postimpresionismo\/pierre-bonnard-biografia-y-obras\/\",\"name\":\"Pierre Bonnard, biograf\u00eda y obras\",\"isPartOf\":{\"@id\":\"https:\/\/www.aparences.net\/es\/#website\"},\"primaryImageOfPage\":{\"@id\":\"https:\/\/www.aparences.net\/es\/periodos\/postimpresionismo\/pierre-bonnard-biografia-y-obras\/#primaryimage\"},\"image\":{\"@id\":\"https:\/\/www.aparences.net\/es\/periodos\/postimpresionismo\/pierre-bonnard-biografia-y-obras\/#primaryimage\"},\"thumbnailUrl\":\"https:\/\/www.aparences.net\/wp-content\/uploads\/2018\/03\/pierre-bonnard-1.jpg\",\"datePublished\":\"2018-03-19T10:20:36+00:00\",\"dateModified\":\"2025-12-11T18:40:56+00:00\",\"description\":\"Bonnard intent\u00f3 conjugar dos preguntas cruciales: \\\"\u00bfQu\u00e9 es la naturaleza? y \u00bfQu\u00e9 es la pintura?\\\".\",\"breadcrumb\":{\"@id\":\"https:\/\/www.aparences.net\/es\/periodos\/postimpresionismo\/pierre-bonnard-biografia-y-obras\/#breadcrumb\"},\"inLanguage\":\"es\",\"potentialAction\":[{\"@type\":\"ReadAction\",\"target\":[\"https:\/\/www.aparences.net\/es\/periodos\/postimpresionismo\/pierre-bonnard-biografia-y-obras\/\"]}]},{\"@type\":\"ImageObject\",\"inLanguage\":\"es\",\"@id\":\"https:\/\/www.aparences.net\/es\/periodos\/postimpresionismo\/pierre-bonnard-biografia-y-obras\/#primaryimage\",\"url\":\"https:\/\/www.aparences.net\/wp-content\/uploads\/2018\/03\/pierre-bonnard-1.jpg\",\"contentUrl\":\"https:\/\/www.aparences.net\/wp-content\/uploads\/2018\/03\/pierre-bonnard-1.jpg\",\"width\":1080,\"height\":540,\"caption\":\"MNS487878 Dining Room in the Country, 1913 (oil on canvas) by Bonnard, Pierre (1867-1947); 164.4x205.7 cm; Minneapolis Institute of Arts, MN, USA; (add.info.: In 1912, Pierre Bonnard bought a country house called \\\"My Caravan\\\" (Ma Roulotte) at Vernonnet, a small town on the Seine. This painting shows the dining room there, with cats perching on the chairs and Marthe de M\u221a\u00a9ligny, the artist's wife, leaning on the windowsill.); The John R. Van Derlip Fund; PERMISSION REQUIRED FOR NON EDITORIAL USAGE; French, in copyright PLEASE NOTE: This image is protected by artist's copyright which needs to be cleared by you. If you require assistance in clearing permission we will be pleased to help you. In addition, we work with the owner of the image to clear permission. If you wish to reproduce this image, please inform us so we can clear permission for you.\"},{\"@type\":\"BreadcrumbList\",\"@id\":\"https:\/\/www.aparences.net\/es\/periodos\/postimpresionismo\/pierre-bonnard-biografia-y-obras\/#breadcrumb\",\"itemListElement\":[{\"@type\":\"ListItem\",\"position\":1,\"name\":\"Portada\",\"item\":\"https:\/\/www.aparences.net\/es\/\"},{\"@type\":\"ListItem\",\"position\":2,\"name\":\"Pierre Bonnard, biograf\u00eda y obras\"}]},{\"@type\":\"WebSite\",\"@id\":\"https:\/\/www.aparences.net\/es\/#website\",\"url\":\"https:\/\/www.aparences.net\/es\/\",\"name\":\"Aparences: Historia del Arte y Actualidad Cultural\",\"description\":\"\",\"publisher\":{\"@id\":\"https:\/\/www.aparences.net\/es\/#organization\"},\"potentialAction\":[{\"@type\":\"SearchAction\",\"target\":{\"@type\":\"EntryPoint\",\"urlTemplate\":\"https:\/\/www.aparences.net\/es\/?s={search_term_string}\"},\"query-input\":{\"@type\":\"PropertyValueSpecification\",\"valueRequired\":true,\"valueName\":\"search_term_string\"}}],\"inLanguage\":\"es\"},{\"@type\":\"Organization\",\"@id\":\"https:\/\/www.aparences.net\/es\/#organization\",\"name\":\"Aparences: Historia del Arte y Actualidad Cultural\",\"url\":\"https:\/\/www.aparences.net\/es\/\",\"logo\":{\"@type\":\"ImageObject\",\"inLanguage\":\"es\",\"@id\":\"https:\/\/www.aparences.net\/es\/#\/schema\/logo\/image\/\",\"url\":\"https:\/\/www.aparences.net\/wp-content\/uploads\/2023\/09\/logo-quadrat-color-e1695915315229.png\",\"contentUrl\":\"https:\/\/www.aparences.net\/wp-content\/uploads\/2023\/09\/logo-quadrat-color-e1695915315229.png\",\"width\":120,\"height\":120,\"caption\":\"Aparences: Historia del Arte y Actualidad Cultural\"},\"image\":{\"@id\":\"https:\/\/www.aparences.net\/es\/#\/schema\/logo\/image\/\"}},{\"@type\":\"Person\",\"@id\":\"https:\/\/www.aparences.net\/es\/#\/schema\/person\/af349f6ffc31b16c68963e61268afca5\",\"name\":\"admin\",\"url\":\"https:\/\/www.aparences.net\/es\/author\/admin\/\"}]}<\/script>\n<!-- \/ Yoast SEO plugin. -->","yoast_head_json":{"title":"Pierre Bonnard, biograf\u00eda y obras","description":"Bonnard intent\u00f3 conjugar dos preguntas cruciales: \"\u00bfQu\u00e9 es la naturaleza? y \u00bfQu\u00e9 es la pintura?\".","robots":{"index":"index","follow":"follow","max-snippet":"max-snippet:-1","max-image-preview":"max-image-preview:large","max-video-preview":"max-video-preview:-1"},"canonical":"https:\/\/www.aparences.net\/es\/periodos\/postimpresionismo\/pierre-bonnard-biografia-y-obras\/","og_locale":"es_ES","og_type":"article","og_title":"Pierre Bonnard, biograf\u00eda y obras","og_description":"Bonnard intent\u00f3 conjugar dos preguntas cruciales: \"\u00bfQu\u00e9 es la naturaleza? y \u00bfQu\u00e9 es la pintura?\".","og_url":"https:\/\/www.aparences.net\/es\/periodos\/postimpresionismo\/pierre-bonnard-biografia-y-obras\/","og_site_name":"Aparences","article_published_time":"2018-03-19T10:20:36+00:00","article_modified_time":"2025-12-11T18:40:56+00:00","og_image":[{"width":1080,"height":540,"url":"https:\/\/www.aparences.net\/wp-content\/uploads\/2018\/03\/pierre-bonnard-1.jpg","type":"image\/jpeg"}],"author":"admin","twitter_card":"summary_large_image","twitter_misc":{"Escrito por":"admin","Tiempo de lectura":"21 minutos"},"schema":{"@context":"https:\/\/schema.org","@graph":[{"@type":"Article","@id":"https:\/\/www.aparences.net\/es\/periodos\/postimpresionismo\/pierre-bonnard-biografia-y-obras\/#article","isPartOf":{"@id":"https:\/\/www.aparences.net\/es\/periodos\/postimpresionismo\/pierre-bonnard-biografia-y-obras\/"},"author":{"name":"admin","@id":"https:\/\/www.aparences.net\/es\/#\/schema\/person\/af349f6ffc31b16c68963e61268afca5"},"headline":"Pierre Bonnard, biograf\u00eda y obras","datePublished":"2018-03-19T10:20:36+00:00","dateModified":"2025-12-11T18:40:56+00:00","mainEntityOfPage":{"@id":"https:\/\/www.aparences.net\/es\/periodos\/postimpresionismo\/pierre-bonnard-biografia-y-obras\/"},"wordCount":3632,"publisher":{"@id":"https:\/\/www.aparences.net\/es\/#organization"},"image":{"@id":"https:\/\/www.aparences.net\/es\/periodos\/postimpresionismo\/pierre-bonnard-biografia-y-obras\/#primaryimage"},"thumbnailUrl":"https:\/\/www.aparences.net\/wp-content\/uploads\/2018\/03\/pierre-bonnard-1.jpg","keywords":["Bonnard autorretratos","Bonnard per\u00edodo nabi","japonismo","Pierre Bonnard","postimpresionismo"],"articleSection":["Postimpresionismo"],"inLanguage":"es"},{"@type":["WebPage","ItemPage"],"@id":"https:\/\/www.aparences.net\/es\/periodos\/postimpresionismo\/pierre-bonnard-biografia-y-obras\/","url":"https:\/\/www.aparences.net\/es\/periodos\/postimpresionismo\/pierre-bonnard-biografia-y-obras\/","name":"Pierre Bonnard, biograf\u00eda y obras","isPartOf":{"@id":"https:\/\/www.aparences.net\/es\/#website"},"primaryImageOfPage":{"@id":"https:\/\/www.aparences.net\/es\/periodos\/postimpresionismo\/pierre-bonnard-biografia-y-obras\/#primaryimage"},"image":{"@id":"https:\/\/www.aparences.net\/es\/periodos\/postimpresionismo\/pierre-bonnard-biografia-y-obras\/#primaryimage"},"thumbnailUrl":"https:\/\/www.aparences.net\/wp-content\/uploads\/2018\/03\/pierre-bonnard-1.jpg","datePublished":"2018-03-19T10:20:36+00:00","dateModified":"2025-12-11T18:40:56+00:00","description":"Bonnard intent\u00f3 conjugar dos preguntas cruciales: \"\u00bfQu\u00e9 es la naturaleza? y \u00bfQu\u00e9 es la pintura?\".","breadcrumb":{"@id":"https:\/\/www.aparences.net\/es\/periodos\/postimpresionismo\/pierre-bonnard-biografia-y-obras\/#breadcrumb"},"inLanguage":"es","potentialAction":[{"@type":"ReadAction","target":["https:\/\/www.aparences.net\/es\/periodos\/postimpresionismo\/pierre-bonnard-biografia-y-obras\/"]}]},{"@type":"ImageObject","inLanguage":"es","@id":"https:\/\/www.aparences.net\/es\/periodos\/postimpresionismo\/pierre-bonnard-biografia-y-obras\/#primaryimage","url":"https:\/\/www.aparences.net\/wp-content\/uploads\/2018\/03\/pierre-bonnard-1.jpg","contentUrl":"https:\/\/www.aparences.net\/wp-content\/uploads\/2018\/03\/pierre-bonnard-1.jpg","width":1080,"height":540,"caption":"MNS487878 Dining Room in the Country, 1913 (oil on canvas) by Bonnard, Pierre (1867-1947); 164.4x205.7 cm; Minneapolis Institute of Arts, MN, USA; (add.info.: In 1912, Pierre Bonnard bought a country house called \"My Caravan\" (Ma Roulotte) at Vernonnet, a small town on the Seine. This painting shows the dining room there, with cats perching on the chairs and Marthe de M\u221a\u00a9ligny, the artist's wife, leaning on the windowsill.); The John R. Van Derlip Fund; PERMISSION REQUIRED FOR NON EDITORIAL USAGE; French, in copyright PLEASE NOTE: This image is protected by artist's copyright which needs to be cleared by you. If you require assistance in clearing permission we will be pleased to help you. In addition, we work with the owner of the image to clear permission. If you wish to reproduce this image, please inform us so we can clear permission for you."},{"@type":"BreadcrumbList","@id":"https:\/\/www.aparences.net\/es\/periodos\/postimpresionismo\/pierre-bonnard-biografia-y-obras\/#breadcrumb","itemListElement":[{"@type":"ListItem","position":1,"name":"Portada","item":"https:\/\/www.aparences.net\/es\/"},{"@type":"ListItem","position":2,"name":"Pierre Bonnard, biograf\u00eda y obras"}]},{"@type":"WebSite","@id":"https:\/\/www.aparences.net\/es\/#website","url":"https:\/\/www.aparences.net\/es\/","name":"Aparences: Historia del Arte y Actualidad Cultural","description":"","publisher":{"@id":"https:\/\/www.aparences.net\/es\/#organization"},"potentialAction":[{"@type":"SearchAction","target":{"@type":"EntryPoint","urlTemplate":"https:\/\/www.aparences.net\/es\/?s={search_term_string}"},"query-input":{"@type":"PropertyValueSpecification","valueRequired":true,"valueName":"search_term_string"}}],"inLanguage":"es"},{"@type":"Organization","@id":"https:\/\/www.aparences.net\/es\/#organization","name":"Aparences: Historia del Arte y Actualidad Cultural","url":"https:\/\/www.aparences.net\/es\/","logo":{"@type":"ImageObject","inLanguage":"es","@id":"https:\/\/www.aparences.net\/es\/#\/schema\/logo\/image\/","url":"https:\/\/www.aparences.net\/wp-content\/uploads\/2023\/09\/logo-quadrat-color-e1695915315229.png","contentUrl":"https:\/\/www.aparences.net\/wp-content\/uploads\/2023\/09\/logo-quadrat-color-e1695915315229.png","width":120,"height":120,"caption":"Aparences: Historia del Arte y Actualidad Cultural"},"image":{"@id":"https:\/\/www.aparences.net\/es\/#\/schema\/logo\/image\/"}},{"@type":"Person","@id":"https:\/\/www.aparences.net\/es\/#\/schema\/person\/af349f6ffc31b16c68963e61268afca5","name":"admin","url":"https:\/\/www.aparences.net\/es\/author\/admin\/"}]}},"_links":{"self":[{"href":"https:\/\/www.aparences.net\/es\/wp-json\/wp\/v2\/posts\/13773","targetHints":{"allow":["GET"]}}],"collection":[{"href":"https:\/\/www.aparences.net\/es\/wp-json\/wp\/v2\/posts"}],"about":[{"href":"https:\/\/www.aparences.net\/es\/wp-json\/wp\/v2\/types\/post"}],"author":[{"embeddable":true,"href":"https:\/\/www.aparences.net\/es\/wp-json\/wp\/v2\/users\/2"}],"replies":[{"embeddable":true,"href":"https:\/\/www.aparences.net\/es\/wp-json\/wp\/v2\/comments?post=13773"}],"version-history":[{"count":0,"href":"https:\/\/www.aparences.net\/es\/wp-json\/wp\/v2\/posts\/13773\/revisions"}],"wp:featuredmedia":[{"embeddable":true,"href":"https:\/\/www.aparences.net\/es\/wp-json\/wp\/v2\/media\/26492"}],"wp:attachment":[{"href":"https:\/\/www.aparences.net\/es\/wp-json\/wp\/v2\/media?parent=13773"}],"wp:term":[{"taxonomy":"category","embeddable":true,"href":"https:\/\/www.aparences.net\/es\/wp-json\/wp\/v2\/categories?post=13773"},{"taxonomy":"post_tag","embeddable":true,"href":"https:\/\/www.aparences.net\/es\/wp-json\/wp\/v2\/tags?post=13773"}],"curies":[{"name":"wp","href":"https:\/\/api.w.org\/{rel}","templated":true}]}}