{"id":13775,"date":"2018-03-19T11:23:57","date_gmt":"2018-03-19T10:23:57","guid":{"rendered":"https:\/\/www.aparences.net\/periodes\/post-impressionnisme\/vuillard-y-la-mirada-intimista\/"},"modified":"2025-12-11T19:40:56","modified_gmt":"2025-12-11T18:40:56","slug":"vuillard-y-la-mirada-intimista","status":"publish","type":"post","link":"https:\/\/www.aparences.net\/es\/periodos\/postimpresionismo\/vuillard-y-la-mirada-intimista\/","title":{"rendered":"Vuillard y la mirada intimista"},"content":{"rendered":"<p><!--contents--><\/p>\n\n\n<h2 class=\"wp-block-heading\">Vuillard y el per\u00edodo nabi<\/h2>\n\n\n\n<p>\u00c9douard Vuillard (Cuiseaux 1868 &#8211; La Baule 1940) se form\u00f3 en la Escuela de Bellas Artes (1886-1888) y en la Acad\u00e9mie Julien de Par\u00eds donde, alrededor de <a href=\"https:\/\/www.aparences.net\/es\/escuelas\/escuela-de-pont-aven\/paul-serusier-en-bretana\/\">Paul S\u00e9rusier<\/a>, se form\u00f3 el grupo de <a href=\"https:\/\/www.aparences.net\/es\/periodos\/postimpresionismo\/el-postimpresionismo\/#los-nabis\">los Nabis<\/a>, en el cual Vuillard se mostr\u00f3 particularmente cercano a <a href=\"https:\/\/www.aparences.net\/es\/periodos\/postimpresionismo\/pierre-bonnard-biografia-y-obras\/\">Pierre Bonnard<\/a>. Habitual de este ejercicio de introspecci\u00f3n y altamente referenciado, que privilegiaba la generaci\u00f3n <a href=\"https:\/\/www.aparences.net\/es\/periodos\/el-simbolismo\/\">simbolista<\/a> m\u00e1s que la vieja generaci\u00f3n impresionista, el joven se declar\u00f3 a s\u00ed mismo un artista moderno,<\/p>\n\n\n\n<!--more-->\n\n\n\n<p> dando forma a un sue\u00f1o que anot\u00f3 en su diario el 31 de agosto de 1890: \u00abhe so\u00f1ado con una galer\u00eda de pinturas italianas en cloisonn\u00e9. M\u00e1s claro con manchas rojas, hermosas formas\u00bb. En el <em><strong>Autorretrato octogonal<\/strong><\/em>, el esquematismo de la composici\u00f3n y la yuxtaposici\u00f3n de colores puros adquiri\u00f3 la apariencia de un desaf\u00edo personal. La provocativa transposici\u00f3n de los modelos renacentistas, <a href=\"https:\/\/www.aparences.net\/es\/escuelas\/los-primitivos-flamencos\/\">flamencos<\/a> e <a href=\"https:\/\/www.aparences.net\/es\/periodos\/el-quattrocento\/\">italianos<\/a> iba cargado de un simbolismo sagrado, obtenido en un oct\u00f3gono. El pelo rubio, la barba naranja y el rosa de la cara rodeados de manchas rojas, es una alusi\u00f3n puramente estil\u00edstica al sistema de Seurat, que Vuillard retoma de esta forma tan poco ortodoxa en el cuadro <em><strong>Les d\u00e9bardeurs<\/strong><\/em> y evidencia la importancia que tuvo para los j\u00f3venes pintores la interpretaci\u00f3n de <a href=\"https:\/\/es.wikipedia.org\/wiki\/Ley_del_contraste_simult%C3%A1neo_de_los_colores\">las teor\u00edas de Chevreul<\/a> sobre la luz.<\/p>\n\n\n<div class=\"wp-block-image\">\n<figure class=\"aligncenter\"><img loading=\"lazy\" decoding=\"async\" width=\"339\" height=\"430\" src=\"https:\/\/www.aparences.net\/wp-content\/uploads\/2018\/03\/vuillard-autoportrait-octogonal.png\" alt=\"Autorretrato octagonal, c. 1890, Edouard Vuillard\" class=\"wp-image-18135\" title=\"Autorretrato octagonal, c. 1890, Edouard Vuillard\" srcset=\"https:\/\/www.aparences.net\/wp-content\/uploads\/2018\/03\/vuillard-autoportrait-octogonal.png 339w, https:\/\/www.aparences.net\/wp-content\/uploads\/2018\/03\/vuillard-autoportrait-octogonal-237x300.png 237w\" sizes=\"auto, (max-width: 339px) 100vw, 339px\" \/><figcaption class=\"wp-element-caption\"><em><strong>Autorretrato octagonal<\/strong>, c. 1890, <strong>Edouard Vuillard<\/strong> (Colecci\u00f3n privada)<\/em><\/figcaption><\/figure>\n<\/div>\n\n<div class=\"wp-block-image\">\n<figure class=\"aligncenter\"><img loading=\"lazy\" decoding=\"async\" width=\"523\" height=\"378\" src=\"https:\/\/www.aparences.net\/wp-content\/uploads\/2018\/03\/vuillard-les-debardeurs.jpg\" alt=\"Les D\u00e9bardeurs, c. 1890, Edouard Vuillard\" class=\"wp-image-18136\" title=\"Les D\u00e9bardeurs, c. 1890, Edouard Vuillard\" srcset=\"https:\/\/www.aparences.net\/wp-content\/uploads\/2018\/03\/vuillard-les-debardeurs.jpg 523w, https:\/\/www.aparences.net\/wp-content\/uploads\/2018\/03\/vuillard-les-debardeurs-300x217.jpg 300w\" sizes=\"auto, (max-width: 523px) 100vw, 523px\" \/><figcaption class=\"wp-element-caption\"><em><strong>Les D\u00e9bardeurs<\/strong>, c. 1890, <strong>Edouard Vuillard<\/strong> (Colecci\u00f3n privada)<\/em><\/figcaption><\/figure>\n<\/div>\n\n\n<p>Las obras de la d\u00e9cada de 1890 se construyen con colores claros y vivos, extendidos sobre grandes \u00e1reas, pero progresivamente, su investigaci\u00f3n crom\u00e1tica se afina, en el marco de una composici\u00f3n que a\u00fan conserva un car\u00e1cter sint\u00e9tico. Despu\u00e9s de 1900, regresa a una concepci\u00f3n naturalista de la forma y la perspectiva. Ya en su periodo nabi, Vuillard mostr\u00f3 su inclinaci\u00f3n intimista, pintando, en su mayor\u00eda, escenas de la vida dom\u00e9stica, o espacios interiores d\u00e9bilmente iluminados por una l\u00e1mpara (<em>La Ch\u00e9min\u00e9e<\/em>, 1905, Londres, National Gallery).<\/p>\n\n\n<div class=\"wp-block-image\">\n<figure class=\"aligncenter\"><img loading=\"lazy\" decoding=\"async\" width=\"372\" height=\"460\" src=\"https:\/\/www.aparences.net\/wp-content\/uploads\/2018\/03\/edouard-vuillard-fillettes-se-promenant.jpg\" alt=\"J\u00f3venes paseando, 1891, Edouard Vuillard\" class=\"wp-image-18137\" title=\"J\u00f3venes paseando, 1891, Edouard Vuillard\" srcset=\"https:\/\/www.aparences.net\/wp-content\/uploads\/2018\/03\/edouard-vuillard-fillettes-se-promenant.jpg 372w, https:\/\/www.aparences.net\/wp-content\/uploads\/2018\/03\/edouard-vuillard-fillettes-se-promenant-243x300.jpg 243w\" sizes=\"auto, (max-width: 372px) 100vw, 372px\" \/><figcaption class=\"wp-element-caption\"><em><strong>J\u00f3venes paseando<\/strong>, 1891, <strong>Edouard Vuillard<\/strong> <\/em><br><em>(Colecci\u00f3n privada)<\/em><\/figcaption><\/figure>\n<\/div>\n\n<div class=\"wp-block-image\">\n<figure class=\"aligncenter\"><img loading=\"lazy\" decoding=\"async\" width=\"526\" height=\"407\" src=\"https:\/\/www.aparences.net\/wp-content\/uploads\/2018\/03\/vuillard-au-lit.jpg\" alt=\"En la cama, 1891, Edouard Vuillard\" class=\"wp-image-18138\" title=\"En la cama, 1891, Edouard Vuillard\" srcset=\"https:\/\/www.aparences.net\/wp-content\/uploads\/2018\/03\/vuillard-au-lit.jpg 526w, https:\/\/www.aparences.net\/wp-content\/uploads\/2018\/03\/vuillard-au-lit-300x232.jpg 300w\" sizes=\"auto, (max-width: 526px) 100vw, 526px\" \/><figcaption class=\"wp-element-caption\"><em><strong>En la cama<\/strong>, 1891, <strong>Edouard Vuillard<\/strong> (Par\u00eds, Mus\u00e9e d&#8217;Orsay)<\/em><\/figcaption><\/figure>\n<\/div>\n\n<div class=\"wp-block-image\">\n<figure class=\"aligncenter\"><img loading=\"lazy\" decoding=\"async\" width=\"526\" height=\"430\" src=\"https:\/\/www.aparences.net\/wp-content\/uploads\/2018\/03\/vuillard-la-robe-a-ramages.jpg\" alt=\"El vestido de flores, 1891, Edouard Vuillard\" class=\"wp-image-18139\" title=\"El vestido de flores, 1891, Edouard Vuillard\" srcset=\"https:\/\/www.aparences.net\/wp-content\/uploads\/2018\/03\/vuillard-la-robe-a-ramages.jpg 526w, https:\/\/www.aparences.net\/wp-content\/uploads\/2018\/03\/vuillard-la-robe-a-ramages-300x245.jpg 300w\" sizes=\"auto, (max-width: 526px) 100vw, 526px\" \/><figcaption class=\"wp-element-caption\"><em><strong>El vestido de flores<\/strong>, 1891, <strong>Edouard Vuillard<\/strong> (Sao Paulo, Museo de Arte)<\/em><\/figcaption><\/figure>\n<\/div>\n\n\n<p>En muchas obras del per\u00edodo nabi el acto de pintar se identifica casi inmediatamente con el de coser o cortar la tela. Vuillard conoc\u00eda mejor que nadie la imagen de las cadencias \u00edntimas del taller de costura, dado que desde su infancia, en el taller de su madre, escrutaba los secretos del cosido de los tejidos. En <em><strong>La hebra<\/strong><\/em>, <strong>el delicado gesto de la costurera tirando del hilo<\/strong>, toma una dimensi\u00f3n intemporal, probablemente debido al contraluz donde el pintor ha situado a la joven. Un retrato masculino parece a punto de caerse encima del desorden de las telas.<\/p>\n\n\n<div class=\"wp-block-image\">\n<figure class=\"aligncenter\"><img loading=\"lazy\" decoding=\"async\" width=\"372\" height=\"460\" src=\"https:\/\/www.aparences.net\/wp-content\/uploads\/2018\/03\/edouard-vuillard-l-aiguillee-1893.jpg\" alt=\"La hebra, 1893, Edouard Vuillard\" class=\"wp-image-18140\" title=\"La hebra, 1893, Edouard Vuillard\" srcset=\"https:\/\/www.aparences.net\/wp-content\/uploads\/2018\/03\/edouard-vuillard-l-aiguillee-1893.jpg 372w, https:\/\/www.aparences.net\/wp-content\/uploads\/2018\/03\/edouard-vuillard-l-aiguillee-1893-243x300.jpg 243w\" sizes=\"auto, (max-width: 372px) 100vw, 372px\" \/><figcaption class=\"wp-element-caption\"><em><strong>La hebra<\/strong>, 1893, <strong>Edouard Vuillard<\/strong><\/em><br><em> (New Haven, Yale University Gallery)<\/em><\/figcaption><\/figure>\n<\/div>\n\n<div class=\"wp-block-image\">\n<figure class=\"aligncenter\"><img loading=\"lazy\" decoding=\"async\" width=\"436\" height=\"379\" src=\"https:\/\/www.aparences.net\/wp-content\/uploads\/2018\/03\/vuillard-les-couturieres.jpg\" alt=\"Las costureras, 1892, Edouard Vuillard\" class=\"wp-image-18141\" title=\"Las costureras, 1892, Edouard Vuillard\" srcset=\"https:\/\/www.aparences.net\/wp-content\/uploads\/2018\/03\/vuillard-les-couturieres.jpg 436w, https:\/\/www.aparences.net\/wp-content\/uploads\/2018\/03\/vuillard-les-couturieres-300x261.jpg 300w\" sizes=\"auto, (max-width: 436px) 100vw, 436px\" \/><figcaption class=\"wp-element-caption\"><em><strong>Las costureras<\/strong>, 1892, <strong>Edouard Vuillard<\/strong> (Colecci\u00f3n privada)<\/em><\/figcaption><\/figure>\n<\/div>\n\n\n<!-- AdBoxRight2020 --><ins class=\"adsbygoogle\"     style=\"display:block; margin-top:30px;\"     data-ad-client=\"ca-pub-2468002815867636\"     data-ad-slot=\"3496014735\"     data-ad-format=\"auto\"     data-full-width-responsive=\"false\"><\/ins><script> (adsbygoogle = window.adsbygoogle || []).push({});<\/script><h2 class=\"wp-block-heading\">Vuillard, japonismo y pintura decorativa<\/h2>\n\n\n\n<p>En los a\u00f1os 1890-1892, <strong>Vuillard asimila y adopta los modelos del japonismo<\/strong>. Como Maurice Denis y Bonnard, colecciona los grabados japoneses, sobre todo, despu\u00e9s de la exposici\u00f3n sobre las artes de Jap\u00f3n que tuvo lugar en 1890 en la Escuela de Bellas Artes de Par\u00eds. Posee, entre otros, el <em>Manga<\/em> de Hokusai. Para \u00e9l, <a href=\"https:\/\/es.wikipedia.org\/wiki\/Japonismo\">el japonismo<\/a> equivale a una sobredeterminaci\u00f3n de la forma, lo que aumenta la expresividad de los medios pl\u00e1sticos. Su b\u00fasqueda de un arte depurado, lineal, que rechaza los efectos de la profundidad y los objetos que \u00abgiran\u00bb, solo puede ser confirmado por las sugerencias del arte del Lejano Oriente. La pintura nabi habr\u00e1 sido la fase final de la asimilaci\u00f3n del arte japon\u00e9s, despu\u00e9s de la generaci\u00f3n de <a href=\"https:\/\/www.aparences.net\/es\/periodos\/impresionismo-3\/edouard-manet\/\">Manet<\/a>, <a href=\"https:\/\/www.aparences.net\/es\/tematicos\/impresionistas-paisajistas\/claude-monet-pintar-al-aire-libre\/\" data-type=\"link\" data-id=\"https:\/\/www.aparences.net\/es\/tematicos\/impresionistas-paisajistas\/claude-monet-pintar-al-aire-libre\/\">Monet<\/a>, y sobre todo <a href=\"https:\/\/www.aparences.net\/es\/tematicos\/impresionismo-americano\/james-mcneill-whistler-impresionismo-y-japonismo\/\" data-type=\"link\" data-id=\"https:\/\/www.aparences.net\/es\/tematicos\/impresionismo-americano\/james-mcneill-whistler-impresionismo-y-japonismo\/\">el japonismo de Whistler<\/a>, luego la de Seurat y <a href=\"https:\/\/www.aparences.net\/es\/periodos\/postimpresionismo\/paul-gauguin\/\">Gauguin<\/a>. El japonismo ya no es solo la ocasi\u00f3n para una iconograf\u00eda renovada; triunfa porqu\u00e9 es capaz de recomponer lo visible de forma codificada: <strong>figuras exentas de individualidad<\/strong>, <strong>contrastes r\u00edtmicos<\/strong>, <strong>entorno vegetal<\/strong> prisionero de los principios decorativos, planos que se superponen en altura, superficies vac\u00edas en las que se deslizan personajes aplanados. <strong>Los <em>Paneles Desmarais<\/em><\/strong>, el primer encargo decorativo que el pintor recibi\u00f3 en 1892, muestra alternancias del suelo visto en un eje de inclinaci\u00f3n y los personajes vistos en elevaci\u00f3n.<\/p>\n\n\n<div class=\"wp-block-image\">\n<figure class=\"aligncenter\"><img loading=\"lazy\" decoding=\"async\" width=\"620\" height=\"318\" src=\"https:\/\/www.aparences.net\/wp-content\/uploads\/2018\/03\/vuillard-panneux-desmarais-1892.jpg\" alt=\"Paneles Desmarais, 1892, Edouard Vuillard\" class=\"wp-image-18142\" title=\"Paneles Desmarais, 1892, Edouard Vuillard\" srcset=\"https:\/\/www.aparences.net\/wp-content\/uploads\/2018\/03\/vuillard-panneux-desmarais-1892.jpg 620w, https:\/\/www.aparences.net\/wp-content\/uploads\/2018\/03\/vuillard-panneux-desmarais-1892-300x154.jpg 300w\" sizes=\"auto, (max-width: 620px) 100vw, 620px\" \/><figcaption class=\"wp-element-caption\"><em><strong>Paneles Desmarais<\/strong>: Le Paravent des couturi\u00e8res: La Couturi\u00e8re, L\u2019Essayage, Les Petites mains, La Bobine perdue, 1892, <strong>Edouard Vuillard<\/strong> (Colecci\u00f3n privada)<\/em><\/figcaption><\/figure>\n<\/div>\n\n\n<p><em>Vuillard imprime contorsiones sacadas del japonismo \u00abkakemono\u00bb (paneles cuya altura es generalmente tres veces el ancho) forzando al pintor a estirar significativamente las siluetas, pero tambi\u00e9n nos <strong>recuerdan a numerosas obras manieristas<\/strong> de <a href=\"https:\/\/www.aparences.net\/es\/periodos\/el-manierismo\/jacopo-pontormo\/\">Pontormo<\/a> o <a href=\"https:\/\/www.aparences.net\/es\/periodos\/el-manierismo\/parmigianino-biografia\/\">Parmigianino<\/a>.<\/em><\/p>\n\n\n<div class=\"wp-block-image\">\n<figure class=\"aligncenter\"><img loading=\"lazy\" decoding=\"async\" width=\"620\" height=\"254\" src=\"https:\/\/www.aparences.net\/wp-content\/uploads\/2018\/03\/vuillard-le-jardinage.jpg\" alt=\"Le Jardinage, 1892, 1892, Edouard Vuillard\" class=\"wp-image-18143\" title=\"Le Jardinage, 1892, 1892, Edouard Vuillard\" srcset=\"https:\/\/www.aparences.net\/wp-content\/uploads\/2018\/03\/vuillard-le-jardinage.jpg 620w, https:\/\/www.aparences.net\/wp-content\/uploads\/2018\/03\/vuillard-le-jardinage-300x123.jpg 300w\" sizes=\"auto, (max-width: 620px) 100vw, 620px\" \/><figcaption class=\"wp-element-caption\"><em><strong>Le Jardinage<\/strong> (panel Desmarais), 1892, 1892, <strong>Edouard Vuillard<\/strong> (Colecci\u00f3n privada)<\/em><\/figcaption><\/figure>\n<\/div>\n\n\n<p>A mediados de la d\u00e9cada de 1890, <strong>Vuillard se revelar\u00e1 como un gran decorador<\/strong>. De hecho, para otro mecenas, Alexandre Natanson, hermano de su amigo Thad\u00e9e y fundador de la <em>Revue Blanche<\/em>, en 1894 llevar\u00e1 a cabo una serie de nueve paneles para su apartamento en la Avenue du Bois de Boulogne y hoy dispersados, que generalmente se consideran como una de las cumbres de la <a href=\"https:\/\/www.aparences.net\/es\/periodos\/postimpresionismo\/\" data-type=\"link\" data-id=\"https:\/\/www.aparences.net\/es\/periodos\/postimpresionismo\/\">pintura postimpresionista<\/a>.<\/p>\n\n\n<div class=\"wp-block-image\">\n<figure class=\"aligncenter\"><img loading=\"lazy\" decoding=\"async\" width=\"384\" height=\"460\" src=\"https:\/\/www.aparences.net\/wp-content\/uploads\/2018\/03\/vuillard-jardins-publics-1.jpg\" alt=\"Jardines p\u00fablicos, Edouard Vuillard\" class=\"wp-image-18144\" title=\"Jardines p\u00fablicos, Edouard Vuillard\" srcset=\"https:\/\/www.aparences.net\/wp-content\/uploads\/2018\/03\/vuillard-jardins-publics-1.jpg 384w, https:\/\/www.aparences.net\/wp-content\/uploads\/2018\/03\/vuillard-jardins-publics-1-250x300.jpg 250w\" sizes=\"auto, (max-width: 384px) 100vw, 384px\" \/><figcaption class=\"wp-element-caption\"><em><strong>Jardines p\u00fablicos<\/strong>, Ni\u00f1as jugando y El interrogatorio, 1894, <strong>Edouard Vuillard<\/strong> (Par\u00eds, Mus\u00e9e d&#8217;Orsay)<\/em><\/figcaption><\/figure>\n<\/div>\n\n\n<p><em>Destinados a decorar la casa de Alexandre Natanson, fue el primer conjunto decorativo para el que Vuillard recurri\u00f3 a la t\u00e9cnica poco frecuente y dif\u00edcil de la pintura a la cola, que aprendi\u00f3 a dominar cuando realiz\u00f3 los decorados para el Teatro de l\u2019\u0152uvre.<br><\/em><\/p>\n\n\n<div class=\"wp-block-image\">\n<figure class=\"aligncenter\"><img loading=\"lazy\" decoding=\"async\" width=\"384\" height=\"453\" src=\"https:\/\/www.aparences.net\/wp-content\/uploads\/2018\/03\/vuillard-les-petits-ecoliers-jardins-publics.jpg\" alt=\"Jardines p\u00fablicos, Edouard Vuillard\" class=\"wp-image-18145\" title=\"Jardines p\u00fablicos, Edouard Vuillard\" srcset=\"https:\/\/www.aparences.net\/wp-content\/uploads\/2018\/03\/vuillard-les-petits-ecoliers-jardins-publics.jpg 384w, https:\/\/www.aparences.net\/wp-content\/uploads\/2018\/03\/vuillard-les-petits-ecoliers-jardins-publics-254x300.jpg 254w\" sizes=\"auto, (max-width: 384px) 100vw, 384px\" \/><figcaption class=\"wp-element-caption\"><em><strong>Jardines p\u00fablicos<\/strong>: Los dos escolares, 1894, <strong>Edouard Vuillard<\/strong> (Bruselas, Mus\u00e9es royaux des Beaux-Arts)<\/em><\/figcaption><\/figure>\n<\/div>\n\n\n<p><em>Vuillard siempre se mostrar\u00e1 sensible a la percepci\u00f3n que tienen los ni\u00f1os del espacio. Los dos escolares, vigilantes ef\u00edmeros y testigos de un ballet fantasmag\u00f3rico de sombras que pueblan, en la distancia, el denso ramaje de este jard\u00edn de las Tuller\u00edas reconvertido en bosquecillo simbolista, es uno de los paneles m\u00e1s atractivos que realiz\u00f3 para Natanson.<br><\/em><\/p>\n\n\n\n<p>En 1896, Vuillard ejecut\u00f3 el encargo para la decoraci\u00f3n de una pieza del apartamento del Dr. Henry Vaquez. Los paneles fueron presentados en el Salon d&#8217;Automne de 1905 bajo el nombre gen\u00e9rico de Paneles decorativos, donde el artista lleva al extremo la l\u00f3gica decorativa de su pintura, manteniendo deliberadamente un doble nivel de confusi\u00f3n visual. As\u00ed, los paneles retoman la fragmentaci\u00f3n de los papeles pintados con motivos florales coronados por un friso. Pero la textura obtenida por el uso de la cola, como la paleta de colores restringida (utilizaci\u00f3n de colores econ\u00f3micos) <strong>evoca los tapices <em>mille-fleurs<\/em> del siglo XV del Museo de Cluny<\/strong> que Vuillard iba a admirar a menudo. La doble asimilaci\u00f3n, de una parte, la m\u00e1s com\u00fan y democr\u00e1tica de los revestimientos murales y, de otra, el arte maravilloso de la tapicer\u00eda medieval, pone de manifiesto un sutil rechazo de la jerarqu\u00eda tradicional de las artes y los posibles intercambios formales entre t\u00e9cnicas en el \u00e1mbito decorativo, ampliados y modernizados.<\/p>\n\n\n<div class=\"wp-block-image\">\n<figure class=\"aligncenter\"><img loading=\"lazy\" decoding=\"async\" width=\"477\" height=\"392\" src=\"https:\/\/www.aparences.net\/wp-content\/uploads\/2018\/03\/vuillard-personnages-dans-un-interieur.jpg\" alt=\"Personajes en un interior, 1896, Edouard Vuillard\" class=\"wp-image-18146\" title=\"Personajes en un interior, 1896, Edouard Vuillard\" srcset=\"https:\/\/www.aparences.net\/wp-content\/uploads\/2018\/03\/vuillard-personnages-dans-un-interieur.jpg 477w, https:\/\/www.aparences.net\/wp-content\/uploads\/2018\/03\/vuillard-personnages-dans-un-interieur-300x247.jpg 300w\" sizes=\"auto, (max-width: 477px) 100vw, 477px\" \/><figcaption class=\"wp-element-caption\"><em><strong>Personajes en un interior<\/strong>. El trabajo, 1896, <strong>Edouard Vuillard<\/strong> <\/em><br><em>(Par\u00eds, Petit Palais)<\/em><\/figcaption><\/figure>\n<\/div>\n\n\n<p><em>En su formulaci\u00f3n de una pintura decorativa, en los formatos y la textura, Vuillard utiliz\u00f3 un sistema de equivalencias con <a href=\"https:\/\/www.aparences.net\/es\/arte-y-mecenazgo\/los-fresquistas-florentinos\/\">el fresco<\/a> u otros elementos decorativos como el tapiz.<\/em><\/p>\n\n\n\n<h2 class=\"wp-block-heading\">Vuillard y el teatro<\/h2>\n\n\n\n<p>Los Nabis estuvieron involucrados en la amplia reforma teatral <strong>asociada al descubrimiento de un repertorio simbolista<\/strong>, el de <a href=\"https:\/\/es.wikipedia.org\/wiki\/Maurice_Maeterlinck\">Maurice Maeterlinck<\/a>, <a href=\"https:\/\/es.wikipedia.org\/wiki\/Oscar_Wilde\">Oscar Wilde<\/a>, o autores escandinavos como August Strindberg y <a href=\"https:\/\/es.wikipedia.org\/wiki\/Henrik_Ibsen\">Henrik Ibsen<\/a>. Para el <em>Th\u00e9\u00e2tre-Libre<\/em> de Andr\u00e9 Antoine, luego, para el <em>Th\u00e9\u00e2tre d\u2019Art<\/em> de Paul Fort y, finalmente, para el <a href=\"https:\/\/fr.wikipedia.org\/wiki\/Th%C3%A9%C3%A2tre_de_l%27%C5%92uvre\"><em>Th\u00e9\u00e2tre de l\u2019\u0152uvre<\/em><\/a>, fundado en 1893 por Lugn\u00e9 Poe (1869-1939), un antiguo compa\u00f1ero de clase de Vuillard, Denis y Roussel en el liceo Condorcet. El compromiso de Edouard Vuillard con las puestas en escena del teatro idealista es inseparable de su amistad con Aur\u00e9lien Lugn\u00e9 Poe, que fue uno de los grandes reformadores de la escena del siglo XX. La participaci\u00f3n de Vuillard en las experiencias del <em>Th\u00e9\u00e2tre de l\u2019\u0152uvre<\/em> de Lugn\u00e9-Poe es un reflejo de la nueva mentalidad emergente. La b\u00fasqueda de un teatro libre de las contingencias del realismo, debe vincularse a las tendencias del per\u00edodo, que llevan a los intelectuales hacia un teatro mental basado en la sugesti\u00f3n, rechazando la reconstrucci\u00f3n exacta de lugares y \u00e9pocas, de modo que la atenci\u00f3n se centra m\u00e1s en la evoluci\u00f3n de los personajes y en las relaciones de tensi\u00f3n extrema entre los \u00abcaracteres\u00bb que animan esta dramaturgia.<\/p>\n\n\n<div class=\"wp-block-image\">\n<figure class=\"aligncenter\"><img loading=\"lazy\" decoding=\"async\" width=\"443\" height=\"370\" src=\"https:\/\/www.aparences.net\/wp-content\/uploads\/2018\/03\/edouard-vuillard-lugne-poe-portrait.jpg\" alt=\"Retrato de Lugn\u00e9-Poe, 1891, Edouard Vuillard\" class=\"wp-image-18147\" title=\"Retrato de Lugn\u00e9-Poe, 1891, Edouard Vuillard\" srcset=\"https:\/\/www.aparences.net\/wp-content\/uploads\/2018\/03\/edouard-vuillard-lugne-poe-portrait.jpg 443w, https:\/\/www.aparences.net\/wp-content\/uploads\/2018\/03\/edouard-vuillard-lugne-poe-portrait-300x251.jpg 300w\" sizes=\"auto, (max-width: 443px) 100vw, 443px\" \/><figcaption class=\"wp-element-caption\"><em><strong>Retrato de Lugn\u00e9-Poe<\/strong>, 1891, <strong>Edouard Vuillard<\/strong> (Rochester, New York, Memorial Art Gallery of the University of Rochester)<\/em><\/figcaption><\/figure>\n<\/div>\n\n\n<p>En <em>Interieur, m\u00e8re et s\u0153ur de l\u2019artiste<\/em> de 1893, el piso y taller de costura de la madre del pintor tiene las caracter\u00edsticas de la escena inclinada utilizada en el <em>Th\u00e9\u00e2tre de l\u2019\u0152uvre<\/em>. Madame Vuillard, oscura silueta de autoridad definitiva, aplasta con su mera presencia una figura filial, que parece estar atrapada en la red decorativa del empapelado de la pared. En una l\u00ednea similar, Vuillard escenific\u00f3 la boda de su hermana Marie con su amigo Ker-Xavier Roussel. Esta serie, que comienza con <em><strong>Le Pr\u00e9tendant<\/strong><\/em> (El pretendiente) de 1893 y culmina con <em>Le Grand int\u00e9rieur aux six personnages<\/em> de 1897, recapitulaci\u00f3n ambiciosa del laberinto visual y psicol\u00f3gico del periodo Nabi, en el que, el gran formato horizontal, aunque raro, le da un aspecto esc\u00e9nico y decorativo.<\/p>\n\n\n<div class=\"wp-block-image\">\n<figure class=\"aligncenter\"><img loading=\"lazy\" decoding=\"async\" width=\"432\" height=\"380\" src=\"https:\/\/www.aparences.net\/wp-content\/uploads\/2018\/03\/edouard-vuillard-le-pretendant.jpg\" alt=\"Le Pr\u00e9tendant, 1893, Edouard Vuillard\" class=\"wp-image-18148\" title=\"Le Pr\u00e9tendant, 1893, Edouard Vuillard\" srcset=\"https:\/\/www.aparences.net\/wp-content\/uploads\/2018\/03\/edouard-vuillard-le-pretendant.jpg 432w, https:\/\/www.aparences.net\/wp-content\/uploads\/2018\/03\/edouard-vuillard-le-pretendant-300x264.jpg 300w\" sizes=\"auto, (max-width: 432px) 100vw, 432px\" \/><figcaption class=\"wp-element-caption\"><em><strong>Le Pr\u00e9tendant<\/strong>, 1893, <strong>Edouard Vuillard<\/strong> <\/em><br><em>(Northampton, Smith College Museum of Art)<\/em><\/figcaption><\/figure>\n<\/div>\n\n<div class=\"wp-block-image\">\n<figure class=\"aligncenter\"><img loading=\"lazy\" decoding=\"async\" width=\"620\" height=\"279\" src=\"https:\/\/www.aparences.net\/wp-content\/uploads\/2018\/03\/edouard-vuillard-interieur-aux-six-personnages.jpg\" alt=\"Le Grand int\u00e9rieur aux six personnages, 1897, Edouard Vuillard\" class=\"wp-image-18149\" title=\"Le Grand int\u00e9rieur aux six personnages, 1897, Edouard Vuillard\" srcset=\"https:\/\/www.aparences.net\/wp-content\/uploads\/2018\/03\/edouard-vuillard-interieur-aux-six-personnages.jpg 620w, https:\/\/www.aparences.net\/wp-content\/uploads\/2018\/03\/edouard-vuillard-interieur-aux-six-personnages-300x135.jpg 300w\" sizes=\"auto, (max-width: 620px) 100vw, 620px\" \/><figcaption class=\"wp-element-caption\"><em><strong>Le Grand int\u00e9rieur aux six personnages<\/strong>, 1897, <strong>Edouard Vuillard<\/strong> (Zurich, Kunsthaus)<\/em><\/figcaption><\/figure>\n<\/div>\n\n<div class=\"wp-block-image\">\n<figure class=\"aligncenter\"><img loading=\"lazy\" decoding=\"async\" width=\"526\" height=\"412\" src=\"https:\/\/www.aparences.net\/wp-content\/uploads\/2018\/03\/vuillard-deux-femmes-sous-la-lampe.jpg\" alt=\"Deux femmes sous la lampe, 1892, Edouard Vuillard\" class=\"wp-image-18150\" title=\"Deux femmes sous la lampe, 1892, Edouard Vuillard\" srcset=\"https:\/\/www.aparences.net\/wp-content\/uploads\/2018\/03\/vuillard-deux-femmes-sous-la-lampe.jpg 526w, https:\/\/www.aparences.net\/wp-content\/uploads\/2018\/03\/vuillard-deux-femmes-sous-la-lampe-300x235.jpg 300w\" sizes=\"auto, (max-width: 526px) 100vw, 526px\" \/><figcaption class=\"wp-element-caption\"><em><strong>Deux femmes sous la lampe<\/strong>, 1892, <strong>Edouard Vuillard<\/strong> <\/em><br><em>(Saint-Tropez, mus\u00e9e l\u2019Annonciade)<\/em><\/figcaption><\/figure>\n<\/div>\n\n\n<p>El cuadro <em>representa un momento de intimidad en el piso del pintor, con su madre y su hermana como protagonistas. Sin embargo, la atm\u00f3sfera general de la pintura <strong>est\u00e1 m\u00e1s cerca del teatro de Maeterlinck y Ibsen<\/strong>, con este t\u00eate-\u00e0-t\u00eate mudo y obstinado.<\/em><\/p>\n\n\n\n<p>El amor de Vuillard por el teatro nunca se apag\u00f3. Ahora, lejos del drama de interior, cargado de oscuras tensiones psicol\u00f3gicas, en que se convert\u00edan los temas de los programas del <em>Th\u00e9\u00e2tre de l\u2019\u0152uvre<\/em>, Vuillard se pas\u00f3 a la comedia burguesa contempor\u00e1nea, mucho m\u00e1s trivial y ligera, como lo demuestran las obras de sus amigos <a href=\"http:\/\/www.mcnbiografias.com\/app-bio\/do\/show?key=bernard-tristan\">Tristan Bernard<\/a>, Henri Bernstein y <a href=\"https:\/\/es.wikipedia.org\/wiki\/Sacha_Guitry\">Sacha Guitry<\/a> (paneles decorativos para la obra <em>L\u2019Illusionniste<\/em>, de 1922-1923). En los paneles del <em>L\u2019Illusionniste<\/em>, Vuillard, como <a href=\"https:\/\/www.aparences.net\/es\/periodos\/impresionismo-3\/edgar-degas\/\">Degas<\/a>, muestra su fascinaci\u00f3n por el artificio del teatro, por el mundo brillante y m\u00e1gico del escenario, visto indirectamente desde bastidores. En 1912, Vuillard, Denis, Lebasque y Roussel, recibieron el encargo de decorar el <em>foyer<\/em> del Th\u00e9\u00e2tre des Champs-Elys\u00e9es, que se acababa de construir. Como tema de los dos paneles m\u00e1s importantes, Vuillard hab\u00eda elegido una escena tomada de una comedia contempor\u00e1nea, <em>Le petit caf\u00e9<\/em> de Tristan Bernard, y otra de una obra cl\u00e1sica, <em><strong>Le malade imaginaire<\/strong><\/em> de Moli\u00e8re.<\/p>\n\n\n<div class=\"wp-block-image\">\n<figure class=\"aligncenter\"><img loading=\"lazy\" decoding=\"async\" width=\"480\" height=\"460\" src=\"https:\/\/www.aparences.net\/wp-content\/uploads\/2018\/03\/vuillard-l-illusionniste.jpg\" alt=\"Sacha Guitry; Yvonne Printemps entre bastidores, 1922, Edouard Vuillard\" class=\"wp-image-18151\" title=\"Sacha Guitry; Yvonne Printemps entre bastidores, 1922, Edouard Vuillard\" srcset=\"https:\/\/www.aparences.net\/wp-content\/uploads\/2018\/03\/vuillard-l-illusionniste.jpg 480w, https:\/\/www.aparences.net\/wp-content\/uploads\/2018\/03\/vuillard-l-illusionniste-300x288.jpg 300w\" sizes=\"auto, (max-width: 480px) 100vw, 480px\" \/><figcaption class=\"wp-element-caption\"><em><strong>Sacha Guitry, el enano Gardey y su partenaire; Yvonne Printemps entre bastidores<\/strong>, 1922, <strong>Edouard Vuillard<\/strong> (Colecci\u00f3n privada)<\/em><\/figcaption><\/figure>\n<\/div>\n\n\n<p><em>Durante toda su vida, Vuillard se sinti\u00f3 atra\u00eddo por la escena. Tras su estrecha colaboraci\u00f3n con teatro simbolista, ser\u00e1n el teatro burgu\u00e9s y el vodevil los que susciten su inter\u00e9s. A ra\u00edz del estreno de L\u2019Illusionniste de Sacha Guitry, en el teatro Edouard VII, Vuillard realiza una serie de esbozos con sus protagonistas, Sacha Guitry y su mujer Yvonne Printemps. Los personajes, por su aspecto caricaturesco y su enorme viveza, recuerdan a los que poblaban el mundo de <a href=\"https:\/\/www.aparences.net\/es\/periodos\/postimpresionismo\/henri-de-toulouse-lautrec\/\">Toulouse-Lautrec<\/a>.<\/em><\/p>\n\n\n<div class=\"wp-block-image\">\n<figure class=\"aligncenter\"><img loading=\"lazy\" decoding=\"async\" width=\"620\" height=\"362\" src=\"https:\/\/www.aparences.net\/wp-content\/uploads\/2018\/03\/edouard-vuillard-le-malade-imaginaire-1900.jpg\" alt=\"Le malade imaginaire, 1912, Edouard Vuillard\" class=\"wp-image-18152\" title=\"Le malade imaginaire, 1912, Edouard Vuillard\" srcset=\"https:\/\/www.aparences.net\/wp-content\/uploads\/2018\/03\/edouard-vuillard-le-malade-imaginaire-1900.jpg 620w, https:\/\/www.aparences.net\/wp-content\/uploads\/2018\/03\/edouard-vuillard-le-malade-imaginaire-1900-300x175.jpg 300w\" sizes=\"auto, (max-width: 620px) 100vw, 620px\" \/><figcaption class=\"wp-element-caption\"><em><strong>Le malade imaginaire<\/strong>, 1912, <strong>Edouard Vuillard<\/strong> (Colecci\u00f3n privada)<\/em><\/figcaption><\/figure>\n<\/div>\n\n\n<!-- AdBoxLeft2023 --><ins class=\"adsbygoogle\" style=\"display:block\" data-ad-client=\"ca-pub-2468002815867636\" data-ad-slot=\"1318022963\" data-ad-format=\"auto\" data-full-width-responsive=\"true\"><\/ins><script> (adsbygoogle = window.adsbygoogle || []).push({});<\/script><h2 class=\"wp-block-heading\">Retratos de la sociedad parisina<\/h2>\n\n\n\n<p>Hacia 1912, el retrato empieza a ocupar un lugar cada vez mayor en la obra de Vuillard, que en los \u00faltimos veinte a\u00f1os de su vida se convierte en el retratista m\u00e1s solicitado por una clientela burguesa y aristocr\u00e1tica. El brillante mundo de los Natanson y de la <em>Revue Blanche<\/em> se empez\u00f3 a desintegrar hacia principios de siglo. La revista dej\u00f3 de publicarse en 1903 por problemas financieros, y, por su parte, sus antiguos patrocinadores, Thad\u00e9e y <a href=\"https:\/\/es.wikipedia.org\/wiki\/Misia_Sert\">Misia Natanson<\/a> se divorciaron. Muy pronto, Vuillard se encontr\u00f3 en un mundo muy diferente que giraba en torno a una de las galer\u00edas m\u00e1s importantes de Par\u00eds, la Bernheim-Jeune, donde expuso por primera vez en 1899. El centro de este nuevo universo de sofisticados amantes del arte era Lucie Hessel, la esposa de Jos Hessel, el director de la galer\u00eda. Era una mujer con una personalidad muy fuerte, emotiva y temperamental que acabar\u00eda convirti\u00e9ndose en su mejor amiga y confidente durante el resto de su vida, sustituyendo as\u00ed a Misia Natanson como musa. En el piso que ten\u00eda en la calle de Rivoli de Par\u00eds y en las casas de Versalles y Normand\u00eda, Lucie y sus amigos le proporcionaban a Vuillard algo m\u00e1s que temas para los cuadros: un nuevo modo de vida que, aunque m\u00e1s fastuoso que el anterior, le segu\u00eda permitiendo gozar de la misma intimidad, tan importante para \u00e9l.<\/p>\n\n\n<div class=\"wp-block-image\">\n<figure class=\"aligncenter\"><img loading=\"lazy\" decoding=\"async\" width=\"593\" height=\"370\" src=\"https:\/\/www.aparences.net\/wp-content\/uploads\/2018\/03\/edpuard-vuillard-la-terrasse.jpg\" alt=\"La Terrasse \u00e0 Vasouy, 1901, Edouard Vuillard\" class=\"wp-image-18157\" title=\"La Terrasse \u00e0 Vasouy, 1901, Edouard Vuillard\" srcset=\"https:\/\/www.aparences.net\/wp-content\/uploads\/2018\/03\/edpuard-vuillard-la-terrasse.jpg 593w, https:\/\/www.aparences.net\/wp-content\/uploads\/2018\/03\/edpuard-vuillard-la-terrasse-300x187.jpg 300w\" sizes=\"auto, (max-width: 593px) 100vw, 593px\" \/><figcaption class=\"wp-element-caption\"><em><strong>La Terrasse \u00e0 Vasouy<\/strong>, 1901, <strong>Edouard Vuillard<\/strong> (Londres, National Gallery)<\/em><\/figcaption><\/figure>\n<\/div>\n\n\n<p><em>En este almuerzo en un jard\u00edn, Vuillard comienza a mostrar su sensibilidad a la factura m\u00e1s libre de <a href=\"https:\/\/www.aparences.net\/es\/tematicos\/impresionistas-paisajistas\/claude-monet-pintar-al-aire-libre\/\" data-type=\"link\" data-id=\"https:\/\/www.aparences.net\/es\/tematicos\/impresionistas-paisajistas\/claude-monet-pintar-al-aire-libre\/\">Monet<\/a> y <a href=\"https:\/\/www.aparences.net\/es\/periodos\/impresionismo-3\/pierre-auguste-renoir\/\">Renoir<\/a>. Entre los personajes, podemos reconocer a Bonnard, Romain Coolus, Lucie Hessel, Tristan Bernard y Louis Schopfer.<\/em><\/p>\n\n\n<div class=\"wp-block-image\">\n<figure class=\"aligncenter\"><img loading=\"lazy\" decoding=\"async\" width=\"464\" height=\"460\" src=\"https:\/\/www.aparences.net\/wp-content\/uploads\/2018\/03\/vuillard-madame-jean-trarieux-et-ses-filles.jpg\" alt=\"Madame Jean Trarieux et ses filles, 1912, Edouard Vuillard\" class=\"wp-image-18153\" title=\"Madame Jean Trarieux et ses filles, 1912, Edouard Vuillard\" srcset=\"https:\/\/www.aparences.net\/wp-content\/uploads\/2018\/03\/vuillard-madame-jean-trarieux-et-ses-filles.jpg 464w, https:\/\/www.aparences.net\/wp-content\/uploads\/2018\/03\/vuillard-madame-jean-trarieux-et-ses-filles-100x100.jpg 100w, https:\/\/www.aparences.net\/wp-content\/uploads\/2018\/03\/vuillard-madame-jean-trarieux-et-ses-filles-90x90.jpg 90w, https:\/\/www.aparences.net\/wp-content\/uploads\/2018\/03\/vuillard-madame-jean-trarieux-et-ses-filles-75x75.jpg 75w, https:\/\/www.aparences.net\/wp-content\/uploads\/2018\/03\/vuillard-madame-jean-trarieux-et-ses-filles-300x297.jpg 300w\" sizes=\"auto, (max-width: 464px) 100vw, 464px\" \/><figcaption class=\"wp-element-caption\"><em><strong>Madame Jean Trarieux et ses filles<\/strong>, 1912, <strong>Edouard Vuillard<\/strong><\/em><br><em> (Colecci\u00f3n privada)<\/em><\/figcaption><\/figure>\n<\/div>\n\n<div class=\"wp-block-image\">\n<figure class=\"aligncenter\"><img loading=\"lazy\" decoding=\"async\" width=\"365\" height=\"460\" src=\"https:\/\/www.aparences.net\/wp-content\/uploads\/2018\/03\/vuillard-madame-de-polignac.jpg\" alt=\"Marie-Blanche de Polignac, 1932, \nEdouard Vuillard\" class=\"wp-image-18158\" title=\"Marie-Blanche de Polignac, 1932,  Edouard Vuillard\" srcset=\"https:\/\/www.aparences.net\/wp-content\/uploads\/2018\/03\/vuillard-madame-de-polignac.jpg 365w, https:\/\/www.aparences.net\/wp-content\/uploads\/2018\/03\/vuillard-madame-de-polignac-238x300.jpg 238w\" sizes=\"auto, (max-width: 365px) 100vw, 365px\" \/><figcaption class=\"wp-element-caption\"><em><strong>Retrato de Marie-Blanche de Polignac<\/strong>, 1932, <\/em><br><em><strong>Edouard Vuillard<\/strong> (Par\u00eds, Mus\u00e9e d&#8217;Orsay)<\/em><\/figcaption><\/figure>\n<\/div>\n\n\n<p>El mundo conservador de los Hessel y su c\u00edrculo, tan distinto del esp\u00edritu vanguardista que animaba el de la <em>Revue blanche<\/em>, influy\u00f3 en el recurso a un lenguaje m\u00e1s convencional con el que satisfacer a una clientela que se siente a gusto consigo misma: donde antes sintetizaba, ahora hace un an\u00e1lisis obsesivo del universo que le rodea. \u00abYo no hago retratos, sino que pinto a la gente en su casa\u00bb. Esta afirmaci\u00f3n que manifiesta el deseo de captar la personalidad del retratado evocando su entorno, corre el riesgo de no cumplirse cuando el inventario es exhaustivo. El exceso en la descripci\u00f3n de objetos, en la yuxtaposici\u00f3n de notas de color y en la acumulaci\u00f3n de materia, obstaculiza la circulaci\u00f3n de la luz y amenaza a veces con ahogar el personaje. Algo que no ocurre cuando retrata a sus amigos; entonces aparece el mejor Vuillard, capaz como nadie de transcribir la vida interior del modelo.<\/p>\n\n\n<div class=\"wp-block-image\">\n<figure class=\"aligncenter\"><img loading=\"lazy\" decoding=\"async\" width=\"343\" height=\"460\" src=\"https:\/\/www.aparences.net\/wp-content\/uploads\/2018\/03\/vuillard-le-sourire-de-lucie-belin.jpg\" alt=\"La sonrisa de Lucie Belin, 1915, Edouard Vuillard\" class=\"wp-image-18154\" title=\"La sonrisa de Lucie Belin, 1915, Edouard Vuillard\" srcset=\"https:\/\/www.aparences.net\/wp-content\/uploads\/2018\/03\/vuillard-le-sourire-de-lucie-belin.jpg 343w, https:\/\/www.aparences.net\/wp-content\/uploads\/2018\/03\/vuillard-le-sourire-de-lucie-belin-224x300.jpg 224w\" sizes=\"auto, (max-width: 343px) 100vw, 343px\" \/><figcaption class=\"wp-element-caption\"><em><strong>La sonrisa de Lucie Belin<\/strong>, 1915, <strong>Edouard Vuillard<\/strong> (Colecci\u00f3n privada)<\/em><\/figcaption><\/figure>\n<\/div>\n\n\n<p><em>La modelo de este espont\u00e1neo retrato es la actriz Lucie Ralph (Belin), a quien Vuillard conoci\u00f3 en 1915. Captada en medio del desorden de papeles y cuadros del pintor en el paseo de Malesherbes, la mujer mira abiertamente al espectador con una expresi\u00f3n directa, una especie de provocaci\u00f3n contenida que recuerda los retratos femeninos de <a href=\"https:\/\/www.aparences.net\/es\/periodos\/impresionismo-3\/edouard-manet\/\">Manet<\/a>.<\/em><\/p>\n\n\n<div class=\"wp-block-image\">\n<figure class=\"aligncenter\"><img loading=\"lazy\" decoding=\"async\" width=\"510\" height=\"460\" src=\"https:\/\/www.aparences.net\/wp-content\/uploads\/2018\/03\/vuillard-jeanne-lanvin.jpg\" alt=\"Retrato de Jeanne Lanvin, c. 1933, Edouard Vuillard\" class=\"wp-image-18155\" title=\"Retrato de Jeanne Lanvin, c. 1933, Edouard Vuillard\" srcset=\"https:\/\/www.aparences.net\/wp-content\/uploads\/2018\/03\/vuillard-jeanne-lanvin.jpg 510w, https:\/\/www.aparences.net\/wp-content\/uploads\/2018\/03\/vuillard-jeanne-lanvin-300x271.jpg 300w\" sizes=\"auto, (max-width: 510px) 100vw, 510px\" \/><figcaption class=\"wp-element-caption\"><em><strong>Retrato de Jeanne Lanvin<\/strong>, c. 1933, <strong>Edouard Vuillard<\/strong> (Par\u00eds, Mus\u00e9e d&#8217;Orsay<\/em>)<\/figcaption><\/figure>\n<\/div>\n\n\n<p><em> \u00abVoy a casa de la se\u00f1ora Lanvin. Tengo que tomar medida de los libros; los errores son todav\u00eda importantes.\u00bb La intenci\u00f3n del artista de no intervenir en la disposici\u00f3n de los elementos acerca este cuadro a la fotograf\u00eda. Sentada en la mesa de despacho de una habitaci\u00f3n cuadriculada a base de horizontales y verticales, Vuillard refleja el gusto por el orden y la precisi\u00f3n que caracterizaron a <a href=\"https:\/\/es.wikipedia.org\/wiki\/Jeanne_Lanvin\">Jeanne Lanvin<\/a> famosa dise\u00f1adora de moda.<\/em><\/p>\n\n\n<div class=\"wp-block-image\">\n<figure class=\"aligncenter\"><img loading=\"lazy\" decoding=\"async\" width=\"549\" height=\"431\" src=\"https:\/\/www.aparences.net\/wp-content\/uploads\/2018\/03\/vuillard-portrait-pierre-bonnard.jpg\" alt=\"Retrato de Pierre Bonnard, 1935, Edouard Vuillard\" class=\"wp-image-18156\" title=\"Retrato de Pierre Bonnard, 1935, Edouard Vuillard\" srcset=\"https:\/\/www.aparences.net\/wp-content\/uploads\/2018\/03\/vuillard-portrait-pierre-bonnard.jpg 549w, https:\/\/www.aparences.net\/wp-content\/uploads\/2018\/03\/vuillard-portrait-pierre-bonnard-300x236.jpg 300w\" sizes=\"auto, (max-width: 549px) 100vw, 549px\" \/><figcaption class=\"wp-element-caption\"><em><strong>Retrato de Pierre Bonnard<\/strong>, 1935, <strong>Edouard Vuillard<\/strong> (Par\u00eds, Petit Palais)<\/em><\/figcaption><\/figure>\n<\/div>\n\n\n<p><em>Con este retrato, Vuillard demuestra el \u00edntimo conocimiento que ten\u00eda de la personalidad de su amigo. En pie, de perfil, trajeado y enjuto, Bonnard que prefer\u00eda &#8211; como el propio Vuillard &#8211; trabajar en habitaciones normales a hacerlo en el taller, contempla un paisaje de Cannet clavado con chinchetas en la pared. Intuimos que dentro de un rato trajinar\u00e1 en la caja de colores que hay sobre la mesa, ante la mirada del basset, protagonista discreto, pero importante, en muchas de sus obras. Esta escena \u00edntima y conmovedora, cuyo verdadero tema es el di\u00e1logo de la mirada del autor con su obra, es un tard\u00edo homenaje a <a href=\"https:\/\/www.aparences.net\/es\/periodos\/postimpresionismo\/pierre-bonnard-biografia-y-obras\/\">Bonnard<\/a>, a la vocaci\u00f3n art\u00edstica a la que consagr\u00f3 su vida.<\/em><\/p>\n\n\n\n<hr class=\"wp-block-separator has-alpha-channel-opacity\"\/>\n\n\n\n<h6 class=\"wp-block-heading\">Bibliograf\u00eda<\/h6>\n\n\n\n<ul class=\"wp-block-list\">\n<li>Chastel, Andr\u00e9. <em>Vuillard 1868-1940<\/em>. Paris, 1946<\/li>\n\n\n\n<li>Cogeval, Guy. <em>Vuillard : Le Temps d\u00e9tourn\u00e9<\/em>. Paris, 2017<\/li>\n\n\n\n<li>Dumas, Ann et Cogeval, Guy. <em>Cat\u00e1logo de la exposici\u00f3n Vuillard, Lyon, Barcelone, Nantes, 1990-1991<\/em><\/li>\n\n\n\n<li>Preston<em>,<\/em> Stuart.<em> Vuillard. Paris, 1990<\/em><\/li>\n\n\n\n<li>Terrasse, Antoine et Fr\u00e8ches, Claire.<em> Les Nabis. <\/em>Paris, 1990<\/li>\n<\/ul>\n","protected":false},"excerpt":{"rendered":"<p>Ya en su periodo nabi, Vuillard mostr\u00f3 su inclinaci\u00f3n intimista, pintando escenas de la vida dom\u00e9stica, o interiores d\u00e9bilmente iluminados por una l\u00e1mpara.<\/p>\n","protected":false},"author":2,"featured_media":26494,"comment_status":"closed","ping_status":"closed","sticky":false,"template":"","format":"standard","meta":{"footnotes":""},"categories":[3005],"tags":[2027,1635,4087,3124,4090,4089,4088],"class_list":["post-13775","post","type-post","status-publish","format-standard","has-post-thumbnail","hentry","category-postimpresionismo","tag-academie-julien","tag-edouard-vuillard","tag-paneles-decorativos","tag-postimpresionismo","tag-retratos-de-vuillard","tag-vuillard-japonismo","tag-vuillard-periodo-nabi"],"yoast_head":"<!-- This site is optimized with the Yoast SEO plugin v27.2 - https:\/\/yoast.com\/product\/yoast-seo-wordpress\/ -->\n<title>Vuillard y la mirada intimista<\/title>\n<meta name=\"description\" content=\"Ya en su periodo nabi, Vuillard mostr\u00f3 su inclinaci\u00f3n intimista, pintando escenas de la vida dom\u00e9stica, o interiores d\u00e9bilmente iluminados por una l\u00e1mpara.\" \/>\n<meta name=\"robots\" content=\"index, follow, max-snippet:-1, max-image-preview:large, max-video-preview:-1\" \/>\n<link rel=\"canonical\" href=\"https:\/\/www.aparences.net\/es\/periodos\/postimpresionismo\/vuillard-y-la-mirada-intimista\/\" \/>\n<meta property=\"og:locale\" content=\"es_ES\" \/>\n<meta property=\"og:type\" content=\"article\" \/>\n<meta property=\"og:title\" content=\"Vuillard y la mirada intimista\" \/>\n<meta property=\"og:description\" content=\"Ya en su periodo nabi, Vuillard mostr\u00f3 su inclinaci\u00f3n intimista, pintando escenas de la vida dom\u00e9stica, o interiores d\u00e9bilmente iluminados por una l\u00e1mpara.\" \/>\n<meta property=\"og:url\" content=\"https:\/\/www.aparences.net\/es\/periodos\/postimpresionismo\/vuillard-y-la-mirada-intimista\/\" \/>\n<meta property=\"og:site_name\" content=\"Aparences\" \/>\n<meta property=\"article:published_time\" content=\"2018-03-19T10:23:57+00:00\" \/>\n<meta property=\"article:modified_time\" content=\"2025-12-11T18:40:56+00:00\" \/>\n<meta property=\"og:image\" content=\"https:\/\/www.aparences.net\/wp-content\/uploads\/2018\/03\/edouard-vuillard-1.jpg\" \/>\n\t<meta property=\"og:image:width\" content=\"1080\" \/>\n\t<meta property=\"og:image:height\" content=\"540\" \/>\n\t<meta property=\"og:image:type\" content=\"image\/jpeg\" \/>\n<meta name=\"author\" content=\"admin\" \/>\n<meta name=\"twitter:card\" content=\"summary_large_image\" \/>\n<meta name=\"twitter:label1\" content=\"Escrito por\" \/>\n\t<meta name=\"twitter:data1\" content=\"admin\" \/>\n\t<meta name=\"twitter:label2\" content=\"Tiempo de lectura\" \/>\n\t<meta name=\"twitter:data2\" content=\"17 minutos\" \/>\n<script type=\"application\/ld+json\" class=\"yoast-schema-graph\">{\"@context\":\"https:\/\/schema.org\",\"@graph\":[{\"@type\":\"Article\",\"@id\":\"https:\/\/www.aparences.net\/es\/periodos\/postimpresionismo\/vuillard-y-la-mirada-intimista\/#article\",\"isPartOf\":{\"@id\":\"https:\/\/www.aparences.net\/es\/periodos\/postimpresionismo\/vuillard-y-la-mirada-intimista\/\"},\"author\":{\"name\":\"admin\",\"@id\":\"https:\/\/www.aparences.net\/es\/#\/schema\/person\/af349f6ffc31b16c68963e61268afca5\"},\"headline\":\"Vuillard y la mirada intimista\",\"datePublished\":\"2018-03-19T10:23:57+00:00\",\"dateModified\":\"2025-12-11T18:40:56+00:00\",\"mainEntityOfPage\":{\"@id\":\"https:\/\/www.aparences.net\/es\/periodos\/postimpresionismo\/vuillard-y-la-mirada-intimista\/\"},\"wordCount\":2790,\"publisher\":{\"@id\":\"https:\/\/www.aparences.net\/es\/#organization\"},\"image\":{\"@id\":\"https:\/\/www.aparences.net\/es\/periodos\/postimpresionismo\/vuillard-y-la-mirada-intimista\/#primaryimage\"},\"thumbnailUrl\":\"https:\/\/www.aparences.net\/wp-content\/uploads\/2018\/03\/edouard-vuillard-1.jpg\",\"keywords\":[\"Acad\u00e9mie Julien\",\"Edouard Vuillard\",\"paneles decorativos\",\"postimpresionismo\",\"retratos de Vuillard\",\"Vuillard japonismo\",\"Vuillard per\u00edodo nabi\"],\"articleSection\":[\"Postimpresionismo\"],\"inLanguage\":\"es\"},{\"@type\":[\"WebPage\",\"ItemPage\"],\"@id\":\"https:\/\/www.aparences.net\/es\/periodos\/postimpresionismo\/vuillard-y-la-mirada-intimista\/\",\"url\":\"https:\/\/www.aparences.net\/es\/periodos\/postimpresionismo\/vuillard-y-la-mirada-intimista\/\",\"name\":\"Vuillard y la mirada intimista\",\"isPartOf\":{\"@id\":\"https:\/\/www.aparences.net\/es\/#website\"},\"primaryImageOfPage\":{\"@id\":\"https:\/\/www.aparences.net\/es\/periodos\/postimpresionismo\/vuillard-y-la-mirada-intimista\/#primaryimage\"},\"image\":{\"@id\":\"https:\/\/www.aparences.net\/es\/periodos\/postimpresionismo\/vuillard-y-la-mirada-intimista\/#primaryimage\"},\"thumbnailUrl\":\"https:\/\/www.aparences.net\/wp-content\/uploads\/2018\/03\/edouard-vuillard-1.jpg\",\"datePublished\":\"2018-03-19T10:23:57+00:00\",\"dateModified\":\"2025-12-11T18:40:56+00:00\",\"description\":\"Ya en su periodo nabi, Vuillard mostr\u00f3 su inclinaci\u00f3n intimista, pintando escenas de la vida dom\u00e9stica, o interiores d\u00e9bilmente iluminados por una l\u00e1mpara.\",\"breadcrumb\":{\"@id\":\"https:\/\/www.aparences.net\/es\/periodos\/postimpresionismo\/vuillard-y-la-mirada-intimista\/#breadcrumb\"},\"inLanguage\":\"es\",\"potentialAction\":[{\"@type\":\"ReadAction\",\"target\":[\"https:\/\/www.aparences.net\/es\/periodos\/postimpresionismo\/vuillard-y-la-mirada-intimista\/\"]}]},{\"@type\":\"ImageObject\",\"inLanguage\":\"es\",\"@id\":\"https:\/\/www.aparences.net\/es\/periodos\/postimpresionismo\/vuillard-y-la-mirada-intimista\/#primaryimage\",\"url\":\"https:\/\/www.aparences.net\/wp-content\/uploads\/2018\/03\/edouard-vuillard-1.jpg\",\"contentUrl\":\"https:\/\/www.aparences.net\/wp-content\/uploads\/2018\/03\/edouard-vuillard-1.jpg\",\"width\":1080,\"height\":540},{\"@type\":\"BreadcrumbList\",\"@id\":\"https:\/\/www.aparences.net\/es\/periodos\/postimpresionismo\/vuillard-y-la-mirada-intimista\/#breadcrumb\",\"itemListElement\":[{\"@type\":\"ListItem\",\"position\":1,\"name\":\"Portada\",\"item\":\"https:\/\/www.aparences.net\/es\/\"},{\"@type\":\"ListItem\",\"position\":2,\"name\":\"Vuillard y la mirada intimista\"}]},{\"@type\":\"WebSite\",\"@id\":\"https:\/\/www.aparences.net\/es\/#website\",\"url\":\"https:\/\/www.aparences.net\/es\/\",\"name\":\"Aparences: Historia del Arte y Actualidad Cultural\",\"description\":\"\",\"publisher\":{\"@id\":\"https:\/\/www.aparences.net\/es\/#organization\"},\"potentialAction\":[{\"@type\":\"SearchAction\",\"target\":{\"@type\":\"EntryPoint\",\"urlTemplate\":\"https:\/\/www.aparences.net\/es\/?s={search_term_string}\"},\"query-input\":{\"@type\":\"PropertyValueSpecification\",\"valueRequired\":true,\"valueName\":\"search_term_string\"}}],\"inLanguage\":\"es\"},{\"@type\":\"Organization\",\"@id\":\"https:\/\/www.aparences.net\/es\/#organization\",\"name\":\"Aparences: Historia del Arte y Actualidad Cultural\",\"url\":\"https:\/\/www.aparences.net\/es\/\",\"logo\":{\"@type\":\"ImageObject\",\"inLanguage\":\"es\",\"@id\":\"https:\/\/www.aparences.net\/es\/#\/schema\/logo\/image\/\",\"url\":\"https:\/\/www.aparences.net\/wp-content\/uploads\/2023\/09\/logo-quadrat-color-e1695915315229.png\",\"contentUrl\":\"https:\/\/www.aparences.net\/wp-content\/uploads\/2023\/09\/logo-quadrat-color-e1695915315229.png\",\"width\":120,\"height\":120,\"caption\":\"Aparences: Historia del Arte y Actualidad Cultural\"},\"image\":{\"@id\":\"https:\/\/www.aparences.net\/es\/#\/schema\/logo\/image\/\"}},{\"@type\":\"Person\",\"@id\":\"https:\/\/www.aparences.net\/es\/#\/schema\/person\/af349f6ffc31b16c68963e61268afca5\",\"name\":\"admin\",\"url\":\"https:\/\/www.aparences.net\/es\/author\/admin\/\"}]}<\/script>\n<!-- \/ Yoast SEO plugin. -->","yoast_head_json":{"title":"Vuillard y la mirada intimista","description":"Ya en su periodo nabi, Vuillard mostr\u00f3 su inclinaci\u00f3n intimista, pintando escenas de la vida dom\u00e9stica, o interiores d\u00e9bilmente iluminados por una l\u00e1mpara.","robots":{"index":"index","follow":"follow","max-snippet":"max-snippet:-1","max-image-preview":"max-image-preview:large","max-video-preview":"max-video-preview:-1"},"canonical":"https:\/\/www.aparences.net\/es\/periodos\/postimpresionismo\/vuillard-y-la-mirada-intimista\/","og_locale":"es_ES","og_type":"article","og_title":"Vuillard y la mirada intimista","og_description":"Ya en su periodo nabi, Vuillard mostr\u00f3 su inclinaci\u00f3n intimista, pintando escenas de la vida dom\u00e9stica, o interiores d\u00e9bilmente iluminados por una l\u00e1mpara.","og_url":"https:\/\/www.aparences.net\/es\/periodos\/postimpresionismo\/vuillard-y-la-mirada-intimista\/","og_site_name":"Aparences","article_published_time":"2018-03-19T10:23:57+00:00","article_modified_time":"2025-12-11T18:40:56+00:00","og_image":[{"width":1080,"height":540,"url":"https:\/\/www.aparences.net\/wp-content\/uploads\/2018\/03\/edouard-vuillard-1.jpg","type":"image\/jpeg"}],"author":"admin","twitter_card":"summary_large_image","twitter_misc":{"Escrito por":"admin","Tiempo de lectura":"17 minutos"},"schema":{"@context":"https:\/\/schema.org","@graph":[{"@type":"Article","@id":"https:\/\/www.aparences.net\/es\/periodos\/postimpresionismo\/vuillard-y-la-mirada-intimista\/#article","isPartOf":{"@id":"https:\/\/www.aparences.net\/es\/periodos\/postimpresionismo\/vuillard-y-la-mirada-intimista\/"},"author":{"name":"admin","@id":"https:\/\/www.aparences.net\/es\/#\/schema\/person\/af349f6ffc31b16c68963e61268afca5"},"headline":"Vuillard y la mirada intimista","datePublished":"2018-03-19T10:23:57+00:00","dateModified":"2025-12-11T18:40:56+00:00","mainEntityOfPage":{"@id":"https:\/\/www.aparences.net\/es\/periodos\/postimpresionismo\/vuillard-y-la-mirada-intimista\/"},"wordCount":2790,"publisher":{"@id":"https:\/\/www.aparences.net\/es\/#organization"},"image":{"@id":"https:\/\/www.aparences.net\/es\/periodos\/postimpresionismo\/vuillard-y-la-mirada-intimista\/#primaryimage"},"thumbnailUrl":"https:\/\/www.aparences.net\/wp-content\/uploads\/2018\/03\/edouard-vuillard-1.jpg","keywords":["Acad\u00e9mie Julien","Edouard Vuillard","paneles decorativos","postimpresionismo","retratos de Vuillard","Vuillard japonismo","Vuillard per\u00edodo nabi"],"articleSection":["Postimpresionismo"],"inLanguage":"es"},{"@type":["WebPage","ItemPage"],"@id":"https:\/\/www.aparences.net\/es\/periodos\/postimpresionismo\/vuillard-y-la-mirada-intimista\/","url":"https:\/\/www.aparences.net\/es\/periodos\/postimpresionismo\/vuillard-y-la-mirada-intimista\/","name":"Vuillard y la mirada intimista","isPartOf":{"@id":"https:\/\/www.aparences.net\/es\/#website"},"primaryImageOfPage":{"@id":"https:\/\/www.aparences.net\/es\/periodos\/postimpresionismo\/vuillard-y-la-mirada-intimista\/#primaryimage"},"image":{"@id":"https:\/\/www.aparences.net\/es\/periodos\/postimpresionismo\/vuillard-y-la-mirada-intimista\/#primaryimage"},"thumbnailUrl":"https:\/\/www.aparences.net\/wp-content\/uploads\/2018\/03\/edouard-vuillard-1.jpg","datePublished":"2018-03-19T10:23:57+00:00","dateModified":"2025-12-11T18:40:56+00:00","description":"Ya en su periodo nabi, Vuillard mostr\u00f3 su inclinaci\u00f3n intimista, pintando escenas de la vida dom\u00e9stica, o interiores d\u00e9bilmente iluminados por una l\u00e1mpara.","breadcrumb":{"@id":"https:\/\/www.aparences.net\/es\/periodos\/postimpresionismo\/vuillard-y-la-mirada-intimista\/#breadcrumb"},"inLanguage":"es","potentialAction":[{"@type":"ReadAction","target":["https:\/\/www.aparences.net\/es\/periodos\/postimpresionismo\/vuillard-y-la-mirada-intimista\/"]}]},{"@type":"ImageObject","inLanguage":"es","@id":"https:\/\/www.aparences.net\/es\/periodos\/postimpresionismo\/vuillard-y-la-mirada-intimista\/#primaryimage","url":"https:\/\/www.aparences.net\/wp-content\/uploads\/2018\/03\/edouard-vuillard-1.jpg","contentUrl":"https:\/\/www.aparences.net\/wp-content\/uploads\/2018\/03\/edouard-vuillard-1.jpg","width":1080,"height":540},{"@type":"BreadcrumbList","@id":"https:\/\/www.aparences.net\/es\/periodos\/postimpresionismo\/vuillard-y-la-mirada-intimista\/#breadcrumb","itemListElement":[{"@type":"ListItem","position":1,"name":"Portada","item":"https:\/\/www.aparences.net\/es\/"},{"@type":"ListItem","position":2,"name":"Vuillard y la mirada intimista"}]},{"@type":"WebSite","@id":"https:\/\/www.aparences.net\/es\/#website","url":"https:\/\/www.aparences.net\/es\/","name":"Aparences: Historia del Arte y Actualidad Cultural","description":"","publisher":{"@id":"https:\/\/www.aparences.net\/es\/#organization"},"potentialAction":[{"@type":"SearchAction","target":{"@type":"EntryPoint","urlTemplate":"https:\/\/www.aparences.net\/es\/?s={search_term_string}"},"query-input":{"@type":"PropertyValueSpecification","valueRequired":true,"valueName":"search_term_string"}}],"inLanguage":"es"},{"@type":"Organization","@id":"https:\/\/www.aparences.net\/es\/#organization","name":"Aparences: Historia del Arte y Actualidad Cultural","url":"https:\/\/www.aparences.net\/es\/","logo":{"@type":"ImageObject","inLanguage":"es","@id":"https:\/\/www.aparences.net\/es\/#\/schema\/logo\/image\/","url":"https:\/\/www.aparences.net\/wp-content\/uploads\/2023\/09\/logo-quadrat-color-e1695915315229.png","contentUrl":"https:\/\/www.aparences.net\/wp-content\/uploads\/2023\/09\/logo-quadrat-color-e1695915315229.png","width":120,"height":120,"caption":"Aparences: Historia del Arte y Actualidad Cultural"},"image":{"@id":"https:\/\/www.aparences.net\/es\/#\/schema\/logo\/image\/"}},{"@type":"Person","@id":"https:\/\/www.aparences.net\/es\/#\/schema\/person\/af349f6ffc31b16c68963e61268afca5","name":"admin","url":"https:\/\/www.aparences.net\/es\/author\/admin\/"}]}},"_links":{"self":[{"href":"https:\/\/www.aparences.net\/es\/wp-json\/wp\/v2\/posts\/13775","targetHints":{"allow":["GET"]}}],"collection":[{"href":"https:\/\/www.aparences.net\/es\/wp-json\/wp\/v2\/posts"}],"about":[{"href":"https:\/\/www.aparences.net\/es\/wp-json\/wp\/v2\/types\/post"}],"author":[{"embeddable":true,"href":"https:\/\/www.aparences.net\/es\/wp-json\/wp\/v2\/users\/2"}],"replies":[{"embeddable":true,"href":"https:\/\/www.aparences.net\/es\/wp-json\/wp\/v2\/comments?post=13775"}],"version-history":[{"count":0,"href":"https:\/\/www.aparences.net\/es\/wp-json\/wp\/v2\/posts\/13775\/revisions"}],"wp:featuredmedia":[{"embeddable":true,"href":"https:\/\/www.aparences.net\/es\/wp-json\/wp\/v2\/media\/26494"}],"wp:attachment":[{"href":"https:\/\/www.aparences.net\/es\/wp-json\/wp\/v2\/media?parent=13775"}],"wp:term":[{"taxonomy":"category","embeddable":true,"href":"https:\/\/www.aparences.net\/es\/wp-json\/wp\/v2\/categories?post=13775"},{"taxonomy":"post_tag","embeddable":true,"href":"https:\/\/www.aparences.net\/es\/wp-json\/wp\/v2\/tags?post=13775"}],"curies":[{"name":"wp","href":"https:\/\/api.w.org\/{rel}","templated":true}]}}