{"id":13801,"date":"2018-09-08T18:03:17","date_gmt":"2018-09-08T16:03:17","guid":{"rendered":"https:\/\/www.aparences.net\/art-et-mecenat\/le-portrait-a-la-renaissance-italienne\/lo-simbolico-en-el-retrato\/"},"modified":"2025-12-11T19:40:56","modified_gmt":"2025-12-11T18:40:56","slug":"lo-simbolico-en-el-retrato","status":"publish","type":"post","link":"https:\/\/www.aparences.net\/es\/arte-y-mecenazgo\/el-retrato-en-el-renacimiento-italiano\/lo-simbolico-en-el-retrato\/","title":{"rendered":"Lo simb\u00f3lico en el retrato"},"content":{"rendered":"<p><!--contents--><\/p>\n\n\n<h2 class=\"wp-block-heading\">Vestimenta, accesorios, atributos<\/h2>\n\n\n\n<p>Signos de una condici\u00f3n social, la vestimenta del modelo, as\u00ed como sus ornamentos y objetos que lo rodean, pueden tener significados simb\u00f3licos o puramente aleg\u00f3ricos.<\/p>\n\n\n\n<!--more-->\n\n\n\n<p>En esta particular \u00abperformance\u00bb que es el retrato, donde el modelo tiende a mostrar su lado m\u00e1s amable, siempre se ha prestado gran atenci\u00f3n a la indumentaria. El vestuario indicaba una funci\u00f3n particular o pertenencia a un grupo social. Cadenas, anillos, medallas, pod\u00edan indicar distinciones honor\u00edficas. La riqueza del vestido y las joyas, proclamaba tanto en la vida como en el arte, un alto estatus, a veces sugerido por accesorios anodinos, como los guantes que indicaban que el que los llevaba no pod\u00eda ejercer una actividad manual. En el siglo XVI, la gran importancia atribuida a la ropa y a los accesorios queda demostrada por el uso de prestar al artista ropa y joyas para que puiera reproducirlas fielmente, como hizo <a href=\"https:\/\/www.aparences.net\/es\/escuelas\/la-pintura-veneciana\/tiziano-vecellio-biografia\/\">Tiziano<\/a> para la armadura de <a href=\"https:\/\/www.aparences.net\/es\/arte-y-mecenazgo\/el-mecenazgo-en-urbino\/la-familia-della-rovere\/\">Francesco Maria della Rovere<\/a> y para el vestido de Elisabetta da Varano. Los objetos representados en las manos del modelo contribuyeron as\u00ed a definir su identidad, desde el cetro del soberano hasta el libro del hombre de letras. Independientemente de que sean o no de su propiedad, a menudo se eligen debido a sus connotaciones morales o sociales, y por lo tanto deben leerse en un sentido m\u00e1s aleg\u00f3rico que literal. Tal es el caso del caniche en los retratos femeninos, <strong>s\u00edmbolo de fidelidad<\/strong>, o el mast\u00edn en los retratos masculinos, que se refiere a la caza y a la virilidad aristocr\u00e1tica. El atributo puede tener un valor puramente aleg\u00f3rico como en el caso de la serpiente alrededor del cuello de <a href=\"https:\/\/www.aparences.net\/es\/arte-y-mecenazgo\/el-retrato-en-el-renacimiento-italiano\/retratos-memoria-y-celebracion\/#piero-di-cosimo:-simonetta-vespucci\">Simonetta Vespucci<\/a>. El significado aleg\u00f3rico, sin embargo, puede estar m\u00e1s oculto. En el <em>Retrato de Andrea Odoni<\/em> de Lorenzo Lotto, por ejemplo, el coleccionista est\u00e1 rodeado de esculturas y monedas. Ninguno de aquellos objetos era de su propiedad: su presencia en la pintura, pretend\u00eda, a trav\u00e9s de una compleja alegor\u00eda, significar presagio de fecundidad del retratado.<\/p>\n\n\n<div class=\"wp-block-image\">\n<figure class=\"aligncenter\"><img loading=\"lazy\" decoding=\"async\" width=\"376\" height=\"460\" src=\"https:\/\/www.aparences.net\/wp-content\/uploads\/2018\/08\/agnolo-bronzino-portrait-de-lucrezia-panciatichi-1541-1545-florence-offices.jpg\" alt=\"Retrato de Lucrecia Panciatichi, 1541-1545, Agnolo Bronzino\" class=\"wp-image-18452\" title=\"Retrato de Lucrecia Panciatichi, 1541-1545, Agnolo Bronzino\" srcset=\"https:\/\/www.aparences.net\/wp-content\/uploads\/2018\/08\/agnolo-bronzino-portrait-de-lucrezia-panciatichi-1541-1545-florence-offices.jpg 376w, https:\/\/www.aparences.net\/wp-content\/uploads\/2018\/08\/agnolo-bronzino-portrait-de-lucrezia-panciatichi-1541-1545-florence-offices-245x300.jpg 245w\" sizes=\"auto, (max-width: 376px) 100vw, 376px\" \/><figcaption class=\"wp-element-caption\"><em><strong>Retrato de Lucrecia Panciatichi<\/strong>, 1541-1545, <\/em><br><em><strong>Agnolo Bronzino<\/strong> (Florencia, Museo de los Oficios)<\/em><\/figcaption><\/figure>\n<\/div>\n\n\n<p><em>La dama, con su tez de marfil y el cuello largo y elegante, esta sentada de tres cuartos en una silla de madera; su mano izquierda en la que se puede ver un anillo esta apoyada en el reposabrazos tallado, su mano derecha se posa en un libro de oraciones abierto, lo que permite leer algunas palabras. El suntuoso vestido rojo est\u00e1 adornado con encaje y un cintur\u00f3n hecho de oro y piedras preciosas. Las joyas representan no s\u00f3lo que la dama pertenece a una clase social alta, sino tambi\u00e9n el reflejo de su personalidad en la <strong>simbolog\u00eda de las gemas<\/strong>, y en el lema \u00abEl amor dura sin fin\u00bb inscrito en el colgante de su collar de perlas. La frase puede referirse al amor conyugal o al amor de Dios por los hombres. Lucrezia esta sentada delante de un nicho oscuro entre dos columnas j\u00f3nicas, <strong>s\u00edmbolo de belleza y de castidad<\/strong>. Este <a href=\"https:\/\/www.aparences.net\/es\/arte-y-mecenazgo\/el-retrato-en-el-renacimiento-italiano\/retratos-florentinos-del-siglo-xvi\/\">retrato manierista<\/a> fue realizado junto con el de su esposo Bartolomeo Panciatichi, hoy en el mismo museo.<\/em><\/p>\n\n\n<div class=\"wp-block-image\">\n<figure class=\"aligncenter\"><img loading=\"lazy\" decoding=\"async\" width=\"594\" height=\"400\" src=\"https:\/\/www.aparences.net\/wp-content\/uploads\/2018\/08\/hans-holbein-le-jeune-portrait-de-georg-gisze-1532.jpg\" alt=\"Retrato de Georg Gisze, 1532, Hans Holbein el Joven\" class=\"wp-image-18440\" title=\"Retrato de Georg Gisze, 1532, Hans Holbein el Joven\" srcset=\"https:\/\/www.aparences.net\/wp-content\/uploads\/2018\/08\/hans-holbein-le-jeune-portrait-de-georg-gisze-1532.jpg 594w, https:\/\/www.aparences.net\/wp-content\/uploads\/2018\/08\/hans-holbein-le-jeune-portrait-de-georg-gisze-1532-300x202.jpg 300w\" sizes=\"auto, (max-width: 594px) 100vw, 594px\" \/><figcaption class=\"wp-element-caption\"><em><strong>Retrato de Georg Gisze<\/strong>, 1532, <strong>Hans Holbein el Joven<\/strong> <\/em><br><em>(Berl\u00edn, Staatliche Museen Gem\u00e4ldegalerie)<\/em><\/figcaption><\/figure>\n<\/div>\n\n\n<p><em>El nombre del modelo, el comerciante Georg Gisze, aparece en la carta que sostiene en sus manos y en una nota en la parte superior, sobre la cabeza del retratado. Adem\u00e1s, en la parte izquierda hay inscrita la m\u00e1xima \u00abno hay placer sin dolor\u00bb atribuida al propio Gisze. Est\u00e1 rodeado de una serie de objetos aleg\u00f3ricos, como el ramo de claveles. El clavel era <strong>s\u00edmbolo de compromiso matrimonial<\/strong>. Los objetos representados en la pintura atestiguan no s\u00f3lo el estado social y los intereses del retratado, sino tambi\u00e9n la habilidad del pintor. El nivel de vida del personaje est\u00e1 se ha querido se\u00f1alar en la preciosa alfombra de Anatolia, a la que se ha llamado \u00abHolbein con motivos peque\u00f1os\u00bb. Esta designaci\u00f3n todav\u00eda en uso, se remonta al siglo XIX, cuando los estudios sobre tejidos antiguos se basaban en los testimonios meticulosos y frecuentes de pintores como <a href=\"https:\/\/www.aparences.net\/es\/periodos\/el-renacimiento-nordico\/hans-holbein-el-joven\/\">Holbein<\/a>. Sobre la mesa hay objetos relacionados con la profesi\u00f3n de Georg Gisze: sellos, cera, plumas, monedas. Detr\u00e1s de \u00e9l cuelga una balanza de precisi\u00f3n.<\/em><\/p>\n\n\n<div class=\"wp-block-image\">\n<figure class=\"aligncenter\"><img loading=\"lazy\" decoding=\"async\" width=\"610\" height=\"414\" src=\"https:\/\/www.aparences.net\/wp-content\/uploads\/2018\/08\/lorenzo-lotto-marsilio-cassotti-et-son-epouse-faustina-1523.jpg\" alt=\"Marsilio Cassotti y su esposa, Lorenzo Lotto\" class=\"wp-image-18442\" title=\"Marsilio Cassotti y su esposa, Lorenzo Lotto\" srcset=\"https:\/\/www.aparences.net\/wp-content\/uploads\/2018\/08\/lorenzo-lotto-marsilio-cassotti-et-son-epouse-faustina-1523.jpg 610w, https:\/\/www.aparences.net\/wp-content\/uploads\/2018\/08\/lorenzo-lotto-marsilio-cassotti-et-son-epouse-faustina-1523-300x204.jpg 300w\" sizes=\"auto, (max-width: 610px) 100vw, 610px\" \/><figcaption class=\"wp-element-caption\"><em><strong>Marsilio Cassotti y su esposa Faustina<\/strong>, 1523, <strong>Lorenzo Lotto<\/strong> (Madrid, Museo del Prado)<\/em><\/figcaption><\/figure>\n<\/div>\n\n\n<p><em>El retrato conmemora el enlace de Marsilio Cassotti con Faustino Assonica, miembro de una familia patricia de B\u00e9rgamo. La importancia que la ropa y los accesorios tuvieron para los retratados y para el pintor se evidencia en el \u00abLibro de gastos diversos\u00bb de <a href=\"https:\/\/www.aparences.net\/es\/periodos\/lorenzo-lotto-biografia-y-obra\/\">Lorenzo Lotto<\/a>, que destaca el alto costo de \u00abla imitaci\u00f3n de las vestimentas de seda, sombreros y collares\u00bb. Detr\u00e1s de los esposos, un sonriente Cupido coloca sobre sus hombros un yugo, alusi\u00f3n al compromiso que implica el v\u00ednculo matrimonial. La pintura fue encargada por el padre de Marsilio, y es probable que la idea del yugo fuera de \u00e9l.<\/em><\/p>\n\n\n<div class=\"wp-block-image\">\n<figure class=\"aligncenter\"><img loading=\"lazy\" decoding=\"async\" width=\"610\" height=\"377\" src=\"https:\/\/www.aparences.net\/wp-content\/uploads\/2018\/08\/lorenzo-lotto-marsilio-cassotti-et-son-epouse-faustina-1523-.jpg\" alt=\"Marsilio Cassotti y su esposa Faustina, Lorenzo Lotto\" class=\"wp-image-18441\" title=\"Marsilio Cassotti y su esposa Faustina, Lorenzo Lotto\" srcset=\"https:\/\/www.aparences.net\/wp-content\/uploads\/2018\/08\/lorenzo-lotto-marsilio-cassotti-et-son-epouse-faustina-1523-.jpg 610w, https:\/\/www.aparences.net\/wp-content\/uploads\/2018\/08\/lorenzo-lotto-marsilio-cassotti-et-son-epouse-faustina-1523--300x185.jpg 300w\" sizes=\"auto, (max-width: 610px) 100vw, 610px\" \/><\/figure>\n<\/div>\n\n\n<p><em>Las ramas de laurel que rodean a los esposos son <strong>s\u00edmbolo de virtud<\/strong>, especialmente de fidelidad conyugal. La pintura representa el momento del intercambio de votos, cuando Marsilo se dispone a introducir la alianza en el dedo de Faustina, como si quisieran tomar com testigo al espectador. El camafeo con la imagen de Faustina la Mayor, mujer prol\u00edfica del emperador Marco Aurelio, se refiere a la vez al nombre de la esposa y como augurios de fertilidad.<\/em><\/p>\n\n\n<div class=\"wp-block-image\">\n<figure class=\"aligncenter\"><img loading=\"lazy\" decoding=\"async\" width=\"314\" height=\"460\" src=\"https:\/\/www.aparences.net\/wp-content\/uploads\/2018\/08\/sebastiano-del-piombo-portrait-andrea-doria-1526.jpg\" alt=\"Andrea Doria, 1526, Sebastiano del Piombo\" class=\"wp-image-18443\" title=\"Andrea Doria, 1526, Sebastiano del Piombo\" srcset=\"https:\/\/www.aparences.net\/wp-content\/uploads\/2018\/08\/sebastiano-del-piombo-portrait-andrea-doria-1526.jpg 314w, https:\/\/www.aparences.net\/wp-content\/uploads\/2018\/08\/sebastiano-del-piombo-portrait-andrea-doria-1526-205x300.jpg 205w\" sizes=\"auto, (max-width: 314px) 100vw, 314px\" \/><figcaption class=\"wp-element-caption\"><em><strong>Retrato de Andrea Doria<\/strong>, 1526, <\/em><br><em><strong>Sebastiano del Piombo<\/strong> (G\u00e9nova, Palazzo Doria)<\/em><\/figcaption><\/figure>\n<\/div>\n\n\n<p><em>Esta pintura fue ejecutada para <a href=\"https:\/\/www.aparences.net\/es\/arte-y-mecenazgo\/roma-mecenazgo-y-poder-papal\/clemente-vii-medicis\/\">Clemente VII<\/a>, quien le pidi\u00f3 al pintor que hiciera un retrato del almirante antes de que marchara de Roma. De acuerdo con una disposici\u00f3n muy extendida en el retrato veneciano, el modelo se ha colocado detr\u00e1s de un parapeto. La mano derecha indica al espectador el friso tallado. En el parapeto hay seis trofeos navales alineados, tomados de un fragmento de bajo relieve del per\u00edodo de Augusto, muy copiado en el Renacimiento, hoy en el Museo Capitolino. La referencia a las glorias militares de Roma ten\u00eda un significado espec\u00edfico relacionado con el reciente nombramiento de Andrea Doria como capit\u00e1n general del Papa. El retrato celebra el compromiso de la Iglesia con uno de los jefes militares m\u00e1s h\u00e1biles de la \u00e9poca, mostr\u00e1ndolo como un descendiente ideal de los antiguos almirantes romanos.<\/em><\/p>\n\n\n<div class=\"wp-block-image\">\n<figure class=\"aligncenter\"><img loading=\"lazy\" decoding=\"async\" width=\"525\" height=\"430\" src=\"https:\/\/www.aparences.net\/wp-content\/uploads\/2018\/08\/lorenzo-lotto-portrait-d-epoux-1523-1524.jpg\" alt=\"Retrato de un matrimonio, 1523-1524, Lorenzo Lotto\" class=\"wp-image-18444\" title=\"Retrato de un matrimonio, 1523-1524, Lorenzo Lotto\" srcset=\"https:\/\/www.aparences.net\/wp-content\/uploads\/2018\/08\/lorenzo-lotto-portrait-d-epoux-1523-1524.jpg 525w, https:\/\/www.aparences.net\/wp-content\/uploads\/2018\/08\/lorenzo-lotto-portrait-d-epoux-1523-1524-300x246.jpg 300w\" sizes=\"auto, (max-width: 525px) 100vw, 525px\" \/><figcaption class=\"wp-element-caption\"><em><strong>Retrato de un matrimonio<\/strong>, 1523-1524,<strong> Lorenzo Lotto<\/strong> <\/em><br><em>(San Petersburgo, Museo del Hermitage)<\/em><\/figcaption><\/figure>\n<\/div>\n\n\n<p><em>El elemento m\u00e1s enigm\u00e1tico de este doble retrato es el gesto del hombre, que se\u00f1ala a una ardilla y sostiene en su mano una hoja con la inscripci\u00f3n \u00abHomo nunquam\u00bb (El hombre nunca): \u00bfqu\u00e9 hace el animal que el hombre nunca har\u00eda? Otra particularidad del retrato es la ubicaci\u00f3n m\u00e1s alta de la esposa en comparaci\u00f3n con la de su marido, lo cual es contrario a las convenciones de la \u00e9poca. Aunque la mujer pone una mano protectora en el brazo del hombre, las l\u00edneas del cortinaje y de la mesa la a\u00edslan visualmente en una posici\u00f3n separada. El paisaje del fondo, es un paisaje de tormenta, como lo indican las ramas de los \u00e1rboles dobladas por el viento. El hombre tiene los ojos nublados y la nariz enrojecida. El tono de su piel contrasta con la palidez del rostro de su mujer. Se tratar\u00eda de un retrato p\u00f3stumo de ella. La ardilla dormida podr\u00eda referirse a la observaci\u00f3n de Plinio el Viejo de que este animal duerme cuando hay tormenta, lo que no puede hacer el esposo abrumado por el dolor.<\/em><\/p>\n\n\n\n<p>Reservado principalmente a pr\u00edncipes y arist\u00f3cratas, poco a poco el retrato va extendi\u00e9ndose a la burgues\u00eda. A partir del siglo XVI, hay una ampliaci\u00f3n considerable de su base social, que incluye no s\u00f3lo a comerciantes enriquecidos y a miembros de profesiones liberales, sino tambi\u00e9n a artesanos, a pesar de las invectivas de <a href=\"https:\/\/es.wikipedia.org\/wiki\/Enrique_Cornelio_Agripa_de_Nettesheim\">Aretino<\/a> contra \u00absu execrable \u00e9poca, en la que sastres y carniceros pod\u00edan ser inmortalizados en pintura\u00bb. Es el caso de <strong><em>El sastre<\/em>, retrato de un artesano<\/strong> que pertenece a una clase social poco elevada, aunque su expresi\u00f3n y vestimenta nos hace deducir que se enorgullece de un cierto desahogo econ\u00f3mico.<\/p>\n\n\n<div class=\"wp-block-image\">\n<figure class=\"aligncenter\"><img loading=\"lazy\" decoding=\"async\" width=\"344\" height=\"460\" src=\"https:\/\/www.aparences.net\/wp-content\/uploads\/2018\/08\/giovan-battista-moroni-le-tailleur-londres-national-gallery.jpg\" alt=\"El sastre, 1565-1570, Giovan Battista Moroni\" class=\"wp-image-18445\" title=\"El sastre, 1565-1570, Giovan Battista Moroni\" srcset=\"https:\/\/www.aparences.net\/wp-content\/uploads\/2018\/08\/giovan-battista-moroni-le-tailleur-londres-national-gallery.jpg 344w, https:\/\/www.aparences.net\/wp-content\/uploads\/2018\/08\/giovan-battista-moroni-le-tailleur-londres-national-gallery-224x300.jpg 224w\" sizes=\"auto, (max-width: 344px) 100vw, 344px\" \/><figcaption class=\"wp-element-caption\"><em><strong>El sastre<\/strong>, 1565-1570, <strong>Giovan Battista Moroni<\/strong> <\/em><br><em>(Londres, National Gallery)<\/em><\/figcaption><\/figure>\n<\/div>\n\n\n<p><em>La intensidad de la mirada y la expresi\u00f3n seria y reflexiva &#8211; que no difiere mucho de lo que se muestra en retratos parecidos de caballeros que abandonan por un momento la lectura de un libro o de una carta, confiere una gran dignidad tanto a la persona del artesano como a su trabajo. El sastre est\u00e1 representado junto a los instrumentos de su oficio y llevando a cabo su labor. Se concentra en cortar una tela en la que se han marcado con tiza las l\u00edneas del traje que va a confeccionar.<\/em><\/p>\n\n\n<div class=\"wp-block-image\">\n<figure class=\"aligncenter\"><img loading=\"lazy\" decoding=\"async\" width=\"610\" height=\"374\" src=\"https:\/\/www.aparences.net\/wp-content\/uploads\/2018\/08\/lorenzo-lotto-triple-portrait.jpg\" alt=\"Retrato triple de orfebre, c. 1530, Lorenzo Lotto\" class=\"wp-image-18446\" title=\"Retrato triple de orfebre, c. 1530, Lorenzo Lotto\" srcset=\"https:\/\/www.aparences.net\/wp-content\/uploads\/2018\/08\/lorenzo-lotto-triple-portrait.jpg 610w, https:\/\/www.aparences.net\/wp-content\/uploads\/2018\/08\/lorenzo-lotto-triple-portrait-300x184.jpg 300w\" sizes=\"auto, (max-width: 610px) 100vw, 610px\" \/><figcaption class=\"wp-element-caption\"><em><strong>Retrato triple de orfebre<\/strong>, c. 1530, <strong>Lorenzo Lotto<\/strong> (Viena, Kunsthistorisches Museum)<\/em><\/figcaption><\/figure>\n<\/div>\n\n\n<p><em>Se ha sugerido varias hip\u00f3tesis para explicar la elecci\u00f3n inusual de representar el modelo desde tres puntos de vista diferentes. Una se basa en el gusto bien conocido del pintor por los enigmas visuales: los \u00abtre visi\u00bb ( tres caras) corresponden a Treviso (la ciudad de Treviso) y designan el lugar de origen del modelo del que se desconoce su identidad. La peque\u00f1a caja de anillos que sostiene en su mano sugiere que se trata de un joyero o de un orfebre. Por su car\u00e1cter intimista, el retrato podr\u00eda ser el de Bartolomeo Carpan, un amigo del pintor, orfebre en Treviso. Este retrato triple hace recordar los fuertes debates de aquella \u00e9poca sobre la preeminencia de la pintura o la escultura. En Venecia, donde se realiz\u00f3 este retrato, <a href=\"https:\/\/www.aparences.net\/es\/escuelas\/la-pintura-veneciana\/el-cinquecento-o-alto-renacimiento-en-venecia\/\">Giorgione<\/a> ya hab\u00eda demostrado la capacidad de la pintura de mostrar un objeto desde varios puntos de vista al representar una figura reflejada en un espejo y en la superficie de un estanque. El hecho de que la figura del retrato sea un orfebre, cuyo arte podr\u00eda compararse con el del escultor, har\u00eda m\u00e1s relevante esta evocaci\u00f3n.<\/em><\/p>\n\n\n\n<!-- AdBoxRight2020 --><ins class=\"adsbygoogle\"     style=\"display:block; margin-top:30px;\"     data-ad-client=\"ca-pub-2468002815867636\"     data-ad-slot=\"3496014735\"     data-ad-format=\"auto\"     data-full-width-responsive=\"false\"><\/ins><script> (adsbygoogle = window.adsbygoogle || []).push({});<\/script><h2 class=\"wp-block-heading\">Giorgio Vasari: Retrato de Alessandro de M\u00e9dicis<\/h2>\n\n\n\n<p>La toma de Florencia por las tropas imperiales en 1530 tuvo como primera consecuencia el regreso al poder de <a href=\"https:\/\/www.aparences.net\/es\/arte-y-mecenazgo\/florencia-y-los-medicis\/\">los M\u00e9dicis<\/a>. Con el benepl\u00e1cito de Carlos V y Clemente VII, Alessandro, hijo natural de Lorenzo, duque de Urbino, recibi\u00f3 el gobierno de la ciudad y el poder sobre todas las posesiones florentinas en la Toscana. Con la pintura que representa al joven Alessandro de M\u00e9dicis (1510-1537), Vasari ejecuta el primer retrato de un M\u00e9dicis con armadura. La cr\u00edtica se ha interesado en los comentarios sobre la <strong>simbolog\u00eda del retrato<\/strong> que el mismo Vasari proporcion\u00f3 en una carta. En una comparaci\u00f3n a la vez cortesana y petulante, <strong>Vasari equipara su trabajo para Alessandro de M\u00e9dicis al de Apeles para Alejandro de Macedonia<\/strong>, una obra de celebraci\u00f3n destinada a un soberano y ya no a un magistrado de la rep\u00fablica florentina, como fue el caso de su retrato anterior de <a href=\"https:\/\/www.aparences.net\/es\/arte-y-mecenazgo\/florencia-y-los-medicis\/lorenzo-el-magnifico\/\">Lorenzo el Magn\u00edfico<\/a>. La armadura y el casco descansando en el suelo como <strong>s\u00edmbolo de paz<\/strong>, representa el deber del se\u00f1or medieval de proteger su ciudad, las armas contrastan con la vestimenta civil que hasta entonces usaban los M\u00e9dicis. De hecho, son <strong>s\u00edmbolos aristocr\u00e1ticos<\/strong> vinculados al pr\u00edncipe y a la nueva forma de gobierno mon\u00e1rquico que se impone en Florencia y reemplaza a la rep\u00fablica. El casco y la coraza del duque sirven de espejos, cuya superficie presenta reflejos identificables, dos en el casco y uno en la coraza: \u00abLa armadura que viste, blanca, brilla como deber\u00eda hacerlo el espejo del pr\u00edncipe, donde sus conciudadanos pudieran ver reflejadas las acciones de la vida.\u00bb Vasari<\/p>\n\n\n<div class=\"wp-block-image\">\n<figure class=\"aligncenter\"><img loading=\"lazy\" decoding=\"async\" width=\"526\" height=\"429\" src=\"https:\/\/www.aparences.net\/wp-content\/uploads\/2018\/08\/giorgio-vasari-portrait-alexandre-de-medicis-vers-1534.jpg\" alt=\"Retrato de Alessandro de M\u00e9dicis, Giorgio Vasari\" class=\"wp-image-18453\" title=\"Retrato de Alessandro de M\u00e9dicis, Giorgio Vasari\" srcset=\"https:\/\/www.aparences.net\/wp-content\/uploads\/2018\/08\/giorgio-vasari-portrait-alexandre-de-medicis-vers-1534.jpg 526w, https:\/\/www.aparences.net\/wp-content\/uploads\/2018\/08\/giorgio-vasari-portrait-alexandre-de-medicis-vers-1534-300x245.jpg 300w\" sizes=\"auto, (max-width: 526px) 100vw, 526px\" \/><figcaption class=\"wp-element-caption\"><em><strong>Retrato del duque Alessandro de M\u00e9dicis<\/strong>, c. 1534, <strong>Giorgio Vasari<\/strong> <\/em><br><em>(Florencia, Galleria degli Uffizi)<\/em><\/figcaption><\/figure>\n<\/div>\n\n\n<p><em>Bajo la sombra de un muro en ruinas que perfila una especie de cueva, aparece Alessandro de perfil, con armadura, sosteniendo un bast\u00f3n de mando dorado y sentado sobre una gran pieza de tela roja &#8211; capa o abrigo &#8211; extendida sobre un imponente asiento de m\u00e1rmol circular. Representado <\/em>all\u2019antica<em>, este sofisticado mueble ha recibido un meticuloso tratamiento arquitect\u00f3nico. Su base gruesa es una variaci\u00f3n de la columna y el capitel d\u00f3rico de los templos cl\u00e1sicos. Esta base compleja descansa sobre tres pies, dos de los cuales aparecen en primer plano: cada uno est\u00e1 formado por una pata de le\u00f3n que contin\u00faa en un triple cuerpo de Hermes viejo, representado calvo, barbudo y sin brazos, como marca la tradici\u00f3n. Detr\u00e1s de Alessandro, hay un tronco del cual emerge una rama de laurel terminada con un brote m\u00e1s claro. Al fondo, prolongando el muro en ruinas, podemos ver una gran pilastra que divide visualmente en dos la columna m\u00e1s cercana a Alessandro. Esta columna muestra dos guirnaldas doradas de olivos que se entrelazan sin interrupci\u00f3n desde el suelo hasta el borde superior del retrato. En el suelo, detr\u00e1s de \u00e9l, podemos ver un casco de armadura, con la visera bajada, del que se escapan llamas y humo.<\/em><\/p>\n\n\n<div class=\"wp-block-image\">\n<figure class=\"aligncenter\"><img loading=\"lazy\" decoding=\"async\" width=\"409\" height=\"410\" src=\"https:\/\/www.aparences.net\/wp-content\/uploads\/2018\/08\/giorgio-vasari-alessandro-de-medici-vue-de-florence.jpg\" alt=\"Retrato de Alessandro de M\u00e9dicis, Giorgio Vasari\" class=\"wp-image-18454\" title=\"Retrato de Alessandro de M\u00e9dicis, Giorgio Vasari\" srcset=\"https:\/\/www.aparences.net\/wp-content\/uploads\/2018\/08\/giorgio-vasari-alessandro-de-medici-vue-de-florence.jpg 409w, https:\/\/www.aparences.net\/wp-content\/uploads\/2018\/08\/giorgio-vasari-alessandro-de-medici-vue-de-florence-100x100.jpg 100w, https:\/\/www.aparences.net\/wp-content\/uploads\/2018\/08\/giorgio-vasari-alessandro-de-medici-vue-de-florence-90x90.jpg 90w, https:\/\/www.aparences.net\/wp-content\/uploads\/2018\/08\/giorgio-vasari-alessandro-de-medici-vue-de-florence-75x75.jpg 75w, https:\/\/www.aparences.net\/wp-content\/uploads\/2018\/08\/giorgio-vasari-alessandro-de-medici-vue-de-florence-300x300.jpg 300w\" sizes=\"auto, (max-width: 409px) 100vw, 409px\" \/><\/figure>\n<\/div>\n\n\n<p><em>Frente a Alessandro, a la derecha, la abertura del muro en ruinas, aparecen varios edificios florentinos dispuestos alrededor del Duomo. De izquierda a derecha se puede reconocer el Bargello, la Badia, el palacio de la Signoria, Orsanmichele y el Baptisterio. Alesandro de M\u00e9dicis, personaje brutal y libertino, fue asesinado por su propio primo, un M\u00e9dicis de la rama menor, Lorenzino, el Lorenzaccio de Alfred de Musset.<\/em><\/p>\n\n\n\n<!-- AdBoxLeft2023 --><ins class=\"adsbygoogle\" style=\"display:block\" data-ad-client=\"ca-pub-2468002815867636\" data-ad-slot=\"1318022963\" data-ad-format=\"auto\" data-full-width-responsive=\"true\"><\/ins><script> (adsbygoogle = window.adsbygoogle || []).push({});<\/script><h2 class=\"wp-block-heading\">Inscripciones, blasones, emblemas<\/h2>\n\n\n\n<p>El retrato es un signo de identidad, y como tal hoy figura en los documentos que permiten identificar a una persona. A menudo, el retrato pintado incluye otros signos de identidad del modelo, como el nombre, el blas\u00f3n o emblema. La ausencia de uno de estos signos a veces se ve compensada por la presencia de otro, porque el sistema de signos de identidad fue hasta el siglo XVI muy diversificado, y la identificaci\u00f3n de un personaje podr\u00eda estar garantizada solo con su escudo de armas. En el cuadro pueden figurar tambi\u00e9n signos de la identidad del pintor, como su monograma o su firma. Las inscripciones tambi\u00e9n pueden proporcionar informaci\u00f3n sobre el modelo (como su edad o la fecha de finalizaci\u00f3n del retrato). El cuadro tambi\u00e9n puede incluir un lema, un epigrama, un poema. Entre los diferentes tipos de inscripciones que pueden aparecer en los cuadros, a veces encontramos textos m\u00e1s o menos desarrollados que comentan el retrato en s\u00ed. En la parte izquierda del <em><strong>Retrato de Boniface Amerbach<\/strong><\/em>, de <a href=\"https:\/\/www.aparences.net\/es\/periodos\/el-renacimiento-nordico\/hans-holbein-el-joven\/\">Holbein<\/a>, hay una gran placa donde aparecen unos versos latinos compuestos por el modelo mismo, que elogian la semejanza de su retrato: \u00abAunque soy una figura pintada, No soy menos que una figura viva, y la igualo por la nobleza de los rasgos\u2026; a trav\u00e9s de m\u00ed esta obra de arte expresa completamente lo que pertenece a la naturaleza.\u00bb<\/p>\n\n\n<div class=\"wp-block-image\">\n<figure class=\"aligncenter\"><img loading=\"lazy\" decoding=\"async\" width=\"523\" height=\"338\" src=\"https:\/\/www.aparences.net\/wp-content\/uploads\/2018\/08\/hans-holbein-portrait-de-bonifacius-amerbach-1519.jpg\" alt=\"Retrato de Boniface Amerbach, 1519, Hans Holbein\" class=\"wp-image-18447\" title=\"Retrato de Boniface Amerbach, 1519, Hans Holbein\" srcset=\"https:\/\/www.aparences.net\/wp-content\/uploads\/2018\/08\/hans-holbein-portrait-de-bonifacius-amerbach-1519.jpg 523w, https:\/\/www.aparences.net\/wp-content\/uploads\/2018\/08\/hans-holbein-portrait-de-bonifacius-amerbach-1519-300x194.jpg 300w\" sizes=\"auto, (max-width: 523px) 100vw, 523px\" \/><figcaption class=\"wp-element-caption\"><em><strong>Retrato de Boniface Amerbach<\/strong>, 1519, <strong>Hans Holbein<\/strong> (Basilea, Kunstmuseum)<\/em><\/figcaption><\/figure>\n<\/div>\n\n<div class=\"wp-block-image\">\n<figure class=\"aligncenter\"><img loading=\"lazy\" decoding=\"async\" width=\"380\" height=\"460\" src=\"https:\/\/www.aparences.net\/wp-content\/uploads\/2018\/08\/lorenzo-lotto-portrait-de-lucina-brembatti.jpg\" alt=\"Retrato de Lucina Brembati, Lorenzo Lotto\" class=\"wp-image-18448\" title=\"Retrato de Lucina Brembati, Lorenzo Lotto\" srcset=\"https:\/\/www.aparences.net\/wp-content\/uploads\/2018\/08\/lorenzo-lotto-portrait-de-lucina-brembatti.jpg 380w, https:\/\/www.aparences.net\/wp-content\/uploads\/2018\/08\/lorenzo-lotto-portrait-de-lucina-brembatti-248x300.jpg 248w\" sizes=\"auto, (max-width: 380px) 100vw, 380px\" \/><figcaption class=\"wp-element-caption\"><em><strong>Retrato de Lucina Brembati<\/strong>, c. 1518, <strong>Lorenzo Lotto<\/strong> (Bergamo, Academia Carrara)<\/em><\/figcaption><\/figure>\n<\/div>\n\n\n<p><em>El pintor ha incluido dos elementos de identificaci\u00f3n del modelo. Uno de ellos es el blas\u00f3n de la familia Brembati en el anillo que la mujer lleva en el \u00edndice de la mano izquierda. El otro es la s\u00edlaba \u00abci\u00bb escrita en la luna (\u00abluna tambi\u00e9n en italiano\u00bb), dando su nombre: \u00abLu-ci-na\u00bb. El retrato de la dama se ha situado en un inusual ambiente nocturno. El grueso cortinaje de brocado rojo con pesados pliegues que cuelga detr\u00e1s de ella, deja entrever un paisaje oscuro, iluminado por la luna.<\/em><\/p>\n\n\n<div class=\"wp-block-image\">\n<figure class=\"aligncenter\"><img loading=\"lazy\" decoding=\"async\" width=\"620\" height=\"208\" src=\"https:\/\/www.aparences.net\/wp-content\/uploads\/2018\/08\/lorenzo-lotto-portrait-lucina-brembati-1518-bergamo-.jpg\" alt=\"Retrato de Lucina Brembati, c. 1518, Lorenzo Lotto\" class=\"wp-image-18449\" title=\"Retrato de Lucina Brembati, c. 1518, Lorenzo Lotto\" srcset=\"https:\/\/www.aparences.net\/wp-content\/uploads\/2018\/08\/lorenzo-lotto-portrait-lucina-brembati-1518-bergamo-.jpg 620w, https:\/\/www.aparences.net\/wp-content\/uploads\/2018\/08\/lorenzo-lotto-portrait-lucina-brembati-1518-bergamo--420x140.jpg 420w, https:\/\/www.aparences.net\/wp-content\/uploads\/2018\/08\/lorenzo-lotto-portrait-lucina-brembati-1518-bergamo--300x101.jpg 300w\" sizes=\"auto, (max-width: 620px) 100vw, 620px\" \/><\/figure>\n<\/div>\n\n\n<p><em>La dama exhibe numerosos signos de riqueza: anillos en los dedos, hileras de perlas en el cuello y en el cabello, un precioso mondadientes colgado de una cadena, una estola de piel. Sin embargo, lo que llama la atenci\u00f3n &#8211; en relaci\u00f3n con las convenciones del retrato de aparato- es el hecho de que los rasgos de la cara se representan de manera franca, sin ocultar detalles como la l\u00ednea irregular de la nariz y el color ligeramente rojizo de la piel.<\/em><\/p>\n\n\n<div class=\"wp-block-image\">\n<figure class=\"aligncenter\"><img loading=\"lazy\" decoding=\"async\" width=\"620\" height=\"374\" src=\"https:\/\/www.aparences.net\/wp-content\/uploads\/2018\/08\/cristoph-amberger-portrait-de-matthaus-schwarz-1542-musee-thyssen.jpg\" alt=\"Retrato de Matth\u00e4us Schwarz, Christoph Amberger\" class=\"wp-image-18450\" title=\"Retrato de Matth\u00e4us Schwarz, Christoph Amberger\" srcset=\"https:\/\/www.aparences.net\/wp-content\/uploads\/2018\/08\/cristoph-amberger-portrait-de-matthaus-schwarz-1542-musee-thyssen.jpg 620w, https:\/\/www.aparences.net\/wp-content\/uploads\/2018\/08\/cristoph-amberger-portrait-de-matthaus-schwarz-1542-musee-thyssen-300x181.jpg 300w\" sizes=\"auto, (max-width: 620px) 100vw, 620px\" \/><figcaption class=\"wp-element-caption\"><em><strong>Retrato de Matth\u00e4us Schwarz<\/strong>, 1542, <strong>Christoph Amberger<\/strong> (Madrid, Museo Thyssen-Bornemisza)<\/em><\/figcaption><\/figure>\n<\/div>\n\n\n<p><em>Matth\u00e4us Schwarz era un contable de Augsburgo al servicio de los banqueros Fugger. Autor de tratados sobre el sistema doble, fue ennoblecido en 1541 por Carlos V. Cultiv\u00f3 una verdadera pasi\u00f3n por el retrato, y recopil\u00f3 en su \u00abLibro de la moda\u00bb ciento treinta y siete miniaturas que lo representaban con los diferentes modelos vestimentarios que hab\u00eda llevado a lo largo de su vida, acompa\u00f1adas de anotaciones como en una biograf\u00eda en im\u00e1genes. Entre los numerosos detalles, distinguimos una copa de vino en el alf\u00e9izar de la ventana y encima, dibujada en el cristal, una tabla astrol\u00f3gica con el hor\u00f3scopo del personaje. En la hoja de papel en la parte inferior de la ventana se encuentra la informaci\u00f3n sobre el modelo: el nombre, la ciudad, la fecha y la hora de nacimiento y su edad, as\u00ed que el d\u00eda y la hora en que se finaliz\u00f3 el cuadro.<\/em><\/p>\n\n\n<div class=\"wp-block-image\">\n<figure class=\"aligncenter\"><img loading=\"lazy\" decoding=\"async\" width=\"415\" height=\"410\" src=\"https:\/\/www.aparences.net\/wp-content\/uploads\/2018\/08\/albrecht-durer-portrait-de-johannes-kleberger-1526-vienne.jpg\" alt=\"Johannes Kleberger, 1526, Alberto Durero\" class=\"wp-image-18451\" title=\"Johannes Kleberger, 1526, Alberto Durero\" srcset=\"https:\/\/www.aparences.net\/wp-content\/uploads\/2018\/08\/albrecht-durer-portrait-de-johannes-kleberger-1526-vienne.jpg 415w, https:\/\/www.aparences.net\/wp-content\/uploads\/2018\/08\/albrecht-durer-portrait-de-johannes-kleberger-1526-vienne-100x100.jpg 100w, https:\/\/www.aparences.net\/wp-content\/uploads\/2018\/08\/albrecht-durer-portrait-de-johannes-kleberger-1526-vienne-90x90.jpg 90w, https:\/\/www.aparences.net\/wp-content\/uploads\/2018\/08\/albrecht-durer-portrait-de-johannes-kleberger-1526-vienne-75x75.jpg 75w, https:\/\/www.aparences.net\/wp-content\/uploads\/2018\/08\/albrecht-durer-portrait-de-johannes-kleberger-1526-vienne-300x296.jpg 300w\" sizes=\"auto, (max-width: 415px) 100vw, 415px\" \/><figcaption class=\"wp-element-caption\"><em><strong>Retrato de Johannes Kleberger<\/strong>, 1526, <strong>Alberto Durero<\/strong> <\/em><br><em>(Viena, Kunsthistorisches Museum)<\/em><\/figcaption><\/figure>\n<\/div>\n\n\n<p><em>La inscripci\u00f3n indica que se trata de Johannes Kleberger, de Nuremberg y a la edad de 44 a\u00f1os. Abajo, a la izquierda y a la derecha, est\u00e1n los blasones de su familia. Arriba, a la derecha, el monograma de <a href=\"https:\/\/www.aparences.net\/es\/periodos\/el-renacimiento-nordico\/alberto-durero\/\">Durero<\/a>; a la izquierda, el signo de Leo rodeado de estrellas simboliza la situaci\u00f3n feliz del personaje. El retrato presenta al modelo como si fuera un busto antiguo, como en una <\/em>imago clipeata<em> (imagen-escudo), pero le atribuye los colores y la vida de un retrato pintado, produciendo la inquietante impresi\u00f3n de una m\u00e1scara de carne. La inscripci\u00f3n va seguida del signo cabal\u00edstico <\/em>Sol in cordi leonis<em> (conjunci\u00f3n del Sol con la constelaci\u00f3n de Leo). Este <strong>s\u00edmbolo<\/strong> deriva de <\/em>De occulta philosophia<em> de <a href=\"https:\/\/es.wikipedia.org\/wiki\/Enrique_Cornelio_Agripa_de_Nettesheim\">Agrippa Nettesheim<\/a> seg\u00fan el cual los nativos del signo de Leo suelen verse favorecidos por la fortuna.<\/em><\/p>\n","protected":false},"excerpt":{"rendered":"<p>En esta particular performance que es el retrato, donde el modelo tiende a mostrar su lado m\u00e1s amable, siempre se ha prestado gran atenci\u00f3n a los atributos.<\/p>\n","protected":false},"author":2,"featured_media":26584,"comment_status":"closed","ping_status":"closed","sticky":false,"template":"","format":"standard","meta":{"footnotes":""},"categories":[3158],"tags":[4931,4935,4956,4955,4954],"class_list":["post-13801","post","type-post","status-publish","format-standard","has-post-thumbnail","hentry","category-el-retrato-en-el-renacimiento-italiano","tag-el-retrato-en-el-renacimiento","tag-el-retrato-renacentista","tag-lo-simbolico-en-el-retrato","tag-los-atributos-en-el-retrato","tag-retrato-y-simbologia"],"yoast_head":"<!-- This site is optimized with the Yoast SEO plugin v27.2 - https:\/\/yoast.com\/product\/yoast-seo-wordpress\/ -->\n<title>Lo simb\u00f3lico en el retrato<\/title>\n<meta name=\"description\" content=\"En esta particular performance que es el retrato, donde el modelo tiende a mostrar su lado m\u00e1s amable, siempre se ha prestado gran atenci\u00f3n a los atributos.\" \/>\n<meta name=\"robots\" content=\"index, follow, max-snippet:-1, max-image-preview:large, max-video-preview:-1\" \/>\n<link rel=\"canonical\" href=\"https:\/\/www.aparences.net\/es\/arte-y-mecenazgo\/el-retrato-en-el-renacimiento-italiano\/lo-simbolico-en-el-retrato\/\" \/>\n<meta property=\"og:locale\" content=\"es_ES\" \/>\n<meta property=\"og:type\" content=\"article\" \/>\n<meta property=\"og:title\" content=\"Lo simb\u00f3lico en el retrato\" \/>\n<meta property=\"og:description\" content=\"En esta particular performance que es el retrato, donde el modelo tiende a mostrar su lado m\u00e1s amable, siempre se ha prestado gran atenci\u00f3n a los atributos.\" \/>\n<meta property=\"og:url\" content=\"https:\/\/www.aparences.net\/es\/arte-y-mecenazgo\/el-retrato-en-el-renacimiento-italiano\/lo-simbolico-en-el-retrato\/\" \/>\n<meta property=\"og:site_name\" content=\"Aparences\" \/>\n<meta property=\"article:published_time\" content=\"2018-09-08T16:03:17+00:00\" \/>\n<meta property=\"article:modified_time\" content=\"2025-12-11T18:40:56+00:00\" \/>\n<meta property=\"og:image\" content=\"https:\/\/www.aparences.net\/wp-content\/uploads\/2018\/09\/le-symbolique-dans-le-portrait.jpg\" \/>\n\t<meta property=\"og:image:width\" content=\"1080\" \/>\n\t<meta property=\"og:image:height\" content=\"540\" \/>\n\t<meta property=\"og:image:type\" content=\"image\/jpeg\" \/>\n<meta name=\"author\" content=\"admin\" \/>\n<meta name=\"twitter:card\" content=\"summary_large_image\" \/>\n<meta name=\"twitter:label1\" content=\"Escrito por\" \/>\n\t<meta name=\"twitter:data1\" content=\"admin\" \/>\n\t<meta name=\"twitter:label2\" content=\"Tiempo de lectura\" \/>\n\t<meta name=\"twitter:data2\" content=\"17 minutos\" \/>\n<script type=\"application\/ld+json\" class=\"yoast-schema-graph\">{\"@context\":\"https:\/\/schema.org\",\"@graph\":[{\"@type\":\"Article\",\"@id\":\"https:\/\/www.aparences.net\/es\/arte-y-mecenazgo\/el-retrato-en-el-renacimiento-italiano\/lo-simbolico-en-el-retrato\/#article\",\"isPartOf\":{\"@id\":\"https:\/\/www.aparences.net\/es\/arte-y-mecenazgo\/el-retrato-en-el-renacimiento-italiano\/lo-simbolico-en-el-retrato\/\"},\"author\":{\"name\":\"admin\",\"@id\":\"https:\/\/www.aparences.net\/es\/#\/schema\/person\/af349f6ffc31b16c68963e61268afca5\"},\"headline\":\"Lo simb\u00f3lico en el retrato\",\"datePublished\":\"2018-09-08T16:03:17+00:00\",\"dateModified\":\"2025-12-11T18:40:56+00:00\",\"mainEntityOfPage\":{\"@id\":\"https:\/\/www.aparences.net\/es\/arte-y-mecenazgo\/el-retrato-en-el-renacimiento-italiano\/lo-simbolico-en-el-retrato\/\"},\"wordCount\":3082,\"publisher\":{\"@id\":\"https:\/\/www.aparences.net\/es\/#organization\"},\"image\":{\"@id\":\"https:\/\/www.aparences.net\/es\/arte-y-mecenazgo\/el-retrato-en-el-renacimiento-italiano\/lo-simbolico-en-el-retrato\/#primaryimage\"},\"thumbnailUrl\":\"https:\/\/www.aparences.net\/wp-content\/uploads\/2018\/09\/le-symbolique-dans-le-portrait.jpg\",\"keywords\":[\"el retrato en el Renacimiento\",\"el retrato renacentista\",\"lo simb\u00f3lico en el retrato\",\"los atributos en el retrato\",\"retrato y simbolog\u00eda\"],\"articleSection\":[\"El retrato en el renacimiento italiano\"],\"inLanguage\":\"es\"},{\"@type\":[\"WebPage\",\"ItemPage\"],\"@id\":\"https:\/\/www.aparences.net\/es\/arte-y-mecenazgo\/el-retrato-en-el-renacimiento-italiano\/lo-simbolico-en-el-retrato\/\",\"url\":\"https:\/\/www.aparences.net\/es\/arte-y-mecenazgo\/el-retrato-en-el-renacimiento-italiano\/lo-simbolico-en-el-retrato\/\",\"name\":\"Lo simb\u00f3lico en el retrato\",\"isPartOf\":{\"@id\":\"https:\/\/www.aparences.net\/es\/#website\"},\"primaryImageOfPage\":{\"@id\":\"https:\/\/www.aparences.net\/es\/arte-y-mecenazgo\/el-retrato-en-el-renacimiento-italiano\/lo-simbolico-en-el-retrato\/#primaryimage\"},\"image\":{\"@id\":\"https:\/\/www.aparences.net\/es\/arte-y-mecenazgo\/el-retrato-en-el-renacimiento-italiano\/lo-simbolico-en-el-retrato\/#primaryimage\"},\"thumbnailUrl\":\"https:\/\/www.aparences.net\/wp-content\/uploads\/2018\/09\/le-symbolique-dans-le-portrait.jpg\",\"datePublished\":\"2018-09-08T16:03:17+00:00\",\"dateModified\":\"2025-12-11T18:40:56+00:00\",\"description\":\"En esta particular performance que es el retrato, donde el modelo tiende a mostrar su lado m\u00e1s amable, siempre se ha prestado gran atenci\u00f3n a los atributos.\",\"breadcrumb\":{\"@id\":\"https:\/\/www.aparences.net\/es\/arte-y-mecenazgo\/el-retrato-en-el-renacimiento-italiano\/lo-simbolico-en-el-retrato\/#breadcrumb\"},\"inLanguage\":\"es\",\"potentialAction\":[{\"@type\":\"ReadAction\",\"target\":[\"https:\/\/www.aparences.net\/es\/arte-y-mecenazgo\/el-retrato-en-el-renacimiento-italiano\/lo-simbolico-en-el-retrato\/\"]}]},{\"@type\":\"ImageObject\",\"inLanguage\":\"es\",\"@id\":\"https:\/\/www.aparences.net\/es\/arte-y-mecenazgo\/el-retrato-en-el-renacimiento-italiano\/lo-simbolico-en-el-retrato\/#primaryimage\",\"url\":\"https:\/\/www.aparences.net\/wp-content\/uploads\/2018\/09\/le-symbolique-dans-le-portrait.jpg\",\"contentUrl\":\"https:\/\/www.aparences.net\/wp-content\/uploads\/2018\/09\/le-symbolique-dans-le-portrait.jpg\",\"width\":1080,\"height\":540},{\"@type\":\"BreadcrumbList\",\"@id\":\"https:\/\/www.aparences.net\/es\/arte-y-mecenazgo\/el-retrato-en-el-renacimiento-italiano\/lo-simbolico-en-el-retrato\/#breadcrumb\",\"itemListElement\":[{\"@type\":\"ListItem\",\"position\":1,\"name\":\"Portada\",\"item\":\"https:\/\/www.aparences.net\/es\/\"},{\"@type\":\"ListItem\",\"position\":2,\"name\":\"Lo simb\u00f3lico en el retrato\"}]},{\"@type\":\"WebSite\",\"@id\":\"https:\/\/www.aparences.net\/es\/#website\",\"url\":\"https:\/\/www.aparences.net\/es\/\",\"name\":\"Aparences: Historia del Arte y Actualidad Cultural\",\"description\":\"\",\"publisher\":{\"@id\":\"https:\/\/www.aparences.net\/es\/#organization\"},\"potentialAction\":[{\"@type\":\"SearchAction\",\"target\":{\"@type\":\"EntryPoint\",\"urlTemplate\":\"https:\/\/www.aparences.net\/es\/?s={search_term_string}\"},\"query-input\":{\"@type\":\"PropertyValueSpecification\",\"valueRequired\":true,\"valueName\":\"search_term_string\"}}],\"inLanguage\":\"es\"},{\"@type\":\"Organization\",\"@id\":\"https:\/\/www.aparences.net\/es\/#organization\",\"name\":\"Aparences: Historia del Arte y Actualidad Cultural\",\"url\":\"https:\/\/www.aparences.net\/es\/\",\"logo\":{\"@type\":\"ImageObject\",\"inLanguage\":\"es\",\"@id\":\"https:\/\/www.aparences.net\/es\/#\/schema\/logo\/image\/\",\"url\":\"https:\/\/www.aparences.net\/wp-content\/uploads\/2023\/09\/logo-quadrat-color-e1695915315229.png\",\"contentUrl\":\"https:\/\/www.aparences.net\/wp-content\/uploads\/2023\/09\/logo-quadrat-color-e1695915315229.png\",\"width\":120,\"height\":120,\"caption\":\"Aparences: Historia del Arte y Actualidad Cultural\"},\"image\":{\"@id\":\"https:\/\/www.aparences.net\/es\/#\/schema\/logo\/image\/\"}},{\"@type\":\"Person\",\"@id\":\"https:\/\/www.aparences.net\/es\/#\/schema\/person\/af349f6ffc31b16c68963e61268afca5\",\"name\":\"admin\",\"url\":\"https:\/\/www.aparences.net\/es\/author\/admin\/\"}]}<\/script>\n<!-- \/ Yoast SEO plugin. -->","yoast_head_json":{"title":"Lo simb\u00f3lico en el retrato","description":"En esta particular performance que es el retrato, donde el modelo tiende a mostrar su lado m\u00e1s amable, siempre se ha prestado gran atenci\u00f3n a los atributos.","robots":{"index":"index","follow":"follow","max-snippet":"max-snippet:-1","max-image-preview":"max-image-preview:large","max-video-preview":"max-video-preview:-1"},"canonical":"https:\/\/www.aparences.net\/es\/arte-y-mecenazgo\/el-retrato-en-el-renacimiento-italiano\/lo-simbolico-en-el-retrato\/","og_locale":"es_ES","og_type":"article","og_title":"Lo simb\u00f3lico en el retrato","og_description":"En esta particular performance que es el retrato, donde el modelo tiende a mostrar su lado m\u00e1s amable, siempre se ha prestado gran atenci\u00f3n a los atributos.","og_url":"https:\/\/www.aparences.net\/es\/arte-y-mecenazgo\/el-retrato-en-el-renacimiento-italiano\/lo-simbolico-en-el-retrato\/","og_site_name":"Aparences","article_published_time":"2018-09-08T16:03:17+00:00","article_modified_time":"2025-12-11T18:40:56+00:00","og_image":[{"width":1080,"height":540,"url":"https:\/\/www.aparences.net\/wp-content\/uploads\/2018\/09\/le-symbolique-dans-le-portrait.jpg","type":"image\/jpeg"}],"author":"admin","twitter_card":"summary_large_image","twitter_misc":{"Escrito por":"admin","Tiempo de lectura":"17 minutos"},"schema":{"@context":"https:\/\/schema.org","@graph":[{"@type":"Article","@id":"https:\/\/www.aparences.net\/es\/arte-y-mecenazgo\/el-retrato-en-el-renacimiento-italiano\/lo-simbolico-en-el-retrato\/#article","isPartOf":{"@id":"https:\/\/www.aparences.net\/es\/arte-y-mecenazgo\/el-retrato-en-el-renacimiento-italiano\/lo-simbolico-en-el-retrato\/"},"author":{"name":"admin","@id":"https:\/\/www.aparences.net\/es\/#\/schema\/person\/af349f6ffc31b16c68963e61268afca5"},"headline":"Lo simb\u00f3lico en el retrato","datePublished":"2018-09-08T16:03:17+00:00","dateModified":"2025-12-11T18:40:56+00:00","mainEntityOfPage":{"@id":"https:\/\/www.aparences.net\/es\/arte-y-mecenazgo\/el-retrato-en-el-renacimiento-italiano\/lo-simbolico-en-el-retrato\/"},"wordCount":3082,"publisher":{"@id":"https:\/\/www.aparences.net\/es\/#organization"},"image":{"@id":"https:\/\/www.aparences.net\/es\/arte-y-mecenazgo\/el-retrato-en-el-renacimiento-italiano\/lo-simbolico-en-el-retrato\/#primaryimage"},"thumbnailUrl":"https:\/\/www.aparences.net\/wp-content\/uploads\/2018\/09\/le-symbolique-dans-le-portrait.jpg","keywords":["el retrato en el Renacimiento","el retrato renacentista","lo simb\u00f3lico en el retrato","los atributos en el retrato","retrato y simbolog\u00eda"],"articleSection":["El retrato en el renacimiento italiano"],"inLanguage":"es"},{"@type":["WebPage","ItemPage"],"@id":"https:\/\/www.aparences.net\/es\/arte-y-mecenazgo\/el-retrato-en-el-renacimiento-italiano\/lo-simbolico-en-el-retrato\/","url":"https:\/\/www.aparences.net\/es\/arte-y-mecenazgo\/el-retrato-en-el-renacimiento-italiano\/lo-simbolico-en-el-retrato\/","name":"Lo simb\u00f3lico en el retrato","isPartOf":{"@id":"https:\/\/www.aparences.net\/es\/#website"},"primaryImageOfPage":{"@id":"https:\/\/www.aparences.net\/es\/arte-y-mecenazgo\/el-retrato-en-el-renacimiento-italiano\/lo-simbolico-en-el-retrato\/#primaryimage"},"image":{"@id":"https:\/\/www.aparences.net\/es\/arte-y-mecenazgo\/el-retrato-en-el-renacimiento-italiano\/lo-simbolico-en-el-retrato\/#primaryimage"},"thumbnailUrl":"https:\/\/www.aparences.net\/wp-content\/uploads\/2018\/09\/le-symbolique-dans-le-portrait.jpg","datePublished":"2018-09-08T16:03:17+00:00","dateModified":"2025-12-11T18:40:56+00:00","description":"En esta particular performance que es el retrato, donde el modelo tiende a mostrar su lado m\u00e1s amable, siempre se ha prestado gran atenci\u00f3n a los atributos.","breadcrumb":{"@id":"https:\/\/www.aparences.net\/es\/arte-y-mecenazgo\/el-retrato-en-el-renacimiento-italiano\/lo-simbolico-en-el-retrato\/#breadcrumb"},"inLanguage":"es","potentialAction":[{"@type":"ReadAction","target":["https:\/\/www.aparences.net\/es\/arte-y-mecenazgo\/el-retrato-en-el-renacimiento-italiano\/lo-simbolico-en-el-retrato\/"]}]},{"@type":"ImageObject","inLanguage":"es","@id":"https:\/\/www.aparences.net\/es\/arte-y-mecenazgo\/el-retrato-en-el-renacimiento-italiano\/lo-simbolico-en-el-retrato\/#primaryimage","url":"https:\/\/www.aparences.net\/wp-content\/uploads\/2018\/09\/le-symbolique-dans-le-portrait.jpg","contentUrl":"https:\/\/www.aparences.net\/wp-content\/uploads\/2018\/09\/le-symbolique-dans-le-portrait.jpg","width":1080,"height":540},{"@type":"BreadcrumbList","@id":"https:\/\/www.aparences.net\/es\/arte-y-mecenazgo\/el-retrato-en-el-renacimiento-italiano\/lo-simbolico-en-el-retrato\/#breadcrumb","itemListElement":[{"@type":"ListItem","position":1,"name":"Portada","item":"https:\/\/www.aparences.net\/es\/"},{"@type":"ListItem","position":2,"name":"Lo simb\u00f3lico en el retrato"}]},{"@type":"WebSite","@id":"https:\/\/www.aparences.net\/es\/#website","url":"https:\/\/www.aparences.net\/es\/","name":"Aparences: Historia del Arte y Actualidad Cultural","description":"","publisher":{"@id":"https:\/\/www.aparences.net\/es\/#organization"},"potentialAction":[{"@type":"SearchAction","target":{"@type":"EntryPoint","urlTemplate":"https:\/\/www.aparences.net\/es\/?s={search_term_string}"},"query-input":{"@type":"PropertyValueSpecification","valueRequired":true,"valueName":"search_term_string"}}],"inLanguage":"es"},{"@type":"Organization","@id":"https:\/\/www.aparences.net\/es\/#organization","name":"Aparences: Historia del Arte y Actualidad Cultural","url":"https:\/\/www.aparences.net\/es\/","logo":{"@type":"ImageObject","inLanguage":"es","@id":"https:\/\/www.aparences.net\/es\/#\/schema\/logo\/image\/","url":"https:\/\/www.aparences.net\/wp-content\/uploads\/2023\/09\/logo-quadrat-color-e1695915315229.png","contentUrl":"https:\/\/www.aparences.net\/wp-content\/uploads\/2023\/09\/logo-quadrat-color-e1695915315229.png","width":120,"height":120,"caption":"Aparences: Historia del Arte y Actualidad Cultural"},"image":{"@id":"https:\/\/www.aparences.net\/es\/#\/schema\/logo\/image\/"}},{"@type":"Person","@id":"https:\/\/www.aparences.net\/es\/#\/schema\/person\/af349f6ffc31b16c68963e61268afca5","name":"admin","url":"https:\/\/www.aparences.net\/es\/author\/admin\/"}]}},"_links":{"self":[{"href":"https:\/\/www.aparences.net\/es\/wp-json\/wp\/v2\/posts\/13801","targetHints":{"allow":["GET"]}}],"collection":[{"href":"https:\/\/www.aparences.net\/es\/wp-json\/wp\/v2\/posts"}],"about":[{"href":"https:\/\/www.aparences.net\/es\/wp-json\/wp\/v2\/types\/post"}],"author":[{"embeddable":true,"href":"https:\/\/www.aparences.net\/es\/wp-json\/wp\/v2\/users\/2"}],"replies":[{"embeddable":true,"href":"https:\/\/www.aparences.net\/es\/wp-json\/wp\/v2\/comments?post=13801"}],"version-history":[{"count":0,"href":"https:\/\/www.aparences.net\/es\/wp-json\/wp\/v2\/posts\/13801\/revisions"}],"wp:featuredmedia":[{"embeddable":true,"href":"https:\/\/www.aparences.net\/es\/wp-json\/wp\/v2\/media\/26584"}],"wp:attachment":[{"href":"https:\/\/www.aparences.net\/es\/wp-json\/wp\/v2\/media?parent=13801"}],"wp:term":[{"taxonomy":"category","embeddable":true,"href":"https:\/\/www.aparences.net\/es\/wp-json\/wp\/v2\/categories?post=13801"},{"taxonomy":"post_tag","embeddable":true,"href":"https:\/\/www.aparences.net\/es\/wp-json\/wp\/v2\/tags?post=13801"}],"curies":[{"name":"wp","href":"https:\/\/api.w.org\/{rel}","templated":true}]}}