{"id":13805,"date":"2018-09-08T18:05:59","date_gmt":"2018-09-08T16:05:59","guid":{"rendered":"https:\/\/www.aparences.net\/art-et-mecenat\/le-portrait-a-la-renaissance-italienne\/el-retrato-de-perfil-en-el-siglo-xv\/"},"modified":"2025-12-11T19:40:56","modified_gmt":"2025-12-11T18:40:56","slug":"el-retrato-de-perfil-en-el-siglo-xv","status":"publish","type":"post","link":"https:\/\/www.aparences.net\/es\/arte-y-mecenazgo\/el-retrato-en-el-renacimiento-italiano\/el-retrato-de-perfil-en-el-siglo-xv\/","title":{"rendered":"El retrato de perfil en el siglo XV"},"content":{"rendered":"<p><!--contents--><\/p>\n\n\n<h2 class=\"wp-block-heading\">El retrato de perfil como en las medallas<\/h2>\n\n\n\n<p>En la historia del retrato del siglo XV en Italia se percibe una fuerte oposici\u00f3n, tanto art\u00edstica como comercial y social, entre el retrato pintado y el busto esculpido. En pintura, se prefiere el retrato de perfil, inspirado en modelos franco-provenzales, <strong>ejemplos de efigies imperiales representadas en las monedas romanas, o medallas del<\/strong> <a href=\"https:\/\/www.aparences.net\/es\/periodos\/el-quattrocento\/\">Quattrocento<\/a>, como las que realizaba <strong>Pisanello<\/strong> con su fineza inimitable. En la escultura, es gracias a los maestros florentinos que comienza la producci\u00f3n de bustos realistas, creados para ser vistos de frente. A pesar del conocimiento de la <a href=\"https:\/\/www.aparences.net\/es\/escuelas\/los-primitivos-flamencos\/\">pintura flamenca<\/a> que llega a ciertos centros art\u00edsticos como <a href=\"https:\/\/www.aparences.net\/es\/arte-y-mecenazgo\/el-ducado-de-milan\/\">Mil\u00e1n<\/a> y <a href=\"https:\/\/www.aparences.net\/es\/arte-y-mecenazgo\/los-este-de-ferrara\/\">Ferrara<\/a>, o <a href=\"https:\/\/www.aparences.net\/es\/escuelas\/los-primitivos-flamencos\/la-pintura-flamenca-en-italia\/\">Florencia y N\u00e1poles<\/a>, los pintores de la Pen\u00ednsula conservan la tradicional presentaci\u00f3n de perfil. En los tratados del humanismo florentino, empezando por los escritos de Lorenzo Ghiberti, la cuesti\u00f3n de imitar a la naturaleza como objetivo supremo del arte era objeto de discusi\u00f3n. El retrato era su piedra de toque: el artista deb\u00eda saber c\u00f3mo representar al personaje de forma realista, pero tambi\u00e9n comprender sus aspectos \u00abideales\u00bb, exaltar sus virtudes y ocultar, en la medida de lo posible, su defectos. En consecuencia, el retrato de un personaje c\u00e9lebre deb\u00eda cumplir este doble requisito: que se le pudiera reconocer inmediatamente, y la elecci\u00f3n de la expresi\u00f3n, la pose, el tipo de composici\u00f3n deb\u00edan enfatizar las cualidades humanas y el rango intelectual y social. <\/p>\n\n\n\n<p>El <strong>retrato de perfil<\/strong> responde efectivamente a todos estos requisitos: los valores de exaltaci\u00f3n de la tradici\u00f3n cortesana se refuerzan y enriquecen con nuevos significados a trav\u00e9s de la investigaci\u00f3n de los humanistas y coleccionistas de antig\u00fcedades. El arquetipo de nobleza y de gravitas transmitido por las monedas romanas con la efigie de los emperadores, afianza al se\u00f1or del siglo XV en su actitud serena y de complacencia, grabada para la eternidad. La relaci\u00f3n m\u00e1s directa entre la numism\u00e1tica antigua y el arte del siglo XV se puede encontrar en las medallas acu\u00f1adas para las cortes principescas. Como muestra la silueta inolvidable de Sigismondo Pandolfo Malatesta, se\u00f1or de Rimini, los perfiles que vemos en las medallas a menudo se han utilizado como modelo para los retratos pintados o esculpidos.<\/p>\n\n\n<div class=\"wp-block-image\">\n<figure class=\"aligncenter\"><img loading=\"lazy\" decoding=\"async\" width=\"311\" height=\"410\" src=\"https:\/\/www.aparences.net\/wp-content\/uploads\/2018\/08\/masaccio-portrait-d-homme-1424-1425-washington.jpg\" alt=\"Retrato de un hombre, 1424-1425, Masaccio\" class=\"wp-image-18455\" title=\"Retrato de un hombre, 1424-1425, Masaccio\" srcset=\"https:\/\/www.aparences.net\/wp-content\/uploads\/2018\/08\/masaccio-portrait-d-homme-1424-1425-washington.jpg 311w, https:\/\/www.aparences.net\/wp-content\/uploads\/2018\/08\/masaccio-portrait-d-homme-1424-1425-washington-228x300.jpg 228w\" sizes=\"auto, (max-width: 311px) 100vw, 311px\" \/><figcaption class=\"wp-element-caption\"><em><strong>Retrato de un hombre<\/strong>, 1424-1425, <strong>Masaccio<\/strong> (Washington, National Gallery)<\/em><\/figcaption><\/figure>\n<\/div>\n\n<div class=\"wp-block-image\">\n<figure class=\"aligncenter\"><img loading=\"lazy\" decoding=\"async\" width=\"454\" height=\"340\" src=\"https:\/\/www.aparences.net\/wp-content\/uploads\/2018\/08\/agostino-di-duccio-portrait-de-sigismondo-pandolfo-malatesta-1454-1456-rimini.jpg\" alt=\"Retrato de Sigismondo Pandolfo Malatesta, Agostino di Duccio\" class=\"wp-image-18456\" title=\"Retrato de Sigismondo Pandolfo Malatesta, Agostino di Duccio\" srcset=\"https:\/\/www.aparences.net\/wp-content\/uploads\/2018\/08\/agostino-di-duccio-portrait-de-sigismondo-pandolfo-malatesta-1454-1456-rimini.jpg 454w, https:\/\/www.aparences.net\/wp-content\/uploads\/2018\/08\/agostino-di-duccio-portrait-de-sigismondo-pandolfo-malatesta-1454-1456-rimini-300x225.jpg 300w\" sizes=\"auto, (max-width: 454px) 100vw, 454px\" \/><figcaption class=\"wp-element-caption\"><em><strong>Retrato de Sigismondo Pandolfo Malatesta<\/strong>, 1454-1456, <\/em><br><em><strong>Agostino di Duccio<\/strong>, m\u00e1rmol (Rimini, Tempio Malatestiano)<\/em><\/figcaption><\/figure>\n<\/div>\n\n<div class=\"wp-block-image\">\n<figure class=\"aligncenter\"><img loading=\"lazy\" decoding=\"async\" width=\"323\" height=\"430\" src=\"https:\/\/www.aparences.net\/wp-content\/uploads\/2018\/08\/piero-della-francesca-portrait-sigismond-malatesta.jpg\" alt=\"Retrato de Segismundo Pandolfo Malatesta, Piero della Francesca\" class=\"wp-image-18468\" title=\"Retrato de Segismundo Pandolfo Malatesta, Piero della Francesca\" srcset=\"https:\/\/www.aparences.net\/wp-content\/uploads\/2018\/08\/piero-della-francesca-portrait-sigismond-malatesta.jpg 323w, https:\/\/www.aparences.net\/wp-content\/uploads\/2018\/08\/piero-della-francesca-portrait-sigismond-malatesta-225x300.jpg 225w\" sizes=\"auto, (max-width: 323px) 100vw, 323px\" \/><figcaption class=\"wp-element-caption\"><em><strong>Retrato de Sigismondo Pandolfo Malatesta<\/strong>, <\/em><br><em>c. 1452, <strong>Piero della Francesca<\/strong> <\/em><br><em>(Par\u00eds, Museo del Louvre) <\/em><\/figcaption><\/figure>\n<\/div>\n\n\n<p><em><strong> <\/strong>Fue durante su estancia en Rimini que Piero della Francesca realiz\u00f3 el retrato de Sigismondo Malatesta. Como ya lo hab\u00eda hecho para el retrato del mural en la iglesia San Francesco de Rimini, el pintor ha reproducido el perfil de la medalla en bronce realizada por Pisanello a Malatesta en 1445. Una vez m\u00e1s, utiliza la iconograf\u00eda cortesana medieval tradicional como ya hab\u00eda hecho <a href=\"https:\/\/www.aparences.net\/es\/periodos\/el-quattrocento\/masaccio-arquitectura-y-espacio\/\">Masaccio<\/a>. Piero la rejuvenece estil\u00edsticamente; y el significado de la medalla da paso a una plenitud pl\u00e1stica, una expresi\u00f3n orgullosa y de fr\u00eda crueldad.<\/em><\/p>\n\n\n\n<p>En la tenue frontera que separa el g\u00f3tico tard\u00edo del humanismo emerge Pisanello (hacia 1380 &#8211; antes de 1455). Proclamado heredero de <a href=\"https:\/\/www.aparences.net\/es\/periodos\/gotico-internacional\/el-gotico-internacional-en-italia\/#gentile-da-fabriano\">Gentile da Fabriano<\/a>, el artista m\u00e1s admirado del primer cuarto del siglo XV, Pisanello trabaj\u00f3 en las cortes de Verona, Mil\u00e1n, <a href=\"https:\/\/www.aparences.net\/es\/arte-y-mecenazgo\/los-gonzaga-de-mantua\/\">Mantua<\/a>, <a href=\"https:\/\/www.aparences.net\/es\/arte-y-mecenazgo\/los-aragon-de-napoles\/\">N\u00e1poles<\/a> y otras ciudades, realizando pinturas y medallas pasando de una t\u00e9cnica a otra con extraordinaria facilidad, logrando una armon\u00eda total. Gracias a \u00e9l, el retrato de perfil alcanz\u00f3 el pleno desarrollo de sus potencialidades expresivas, formales y simb\u00f3licas. El pintor trabaj\u00f3 en la corte de <a href=\"https:\/\/www.aparences.net\/es\/arte-y-mecenazgo\/los-este-de-ferrara\/\">los Este de Ferrara<\/a> durante la d\u00e9cada en que <a href=\"https:\/\/www.aparences.net\/es\/escuelas\/los-primitivos-flamencos\/rogier-van-der-weyden\/\">Van der Weyden<\/a> y Piero della Francesca residieron all\u00ed. Fue en este ambiente art\u00edstico donde naci\u00f3 la prestigiosa <a href=\"https:\/\/www.aparences.net\/es\/escuelas\/la-escuela-de-ferrara\/\">escuela de Ferrara<\/a>, que tuvo como uno de sus principales representantes a <a href=\"https:\/\/www.aparences.net\/es\/escuelas\/la-escuela-de-ferrara\/cosme-tura\/\">Cosme Tura<\/a>.<\/p>\n\n\n<div class=\"wp-block-image\">\n<figure class=\"aligncenter\"><img loading=\"lazy\" decoding=\"async\" width=\"610\" height=\"383\" src=\"https:\/\/www.aparences.net\/wp-content\/uploads\/2018\/08\/pisanello-portrait-leonellod-este-et-medaille.jpg\" alt=\"Retrato y Medalla de Leonello d'Este, Pisanello\" class=\"wp-image-18457\" title=\"Retrato y Medalla de Leonello d'Este, Pisanello\" srcset=\"https:\/\/www.aparences.net\/wp-content\/uploads\/2018\/08\/pisanello-portrait-leonellod-este-et-medaille.jpg 610w, https:\/\/www.aparences.net\/wp-content\/uploads\/2018\/08\/pisanello-portrait-leonellod-este-et-medaille-300x188.jpg 300w\" sizes=\"auto, (max-width: 610px) 100vw, 610px\" \/><figcaption class=\"wp-element-caption\"><em><strong>Retrato de Leonello d&#8217;Este<\/strong>, 1441, <strong>Pisanello<\/strong> (Bergamo, Accademia Carrara); <\/em><br><em><strong>Medalla de Leonello d&#8217;Este<\/strong>, recto, 1441-1443, <strong>Pisanello<\/strong> (Colecci\u00f3n privada)<\/em><\/figcaption><\/figure>\n<\/div>\n\n\n<p><em>El retrato fue pintado por Pisanello con ocasi\u00f3n de un concurso que lo opon\u00eda a Jacopo Bellini, que lo gan\u00f3 con una obra hoy desaparecida. En las cortes italianas del siglo XV, el retrato de perfil constitu\u00eda, debido a sus referencias al arte numism\u00e1tico de la Roma imperial, la forma simb\u00f3lica de la majestad y el poder del pr\u00edncipe. El marqu\u00e9s de Ferrara fue particularmente sensible a las connotaciones del retrato de perfil. Las fuentes nos indican que a ese condottiero renacentista le gustaba contemplar los rostros de los emperadores romanos en las monedas y medallas de su colecci\u00f3n, lo que le causaba tanta impresi\u00f3n como las descripciones de Suetonio en las Vidas de los doce c\u00e9sares (<\/em>De vita Caesarum<em>, en lat\u00edn).<\/em><\/p>\n\n\n\n<p>Los pr\u00edncipes no dispon\u00edan de tiempo para someterse a largas sesiones de pose: la ejecuci\u00f3n de una medalla a partir de un dibujo sacado del natural, permit\u00eda forjar una imagen oficial que se difundir\u00eda mediante diversas t\u00e9cnicas.<\/p>\n\n\n\n<!-- AdBoxRight2020 --><ins class=\"adsbygoogle\"     style=\"display:block; margin-top:30px;\"     data-ad-client=\"ca-pub-2468002815867636\"     data-ad-slot=\"3496014735\"     data-ad-format=\"auto\"     data-full-width-responsive=\"false\"><\/ins><script> (adsbygoogle = window.adsbygoogle || []).push({});<\/script><h2 class=\"wp-block-heading\">Pisanello: Retrato de una joven de la casa d&#8217;Este<\/h2>\n\n\n\n<p>Este retrato de una mujer joven es una de las primeras obras de la pintura de retratos del primer Renacimiento. Fue creado durante la d\u00e9cada en la que <a href=\"https:\/\/www.aparences.net\/es\/escuelas\/los-primitivos-flamencos\/\">Jan van Eyck<\/a> y Robert Campin realizaban sus extraordinarias pinturas. Adem\u00e1s de la influencia de la numism\u00e1tica, sin duda existe el hecho de que, en los retratos pintados, las personas representadas parecen planas y ni siquiera han sido modeladas como cuerpos. No se conoce con certeza la identidad de la joven de la peque\u00f1a tabla de Pisanello. La opinion m\u00e1s extendida es que se trata de Margherita Gonzaga, esposa de <a href=\"https:\/\/www.aparences.net\/es\/arte-y-mecenazgo\/la-ciudad-de-ferrara-bajo-los-este\/leonello-de-este\/\">Leonello d&#8217;Este<\/a> con la que se cas\u00f3 en 1433. Este a\u00f1o es considerado como punto de referencia para la dataci\u00f3n de la pintura. Otra hip\u00f3tesis es que se tratar\u00eda de <strong>Ginevra d&#8217;Este<\/strong>, esposa de Sigismondo Pandolfo Malatesta, pr\u00edncipe de Rimini, que habr\u00eda muerto envenenada por \u00e9ste en 1440, cuando ten\u00eda 22 a\u00f1os. Con sus rasgos fr\u00e1giles e infantiles, la frente afeitada y el pelo recogido con cintas entrelazadas siguiendo la moda renacentista, el retrato de la joven habr\u00eda sido pintado con motivo de una propuesta de matrimonio, como lo demuestran los accesorios que se extienden detr\u00e1s de la figura como un tapiz. Las flores luminosas que salen del follaje verde oscuro &#8211; aquilegias y claveles &#8211; y en las que se posan mariposas, son atributos marianos generalmente considerados como s\u00edmbolos de pureza.<\/p>\n\n\n<div class=\"wp-block-image\">\n<figure class=\"aligncenter\"><img loading=\"lazy\" decoding=\"async\" width=\"518\" height=\"430\" src=\"https:\/\/www.aparences.net\/wp-content\/uploads\/2018\/08\/pisanello-portrait-de-jeune-femme-de-la-maison-este.jpg\" alt=\"Retrato de una joven de la casa d'Este, Pisanello\" class=\"wp-image-18458\" title=\"Retrato de una joven de la casa de Este, hacia 1433, Pisanello, temple sobre tabla, 43 x 30 cm, Par\u00eds, Museo del Louvre\" srcset=\"https:\/\/www.aparences.net\/wp-content\/uploads\/2018\/08\/pisanello-portrait-de-jeune-femme-de-la-maison-este.jpg 518w, https:\/\/www.aparences.net\/wp-content\/uploads\/2018\/08\/pisanello-portrait-de-jeune-femme-de-la-maison-este-300x249.jpg 300w\" sizes=\"auto, (max-width: 518px) 100vw, 518px\" \/><figcaption class=\"wp-element-caption\"><em><strong>Retrato de una joven de la casa d&#8217;Este<\/strong>, hacia 1433, <strong>Pisanello<\/strong>, <\/em><br><em>temple sobre tabla, 43 x 30 cm (Par\u00eds, Museo del Louvre)<\/em><\/figcaption><\/figure>\n<\/div>\n\n\n<p>En Florencia, hasta mediados del siglo XV, se sigue favoreciendo la representaci\u00f3n del perfil. El retrato pintado del primer Renacimiento conserva un sabor arcaico, porque los artistas apenas abandonan un sistema convencional, a pesar de las muchas peticiones de cambio y los diversos artificios que a\u00f1aden la composici\u00f3n: la representaci\u00f3n de la perspectiva en el fondo y los muchos detalles que se a\u00f1aden a la vestimenta &#8211; tocados o joyas &#8211; en tres dimensiones, introducidos para acentuar la sensaci\u00f3n de espacio y profundidad.<\/p>\n\n\n<div class=\"wp-block-image\">\n<figure class=\"aligncenter\"><img loading=\"lazy\" decoding=\"async\" width=\"602\" height=\"214\" src=\"https:\/\/www.aparences.net\/wp-content\/uploads\/2018\/08\/portraits-de-profil-renaissance.jpg\" alt=\"Retratos de mujeres renacentistas de perfil\" class=\"wp-image-18459\" title=\"Retratos de mujeres renacentistas de perfi\" srcset=\"https:\/\/www.aparences.net\/wp-content\/uploads\/2018\/08\/portraits-de-profil-renaissance.jpg 602w, https:\/\/www.aparences.net\/wp-content\/uploads\/2018\/08\/portraits-de-profil-renaissance-300x107.jpg 300w\" sizes=\"auto, (max-width: 602px) 100vw, 602px\" \/><figcaption class=\"wp-element-caption\"><em><strong>Retratos de mujeres j\u00f3venes<\/strong>: <strong>Maestro de la Natividad de Castello<\/strong>, c. 1450; <strong>Paolo Uccello<\/strong>, c. 1450; <strong>Antonio del Pollaiolo<\/strong>, c. 1460-65; <strong>Antonio del Pollaiolo<\/strong>, c. 1460-65 (New York, Metropolitan Museum; Berl\u00edn, Staatliche Museen; Mil\u00e1n, Museo Poldi Pezoli)<\/em><\/figcaption><\/figure>\n<\/div>\n\n<div class=\"wp-block-image\">\n<figure class=\"aligncenter\"><img loading=\"lazy\" decoding=\"async\" width=\"323\" height=\"430\" src=\"https:\/\/www.aparences.net\/wp-content\/uploads\/2018\/08\/botticelli-portrait-de-profil-d-une-jeune-femme.jpg\" alt=\"Retrato de perfil de una mujer joven, Sandro Botticelli\" class=\"wp-image-18460\" title=\"Retrato de perfil de una mujer joven, Sandro Botticelli\" srcset=\"https:\/\/www.aparences.net\/wp-content\/uploads\/2018\/08\/botticelli-portrait-de-profil-d-une-jeune-femme.jpg 323w, https:\/\/www.aparences.net\/wp-content\/uploads\/2018\/08\/botticelli-portrait-de-profil-d-une-jeune-femme-225x300.jpg 225w\" sizes=\"auto, (max-width: 323px) 100vw, 323px\" \/><figcaption class=\"wp-element-caption\"><em><strong>Retrato de perfil de una mujer joven<\/strong>, c. 1480, <strong>Sandro Botticelli<\/strong> (Berl\u00edn, Staatliche Museum)<\/em><\/figcaption><\/figure>\n<\/div>\n\n\n<p>La persistencia del retrato de perfil puede explicarse por varias razones: la estrecha relaci\u00f3n con la her\u00e1ldica y el deseo de los comitentes de una puesta en escena tradicional en las obras devocionales &#8211; frescos y retablos &#8211; donde casi siempre aparecen de rodillas, de perfil y las manos juntas, ya sean personajes individuales, esposos o familias enteras. En los <a href=\"https:\/\/www.aparences.net\/es\/arte-y-mecenazgo\/los-gonzaga-de-mantua\/andrea-mantegna-pintor-de-corte\/#los-frescos-de-la-c%C3%A1mara-de-los-esposos-o-camera-picta\">frescos de la C\u00e1mara de los Esposos<\/a> de Mantua, realizados por <a href=\"https:\/\/www.aparences.net\/es\/arte-y-mecenazgo\/los-gonzaga-de-mantua\/andrea-mantegna-pintor-de-corte\/\">Mantegna<\/a>, entre los numerosos retratos de familia algunos personajes se muestran de perfil. En la parte delantera est\u00e1n los miembros masculinos de la familia Gonzaga, <strong>Ludovico Gonzaga<\/strong> cuyos rasgos son muy parecidos a los de un busto de bronce que se encuentra en Berl\u00edn, su hijo mayor Federico, de perfil a la derecha, y su hijo segundo, el cardenal Francesco Gonzaga en el centro, casi con la cara completa.<\/p>\n\n\n<div class=\"wp-block-image\">\n<figure class=\"aligncenter\"><img loading=\"lazy\" decoding=\"async\" width=\"381\" height=\"429\" src=\"https:\/\/www.aparences.net\/wp-content\/uploads\/2018\/08\/andrea-mantegna-camera-picta-portrait-federico-gonzaga-camera-picta.jpg\" alt=\"El encuentro, Andrea Mantegna\" class=\"wp-image-18461\" title=\"El encuentro, Andrea Mantegna\" srcset=\"https:\/\/www.aparences.net\/wp-content\/uploads\/2018\/08\/andrea-mantegna-camera-picta-portrait-federico-gonzaga-camera-picta.jpg 381w, https:\/\/www.aparences.net\/wp-content\/uploads\/2018\/08\/andrea-mantegna-camera-picta-portrait-federico-gonzaga-camera-picta-266x300.jpg 266w\" sizes=\"auto, (max-width: 381px) 100vw, 381px\" \/><figcaption class=\"wp-element-caption\"><em><strong>El encuentro<\/strong>, detalle de un fresco de la C\u00e1mara de los Esposos, <strong>Andrea Mantegna<\/strong> (Mantua, Palacio Ducal)<\/em><\/figcaption><\/figure>\n<\/div>\n\n\n<!-- AdBoxLeft2023 --><ins class=\"adsbygoogle\" style=\"display:block\" data-ad-client=\"ca-pub-2468002815867636\" data-ad-slot=\"1318022963\" data-ad-format=\"auto\" data-full-width-responsive=\"true\"><\/ins><script> (adsbygoogle = window.adsbygoogle || []).push({});<\/script><h2 class=\"wp-block-heading\">Federico da Montefeltro: un perfil \u00fanico y \u00abobligatorio\u00bb<\/h2>\n\n\n\n<p>Federico da Montefeltro, duque de Urbino, representa el verdadero pr\u00edncipe del humanismo italiano. Se\u00f1or de un territorio peque\u00f1o pero de gran importancia estrat\u00e9gica, transforma la peque\u00f1a ciudad de Urbino, aislada y apacible, en un centro cosmopolita de arte y cultura. Urbino atrae a maestros portadores de diversas experiencias art\u00edsticas y humanas. Todos participan en el proyecto de hacer de Urbino la \u00abciudad ideal\u00bb del Renacimiento. En la \u00e9poca \u00e1lgida de Urbino, encontramos a <a href=\"https:\/\/www.aparences.net\/es\/arte-y-mecenazgo\/los-fresquistas-florentinos\/piero-della-francesca-historia-de-una-sintesis\/\">Piero della Francesca<\/a>, artista que re\u00fane en una s\u00edntesis perfecta las cualidades de un pintor extraordinario y un prodigioso matem\u00e1tico. Piero elige como modelo para el retrato del duque Federico el perfil habitual, adoptado por los artistas de la corte, pero en este caso la pose est\u00e1 doblemente justificada. De hecho, en un torneo organizado para celebrar la Paz de Lodi (1454), el se\u00f1or de Urbino fue herido por la lanza de un adversario que, entrando en su casco le ocasion\u00f3 la p\u00e9rdida de su ojo derecho qued\u00e1ndole una gran cicatriz. La pose del perfil ha sido adaptada a esta circunstancia. En el <a href=\"https:\/\/pinacotecabrera.org\/en\/collezione-online\/opere\/the-virgin-with-child-angels-and-saints\/\"><em>Retablo de Brera<\/em><\/a>, Piero della Francesca vuelve a pintar la efigie del duque en la pose arrodillada del donante. Con gran solemnidad, al abrigo silencioso de un espacio lleno de luz, Piero, propone una vez mas el tema del contraste entre la figura corpulenta, rubicunda y realista del comitente y los rostros ensimismados de los personajes de la corte celestial.<\/p>\n\n\n<div class=\"wp-block-image\">\n<figure class=\"aligncenter\"><img loading=\"lazy\" decoding=\"async\" width=\"519\" height=\"410\" src=\"https:\/\/www.aparences.net\/wp-content\/uploads\/2018\/08\/piero-della-francesca-diptyque-montefeltro-vers-1465-florence-offices.jpg\" alt=\"D\u00edptico de Urbino, 1465, Piero della Francesca\" class=\"wp-image-18462\" title=\"D\u00edptico de Urbino, 1465, Piero della Francesca\" srcset=\"https:\/\/www.aparences.net\/wp-content\/uploads\/2018\/08\/piero-della-francesca-diptyque-montefeltro-vers-1465-florence-offices.jpg 519w, https:\/\/www.aparences.net\/wp-content\/uploads\/2018\/08\/piero-della-francesca-diptyque-montefeltro-vers-1465-florence-offices-300x237.jpg 300w\" sizes=\"auto, (max-width: 519px) 100vw, 519px\" \/><figcaption class=\"wp-element-caption\"><em><strong>Retrato de Federico da Montefeltro y su esposa Battista Sforza<\/strong> (llamado d\u00edptico de Urbino), 1465, <strong>Piero della Francesca<\/strong> (Florencia, Galer\u00eda de los Uffizi)<\/em><\/figcaption><\/figure>\n<\/div>\n\n\n<p><em>El medio elegido por el artista para ejecutar estos retratos, el d\u00edptico, evoca una f\u00f3rmula pat\u00e9tica que se remonta a la antig\u00fcedad: en la \u00e9poca romana, el retrato de estas parejas, ejecutados sobre madera, metal o marfil, unidos por bisagras, eran ofrecidos por los c\u00f3nsules al emperador, al Senado o a amigos influyentes. Es posible que esta obra haya sido concebida como un regalo, pero no sabemos a quien iba destinada. A pesar de su peque\u00f1o tama\u00f1o, estas dos pinturas son un documento impresionante de la pasi\u00f3n del pr\u00edncipe por la gloria, celebrado junto con su esposa como <\/em>fortis sapiensque<em> es decir \u00abvaliente y sensato\u00bb, versado en las armas y las ciencias, como lo exigen los espejos de los pr\u00edncipes de la Edad Media y el Renacimiento.<\/em><\/p>\n\n\n<div class=\"wp-block-image\">\n<figure class=\"aligncenter\"><img loading=\"lazy\" decoding=\"async\" width=\"601\" height=\"289\" src=\"https:\/\/www.aparences.net\/wp-content\/uploads\/2018\/08\/piero-della-francesca-diptyque-urbino.jpg\" alt=\"Battista Sforza y paisaje, Piero della Francesca\" class=\"wp-image-18463\" title=\"Battista Sforza y paisaje, Piero della Francesca\" srcset=\"https:\/\/www.aparences.net\/wp-content\/uploads\/2018\/08\/piero-della-francesca-diptyque-urbino.jpg 601w, https:\/\/www.aparences.net\/wp-content\/uploads\/2018\/08\/piero-della-francesca-diptyque-urbino-300x144.jpg 300w\" sizes=\"auto, (max-width: 601px) 100vw, 601px\" \/><\/figure>\n<\/div>\n\n\n<p><em>En segundo plano aparece un paisaje monta\u00f1oso que se extiende hasta el horizonte y est\u00e1 salpicado de pinos en forma de puntos. Este panorama que recuerda a los paisajes del valle del Arno que pintaba <a href=\"https:\/\/www.aparences.net\/es\/periodos\/el-quattrocento\/el-arte-en-florencia-hacia-1480\/#antonio-del-pollaiolo-y-la-representaci%C3%B3n-del-desnudo-en-movimiento\">Antonio Pollaiuolo<\/a>, es el territorio de Urbino, situado al interior de la costa del Adri\u00e1tico, entre Loreto y Rimini. La fortificaci\u00f3n de la costa y los barcos est\u00e1n ah\u00ed para referirse a las acciones militares del brillante condottiero.<\/em><\/p>\n\n\n\n<p>En Italia, las convenciones del retrato de perfil eran importantes, hasta el punto de llevar al compilador de un inventario elaborado en 1500 en la corte de Pesaro a anotar, refiri\u00e9ndose a algunos retratos, que eran \u00abcon dos ojos\u00bb. Medio siglo m\u00e1s tarde, Ludovico Dolce, en el <em>Dialogo della pittura intitolato l\u2019Aretino<\/em> (Di\u00e1logo de la pintura, titulado Aretino) hara una distinci\u00f3n entre las representaciones del rostro de perfil, de frente y de tres cuartos, nombr\u00e1ndolos <em>in profilo<\/em>, <em>in maest\u00e0<\/em> y <em>con un occhio e mezzo<\/em> (con un ojo y medio).<\/p>\n\n\n<div class=\"wp-block-image\">\n<figure class=\"aligncenter\"><img loading=\"lazy\" decoding=\"async\" width=\"301\" height=\"430\" src=\"https:\/\/www.aparences.net\/wp-content\/uploads\/2018\/08\/antonio-da-crevalcore-attribue-portrait-de-jeune-homme-vers-1475.jpg\" alt=\"Retrato de un joven, atribuido a Antonio da Crevalcore\" class=\"wp-image-18464\" title=\"Retrato de un joven, atribuido a Antonio da Crevalcore\" srcset=\"https:\/\/www.aparences.net\/wp-content\/uploads\/2018\/08\/antonio-da-crevalcore-attribue-portrait-de-jeune-homme-vers-1475.jpg 301w, https:\/\/www.aparences.net\/wp-content\/uploads\/2018\/08\/antonio-da-crevalcore-attribue-portrait-de-jeune-homme-vers-1475-210x300.jpg 210w\" sizes=\"auto, (max-width: 301px) 100vw, 301px\" \/><figcaption class=\"wp-element-caption\"><em><strong>Retrato de un joven<\/strong>, hacia 1475, atribuido a <strong>Antonio da Crevalcore<\/strong> (Venecia, Museo Correr)<\/em><\/figcaption><\/figure>\n<\/div>\n\n\n<p><em>El marco de m\u00e1rmoles policromados simula el marco de una ventana, detr\u00e1s de la cual se encuentra el personaje. Un cortinaje medio levantado muestra un paisaje mar\u00edtimo. Este modo singular de composici\u00f3n conecta tres espacios y combina tres g\u00e9neros art\u00edsticos: en primer plano, la naturaleza muerta con un libro en trampantojo que entra en el espacio del observador; en segundo plano el modelo; y, al fondo, el paisaje donde descubrimos la l\u00ednea del horizonte.<\/em><\/p>\n\n\n<div class=\"wp-block-image\">\n<figure class=\"aligncenter\"><img loading=\"lazy\" decoding=\"async\" width=\"600\" height=\"305\" src=\"https:\/\/www.aparences.net\/wp-content\/uploads\/2018\/08\/antonio-da-crevalcore-attribue-portrait-de-jeune-homme-vers-1475-.jpg\" alt=\"Retrato de un joven, detalle, Antonio da Crevalcore\" class=\"wp-image-18465\" title=\"Retrato de un joven, detalle, Antonio da Crevalcore\" srcset=\"https:\/\/www.aparences.net\/wp-content\/uploads\/2018\/08\/antonio-da-crevalcore-attribue-portrait-de-jeune-homme-vers-1475-.jpg 600w, https:\/\/www.aparences.net\/wp-content\/uploads\/2018\/08\/antonio-da-crevalcore-attribue-portrait-de-jeune-homme-vers-1475--300x153.jpg 300w\" sizes=\"auto, (max-width: 600px) 100vw, 600px\" \/><\/figure>\n<\/div>\n\n\n<p><em>El modelo se ha representa con la misma objetividad impasible con la que se representan los objetos. La consistencia casi mineral de las carnaciones y los elementos indica que el pintor trabajaba en el medio art\u00edstico de Ferrara; algunos especialistas creen que se trata de Baldassare d&#8217;Este, y otros, Antonio da Crevalcore.<\/em><\/p>\n\n\n<div class=\"wp-block-image\">\n<figure class=\"aligncenter\"><img loading=\"lazy\" decoding=\"async\" width=\"587\" height=\"409\" src=\"https:\/\/www.aparences.net\/wp-content\/uploads\/2018\/08\/giovanna-degli-albizzi-portrait-et-medaille-ghirlandaio-niccolo-fiorentino.jpg\" alt=\"Retrato y Medalla de Giovanna degli Albizzi\" class=\"wp-image-18466\" title=\"Retrato y Medalla de Giovanna degli Albizzi\" srcset=\"https:\/\/www.aparences.net\/wp-content\/uploads\/2018\/08\/giovanna-degli-albizzi-portrait-et-medaille-ghirlandaio-niccolo-fiorentino.jpg 587w, https:\/\/www.aparences.net\/wp-content\/uploads\/2018\/08\/giovanna-degli-albizzi-portrait-et-medaille-ghirlandaio-niccolo-fiorentino-300x209.jpg 300w\" sizes=\"auto, (max-width: 587px) 100vw, 587px\" \/><figcaption class=\"wp-element-caption\"><em><strong>Giovanna degli Albizzi<\/strong>, detalle, 1489, <strong>Domenico Ghirlandaio<\/strong> (Madrid, Museo Thyssen Bornemisza); <strong>Medalla de Giovanna degli Albizzi<\/strong>, hacia 1486, atribuida a Niccol\u00f2 Fiorentino (Washington, National Gallery)<\/em><\/figcaption><\/figure>\n<\/div>\n\n\n<p><em>Esta representaci\u00f3n de perfil respeta las convenciones dominantes en el retrato florentino de la \u00e9poca, donde la mujer est\u00e1 representada siguiendo la tipolog\u00eda que prevalecer\u00e1 a lo largo de la segunda mitad del siglo XV. Es uno de los retratos m\u00e1s bellos de la escuela florentina del siglo XV, uno de los m\u00e1s delicados y refinados. El perfil muy puro de la joven se recorta con nitidez sobre el fondo oscuro y brillante. El retrato comunica emoci\u00f3n y placer est\u00e9tico, y deja entrever una cualidad metaf\u00edsica que recuerda los perfiles de <a href=\"https:\/\/www.aparences.net\/es\/periodos\/el-quattrocento\/paolo-uccello\/\">Paolo Uccello<\/a>. Se trata de un retrato p\u00f3stumo, quiz\u00e1s basado en las medallas realizadas para la boda de la joven con Lorenzo Tornabuoni.<\/em><\/p>\n\n\n<div class=\"wp-block-image\">\n<figure class=\"aligncenter\"><img loading=\"lazy\" decoding=\"async\" width=\"406\" height=\"430\" src=\"https:\/\/www.aparences.net\/wp-content\/uploads\/2018\/08\/domenico-ghirlandaio-giovanna-degli-albizzi-fresque-chapelle-tornabuoni-florence.jpg\" alt=\"La Visitaci\u00f3n, retrato de Giovanna degli Albizzi, Ghirlandaio\" class=\"wp-image-18467\" title=\"La Visitaci\u00f3n, retrato de Giovanna degli Albizzi, Ghirlandaio\" srcset=\"https:\/\/www.aparences.net\/wp-content\/uploads\/2018\/08\/domenico-ghirlandaio-giovanna-degli-albizzi-fresque-chapelle-tornabuoni-florence.jpg 406w, https:\/\/www.aparences.net\/wp-content\/uploads\/2018\/08\/domenico-ghirlandaio-giovanna-degli-albizzi-fresque-chapelle-tornabuoni-florence-283x300.jpg 283w\" sizes=\"auto, (max-width: 406px) 100vw, 406px\" \/><figcaption class=\"wp-element-caption\"><em><strong>Vida de San Juan Bautista<\/strong>: La Visitaci\u00f3n, con el retrato de Giovanna degli Albizzi, <strong>Domenico Ghirlandaio<\/strong> <\/em><br><em>(Florencia, Santa Maria Novella, Capilla Tornabuoni)<\/em><\/figcaption><\/figure>\n<\/div>\n\n\n<p><em>Giovanna degli Albizzi, esposa de Lorenzo Tornabuoni, tambi\u00e9n fue retratada por Ghirlandaio en el ciclo de frescos de Santa Maria Novella. Los Tornabuoni eran una familia rica y poderosa de Florencia relacionados con <a href=\"https:\/\/www.aparences.net\/es\/arte-y-mecenazgo\/florencia-y-los-medicis\/\">los M\u00e9dicis<\/a>.<\/em><\/p>\n\n\n\n<p>Dado el extraordinario desarrollo de las artes visuales y las conquistas expresivas de la pintura en la misma \u00e9poca, la elecci\u00f3n de perfil pronto aparece como extra\u00f1amente anacr\u00f3nica. En realidad, hasta mediados del siglo XV, las reglas de la perspectiva lineal y el arte humanista se aplicaron casi exclusivamente en Florencia. En el resto de Italia, es el gusto del g\u00f3tico tard\u00edo el que domina y se opone a la definici\u00f3n rigurosa y sobria del arte florentino, sus \u00faltimos ornamentos y su ostentaci\u00f3n del lujo, incluso en la elecci\u00f3n de colores y materiales: oro, verde extra\u00eddo de la malaquita, rojo extra\u00eddo de la cochinilla, e incluso el m\u00e1s caro, el azul ultramar, extra\u00eddo del lapisl\u00e1zuli, y lacas que Venecia importaba de Oriente. As\u00ed se crea esta fascinante ambig\u00fcedad entre la imagen del mundo real y la atm\u00f3sfera m\u00e1gica de las novelas de caballer\u00eda.<\/p>\n\n\n\n<hr class=\"wp-block-separator has-alpha-channel-opacity\"\/>\n\n\n\n<h6 class=\"wp-block-heading\">Bibliograf\u00eda<\/h6>\n\n\n\n<p class=\"has-text-align-left\">Schneider, Norbert. <em>L&#8217;art du portrait<\/em>. Flammarion. Taschen, Londres, 1994<br>Gigante, Elisabetta. <em>L&#8217;art du portrait : histoire, \u00e9volution et technique<\/em>. Hazan. Paris, 2011<br>Pope-Hennessy, John. <em>El retrato en el Renacimiento. <\/em>Madrid, Akal\/Universitaria, 1985<em><br><\/em> Collectif.<em> <em>Le portrait.<\/em> <\/em>Paris. \u00c9ditions Gallimard, 2001<em><br><\/em>Pommier, Edouard.<em> Th\u00e9ories du portrait. <\/em>Paris. Gallimard, 1998<\/p>\n","protected":false},"excerpt":{"rendered":"<p>En el siglo XV, en Italia, los perfiles que vemos en las medallas a menudo se han utilizado como modelo para los retratos pintados o esculpidos.<\/p>\n","protected":false},"author":2,"featured_media":26588,"comment_status":"closed","ping_status":"closed","sticky":false,"template":"","format":"standard","meta":{"footnotes":""},"categories":[3158],"tags":[4928,4939,4931,4935,4938,1408],"class_list":["post-13805","post","type-post","status-publish","format-standard","has-post-thumbnail","hentry","category-el-retrato-en-el-renacimiento-italiano","tag-el-arte-del-retrato","tag-el-retrato-de-perfil","tag-el-retrato-en-el-renacimiento","tag-el-retrato-renacentista","tag-medallas-y-retratos","tag-xve-siecle"],"yoast_head":"<!-- This site is optimized with the Yoast SEO plugin v27.2 - https:\/\/yoast.com\/product\/yoast-seo-wordpress\/ -->\n<title>El retrato de perfil en el siglo XV<\/title>\n<meta name=\"description\" content=\"En el siglo XV, en Italia, los perfiles que vemos en las medallas a menudo se han utilizado como modelo para los retratos pintados o esculpidos.\" \/>\n<meta name=\"robots\" content=\"index, follow, max-snippet:-1, max-image-preview:large, max-video-preview:-1\" \/>\n<link rel=\"canonical\" href=\"https:\/\/www.aparences.net\/es\/arte-y-mecenazgo\/el-retrato-en-el-renacimiento-italiano\/el-retrato-de-perfil-en-el-siglo-xv\/\" \/>\n<meta property=\"og:locale\" content=\"es_ES\" \/>\n<meta property=\"og:type\" content=\"article\" \/>\n<meta property=\"og:title\" content=\"El retrato de perfil en el siglo XV\" \/>\n<meta property=\"og:description\" content=\"En el siglo XV, en Italia, los perfiles que vemos en las medallas a menudo se han utilizado como modelo para los retratos pintados o esculpidos.\" \/>\n<meta property=\"og:url\" content=\"https:\/\/www.aparences.net\/es\/arte-y-mecenazgo\/el-retrato-en-el-renacimiento-italiano\/el-retrato-de-perfil-en-el-siglo-xv\/\" \/>\n<meta property=\"og:site_name\" content=\"Aparences\" \/>\n<meta property=\"article:published_time\" content=\"2018-09-08T16:05:59+00:00\" \/>\n<meta property=\"article:modified_time\" content=\"2025-12-11T18:40:56+00:00\" \/>\n<meta property=\"og:image\" content=\"https:\/\/www.aparences.net\/wp-content\/uploads\/2018\/09\/portrait-de-profil-au-xv-siecle.jpg\" \/>\n\t<meta property=\"og:image:width\" content=\"1080\" \/>\n\t<meta property=\"og:image:height\" content=\"540\" \/>\n\t<meta property=\"og:image:type\" content=\"image\/jpeg\" \/>\n<meta name=\"author\" content=\"admin\" \/>\n<meta name=\"twitter:card\" content=\"summary_large_image\" \/>\n<meta name=\"twitter:label1\" content=\"Escrito por\" \/>\n\t<meta name=\"twitter:data1\" content=\"admin\" \/>\n\t<meta name=\"twitter:label2\" content=\"Tiempo de lectura\" \/>\n\t<meta name=\"twitter:data2\" content=\"15 minutos\" \/>\n<script type=\"application\/ld+json\" class=\"yoast-schema-graph\">{\"@context\":\"https:\/\/schema.org\",\"@graph\":[{\"@type\":\"Article\",\"@id\":\"https:\/\/www.aparences.net\/es\/arte-y-mecenazgo\/el-retrato-en-el-renacimiento-italiano\/el-retrato-de-perfil-en-el-siglo-xv\/#article\",\"isPartOf\":{\"@id\":\"https:\/\/www.aparences.net\/es\/arte-y-mecenazgo\/el-retrato-en-el-renacimiento-italiano\/el-retrato-de-perfil-en-el-siglo-xv\/\"},\"author\":{\"name\":\"admin\",\"@id\":\"https:\/\/www.aparences.net\/es\/#\/schema\/person\/af349f6ffc31b16c68963e61268afca5\"},\"headline\":\"El retrato de perfil en el siglo XV\",\"datePublished\":\"2018-09-08T16:05:59+00:00\",\"dateModified\":\"2025-12-11T18:40:56+00:00\",\"mainEntityOfPage\":{\"@id\":\"https:\/\/www.aparences.net\/es\/arte-y-mecenazgo\/el-retrato-en-el-renacimiento-italiano\/el-retrato-de-perfil-en-el-siglo-xv\/\"},\"wordCount\":2598,\"publisher\":{\"@id\":\"https:\/\/www.aparences.net\/es\/#organization\"},\"image\":{\"@id\":\"https:\/\/www.aparences.net\/es\/arte-y-mecenazgo\/el-retrato-en-el-renacimiento-italiano\/el-retrato-de-perfil-en-el-siglo-xv\/#primaryimage\"},\"thumbnailUrl\":\"https:\/\/www.aparences.net\/wp-content\/uploads\/2018\/09\/portrait-de-profil-au-xv-siecle.jpg\",\"keywords\":[\"el arte del retrato\",\"el retrato de perfil\",\"el retrato en el Renacimiento\",\"el retrato renacentista\",\"medallas y retratos\",\"XVe si\u00e8cle\"],\"articleSection\":[\"El retrato en el renacimiento italiano\"],\"inLanguage\":\"es\"},{\"@type\":[\"WebPage\",\"ItemPage\"],\"@id\":\"https:\/\/www.aparences.net\/es\/arte-y-mecenazgo\/el-retrato-en-el-renacimiento-italiano\/el-retrato-de-perfil-en-el-siglo-xv\/\",\"url\":\"https:\/\/www.aparences.net\/es\/arte-y-mecenazgo\/el-retrato-en-el-renacimiento-italiano\/el-retrato-de-perfil-en-el-siglo-xv\/\",\"name\":\"El retrato de perfil en el siglo XV\",\"isPartOf\":{\"@id\":\"https:\/\/www.aparences.net\/es\/#website\"},\"primaryImageOfPage\":{\"@id\":\"https:\/\/www.aparences.net\/es\/arte-y-mecenazgo\/el-retrato-en-el-renacimiento-italiano\/el-retrato-de-perfil-en-el-siglo-xv\/#primaryimage\"},\"image\":{\"@id\":\"https:\/\/www.aparences.net\/es\/arte-y-mecenazgo\/el-retrato-en-el-renacimiento-italiano\/el-retrato-de-perfil-en-el-siglo-xv\/#primaryimage\"},\"thumbnailUrl\":\"https:\/\/www.aparences.net\/wp-content\/uploads\/2018\/09\/portrait-de-profil-au-xv-siecle.jpg\",\"datePublished\":\"2018-09-08T16:05:59+00:00\",\"dateModified\":\"2025-12-11T18:40:56+00:00\",\"description\":\"En el siglo XV, en Italia, los perfiles que vemos en las medallas a menudo se han utilizado como modelo para los retratos pintados o esculpidos.\",\"breadcrumb\":{\"@id\":\"https:\/\/www.aparences.net\/es\/arte-y-mecenazgo\/el-retrato-en-el-renacimiento-italiano\/el-retrato-de-perfil-en-el-siglo-xv\/#breadcrumb\"},\"inLanguage\":\"es\",\"potentialAction\":[{\"@type\":\"ReadAction\",\"target\":[\"https:\/\/www.aparences.net\/es\/arte-y-mecenazgo\/el-retrato-en-el-renacimiento-italiano\/el-retrato-de-perfil-en-el-siglo-xv\/\"]}]},{\"@type\":\"ImageObject\",\"inLanguage\":\"es\",\"@id\":\"https:\/\/www.aparences.net\/es\/arte-y-mecenazgo\/el-retrato-en-el-renacimiento-italiano\/el-retrato-de-perfil-en-el-siglo-xv\/#primaryimage\",\"url\":\"https:\/\/www.aparences.net\/wp-content\/uploads\/2018\/09\/portrait-de-profil-au-xv-siecle.jpg\",\"contentUrl\":\"https:\/\/www.aparences.net\/wp-content\/uploads\/2018\/09\/portrait-de-profil-au-xv-siecle.jpg\",\"width\":1080,\"height\":540},{\"@type\":\"BreadcrumbList\",\"@id\":\"https:\/\/www.aparences.net\/es\/arte-y-mecenazgo\/el-retrato-en-el-renacimiento-italiano\/el-retrato-de-perfil-en-el-siglo-xv\/#breadcrumb\",\"itemListElement\":[{\"@type\":\"ListItem\",\"position\":1,\"name\":\"Portada\",\"item\":\"https:\/\/www.aparences.net\/es\/\"},{\"@type\":\"ListItem\",\"position\":2,\"name\":\"El retrato de perfil en el siglo XV\"}]},{\"@type\":\"WebSite\",\"@id\":\"https:\/\/www.aparences.net\/es\/#website\",\"url\":\"https:\/\/www.aparences.net\/es\/\",\"name\":\"Aparences: Historia del Arte y Actualidad Cultural\",\"description\":\"\",\"publisher\":{\"@id\":\"https:\/\/www.aparences.net\/es\/#organization\"},\"potentialAction\":[{\"@type\":\"SearchAction\",\"target\":{\"@type\":\"EntryPoint\",\"urlTemplate\":\"https:\/\/www.aparences.net\/es\/?s={search_term_string}\"},\"query-input\":{\"@type\":\"PropertyValueSpecification\",\"valueRequired\":true,\"valueName\":\"search_term_string\"}}],\"inLanguage\":\"es\"},{\"@type\":\"Organization\",\"@id\":\"https:\/\/www.aparences.net\/es\/#organization\",\"name\":\"Aparences: Historia del Arte y Actualidad Cultural\",\"url\":\"https:\/\/www.aparences.net\/es\/\",\"logo\":{\"@type\":\"ImageObject\",\"inLanguage\":\"es\",\"@id\":\"https:\/\/www.aparences.net\/es\/#\/schema\/logo\/image\/\",\"url\":\"https:\/\/www.aparences.net\/wp-content\/uploads\/2023\/09\/logo-quadrat-color-e1695915315229.png\",\"contentUrl\":\"https:\/\/www.aparences.net\/wp-content\/uploads\/2023\/09\/logo-quadrat-color-e1695915315229.png\",\"width\":120,\"height\":120,\"caption\":\"Aparences: Historia del Arte y Actualidad Cultural\"},\"image\":{\"@id\":\"https:\/\/www.aparences.net\/es\/#\/schema\/logo\/image\/\"}},{\"@type\":\"Person\",\"@id\":\"https:\/\/www.aparences.net\/es\/#\/schema\/person\/af349f6ffc31b16c68963e61268afca5\",\"name\":\"admin\",\"url\":\"https:\/\/www.aparences.net\/es\/author\/admin\/\"}]}<\/script>\n<!-- \/ Yoast SEO plugin. -->","yoast_head_json":{"title":"El retrato de perfil en el siglo XV","description":"En el siglo XV, en Italia, los perfiles que vemos en las medallas a menudo se han utilizado como modelo para los retratos pintados o esculpidos.","robots":{"index":"index","follow":"follow","max-snippet":"max-snippet:-1","max-image-preview":"max-image-preview:large","max-video-preview":"max-video-preview:-1"},"canonical":"https:\/\/www.aparences.net\/es\/arte-y-mecenazgo\/el-retrato-en-el-renacimiento-italiano\/el-retrato-de-perfil-en-el-siglo-xv\/","og_locale":"es_ES","og_type":"article","og_title":"El retrato de perfil en el siglo XV","og_description":"En el siglo XV, en Italia, los perfiles que vemos en las medallas a menudo se han utilizado como modelo para los retratos pintados o esculpidos.","og_url":"https:\/\/www.aparences.net\/es\/arte-y-mecenazgo\/el-retrato-en-el-renacimiento-italiano\/el-retrato-de-perfil-en-el-siglo-xv\/","og_site_name":"Aparences","article_published_time":"2018-09-08T16:05:59+00:00","article_modified_time":"2025-12-11T18:40:56+00:00","og_image":[{"width":1080,"height":540,"url":"https:\/\/www.aparences.net\/wp-content\/uploads\/2018\/09\/portrait-de-profil-au-xv-siecle.jpg","type":"image\/jpeg"}],"author":"admin","twitter_card":"summary_large_image","twitter_misc":{"Escrito por":"admin","Tiempo de lectura":"15 minutos"},"schema":{"@context":"https:\/\/schema.org","@graph":[{"@type":"Article","@id":"https:\/\/www.aparences.net\/es\/arte-y-mecenazgo\/el-retrato-en-el-renacimiento-italiano\/el-retrato-de-perfil-en-el-siglo-xv\/#article","isPartOf":{"@id":"https:\/\/www.aparences.net\/es\/arte-y-mecenazgo\/el-retrato-en-el-renacimiento-italiano\/el-retrato-de-perfil-en-el-siglo-xv\/"},"author":{"name":"admin","@id":"https:\/\/www.aparences.net\/es\/#\/schema\/person\/af349f6ffc31b16c68963e61268afca5"},"headline":"El retrato de perfil en el siglo XV","datePublished":"2018-09-08T16:05:59+00:00","dateModified":"2025-12-11T18:40:56+00:00","mainEntityOfPage":{"@id":"https:\/\/www.aparences.net\/es\/arte-y-mecenazgo\/el-retrato-en-el-renacimiento-italiano\/el-retrato-de-perfil-en-el-siglo-xv\/"},"wordCount":2598,"publisher":{"@id":"https:\/\/www.aparences.net\/es\/#organization"},"image":{"@id":"https:\/\/www.aparences.net\/es\/arte-y-mecenazgo\/el-retrato-en-el-renacimiento-italiano\/el-retrato-de-perfil-en-el-siglo-xv\/#primaryimage"},"thumbnailUrl":"https:\/\/www.aparences.net\/wp-content\/uploads\/2018\/09\/portrait-de-profil-au-xv-siecle.jpg","keywords":["el arte del retrato","el retrato de perfil","el retrato en el Renacimiento","el retrato renacentista","medallas y retratos","XVe si\u00e8cle"],"articleSection":["El retrato en el renacimiento italiano"],"inLanguage":"es"},{"@type":["WebPage","ItemPage"],"@id":"https:\/\/www.aparences.net\/es\/arte-y-mecenazgo\/el-retrato-en-el-renacimiento-italiano\/el-retrato-de-perfil-en-el-siglo-xv\/","url":"https:\/\/www.aparences.net\/es\/arte-y-mecenazgo\/el-retrato-en-el-renacimiento-italiano\/el-retrato-de-perfil-en-el-siglo-xv\/","name":"El retrato de perfil en el siglo XV","isPartOf":{"@id":"https:\/\/www.aparences.net\/es\/#website"},"primaryImageOfPage":{"@id":"https:\/\/www.aparences.net\/es\/arte-y-mecenazgo\/el-retrato-en-el-renacimiento-italiano\/el-retrato-de-perfil-en-el-siglo-xv\/#primaryimage"},"image":{"@id":"https:\/\/www.aparences.net\/es\/arte-y-mecenazgo\/el-retrato-en-el-renacimiento-italiano\/el-retrato-de-perfil-en-el-siglo-xv\/#primaryimage"},"thumbnailUrl":"https:\/\/www.aparences.net\/wp-content\/uploads\/2018\/09\/portrait-de-profil-au-xv-siecle.jpg","datePublished":"2018-09-08T16:05:59+00:00","dateModified":"2025-12-11T18:40:56+00:00","description":"En el siglo XV, en Italia, los perfiles que vemos en las medallas a menudo se han utilizado como modelo para los retratos pintados o esculpidos.","breadcrumb":{"@id":"https:\/\/www.aparences.net\/es\/arte-y-mecenazgo\/el-retrato-en-el-renacimiento-italiano\/el-retrato-de-perfil-en-el-siglo-xv\/#breadcrumb"},"inLanguage":"es","potentialAction":[{"@type":"ReadAction","target":["https:\/\/www.aparences.net\/es\/arte-y-mecenazgo\/el-retrato-en-el-renacimiento-italiano\/el-retrato-de-perfil-en-el-siglo-xv\/"]}]},{"@type":"ImageObject","inLanguage":"es","@id":"https:\/\/www.aparences.net\/es\/arte-y-mecenazgo\/el-retrato-en-el-renacimiento-italiano\/el-retrato-de-perfil-en-el-siglo-xv\/#primaryimage","url":"https:\/\/www.aparences.net\/wp-content\/uploads\/2018\/09\/portrait-de-profil-au-xv-siecle.jpg","contentUrl":"https:\/\/www.aparences.net\/wp-content\/uploads\/2018\/09\/portrait-de-profil-au-xv-siecle.jpg","width":1080,"height":540},{"@type":"BreadcrumbList","@id":"https:\/\/www.aparences.net\/es\/arte-y-mecenazgo\/el-retrato-en-el-renacimiento-italiano\/el-retrato-de-perfil-en-el-siglo-xv\/#breadcrumb","itemListElement":[{"@type":"ListItem","position":1,"name":"Portada","item":"https:\/\/www.aparences.net\/es\/"},{"@type":"ListItem","position":2,"name":"El retrato de perfil en el siglo XV"}]},{"@type":"WebSite","@id":"https:\/\/www.aparences.net\/es\/#website","url":"https:\/\/www.aparences.net\/es\/","name":"Aparences: Historia del Arte y Actualidad Cultural","description":"","publisher":{"@id":"https:\/\/www.aparences.net\/es\/#organization"},"potentialAction":[{"@type":"SearchAction","target":{"@type":"EntryPoint","urlTemplate":"https:\/\/www.aparences.net\/es\/?s={search_term_string}"},"query-input":{"@type":"PropertyValueSpecification","valueRequired":true,"valueName":"search_term_string"}}],"inLanguage":"es"},{"@type":"Organization","@id":"https:\/\/www.aparences.net\/es\/#organization","name":"Aparences: Historia del Arte y Actualidad Cultural","url":"https:\/\/www.aparences.net\/es\/","logo":{"@type":"ImageObject","inLanguage":"es","@id":"https:\/\/www.aparences.net\/es\/#\/schema\/logo\/image\/","url":"https:\/\/www.aparences.net\/wp-content\/uploads\/2023\/09\/logo-quadrat-color-e1695915315229.png","contentUrl":"https:\/\/www.aparences.net\/wp-content\/uploads\/2023\/09\/logo-quadrat-color-e1695915315229.png","width":120,"height":120,"caption":"Aparences: Historia del Arte y Actualidad Cultural"},"image":{"@id":"https:\/\/www.aparences.net\/es\/#\/schema\/logo\/image\/"}},{"@type":"Person","@id":"https:\/\/www.aparences.net\/es\/#\/schema\/person\/af349f6ffc31b16c68963e61268afca5","name":"admin","url":"https:\/\/www.aparences.net\/es\/author\/admin\/"}]}},"_links":{"self":[{"href":"https:\/\/www.aparences.net\/es\/wp-json\/wp\/v2\/posts\/13805","targetHints":{"allow":["GET"]}}],"collection":[{"href":"https:\/\/www.aparences.net\/es\/wp-json\/wp\/v2\/posts"}],"about":[{"href":"https:\/\/www.aparences.net\/es\/wp-json\/wp\/v2\/types\/post"}],"author":[{"embeddable":true,"href":"https:\/\/www.aparences.net\/es\/wp-json\/wp\/v2\/users\/2"}],"replies":[{"embeddable":true,"href":"https:\/\/www.aparences.net\/es\/wp-json\/wp\/v2\/comments?post=13805"}],"version-history":[{"count":0,"href":"https:\/\/www.aparences.net\/es\/wp-json\/wp\/v2\/posts\/13805\/revisions"}],"wp:featuredmedia":[{"embeddable":true,"href":"https:\/\/www.aparences.net\/es\/wp-json\/wp\/v2\/media\/26588"}],"wp:attachment":[{"href":"https:\/\/www.aparences.net\/es\/wp-json\/wp\/v2\/media?parent=13805"}],"wp:term":[{"taxonomy":"category","embeddable":true,"href":"https:\/\/www.aparences.net\/es\/wp-json\/wp\/v2\/categories?post=13805"},{"taxonomy":"post_tag","embeddable":true,"href":"https:\/\/www.aparences.net\/es\/wp-json\/wp\/v2\/tags?post=13805"}],"curies":[{"name":"wp","href":"https:\/\/api.w.org\/{rel}","templated":true}]}}