{"id":13807,"date":"2018-09-08T18:07:03","date_gmt":"2018-09-08T16:07:03","guid":{"rendered":"https:\/\/www.aparences.net\/art-et-mecenat\/le-portrait-a-la-renaissance-italienne\/el-autorretrato-en-el-quattrocento\/"},"modified":"2025-12-11T19:40:56","modified_gmt":"2025-12-11T18:40:56","slug":"el-autorretrato-en-el-quattrocento","status":"publish","type":"post","link":"https:\/\/www.aparences.net\/es\/arte-y-mecenazgo\/el-retrato-en-el-renacimiento-italiano\/el-autorretrato-en-el-quattrocento\/","title":{"rendered":"El autorretrato en el Quattrocento"},"content":{"rendered":"<p><!--contents--><\/p>\n\n\n<h2 class=\"wp-block-heading\">La imagen del pintor: la toma de conciencia de su identidad<\/h2>\n\n\n\n<p>La nueva situaci\u00f3n pol\u00edtica y social en la que se encuentra el pintor durante el Quattrocento se refleja en la aparici\u00f3n de un nuevo g\u00e9nero, el autorretrato, espejo de la personalidad del maestro y la toma de conciencia de su propia identidad, como hombre y artista. Cruzar la mirada con la del pintor (siempre muy directa y penetrante porque los autorretratos se ejecutaban con la ayuda de un espejo) es un momento de emoci\u00f3n intensa, un precioso contacto personal con la obra. Durante siglos, los artistas occidentales han experimentado un abrumador complejo de inferioridad con respecto a los maestros m\u00edticos de la antig\u00fcedad greco-romana. <\/p>\n\n\n\n<p>Sin conocer las obras de Apeles, de Zeuxis o de Parrasio, el aura que rodeaba los nombres de estos pintores celebrados por los autores cl\u00e1sicos los intimidaba. Pocos artistas medievales se han atrevido a firmar sus obras y dar a conocer sus rostros. Hasta el siglo XIV, los pintores pertenec\u00edan al mundo de los artesanos, con algunas excepciones, y su \u00e9xito se basaba principalmente en el conocimiento y el manejo de t\u00e9cnicas manuales. Sin embargo, <strong>los artistas que tienen la prerrogativa de hacer su retrato, cuando nadie se lo pide, usan de este privilegio para deslizar su imagen entre las primeras formas de retrato<\/strong>, como si los artistas hubieran escuchado a los poetas y cronistas que los hab\u00edan proclamado hombres ilustres de la ciudad.<\/p>\n\n\n<div class=\"wp-block-image\">\n<figure class=\"aligncenter\"><img loading=\"lazy\" decoding=\"async\" width=\"519\" height=\"369\" src=\"https:\/\/www.aparences.net\/wp-content\/uploads\/2018\/09\/filippino-lippi-autoportrait-carmine-florence.jpg\" alt=\"Vida de San Pedro, Filippino Lippi\" class=\"wp-image-18509\" title=\"Vida de San Pedro, Filippino Lippi\" srcset=\"https:\/\/www.aparences.net\/wp-content\/uploads\/2018\/09\/filippino-lippi-autoportrait-carmine-florence.jpg 519w, https:\/\/www.aparences.net\/wp-content\/uploads\/2018\/09\/filippino-lippi-autoportrait-carmine-florence-300x213.jpg 300w\" sizes=\"auto, (max-width: 519px) 100vw, 519px\" \/><figcaption class=\"wp-element-caption\"><em><strong>Vida de San Pedro<\/strong> con el autorretrato del pintor, 1480-1485, fresco, <strong>Filippino Lippi<\/strong> (Florencia, Iglesia del Carmine, Capilla Brancacci)<\/em><\/figcaption><\/figure>\n<\/div>\n\n\n<p><em>Llamado, a\u00fan muy joven, para completar los prestigiosos <a href=\"https:\/\/www.aparences.net\/es\/periodos\/el-quattrocento\/masaccio-arquitectura-y-espacio\/\">frescos de Masaccio<\/a> y <a href=\"https:\/\/www.aparences.net\/es\/arte-y-mecenazgo\/los-fresquistas-florentinos\/frescos-de-masolino-y-fra-angelico\/\">Masolino<\/a> en la Capilla Brancacci, Filippino Lippi se gira bruscamente hacia el espectador y lanza una mirada ardiente y llena de orgullo.<\/em><\/p>\n\n\n\n<p>Al proyectar as\u00ed su imagen en los grandes <a href=\"https:\/\/www.aparences.net\/es\/arte-y-mecenazgo\/los-fresquistas-florentinos\/\">ciclos de frescos de Florencia<\/a>, los artistas responden a la preocupaci\u00f3n expresada por Vasari: \u00abLos pintores, que hacen todo lo posible para hacerse un nombre, merecen que sus obras, en lugar de verse relegadas a sitios oscuros y carentes de inter\u00e9s donde los profanos las despreciar\u00e1n, sean puestas en un lugar de honor donde la luz y el espacio permitan poder verlas y admirarlas de forma adecuada.\u00bb<\/p>\n\n\n<div class=\"wp-block-image\">\n<figure class=\"aligncenter\"><img loading=\"lazy\" decoding=\"async\" width=\"352\" height=\"430\" src=\"https:\/\/www.aparences.net\/wp-content\/uploads\/2018\/09\/cola-petruccioli-autoportrait.jpg\" alt=\"Vida de la Virgen, 1396, Cola Petruccioli\" class=\"wp-image-18510\" title=\"Vida de la Virgen, 1396, Cola Petruccioli\" srcset=\"https:\/\/www.aparences.net\/wp-content\/uploads\/2018\/09\/cola-petruccioli-autoportrait.jpg 352w, https:\/\/www.aparences.net\/wp-content\/uploads\/2018\/09\/cola-petruccioli-autoportrait-246x300.jpg 246w\" sizes=\"auto, (max-width: 352px) 100vw, 352px\" \/><figcaption class=\"wp-element-caption\"><em><strong>Vida de la Virgen<\/strong>, 1396, <strong>Cola Petruccioli<\/strong>, autorretrato (Perugia, Iglesia de San Domenico)<\/em><\/figcaption><\/figure>\n<\/div>\n\n\n<!-- AdBoxRight2020 --><ins class=\"adsbygoogle\"     style=\"display:block; margin-top:30px;\"     data-ad-client=\"ca-pub-2468002815867636\"     data-ad-slot=\"3496014735\"     data-ad-format=\"auto\"     data-full-width-responsive=\"false\"><\/ins><script> (adsbygoogle = window.adsbygoogle || []).push({});<\/script><h2 class=\"wp-block-heading\">El autorretrato en el Quattrocento<\/h2>\n\n\n\n<p>Durante <a href=\"https:\/\/www.aparences.net\/es\/periodos\/el-quattrocento\/\">el Quattrocento<\/a> en la Toscana, los artistas m\u00e1s h\u00e1biles progresan r\u00e1pidamente en la escala social, gracias a maestros que se interesan en las matem\u00e1ticas, como <a href=\"https:\/\/www.aparences.net\/es\/arte-y-mecenazgo\/los-fresquistas-florentinos\/piero-della-francesca-historia-de-una-sintesis\/\">Piero della Francesca<\/a>, o en la teor\u00eda del arte, como <a href=\"https:\/\/www.aparences.net\/es\/periodos\/el-quattrocento\/los-arquitectos-del-quattrocento-en-florencia\/#alberti,-arquitecto-y-humanista\">Leon Battista Alberti<\/a> y <a href=\"https:\/\/www.aparences.net\/es\/periodos\/el-quattrocento\/la-escultura-del-quattrocento-en-florencia\/#ghiberti-o-el-relieve-narrativo\">Lorenzo Ghiberti<\/a>. Los tiempos son propicios para hacer entrar al artista en escena. Al principio, se conforma con aparecer en los m\u00e1rgenes del cuadro, luego, a medida que aumenta su autoestima conquista un lugar privilegiado. <a href=\"https:\/\/www.aparences.net\/es\/periodos\/el-quattrocento\/masaccio-arquitectura-y-espacio\/\">Masaccio<\/a> da el primer ejemplo erigi\u00e9ndose en una especie de autoridad solitaria en la escena de <em>San Pedro en la c\u00e1tedra<\/em>, pintada alrededor de 1425-1427 en la capilla Brancacci, donde, mediante un movimiento de la cabeza dirigida hacia el espectador, se distancia deliberadamente de los oyentes del ap\u00f3stol, para tratar de establecer un di\u00e1logo con los visitantes. <a href=\"https:\/\/www.aparences.net\/es\/periodos\/el-quattrocento\/fra-filippo-lippi\/\">Filippo Lippi<\/a> se a\u00edsla, en <em>La Coronaci\u00f3n de la Virgen<\/em>, terminado en 1447 para la Iglesia de San Ambrosio de Florencia. <a href=\"https:\/\/www.aparences.net\/es\/arte-y-mecenazgo\/los-fresquistas-florentinos\/la-pintura-mural-de-paolo-uccello-y-benozzo-gozzoli\/#benozzo-gozzoli:-frescos-de-florencia,-san-gimignano-y-montefalco\">Benozzo Gozzoli<\/a> parece querer pasar desapercibido en medio del apretado grupo que forma la <em>Procesi\u00f3n de los Reyes Magos<\/em>, terminada en 1459, pero hace ostensible su presencia inscribiendo su nombre en su gorro rojo (<em>Opus Benotii<\/em>); por el contrario, en el ciclo de la <em>Vida de San Agust\u00edn<\/em> en San Gimignano, se destaca claramente y con completa indiferencia, de la escena de la <em>Partida hacia Mil\u00e1n<\/em>, debajo de una inscripci\u00f3n llevada por \u00e1ngeles que anuncia la finalizaci\u00f3n, en 1465, de la obra encargada al \u00ab&nbsp;pintor insigne&nbsp;\u00bb, <em>insignis pictor<\/em>. Esta pr\u00e1ctica es adoptada por aquellos <a href=\"https:\/\/www.aparences.net\/es\/periodos\/el-quattrocento\/\">artistas del Quattrocento<\/a> en los que Alberti hab\u00eda visto una fuerza de renovaci\u00f3n y de futuro. El pintor sigue apareciendo en los ciclos narrativos sagrados en los que se asienta con una autoridad cada vez m\u00e1s fuerte, pero tambi\u00e9n m\u00e1s distante, como si no quisiera ser confundido con la historia sagrada, pero recordando que gracias a \u00e9l se convert\u00eda en una obra de arte.<\/p>\n\n\n<div class=\"wp-block-image\">\n<figure class=\"aligncenter\"><img loading=\"lazy\" decoding=\"async\" width=\"485\" height=\"354\" src=\"https:\/\/www.aparences.net\/wp-content\/uploads\/2018\/09\/fra-filippo-lippi-couronnment-de-la-vierge-autoportrait.jpg\" alt=\"Coronaci\u00f3n de la Virgen, autorretrato, Filippo Lippi\" class=\"wp-image-18511\" title=\"Coronaci\u00f3n de la Virgen, autorretrato, Filippo Lippi\" srcset=\"https:\/\/www.aparences.net\/wp-content\/uploads\/2018\/09\/fra-filippo-lippi-couronnment-de-la-vierge-autoportrait.jpg 485w, https:\/\/www.aparences.net\/wp-content\/uploads\/2018\/09\/fra-filippo-lippi-couronnment-de-la-vierge-autoportrait-300x219.jpg 300w\" sizes=\"auto, (max-width: 485px) 100vw, 485px\" \/><figcaption class=\"wp-element-caption\"><em><strong>Coronaci\u00f3n de la Virgen<\/strong>, autorretrato, 1447, <strong>Filippo Lippi<\/strong> <\/em><br><em>(Florencia, Museo de los Oficios)<\/em><\/figcaption><\/figure>\n<\/div>\n\n<div class=\"wp-block-image\">\n<figure class=\"aligncenter\"><img loading=\"lazy\" decoding=\"async\" width=\"595\" height=\"294\" src=\"https:\/\/www.aparences.net\/wp-content\/uploads\/2018\/09\/gozzoli-autoportraits-florence-san-gimignano.jpg\" alt=\"Benozzo Gozzoli, autorretratos\" class=\"wp-image-18512\" title=\"Benozzo Gozzoli, autorretratos\" srcset=\"https:\/\/www.aparences.net\/wp-content\/uploads\/2018\/09\/gozzoli-autoportraits-florence-san-gimignano.jpg 595w, https:\/\/www.aparences.net\/wp-content\/uploads\/2018\/09\/gozzoli-autoportraits-florence-san-gimignano-300x148.jpg 300w\" sizes=\"auto, (max-width: 595px) 100vw, 595px\" \/><figcaption class=\"wp-element-caption\"><em><strong>Procesi\u00f3n de los Reyes Magos<\/strong>, autorretrato, <strong>Benozzo Gozzoli<\/strong> (Florencia, Palazzo Medici-Riccardi); <strong>Vida de San Agust\u00edn<\/strong>, detalle de la escena de la Partida hacia Mil\u00e1n con el autorretrato, 1464-1465, <strong>Benozzo Gozzoli<\/strong> (San Gimignano, iglesia de San Agostino).<\/em><\/figcaption><\/figure>\n<\/div>\n\n\n<p><em>En la capilla suntuosamente decorada del palacio de la <a href=\"https:\/\/www.aparences.net\/es\/arte-y-mecenazgo\/florencia-y-los-medicis\/\">familia M\u00e9dicis<\/a>, Benozzo Gozzoli se pierde entre la multitud de la Procesi\u00f3n de los Reyes Magos. Para poder reconocerlo, inscribi\u00f3 su nombre (Opus Benotii) en el borde de su gorro que lleva hundido hasta las orejas. La correlaci\u00f3n del autorretrato y la firma a\u00f1ade a\u00fan m\u00e1s fuerza al mensaje de orgullo que el pintor conf\u00eda a su imagen. Unos a\u00f1os m\u00e1s tarde se representa en un ciclo de frescos en San Gimignano, de pie en el borde derecho de la escena.<\/em><\/p>\n\n\n<div class=\"wp-block-image\">\n<figure class=\"aligncenter\"><img loading=\"lazy\" decoding=\"async\" width=\"567\" height=\"400\" src=\"https:\/\/www.aparences.net\/wp-content\/uploads\/2018\/09\/benozzo-gozzoli-cortege-du-roi-melchior-deuxieme-autoportrait-presume.jpg\" alt=\"Procesi\u00f3n del Rey mago Melchor, Benozzo Gozzoli\" class=\"wp-image-18513\" title=\"Procesi\u00f3n del Rey mago Melchor, Benozzo Gozzoli\" srcset=\"https:\/\/www.aparences.net\/wp-content\/uploads\/2018\/09\/benozzo-gozzoli-cortege-du-roi-melchior-deuxieme-autoportrait-presume.jpg 567w, https:\/\/www.aparences.net\/wp-content\/uploads\/2018\/09\/benozzo-gozzoli-cortege-du-roi-melchior-deuxieme-autoportrait-presume-300x212.jpg 300w\" sizes=\"auto, (max-width: 567px) 100vw, 567px\" \/><figcaption class=\"wp-element-caption\"><em><strong>Procesi\u00f3n del Rey mago Melchor<\/strong> con el presunto segundo autorretrato de <\/em><br><em><strong>Benozzo Gozzoli<\/strong>, 1459-1460 (Florencia, Palazzo Medici-Riccardi)<\/em><\/figcaption><\/figure>\n<\/div>\n\n\n<h2 class=\"wp-block-heading\">El artista, hombre ilustre<\/h2>\n\n\n\n<p>Por medio del autorretrato, primero deslizado como si fuera de contrabando en una narraci\u00f3n sagrada, luego saliendo de esta semiclandestinidad para afirmar abiertamente su autoconciencia, incluso su orgullo, <strong>el artista se reconoce a s\u00ed mismo como persona important<\/strong>e. Vasari nos dice que <a href=\"https:\/\/www.aparences.net\/es\/arte-y-mecenazgo\/los-fresquistas-florentinos\/giotto-y-sus-continuadores\/\">Giotto<\/a>, invitado a N\u00e1poles por el rey Roberto alrededor de 1330, decor\u00f3 una sala del Castel Nouvo con \u00abun gran n\u00famero de retratos de hombres famosos, entre los que se reconoc\u00eda al propio Giotto\u00bb. Como la decoraci\u00f3n se destruy\u00f3 junto con la sala en el siglo XV, es imposible verificar la informaci\u00f3n de Vasari, aunque es posible que sea exacta. <a href=\"https:\/\/www.aparences.net\/es\/periodos\/el-quattrocento\/los-arquitectos-del-quattrocento-en-florencia\/\">Brunelleschi<\/a> y Ghiberti est\u00e1n relacionados con el desarrollo de la historia del arte. El v\u00ednculo que los une, entre otras cosas, es por el lugar esencial que ocupan en la evoluci\u00f3n de la imagen del artista: Ghiberti saca el autorretrato de sus l\u00edmites tradicionales; a Brunelleschi fue dedicado quiz\u00e1s el primer retrato de artista de la historia. En la puerta norte del Baptisterio, se puede ver, entre una serie de profetas y sibilas, el autorretrato de Ghiberti, colocado en el borde exterior de la puerta; por primera vez (antes de 1425), el artista coloca su imagen fuera del contexto de la narraci\u00f3n sagrada que aparece grabada en cada panel. El autorretrato de la puerta del Para\u00edso (alrededor de 1447) es de naturaleza diferente. Ghiberti, en el apogeo de su carrera y el prestigio que adquiri\u00f3 como renovador de la escultura en bronce de la Antig\u00fcedad, se representa por segunda vez en el marco de la puerta, pero de una manera completamente nueva: aparece con la cabeza descubierta, como un ciudadano romano, sin ninguna marca corporativa. As\u00ed, Ghiberti manifiesta su idea de <em>virt\u00f9<\/em> bajo un aspecto intemporal que da a ese autorretrato una autoridad incomparable, magnificado con la firma, lo que lo convierte en un manifiesto de orgullo y seguridad: \u00abHecho por el admirable arte de Lorenzo Ghiberti, hijo de Cione\u00bb.<\/p>\n\n\n<div class=\"wp-block-image\">\n<figure class=\"aligncenter\"><img loading=\"lazy\" decoding=\"async\" width=\"306\" height=\"331\" src=\"https:\/\/www.aparences.net\/wp-content\/uploads\/2018\/09\/lorenzo-ghiberti-autoportrait-baptistere.jpg\" alt=\"Autorretrato, Lorenzo Ghiberti\" class=\"wp-image-18514\" title=\"Autorretrato, Lorenzo Ghiberti\" srcset=\"https:\/\/www.aparences.net\/wp-content\/uploads\/2018\/09\/lorenzo-ghiberti-autoportrait-baptistere.jpg 306w, https:\/\/www.aparences.net\/wp-content\/uploads\/2018\/09\/lorenzo-ghiberti-autoportrait-baptistere-277x300.jpg 277w\" sizes=\"auto, (max-width: 306px) 100vw, 306px\" \/><figcaption class=\"wp-element-caption\"><em><strong>Autorretrato<\/strong>, antes de 1425, <strong>Lorenzo Ghiberti<\/strong> (Florencia, Baptisterio, puerta norte)<\/em><\/figcaption><\/figure>\n<\/div>\n\n\n<!-- AdBoxLeft2023 --><ins class=\"adsbygoogle\" style=\"display:block\" data-ad-client=\"ca-pub-2468002815867636\" data-ad-slot=\"1318022963\" data-ad-format=\"auto\" data-full-width-responsive=\"true\"><\/ins><script> (adsbygoogle = window.adsbygoogle || []).push({});<\/script><h2 class=\"wp-block-heading\">La invenci\u00f3n de la imagen del artista<\/h2>\n\n\n\n<p><strong>Los grandes pintores de finales del Quattrocento<\/strong> recuperan la reivindicaci\u00f3n de su propio destino, abandonando la disciplina que se hab\u00eda impuesto de permanecer entre los personajes de la escena representada. Simult\u00e1neamente, tres ejemplos ilustres revelan la fuerza de esa aspiraci\u00f3n a la autonom\u00eda. Un ejemplo es Perugino, quien entre 1496-1500 y en la cumbre de su carrera, ejecuta un encargo importante, la decoraci\u00f3n del Colegio del Cambio de Perugia, con un ciclo dedicado a los grandes hombres de la antig\u00fcedad, los profetas y las sibilas. En una de los muros de la sala, al lado de la procesi\u00f3n de los h\u00e9roes de la historia antigua, un pilar pintado separa los dos tramos: all\u00ed es donde <a href=\"https:\/\/www.aparences.net\/es\/arte-y-mecenazgo\/los-fresquistas-florentinos\/la-obra-mural-de-perugino-y-pinturicchio\/\">Perugino<\/a> realiza su autorretrato, a petici\u00f3n de los propios responsables del colegio de los cambistas. Casi al mismo tiempo y cerca de Perugia, en la capilla Baglioni de la colegiata de Santa Mar\u00eda la Mayor de Spello, <a href=\"https:\/\/www.aparences.net\/es\/arte-y-mecenazgo\/los-fresquistas-florentinos\/la-obra-mural-de-perugino-y-pinturicchio\/#bernardino-di-betto,-llamado-pinturicchio\">Pinturicchio<\/a> retoma el esquema del autorretrato de Perugino: un marco en trampantojo que parece colgado en el muro y al lado del ciclo dedicado a la Natividad, encierra el autorretrato firmado por el artista que se muestra con un realismo carente de toda ostentaci\u00f3n.<\/p>\n\n\n<div class=\"wp-block-image\">\n<figure class=\"aligncenter\"><img loading=\"lazy\" decoding=\"async\" width=\"620\" height=\"361\" src=\"https:\/\/www.aparences.net\/wp-content\/uploads\/2018\/09\/pinturicchio-fresque-spello-santa-maria-maggiore.jpg\" alt=\"Autorretrato, 1501, Pinturicchio\" class=\"wp-image-18515\" title=\"Autorretrato, 1501, Pinturicchio\" srcset=\"https:\/\/www.aparences.net\/wp-content\/uploads\/2018\/09\/pinturicchio-fresque-spello-santa-maria-maggiore.jpg 620w, https:\/\/www.aparences.net\/wp-content\/uploads\/2018\/09\/pinturicchio-fresque-spello-santa-maria-maggiore-300x175.jpg 300w\" sizes=\"auto, (max-width: 620px) 100vw, 620px\" \/><figcaption class=\"wp-element-caption\"><em><strong>Autorretrato<\/strong>, 1501, Bernardino di Betto, llamado <strong>Pinturicchio<\/strong> <\/em><br><em>(Spello, Santa Maria Maggiore, Capilla Baglioni)<\/em><\/figcaption><\/figure>\n<\/div>\n\n\n<p><em>El autorretrato est\u00e1 coronado por un estante en trampantojo, con libros y una oraci\u00f3n a Dios \u00abpara que ilumine la inteligencia y sostenga la mano del que se dispone a ilustrar sus misterios\u00bb. Era una forma de reivindicar la nobleza de un arte que asociaba, en su realizaci\u00f3n, el ingenio y la mano.<\/em><\/p>\n\n\n<div class=\"wp-block-image\">\n<figure class=\"aligncenter\"><img loading=\"lazy\" decoding=\"async\" width=\"620\" height=\"302\" src=\"https:\/\/www.aparences.net\/wp-content\/uploads\/2018\/09\/perugin-autoportrait-college-du-cambio-perouse.jpg\" alt=\"Profetas y sibilias, autorretrato, Perugino\" class=\"wp-image-18516\" title=\"Profetas y sibilias, autorretrato, Perugino\" srcset=\"https:\/\/www.aparences.net\/wp-content\/uploads\/2018\/09\/perugin-autoportrait-college-du-cambio-perouse.jpg 620w, https:\/\/www.aparences.net\/wp-content\/uploads\/2018\/09\/perugin-autoportrait-college-du-cambio-perouse-300x146.jpg 300w\" sizes=\"auto, (max-width: 620px) 100vw, 620px\" \/><figcaption class=\"wp-element-caption\"><em><strong>La Prudencia y la Justicia sobre seis sabios<\/strong> y autorretrato, hacia 1500, <strong>Pietro Perugino<\/strong> <\/em><br><em>(Perugia, colegio del Cambio)<\/em><\/figcaption><\/figure>\n<\/div>\n\n\n<p><em> Perugino, llegado a su apogeo como pintor, se autoalaba en la inscripci\u00f3n en letras doradas sobre un fondo azul que aparece debajo del retrato: \u00abPiero Perugino, pintor egregio. Si el arte de la pintura se hubiera perdido, el la encontr\u00f3. Si no se hubiera inventado a\u00fan, el la elev\u00f3 hasta este punto\u00bb.<\/em><\/p>\n\n\n\n<p>Pero es quiz\u00e1s <a href=\"https:\/\/www.aparences.net\/es\/periodos\/el-quattrocento\/sandro-botticelli\/\">Botticelli<\/a> quien lleva a su apogeo esta emancipaci\u00f3n gradual del autorretrato con respecto a la historia de la que hab\u00eda sido testimonio antes de distanciarse de ella: en la <em>Adoraci\u00f3n de los Magos<\/em>, pintada hacia 1475 para Santa Mar\u00eda Novella, se a\u00edsla, no s\u00f3lo de una escena muy importante de la piedad florentina, sino tambi\u00e9n de los <a href=\"https:\/\/www.aparences.net\/es\/arte-y-mecenazgo\/florencia-y-los-medicis\/\">personajes de la familia M\u00e9dicis<\/a>, representados como los magos, para ejecutar, en una muestra de orgullosa confianza en s\u00ed mismo, su alta silueta suntuosamente vestida, y mirando al vac\u00edo con un aire casi insolente.<\/p>\n\n\n<div class=\"wp-block-image\">\n<figure class=\"aligncenter\"><img loading=\"lazy\" decoding=\"async\" width=\"600\" height=\"338\" src=\"https:\/\/www.aparences.net\/wp-content\/uploads\/2018\/09\/sandro-botticelli-l-adoration-des-mages-autoportrait-1475-uffizi.jpg\" alt=\"Adoraci\u00f3n de los Reyes Magos, autorretrato, Sandro Botticelli\" class=\"wp-image-18517\" title=\"Adoraci\u00f3n de los Reyes Magos, autorretrato, Sandro Botticelli\" srcset=\"https:\/\/www.aparences.net\/wp-content\/uploads\/2018\/09\/sandro-botticelli-l-adoration-des-mages-autoportrait-1475-uffizi.jpg 600w, https:\/\/www.aparences.net\/wp-content\/uploads\/2018\/09\/sandro-botticelli-l-adoration-des-mages-autoportrait-1475-uffizi-300x169.jpg 300w\" sizes=\"auto, (max-width: 600px) 100vw, 600px\" \/><figcaption class=\"wp-element-caption\"><em><strong>Adoraci\u00f3n de los Reyes Magos<\/strong>, retablo llamado del Lama, detalle con el autorretrato, 1475, <strong>Sandro Botticelli<\/strong> (Florencia, Uffizi)<\/em><\/figcaption><\/figure>\n<\/div>\n\n\n<p>En 1485, <a href=\"https:\/\/www.aparences.net\/es\/arte-y-mecenazgo\/los-fresquistas-florentinos\/frescos-de-domenico-ghirlandaio\/\">Domenico Ghirlandaio<\/a> se representa en el cuadro de la <em>Adoraci\u00f3n de los Magos<\/em> para el Hospital de los Santos Inocentes; unos a\u00f1os m\u00e1s tarde, en el gran ciclo de <a href=\"https:\/\/www.aparences.net\/es\/arte-y-mecenazgo\/los-fresquistas-florentinos\/frescos-de-domenico-ghirlandaio\/#los-frescos-de-santa-maria-novella\">frescos de Santa Mar\u00eda Novella<\/a> dedicado a la <em>Vida de la Virgen<\/em>, en la escena la <em>Expulsi\u00f3n de Joaqu\u00edn del templo<\/em>, une a su imponente imagen la de su maestro, de su hermano y de un alumno: la totalidad del taller es celebrado en este ciclo ilustre, encargado por Giovanni Tornabuoni, un amigo cercano de <a href=\"https:\/\/www.aparences.net\/es\/arte-y-mecenazgo\/florencia-y-los-medicis\/lorenzo-el-magnifico\/\">Lorenzo de M\u00e9dicis<\/a>.<\/p>\n\n\n<div class=\"wp-block-image\">\n<figure class=\"aligncenter\"><img loading=\"lazy\" decoding=\"async\" width=\"600\" height=\"381\" src=\"https:\/\/www.aparences.net\/wp-content\/uploads\/2018\/09\/ghirlandaio-autoportrait-santa-maria-novella-1486-90.jpg\" alt=\"Expulsi\u00f3n de Joaqu\u00edn del templo, Domenico Ghirlandaio\" class=\"wp-image-18518\" title=\"Expulsi\u00f3n de Joaqu\u00edn del templo, Domenico Ghirlandaio\" srcset=\"https:\/\/www.aparences.net\/wp-content\/uploads\/2018\/09\/ghirlandaio-autoportrait-santa-maria-novella-1486-90.jpg 600w, https:\/\/www.aparences.net\/wp-content\/uploads\/2018\/09\/ghirlandaio-autoportrait-santa-maria-novella-1486-90-300x191.jpg 300w\" sizes=\"auto, (max-width: 600px) 100vw, 600px\" \/><figcaption class=\"wp-element-caption\"><em><strong>Expulsi\u00f3n de Joaqu\u00edn del templo<\/strong>, detalle con el autorretrato, 1486-1490, <strong>Domenico Ghirlandaio<\/strong> (Florencia, Santa Maria Novella) <\/em><\/figcaption><\/figure>\n<\/div>\n\n\n<p><em>Volvi\u00e9ndose hacia el espectador, Ghirlandaio tiene ese aspecto sereno que emana de sus obras y que sedujeron tanto a los florentinos atra\u00eddos por su belleza.<\/em><\/p>\n\n\n<div class=\"wp-block-image\">\n<figure class=\"aligncenter\"><img loading=\"lazy\" decoding=\"async\" width=\"325\" height=\"368\" src=\"https:\/\/www.aparences.net\/wp-content\/uploads\/2018\/09\/ghirlandaio-autoportrait-adoration-des-mages-uffizi.jpg\" alt=\"Adoraci\u00f3n de los Magos, autorretrato, Domenico Ghirlandaio\" class=\"wp-image-18519\" title=\"Adoraci\u00f3n de los Magos, autorretrato, Domenico Ghirlandaio\" srcset=\"https:\/\/www.aparences.net\/wp-content\/uploads\/2018\/09\/ghirlandaio-autoportrait-adoration-des-mages-uffizi.jpg 325w, https:\/\/www.aparences.net\/wp-content\/uploads\/2018\/09\/ghirlandaio-autoportrait-adoration-des-mages-uffizi-265x300.jpg 265w\" sizes=\"auto, (max-width: 325px) 100vw, 325px\" \/><figcaption class=\"wp-element-caption\"><em><strong>Adoraci\u00f3n de los Magos<\/strong>, detalle con el autorretrato, 1488, <strong>Domenico Ghirlandaio<\/strong> (Florencia, Museo del Hospital de los Inocentes)<\/em><\/figcaption><\/figure>\n<\/div>\n\n\n<p>En 1502, despu\u00e9s de dos a\u00f1os de trabajo a una velocidad asombrosa, <a href=\"https:\/\/www.aparences.net\/es\/arte-y-mecenazgo\/los-fresquistas-florentinos\/frescos-de-luca-signorelli-y-sandro-botticelli\/\">Luca Signorelli<\/a> termina el ciclo de escenas del Apocalipsis en la Capilla de San Brizio de la catedral de Orvieto, apenas esbozado por <a href=\"https:\/\/www.aparences.net\/es\/periodos\/el-quattrocento\/fra-angelico\/\">Fra Angelico<\/a> en 1447 y abandonado desde hac\u00eda m\u00e1s de cincuenta a\u00f1os. En la escena de la <em>Predicaci\u00f3n del Anticristo<\/em>, Signorelli se representa eligiendo una soluci\u00f3n de compromiso: se coloca en el borde izquierdo de la escena, pero sin involucrarse en ella. De hecho, uno descubre las altas siluetas de dos figuras vestidas de negro que destacan como estatuas de la abigarrada multitud que se precipita alrededor del Anticristo. Signorelli ha representado a Fra Angelico como homenaje a su predecesor y evoca la historia del ciclo decorativo de la capilla, creando un retrato p\u00f3stumo que se impone con una presencia impresionante. En cuanto a Signorelli, se dota de la magn\u00edfica prestancia que le atribuye Vasari quien lo conoci\u00f3 de ni\u00f1o, y de la autoridad serena del artista seguro de la calidad de su trabajo.<\/p>\n\n\n<div class=\"wp-block-image\">\n<figure class=\"aligncenter\"><img loading=\"lazy\" decoding=\"async\" width=\"554\" height=\"400\" src=\"https:\/\/www.aparences.net\/wp-content\/uploads\/2018\/09\/luca-signorelli-autoportrait-orvieto.jpg\" alt=\"Predicaci\u00f3n del Anticristo, autorretrato, Luca Signorelli\" class=\"wp-image-18520\" title=\"Predicaci\u00f3n del Anticristo, autorretrato, Luca Signorelli\" srcset=\"https:\/\/www.aparences.net\/wp-content\/uploads\/2018\/09\/luca-signorelli-autoportrait-orvieto.jpg 554w, https:\/\/www.aparences.net\/wp-content\/uploads\/2018\/09\/luca-signorelli-autoportrait-orvieto-300x217.jpg 300w\" sizes=\"auto, (max-width: 554px) 100vw, 554px\" \/><figcaption class=\"wp-element-caption\"><em><strong>Predicaci\u00f3n del Anticristo<\/strong>, detalle con el autorretrato y el retrato de Fra Angelico, 1502, <strong>Luca Signorelli<\/strong> (Orvieto, catedral, capilla San Brizio)<\/em><\/figcaption><\/figure>\n<\/div>\n\n\n<p><em>Con dignidad y elegancia, Signorelli hace su propio retrato al lado de Fra Angelico y da la impresi\u00f3n de querer controlar el efecto final de los frescos.<\/em><\/p>\n\n\n\n<hr class=\"wp-block-separator has-alpha-channel-opacity\"\/>\n\n\n\n<h6 class=\"wp-block-heading\">Bibliograf\u00eda<\/h6>\n\n\n\n<p class=\"has-text-align-left\">Schneider, Norbert. <em>L&#8217;art du portrait<\/em>. Flammarion. Taschen, Londres, 1994<br>Gigante, Elisabetta. <em>L&#8217;art du portrait : histoire, \u00e9volution et technique<\/em>. Hazan. Paris, 2011<br>Pope-Hennessy, John. <em>El retrato en el Renacimiento. <\/em>Madrid, Akal\/Universitaria, 1985<em><br><\/em> Collectif.<em> <em>Le portrait.<\/em> <\/em>Paris. \u00c9ditions Gallimard, 2001<em><br><\/em>Pommier, Edouard.<em> Th\u00e9ories du portrait. <\/em>Paris. Gallimard, 1998<\/p>\n","protected":false},"excerpt":{"rendered":"<p>La nueva situaci\u00f3n pol\u00edtica y social en la que se encuentra el pintor durante el Quattrocento se refleja en la aparici\u00f3n de un nuevo g\u00e9nero, el autorretrato.<\/p>\n","protected":false},"author":2,"featured_media":26590,"comment_status":"closed","ping_status":"closed","sticky":false,"template":"","format":"standard","meta":{"footnotes":""},"categories":[3158],"tags":[4927,4926,4928,4931,4929,2960],"class_list":["post-13807","post","type-post","status-publish","format-standard","has-post-thumbnail","hentry","category-el-retrato-en-el-renacimiento-italiano","tag-autorretrato-en-el-quattrocento","tag-autorretrato-renacentista","tag-el-arte-del-retrato","tag-el-retrato-en-el-renacimiento","tag-la-imagen-del-artista","tag-siglo-xv"],"yoast_head":"<!-- This site is optimized with the Yoast SEO plugin v27.2 - https:\/\/yoast.com\/product\/yoast-seo-wordpress\/ -->\n<title>El autorretrato en el Quattrocento<\/title>\n<meta name=\"description\" content=\"La nueva situaci\u00f3n pol\u00edtica y social en la que se encuentra el pintor durante el Quattrocento se refleja en la aparici\u00f3n de un nuevo g\u00e9nero, el autorretrato.\" \/>\n<meta name=\"robots\" content=\"index, follow, max-snippet:-1, max-image-preview:large, max-video-preview:-1\" \/>\n<link rel=\"canonical\" href=\"https:\/\/www.aparences.net\/es\/arte-y-mecenazgo\/el-retrato-en-el-renacimiento-italiano\/el-autorretrato-en-el-quattrocento\/\" \/>\n<meta property=\"og:locale\" content=\"es_ES\" \/>\n<meta property=\"og:type\" content=\"article\" \/>\n<meta property=\"og:title\" content=\"El autorretrato en el Quattrocento\" \/>\n<meta property=\"og:description\" content=\"La nueva situaci\u00f3n pol\u00edtica y social en la que se encuentra el pintor durante el Quattrocento se refleja en la aparici\u00f3n de un nuevo g\u00e9nero, el autorretrato.\" \/>\n<meta property=\"og:url\" content=\"https:\/\/www.aparences.net\/es\/arte-y-mecenazgo\/el-retrato-en-el-renacimiento-italiano\/el-autorretrato-en-el-quattrocento\/\" \/>\n<meta property=\"og:site_name\" content=\"Aparences\" \/>\n<meta property=\"article:published_time\" content=\"2018-09-08T16:07:03+00:00\" \/>\n<meta property=\"article:modified_time\" content=\"2025-12-11T18:40:56+00:00\" \/>\n<meta property=\"og:image\" content=\"https:\/\/www.aparences.net\/wp-content\/uploads\/2018\/09\/autoportrait-au-quattrocento.jpg\" \/>\n\t<meta property=\"og:image:width\" content=\"1080\" \/>\n\t<meta property=\"og:image:height\" content=\"540\" \/>\n\t<meta property=\"og:image:type\" content=\"image\/jpeg\" \/>\n<meta name=\"author\" content=\"admin\" \/>\n<meta name=\"twitter:card\" content=\"summary_large_image\" \/>\n<meta name=\"twitter:label1\" content=\"Escrito por\" \/>\n\t<meta name=\"twitter:data1\" content=\"admin\" \/>\n\t<meta name=\"twitter:label2\" content=\"Tiempo de lectura\" \/>\n\t<meta name=\"twitter:data2\" content=\"13 minutos\" \/>\n<script type=\"application\/ld+json\" class=\"yoast-schema-graph\">{\"@context\":\"https:\/\/schema.org\",\"@graph\":[{\"@type\":\"Article\",\"@id\":\"https:\/\/www.aparences.net\/es\/arte-y-mecenazgo\/el-retrato-en-el-renacimiento-italiano\/el-autorretrato-en-el-quattrocento\/#article\",\"isPartOf\":{\"@id\":\"https:\/\/www.aparences.net\/es\/arte-y-mecenazgo\/el-retrato-en-el-renacimiento-italiano\/el-autorretrato-en-el-quattrocento\/\"},\"author\":{\"name\":\"admin\",\"@id\":\"https:\/\/www.aparences.net\/es\/#\/schema\/person\/af349f6ffc31b16c68963e61268afca5\"},\"headline\":\"El autorretrato en el Quattrocento\",\"datePublished\":\"2018-09-08T16:07:03+00:00\",\"dateModified\":\"2025-12-11T18:40:56+00:00\",\"mainEntityOfPage\":{\"@id\":\"https:\/\/www.aparences.net\/es\/arte-y-mecenazgo\/el-retrato-en-el-renacimiento-italiano\/el-autorretrato-en-el-quattrocento\/\"},\"wordCount\":2159,\"publisher\":{\"@id\":\"https:\/\/www.aparences.net\/es\/#organization\"},\"image\":{\"@id\":\"https:\/\/www.aparences.net\/es\/arte-y-mecenazgo\/el-retrato-en-el-renacimiento-italiano\/el-autorretrato-en-el-quattrocento\/#primaryimage\"},\"thumbnailUrl\":\"https:\/\/www.aparences.net\/wp-content\/uploads\/2018\/09\/autoportrait-au-quattrocento.jpg\",\"keywords\":[\"autorretrato en el Quattrocento\",\"autorretrato renacentista\",\"el arte del retrato\",\"el retrato en el Renacimiento\",\"la imagen del artista\",\"siglo XV\"],\"articleSection\":[\"El retrato en el renacimiento italiano\"],\"inLanguage\":\"es\"},{\"@type\":[\"WebPage\",\"ItemPage\"],\"@id\":\"https:\/\/www.aparences.net\/es\/arte-y-mecenazgo\/el-retrato-en-el-renacimiento-italiano\/el-autorretrato-en-el-quattrocento\/\",\"url\":\"https:\/\/www.aparences.net\/es\/arte-y-mecenazgo\/el-retrato-en-el-renacimiento-italiano\/el-autorretrato-en-el-quattrocento\/\",\"name\":\"El autorretrato en el Quattrocento\",\"isPartOf\":{\"@id\":\"https:\/\/www.aparences.net\/es\/#website\"},\"primaryImageOfPage\":{\"@id\":\"https:\/\/www.aparences.net\/es\/arte-y-mecenazgo\/el-retrato-en-el-renacimiento-italiano\/el-autorretrato-en-el-quattrocento\/#primaryimage\"},\"image\":{\"@id\":\"https:\/\/www.aparences.net\/es\/arte-y-mecenazgo\/el-retrato-en-el-renacimiento-italiano\/el-autorretrato-en-el-quattrocento\/#primaryimage\"},\"thumbnailUrl\":\"https:\/\/www.aparences.net\/wp-content\/uploads\/2018\/09\/autoportrait-au-quattrocento.jpg\",\"datePublished\":\"2018-09-08T16:07:03+00:00\",\"dateModified\":\"2025-12-11T18:40:56+00:00\",\"description\":\"La nueva situaci\u00f3n pol\u00edtica y social en la que se encuentra el pintor durante el Quattrocento se refleja en la aparici\u00f3n de un nuevo g\u00e9nero, el autorretrato.\",\"breadcrumb\":{\"@id\":\"https:\/\/www.aparences.net\/es\/arte-y-mecenazgo\/el-retrato-en-el-renacimiento-italiano\/el-autorretrato-en-el-quattrocento\/#breadcrumb\"},\"inLanguage\":\"es\",\"potentialAction\":[{\"@type\":\"ReadAction\",\"target\":[\"https:\/\/www.aparences.net\/es\/arte-y-mecenazgo\/el-retrato-en-el-renacimiento-italiano\/el-autorretrato-en-el-quattrocento\/\"]}]},{\"@type\":\"ImageObject\",\"inLanguage\":\"es\",\"@id\":\"https:\/\/www.aparences.net\/es\/arte-y-mecenazgo\/el-retrato-en-el-renacimiento-italiano\/el-autorretrato-en-el-quattrocento\/#primaryimage\",\"url\":\"https:\/\/www.aparences.net\/wp-content\/uploads\/2018\/09\/autoportrait-au-quattrocento.jpg\",\"contentUrl\":\"https:\/\/www.aparences.net\/wp-content\/uploads\/2018\/09\/autoportrait-au-quattrocento.jpg\",\"width\":1080,\"height\":540},{\"@type\":\"BreadcrumbList\",\"@id\":\"https:\/\/www.aparences.net\/es\/arte-y-mecenazgo\/el-retrato-en-el-renacimiento-italiano\/el-autorretrato-en-el-quattrocento\/#breadcrumb\",\"itemListElement\":[{\"@type\":\"ListItem\",\"position\":1,\"name\":\"Portada\",\"item\":\"https:\/\/www.aparences.net\/es\/\"},{\"@type\":\"ListItem\",\"position\":2,\"name\":\"El autorretrato en el Quattrocento\"}]},{\"@type\":\"WebSite\",\"@id\":\"https:\/\/www.aparences.net\/es\/#website\",\"url\":\"https:\/\/www.aparences.net\/es\/\",\"name\":\"Aparences: Historia del Arte y Actualidad Cultural\",\"description\":\"\",\"publisher\":{\"@id\":\"https:\/\/www.aparences.net\/es\/#organization\"},\"potentialAction\":[{\"@type\":\"SearchAction\",\"target\":{\"@type\":\"EntryPoint\",\"urlTemplate\":\"https:\/\/www.aparences.net\/es\/?s={search_term_string}\"},\"query-input\":{\"@type\":\"PropertyValueSpecification\",\"valueRequired\":true,\"valueName\":\"search_term_string\"}}],\"inLanguage\":\"es\"},{\"@type\":\"Organization\",\"@id\":\"https:\/\/www.aparences.net\/es\/#organization\",\"name\":\"Aparences: Historia del Arte y Actualidad Cultural\",\"url\":\"https:\/\/www.aparences.net\/es\/\",\"logo\":{\"@type\":\"ImageObject\",\"inLanguage\":\"es\",\"@id\":\"https:\/\/www.aparences.net\/es\/#\/schema\/logo\/image\/\",\"url\":\"https:\/\/www.aparences.net\/wp-content\/uploads\/2023\/09\/logo-quadrat-color-e1695915315229.png\",\"contentUrl\":\"https:\/\/www.aparences.net\/wp-content\/uploads\/2023\/09\/logo-quadrat-color-e1695915315229.png\",\"width\":120,\"height\":120,\"caption\":\"Aparences: Historia del Arte y Actualidad Cultural\"},\"image\":{\"@id\":\"https:\/\/www.aparences.net\/es\/#\/schema\/logo\/image\/\"}},{\"@type\":\"Person\",\"@id\":\"https:\/\/www.aparences.net\/es\/#\/schema\/person\/af349f6ffc31b16c68963e61268afca5\",\"name\":\"admin\",\"url\":\"https:\/\/www.aparences.net\/es\/author\/admin\/\"}]}<\/script>\n<!-- \/ Yoast SEO plugin. -->","yoast_head_json":{"title":"El autorretrato en el Quattrocento","description":"La nueva situaci\u00f3n pol\u00edtica y social en la que se encuentra el pintor durante el Quattrocento se refleja en la aparici\u00f3n de un nuevo g\u00e9nero, el autorretrato.","robots":{"index":"index","follow":"follow","max-snippet":"max-snippet:-1","max-image-preview":"max-image-preview:large","max-video-preview":"max-video-preview:-1"},"canonical":"https:\/\/www.aparences.net\/es\/arte-y-mecenazgo\/el-retrato-en-el-renacimiento-italiano\/el-autorretrato-en-el-quattrocento\/","og_locale":"es_ES","og_type":"article","og_title":"El autorretrato en el Quattrocento","og_description":"La nueva situaci\u00f3n pol\u00edtica y social en la que se encuentra el pintor durante el Quattrocento se refleja en la aparici\u00f3n de un nuevo g\u00e9nero, el autorretrato.","og_url":"https:\/\/www.aparences.net\/es\/arte-y-mecenazgo\/el-retrato-en-el-renacimiento-italiano\/el-autorretrato-en-el-quattrocento\/","og_site_name":"Aparences","article_published_time":"2018-09-08T16:07:03+00:00","article_modified_time":"2025-12-11T18:40:56+00:00","og_image":[{"width":1080,"height":540,"url":"https:\/\/www.aparences.net\/wp-content\/uploads\/2018\/09\/autoportrait-au-quattrocento.jpg","type":"image\/jpeg"}],"author":"admin","twitter_card":"summary_large_image","twitter_misc":{"Escrito por":"admin","Tiempo de lectura":"13 minutos"},"schema":{"@context":"https:\/\/schema.org","@graph":[{"@type":"Article","@id":"https:\/\/www.aparences.net\/es\/arte-y-mecenazgo\/el-retrato-en-el-renacimiento-italiano\/el-autorretrato-en-el-quattrocento\/#article","isPartOf":{"@id":"https:\/\/www.aparences.net\/es\/arte-y-mecenazgo\/el-retrato-en-el-renacimiento-italiano\/el-autorretrato-en-el-quattrocento\/"},"author":{"name":"admin","@id":"https:\/\/www.aparences.net\/es\/#\/schema\/person\/af349f6ffc31b16c68963e61268afca5"},"headline":"El autorretrato en el Quattrocento","datePublished":"2018-09-08T16:07:03+00:00","dateModified":"2025-12-11T18:40:56+00:00","mainEntityOfPage":{"@id":"https:\/\/www.aparences.net\/es\/arte-y-mecenazgo\/el-retrato-en-el-renacimiento-italiano\/el-autorretrato-en-el-quattrocento\/"},"wordCount":2159,"publisher":{"@id":"https:\/\/www.aparences.net\/es\/#organization"},"image":{"@id":"https:\/\/www.aparences.net\/es\/arte-y-mecenazgo\/el-retrato-en-el-renacimiento-italiano\/el-autorretrato-en-el-quattrocento\/#primaryimage"},"thumbnailUrl":"https:\/\/www.aparences.net\/wp-content\/uploads\/2018\/09\/autoportrait-au-quattrocento.jpg","keywords":["autorretrato en el Quattrocento","autorretrato renacentista","el arte del retrato","el retrato en el Renacimiento","la imagen del artista","siglo XV"],"articleSection":["El retrato en el renacimiento italiano"],"inLanguage":"es"},{"@type":["WebPage","ItemPage"],"@id":"https:\/\/www.aparences.net\/es\/arte-y-mecenazgo\/el-retrato-en-el-renacimiento-italiano\/el-autorretrato-en-el-quattrocento\/","url":"https:\/\/www.aparences.net\/es\/arte-y-mecenazgo\/el-retrato-en-el-renacimiento-italiano\/el-autorretrato-en-el-quattrocento\/","name":"El autorretrato en el Quattrocento","isPartOf":{"@id":"https:\/\/www.aparences.net\/es\/#website"},"primaryImageOfPage":{"@id":"https:\/\/www.aparences.net\/es\/arte-y-mecenazgo\/el-retrato-en-el-renacimiento-italiano\/el-autorretrato-en-el-quattrocento\/#primaryimage"},"image":{"@id":"https:\/\/www.aparences.net\/es\/arte-y-mecenazgo\/el-retrato-en-el-renacimiento-italiano\/el-autorretrato-en-el-quattrocento\/#primaryimage"},"thumbnailUrl":"https:\/\/www.aparences.net\/wp-content\/uploads\/2018\/09\/autoportrait-au-quattrocento.jpg","datePublished":"2018-09-08T16:07:03+00:00","dateModified":"2025-12-11T18:40:56+00:00","description":"La nueva situaci\u00f3n pol\u00edtica y social en la que se encuentra el pintor durante el Quattrocento se refleja en la aparici\u00f3n de un nuevo g\u00e9nero, el autorretrato.","breadcrumb":{"@id":"https:\/\/www.aparences.net\/es\/arte-y-mecenazgo\/el-retrato-en-el-renacimiento-italiano\/el-autorretrato-en-el-quattrocento\/#breadcrumb"},"inLanguage":"es","potentialAction":[{"@type":"ReadAction","target":["https:\/\/www.aparences.net\/es\/arte-y-mecenazgo\/el-retrato-en-el-renacimiento-italiano\/el-autorretrato-en-el-quattrocento\/"]}]},{"@type":"ImageObject","inLanguage":"es","@id":"https:\/\/www.aparences.net\/es\/arte-y-mecenazgo\/el-retrato-en-el-renacimiento-italiano\/el-autorretrato-en-el-quattrocento\/#primaryimage","url":"https:\/\/www.aparences.net\/wp-content\/uploads\/2018\/09\/autoportrait-au-quattrocento.jpg","contentUrl":"https:\/\/www.aparences.net\/wp-content\/uploads\/2018\/09\/autoportrait-au-quattrocento.jpg","width":1080,"height":540},{"@type":"BreadcrumbList","@id":"https:\/\/www.aparences.net\/es\/arte-y-mecenazgo\/el-retrato-en-el-renacimiento-italiano\/el-autorretrato-en-el-quattrocento\/#breadcrumb","itemListElement":[{"@type":"ListItem","position":1,"name":"Portada","item":"https:\/\/www.aparences.net\/es\/"},{"@type":"ListItem","position":2,"name":"El autorretrato en el Quattrocento"}]},{"@type":"WebSite","@id":"https:\/\/www.aparences.net\/es\/#website","url":"https:\/\/www.aparences.net\/es\/","name":"Aparences: Historia del Arte y Actualidad Cultural","description":"","publisher":{"@id":"https:\/\/www.aparences.net\/es\/#organization"},"potentialAction":[{"@type":"SearchAction","target":{"@type":"EntryPoint","urlTemplate":"https:\/\/www.aparences.net\/es\/?s={search_term_string}"},"query-input":{"@type":"PropertyValueSpecification","valueRequired":true,"valueName":"search_term_string"}}],"inLanguage":"es"},{"@type":"Organization","@id":"https:\/\/www.aparences.net\/es\/#organization","name":"Aparences: Historia del Arte y Actualidad Cultural","url":"https:\/\/www.aparences.net\/es\/","logo":{"@type":"ImageObject","inLanguage":"es","@id":"https:\/\/www.aparences.net\/es\/#\/schema\/logo\/image\/","url":"https:\/\/www.aparences.net\/wp-content\/uploads\/2023\/09\/logo-quadrat-color-e1695915315229.png","contentUrl":"https:\/\/www.aparences.net\/wp-content\/uploads\/2023\/09\/logo-quadrat-color-e1695915315229.png","width":120,"height":120,"caption":"Aparences: Historia del Arte y Actualidad Cultural"},"image":{"@id":"https:\/\/www.aparences.net\/es\/#\/schema\/logo\/image\/"}},{"@type":"Person","@id":"https:\/\/www.aparences.net\/es\/#\/schema\/person\/af349f6ffc31b16c68963e61268afca5","name":"admin","url":"https:\/\/www.aparences.net\/es\/author\/admin\/"}]}},"_links":{"self":[{"href":"https:\/\/www.aparences.net\/es\/wp-json\/wp\/v2\/posts\/13807","targetHints":{"allow":["GET"]}}],"collection":[{"href":"https:\/\/www.aparences.net\/es\/wp-json\/wp\/v2\/posts"}],"about":[{"href":"https:\/\/www.aparences.net\/es\/wp-json\/wp\/v2\/types\/post"}],"author":[{"embeddable":true,"href":"https:\/\/www.aparences.net\/es\/wp-json\/wp\/v2\/users\/2"}],"replies":[{"embeddable":true,"href":"https:\/\/www.aparences.net\/es\/wp-json\/wp\/v2\/comments?post=13807"}],"version-history":[{"count":0,"href":"https:\/\/www.aparences.net\/es\/wp-json\/wp\/v2\/posts\/13807\/revisions"}],"wp:featuredmedia":[{"embeddable":true,"href":"https:\/\/www.aparences.net\/es\/wp-json\/wp\/v2\/media\/26590"}],"wp:attachment":[{"href":"https:\/\/www.aparences.net\/es\/wp-json\/wp\/v2\/media?parent=13807"}],"wp:term":[{"taxonomy":"category","embeddable":true,"href":"https:\/\/www.aparences.net\/es\/wp-json\/wp\/v2\/categories?post=13807"},{"taxonomy":"post_tag","embeddable":true,"href":"https:\/\/www.aparences.net\/es\/wp-json\/wp\/v2\/tags?post=13807"}],"curies":[{"name":"wp","href":"https:\/\/api.w.org\/{rel}","templated":true}]}}