{"id":13811,"date":"2018-09-23T11:22:23","date_gmt":"2018-09-23T09:22:23","guid":{"rendered":"https:\/\/www.aparences.net\/actualites\/expositions\/mantegna-y-bellini\/"},"modified":"2024-09-04T08:49:00","modified_gmt":"2024-09-04T06:49:00","slug":"mantegna-y-bellini","status":"publish","type":"post","link":"https:\/\/www.aparences.net\/es\/actualidad\/mantegna-y-bellini\/","title":{"rendered":"Mantegna y Bellini"},"content":{"rendered":"\n<p>La National Gallery de Londres presenta la exposici\u00f3n <em>Mantegna and Bellini<\/em>, dos artistas que fueron cu\u00f1ados y rivales en el terreno art\u00edstico. La brillante innovaci\u00f3n compositiva de Andrea Mantegna&nbsp;(Isola di Carturo, c. 1431 &#8211; Mantua, 1506) y los paisajes atmosf\u00e9ricos y naturales de Giovanni Bellini&nbsp;(Venecia, c.1433 &#8211; 1516) fueron revolucionarios: nadie hab\u00eda visto algo as\u00ed antes. Desde sus respectivas carreras en Padua y Venecia, y la fama de <a href=\"https:\/\/www.aparences.net\/es\/arte-y-mecenazgo\/los-gonzaga-de-mantua\/andrea-mantegna-pintor-de-corte\/\">Mantegna como pintor de corte<\/a> en la cercana Mantua, <em>Mantegna and Bellin<\/em>i es la primera exposici\u00f3n que explora los v\u00ednculos creativos entre ambos pintores. Es una oportunidad \u00fanica para ver en Londres una muestra excepcional de pinturas y dibujos provenientes de importantes pr\u00e9stamos internacionales de dos artistas que se cuentan entre los m\u00e1s influyentes del Renacimiento italiano. La exposici\u00f3n ha sido organizada por la <a href=\"https:\/\/www.nationalgallery.org.uk\/whats-on\/exhibitions\/mantegna-and-bellini\">National Gallery<\/a> y el Staatliche Museen zu Berlin en colaboraci\u00f3n con el British Museum.<\/p>\n\n\n<div class=\"wp-block-image\">\n<figure class=\"aligncenter\"><img loading=\"lazy\" decoding=\"async\" width=\"571\" height=\"280\" src=\"https:\/\/www.aparences.net\/wp-content\/uploads\/2018\/09\/andrea-mantegna-presentation-au-temple-.jpg\" alt=\"Presentaci\u00f3n en el templo, c. 1460, Andrea Mantegna, Berlin-Dahlem, Gem\u00e4ldegalerie\" class=\"wp-image-18528\" title=\"Presentaci\u00f3n en el templo, c. 1460, Andrea Mantegna, Berlin-Dahlem, Gem\u00e4ldegalerie\" srcset=\"https:\/\/www.aparences.net\/wp-content\/uploads\/2018\/09\/andrea-mantegna-presentation-au-temple-.jpg 571w, https:\/\/www.aparences.net\/wp-content\/uploads\/2018\/09\/andrea-mantegna-presentation-au-temple--300x147.jpg 300w\" sizes=\"auto, (max-width: 571px) 100vw, 571px\" \/><figcaption class=\"wp-element-caption\"><em><strong>Presentaci\u00f3n en el templo<\/strong>, c. 1460, <strong>Andrea Mantegna<\/strong> (Berlin-Dahlem, Gem\u00e4ldegalerie)<\/em><\/figcaption><\/figure>\n<\/div>\n\n\n<p><em>En 1453 o 1454 Mantegna se casa con Nicolosia Bellini y establece relaciones profesionales con el hermano de \u00e9sta, Giovanni. La cara que aparece a la derecha del cuadro ha sido considerada como su autorretrato. Ambos pintores dominaron la escena art\u00edstica de sus respectivas ciudades, <a href=\"https:\/\/www.aparences.net\/es\/escuelas\/la-pintura-veneciana\/giovanni-bellini\/\">Bellini en Venecia<\/a>, Mantegna en Mantua.<\/em><\/p>\n","protected":false},"excerpt":{"rendered":"<p>Mantegna and Bellini es la primera exposici\u00f3n que explora los v\u00ednculos creativos entre ambos pintores.<\/p>\n","protected":false},"author":2,"featured_media":18532,"comment_status":"closed","ping_status":"closed","sticky":false,"template":"","format":"standard","meta":{"footnotes":""},"categories":[2368,2605],"tags":[3187],"class_list":["post-13811","post","type-post","status-publish","format-standard","has-post-thumbnail","hentry","category-actualidad","category-exposiciones","tag-featured-es"],"yoast_head":"<!-- This site is optimized with the Yoast SEO plugin v27.2 - https:\/\/yoast.com\/product\/yoast-seo-wordpress\/ -->\n<title>Mantegna y Bellini<\/title>\n<meta name=\"description\" content=\"Mantegna and Bellini es la primera exposici\u00f3n que explora los v\u00ednculos creativos entre ambos pintores.\" \/>\n<meta name=\"robots\" content=\"index, follow, max-snippet:-1, max-image-preview:large, max-video-preview:-1\" \/>\n<link rel=\"canonical\" href=\"https:\/\/www.aparences.net\/es\/actualidad\/mantegna-y-bellini\/\" \/>\n<meta property=\"og:locale\" content=\"es_ES\" \/>\n<meta property=\"og:type\" content=\"article\" \/>\n<meta property=\"og:title\" content=\"Mantegna y Bellini\" \/>\n<meta property=\"og:description\" content=\"Mantegna and Bellini es la primera exposici\u00f3n que explora los v\u00ednculos creativos entre ambos pintores.\" \/>\n<meta property=\"og:url\" content=\"https:\/\/www.aparences.net\/es\/actualidad\/mantegna-y-bellini\/\" \/>\n<meta property=\"og:site_name\" content=\"Aparences\" \/>\n<meta property=\"article:published_time\" content=\"2018-09-23T09:22:23+00:00\" \/>\n<meta property=\"article:modified_time\" content=\"2024-09-04T06:49:00+00:00\" \/>\n<meta property=\"og:image\" content=\"https:\/\/www.aparences.net\/wp-content\/uploads\/2018\/09\/national-gallery-london-bellini-mantegna-.jpg\" \/>\n\t<meta property=\"og:image:width\" content=\"880\" \/>\n\t<meta property=\"og:image:height\" content=\"290\" \/>\n\t<meta property=\"og:image:type\" content=\"image\/jpeg\" \/>\n<meta name=\"author\" content=\"admin\" \/>\n<meta name=\"twitter:card\" content=\"summary_large_image\" \/>\n<meta name=\"twitter:label1\" content=\"Escrito por\" \/>\n\t<meta name=\"twitter:data1\" content=\"admin\" \/>\n\t<meta name=\"twitter:label2\" content=\"Tiempo de lectura\" \/>\n\t<meta name=\"twitter:data2\" content=\"1 minuto\" \/>\n<script type=\"application\/ld+json\" class=\"yoast-schema-graph\">{\"@context\":\"https:\/\/schema.org\",\"@graph\":[{\"@type\":\"Article\",\"@id\":\"https:\/\/www.aparences.net\/es\/actualidad\/mantegna-y-bellini\/#article\",\"isPartOf\":{\"@id\":\"https:\/\/www.aparences.net\/es\/actualidad\/mantegna-y-bellini\/\"},\"author\":{\"name\":\"admin\",\"@id\":\"https:\/\/www.aparences.net\/es\/#\/schema\/person\/af349f6ffc31b16c68963e61268afca5\"},\"headline\":\"Mantegna y Bellini\",\"datePublished\":\"2018-09-23T09:22:23+00:00\",\"dateModified\":\"2024-09-04T06:49:00+00:00\",\"mainEntityOfPage\":{\"@id\":\"https:\/\/www.aparences.net\/es\/actualidad\/mantegna-y-bellini\/\"},\"wordCount\":223,\"publisher\":{\"@id\":\"https:\/\/www.aparences.net\/es\/#organization\"},\"image\":{\"@id\":\"https:\/\/www.aparences.net\/es\/actualidad\/mantegna-y-bellini\/#primaryimage\"},\"thumbnailUrl\":\"https:\/\/www.aparences.net\/wp-content\/uploads\/2018\/09\/national-gallery-london-bellini-mantegna-.jpg\",\"keywords\":[\"Featured\"],\"articleSection\":[\"Actualidad\",\"Exposiciones\"],\"inLanguage\":\"es\"},{\"@type\":[\"WebPage\",\"ItemPage\"],\"@id\":\"https:\/\/www.aparences.net\/es\/actualidad\/mantegna-y-bellini\/\",\"url\":\"https:\/\/www.aparences.net\/es\/actualidad\/mantegna-y-bellini\/\",\"name\":\"Mantegna y Bellini\",\"isPartOf\":{\"@id\":\"https:\/\/www.aparences.net\/es\/#website\"},\"primaryImageOfPage\":{\"@id\":\"https:\/\/www.aparences.net\/es\/actualidad\/mantegna-y-bellini\/#primaryimage\"},\"image\":{\"@id\":\"https:\/\/www.aparences.net\/es\/actualidad\/mantegna-y-bellini\/#primaryimage\"},\"thumbnailUrl\":\"https:\/\/www.aparences.net\/wp-content\/uploads\/2018\/09\/national-gallery-london-bellini-mantegna-.jpg\",\"datePublished\":\"2018-09-23T09:22:23+00:00\",\"dateModified\":\"2024-09-04T06:49:00+00:00\",\"description\":\"Mantegna and Bellini es la primera exposici\u00f3n que explora los v\u00ednculos creativos entre ambos pintores.\",\"breadcrumb\":{\"@id\":\"https:\/\/www.aparences.net\/es\/actualidad\/mantegna-y-bellini\/#breadcrumb\"},\"inLanguage\":\"es\",\"potentialAction\":[{\"@type\":\"ReadAction\",\"target\":[\"https:\/\/www.aparences.net\/es\/actualidad\/mantegna-y-bellini\/\"]}]},{\"@type\":\"ImageObject\",\"inLanguage\":\"es\",\"@id\":\"https:\/\/www.aparences.net\/es\/actualidad\/mantegna-y-bellini\/#primaryimage\",\"url\":\"https:\/\/www.aparences.net\/wp-content\/uploads\/2018\/09\/national-gallery-london-bellini-mantegna-.jpg\",\"contentUrl\":\"https:\/\/www.aparences.net\/wp-content\/uploads\/2018\/09\/national-gallery-london-bellini-mantegna-.jpg\",\"width\":880,\"height\":290},{\"@type\":\"BreadcrumbList\",\"@id\":\"https:\/\/www.aparences.net\/es\/actualidad\/mantegna-y-bellini\/#breadcrumb\",\"itemListElement\":[{\"@type\":\"ListItem\",\"position\":1,\"name\":\"Portada\",\"item\":\"https:\/\/www.aparences.net\/es\/\"},{\"@type\":\"ListItem\",\"position\":2,\"name\":\"Mantegna y Bellini\"}]},{\"@type\":\"WebSite\",\"@id\":\"https:\/\/www.aparences.net\/es\/#website\",\"url\":\"https:\/\/www.aparences.net\/es\/\",\"name\":\"Aparences: Historia del Arte y Actualidad Cultural\",\"description\":\"\",\"publisher\":{\"@id\":\"https:\/\/www.aparences.net\/es\/#organization\"},\"potentialAction\":[{\"@type\":\"SearchAction\",\"target\":{\"@type\":\"EntryPoint\",\"urlTemplate\":\"https:\/\/www.aparences.net\/es\/?s={search_term_string}\"},\"query-input\":{\"@type\":\"PropertyValueSpecification\",\"valueRequired\":true,\"valueName\":\"search_term_string\"}}],\"inLanguage\":\"es\"},{\"@type\":\"Organization\",\"@id\":\"https:\/\/www.aparences.net\/es\/#organization\",\"name\":\"Aparences: Historia del Arte y Actualidad Cultural\",\"url\":\"https:\/\/www.aparences.net\/es\/\",\"logo\":{\"@type\":\"ImageObject\",\"inLanguage\":\"es\",\"@id\":\"https:\/\/www.aparences.net\/es\/#\/schema\/logo\/image\/\",\"url\":\"https:\/\/www.aparences.net\/wp-content\/uploads\/2023\/09\/logo-quadrat-color-e1695915315229.png\",\"contentUrl\":\"https:\/\/www.aparences.net\/wp-content\/uploads\/2023\/09\/logo-quadrat-color-e1695915315229.png\",\"width\":120,\"height\":120,\"caption\":\"Aparences: Historia del Arte y Actualidad Cultural\"},\"image\":{\"@id\":\"https:\/\/www.aparences.net\/es\/#\/schema\/logo\/image\/\"}},{\"@type\":\"Person\",\"@id\":\"https:\/\/www.aparences.net\/es\/#\/schema\/person\/af349f6ffc31b16c68963e61268afca5\",\"name\":\"admin\",\"url\":\"https:\/\/www.aparences.net\/es\/author\/admin\/\"}]}<\/script>\n<!-- \/ Yoast SEO plugin. -->","yoast_head_json":{"title":"Mantegna y Bellini","description":"Mantegna and Bellini es la primera exposici\u00f3n que explora los v\u00ednculos creativos entre ambos pintores.","robots":{"index":"index","follow":"follow","max-snippet":"max-snippet:-1","max-image-preview":"max-image-preview:large","max-video-preview":"max-video-preview:-1"},"canonical":"https:\/\/www.aparences.net\/es\/actualidad\/mantegna-y-bellini\/","og_locale":"es_ES","og_type":"article","og_title":"Mantegna y Bellini","og_description":"Mantegna and Bellini es la primera exposici\u00f3n que explora los v\u00ednculos creativos entre ambos pintores.","og_url":"https:\/\/www.aparences.net\/es\/actualidad\/mantegna-y-bellini\/","og_site_name":"Aparences","article_published_time":"2018-09-23T09:22:23+00:00","article_modified_time":"2024-09-04T06:49:00+00:00","og_image":[{"width":880,"height":290,"url":"https:\/\/www.aparences.net\/wp-content\/uploads\/2018\/09\/national-gallery-london-bellini-mantegna-.jpg","type":"image\/jpeg"}],"author":"admin","twitter_card":"summary_large_image","twitter_misc":{"Escrito por":"admin","Tiempo de lectura":"1 minuto"},"schema":{"@context":"https:\/\/schema.org","@graph":[{"@type":"Article","@id":"https:\/\/www.aparences.net\/es\/actualidad\/mantegna-y-bellini\/#article","isPartOf":{"@id":"https:\/\/www.aparences.net\/es\/actualidad\/mantegna-y-bellini\/"},"author":{"name":"admin","@id":"https:\/\/www.aparences.net\/es\/#\/schema\/person\/af349f6ffc31b16c68963e61268afca5"},"headline":"Mantegna y Bellini","datePublished":"2018-09-23T09:22:23+00:00","dateModified":"2024-09-04T06:49:00+00:00","mainEntityOfPage":{"@id":"https:\/\/www.aparences.net\/es\/actualidad\/mantegna-y-bellini\/"},"wordCount":223,"publisher":{"@id":"https:\/\/www.aparences.net\/es\/#organization"},"image":{"@id":"https:\/\/www.aparences.net\/es\/actualidad\/mantegna-y-bellini\/#primaryimage"},"thumbnailUrl":"https:\/\/www.aparences.net\/wp-content\/uploads\/2018\/09\/national-gallery-london-bellini-mantegna-.jpg","keywords":["Featured"],"articleSection":["Actualidad","Exposiciones"],"inLanguage":"es"},{"@type":["WebPage","ItemPage"],"@id":"https:\/\/www.aparences.net\/es\/actualidad\/mantegna-y-bellini\/","url":"https:\/\/www.aparences.net\/es\/actualidad\/mantegna-y-bellini\/","name":"Mantegna y Bellini","isPartOf":{"@id":"https:\/\/www.aparences.net\/es\/#website"},"primaryImageOfPage":{"@id":"https:\/\/www.aparences.net\/es\/actualidad\/mantegna-y-bellini\/#primaryimage"},"image":{"@id":"https:\/\/www.aparences.net\/es\/actualidad\/mantegna-y-bellini\/#primaryimage"},"thumbnailUrl":"https:\/\/www.aparences.net\/wp-content\/uploads\/2018\/09\/national-gallery-london-bellini-mantegna-.jpg","datePublished":"2018-09-23T09:22:23+00:00","dateModified":"2024-09-04T06:49:00+00:00","description":"Mantegna and Bellini es la primera exposici\u00f3n que explora los v\u00ednculos creativos entre ambos pintores.","breadcrumb":{"@id":"https:\/\/www.aparences.net\/es\/actualidad\/mantegna-y-bellini\/#breadcrumb"},"inLanguage":"es","potentialAction":[{"@type":"ReadAction","target":["https:\/\/www.aparences.net\/es\/actualidad\/mantegna-y-bellini\/"]}]},{"@type":"ImageObject","inLanguage":"es","@id":"https:\/\/www.aparences.net\/es\/actualidad\/mantegna-y-bellini\/#primaryimage","url":"https:\/\/www.aparences.net\/wp-content\/uploads\/2018\/09\/national-gallery-london-bellini-mantegna-.jpg","contentUrl":"https:\/\/www.aparences.net\/wp-content\/uploads\/2018\/09\/national-gallery-london-bellini-mantegna-.jpg","width":880,"height":290},{"@type":"BreadcrumbList","@id":"https:\/\/www.aparences.net\/es\/actualidad\/mantegna-y-bellini\/#breadcrumb","itemListElement":[{"@type":"ListItem","position":1,"name":"Portada","item":"https:\/\/www.aparences.net\/es\/"},{"@type":"ListItem","position":2,"name":"Mantegna y Bellini"}]},{"@type":"WebSite","@id":"https:\/\/www.aparences.net\/es\/#website","url":"https:\/\/www.aparences.net\/es\/","name":"Aparences: Historia del Arte y Actualidad Cultural","description":"","publisher":{"@id":"https:\/\/www.aparences.net\/es\/#organization"},"potentialAction":[{"@type":"SearchAction","target":{"@type":"EntryPoint","urlTemplate":"https:\/\/www.aparences.net\/es\/?s={search_term_string}"},"query-input":{"@type":"PropertyValueSpecification","valueRequired":true,"valueName":"search_term_string"}}],"inLanguage":"es"},{"@type":"Organization","@id":"https:\/\/www.aparences.net\/es\/#organization","name":"Aparences: Historia del Arte y Actualidad Cultural","url":"https:\/\/www.aparences.net\/es\/","logo":{"@type":"ImageObject","inLanguage":"es","@id":"https:\/\/www.aparences.net\/es\/#\/schema\/logo\/image\/","url":"https:\/\/www.aparences.net\/wp-content\/uploads\/2023\/09\/logo-quadrat-color-e1695915315229.png","contentUrl":"https:\/\/www.aparences.net\/wp-content\/uploads\/2023\/09\/logo-quadrat-color-e1695915315229.png","width":120,"height":120,"caption":"Aparences: Historia del Arte y Actualidad Cultural"},"image":{"@id":"https:\/\/www.aparences.net\/es\/#\/schema\/logo\/image\/"}},{"@type":"Person","@id":"https:\/\/www.aparences.net\/es\/#\/schema\/person\/af349f6ffc31b16c68963e61268afca5","name":"admin","url":"https:\/\/www.aparences.net\/es\/author\/admin\/"}]}},"_links":{"self":[{"href":"https:\/\/www.aparences.net\/es\/wp-json\/wp\/v2\/posts\/13811","targetHints":{"allow":["GET"]}}],"collection":[{"href":"https:\/\/www.aparences.net\/es\/wp-json\/wp\/v2\/posts"}],"about":[{"href":"https:\/\/www.aparences.net\/es\/wp-json\/wp\/v2\/types\/post"}],"author":[{"embeddable":true,"href":"https:\/\/www.aparences.net\/es\/wp-json\/wp\/v2\/users\/2"}],"replies":[{"embeddable":true,"href":"https:\/\/www.aparences.net\/es\/wp-json\/wp\/v2\/comments?post=13811"}],"version-history":[{"count":0,"href":"https:\/\/www.aparences.net\/es\/wp-json\/wp\/v2\/posts\/13811\/revisions"}],"wp:featuredmedia":[{"embeddable":true,"href":"https:\/\/www.aparences.net\/es\/wp-json\/wp\/v2\/media\/18532"}],"wp:attachment":[{"href":"https:\/\/www.aparences.net\/es\/wp-json\/wp\/v2\/media?parent=13811"}],"wp:term":[{"taxonomy":"category","embeddable":true,"href":"https:\/\/www.aparences.net\/es\/wp-json\/wp\/v2\/categories?post=13811"},{"taxonomy":"post_tag","embeddable":true,"href":"https:\/\/www.aparences.net\/es\/wp-json\/wp\/v2\/tags?post=13811"}],"curies":[{"name":"wp","href":"https:\/\/api.w.org\/{rel}","templated":true}]}}