{"id":13817,"date":"2018-11-04T10:00:06","date_gmt":"2018-11-04T09:00:06","guid":{"rendered":"https:\/\/www.aparences.net\/actualites\/expositions\/beckmann-figuras-del-exilio\/"},"modified":"2024-09-04T08:57:37","modified_gmt":"2024-09-04T06:57:37","slug":"beckmann-figuras-del-exilio","status":"publish","type":"post","link":"https:\/\/www.aparences.net\/es\/actualidad\/beckmann-figuras-del-exilio\/","title":{"rendered":"Beckmann. Figuras del exilio"},"content":{"rendered":"\n<p>El museo <a href=\"https:\/\/www.museothyssen.org\/en\">Thyssen-Bornemisza<\/a> dedica&nbsp;una exposici\u00f3n monogr\u00e1fica a Max Beckmann (Leipzig, 1884 &#8211; Nueva York, 1950), uno de los artistas alemanes m\u00e1s destacados del siglo XX. Aunque pr\u00f3ximo en sus inicios al <a href=\"https:\/\/www.aparences.net\/es\/periodos\/arte-moderno\/es-expresionismo\/\">expresionismo<\/a> y a <a href=\"https:\/\/www.aparences.net\/es\/periodos\/arte-moderno\/la-nueva-objetividad-neue-sachlichkeit\/\">la nueva objetividad<\/a>, Beckmann desarroll\u00f3 una pintura personal e independiente, de signo realista pero llena de resonancias simb\u00f3licas, que se alzaba como un testimonio vigoroso de la sociedad de su tiempo. La muestra, re\u00fane&nbsp;m\u00e1s de medio centenar de obras, entre pinturas, litograf\u00edas y esculturas, siguiendo un recorrido tem\u00e1tico con el que presentar su obra en dos secciones. La primera parte, de menor tama\u00f1o, cubre la etapa vivida en Alemania desde los a\u00f1os anteriores a la Primera Guerra Mundial, cuando comienza a ser reconocido p\u00fablicamente, hasta el ascenso del fascismo en la d\u00e9cada de 1930, cuando es expulsado de la escuela de arte de Frankfurt en la que daba clases y se le impide exponer sus obras en p\u00fablico. La segunda parte, m\u00e1s extensa, se dedica a los a\u00f1os de \u00c1msterdam y Estados Unidos, donde vivi\u00f3 tras verse obligado a abandonar Alemania, y est\u00e1 estructurada en torno a cuatro met\u00e1foras relacionadas con el exilio, entendido no s\u00f3lo literalmente, sino como condici\u00f3n existencial del hombre moderno: <em>M\u00e1scaras<\/em>, centrada en la p\u00e9rdida de identidad que se asocia con la circunstancia del exiliado; <em>Babilonia&nbsp;el\u00e9ctrica<\/em>, sobre el v\u00e9rtigo de la ciudad moderna como capital del exilio; <em>El largo adi\u00f3s<\/em>, que plantea la equivalencia entre exilio y muerte, y <em>El mar<\/em>, met\u00e1fora del infinito, su seducci\u00f3n y su extra\u00f1amiento.<\/p>\n\n\n<div class=\"wp-block-image\">\n<figure class=\"aligncenter\"><img loading=\"lazy\" decoding=\"async\" width=\"302\" height=\"460\" src=\"https:\/\/www.aparences.net\/wp-content\/uploads\/2018\/10\/max-beckmann-double-portrait-carnaval-1925.jpg\" alt=\"\" class=\"wp-image-18554\" srcset=\"https:\/\/www.aparences.net\/wp-content\/uploads\/2018\/10\/max-beckmann-double-portrait-carnaval-1925.jpg 302w, https:\/\/www.aparences.net\/wp-content\/uploads\/2018\/10\/max-beckmann-double-portrait-carnaval-1925-197x300.jpg 197w\" sizes=\"auto, (max-width: 302px) 100vw, 302px\" \/><figcaption class=\"wp-element-caption\"><em><strong>Doble retrato<\/strong>, Carnaval, 1925, <strong>Max Beckmann<\/strong> (Madrid, Museo Thyssen Bornemisza)<\/em><\/figcaption><\/figure>\n<\/div>\n\n\n<p>La vida del artista alem\u00e1n no fue f\u00e1cil y la obsesi\u00f3n por la tragedia humana se refleja en su obra constantemente. Con una forma de expresi\u00f3n muy personal, sus cuadros son im\u00e1genes crudas y cortantes. La exposici\u00f3n se presentar\u00e1 posteriormente en la sede de CaixaForum en Barcelona, del 21&nbsp;de febrero al 26&nbsp;de mayo de 2019.<\/p>\n","protected":false},"excerpt":{"rendered":"<p>Beckmann desarroll\u00f3 una pintura personal e independiente, que se alzaba como un testimonio de la sociedad de su tiempo.<\/p>\n","protected":false},"author":2,"featured_media":18555,"comment_status":"closed","ping_status":"closed","sticky":false,"template":"","format":"standard","meta":{"footnotes":""},"categories":[2368,2605],"tags":[3187],"class_list":["post-13817","post","type-post","status-publish","format-standard","has-post-thumbnail","hentry","category-actualidad","category-exposiciones","tag-featured-es"],"yoast_head":"<!-- This site is optimized with the Yoast SEO plugin v27.2 - https:\/\/yoast.com\/product\/yoast-seo-wordpress\/ -->\n<title>Beckmann. Figuras del exilio<\/title>\n<meta name=\"description\" content=\"Beckmann desarroll\u00f3 una pintura personal e independiente, que se alzaba como un testimonio de la sociedad de su tiempo.\" \/>\n<meta name=\"robots\" content=\"index, follow, max-snippet:-1, max-image-preview:large, max-video-preview:-1\" \/>\n<link rel=\"canonical\" href=\"https:\/\/www.aparences.net\/es\/actualidad\/beckmann-figuras-del-exilio\/\" \/>\n<meta property=\"og:locale\" content=\"es_ES\" \/>\n<meta property=\"og:type\" content=\"article\" \/>\n<meta property=\"og:title\" content=\"Beckmann. Figuras del exilio\" \/>\n<meta property=\"og:description\" content=\"Beckmann desarroll\u00f3 una pintura personal e independiente, que se alzaba como un testimonio de la sociedad de su tiempo.\" \/>\n<meta property=\"og:url\" content=\"https:\/\/www.aparences.net\/es\/actualidad\/beckmann-figuras-del-exilio\/\" \/>\n<meta property=\"og:site_name\" content=\"Aparences\" \/>\n<meta property=\"article:published_time\" content=\"2018-11-04T09:00:06+00:00\" \/>\n<meta property=\"article:modified_time\" content=\"2024-09-04T06:57:37+00:00\" \/>\n<meta property=\"og:image\" content=\"https:\/\/www.aparences.net\/wp-content\/uploads\/2018\/10\/thyssen-max-beckmann.jpg\" \/>\n\t<meta property=\"og:image:width\" content=\"880\" \/>\n\t<meta property=\"og:image:height\" content=\"290\" \/>\n\t<meta property=\"og:image:type\" content=\"image\/jpeg\" \/>\n<meta name=\"author\" content=\"admin\" \/>\n<meta name=\"twitter:card\" content=\"summary_large_image\" \/>\n<meta name=\"twitter:label1\" content=\"Escrito por\" \/>\n\t<meta name=\"twitter:data1\" content=\"admin\" \/>\n\t<meta name=\"twitter:label2\" content=\"Tiempo de lectura\" \/>\n\t<meta name=\"twitter:data2\" content=\"2 minutos\" \/>\n<script type=\"application\/ld+json\" class=\"yoast-schema-graph\">{\"@context\":\"https:\/\/schema.org\",\"@graph\":[{\"@type\":\"Article\",\"@id\":\"https:\/\/www.aparences.net\/es\/actualidad\/beckmann-figuras-del-exilio\/#article\",\"isPartOf\":{\"@id\":\"https:\/\/www.aparences.net\/es\/actualidad\/beckmann-figuras-del-exilio\/\"},\"author\":{\"name\":\"admin\",\"@id\":\"https:\/\/www.aparences.net\/es\/#\/schema\/person\/af349f6ffc31b16c68963e61268afca5\"},\"headline\":\"Beckmann. Figuras del exilio\",\"datePublished\":\"2018-11-04T09:00:06+00:00\",\"dateModified\":\"2024-09-04T06:57:37+00:00\",\"mainEntityOfPage\":{\"@id\":\"https:\/\/www.aparences.net\/es\/actualidad\/beckmann-figuras-del-exilio\/\"},\"wordCount\":352,\"publisher\":{\"@id\":\"https:\/\/www.aparences.net\/es\/#organization\"},\"image\":{\"@id\":\"https:\/\/www.aparences.net\/es\/actualidad\/beckmann-figuras-del-exilio\/#primaryimage\"},\"thumbnailUrl\":\"https:\/\/www.aparences.net\/wp-content\/uploads\/2018\/10\/thyssen-max-beckmann.jpg\",\"keywords\":[\"Featured\"],\"articleSection\":[\"Actualidad\",\"Exposiciones\"],\"inLanguage\":\"es\"},{\"@type\":[\"WebPage\",\"ItemPage\"],\"@id\":\"https:\/\/www.aparences.net\/es\/actualidad\/beckmann-figuras-del-exilio\/\",\"url\":\"https:\/\/www.aparences.net\/es\/actualidad\/beckmann-figuras-del-exilio\/\",\"name\":\"Beckmann. Figuras del exilio\",\"isPartOf\":{\"@id\":\"https:\/\/www.aparences.net\/es\/#website\"},\"primaryImageOfPage\":{\"@id\":\"https:\/\/www.aparences.net\/es\/actualidad\/beckmann-figuras-del-exilio\/#primaryimage\"},\"image\":{\"@id\":\"https:\/\/www.aparences.net\/es\/actualidad\/beckmann-figuras-del-exilio\/#primaryimage\"},\"thumbnailUrl\":\"https:\/\/www.aparences.net\/wp-content\/uploads\/2018\/10\/thyssen-max-beckmann.jpg\",\"datePublished\":\"2018-11-04T09:00:06+00:00\",\"dateModified\":\"2024-09-04T06:57:37+00:00\",\"description\":\"Beckmann desarroll\u00f3 una pintura personal e independiente, que se alzaba como un testimonio de la sociedad de su tiempo.\",\"breadcrumb\":{\"@id\":\"https:\/\/www.aparences.net\/es\/actualidad\/beckmann-figuras-del-exilio\/#breadcrumb\"},\"inLanguage\":\"es\",\"potentialAction\":[{\"@type\":\"ReadAction\",\"target\":[\"https:\/\/www.aparences.net\/es\/actualidad\/beckmann-figuras-del-exilio\/\"]}]},{\"@type\":\"ImageObject\",\"inLanguage\":\"es\",\"@id\":\"https:\/\/www.aparences.net\/es\/actualidad\/beckmann-figuras-del-exilio\/#primaryimage\",\"url\":\"https:\/\/www.aparences.net\/wp-content\/uploads\/2018\/10\/thyssen-max-beckmann.jpg\",\"contentUrl\":\"https:\/\/www.aparences.net\/wp-content\/uploads\/2018\/10\/thyssen-max-beckmann.jpg\",\"width\":880,\"height\":290},{\"@type\":\"BreadcrumbList\",\"@id\":\"https:\/\/www.aparences.net\/es\/actualidad\/beckmann-figuras-del-exilio\/#breadcrumb\",\"itemListElement\":[{\"@type\":\"ListItem\",\"position\":1,\"name\":\"Portada\",\"item\":\"https:\/\/www.aparences.net\/es\/\"},{\"@type\":\"ListItem\",\"position\":2,\"name\":\"Beckmann. Figuras del exilio\"}]},{\"@type\":\"WebSite\",\"@id\":\"https:\/\/www.aparences.net\/es\/#website\",\"url\":\"https:\/\/www.aparences.net\/es\/\",\"name\":\"Aparences: Historia del Arte y Actualidad Cultural\",\"description\":\"\",\"publisher\":{\"@id\":\"https:\/\/www.aparences.net\/es\/#organization\"},\"potentialAction\":[{\"@type\":\"SearchAction\",\"target\":{\"@type\":\"EntryPoint\",\"urlTemplate\":\"https:\/\/www.aparences.net\/es\/?s={search_term_string}\"},\"query-input\":{\"@type\":\"PropertyValueSpecification\",\"valueRequired\":true,\"valueName\":\"search_term_string\"}}],\"inLanguage\":\"es\"},{\"@type\":\"Organization\",\"@id\":\"https:\/\/www.aparences.net\/es\/#organization\",\"name\":\"Aparences: Historia del Arte y Actualidad Cultural\",\"url\":\"https:\/\/www.aparences.net\/es\/\",\"logo\":{\"@type\":\"ImageObject\",\"inLanguage\":\"es\",\"@id\":\"https:\/\/www.aparences.net\/es\/#\/schema\/logo\/image\/\",\"url\":\"https:\/\/www.aparences.net\/wp-content\/uploads\/2023\/09\/logo-quadrat-color-e1695915315229.png\",\"contentUrl\":\"https:\/\/www.aparences.net\/wp-content\/uploads\/2023\/09\/logo-quadrat-color-e1695915315229.png\",\"width\":120,\"height\":120,\"caption\":\"Aparences: Historia del Arte y Actualidad Cultural\"},\"image\":{\"@id\":\"https:\/\/www.aparences.net\/es\/#\/schema\/logo\/image\/\"}},{\"@type\":\"Person\",\"@id\":\"https:\/\/www.aparences.net\/es\/#\/schema\/person\/af349f6ffc31b16c68963e61268afca5\",\"name\":\"admin\",\"url\":\"https:\/\/www.aparences.net\/es\/author\/admin\/\"}]}<\/script>\n<!-- \/ Yoast SEO plugin. -->","yoast_head_json":{"title":"Beckmann. Figuras del exilio","description":"Beckmann desarroll\u00f3 una pintura personal e independiente, que se alzaba como un testimonio de la sociedad de su tiempo.","robots":{"index":"index","follow":"follow","max-snippet":"max-snippet:-1","max-image-preview":"max-image-preview:large","max-video-preview":"max-video-preview:-1"},"canonical":"https:\/\/www.aparences.net\/es\/actualidad\/beckmann-figuras-del-exilio\/","og_locale":"es_ES","og_type":"article","og_title":"Beckmann. Figuras del exilio","og_description":"Beckmann desarroll\u00f3 una pintura personal e independiente, que se alzaba como un testimonio de la sociedad de su tiempo.","og_url":"https:\/\/www.aparences.net\/es\/actualidad\/beckmann-figuras-del-exilio\/","og_site_name":"Aparences","article_published_time":"2018-11-04T09:00:06+00:00","article_modified_time":"2024-09-04T06:57:37+00:00","og_image":[{"width":880,"height":290,"url":"https:\/\/www.aparences.net\/wp-content\/uploads\/2018\/10\/thyssen-max-beckmann.jpg","type":"image\/jpeg"}],"author":"admin","twitter_card":"summary_large_image","twitter_misc":{"Escrito por":"admin","Tiempo de lectura":"2 minutos"},"schema":{"@context":"https:\/\/schema.org","@graph":[{"@type":"Article","@id":"https:\/\/www.aparences.net\/es\/actualidad\/beckmann-figuras-del-exilio\/#article","isPartOf":{"@id":"https:\/\/www.aparences.net\/es\/actualidad\/beckmann-figuras-del-exilio\/"},"author":{"name":"admin","@id":"https:\/\/www.aparences.net\/es\/#\/schema\/person\/af349f6ffc31b16c68963e61268afca5"},"headline":"Beckmann. Figuras del exilio","datePublished":"2018-11-04T09:00:06+00:00","dateModified":"2024-09-04T06:57:37+00:00","mainEntityOfPage":{"@id":"https:\/\/www.aparences.net\/es\/actualidad\/beckmann-figuras-del-exilio\/"},"wordCount":352,"publisher":{"@id":"https:\/\/www.aparences.net\/es\/#organization"},"image":{"@id":"https:\/\/www.aparences.net\/es\/actualidad\/beckmann-figuras-del-exilio\/#primaryimage"},"thumbnailUrl":"https:\/\/www.aparences.net\/wp-content\/uploads\/2018\/10\/thyssen-max-beckmann.jpg","keywords":["Featured"],"articleSection":["Actualidad","Exposiciones"],"inLanguage":"es"},{"@type":["WebPage","ItemPage"],"@id":"https:\/\/www.aparences.net\/es\/actualidad\/beckmann-figuras-del-exilio\/","url":"https:\/\/www.aparences.net\/es\/actualidad\/beckmann-figuras-del-exilio\/","name":"Beckmann. Figuras del exilio","isPartOf":{"@id":"https:\/\/www.aparences.net\/es\/#website"},"primaryImageOfPage":{"@id":"https:\/\/www.aparences.net\/es\/actualidad\/beckmann-figuras-del-exilio\/#primaryimage"},"image":{"@id":"https:\/\/www.aparences.net\/es\/actualidad\/beckmann-figuras-del-exilio\/#primaryimage"},"thumbnailUrl":"https:\/\/www.aparences.net\/wp-content\/uploads\/2018\/10\/thyssen-max-beckmann.jpg","datePublished":"2018-11-04T09:00:06+00:00","dateModified":"2024-09-04T06:57:37+00:00","description":"Beckmann desarroll\u00f3 una pintura personal e independiente, que se alzaba como un testimonio de la sociedad de su tiempo.","breadcrumb":{"@id":"https:\/\/www.aparences.net\/es\/actualidad\/beckmann-figuras-del-exilio\/#breadcrumb"},"inLanguage":"es","potentialAction":[{"@type":"ReadAction","target":["https:\/\/www.aparences.net\/es\/actualidad\/beckmann-figuras-del-exilio\/"]}]},{"@type":"ImageObject","inLanguage":"es","@id":"https:\/\/www.aparences.net\/es\/actualidad\/beckmann-figuras-del-exilio\/#primaryimage","url":"https:\/\/www.aparences.net\/wp-content\/uploads\/2018\/10\/thyssen-max-beckmann.jpg","contentUrl":"https:\/\/www.aparences.net\/wp-content\/uploads\/2018\/10\/thyssen-max-beckmann.jpg","width":880,"height":290},{"@type":"BreadcrumbList","@id":"https:\/\/www.aparences.net\/es\/actualidad\/beckmann-figuras-del-exilio\/#breadcrumb","itemListElement":[{"@type":"ListItem","position":1,"name":"Portada","item":"https:\/\/www.aparences.net\/es\/"},{"@type":"ListItem","position":2,"name":"Beckmann. Figuras del exilio"}]},{"@type":"WebSite","@id":"https:\/\/www.aparences.net\/es\/#website","url":"https:\/\/www.aparences.net\/es\/","name":"Aparences: Historia del Arte y Actualidad Cultural","description":"","publisher":{"@id":"https:\/\/www.aparences.net\/es\/#organization"},"potentialAction":[{"@type":"SearchAction","target":{"@type":"EntryPoint","urlTemplate":"https:\/\/www.aparences.net\/es\/?s={search_term_string}"},"query-input":{"@type":"PropertyValueSpecification","valueRequired":true,"valueName":"search_term_string"}}],"inLanguage":"es"},{"@type":"Organization","@id":"https:\/\/www.aparences.net\/es\/#organization","name":"Aparences: Historia del Arte y Actualidad Cultural","url":"https:\/\/www.aparences.net\/es\/","logo":{"@type":"ImageObject","inLanguage":"es","@id":"https:\/\/www.aparences.net\/es\/#\/schema\/logo\/image\/","url":"https:\/\/www.aparences.net\/wp-content\/uploads\/2023\/09\/logo-quadrat-color-e1695915315229.png","contentUrl":"https:\/\/www.aparences.net\/wp-content\/uploads\/2023\/09\/logo-quadrat-color-e1695915315229.png","width":120,"height":120,"caption":"Aparences: Historia del Arte y Actualidad Cultural"},"image":{"@id":"https:\/\/www.aparences.net\/es\/#\/schema\/logo\/image\/"}},{"@type":"Person","@id":"https:\/\/www.aparences.net\/es\/#\/schema\/person\/af349f6ffc31b16c68963e61268afca5","name":"admin","url":"https:\/\/www.aparences.net\/es\/author\/admin\/"}]}},"_links":{"self":[{"href":"https:\/\/www.aparences.net\/es\/wp-json\/wp\/v2\/posts\/13817","targetHints":{"allow":["GET"]}}],"collection":[{"href":"https:\/\/www.aparences.net\/es\/wp-json\/wp\/v2\/posts"}],"about":[{"href":"https:\/\/www.aparences.net\/es\/wp-json\/wp\/v2\/types\/post"}],"author":[{"embeddable":true,"href":"https:\/\/www.aparences.net\/es\/wp-json\/wp\/v2\/users\/2"}],"replies":[{"embeddable":true,"href":"https:\/\/www.aparences.net\/es\/wp-json\/wp\/v2\/comments?post=13817"}],"version-history":[{"count":0,"href":"https:\/\/www.aparences.net\/es\/wp-json\/wp\/v2\/posts\/13817\/revisions"}],"wp:featuredmedia":[{"embeddable":true,"href":"https:\/\/www.aparences.net\/es\/wp-json\/wp\/v2\/media\/18555"}],"wp:attachment":[{"href":"https:\/\/www.aparences.net\/es\/wp-json\/wp\/v2\/media?parent=13817"}],"wp:term":[{"taxonomy":"category","embeddable":true,"href":"https:\/\/www.aparences.net\/es\/wp-json\/wp\/v2\/categories?post=13817"},{"taxonomy":"post_tag","embeddable":true,"href":"https:\/\/www.aparences.net\/es\/wp-json\/wp\/v2\/tags?post=13817"}],"curies":[{"name":"wp","href":"https:\/\/api.w.org\/{rel}","templated":true}]}}