{"id":13837,"date":"2019-02-05T11:20:37","date_gmt":"2019-02-05T10:20:37","guid":{"rendered":"https:\/\/www.aparences.net\/periodes\/andrea-del-sarto-frescos-de-la-annunziata\/"},"modified":"2025-12-11T19:40:56","modified_gmt":"2025-12-11T18:40:56","slug":"andrea-del-sarto-frescos-de-la-annunziata","status":"publish","type":"post","link":"https:\/\/www.aparences.net\/es\/periodos\/andrea-del-sarto-frescos-de-la-annunziata\/","title":{"rendered":"Andrea del Sarto: frescos de la Annunziata"},"content":{"rendered":"<p><!--contents--><\/p>\n\n\n<h2 class=\"wp-block-heading\">Andrea del Sarto: Vida de san Felipe Benizzi<\/h2>\n\n\n\n<p><strong>El ciclo de frescos<\/strong> de la Vida de san Felipe Benizzi (general de la Orden Servita en 1267 y fundador de los conventos de Par\u00eds, Montpellier y Toulouse) <strong>pintado por<\/strong> <strong>Andrea del Sarto<\/strong> en el llamado Claustro de los Exvotos de la <strong>iglesia de la Annunziata de Florencia<\/strong> fue relatado con todo detalle por Vasari: desde el encargo que se deb\u00eda \u00aba un hermano sacrist\u00e1n a cargo de la venta de las velas\u00bb del convento de los servitas, llamado fra Mariano del Canto alle Macine, hasta la descripci\u00f3n de las escenas, relatadas en un orden veros\u00edmil. Fra Mariano, despu\u00e9s de haber escuchado los elogios prodigados a del Sarto por su trabajos anteriores, habr\u00eda decidido hacerle reanudar <strong>el ciclo iniciado por<\/strong> <a href=\"https:\/\/www.artcyclopedia.com\/artists\/rosselli_cosimo.html\">Cosimo Roselli<\/a> en 1476. Para convencer al joven Andrea para que aceptara un trabajo que pod\u00eda impresionarlo por su envergadura,&nbsp; dice el bi\u00f3grafo que al pintor de \u00abpoco coraje\u00bb, el monje le present\u00f3 este encargo como un gesto de \u00abcaridad\u00bb pero que lo dar\u00eda a conocer a posibles comitentes y liberarlo as\u00ed de sus dificultades econ\u00f3micas. Este ciclo, situado en \u00abun lugar p\u00fablico muy visitado\u00bb, lo har\u00eda ser reconocido en su justo valor por sus conciudadanos y extranjeros. <strong>El claustro de la Annunziata era uno de los lugares m\u00e1s concurridos de Florencia<\/strong>, lugar de paso obligatorio de todos aquellos que, de la ciudad o de m\u00e1s lejos, ven\u00edan a ese santuario mariano a implorar ayuda o dar las gracias por favores recibidos. Los murales de Lotto han sido restaurados recientemente y hoy podemos admirarlos nuevamente en todo su esplendor.<\/p>\n\n\n<div class=\"wp-block-image\">\n<figure class=\"aligncenter\"><img loading=\"lazy\" decoding=\"async\" width=\"568\" height=\"370\" src=\"https:\/\/www.aparences.net\/wp-content\/uploads\/2019\/01\/andrea-del-sarto-cloitre-annunziata.jpg\" alt=\"Vista del claustro de la Annunziata, Florencia\" class=\"wp-image-18640\" title=\"Vista del claustro de la Annunziata, Florencia\" srcset=\"https:\/\/www.aparences.net\/wp-content\/uploads\/2019\/01\/andrea-del-sarto-cloitre-annunziata.jpg 568w, https:\/\/www.aparences.net\/wp-content\/uploads\/2019\/01\/andrea-del-sarto-cloitre-annunziata-300x195.jpg 300w\" sizes=\"auto, (max-width: 568px) 100vw, 568px\" \/><figcaption class=\"wp-element-caption\"><em>Vista del claustro de los exvotos de la Santissima Annunziata, Florencia<\/em><\/figcaption><\/figure>\n<\/div>\n\n\n<p>En los murales de los claustros de la Annunziata, realizados en varias etapas, se puede interpretar toda la <a href=\"https:\/\/www.aparences.net\/es\/periodos\/andrea-del-sarto-biografia-y-obra\/\">trayectoria art\u00edstica de Andrea del Sarto<\/a>. En el primero, pint\u00f3 escenas de la <em>Vida de san Felipe Benizzi<\/em> (c. 1510) y la <em>Vida de Mar\u00eda<\/em> (c. 1514), y la luneta con la <em>Virgen del Saco<\/em> (1525), una de sus mejores obras; en el segundo, pint\u00f3 las <em>Historias de san Juan Bautista<\/em>, un ciclo que comenz\u00f3 en 1515 y termin\u00f3 en 1526.<\/p>\n\n\n\n<p>Las dos primeras escenas, <em>San Felipe vistiendo a un leproso<\/em> y el <em>Castigo de los pecadores<\/em>, situadas en un paisaje campestre, ofrecen una narrativa din\u00e1mica: la historia avanza por eventos sorprendentes que le dan a la escena un car\u00e1cter inesperado. En el tercero, la <em>Curaci\u00f3n de la pose\u00edda<\/em>, aparece, en lugar de las vistas del paisaje, una decoraci\u00f3n arquitect\u00f3nica monumental que continuar\u00e1 en los \u00faltimos episodios de la <em>Vida de san Felipe Benizzi<\/em>. La narrativa &#8211; aunque el tema se presta a escenas algo agitadas &#8211; parece apaciguarse, sin tener a\u00fan el tono apacible y austero de las dos \u00faltimas, el <em>Funeral de san Felipe con la resurrecci\u00f3n de un ni\u00f1o<\/em> y el <em>Milagro de las reliquias<\/em>.<\/p>\n\n\n<div class=\"wp-block-image\">\n<figure class=\"aligncenter\"><img loading=\"lazy\" decoding=\"async\" width=\"619\" height=\"369\" src=\"https:\/\/www.aparences.net\/wp-content\/uploads\/2019\/01\/andrea-del-sarto-saint-philippe-habillant-un-lepreux-annunziata-florence.jpg\" alt=\"San Felipe vistiendo a un leproso, c. 1510, Andrea del Sarto\" class=\"wp-image-18628\" title=\"San Felipe vistiendo a un leproso, c. 1510, Andrea del Sarto\" srcset=\"https:\/\/www.aparences.net\/wp-content\/uploads\/2019\/01\/andrea-del-sarto-saint-philippe-habillant-un-lepreux-annunziata-florence.jpg 619w, https:\/\/www.aparences.net\/wp-content\/uploads\/2019\/01\/andrea-del-sarto-saint-philippe-habillant-un-lepreux-annunziata-florence-300x179.jpg 300w\" sizes=\"auto, (max-width: 619px) 100vw, 619px\" \/><figcaption class=\"wp-element-caption\"><em><strong>San Felipe vistiendo a un leproso<\/strong>, c. 1510, <strong>Andrea del Sarto<\/strong> <\/em><br><em>(Florencia, iglesia de la Annunziata)<\/em><\/figcaption><\/figure>\n<\/div>\n\n\n<p><em>En esta escena, el plasticismo y la orgullosa expresi\u00f3n de la figura que avanza estirando el brazo recuerdan a <a href=\"https:\/\/www.artcyclopedia.com\/artists\/franciabigio.html\">Franciabigio<\/a>,y el personaje desnudo en el fondo, tiembla como su antepasado m\u00e1s robusto pintado por <a href=\"https:\/\/www.aparences.net\/es\/periodos\/el-quattrocento\/masaccio-la-arquitectura-y-el-espacio\/\">Masaccio en la Capilla Brancacci<\/a>, de la cual derivan su figura y la actitud, ya que todav\u00eda se estudiaban en el Carmine estas referencias fundamentales para los pintores.<\/em><\/p>\n\n\n\n<p>En el segundo fresco, el <em>Castigo de los pecadores<\/em>, destaca el grupo de pecadores ca\u00eddos en el suelo inanimados o empujados por la fuerza centr\u00edfuga del rayo que golpea el \u00e1rbol. Se observan <strong>reminiscencias del cart\u00f3n de Miguel \u00c1ngel para la<\/strong> <a href=\"https:\/\/es.wikipedia.org\/wiki\/La_batalla_de_Cascina\"><em>Batalla de Cascina<\/em><\/a>, paso necesario para los artistas que se formaron en Florencia a principios del siglo XVI, y como cuenta Vasari, ni Andrea ni Franciabigio, eludieron. En el mismo grupo, tambi\u00e9n <strong>hay referencias a la<\/strong> <em><strong>Batalla de Anghiari<\/strong><\/em>, contrapunto leonardesco al torbellino de cuerpos de Buonarroti, lo que atestigua el fervor de los artistas por la investigaci\u00f3n.<\/p>\n\n\n<div class=\"wp-block-image\">\n<figure class=\"aligncenter\"><img loading=\"lazy\" decoding=\"async\" width=\"620\" height=\"432\" src=\"https:\/\/www.aparences.net\/wp-content\/uploads\/2019\/01\/andrea-del-sarto-saint-philippe-punition-des-pecheurs-annunziata-florence.jpg\" alt=\"El Castigo de los pecadores, Andrea del Sarto\" class=\"wp-image-18629\" title=\"El Castigo de los pecadores, Andrea del Sarto\" srcset=\"https:\/\/www.aparences.net\/wp-content\/uploads\/2019\/01\/andrea-del-sarto-saint-philippe-punition-des-pecheurs-annunziata-florence.jpg 620w, https:\/\/www.aparences.net\/wp-content\/uploads\/2019\/01\/andrea-del-sarto-saint-philippe-punition-des-pecheurs-annunziata-florence-300x209.jpg 300w\" sizes=\"auto, (max-width: 620px) 100vw, 620px\" \/><figcaption class=\"wp-element-caption\"><em><strong>El Castigo de los pecadores<\/strong>, detalle, c. 1510, <strong>Andrea del Sarto<\/strong> <\/em><br><em>(Florencia, iglesia de la Annunziata)<\/em><\/figcaption><\/figure>\n<\/div>\n\n<div class=\"wp-block-image\">\n<figure class=\"aligncenter\"><img loading=\"lazy\" decoding=\"async\" width=\"615\" height=\"414\" src=\"https:\/\/www.aparences.net\/wp-content\/uploads\/2019\/01\/andrea-del-sarto-guerison-de-lapossedee-cloitre-annunziata.jpg\" alt=\"Curaci\u00f3n de la mujer pose\u00edda, c. 1510, Andrea del Sarto\" class=\"wp-image-18630\" title=\"Curaci\u00f3n de la mujer pose\u00edda, c. 1510, Andrea del Sarto\" srcset=\"https:\/\/www.aparences.net\/wp-content\/uploads\/2019\/01\/andrea-del-sarto-guerison-de-lapossedee-cloitre-annunziata.jpg 615w, https:\/\/www.aparences.net\/wp-content\/uploads\/2019\/01\/andrea-del-sarto-guerison-de-lapossedee-cloitre-annunziata-300x202.jpg 300w\" sizes=\"auto, (max-width: 615px) 100vw, 615px\" \/><figcaption class=\"wp-element-caption\"><em><strong>Curaci\u00f3n de la mujer pose\u00edda<\/strong>, c. 1510, <strong>Andrea del Sarto<\/strong> <\/em><br><em>(Florencia, iglesia de la Annunziata)<\/em><\/figcaption><\/figure>\n<\/div>\n\n\n<p><em>Con este tercer fresco, pasamos a un espacio cerrado. Las figuras est\u00e1n dispuestas en semic\u00edrculo, para invitar al espectador a dirigir su mirada hacia la mujer pose\u00edda, con la cabeza invertida en un escorzo complicado, con el paisaje de fondo que permite ver el arco central de la arquitectura cl\u00e1sica. La composici\u00f3n parece reelaborar <strong>ciertas obras de<\/strong> <a href=\"https:\/\/www.aparences.net\/es\/arte-y-mecenazgo\/los-fresquistas-florentinos\/la-obra-mural-de-perugino-y-pinturicchio\/\">Perugino<\/a>; incluso presagia, aunque reduci\u00e9ndolas a una medida m\u00e1s florentina, las imponentes escenograf\u00edas que <strong>Rafael pint\u00f3 en esa misma \u00e9poca en la<\/strong> <a href=\"https:\/\/www.aparences.net\/es\/arte-y-mecenazgo\/los-fresquistas-florentinos\/la-obra-mural-de-rafael\/#la-estancia-de-la-signatura-y-el-pensamiento-filos%C3%B3fico\">Estancia de la Signatura<\/a>.<\/em><\/p>\n\n\n\n<p>Vasari dice que <strong>Andrea del Sarto<\/strong>, despu\u00e9s de haber terminado los tres primeros frescos, \u00abas\u00ed alentado, pint\u00f3 otras dos composiciones en el mismo claustro: el <em>Funeral de san Felipe con la resurrecci\u00f3n de un ni\u00f1o<\/em> y el <em>Milagro de las reliquias<\/em>.\u00bb Fueron realizados probablemente despu\u00e9s de una pausa de pocos meses, y acabados a finales del oto\u00f1o de 1510. En estos \u00faltimos trabajos, se encuentran referencias a la reciente tradici\u00f3n figurativa florentina, <strong>en particular a<\/strong> <a href=\"https:\/\/www.aparences.net\/es\/arte-y-mecenazgo\/los-fresquistas-florentinos\/frescos-de-domenico-ghirlandaio\/\">Ghirlandaio<\/a> <strong>en el fresco del<\/strong> <a href=\"https:\/\/www.aparences.net\/es\/arte-y-mecenazgo\/los-fresquistas-florentinos\/frescos-de-domenico-ghirlandaio\/#otros-frescos-en-florencia-y-san-gimignano\"><em>Funeral de santa Fina<\/em><\/a> en la Colegiata de San Gimignano, un ejemplo apropiado para la escena de tema similar de la Annunziata.<\/p>\n\n\n<div class=\"wp-block-image\">\n<figure class=\"aligncenter\"><img loading=\"lazy\" decoding=\"async\" width=\"523\" height=\"449\" src=\"https:\/\/www.aparences.net\/wp-content\/uploads\/2019\/01\/andrea-del-sarto-le-miracle-des-reliques-florence-annunziata.jpg\" alt=\"El Milagro de las reliquias, c. 1510, Andrea del Sarto\" class=\"wp-image-18631\" title=\"El Milagro de las reliquias, c. 1510, Andrea del Sarto\" srcset=\"https:\/\/www.aparences.net\/wp-content\/uploads\/2019\/01\/andrea-del-sarto-le-miracle-des-reliques-florence-annunziata.jpg 523w, https:\/\/www.aparences.net\/wp-content\/uploads\/2019\/01\/andrea-del-sarto-le-miracle-des-reliques-florence-annunziata-300x258.jpg 300w\" sizes=\"auto, (max-width: 523px) 100vw, 523px\" \/><\/figure>\n<\/div>\n\n<div class=\"wp-block-image\">\n<figure class=\"aligncenter\"><img loading=\"lazy\" decoding=\"async\" width=\"458\" height=\"430\" src=\"https:\/\/www.aparences.net\/wp-content\/uploads\/2019\/01\/andrea-del-sarto-le-miracle-des-reliques-florence-annunziata-.jpg\" alt=\"El Milagro de las reliquias, c. 1510, Andrea del Sarto, detalle \" class=\"wp-image-18632\" title=\"El Milagro de las reliquias, c. 1510, Andrea del Sarto, detalle \" srcset=\"https:\/\/www.aparences.net\/wp-content\/uploads\/2019\/01\/andrea-del-sarto-le-miracle-des-reliques-florence-annunziata-.jpg 458w, https:\/\/www.aparences.net\/wp-content\/uploads\/2019\/01\/andrea-del-sarto-le-miracle-des-reliques-florence-annunziata--300x282.jpg 300w\" sizes=\"auto, (max-width: 458px) 100vw, 458px\" \/><figcaption class=\"wp-element-caption\"><strong><em>El Milagro de las reliquias<\/em><\/strong>, c<em>. 1510, <strong>Andrea del Sarto<\/strong> <\/em><br><em>(Florencia, iglesia de la Annunziata)<\/em><\/figcaption><\/figure>\n<\/div>\n\n\n<!-- AdBoxRight2020 --><ins class=\"adsbygoogle\"     style=\"display:block; margin-top:30px;\"     data-ad-client=\"ca-pub-2468002815867636\"     data-ad-slot=\"3496014735\"     data-ad-format=\"auto\"     data-full-width-responsive=\"false\"><\/ins><script> (adsbygoogle = window.adsbygoogle || []).push({});<\/script><h2 class=\"wp-block-heading\">Andrea del Sarto: Viaje de los Magos<\/h2>\n\n\n\n<p>El nuevo fresco de <strong>Andrea del Sarto<\/strong> (1511) que representa la llegada de los Reyes Magos al palacio de Herodes, est\u00e1 marcado por un sentido monumental de la composici\u00f3n, por un ritmo heroico que no aparec\u00eda en las escenas dedicadas a san Felipe, donde el relato manten\u00eda un acento familiar; los personajes se mueven en una atm\u00f3sfera llena de nobleza, pero familiar de alguna manera. Ahora, por el contrario, el espacio se ensancha repentinamente casi de forma excesiva y el ojo se pierde en la distancia sin encontrar ning\u00fan obst\u00e1culo; como si el artista, abandonando una estrecha vision de miras provincial, hubiera adquirido el sentido del infinito y tambi\u00e9n el de una \u00e9poca mucho m\u00e1s lejana en el tiempo. El punto de partida <strong>fue probablemente un<\/strong> <a href=\"https:\/\/www.aparences.net\/es\/periodos\/andrea-del-sarto-biografia-y-obra\/#andrea-del-sarto:-viaje-a-roma\">viaje a Roma de del Sarto<\/a> que habr\u00eda tenido lugar en 1511. \u00danicamente en la Ciudad Eterna, un artista florentino pod\u00eda ver desarrollados completamente esos conceptos, que en su ciudad natal solo se hab\u00edan esbozado con el cart\u00f3n de <strong>Miguel \u00c1ngel<\/strong> para la <em>Batalla de Cascina<\/em>: en 1511, la \u00abterrible\u00bb <a href=\"https:\/\/www.aparences.net\/es\/arte-y-mecenazgo\/los-fresquistas-florentinos\/miguel-angel-frescos-de-la-sixtina\/\">b\u00f3veda de la Sixtina<\/a> llegaba a su t\u00e9rmino, como los grandiosos frescos de <strong>Rafael<\/strong> en la Estancia de la Signatura. Como no pod\u00eda sorprenderse uno ante im\u00e1genes tan poderosas! El cambio en la mentalidad art\u00edstica fue muy importante.<\/p>\n\n\n<div class=\"wp-block-image\">\n<figure class=\"aligncenter\"><img loading=\"lazy\" decoding=\"async\" width=\"610\" height=\"405\" src=\"https:\/\/www.aparences.net\/wp-content\/uploads\/2019\/01\/andrea-del-sarto-cortege-des-mages-florence-annunziata.jpg\" alt=\"El Viaje de los Magos, 1511, Andrea del Sarto\" class=\"wp-image-18633\" title=\"El Viaje de los Magos, 1511, Andrea del Sarto\" srcset=\"https:\/\/www.aparences.net\/wp-content\/uploads\/2019\/01\/andrea-del-sarto-cortege-des-mages-florence-annunziata.jpg 610w, https:\/\/www.aparences.net\/wp-content\/uploads\/2019\/01\/andrea-del-sarto-cortege-des-mages-florence-annunziata-300x199.jpg 300w\" sizes=\"auto, (max-width: 610px) 100vw, 610px\" \/><figcaption class=\"wp-element-caption\"><em><strong>El Viaje de los Magos<\/strong>, 1511, <strong>Andrea del Sarto<\/strong> <\/em><br><em>(Florencia, Chiostrino dei voti, Santissima Annunziata)<\/em><\/figcaption><\/figure>\n<\/div>\n\n\n<p>Por supuesto, la tradici\u00f3n art\u00edstica florentina segu\u00eda en vigor. Si observamos a lo lejos la misteriosa procesi\u00f3n del cortejo de los Magos, recuerda la <a href=\"https:\/\/artsandculture.google.com\/asset\/adoration-of-the-magi\/-QFNUqt9evHu8A\"><em>Adoraci\u00f3n de los Magos<\/em> de Filippino Lippi<\/a>, realizada para San Donato en Scopeto, y la gran roca con \u00e1rboles en la cresta, recuerda los paisajes de fondo de <strong>Piero di Cosimo<\/strong>.<\/p>\n\n\n<div class=\"wp-block-image\">\n<figure class=\"aligncenter\"><img loading=\"lazy\" decoding=\"async\" width=\"530\" height=\"460\" src=\"https:\/\/www.aparences.net\/wp-content\/uploads\/2019\/01\/andrea-del-sarto-cortege-des-mages-florence-annunziata-.jpg\" alt=\"El Viaje de los Magos, 1511, Andrea del Sarto, detalle\" class=\"wp-image-18634\" title=\"El Viaje de los Magos, 1511, Andrea del Sarto, detalle\" srcset=\"https:\/\/www.aparences.net\/wp-content\/uploads\/2019\/01\/andrea-del-sarto-cortege-des-mages-florence-annunziata-.jpg 530w, https:\/\/www.aparences.net\/wp-content\/uploads\/2019\/01\/andrea-del-sarto-cortege-des-mages-florence-annunziata--300x260.jpg 300w\" sizes=\"auto, (max-width: 530px) 100vw, 530px\" \/><\/figure>\n<\/div>\n\n\n<p><em>Las figuras en primer plano incluyen los <a href=\"https:\/\/www.aparences.net\/es\/arte-y-mecenazgo\/el-retrato-en-el-renacimiento-italiano\/\" data-type=\"link\" data-id=\"https:\/\/www.aparences.net\/es\/arte-y-mecenazgo\/el-retrato-en-el-renacimiento-italiano\/\">retratos<\/a> del propio Andrea, <a href=\"https:\/\/es.wikipedia.org\/wiki\/Jacopo_d%27Antonio_Sansovino\">Jacopo Sansovino<\/a> y el m\u00fasico Piero dell&#8217;Ajolle (nos dice Vasari), as\u00ed como la figura envuelta en ropajes con abundante drapeado que podr\u00eda tratarse de un joven <a href=\"https:\/\/www.aparences.net\/es\/periodos\/el-manierismo\/rosso-fiorentino\/\">Rosso Fiorentino<\/a>. Las figuras poderosas, el fondo formado por una imponente arquitectura sesgada y el cielo que invade casi toda la parte superior de la luneta, recuerdan la nueva cultura de origen romano.<\/em><\/p>\n\n\n\n<!-- AdBoxLeft2023 --><ins class=\"adsbygoogle\" style=\"display:block\" data-ad-client=\"ca-pub-2468002815867636\" data-ad-slot=\"1318022963\" data-ad-format=\"auto\" data-full-width-responsive=\"true\"><\/ins><script> (adsbygoogle = window.adsbygoogle || []).push({});<\/script><h2 class=\"wp-block-heading\">Andrea del Sarto: Natividad de la Virgen<\/h2>\n\n\n\n<p>Con el <em><strong>Nacimiento de la Virgen<\/strong><\/em> concluyen las intervenciones de <strong>Andrea del Sarto<\/strong> en el llamado Claustro de los Exvotos de la Annunziata. As\u00ed, concentradas en un mismo espacio, estas obras, cuya realizaci\u00f3n dur\u00f3&nbsp; cinco a\u00f1os reflejan el desarrollo estil\u00edstico del artista en un momento crucial, no solo para su carrera, sino tambi\u00e9n para la g\u00e9nesis, en Florencia, de una nueva forma de expresi\u00f3n. Incluso m\u00e1s que en el <em>Viaje de los Reyes Magos<\/em>, la influencia de la pintura romana de Miguel \u00c1ngel y Rafael se puede ver en las solemnes dimensiones de la estancia donde se desarrolla la historia, en la monumentalidad escult\u00f3rica de las dos mujeres lujosamente vestidas, en el centro, cuya postura, id\u00e9ntica, es la de un mismo modelo, estudiada desde dos \u00e1ngulos diferentes. Finalmente, en el cromatismo de los drapeados, de colores v\u00edvidos e incluso disonantes. Al mismo tiempo, el pintor no pierde de vista a lo que se hace en Florencia. Obras de un pasado pr\u00f3ximo, <strong>como los frescos de<\/strong> <a href=\"https:\/\/www.aparences.net\/es\/arte-y-mecenazgo\/los-fresquistas-florentinos\/frescos-de-domenico-ghirlandaio\/#los-frescos-de-santa-maria-novella\">Ghirlandaio en Santa Maria Novella<\/a>, <em>la Natividad de la Virgen<\/em> y el <em>Nacimiento de san Juan Bautista<\/em>, que aqu\u00ed Andrea interpreta libremente.<\/p>\n\n\n<div class=\"wp-block-image\">\n<figure class=\"aligncenter\"><img loading=\"lazy\" decoding=\"async\" width=\"445\" height=\"430\" src=\"https:\/\/www.aparences.net\/wp-content\/uploads\/2019\/01\/naissance-de-la-vierge-fresque-1513-andrea-del-sarto-florence-chiostrino-dei-voti-santissima-annunciata.jpg\" alt=\"Natividad de la Virgen, Andrea del Sarto\" class=\"wp-image-18635\" title=\"Natividad de la Virgen, Andrea del Sarto\" srcset=\"https:\/\/www.aparences.net\/wp-content\/uploads\/2019\/01\/naissance-de-la-vierge-fresque-1513-andrea-del-sarto-florence-chiostrino-dei-voti-santissima-annunciata.jpg 445w, https:\/\/www.aparences.net\/wp-content\/uploads\/2019\/01\/naissance-de-la-vierge-fresque-1513-andrea-del-sarto-florence-chiostrino-dei-voti-santissima-annunciata-300x290.jpg 300w\" sizes=\"auto, (max-width: 445px) 100vw, 445px\" \/><\/figure>\n<\/div>\n\n<div class=\"wp-block-image\">\n<figure class=\"aligncenter\"><img loading=\"lazy\" decoding=\"async\" width=\"529\" height=\"460\" src=\"https:\/\/www.aparences.net\/wp-content\/uploads\/2019\/01\/naissance-de-la-vierge-fresque-1513-andrea-del-sarto-florence-chiostrino-dei-voti-santissima-annunciata-.jpg\" alt=\"Natividad de la Virgen, Andrea del Sarto, detalle\" class=\"wp-image-18636\" title=\"Natividad de la Virgen, Andrea del Sarto, detalle\" srcset=\"https:\/\/www.aparences.net\/wp-content\/uploads\/2019\/01\/naissance-de-la-vierge-fresque-1513-andrea-del-sarto-florence-chiostrino-dei-voti-santissima-annunciata-.jpg 529w, https:\/\/www.aparences.net\/wp-content\/uploads\/2019\/01\/naissance-de-la-vierge-fresque-1513-andrea-del-sarto-florence-chiostrino-dei-voti-santissima-annunciata--300x261.jpg 300w\" sizes=\"auto, (max-width: 529px) 100vw, 529px\" \/><figcaption class=\"wp-element-caption\"><em><strong>Natividad de la Virgen<\/strong>, pintura al fresco, c. 1513, <strong>Andrea del Sarto<\/strong><\/em><br><em> (Florencia, Chiostrino dei voti, Santissima Annunziata) <\/em><\/figcaption><\/figure>\n<\/div>\n\n\n<p><em>Las referencias a la escultura helen\u00edstica son evidentes en las poses serpentinas de las atareadas sirvientas alrededor de Maria reci\u00e9n nacida y un Joaquin desconcertado y apartado, como un intruso, en esta asamblea de mujeres.Se pueden apreciar tambi\u00e9n <strong>influencias venidas del otro lado de los Alpes, especialmente de<\/strong> <a href=\"https:\/\/www.aparences.net\/es\/periodos\/el-renacimiento-nordico\/alberto-durero\/\">Durero<\/a>.<\/em><\/p>\n\n\n\n<h2 class=\"wp-block-heading\">Andrea del Sarto: Virgen del saco<\/h2>\n\n\n\n<p>La <em><strong>Virgen del saco<\/strong><\/em> de <strong>Andrea del Sarto<\/strong> toma su nombre del saco en el que se apoya Jos\u00e9. Un encargo que, como ya le hab\u00eda sucedidos varias veces, Andrea decidi\u00f3 aceptar por una peque\u00f1a suma, el poco dinero que una mujer hab\u00eda dejado&nbsp;a un hermano servita, llamado Jacopo, en pago de un exvoto a la venerada imagen de la Santissima Annunziata. Andrea viv\u00eda cerca de la iglesia, en el \u00e1ngulo de las calles hoy llamadas Via Capponi y Via Giusti, en la casa que se hab\u00eda construido con el dinero del rey de Francia, dice Vasari. Ya hab\u00eda dejado evidencias significativas de su talento en el Claustro de los exvotos y en la bas\u00edlica. Ya no ten\u00eda necesidad de darse a conocer o de hacer prueba de su talento en un lugar accesible a todos. Tal vez las buenas relaciones que se hab\u00edan establecido a lo largo de los a\u00f1os entre el pintor y los hermanos servitas, lo llevaron a aceptar un encargo para una obra que despu\u00e9s de todo \u00absolo contaba con tres figuras\u00bb nos dice Vasari.<\/p>\n\n\n<div class=\"wp-block-image\">\n<figure class=\"aligncenter\"><img loading=\"lazy\" decoding=\"async\" width=\"610\" height=\"302\" src=\"https:\/\/www.aparences.net\/wp-content\/uploads\/2019\/01\/madone-au-sac-fresque-1525-andrea-del-sarto-florence-grand-cloitre-de-l-annunziata.jpg\" alt=\"Virgen del saco, Andrea del Sarto\" class=\"wp-image-18637\" title=\"Virgen del saco, Andrea del Sarto\" srcset=\"https:\/\/www.aparences.net\/wp-content\/uploads\/2019\/01\/madone-au-sac-fresque-1525-andrea-del-sarto-florence-grand-cloitre-de-l-annunziata.jpg 610w, https:\/\/www.aparences.net\/wp-content\/uploads\/2019\/01\/madone-au-sac-fresque-1525-andrea-del-sarto-florence-grand-cloitre-de-l-annunziata-300x149.jpg 300w\" sizes=\"auto, (max-width: 610px) 100vw, 610px\" \/><figcaption class=\"wp-element-caption\"><em><strong>Virgen del saco<\/strong>, pintura al fresco, 1525, <strong>Andrea del Sarto<\/strong> <\/em><br><em>(Florencia, gran claustro de la Annunziata, conocido como Chiostro dei morti)<\/em><\/figcaption><\/figure>\n<\/div>\n\n\n<p>La <em>Virgen del saco<\/em>, que representa tal vez una Adoraci\u00f3n del Ni\u00f1o o, m\u00e1s probablemente, un Descanso en la huida a Egipto fue, seg\u00fan Bocchi (1591), <strong>muy admirada, incluso por Miguel \u00c1ngel y<\/strong> <a href=\"https:\/\/www.aparences.net\/es\/escuelas\/la-pintura-veneciana\/tiziano-vecellio-biografia\/\">Tiziano<\/a>. Representa la cima del clasicismo de Andrea del Sarto por el equilibrio solemne y mesurado entre el espacio y las figuras, pintadas para ser vistas desde abajo (<em>di sotto in su<\/em>) y enmarcadas por dos arquitecturas vistas en escorzo. La imponente composici\u00f3n de la Virgen sosteniendo al Ni\u00f1o <strong>se ha relacionado con los<\/strong> <a href=\"https:\/\/www.aparences.net\/es\/arte-y-mecenazgo\/los-fresquistas-florentinos\/miguel-angel-frescos-de-la-sixtina\/#las-historias-de-los-videntes\">Ancestros de Cristo<\/a> de la b\u00f3veda de la Sixtina (Berenson). Los recuerdos de la primera visita a Roma en 1511, y probablemente de una segunda, se fusionan h\u00e1bilmente para llegar a un resultado completamente independiente de los modelos estudiados en Florencia.<\/p>\n\n\n\n<!-- AfterArticle2023 --><ins class=\"adsbygoogle\"     style=\"display:block;margin-bottom:5px;\"     data-ad-client=\"ca-pub-2468002815867636\"     data-ad-slot=\"3955176166\"     data-ad-format=\"auto\"     data-full-width-responsive=\"true\"><\/ins><script> (adsbygoogle = window.adsbygoogle || []).push({});<\/script><h2 class=\"wp-block-heading\">Andrea del Sarto : La \u00daltima Cena de San Salvi<\/h2>\n\n\n\n<p>El encargo del fresco de la <em><strong>\u00daltima Cena<\/strong><\/em> a <strong>Andrea del Sarto<\/strong> para el refectorio del monasterio de Vallombrosa en San Salvi, cerca de Florencia, data del 15 de junio de 1511. Se debe a Don Ilario Panichi, monje y benefactor de Vallombrosa, quien financi\u00f3 obras de alba\u00f1iler\u00eda, decoraci\u00f3n y mobiliario. Las obras sufrieron una larga interrupci\u00f3n, ya sea debido a la reestructuraci\u00f3n del convento o quiz\u00e1s como hace alusi\u00f3n Vasari en la primera edici\u00f3n de las <em>Vidas<\/em> (1550), a \u00abmalentendidos y des\u00f3rdenes internos\u00bb. En 1522, Panichi, comitente de la obra, ya hab\u00eda muerto, y Andrea del Sarto tard\u00f3 otros cuatro a\u00f1os en hacerse cargo y completar el trabajo. <strong>El fresco, excepcionalmente bien conservado<\/strong>, hab\u00eda sido restaurado despu\u00e9s de la inundaci\u00f3n de 1966. Casi fue enteramente destruido en 1529 cuando la ciudad envi\u00f3 a un equipo de demoledores para derribar el monasterio, habiendo recibido la orden de aplicar la \u00abt\u00e1ctica de la tierra quemada\u00bb ante las tropas imperiales y pontificias listas para asediar Florencia. Seg\u00fan cuentan Varchi y Vasari, los demoledores quedaron tan impresionados por la obra de Andrea que abandonaron su misi\u00f3n.<\/p>\n\n\n<div class=\"wp-block-image\">\n<figure class=\"aligncenter\"><img loading=\"lazy\" decoding=\"async\" width=\"610\" height=\"350\" src=\"https:\/\/www.aparences.net\/wp-content\/uploads\/2019\/01\/la-cene-1526-1527-andrea-del-sarto-florence-museo-del-cenacolo-di-san-salvi.jpg\" alt=\"La \u00daltima Cena, 1526-1527, Andrea del Sarto\" class=\"wp-image-18638\" title=\"La \u00daltima Cena, 1526-1527, Andrea del Sarto\" srcset=\"https:\/\/www.aparences.net\/wp-content\/uploads\/2019\/01\/la-cene-1526-1527-andrea-del-sarto-florence-museo-del-cenacolo-di-san-salvi.jpg 610w, https:\/\/www.aparences.net\/wp-content\/uploads\/2019\/01\/la-cene-1526-1527-andrea-del-sarto-florence-museo-del-cenacolo-di-san-salvi-300x172.jpg 300w\" sizes=\"auto, (max-width: 610px) 100vw, 610px\" \/><\/figure>\n<\/div>\n\n<div class=\"wp-block-image\">\n<figure class=\"aligncenter\"><img loading=\"lazy\" decoding=\"async\" width=\"596\" height=\"194\" src=\"https:\/\/www.aparences.net\/wp-content\/uploads\/2019\/01\/la-cene-1526-1527-andrea-del-sarto-florence-museo-del-cenacolo-di-san-salvi-.jpg.jpg\" alt=\"La \u00daltima Cena, 1526-1527, Andrea del Sarto, detalle\" class=\"wp-image-18639\" title=\"La \u00daltima Cena, 1526-1527, Andrea del Sarto, detalle\" srcset=\"https:\/\/www.aparences.net\/wp-content\/uploads\/2019\/01\/la-cene-1526-1527-andrea-del-sarto-florence-museo-del-cenacolo-di-san-salvi-.jpg.jpg 596w, https:\/\/www.aparences.net\/wp-content\/uploads\/2019\/01\/la-cene-1526-1527-andrea-del-sarto-florence-museo-del-cenacolo-di-san-salvi-.jpg-300x98.jpg 300w\" sizes=\"auto, (max-width: 596px) 100vw, 596px\" \/><figcaption class=\"wp-element-caption\"><em><strong>La \u00daltima Cena<\/strong>, 1526-1527, <strong>Andrea del Sarto<\/strong> <\/em><br><em>(Florencia, Museo del Cenacolo di San Salvi)<\/em><\/figcaption><\/figure>\n<\/div>\n\n\n<p>Realizada en sesenta y cuatro \u00abjornadas\u00bb (<em>giornate<\/em>), la <em>\u00daltima Cena<\/em> demuestra la vasta cultura y conocimientos de Andrea. Est\u00e1 inspirada en modelos famosos como la <em>\u00daltima Cena<\/em> de Rafael, grabada por Marcantonio Raimondi (c. 1517), <a href=\"https:\/\/www.aparences.net\/es\/arte-y-mecenazgo\/el-ducado-de-milan\/ludovico-el-moro\/#la-%C3%9Altima-cena:-t%C3%A9cnica-y-restauraciones\">la <em>Cena<\/em> de Leonardo da Vinci<\/a> y el grabado sobre el mismo tema tomado de la <a href=\"https:\/\/fr.wikipedia.org\/wiki\/Grande_Passion\"><em>Gran Pasi\u00f3n<\/em> de Durero<\/a> (1510). Sin embargo, el artista ha combinado y asimilado tan bien los diversos motivos, que el resultado es una obra extremadamente original, fundada en la disposici\u00f3n din\u00e1mica de los ap\u00f3stoles alrededor de Cristo. El color brillante se ha amenizado con preciosos destellos, los llamados <em>cangianti <\/em>(colores cambiantes) en los drapeados.<\/p>\n\n\n\n<hr class=\"wp-block-separator has-alpha-channel-opacity\"\/>\n\n\n\n<h6 class=\"wp-block-heading\">Bibliograf\u00eda<\/h6>\n\n\n\n<ul class=\"wp-block-list\">\n<li>Natali, Antonio. <em>Andrea del Sarto<\/em>. \u00c9ditions Abbebylle, Paris, 2000<\/li>\n\n\n\n<li>Zuffi, Stefano. <em>La Peinture de la Renaissance italienne.<\/em> Seuil, 2013<\/li>\n\n\n\n<li>Gombrich, E.H. <em>Histoire de l\u2019Art<\/em>, Phaidon, 2001<\/li>\n\n\n\n<li>Pinelli, Antonio<em>. <em><em>La Belle Mani\u00e8re. <\/em><\/em><\/em>Paris. Le livre de poche, 1996<\/li>\n\n\n\n<li>Vasari, G<em>. La vie des meilleurs peintres, sculpteurs et architectes, <\/em>Actes Sud, Paris, 2005<\/li>\n<\/ul>\n","protected":false},"excerpt":{"rendered":"<p>Los ciclos de frescos para los claustros de la Annunziata, realizados en varias etapas, nos muestran la trayectoria art\u00edstica de Andrea del Sarto.<\/p>\n","protected":false},"author":2,"featured_media":26374,"comment_status":"closed","ping_status":"closed","sticky":false,"template":"","format":"standard","meta":{"footnotes":""},"categories":[3159,2330],"tags":[3369,3602,4230,4233,2838],"class_list":["post-13837","post","type-post","status-publish","format-standard","has-post-thumbnail","hentry","category-el-alto-renacimiento","category-periodos","tag-alto-renacimiento","tag-andrea-del-sarto-2","tag-andrea-del-sarto-ultima-cena","tag-claustro-de-la-annunziata","tag-pintura-al-fresco"],"yoast_head":"<!-- This site is optimized with the Yoast SEO plugin v27.2 - https:\/\/yoast.com\/product\/yoast-seo-wordpress\/ -->\n<title>Andrea del Sarto: frescos de la Annunziata<\/title>\n<meta name=\"description\" content=\"Los ciclos de frescos para los claustros de la Annunziata, realizados en varias etapas, nos muestran la trayectoria art\u00edstica de Andrea del Sarto.\" \/>\n<meta name=\"robots\" content=\"index, follow, max-snippet:-1, max-image-preview:large, max-video-preview:-1\" \/>\n<link rel=\"canonical\" href=\"https:\/\/www.aparences.net\/es\/periodos\/andrea-del-sarto-frescos-de-la-annunziata\/\" \/>\n<meta property=\"og:locale\" content=\"es_ES\" \/>\n<meta property=\"og:type\" content=\"article\" \/>\n<meta property=\"og:title\" content=\"Andrea del Sarto: frescos de la Annunziata\" \/>\n<meta property=\"og:description\" content=\"Los ciclos de frescos para los claustros de la Annunziata, realizados en varias etapas, nos muestran la trayectoria art\u00edstica de Andrea del Sarto.\" \/>\n<meta property=\"og:url\" content=\"https:\/\/www.aparences.net\/es\/periodos\/andrea-del-sarto-frescos-de-la-annunziata\/\" \/>\n<meta property=\"og:site_name\" content=\"Aparences\" \/>\n<meta property=\"article:published_time\" content=\"2019-02-05T10:20:37+00:00\" \/>\n<meta property=\"article:modified_time\" content=\"2025-12-11T18:40:56+00:00\" \/>\n<meta property=\"og:image\" content=\"https:\/\/www.aparences.net\/wp-content\/uploads\/2019\/02\/andrea-del-sarto-fresques.jpg\" \/>\n\t<meta property=\"og:image:width\" content=\"1080\" \/>\n\t<meta property=\"og:image:height\" content=\"540\" \/>\n\t<meta property=\"og:image:type\" content=\"image\/jpeg\" \/>\n<meta name=\"author\" content=\"admin\" \/>\n<meta name=\"twitter:card\" content=\"summary_large_image\" \/>\n<meta name=\"twitter:label1\" content=\"Escrito por\" \/>\n\t<meta name=\"twitter:data1\" content=\"admin\" \/>\n\t<meta name=\"twitter:label2\" content=\"Tiempo de lectura\" \/>\n\t<meta name=\"twitter:data2\" content=\"13 minutos\" \/>\n<script type=\"application\/ld+json\" class=\"yoast-schema-graph\">{\"@context\":\"https:\/\/schema.org\",\"@graph\":[{\"@type\":\"Article\",\"@id\":\"https:\/\/www.aparences.net\/es\/periodos\/andrea-del-sarto-frescos-de-la-annunziata\/#article\",\"isPartOf\":{\"@id\":\"https:\/\/www.aparences.net\/es\/periodos\/andrea-del-sarto-frescos-de-la-annunziata\/\"},\"author\":{\"name\":\"admin\",\"@id\":\"https:\/\/www.aparences.net\/es\/#\/schema\/person\/af349f6ffc31b16c68963e61268afca5\"},\"headline\":\"Andrea del Sarto: frescos de la Annunziata\",\"datePublished\":\"2019-02-05T10:20:37+00:00\",\"dateModified\":\"2025-12-11T18:40:56+00:00\",\"mainEntityOfPage\":{\"@id\":\"https:\/\/www.aparences.net\/es\/periodos\/andrea-del-sarto-frescos-de-la-annunziata\/\"},\"wordCount\":2315,\"publisher\":{\"@id\":\"https:\/\/www.aparences.net\/es\/#organization\"},\"image\":{\"@id\":\"https:\/\/www.aparences.net\/es\/periodos\/andrea-del-sarto-frescos-de-la-annunziata\/#primaryimage\"},\"thumbnailUrl\":\"https:\/\/www.aparences.net\/wp-content\/uploads\/2019\/02\/andrea-del-sarto-fresques.jpg\",\"keywords\":[\"Alto Renacimiento\",\"Andrea del Sarto\",\"Andrea del Sarto \u00daltima Cena\",\"claustro de la Annunziata\",\"pintura al fresco\"],\"articleSection\":[\"El Alto Renacimiento\",\"Per\u00edodos\"],\"inLanguage\":\"es\"},{\"@type\":[\"WebPage\",\"ItemPage\"],\"@id\":\"https:\/\/www.aparences.net\/es\/periodos\/andrea-del-sarto-frescos-de-la-annunziata\/\",\"url\":\"https:\/\/www.aparences.net\/es\/periodos\/andrea-del-sarto-frescos-de-la-annunziata\/\",\"name\":\"Andrea del Sarto: frescos de la Annunziata\",\"isPartOf\":{\"@id\":\"https:\/\/www.aparences.net\/es\/#website\"},\"primaryImageOfPage\":{\"@id\":\"https:\/\/www.aparences.net\/es\/periodos\/andrea-del-sarto-frescos-de-la-annunziata\/#primaryimage\"},\"image\":{\"@id\":\"https:\/\/www.aparences.net\/es\/periodos\/andrea-del-sarto-frescos-de-la-annunziata\/#primaryimage\"},\"thumbnailUrl\":\"https:\/\/www.aparences.net\/wp-content\/uploads\/2019\/02\/andrea-del-sarto-fresques.jpg\",\"datePublished\":\"2019-02-05T10:20:37+00:00\",\"dateModified\":\"2025-12-11T18:40:56+00:00\",\"description\":\"Los ciclos de frescos para los claustros de la Annunziata, realizados en varias etapas, nos muestran la trayectoria art\u00edstica de Andrea del Sarto.\",\"breadcrumb\":{\"@id\":\"https:\/\/www.aparences.net\/es\/periodos\/andrea-del-sarto-frescos-de-la-annunziata\/#breadcrumb\"},\"inLanguage\":\"es\",\"potentialAction\":[{\"@type\":\"ReadAction\",\"target\":[\"https:\/\/www.aparences.net\/es\/periodos\/andrea-del-sarto-frescos-de-la-annunziata\/\"]}]},{\"@type\":\"ImageObject\",\"inLanguage\":\"es\",\"@id\":\"https:\/\/www.aparences.net\/es\/periodos\/andrea-del-sarto-frescos-de-la-annunziata\/#primaryimage\",\"url\":\"https:\/\/www.aparences.net\/wp-content\/uploads\/2019\/02\/andrea-del-sarto-fresques.jpg\",\"contentUrl\":\"https:\/\/www.aparences.net\/wp-content\/uploads\/2019\/02\/andrea-del-sarto-fresques.jpg\",\"width\":1080,\"height\":540},{\"@type\":\"BreadcrumbList\",\"@id\":\"https:\/\/www.aparences.net\/es\/periodos\/andrea-del-sarto-frescos-de-la-annunziata\/#breadcrumb\",\"itemListElement\":[{\"@type\":\"ListItem\",\"position\":1,\"name\":\"Portada\",\"item\":\"https:\/\/www.aparences.net\/es\/\"},{\"@type\":\"ListItem\",\"position\":2,\"name\":\"Andrea del Sarto: frescos de la Annunziata\"}]},{\"@type\":\"WebSite\",\"@id\":\"https:\/\/www.aparences.net\/es\/#website\",\"url\":\"https:\/\/www.aparences.net\/es\/\",\"name\":\"Aparences: Historia del Arte y Actualidad Cultural\",\"description\":\"\",\"publisher\":{\"@id\":\"https:\/\/www.aparences.net\/es\/#organization\"},\"potentialAction\":[{\"@type\":\"SearchAction\",\"target\":{\"@type\":\"EntryPoint\",\"urlTemplate\":\"https:\/\/www.aparences.net\/es\/?s={search_term_string}\"},\"query-input\":{\"@type\":\"PropertyValueSpecification\",\"valueRequired\":true,\"valueName\":\"search_term_string\"}}],\"inLanguage\":\"es\"},{\"@type\":\"Organization\",\"@id\":\"https:\/\/www.aparences.net\/es\/#organization\",\"name\":\"Aparences: Historia del Arte y Actualidad Cultural\",\"url\":\"https:\/\/www.aparences.net\/es\/\",\"logo\":{\"@type\":\"ImageObject\",\"inLanguage\":\"es\",\"@id\":\"https:\/\/www.aparences.net\/es\/#\/schema\/logo\/image\/\",\"url\":\"https:\/\/www.aparences.net\/wp-content\/uploads\/2023\/09\/logo-quadrat-color-e1695915315229.png\",\"contentUrl\":\"https:\/\/www.aparences.net\/wp-content\/uploads\/2023\/09\/logo-quadrat-color-e1695915315229.png\",\"width\":120,\"height\":120,\"caption\":\"Aparences: Historia del Arte y Actualidad Cultural\"},\"image\":{\"@id\":\"https:\/\/www.aparences.net\/es\/#\/schema\/logo\/image\/\"}},{\"@type\":\"Person\",\"@id\":\"https:\/\/www.aparences.net\/es\/#\/schema\/person\/af349f6ffc31b16c68963e61268afca5\",\"name\":\"admin\",\"url\":\"https:\/\/www.aparences.net\/es\/author\/admin\/\"}]}<\/script>\n<!-- \/ Yoast SEO plugin. -->","yoast_head_json":{"title":"Andrea del Sarto: frescos de la Annunziata","description":"Los ciclos de frescos para los claustros de la Annunziata, realizados en varias etapas, nos muestran la trayectoria art\u00edstica de Andrea del Sarto.","robots":{"index":"index","follow":"follow","max-snippet":"max-snippet:-1","max-image-preview":"max-image-preview:large","max-video-preview":"max-video-preview:-1"},"canonical":"https:\/\/www.aparences.net\/es\/periodos\/andrea-del-sarto-frescos-de-la-annunziata\/","og_locale":"es_ES","og_type":"article","og_title":"Andrea del Sarto: frescos de la Annunziata","og_description":"Los ciclos de frescos para los claustros de la Annunziata, realizados en varias etapas, nos muestran la trayectoria art\u00edstica de Andrea del Sarto.","og_url":"https:\/\/www.aparences.net\/es\/periodos\/andrea-del-sarto-frescos-de-la-annunziata\/","og_site_name":"Aparences","article_published_time":"2019-02-05T10:20:37+00:00","article_modified_time":"2025-12-11T18:40:56+00:00","og_image":[{"width":1080,"height":540,"url":"https:\/\/www.aparences.net\/wp-content\/uploads\/2019\/02\/andrea-del-sarto-fresques.jpg","type":"image\/jpeg"}],"author":"admin","twitter_card":"summary_large_image","twitter_misc":{"Escrito por":"admin","Tiempo de lectura":"13 minutos"},"schema":{"@context":"https:\/\/schema.org","@graph":[{"@type":"Article","@id":"https:\/\/www.aparences.net\/es\/periodos\/andrea-del-sarto-frescos-de-la-annunziata\/#article","isPartOf":{"@id":"https:\/\/www.aparences.net\/es\/periodos\/andrea-del-sarto-frescos-de-la-annunziata\/"},"author":{"name":"admin","@id":"https:\/\/www.aparences.net\/es\/#\/schema\/person\/af349f6ffc31b16c68963e61268afca5"},"headline":"Andrea del Sarto: frescos de la Annunziata","datePublished":"2019-02-05T10:20:37+00:00","dateModified":"2025-12-11T18:40:56+00:00","mainEntityOfPage":{"@id":"https:\/\/www.aparences.net\/es\/periodos\/andrea-del-sarto-frescos-de-la-annunziata\/"},"wordCount":2315,"publisher":{"@id":"https:\/\/www.aparences.net\/es\/#organization"},"image":{"@id":"https:\/\/www.aparences.net\/es\/periodos\/andrea-del-sarto-frescos-de-la-annunziata\/#primaryimage"},"thumbnailUrl":"https:\/\/www.aparences.net\/wp-content\/uploads\/2019\/02\/andrea-del-sarto-fresques.jpg","keywords":["Alto Renacimiento","Andrea del Sarto","Andrea del Sarto \u00daltima Cena","claustro de la Annunziata","pintura al fresco"],"articleSection":["El Alto Renacimiento","Per\u00edodos"],"inLanguage":"es"},{"@type":["WebPage","ItemPage"],"@id":"https:\/\/www.aparences.net\/es\/periodos\/andrea-del-sarto-frescos-de-la-annunziata\/","url":"https:\/\/www.aparences.net\/es\/periodos\/andrea-del-sarto-frescos-de-la-annunziata\/","name":"Andrea del Sarto: frescos de la Annunziata","isPartOf":{"@id":"https:\/\/www.aparences.net\/es\/#website"},"primaryImageOfPage":{"@id":"https:\/\/www.aparences.net\/es\/periodos\/andrea-del-sarto-frescos-de-la-annunziata\/#primaryimage"},"image":{"@id":"https:\/\/www.aparences.net\/es\/periodos\/andrea-del-sarto-frescos-de-la-annunziata\/#primaryimage"},"thumbnailUrl":"https:\/\/www.aparences.net\/wp-content\/uploads\/2019\/02\/andrea-del-sarto-fresques.jpg","datePublished":"2019-02-05T10:20:37+00:00","dateModified":"2025-12-11T18:40:56+00:00","description":"Los ciclos de frescos para los claustros de la Annunziata, realizados en varias etapas, nos muestran la trayectoria art\u00edstica de Andrea del Sarto.","breadcrumb":{"@id":"https:\/\/www.aparences.net\/es\/periodos\/andrea-del-sarto-frescos-de-la-annunziata\/#breadcrumb"},"inLanguage":"es","potentialAction":[{"@type":"ReadAction","target":["https:\/\/www.aparences.net\/es\/periodos\/andrea-del-sarto-frescos-de-la-annunziata\/"]}]},{"@type":"ImageObject","inLanguage":"es","@id":"https:\/\/www.aparences.net\/es\/periodos\/andrea-del-sarto-frescos-de-la-annunziata\/#primaryimage","url":"https:\/\/www.aparences.net\/wp-content\/uploads\/2019\/02\/andrea-del-sarto-fresques.jpg","contentUrl":"https:\/\/www.aparences.net\/wp-content\/uploads\/2019\/02\/andrea-del-sarto-fresques.jpg","width":1080,"height":540},{"@type":"BreadcrumbList","@id":"https:\/\/www.aparences.net\/es\/periodos\/andrea-del-sarto-frescos-de-la-annunziata\/#breadcrumb","itemListElement":[{"@type":"ListItem","position":1,"name":"Portada","item":"https:\/\/www.aparences.net\/es\/"},{"@type":"ListItem","position":2,"name":"Andrea del Sarto: frescos de la Annunziata"}]},{"@type":"WebSite","@id":"https:\/\/www.aparences.net\/es\/#website","url":"https:\/\/www.aparences.net\/es\/","name":"Aparences: Historia del Arte y Actualidad Cultural","description":"","publisher":{"@id":"https:\/\/www.aparences.net\/es\/#organization"},"potentialAction":[{"@type":"SearchAction","target":{"@type":"EntryPoint","urlTemplate":"https:\/\/www.aparences.net\/es\/?s={search_term_string}"},"query-input":{"@type":"PropertyValueSpecification","valueRequired":true,"valueName":"search_term_string"}}],"inLanguage":"es"},{"@type":"Organization","@id":"https:\/\/www.aparences.net\/es\/#organization","name":"Aparences: Historia del Arte y Actualidad Cultural","url":"https:\/\/www.aparences.net\/es\/","logo":{"@type":"ImageObject","inLanguage":"es","@id":"https:\/\/www.aparences.net\/es\/#\/schema\/logo\/image\/","url":"https:\/\/www.aparences.net\/wp-content\/uploads\/2023\/09\/logo-quadrat-color-e1695915315229.png","contentUrl":"https:\/\/www.aparences.net\/wp-content\/uploads\/2023\/09\/logo-quadrat-color-e1695915315229.png","width":120,"height":120,"caption":"Aparences: Historia del Arte y Actualidad Cultural"},"image":{"@id":"https:\/\/www.aparences.net\/es\/#\/schema\/logo\/image\/"}},{"@type":"Person","@id":"https:\/\/www.aparences.net\/es\/#\/schema\/person\/af349f6ffc31b16c68963e61268afca5","name":"admin","url":"https:\/\/www.aparences.net\/es\/author\/admin\/"}]}},"_links":{"self":[{"href":"https:\/\/www.aparences.net\/es\/wp-json\/wp\/v2\/posts\/13837","targetHints":{"allow":["GET"]}}],"collection":[{"href":"https:\/\/www.aparences.net\/es\/wp-json\/wp\/v2\/posts"}],"about":[{"href":"https:\/\/www.aparences.net\/es\/wp-json\/wp\/v2\/types\/post"}],"author":[{"embeddable":true,"href":"https:\/\/www.aparences.net\/es\/wp-json\/wp\/v2\/users\/2"}],"replies":[{"embeddable":true,"href":"https:\/\/www.aparences.net\/es\/wp-json\/wp\/v2\/comments?post=13837"}],"version-history":[{"count":0,"href":"https:\/\/www.aparences.net\/es\/wp-json\/wp\/v2\/posts\/13837\/revisions"}],"wp:featuredmedia":[{"embeddable":true,"href":"https:\/\/www.aparences.net\/es\/wp-json\/wp\/v2\/media\/26374"}],"wp:attachment":[{"href":"https:\/\/www.aparences.net\/es\/wp-json\/wp\/v2\/media?parent=13837"}],"wp:term":[{"taxonomy":"category","embeddable":true,"href":"https:\/\/www.aparences.net\/es\/wp-json\/wp\/v2\/categories?post=13837"},{"taxonomy":"post_tag","embeddable":true,"href":"https:\/\/www.aparences.net\/es\/wp-json\/wp\/v2\/tags?post=13837"}],"curies":[{"name":"wp","href":"https:\/\/api.w.org\/{rel}","templated":true}]}}