{"id":13843,"date":"2019-03-05T09:29:17","date_gmt":"2019-03-05T08:29:17","guid":{"rendered":"https:\/\/www.aparences.net\/actualites\/expositions\/giorgio-de-chirico-los-origenes-del-surrealismo-belga\/"},"modified":"2024-09-04T09:25:57","modified_gmt":"2024-09-04T07:25:57","slug":"giorgio-de-chirico-los-origenes-del-surrealismo-belga","status":"publish","type":"post","link":"https:\/\/www.aparences.net\/es\/actualidad\/giorgio-de-chirico-los-origenes-del-surrealismo-belga\/","title":{"rendered":"Giorgio de Chirico: los or\u00edgenes del surrealismo belga"},"content":{"rendered":"\n<p>A trav\u00e9s de un recorrido tem\u00e1tico que revela la personalidad at\u00edpica de Giorgio de Chirico, <a href=\"https:\/\/www.bam.mons.be\/events\/giorgio-de-chirico-aux-origines-du-surrealisme-belge-magritte-delvaux-graverol\">Beux-Arts Mons (BAM)<\/a> presenta la exposici\u00f3n <em>Giorgio de Chirico. Los or\u00edgenes del surrealismo belga: Magritte, Delvaux, Graverol<\/em>, invitando al espectador a adentrarse en el universo misterioso, on\u00edrico y po\u00e9tico del artista italiano. En 1910, De Chirico se convirti\u00f3 en uno de los pioneros del <a href=\"https:\/\/www.aparences.net\/es\/periodos\/arte-moderno\/\">arte moderno<\/a>, cuya obra inspir\u00f3 el nacimiento del <a href=\"https:\/\/www.aparences.net\/es\/periodos\/arte-moderno\/el-surrealismo\/\">surrealismo<\/a>. En B\u00e9lgica, el descubrimiento de su trabajo por Andr\u00e9 Magritte, Paul Delvaux y Jane Graverol es el origen de las revelaciones que determinan la evoluci\u00f3n de sus carreras. La exposici\u00f3n tambi\u00e9n ofrece un emocionante di\u00e1logo entre las tres grandes figuras del surrealismo belga y su modelo.<\/p>\n\n\n<div class=\"wp-block-image\">\n<figure class=\"aligncenter\"><img loading=\"lazy\" decoding=\"async\" width=\"414\" height=\"396\" src=\"https:\/\/www.aparences.net\/wp-content\/uploads\/2019\/03\/de-chirico-place-d-italie-avec-statue.jpg\" alt=\"Plaza de Italia con estatua, c. 1965-1970, Giorgio de Chirico, Museo de Arte Moderno de la Ciudad de Par\u00eds\" class=\"wp-image-18681\" title=\"Plaza de Italia con estatua, c. 1965-1970, Giorgio de Chirico, Museo de Arte Moderno de la Ciudad de Par\u00eds\" srcset=\"https:\/\/www.aparences.net\/wp-content\/uploads\/2019\/03\/de-chirico-place-d-italie-avec-statue.jpg 414w, https:\/\/www.aparences.net\/wp-content\/uploads\/2019\/03\/de-chirico-place-d-italie-avec-statue-300x287.jpg 300w\" sizes=\"auto, (max-width: 414px) 100vw, 414px\" \/><figcaption class=\"wp-element-caption\"><em><strong>Plaza de Italia con estatua<\/strong>, c. 1965-1970, <strong>Giorgio de Chirico<\/strong> (Museo de Arte Moderno de Par\u00eds)<\/em><\/figcaption><\/figure>\n<\/div>\n\n<div class=\"wp-block-image\">\n<figure class=\"aligncenter\"><img loading=\"lazy\" decoding=\"async\" width=\"610\" height=\"380\" src=\"https:\/\/www.aparences.net\/wp-content\/uploads\/2019\/03\/paul-delvaux-ermitage.jpg\" alt=\"\" class=\"wp-image-18684\" srcset=\"https:\/\/www.aparences.net\/wp-content\/uploads\/2019\/03\/paul-delvaux-ermitage.jpg 610w, https:\/\/www.aparences.net\/wp-content\/uploads\/2019\/03\/paul-delvaux-ermitage-300x187.jpg 300w\" sizes=\"auto, (max-width: 610px) 100vw, 610px\" \/><figcaption class=\"wp-element-caption\"><em><strong>El retiro<\/strong>, 1973, <strong>Paul Delvaux<\/strong> (Colecci\u00f3n privada)<\/em><\/figcaption><\/figure>\n<\/div>\n\n\n<p>De Chirico es un pintor indefinible, con una larga carrera que abarca distintos per\u00edodos. Aclamado por la cr\u00edtica de su \u00e9poca por su obra \u00ab<a href=\"https:\/\/www.aparences.net\/es\/periodos\/arte-moderno\/la-pintura-metafisica\/\">metaf\u00edsica<\/a>&nbsp;\u00bb, los surrealistas lo criticaron por el giro que dio en los a\u00f1os veinte hacia un estilo m\u00e1s tradicional. Esta exposici\u00f3n permite una mejor comprensi\u00f3n de la obra de este enigm\u00e1tico pintor italiano y su influencia en tres pintores belgas.<\/p>\n","protected":false},"excerpt":{"rendered":"<p>Un emocionante di\u00e1logo entre las tres grandes figuras del surrealismo belga y su modelo, Giorgio de Chirico.<\/p>\n","protected":false},"author":2,"featured_media":18685,"comment_status":"closed","ping_status":"closed","sticky":false,"template":"","format":"standard","meta":{"footnotes":""},"categories":[2368,2605],"tags":[3187],"class_list":["post-13843","post","type-post","status-publish","format-standard","has-post-thumbnail","hentry","category-actualidad","category-exposiciones","tag-featured-es"],"yoast_head":"<!-- This site is optimized with the Yoast SEO plugin v27.2 - https:\/\/yoast.com\/product\/yoast-seo-wordpress\/ -->\n<title>Giorgio de Chirico: los or\u00edgenes del surrealismo belga<\/title>\n<meta name=\"description\" content=\"Un emocionante di\u00e1logo entre las tres grandes figuras del surrealismo belga y su modelo, Giorgio de Chirico.\" \/>\n<meta name=\"robots\" content=\"index, follow, max-snippet:-1, max-image-preview:large, max-video-preview:-1\" \/>\n<link rel=\"canonical\" href=\"https:\/\/www.aparences.net\/es\/actualidad\/giorgio-de-chirico-los-origenes-del-surrealismo-belga\/\" \/>\n<meta property=\"og:locale\" content=\"es_ES\" \/>\n<meta property=\"og:type\" content=\"article\" \/>\n<meta property=\"og:title\" content=\"Giorgio de Chirico: los or\u00edgenes del surrealismo belga\" \/>\n<meta property=\"og:description\" content=\"Un emocionante di\u00e1logo entre las tres grandes figuras del surrealismo belga y su modelo, Giorgio de Chirico.\" \/>\n<meta property=\"og:url\" content=\"https:\/\/www.aparences.net\/es\/actualidad\/giorgio-de-chirico-los-origenes-del-surrealismo-belga\/\" \/>\n<meta property=\"og:site_name\" content=\"Aparences\" \/>\n<meta property=\"article:published_time\" content=\"2019-03-05T08:29:17+00:00\" \/>\n<meta property=\"article:modified_time\" content=\"2024-09-04T07:25:57+00:00\" \/>\n<meta property=\"og:image\" content=\"https:\/\/www.aparences.net\/wp-content\/uploads\/2019\/03\/mons-bam-de-chirico-et-le-surreaisme.jpg\" \/>\n\t<meta property=\"og:image:width\" content=\"880\" \/>\n\t<meta property=\"og:image:height\" content=\"290\" \/>\n\t<meta property=\"og:image:type\" content=\"image\/jpeg\" \/>\n<meta name=\"author\" content=\"admin\" \/>\n<meta name=\"twitter:card\" content=\"summary_large_image\" \/>\n<meta name=\"twitter:label1\" content=\"Escrito por\" \/>\n\t<meta name=\"twitter:data1\" content=\"admin\" \/>\n\t<meta name=\"twitter:label2\" content=\"Tiempo de lectura\" \/>\n\t<meta name=\"twitter:data2\" content=\"1 minuto\" \/>\n<script type=\"application\/ld+json\" class=\"yoast-schema-graph\">{\"@context\":\"https:\/\/schema.org\",\"@graph\":[{\"@type\":\"Article\",\"@id\":\"https:\/\/www.aparences.net\/es\/actualidad\/giorgio-de-chirico-los-origenes-del-surrealismo-belga\/#article\",\"isPartOf\":{\"@id\":\"https:\/\/www.aparences.net\/es\/actualidad\/giorgio-de-chirico-los-origenes-del-surrealismo-belga\/\"},\"author\":{\"name\":\"admin\",\"@id\":\"https:\/\/www.aparences.net\/es\/#\/schema\/person\/af349f6ffc31b16c68963e61268afca5\"},\"headline\":\"Giorgio de Chirico: los or\u00edgenes del surrealismo belga\",\"datePublished\":\"2019-03-05T08:29:17+00:00\",\"dateModified\":\"2024-09-04T07:25:57+00:00\",\"mainEntityOfPage\":{\"@id\":\"https:\/\/www.aparences.net\/es\/actualidad\/giorgio-de-chirico-los-origenes-del-surrealismo-belga\/\"},\"wordCount\":231,\"publisher\":{\"@id\":\"https:\/\/www.aparences.net\/es\/#organization\"},\"image\":{\"@id\":\"https:\/\/www.aparences.net\/es\/actualidad\/giorgio-de-chirico-los-origenes-del-surrealismo-belga\/#primaryimage\"},\"thumbnailUrl\":\"https:\/\/www.aparences.net\/wp-content\/uploads\/2019\/03\/mons-bam-de-chirico-et-le-surreaisme.jpg\",\"keywords\":[\"Featured\"],\"articleSection\":[\"Actualidad\",\"Exposiciones\"],\"inLanguage\":\"es\"},{\"@type\":[\"WebPage\",\"ItemPage\"],\"@id\":\"https:\/\/www.aparences.net\/es\/actualidad\/giorgio-de-chirico-los-origenes-del-surrealismo-belga\/\",\"url\":\"https:\/\/www.aparences.net\/es\/actualidad\/giorgio-de-chirico-los-origenes-del-surrealismo-belga\/\",\"name\":\"Giorgio de Chirico: los or\u00edgenes del surrealismo belga\",\"isPartOf\":{\"@id\":\"https:\/\/www.aparences.net\/es\/#website\"},\"primaryImageOfPage\":{\"@id\":\"https:\/\/www.aparences.net\/es\/actualidad\/giorgio-de-chirico-los-origenes-del-surrealismo-belga\/#primaryimage\"},\"image\":{\"@id\":\"https:\/\/www.aparences.net\/es\/actualidad\/giorgio-de-chirico-los-origenes-del-surrealismo-belga\/#primaryimage\"},\"thumbnailUrl\":\"https:\/\/www.aparences.net\/wp-content\/uploads\/2019\/03\/mons-bam-de-chirico-et-le-surreaisme.jpg\",\"datePublished\":\"2019-03-05T08:29:17+00:00\",\"dateModified\":\"2024-09-04T07:25:57+00:00\",\"description\":\"Un emocionante di\u00e1logo entre las tres grandes figuras del surrealismo belga y su modelo, Giorgio de Chirico.\",\"breadcrumb\":{\"@id\":\"https:\/\/www.aparences.net\/es\/actualidad\/giorgio-de-chirico-los-origenes-del-surrealismo-belga\/#breadcrumb\"},\"inLanguage\":\"es\",\"potentialAction\":[{\"@type\":\"ReadAction\",\"target\":[\"https:\/\/www.aparences.net\/es\/actualidad\/giorgio-de-chirico-los-origenes-del-surrealismo-belga\/\"]}]},{\"@type\":\"ImageObject\",\"inLanguage\":\"es\",\"@id\":\"https:\/\/www.aparences.net\/es\/actualidad\/giorgio-de-chirico-los-origenes-del-surrealismo-belga\/#primaryimage\",\"url\":\"https:\/\/www.aparences.net\/wp-content\/uploads\/2019\/03\/mons-bam-de-chirico-et-le-surreaisme.jpg\",\"contentUrl\":\"https:\/\/www.aparences.net\/wp-content\/uploads\/2019\/03\/mons-bam-de-chirico-et-le-surreaisme.jpg\",\"width\":880,\"height\":290},{\"@type\":\"BreadcrumbList\",\"@id\":\"https:\/\/www.aparences.net\/es\/actualidad\/giorgio-de-chirico-los-origenes-del-surrealismo-belga\/#breadcrumb\",\"itemListElement\":[{\"@type\":\"ListItem\",\"position\":1,\"name\":\"Portada\",\"item\":\"https:\/\/www.aparences.net\/es\/\"},{\"@type\":\"ListItem\",\"position\":2,\"name\":\"Giorgio de Chirico: los or\u00edgenes del surrealismo belga\"}]},{\"@type\":\"WebSite\",\"@id\":\"https:\/\/www.aparences.net\/es\/#website\",\"url\":\"https:\/\/www.aparences.net\/es\/\",\"name\":\"Aparences: Historia del Arte y Actualidad Cultural\",\"description\":\"\",\"publisher\":{\"@id\":\"https:\/\/www.aparences.net\/es\/#organization\"},\"potentialAction\":[{\"@type\":\"SearchAction\",\"target\":{\"@type\":\"EntryPoint\",\"urlTemplate\":\"https:\/\/www.aparences.net\/es\/?s={search_term_string}\"},\"query-input\":{\"@type\":\"PropertyValueSpecification\",\"valueRequired\":true,\"valueName\":\"search_term_string\"}}],\"inLanguage\":\"es\"},{\"@type\":\"Organization\",\"@id\":\"https:\/\/www.aparences.net\/es\/#organization\",\"name\":\"Aparences: Historia del Arte y Actualidad Cultural\",\"url\":\"https:\/\/www.aparences.net\/es\/\",\"logo\":{\"@type\":\"ImageObject\",\"inLanguage\":\"es\",\"@id\":\"https:\/\/www.aparences.net\/es\/#\/schema\/logo\/image\/\",\"url\":\"https:\/\/www.aparences.net\/wp-content\/uploads\/2023\/09\/logo-quadrat-color-e1695915315229.png\",\"contentUrl\":\"https:\/\/www.aparences.net\/wp-content\/uploads\/2023\/09\/logo-quadrat-color-e1695915315229.png\",\"width\":120,\"height\":120,\"caption\":\"Aparences: Historia del Arte y Actualidad Cultural\"},\"image\":{\"@id\":\"https:\/\/www.aparences.net\/es\/#\/schema\/logo\/image\/\"}},{\"@type\":\"Person\",\"@id\":\"https:\/\/www.aparences.net\/es\/#\/schema\/person\/af349f6ffc31b16c68963e61268afca5\",\"name\":\"admin\",\"url\":\"https:\/\/www.aparences.net\/es\/author\/admin\/\"}]}<\/script>\n<!-- \/ Yoast SEO plugin. -->","yoast_head_json":{"title":"Giorgio de Chirico: los or\u00edgenes del surrealismo belga","description":"Un emocionante di\u00e1logo entre las tres grandes figuras del surrealismo belga y su modelo, Giorgio de Chirico.","robots":{"index":"index","follow":"follow","max-snippet":"max-snippet:-1","max-image-preview":"max-image-preview:large","max-video-preview":"max-video-preview:-1"},"canonical":"https:\/\/www.aparences.net\/es\/actualidad\/giorgio-de-chirico-los-origenes-del-surrealismo-belga\/","og_locale":"es_ES","og_type":"article","og_title":"Giorgio de Chirico: los or\u00edgenes del surrealismo belga","og_description":"Un emocionante di\u00e1logo entre las tres grandes figuras del surrealismo belga y su modelo, Giorgio de Chirico.","og_url":"https:\/\/www.aparences.net\/es\/actualidad\/giorgio-de-chirico-los-origenes-del-surrealismo-belga\/","og_site_name":"Aparences","article_published_time":"2019-03-05T08:29:17+00:00","article_modified_time":"2024-09-04T07:25:57+00:00","og_image":[{"width":880,"height":290,"url":"https:\/\/www.aparences.net\/wp-content\/uploads\/2019\/03\/mons-bam-de-chirico-et-le-surreaisme.jpg","type":"image\/jpeg"}],"author":"admin","twitter_card":"summary_large_image","twitter_misc":{"Escrito por":"admin","Tiempo de lectura":"1 minuto"},"schema":{"@context":"https:\/\/schema.org","@graph":[{"@type":"Article","@id":"https:\/\/www.aparences.net\/es\/actualidad\/giorgio-de-chirico-los-origenes-del-surrealismo-belga\/#article","isPartOf":{"@id":"https:\/\/www.aparences.net\/es\/actualidad\/giorgio-de-chirico-los-origenes-del-surrealismo-belga\/"},"author":{"name":"admin","@id":"https:\/\/www.aparences.net\/es\/#\/schema\/person\/af349f6ffc31b16c68963e61268afca5"},"headline":"Giorgio de Chirico: los or\u00edgenes del surrealismo belga","datePublished":"2019-03-05T08:29:17+00:00","dateModified":"2024-09-04T07:25:57+00:00","mainEntityOfPage":{"@id":"https:\/\/www.aparences.net\/es\/actualidad\/giorgio-de-chirico-los-origenes-del-surrealismo-belga\/"},"wordCount":231,"publisher":{"@id":"https:\/\/www.aparences.net\/es\/#organization"},"image":{"@id":"https:\/\/www.aparences.net\/es\/actualidad\/giorgio-de-chirico-los-origenes-del-surrealismo-belga\/#primaryimage"},"thumbnailUrl":"https:\/\/www.aparences.net\/wp-content\/uploads\/2019\/03\/mons-bam-de-chirico-et-le-surreaisme.jpg","keywords":["Featured"],"articleSection":["Actualidad","Exposiciones"],"inLanguage":"es"},{"@type":["WebPage","ItemPage"],"@id":"https:\/\/www.aparences.net\/es\/actualidad\/giorgio-de-chirico-los-origenes-del-surrealismo-belga\/","url":"https:\/\/www.aparences.net\/es\/actualidad\/giorgio-de-chirico-los-origenes-del-surrealismo-belga\/","name":"Giorgio de Chirico: los or\u00edgenes del surrealismo belga","isPartOf":{"@id":"https:\/\/www.aparences.net\/es\/#website"},"primaryImageOfPage":{"@id":"https:\/\/www.aparences.net\/es\/actualidad\/giorgio-de-chirico-los-origenes-del-surrealismo-belga\/#primaryimage"},"image":{"@id":"https:\/\/www.aparences.net\/es\/actualidad\/giorgio-de-chirico-los-origenes-del-surrealismo-belga\/#primaryimage"},"thumbnailUrl":"https:\/\/www.aparences.net\/wp-content\/uploads\/2019\/03\/mons-bam-de-chirico-et-le-surreaisme.jpg","datePublished":"2019-03-05T08:29:17+00:00","dateModified":"2024-09-04T07:25:57+00:00","description":"Un emocionante di\u00e1logo entre las tres grandes figuras del surrealismo belga y su modelo, Giorgio de Chirico.","breadcrumb":{"@id":"https:\/\/www.aparences.net\/es\/actualidad\/giorgio-de-chirico-los-origenes-del-surrealismo-belga\/#breadcrumb"},"inLanguage":"es","potentialAction":[{"@type":"ReadAction","target":["https:\/\/www.aparences.net\/es\/actualidad\/giorgio-de-chirico-los-origenes-del-surrealismo-belga\/"]}]},{"@type":"ImageObject","inLanguage":"es","@id":"https:\/\/www.aparences.net\/es\/actualidad\/giorgio-de-chirico-los-origenes-del-surrealismo-belga\/#primaryimage","url":"https:\/\/www.aparences.net\/wp-content\/uploads\/2019\/03\/mons-bam-de-chirico-et-le-surreaisme.jpg","contentUrl":"https:\/\/www.aparences.net\/wp-content\/uploads\/2019\/03\/mons-bam-de-chirico-et-le-surreaisme.jpg","width":880,"height":290},{"@type":"BreadcrumbList","@id":"https:\/\/www.aparences.net\/es\/actualidad\/giorgio-de-chirico-los-origenes-del-surrealismo-belga\/#breadcrumb","itemListElement":[{"@type":"ListItem","position":1,"name":"Portada","item":"https:\/\/www.aparences.net\/es\/"},{"@type":"ListItem","position":2,"name":"Giorgio de Chirico: los or\u00edgenes del surrealismo belga"}]},{"@type":"WebSite","@id":"https:\/\/www.aparences.net\/es\/#website","url":"https:\/\/www.aparences.net\/es\/","name":"Aparences: Historia del Arte y Actualidad Cultural","description":"","publisher":{"@id":"https:\/\/www.aparences.net\/es\/#organization"},"potentialAction":[{"@type":"SearchAction","target":{"@type":"EntryPoint","urlTemplate":"https:\/\/www.aparences.net\/es\/?s={search_term_string}"},"query-input":{"@type":"PropertyValueSpecification","valueRequired":true,"valueName":"search_term_string"}}],"inLanguage":"es"},{"@type":"Organization","@id":"https:\/\/www.aparences.net\/es\/#organization","name":"Aparences: Historia del Arte y Actualidad Cultural","url":"https:\/\/www.aparences.net\/es\/","logo":{"@type":"ImageObject","inLanguage":"es","@id":"https:\/\/www.aparences.net\/es\/#\/schema\/logo\/image\/","url":"https:\/\/www.aparences.net\/wp-content\/uploads\/2023\/09\/logo-quadrat-color-e1695915315229.png","contentUrl":"https:\/\/www.aparences.net\/wp-content\/uploads\/2023\/09\/logo-quadrat-color-e1695915315229.png","width":120,"height":120,"caption":"Aparences: Historia del Arte y Actualidad Cultural"},"image":{"@id":"https:\/\/www.aparences.net\/es\/#\/schema\/logo\/image\/"}},{"@type":"Person","@id":"https:\/\/www.aparences.net\/es\/#\/schema\/person\/af349f6ffc31b16c68963e61268afca5","name":"admin","url":"https:\/\/www.aparences.net\/es\/author\/admin\/"}]}},"_links":{"self":[{"href":"https:\/\/www.aparences.net\/es\/wp-json\/wp\/v2\/posts\/13843","targetHints":{"allow":["GET"]}}],"collection":[{"href":"https:\/\/www.aparences.net\/es\/wp-json\/wp\/v2\/posts"}],"about":[{"href":"https:\/\/www.aparences.net\/es\/wp-json\/wp\/v2\/types\/post"}],"author":[{"embeddable":true,"href":"https:\/\/www.aparences.net\/es\/wp-json\/wp\/v2\/users\/2"}],"replies":[{"embeddable":true,"href":"https:\/\/www.aparences.net\/es\/wp-json\/wp\/v2\/comments?post=13843"}],"version-history":[{"count":0,"href":"https:\/\/www.aparences.net\/es\/wp-json\/wp\/v2\/posts\/13843\/revisions"}],"wp:featuredmedia":[{"embeddable":true,"href":"https:\/\/www.aparences.net\/es\/wp-json\/wp\/v2\/media\/18685"}],"wp:attachment":[{"href":"https:\/\/www.aparences.net\/es\/wp-json\/wp\/v2\/media?parent=13843"}],"wp:term":[{"taxonomy":"category","embeddable":true,"href":"https:\/\/www.aparences.net\/es\/wp-json\/wp\/v2\/categories?post=13843"},{"taxonomy":"post_tag","embeddable":true,"href":"https:\/\/www.aparences.net\/es\/wp-json\/wp\/v2\/tags?post=13843"}],"curies":[{"name":"wp","href":"https:\/\/api.w.org\/{rel}","templated":true}]}}