{"id":13863,"date":"2019-05-05T10:24:20","date_gmt":"2019-05-05T08:24:20","guid":{"rendered":"https:\/\/www.aparences.net\/actualites\/expositions\/verrocchio-el-maestro-de-leonardo\/"},"modified":"2024-09-04T09:59:33","modified_gmt":"2024-09-04T07:59:33","slug":"verrocchio-el-maestro-de-leonardo","status":"publish","type":"post","link":"https:\/\/www.aparences.net\/es\/actualidad\/exposiciones\/verrocchio-el-maestro-de-leonardo\/","title":{"rendered":"Verrocchio, el maestro de Leonardo"},"content":{"rendered":"\n<p>Con motivo del 500 aniversario de la muerte de Leonardo da Vinci, el <a href=\"https:\/\/www.palazzostrozzi.org\/mostre\/verrocchio-il-maestro-di-leonardo\/\">Palazzo Strozzi<\/a> de Florencia presenta la exposici\u00f3n <em>Andrea Verrocchio, maestro de Leonardo<\/em>, un artista cuyo papel fue primordial para el desarrollo del Renacimiento en Florencia. Esta importante exposici\u00f3n re\u00fane m\u00e1s de 120 obras incluyendo pinturas, esculturas y dibujos de los museos y colecciones m\u00e1s importantes del mundo, como el Metropolitan Museum de Nueva York, el Museo del Louvre, el Rijksmuseum de \u00c1msterdam, el Museo Victoria and Albert de Londres, las Galer\u00edas de los Uffizi de Florencia. La muestra se ha realizado en colaboraci\u00f3n con el Museo Nacional del Bargello, edificio emblem\u00e1tico florentino que tambi\u00e9n alberga una secci\u00f3n. Re\u00fane por primera vez obras maestras de Andrea Verrocchio y piezas fundamentales de los artistas m\u00e1s famosos de la segunda mitad del siglo XV relacionados con el <a href=\"https:\/\/www.aparences.net\/es\/periodos\/el-quattrocento\/el-arte-en-florencia-hacia-1480\/#el-taller-de-verrocchio\">taller de Verrocchio<\/a>, como <a href=\"https:\/\/www.aparences.net\/es\/arte-y-mecenazgo\/los-fresquistas-florentinos\/frescos-de-domenico-ghirlandaio\/\">Domenico Ghirlandaio<\/a>, <a href=\"https:\/\/www.aparences.net\/periodes\/le-quattrocento\/sandro-botticelli\/\">Sandro Botticelli<\/a>, Pietro Perugino y Leonardo da Vinci, su alumno m\u00e1s famoso, cuya formaci\u00f3n e intercambios con el maestro han podido reconstituirse gracias a pr\u00e9stamos excepcionales, lo que ha permitido hacer comparaciones hasta ahora in\u00e9ditas.<\/p>\n\n\n<div class=\"wp-block-image\">\n<figure class=\"aligncenter\"><img loading=\"lazy\" decoding=\"async\" width=\"564\" height=\"430\" src=\"https:\/\/www.aparences.net\/wp-content\/uploads\/2019\/05\/verrocchio-lorenzo-di-credi-londres.jpg\" alt=\"Virgen con el ni\u00f1o y dos \u00e1ngeles, cc; 1476, Andrea Verrocchio y Lorenzo di Credi \" class=\"wp-image-18803\" title=\"Virgen con el ni\u00f1o y dos \u00e1ngeles, cc; 1476, Andrea Verrocchio y Lorenzo di Credi \" srcset=\"https:\/\/www.aparences.net\/wp-content\/uploads\/2019\/05\/verrocchio-lorenzo-di-credi-londres.jpg 564w, https:\/\/www.aparences.net\/wp-content\/uploads\/2019\/05\/verrocchio-lorenzo-di-credi-londres-300x229.jpg 300w\" sizes=\"auto, (max-width: 564px) 100vw, 564px\" \/><figcaption class=\"wp-element-caption\"><em><strong>Virgen con el ni\u00f1o y dos \u00e1ngeles<\/strong>, c. 1476,<strong> Andrea Verrocchio<\/strong> (1435-1488) y <strong>Lorenzo di Credi<\/strong> (1458-1537), Londres, National Gallery<\/em><\/figcaption><\/figure>\n<\/div>\n\n\n<p>La exposici\u00f3n tiene por objeto celebrar la figura de Andrea Verrocchio, una artista que, como pintor, escultor, orfebre y dibujante, fue un brillante int\u00e9rprete de los valores del Renacimiento en la Florencia medicea de <a href=\"https:\/\/www.aparences.net\/es\/arte-y-mecenazgo\/florencia-y-los-medicis\/lorenzo-el-magnifico\/\">Lorenzo el Magn\u00edfico<\/a>. Junto con su taller, influy\u00f3 en toda una generaci\u00f3n de maestros del siglo XV en Italia, pero tambi\u00e9n en toda Europa. La exposici\u00f3n es uno de los eventos clave de las celebraciones <em>Leonardo<\/em> de 2019 y la primera retrospectiva dedicada a su primer maestro, Verrocchio.<\/p>\n","protected":false},"excerpt":{"rendered":"<p>La exposici\u00f3n es uno de los eventos clave de las celebraciones a Leonardo da Vinci de 2019 y la primera retrospectiva dedicada a su primer maestro, Verrocchio.<\/p>\n","protected":false},"author":2,"featured_media":18804,"comment_status":"closed","ping_status":"closed","sticky":false,"template":"","format":"standard","meta":{"footnotes":""},"categories":[2368,2605],"tags":[3187],"class_list":["post-13863","post","type-post","status-publish","format-standard","has-post-thumbnail","hentry","category-actualidad","category-exposiciones","tag-featured-es"],"yoast_head":"<!-- This site is optimized with the Yoast SEO plugin v27.2 - https:\/\/yoast.com\/product\/yoast-seo-wordpress\/ -->\n<title>Verrocchio, el maestro de Leonardo<\/title>\n<meta name=\"description\" content=\"La exposici\u00f3n es uno de los eventos clave de las celebraciones a Leonardo da Vinci de 2019 y la primera retrospectiva dedicada a su primer maestro, Verrocchio.\" \/>\n<meta name=\"robots\" content=\"index, follow, max-snippet:-1, max-image-preview:large, max-video-preview:-1\" \/>\n<link rel=\"canonical\" href=\"https:\/\/www.aparences.net\/es\/actualidad\/exposiciones\/verrocchio-el-maestro-de-leonardo\/\" \/>\n<meta property=\"og:locale\" content=\"es_ES\" \/>\n<meta property=\"og:type\" content=\"article\" \/>\n<meta property=\"og:title\" content=\"Verrocchio, el maestro de Leonardo\" \/>\n<meta property=\"og:description\" content=\"La exposici\u00f3n es uno de los eventos clave de las celebraciones a Leonardo da Vinci de 2019 y la primera retrospectiva dedicada a su primer maestro, Verrocchio.\" \/>\n<meta property=\"og:url\" content=\"https:\/\/www.aparences.net\/es\/actualidad\/exposiciones\/verrocchio-el-maestro-de-leonardo\/\" \/>\n<meta property=\"og:site_name\" content=\"Aparences\" \/>\n<meta property=\"article:published_time\" content=\"2019-05-05T08:24:20+00:00\" \/>\n<meta property=\"article:modified_time\" content=\"2024-09-04T07:59:33+00:00\" \/>\n<meta property=\"og:image\" content=\"https:\/\/www.aparences.net\/wp-content\/uploads\/2019\/05\/florence-palazzo-strozzi-verrocchio.jpg\" \/>\n\t<meta property=\"og:image:width\" content=\"880\" \/>\n\t<meta property=\"og:image:height\" content=\"290\" \/>\n\t<meta property=\"og:image:type\" content=\"image\/jpeg\" \/>\n<meta name=\"author\" content=\"admin\" \/>\n<meta name=\"twitter:card\" content=\"summary_large_image\" \/>\n<meta name=\"twitter:label1\" content=\"Escrito por\" \/>\n\t<meta name=\"twitter:data1\" content=\"admin\" \/>\n\t<meta name=\"twitter:label2\" content=\"Tiempo de lectura\" \/>\n\t<meta name=\"twitter:data2\" content=\"1 minuto\" \/>\n<script type=\"application\/ld+json\" class=\"yoast-schema-graph\">{\"@context\":\"https:\/\/schema.org\",\"@graph\":[{\"@type\":\"Article\",\"@id\":\"https:\/\/www.aparences.net\/es\/actualidad\/exposiciones\/verrocchio-el-maestro-de-leonardo\/#article\",\"isPartOf\":{\"@id\":\"https:\/\/www.aparences.net\/es\/actualidad\/exposiciones\/verrocchio-el-maestro-de-leonardo\/\"},\"author\":{\"name\":\"admin\",\"@id\":\"https:\/\/www.aparences.net\/es\/#\/schema\/person\/af349f6ffc31b16c68963e61268afca5\"},\"headline\":\"Verrocchio, el maestro de Leonardo\",\"datePublished\":\"2019-05-05T08:24:20+00:00\",\"dateModified\":\"2024-09-04T07:59:33+00:00\",\"mainEntityOfPage\":{\"@id\":\"https:\/\/www.aparences.net\/es\/actualidad\/exposiciones\/verrocchio-el-maestro-de-leonardo\/\"},\"wordCount\":304,\"publisher\":{\"@id\":\"https:\/\/www.aparences.net\/es\/#organization\"},\"image\":{\"@id\":\"https:\/\/www.aparences.net\/es\/actualidad\/exposiciones\/verrocchio-el-maestro-de-leonardo\/#primaryimage\"},\"thumbnailUrl\":\"https:\/\/www.aparences.net\/wp-content\/uploads\/2019\/05\/florence-palazzo-strozzi-verrocchio.jpg\",\"keywords\":[\"Featured\"],\"articleSection\":[\"Actualidad\",\"Exposiciones\"],\"inLanguage\":\"es\"},{\"@type\":[\"WebPage\",\"ItemPage\"],\"@id\":\"https:\/\/www.aparences.net\/es\/actualidad\/exposiciones\/verrocchio-el-maestro-de-leonardo\/\",\"url\":\"https:\/\/www.aparences.net\/es\/actualidad\/exposiciones\/verrocchio-el-maestro-de-leonardo\/\",\"name\":\"Verrocchio, el maestro de Leonardo\",\"isPartOf\":{\"@id\":\"https:\/\/www.aparences.net\/es\/#website\"},\"primaryImageOfPage\":{\"@id\":\"https:\/\/www.aparences.net\/es\/actualidad\/exposiciones\/verrocchio-el-maestro-de-leonardo\/#primaryimage\"},\"image\":{\"@id\":\"https:\/\/www.aparences.net\/es\/actualidad\/exposiciones\/verrocchio-el-maestro-de-leonardo\/#primaryimage\"},\"thumbnailUrl\":\"https:\/\/www.aparences.net\/wp-content\/uploads\/2019\/05\/florence-palazzo-strozzi-verrocchio.jpg\",\"datePublished\":\"2019-05-05T08:24:20+00:00\",\"dateModified\":\"2024-09-04T07:59:33+00:00\",\"description\":\"La exposici\u00f3n es uno de los eventos clave de las celebraciones a Leonardo da Vinci de 2019 y la primera retrospectiva dedicada a su primer maestro, Verrocchio.\",\"breadcrumb\":{\"@id\":\"https:\/\/www.aparences.net\/es\/actualidad\/exposiciones\/verrocchio-el-maestro-de-leonardo\/#breadcrumb\"},\"inLanguage\":\"es\",\"potentialAction\":[{\"@type\":\"ReadAction\",\"target\":[\"https:\/\/www.aparences.net\/es\/actualidad\/exposiciones\/verrocchio-el-maestro-de-leonardo\/\"]}]},{\"@type\":\"ImageObject\",\"inLanguage\":\"es\",\"@id\":\"https:\/\/www.aparences.net\/es\/actualidad\/exposiciones\/verrocchio-el-maestro-de-leonardo\/#primaryimage\",\"url\":\"https:\/\/www.aparences.net\/wp-content\/uploads\/2019\/05\/florence-palazzo-strozzi-verrocchio.jpg\",\"contentUrl\":\"https:\/\/www.aparences.net\/wp-content\/uploads\/2019\/05\/florence-palazzo-strozzi-verrocchio.jpg\",\"width\":880,\"height\":290},{\"@type\":\"BreadcrumbList\",\"@id\":\"https:\/\/www.aparences.net\/es\/actualidad\/exposiciones\/verrocchio-el-maestro-de-leonardo\/#breadcrumb\",\"itemListElement\":[{\"@type\":\"ListItem\",\"position\":1,\"name\":\"Portada\",\"item\":\"https:\/\/www.aparences.net\/es\/\"},{\"@type\":\"ListItem\",\"position\":2,\"name\":\"Verrocchio, el maestro de Leonardo\"}]},{\"@type\":\"WebSite\",\"@id\":\"https:\/\/www.aparences.net\/es\/#website\",\"url\":\"https:\/\/www.aparences.net\/es\/\",\"name\":\"Aparences: Historia del Arte y Actualidad Cultural\",\"description\":\"\",\"publisher\":{\"@id\":\"https:\/\/www.aparences.net\/es\/#organization\"},\"potentialAction\":[{\"@type\":\"SearchAction\",\"target\":{\"@type\":\"EntryPoint\",\"urlTemplate\":\"https:\/\/www.aparences.net\/es\/?s={search_term_string}\"},\"query-input\":{\"@type\":\"PropertyValueSpecification\",\"valueRequired\":true,\"valueName\":\"search_term_string\"}}],\"inLanguage\":\"es\"},{\"@type\":\"Organization\",\"@id\":\"https:\/\/www.aparences.net\/es\/#organization\",\"name\":\"Aparences: Historia del Arte y Actualidad Cultural\",\"url\":\"https:\/\/www.aparences.net\/es\/\",\"logo\":{\"@type\":\"ImageObject\",\"inLanguage\":\"es\",\"@id\":\"https:\/\/www.aparences.net\/es\/#\/schema\/logo\/image\/\",\"url\":\"https:\/\/www.aparences.net\/wp-content\/uploads\/2023\/09\/logo-quadrat-color-e1695915315229.png\",\"contentUrl\":\"https:\/\/www.aparences.net\/wp-content\/uploads\/2023\/09\/logo-quadrat-color-e1695915315229.png\",\"width\":120,\"height\":120,\"caption\":\"Aparences: Historia del Arte y Actualidad Cultural\"},\"image\":{\"@id\":\"https:\/\/www.aparences.net\/es\/#\/schema\/logo\/image\/\"}},{\"@type\":\"Person\",\"@id\":\"https:\/\/www.aparences.net\/es\/#\/schema\/person\/af349f6ffc31b16c68963e61268afca5\",\"name\":\"admin\",\"url\":\"https:\/\/www.aparences.net\/es\/author\/admin\/\"}]}<\/script>\n<!-- \/ Yoast SEO plugin. -->","yoast_head_json":{"title":"Verrocchio, el maestro de Leonardo","description":"La exposici\u00f3n es uno de los eventos clave de las celebraciones a Leonardo da Vinci de 2019 y la primera retrospectiva dedicada a su primer maestro, Verrocchio.","robots":{"index":"index","follow":"follow","max-snippet":"max-snippet:-1","max-image-preview":"max-image-preview:large","max-video-preview":"max-video-preview:-1"},"canonical":"https:\/\/www.aparences.net\/es\/actualidad\/exposiciones\/verrocchio-el-maestro-de-leonardo\/","og_locale":"es_ES","og_type":"article","og_title":"Verrocchio, el maestro de Leonardo","og_description":"La exposici\u00f3n es uno de los eventos clave de las celebraciones a Leonardo da Vinci de 2019 y la primera retrospectiva dedicada a su primer maestro, Verrocchio.","og_url":"https:\/\/www.aparences.net\/es\/actualidad\/exposiciones\/verrocchio-el-maestro-de-leonardo\/","og_site_name":"Aparences","article_published_time":"2019-05-05T08:24:20+00:00","article_modified_time":"2024-09-04T07:59:33+00:00","og_image":[{"width":880,"height":290,"url":"https:\/\/www.aparences.net\/wp-content\/uploads\/2019\/05\/florence-palazzo-strozzi-verrocchio.jpg","type":"image\/jpeg"}],"author":"admin","twitter_card":"summary_large_image","twitter_misc":{"Escrito por":"admin","Tiempo de lectura":"1 minuto"},"schema":{"@context":"https:\/\/schema.org","@graph":[{"@type":"Article","@id":"https:\/\/www.aparences.net\/es\/actualidad\/exposiciones\/verrocchio-el-maestro-de-leonardo\/#article","isPartOf":{"@id":"https:\/\/www.aparences.net\/es\/actualidad\/exposiciones\/verrocchio-el-maestro-de-leonardo\/"},"author":{"name":"admin","@id":"https:\/\/www.aparences.net\/es\/#\/schema\/person\/af349f6ffc31b16c68963e61268afca5"},"headline":"Verrocchio, el maestro de Leonardo","datePublished":"2019-05-05T08:24:20+00:00","dateModified":"2024-09-04T07:59:33+00:00","mainEntityOfPage":{"@id":"https:\/\/www.aparences.net\/es\/actualidad\/exposiciones\/verrocchio-el-maestro-de-leonardo\/"},"wordCount":304,"publisher":{"@id":"https:\/\/www.aparences.net\/es\/#organization"},"image":{"@id":"https:\/\/www.aparences.net\/es\/actualidad\/exposiciones\/verrocchio-el-maestro-de-leonardo\/#primaryimage"},"thumbnailUrl":"https:\/\/www.aparences.net\/wp-content\/uploads\/2019\/05\/florence-palazzo-strozzi-verrocchio.jpg","keywords":["Featured"],"articleSection":["Actualidad","Exposiciones"],"inLanguage":"es"},{"@type":["WebPage","ItemPage"],"@id":"https:\/\/www.aparences.net\/es\/actualidad\/exposiciones\/verrocchio-el-maestro-de-leonardo\/","url":"https:\/\/www.aparences.net\/es\/actualidad\/exposiciones\/verrocchio-el-maestro-de-leonardo\/","name":"Verrocchio, el maestro de Leonardo","isPartOf":{"@id":"https:\/\/www.aparences.net\/es\/#website"},"primaryImageOfPage":{"@id":"https:\/\/www.aparences.net\/es\/actualidad\/exposiciones\/verrocchio-el-maestro-de-leonardo\/#primaryimage"},"image":{"@id":"https:\/\/www.aparences.net\/es\/actualidad\/exposiciones\/verrocchio-el-maestro-de-leonardo\/#primaryimage"},"thumbnailUrl":"https:\/\/www.aparences.net\/wp-content\/uploads\/2019\/05\/florence-palazzo-strozzi-verrocchio.jpg","datePublished":"2019-05-05T08:24:20+00:00","dateModified":"2024-09-04T07:59:33+00:00","description":"La exposici\u00f3n es uno de los eventos clave de las celebraciones a Leonardo da Vinci de 2019 y la primera retrospectiva dedicada a su primer maestro, Verrocchio.","breadcrumb":{"@id":"https:\/\/www.aparences.net\/es\/actualidad\/exposiciones\/verrocchio-el-maestro-de-leonardo\/#breadcrumb"},"inLanguage":"es","potentialAction":[{"@type":"ReadAction","target":["https:\/\/www.aparences.net\/es\/actualidad\/exposiciones\/verrocchio-el-maestro-de-leonardo\/"]}]},{"@type":"ImageObject","inLanguage":"es","@id":"https:\/\/www.aparences.net\/es\/actualidad\/exposiciones\/verrocchio-el-maestro-de-leonardo\/#primaryimage","url":"https:\/\/www.aparences.net\/wp-content\/uploads\/2019\/05\/florence-palazzo-strozzi-verrocchio.jpg","contentUrl":"https:\/\/www.aparences.net\/wp-content\/uploads\/2019\/05\/florence-palazzo-strozzi-verrocchio.jpg","width":880,"height":290},{"@type":"BreadcrumbList","@id":"https:\/\/www.aparences.net\/es\/actualidad\/exposiciones\/verrocchio-el-maestro-de-leonardo\/#breadcrumb","itemListElement":[{"@type":"ListItem","position":1,"name":"Portada","item":"https:\/\/www.aparences.net\/es\/"},{"@type":"ListItem","position":2,"name":"Verrocchio, el maestro de Leonardo"}]},{"@type":"WebSite","@id":"https:\/\/www.aparences.net\/es\/#website","url":"https:\/\/www.aparences.net\/es\/","name":"Aparences: Historia del Arte y Actualidad Cultural","description":"","publisher":{"@id":"https:\/\/www.aparences.net\/es\/#organization"},"potentialAction":[{"@type":"SearchAction","target":{"@type":"EntryPoint","urlTemplate":"https:\/\/www.aparences.net\/es\/?s={search_term_string}"},"query-input":{"@type":"PropertyValueSpecification","valueRequired":true,"valueName":"search_term_string"}}],"inLanguage":"es"},{"@type":"Organization","@id":"https:\/\/www.aparences.net\/es\/#organization","name":"Aparences: Historia del Arte y Actualidad Cultural","url":"https:\/\/www.aparences.net\/es\/","logo":{"@type":"ImageObject","inLanguage":"es","@id":"https:\/\/www.aparences.net\/es\/#\/schema\/logo\/image\/","url":"https:\/\/www.aparences.net\/wp-content\/uploads\/2023\/09\/logo-quadrat-color-e1695915315229.png","contentUrl":"https:\/\/www.aparences.net\/wp-content\/uploads\/2023\/09\/logo-quadrat-color-e1695915315229.png","width":120,"height":120,"caption":"Aparences: Historia del Arte y Actualidad Cultural"},"image":{"@id":"https:\/\/www.aparences.net\/es\/#\/schema\/logo\/image\/"}},{"@type":"Person","@id":"https:\/\/www.aparences.net\/es\/#\/schema\/person\/af349f6ffc31b16c68963e61268afca5","name":"admin","url":"https:\/\/www.aparences.net\/es\/author\/admin\/"}]}},"_links":{"self":[{"href":"https:\/\/www.aparences.net\/es\/wp-json\/wp\/v2\/posts\/13863","targetHints":{"allow":["GET"]}}],"collection":[{"href":"https:\/\/www.aparences.net\/es\/wp-json\/wp\/v2\/posts"}],"about":[{"href":"https:\/\/www.aparences.net\/es\/wp-json\/wp\/v2\/types\/post"}],"author":[{"embeddable":true,"href":"https:\/\/www.aparences.net\/es\/wp-json\/wp\/v2\/users\/2"}],"replies":[{"embeddable":true,"href":"https:\/\/www.aparences.net\/es\/wp-json\/wp\/v2\/comments?post=13863"}],"version-history":[{"count":0,"href":"https:\/\/www.aparences.net\/es\/wp-json\/wp\/v2\/posts\/13863\/revisions"}],"wp:featuredmedia":[{"embeddable":true,"href":"https:\/\/www.aparences.net\/es\/wp-json\/wp\/v2\/media\/18804"}],"wp:attachment":[{"href":"https:\/\/www.aparences.net\/es\/wp-json\/wp\/v2\/media?parent=13863"}],"wp:term":[{"taxonomy":"category","embeddable":true,"href":"https:\/\/www.aparences.net\/es\/wp-json\/wp\/v2\/categories?post=13863"},{"taxonomy":"post_tag","embeddable":true,"href":"https:\/\/www.aparences.net\/es\/wp-json\/wp\/v2\/tags?post=13863"}],"curies":[{"name":"wp","href":"https:\/\/api.w.org\/{rel}","templated":true}]}}