{"id":13865,"date":"2019-06-10T08:39:53","date_gmt":"2019-06-10T06:39:53","guid":{"rendered":"https:\/\/www.aparences.net\/actualites\/expositions\/raoul-dufy-en-el-havre\/"},"modified":"2024-09-04T10:02:51","modified_gmt":"2024-09-04T08:02:51","slug":"raoul-dufy-en-el-havre","status":"publish","type":"post","link":"https:\/\/www.aparences.net\/es\/actualidad\/exposiciones\/raoul-dufy-en-el-havre\/","title":{"rendered":"Raoul Dufy en el Havre"},"content":{"rendered":"\n<p>Con la exposici\u00f3n Raoul Dufy en Le Havre, <a href=\"https:\/\/www.muma-lehavre.fr\/fr\/expositions\/dufy-au-havre\">el MuMa<\/a> de esta ciudad de la costa normanda revisita la obra de Dufy bajo una nueva perspectiva. Considerado uno de los grandes artistas del siglo XX, Dufy naci\u00f3 en Le Havre en 1877 y toda su vida seguir\u00e1 profundamente vinculado a esta ciudad convirtiendo su paisaje mar\u00edtimo en el tema de muchas de sus obras. Por otro lado, Le Havre representa las numerosas investigaciones de Dufy en el campo de la luz y el color. Desde sus primeras <a href=\"https:\/\/www.aparences.net\/es\/periodos\/impresionismo-3\/\">obras impresionistas<\/a> hasta la \u00faltima serie <em>Cargos negros<\/em>, Dufy fue experimentando con diversas tendencias como <a href=\"https:\/\/www.aparences.net\/es\/periodos\/realisme-periodes\/el-estilo-realista\/\">el realismo<\/a>, <a href=\"https:\/\/www.aparences.net\/es\/periodos\/arte-moderno\/el-fauvismo\/\">el fauvismo<\/a>, <a href=\"https:\/\/www.aparences.net\/es\/periodos\/postimpresionismo\/paul-cezanne\/\">el cezannismo<\/a>, y lo que podr\u00eda llamarse el \u00abper\u00edodo azul\u00bb del per\u00edodo de entreguerras. Las pinturas y acuarelas realizadas en diferentes \u00e9pocas revelan un cambio fascinante en la relaci\u00f3n de Dufy con el tema del cuadro: primero reproducido fielmente, el paisaje de la bah\u00eda del Havre y de Sainte-Adresse se recompone, se sintetiza de forma progresiva hasta volver a reinventarse. Al final de su vida, lejos de su ciudad, Dufy retomar\u00e1 sin cesar el mismo motivo, hasta convertirlo en un verdadero paisaje de su mundo interior.<\/p>\n\n\n<div class=\"wp-block-image\">\n<figure class=\"aligncenter\"><img loading=\"lazy\" decoding=\"async\" width=\"517\" height=\"400\" src=\"https:\/\/www.aparences.net\/wp-content\/uploads\/2019\/06\/raoul-dufy-cargo-noir.jpg\" alt=\"Cargo noir \u00e0 Sainte Adresse, c. 1948-1952, Raoul Duffy, Par\u00eds, Centro Pompidou-MNAM\" class=\"wp-image-18806\" title=\"Cargo noir \u00e0 Sainte Adresse, c. 1948-1952, Raoul Duffy, Par\u00eds, Centro Pompidou-MNAM\" srcset=\"https:\/\/www.aparences.net\/wp-content\/uploads\/2019\/06\/raoul-dufy-cargo-noir.jpg 517w, https:\/\/www.aparences.net\/wp-content\/uploads\/2019\/06\/raoul-dufy-cargo-noir-300x232.jpg 300w\" sizes=\"auto, (max-width: 517px) 100vw, 517px\" \/><figcaption class=\"wp-element-caption\"><em><strong>Cargo noir \u00e0 Sainte Adresse<\/strong>, c. 1948-1952, <strong>Raoul Duffy<\/strong><\/em><br><em> (Par\u00eds, Centro Pompidou-MNAM)<\/em><\/figcaption><\/figure>\n<\/div>\n\n\n<p>Le Havre fue la cuna de los primeros experimentos de Dufy. El puerto y su estaci\u00f3n balnearia ocupan un lugar prominente en la obra del artista. El Havre no es solo una ciudad, es tambi\u00e9n un ambiente. M\u00e1s all\u00e1 de la arquitectura de la que solo retiene algunos elementos, es la atm\u00f3sfera de la vida portuaria y de ocio lo que retiene su inter\u00e9s: el puerto y sus muelles, el casino, la playa, y el espect\u00e1culo visual de embarcaciones y ba\u00f1istas.<\/p>\n\n\n<div class=\"wp-block-image\">\n<figure class=\"aligncenter\"><img loading=\"lazy\" decoding=\"async\" width=\"282\" height=\"430\" src=\"https:\/\/www.aparences.net\/wp-content\/uploads\/2019\/06\/raoul-dufy-les-baigneuses.jpg\" alt=\"Las Trois Baigneuses, 1919, Raoul Dufy, Par\u00eds, Centro Pompidou-MNAM\" class=\"wp-image-18807\" title=\"Las Trois Baigneuses, 1919, Raoul Dufy, Par\u00eds, Centro Pompidou-MNAM\" srcset=\"https:\/\/www.aparences.net\/wp-content\/uploads\/2019\/06\/raoul-dufy-les-baigneuses.jpg 282w, https:\/\/www.aparences.net\/wp-content\/uploads\/2019\/06\/raoul-dufy-les-baigneuses-197x300.jpg 197w\" sizes=\"auto, (max-width: 282px) 100vw, 282px\" \/><figcaption class=\"wp-element-caption\"><em><strong>Las Trois Baigneuses<\/strong>, 1919, <strong>Raoul Dufy<\/strong> (Par\u00eds, Centro Pompidou-MNAM)<\/em><\/figcaption><\/figure>\n<\/div>\n\n\n<p>Esta exposici\u00f3n re\u00fane 90 obras procedentes de la colecci\u00f3n del museo, y de importantes colecciones p\u00fablicas francesas y extranjeras (Centro Georges Pompidou, Museo de Arte Moderno de la Ciudad de Par\u00eds, CNAP, Museos de Bellas Artes de Lyon, de Nancy, de Niza, Museos Reales de Bellas Artes de B\u00e9lgica, Museo de Bellas Artes de Lieja, el Gemeentemuseum, la Fundaci\u00f3n Singer en los Pa\u00edses Bajos, Milwaukee Art Museum &#8230;) y de numerosas colecciones privadas (Alemania, B\u00e9lgica, Estados Unidos, Francia, Grecia, Luxemburgo &#8230;).<\/p>\n","protected":false},"excerpt":{"rendered":"<p>Le Havre representa las numerosas investigaciones de Dufy en el campo de la luz y el color.<\/p>\n","protected":false},"author":2,"featured_media":18805,"comment_status":"closed","ping_status":"closed","sticky":false,"template":"","format":"standard","meta":{"footnotes":""},"categories":[2368,2605],"tags":[3187],"class_list":["post-13865","post","type-post","status-publish","format-standard","has-post-thumbnail","hentry","category-actualidad","category-exposiciones","tag-featured-es"],"yoast_head":"<!-- This site is optimized with the Yoast SEO plugin v27.2 - https:\/\/yoast.com\/product\/yoast-seo-wordpress\/ -->\n<title>Raoul Dufy en el Havre<\/title>\n<meta name=\"description\" content=\"Le Havre representa las numerosas investigaciones de Dufy en el campo de la luz y el color.\" \/>\n<meta name=\"robots\" content=\"index, follow, max-snippet:-1, max-image-preview:large, max-video-preview:-1\" \/>\n<link rel=\"canonical\" href=\"https:\/\/www.aparences.net\/es\/actualidad\/exposiciones\/raoul-dufy-en-el-havre\/\" \/>\n<meta property=\"og:locale\" content=\"es_ES\" \/>\n<meta property=\"og:type\" content=\"article\" \/>\n<meta property=\"og:title\" content=\"Raoul Dufy en el Havre\" \/>\n<meta property=\"og:description\" content=\"Le Havre representa las numerosas investigaciones de Dufy en el campo de la luz y el color.\" \/>\n<meta property=\"og:url\" content=\"https:\/\/www.aparences.net\/es\/actualidad\/exposiciones\/raoul-dufy-en-el-havre\/\" \/>\n<meta property=\"og:site_name\" content=\"Aparences\" \/>\n<meta property=\"article:published_time\" content=\"2019-06-10T06:39:53+00:00\" \/>\n<meta property=\"article:modified_time\" content=\"2024-09-04T08:02:51+00:00\" \/>\n<meta property=\"og:image\" content=\"https:\/\/www.aparences.net\/wp-content\/uploads\/2019\/06\/muma-havre-raoul-dufy.jpg\" \/>\n\t<meta property=\"og:image:width\" content=\"880\" \/>\n\t<meta property=\"og:image:height\" content=\"290\" \/>\n\t<meta property=\"og:image:type\" content=\"image\/jpeg\" \/>\n<meta name=\"author\" content=\"admin\" \/>\n<meta name=\"twitter:card\" content=\"summary_large_image\" \/>\n<meta name=\"twitter:label1\" content=\"Escrito por\" \/>\n\t<meta name=\"twitter:data1\" content=\"admin\" \/>\n\t<meta name=\"twitter:label2\" content=\"Tiempo de lectura\" \/>\n\t<meta name=\"twitter:data2\" content=\"2 minutos\" \/>\n<script type=\"application\/ld+json\" class=\"yoast-schema-graph\">{\"@context\":\"https:\/\/schema.org\",\"@graph\":[{\"@type\":\"Article\",\"@id\":\"https:\/\/www.aparences.net\/es\/actualidad\/exposiciones\/raoul-dufy-en-el-havre\/#article\",\"isPartOf\":{\"@id\":\"https:\/\/www.aparences.net\/es\/actualidad\/exposiciones\/raoul-dufy-en-el-havre\/\"},\"author\":{\"name\":\"admin\",\"@id\":\"https:\/\/www.aparences.net\/es\/#\/schema\/person\/af349f6ffc31b16c68963e61268afca5\"},\"headline\":\"Raoul Dufy en el Havre\",\"datePublished\":\"2019-06-10T06:39:53+00:00\",\"dateModified\":\"2024-09-04T08:02:51+00:00\",\"mainEntityOfPage\":{\"@id\":\"https:\/\/www.aparences.net\/es\/actualidad\/exposiciones\/raoul-dufy-en-el-havre\/\"},\"wordCount\":399,\"publisher\":{\"@id\":\"https:\/\/www.aparences.net\/es\/#organization\"},\"image\":{\"@id\":\"https:\/\/www.aparences.net\/es\/actualidad\/exposiciones\/raoul-dufy-en-el-havre\/#primaryimage\"},\"thumbnailUrl\":\"https:\/\/www.aparences.net\/wp-content\/uploads\/2019\/06\/muma-havre-raoul-dufy.jpg\",\"keywords\":[\"Featured\"],\"articleSection\":[\"Actualidad\",\"Exposiciones\"],\"inLanguage\":\"es\"},{\"@type\":[\"WebPage\",\"ItemPage\"],\"@id\":\"https:\/\/www.aparences.net\/es\/actualidad\/exposiciones\/raoul-dufy-en-el-havre\/\",\"url\":\"https:\/\/www.aparences.net\/es\/actualidad\/exposiciones\/raoul-dufy-en-el-havre\/\",\"name\":\"Raoul Dufy en el Havre\",\"isPartOf\":{\"@id\":\"https:\/\/www.aparences.net\/es\/#website\"},\"primaryImageOfPage\":{\"@id\":\"https:\/\/www.aparences.net\/es\/actualidad\/exposiciones\/raoul-dufy-en-el-havre\/#primaryimage\"},\"image\":{\"@id\":\"https:\/\/www.aparences.net\/es\/actualidad\/exposiciones\/raoul-dufy-en-el-havre\/#primaryimage\"},\"thumbnailUrl\":\"https:\/\/www.aparences.net\/wp-content\/uploads\/2019\/06\/muma-havre-raoul-dufy.jpg\",\"datePublished\":\"2019-06-10T06:39:53+00:00\",\"dateModified\":\"2024-09-04T08:02:51+00:00\",\"description\":\"Le Havre representa las numerosas investigaciones de Dufy en el campo de la luz y el color.\",\"breadcrumb\":{\"@id\":\"https:\/\/www.aparences.net\/es\/actualidad\/exposiciones\/raoul-dufy-en-el-havre\/#breadcrumb\"},\"inLanguage\":\"es\",\"potentialAction\":[{\"@type\":\"ReadAction\",\"target\":[\"https:\/\/www.aparences.net\/es\/actualidad\/exposiciones\/raoul-dufy-en-el-havre\/\"]}]},{\"@type\":\"ImageObject\",\"inLanguage\":\"es\",\"@id\":\"https:\/\/www.aparences.net\/es\/actualidad\/exposiciones\/raoul-dufy-en-el-havre\/#primaryimage\",\"url\":\"https:\/\/www.aparences.net\/wp-content\/uploads\/2019\/06\/muma-havre-raoul-dufy.jpg\",\"contentUrl\":\"https:\/\/www.aparences.net\/wp-content\/uploads\/2019\/06\/muma-havre-raoul-dufy.jpg\",\"width\":880,\"height\":290},{\"@type\":\"BreadcrumbList\",\"@id\":\"https:\/\/www.aparences.net\/es\/actualidad\/exposiciones\/raoul-dufy-en-el-havre\/#breadcrumb\",\"itemListElement\":[{\"@type\":\"ListItem\",\"position\":1,\"name\":\"Portada\",\"item\":\"https:\/\/www.aparences.net\/es\/\"},{\"@type\":\"ListItem\",\"position\":2,\"name\":\"Raoul Dufy en el Havre\"}]},{\"@type\":\"WebSite\",\"@id\":\"https:\/\/www.aparences.net\/es\/#website\",\"url\":\"https:\/\/www.aparences.net\/es\/\",\"name\":\"Aparences: Historia del Arte y Actualidad Cultural\",\"description\":\"\",\"publisher\":{\"@id\":\"https:\/\/www.aparences.net\/es\/#organization\"},\"potentialAction\":[{\"@type\":\"SearchAction\",\"target\":{\"@type\":\"EntryPoint\",\"urlTemplate\":\"https:\/\/www.aparences.net\/es\/?s={search_term_string}\"},\"query-input\":{\"@type\":\"PropertyValueSpecification\",\"valueRequired\":true,\"valueName\":\"search_term_string\"}}],\"inLanguage\":\"es\"},{\"@type\":\"Organization\",\"@id\":\"https:\/\/www.aparences.net\/es\/#organization\",\"name\":\"Aparences: Historia del Arte y Actualidad Cultural\",\"url\":\"https:\/\/www.aparences.net\/es\/\",\"logo\":{\"@type\":\"ImageObject\",\"inLanguage\":\"es\",\"@id\":\"https:\/\/www.aparences.net\/es\/#\/schema\/logo\/image\/\",\"url\":\"https:\/\/www.aparences.net\/wp-content\/uploads\/2023\/09\/logo-quadrat-color-e1695915315229.png\",\"contentUrl\":\"https:\/\/www.aparences.net\/wp-content\/uploads\/2023\/09\/logo-quadrat-color-e1695915315229.png\",\"width\":120,\"height\":120,\"caption\":\"Aparences: Historia del Arte y Actualidad Cultural\"},\"image\":{\"@id\":\"https:\/\/www.aparences.net\/es\/#\/schema\/logo\/image\/\"}},{\"@type\":\"Person\",\"@id\":\"https:\/\/www.aparences.net\/es\/#\/schema\/person\/af349f6ffc31b16c68963e61268afca5\",\"name\":\"admin\",\"url\":\"https:\/\/www.aparences.net\/es\/author\/admin\/\"}]}<\/script>\n<!-- \/ Yoast SEO plugin. -->","yoast_head_json":{"title":"Raoul Dufy en el Havre","description":"Le Havre representa las numerosas investigaciones de Dufy en el campo de la luz y el color.","robots":{"index":"index","follow":"follow","max-snippet":"max-snippet:-1","max-image-preview":"max-image-preview:large","max-video-preview":"max-video-preview:-1"},"canonical":"https:\/\/www.aparences.net\/es\/actualidad\/exposiciones\/raoul-dufy-en-el-havre\/","og_locale":"es_ES","og_type":"article","og_title":"Raoul Dufy en el Havre","og_description":"Le Havre representa las numerosas investigaciones de Dufy en el campo de la luz y el color.","og_url":"https:\/\/www.aparences.net\/es\/actualidad\/exposiciones\/raoul-dufy-en-el-havre\/","og_site_name":"Aparences","article_published_time":"2019-06-10T06:39:53+00:00","article_modified_time":"2024-09-04T08:02:51+00:00","og_image":[{"width":880,"height":290,"url":"https:\/\/www.aparences.net\/wp-content\/uploads\/2019\/06\/muma-havre-raoul-dufy.jpg","type":"image\/jpeg"}],"author":"admin","twitter_card":"summary_large_image","twitter_misc":{"Escrito por":"admin","Tiempo de lectura":"2 minutos"},"schema":{"@context":"https:\/\/schema.org","@graph":[{"@type":"Article","@id":"https:\/\/www.aparences.net\/es\/actualidad\/exposiciones\/raoul-dufy-en-el-havre\/#article","isPartOf":{"@id":"https:\/\/www.aparences.net\/es\/actualidad\/exposiciones\/raoul-dufy-en-el-havre\/"},"author":{"name":"admin","@id":"https:\/\/www.aparences.net\/es\/#\/schema\/person\/af349f6ffc31b16c68963e61268afca5"},"headline":"Raoul Dufy en el Havre","datePublished":"2019-06-10T06:39:53+00:00","dateModified":"2024-09-04T08:02:51+00:00","mainEntityOfPage":{"@id":"https:\/\/www.aparences.net\/es\/actualidad\/exposiciones\/raoul-dufy-en-el-havre\/"},"wordCount":399,"publisher":{"@id":"https:\/\/www.aparences.net\/es\/#organization"},"image":{"@id":"https:\/\/www.aparences.net\/es\/actualidad\/exposiciones\/raoul-dufy-en-el-havre\/#primaryimage"},"thumbnailUrl":"https:\/\/www.aparences.net\/wp-content\/uploads\/2019\/06\/muma-havre-raoul-dufy.jpg","keywords":["Featured"],"articleSection":["Actualidad","Exposiciones"],"inLanguage":"es"},{"@type":["WebPage","ItemPage"],"@id":"https:\/\/www.aparences.net\/es\/actualidad\/exposiciones\/raoul-dufy-en-el-havre\/","url":"https:\/\/www.aparences.net\/es\/actualidad\/exposiciones\/raoul-dufy-en-el-havre\/","name":"Raoul Dufy en el Havre","isPartOf":{"@id":"https:\/\/www.aparences.net\/es\/#website"},"primaryImageOfPage":{"@id":"https:\/\/www.aparences.net\/es\/actualidad\/exposiciones\/raoul-dufy-en-el-havre\/#primaryimage"},"image":{"@id":"https:\/\/www.aparences.net\/es\/actualidad\/exposiciones\/raoul-dufy-en-el-havre\/#primaryimage"},"thumbnailUrl":"https:\/\/www.aparences.net\/wp-content\/uploads\/2019\/06\/muma-havre-raoul-dufy.jpg","datePublished":"2019-06-10T06:39:53+00:00","dateModified":"2024-09-04T08:02:51+00:00","description":"Le Havre representa las numerosas investigaciones de Dufy en el campo de la luz y el color.","breadcrumb":{"@id":"https:\/\/www.aparences.net\/es\/actualidad\/exposiciones\/raoul-dufy-en-el-havre\/#breadcrumb"},"inLanguage":"es","potentialAction":[{"@type":"ReadAction","target":["https:\/\/www.aparences.net\/es\/actualidad\/exposiciones\/raoul-dufy-en-el-havre\/"]}]},{"@type":"ImageObject","inLanguage":"es","@id":"https:\/\/www.aparences.net\/es\/actualidad\/exposiciones\/raoul-dufy-en-el-havre\/#primaryimage","url":"https:\/\/www.aparences.net\/wp-content\/uploads\/2019\/06\/muma-havre-raoul-dufy.jpg","contentUrl":"https:\/\/www.aparences.net\/wp-content\/uploads\/2019\/06\/muma-havre-raoul-dufy.jpg","width":880,"height":290},{"@type":"BreadcrumbList","@id":"https:\/\/www.aparences.net\/es\/actualidad\/exposiciones\/raoul-dufy-en-el-havre\/#breadcrumb","itemListElement":[{"@type":"ListItem","position":1,"name":"Portada","item":"https:\/\/www.aparences.net\/es\/"},{"@type":"ListItem","position":2,"name":"Raoul Dufy en el Havre"}]},{"@type":"WebSite","@id":"https:\/\/www.aparences.net\/es\/#website","url":"https:\/\/www.aparences.net\/es\/","name":"Aparences: Historia del Arte y Actualidad Cultural","description":"","publisher":{"@id":"https:\/\/www.aparences.net\/es\/#organization"},"potentialAction":[{"@type":"SearchAction","target":{"@type":"EntryPoint","urlTemplate":"https:\/\/www.aparences.net\/es\/?s={search_term_string}"},"query-input":{"@type":"PropertyValueSpecification","valueRequired":true,"valueName":"search_term_string"}}],"inLanguage":"es"},{"@type":"Organization","@id":"https:\/\/www.aparences.net\/es\/#organization","name":"Aparences: Historia del Arte y Actualidad Cultural","url":"https:\/\/www.aparences.net\/es\/","logo":{"@type":"ImageObject","inLanguage":"es","@id":"https:\/\/www.aparences.net\/es\/#\/schema\/logo\/image\/","url":"https:\/\/www.aparences.net\/wp-content\/uploads\/2023\/09\/logo-quadrat-color-e1695915315229.png","contentUrl":"https:\/\/www.aparences.net\/wp-content\/uploads\/2023\/09\/logo-quadrat-color-e1695915315229.png","width":120,"height":120,"caption":"Aparences: Historia del Arte y Actualidad Cultural"},"image":{"@id":"https:\/\/www.aparences.net\/es\/#\/schema\/logo\/image\/"}},{"@type":"Person","@id":"https:\/\/www.aparences.net\/es\/#\/schema\/person\/af349f6ffc31b16c68963e61268afca5","name":"admin","url":"https:\/\/www.aparences.net\/es\/author\/admin\/"}]}},"_links":{"self":[{"href":"https:\/\/www.aparences.net\/es\/wp-json\/wp\/v2\/posts\/13865","targetHints":{"allow":["GET"]}}],"collection":[{"href":"https:\/\/www.aparences.net\/es\/wp-json\/wp\/v2\/posts"}],"about":[{"href":"https:\/\/www.aparences.net\/es\/wp-json\/wp\/v2\/types\/post"}],"author":[{"embeddable":true,"href":"https:\/\/www.aparences.net\/es\/wp-json\/wp\/v2\/users\/2"}],"replies":[{"embeddable":true,"href":"https:\/\/www.aparences.net\/es\/wp-json\/wp\/v2\/comments?post=13865"}],"version-history":[{"count":0,"href":"https:\/\/www.aparences.net\/es\/wp-json\/wp\/v2\/posts\/13865\/revisions"}],"wp:featuredmedia":[{"embeddable":true,"href":"https:\/\/www.aparences.net\/es\/wp-json\/wp\/v2\/media\/18805"}],"wp:attachment":[{"href":"https:\/\/www.aparences.net\/es\/wp-json\/wp\/v2\/media?parent=13865"}],"wp:term":[{"taxonomy":"category","embeddable":true,"href":"https:\/\/www.aparences.net\/es\/wp-json\/wp\/v2\/categories?post=13865"},{"taxonomy":"post_tag","embeddable":true,"href":"https:\/\/www.aparences.net\/es\/wp-json\/wp\/v2\/tags?post=13865"}],"curies":[{"name":"wp","href":"https:\/\/api.w.org\/{rel}","templated":true}]}}