{"id":13867,"date":"2019-06-23T17:39:45","date_gmt":"2019-06-23T15:39:45","guid":{"rendered":"https:\/\/www.aparences.net\/ecoles\/ecole-de-barbizon\/jean-francois-millet\/"},"modified":"2025-12-11T19:40:56","modified_gmt":"2025-12-11T18:40:56","slug":"jean-francois-millet-2","status":"publish","type":"post","link":"https:\/\/www.aparences.net\/es\/escuelas\/la-escuela-de-barbizon\/jean-francois-millet-2\/","title":{"rendered":"Jean-Fran\u00e7ois Millet"},"content":{"rendered":"<p><!--contents--><\/p>\n\n\n<h2 class=\"wp-block-heading\">Millet, pintor de campesinos<\/h2>\n\n\n\n<p>Jean-Fran\u00e7ois Millet naci\u00f3 en 1814 en una familia campesina en Gruchy, Normand\u00eda, y pas\u00f3 la mayor parte de su carrera de pintor (entre 1849 y 1875) en Barbizon, un peque\u00f1o pueblo cerca del bosque de Fontainebleau. Y, sin embargo, fue uno de los artistas m\u00e1s instruidos del siglo XIX. Alumno del cura del pueblo, aprendi\u00f3 a leer la Biblia y Virgilio en lat\u00edn. A los 23 a\u00f1os se fue a Par\u00eds, frecuent\u00f3 la Biblioth\u00e8que Sainte-Genevi\u00e8ve donde pasaba muchas horas leyendo las <em>Vidas de artistas<\/em> de Vasari, y las cartas de su compatriota, el normando <a href=\"https:\/\/www.aparences.net\/es\/periodos\/pintura-francesa-del-siglo-vii\/nicolas-poussin-el-paisaje-historico\/\">Nicol\u00e1s Poussin<\/a>, el pintor cl\u00e1sico del siglo XVII.<\/p>\n\n\n\n<p> Pas\u00f3 meses en el Louvre en contacto con el gran arte del pasado, desde la estatuaria cl\u00e1sica hasta sus antecedentes franceses m\u00e1s inmediatos. Sin embargo, la obra de Millet lo coloca en el moderno concepto de arte. Hab\u00eda experimentado el fen\u00f3meno social generalizado del \u00e9xodo rural, cuando renunciando a la vida campesina se fue a Par\u00eds para convertirse en un pintor profesional. De regreso al campo en 1849, se instal\u00f3 en el <a href=\"https:\/\/www.aparences.net\/es\/escuelas\/escuela-de-barbizon\/los-pintores-de-barbizon\/\">pueblo de Barbizon<\/a>, y pudo pintar del natural, al aire libre siguiendo los pasos de Theodore Rousseau y Charles Jacque instalados all\u00ed desde hac\u00eda tiempo. <strong>Los temas elegidos por Millet, una fusi\u00f3n entre la vida campesina y el paisaje<\/strong> natural, se puede encontrar en la obra de artistas contempor\u00e1neos, especialmente en <a href=\"https:\/\/www.aparences.net\/es\/periodos\/realisme-periodes\/gustave-courbet\/\">Gustave Courbet<\/a> (1819-1877).<\/p>\n\n\n<div class=\"wp-block-image\">\n<figure class=\"aligncenter\"><img loading=\"lazy\" decoding=\"async\" width=\"345\" height=\"460\" src=\"https:\/\/www.aparences.net\/wp-content\/uploads\/2019\/06\/millet-la-famille-du-paysan.jpg\" alt=\"Jean-Fran\u00e7ois Millet, La familia del campesino, 1871-1872\" class=\"wp-image-18824\" title=\"Jean Fran\u00e7ois Millet, La familia del campesino, 1871-1872\" srcset=\"https:\/\/www.aparences.net\/wp-content\/uploads\/2019\/06\/millet-la-famille-du-paysan.jpg 345w, https:\/\/www.aparences.net\/wp-content\/uploads\/2019\/06\/millet-la-famille-du-paysan-225x300.jpg 225w\" sizes=\"auto, (max-width: 345px) 100vw, 345px\" \/><figcaption class=\"wp-element-caption\"><em><strong>La familia del campesino<\/strong>, 1871-1872 <\/em><br><em>(Par\u00eds, Museo de Orsay)<\/em><br><\/figcaption><\/figure>\n<\/div>\n\n\n<p class=\"has-text-align-left\">Cuando Millet pint\u00f3 su primera gran figura campesina, <em>Un Vanneur<\/em> (Un aventador) (1847-1848), ya ten\u00eda detr\u00e1s de \u00e9l m\u00e1s de diez a\u00f1os de pr\u00e1ctica art\u00edstica. Las obras que datan del primer per\u00edodo del artista pueden de alguna manera sorprender, muy alejadas de lo que marcar\u00e1 y definir\u00e1 para la posteridad el estilo de Millet, y consisten principalmente en retratos y peque\u00f1os cuadros siguiendo el estilo del siglo XVIII. Aunque estas obras ten\u00edan una funci\u00f3n alimenticia, no deber\u00edan considerarse como anecd\u00f3ticas. Dan cuenta de su asimilaci\u00f3n de un conjunto de referencias pict\u00f3ricas y contribuyeron a la elaboraci\u00f3n de su vocabulario art\u00edstico.<\/p>\n\n\n<div class=\"wp-block-image\">\n<figure class=\"aligncenter\"><img loading=\"lazy\" decoding=\"async\" width=\"590\" height=\"457\" src=\"https:\/\/www.aparences.net\/wp-content\/uploads\/2019\/06\/millet-a-l-abri-de-l-orage-vers-1846-new-york-MET.jpg\" alt=\"Jean-Fran\u00e7ois Millet, Al abrigo de la tormenta, c. 1846, \u00f3leo sobre lienzo, 46.4 x 38.1, Nueva York, Metropolitan Museum of Art\" class=\"wp-image-18825\" title=\"Jean-Fran\u00e7ois Millet, Al abrigo de la tormenta, c. 1846, \u00f3leo sobre lienzo, 46.4 x 38.1, Nueva York, Metropolitan Museum of Art\" srcset=\"https:\/\/www.aparences.net\/wp-content\/uploads\/2019\/06\/millet-a-l-abri-de-l-orage-vers-1846-new-york-MET.jpg 590w, https:\/\/www.aparences.net\/wp-content\/uploads\/2019\/06\/millet-a-l-abri-de-l-orage-vers-1846-new-york-MET-300x232.jpg 300w\" sizes=\"auto, (max-width: 590px) 100vw, 590px\" \/><figcaption class=\"wp-element-caption\"><em><strong>Al abrigo de la tormenta<\/strong>, c. 1846, \u00f3leo sobre lienzo, 46.4 x 38.1 <\/em><br><em>(Nueva York, Metropolitan Museum of Art)<\/em><\/figcaption><\/figure>\n<\/div>\n\n<div class=\"wp-block-image\">\n<figure class=\"aligncenter\"><img loading=\"lazy\" decoding=\"async\" width=\"369\" height=\"460\" src=\"https:\/\/www.aparences.net\/wp-content\/uploads\/2019\/06\/millet-portrait-pauline-ono-vers-1841-42-cherbourg.jpg\" alt=\"Jean-Fran\u00e7ois Millet, Pauline Ono vestida de azul, c. 1841-1842\" class=\"wp-image-18826\" title=\"Jean-Fran\u00e7ois Millet, Pauline Ono vestida de azul, c. 1841-1842\" srcset=\"https:\/\/www.aparences.net\/wp-content\/uploads\/2019\/06\/millet-portrait-pauline-ono-vers-1841-42-cherbourg.jpg 369w, https:\/\/www.aparences.net\/wp-content\/uploads\/2019\/06\/millet-portrait-pauline-ono-vers-1841-42-cherbourg-241x300.jpg 241w\" sizes=\"auto, (max-width: 369px) 100vw, 369px\" \/><figcaption class=\"wp-element-caption\"><em><strong>Pauline Ono vestida de azul<\/strong>, c. 1841-1842 <\/em><br><em>(Cherbourg-en-Contentin, Mus\u00e9e Thomas Henry)<\/em><\/figcaption><\/figure>\n<\/div>\n\n\n<p><em>De 1835 a 1845, Millet pint\u00f3 numerosos retratos, entre los cuales el de su primera esposa, Pauline-Virginie Ono que represent\u00f3 varias veces. La sobriedad de la obra, la elegancia de las l\u00edneas demuestran que asimil\u00f3 los principios del retrato neocl\u00e1sico, como los de <a href=\"https:\/\/www.aparences.net\/es\/periodos\/neoclasicismo\/jean-auguste-dominique-ingres\/\">Ingres<\/a> o <a href=\"https:\/\/www.aparences.net\/es\/periodos\/neoclasicismo\/jacques-luis-david\/\">David<\/a>.<\/em><\/p>\n\n\n<div class=\"wp-block-image\">\n<figure class=\"aligncenter\"><img loading=\"lazy\" decoding=\"async\" width=\"590\" height=\"359\" src=\"https:\/\/www.aparences.net\/wp-content\/uploads\/2019\/06\/millet-agar-et-ismael-1848-49-la-haye.jpg\" alt=\"Jean-Fran\u00e7ois Millet, Agar e Ismael, detalle, 1848-1849, La Haya, The Mesdag Collection\" class=\"wp-image-18827\" title=\"Jean-Fran\u00e7ois Millet, Agar e Ismael, detalle, 1848-1849, La Haya, The Mesdag Collection\" srcset=\"https:\/\/www.aparences.net\/wp-content\/uploads\/2019\/06\/millet-agar-et-ismael-1848-49-la-haye.jpg 590w, https:\/\/www.aparences.net\/wp-content\/uploads\/2019\/06\/millet-agar-et-ismael-1848-49-la-haye-300x183.jpg 300w\" sizes=\"auto, (max-width: 590px) 100vw, 590px\" \/><figcaption class=\"wp-element-caption\"><em><strong>Agar e Ismael<\/strong>, detalle, 1848-1849 (La Haya, The Mesdag Collection)<\/em><\/figcaption><\/figure>\n<\/div>\n\n\n<p><em>Seg\u00fan el relato b\u00edblico, Abraham expuls\u00f3 a su criada Agar y su hijo Ismael, despu\u00e9s de que su esposa Sara diera a luz. Millet representa a las dos figuras muriendo de sed en el desierto. Para el pintor se trata sin duda de un tema cl\u00e1sico: dos desnudos en un paisaje inerte despojado de \u00e1rboles y plantas, un desierto cuya esterilidad se expresa, no por una perspectiva y un fondo de paisaje cl\u00e1sico con algunos detalles, sino por un lienzo vac\u00edo sin precedentes y una gama de colores intensamente f\u00edsicos. La hostilidad de la tierra yerma rara vez se ha expresado de forma tan tr\u00e1gica en la historia del arte europeo.<\/em><\/p>\n\n\n\n<!-- AdBoxRight2020 --><ins class=\"adsbygoogle\"     style=\"display:block; margin-top:30px;\"     data-ad-client=\"ca-pub-2468002815867636\"     data-ad-slot=\"3496014735\"     data-ad-format=\"auto\"     data-full-width-responsive=\"false\"><\/ins><script> (adsbygoogle = window.adsbygoogle || []).push({});<\/script><h2 class=\"wp-block-heading\">Tiempo de revoluciones<\/h2>\n\n\n\n<p>Los trastornos econ\u00f3micos, sociales y pol\u00edticos del siglo XIX sacudieron las estructuras tradicionales, las instituciones, el poder, las jerarqu\u00edas, las ideolog\u00edas y los sistemas de creencias. Este proceso se manifiesta en la esfera cultural, cuando en la d\u00e9cada de 1840, Francia experimenta revoluciones pol\u00edticas y art\u00edsticas paralelas. A ra\u00edz del levantamiento popular en Par\u00eds en 1848, que aboli\u00f3 la monarqu\u00eda y estableci\u00f3 una rep\u00fablica, el jurado oficial del Sal\u00f3n fue suprimido y la exposici\u00f3n anual era gratuita. Millet pudo presentar el cuadro <em><strong>El aventador<\/strong><\/em>, la figura de un campesino de pie, que prefiguraba el estilo y la tem\u00e1tica de un Millet m\u00e1s maduro de la d\u00e9cada de 1850. A la luz de aquel clima pol\u00edtico tan intenso que reinaba entonces, no era sorprendente que contempor\u00e1neos del pintor con fuertes convicciones pol\u00edticas como el anarquista Pissarro o, m\u00e1s tarde, los historiadores que favorecieron ciertas tesis radicales, quisieran interpretar la pintura de Millet en el contexto de los trastornos del siglo XIX. El a\u00f1o 1848 fue fat\u00eddico para muchos artistas. Fue un per\u00edodo de conjunci\u00f3n dram\u00e1tica de eventos hist\u00f3ricos, cambios culturales y crisis personales, del que Millet pudo salir indemne, libr\u00e1ndose de un eclecticismo h\u00edbrido de estilo incierto.<\/p>\n\n\n<div class=\"wp-block-image\">\n<figure class=\"aligncenter\"><img loading=\"lazy\" decoding=\"async\" width=\"325\" height=\"460\" src=\"https:\/\/www.aparences.net\/wp-content\/uploads\/2019\/06\/millet-un-vanneur-1848-londres-national-gallery.jpg\" alt=\"Jean-Fran\u00e7ois Millet, El aventador 1848\" class=\"wp-image-18828\" title=\"Jean-Fran\u00e7ois Millet, El aventador, c. 1848\" srcset=\"https:\/\/www.aparences.net\/wp-content\/uploads\/2019\/06\/millet-un-vanneur-1848-londres-national-gallery.jpg 325w, https:\/\/www.aparences.net\/wp-content\/uploads\/2019\/06\/millet-un-vanneur-1848-londres-national-gallery-212x300.jpg 212w\" sizes=\"auto, (max-width: 325px) 100vw, 325px\" \/><figcaption class=\"wp-element-caption\"><em><strong><em><strong>El aventador<\/strong><\/em><\/strong>, c. 1848 (Par\u00eds, Mus\u00e9e d\u2019Orsay)<\/em><\/figcaption><\/figure>\n<\/div>\n\n\n<p><em>Los colores de esta figura, rojo, azul y blanco, corresponden a la bandera tricolor, la bandera revolucionaria. La intenci\u00f3n de Millet en esta obra, contrariamente al valor simb\u00f3lico que le prestaron cr\u00edticos y admiradores, sigue siendo incierta. La figura solitaria del aventador se integra f\u00e1cilmente en la obra de Millet de la d\u00e9cada de 1840.<\/em><\/p>\n\n\n\n<p>En 1849, huyendo de la epidemia de c\u00f3lera que sufr\u00eda Par\u00eds, Millet, junto con su esposa Catherine Lemaire e hijos se instalaron en <a href=\"https:\/\/www.aparences.net\/es\/escuelas\/escuela-de-barbizon\/los-pintores-de-barbizon\/\">Barbizon<\/a>, frecuentado desde hac\u00eda varias d\u00e9cadas por artistas ansiosos por pintar la naturaleza <em>sur le motif<\/em>. La instalaci\u00f3n en Barbizon responde a un profundo gusto del artista por la soledad, pero no le impide convertirse en el gran amigo del paisajista Th\u00e9odore Rousseau que ya llevaba a\u00f1os instalado all\u00ed. Rousseau era el pintor del bosque y de aquella naturaleza inmemorial llena de misterios y encantamientos. Millet ser\u00e1 el pintor de la planicie y del trabajo campesino. Regresa a sus or\u00edgenes, se encierra en aquel mundo rural que le proporciona los temas de su pintura y, al mismo tiempo, se esfuerza por dar de s\u00ed mismo la imagen de un campesino.<\/p>\n\n\n<div class=\"wp-block-image\">\n<figure class=\"aligncenter\"><img loading=\"lazy\" decoding=\"async\" width=\"575\" height=\"460\" src=\"https:\/\/www.aparences.net\/wp-content\/uploads\/2019\/06\/millet-paysan-greffan-un-arbre-1855-munich.jpg\" alt=\"Jean-Fran\u00e7ois Millet, Campesino injertando un \u00e1rbol\" class=\"wp-image-18829\" title=\"Jean-Fran\u00e7ois Millet, Campesino injertando un \u00e1rbol\" srcset=\"https:\/\/www.aparences.net\/wp-content\/uploads\/2019\/06\/millet-paysan-greffan-un-arbre-1855-munich.jpg 575w, https:\/\/www.aparences.net\/wp-content\/uploads\/2019\/06\/millet-paysan-greffan-un-arbre-1855-munich-300x240.jpg 300w\" sizes=\"auto, (max-width: 575px) 100vw, 575px\" \/><figcaption class=\"wp-element-caption\"><em><strong>Campesino injertando un \u00e1rbol<\/strong>, llamado Le Greffeur, 1855, (Munich, Neue Pinakothek)<\/em><\/figcaption><\/figure>\n<\/div>\n\n\n<p><em>La mujer y el hijo del campesino observan el acto ritual del hombre injertando nuevos brotes en un viejo \u00e1rbol.<\/em><\/p>\n\n\n<div class=\"wp-block-image\">\n<figure class=\"aligncenter\"><img loading=\"lazy\" decoding=\"async\" width=\"374\" height=\"460\" src=\"https:\/\/www.aparences.net\/wp-content\/uploads\/2019\/06\/millet-le-semeur-1850-londres-national-gallery.jpg\" alt=\"El sembrador, 1850, Jean-Fran\u00e7ois Millet\" class=\"wp-image-18830\" title=\"El sembrador, 1850, Jean-Fran\u00e7ois Millet\" srcset=\"https:\/\/www.aparences.net\/wp-content\/uploads\/2019\/06\/millet-le-semeur-1850-londres-national-gallery.jpg 374w, https:\/\/www.aparences.net\/wp-content\/uploads\/2019\/06\/millet-le-semeur-1850-londres-national-gallery-244x300.jpg 244w\" sizes=\"auto, (max-width: 374px) 100vw, 374px\" \/><figcaption class=\"wp-element-caption\"><em><strong>El sembrador<\/strong>, 1850 (Londres, National Gallery)<\/em><\/figcaption><\/figure>\n<\/div>\n\n\n<p><em>La primera versi\u00f3n del Sembrador hecha por Millet en 1846-47 era una pintura de peque\u00f1o tama\u00f1o, pero la versi\u00f3n de 1850 es como un estallido de fuerza, la figura brota literalmente en un relieve virtual. La fuerza de su pu\u00f1o resalta visualmente el gesto crucial, que el espesor de la materia pict\u00f3rica hace salir de la superficie del lienzo hasta nuestro espacio.<\/em><\/p>\n\n\n<div class=\"wp-block-image\">\n<figure class=\"aligncenter\"><img loading=\"lazy\" decoding=\"async\" width=\"602\" height=\"456\" src=\"https:\/\/www.aparences.net\/wp-content\/uploads\/2019\/06\/millet-femme-avec-un-rateau-new-york-metropolitan-museum.jpg\" alt=\"Jean-Fran\u00e7ois Millet, Mujer con rastrillo\" class=\"wp-image-18831\" title=\"Jean-Fran\u00e7ois Millet, Mujer con rastrillo, c. 1856-57\" srcset=\"https:\/\/www.aparences.net\/wp-content\/uploads\/2019\/06\/millet-femme-avec-un-rateau-new-york-metropolitan-museum.jpg 602w, https:\/\/www.aparences.net\/wp-content\/uploads\/2019\/06\/millet-femme-avec-un-rateau-new-york-metropolitan-museum-300x227.jpg 300w\" sizes=\"auto, (max-width: 602px) 100vw, 602px\" \/><figcaption class=\"wp-element-caption\"><em><strong>Mujer con rastrillo<\/strong>, c. 1856-57, \u00f3leo sobre tabla, 39.7 x 34.3 <\/em><br><em>(Nueva York, Metropolitan Museum of Art)<\/em><\/figcaption><\/figure>\n<\/div>\n\n\n<p>Despu\u00e9s de la revoluci\u00f3n de 1848, bajo la Segunda Rep\u00fablica y luego bajo el Segundo Imperio, se manifiesta un nuevo inter\u00e9s por el mundo rural. En literatura, se ponen de moda las novelas de George Sand. En pintura, se redescubre la obra de los hermanos Le Nain. Pero Millet ser\u00e1 el primero y el \u00fanico en retratar fielmente a los campesinos, evocando la dureza del trabajo y su dignidad. Obras como <em><em><strong>Hombre con azada<\/strong><\/em><\/em> suscit\u00f3 las simpat\u00edas de los cr\u00edticos e inspir\u00f3 el famoso poema de E. Markham <em>The Man With the Hoe<\/em> (1898). Los escritores de izquierda consideraron a Millet como el pintor de la \u00ab<em>d\u00e9mos moderne<\/em>\u00ab, mientras que los conservadores criticaron la brutalidad de aquella humanidad salvaje pintada con lo que Th\u00e9ophile Gautier llamaba \u00abalba\u00f1iler\u00eda de colores\u00bb. Contra estas dos interpretaciones, Millet fue defendido por su amigo y bi\u00f3grafo Alfred Sensier. La Revoluci\u00f3n de 1848 marcar\u00e1 un punto de inflexi\u00f3n en la carrera del artista.<\/p>\n\n\n<div class=\"wp-block-image\">\n<figure class=\"aligncenter\"><img loading=\"lazy\" decoding=\"async\" width=\"569\" height=\"460\" src=\"https:\/\/www.aparences.net\/wp-content\/uploads\/2019\/06\/miller-l-homme-a-la-houe.jpg\" alt=\"Jean-Fran\u00e7ois Millet, Hombre con azada, 1863\" class=\"wp-image-18832\" title=\"Jean-Fran\u00e7ois Millet, Hombre con azada, 1863\" srcset=\"https:\/\/www.aparences.net\/wp-content\/uploads\/2019\/06\/miller-l-homme-a-la-houe.jpg 569w, https:\/\/www.aparences.net\/wp-content\/uploads\/2019\/06\/miller-l-homme-a-la-houe-300x243.jpg 300w\" sizes=\"auto, (max-width: 569px) 100vw, 569px\" \/><figcaption class=\"wp-element-caption\"><em><strong>Hombre con azada<\/strong>, 1863, \u00f3leo sobre lienzo, 31,5 x 39 cm. (Los Angeles, Getty Center)<\/em><\/figcaption><\/figure>\n<\/div>\n\n\n<p><em>La uni\u00f3n absoluta del hombre con el trabajo, el hombre con su herramienta, est\u00e1 representada mediante una composici\u00f3n piramidal creada por el personaje que se apoya pesadamente en su azada, la mirada vac\u00eda, embrutecida por el trabajo penoso, haciendo una pausa en su labor. Pero el profundo cansancio de la cara, los ojos inexpresivos, la boca abierta, la ropa grosera y la postura ingrata, aterr\u00f3 a los burgueses, hasta el punto que un cr\u00edtico apod\u00f3 a este campesino \u00abDumoulard\u00bb, nombre de un famoso delincuente que hab\u00eda sido condenado a trabajos forzados.<\/em><\/p>\n\n\n\n<h2 class=\"wp-block-heading\">Entre naturalismo e historia<\/h2>\n\n\n\n<p>Durante las d\u00e9cadas de 1850 y 1860, <strong>Millet continu\u00f3 explorando este equilibrio entre naturalismo e historia<\/strong>, lo que le enfrent\u00f3 a cr\u00edticas acerbas. Esta situaci\u00f3n fue relaj\u00e1ndose hacia el final del Segundo Imperio, debido en particular a una lectura m\u00e1s conservadora del arte de Millet por parte de un Sensier (amigo, agente y bi\u00f3grafo del pintor), tal vez directamente interesado por las consecuencias comerciales de esta rehabilitaci\u00f3n. Tres obras principales demuestran la obstinaci\u00f3n de Millet en el marco de los Salones oficiales: la obra <em>Des Glaneuses<\/em> en el de 1857, <em>La Femme faisant pa\u00eetre sa vache<\/em> de 1859 y <em>L\u2019Homme \u00e0 la houe<\/em> de 1863. En la construcci\u00f3n espacial profundamente original de estos paisajes desolados invadiendo el horizonte, Millet segu\u00eda poniendo al hombre en primer plano. El genio r\u00edtmico y formal del pintor hizo que la miseria absoluta de las espigadoras, la dignidad escult\u00f3rica de una cuidadora de vacas, se volviera tan universal como el cansancio abrumador de un campesino arando. La observaci\u00f3n naturalista, extra\u00edda de la vasta cultura del pintor, podr\u00eda seguirse a trav\u00e9s de los numerosos bocetos que realiz\u00f3 <strong>para el cuadro <em>Des Glaneuses<\/em> (Las espigadoras) inspirados en los frisos del Parten\u00f3n, cuyos moldes de yeso los conservaba el pintor en su taller<\/strong>. Y tambi\u00e9n una referencia importante a la pintura n\u00f3rdica o a la imaginer\u00eda campesina medieval, en particular la de las <a href=\"https:\/\/es.wikipedia.org\/wiki\/Las_muy_ricas_horas_del_Duque_de_Berry\"><em>Tr\u00e8s Riches Heures du duc de Berry<\/em><\/a>. Su mensaje, fundamentalmente m\u00e1s humanista que pol\u00edtico, se volvi\u00f3 insoportable para el \u00abdecoro visual\u00bb de la sociedad de aquella \u00e9poca.<\/p>\n\n\n<div class=\"wp-block-image\">\n<figure class=\"aligncenter\"><img loading=\"lazy\" decoding=\"async\" width=\"575\" height=\"430\" src=\"https:\/\/www.aparences.net\/wp-content\/uploads\/2019\/06\/millet-des-glaneuses-1857-musee-d-orsay.jpg\" alt=\"Las espigadoras, 1857, Jean-Fran\u00e7ois Millet\" class=\"wp-image-18833\" title=\"Las espigadoras, 1857, Jean-Fran\u00e7ois Millet\" srcset=\"https:\/\/www.aparences.net\/wp-content\/uploads\/2019\/06\/millet-des-glaneuses-1857-musee-d-orsay.jpg 575w, https:\/\/www.aparences.net\/wp-content\/uploads\/2019\/06\/millet-des-glaneuses-1857-musee-d-orsay-300x224.jpg 300w\" sizes=\"auto, (max-width: 575px) 100vw, 575px\" \/><figcaption class=\"wp-element-caption\"><em><strong>Des Glaneuses<\/strong> (Las espigadoras), 1857 (Par\u00eds, Mus\u00e9e d\u2019Orsay)<\/em><\/figcaption><\/figure>\n<\/div>\n\n<div class=\"wp-block-image\">\n<figure class=\"aligncenter\"><img loading=\"lazy\" decoding=\"async\" width=\"533\" height=\"430\" src=\"https:\/\/www.aparences.net\/wp-content\/uploads\/2019\/06\/millet-bergere-avec-son-troupeau-1863-orsay.jpg\" alt=\"Jean-Fran\u00e7ois Millet, Pastora con su reba\u00f1o, 1863, Par\u00eds, Mus\u00e9e d'Orsay\" class=\"wp-image-18834\" title=\"Jean-Fran\u00e7ois Millet, Pastora con su reba\u00f1o, 1863, Par\u00eds, Mus\u00e9e d'Orsay\" srcset=\"https:\/\/www.aparences.net\/wp-content\/uploads\/2019\/06\/millet-bergere-avec-son-troupeau-1863-orsay.jpg 533w, https:\/\/www.aparences.net\/wp-content\/uploads\/2019\/06\/millet-bergere-avec-son-troupeau-1863-orsay-300x242.jpg 300w\" sizes=\"auto, (max-width: 533px) 100vw, 533px\" \/><figcaption class=\"wp-element-caption\"><em><strong>Pastora con su reba\u00f1o<\/strong>, 1863 (Par\u00eds, Mus\u00e9e d&#8217;Orsay)<\/em><\/figcaption><\/figure>\n<\/div>\n\n\n<p class=\"has-text-align-left\"><em>Toques de pintura y pinceladas dan vida a la vegetaci\u00f3n en primer plano, mientras que las finas rayas paralelas del horizonte de un color muy l\u00edquido, crean la impresi\u00f3n de un deslumbrante movimiento en el espacio.<\/em><\/p>\n\n\n\n<p>LLevar al universo campesino la historia b\u00edblica o la leyenda, era una cuesti\u00f3n que tocaba muy de cerca al pintor, ya que le permit\u00eda expresar su gusto por las letras y por lo m\u00edstico. Espor\u00e1dicamente presente en los numerosos dibujos que realiz\u00f3 (<em>La Fuite en Egypte<\/em>, 1863-1864), se manifest\u00f3 por primera vez en pintura con <em>Le Repos des moissonneurs<\/em>, cuyo tema y primer t\u00edtulo fueron<em> Ruth y Booz<\/em> (1853, Boston) y se revel\u00f3 completamente en <em>Tob\u00edas o La espera<\/em> (1861, Kansas City) y <em>La muerte y el le\u00f1ador<\/em> (1859, Copenhage), una obra que fue rechazada en el Sal\u00f3n de 1859.<\/p>\n\n\n<div class=\"wp-block-image\">\n<figure class=\"aligncenter\"><img loading=\"lazy\" decoding=\"async\" width=\"620\" height=\"354\" src=\"https:\/\/www.aparences.net\/wp-content\/uploads\/2019\/06\/millet-repos-moissoneurs-1853-boston.jpg\" alt=\"Jean-Fran\u00e7ois Millet, El reposo de los segadores o Ruth y Booz, Sal\u00f3n 1853\" class=\"wp-image-18835\" title=\"Jean-Fran\u00e7ois Millet, El reposo de los segadores o Ruth y Booz, Sal\u00f3n 1853\" srcset=\"https:\/\/www.aparences.net\/wp-content\/uploads\/2019\/06\/millet-repos-moissoneurs-1853-boston.jpg 620w, https:\/\/www.aparences.net\/wp-content\/uploads\/2019\/06\/millet-repos-moissoneurs-1853-boston-300x171.jpg 300w\" sizes=\"auto, (max-width: 620px) 100vw, 620px\" \/><figcaption class=\"wp-element-caption\"><em><strong>El reposo de los segadores<\/strong> o Ruth y Booz, Sal\u00f3n 1853 (Boston, Museum of Fine Arts)<\/em><\/figcaption><\/figure>\n<\/div>\n\n\n<p><em>La pintura representa la historia de Ruth y Booz: vemos a un rico terrateniente presentando a Ruth, una espigadora pobre y t\u00edmida que con un cierto encanto muestra su reticencia a un grupo de honestos segadores.<\/em><\/p>\n\n\n\n<p>El hecho de que Millet naciera en el seno de una familia campesina es el factor m\u00e1s importante de su vida y de su obra, ya que una vez conocida esta realidad, podemos reconciliar la mayor\u00eda de sus contradicciones. Millet conoc\u00eda la tierra, el trabajo de la tierra, sus estaciones, su car\u00e1cter y su fuerza. Conoc\u00eda la actitud del campesino ante la vida y el trabajo.<\/p>\n\n\n\n<!-- AdBoxLeft2023 --><ins class=\"adsbygoogle\" style=\"display:block\" data-ad-client=\"ca-pub-2468002815867636\" data-ad-slot=\"1318022963\" data-ad-format=\"auto\" data-full-width-responsive=\"true\"><\/ins><script> (adsbygoogle = window.adsbygoogle || []).push({});<\/script><h2 class=\"wp-block-heading\">Millet y la pintura holandesa<\/h2>\n\n\n\n<p>El trabajo de la tierra, escenas de la vida dom\u00e9stica o paisajes, Millet recompone sus pinturas de memoria en su taller de Barbizon. Impone una nueva po\u00e9tica, lejos de todo pintoresquismo. Reconsidera el espect\u00e1culo de la vida rural a trav\u00e9s de referencias acad\u00e9micas heredadas de la historia del arte. Su observaci\u00f3n de la vida campesina no se limita al tema del trabajo. Millet multiplica las escenas de interior y explora temas femeninos y maternos, a los que confiere un tono de intimidad, de \u00abverdad\u00bb y ternura muy personal. El pintor lo llama su <em>mani\u00e8re hollandaise<\/em>, haciendo referencia a la <a href=\"https:\/\/www.aparences.net\/es\/periodos\/pintura-de-genero-holandesa\/\">pintura de g\u00e9nero holandesa del siglo XVII<\/a> muy en boga en la segunda mitad del siglo XIX.<\/p>\n\n\n<div class=\"wp-block-image\">\n<figure class=\"aligncenter\"><img loading=\"lazy\" decoding=\"async\" width=\"382\" height=\"460\" src=\"https:\/\/www.aparences.net\/wp-content\/uploads\/2019\/06\/millet-la-fournee-1854-otterlo.jpg\" alt=\"Jean-Fran\u00e7ois Millet, Campesina horneando su pan, 1854\" class=\"wp-image-18836\" title=\"Jean-Fran\u00e7ois Millet, Campesina horneando su pan, 1854\" srcset=\"https:\/\/www.aparences.net\/wp-content\/uploads\/2019\/06\/millet-la-fournee-1854-otterlo.jpg 382w, https:\/\/www.aparences.net\/wp-content\/uploads\/2019\/06\/millet-la-fournee-1854-otterlo-249x300.jpg 249w\" sizes=\"auto, (max-width: 382px) 100vw, 382px\" \/><figcaption class=\"wp-element-caption\"><em><strong>Campesina horneando su pan<\/strong>, 1854, \u00f3leo sobre lienzo, 55 x 46 cm. (Otterlo, Museo Kr\u00f6ller-M\u00fcller)<\/em><\/figcaption><\/figure>\n<\/div>\n\n\n<p>En el <em><strong>Ramo de margaritas<\/strong><\/em>, <strong>el artista retoma un esquema cl\u00e1sico del Siglo de oro de la pintura holandesa<\/strong>, con una ventana abierta con efectos de trampantojo. La joven que le sirve como modelo es devuelta a la sombra por el brillo solar del jarr\u00f3n de flores. Mientras la figura se ha pintado en tonos apagados, el primer plano se ilumina con el color: la pelota de lana roja, la cinta naranja, el jarr\u00f3n lavanda forman un contrapunto al disco amarillo de las margaritas.<\/p>\n\n\n<div class=\"wp-block-image\">\n<figure class=\"aligncenter\"><img loading=\"lazy\" decoding=\"async\" width=\"551\" height=\"460\" src=\"https:\/\/www.aparences.net\/wp-content\/uploads\/2019\/06\/millet-le-bouquet-de-marguerites-1874-orsay.jpg\" alt=\"Jean-Francois Millet, El ramo de margaritas, c. 1874, Par\u00eds, mus\u00e9e d\u2019Orsay\" class=\"wp-image-18837\" title=\"Jean-Francois Millet, El ramo de margaritas, c. 1874, Par\u00eds, mus\u00e9e d\u2019Orsay\" srcset=\"https:\/\/www.aparences.net\/wp-content\/uploads\/2019\/06\/millet-le-bouquet-de-marguerites-1874-orsay.jpg 551w, https:\/\/www.aparences.net\/wp-content\/uploads\/2019\/06\/millet-le-bouquet-de-marguerites-1874-orsay-300x250.jpg 300w\" sizes=\"auto, (max-width: 551px) 100vw, 551px\" \/><figcaption class=\"wp-element-caption\"><em><strong>El ramo de margaritas<\/strong>, c. 1874 (Par\u00eds, mus\u00e9e d\u2019Orsay)<\/em><\/figcaption><\/figure>\n<\/div>\n\n<div class=\"wp-block-image\">\n<figure class=\"aligncenter\"><img loading=\"lazy\" decoding=\"async\" width=\"379\" height=\"460\" src=\"https:\/\/www.aparences.net\/wp-content\/uploads\/2019\/06\/millet-la-becquee-1860-lille.jpg\" alt=\"Jean-Fran\u00e7ois Millet, La Becqu\u00e9e\" class=\"wp-image-18838\" title=\"Jean-Fran\u00e7ois Millet, La Becqu\u00e9e\" srcset=\"https:\/\/www.aparences.net\/wp-content\/uploads\/2019\/06\/millet-la-becquee-1860-lille.jpg 379w, https:\/\/www.aparences.net\/wp-content\/uploads\/2019\/06\/millet-la-becquee-1860-lille-247x300.jpg 247w\" sizes=\"auto, (max-width: 379px) 100vw, 379px\" \/><figcaption class=\"wp-element-caption\"><em><strong>La Becqu\u00e9e<\/strong>, c. 1860 (Lille, Palais des Beaux-Arts)<\/em><\/figcaption><\/figure>\n<\/div>\n\n\n<p><em>La pintura, inicialmente llamada Mujer que alimenta a sus hijos, se convirti\u00f3 en La Becqu\u00e9e: \u00abMe gustar\u00eda que fuera como una nidada de p\u00e1jaros, a la que su madre da de comer\u00bb, le escrib\u00eda a su marchante Alfred Sensier.<\/em><\/p>\n\n\n<div class=\"wp-block-image\">\n<figure class=\"aligncenter\"><img loading=\"lazy\" decoding=\"async\" width=\"370\" height=\"460\" src=\"https:\/\/www.aparences.net\/wp-content\/uploads\/2019\/06\/millet-femme-qui-coud-frick-collection.jpg\" alt=\"Mujer cosiendo bajo una l\u00e1mpara, 1870-72, Jean-Fran\u00e7ois Millet\" class=\"wp-image-18840\" title=\"Mujer cosiendo bajo una l\u00e1mpara, 1870-72, Jean-Fran\u00e7ois Millet\" srcset=\"https:\/\/www.aparences.net\/wp-content\/uploads\/2019\/06\/millet-femme-qui-coud-frick-collection.jpg 370w, https:\/\/www.aparences.net\/wp-content\/uploads\/2019\/06\/millet-femme-qui-coud-frick-collection-241x300.jpg 241w\" sizes=\"auto, (max-width: 370px) 100vw, 370px\" \/><figcaption class=\"wp-element-caption\"><em><strong>Mujer cosiendo bajo una l\u00e1mpara<\/strong>, 1870-72,<\/em><br><em> (Nueva York, Frick Collection)<\/em><\/figcaption><\/figure>\n<\/div>\n\n\n<p>En la obra de Millet, se aprecia un sinn\u00famero de mujeres en el trabajo, guardando y esquilando ovejas, tejiendo, hilando, recogiendo le\u00f1a, alimentando a sus hijos\u2026 Sentada a la sombra de un bosque y en una atm\u00f3sfera de serenidad, su <em>Tricoteuse<\/em>, envuelta en una capa de lana est\u00e1 absorbida en su modesta tarea.<\/p>\n\n\n<div class=\"wp-block-image\">\n<figure class=\"aligncenter\"><img loading=\"lazy\" decoding=\"async\" width=\"345\" height=\"460\" src=\"https:\/\/www.aparences.net\/wp-content\/uploads\/2019\/06\/millet-la-tricoteuse-1856-musee-d-orsay.jpg\" alt=\"La Tricoteuse, 1856 (Par\u00eds, Mus\u00e9e d\u2019Orsay)\" class=\"wp-image-18839\" title=\"La Tricoteuse, 1856 (Par\u00eds, Mus\u00e9e d\u2019Orsay)\" srcset=\"https:\/\/www.aparences.net\/wp-content\/uploads\/2019\/06\/millet-la-tricoteuse-1856-musee-d-orsay.jpg 345w, https:\/\/www.aparences.net\/wp-content\/uploads\/2019\/06\/millet-la-tricoteuse-1856-musee-d-orsay-225x300.jpg 225w\" sizes=\"auto, (max-width: 345px) 100vw, 345px\" \/><figcaption class=\"wp-element-caption\"><em><strong>La Tricoteuse<\/strong>, 1856 (Par\u00eds, Mus\u00e9e d\u2019Orsay)<\/em><br><\/figcaption><\/figure>\n<\/div>\n\n\n<p class=\"has-text-align-left\">Al final de su carrera, Millet se dedic\u00f3 m\u00e1s a la pintura de paisajes, tanto al pastel, del que fue uno de los grandes maestros del siglo XIX, como al \u00f3leo. De esa \u00e9poca, es el cuadro <em><strong>La Primavera<\/strong><\/em>, un formidable paisaje fant\u00e1stico con una visi\u00f3n transfigurada de la naturaleza. Los paisajes que pintaba de memoria tienen el verdadero color del recuerdo, como el cuadro <em>La iglesia de Greville<\/em> o el sorprendente <em>D\u00e9nicheurs de nids<\/em> (Cazadores de nidos) de 1874 que evoca un episodio de la infancia.<\/p>\n\n\n<div class=\"wp-block-image\">\n<figure class=\"aligncenter\"><img loading=\"lazy\" decoding=\"async\" width=\"600\" height=\"465\" src=\"https:\/\/www.aparences.net\/wp-content\/uploads\/2019\/06\/millet-le-printemps.jpg\" alt=\"Jean-Fran\u00e7ois Millet, La Primavera\" class=\"wp-image-18841\" title=\"Jean-Fran\u00e7ois Millet, La Primavera\" srcset=\"https:\/\/www.aparences.net\/wp-content\/uploads\/2019\/06\/millet-le-printemps.jpg 600w, https:\/\/www.aparences.net\/wp-content\/uploads\/2019\/06\/millet-le-printemps-300x233.jpg 300w\" sizes=\"auto, (max-width: 600px) 100vw, 600px\" \/><figcaption class=\"wp-element-caption\"><em><strong><em><strong>La Primavera<\/strong><\/em><\/strong>, entre 1868 y 1873 (Par\u00eds, Mus\u00e9e d\u2019Orsay)<\/em><\/figcaption><\/figure>\n<\/div>\n\n\n<p><em>Millet pint\u00f3 el momento en que el sol perfora las nubes despu\u00e9s de la tormenta y cuando los colores de la nueva estaci\u00f3n interceptan los tonos terrosos del invierno. Con toques vibrantes, pinta los nuevos brotes que aparecen en las ramas de los \u00e1rboles.<\/em><\/p>\n\n\n\n<p>La carrera art\u00edstica de Millet coincidi\u00f3 con una espectacular evoluci\u00f3n del arte del siglo XIX. Los estilos dominantes de la primera mitad del siglo, <a href=\"https:\/\/www.aparences.net\/es\/periodos\/romanticismo\/\">el romanticismo<\/a> y <a href=\"https:\/\/www.aparences.net\/es\/periodos\/neoclasicismo\/\">el neoclasicismo<\/a>, fueron perdiendo terreno, mientras que una nueva conciencia hist\u00f3rica del arte del pasado se manifest\u00f3 por un cambio de gustos, y el renacimiento de artistas y per\u00edodos olvidados o infravalorados desde hac\u00eda tiempo. Surgi\u00f3 un nuevo inter\u00e9s por los <a href=\"https:\/\/www.aparences.net\/es\/periodos\/el-trecento\/\">Primitivos italianos<\/a>, por el arte franc\u00e9s del siglo XVIII, el arte holand\u00e9s del siglo XVII y por pintores franceses como <a href=\"https:\/\/es.wikipedia.org\/wiki\/Hermanos_Le_Nain\">los hermanos Le Nain<\/a>.<\/p>\n\n\n\n<hr class=\"wp-block-separator has-alpha-channel-opacity\"\/>\n\n\n\n<h6 class=\"wp-block-heading\">Bibliograf\u00eda<\/h6>\n\n\n\n<p class=\"has-text-align-left\">Gu\u00e9gan, St\u00e9phan. <em>Millet, peintre paysan<\/em>. Flammarion. Paris, 1998<br>Sentier, Alfred et Mantz. <em>La vie et l&#8217;\u0153uvre de Jean-Fran\u00e7ois Millet<\/em>. Bricquebosc, 2005<br>Leberruder, Pierre. <em>Jean-Fran\u00e7ois Millet. <\/em>OREP \u00c9ditions, 2008<em><br><\/em> Pollock, Griselda.<em> <em>Jean-Fran\u00e7ois Millet.<\/em> <\/em>Casimiro Livres, 2014<em><br><\/em>Georgel, Chantal.<em> Millet. <\/em>Citadelles &amp; Mazenod. 2014<\/p>\n","protected":false},"excerpt":{"rendered":"<p>Millet ser\u00e1 el primero y \u00fanico pintor en retratar fielmente a los campesinos, evocando la dureza del trabajo y su dignidad.<\/p>\n","protected":false},"author":2,"featured_media":26720,"comment_status":"closed","ping_status":"closed","sticky":false,"template":"","format":"standard","meta":{"footnotes":""},"categories":[3170],"tags":[3206,3221,413,1196,5975],"class_list":["post-13867","post","type-post","status-publish","format-standard","has-post-thumbnail","hentry","category-la-escuela-de-barbizon","tag-escuela-de-barbizon","tag-jean-francois-millet-2","tag-peinture-de-paysage","tag-peinture-realiste","tag-pintor-de-campesinos"],"yoast_head":"<!-- This site is optimized with the Yoast SEO plugin v27.2 - https:\/\/yoast.com\/product\/yoast-seo-wordpress\/ -->\n<title>Jean-Fran\u00e7ois Millet<\/title>\n<meta name=\"description\" content=\"Millet ser\u00e1 el primero y \u00fanico pintor en retratar fielmente a los campesinos, evocando la dureza del trabajo y su dignidad.\" \/>\n<meta name=\"robots\" content=\"index, follow, max-snippet:-1, max-image-preview:large, max-video-preview:-1\" \/>\n<link rel=\"canonical\" href=\"https:\/\/www.aparences.net\/es\/escuelas\/la-escuela-de-barbizon\/jean-francois-millet\/\" \/>\n<meta property=\"og:locale\" content=\"es_ES\" \/>\n<meta property=\"og:type\" content=\"article\" \/>\n<meta property=\"og:title\" content=\"Jean-Fran\u00e7ois Millet\" \/>\n<meta property=\"og:description\" content=\"Millet ser\u00e1 el primero y \u00fanico pintor en retratar fielmente a los campesinos, evocando la dureza del trabajo y su dignidad.\" \/>\n<meta property=\"og:url\" content=\"https:\/\/www.aparences.net\/es\/escuelas\/la-escuela-de-barbizon\/jean-francois-millet\/\" \/>\n<meta property=\"og:site_name\" content=\"Aparences\" \/>\n<meta property=\"article:published_time\" content=\"2019-06-23T15:39:45+00:00\" \/>\n<meta property=\"article:modified_time\" content=\"2025-12-11T18:40:56+00:00\" \/>\n<meta property=\"og:image\" content=\"https:\/\/www.aparences.net\/wp-content\/uploads\/2019\/06\/jean-francois-millet.jpg\" \/>\n\t<meta property=\"og:image:width\" content=\"1080\" \/>\n\t<meta property=\"og:image:height\" content=\"540\" \/>\n\t<meta property=\"og:image:type\" content=\"image\/jpeg\" \/>\n<meta name=\"author\" content=\"admin\" \/>\n<meta name=\"twitter:card\" content=\"summary_large_image\" \/>\n<meta name=\"twitter:label1\" content=\"Escrito por\" \/>\n\t<meta name=\"twitter:data1\" content=\"admin\" \/>\n\t<meta name=\"twitter:label2\" content=\"Tiempo de lectura\" \/>\n\t<meta name=\"twitter:data2\" content=\"16 minutos\" \/>\n<script type=\"application\/ld+json\" class=\"yoast-schema-graph\">{\"@context\":\"https:\/\/schema.org\",\"@graph\":[{\"@type\":\"Article\",\"@id\":\"https:\/\/www.aparences.net\/es\/escuelas\/la-escuela-de-barbizon\/jean-francois-millet\/#article\",\"isPartOf\":{\"@id\":\"https:\/\/www.aparences.net\/es\/escuelas\/la-escuela-de-barbizon\/jean-francois-millet\/\"},\"author\":{\"name\":\"admin\",\"@id\":\"https:\/\/www.aparences.net\/es\/#\/schema\/person\/af349f6ffc31b16c68963e61268afca5\"},\"headline\":\"Jean-Fran\u00e7ois Millet\",\"datePublished\":\"2019-06-23T15:39:45+00:00\",\"dateModified\":\"2025-12-11T18:40:56+00:00\",\"mainEntityOfPage\":{\"@id\":\"https:\/\/www.aparences.net\/es\/escuelas\/la-escuela-de-barbizon\/jean-francois-millet\/\"},\"wordCount\":2624,\"publisher\":{\"@id\":\"https:\/\/www.aparences.net\/es\/#organization\"},\"image\":{\"@id\":\"https:\/\/www.aparences.net\/es\/escuelas\/la-escuela-de-barbizon\/jean-francois-millet\/#primaryimage\"},\"thumbnailUrl\":\"https:\/\/www.aparences.net\/wp-content\/uploads\/2019\/06\/jean-francois-millet.jpg\",\"keywords\":[\"escuela de Barbizon\",\"Jean-Fran\u00e7ois Millet\",\"peinture de paysage\",\"peinture r\u00e9aliste\",\"pintor de campesinos\"],\"articleSection\":[\"La escuela de Barbizon\"],\"inLanguage\":\"es\"},{\"@type\":[\"WebPage\",\"ItemPage\"],\"@id\":\"https:\/\/www.aparences.net\/es\/escuelas\/la-escuela-de-barbizon\/jean-francois-millet\/\",\"url\":\"https:\/\/www.aparences.net\/es\/escuelas\/la-escuela-de-barbizon\/jean-francois-millet\/\",\"name\":\"Jean-Fran\u00e7ois Millet\",\"isPartOf\":{\"@id\":\"https:\/\/www.aparences.net\/es\/#website\"},\"primaryImageOfPage\":{\"@id\":\"https:\/\/www.aparences.net\/es\/escuelas\/la-escuela-de-barbizon\/jean-francois-millet\/#primaryimage\"},\"image\":{\"@id\":\"https:\/\/www.aparences.net\/es\/escuelas\/la-escuela-de-barbizon\/jean-francois-millet\/#primaryimage\"},\"thumbnailUrl\":\"https:\/\/www.aparences.net\/wp-content\/uploads\/2019\/06\/jean-francois-millet.jpg\",\"datePublished\":\"2019-06-23T15:39:45+00:00\",\"dateModified\":\"2025-12-11T18:40:56+00:00\",\"description\":\"Millet ser\u00e1 el primero y \u00fanico pintor en retratar fielmente a los campesinos, evocando la dureza del trabajo y su dignidad.\",\"breadcrumb\":{\"@id\":\"https:\/\/www.aparences.net\/es\/escuelas\/la-escuela-de-barbizon\/jean-francois-millet\/#breadcrumb\"},\"inLanguage\":\"es\",\"potentialAction\":[{\"@type\":\"ReadAction\",\"target\":[\"https:\/\/www.aparences.net\/es\/escuelas\/la-escuela-de-barbizon\/jean-francois-millet\/\"]}]},{\"@type\":\"ImageObject\",\"inLanguage\":\"es\",\"@id\":\"https:\/\/www.aparences.net\/es\/escuelas\/la-escuela-de-barbizon\/jean-francois-millet\/#primaryimage\",\"url\":\"https:\/\/www.aparences.net\/wp-content\/uploads\/2019\/06\/jean-francois-millet.jpg\",\"contentUrl\":\"https:\/\/www.aparences.net\/wp-content\/uploads\/2019\/06\/jean-francois-millet.jpg\",\"width\":1080,\"height\":540},{\"@type\":\"BreadcrumbList\",\"@id\":\"https:\/\/www.aparences.net\/es\/escuelas\/la-escuela-de-barbizon\/jean-francois-millet\/#breadcrumb\",\"itemListElement\":[{\"@type\":\"ListItem\",\"position\":1,\"name\":\"Portada\",\"item\":\"https:\/\/www.aparences.net\/es\/\"},{\"@type\":\"ListItem\",\"position\":2,\"name\":\"Jean-Fran\u00e7ois Millet\"}]},{\"@type\":\"WebSite\",\"@id\":\"https:\/\/www.aparences.net\/es\/#website\",\"url\":\"https:\/\/www.aparences.net\/es\/\",\"name\":\"Aparences: Historia del Arte y Actualidad Cultural\",\"description\":\"\",\"publisher\":{\"@id\":\"https:\/\/www.aparences.net\/es\/#organization\"},\"potentialAction\":[{\"@type\":\"SearchAction\",\"target\":{\"@type\":\"EntryPoint\",\"urlTemplate\":\"https:\/\/www.aparences.net\/es\/?s={search_term_string}\"},\"query-input\":{\"@type\":\"PropertyValueSpecification\",\"valueRequired\":true,\"valueName\":\"search_term_string\"}}],\"inLanguage\":\"es\"},{\"@type\":\"Organization\",\"@id\":\"https:\/\/www.aparences.net\/es\/#organization\",\"name\":\"Aparences: Historia del Arte y Actualidad Cultural\",\"url\":\"https:\/\/www.aparences.net\/es\/\",\"logo\":{\"@type\":\"ImageObject\",\"inLanguage\":\"es\",\"@id\":\"https:\/\/www.aparences.net\/es\/#\/schema\/logo\/image\/\",\"url\":\"https:\/\/www.aparences.net\/wp-content\/uploads\/2023\/09\/logo-quadrat-color-e1695915315229.png\",\"contentUrl\":\"https:\/\/www.aparences.net\/wp-content\/uploads\/2023\/09\/logo-quadrat-color-e1695915315229.png\",\"width\":120,\"height\":120,\"caption\":\"Aparences: Historia del Arte y Actualidad Cultural\"},\"image\":{\"@id\":\"https:\/\/www.aparences.net\/es\/#\/schema\/logo\/image\/\"}},{\"@type\":\"Person\",\"@id\":\"https:\/\/www.aparences.net\/es\/#\/schema\/person\/af349f6ffc31b16c68963e61268afca5\",\"name\":\"admin\",\"url\":\"https:\/\/www.aparences.net\/es\/author\/admin\/\"}]}<\/script>\n<!-- \/ Yoast SEO plugin. -->","yoast_head_json":{"title":"Jean-Fran\u00e7ois Millet","description":"Millet ser\u00e1 el primero y \u00fanico pintor en retratar fielmente a los campesinos, evocando la dureza del trabajo y su dignidad.","robots":{"index":"index","follow":"follow","max-snippet":"max-snippet:-1","max-image-preview":"max-image-preview:large","max-video-preview":"max-video-preview:-1"},"canonical":"https:\/\/www.aparences.net\/es\/escuelas\/la-escuela-de-barbizon\/jean-francois-millet\/","og_locale":"es_ES","og_type":"article","og_title":"Jean-Fran\u00e7ois Millet","og_description":"Millet ser\u00e1 el primero y \u00fanico pintor en retratar fielmente a los campesinos, evocando la dureza del trabajo y su dignidad.","og_url":"https:\/\/www.aparences.net\/es\/escuelas\/la-escuela-de-barbizon\/jean-francois-millet\/","og_site_name":"Aparences","article_published_time":"2019-06-23T15:39:45+00:00","article_modified_time":"2025-12-11T18:40:56+00:00","og_image":[{"width":1080,"height":540,"url":"https:\/\/www.aparences.net\/wp-content\/uploads\/2019\/06\/jean-francois-millet.jpg","type":"image\/jpeg"}],"author":"admin","twitter_card":"summary_large_image","twitter_misc":{"Escrito por":"admin","Tiempo de lectura":"16 minutos"},"schema":{"@context":"https:\/\/schema.org","@graph":[{"@type":"Article","@id":"https:\/\/www.aparences.net\/es\/escuelas\/la-escuela-de-barbizon\/jean-francois-millet\/#article","isPartOf":{"@id":"https:\/\/www.aparences.net\/es\/escuelas\/la-escuela-de-barbizon\/jean-francois-millet\/"},"author":{"name":"admin","@id":"https:\/\/www.aparences.net\/es\/#\/schema\/person\/af349f6ffc31b16c68963e61268afca5"},"headline":"Jean-Fran\u00e7ois Millet","datePublished":"2019-06-23T15:39:45+00:00","dateModified":"2025-12-11T18:40:56+00:00","mainEntityOfPage":{"@id":"https:\/\/www.aparences.net\/es\/escuelas\/la-escuela-de-barbizon\/jean-francois-millet\/"},"wordCount":2624,"publisher":{"@id":"https:\/\/www.aparences.net\/es\/#organization"},"image":{"@id":"https:\/\/www.aparences.net\/es\/escuelas\/la-escuela-de-barbizon\/jean-francois-millet\/#primaryimage"},"thumbnailUrl":"https:\/\/www.aparences.net\/wp-content\/uploads\/2019\/06\/jean-francois-millet.jpg","keywords":["escuela de Barbizon","Jean-Fran\u00e7ois Millet","peinture de paysage","peinture r\u00e9aliste","pintor de campesinos"],"articleSection":["La escuela de Barbizon"],"inLanguage":"es"},{"@type":["WebPage","ItemPage"],"@id":"https:\/\/www.aparences.net\/es\/escuelas\/la-escuela-de-barbizon\/jean-francois-millet\/","url":"https:\/\/www.aparences.net\/es\/escuelas\/la-escuela-de-barbizon\/jean-francois-millet\/","name":"Jean-Fran\u00e7ois Millet","isPartOf":{"@id":"https:\/\/www.aparences.net\/es\/#website"},"primaryImageOfPage":{"@id":"https:\/\/www.aparences.net\/es\/escuelas\/la-escuela-de-barbizon\/jean-francois-millet\/#primaryimage"},"image":{"@id":"https:\/\/www.aparences.net\/es\/escuelas\/la-escuela-de-barbizon\/jean-francois-millet\/#primaryimage"},"thumbnailUrl":"https:\/\/www.aparences.net\/wp-content\/uploads\/2019\/06\/jean-francois-millet.jpg","datePublished":"2019-06-23T15:39:45+00:00","dateModified":"2025-12-11T18:40:56+00:00","description":"Millet ser\u00e1 el primero y \u00fanico pintor en retratar fielmente a los campesinos, evocando la dureza del trabajo y su dignidad.","breadcrumb":{"@id":"https:\/\/www.aparences.net\/es\/escuelas\/la-escuela-de-barbizon\/jean-francois-millet\/#breadcrumb"},"inLanguage":"es","potentialAction":[{"@type":"ReadAction","target":["https:\/\/www.aparences.net\/es\/escuelas\/la-escuela-de-barbizon\/jean-francois-millet\/"]}]},{"@type":"ImageObject","inLanguage":"es","@id":"https:\/\/www.aparences.net\/es\/escuelas\/la-escuela-de-barbizon\/jean-francois-millet\/#primaryimage","url":"https:\/\/www.aparences.net\/wp-content\/uploads\/2019\/06\/jean-francois-millet.jpg","contentUrl":"https:\/\/www.aparences.net\/wp-content\/uploads\/2019\/06\/jean-francois-millet.jpg","width":1080,"height":540},{"@type":"BreadcrumbList","@id":"https:\/\/www.aparences.net\/es\/escuelas\/la-escuela-de-barbizon\/jean-francois-millet\/#breadcrumb","itemListElement":[{"@type":"ListItem","position":1,"name":"Portada","item":"https:\/\/www.aparences.net\/es\/"},{"@type":"ListItem","position":2,"name":"Jean-Fran\u00e7ois Millet"}]},{"@type":"WebSite","@id":"https:\/\/www.aparences.net\/es\/#website","url":"https:\/\/www.aparences.net\/es\/","name":"Aparences: Historia del Arte y Actualidad Cultural","description":"","publisher":{"@id":"https:\/\/www.aparences.net\/es\/#organization"},"potentialAction":[{"@type":"SearchAction","target":{"@type":"EntryPoint","urlTemplate":"https:\/\/www.aparences.net\/es\/?s={search_term_string}"},"query-input":{"@type":"PropertyValueSpecification","valueRequired":true,"valueName":"search_term_string"}}],"inLanguage":"es"},{"@type":"Organization","@id":"https:\/\/www.aparences.net\/es\/#organization","name":"Aparences: Historia del Arte y Actualidad Cultural","url":"https:\/\/www.aparences.net\/es\/","logo":{"@type":"ImageObject","inLanguage":"es","@id":"https:\/\/www.aparences.net\/es\/#\/schema\/logo\/image\/","url":"https:\/\/www.aparences.net\/wp-content\/uploads\/2023\/09\/logo-quadrat-color-e1695915315229.png","contentUrl":"https:\/\/www.aparences.net\/wp-content\/uploads\/2023\/09\/logo-quadrat-color-e1695915315229.png","width":120,"height":120,"caption":"Aparences: Historia del Arte y Actualidad Cultural"},"image":{"@id":"https:\/\/www.aparences.net\/es\/#\/schema\/logo\/image\/"}},{"@type":"Person","@id":"https:\/\/www.aparences.net\/es\/#\/schema\/person\/af349f6ffc31b16c68963e61268afca5","name":"admin","url":"https:\/\/www.aparences.net\/es\/author\/admin\/"}]}},"_links":{"self":[{"href":"https:\/\/www.aparences.net\/es\/wp-json\/wp\/v2\/posts\/13867","targetHints":{"allow":["GET"]}}],"collection":[{"href":"https:\/\/www.aparences.net\/es\/wp-json\/wp\/v2\/posts"}],"about":[{"href":"https:\/\/www.aparences.net\/es\/wp-json\/wp\/v2\/types\/post"}],"author":[{"embeddable":true,"href":"https:\/\/www.aparences.net\/es\/wp-json\/wp\/v2\/users\/2"}],"replies":[{"embeddable":true,"href":"https:\/\/www.aparences.net\/es\/wp-json\/wp\/v2\/comments?post=13867"}],"version-history":[{"count":0,"href":"https:\/\/www.aparences.net\/es\/wp-json\/wp\/v2\/posts\/13867\/revisions"}],"wp:featuredmedia":[{"embeddable":true,"href":"https:\/\/www.aparences.net\/es\/wp-json\/wp\/v2\/media\/26720"}],"wp:attachment":[{"href":"https:\/\/www.aparences.net\/es\/wp-json\/wp\/v2\/media?parent=13867"}],"wp:term":[{"taxonomy":"category","embeddable":true,"href":"https:\/\/www.aparences.net\/es\/wp-json\/wp\/v2\/categories?post=13867"},{"taxonomy":"post_tag","embeddable":true,"href":"https:\/\/www.aparences.net\/es\/wp-json\/wp\/v2\/tags?post=13867"}],"curies":[{"name":"wp","href":"https:\/\/api.w.org\/{rel}","templated":true}]}}