{"id":13871,"date":"2019-06-23T17:45:55","date_gmt":"2019-06-23T15:45:55","guid":{"rendered":"https:\/\/www.aparences.net\/ecoles\/ecole-de-barbizon\/los-pintores-de-barbizon\/"},"modified":"2025-12-11T19:40:56","modified_gmt":"2025-12-11T18:40:56","slug":"los-pintores-de-barbizon","status":"publish","type":"post","link":"https:\/\/www.aparences.net\/es\/escuelas\/la-escuela-de-barbizon\/los-pintores-de-barbizon\/","title":{"rendered":"Los pintores de Barbizon"},"content":{"rendered":"<p><!--contents--><\/p>\n\n\n<h2 class=\"wp-block-heading\">El grupo de artistas de Barbizon<\/h2>\n\n\n\n<p>El nombre de este grupo de pintores <strong>proviene de un pueblecito al borde del bosque de Fontainebleau (Barbizon)<\/strong> donde en 1835 se asentaron <strong>Theodore Rousseau<\/strong>, <strong>Jean-Fran\u00e7ois Millet<\/strong> y m\u00e1s tarde <strong>Charles Jacque<\/strong>. Narcisse D\u00edaz de la Pe\u00f1a y Constant Troyon fueron los m\u00e1s asiduos, <strong>Camille Corot<\/strong>, Jules Dupr\u00e9 y Alexandre Decamps se reun\u00edan con ellos en la posada Gane. <strong>Lugar de comuni\u00f3n con la naturaleza<\/strong>, la localidad de Barbizon se convirti\u00f3 en un retiro alejado del espacio urbano en plena mutaci\u00f3n. El grupo de Barbizon no fue una escuela ni en el sentido institucional ni en el te\u00f3rico del t\u00e9rmino, sino que cristaliz\u00f3 entre la Revoluci\u00f3n de Julio y la Comuna en una \u00e9poca donde nac\u00eda una nueva sensibilidad caracter\u00edstica de la era industrial.<\/p>\n\n\n\n<!--more-->\n\n\n\n<p> Paralelamente al redescubrimiento del paisaje holand\u00e9s del siglo XVII y de los paisajistas ingleses (<a href=\"https:\/\/www.aparences.net\/es\/periodos\/romanticismo\/los-paisajistas-romanticos\/\">Turner y Constable<\/a>), su contribuci\u00f3n a la pintura francesa fue el abandono del <a href=\"https:\/\/www.aparences.net\/es\/periodos\/pintura-francesa-del-siglo-vii\/nicolas-poussin-el-paisaje-historico\/\">paisaje hist\u00f3rico<\/a> en favor de una visi\u00f3n de la naturaleza pintada <em>sur le motif<\/em>, es decir, directamente del natural, con escrupulosa sinceridad y un sentimiento pante\u00edsta, visi\u00f3n que inspir\u00f3 al <a href=\"https:\/\/www.aparences.net\/es\/periodos\/realisme-periodes\/\">realismo<\/a> y al <a href=\"https:\/\/www.aparences.net\/es\/periodos\/impresionismo-2\/\">impresionismo<\/a>. Estos artistas formaron un grupo social informal, evolucionando a merced de amistades o disputas, sabiendo mostrar su solidaridad cuando era necesario: D\u00edaz de la Pe\u00f1a, de familia acomodada y cuyas pinturas se vend\u00edan bien, ayud\u00f3 a sus colegas menos afortunados como Rousseau, Millet y m\u00e1s tarde Jongkind. Sin embargo, estos artistas no se consideraron como un grupo organizado, ni publicaron ning\u00fan manifiesto.<\/p>\n\n\n<div class=\"wp-block-image\">\n<figure class=\"aligncenter\"><img loading=\"lazy\" decoding=\"async\" width=\"607\" height=\"460\" src=\"https:\/\/www.aparences.net\/wp-content\/uploads\/2019\/06\/theodore-rousseau-etude-de-rochers-et-darbres-1835-strasbourg.jpg\" alt=\"Estudio de rocas y \u00e1rboles, 1835, Th\u00e9odore Rousseau\" class=\"wp-image-18808\" title=\"Estudio de rocas y \u00e1rboles, 1835, Th\u00e9odore Rousseau\" srcset=\"https:\/\/www.aparences.net\/wp-content\/uploads\/2019\/06\/theodore-rousseau-etude-de-rochers-et-darbres-1835-strasbourg.jpg 607w, https:\/\/www.aparences.net\/wp-content\/uploads\/2019\/06\/theodore-rousseau-etude-de-rochers-et-darbres-1835-strasbourg-300x227.jpg 300w\" sizes=\"auto, (max-width: 607px) 100vw, 607px\" \/><figcaption class=\"wp-element-caption\"><em><strong>Estudio de rocas y \u00e1rboles<\/strong>, 1835, <strong>Th\u00e9odore Rousseau<\/strong> (Estrasburgo, Mus\u00e9e des Beaux-Arts)<\/em><\/figcaption><\/figure>\n<\/div>\n\n\n<!-- AdBoxRight2020 --><ins class=\"adsbygoogle\"     style=\"display:block; margin-top:30px;\"     data-ad-client=\"ca-pub-2468002815867636\"     data-ad-slot=\"3496014735\"     data-ad-format=\"auto\"     data-full-width-responsive=\"false\"><\/ins><script> (adsbygoogle = window.adsbygoogle || []).push({});<\/script><h2 class=\"wp-block-heading\">Theodore Rousseau<\/h2>\n\n\n\n<p><strong>Theodore Rousseau<\/strong> (Par\u00eds 1812 &#8211; Barbizon 1867) <strong>se especializ\u00f3 en pintura paisaj\u00edstica<\/strong> y viaj\u00f3 a diferentes regiones de Francia para encontrar su propia manera influenciado por los holandeses, por J. Constable y por los paisajistas ingleses que hab\u00edan introducido una nueva forma de percibir la naturaleza. En Par\u00eds fue rechazado en los Salones, chocando con una clara oposici\u00f3n por parte de los cl\u00e1sicos (<em>Descente des vaches<\/em>, 1835). Se retir\u00f3 a Barbizon, donde ya trabajaba un grupo de j\u00f3venes pintores. Admitido en el Sal\u00f3n de 1848, pint\u00f3 por encargo del Estado, <em>Aux limites de la for\u00eat de Fontainebleau<\/em> (Par\u00eds, Louvre); el \u00e9xito le lleg\u00f3 en 1855 cuando, junto con Decamps, le fue dedicada una sala en la Exposici\u00f3n Universal. Sin embargo, Rousseau permaneci\u00f3 en Barbizon, donde continu\u00f3 pintando las atm\u00f3sferas oscuras y secretas del bosque, prestando especial atenci\u00f3n a los efectos atmosf\u00e9ricos y a los fen\u00f3menos luminosos (<em>Efecto de tormenta: vista desde la llanura de Montmartre<\/em>, 1850, Par\u00eds, Louvre), obteniendo una vibraci\u00f3n de los colores por medio de toques exacerbados. Jug\u00f3 un papel importante en el nacimiento del impresionismo.<\/p>\n\n\n<div class=\"wp-block-image\">\n<figure class=\"aligncenter\"><img loading=\"lazy\" decoding=\"async\" width=\"620\" height=\"358\" src=\"https:\/\/www.aparences.net\/wp-content\/uploads\/2019\/06\/theodore-rousseau-route-dans-la-foret-de-fontainebleau-orsay.jpg\" alt=\"Camino en el Bosque de Fontainebleau, Theodore Rousseau\" class=\"wp-image-18809\" title=\"Camino en el Bosque de Fontainebleau, Theodore Rousseau\" srcset=\"https:\/\/www.aparences.net\/wp-content\/uploads\/2019\/06\/theodore-rousseau-route-dans-la-foret-de-fontainebleau-orsay.jpg 620w, https:\/\/www.aparences.net\/wp-content\/uploads\/2019\/06\/theodore-rousseau-route-dans-la-foret-de-fontainebleau-orsay-300x173.jpg 300w\" sizes=\"auto, (max-width: 620px) 100vw, 620px\" \/><figcaption class=\"wp-element-caption\"><em><strong>Camino en el Bosque de Fontainebleau<\/strong>, efecto tormenta, entre 1860 y 1865, <strong>Theodore Rousseau<\/strong> (Par\u00eds, Mus\u00e9e d\u2019Orsay)<\/em><\/figcaption><\/figure>\n<\/div>\n\n<div class=\"wp-block-image\">\n<figure class=\"aligncenter\"><img loading=\"lazy\" decoding=\"async\" width=\"560\" height=\"446\" src=\"https:\/\/www.aparences.net\/wp-content\/uploads\/2019\/06\/rousseau-la-hutte-du-charbonier.jpg\" alt=\"La caba\u00f1a de los carboneros, c. 1850, Theodore Rousseau\" class=\"wp-image-18812\" title=\"La caba\u00f1a de los carboneros, c. 1850, Theodore Rousseau\" srcset=\"https:\/\/www.aparences.net\/wp-content\/uploads\/2019\/06\/rousseau-la-hutte-du-charbonier.jpg 560w, https:\/\/www.aparences.net\/wp-content\/uploads\/2019\/06\/rousseau-la-hutte-du-charbonier-300x239.jpg 300w\" sizes=\"auto, (max-width: 560px) 100vw, 560px\" \/><figcaption class=\"wp-element-caption\"><em><strong>La caba\u00f1a de los carboneros<\/strong>, c. 1850, <strong>Theodore Rousseau<\/strong> (Dallas, Museum of Art)<\/em><\/figcaption><\/figure>\n<\/div>\n\n\n<p>En <em><strong>Los robles de Apremont<\/strong><\/em>, una obra maestra de este per\u00edodo, Rousseau pone de manifiesto una inspiraci\u00f3n serena, en perfecta simbiosis con la naturaleza. Prescindiendo de la tendencia pintoresca aunque seductora que <a href=\"https:\/\/www.aparences.net\/es\/escuelas\/escuela-de-barbizon\/camille-corot\/\">Corot<\/a> sab\u00eda introducir en sus obras, en <em>Cavalier sous l\u2019orage<\/em> Rousseau trata el tema vegetal con seriedad monumental. El gran roble, domina con su imponente presencia las figuras y la llanura circundante.<\/p>\n\n\n<div class=\"wp-block-image\">\n<figure class=\"aligncenter\"><img loading=\"lazy\" decoding=\"async\" width=\"560\" height=\"361\" src=\"https:\/\/www.aparences.net\/wp-content\/uploads\/2019\/06\/theodore-rousseau-groupe-de-chenes-a-apremont-1875-louvre.jpg\" alt=\"Los robles de Apremont, Th\u00e9odore Rousseau\" class=\"wp-image-18810\" title=\"Los robles de Apremont, Th\u00e9odore Rousseau\" srcset=\"https:\/\/www.aparences.net\/wp-content\/uploads\/2019\/06\/theodore-rousseau-groupe-de-chenes-a-apremont-1875-louvre.jpg 560w, https:\/\/www.aparences.net\/wp-content\/uploads\/2019\/06\/theodore-rousseau-groupe-de-chenes-a-apremont-1875-louvre-300x193.jpg 300w\" sizes=\"auto, (max-width: 560px) 100vw, 560px\" \/><figcaption class=\"wp-element-caption\"><em><strong>Los robles de Apremont<\/strong>, Exposici\u00f3n Universal de 1875, <strong>Th\u00e9odore Rousseau<\/strong> <\/em><br><em>(Par\u00eds, mus\u00e9e du Louvre)<\/em><\/figcaption><\/figure>\n<\/div>\n\n<div class=\"wp-block-image\">\n<figure class=\"aligncenter\"><img loading=\"lazy\" decoding=\"async\" width=\"620\" height=\"375\" src=\"https:\/\/www.aparences.net\/wp-content\/uploads\/2019\/06\/theodore-rousseau-le-printemps-louvre.jpg\" alt=\"La primavera, Th\u00e9odore Rousseau\" class=\"wp-image-18811\" title=\"La primavera, Th\u00e9odore Rousseau\" srcset=\"https:\/\/www.aparences.net\/wp-content\/uploads\/2019\/06\/theodore-rousseau-le-printemps-louvre.jpg 620w, https:\/\/www.aparences.net\/wp-content\/uploads\/2019\/06\/theodore-rousseau-le-printemps-louvre-300x181.jpg 300w\" sizes=\"auto, (max-width: 620px) 100vw, 620px\" \/><figcaption class=\"wp-element-caption\"><em><strong>La primavera<\/strong>, \u00f3leo sobre lienzo 0,41 x 0,63 m. <strong>Th\u00e9odore Rousseau<\/strong> (Par\u00eds, mus\u00e9e du Louvre)<\/em><\/figcaption><\/figure>\n<\/div>\n\n\n<p>En sus \u00faltimos a\u00f1os, el artista, apoyado por su amigo <a href=\"https:\/\/www.aparences.net\/es\/escuelas\/escuela-de-barbizon\/jean-francois-millet\/\">Jean-Fran\u00e7ois Millet<\/a>, llev\u00f3 hasta l\u00edmites extremos su investigaci\u00f3n formal. Experiment\u00f3 con formatos originales, como el \u00f3valo de una <em>Vue du Plateau de Bellecroix<\/em> (Par\u00eds, Museo del Louvre) que recuerda algunos daguerrotipos.<\/p>\n\n\n\n<p>Otro pintor de Barbizon, <strong>Charles Jacque<\/strong> (1813-1894), cuyo tema predilecto eran los reba\u00f1os de ovejas, sab\u00eda c\u00f3mo representar, por medio de colores grasos, la rusticidad de paisajes intemporales. El \u00e9xito de su pintura fue tal que ten\u00eda dificultades para satisfacer la demanda. Se convirti\u00f3 en un extraordinario maestro del aguafuerte, en cuya resurrecci\u00f3n la \u00abescuela de Barbizon\u00bb contribuy\u00f3 de forma importante. Corot, Daubigny, Millet y Rousseau practicaron esta t\u00e9cnica.<\/p>\n\n\n<div class=\"wp-block-image\">\n<figure class=\"aligncenter\"><img loading=\"lazy\" decoding=\"async\" width=\"574\" height=\"420\" src=\"https:\/\/www.aparences.net\/wp-content\/uploads\/2019\/06\/charles-jacque-la-vieille-foret-1860-70-new-york.jpg\" alt=\"La Vieille for\u00eat, 1860-1870, Charles Jacque \" class=\"wp-image-18813\" title=\"La Vieille for\u00eat, 1860-1870, Charles Jacque \" srcset=\"https:\/\/www.aparences.net\/wp-content\/uploads\/2019\/06\/charles-jacque-la-vieille-foret-1860-70-new-york.jpg 574w, https:\/\/www.aparences.net\/wp-content\/uploads\/2019\/06\/charles-jacque-la-vieille-foret-1860-70-new-york-300x220.jpg 300w\" sizes=\"auto, (max-width: 574px) 100vw, 574px\" \/><figcaption class=\"wp-element-caption\"><em><strong>La Vieille for\u00eat<\/strong>, 1860-1870, <strong>Charles Jacque<\/strong> (Nueva York, Brooklyn Museum) <\/em><\/figcaption><\/figure>\n<\/div>\n\n\n<p><em>La materia aterciopelada, la vibraci\u00f3n de los colores y la precisi\u00f3n de una l\u00ednea concisa y segura, introducen en sus reba\u00f1os y rediles de ovejas una dimensi\u00f3n po\u00e9tica, casi misteriosa.<\/em><\/p>\n\n\n\n<p>La obra de <strong>Charles-Fran\u00e7ois Daubigny<\/strong> (1817-1878), registraba la diversidad de los cambios que se estaban produciendo en el mundo art\u00edstico. A principios de la d\u00e9cada de 1850, se distanci\u00f3 de lo pintoresco que produc\u00eda Barbizon, adoptando una amplitud casi cl\u00e1sica, probablemente inspirada por su encuentro con Corot, y un realismo paisaj\u00edstico poco modificado donde se evidencia su paralelismo con la fotograf\u00eda. M\u00e1s tarde, su inter\u00e9s por los juegos de luz y los reflejos sobre el agua, lo llev\u00f3 a navegar por el Sena y el Oise, en un m\u00edtico <em>bateau-atelier<\/em>, como el que utilizaba <a href=\"https:\/\/www.aparences.net\/es\/tematicos\/impresionistas-paisajistas\/claude-monet-pintar-al-aire-libre\/\" data-type=\"link\" data-id=\"https:\/\/www.aparences.net\/es\/tematicos\/impresionistas-paisajistas\/claude-monet-pintar-al-aire-libre\/\">Claude Monet<\/a>.<\/p>\n\n\n<div class=\"wp-block-image\">\n<figure class=\"aligncenter\"><img loading=\"lazy\" decoding=\"async\" width=\"620\" height=\"336\" src=\"https:\/\/www.aparences.net\/wp-content\/uploads\/2019\/06\/charles-francois-daubigny-le-printemps-1862-berlin.jpg\" alt=\"La primavera, 1862, Charles-Fran\u00e7ois Daubigny\" class=\"wp-image-18814\" title=\"La primavera, 1862, Charles-Fran\u00e7ois Daubigny\" srcset=\"https:\/\/www.aparences.net\/wp-content\/uploads\/2019\/06\/charles-francois-daubigny-le-printemps-1862-berlin.jpg 620w, https:\/\/www.aparences.net\/wp-content\/uploads\/2019\/06\/charles-francois-daubigny-le-printemps-1862-berlin-300x163.jpg 300w\" sizes=\"auto, (max-width: 620px) 100vw, 620px\" \/><figcaption class=\"wp-element-caption\"><em><strong>La primavera<\/strong>, 1862, <strong>Charles-Fran\u00e7ois Daubigny<\/strong> (Berl\u00edn, Alte Nationalgalerie)<\/em><\/figcaption><\/figure>\n<\/div>\n\n\n<!-- AdBoxLeft2023 --><ins class=\"adsbygoogle\" style=\"display:block\" data-ad-client=\"ca-pub-2468002815867636\" data-ad-slot=\"1318022963\" data-ad-format=\"auto\" data-full-width-responsive=\"true\"><\/ins><script> (adsbygoogle = window.adsbygoogle || []).push({});<\/script><h2 class=\"wp-block-heading\">Constant Troyon<\/h2>\n\n\n\n<p><strong>Constant Troyon<\/strong> (S\u00e8vres 1810 &#8211; Par\u00eds 1865) <strong>sac\u00f3 su inspiraci\u00f3n de los grandes paisajistas y animalistas holandeses del siglo XVII<\/strong>, de los cuales estudi\u00f3 las obras durante una estancia en Holanda en 1847-48. Form\u00f3 parte de la <strong>escuela de Barbizon<\/strong> y pint\u00f3 paisajes cercanos a los de Theodore Rousseau (<em>Cours d\u2019eau dans un bois, Les Hauteurs de Suresnes<\/em> &#8211; Curso de agua en un bosque, Las alturas de Suresnes, 1856, Par\u00eds, Louvre), obras que ponen de manifiesto un inter\u00e9s por el naturalismo y anuncian la pintura de <a href=\"https:\/\/www.aparences.net\/es\/periodos\/realisme-periodes\/gustave-courbet\/\">Courbet<\/a>.<\/p>\n\n\n<div class=\"wp-block-image\">\n<figure class=\"aligncenter\"><img loading=\"lazy\" decoding=\"async\" width=\"360\" height=\"460\" src=\"https:\/\/www.aparences.net\/wp-content\/uploads\/2019\/06\/constant-troyon-garde-chasse-arrete-par-ses-chiens-orsay.jpg\" alt=\"Guarda de Caza junto a sus perros, 1854, Constant Troyon\" class=\"wp-image-18815\" title=\"Guarda de Caza junto a sus perros, 1854, Constant Troyon\" srcset=\"https:\/\/www.aparences.net\/wp-content\/uploads\/2019\/06\/constant-troyon-garde-chasse-arrete-par-ses-chiens-orsay.jpg 360w, https:\/\/www.aparences.net\/wp-content\/uploads\/2019\/06\/constant-troyon-garde-chasse-arrete-par-ses-chiens-orsay-235x300.jpg 235w\" sizes=\"auto, (max-width: 360px) 100vw, 360px\" \/><figcaption class=\"wp-element-caption\"><em><strong>Guarda de Caza junto a sus perros<\/strong>, 1854, <\/em><br><em><strong>Constant Troyon<\/strong> (Par\u00eds, Mus\u00e9e d&#8217;Orsay)<\/em><\/figcaption><\/figure>\n<\/div>\n\n<div class=\"wp-block-image\">\n<figure class=\"aligncenter\"><img loading=\"lazy\" decoding=\"async\" width=\"610\" height=\"408\" src=\"https:\/\/www.aparences.net\/wp-content\/uploads\/2019\/06\/constant-troyon-entree-au-village-de-sevres.jpg\" alt=\"La entrada al pueblo de S\u00e8vres, 1834, Constant Troyon\" class=\"wp-image-18816\" title=\"La entrada al pueblo de S\u00e8vres, 1834, Constant Troyon\" srcset=\"https:\/\/www.aparences.net\/wp-content\/uploads\/2019\/06\/constant-troyon-entree-au-village-de-sevres.jpg 610w, https:\/\/www.aparences.net\/wp-content\/uploads\/2019\/06\/constant-troyon-entree-au-village-de-sevres-300x201.jpg 300w\" sizes=\"auto, (max-width: 610px) 100vw, 610px\" \/><figcaption class=\"wp-element-caption\"><em><strong>La entrada al pueblo de S\u00e8vres<\/strong>, 1834, <strong>Constant Troyon<\/strong> (Sceaux, Mus\u00e9e de l\u2019Ile de France)<\/em><\/figcaption><\/figure>\n<\/div>\n\n\n<p>Troyon se especializ\u00f3 en las representaciones de reba\u00f1os de vacas y bueyes, en las que se permiti\u00f3 efectos lum\u00ednicos particularmente acertados, como en el tard\u00edo cuadro <em>Rentr\u00e9e des troupeaux<\/em> (1856, Reims, Mus\u00e9e des Beaux-Arts). En el Sal\u00f3n de 1859, propuso una visi\u00f3n magistral tomada desde las alturas de Saint-Cloud, donde el tama\u00f1o imponente del cuadro les pareci\u00f3 a algunos cr\u00edticos desproporcionado por la supuesta falta de car\u00e1cter del sitio.<\/p>\n\n\n<div class=\"wp-block-image\">\n<figure class=\"aligncenter\"><img loading=\"lazy\" decoding=\"async\" width=\"610\" height=\"425\" src=\"https:\/\/www.aparences.net\/wp-content\/uploads\/2019\/06\/constant-troyon-passage-du-gue-louvre.jpg\" alt=\"El cruce del r\u00edo, 1852, Constant Troyon\" class=\"wp-image-18817\" title=\"El cruce del r\u00edo, 1852, Constant Troyon\" srcset=\"https:\/\/www.aparences.net\/wp-content\/uploads\/2019\/06\/constant-troyon-passage-du-gue-louvre.jpg 610w, https:\/\/www.aparences.net\/wp-content\/uploads\/2019\/06\/constant-troyon-passage-du-gue-louvre-300x209.jpg 300w\" sizes=\"auto, (max-width: 610px) 100vw, 610px\" \/><figcaption class=\"wp-element-caption\"><em><strong>El cruce del r\u00edo<\/strong>, 1852, <strong>Constant Troyon<\/strong> (Par\u00eds, Museo del Louvre)<\/em><\/figcaption><\/figure>\n<\/div>\n\n\n<h2 class=\"wp-block-heading\">Narciso Diaz de la Pe\u00f1a<\/h2>\n\n\n\n<p>Hijo de emigrantes espa\u00f1oles, el pintor <strong>Narciso D\u00edaz de la Pe\u00f1a<\/strong> (Burdeos 1807 &#8211; Menton 1876) comenz\u00f3 su carrera art\u00edstica en la d\u00e9cada de 1830 pintando sobre porcelana peque\u00f1as <strong>escenas sacadas de la mitolog\u00eda galante heredada del siglo XVIII y del gusto rom\u00e1ntico por el paisaje<\/strong> (<em>Nymphe caressant l\u2019Amour<\/em>, 1855, Par\u00eds, Mus\u00e9e d&#8217;Orsay). A partir de 1837 trabaj\u00f3 con el grupo de Barbizon, tratando sus numerosos paisajes con un materia pict\u00f3rica grasa y muy trabajada lo que le permit\u00eda conseguir excelentes efectos lum\u00ednicos, ejerciendo as\u00ed una influencia sobre los impresionistas.<\/p>\n\n\n<div class=\"wp-block-image\">\n<figure class=\"aligncenter\"><img loading=\"lazy\" decoding=\"async\" width=\"620\" height=\"410\" src=\"https:\/\/www.aparences.net\/wp-content\/uploads\/2019\/06\/diaz-de-la-pena-repas-champetre-dans-la-foret-de-fontainebleau-1863.jpg\" alt=\"Comida campestre en el bosque de Fontainebleau, 1863, Narciso D\u00edaz de la Pe\u00f1a\" class=\"wp-image-18818\" title=\"Comida campestre en el bosque de Fontainebleau, 1863, Narciso D\u00edaz de la Pe\u00f1a\" srcset=\"https:\/\/www.aparences.net\/wp-content\/uploads\/2019\/06\/diaz-de-la-pena-repas-champetre-dans-la-foret-de-fontainebleau-1863.jpg 620w, https:\/\/www.aparences.net\/wp-content\/uploads\/2019\/06\/diaz-de-la-pena-repas-champetre-dans-la-foret-de-fontainebleau-1863-300x198.jpg 300w\" sizes=\"auto, (max-width: 620px) 100vw, 620px\" \/><figcaption class=\"wp-element-caption\"><em><strong>Comida campestre en el bosque de Fontainebleau<\/strong>, 1863, <strong>Narciso D\u00edaz de la Pe\u00f1a<\/strong> (Colecci\u00f3n privada). Este cuadro fue dedicado a Claude Monet: en la parte posterior, podemos leer<\/em><br><em> \u00abal artista Claude Monet. N. D\u00edaz\u00bb.<\/em><\/figcaption><\/figure>\n<\/div>\n\n\n<p><strong>D\u00edaz de la Pe\u00f1a<\/strong> desarroll\u00f3 de forma original y sint\u00e9tica el mensaje de Rousseau. Sin buscar la profundidad de inspiraci\u00f3n del maestro, destac\u00f3 por el tratamiento de la luz atravesando los espesos bosques, granje\u00e1ndose una gran aceptaci\u00f3n entre los coleccionistas.<\/p>\n\n\n<div class=\"wp-block-image\">\n<figure class=\"aligncenter\"><img loading=\"lazy\" decoding=\"async\" width=\"599\" height=\"410\" src=\"https:\/\/www.aparences.net\/wp-content\/uploads\/2019\/06\/narcisse-diaz-de-la-pena-clairiere-dans-la-foret-de-fontainebleau.jpg\" alt=\"Claro en el bosque de Fontainebleau, 1869, Narciso D\u00edaz de la Pe\u00f1a\" class=\"wp-image-18819\" title=\"Claro en el bosque de Fontainebleau, 1869, Narciso D\u00edaz de la Pe\u00f1a\" srcset=\"https:\/\/www.aparences.net\/wp-content\/uploads\/2019\/06\/narcisse-diaz-de-la-pena-clairiere-dans-la-foret-de-fontainebleau.jpg 599w, https:\/\/www.aparences.net\/wp-content\/uploads\/2019\/06\/narcisse-diaz-de-la-pena-clairiere-dans-la-foret-de-fontainebleau-300x205.jpg 300w\" sizes=\"auto, (max-width: 599px) 100vw, 599px\" \/><figcaption class=\"wp-element-caption\"><em><strong>Claro en el bosque de Fontainebleau<\/strong>, 1869, <strong>Narciso D\u00edaz de la Pe\u00f1a<\/strong> (Colecci\u00f3n privada)<\/em><\/figcaption><\/figure>\n<\/div>\n\n<div class=\"wp-block-image\">\n<figure class=\"aligncenter\"><img loading=\"lazy\" decoding=\"async\" width=\"559\" height=\"340\" src=\"https:\/\/www.aparences.net\/wp-content\/uploads\/2019\/06\/diaz-de-la-pena-femme-ramassant-du-bois-.jpg\" alt=\"Mujer recogiendo le\u00f1a, 1856, Narciso D\u00edaz de la Pe\u00f1a\" class=\"wp-image-18820\" title=\"Mujer recogiendo le\u00f1a, 1856, Narciso D\u00edaz de la Pe\u00f1a\" srcset=\"https:\/\/www.aparences.net\/wp-content\/uploads\/2019\/06\/diaz-de-la-pena-femme-ramassant-du-bois-.jpg 559w, https:\/\/www.aparences.net\/wp-content\/uploads\/2019\/06\/diaz-de-la-pena-femme-ramassant-du-bois--300x182.jpg 300w\" sizes=\"auto, (max-width: 559px) 100vw, 559px\" \/><figcaption class=\"wp-element-caption\"><em><strong>Mujer recogiendo le\u00f1a<\/strong> cerca de un estanque en el bosque, detalle, 1856, <\/em><br><em><strong>Narciso D\u00edaz de la Pe\u00f1a<\/strong> (Nueva York, Colecci\u00f3n privada)<\/em><\/figcaption><\/figure>\n<\/div>\n\n\n<!-- AfterArticle2023 --><ins class=\"adsbygoogle\"     style=\"display:block;margin-bottom:5px;\"     data-ad-client=\"ca-pub-2468002815867636\"     data-ad-slot=\"3955176166\"     data-ad-format=\"auto\"     data-full-width-responsive=\"true\"><\/ins><script> (adsbygoogle = window.adsbygoogle || []).push({});<\/script><h2 class=\"wp-block-heading\">Jules Dupr\u00e9<\/h2>\n\n\n\n<p>Especialista en pintura paisaj\u00edstica holandesa <strong>Jules Dupr\u00e9<\/strong> (Nantes 1811 &#8211; l\u2019Isle-Adam 1889), atento a la lecci\u00f3n de <a href=\"https:\/\/www.aparences.net\/es\/periodos\/romanticismo\/los-paisajistas-romanticos\/#constable-y-el-paisaje-rural-ingl%C3%A9s\">Constable<\/a> y amigo de Theodore Rousseau, trabaj\u00f3 solo de forma ocasional en Barbizon. Su arte, cercano al realismo po\u00e9tico y, como Rousseau marcado por el ardor rom\u00e1ntico, aunque carente de su dimensi\u00f3n pante\u00edsta, valora la sensaci\u00f3n de percepci\u00f3n. Produjo composiciones fuertemente arquitecturadas alrededor de enormes \u00e1rboles nudosos, utilizando una abundante carga de materia pict\u00f3rica. Sus marinas manifiestan un lirismo \u00e1spero y poderoso, distintas de las rom\u00e1nticas vistas de la costa normanda del famoso pintor de marinas Jean-Baptiste Isabey (1767-1855). Sin embargo, con el tiempo, los toques de pintura terminan por disolverse en los efectos borrosos y una escritura que perturba la distinci\u00f3n entre la obra terminada y el boceto.<\/p>\n\n\n<div class=\"wp-block-image\">\n<figure class=\"aligncenter\"><img loading=\"lazy\" decoding=\"async\" width=\"596\" height=\"430\" src=\"https:\/\/www.aparences.net\/wp-content\/uploads\/2019\/06\/jules-dupre-l-isle-adam-vers-1830.jpg\" alt=\"L\u2019Isle-Adam, c. 1830, Jules Dupr\u00e9\" class=\"wp-image-18821\" title=\"L\u2019Isle-Adam, c. 1830, Jules Dupr\u00e9\" srcset=\"https:\/\/www.aparences.net\/wp-content\/uploads\/2019\/06\/jules-dupre-l-isle-adam-vers-1830.jpg 596w, https:\/\/www.aparences.net\/wp-content\/uploads\/2019\/06\/jules-dupre-l-isle-adam-vers-1830-300x216.jpg 300w\" sizes=\"auto, (max-width: 596px) 100vw, 596px\" \/><figcaption class=\"wp-element-caption\"><em><strong>L\u2019Isle-Adam<\/strong>, c. 1830, <strong>Jules Dupr\u00e9<\/strong> (Par\u00eds, colecci\u00f3n privada)<\/em><\/figcaption><\/figure>\n<\/div>\n\n<div class=\"wp-block-image\">\n<figure class=\"aligncenter\"><img loading=\"lazy\" decoding=\"async\" width=\"558\" height=\"430\" src=\"https:\/\/www.aparences.net\/wp-content\/uploads\/2019\/06\/jules-dupre-le-vieux-chene-c1870-washington.jpg\" alt=\"El viejo roble, 1870, Jules Dupr\u00e9\" class=\"wp-image-18822\" title=\"El viejo roble, 1870, Jules Dupr\u00e9\" srcset=\"https:\/\/www.aparences.net\/wp-content\/uploads\/2019\/06\/jules-dupre-le-vieux-chene-c1870-washington.jpg 558w, https:\/\/www.aparences.net\/wp-content\/uploads\/2019\/06\/jules-dupre-le-vieux-chene-c1870-washington-300x231.jpg 300w\" sizes=\"auto, (max-width: 558px) 100vw, 558px\" \/><figcaption class=\"wp-element-caption\"><em><strong>El viejo roble<\/strong>, 1870, <strong>Jules Dupr\u00e9<\/strong> (Washington, National Gallery of Art)<\/em><\/figcaption><\/figure>\n<\/div>\n\n<div class=\"wp-block-image\">\n<figure class=\"aligncenter\"><img loading=\"lazy\" decoding=\"async\" width=\"558\" height=\"438\" src=\"https:\/\/www.aparences.net\/wp-content\/uploads\/2019\/06\/jules-dupre-mer-agitee-c.1870-hambourg.jpg\" alt=\"Mar agitado, c. 1870, Jules Dupr\u00e9\" class=\"wp-image-18823\" title=\"Mar agitado, c. 1870, Jules Dupr\u00e9\" srcset=\"https:\/\/www.aparences.net\/wp-content\/uploads\/2019\/06\/jules-dupre-mer-agitee-c.1870-hambourg.jpg 558w, https:\/\/www.aparences.net\/wp-content\/uploads\/2019\/06\/jules-dupre-mer-agitee-c.1870-hambourg-300x235.jpg 300w\" sizes=\"auto, (max-width: 558px) 100vw, 558px\" \/><figcaption class=\"wp-element-caption\"><em><strong>Mar agitado<\/strong>, c. 1870, <strong>Jules Dupr\u00e9<\/strong> (Hamburgo, Kunsthalle Museum)<\/em><\/figcaption><\/figure>\n<\/div>\n\n\n<p>La <strong>escuela de Barbizon<\/strong> mostr\u00f3 as\u00ed una variedad de formas, estimuladas por la tensi\u00f3n entre la comprensi\u00f3n realista de la naturaleza y la lecci\u00f3n de los maestros antiguos y modernos. Sin embargo, ning\u00fan artista logr\u00f3 representar la dimensi\u00f3n metaf\u00edsica del paisaje como Rousseau. Solo <a href=\"https:\/\/www.aparences.net\/es\/escuelas\/escuela-de-barbizon\/jean-francois-millet\/\">Jean-Fran\u00e7ois Millet<\/a> supo encontrar esa forma elevada, casi metaf\u00edsica y de esencia rom\u00e1ntica, mostrando de manera profundamente humanista y realista la sociedad rural del siglo XIX. <a href=\"https:\/\/www.aparences.net\/es\/escuelas\/escuela-de-barbizon\/camille-corot\/\">Camille Corot<\/a> y Th\u00e9odore Rousseau fueron los grandes artesanos de la aparici\u00f3n del paisaje moderno.<\/p>\n\n\n\n<hr class=\"wp-block-separator has-alpha-channel-opacity\"\/>\n\n\n\n<h6 class=\"wp-block-heading\">Bibliograf\u00eda<\/h6>\n\n\n\n<p class=\"has-text-align-left\">Parinaud, Andr\u00e9. <em>Barbizon : Les origines de l&#8217;impressionnisme<\/em>. Adam Biro. Paris, 1994<br>Caille, Marie-Th\u00e9r\u00e8se. <em>L&#8217;auberge Ganne<\/em>. \u00c9ditions Gaud, 1991<br>Bouret, Jean. <em>L&#8217;\u00e9cole de Barbizon et le paysage fran\u00e7ais au XIXe si\u00e8cle. <\/em>Ides et Calendes, 2001<em><br><\/em> Pomar\u00e8de, Vincent.<em> <em>L&#8217;\u00e9cole de Barbizon : peindre en plein air.<\/em> <\/em>cat. exp. Lyon, mus\u00e9e des Beaux-Arts, 2002<em><br><\/em>Georgel, Chantal.<em> La For\u00eat de Fontainebleau, un atelier grandeur nature. <\/em>cat. exp. Mus\u00e9e d&#8217;Orsay, RMN, 2002<\/p>\n","protected":false},"excerpt":{"rendered":"<p>Lugar de comuni\u00f3n con la naturaleza, el pueblecito de Barbizon se convirti\u00f3 en un retiro alejado del espacio urbano en plena mutaci\u00f3n.<\/p>\n","protected":false},"author":2,"featured_media":26724,"comment_status":"closed","ping_status":"closed","sticky":false,"template":"","format":"standard","meta":{"footnotes":""},"categories":[3170],"tags":[2199,2183,2197,3211,3206,3213,413,3207,3214,2192],"class_list":["post-13871","post","type-post","status-publish","format-standard","has-post-thumbnail","hentry","category-la-escuela-de-barbizon","tag-alexandre-decamps","tag-camille-corot","tag-constant-troyon","tag-constant-troyon-2","tag-escuela-de-barbizon","tag-narciso-diaz-de-la-pena","tag-peinture-de-paysage","tag-pintores-de-barbizon","tag-theodore-rousseau-2","tag-theodore-rousseau"],"yoast_head":"<!-- This site is optimized with the Yoast SEO plugin v27.2 - https:\/\/yoast.com\/product\/yoast-seo-wordpress\/ -->\n<title>Los pintores de Barbizon<\/title>\n<meta name=\"description\" content=\"Lugar de comuni\u00f3n con la naturaleza, el pueblecito de Barbizon se convirti\u00f3 en un retiro alejado del espacio urbano en plena mutaci\u00f3n.\" \/>\n<meta name=\"robots\" content=\"index, follow, max-snippet:-1, max-image-preview:large, max-video-preview:-1\" \/>\n<link rel=\"canonical\" href=\"https:\/\/www.aparences.net\/es\/escuelas\/la-escuela-de-barbizon\/los-pintores-de-barbizon\/\" \/>\n<meta property=\"og:locale\" content=\"es_ES\" \/>\n<meta property=\"og:type\" content=\"article\" \/>\n<meta property=\"og:title\" content=\"Los pintores de Barbizon\" \/>\n<meta property=\"og:description\" content=\"Lugar de comuni\u00f3n con la naturaleza, el pueblecito de Barbizon se convirti\u00f3 en un retiro alejado del espacio urbano en plena mutaci\u00f3n.\" \/>\n<meta property=\"og:url\" content=\"https:\/\/www.aparences.net\/es\/escuelas\/la-escuela-de-barbizon\/los-pintores-de-barbizon\/\" \/>\n<meta property=\"og:site_name\" content=\"Aparences\" \/>\n<meta property=\"article:published_time\" content=\"2019-06-23T15:45:55+00:00\" \/>\n<meta property=\"article:modified_time\" content=\"2025-12-11T18:40:56+00:00\" \/>\n<meta property=\"og:image\" content=\"https:\/\/www.aparences.net\/wp-content\/uploads\/2019\/06\/les-peintres-de-barbizon.jpg\" \/>\n\t<meta property=\"og:image:width\" content=\"1080\" \/>\n\t<meta property=\"og:image:height\" content=\"540\" \/>\n\t<meta property=\"og:image:type\" content=\"image\/jpeg\" \/>\n<meta name=\"author\" content=\"admin\" \/>\n<meta name=\"twitter:card\" content=\"summary_large_image\" \/>\n<meta name=\"twitter:label1\" content=\"Escrito por\" \/>\n\t<meta name=\"twitter:data1\" content=\"admin\" \/>\n\t<meta name=\"twitter:label2\" content=\"Tiempo de lectura\" \/>\n\t<meta name=\"twitter:data2\" content=\"11 minutos\" \/>\n<script type=\"application\/ld+json\" class=\"yoast-schema-graph\">{\"@context\":\"https:\/\/schema.org\",\"@graph\":[{\"@type\":\"Article\",\"@id\":\"https:\/\/www.aparences.net\/es\/escuelas\/la-escuela-de-barbizon\/los-pintores-de-barbizon\/#article\",\"isPartOf\":{\"@id\":\"https:\/\/www.aparences.net\/es\/escuelas\/la-escuela-de-barbizon\/los-pintores-de-barbizon\/\"},\"author\":{\"name\":\"admin\",\"@id\":\"https:\/\/www.aparences.net\/es\/#\/schema\/person\/af349f6ffc31b16c68963e61268afca5\"},\"headline\":\"Los pintores de Barbizon\",\"datePublished\":\"2019-06-23T15:45:55+00:00\",\"dateModified\":\"2025-12-11T18:40:56+00:00\",\"mainEntityOfPage\":{\"@id\":\"https:\/\/www.aparences.net\/es\/escuelas\/la-escuela-de-barbizon\/los-pintores-de-barbizon\/\"},\"wordCount\":1679,\"publisher\":{\"@id\":\"https:\/\/www.aparences.net\/es\/#organization\"},\"image\":{\"@id\":\"https:\/\/www.aparences.net\/es\/escuelas\/la-escuela-de-barbizon\/los-pintores-de-barbizon\/#primaryimage\"},\"thumbnailUrl\":\"https:\/\/www.aparences.net\/wp-content\/uploads\/2019\/06\/les-peintres-de-barbizon.jpg\",\"keywords\":[\"Alexandre Decamps\",\"Camille Corot\",\"Constant Troyon\",\"Constant Troyon\",\"escuela de Barbizon\",\"Narciso D\u00edaz de la Pe\u00f1a\",\"peinture de paysage\",\"pintores de Barbizon\",\"Th\u00e9odore Rousseau\",\"Th\u00e9odore Rousseau\"],\"articleSection\":[\"La escuela de Barbizon\"],\"inLanguage\":\"es\"},{\"@type\":[\"WebPage\",\"ItemPage\"],\"@id\":\"https:\/\/www.aparences.net\/es\/escuelas\/la-escuela-de-barbizon\/los-pintores-de-barbizon\/\",\"url\":\"https:\/\/www.aparences.net\/es\/escuelas\/la-escuela-de-barbizon\/los-pintores-de-barbizon\/\",\"name\":\"Los pintores de Barbizon\",\"isPartOf\":{\"@id\":\"https:\/\/www.aparences.net\/es\/#website\"},\"primaryImageOfPage\":{\"@id\":\"https:\/\/www.aparences.net\/es\/escuelas\/la-escuela-de-barbizon\/los-pintores-de-barbizon\/#primaryimage\"},\"image\":{\"@id\":\"https:\/\/www.aparences.net\/es\/escuelas\/la-escuela-de-barbizon\/los-pintores-de-barbizon\/#primaryimage\"},\"thumbnailUrl\":\"https:\/\/www.aparences.net\/wp-content\/uploads\/2019\/06\/les-peintres-de-barbizon.jpg\",\"datePublished\":\"2019-06-23T15:45:55+00:00\",\"dateModified\":\"2025-12-11T18:40:56+00:00\",\"description\":\"Lugar de comuni\u00f3n con la naturaleza, el pueblecito de Barbizon se convirti\u00f3 en un retiro alejado del espacio urbano en plena mutaci\u00f3n.\",\"breadcrumb\":{\"@id\":\"https:\/\/www.aparences.net\/es\/escuelas\/la-escuela-de-barbizon\/los-pintores-de-barbizon\/#breadcrumb\"},\"inLanguage\":\"es\",\"potentialAction\":[{\"@type\":\"ReadAction\",\"target\":[\"https:\/\/www.aparences.net\/es\/escuelas\/la-escuela-de-barbizon\/los-pintores-de-barbizon\/\"]}]},{\"@type\":\"ImageObject\",\"inLanguage\":\"es\",\"@id\":\"https:\/\/www.aparences.net\/es\/escuelas\/la-escuela-de-barbizon\/los-pintores-de-barbizon\/#primaryimage\",\"url\":\"https:\/\/www.aparences.net\/wp-content\/uploads\/2019\/06\/les-peintres-de-barbizon.jpg\",\"contentUrl\":\"https:\/\/www.aparences.net\/wp-content\/uploads\/2019\/06\/les-peintres-de-barbizon.jpg\",\"width\":1080,\"height\":540},{\"@type\":\"BreadcrumbList\",\"@id\":\"https:\/\/www.aparences.net\/es\/escuelas\/la-escuela-de-barbizon\/los-pintores-de-barbizon\/#breadcrumb\",\"itemListElement\":[{\"@type\":\"ListItem\",\"position\":1,\"name\":\"Portada\",\"item\":\"https:\/\/www.aparences.net\/es\/\"},{\"@type\":\"ListItem\",\"position\":2,\"name\":\"Los pintores de Barbizon\"}]},{\"@type\":\"WebSite\",\"@id\":\"https:\/\/www.aparences.net\/es\/#website\",\"url\":\"https:\/\/www.aparences.net\/es\/\",\"name\":\"Aparences: Historia del Arte y Actualidad Cultural\",\"description\":\"\",\"publisher\":{\"@id\":\"https:\/\/www.aparences.net\/es\/#organization\"},\"potentialAction\":[{\"@type\":\"SearchAction\",\"target\":{\"@type\":\"EntryPoint\",\"urlTemplate\":\"https:\/\/www.aparences.net\/es\/?s={search_term_string}\"},\"query-input\":{\"@type\":\"PropertyValueSpecification\",\"valueRequired\":true,\"valueName\":\"search_term_string\"}}],\"inLanguage\":\"es\"},{\"@type\":\"Organization\",\"@id\":\"https:\/\/www.aparences.net\/es\/#organization\",\"name\":\"Aparences: Historia del Arte y Actualidad Cultural\",\"url\":\"https:\/\/www.aparences.net\/es\/\",\"logo\":{\"@type\":\"ImageObject\",\"inLanguage\":\"es\",\"@id\":\"https:\/\/www.aparences.net\/es\/#\/schema\/logo\/image\/\",\"url\":\"https:\/\/www.aparences.net\/wp-content\/uploads\/2023\/09\/logo-quadrat-color-e1695915315229.png\",\"contentUrl\":\"https:\/\/www.aparences.net\/wp-content\/uploads\/2023\/09\/logo-quadrat-color-e1695915315229.png\",\"width\":120,\"height\":120,\"caption\":\"Aparences: Historia del Arte y Actualidad Cultural\"},\"image\":{\"@id\":\"https:\/\/www.aparences.net\/es\/#\/schema\/logo\/image\/\"}},{\"@type\":\"Person\",\"@id\":\"https:\/\/www.aparences.net\/es\/#\/schema\/person\/af349f6ffc31b16c68963e61268afca5\",\"name\":\"admin\",\"url\":\"https:\/\/www.aparences.net\/es\/author\/admin\/\"}]}<\/script>\n<!-- \/ Yoast SEO plugin. -->","yoast_head_json":{"title":"Los pintores de Barbizon","description":"Lugar de comuni\u00f3n con la naturaleza, el pueblecito de Barbizon se convirti\u00f3 en un retiro alejado del espacio urbano en plena mutaci\u00f3n.","robots":{"index":"index","follow":"follow","max-snippet":"max-snippet:-1","max-image-preview":"max-image-preview:large","max-video-preview":"max-video-preview:-1"},"canonical":"https:\/\/www.aparences.net\/es\/escuelas\/la-escuela-de-barbizon\/los-pintores-de-barbizon\/","og_locale":"es_ES","og_type":"article","og_title":"Los pintores de Barbizon","og_description":"Lugar de comuni\u00f3n con la naturaleza, el pueblecito de Barbizon se convirti\u00f3 en un retiro alejado del espacio urbano en plena mutaci\u00f3n.","og_url":"https:\/\/www.aparences.net\/es\/escuelas\/la-escuela-de-barbizon\/los-pintores-de-barbizon\/","og_site_name":"Aparences","article_published_time":"2019-06-23T15:45:55+00:00","article_modified_time":"2025-12-11T18:40:56+00:00","og_image":[{"width":1080,"height":540,"url":"https:\/\/www.aparences.net\/wp-content\/uploads\/2019\/06\/les-peintres-de-barbizon.jpg","type":"image\/jpeg"}],"author":"admin","twitter_card":"summary_large_image","twitter_misc":{"Escrito por":"admin","Tiempo de lectura":"11 minutos"},"schema":{"@context":"https:\/\/schema.org","@graph":[{"@type":"Article","@id":"https:\/\/www.aparences.net\/es\/escuelas\/la-escuela-de-barbizon\/los-pintores-de-barbizon\/#article","isPartOf":{"@id":"https:\/\/www.aparences.net\/es\/escuelas\/la-escuela-de-barbizon\/los-pintores-de-barbizon\/"},"author":{"name":"admin","@id":"https:\/\/www.aparences.net\/es\/#\/schema\/person\/af349f6ffc31b16c68963e61268afca5"},"headline":"Los pintores de Barbizon","datePublished":"2019-06-23T15:45:55+00:00","dateModified":"2025-12-11T18:40:56+00:00","mainEntityOfPage":{"@id":"https:\/\/www.aparences.net\/es\/escuelas\/la-escuela-de-barbizon\/los-pintores-de-barbizon\/"},"wordCount":1679,"publisher":{"@id":"https:\/\/www.aparences.net\/es\/#organization"},"image":{"@id":"https:\/\/www.aparences.net\/es\/escuelas\/la-escuela-de-barbizon\/los-pintores-de-barbizon\/#primaryimage"},"thumbnailUrl":"https:\/\/www.aparences.net\/wp-content\/uploads\/2019\/06\/les-peintres-de-barbizon.jpg","keywords":["Alexandre Decamps","Camille Corot","Constant Troyon","Constant Troyon","escuela de Barbizon","Narciso D\u00edaz de la Pe\u00f1a","peinture de paysage","pintores de Barbizon","Th\u00e9odore Rousseau","Th\u00e9odore Rousseau"],"articleSection":["La escuela de Barbizon"],"inLanguage":"es"},{"@type":["WebPage","ItemPage"],"@id":"https:\/\/www.aparences.net\/es\/escuelas\/la-escuela-de-barbizon\/los-pintores-de-barbizon\/","url":"https:\/\/www.aparences.net\/es\/escuelas\/la-escuela-de-barbizon\/los-pintores-de-barbizon\/","name":"Los pintores de Barbizon","isPartOf":{"@id":"https:\/\/www.aparences.net\/es\/#website"},"primaryImageOfPage":{"@id":"https:\/\/www.aparences.net\/es\/escuelas\/la-escuela-de-barbizon\/los-pintores-de-barbizon\/#primaryimage"},"image":{"@id":"https:\/\/www.aparences.net\/es\/escuelas\/la-escuela-de-barbizon\/los-pintores-de-barbizon\/#primaryimage"},"thumbnailUrl":"https:\/\/www.aparences.net\/wp-content\/uploads\/2019\/06\/les-peintres-de-barbizon.jpg","datePublished":"2019-06-23T15:45:55+00:00","dateModified":"2025-12-11T18:40:56+00:00","description":"Lugar de comuni\u00f3n con la naturaleza, el pueblecito de Barbizon se convirti\u00f3 en un retiro alejado del espacio urbano en plena mutaci\u00f3n.","breadcrumb":{"@id":"https:\/\/www.aparences.net\/es\/escuelas\/la-escuela-de-barbizon\/los-pintores-de-barbizon\/#breadcrumb"},"inLanguage":"es","potentialAction":[{"@type":"ReadAction","target":["https:\/\/www.aparences.net\/es\/escuelas\/la-escuela-de-barbizon\/los-pintores-de-barbizon\/"]}]},{"@type":"ImageObject","inLanguage":"es","@id":"https:\/\/www.aparences.net\/es\/escuelas\/la-escuela-de-barbizon\/los-pintores-de-barbizon\/#primaryimage","url":"https:\/\/www.aparences.net\/wp-content\/uploads\/2019\/06\/les-peintres-de-barbizon.jpg","contentUrl":"https:\/\/www.aparences.net\/wp-content\/uploads\/2019\/06\/les-peintres-de-barbizon.jpg","width":1080,"height":540},{"@type":"BreadcrumbList","@id":"https:\/\/www.aparences.net\/es\/escuelas\/la-escuela-de-barbizon\/los-pintores-de-barbizon\/#breadcrumb","itemListElement":[{"@type":"ListItem","position":1,"name":"Portada","item":"https:\/\/www.aparences.net\/es\/"},{"@type":"ListItem","position":2,"name":"Los pintores de Barbizon"}]},{"@type":"WebSite","@id":"https:\/\/www.aparences.net\/es\/#website","url":"https:\/\/www.aparences.net\/es\/","name":"Aparences: Historia del Arte y Actualidad Cultural","description":"","publisher":{"@id":"https:\/\/www.aparences.net\/es\/#organization"},"potentialAction":[{"@type":"SearchAction","target":{"@type":"EntryPoint","urlTemplate":"https:\/\/www.aparences.net\/es\/?s={search_term_string}"},"query-input":{"@type":"PropertyValueSpecification","valueRequired":true,"valueName":"search_term_string"}}],"inLanguage":"es"},{"@type":"Organization","@id":"https:\/\/www.aparences.net\/es\/#organization","name":"Aparences: Historia del Arte y Actualidad Cultural","url":"https:\/\/www.aparences.net\/es\/","logo":{"@type":"ImageObject","inLanguage":"es","@id":"https:\/\/www.aparences.net\/es\/#\/schema\/logo\/image\/","url":"https:\/\/www.aparences.net\/wp-content\/uploads\/2023\/09\/logo-quadrat-color-e1695915315229.png","contentUrl":"https:\/\/www.aparences.net\/wp-content\/uploads\/2023\/09\/logo-quadrat-color-e1695915315229.png","width":120,"height":120,"caption":"Aparences: Historia del Arte y Actualidad Cultural"},"image":{"@id":"https:\/\/www.aparences.net\/es\/#\/schema\/logo\/image\/"}},{"@type":"Person","@id":"https:\/\/www.aparences.net\/es\/#\/schema\/person\/af349f6ffc31b16c68963e61268afca5","name":"admin","url":"https:\/\/www.aparences.net\/es\/author\/admin\/"}]}},"_links":{"self":[{"href":"https:\/\/www.aparences.net\/es\/wp-json\/wp\/v2\/posts\/13871","targetHints":{"allow":["GET"]}}],"collection":[{"href":"https:\/\/www.aparences.net\/es\/wp-json\/wp\/v2\/posts"}],"about":[{"href":"https:\/\/www.aparences.net\/es\/wp-json\/wp\/v2\/types\/post"}],"author":[{"embeddable":true,"href":"https:\/\/www.aparences.net\/es\/wp-json\/wp\/v2\/users\/2"}],"replies":[{"embeddable":true,"href":"https:\/\/www.aparences.net\/es\/wp-json\/wp\/v2\/comments?post=13871"}],"version-history":[{"count":0,"href":"https:\/\/www.aparences.net\/es\/wp-json\/wp\/v2\/posts\/13871\/revisions"}],"wp:featuredmedia":[{"embeddable":true,"href":"https:\/\/www.aparences.net\/es\/wp-json\/wp\/v2\/media\/26724"}],"wp:attachment":[{"href":"https:\/\/www.aparences.net\/es\/wp-json\/wp\/v2\/media?parent=13871"}],"wp:term":[{"taxonomy":"category","embeddable":true,"href":"https:\/\/www.aparences.net\/es\/wp-json\/wp\/v2\/categories?post=13871"},{"taxonomy":"post_tag","embeddable":true,"href":"https:\/\/www.aparences.net\/es\/wp-json\/wp\/v2\/tags?post=13871"}],"curies":[{"name":"wp","href":"https:\/\/api.w.org\/{rel}","templated":true}]}}