{"id":13879,"date":"2019-09-04T08:28:27","date_gmt":"2019-09-04T06:28:27","guid":{"rendered":"https:\/\/www.aparences.net\/ecoles\/ecole-de-pont-aven\/emile-bernard\/"},"modified":"2025-12-11T19:40:56","modified_gmt":"2025-12-11T18:40:56","slug":"emile-bernard-2","status":"publish","type":"post","link":"https:\/\/www.aparences.net\/es\/escuelas\/escuela-de-pont-aven\/emile-bernard-2\/","title":{"rendered":"\u00c9mile Bernard"},"content":{"rendered":"<p><!--contents--><\/p>\n\n\n<h2 class=\"wp-block-heading\">\u00c9mile Bernard y la escuela de Pont-Aven<\/h2>\n\n\n\n<p>Nacido en Lille el 28 de abril de 1868, <strong>Emile Bernard<\/strong> muestra ya desde la infancia una marcada predisposici\u00f3n por el dibujo y la pintura. Estudia en el taller de Cormon, donde tendr\u00e1 como compa\u00f1ero de estudio a <a href=\"https:\/\/www.aparences.net\/es\/periodos\/postimpresionismo\/henri-de-toulouse-lautrec\/\">Toulouse-Lautrec<\/a>. Primero se sentir\u00e1 atra\u00eddo por <a href=\"https:\/\/www.aparences.net\/es\/periodos\/impresionismo-2\/el-impresionismo\/\">el impresionismo<\/a>, pero el realismo y el naturalismo t\u00edpicos de esta corriente no le satisfacen. A los dieciocho a\u00f1os, <strong>durante su estancia en Pont-Aven, conoce a Gauguin<\/strong>, cuya fuerte personalidad lo fascina.<\/p>\n\n\n\n<p> De vuelta a Par\u00eds, <strong>entabla amistad con Vincent van Gogh<\/strong>, con quien expone en 1887. A principios de 1888, Gauguin y Bernard perfeccionan nuevos estilos a los que llaman <strong>sintetismo<\/strong> y <strong>closionismo<\/strong>, <strong>bas\u00e1ndose en las estampas japonesas<\/strong> y en la antigua tradici\u00f3n del arte medieval. Esta f\u00f3rmula es evidente en las numerosas obras en las que Bernard representa a los campesinos bretones, en los que admira su religiosidad, el gusto por el trabajo, la vida simple y serena.<\/p>\n\n\n<div class=\"wp-block-image\">\n<figure class=\"aligncenter\"><img loading=\"lazy\" decoding=\"async\" width=\"316\" height=\"460\" src=\"https:\/\/www.aparences.net\/wp-content\/uploads\/2019\/08\/emile-bernard-bretonne-assise-paysage-breton.jpg\" alt=\"\u00c9mile Bernard, Bretona sentada o Paisaje bret\u00f3n\" class=\"wp-image-18925\" title=\"\u00c9mile Bernard, Bretona sentada o Paisaje bret\u00f3n\" srcset=\"https:\/\/www.aparences.net\/wp-content\/uploads\/2019\/08\/emile-bernard-bretonne-assise-paysage-breton.jpg 316w, https:\/\/www.aparences.net\/wp-content\/uploads\/2019\/08\/emile-bernard-bretonne-assise-paysage-breton-206x300.jpg 206w\" sizes=\"auto, (max-width: 316px) 100vw, 316px\" \/><figcaption class=\"wp-element-caption\"><em><strong>Bretona sentada<\/strong> o Paisaje bret\u00f3n, 1886, <\/em><br><em><strong>\u00c9mile Bernard<\/strong> (Colecci\u00f3n privada)<\/em><\/figcaption><\/figure>\n<\/div>\n\n\n<p><em>\u00c9mile Bernard toma prestadas a Gauguin dos f\u00f3rmulas originales que desarroll\u00f3 durante su estancia en Pont-Aven: el formato inusual del lienzo para un paisaje y la representaci\u00f3n de una joven bretona de espaldas. La aportaci\u00f3n de Bernard consiste en la aplicaci\u00f3n de peque\u00f1os puntos unidos formando una textura apretada y la estructura rigurosa de los contornos.<\/em><\/p>\n\n\n<div class=\"wp-block-image\">\n<figure class=\"aligncenter\"><img loading=\"lazy\" decoding=\"async\" width=\"515\" height=\"430\" src=\"https:\/\/www.aparences.net\/wp-content\/uploads\/2019\/08\/emile-bernard-1887-apres-midi-a-saint-briac.jpg\" alt=\"\u00c9mile Bernard, Tarde en Saint-Briac\" class=\"wp-image-18896\" title=\"\u00c9mile Bernard, Tarde en Saint-Briac\" srcset=\"https:\/\/www.aparences.net\/wp-content\/uploads\/2019\/08\/emile-bernard-1887-apres-midi-a-saint-briac.jpg 515w, https:\/\/www.aparences.net\/wp-content\/uploads\/2019\/08\/emile-bernard-1887-apres-midi-a-saint-briac-300x250.jpg 300w\" sizes=\"auto, (max-width: 515px) 100vw, 515px\" \/><figcaption class=\"wp-element-caption\"><em><strong>Una tarde en Saint-Briac<\/strong>, 1887, <em><strong>\u00c9mile Bernard<\/strong><\/em> (Colecci\u00f3n privada)<\/em><\/figcaption><\/figure>\n<\/div>\n\n\n<p><em>La composici\u00f3n es deliberadamente asim\u00e9trica con formas geom\u00e9tricas que interrumpen las curvas naturales del paisaje. Bernard instala aqu\u00ed un equilibrio entre la belleza del paisaje y un motivo decorativo representado por la joven apoyada en la balaustrada.<\/em><\/p>\n\n\n<div class=\"wp-block-image\">\n<figure class=\"aligncenter\"><img loading=\"lazy\" decoding=\"async\" width=\"515\" height=\"386\" src=\"https:\/\/www.aparences.net\/wp-content\/uploads\/2019\/08\/emile-bernard-vue-du-pont-d-asnieres-1887.jpg\" alt=\"\u00c9mile Bernard, Vista del Puente de Asni\u00e8res\" class=\"wp-image-18897\" title=\"\u00c9mile Bernard, Vista del Puente de Asni\u00e8res\" srcset=\"https:\/\/www.aparences.net\/wp-content\/uploads\/2019\/08\/emile-bernard-vue-du-pont-d-asnieres-1887.jpg 515w, https:\/\/www.aparences.net\/wp-content\/uploads\/2019\/08\/emile-bernard-vue-du-pont-d-asnieres-1887-300x225.jpg 300w\" sizes=\"auto, (max-width: 515px) 100vw, 515px\" \/><figcaption class=\"wp-element-caption\"><em><strong>Vista del Puente de Asni\u00e8res<\/strong>, 1887, <em><strong>\u00c9mile Bernard<\/strong><\/em> (Par\u00eds, mus\u00e9e de l\u2019Orangerie)<\/em><\/figcaption><\/figure>\n<\/div>\n\n\n<p><em>La anexi\u00f3n de los dos personajes cortados, anuncia claramente un distanciamiento de la pr\u00e1ctica impresionista. <a href=\"https:\/\/www.aparences.net\/es\/periodos\/impresionismo-3\/edgar-degas\/\">Degas<\/a> ya hab\u00eda explorado este tipo de representaci\u00f3n de figuras, de un excelente efecto \u00abmoderno\u00bb, como si salieran de una instant\u00e1nea. En esta forma de pintar las figuras, Bernard muestra su reciente descubrimiento de las estampas japonesas, especialmente en las \u00e1reas de colores planos delimitadas con l\u00edneas simples y limpias.<\/em><\/p>\n\n\n\n<p>Gauguin y Bernard eligen el t\u00e9rmino <em>synth\u00e9tique<\/em> porque quieren simplificar la realidad, pintando no <em>sur le motif<\/em> (del natural), sino de memoria. Con el t\u00e9rmino <em>cloisonniste<\/em>, evocan las vastas superficies de colores planos con contornos oscuros, similares a las l\u00edneas continuas que delimitan las superficies de diferentes colores de los vitrales g\u00f3ticos. No se sabe con certeza qui\u00e9n es el iniciador de este nuevo estilo, que naci\u00f3 durante las largas discusiones de los dos pintores en la pensi\u00f3n Gloanec en Pont-Aven: algunos a\u00f1os despu\u00e9s, cuando la amistad entre Gauguin y Bernard se rompe, ambos est\u00e1n convencidos de haber sido el verdadero inventor y acusa al otro de apropiaci\u00f3n.<\/p>\n\n\n<div class=\"wp-block-image\">\n<figure class=\"aligncenter\"><img loading=\"lazy\" decoding=\"async\" width=\"376\" height=\"460\" src=\"https:\/\/www.aparences.net\/wp-content\/uploads\/2019\/08\/emile-bernard-la-moisson-dun-champ-de-ble-1888.jpg\" alt=\"La siega de un campo de trigo, 1888, \u00c9mile Bernard\" class=\"wp-image-18898\" title=\"La siega de un campo de trigo, 1888, \u00c9mile Bernard\" srcset=\"https:\/\/www.aparences.net\/wp-content\/uploads\/2019\/08\/emile-bernard-la-moisson-dun-champ-de-ble-1888.jpg 376w, https:\/\/www.aparences.net\/wp-content\/uploads\/2019\/08\/emile-bernard-la-moisson-dun-champ-de-ble-1888-245x300.jpg 245w\" sizes=\"auto, (max-width: 376px) 100vw, 376px\" \/><figcaption class=\"wp-element-caption\"><em><strong>La siega de un campo de trigo<\/strong>, 1888, <em><strong>\u00c9mile Bernard<\/strong><\/em> <\/em><br><em>(Par\u00eds, mus\u00e9e de l\u2019Orangerie)<\/em><\/figcaption><\/figure>\n<\/div>\n\n\n<p><em>Este cuadro resume por s\u00ed s\u00f3lo el <strong>estilo decorativo y sint\u00e9tico<\/strong> de Bernard en Pont-Aven. Hacia finales del mismo a\u00f1o, este estilo se expresar\u00eda en la famosa serie de zincograf\u00edas a las que llam\u00f3 \u00abLes Bretonneries\u00bb realizadas en Par\u00eds, y en concreto la titulada \u00abLe Moissonneur\u00bb.<\/em><\/p>\n\n\n\n<p>En aquella \u00e9poca, cuando la cr\u00edtica se refer\u00eda a la <strong>escuela de Pont-Aven<\/strong> y no pon\u00eda en valor la obra de Bernard, \u00e9ste tomaba la pluma para defenderse y expresar su punto de vista. Ello tuvo un efecto adverso, pues forz\u00f3 al p\u00fablico a confrontar su obra con la de Gauguin. Sin embargo, algunos trabajos de esta estancia en Pont-Aven muestran la independencia de Bernard respecto a Gauguin, incluso si a\u00fan no hab\u00eda encontrado su estilo.<\/p>\n\n\n<div class=\"wp-block-image\">\n<figure class=\"aligncenter\"><img loading=\"lazy\" decoding=\"async\" width=\"617\" height=\"242\" src=\"https:\/\/www.aparences.net\/wp-content\/uploads\/2019\/08\/paul-gauguin-emile-bernard-vision-apres-le-sermon-le-pardon.jpg\" alt=\"La visi\u00f3n del serm\u00f3n, 1888, Paul Gauguin; El perd\u00f3n, 1888, \u00c9mile Bernard\" class=\"wp-image-18899\" title=\"La visi\u00f3n del serm\u00f3n, 1888, Paul Gauguin; El perd\u00f3n, 1888, \u00c9mile Bernard\" srcset=\"https:\/\/www.aparences.net\/wp-content\/uploads\/2019\/08\/paul-gauguin-emile-bernard-vision-apres-le-sermon-le-pardon.jpg 617w, https:\/\/www.aparences.net\/wp-content\/uploads\/2019\/08\/paul-gauguin-emile-bernard-vision-apres-le-sermon-le-pardon-300x118.jpg 300w\" sizes=\"auto, (max-width: 617px) 100vw, 617px\" \/><figcaption class=\"wp-element-caption\"><em><strong>La visi\u00f3n del serm\u00f3n<\/strong>, 1888, <strong>Paul Gauguin<\/strong> (Edimburgo, Galer\u00eda Nacional de Escocia); <\/em><br><em><strong>El perd\u00f3n<\/strong>, 1888, <strong>\u00c9mile Bernard<\/strong> (Colecci\u00f3n privada)<\/em><\/figcaption><\/figure>\n<\/div>\n\n\n<p>Los <em>Peupliers rouges<\/em> y <em><strong>Madeleine au Bois d\u2019Amour<\/strong><\/em> se pintaron en Pont-Aven en 1888, y provocaron una emoci\u00f3n tan viva en Gauguin que los describi\u00f3 a Van Gogh a su llegada a Arles. Estas pinturas demuestran el incre\u00edble poder de la invenci\u00f3n de Bernard cuando conoci\u00f3 a Gauguin. De hecho, hab\u00eda logrado combinar el estilo cloisonista incorporando pinceladas cezanescas y reduciendo su paleta esencialmente al verde y al p\u00farpura con un poco de amarillo. Este \u00fanico aspecto de la producci\u00f3n de Bernard es suficiente para situarlo en primera l\u00ednea de la pintura moderna. Gauguin y Van Gogh (que le doblaban la edad), aunque compartiendo caracter\u00edsticas de estilo evidentes en algunas de sus pinturas, <em>Madeleine en el bosque del Amor<\/em> puede ser una excepci\u00f3n por su tema simbolista que asocia un bosque y la figura de una joven tendida y meditativa.<\/p>\n\n\n<div class=\"wp-block-image\">\n<figure class=\"aligncenter\"><img loading=\"lazy\" decoding=\"async\" width=\"517\" height=\"431\" src=\"https:\/\/www.aparences.net\/wp-content\/uploads\/2019\/08\/emile-bernard-madeleine-au-bois-d-amour-1888-musee-d-orsay-1.jpg\" alt=\"\u00c9mile Bernard, Madeleine en el bosque de Amor\" class=\"wp-image-18900\" title=\"\u00c9mile Bernard, Madeleine en el bosque de Amor\" srcset=\"https:\/\/www.aparences.net\/wp-content\/uploads\/2019\/08\/emile-bernard-madeleine-au-bois-d-amour-1888-musee-d-orsay-1.jpg 517w, https:\/\/www.aparences.net\/wp-content\/uploads\/2019\/08\/emile-bernard-madeleine-au-bois-d-amour-1888-musee-d-orsay-1-300x250.jpg 300w\" sizes=\"auto, (max-width: 517px) 100vw, 517px\" \/><figcaption class=\"wp-element-caption\"><em><strong>Madeleine en el bosque de Amor<\/strong>, 1888, <em><strong>\u00c9mile Bernard<\/strong><\/em> (Par\u00eds, Museo de Orsay)<\/em><\/figcaption><\/figure>\n<\/div>\n\n\n<p><em>La pintura muestra a la hermana menor del pintor, Madeleine, como una musa moderna, tendida bajo los \u00e1rboles del Bois d&#8217;Amour, en el borde del Aven, el r\u00edo que ba\u00f1a Pont-Aven. En agosto de 1888, la joven de diecisiete a\u00f1os vino con su madre a Pont-Aven a visitar a su hermano y conoce a Gauguin que por aquel entonces ya hab\u00eda cumplido los cuarenta. El pintor se enamora de ella y le dedica un bello retrato (actualmente en el museo de Grenoble) pero la joven no comparte su amor y elige como compa\u00f1ero a Charles Laval, un disc\u00edpulo de Gauguin.<\/em><\/p>\n\n\n<div class=\"wp-block-image\">\n<figure class=\"aligncenter\"><img loading=\"lazy\" decoding=\"async\" width=\"515\" height=\"408\" src=\"https:\/\/www.aparences.net\/wp-content\/uploads\/2019\/08\/emile-bernard-moisson-au-bord-de-la-mer.jpg\" alt=\"\u00c9mile Bernard, Cosecha a orillas del mar\" class=\"wp-image-18901\" title=\"\u00c9mile Bernard, Cosecha a orillas del mar\" srcset=\"https:\/\/www.aparences.net\/wp-content\/uploads\/2019\/08\/emile-bernard-moisson-au-bord-de-la-mer.jpg 515w, https:\/\/www.aparences.net\/wp-content\/uploads\/2019\/08\/emile-bernard-moisson-au-bord-de-la-mer-300x238.jpg 300w\" sizes=\"auto, (max-width: 515px) 100vw, 515px\" \/><figcaption class=\"wp-element-caption\"><em><strong>Cosecha a orillas del mar<\/strong>, 1891, <em><strong>\u00c9mile Bernard<\/strong><\/em> (Par\u00eds, Museo de Orsay)<\/em><\/figcaption><\/figure>\n<\/div>\n\n\n<p><em>Este gran cuadro condensa todas las potencialidades del estilo de Bernard. Con un dominio pict\u00f3rico lleno de delicadeza, el joven artista ha creado una composici\u00f3n con formas elegantes, elaborada por medio de trazos deliberadamente verticales. El primer plano compone una escena en la que el ballet de los segadores se despliega en medio de las gavillas de formas extra\u00f1as. Sus c\u00e1lidas armon\u00edas de ocres y amarillos contrastan con el fr\u00edo color turquesa del arco formado por la bah\u00eda de Saint-Briac, rodeada de arena, mar y cielo.<\/em><\/p>\n\n\n\n<p>El joven Bernard que ya hab\u00eda mostrado inter\u00e9s por la <strong>Rosa-Cruz<\/strong> (<em>Rose-Croix<\/em>) y los <a href=\"https:\/\/www.aparences.net\/es\/periodos\/el-simbolismo\/\">pintores simbolistas<\/a>, sus dudas art\u00edsticas lo hicieron vulnerable a las predicaciones de P\u00e9ladan que pasaba el verano de 1891 en Saint-Briac. Bernard ten\u00eda una concepci\u00f3n del arte religioso muy alejada de lo que defend\u00eda P\u00e9ladan, le preocupaban m\u00e1s las cuestiones puramente pict\u00f3ricas. Probablemente y en respuesta a las dudas que sent\u00eda, en las raras pinturas religiosas que pint\u00f3, busc\u00f3 sobre todo desarrollar el simbolismo pict\u00f3rico hasta sus l\u00edmites extremos, como es el caso en <em>Procesi\u00f3n en Saint-Briac.<\/em><\/p>\n\n\n<div class=\"wp-block-image\">\n<figure class=\"aligncenter\"><img loading=\"lazy\" decoding=\"async\" width=\"515\" height=\"374\" src=\"https:\/\/www.aparences.net\/wp-content\/uploads\/2019\/08\/emile-bernard-procession-a-saint-briac-1891.jpg\" alt=\"\u00c9mile Bernard, Procesi\u00f3n en Saint-Briac\" class=\"wp-image-18902\" title=\"\u00c9mile Bernard, Procesi\u00f3n en Saint-Briac\" srcset=\"https:\/\/www.aparences.net\/wp-content\/uploads\/2019\/08\/emile-bernard-procession-a-saint-briac-1891.jpg 515w, https:\/\/www.aparences.net\/wp-content\/uploads\/2019\/08\/emile-bernard-procession-a-saint-briac-1891-300x218.jpg 300w\" sizes=\"auto, (max-width: 515px) 100vw, 515px\" \/><figcaption class=\"wp-element-caption\"><em><strong>Procesi\u00f3n en Saint-Briac<\/strong>, 1891, <em><strong>\u00c9mile Bernard<\/strong><\/em> (Wellesley, Wellesley College)<\/em><\/figcaption><\/figure>\n<\/div>\n\n\n<p>A principios de 1893 se perfil\u00f3 para Bernard el comienzo de un renombre internacional. Octave Maus, un abogado de Bruselas y figura destacada en la organizaci\u00f3n del grupo de <a href=\"https:\/\/www.aparences.net\/es\/periodos\/el-simbolismo\/el-simbolismo-belga\/#grupo-de-los-xx\">Los XX<\/a>, lo invit\u00f3 a participar en su d\u00e9cimo Salon anual. El artista propuso exponer el <em>paravent<\/em> (biombo) que hab\u00eda realizado en 1891 para Anna Boch, pintora y hermana de su amigo Eug\u00e8ne. Aunque ejecutado dos a\u00f1os antes, esta obra es un magn\u00edfico ejemplo del moderno estilo decorativo y sint\u00e9tico de Bernard. El artista desarroll\u00f3 hasta el extremo el estilo sint\u00e9tico que hab\u00eda adoptado en el paravent para Anna Boch, en una serie de tres grandes pinturas (<em>Bretonas entrando a la iglesia<\/em>, <em>Las lavanderas<\/em>, <em>Bretonas con sombrillas<\/em>) ejecutadas sobre lienzo o cart\u00f3n. Estas pinturas muestran el alto grado de investigaci\u00f3n de Bernard sobre el sintetismo hasta llegar a una simplificaci\u00f3n general de las formas.<\/p>\n\n\n<div class=\"wp-block-image\">\n<figure class=\"aligncenter\"><img loading=\"lazy\" decoding=\"async\" width=\"515\" height=\"361\" src=\"https:\/\/www.aparences.net\/wp-content\/uploads\/2019\/08\/emile-bernard-paravent-les-quatre-saisons.jpg\" alt=\"\u00c9mile Bernard, Las cuatro estaciones\" class=\"wp-image-18903\" title=\"\u00c9mile Bernard, Las cuatro estaciones\" srcset=\"https:\/\/www.aparences.net\/wp-content\/uploads\/2019\/08\/emile-bernard-paravent-les-quatre-saisons.jpg 515w, https:\/\/www.aparences.net\/wp-content\/uploads\/2019\/08\/emile-bernard-paravent-les-quatre-saisons-300x210.jpg 300w\" sizes=\"auto, (max-width: 515px) 100vw, 515px\" \/><figcaption class=\"wp-element-caption\"><em><strong>Las cuatro estaciones<\/strong>, (biombo) 1891, <strong>\u00c9mile Bernard<\/strong> (Colecci\u00f3n privada)<\/em><\/figcaption><\/figure>\n<\/div>\n\n\n<p><em>Con una magn\u00edfica sobriedad, el biombo muestra las cuatro estaciones y en primer plano las siluetas de mujeres bretonas vestidas de azul ultramar y sencillos tocados blancos. Cada hoja se refiere al trabajo agr\u00edcola relacionado con cada estaci\u00f3n. El conjunto presenta una interacci\u00f3n abstracta, musical, de curvas y colores. Los versos del poeta <a href=\"https:\/\/www.aparences.net\/es\/periodos\/el-simbolismo\/el-simbolismo-belga\/\">simbolista belga<\/a>, \u00c9mile Verhaeren, est\u00e1n inscritos en las faldas de las campesinas y en el paisaje.<\/em><\/p>\n\n\n<div class=\"wp-block-image\">\n<figure class=\"aligncenter\"><img loading=\"lazy\" decoding=\"async\" width=\"515\" height=\"416\" src=\"https:\/\/www.aparences.net\/wp-content\/uploads\/2019\/08\/emile-bernard-bretonnes-aux-ombrelles-1892-1.jpg\" alt=\"\u00c9mile Bernard, Bretonas con sombrillas\" class=\"wp-image-18910\" title=\"\u00c9mile Bernard, Bretonas con sombrillas\" srcset=\"https:\/\/www.aparences.net\/wp-content\/uploads\/2019\/08\/emile-bernard-bretonnes-aux-ombrelles-1892-1.jpg 515w, https:\/\/www.aparences.net\/wp-content\/uploads\/2019\/08\/emile-bernard-bretonnes-aux-ombrelles-1892-1-300x242.jpg 300w\" sizes=\"auto, (max-width: 515px) 100vw, 515px\" \/><figcaption class=\"wp-element-caption\"><em><strong>Bretonas con sombrillas<\/strong>, 1892, <em><strong>\u00c9mile Bernard<\/strong><\/em> (Par\u00eds, Museo de Orsay)<\/em><\/figcaption><\/figure>\n<\/div>\n\n\n<!-- AdBoxRight2020 --><ins class=\"adsbygoogle\"     style=\"display:block; margin-top:30px;\"     data-ad-client=\"ca-pub-2468002815867636\"     data-ad-slot=\"3496014735\"     data-ad-format=\"auto\"     data-full-width-responsive=\"false\"><\/ins><script> (adsbygoogle = window.adsbygoogle || []).push({});<\/script><h2 class=\"wp-block-heading\">El viaje a Egipto<\/h2>\n\n\n\n<p><strong>El viaje a Egipto, comparable a una huida frente al apogeo de la gloria de Gauguin<\/strong>, puede dif\u00edcilmente pasar por una simple coincidencia: \u00abPartir, huir lejos, lejos de todo y donde sea, siempre que sea hacia lo desconocido\u00bb. Emile Bernard considera la urgencia de otras perspectivas cuando Gauguin le propone en 1891 irse con \u00e9l a Madagascar para fundar \u00abel taller de los tr\u00f3picos\u00bb. Pero la ruptura con Gauguin es definitiva. Bernard decidi\u00f3 viajar a Oriente y a Egipto en particular, persuadido de que all\u00ed realizar\u00eda su obra maestra. Mientras decoraba el Colegio San Luis de Tantah a principios de 1894, Bernard conoci\u00f3 a un joven sirio, profesor de \u00e1rabe, que le hac\u00eda de gu\u00eda en El Cairo. Bernard necesitaba modelos y el joven le present\u00f3 a una familia cristiana de Siria, los Saati. Inmediatamente se enamora de una de las hijas, Hanenah, de unos quince a\u00f1os, con quien se casa, contento de tener al lado una mujer \u00abhermosa y sumisa\u00bb convencido de salvarla de su miserable condici\u00f3n y evitarle as\u00ed un matrimonio forzado.<\/p>\n\n\n<div class=\"wp-block-image\">\n<figure class=\"aligncenter\"><img loading=\"lazy\" decoding=\"async\" width=\"346\" height=\"430\" src=\"https:\/\/www.aparences.net\/wp-content\/uploads\/2019\/08\/emile-bernard-autoportrait-au-turban-jaune.jpg\" alt=\"Autorretrato con turbante amarillo, \u00c9mile Bernard\" class=\"wp-image-18911\" title=\"Autorretrato con turbante amarillo, \u00c9mile Bernard\" srcset=\"https:\/\/www.aparences.net\/wp-content\/uploads\/2019\/08\/emile-bernard-autoportrait-au-turban-jaune.jpg 346w, https:\/\/www.aparences.net\/wp-content\/uploads\/2019\/08\/emile-bernard-autoportrait-au-turban-jaune-241x300.jpg 241w\" sizes=\"auto, (max-width: 346px) 100vw, 346px\" \/><figcaption class=\"wp-element-caption\"><em><strong>Autorretrato con turbante amarillo<\/strong>, \u00c9mile Bernard con su mujer Hanenah, 1894, (Colecci\u00f3n privada)<\/em><\/figcaption><\/figure>\n<\/div>\n\n\n<p>El \u00abazul ultramar\u00bb y la \u00ablaca carminada\u00bb recientemente enviados por sus padres le permitieron emprender lo que quiz\u00e1s sea la obra maestra de su per\u00edodo egipcio: El cuadro <em><strong>Mujeres sacando agua del Nilo<\/strong><\/em> que describe en una carta de febrero de 1899: \u00abSon mujeres con velos de seda negra en un paisaje. Por lo tanto, gama de negro, con muchas notas claras (rosas, amarillos, verdes, etc.).\u00bb De este inmenso lienzo de tres metros de ancho emerge un profundo respeto por el estilo de vida egipcio. El artista vuelve a tratar el tema que le hab\u00eda obsesionado cuando comenz\u00f3 a pintar sobre lienzo durante su estancia en Tantah: mujeres, como cari\u00e1tides, llevando todo tipo de recipientes en la cabeza.<\/p>\n\n\n<div class=\"wp-block-image\">\n<figure class=\"aligncenter\"><img loading=\"lazy\" decoding=\"async\" width=\"517\" height=\"384\" src=\"https:\/\/www.aparences.net\/wp-content\/uploads\/2019\/08\/emile-bernard-femmes-au-bord-du-nil-1900.jpg\" alt=\"\u00c9mile Bernard, Mujeres a orillas del Nilo\" class=\"wp-image-18904\" title=\"\u00c9mile Bernard, Mujeres a orillas del Nilo\" srcset=\"https:\/\/www.aparences.net\/wp-content\/uploads\/2019\/08\/emile-bernard-femmes-au-bord-du-nil-1900.jpg 517w, https:\/\/www.aparences.net\/wp-content\/uploads\/2019\/08\/emile-bernard-femmes-au-bord-du-nil-1900-300x223.jpg 300w\" sizes=\"auto, (max-width: 517px) 100vw, 517px\" \/><figcaption class=\"wp-element-caption\"><em><strong>Mujeres a orillas del Nilo<\/strong>, 1900, <em><strong>\u00c9mile Bernard<\/strong><\/em> (Lille, Palais des Beaux-Arts)<\/em><\/figcaption><\/figure>\n<\/div>\n\n\n<p><em>Bernard ha dividido la composici\u00f3n en dos grupos de figuras a tama\u00f1o natural, separadas por una vista del Nilo. Las mujeres de la derecha caminan a lo largo de la orilla, llevando grandes jarras vac\u00edas oscilando sobre sus cabezas mientras que las de la izquierda las van llenando de agua, o est\u00e1n a punto de regresar.<\/em><\/p>\n\n\n<div class=\"wp-block-image\">\n<figure class=\"aligncenter\"><img loading=\"lazy\" decoding=\"async\" width=\"517\" height=\"337\" src=\"https:\/\/www.aparences.net\/wp-content\/uploads\/2019\/08\/emile-bernard-femmes-au-bord-du-nil-.jpg\" alt=\"\u00c9mile Bernard, Mujeres a orillas del Nilo\" class=\"wp-image-18905\" title=\"\u00c9mile Bernard, Mujeres a orillas del Nilo\" srcset=\"https:\/\/www.aparences.net\/wp-content\/uploads\/2019\/08\/emile-bernard-femmes-au-bord-du-nil-.jpg 517w, https:\/\/www.aparences.net\/wp-content\/uploads\/2019\/08\/emile-bernard-femmes-au-bord-du-nil--300x196.jpg 300w\" sizes=\"auto, (max-width: 517px) 100vw, 517px\" \/><\/figure>\n<\/div>\n\n\n<p><em>Es evidente que estas figuras han sido cuidadosamente estudiadas en el taller, pero tambi\u00e9n est\u00e1n conectadas entre s\u00ed con gran sutileza mediante gestos y miradas y por la luz dorada de la tarde que consolida la armon\u00eda del conjunto.<\/em><\/p>\n\n\n\n<p>En Egipto, Bernard tendr\u00e1 a su disposici\u00f3n a numerosos modelos femeninos y masculinos que posar\u00e1n para \u00e9l lo que le facilitar\u00e1 la realizaci\u00f3n de grandes lienzos concebidos \u00abcomo si fuera un libro que narra, a trav\u00e9s de los ojos, la vida oriental\u00bb. En el cuadro <em>Las tres razas<\/em>, hay representados tres desnudos femeninos pertenecientes a diferentes grupos \u00e9tnicos. Las figuras est\u00e1n integradas en un motivo decorativo, sin que se idealice su desnudez. En <em>Los m\u00fasicos \u00e1rabes<\/em>, la figura de su mujer Hanenah a la izquierda, de pie al lado de la puerta, con un ni\u00f1o en brazos, probablemente el hijo de la pareja, Odilon, le da una cierta intimidad al conjunto.<\/p>\n\n\n<div class=\"wp-block-image\">\n<figure class=\"aligncenter\"><img loading=\"lazy\" decoding=\"async\" width=\"578\" height=\"380\" src=\"https:\/\/www.aparences.net\/wp-content\/uploads\/2019\/08\/emile-bernard-musiciens-arabes-1898.jpg\" alt=\"\u00c9mile Bernard, M\u00fasicos \u00e1rabes\" class=\"wp-image-18906\" title=\"\u00c9mile Bernard, M\u00fasicos \u00e1rabes\" srcset=\"https:\/\/www.aparences.net\/wp-content\/uploads\/2019\/08\/emile-bernard-musiciens-arabes-1898.jpg 578w, https:\/\/www.aparences.net\/wp-content\/uploads\/2019\/08\/emile-bernard-musiciens-arabes-1898-300x197.jpg 300w\" sizes=\"auto, (max-width: 578px) 100vw, 578px\" \/><figcaption class=\"wp-element-caption\"><em><strong>M\u00fasicos \u00e1rabes<\/strong>, 1898, <strong>\u00c9mile Bernard<\/strong> (Colecci\u00f3n privada)<\/em><\/figcaption><\/figure>\n<\/div>\n\n<div class=\"wp-block-image\">\n<figure class=\"aligncenter\"><img loading=\"lazy\" decoding=\"async\" width=\"343\" height=\"460\" src=\"https:\/\/www.aparences.net\/wp-content\/uploads\/2019\/08\/emile-bernard-femme-fellah-1901.jpg\" alt=\"\u00c9mile Bernard, Mujer Fellah - Luces y sombras\" class=\"wp-image-18907\" title=\"\u00c9mile Bernard, Mujer Fellah - Luces y sombras\" srcset=\"https:\/\/www.aparences.net\/wp-content\/uploads\/2019\/08\/emile-bernard-femme-fellah-1901.jpg 343w, https:\/\/www.aparences.net\/wp-content\/uploads\/2019\/08\/emile-bernard-femme-fellah-1901-224x300.jpg 224w\" sizes=\"auto, (max-width: 343px) 100vw, 343px\" \/><figcaption class=\"wp-element-caption\"><em><strong>Mujer Fellah<\/strong> o Luces y sombras, 1901, <em><strong>\u00c9mile Bernard<\/strong><\/em> (Par\u00eds, mus\u00e9e du Quai Branly)<\/em><\/figcaption><\/figure>\n<\/div>\n\n\n<h2 class=\"wp-block-heading\">El retorno a los maestros antiguos<\/h2>\n\n\n\n<p>El amor de \u00c9mile Bernard por los maestros antiguos se pone ya de manifiesto en 1893 en el transcurso de un viaje a Roma, donde visit\u00f3 la Capilla Sixtina y las <a href=\"https:\/\/www.aparences.net\/es\/arte-y-mecenazgo\/los-fresquistas-florentinos\/la-obra-mural-de-rafael\/\"><em>Stanze<\/em> de Rafael<\/a>, y m\u00e1s tarde en Florencia se apasiona por <a href=\"https:\/\/www.aparences.net\/es\/periodos\/el-trecento\/giotto-y-la-escuela-florentina\/\">Giotto<\/a> y <a href=\"https:\/\/www.aparences.net\/es\/periodos\/el-quattrocento\/fra-angelico\/\">Fra Angelico<\/a>. Su viaje a N\u00e1poles y a Andaluc\u00eda (1896-1897) contribuy\u00f3 al desarrollo de un proyecto dirigido hacia nuevas aventuras estil\u00edsticas. En 1900, Venecia se convierte en \u00abla Espa\u00f1a de Italia\u00bb como \u00e9l mismo cuenta en una carta a su madre el 13 de agosto del mismo a\u00f1o: \u00abdifunde un sabor de gracia y austeridad en todas las cosas, incluso en el lenguaje donde las palabras andaluzas se deslizan hasta los trajes de las mujeres. Vi la Plaza de San Marcos, una de las maravillas de la tierra. Es un lugar a la vez noble, m\u00edstico, poderoso y cautivador. Lo que admiro yo es el Oriente, siempre el Oriente. Adem\u00e1s, el Oriente ha contribuido a la belleza del mundo y a la de Venecia.\u00bb Sin embargo, Bernard sondear\u00e1 todas las obras maestras del norte de Italia. \u00abEn Verona, el Veron\u00e9s, en <a href=\"https:\/\/www.aparences.net\/es\/arte-y-mecenazgo\/los-gonzaga-de-mantua\/andrea-mantegna-pintor-de-corte\/\">Mantua, Mantegna<\/a>, en Parma, <a href=\"https:\/\/www.aparences.net\/es\/periodos\/correggio-biografia-y-obra\/\">Correggio<\/a>, en <a href=\"https:\/\/www.aparences.net\/es\/arte-y-mecenazgo\/el-ducado-de-milan\/ludovico-el-moro\/\">Mil\u00e1n, Leonardo da Vinci<\/a>. Todas estas ciudades son como p\u00e1ginas de un gran libro que tengo que leer para consolar mi talento, para sentirme maduro en mi arte.\u00bb<\/p>\n\n\n<div class=\"wp-block-image\">\n<figure class=\"aligncenter\"><img loading=\"lazy\" decoding=\"async\" width=\"545\" height=\"430\" src=\"https:\/\/www.aparences.net\/wp-content\/uploads\/2019\/08\/emile-bernard-pablo-picasso.jpg\" alt=\"Mendigos espa\u00f1oles, \u00c9mile Bernard; Pobres en el borde del mar, Pablo Picasso \" class=\"wp-image-18912\" title=\"Mendigos espa\u00f1oles, \u00c9mile Bernard; Pobres en el borde del mar, Pablo Picasso \" srcset=\"https:\/\/www.aparences.net\/wp-content\/uploads\/2019\/08\/emile-bernard-pablo-picasso.jpg 545w, https:\/\/www.aparences.net\/wp-content\/uploads\/2019\/08\/emile-bernard-pablo-picasso-300x237.jpg 300w\" sizes=\"auto, (max-width: 545px) 100vw, 545px\" \/><figcaption class=\"wp-element-caption\"><em><strong>Mendigos espa\u00f1oles<\/strong>, 1897, <strong>\u00c9mile Bernard<\/strong> (Colecci\u00f3n privada); <\/em><br><em><strong>Pobres en el borde del mar<\/strong>, 1903, <strong>Pablo Picasso<\/strong>, (Washington, National Gallery of Art)<\/em><\/figcaption><\/figure>\n<\/div>\n\n\n<p><em>El cuadro Mendigos espa\u00f1oles marc\u00f3 un paso importante en la carrera art\u00edstica de Bernard, no s\u00f3lo en el plan estil\u00edstico, tambi\u00e9n en el contenido. Realizado en Sevilla, con este cuadro el artista asimila completamente la influencia estil\u00edstica de Zurbar\u00e1n y la traslada a una descripci\u00f3n monumental de la vida moderna; Picasso, tuvo la oportunidad de ver la obra de Bernard en 1901, cuando expuso por primera vez en Par\u00eds en la galer\u00eda de Ambroise Vollard. En el verano del mismo a\u00f1o, Picasso comenzar\u00eda su propia serie de figuras demacradas, personajes marginales en azul y negro, el llamado <a href=\"https:\/\/www.aparences.net\/es\/periodos\/modernismo\/picasso-la-etapa-catalana\/\">periodo azul<\/a>.<\/em><\/p>\n\n\n\n<p>M\u00e1s tarde, las estancias que hizo Bernard en Venecia representaron una vuelta al pasado, tomando como punto de partida las obras de los maestros venecianos, \u00abpero un pasado en el que todav\u00eda se pod\u00eda vivir\u00bb. Su devoci\u00f3n por Venecia lo incit\u00f3 a expresar su inclinaci\u00f3n por el pasado en general: \u00abAs\u00ed, el respeto por el Pasado nos aparece como el respeto por nosotros mismos. No fue s\u00f3lo un sentimiento innato, sino una ley de nuestro destino\u00bb. Sus visitas a las iglesias, les <em>scuole<\/em> y la Accademia lo llevaron a adoptar una nueva orientaci\u00f3n estil\u00edstica y t\u00e9cnica. Ahora pretend\u00eda alcanzar \u00abla conquista definitiva del color\u00bb. Sus estancias en Venecia (la primera fue en 1900) reflejan la lecci\u00f3n de <a href=\"https:\/\/www.aparences.net\/es\/escuelas\/la-pintura-veneciana\/tintoretto\/\">Tintoretto<\/a>, pero tambi\u00e9n la influencia de <a href=\"https:\/\/www.aparences.net\/es\/escuelas\/la-pintura-veneciana\/paolo-veronese\/\">Veronese<\/a> y <a href=\"https:\/\/www.aparences.net\/es\/escuelas\/la-pintura-veneciana\/tiziano-vecellio-biografia\/\">Tiziano<\/a>.<\/p>\n\n\n<div class=\"wp-block-image\">\n<figure class=\"aligncenter\"><img loading=\"lazy\" decoding=\"async\" width=\"419\" height=\"460\" src=\"https:\/\/www.aparences.net\/wp-content\/uploads\/2019\/08\/emile-bernard-sur-un-pont-de-venise-.jpg\" alt=\"\u00c9mile Bernard, En un puente de Venecia\" class=\"wp-image-18913\" title=\"\u00c9mile Bernard, En un puente de Venecia\" srcset=\"https:\/\/www.aparences.net\/wp-content\/uploads\/2019\/08\/emile-bernard-sur-un-pont-de-venise-.jpg 419w, https:\/\/www.aparences.net\/wp-content\/uploads\/2019\/08\/emile-bernard-sur-un-pont-de-venise--273x300.jpg 273w\" sizes=\"auto, (max-width: 419px) 100vw, 419px\" \/><figcaption class=\"wp-element-caption\"><em><strong>En un puente de Venecia<\/strong>, 1903, <em><strong>\u00c9mile Bernard<\/strong><\/em> (Colecci\u00f3n privada)<\/em><\/figcaption><\/figure>\n<\/div>\n\n\n<p><em>En este gran cuadro, Bernard asocia una representaci\u00f3n casi de tama\u00f1o natural de mujeres venecianas en primer plano y al fondo, la evocaci\u00f3n de la Ciudad de los Dogos. La elegancia et\u00e9rea del colorido de Veronese en las mujeres y los ni\u00f1os vestidos de colores brillantes que circulan por el puente, recuerdan a las figuras que hay a lo largo de la balaustrada de la \u00abCena en casa de Lev\u00ed\u00bb de la Accademia. Al igual que en esta obra maestra, el fondo arquitect\u00f3nico del cuadro de Bernard es casi monocromo, una especie de azul plateado. Esta tonalidad, que Bernard vio en la obra de Veronese, colorea todo el cuadro y especialmente las carnaciones. Los ni\u00f1os equilibran las siluetas esculturales de las venecianas: un ni\u00f1o se rinde con gracia a un suave ensue\u00f1o, mientras que una ni\u00f1a, cerca del borde derecho del cuadro, parece completamente absorta en la contemplaci\u00f3n de su mu\u00f1eca.<\/em><\/p>\n\n\n<div class=\"wp-block-image\">\n<figure class=\"aligncenter\"><img loading=\"lazy\" decoding=\"async\" width=\"481\" height=\"460\" src=\"https:\/\/www.aparences.net\/wp-content\/uploads\/2019\/08\/emile-bernard-decouvertes-1903.jpg\" alt=\"D\u00e9couvertes, 1903, \u00c9mile Bernard\" class=\"wp-image-18914\" title=\"D\u00e9couvertes, 1903, \u00c9mile Bernard\" srcset=\"https:\/\/www.aparences.net\/wp-content\/uploads\/2019\/08\/emile-bernard-decouvertes-1903.jpg 481w, https:\/\/www.aparences.net\/wp-content\/uploads\/2019\/08\/emile-bernard-decouvertes-1903-300x287.jpg 300w\" sizes=\"auto, (max-width: 481px) 100vw, 481px\" \/><figcaption class=\"wp-element-caption\"><em><strong>D\u00e9couvertes<\/strong>, 1903, <em><strong>\u00c9mile Bernard<\/strong><\/em> (Colecci\u00f3n privada)<\/em><\/figcaption><\/figure>\n<\/div>\n\n\n<p><strong>La crisis existencial que Bernard atraves\u00f3 en 1918<\/strong>, unida a sus desenga\u00f1os sentimentales, engendr\u00f3 un tiempo de reflexi\u00f3n e introspecci\u00f3n que le record\u00f3 sus grandes metas. Todav\u00eda so\u00f1aba con vastas composiciones. Ya, durante su viaje a pie a Breta\u00f1a en 1886, cre\u00eda que su verdadera ambici\u00f3n era pintar lo que \u00e9l llamaba <em>une grande machine<\/em> (una obra grandiosa). En 1924, public\u00f3 un libro enteramente dedicado a Miguel \u00c1ngel, basado en <a href=\"https:\/\/www.aparences.net\/es\/arte-y-mecenazgo\/los-fresquistas-florentinos\/miguel-angel-frescos-de-la-sixtina\/\"><em>El juicio final<\/em><\/a> y en los frescos de la Capilla Paolina, donde llega a la asombrosa conclusi\u00f3n de que las \u00faltimas obras de Miguel \u00c1ngel fueron las que m\u00e1s impacto le causaron: \u00abun gran colorista y un gran pintor, el m\u00e1s grande de todos\u00bb. En su serie <em>El ciclo humano<\/em>, el objetivo principal de Bernard era representar una s\u00edntesis heroica de la historia de la civilizaci\u00f3n. El orden exacto parece ser cronol\u00f3gico: <em>La construcci\u00f3n del Templo<\/em>; <em>Los H\u00e9roes y los Dioses<\/em>; <em>Cristo sanando a los enfermos<\/em>; <em><strong>La duda<\/strong><\/em>. En esta serie, los medios pict\u00f3ricos son los de la pintura de historia, es decir: composici\u00f3n, claroscuro, color, acci\u00f3n humana, gesto, expresi\u00f3n del rostro.<\/p>\n\n\n<div class=\"wp-block-image\">\n<figure class=\"aligncenter\"><img loading=\"lazy\" decoding=\"async\" width=\"514\" height=\"424\" src=\"https:\/\/www.aparences.net\/wp-content\/uploads\/2019\/08\/emile-bernard-la-doute-1924.jpg\" alt=\"\u00c9mile Bernard, La duda\" class=\"wp-image-18915\" title=\"\u00c9mile Bernard, La duda\" srcset=\"https:\/\/www.aparences.net\/wp-content\/uploads\/2019\/08\/emile-bernard-la-doute-1924.jpg 514w, https:\/\/www.aparences.net\/wp-content\/uploads\/2019\/08\/emile-bernard-la-doute-1924-300x247.jpg 300w\" sizes=\"auto, (max-width: 514px) 100vw, 514px\" \/><figcaption class=\"wp-element-caption\"><em><strong>La duda<\/strong>, 1924, <em><strong>\u00c9mile Bernard<\/strong><\/em> <\/em><br><em>(Venecia, Ca &#8216;Pesaro Galleria Internazionale d&#8217;Arte Moderna)<\/em><\/figcaption><\/figure>\n<\/div>\n\n\n<p><em><strong>La duda<\/strong>, o <strong>La era moderna<\/strong>, muestra a la humanidad sometida a la influencia del diablo que aparece arriba del cuadro rodeado de tinieblas. Bernard quiere representar al hombre moderno sumido en la desesperaci\u00f3n: la violencia, la lubricidad y la destrucci\u00f3n causan estragos. A la derecha, un monolito blanco con inquietante busto se erige en medio de la multitud inquieta. Como un nuevo rey Midas, esta figura representa el mercantilismo y la codicia, los valores de la sociedad moderna que Bernard aborrec\u00eda.<\/em><\/p>\n\n\n<div class=\"wp-block-image\">\n<figure class=\"aligncenter\"><img loading=\"lazy\" decoding=\"async\" width=\"312\" height=\"460\" src=\"https:\/\/www.aparences.net\/wp-content\/uploads\/2019\/08\/emile-bernard-jeune-venitien-1924-25.jpg\" alt=\"\u00c9mile Bernard, Joven veneciano\" class=\"wp-image-18908\" title=\"\u00c9mile Bernard, Joven veneciano\" srcset=\"https:\/\/www.aparences.net\/wp-content\/uploads\/2019\/08\/emile-bernard-jeune-venitien-1924-25.jpg 312w, https:\/\/www.aparences.net\/wp-content\/uploads\/2019\/08\/emile-bernard-jeune-venitien-1924-25-203x300.jpg 203w\" sizes=\"auto, (max-width: 312px) 100vw, 312px\" \/><figcaption class=\"wp-element-caption\"><em><strong>Joven veneciano<\/strong>, 1924-1925, <em><strong>\u00c9mile Bernard<\/strong><\/em> (Colecci\u00f3n privada)<\/em><\/figcaption><\/figure>\n<\/div>\n\n\n<!-- AdBoxLeft2023 --><ins class=\"adsbygoogle\" style=\"display:block\" data-ad-client=\"ca-pub-2468002815867636\" data-ad-slot=\"1318022963\" data-ad-format=\"auto\" data-full-width-responsive=\"true\"><\/ins><script> (adsbygoogle = window.adsbygoogle || []).push({});<\/script><h2 class=\"wp-block-heading\">El encuentro con C\u00e9zanne<\/h2>\n\n\n\n<p><strong>En 1887, en la famosa tienda del padre Tanguy en Par\u00eds<\/strong>, el joven Bernard hab\u00eda quedado profundamente conmovido ante las <a href=\"https:\/\/www.aparences.net\/es\/periodos\/postimpresionismo\/paul-cezanne\/\">pinturas de C\u00e9zanne<\/a>. El comerciante era el \u00fanico en exponer las obras del pintor en aquella \u00e9poca. A Bernard le impresionaron sus \u00abpaisajes infantiles: casas rojas enredadas con \u00e1rboles raqu\u00edticos, setos primitivos; bodegones: manzanas redondeadas casi al comp\u00e1s, peras triangulares, fruteros torcidos, servilletas dobladas furiosamente; retratos. Todo verde botella, rojo ladrillo, amarillo ocre, azul ultramar\u00bb. La simplificaci\u00f3n de las formas, el car\u00e1cter directo, el uso concreto de los colores, o para ser m\u00e1s precisos, de los pigmentos, caracter\u00edsticas de un estilo que sent\u00eda como primitivo, duro, lo atrajeron particularmente. Desde este primer escrito de 1891 hasta el primer encuentro entre los dos artistas en 1904, Bernard proclamar\u00e1 su admiraci\u00f3n por C\u00e9zanne: \u00abQu\u00e9 peque\u00f1a, insignificante y de escaso alcance me parece mi rese\u00f1a de este gran diablo que adoro en su infierno.\u00bb En febrero de 1904, fue a Aix-en-Provence para conocer a su maestro y realiz\u00f3 su sue\u00f1o de juventud en el que se proclamaba \u00abenamorado de su pintura\u00bb. Incluso si desde su primer encuentro se dio cuenta de que su concepci\u00f3n del arte no era la misma, se instal\u00f3 durante un mes en Aix con su familia, para quedarse \u00abal lado de Paul C\u00e9zanne\u00bb. De alguna manera, sinti\u00f3 la necesidad de apropi\u00e1rselo, \u00e9l, que hab\u00eda sido su principal defensor.<\/p>\n\n\n<div class=\"wp-block-image\">\n<figure class=\"aligncenter\"><img loading=\"lazy\" decoding=\"async\" width=\"589\" height=\"370\" src=\"https:\/\/www.aparences.net\/wp-content\/uploads\/2019\/08\/paul-bernard-paul-cezanne-portraits-andree-fort-hortense-fiquet.jpg\" alt=\"Retrato de Andr\u00e9e Fort, \u00c9mile Bernard; Hortense Fiquet, Paul C\u00e9zanne\" class=\"wp-image-18916\" title=\"Retrato de Andr\u00e9e Fort, \u00c9mile Bernard; Hortense Fiquet, Paul C\u00e9zanne\" srcset=\"https:\/\/www.aparences.net\/wp-content\/uploads\/2019\/08\/paul-bernard-paul-cezanne-portraits-andree-fort-hortense-fiquet.jpg 589w, https:\/\/www.aparences.net\/wp-content\/uploads\/2019\/08\/paul-bernard-paul-cezanne-portraits-andree-fort-hortense-fiquet-300x188.jpg 300w\" sizes=\"auto, (max-width: 589px) 100vw, 589px\" \/><figcaption class=\"wp-element-caption\"><em><strong>Retrato de Andr\u00e9e Fort<\/strong>, 1901-1902, <strong>\u00c9mile Bernard<\/strong> (Colecci\u00f3n privada); <\/em><br><em><strong>Hortense Fiquet<\/strong>, 1877, <strong>Paul C\u00e9zanne<\/strong> (Boston, Museo de Bellas Artes)<\/em><\/figcaption><\/figure>\n<\/div>\n\n<div class=\"wp-block-image\">\n<figure class=\"aligncenter\"><img loading=\"lazy\" decoding=\"async\" width=\"369\" height=\"460\" src=\"https:\/\/www.aparences.net\/wp-content\/uploads\/2019\/08\/emile-bernard-nature-morte-aux-fleurs.jpg\" alt=\"\u00c9mile Bernard, Naturaleza muerta con flores\" class=\"wp-image-18909\" title=\"\u00c9mile Bernard, Naturaleza muerta con flores\" srcset=\"https:\/\/www.aparences.net\/wp-content\/uploads\/2019\/08\/emile-bernard-nature-morte-aux-fleurs.jpg 369w, https:\/\/www.aparences.net\/wp-content\/uploads\/2019\/08\/emile-bernard-nature-morte-aux-fleurs-241x300.jpg 241w\" sizes=\"auto, (max-width: 369px) 100vw, 369px\" \/><figcaption class=\"wp-element-caption\"><em><strong>Naturaleza muerta con flores<\/strong>, 1904, <strong>\u00c9mile Bernard<\/strong> (Amsterdam, Museo Van Gogh)<\/em><\/figcaption><\/figure>\n<\/div>\n\n\n<p>A finales del siglo XX, la obra de juventud de \u00c9mile Bernard contribuy\u00f3 de forma decisiva a la transici\u00f3n al arte moderno y al nacimiento del simbolismo pict\u00f3rico. Luego, a principios del siglo XX, un primer y radical cambio en su pintura, en yuxtaposici\u00f3n con la anterior, lo coloca en la vanguardia del movimiento pict\u00f3rico llamado \u00abRetorno al orden\u00bb, que se desarrollar\u00e1 en Europa alrededor de 1918.<\/p>\n\n\n\n<hr class=\"wp-block-separator has-alpha-channel-opacity\"\/>\n\n\n\n<h6 class=\"wp-block-heading\">Bibliograf\u00eda<\/h6>\n\n\n\n<p class=\"has-text-align-left\">Leeman, Fred. <em>\u00c9mile Bernard (1868-1941)<\/em>. Citadelles &amp; Mazenot, 2013<br>Lutti, Jean-Jacques ; Isra\u00ebl, Armand. <em>\u00c9mile Bernard, sa vie, son \u0153uvre<\/em>. \u00c9ditions Catalogues raisonn\u00e9s, 2012<br>Penot, Christophe. <em>\u00c9mile Bernard. H\u00e9raut de la peinture moderne. <\/em>Cristel \u00c9diteur d&#8217;Art, 2015<em><br><\/em> Collectif. <em><em>\u00c9poque de Pont-Aven. <\/em>Catalogue exposition \u00c9mile Bernard.<\/em> Galerie Malingue, Paris, 2010<em><br><\/em>Morane, Daniel.<em> \u00c9mile Bernard. Catalogue de l&#8217;\u0153uvre grav\u00e9e. <\/em>Mus\u00e9e de Pont-Aven. 2000<\/p>\n","protected":false},"excerpt":{"rendered":"<p>A finales del siglo XX, la obra de juventud de \u00c9mile Bernard contribuy\u00f3 de forma decisiva a la transici\u00f3n al arte moderno y al nacimiento del simbolismo pict\u00f3rico.<\/p>\n","protected":false},"author":2,"featured_media":26714,"comment_status":"closed","ping_status":"closed","sticky":false,"template":"","format":"standard","meta":{"footnotes":""},"categories":[3171],"tags":[3243,3226,1613,3223,3241,3143],"class_list":["post-13879","post","type-post","status-publish","format-standard","has-post-thumbnail","hentry","category-escuela-de-pont-aven","tag-cloisonismo","tag-emile-bernard-2","tag-emile-bernard","tag-escuela-de-pont-aven","tag-madeleine-en-el-bosque-de-amor","tag-sintetismo"],"yoast_head":"<!-- This site is optimized with the Yoast SEO plugin v27.2 - https:\/\/yoast.com\/product\/yoast-seo-wordpress\/ -->\n<title>\u00c9mile Bernard<\/title>\n<meta name=\"description\" content=\"A finales del siglo XX, la obra de juventud de \u00c9mile Bernard contribuy\u00f3 de forma decisiva a la transici\u00f3n al arte moderno y al nacimiento del simbolismo pict\u00f3rico.\" \/>\n<meta name=\"robots\" content=\"index, follow, max-snippet:-1, max-image-preview:large, max-video-preview:-1\" \/>\n<link rel=\"canonical\" href=\"https:\/\/www.aparences.net\/es\/escuelas\/escuela-de-pont-aven\/emile-bernard\/\" \/>\n<meta property=\"og:locale\" content=\"es_ES\" \/>\n<meta property=\"og:type\" content=\"article\" \/>\n<meta property=\"og:title\" content=\"\u00c9mile Bernard\" \/>\n<meta property=\"og:description\" content=\"A finales del siglo XX, la obra de juventud de \u00c9mile Bernard contribuy\u00f3 de forma decisiva a la transici\u00f3n al arte moderno y al nacimiento del simbolismo pict\u00f3rico.\" \/>\n<meta property=\"og:url\" content=\"https:\/\/www.aparences.net\/es\/escuelas\/escuela-de-pont-aven\/emile-bernard\/\" \/>\n<meta property=\"og:site_name\" content=\"Aparences\" \/>\n<meta property=\"article:published_time\" content=\"2019-09-04T06:28:27+00:00\" \/>\n<meta property=\"article:modified_time\" content=\"2025-12-11T18:40:56+00:00\" \/>\n<meta property=\"og:image\" content=\"https:\/\/www.aparences.net\/wp-content\/uploads\/2019\/09\/emile-bernard.jpg\" \/>\n\t<meta property=\"og:image:width\" content=\"1080\" \/>\n\t<meta property=\"og:image:height\" content=\"540\" \/>\n\t<meta property=\"og:image:type\" content=\"image\/jpeg\" \/>\n<meta name=\"author\" content=\"admin\" \/>\n<meta name=\"twitter:card\" content=\"summary_large_image\" \/>\n<meta name=\"twitter:label1\" content=\"Escrito por\" \/>\n\t<meta name=\"twitter:data1\" content=\"admin\" \/>\n\t<meta name=\"twitter:label2\" content=\"Tiempo de lectura\" \/>\n\t<meta name=\"twitter:data2\" content=\"20 minutos\" \/>\n<script type=\"application\/ld+json\" class=\"yoast-schema-graph\">{\"@context\":\"https:\/\/schema.org\",\"@graph\":[{\"@type\":\"Article\",\"@id\":\"https:\/\/www.aparences.net\/es\/escuelas\/escuela-de-pont-aven\/emile-bernard\/#article\",\"isPartOf\":{\"@id\":\"https:\/\/www.aparences.net\/es\/escuelas\/escuela-de-pont-aven\/emile-bernard\/\"},\"author\":{\"name\":\"admin\",\"@id\":\"https:\/\/www.aparences.net\/es\/#\/schema\/person\/af349f6ffc31b16c68963e61268afca5\"},\"headline\":\"\u00c9mile Bernard\",\"datePublished\":\"2019-09-04T06:28:27+00:00\",\"dateModified\":\"2025-12-11T18:40:56+00:00\",\"mainEntityOfPage\":{\"@id\":\"https:\/\/www.aparences.net\/es\/escuelas\/escuela-de-pont-aven\/emile-bernard\/\"},\"wordCount\":3368,\"publisher\":{\"@id\":\"https:\/\/www.aparences.net\/es\/#organization\"},\"image\":{\"@id\":\"https:\/\/www.aparences.net\/es\/escuelas\/escuela-de-pont-aven\/emile-bernard\/#primaryimage\"},\"thumbnailUrl\":\"https:\/\/www.aparences.net\/wp-content\/uploads\/2019\/09\/emile-bernard.jpg\",\"keywords\":[\"cloisonismo\",\"\u00c9mile Bernard\",\"\u00c9mile Bernard\",\"escuela de Pont-Aven\",\"Madeleine en el bosque de Amor\",\"sintetismo\"],\"articleSection\":[\"Escuela de Pont-Aven\"],\"inLanguage\":\"es\"},{\"@type\":[\"WebPage\",\"ItemPage\"],\"@id\":\"https:\/\/www.aparences.net\/es\/escuelas\/escuela-de-pont-aven\/emile-bernard\/\",\"url\":\"https:\/\/www.aparences.net\/es\/escuelas\/escuela-de-pont-aven\/emile-bernard\/\",\"name\":\"\u00c9mile Bernard\",\"isPartOf\":{\"@id\":\"https:\/\/www.aparences.net\/es\/#website\"},\"primaryImageOfPage\":{\"@id\":\"https:\/\/www.aparences.net\/es\/escuelas\/escuela-de-pont-aven\/emile-bernard\/#primaryimage\"},\"image\":{\"@id\":\"https:\/\/www.aparences.net\/es\/escuelas\/escuela-de-pont-aven\/emile-bernard\/#primaryimage\"},\"thumbnailUrl\":\"https:\/\/www.aparences.net\/wp-content\/uploads\/2019\/09\/emile-bernard.jpg\",\"datePublished\":\"2019-09-04T06:28:27+00:00\",\"dateModified\":\"2025-12-11T18:40:56+00:00\",\"description\":\"A finales del siglo XX, la obra de juventud de \u00c9mile Bernard contribuy\u00f3 de forma decisiva a la transici\u00f3n al arte moderno y al nacimiento del simbolismo pict\u00f3rico.\",\"breadcrumb\":{\"@id\":\"https:\/\/www.aparences.net\/es\/escuelas\/escuela-de-pont-aven\/emile-bernard\/#breadcrumb\"},\"inLanguage\":\"es\",\"potentialAction\":[{\"@type\":\"ReadAction\",\"target\":[\"https:\/\/www.aparences.net\/es\/escuelas\/escuela-de-pont-aven\/emile-bernard\/\"]}]},{\"@type\":\"ImageObject\",\"inLanguage\":\"es\",\"@id\":\"https:\/\/www.aparences.net\/es\/escuelas\/escuela-de-pont-aven\/emile-bernard\/#primaryimage\",\"url\":\"https:\/\/www.aparences.net\/wp-content\/uploads\/2019\/09\/emile-bernard.jpg\",\"contentUrl\":\"https:\/\/www.aparences.net\/wp-content\/uploads\/2019\/09\/emile-bernard.jpg\",\"width\":1080,\"height\":540},{\"@type\":\"BreadcrumbList\",\"@id\":\"https:\/\/www.aparences.net\/es\/escuelas\/escuela-de-pont-aven\/emile-bernard\/#breadcrumb\",\"itemListElement\":[{\"@type\":\"ListItem\",\"position\":1,\"name\":\"Portada\",\"item\":\"https:\/\/www.aparences.net\/es\/\"},{\"@type\":\"ListItem\",\"position\":2,\"name\":\"\u00c9mile Bernard\"}]},{\"@type\":\"WebSite\",\"@id\":\"https:\/\/www.aparences.net\/es\/#website\",\"url\":\"https:\/\/www.aparences.net\/es\/\",\"name\":\"Aparences: Historia del Arte y Actualidad Cultural\",\"description\":\"\",\"publisher\":{\"@id\":\"https:\/\/www.aparences.net\/es\/#organization\"},\"potentialAction\":[{\"@type\":\"SearchAction\",\"target\":{\"@type\":\"EntryPoint\",\"urlTemplate\":\"https:\/\/www.aparences.net\/es\/?s={search_term_string}\"},\"query-input\":{\"@type\":\"PropertyValueSpecification\",\"valueRequired\":true,\"valueName\":\"search_term_string\"}}],\"inLanguage\":\"es\"},{\"@type\":\"Organization\",\"@id\":\"https:\/\/www.aparences.net\/es\/#organization\",\"name\":\"Aparences: Historia del Arte y Actualidad Cultural\",\"url\":\"https:\/\/www.aparences.net\/es\/\",\"logo\":{\"@type\":\"ImageObject\",\"inLanguage\":\"es\",\"@id\":\"https:\/\/www.aparences.net\/es\/#\/schema\/logo\/image\/\",\"url\":\"https:\/\/www.aparences.net\/wp-content\/uploads\/2023\/09\/logo-quadrat-color-e1695915315229.png\",\"contentUrl\":\"https:\/\/www.aparences.net\/wp-content\/uploads\/2023\/09\/logo-quadrat-color-e1695915315229.png\",\"width\":120,\"height\":120,\"caption\":\"Aparences: Historia del Arte y Actualidad Cultural\"},\"image\":{\"@id\":\"https:\/\/www.aparences.net\/es\/#\/schema\/logo\/image\/\"}},{\"@type\":\"Person\",\"@id\":\"https:\/\/www.aparences.net\/es\/#\/schema\/person\/af349f6ffc31b16c68963e61268afca5\",\"name\":\"admin\",\"url\":\"https:\/\/www.aparences.net\/es\/author\/admin\/\"}]}<\/script>\n<!-- \/ Yoast SEO plugin. -->","yoast_head_json":{"title":"\u00c9mile Bernard","description":"A finales del siglo XX, la obra de juventud de \u00c9mile Bernard contribuy\u00f3 de forma decisiva a la transici\u00f3n al arte moderno y al nacimiento del simbolismo pict\u00f3rico.","robots":{"index":"index","follow":"follow","max-snippet":"max-snippet:-1","max-image-preview":"max-image-preview:large","max-video-preview":"max-video-preview:-1"},"canonical":"https:\/\/www.aparences.net\/es\/escuelas\/escuela-de-pont-aven\/emile-bernard\/","og_locale":"es_ES","og_type":"article","og_title":"\u00c9mile Bernard","og_description":"A finales del siglo XX, la obra de juventud de \u00c9mile Bernard contribuy\u00f3 de forma decisiva a la transici\u00f3n al arte moderno y al nacimiento del simbolismo pict\u00f3rico.","og_url":"https:\/\/www.aparences.net\/es\/escuelas\/escuela-de-pont-aven\/emile-bernard\/","og_site_name":"Aparences","article_published_time":"2019-09-04T06:28:27+00:00","article_modified_time":"2025-12-11T18:40:56+00:00","og_image":[{"width":1080,"height":540,"url":"https:\/\/www.aparences.net\/wp-content\/uploads\/2019\/09\/emile-bernard.jpg","type":"image\/jpeg"}],"author":"admin","twitter_card":"summary_large_image","twitter_misc":{"Escrito por":"admin","Tiempo de lectura":"20 minutos"},"schema":{"@context":"https:\/\/schema.org","@graph":[{"@type":"Article","@id":"https:\/\/www.aparences.net\/es\/escuelas\/escuela-de-pont-aven\/emile-bernard\/#article","isPartOf":{"@id":"https:\/\/www.aparences.net\/es\/escuelas\/escuela-de-pont-aven\/emile-bernard\/"},"author":{"name":"admin","@id":"https:\/\/www.aparences.net\/es\/#\/schema\/person\/af349f6ffc31b16c68963e61268afca5"},"headline":"\u00c9mile Bernard","datePublished":"2019-09-04T06:28:27+00:00","dateModified":"2025-12-11T18:40:56+00:00","mainEntityOfPage":{"@id":"https:\/\/www.aparences.net\/es\/escuelas\/escuela-de-pont-aven\/emile-bernard\/"},"wordCount":3368,"publisher":{"@id":"https:\/\/www.aparences.net\/es\/#organization"},"image":{"@id":"https:\/\/www.aparences.net\/es\/escuelas\/escuela-de-pont-aven\/emile-bernard\/#primaryimage"},"thumbnailUrl":"https:\/\/www.aparences.net\/wp-content\/uploads\/2019\/09\/emile-bernard.jpg","keywords":["cloisonismo","\u00c9mile Bernard","\u00c9mile Bernard","escuela de Pont-Aven","Madeleine en el bosque de Amor","sintetismo"],"articleSection":["Escuela de Pont-Aven"],"inLanguage":"es"},{"@type":["WebPage","ItemPage"],"@id":"https:\/\/www.aparences.net\/es\/escuelas\/escuela-de-pont-aven\/emile-bernard\/","url":"https:\/\/www.aparences.net\/es\/escuelas\/escuela-de-pont-aven\/emile-bernard\/","name":"\u00c9mile Bernard","isPartOf":{"@id":"https:\/\/www.aparences.net\/es\/#website"},"primaryImageOfPage":{"@id":"https:\/\/www.aparences.net\/es\/escuelas\/escuela-de-pont-aven\/emile-bernard\/#primaryimage"},"image":{"@id":"https:\/\/www.aparences.net\/es\/escuelas\/escuela-de-pont-aven\/emile-bernard\/#primaryimage"},"thumbnailUrl":"https:\/\/www.aparences.net\/wp-content\/uploads\/2019\/09\/emile-bernard.jpg","datePublished":"2019-09-04T06:28:27+00:00","dateModified":"2025-12-11T18:40:56+00:00","description":"A finales del siglo XX, la obra de juventud de \u00c9mile Bernard contribuy\u00f3 de forma decisiva a la transici\u00f3n al arte moderno y al nacimiento del simbolismo pict\u00f3rico.","breadcrumb":{"@id":"https:\/\/www.aparences.net\/es\/escuelas\/escuela-de-pont-aven\/emile-bernard\/#breadcrumb"},"inLanguage":"es","potentialAction":[{"@type":"ReadAction","target":["https:\/\/www.aparences.net\/es\/escuelas\/escuela-de-pont-aven\/emile-bernard\/"]}]},{"@type":"ImageObject","inLanguage":"es","@id":"https:\/\/www.aparences.net\/es\/escuelas\/escuela-de-pont-aven\/emile-bernard\/#primaryimage","url":"https:\/\/www.aparences.net\/wp-content\/uploads\/2019\/09\/emile-bernard.jpg","contentUrl":"https:\/\/www.aparences.net\/wp-content\/uploads\/2019\/09\/emile-bernard.jpg","width":1080,"height":540},{"@type":"BreadcrumbList","@id":"https:\/\/www.aparences.net\/es\/escuelas\/escuela-de-pont-aven\/emile-bernard\/#breadcrumb","itemListElement":[{"@type":"ListItem","position":1,"name":"Portada","item":"https:\/\/www.aparences.net\/es\/"},{"@type":"ListItem","position":2,"name":"\u00c9mile Bernard"}]},{"@type":"WebSite","@id":"https:\/\/www.aparences.net\/es\/#website","url":"https:\/\/www.aparences.net\/es\/","name":"Aparences: Historia del Arte y Actualidad Cultural","description":"","publisher":{"@id":"https:\/\/www.aparences.net\/es\/#organization"},"potentialAction":[{"@type":"SearchAction","target":{"@type":"EntryPoint","urlTemplate":"https:\/\/www.aparences.net\/es\/?s={search_term_string}"},"query-input":{"@type":"PropertyValueSpecification","valueRequired":true,"valueName":"search_term_string"}}],"inLanguage":"es"},{"@type":"Organization","@id":"https:\/\/www.aparences.net\/es\/#organization","name":"Aparences: Historia del Arte y Actualidad Cultural","url":"https:\/\/www.aparences.net\/es\/","logo":{"@type":"ImageObject","inLanguage":"es","@id":"https:\/\/www.aparences.net\/es\/#\/schema\/logo\/image\/","url":"https:\/\/www.aparences.net\/wp-content\/uploads\/2023\/09\/logo-quadrat-color-e1695915315229.png","contentUrl":"https:\/\/www.aparences.net\/wp-content\/uploads\/2023\/09\/logo-quadrat-color-e1695915315229.png","width":120,"height":120,"caption":"Aparences: Historia del Arte y Actualidad Cultural"},"image":{"@id":"https:\/\/www.aparences.net\/es\/#\/schema\/logo\/image\/"}},{"@type":"Person","@id":"https:\/\/www.aparences.net\/es\/#\/schema\/person\/af349f6ffc31b16c68963e61268afca5","name":"admin","url":"https:\/\/www.aparences.net\/es\/author\/admin\/"}]}},"_links":{"self":[{"href":"https:\/\/www.aparences.net\/es\/wp-json\/wp\/v2\/posts\/13879","targetHints":{"allow":["GET"]}}],"collection":[{"href":"https:\/\/www.aparences.net\/es\/wp-json\/wp\/v2\/posts"}],"about":[{"href":"https:\/\/www.aparences.net\/es\/wp-json\/wp\/v2\/types\/post"}],"author":[{"embeddable":true,"href":"https:\/\/www.aparences.net\/es\/wp-json\/wp\/v2\/users\/2"}],"replies":[{"embeddable":true,"href":"https:\/\/www.aparences.net\/es\/wp-json\/wp\/v2\/comments?post=13879"}],"version-history":[{"count":0,"href":"https:\/\/www.aparences.net\/es\/wp-json\/wp\/v2\/posts\/13879\/revisions"}],"wp:featuredmedia":[{"embeddable":true,"href":"https:\/\/www.aparences.net\/es\/wp-json\/wp\/v2\/media\/26714"}],"wp:attachment":[{"href":"https:\/\/www.aparences.net\/es\/wp-json\/wp\/v2\/media?parent=13879"}],"wp:term":[{"taxonomy":"category","embeddable":true,"href":"https:\/\/www.aparences.net\/es\/wp-json\/wp\/v2\/categories?post=13879"},{"taxonomy":"post_tag","embeddable":true,"href":"https:\/\/www.aparences.net\/es\/wp-json\/wp\/v2\/tags?post=13879"}],"curies":[{"name":"wp","href":"https:\/\/api.w.org\/{rel}","templated":true}]}}