{"id":13883,"date":"2019-09-04T08:36:40","date_gmt":"2019-09-04T06:36:40","guid":{"rendered":"https:\/\/www.aparences.net\/ecoles\/ecole-de-pont-aven\/la-escuela-de-pont-aven\/"},"modified":"2025-12-11T19:40:56","modified_gmt":"2025-12-11T18:40:56","slug":"la-escuela-de-pont-aven","status":"publish","type":"post","link":"https:\/\/www.aparences.net\/es\/escuelas\/escuela-de-pont-aven\/la-escuela-de-pont-aven\/","title":{"rendered":"La escuela de Pont-Aven"},"content":{"rendered":"<p><!--contents--><\/p>\n\n\n<h2 class=\"wp-block-heading\">Estilo y esp\u00edritu de la escuela Pont-Aven<\/h2>\n\n\n\n<p>La <strong>Escuela de Pont-Aven, t\u00e9rmino que se refiere a un grupo de artistas cuyo punto de encuentro fue la localidad bretona de Pont-Aven<\/strong> y cuya figura principal fue <strong>Paul Gauguin<\/strong>, que residi\u00f3 all\u00ed en 1886 y 1888. La Escuela de Pont-Aven dio origen, entre 1886 y 1894, a uno de los movimientos m\u00e1s vivos de la reacci\u00f3n <a href=\"https:\/\/www.aparences.net\/es\/periodos\/postimpresionismo\/el-postimpresionismo\/\">postimpresionista<\/a> y del <a href=\"https:\/\/www.aparences.net\/es\/periodos\/el-simbolismo\/\">simbolismo<\/a> e influyeron en las principales corrientes pict\u00f3ricas que siguieron, desde <a href=\"https:\/\/www.aparences.net\/es\/periodos\/postimpresionismo\/el-postimpresionismo\/#los-nabis\">los nabis<\/a> hasta el nacimiento de <a href=\"https:\/\/www.aparences.net\/es\/periodos\/arte-moderno\/arte-abstracto\/\">la abstracci\u00f3n<\/a>.<\/p>\n\n\n\n<p> Entre ellos se encuentran <strong>\u00c9mile Bernard<\/strong>, <strong>Charles Laval<\/strong>, <strong>Louis Anquetin<\/strong>, <strong>Charles Filiger<\/strong>, <strong>L\u00e9on Fauch\u00e9<\/strong>, <strong>C. E. Schuffenecker<\/strong>, <strong>Henry Moret<\/strong>, <strong>Louis Roy<\/strong> y muchos extranjeros como el suizo <strong>Cuno Amiet<\/strong>. Despu\u00e9s de la crisis del <a href=\"https:\/\/www.aparences.net\/es\/periodos\/impresionismo-2\/\">impresionismo<\/a>, como mera representaci\u00f3n de las apariencias, surgi\u00f3 la necesidad de otra pintura. Como si se tratara de una liberaci\u00f3n, estos artistas buscaron lugares intactos y primitivos como los paisajes sorprendentes de Breta\u00f1a. Gauguin encontr\u00f3 all\u00ed el tono \u00abapagado, mate y poderoso\u00bb al que aspiraba. Inspir\u00e1ndose en los calvarios bretones, los tapices, los esmaltes y los vitrales de la Edad Media, las im\u00e1genes populares, el japonismo desarrollaron la t\u00e9cnica del cloisonismo (<em>cloisonnisme<\/em>), basada en la yuxtaposici\u00f3n de \u00e1reas planas de color delimitadas por contornos oscuros, destinado a producir efectos similares a los del <em>cloisonn\u00e9<\/em> de los esmaltes medievales. Este arte no se aparta de una dimensi\u00f3n m\u00edtica o al menos espiritual, y el rechazo a copiar del natural (<em>d\u2019apr\u00e8s nature<\/em>), la exaltaci\u00f3n de la memoria y la imaginaci\u00f3n condujeron a la simplificaci\u00f3n formal utilizando el t\u00e9rmino de sintetismo. La ayuda financiera del pintor holand\u00e9s Meijer de Haan, la exposici\u00f3n del caf\u00e9 Volpini en Par\u00eds (1889) dedicada a los <em>Peintres symbolistes et synth\u00e9tistes<\/em> (Pintores simbolistas y sintetistas), y los art\u00edculos del cr\u00edtico Albert Aurier ayudaron a difundir estas orientaciones a principios de la d\u00e9cada de 1890.<\/p>\n\n\n<div class=\"wp-block-image\">\n<figure class=\"aligncenter\"><img loading=\"lazy\" decoding=\"async\" width=\"620\" height=\"436\" src=\"https:\/\/www.aparences.net\/wp-content\/uploads\/2019\/08\/paul-gauguin-ramasseuses-de-varech-1889.jpg\" alt=\"Los recolectores de algas, 1889, Paul Gauguin\" class=\"wp-image-18863\" title=\"Los recolectores de algas, 1889, Paul Gauguin\" srcset=\"https:\/\/www.aparences.net\/wp-content\/uploads\/2019\/08\/paul-gauguin-ramasseuses-de-varech-1889.jpg 620w, https:\/\/www.aparences.net\/wp-content\/uploads\/2019\/08\/paul-gauguin-ramasseuses-de-varech-1889-300x211.jpg 300w\" sizes=\"auto, (max-width: 620px) 100vw, 620px\" \/><figcaption class=\"wp-element-caption\"><em><strong>Los recolectores de algas<\/strong>, 1889, <strong>Paul Gauguin<\/strong> (Essen, Folkwang Muse<\/em>um)<\/figcaption><\/figure>\n<\/div>\n\n\n<p>Los artistas de Pont-Aven se influyeron mutuamente y quisieron revolucionar el arte franc\u00e9s y sus est\u00e1ndares. Sin quererlo, fueron marcados tanto por las innovadoras ideas pict\u00f3ricas de Gauguin y de <a href=\"https:\/\/www.aparences.net\/es\/escuelas\/escuela-de-pont-aven\/emile-bernard-1868\/\">\u00c9mile Bernard<\/a> como por el lugar m\u00edstico en el que evolucionaron.<\/p>\n\n\n<div class=\"wp-block-image\">\n<figure class=\"aligncenter\"><img loading=\"lazy\" decoding=\"async\" width=\"361\" height=\"460\" src=\"https:\/\/www.aparences.net\/wp-content\/uploads\/2019\/08\/paul-gauguin-petites-bretonnes-devant-la-mer-1889.jpg\" alt=\"J\u00f3venes bretonas frente al mar, 1889, Paul Gauguin\" class=\"wp-image-18864\" title=\"J\u00f3venes bretonas frente al mar, 1889, Paul Gauguin\" srcset=\"https:\/\/www.aparences.net\/wp-content\/uploads\/2019\/08\/paul-gauguin-petites-bretonnes-devant-la-mer-1889.jpg 361w, https:\/\/www.aparences.net\/wp-content\/uploads\/2019\/08\/paul-gauguin-petites-bretonnes-devant-la-mer-1889-235x300.jpg 235w\" sizes=\"auto, (max-width: 361px) 100vw, 361px\" \/><figcaption class=\"wp-element-caption\"><em><strong>J\u00f3venes bretonas frente al mar<\/strong>, 1889, <strong>Paul Gauguin<\/strong> (Tokio, Museo Nacional de Arte Occidental)<\/em><\/figcaption><\/figure>\n<\/div>\n\n\n<p>Algunos pintores como <strong>Gauguin, huir\u00e1n del bullicio de Pont Aven para refugiarse en El Pouldu<\/strong>, un lugar m\u00e1s apartado situado en el estuario de la La\u00efta, donde hab\u00eda un modesto establecimiento que alquilaba habitaciones a la gente de pasaje. A diferencia de la bulliciosa ciudad de Pont-Aven, El Pouldu escap\u00f3 a la curiosidad de los viajeros y artistas de la primera mitad del siglo XIX precisamente por estar m\u00e1s aislado. All\u00ed, Gauguin hace posar a j\u00f3venes campesinas que describe en una carta a <a href=\"https:\/\/www.aparences.net\/es\/periodos\/postimpresionismo\/vincent-van-gogh\/\">Van Gogh<\/a>: \u00abLo que pinto este a\u00f1o son simples hijas de campesinos, que caminan indiferentes al borde del mar con sus vacas (&#8230;) Busco plasmar en estas sencillas figuras lo salvaje que veo en ellas y que tambi\u00e9n veo en m\u00ed. Aqu\u00ed, en Breta\u00f1a, los campesinos viven como en la Edad Media y ni siquiera piensan que Par\u00eds existe y que estamos en 1889.\u00bb Pinta a los recolectores de algas en la playa y algunos paisajes donde simplifica los planos o ejecuta composiciones tan audaces como el <em>Joueur de flageolet<\/em>.<\/p>\n\n\n<div class=\"wp-block-image\">\n<figure class=\"aligncenter\"><img loading=\"lazy\" decoding=\"async\" width=\"551\" height=\"460\" src=\"https:\/\/www.aparences.net\/wp-content\/uploads\/2019\/08\/paul-gauguin-pecheuses-de-goemon-1889.jpg\" alt=\"Recolectoras de algas marinas, 1889, Paul Gauguin\" class=\"wp-image-18865\" title=\"Recolectoras de algas marinas, 1889, Paul Gauguin\" srcset=\"https:\/\/www.aparences.net\/wp-content\/uploads\/2019\/08\/paul-gauguin-pecheuses-de-goemon-1889.jpg 551w, https:\/\/www.aparences.net\/wp-content\/uploads\/2019\/08\/paul-gauguin-pecheuses-de-goemon-1889-300x250.jpg 300w\" sizes=\"auto, (max-width: 551px) 100vw, 551px\" \/><figcaption class=\"wp-element-caption\"><em><strong>Recolectoras de algas<\/strong> <strong>marinas<\/strong>, 1889, <strong>Paul Gauguin<\/strong> (Colecci\u00f3n privada)<\/em><\/figcaption><\/figure>\n<\/div>\n\n\n<!-- AdBoxRight2020 --><ins class=\"adsbygoogle\"     style=\"display:block; margin-top:30px;\"     data-ad-client=\"ca-pub-2468002815867636\"     data-ad-slot=\"3496014735\"     data-ad-format=\"auto\"     data-full-width-responsive=\"false\"><\/ins><script> (adsbygoogle = window.adsbygoogle || []).push({});<\/script><h2 class=\"wp-block-heading\">Encuentros de pintores en Pont-Aven<\/h2>\n\n\n\n<p>Pont-Aven es una agradable y colorida localidad, llena de artistas y pintores con ilusiones y esperanzas diversas. Este \u00abnuevo Barbizon\u00bb, descubierto en 1864 por el pintor estadounidense Henry Bacon durante un viaje (periplo?) en diligencia entre Concarneau y Quimper, se convirti\u00f3 en una gigantesca residencia de artistas, cuyo bajo costo de vida y la belleza de sus paisajes sedujeron a m\u00e1s de uno. Los artistas instalaron sus talleres en graneros o en cobertizos. Los lugare\u00f1os no pon\u00edan problema en posar para los pintores, y sus tarifas eran mucho m\u00e1s bajas que las que se cobraban en Par\u00eds. La acogida era cordial y r\u00e1pidamente Pont-Aven fue comparado con <a href=\"https:\/\/www.aparences.net\/es\/escuelas\/escuela-de-barbizon\/\">Barbizon<\/a>. Pont-Aven se puso tan de moda hasta el punto de seducir al Salon de los artistas franceses, que exig\u00edan nuevos campos \u00abpl\u00e1sticos\u00bb. \u00bfSe puede hablar de escuela? En cualquier caso, hab\u00eda tal efervescencia y audacia pict\u00f3rica en esta peque\u00f1a y bulliciosa localidad, que conven\u00eda perfectamente a pintores como el ardiente y oscuro \u00c9mile Bernard, quien, a finales de julio de 1886, llega con una insaciable sed de desafiar las normas acad\u00e9micas de sus compa\u00f1eros. Es casi un ni\u00f1o cuando conoce a la \u00abestrella\u00bb Paul Gauguin en la pensi\u00f3n Gloanec, cuartel general de toda esta exaltada y ruidosa fauna art\u00edstica.<\/p>\n\n\n<div class=\"wp-block-image\">\n<figure class=\"aligncenter\"><img loading=\"lazy\" decoding=\"async\" width=\"527\" height=\"428\" src=\"https:\/\/www.aparences.net\/wp-content\/uploads\/2019\/08\/emile-bernard-le-ble-noir-1888.jpg\" alt=\"El trigo negro, 1888, \u00c9mile Bernard\" class=\"wp-image-18927\" title=\"El trigo negro, 1888, \u00c9mile Bernard\" srcset=\"https:\/\/www.aparences.net\/wp-content\/uploads\/2019\/08\/emile-bernard-le-ble-noir-1888.jpg 527w, https:\/\/www.aparences.net\/wp-content\/uploads\/2019\/08\/emile-bernard-le-ble-noir-1888-300x244.jpg 300w\" sizes=\"auto, (max-width: 527px) 100vw, 527px\" \/><figcaption class=\"wp-element-caption\"><em><strong>El trigo negro<\/strong>, 1888, <strong>\u00c9mile Bernard<\/strong>, 1888, (Par\u00eds, Museo de Orsay)<\/em><\/figcaption><\/figure>\n<\/div>\n\n\n<p>En 1889, Paul Gauguin, molesto por la multitud de pintores que viv\u00edan en Pont-Aven, se instal\u00f3 en El Pouldu llev\u00e1ndose a tres compa\u00f1eros, <strong>Charles Filiger<\/strong>, <strong>Meijer de Haan<\/strong> y <strong>Paul S\u00e9rusier<\/strong>, un estudiante de la famosa <strong>Academia Julien<\/strong> cuya presencia en la pensi\u00f3n Gloanec databa del oto\u00f1o de 1888, y que hab\u00eda disfrutado de una lecci\u00f3n magistral de Gauguin. En la historia del arte se ha conservado el nombre de Pont-Aven porque correspond\u00eda a la colonia art\u00edstica inicial; pero el de Pouldu le fue asociado como la otra vertiente de esta extraordinaria aventura. Testimonio de ello, las numerosas pinturas que muestran el lugar y sus alrededores y hoy visibles en los principales museos del mundo.<\/p>\n\n\n<div class=\"wp-block-image\">\n<figure class=\"aligncenter\"><img loading=\"lazy\" decoding=\"async\" width=\"610\" height=\"397\" src=\"https:\/\/www.aparences.net\/wp-content\/uploads\/2019\/08\/paul-serusier-paysage-avec-des-ramasseurs-de-goemon-1889.jpg\" alt=\"Paisaje con recolectores de algas, 1889, Paul S\u00e9rusier\" class=\"wp-image-18867\" title=\"Paisaje con recolectores de algas, 1889, Paul S\u00e9rusier\" srcset=\"https:\/\/www.aparences.net\/wp-content\/uploads\/2019\/08\/paul-serusier-paysage-avec-des-ramasseurs-de-goemon-1889.jpg 610w, https:\/\/www.aparences.net\/wp-content\/uploads\/2019\/08\/paul-serusier-paysage-avec-des-ramasseurs-de-goemon-1889-300x195.jpg 300w\" sizes=\"auto, (max-width: 610px) 100vw, 610px\" \/><figcaption class=\"wp-element-caption\"><em><strong>Paisaje con recolectores de algas<\/strong> (go\u00e9mon), 1889, <strong>Paul S\u00e9rusier<\/strong> (Colecci\u00f3n privada)<\/em><\/figcaption><\/figure>\n<\/div>\n\n\n<p>Las pocas pinturas de <a href=\"https:\/\/www.aparences.net\/es\/escuelas\/escuela-de-pont-aven\/paul-serusier-y-la-bretana\/\">S\u00e9rusier<\/a> en El Pouldu, en su mayor\u00eda paisajes de los alrededores, reflejan un dominio de los principios del sintetismo al simplificar los planos y la gama de colores. Las figuras de las j\u00f3venes bretonas est\u00e1n directamente inspiradas en las de Gauguin por su aspecto r\u00fastico y un poco est\u00e1tico, queriendo ser la expresi\u00f3n del lugar donde viven.<\/p>\n\n\n<div class=\"wp-block-image\">\n<figure class=\"aligncenter\"><img loading=\"lazy\" decoding=\"async\" width=\"472\" height=\"367\" src=\"https:\/\/www.aparences.net\/wp-content\/uploads\/2019\/08\/paul-serusier-bretonne-descendant-au-lavoir.jpg\" alt=\"Mujer bretona descendiendo al lavadero, 1890, Paul S\u00e9rusier\" class=\"wp-image-18868\" title=\"Mujer bretona descendiendo al lavadero, 1890, Paul S\u00e9rusier\" srcset=\"https:\/\/www.aparences.net\/wp-content\/uploads\/2019\/08\/paul-serusier-bretonne-descendant-au-lavoir.jpg 472w, https:\/\/www.aparences.net\/wp-content\/uploads\/2019\/08\/paul-serusier-bretonne-descendant-au-lavoir-300x233.jpg 300w\" sizes=\"auto, (max-width: 472px) 100vw, 472px\" \/><figcaption class=\"wp-element-caption\"><em><strong>Mujer bretona descendiendo al lavadero<\/strong>, 1890, <strong>Paul S\u00e9rusier<\/strong> <\/em><br><em>(Munich, Neue Pinakothek)<\/em><\/figcaption><\/figure>\n<\/div>\n\n<div class=\"wp-block-image\">\n<figure class=\"aligncenter\"><img loading=\"lazy\" decoding=\"async\" width=\"375\" height=\"457\" src=\"https:\/\/www.aparences.net\/wp-content\/uploads\/2019\/08\/paul-serusier-foire-a-chateauneuf.jpg\" alt=\"Feria en Ch\u00e2teauneuf du Faou, 1903, Paul S\u00e9rusier\" class=\"wp-image-18869\" title=\"Feria en Ch\u00e2teauneuf du Faou, 1903, Paul S\u00e9rusier\" srcset=\"https:\/\/www.aparences.net\/wp-content\/uploads\/2019\/08\/paul-serusier-foire-a-chateauneuf.jpg 375w, https:\/\/www.aparences.net\/wp-content\/uploads\/2019\/08\/paul-serusier-foire-a-chateauneuf-246x300.jpg 246w\" sizes=\"auto, (max-width: 375px) 100vw, 375px\" \/><figcaption class=\"wp-element-caption\"><em><strong>Feria en Ch\u00e2teauneuf du Faou<\/strong>, 1903, <strong>Paul S\u00e9rusier<\/strong> (Colecci\u00f3n privada)<\/em><\/figcaption><\/figure>\n<\/div>\n\n\n<p>Al regresar a El Pouldu a principios de octubre, Gauguin (el pintor efectuar\u00e1 cinco estancias en total a Pont-Aven y en El Pouldu) responde a la urgente invitaci\u00f3n del <strong>pintor holand\u00e9s Meijer de Haan<\/strong>, quien necesita tener cerca al que se hab\u00eda convertido en su mentor y le ofrece correr con los gastos de su estancia. De Haan pretende alquilar una villa junto al mar cuyo \u00e1tico les servir\u00eda de taller. A principios de septiembre, Gauguin le escribe a Emile Bernard: \u00abPuede que tengamos para este invierno una casa grande que De Haan quiere alquilar. En el piso superior tiene un taller de 12 por 15 sobre el mar. En este caso Laval y Moret vendr\u00edan y podr\u00edamos vivir con poco dinero. T\u00fa podr\u00edas completar este grupo.\u00bb Gauguin quer\u00eda establecer en El Pouldu una especie de comunidad de pintores, un \u00abtaller de Breta\u00f1a\u00bb como quer\u00eda llamarlo.<\/p>\n\n\n<div class=\"wp-block-image\">\n<figure class=\"aligncenter\"><img loading=\"lazy\" decoding=\"async\" width=\"510\" height=\"429\" src=\"https:\/\/www.aparences.net\/wp-content\/uploads\/2019\/08\/paul-gauguin-portrait-de-haan.jpg\" alt=\"Retrato de Meijer de Haan, 1889, Paul Gauguin\" class=\"wp-image-18870\" title=\"Retrato de Meijer de Haan, 1889, Paul Gauguin\" srcset=\"https:\/\/www.aparences.net\/wp-content\/uploads\/2019\/08\/paul-gauguin-portrait-de-haan.jpg 510w, https:\/\/www.aparences.net\/wp-content\/uploads\/2019\/08\/paul-gauguin-portrait-de-haan-300x252.jpg 300w\" sizes=\"auto, (max-width: 510px) 100vw, 510px\" \/><figcaption class=\"wp-element-caption\"><em><strong>Retrato de Meijer de Haan<\/strong>, 1889, <strong>Paul Gauguin<\/strong> (Colecci\u00f3n privada)<\/em><\/figcaption><\/figure>\n<\/div>\n\n\n<p><em>Gauguin retrata a su compa\u00f1ero De Haan con una mano deformada sosteniendo su barbilla, reflexionando sobre el contenido de los dos libros que hay encima de la mesa (uno de ellos, El Para\u00edso Perdido de Milton). Aparece como un \u00e1ngel ca\u00eddo, con la mirada perdida en su deseo de saber.<\/em><\/p>\n\n\n<div class=\"wp-block-image\">\n<figure class=\"aligncenter\"><img loading=\"lazy\" decoding=\"async\" width=\"577\" height=\"430\" src=\"https:\/\/www.aparences.net\/wp-content\/uploads\/2019\/08\/charles-laval-en-allant-au-marche.jpg\" alt=\"Yendo al mercado, 1888, Charles Laval\" class=\"wp-image-18878\" title=\"Yendo al mercado, 1888, Charles Laval\" srcset=\"https:\/\/www.aparences.net\/wp-content\/uploads\/2019\/08\/charles-laval-en-allant-au-marche.jpg 577w, https:\/\/www.aparences.net\/wp-content\/uploads\/2019\/08\/charles-laval-en-allant-au-marche-300x224.jpg 300w\" sizes=\"auto, (max-width: 577px) 100vw, 577px\" \/><figcaption class=\"wp-element-caption\"><em><strong>Yendo al mercado<\/strong>, 1888, <strong>Charles Laval<\/strong> (Indian\u00e1polis, Museum of Art)<\/em><\/figcaption><\/figure>\n<\/div>\n\n\n<p><em><strong>Charles Laval<\/strong> es uno de los muchos artistas que Gauguin conoce en Pont-Aven y se convierte en uno de sus disc\u00edpulos m\u00e1s fieles. Muri\u00f3 en El Cairo en 1895, a la edad de treinta y tres a\u00f1os.<\/em><\/p>\n\n\n\n<p>En la d\u00e9cada de 1880, los pintores parecen m\u00e1s predispuestos a aventurarse en El Pouldu. Algunos residen all\u00ed durante mucho tiempo como <strong>Henry Moret<\/strong> (1856-1913). Este pintor normando se form\u00f3 en Lorient y despu\u00e9s de un aprendizaje en Par\u00eds, comenz\u00f3 una carrera como paisajista trabajando en el Bas-Pouldu donde alquil\u00f3 un cobertizo. El sitio del puerto y el estuario le inspiraron algunos lienzos.<\/p>\n\n\n<div class=\"wp-block-image\">\n<figure class=\"aligncenter\"><img loading=\"lazy\" decoding=\"async\" width=\"577\" height=\"419\" src=\"https:\/\/www.aparences.net\/wp-content\/uploads\/2019\/08\/henry-moret-jeunes-bretonnes-indianapolis.jpg\" alt=\"J\u00f3venes bretonas en la landa, c. 1890-91, Henry Moret\" class=\"wp-image-18879\" title=\"J\u00f3venes bretonas en la landa, c. 1890-91, Henry Moret\" srcset=\"https:\/\/www.aparences.net\/wp-content\/uploads\/2019\/08\/henry-moret-jeunes-bretonnes-indianapolis.jpg 577w, https:\/\/www.aparences.net\/wp-content\/uploads\/2019\/08\/henry-moret-jeunes-bretonnes-indianapolis-300x218.jpg 300w\" sizes=\"auto, (max-width: 577px) 100vw, 577px\" \/><figcaption class=\"wp-element-caption\"><em><strong>J\u00f3venes bretonas en la landa<\/strong>, c. 1890-91, <strong>Henry Moret<\/strong> (Indianapolis, Museum of Art)<\/em><\/figcaption><\/figure>\n<\/div>\n\n\n<h2 class=\"wp-block-heading\">Charles Filiger<\/h2>\n\n\n\n<p><strong>Charles Filiger (1863-1928), un alsaciano que quiso dedicarse a la pintura<\/strong> en lugar de seguir los pasos de su padre como dibujante en una manufactura de impresi\u00f3n sobre tela. En 1887 se traslad\u00f3 a Paris y estudi\u00f3 en la Academia Colorons. En julio de 1888 lleg\u00f3 a Pont-Aven como muchos artistas atra\u00eddos por la fama del lugar, encontr\u00e1ndose con Gauguin y sus compa\u00f1eros. Asociado con el movimiento simbolista, en El Pouldu (1889-1890) opta junto con Gauguin por la s\u00edntesis y la estilizaci\u00f3n de las formas. En sus peque\u00f1os paisajes de Breta\u00f1a o en escenas de inspiraci\u00f3n religiosa, desarrolla un estilo muy personal movido por su pasi\u00f3n por <a href=\"https:\/\/www.aparences.net\/es\/periodos\/el-trecento\/\">los primitivos italianos<\/a>. Habr\u00eda declarado a Gauguin despu\u00e9s de ver sus pinturas: \u00ab<strong>T\u00fa eres Gauguin y juegas con la luz, yo soy Filiger y pinto el Absoluto<\/strong>\u00ab. Desde las primeras manifestaciones simbolistas, alrededor de 1890, a Filiger se le asocia con las exposiciones de esta nueva est\u00e9tica (<em>Exposition des Peintres impressionnistes et symbolistes<\/em> en la galer\u00eda Le Barc de Boutteville en Par\u00eds, <em>Salon de la Rose-Croix<\/em> en la galer\u00eda Durand-Ruel, <a href=\"https:\/\/www.aparences.net\/es\/periodos\/el-simbolismo\/el-simbolismo-belga\/#grupo-de-los-xx\"><em>Salon des XX<\/em><\/a> en Bruselas &#8230;). Despu\u00e9s de dejar El Pouldu en 1905, Filiger llev\u00f3 una vida errante y recluida en Breta\u00f1a, entre hospicios y hoteles, hasta ser acogido por una generosa familia en Plougastel-Daoulas. En ese aislamiento y mientras muchos lo consideraban desaparecido desde hac\u00eda tiempo, \u00e9l continuaba con su investigaci\u00f3n.<\/p>\n\n\n<div class=\"wp-block-image\">\n<figure class=\"aligncenter\"><img loading=\"lazy\" decoding=\"async\" width=\"620\" height=\"385\" src=\"https:\/\/www.aparences.net\/wp-content\/uploads\/2019\/08\/charles-filiger-paysage-au-pouldu-1892.jpg\" alt=\"Paisaje de El Pouldu, c. 1892, Charles Filiger\" class=\"wp-image-18871\" title=\"Paisaje de El Pouldu, c. 1892, Charles Filiger\" srcset=\"https:\/\/www.aparences.net\/wp-content\/uploads\/2019\/08\/charles-filiger-paysage-au-pouldu-1892.jpg 620w, https:\/\/www.aparences.net\/wp-content\/uploads\/2019\/08\/charles-filiger-paysage-au-pouldu-1892-300x186.jpg 300w\" sizes=\"auto, (max-width: 620px) 100vw, 620px\" \/><figcaption class=\"wp-element-caption\"><em><strong>Paisaje de El Pouldu<\/strong>, c. 1892, <strong>Charles Filiger<\/strong> (Quimper, Museo de Bellas Artes)<\/em><\/figcaption><\/figure>\n<\/div>\n\n<div class=\"wp-block-image\">\n<figure class=\"aligncenter\"><img loading=\"lazy\" decoding=\"async\" width=\"401\" height=\"458\" src=\"https:\/\/www.aparences.net\/wp-content\/uploads\/2019\/08\/charles-filiger-homme-nu-devant-un-paysage-1892.jpg\" alt=\"Desnudo frente a un paisaje, 1892, Charles Filiger\" class=\"wp-image-18872\" title=\"Desnudo frente a un paisaje, 1892, Charles Filiger\" srcset=\"https:\/\/www.aparences.net\/wp-content\/uploads\/2019\/08\/charles-filiger-homme-nu-devant-un-paysage-1892.jpg 401w, https:\/\/www.aparences.net\/wp-content\/uploads\/2019\/08\/charles-filiger-homme-nu-devant-un-paysage-1892-263x300.jpg 263w\" sizes=\"auto, (max-width: 401px) 100vw, 401px\" \/><figcaption class=\"wp-element-caption\"><em><strong>Desnudo frente a un paisaje<\/strong>, 1892, <strong>Charles Filiger<\/strong> <\/em><br><em>(Colecci\u00f3n privada)<\/em><\/figcaption><\/figure>\n<\/div>\n\n<div class=\"wp-block-image\">\n<figure class=\"aligncenter\"><img loading=\"lazy\" decoding=\"async\" width=\"620\" height=\"410\" src=\"https:\/\/www.aparences.net\/wp-content\/uploads\/2019\/08\/charles-filiger-maison-du-pen-du.jpg\" alt=\"La Maison du Pen-du, 1891, Charles Filiger\" class=\"wp-image-18873\" title=\"La Maison du Pen-du, 1891, Charles Filiger\" srcset=\"https:\/\/www.aparences.net\/wp-content\/uploads\/2019\/08\/charles-filiger-maison-du-pen-du.jpg 620w, https:\/\/www.aparences.net\/wp-content\/uploads\/2019\/08\/charles-filiger-maison-du-pen-du-300x198.jpg 300w\" sizes=\"auto, (max-width: 620px) 100vw, 620px\" \/><figcaption class=\"wp-element-caption\"><em><strong>La Maison du Pen-du<\/strong>, 1891, <strong>Charles Filiger<\/strong> (Colecci\u00f3n privada). La playa de los Grands Sables y enfrente, la \u00abmaison du Pendu\u00bb. \u00abPendu\u00bb en bret\u00f3n quiere decir \u00abcabeza negra\u00bb (en franc\u00e9s, ahorcado).<\/em><\/figcaption><\/figure>\n<\/div>\n\n\n<p>Gracias a Andr\u00e9 Breton, la obra de Filiger fue redescubierta a finales de los a\u00f1os 40, con ocasi\u00f3n de la exposici\u00f3n <em>Gauguin et ses amis<\/em> organizada por Maurice Malingue.<\/p>\n\n\n\n<!-- AdBoxLeft2023 --><ins class=\"adsbygoogle\" style=\"display:block\" data-ad-client=\"ca-pub-2468002815867636\" data-ad-slot=\"1318022963\" data-ad-format=\"auto\" data-full-width-responsive=\"true\"><\/ins><script> (adsbygoogle = window.adsbygoogle || []).push({});<\/script><h2 class=\"wp-block-heading\">La Buvette de la playa<\/h2>\n\n\n\n<p>Gauguin regresa a El Pouldu en octubre de 1889 y se instala en la <strong><em>Buvette de la Plage<\/em>, una posada que acababa de abrir Marie Henry<\/strong>, conocida como Marie Poup\u00e9e por su belleza y amabilidad. Nacida en 1859 en Mo\u00eblan-sur-Mer (Breta\u00f1a), trabaj\u00f3 como bordadora en Par\u00eds durante varios a\u00f1os. Regres\u00f3 a su pa\u00eds, probablemente poco antes del nacimiento de su hija Marie-L\u00e9a. La posada constaba de una planta baja que destinaba a bar y comedor y una planta superior con tres habitaciones. Ten\u00eda como hu\u00e9sped a Gauguin y poco despu\u00e9s se le uni\u00f3 Meijer de Haan. \u00c9ste \u00faltimo hizo grandes progresos en contacto con el pintor. \u00c9mile Jourdan y Ernest de Chamaillard, dos pintores instalados en Pont-Aven, pasaban a visitarlos de vez en cuando. Henry Moret, que viv\u00eda un poco apartado en el Bas-Pouldu, continuaba su trabajo como paisajista por los alrededores. Fue en el invierno de 1889, \u00e9poca poco propicia para trabajar al aire libre, cuando Gauguin et De Haan decidieron decorar el comedor de la posada pintando paredes, puertas y ventanas. En diciembre, Gauguin le escribe a Vincent van Gogh: \u00abDe Haan y yo hemos realizado un trabajo considerable: la decoraci\u00f3n de la posada donde comemos. Comenzamos con una pared y finalmente pintamos las cuatro, incluso la vidriera. Algo muy \u00fatil para ejercitarse.\u00bb<\/p>\n\n\n<div class=\"wp-block-image\">\n<figure class=\"aligncenter\"><img loading=\"lazy\" decoding=\"async\" width=\"499\" height=\"326\" src=\"https:\/\/www.aparences.net\/wp-content\/uploads\/2019\/08\/meijer-de-haan-teilleuses-de-lin.jpg\" alt=\"Las cortadoras de lino, 1889, Meijer de Haan\" class=\"wp-image-18875\" title=\"Las cortadoras de lino, 1889, Meijer de Haan\" srcset=\"https:\/\/www.aparences.net\/wp-content\/uploads\/2019\/08\/meijer-de-haan-teilleuses-de-lin.jpg 499w, https:\/\/www.aparences.net\/wp-content\/uploads\/2019\/08\/meijer-de-haan-teilleuses-de-lin-300x196.jpg 300w\" sizes=\"auto, (max-width: 499px) 100vw, 499px\" \/><figcaption class=\"wp-element-caption\"><em><strong>Las cortadoras de lino<\/strong>, 1889, <strong>Meijer de Haan<\/strong> (Colecci\u00f3n privada)<\/em><\/figcaption><\/figure>\n<\/div>\n\n<div class=\"wp-block-image\">\n<figure class=\"aligncenter\"><img loading=\"lazy\" decoding=\"async\" width=\"499\" height=\"409\" src=\"https:\/\/www.aparences.net\/wp-content\/uploads\/2019\/08\/meijer-de-haan-nature-morte-au-profil-de-mimi.jpg\" alt=\"Naturaleza muerta con el perfil de Mimi, 1890, Meijer de Haan\" class=\"wp-image-18876\" title=\"Naturaleza muerta con el perfil de Mimi, 1890, Meijer de Haan\" srcset=\"https:\/\/www.aparences.net\/wp-content\/uploads\/2019\/08\/meijer-de-haan-nature-morte-au-profil-de-mimi.jpg 499w, https:\/\/www.aparences.net\/wp-content\/uploads\/2019\/08\/meijer-de-haan-nature-morte-au-profil-de-mimi-300x246.jpg 300w\" sizes=\"auto, (max-width: 499px) 100vw, 499px\" \/><figcaption class=\"wp-element-caption\"><em><strong>Naturaleza muerta con el perfil de Mimi<\/strong>, 1890, <strong>Meijer de Haan<\/strong> <\/em><br><em>(Colecci\u00f3n privada)<\/em><\/figcaption><\/figure>\n<\/div>\n\n<div class=\"wp-block-image\">\n<figure class=\"aligncenter\"><img loading=\"lazy\" decoding=\"async\" width=\"499\" height=\"375\" src=\"https:\/\/www.aparences.net\/wp-content\/uploads\/2019\/08\/paul-gauguin-l-oie-1890-1891.jpg\" alt=\"La oca, 1889, Paul Gauguin\" class=\"wp-image-18877\" title=\"La oca, 1889, Paul Gauguin\" srcset=\"https:\/\/www.aparences.net\/wp-content\/uploads\/2019\/08\/paul-gauguin-l-oie-1890-1891.jpg 499w, https:\/\/www.aparences.net\/wp-content\/uploads\/2019\/08\/paul-gauguin-l-oie-1890-1891-300x225.jpg 300w\" sizes=\"auto, (max-width: 499px) 100vw, 499px\" \/><figcaption class=\"wp-element-caption\"><em><strong>La oca<\/strong>, 1889, <strong>Paul Gauguin<\/strong>, <\/em><em>(Quimper, Museo de Bellas Artes)<\/em><\/figcaption><\/figure>\n<\/div>\n\n\n<p><em>En la posada <strong>la Buvette de la Plage<\/strong>, Gauguin pint\u00f3 una oca encima de la puerta a modo de ense\u00f1a con la inscripci\u00f3n Maison Marie Henry, refiri\u00e9ndose a la \u00abbonne h\u00f4tesse\u00bb.<\/em><\/p>\n\n\n\n<p>Ahora, en la <em>Buvette de la Plage<\/em>, Charles Filiger puede contarles a los pintores y viajeros de paso, lo sucedido en los \u00faltimos meses. Maxime Maufra, un paisajista de Nantes que llega a la posada poco despu\u00e9s de la partida de Gauguin, sacar\u00e1 provecho de las decoraciones del comedor y de las obras dejadas all\u00ed por el pintor, as\u00ed como de sus conversaciones con Filiger, quien le ense\u00f1a los principios del sintetismo: \u00abEn lo alto del gran acantilado arenoso que domina el mar, a unos dos kil\u00f3metros del pueblo de El Pouldu, hab\u00eda una peque\u00f1a posada al borde de una carretera que terminaba en el oc\u00e9ano. Sin vecinos: solo la landa y el mar\u00bb. La pintura <em><strong>El genio de la guirlanda<\/strong><\/em> realizada por Charles Filiger proviene de la pared del comedor de la posada de Marie Henry en el Pouldu.<\/p>\n\n\n<div class=\"wp-block-image\">\n<figure class=\"aligncenter\"><img loading=\"lazy\" decoding=\"async\" width=\"620\" height=\"297\" src=\"https:\/\/www.aparences.net\/wp-content\/uploads\/2019\/08\/charles-filiger-genie-a-la-guirlande-1892.jpg\" alt=\"El genio de la guirlanda, 1892, Charles Filiger\" class=\"wp-image-18874\" title=\"El genio de la guirlanda, 1892, Charles Filiger\" srcset=\"https:\/\/www.aparences.net\/wp-content\/uploads\/2019\/08\/charles-filiger-genie-a-la-guirlande-1892.jpg 620w, https:\/\/www.aparences.net\/wp-content\/uploads\/2019\/08\/charles-filiger-genie-a-la-guirlande-1892-300x144.jpg 300w\" sizes=\"auto, (max-width: 620px) 100vw, 620px\" \/><figcaption class=\"wp-element-caption\"><em><strong>El genio de la guirlanda<\/strong>, 1892, <strong>Charles Filiger<\/strong> (Quimper, Museo de Bellas Artes)<\/em><\/figcaption><\/figure>\n<\/div>\n\n\n<p>Para las nuevas generaciones de pintores, Breta\u00f1a y los bretones se convierten en una caracter\u00edstica de este movimiento art\u00edstico: al dibujar la vida de los habitantes de Pont-Aven, los pintores dejan testimonio de la vida cotidiana y del folklore de aquella \u00e9poca. Henri-Gabriel Ibels, <a href=\"https:\/\/www.aparences.net\/es\/periodos\/postimpresionismo\/pierre-bonnard-biografia-y-obras\/\">Pierre Bonnard<\/a> y Paul Elie Ran\u00e7on, estudiantes de la <strong>Escuela Julien de Par\u00eds<\/strong>, fueron conquistados por las obras de la Escuela de Pont-Aven y llegaron incluso mucho m\u00e1s lejos en su investigaci\u00f3n art\u00edstica.<\/p>\n\n\n\n<hr class=\"wp-block-separator has-alpha-channel-opacity\"\/>\n\n\n\n<h6 class=\"wp-block-heading\">Bibliograf\u00eda<\/h6>\n\n\n\n<p class=\"has-text-align-left\">Delouche, Denise. <em>Gauguin et la Bretagne<\/em>. Apog\u00e9e, 1996<br>Delouche, Denise, Cariou, Andr\u00e9. <em>Gauguin et l&#8217;\u00c9cole de Pont-Aven<\/em>. Paris, Hazan, 2015<br>Cariou, Andr\u00e9. <em>Gauguin et l&#8217;\u00c9cole de Pont-Aven. <\/em>\u00c9ditions Ouest-France, 2001<em><br><\/em> Mazzanti, Anna.<em> <em>Gauguin et l&#8217;\u00c9cole de Pont-Aven.<\/em> <\/em>Le Figaro \u00c9ditions, 2008<em><br><\/em>S\u00e9rullaz, Arlette.<em> Dessins de l&#8217;\u00c9cole de Pont-Aven. <\/em>R\u00e9union des mus\u00e9es nationaux. 1989<\/p>\n","protected":false},"excerpt":{"rendered":"<p>Los artistas de Pont-Aven se influyeron mutuamente y quisieron revolucionar el arte franc\u00e9s y sus est\u00e1ndares. Fueron marcados por las innovadoras ideas de Gauguin.<\/p>\n","protected":false},"author":2,"featured_media":26718,"comment_status":"closed","ping_status":"closed","sticky":false,"template":"","format":"standard","meta":{"footnotes":""},"categories":[3171],"tags":[2209,2208,1613,3226,3223,1617,2211,3228,2212,3229,1631,2213,5970],"class_list":["post-13883","post","type-post","status-publish","format-standard","has-post-thumbnail","hentry","category-escuela-de-pont-aven","tag-charles-filiger","tag-charles-laval","tag-emile-bernard","tag-emile-bernard-2","tag-escuela-de-pont-aven","tag-le-pouldu","tag-meijer-de-haan","tag-paul-gauguin-2","tag-paul-gauguin","tag-paul-serusier-2","tag-paul-serusier","tag-pension-gloanec","tag-pintores-de-pont-aven"],"yoast_head":"<!-- This site is optimized with the Yoast SEO plugin v27.2 - https:\/\/yoast.com\/product\/yoast-seo-wordpress\/ -->\n<title>La escuela de Pont-Aven<\/title>\n<meta name=\"description\" content=\"Los artistas de Pont-Aven se influyeron mutuamente y quisieron revolucionar el arte franc\u00e9s y sus est\u00e1ndares. Fueron marcados por las innovadoras ideas de Gauguin.\" \/>\n<meta name=\"robots\" content=\"index, follow, max-snippet:-1, max-image-preview:large, max-video-preview:-1\" \/>\n<link rel=\"canonical\" href=\"https:\/\/www.aparences.net\/es\/escuelas\/escuela-de-pont-aven\/la-escuela-de-pont-aven\/\" \/>\n<meta property=\"og:locale\" content=\"es_ES\" \/>\n<meta property=\"og:type\" content=\"article\" \/>\n<meta property=\"og:title\" content=\"La escuela de Pont-Aven\" \/>\n<meta property=\"og:description\" content=\"Los artistas de Pont-Aven se influyeron mutuamente y quisieron revolucionar el arte franc\u00e9s y sus est\u00e1ndares. Fueron marcados por las innovadoras ideas de Gauguin.\" \/>\n<meta property=\"og:url\" content=\"https:\/\/www.aparences.net\/es\/escuelas\/escuela-de-pont-aven\/la-escuela-de-pont-aven\/\" \/>\n<meta property=\"og:site_name\" content=\"Aparences\" \/>\n<meta property=\"article:published_time\" content=\"2019-09-04T06:36:40+00:00\" \/>\n<meta property=\"article:modified_time\" content=\"2025-12-11T18:40:56+00:00\" \/>\n<meta property=\"og:image\" content=\"https:\/\/www.aparences.net\/wp-content\/uploads\/2019\/09\/ecole-de-pont-aven.jpg\" \/>\n\t<meta property=\"og:image:width\" content=\"1080\" \/>\n\t<meta property=\"og:image:height\" content=\"540\" \/>\n\t<meta property=\"og:image:type\" content=\"image\/jpeg\" \/>\n<meta name=\"author\" content=\"admin\" \/>\n<meta name=\"twitter:card\" content=\"summary_large_image\" \/>\n<meta name=\"twitter:label1\" content=\"Escrito por\" \/>\n\t<meta name=\"twitter:data1\" content=\"admin\" \/>\n\t<meta name=\"twitter:label2\" content=\"Tiempo de lectura\" \/>\n\t<meta name=\"twitter:data2\" content=\"14 minutos\" \/>\n<script type=\"application\/ld+json\" class=\"yoast-schema-graph\">{\"@context\":\"https:\/\/schema.org\",\"@graph\":[{\"@type\":\"Article\",\"@id\":\"https:\/\/www.aparences.net\/es\/escuelas\/escuela-de-pont-aven\/la-escuela-de-pont-aven\/#article\",\"isPartOf\":{\"@id\":\"https:\/\/www.aparences.net\/es\/escuelas\/escuela-de-pont-aven\/la-escuela-de-pont-aven\/\"},\"author\":{\"name\":\"admin\",\"@id\":\"https:\/\/www.aparences.net\/es\/#\/schema\/person\/af349f6ffc31b16c68963e61268afca5\"},\"headline\":\"La escuela de Pont-Aven\",\"datePublished\":\"2019-09-04T06:36:40+00:00\",\"dateModified\":\"2025-12-11T18:40:56+00:00\",\"mainEntityOfPage\":{\"@id\":\"https:\/\/www.aparences.net\/es\/escuelas\/escuela-de-pont-aven\/la-escuela-de-pont-aven\/\"},\"wordCount\":2330,\"publisher\":{\"@id\":\"https:\/\/www.aparences.net\/es\/#organization\"},\"image\":{\"@id\":\"https:\/\/www.aparences.net\/es\/escuelas\/escuela-de-pont-aven\/la-escuela-de-pont-aven\/#primaryimage\"},\"thumbnailUrl\":\"https:\/\/www.aparences.net\/wp-content\/uploads\/2019\/09\/ecole-de-pont-aven.jpg\",\"keywords\":[\"Charles Filiger\",\"Charles Laval\",\"\u00c9mile Bernard\",\"\u00c9mile Bernard\",\"escuela de Pont-Aven\",\"Le Pouldu\",\"Meijer de Haan\",\"Paul Gauguin\",\"Paul Gauguin\",\"Paul S\u00e9rusier\",\"Paul S\u00e9rusier\",\"pension Gloanec\",\"pintores de Pont-Aven\"],\"articleSection\":[\"Escuela de Pont-Aven\"],\"inLanguage\":\"es\"},{\"@type\":[\"WebPage\",\"ItemPage\"],\"@id\":\"https:\/\/www.aparences.net\/es\/escuelas\/escuela-de-pont-aven\/la-escuela-de-pont-aven\/\",\"url\":\"https:\/\/www.aparences.net\/es\/escuelas\/escuela-de-pont-aven\/la-escuela-de-pont-aven\/\",\"name\":\"La escuela de Pont-Aven\",\"isPartOf\":{\"@id\":\"https:\/\/www.aparences.net\/es\/#website\"},\"primaryImageOfPage\":{\"@id\":\"https:\/\/www.aparences.net\/es\/escuelas\/escuela-de-pont-aven\/la-escuela-de-pont-aven\/#primaryimage\"},\"image\":{\"@id\":\"https:\/\/www.aparences.net\/es\/escuelas\/escuela-de-pont-aven\/la-escuela-de-pont-aven\/#primaryimage\"},\"thumbnailUrl\":\"https:\/\/www.aparences.net\/wp-content\/uploads\/2019\/09\/ecole-de-pont-aven.jpg\",\"datePublished\":\"2019-09-04T06:36:40+00:00\",\"dateModified\":\"2025-12-11T18:40:56+00:00\",\"description\":\"Los artistas de Pont-Aven se influyeron mutuamente y quisieron revolucionar el arte franc\u00e9s y sus est\u00e1ndares. Fueron marcados por las innovadoras ideas de Gauguin.\",\"breadcrumb\":{\"@id\":\"https:\/\/www.aparences.net\/es\/escuelas\/escuela-de-pont-aven\/la-escuela-de-pont-aven\/#breadcrumb\"},\"inLanguage\":\"es\",\"potentialAction\":[{\"@type\":\"ReadAction\",\"target\":[\"https:\/\/www.aparences.net\/es\/escuelas\/escuela-de-pont-aven\/la-escuela-de-pont-aven\/\"]}]},{\"@type\":\"ImageObject\",\"inLanguage\":\"es\",\"@id\":\"https:\/\/www.aparences.net\/es\/escuelas\/escuela-de-pont-aven\/la-escuela-de-pont-aven\/#primaryimage\",\"url\":\"https:\/\/www.aparences.net\/wp-content\/uploads\/2019\/09\/ecole-de-pont-aven.jpg\",\"contentUrl\":\"https:\/\/www.aparences.net\/wp-content\/uploads\/2019\/09\/ecole-de-pont-aven.jpg\",\"width\":1080,\"height\":540},{\"@type\":\"BreadcrumbList\",\"@id\":\"https:\/\/www.aparences.net\/es\/escuelas\/escuela-de-pont-aven\/la-escuela-de-pont-aven\/#breadcrumb\",\"itemListElement\":[{\"@type\":\"ListItem\",\"position\":1,\"name\":\"Portada\",\"item\":\"https:\/\/www.aparences.net\/es\/\"},{\"@type\":\"ListItem\",\"position\":2,\"name\":\"La escuela de Pont-Aven\"}]},{\"@type\":\"WebSite\",\"@id\":\"https:\/\/www.aparences.net\/es\/#website\",\"url\":\"https:\/\/www.aparences.net\/es\/\",\"name\":\"Aparences: Historia del Arte y Actualidad Cultural\",\"description\":\"\",\"publisher\":{\"@id\":\"https:\/\/www.aparences.net\/es\/#organization\"},\"potentialAction\":[{\"@type\":\"SearchAction\",\"target\":{\"@type\":\"EntryPoint\",\"urlTemplate\":\"https:\/\/www.aparences.net\/es\/?s={search_term_string}\"},\"query-input\":{\"@type\":\"PropertyValueSpecification\",\"valueRequired\":true,\"valueName\":\"search_term_string\"}}],\"inLanguage\":\"es\"},{\"@type\":\"Organization\",\"@id\":\"https:\/\/www.aparences.net\/es\/#organization\",\"name\":\"Aparences: Historia del Arte y Actualidad Cultural\",\"url\":\"https:\/\/www.aparences.net\/es\/\",\"logo\":{\"@type\":\"ImageObject\",\"inLanguage\":\"es\",\"@id\":\"https:\/\/www.aparences.net\/es\/#\/schema\/logo\/image\/\",\"url\":\"https:\/\/www.aparences.net\/wp-content\/uploads\/2023\/09\/logo-quadrat-color-e1695915315229.png\",\"contentUrl\":\"https:\/\/www.aparences.net\/wp-content\/uploads\/2023\/09\/logo-quadrat-color-e1695915315229.png\",\"width\":120,\"height\":120,\"caption\":\"Aparences: Historia del Arte y Actualidad Cultural\"},\"image\":{\"@id\":\"https:\/\/www.aparences.net\/es\/#\/schema\/logo\/image\/\"}},{\"@type\":\"Person\",\"@id\":\"https:\/\/www.aparences.net\/es\/#\/schema\/person\/af349f6ffc31b16c68963e61268afca5\",\"name\":\"admin\",\"url\":\"https:\/\/www.aparences.net\/es\/author\/admin\/\"}]}<\/script>\n<!-- \/ Yoast SEO plugin. -->","yoast_head_json":{"title":"La escuela de Pont-Aven","description":"Los artistas de Pont-Aven se influyeron mutuamente y quisieron revolucionar el arte franc\u00e9s y sus est\u00e1ndares. Fueron marcados por las innovadoras ideas de Gauguin.","robots":{"index":"index","follow":"follow","max-snippet":"max-snippet:-1","max-image-preview":"max-image-preview:large","max-video-preview":"max-video-preview:-1"},"canonical":"https:\/\/www.aparences.net\/es\/escuelas\/escuela-de-pont-aven\/la-escuela-de-pont-aven\/","og_locale":"es_ES","og_type":"article","og_title":"La escuela de Pont-Aven","og_description":"Los artistas de Pont-Aven se influyeron mutuamente y quisieron revolucionar el arte franc\u00e9s y sus est\u00e1ndares. Fueron marcados por las innovadoras ideas de Gauguin.","og_url":"https:\/\/www.aparences.net\/es\/escuelas\/escuela-de-pont-aven\/la-escuela-de-pont-aven\/","og_site_name":"Aparences","article_published_time":"2019-09-04T06:36:40+00:00","article_modified_time":"2025-12-11T18:40:56+00:00","og_image":[{"width":1080,"height":540,"url":"https:\/\/www.aparences.net\/wp-content\/uploads\/2019\/09\/ecole-de-pont-aven.jpg","type":"image\/jpeg"}],"author":"admin","twitter_card":"summary_large_image","twitter_misc":{"Escrito por":"admin","Tiempo de lectura":"14 minutos"},"schema":{"@context":"https:\/\/schema.org","@graph":[{"@type":"Article","@id":"https:\/\/www.aparences.net\/es\/escuelas\/escuela-de-pont-aven\/la-escuela-de-pont-aven\/#article","isPartOf":{"@id":"https:\/\/www.aparences.net\/es\/escuelas\/escuela-de-pont-aven\/la-escuela-de-pont-aven\/"},"author":{"name":"admin","@id":"https:\/\/www.aparences.net\/es\/#\/schema\/person\/af349f6ffc31b16c68963e61268afca5"},"headline":"La escuela de Pont-Aven","datePublished":"2019-09-04T06:36:40+00:00","dateModified":"2025-12-11T18:40:56+00:00","mainEntityOfPage":{"@id":"https:\/\/www.aparences.net\/es\/escuelas\/escuela-de-pont-aven\/la-escuela-de-pont-aven\/"},"wordCount":2330,"publisher":{"@id":"https:\/\/www.aparences.net\/es\/#organization"},"image":{"@id":"https:\/\/www.aparences.net\/es\/escuelas\/escuela-de-pont-aven\/la-escuela-de-pont-aven\/#primaryimage"},"thumbnailUrl":"https:\/\/www.aparences.net\/wp-content\/uploads\/2019\/09\/ecole-de-pont-aven.jpg","keywords":["Charles Filiger","Charles Laval","\u00c9mile Bernard","\u00c9mile Bernard","escuela de Pont-Aven","Le Pouldu","Meijer de Haan","Paul Gauguin","Paul Gauguin","Paul S\u00e9rusier","Paul S\u00e9rusier","pension Gloanec","pintores de Pont-Aven"],"articleSection":["Escuela de Pont-Aven"],"inLanguage":"es"},{"@type":["WebPage","ItemPage"],"@id":"https:\/\/www.aparences.net\/es\/escuelas\/escuela-de-pont-aven\/la-escuela-de-pont-aven\/","url":"https:\/\/www.aparences.net\/es\/escuelas\/escuela-de-pont-aven\/la-escuela-de-pont-aven\/","name":"La escuela de Pont-Aven","isPartOf":{"@id":"https:\/\/www.aparences.net\/es\/#website"},"primaryImageOfPage":{"@id":"https:\/\/www.aparences.net\/es\/escuelas\/escuela-de-pont-aven\/la-escuela-de-pont-aven\/#primaryimage"},"image":{"@id":"https:\/\/www.aparences.net\/es\/escuelas\/escuela-de-pont-aven\/la-escuela-de-pont-aven\/#primaryimage"},"thumbnailUrl":"https:\/\/www.aparences.net\/wp-content\/uploads\/2019\/09\/ecole-de-pont-aven.jpg","datePublished":"2019-09-04T06:36:40+00:00","dateModified":"2025-12-11T18:40:56+00:00","description":"Los artistas de Pont-Aven se influyeron mutuamente y quisieron revolucionar el arte franc\u00e9s y sus est\u00e1ndares. Fueron marcados por las innovadoras ideas de Gauguin.","breadcrumb":{"@id":"https:\/\/www.aparences.net\/es\/escuelas\/escuela-de-pont-aven\/la-escuela-de-pont-aven\/#breadcrumb"},"inLanguage":"es","potentialAction":[{"@type":"ReadAction","target":["https:\/\/www.aparences.net\/es\/escuelas\/escuela-de-pont-aven\/la-escuela-de-pont-aven\/"]}]},{"@type":"ImageObject","inLanguage":"es","@id":"https:\/\/www.aparences.net\/es\/escuelas\/escuela-de-pont-aven\/la-escuela-de-pont-aven\/#primaryimage","url":"https:\/\/www.aparences.net\/wp-content\/uploads\/2019\/09\/ecole-de-pont-aven.jpg","contentUrl":"https:\/\/www.aparences.net\/wp-content\/uploads\/2019\/09\/ecole-de-pont-aven.jpg","width":1080,"height":540},{"@type":"BreadcrumbList","@id":"https:\/\/www.aparences.net\/es\/escuelas\/escuela-de-pont-aven\/la-escuela-de-pont-aven\/#breadcrumb","itemListElement":[{"@type":"ListItem","position":1,"name":"Portada","item":"https:\/\/www.aparences.net\/es\/"},{"@type":"ListItem","position":2,"name":"La escuela de Pont-Aven"}]},{"@type":"WebSite","@id":"https:\/\/www.aparences.net\/es\/#website","url":"https:\/\/www.aparences.net\/es\/","name":"Aparences: Historia del Arte y Actualidad Cultural","description":"","publisher":{"@id":"https:\/\/www.aparences.net\/es\/#organization"},"potentialAction":[{"@type":"SearchAction","target":{"@type":"EntryPoint","urlTemplate":"https:\/\/www.aparences.net\/es\/?s={search_term_string}"},"query-input":{"@type":"PropertyValueSpecification","valueRequired":true,"valueName":"search_term_string"}}],"inLanguage":"es"},{"@type":"Organization","@id":"https:\/\/www.aparences.net\/es\/#organization","name":"Aparences: Historia del Arte y Actualidad Cultural","url":"https:\/\/www.aparences.net\/es\/","logo":{"@type":"ImageObject","inLanguage":"es","@id":"https:\/\/www.aparences.net\/es\/#\/schema\/logo\/image\/","url":"https:\/\/www.aparences.net\/wp-content\/uploads\/2023\/09\/logo-quadrat-color-e1695915315229.png","contentUrl":"https:\/\/www.aparences.net\/wp-content\/uploads\/2023\/09\/logo-quadrat-color-e1695915315229.png","width":120,"height":120,"caption":"Aparences: Historia del Arte y Actualidad Cultural"},"image":{"@id":"https:\/\/www.aparences.net\/es\/#\/schema\/logo\/image\/"}},{"@type":"Person","@id":"https:\/\/www.aparences.net\/es\/#\/schema\/person\/af349f6ffc31b16c68963e61268afca5","name":"admin","url":"https:\/\/www.aparences.net\/es\/author\/admin\/"}]}},"_links":{"self":[{"href":"https:\/\/www.aparences.net\/es\/wp-json\/wp\/v2\/posts\/13883","targetHints":{"allow":["GET"]}}],"collection":[{"href":"https:\/\/www.aparences.net\/es\/wp-json\/wp\/v2\/posts"}],"about":[{"href":"https:\/\/www.aparences.net\/es\/wp-json\/wp\/v2\/types\/post"}],"author":[{"embeddable":true,"href":"https:\/\/www.aparences.net\/es\/wp-json\/wp\/v2\/users\/2"}],"replies":[{"embeddable":true,"href":"https:\/\/www.aparences.net\/es\/wp-json\/wp\/v2\/comments?post=13883"}],"version-history":[{"count":0,"href":"https:\/\/www.aparences.net\/es\/wp-json\/wp\/v2\/posts\/13883\/revisions"}],"wp:featuredmedia":[{"embeddable":true,"href":"https:\/\/www.aparences.net\/es\/wp-json\/wp\/v2\/media\/26718"}],"wp:attachment":[{"href":"https:\/\/www.aparences.net\/es\/wp-json\/wp\/v2\/media?parent=13883"}],"wp:term":[{"taxonomy":"category","embeddable":true,"href":"https:\/\/www.aparences.net\/es\/wp-json\/wp\/v2\/categories?post=13883"},{"taxonomy":"post_tag","embeddable":true,"href":"https:\/\/www.aparences.net\/es\/wp-json\/wp\/v2\/tags?post=13883"}],"curies":[{"name":"wp","href":"https:\/\/api.w.org\/{rel}","templated":true}]}}