{"id":19788,"date":"2020-01-26T16:22:13","date_gmt":"2020-01-26T15:22:13","guid":{"rendered":"https:\/\/www.aparences.net\/?p=19788"},"modified":"2020-05-08T10:09:45","modified_gmt":"2020-05-08T08:09:45","slug":"caras-y-lugares","status":"publish","type":"post","link":"https:\/\/www.aparences.net\/es\/media-es\/documentales\/caras-y-lugares\/","title":{"rendered":"Caras y lugares"},"content":{"rendered":"\n<p>Colaboraci\u00f3n entre la veterana directora Agn\u00e8s Varda y el artista gr\u00e1fico urbano y fot\u00f3grafo JR (Jean Ren\u00e9), un joven franc\u00e9s conocido por sus impactantes obras visuales que consisten en enormes intervenciones gr\u00e1ficas en calles y tejados de diversas ciudades de todo el mundo. (Film Affinity)<\/p>\n","protected":false},"excerpt":{"rendered":"<p>Colaboraci\u00f3n entre la veterana directora Agn\u00e8s Varda y el artista gr\u00e1fico urbano y fot\u00f3grafo JR (Jean Ren\u00e9), un joven franc\u00e9s conocido por sus impactantes obras [&#8230;]<\/p>\n","protected":false},"author":2,"featured_media":19842,"comment_status":"closed","ping_status":"closed","sticky":false,"template":"","format":"standard","meta":{"footnotes":""},"categories":[2323,3186],"tags":[],"class_list":["post-19788","post","type-post","status-publish","format-standard","has-post-thumbnail","hentry","category-documentales","category-media-es"],"yoast_head":"<!-- This site is optimized with the Yoast SEO plugin v27.2 - https:\/\/yoast.com\/product\/yoast-seo-wordpress\/ -->\n<title>Caras y lugares<\/title>\n<meta name=\"description\" content=\"Colaboraci\u00f3n entre la veterana directora Agn\u00e8s Varda y el artista gr\u00e1fico urbano y fot\u00f3grafo JR (Jean Ren\u00e9), un joven franc\u00e9s conocido por sus impactantes\" \/>\n<meta name=\"robots\" content=\"index, follow, max-snippet:-1, max-image-preview:large, max-video-preview:-1\" \/>\n<link rel=\"canonical\" href=\"https:\/\/www.aparences.net\/es\/media-es\/documentales\/caras-y-lugares\/\" \/>\n<meta property=\"og:locale\" content=\"es_ES\" \/>\n<meta property=\"og:type\" content=\"article\" \/>\n<meta property=\"og:title\" content=\"Caras y lugares\" \/>\n<meta property=\"og:description\" content=\"Colaboraci\u00f3n entre la veterana directora Agn\u00e8s Varda y el artista gr\u00e1fico urbano y fot\u00f3grafo JR (Jean Ren\u00e9), un joven franc\u00e9s conocido por sus impactantes\" \/>\n<meta property=\"og:url\" content=\"https:\/\/www.aparences.net\/es\/media-es\/documentales\/caras-y-lugares\/\" \/>\n<meta property=\"og:site_name\" content=\"Aparences\" \/>\n<meta property=\"article:published_time\" content=\"2020-01-26T15:22:13+00:00\" \/>\n<meta property=\"article:modified_time\" content=\"2020-05-08T08:09:45+00:00\" \/>\n<meta property=\"og:image\" content=\"https:\/\/www.aparences.net\/wp-content\/uploads\/2020\/01\/visages-villages-featured.jpg\" \/>\n\t<meta property=\"og:image:width\" content=\"900\" \/>\n\t<meta property=\"og:image:height\" content=\"514\" \/>\n\t<meta property=\"og:image:type\" content=\"image\/jpeg\" \/>\n<meta name=\"author\" content=\"admin\" \/>\n<meta name=\"twitter:card\" content=\"summary_large_image\" \/>\n<meta name=\"twitter:label1\" content=\"Escrito por\" \/>\n\t<meta name=\"twitter:data1\" content=\"admin\" \/>\n<script type=\"application\/ld+json\" class=\"yoast-schema-graph\">{\"@context\":\"https:\/\/schema.org\",\"@graph\":[{\"@type\":\"Article\",\"@id\":\"https:\/\/www.aparences.net\/es\/media-es\/documentales\/caras-y-lugares\/#article\",\"isPartOf\":{\"@id\":\"https:\/\/www.aparences.net\/es\/media-es\/documentales\/caras-y-lugares\/\"},\"author\":{\"name\":\"admin\",\"@id\":\"https:\/\/www.aparences.net\/es\/#\/schema\/person\/af349f6ffc31b16c68963e61268afca5\"},\"headline\":\"Caras y lugares\",\"datePublished\":\"2020-01-26T15:22:13+00:00\",\"dateModified\":\"2020-05-08T08:09:45+00:00\",\"mainEntityOfPage\":{\"@id\":\"https:\/\/www.aparences.net\/es\/media-es\/documentales\/caras-y-lugares\/\"},\"wordCount\":54,\"publisher\":{\"@id\":\"https:\/\/www.aparences.net\/es\/#organization\"},\"image\":{\"@id\":\"https:\/\/www.aparences.net\/es\/media-es\/documentales\/caras-y-lugares\/#primaryimage\"},\"thumbnailUrl\":\"https:\/\/www.aparences.net\/wp-content\/uploads\/2020\/01\/visages-villages-featured.jpg\",\"articleSection\":[\"Documentales\",\"Media\"],\"inLanguage\":\"es\"},{\"@type\":[\"WebPage\",\"ItemPage\"],\"@id\":\"https:\/\/www.aparences.net\/es\/media-es\/documentales\/caras-y-lugares\/\",\"url\":\"https:\/\/www.aparences.net\/es\/media-es\/documentales\/caras-y-lugares\/\",\"name\":\"Caras y lugares\",\"isPartOf\":{\"@id\":\"https:\/\/www.aparences.net\/es\/#website\"},\"primaryImageOfPage\":{\"@id\":\"https:\/\/www.aparences.net\/es\/media-es\/documentales\/caras-y-lugares\/#primaryimage\"},\"image\":{\"@id\":\"https:\/\/www.aparences.net\/es\/media-es\/documentales\/caras-y-lugares\/#primaryimage\"},\"thumbnailUrl\":\"https:\/\/www.aparences.net\/wp-content\/uploads\/2020\/01\/visages-villages-featured.jpg\",\"datePublished\":\"2020-01-26T15:22:13+00:00\",\"dateModified\":\"2020-05-08T08:09:45+00:00\",\"description\":\"Colaboraci\u00f3n entre la veterana directora Agn\u00e8s Varda y el artista gr\u00e1fico urbano y fot\u00f3grafo JR (Jean Ren\u00e9), un joven franc\u00e9s conocido por sus impactantes\",\"breadcrumb\":{\"@id\":\"https:\/\/www.aparences.net\/es\/media-es\/documentales\/caras-y-lugares\/#breadcrumb\"},\"inLanguage\":\"es\",\"potentialAction\":[{\"@type\":\"ReadAction\",\"target\":[\"https:\/\/www.aparences.net\/es\/media-es\/documentales\/caras-y-lugares\/\"]}]},{\"@type\":\"ImageObject\",\"inLanguage\":\"es\",\"@id\":\"https:\/\/www.aparences.net\/es\/media-es\/documentales\/caras-y-lugares\/#primaryimage\",\"url\":\"https:\/\/www.aparences.net\/wp-content\/uploads\/2020\/01\/visages-villages-featured.jpg\",\"contentUrl\":\"https:\/\/www.aparences.net\/wp-content\/uploads\/2020\/01\/visages-villages-featured.jpg\",\"width\":900,\"height\":514},{\"@type\":\"BreadcrumbList\",\"@id\":\"https:\/\/www.aparences.net\/es\/media-es\/documentales\/caras-y-lugares\/#breadcrumb\",\"itemListElement\":[{\"@type\":\"ListItem\",\"position\":1,\"name\":\"Portada\",\"item\":\"https:\/\/www.aparences.net\/es\/\"},{\"@type\":\"ListItem\",\"position\":2,\"name\":\"Caras y lugares\"}]},{\"@type\":\"WebSite\",\"@id\":\"https:\/\/www.aparences.net\/es\/#website\",\"url\":\"https:\/\/www.aparences.net\/es\/\",\"name\":\"Aparences: Historia del Arte y Actualidad Cultural\",\"description\":\"\",\"publisher\":{\"@id\":\"https:\/\/www.aparences.net\/es\/#organization\"},\"potentialAction\":[{\"@type\":\"SearchAction\",\"target\":{\"@type\":\"EntryPoint\",\"urlTemplate\":\"https:\/\/www.aparences.net\/es\/?s={search_term_string}\"},\"query-input\":{\"@type\":\"PropertyValueSpecification\",\"valueRequired\":true,\"valueName\":\"search_term_string\"}}],\"inLanguage\":\"es\"},{\"@type\":\"Organization\",\"@id\":\"https:\/\/www.aparences.net\/es\/#organization\",\"name\":\"Aparences: Historia del Arte y Actualidad Cultural\",\"url\":\"https:\/\/www.aparences.net\/es\/\",\"logo\":{\"@type\":\"ImageObject\",\"inLanguage\":\"es\",\"@id\":\"https:\/\/www.aparences.net\/es\/#\/schema\/logo\/image\/\",\"url\":\"https:\/\/www.aparences.net\/wp-content\/uploads\/2023\/09\/logo-quadrat-color-e1695915315229.png\",\"contentUrl\":\"https:\/\/www.aparences.net\/wp-content\/uploads\/2023\/09\/logo-quadrat-color-e1695915315229.png\",\"width\":120,\"height\":120,\"caption\":\"Aparences: Historia del Arte y Actualidad Cultural\"},\"image\":{\"@id\":\"https:\/\/www.aparences.net\/es\/#\/schema\/logo\/image\/\"}},{\"@type\":\"Person\",\"@id\":\"https:\/\/www.aparences.net\/es\/#\/schema\/person\/af349f6ffc31b16c68963e61268afca5\",\"name\":\"admin\",\"url\":\"https:\/\/www.aparences.net\/es\/author\/admin\/\"}]}<\/script>\n<!-- \/ Yoast SEO plugin. -->","yoast_head_json":{"title":"Caras y lugares","description":"Colaboraci\u00f3n entre la veterana directora Agn\u00e8s Varda y el artista gr\u00e1fico urbano y fot\u00f3grafo JR (Jean Ren\u00e9), un joven franc\u00e9s conocido por sus impactantes","robots":{"index":"index","follow":"follow","max-snippet":"max-snippet:-1","max-image-preview":"max-image-preview:large","max-video-preview":"max-video-preview:-1"},"canonical":"https:\/\/www.aparences.net\/es\/media-es\/documentales\/caras-y-lugares\/","og_locale":"es_ES","og_type":"article","og_title":"Caras y lugares","og_description":"Colaboraci\u00f3n entre la veterana directora Agn\u00e8s Varda y el artista gr\u00e1fico urbano y fot\u00f3grafo JR (Jean Ren\u00e9), un joven franc\u00e9s conocido por sus impactantes","og_url":"https:\/\/www.aparences.net\/es\/media-es\/documentales\/caras-y-lugares\/","og_site_name":"Aparences","article_published_time":"2020-01-26T15:22:13+00:00","article_modified_time":"2020-05-08T08:09:45+00:00","og_image":[{"width":900,"height":514,"url":"https:\/\/www.aparences.net\/wp-content\/uploads\/2020\/01\/visages-villages-featured.jpg","type":"image\/jpeg"}],"author":"admin","twitter_card":"summary_large_image","twitter_misc":{"Escrito por":"admin"},"schema":{"@context":"https:\/\/schema.org","@graph":[{"@type":"Article","@id":"https:\/\/www.aparences.net\/es\/media-es\/documentales\/caras-y-lugares\/#article","isPartOf":{"@id":"https:\/\/www.aparences.net\/es\/media-es\/documentales\/caras-y-lugares\/"},"author":{"name":"admin","@id":"https:\/\/www.aparences.net\/es\/#\/schema\/person\/af349f6ffc31b16c68963e61268afca5"},"headline":"Caras y lugares","datePublished":"2020-01-26T15:22:13+00:00","dateModified":"2020-05-08T08:09:45+00:00","mainEntityOfPage":{"@id":"https:\/\/www.aparences.net\/es\/media-es\/documentales\/caras-y-lugares\/"},"wordCount":54,"publisher":{"@id":"https:\/\/www.aparences.net\/es\/#organization"},"image":{"@id":"https:\/\/www.aparences.net\/es\/media-es\/documentales\/caras-y-lugares\/#primaryimage"},"thumbnailUrl":"https:\/\/www.aparences.net\/wp-content\/uploads\/2020\/01\/visages-villages-featured.jpg","articleSection":["Documentales","Media"],"inLanguage":"es"},{"@type":["WebPage","ItemPage"],"@id":"https:\/\/www.aparences.net\/es\/media-es\/documentales\/caras-y-lugares\/","url":"https:\/\/www.aparences.net\/es\/media-es\/documentales\/caras-y-lugares\/","name":"Caras y lugares","isPartOf":{"@id":"https:\/\/www.aparences.net\/es\/#website"},"primaryImageOfPage":{"@id":"https:\/\/www.aparences.net\/es\/media-es\/documentales\/caras-y-lugares\/#primaryimage"},"image":{"@id":"https:\/\/www.aparences.net\/es\/media-es\/documentales\/caras-y-lugares\/#primaryimage"},"thumbnailUrl":"https:\/\/www.aparences.net\/wp-content\/uploads\/2020\/01\/visages-villages-featured.jpg","datePublished":"2020-01-26T15:22:13+00:00","dateModified":"2020-05-08T08:09:45+00:00","description":"Colaboraci\u00f3n entre la veterana directora Agn\u00e8s Varda y el artista gr\u00e1fico urbano y fot\u00f3grafo JR (Jean Ren\u00e9), un joven franc\u00e9s conocido por sus impactantes","breadcrumb":{"@id":"https:\/\/www.aparences.net\/es\/media-es\/documentales\/caras-y-lugares\/#breadcrumb"},"inLanguage":"es","potentialAction":[{"@type":"ReadAction","target":["https:\/\/www.aparences.net\/es\/media-es\/documentales\/caras-y-lugares\/"]}]},{"@type":"ImageObject","inLanguage":"es","@id":"https:\/\/www.aparences.net\/es\/media-es\/documentales\/caras-y-lugares\/#primaryimage","url":"https:\/\/www.aparences.net\/wp-content\/uploads\/2020\/01\/visages-villages-featured.jpg","contentUrl":"https:\/\/www.aparences.net\/wp-content\/uploads\/2020\/01\/visages-villages-featured.jpg","width":900,"height":514},{"@type":"BreadcrumbList","@id":"https:\/\/www.aparences.net\/es\/media-es\/documentales\/caras-y-lugares\/#breadcrumb","itemListElement":[{"@type":"ListItem","position":1,"name":"Portada","item":"https:\/\/www.aparences.net\/es\/"},{"@type":"ListItem","position":2,"name":"Caras y lugares"}]},{"@type":"WebSite","@id":"https:\/\/www.aparences.net\/es\/#website","url":"https:\/\/www.aparences.net\/es\/","name":"Aparences: Historia del Arte y Actualidad Cultural","description":"","publisher":{"@id":"https:\/\/www.aparences.net\/es\/#organization"},"potentialAction":[{"@type":"SearchAction","target":{"@type":"EntryPoint","urlTemplate":"https:\/\/www.aparences.net\/es\/?s={search_term_string}"},"query-input":{"@type":"PropertyValueSpecification","valueRequired":true,"valueName":"search_term_string"}}],"inLanguage":"es"},{"@type":"Organization","@id":"https:\/\/www.aparences.net\/es\/#organization","name":"Aparences: Historia del Arte y Actualidad Cultural","url":"https:\/\/www.aparences.net\/es\/","logo":{"@type":"ImageObject","inLanguage":"es","@id":"https:\/\/www.aparences.net\/es\/#\/schema\/logo\/image\/","url":"https:\/\/www.aparences.net\/wp-content\/uploads\/2023\/09\/logo-quadrat-color-e1695915315229.png","contentUrl":"https:\/\/www.aparences.net\/wp-content\/uploads\/2023\/09\/logo-quadrat-color-e1695915315229.png","width":120,"height":120,"caption":"Aparences: Historia del Arte y Actualidad Cultural"},"image":{"@id":"https:\/\/www.aparences.net\/es\/#\/schema\/logo\/image\/"}},{"@type":"Person","@id":"https:\/\/www.aparences.net\/es\/#\/schema\/person\/af349f6ffc31b16c68963e61268afca5","name":"admin","url":"https:\/\/www.aparences.net\/es\/author\/admin\/"}]}},"_links":{"self":[{"href":"https:\/\/www.aparences.net\/es\/wp-json\/wp\/v2\/posts\/19788","targetHints":{"allow":["GET"]}}],"collection":[{"href":"https:\/\/www.aparences.net\/es\/wp-json\/wp\/v2\/posts"}],"about":[{"href":"https:\/\/www.aparences.net\/es\/wp-json\/wp\/v2\/types\/post"}],"author":[{"embeddable":true,"href":"https:\/\/www.aparences.net\/es\/wp-json\/wp\/v2\/users\/2"}],"replies":[{"embeddable":true,"href":"https:\/\/www.aparences.net\/es\/wp-json\/wp\/v2\/comments?post=19788"}],"version-history":[{"count":0,"href":"https:\/\/www.aparences.net\/es\/wp-json\/wp\/v2\/posts\/19788\/revisions"}],"wp:featuredmedia":[{"embeddable":true,"href":"https:\/\/www.aparences.net\/es\/wp-json\/wp\/v2\/media\/19842"}],"wp:attachment":[{"href":"https:\/\/www.aparences.net\/es\/wp-json\/wp\/v2\/media?parent=19788"}],"wp:term":[{"taxonomy":"category","embeddable":true,"href":"https:\/\/www.aparences.net\/es\/wp-json\/wp\/v2\/categories?post=19788"},{"taxonomy":"post_tag","embeddable":true,"href":"https:\/\/www.aparences.net\/es\/wp-json\/wp\/v2\/tags?post=19788"}],"curies":[{"name":"wp","href":"https:\/\/api.w.org\/{rel}","templated":true}]}}