{"id":20112,"date":"2020-03-05T17:28:00","date_gmt":"2020-03-05T16:28:00","guid":{"rendered":"https:\/\/www.aparences.net\/?p=20112"},"modified":"2021-02-05T17:53:52","modified_gmt":"2021-02-05T16:53:52","slug":"cezanne-y-los-maestros-sueno-de-italia","status":"publish","type":"post","link":"https:\/\/www.aparences.net\/es\/actualidad\/cezanne-y-los-maestros-sueno-de-italia\/","title":{"rendered":"C\u00e9zanne y los maestros. Sue\u00f1o de Italia"},"content":{"rendered":"\n<p>El museo Marmottan Monet organiza, del 27 de febrero al 5 de julio de 2020, una nueva exposici\u00f3n titulada <em>C\u00e9zanne y los maestros. Sue\u00f1o de Italia<\/em>. Se trata de una oportunidad de descubrir, por primera vez, la obra del pintor que ser\u00e1 puesta en relaci\u00f3n con las obras maestras de grandes pintores italianos del siglo XVI al siglo XX. Adem\u00e1s de una notable selecci\u00f3n de pinturas de C\u00e9zanne, entre las cuales la ic\u00f3nica <em>Montagne Sainte-Victoire<\/em>, las fundamentales <em>Pastoral<\/em> y naturalezas muertas, frente a un raro conjunto de pinturas antiguas de <a href=\"https:\/\/www.aparences.net\/es\/escuelas\/la-pintura-veneciana\/tintoretto\/\">Tintoretto<\/a>, Bassano, <a href=\"https:\/\/www.aparences.net\/es\/periodos\/el-manierismo-anexos\/el-greco-o-el-apogeo-del-manierismo\/\">El Greco<\/a>, Ribera, Giordano, <a href=\"https:\/\/www.aparences.net\/es\/periodos\/pintura-francesa-del-siglo-xvii\/nicolas-poussin-el-paisaje-historico\/\">Poussin<\/a> y, entre los modernos, Carr\u00e0, fundador del <a href=\"https:\/\/www.aparences.net\/es\/periodos\/arte-moderno\/futurismo\/\">futurismo<\/a>, Sironi, Soffici, Pirandello sin olvidar a Boccioni y Morandi. En total sesenta obras maestras provenientes de colecciones p\u00fablicas y privadas entre las m\u00e1s importantes del mundo (Museo del Louvre, Orsay, National Gallery of Art de Washington, Museo Thyssen-Bornemisza de Madrid, Pola Museum de Kanagawa, Walker Art Gallery de Liverpool, \u2026).<\/p>\n\n\n\n<div class=\"wp-block-image\"><figure class=\"aligncenter size-large\"><img loading=\"lazy\" decoding=\"async\" width=\"621\" height=\"390\" src=\"https:\/\/www.aparences.net\/wp-content\/uploads\/2020\/03\/cezanne-sironi.jpg\" alt=\"Hombre sentado, 1905-1906, Paul C\u00e9zanne, Madrid, Museo Thyssen-Bornemisza.\" class=\"wp-image-20109\" srcset=\"https:\/\/www.aparences.net\/wp-content\/uploads\/2020\/03\/cezanne-sironi.jpg 621w, https:\/\/www.aparences.net\/wp-content\/uploads\/2020\/03\/cezanne-sironi-160x100.jpg 160w\" sizes=\"auto, (max-width: 621px) 100vw, 621px\" \/><figcaption><em><strong>Hombre sentado<\/strong>, 1905-1906, <strong>Paul C\u00e9zanne<\/strong>, Madrid, Museo Thyssen-Bornemisza ; <strong>Ritratto del fratello Ettore<\/strong>, vers 1910, <strong>Mario Sironi<\/strong>, Archivio Mario Sironi di Romana Sironi<\/em>.<\/figcaption><\/figure><\/div>\n\n\n\n<p>La primera parte de la exposici\u00f3n destacar\u00e1 el impacto de la cultura latina en la obra de C\u00e9zanne y la forma en que se aliment\u00f3 del ejemplo de sus ilustres predecesores para realizar una pintura \u00abnueva\u00bb. Bas\u00e1ndose en esa italianidad, no es sorprendente que la experiencia de C\u00e9zanne tambi\u00e9n haya marcado a los artistas de la pen\u00ednsula. La segunda parte de la exposici\u00f3n se centrar\u00e1 en ilustrar la influencia decisiva de <a href=\"https:\/\/www.aparences.net\/es\/periodos\/postimpresionismo\/paul-cezanne\/\">Paul C\u00e9zanne<\/a> en los grandes maestros del Novecento italiano. Revisitando su investigaci\u00f3n, obras de Carr\u00e0, Morandi, Boccioni, etc. subrayan el valor intemporal de la obra de C\u00e9zanne, como fundamento del arte del siglo XX.<\/p>\n","protected":false},"excerpt":{"rendered":"<p>El museo Marmottan Monet organiza, del 27 de febrero al 5 de julio de 2020, una nueva exposici\u00f3n titulada C\u00e9zanne y los maestros. Sue\u00f1o de [&#8230;]<\/p>\n","protected":false},"author":2,"featured_media":20428,"comment_status":"closed","ping_status":"closed","sticky":false,"template":"","format":"standard","meta":{"footnotes":""},"categories":[2368,2605],"tags":[],"class_list":["post-20112","post","type-post","status-publish","format-standard","has-post-thumbnail","hentry","category-actualidad","category-exposiciones"],"yoast_head":"<!-- This site is optimized with the Yoast SEO plugin v27.2 - https:\/\/yoast.com\/product\/yoast-seo-wordpress\/ -->\n<title>C\u00e9zanne y los maestros. Sue\u00f1o de Italia<\/title>\n<meta name=\"description\" content=\"El museo Marmottan Monet organiza, del 27 de febrero al 5 de julio de 2020, una nueva exposici\u00f3n titulada C\u00e9zanne y los maestros. Sue\u00f1o de Italia. Se\" \/>\n<meta name=\"robots\" content=\"index, follow, max-snippet:-1, max-image-preview:large, max-video-preview:-1\" \/>\n<link rel=\"canonical\" href=\"https:\/\/www.aparences.net\/es\/actualidad\/cezanne-y-los-maestros-sueno-de-italia\/\" \/>\n<meta property=\"og:locale\" content=\"es_ES\" \/>\n<meta property=\"og:type\" content=\"article\" \/>\n<meta property=\"og:title\" content=\"C\u00e9zanne y los maestros. Sue\u00f1o de Italia\" \/>\n<meta property=\"og:description\" content=\"El museo Marmottan Monet organiza, del 27 de febrero al 5 de julio de 2020, una nueva exposici\u00f3n titulada C\u00e9zanne y los maestros. Sue\u00f1o de Italia. Se\" \/>\n<meta property=\"og:url\" content=\"https:\/\/www.aparences.net\/es\/actualidad\/cezanne-y-los-maestros-sueno-de-italia\/\" \/>\n<meta property=\"og:site_name\" content=\"Aparences\" \/>\n<meta property=\"article:published_time\" content=\"2020-03-05T16:28:00+00:00\" \/>\n<meta property=\"article:modified_time\" content=\"2021-02-05T16:53:52+00:00\" \/>\n<meta property=\"og:image\" content=\"https:\/\/www.aparences.net\/wp-content\/uploads\/2020\/03\/marmottan-monet-cezanne-et-les-maitres.jpg\" \/>\n\t<meta property=\"og:image:width\" content=\"880\" \/>\n\t<meta property=\"og:image:height\" content=\"290\" \/>\n\t<meta property=\"og:image:type\" content=\"image\/jpeg\" \/>\n<meta name=\"author\" content=\"admin\" \/>\n<meta name=\"twitter:card\" content=\"summary_large_image\" \/>\n<meta name=\"twitter:label1\" content=\"Escrito por\" \/>\n\t<meta name=\"twitter:data1\" content=\"admin\" \/>\n\t<meta name=\"twitter:label2\" content=\"Tiempo de lectura\" \/>\n\t<meta name=\"twitter:data2\" content=\"1 minuto\" \/>\n<script type=\"application\/ld+json\" class=\"yoast-schema-graph\">{\"@context\":\"https:\/\/schema.org\",\"@graph\":[{\"@type\":\"Article\",\"@id\":\"https:\/\/www.aparences.net\/es\/actualidad\/cezanne-y-los-maestros-sueno-de-italia\/#article\",\"isPartOf\":{\"@id\":\"https:\/\/www.aparences.net\/es\/actualidad\/cezanne-y-los-maestros-sueno-de-italia\/\"},\"author\":{\"name\":\"admin\",\"@id\":\"https:\/\/www.aparences.net\/es\/#\/schema\/person\/af349f6ffc31b16c68963e61268afca5\"},\"headline\":\"C\u00e9zanne y los maestros. Sue\u00f1o de Italia\",\"datePublished\":\"2020-03-05T16:28:00+00:00\",\"dateModified\":\"2021-02-05T16:53:52+00:00\",\"mainEntityOfPage\":{\"@id\":\"https:\/\/www.aparences.net\/es\/actualidad\/cezanne-y-los-maestros-sueno-de-italia\/\"},\"wordCount\":307,\"publisher\":{\"@id\":\"https:\/\/www.aparences.net\/es\/#organization\"},\"image\":{\"@id\":\"https:\/\/www.aparences.net\/es\/actualidad\/cezanne-y-los-maestros-sueno-de-italia\/#primaryimage\"},\"thumbnailUrl\":\"https:\/\/www.aparences.net\/wp-content\/uploads\/2020\/03\/marmottan-monet-cezanne-et-les-maitres.jpg\",\"articleSection\":[\"Actualidad\",\"Exposiciones\"],\"inLanguage\":\"es\"},{\"@type\":[\"WebPage\",\"ItemPage\"],\"@id\":\"https:\/\/www.aparences.net\/es\/actualidad\/cezanne-y-los-maestros-sueno-de-italia\/\",\"url\":\"https:\/\/www.aparences.net\/es\/actualidad\/cezanne-y-los-maestros-sueno-de-italia\/\",\"name\":\"C\u00e9zanne y los maestros. Sue\u00f1o de Italia\",\"isPartOf\":{\"@id\":\"https:\/\/www.aparences.net\/es\/#website\"},\"primaryImageOfPage\":{\"@id\":\"https:\/\/www.aparences.net\/es\/actualidad\/cezanne-y-los-maestros-sueno-de-italia\/#primaryimage\"},\"image\":{\"@id\":\"https:\/\/www.aparences.net\/es\/actualidad\/cezanne-y-los-maestros-sueno-de-italia\/#primaryimage\"},\"thumbnailUrl\":\"https:\/\/www.aparences.net\/wp-content\/uploads\/2020\/03\/marmottan-monet-cezanne-et-les-maitres.jpg\",\"datePublished\":\"2020-03-05T16:28:00+00:00\",\"dateModified\":\"2021-02-05T16:53:52+00:00\",\"description\":\"El museo Marmottan Monet organiza, del 27 de febrero al 5 de julio de 2020, una nueva exposici\u00f3n titulada C\u00e9zanne y los maestros. Sue\u00f1o de Italia. Se\",\"breadcrumb\":{\"@id\":\"https:\/\/www.aparences.net\/es\/actualidad\/cezanne-y-los-maestros-sueno-de-italia\/#breadcrumb\"},\"inLanguage\":\"es\",\"potentialAction\":[{\"@type\":\"ReadAction\",\"target\":[\"https:\/\/www.aparences.net\/es\/actualidad\/cezanne-y-los-maestros-sueno-de-italia\/\"]}]},{\"@type\":\"ImageObject\",\"inLanguage\":\"es\",\"@id\":\"https:\/\/www.aparences.net\/es\/actualidad\/cezanne-y-los-maestros-sueno-de-italia\/#primaryimage\",\"url\":\"https:\/\/www.aparences.net\/wp-content\/uploads\/2020\/03\/marmottan-monet-cezanne-et-les-maitres.jpg\",\"contentUrl\":\"https:\/\/www.aparences.net\/wp-content\/uploads\/2020\/03\/marmottan-monet-cezanne-et-les-maitres.jpg\",\"width\":880,\"height\":290},{\"@type\":\"BreadcrumbList\",\"@id\":\"https:\/\/www.aparences.net\/es\/actualidad\/cezanne-y-los-maestros-sueno-de-italia\/#breadcrumb\",\"itemListElement\":[{\"@type\":\"ListItem\",\"position\":1,\"name\":\"Portada\",\"item\":\"https:\/\/www.aparences.net\/es\/\"},{\"@type\":\"ListItem\",\"position\":2,\"name\":\"C\u00e9zanne y los maestros. Sue\u00f1o de Italia\"}]},{\"@type\":\"WebSite\",\"@id\":\"https:\/\/www.aparences.net\/es\/#website\",\"url\":\"https:\/\/www.aparences.net\/es\/\",\"name\":\"Aparences: Historia del Arte y Actualidad Cultural\",\"description\":\"\",\"publisher\":{\"@id\":\"https:\/\/www.aparences.net\/es\/#organization\"},\"potentialAction\":[{\"@type\":\"SearchAction\",\"target\":{\"@type\":\"EntryPoint\",\"urlTemplate\":\"https:\/\/www.aparences.net\/es\/?s={search_term_string}\"},\"query-input\":{\"@type\":\"PropertyValueSpecification\",\"valueRequired\":true,\"valueName\":\"search_term_string\"}}],\"inLanguage\":\"es\"},{\"@type\":\"Organization\",\"@id\":\"https:\/\/www.aparences.net\/es\/#organization\",\"name\":\"Aparences: Historia del Arte y Actualidad Cultural\",\"url\":\"https:\/\/www.aparences.net\/es\/\",\"logo\":{\"@type\":\"ImageObject\",\"inLanguage\":\"es\",\"@id\":\"https:\/\/www.aparences.net\/es\/#\/schema\/logo\/image\/\",\"url\":\"https:\/\/www.aparences.net\/wp-content\/uploads\/2023\/09\/logo-quadrat-color-e1695915315229.png\",\"contentUrl\":\"https:\/\/www.aparences.net\/wp-content\/uploads\/2023\/09\/logo-quadrat-color-e1695915315229.png\",\"width\":120,\"height\":120,\"caption\":\"Aparences: Historia del Arte y Actualidad Cultural\"},\"image\":{\"@id\":\"https:\/\/www.aparences.net\/es\/#\/schema\/logo\/image\/\"}},{\"@type\":\"Person\",\"@id\":\"https:\/\/www.aparences.net\/es\/#\/schema\/person\/af349f6ffc31b16c68963e61268afca5\",\"name\":\"admin\",\"url\":\"https:\/\/www.aparences.net\/es\/author\/admin\/\"}]}<\/script>\n<!-- \/ Yoast SEO plugin. -->","yoast_head_json":{"title":"C\u00e9zanne y los maestros. Sue\u00f1o de Italia","description":"El museo Marmottan Monet organiza, del 27 de febrero al 5 de julio de 2020, una nueva exposici\u00f3n titulada C\u00e9zanne y los maestros. Sue\u00f1o de Italia. Se","robots":{"index":"index","follow":"follow","max-snippet":"max-snippet:-1","max-image-preview":"max-image-preview:large","max-video-preview":"max-video-preview:-1"},"canonical":"https:\/\/www.aparences.net\/es\/actualidad\/cezanne-y-los-maestros-sueno-de-italia\/","og_locale":"es_ES","og_type":"article","og_title":"C\u00e9zanne y los maestros. Sue\u00f1o de Italia","og_description":"El museo Marmottan Monet organiza, del 27 de febrero al 5 de julio de 2020, una nueva exposici\u00f3n titulada C\u00e9zanne y los maestros. Sue\u00f1o de Italia. Se","og_url":"https:\/\/www.aparences.net\/es\/actualidad\/cezanne-y-los-maestros-sueno-de-italia\/","og_site_name":"Aparences","article_published_time":"2020-03-05T16:28:00+00:00","article_modified_time":"2021-02-05T16:53:52+00:00","og_image":[{"width":880,"height":290,"url":"https:\/\/www.aparences.net\/wp-content\/uploads\/2020\/03\/marmottan-monet-cezanne-et-les-maitres.jpg","type":"image\/jpeg"}],"author":"admin","twitter_card":"summary_large_image","twitter_misc":{"Escrito por":"admin","Tiempo de lectura":"1 minuto"},"schema":{"@context":"https:\/\/schema.org","@graph":[{"@type":"Article","@id":"https:\/\/www.aparences.net\/es\/actualidad\/cezanne-y-los-maestros-sueno-de-italia\/#article","isPartOf":{"@id":"https:\/\/www.aparences.net\/es\/actualidad\/cezanne-y-los-maestros-sueno-de-italia\/"},"author":{"name":"admin","@id":"https:\/\/www.aparences.net\/es\/#\/schema\/person\/af349f6ffc31b16c68963e61268afca5"},"headline":"C\u00e9zanne y los maestros. Sue\u00f1o de Italia","datePublished":"2020-03-05T16:28:00+00:00","dateModified":"2021-02-05T16:53:52+00:00","mainEntityOfPage":{"@id":"https:\/\/www.aparences.net\/es\/actualidad\/cezanne-y-los-maestros-sueno-de-italia\/"},"wordCount":307,"publisher":{"@id":"https:\/\/www.aparences.net\/es\/#organization"},"image":{"@id":"https:\/\/www.aparences.net\/es\/actualidad\/cezanne-y-los-maestros-sueno-de-italia\/#primaryimage"},"thumbnailUrl":"https:\/\/www.aparences.net\/wp-content\/uploads\/2020\/03\/marmottan-monet-cezanne-et-les-maitres.jpg","articleSection":["Actualidad","Exposiciones"],"inLanguage":"es"},{"@type":["WebPage","ItemPage"],"@id":"https:\/\/www.aparences.net\/es\/actualidad\/cezanne-y-los-maestros-sueno-de-italia\/","url":"https:\/\/www.aparences.net\/es\/actualidad\/cezanne-y-los-maestros-sueno-de-italia\/","name":"C\u00e9zanne y los maestros. Sue\u00f1o de Italia","isPartOf":{"@id":"https:\/\/www.aparences.net\/es\/#website"},"primaryImageOfPage":{"@id":"https:\/\/www.aparences.net\/es\/actualidad\/cezanne-y-los-maestros-sueno-de-italia\/#primaryimage"},"image":{"@id":"https:\/\/www.aparences.net\/es\/actualidad\/cezanne-y-los-maestros-sueno-de-italia\/#primaryimage"},"thumbnailUrl":"https:\/\/www.aparences.net\/wp-content\/uploads\/2020\/03\/marmottan-monet-cezanne-et-les-maitres.jpg","datePublished":"2020-03-05T16:28:00+00:00","dateModified":"2021-02-05T16:53:52+00:00","description":"El museo Marmottan Monet organiza, del 27 de febrero al 5 de julio de 2020, una nueva exposici\u00f3n titulada C\u00e9zanne y los maestros. Sue\u00f1o de Italia. Se","breadcrumb":{"@id":"https:\/\/www.aparences.net\/es\/actualidad\/cezanne-y-los-maestros-sueno-de-italia\/#breadcrumb"},"inLanguage":"es","potentialAction":[{"@type":"ReadAction","target":["https:\/\/www.aparences.net\/es\/actualidad\/cezanne-y-los-maestros-sueno-de-italia\/"]}]},{"@type":"ImageObject","inLanguage":"es","@id":"https:\/\/www.aparences.net\/es\/actualidad\/cezanne-y-los-maestros-sueno-de-italia\/#primaryimage","url":"https:\/\/www.aparences.net\/wp-content\/uploads\/2020\/03\/marmottan-monet-cezanne-et-les-maitres.jpg","contentUrl":"https:\/\/www.aparences.net\/wp-content\/uploads\/2020\/03\/marmottan-monet-cezanne-et-les-maitres.jpg","width":880,"height":290},{"@type":"BreadcrumbList","@id":"https:\/\/www.aparences.net\/es\/actualidad\/cezanne-y-los-maestros-sueno-de-italia\/#breadcrumb","itemListElement":[{"@type":"ListItem","position":1,"name":"Portada","item":"https:\/\/www.aparences.net\/es\/"},{"@type":"ListItem","position":2,"name":"C\u00e9zanne y los maestros. Sue\u00f1o de Italia"}]},{"@type":"WebSite","@id":"https:\/\/www.aparences.net\/es\/#website","url":"https:\/\/www.aparences.net\/es\/","name":"Aparences: Historia del Arte y Actualidad Cultural","description":"","publisher":{"@id":"https:\/\/www.aparences.net\/es\/#organization"},"potentialAction":[{"@type":"SearchAction","target":{"@type":"EntryPoint","urlTemplate":"https:\/\/www.aparences.net\/es\/?s={search_term_string}"},"query-input":{"@type":"PropertyValueSpecification","valueRequired":true,"valueName":"search_term_string"}}],"inLanguage":"es"},{"@type":"Organization","@id":"https:\/\/www.aparences.net\/es\/#organization","name":"Aparences: Historia del Arte y Actualidad Cultural","url":"https:\/\/www.aparences.net\/es\/","logo":{"@type":"ImageObject","inLanguage":"es","@id":"https:\/\/www.aparences.net\/es\/#\/schema\/logo\/image\/","url":"https:\/\/www.aparences.net\/wp-content\/uploads\/2023\/09\/logo-quadrat-color-e1695915315229.png","contentUrl":"https:\/\/www.aparences.net\/wp-content\/uploads\/2023\/09\/logo-quadrat-color-e1695915315229.png","width":120,"height":120,"caption":"Aparences: Historia del Arte y Actualidad Cultural"},"image":{"@id":"https:\/\/www.aparences.net\/es\/#\/schema\/logo\/image\/"}},{"@type":"Person","@id":"https:\/\/www.aparences.net\/es\/#\/schema\/person\/af349f6ffc31b16c68963e61268afca5","name":"admin","url":"https:\/\/www.aparences.net\/es\/author\/admin\/"}]}},"_links":{"self":[{"href":"https:\/\/www.aparences.net\/es\/wp-json\/wp\/v2\/posts\/20112","targetHints":{"allow":["GET"]}}],"collection":[{"href":"https:\/\/www.aparences.net\/es\/wp-json\/wp\/v2\/posts"}],"about":[{"href":"https:\/\/www.aparences.net\/es\/wp-json\/wp\/v2\/types\/post"}],"author":[{"embeddable":true,"href":"https:\/\/www.aparences.net\/es\/wp-json\/wp\/v2\/users\/2"}],"replies":[{"embeddable":true,"href":"https:\/\/www.aparences.net\/es\/wp-json\/wp\/v2\/comments?post=20112"}],"version-history":[{"count":0,"href":"https:\/\/www.aparences.net\/es\/wp-json\/wp\/v2\/posts\/20112\/revisions"}],"wp:featuredmedia":[{"embeddable":true,"href":"https:\/\/www.aparences.net\/es\/wp-json\/wp\/v2\/media\/20428"}],"wp:attachment":[{"href":"https:\/\/www.aparences.net\/es\/wp-json\/wp\/v2\/media?parent=20112"}],"wp:term":[{"taxonomy":"category","embeddable":true,"href":"https:\/\/www.aparences.net\/es\/wp-json\/wp\/v2\/categories?post=20112"},{"taxonomy":"post_tag","embeddable":true,"href":"https:\/\/www.aparences.net\/es\/wp-json\/wp\/v2\/tags?post=20112"}],"curies":[{"name":"wp","href":"https:\/\/api.w.org\/{rel}","templated":true}]}}