{"id":20859,"date":"2020-05-07T18:04:36","date_gmt":"2020-05-07T16:04:36","guid":{"rendered":"https:\/\/www.aparences.net\/?p=20859"},"modified":"2025-12-11T19:40:55","modified_gmt":"2025-12-11T18:40:55","slug":"el-movimiento-prerrafaelita","status":"publish","type":"post","link":"https:\/\/www.aparences.net\/es\/periodos\/el-movimiento-prerrafaelita\/","title":{"rendered":"El movimiento prerrafaelita"},"content":{"rendered":"<p><!--contents--><\/p>\n\n\n<h2 class=\"wp-block-heading\">La Confraternidad de los prerrafaelitas.<\/h2>\n\n\n\n<p>En 1848, un cierto n\u00famero de pintores fundaron la Confraternidad Prerrafaelita (<em>Pre-Raphaelite Brotherhood<\/em>) expresi\u00f3n art\u00edstica caracter\u00edstica de la \u00e9poca victoriana. Los artistas que formaron parte de ella son <a href=\"https:\/\/www.aparences.net\/es\/periodos\/william-holman-hunt\/\" class=\"aioseop-link\">William Holman Hunt<\/a>, <a href=\"https:\/\/www.aparences.net\/es\/periodos\/dante-gabriel-rossetti\/\" class=\"aioseop-link\">Dante Gabriel Rossetti<\/a> y <strong>John Everett Millais<\/strong>. Inspir\u00e1ndose en <a href=\"https:\/\/es.wikipedia.org\/wiki\/Nazarenos_(arte)\" class=\"aioseop-link\">los Nazarenos<\/a>, los prerrafaelitas propugnan el regreso a una pintura l\u00edmpida, pura, que tuviera como referencia estil\u00edstica el arte medieval y los maestros anteriores a la \u00abmanera moderna\u00bb de <a href=\"https:\/\/www.aparences.net\/es\/periodos\/el-alto-renacimiento-en-pintura\/#rafael:-urbino,-florencia,-roma\" class=\"aioseop-link\">Rafael<\/a> (primer Renacimiento o <a href=\"https:\/\/www.aparences.net\/es\/periodos\/el-quattrocento\/\" class=\"aioseop-link\">Quattrocento<\/a>). Movidos por una extra\u00f1a forma de religiosidad, a menudo asociada a una sensualidad inquietante, la pintura de los prerrafaelitas divide a p\u00fablico y cr\u00edtica. Sus temas preferidos son literarios \u2013 <a href=\"https:\/\/www.aparences.net\/es\/tematicos\/dante-en-la-pintura\/\" class=\"aioseop-link\">ilustran Dante<\/a>, <strong>Shakespeare<\/strong>, <a href=\"https:\/\/es.wikipedia.org\/wiki\/John_Keats\" class=\"aioseop-link\">Keats<\/a> o Robert Browning, el poeta m\u00edstico que tanto amaba Italia. Aunque los artistas que fundaron en Inglaterra la Confraternidad prerrafaelita no puedan ser integrados al <a href=\"https:\/\/www.aparences.net\/es\/periodos\/realismo\/el-estilo-realista\/\" class=\"aioseop-link\">movimiento realista<\/a>, ellos tambi\u00e9n se opusieron a las convenciones y a los c\u00e1nones del arte oficial. Los pintores y poetas del grupo \u2013 Hunt, Millais, Rossetti\u2026- compart\u00edan la misma aversi\u00f3n hacia lo que consideraban como el \u00abacademicismo insustancial del arte contempor\u00e1neo\u00bb. Los temas de sus pinturas eran casi siempre hist\u00f3ricos y religiosos, pero su inter\u00e9s por la representaci\u00f3n naturalista los distingu\u00eda de la tradici\u00f3n acad\u00e9mica. Hunt viaj\u00f3 varias veces a Tierra Santa en busca de ideas para sus pinturas b\u00edblicas. Relacionados con el movimiento Arts and Crafts Movement, ejercieron una influencia determinante sobre la evoluci\u00f3n del Art Nouveau y del <a href=\"https:\/\/www.aparences.net\/es\/periodos\/el-simbolismo\/\" class=\"aioseop-link\">Simbolismo<\/a>.<\/p>\n\n\n<div class=\"wp-block-image\">\n<figure class=\"aligncenter size-large\"><img loading=\"lazy\" decoding=\"async\" width=\"335\" height=\"460\" src=\"https:\/\/www.aparences.net\/wp-content\/uploads\/2020\/05\/dante-gabriel-rossetti-beata-beatrix-1872.jpg\" alt=\"Beata Beatrix, 1872, Dante Gabriel Rossetti, Londres, Tate Britain.\" class=\"wp-image-20816\" srcset=\"https:\/\/www.aparences.net\/wp-content\/uploads\/2020\/05\/dante-gabriel-rossetti-beata-beatrix-1872.jpg 335w, https:\/\/www.aparences.net\/wp-content\/uploads\/2020\/05\/dante-gabriel-rossetti-beata-beatrix-1872-160x220.jpg 160w\" sizes=\"auto, (max-width: 335px) 100vw, 335px\" \/><figcaption class=\"wp-element-caption\"><em><strong>Beata Beatrix<\/strong>, 1872, <strong>Dante Gabriel Rossetti<\/strong>, Londres, Tate Britain.<\/em> <\/figcaption><\/figure>\n<\/div>\n\n\n<p>El cuadro de Rossetti ilustra el poema la <a href=\"https:\/\/www.aparences.net\/es\/tematicos\/dante-en-la-pintura\/#dante-:-vida-nueva-\" class=\"aioseop-link\"><em>Vita Nuova<\/em> de Dante<\/a> y representa el retrato de Beatrice Portinari en el momento de su muerte. Rossetti la representa bajo los rasgos de su difunta esposa, Elizabeth. El personaje de pie a la derecha del cuadro es Dante y al fondo aparece una vista de Florencia. <\/p>\n\n\n\n<p>En Millais (1829-1896) la dimensi\u00f3n po\u00e9tica es menos intensa que en los dem\u00e1s prerrafaelitas y su pintura es m\u00e1s fiel a la realidad. Cercana al naturalismo de una cierta pintura continental, con la que tiene en com\u00fan la tendencia a lo pat\u00e9tico y a lo sentimental que representa con una perfecta ejecuci\u00f3n y con claras connotaciones moralizadoras. En Ofelia,  un personaje de la c\u00e9lebre tragedia de Shakespeare <em>Hamlet<\/em>, el pintor refuerza la verosimilitud de la escena con una minuciosa atenci\u00f3n a los detalles de la ropa y de la decoraci\u00f3n paisajista. Se trata de un rasgo caracter\u00edstico de la pintura de los prerrafaelitas ingleses  que rompe de manera decisiva con las convenciones acad\u00e9micas.<\/p>\n\n\n<div class=\"wp-block-image\">\n<figure class=\"aligncenter size-large\"><img loading=\"lazy\" decoding=\"async\" width=\"630\" height=\"428\" src=\"https:\/\/www.aparences.net\/wp-content\/uploads\/2020\/05\/john-everett-millais-ophelie-1852.jpg\" alt=\"Ofelia, 1852, John Everett Millais, (Londres, National Gallery).\" class=\"wp-image-20818\" srcset=\"https:\/\/www.aparences.net\/wp-content\/uploads\/2020\/05\/john-everett-millais-ophelie-1852.jpg 630w, https:\/\/www.aparences.net\/wp-content\/uploads\/2020\/05\/john-everett-millais-ophelie-1852-160x109.jpg 160w\" sizes=\"auto, (max-width: 630px) 100vw, 630px\" \/><figcaption class=\"wp-element-caption\"><em><strong>Ofelia<\/strong>, 1852, <strong>John Everett Millais<\/strong>, Londres, National Gallery.<\/em><\/figcaption><\/figure>\n<\/div>\n\n\n<p>La <em>Noche de Reyes<\/em> es uno de los muchos cuadros prerrafaelitas que representan escenas de Shakespeare. La hero\u00edna de <em>Noche de Reyes<\/em> es Viola, quien al comienzo de la obra sufre un naufragio y es separada de su hermano. Disfrazada de paje, entra al servicio de Orsino, duque de Illyria, quien est\u00e1 enamorado de la condesa Olivia. Deverell ilustra el momento del segundo acto, cuando el duque Orsino (en el centro) requiere a su buf\u00f3n Feste para que cante \u00abVen, ven, oh muerte\u00bb. Orsino no sabe, ni que el paje Cesario (sentado a la izquierda), que le mira con tanta admiraci\u00f3n, no es otro que Viola, ni que \u00e9sta est\u00e1 intentando conquistar su coraz\u00f3n. La obra est\u00e1 llena de simbolismo; por ejemplo, la madreselva que trepa alrededor del trono de Orsino es un s\u00edmbolo de entrega, y las flores de la pasi\u00f3n que aparecen alrededor del muro entre \u00e9l y Viola se asocian con el amor. Deverell comparti\u00f3 estudio con Rossetti pero su tr\u00e1gica muerte a los 26 a\u00f1os de edad, afect\u00f3 profundamente a sus amigos Millais y Hunt.<\/p>\n\n\n<div class=\"wp-block-image\">\n<figure class=\"aligncenter size-large\"><img loading=\"lazy\" decoding=\"async\" width=\"630\" height=\"477\" src=\"https:\/\/www.aparences.net\/wp-content\/uploads\/2020\/05\/walter-howell-deverell-la-nuit-des-rois-1849-50-.jpg\" alt=\"Noche de Reyes, 1849-1850, Walter Howell Deverell, New York, Colecci\u00f3n privada.\" class=\"wp-image-20820\" srcset=\"https:\/\/www.aparences.net\/wp-content\/uploads\/2020\/05\/walter-howell-deverell-la-nuit-des-rois-1849-50-.jpg 630w, https:\/\/www.aparences.net\/wp-content\/uploads\/2020\/05\/walter-howell-deverell-la-nuit-des-rois-1849-50--160x121.jpg 160w\" sizes=\"auto, (max-width: 630px) 100vw, 630px\" \/><figcaption class=\"wp-element-caption\"><em><strong>Noche de Reyes<\/strong>, 1849-1850, <strong>Walter Howell Deverell<\/strong>, New York, Colecci\u00f3n privada.<\/em><\/figcaption><\/figure>\n<\/div>\n\n\n<p>John Everett Millais, en su cuadro <em>Mariana<\/em>, nos presenta otro personaje basado tambi\u00e9n en una obra de William Shakespeare. En <em>Measure for Measure<\/em>, una de las protagonistas, Mariana, se iba a casar, pero fue rechazada cuando su dote se perdi\u00f3 en un naufragio. La joven se retira a una morada solitaria esperando el retorno de su prometido. <\/p>\n\n\n<div class=\"wp-block-image\">\n<figure class=\"aligncenter size-large\"><img loading=\"lazy\" decoding=\"async\" width=\"375\" height=\"460\" src=\"https:\/\/www.aparences.net\/wp-content\/uploads\/2020\/05\/john-everett-millais-mariana-1851.jpg\" alt=\"Mariana, 1851, John Everett Millais, Londres, Tate Britain.\" class=\"wp-image-20822\" srcset=\"https:\/\/www.aparences.net\/wp-content\/uploads\/2020\/05\/john-everett-millais-mariana-1851.jpg 375w, https:\/\/www.aparences.net\/wp-content\/uploads\/2020\/05\/john-everett-millais-mariana-1851-160x196.jpg 160w\" sizes=\"auto, (max-width: 375px) 100vw, 375px\" \/><figcaption class=\"wp-element-caption\"><em><strong>Mariana<\/strong>, 1851, <strong>John Everett Millais<\/strong>, Londres, Tate Britain.<\/em><\/figcaption><\/figure>\n<\/div>\n\n\n<p>El grupo de artistas que hab\u00eda constituido inicialmente la Hermandad no tard\u00f3 en desagregarse, pero se unieron a ella otros pintores:  entre ellos, <a href=\"https:\/\/www.aparences.net\/es\/periodos\/edward-burne-jones\/\" class=\"aioseop-link\">Edward Burne-Jones<\/a> (1833-1898) considerado como uno de los grandes artistas ingleses de finales de siglo, fundando con Rossetti el segundo grupo de los prerrafaelitas, y cuya influencia se extiende hasta el <a href=\"https:\/\/www.aparences.net\/es\/periodos\/el-simbolismo\/\" class=\"aioseop-link\">movimiento simbolista europeo<\/a>.<\/p>\n\n\n\n<!-- AdBoxRight2020 --><ins class=\"adsbygoogle\"     style=\"display:block; margin-top:30px;\"     data-ad-client=\"ca-pub-2468002815867636\"     data-ad-slot=\"3496014735\"     data-ad-format=\"auto\"     data-full-width-responsive=\"false\"><\/ins><script> (adsbygoogle = window.adsbygoogle || []).push({});<\/script><h2 class=\"wp-block-heading\">La influencia del arte primitivo italiano<\/h2>\n\n\n\n<p>Como sugiere su nombre, los prerrafaelitas compart\u00edan la b\u00fasqueda de inspiraci\u00f3n en el arte anterior a Rafael; es decir, exclu\u00edan a grandes artistas renacentistas como <a href=\"https:\/\/www.aparences.net\/es\/arte-y-mecenazgo\/los-fresquistas-florentinos\/miguel-angel-frescos-de-la-sixtina\/\" class=\"aioseop-link\">Miguel-\u00c1ngel<\/a> y <a href=\"https:\/\/www.aparences.net\/es\/periodos\/el-alto-renacimiento-en-pintura\/#leonardo-da-vinci:-florencia,-mil%C3%A1n,-amboise\" class=\"aioseop-link\">Leonardo da Vinci<\/a>. En Inglaterra, el inter\u00e9s por la Edad Media aument\u00f3 considerablemente en el siglo XIX, sobre todo en la construcci\u00f3n de edificios neog\u00f3ticos como el nuevo Parlamento. Sin embargo, y aunque los coleccionistas y conocedores hab\u00edan comenzado a interesarse por las obras de <a href=\"https:\/\/www.aparences.net\/es\/escuelas\/la-pintura-sienesa\/duccio-di-bouninsegna\/\" class=\"aioseop-link\">Duccio<\/a> (activo 1278-1319), <a href=\"https:\/\/www.aparences.net\/es\/escuelas\/los-primitivos-flamencos\/jan-van-eyck\/\" class=\"aioseop-link\">Jan van Eyck<\/a> (activo 1422-1441) y <a href=\"https:\/\/www.aparences.net\/es\/periodos\/el-quattrocento\/fra-angelico\/\" class=\"aioseop-link\">Fra Ang\u00e9lico<\/a> (aprox. 1395-1455), con la preferencia que mostraba sobre todo el esposo de la reina Victoria, el pr\u00edncipe Albert (1819-1861) por el estilo g\u00f3tico teut\u00f3n o noreuropeo, en la National Gallery no estaba representado el arte primitivo italiano. Sin haber visitado nunca Italia, el conocimiento que ten\u00edan los prerrafaelitas de los artistas tan admirados por ellos &#8211; en el per\u00edodo en que comenzaron a crear sus primeras obras &#8211; se limitaba a reproducciones. En particular, en los grabados publicados en 1828, que Carlo Lasinio hab\u00eda hecho de los frescos de Benozzo Gozzoli (aprox. 1421-1497) en el Camposanto de Pisa. Aunque les parec\u00edan ingenuos y desma\u00f1ados en la perspectiva, esos grabados representaban todo lo que deb\u00eda admirarse en el arte e intensificaron su rechazo del m\u00e9todo acad\u00e9mico de aprendizaje que prefer\u00eda <strong>Reynolds<\/strong>. Los minuciosos detalles, los trajes a <a href=\"https:\/\/www.aparences.net\/es\/arte-y-mecenazgo\/renacimiento-y-vida-privada\/la-moda-en-el-siglo-xv\/\" class=\"aioseop-link\">la moda del Renacimiento<\/a> florentino y la falta de perspectiva en lienzos como <em>Lorenzo et Isabella<\/em> de Millais reflejan la influencia de los grabados de Lasinio en los comienzos de los prerrafaelitas. Millais ten\u00eda solo veinte a\u00f1os cuando realiz\u00f3 la pintura y para los personajes hizo posar a amigos o familiares. <\/p>\n\n\n<div class=\"wp-block-image\">\n<figure class=\"aligncenter size-large\"><img loading=\"lazy\" decoding=\"async\" width=\"630\" height=\"445\" src=\"https:\/\/www.aparences.net\/wp-content\/uploads\/2020\/05\/john-everett-millais-lorenzo-et-isabella-1849.jpg\" alt=\"\" class=\"wp-image-20824\" srcset=\"https:\/\/www.aparences.net\/wp-content\/uploads\/2020\/05\/john-everett-millais-lorenzo-et-isabella-1849.jpg 630w, https:\/\/www.aparences.net\/wp-content\/uploads\/2020\/05\/john-everett-millais-lorenzo-et-isabella-1849-160x113.jpg 160w\" sizes=\"auto, (max-width: 630px) 100vw, 630px\" \/><\/figure>\n<\/div>\n\n<div class=\"wp-block-image\">\n<figure class=\"aligncenter size-large\"><img loading=\"lazy\" decoding=\"async\" width=\"453\" height=\"429\" src=\"https:\/\/www.aparences.net\/wp-content\/uploads\/2020\/05\/john-everett-millais-lorenzo-et-isabella-1849-detail.jpg\" alt=\"Lorenzo e Isabella, 1849, John Evertt Millais, Liverpool, Walker Art Gallery.\" class=\"wp-image-20826\" srcset=\"https:\/\/www.aparences.net\/wp-content\/uploads\/2020\/05\/john-everett-millais-lorenzo-et-isabella-1849-detail.jpg 453w, https:\/\/www.aparences.net\/wp-content\/uploads\/2020\/05\/john-everett-millais-lorenzo-et-isabella-1849-detail-160x152.jpg 160w\" sizes=\"auto, (max-width: 453px) 100vw, 453px\" \/><figcaption class=\"wp-element-caption\"><em><strong>Lorenzo e Isabella<\/strong>, 1849, <strong>John Evertt Millais<\/strong>, Liverpool, Walker Art Gallery.<\/em><\/figcaption><\/figure>\n<\/div>\n\n\n<p>En el cuadro de Rossetti <em>Ecce ancilla Domini<\/em> (La Anunciaci\u00f3n), el artista aborda un asunto tratado muy a menudo en el arte primitivo italiano (Duecento y <a href=\"https:\/\/www.aparences.net\/es\/periodos\/el-trecento\/\" class=\"aioseop-link\">Trecento<\/a>) y en el Renacimiento, desde Cimabue y <a href=\"https:\/\/www.aparences.net\/es\/periodos\/el-trecento\/giotto-y-la-escuela-florentina\/\" class=\"aioseop-link\">Giotto<\/a> hasta <a href=\"https:\/\/www.aparences.net\/es\/periodos\/el-quattrocento\/fra-angelico\/\" class=\"aioseop-link\">Fra Ang\u00e9lico<\/a> entre otros, y representa Mar\u00eda con el arc\u00e1ngel Gabriel anunci\u00e1ndole que dar\u00e1 a luz al Hijo de Dios. <\/p>\n\n\n<div class=\"wp-block-image\">\n<figure class=\"aligncenter size-large\"><img loading=\"lazy\" decoding=\"async\" width=\"261\" height=\"460\" src=\"https:\/\/www.aparences.net\/wp-content\/uploads\/2020\/05\/dante-gabriel-rossetti-ecce-ancilla-domini.jpg\" alt=\"Ecce ancilla Domini (La Anunciaci\u00f3n), 1849-1850, Dante Gabriel Rossetti, Londres, Tate Britain.\" class=\"wp-image-20828\" srcset=\"https:\/\/www.aparences.net\/wp-content\/uploads\/2020\/05\/dante-gabriel-rossetti-ecce-ancilla-domini.jpg 261w, https:\/\/www.aparences.net\/wp-content\/uploads\/2020\/05\/dante-gabriel-rossetti-ecce-ancilla-domini-160x282.jpg 160w\" sizes=\"auto, (max-width: 261px) 100vw, 261px\" \/><figcaption class=\"wp-element-caption\"><em><strong>Ecce ancilla Domini<\/strong> (La Anunciaci\u00f3n), 1849-1850, <strong>Dante Gabriel Rossetti<\/strong>, Londres, Tate Britain.<\/em><\/figcaption><\/figure>\n<\/div>\n\n\n<!-- AdBoxLeft2023 --><ins class=\"adsbygoogle\" style=\"display:block\" data-ad-client=\"ca-pub-2468002815867636\" data-ad-slot=\"1318022963\" data-ad-format=\"auto\" data-full-width-responsive=\"true\"><\/ins><script> (adsbygoogle = window.adsbygoogle || []).push({});<\/script><h2 class=\"wp-block-heading\">Ford Maddox Brow pintor de la vida moderna<\/h2>\n\n\n\n<p>Durante todo el siglo XIX Gran Breta\u00f1a mantuvo su hegemon\u00eda en el desarrollo industrial. Por otra parte, las condiciones de trabajo en las fabricas siguieron siendo muy inhumanas. Aunque Londres era una de las pocas capitales europeas a las que no hab\u00eda afectado la revoluci\u00f3n de la d\u00e9cada de 1840, los l\u00edderes de la naci\u00f3n ten\u00edan suficientes motivos de preocupaci\u00f3n. Los prerrafaelitas se hab\u00edan constituido en un momento de des\u00f3rdenes sociales en el pa\u00eds; las malas cosechas, la escasa alimentaci\u00f3n, la falta de las m\u00e1s elementales estructuras higi\u00e9nicas y las condiciones de trabajo peligrosas y malsanas contribuyeron a difundir epidemias de c\u00f3lera y de tifus. El censo de 1841 revela que, por primera vez, viv\u00edan m\u00e1s personas en las ciudades que en el campo; adem\u00e1s los suburbios comenzaron a urbanizarse a gran velocidad. En <em>Una tarde oto\u00f1o ingl\u00e9s<\/em>, Ford Madox Brown llam\u00f3 la atenci\u00f3n sobre la injerencia de la ciudad en el campo. Solo hacia la mitad del siglo la situaci\u00f3n comenz\u00f3 a mejorar bajo el arranque de los primeros movimientos obreros de protesta, que tuvieron la presencia activa de muchos intelectuales y artistas. <\/p>\n\n\n<div class=\"wp-block-image\">\n<figure class=\"aligncenter size-large\"><img loading=\"lazy\" decoding=\"async\" width=\"637\" height=\"329\" src=\"https:\/\/www.aparences.net\/wp-content\/uploads\/2020\/05\/ford-madox-brown-un-apres-midi-d-automne-en-angleterre-1855.jpg\" alt=\"Una tarde de oto\u00f1o ingl\u00e9s, 1855, Ford Madox Brown, Birmingham Museums and Art Gallery.\" class=\"wp-image-20830\" srcset=\"https:\/\/www.aparences.net\/wp-content\/uploads\/2020\/05\/ford-madox-brown-un-apres-midi-d-automne-en-angleterre-1855.jpg 637w, https:\/\/www.aparences.net\/wp-content\/uploads\/2020\/05\/ford-madox-brown-un-apres-midi-d-automne-en-angleterre-1855-160x83.jpg 160w\" sizes=\"auto, (max-width: 637px) 100vw, 637px\" \/><figcaption class=\"wp-element-caption\"><em><strong>Una tarde de oto\u00f1o ingl\u00e9s<\/strong>, 1855, <strong>Ford Madox Brown<\/strong>, Birmingham Museums and Art Gallery.<\/em><\/figcaption><\/figure>\n<\/div>\n\n\n<p>La emigraci\u00f3n hab\u00eda sido un tema recurrente en el arte victoriano, como intento de responder con medios art\u00edsticos a la partida de numerosas personas del Reino Unido. La p\u00e9rdida de la tradicional base de vida, como consecuencia de la industrializaci\u00f3n, fue el principal motivo para dicha emigraci\u00f3n. El cuadro <em>Adi\u00f3s a Inglaterra<\/em> (\u00daltima mirada a Inglaterra) de Ford Madox Brown, ofrece al pintor la ocasi\u00f3n para realizar su m\u00e1s famosa pintura. S\u00edmbolo del realismo social de los Prerrafaelitas, est\u00e1 dedicada al escultor Thomas Woolner, un miembro de la Hermandad, que emigr\u00f3 a Australia en 1852 en busca de fortuna. La imagen melanc\u00f3lica y enternecedora de los dos emigrantes revela un aspecto poco corriente de la sociedad industrial y obrera de la Inglaterra imperial y victoriana; El mismo Brown (1821-1893) ten\u00eda proyectado emigrar a la India. Aunque el pintor nunca form\u00f3 parte de los prerrafaelitas, tuvo contactos asiduos con los pintores del grupo, y fue el \u00fanico que realiz\u00f3 un viaje a Italia.<\/p>\n\n\n<div class=\"wp-block-image\">\n<figure class=\"aligncenter size-large\"><img loading=\"lazy\" decoding=\"async\" width=\"411\" height=\"460\" src=\"https:\/\/www.aparences.net\/wp-content\/uploads\/2020\/05\/ford-madox-brown-dernier-regard-a-l-angleterre.jpg\" alt=\"\" class=\"wp-image-20832\" srcset=\"https:\/\/www.aparences.net\/wp-content\/uploads\/2020\/05\/ford-madox-brown-dernier-regard-a-l-angleterre.jpg 411w, https:\/\/www.aparences.net\/wp-content\/uploads\/2020\/05\/ford-madox-brown-dernier-regard-a-l-angleterre-160x179.jpg 160w\" sizes=\"auto, (max-width: 411px) 100vw, 411px\" \/><\/figure>\n<\/div>\n\n<div class=\"wp-block-image\">\n<figure class=\"aligncenter size-large\"><img loading=\"lazy\" decoding=\"async\" width=\"621\" height=\"320\" src=\"https:\/\/www.aparences.net\/wp-content\/uploads\/2020\/05\/ford-madox-brown-dernier-regard-a-l-angleterre-details.jpg\" alt=\"\u00daltima mirada a Inglaterra, 1855, Ford Madox Brown, Birmingham, Museum and Art Gallery.\" class=\"wp-image-20834\" srcset=\"https:\/\/www.aparences.net\/wp-content\/uploads\/2020\/05\/ford-madox-brown-dernier-regard-a-l-angleterre-details.jpg 621w, https:\/\/www.aparences.net\/wp-content\/uploads\/2020\/05\/ford-madox-brown-dernier-regard-a-l-angleterre-details-160x82.jpg 160w\" sizes=\"auto, (max-width: 621px) 100vw, 621px\" \/><figcaption class=\"wp-element-caption\"><em><strong>\u00daltima mirada a Inglaterra<\/strong>, 1855, <strong>Ford Madox Brown<\/strong>, Birmingham, Museum and Art Gallery.<\/em><\/figcaption><\/figure>\n<\/div>\n\n\n<p>En el lienzo <em>el Trabajo<\/em> donde abundantes los detalles y cuya realizaci\u00f3n exigi\u00f3 m\u00e1s de una d\u00e9cada, Brown hizo el ambicioso intento de tratar todas las cuestiones sociales de la \u00e9poca. Las ideas socialistas de Brow estaban fuertemente influenciadas por <a href=\"https:\/\/es.wikipedia.org\/wiki\/Thomas_Carlyle\" class=\"aioseop-link\">Thomas Carlyle<\/a>, fil\u00f3sofo, autor de <em>Past and Present<\/em>, quien aparece en el cuadro de pie con sombrero y bast\u00f3n, al lado de Frederich D. Maurice, l\u00edder del movimiento socialista cristiano y fundador del <em>Working Men\u2019s College<\/em> donde Brown, Rossetti y Ruskin fueron profesores de arte. En esta celebraci\u00f3n del trabajo (el cuadro representa una excavaci\u00f3n para tender conducciones de agua) y fiel al esp\u00edritu victoriano de la \u00e9poca, Brow situa en el centro a los excavadores, representados en una actitud \u00e9pica. Su trabajo manual que se ve\u00eda amenazado entonces por la creciente mecanizaci\u00f3n, contrasta con los ricos ociosos que observan la escena desde sus caballos. Brown ha a\u00f1adido grupos de hu\u00e9rfanos y de trabajadores ociosos. Como hab\u00eda hecho <a href=\"https:\/\/www.aparences.net\/es\/periodos\/la-escena-de-genero-del-siglo-xviii\/william-hogarth\/\" class=\"aioseop-link\">William Hogarth<\/a> un siglo antes, tambi\u00e9n Brown se revel\u00f3 contra las convicciones. El cuadro <em>el Trabajo<\/em> est\u00e1 repleto de un similar humor. El pintor hizo un enorme esfuerzo para realizar este \u00f3leo; trabaj\u00f3 al aire libre para sorpresa y confusi\u00f3n de los paseantes locales.<\/p>\n\n\n<div class=\"wp-block-image\">\n<figure class=\"aligncenter size-large\"><img loading=\"lazy\" decoding=\"async\" width=\"620\" height=\"419\" src=\"https:\/\/www.aparences.net\/wp-content\/uploads\/2020\/05\/ford-madox-brown-travail-1852-1863.jpg\" alt=\"El Trabajo, 1852-1863, Ford Madox Brown, Manchester, City Art Galleries.\" class=\"wp-image-20836\" srcset=\"https:\/\/www.aparences.net\/wp-content\/uploads\/2020\/05\/ford-madox-brown-travail-1852-1863.jpg 620w, https:\/\/www.aparences.net\/wp-content\/uploads\/2020\/05\/ford-madox-brown-travail-1852-1863-160x108.jpg 160w\" sizes=\"auto, (max-width: 620px) 100vw, 620px\" \/><figcaption class=\"wp-element-caption\"><em><strong>El Trabajo<\/strong>, 1852-1863, <strong>Ford Madox Brown<\/strong>, Manchester, City Art Galleries.<\/em><\/figcaption><\/figure>\n<\/div>\n\n\n<p>La escena se ambienta en Heath Street en Hampstead. Puede apreciarse la pose heroica y majestuosa del trabajador en pie con una rosa entre los dientes, s\u00edmbolo del poder brit\u00e1nico. Un vendedor ambulante de cerveza lleva jarras para los excavadores, entregados a su trabajo. La ni\u00f1a en primer plano lleva un vestido que le va grande posiblemente aprovechado de su madre o de una hermana mayor. Los ni\u00f1os de su edad hab\u00edan de ocuparse de sus hermanos peque\u00f1os mientras sus padres trabajaban. El vendedor de flores de la derecha llega del campo a la ciudad. Camina descalzo y viste ropa andrajosa. La confrontaci\u00f3n entre el elegante galgo y el perro de raza indefinible, en primer plano, representa las fricciones entre las clases altas y bajas.<\/p>\n\n\n<div class=\"wp-block-image\">\n<figure class=\"aligncenter size-large\"><img loading=\"lazy\" decoding=\"async\" width=\"620\" height=\"394\" src=\"https:\/\/www.aparences.net\/wp-content\/uploads\/2020\/05\/ford-madox-brown-travail-1852-1863-detail.jpg\" alt=\"\" class=\"wp-image-20838\" srcset=\"https:\/\/www.aparences.net\/wp-content\/uploads\/2020\/05\/ford-madox-brown-travail-1852-1863-detail.jpg 620w, https:\/\/www.aparences.net\/wp-content\/uploads\/2020\/05\/ford-madox-brown-travail-1852-1863-detail-160x102.jpg 160w\" sizes=\"auto, (max-width: 620px) 100vw, 620px\" \/><figcaption class=\"wp-element-caption\"><em><strong>El Trabajo<\/strong>, detalle, 1852-1863, <strong>Ford Madox Brown<\/strong>, Manchester, City Art Galleries.<\/em><\/figcaption><\/figure>\n<\/div>\n\n\n<h2 class=\"wp-block-heading\">La sociedad victoriana<\/h2>\n\n\n\n<p>La sociedad victoriana situaba el rigor moral en la base del \u00e9xito comercial, y la misma religi\u00f3n ve\u00eda en el bienestar econ\u00f3mico une especie de predilecci\u00f3n divina. Incluso la literatura fue expuesta a un r\u00edgido control. Si los poetas rom\u00e1nticos eran rebeldes, en conflicto con la sociedad (uno de los mayores protagonistas de la reacci\u00f3n antivictoriana fue <a href=\"https:\/\/es.wikipedia.org\/wiki\/Oscar_Wilde\" class=\"aioseop-link\">Oscar Wilde<\/a>), casi todos los novelistas victorianos deb\u00edan adaptarse a ser melodram\u00e1ticos y edificantes (el m\u00e1s grande todos ellos fue <a href=\"https:\/\/es.wikipedia.org\/wiki\/Charles_Dickens\" class=\"aioseop-link\">Charles Dickens<\/a>). El cuadro <em>El despertar de la conciencia<\/em>, realizado por Hunt entre 1853 y 1854, se convirti\u00f3 en el s\u00edmbolo de la r\u00edgida moral de la sociedad victoriana. Representa el momento en que una joven, sufre un repentino despertar de la conciencia y no cede a los avances de su pretendiente. El modelo, un joven hedonista para el cual pos\u00f3 Thomas Seddon canta acompa\u00f1\u00e1ndose al piano una melod\u00eda de Thomas Moore <em>Oft in the stilly nigth<\/em>. Hunt describe con su habitual forma minuciosa los m\u00e1s peque\u00f1os detalles del mobiliario, sobrecargado de decoraciones, de objetos, de tapices, todo muy del gusto victoriano. El pintor disemina un poco por todas partes s\u00edmbolos de agresividad, de seducci\u00f3n, del honor perdido (el guante en el suelo). Algunos de estos detalles son casi invisibles. Para indicar que la pareja no estaba casada, Hunt pint\u00f3 anillos en todos los dedos de la mano izquierda de la joven, a excepci\u00f3n de su dedo anular. La joven se aprieta las manos como si se preparaba a una revelaci\u00f3n repentina, mientras que el hombre parece que busca recolectar el fruto de la seducci\u00f3n.<\/p>\n\n\n<div class=\"wp-block-image\">\n<figure class=\"aligncenter size-large\"><img loading=\"lazy\" decoding=\"async\" width=\"336\" height=\"460\" src=\"https:\/\/www.aparences.net\/wp-content\/uploads\/2020\/05\/wiliam-holman-hunt-le-reveil-de-la-conscience.jpg\" alt=\"\" class=\"wp-image-20840\" srcset=\"https:\/\/www.aparences.net\/wp-content\/uploads\/2020\/05\/wiliam-holman-hunt-le-reveil-de-la-conscience.jpg 336w, https:\/\/www.aparences.net\/wp-content\/uploads\/2020\/05\/wiliam-holman-hunt-le-reveil-de-la-conscience-160x219.jpg 160w\" sizes=\"auto, (max-width: 336px) 100vw, 336px\" \/><\/figure>\n<\/div>\n\n<div class=\"wp-block-image\">\n<figure class=\"aligncenter size-large\"><img loading=\"lazy\" decoding=\"async\" width=\"610\" height=\"290\" src=\"https:\/\/www.aparences.net\/wp-content\/uploads\/2020\/05\/wiliam-holman-hunt-le-reveil-de-la-conscience-detail.jpg\" alt=\"El despertar de la conciencia, 1853-1854, William Holman Hunt, Londres, Tate Britain.\" class=\"wp-image-20842\" srcset=\"https:\/\/www.aparences.net\/wp-content\/uploads\/2020\/05\/wiliam-holman-hunt-le-reveil-de-la-conscience-detail.jpg 610w, https:\/\/www.aparences.net\/wp-content\/uploads\/2020\/05\/wiliam-holman-hunt-le-reveil-de-la-conscience-detail-160x76.jpg 160w\" sizes=\"auto, (max-width: 610px) 100vw, 610px\" \/><figcaption class=\"wp-element-caption\"><em><strong>El despertar de la conciencia<\/strong>, 1853-1854, <strong>William Holman Hunt<\/strong>, Londres, Tate Britain.<\/em><\/figcaption><\/figure>\n<\/div>\n\n\n<p>William Morris (1834-1896) se uni\u00f3 a la rebeli\u00f3n contra la sociedad victoriana que manifestaba el grupo prerrafaelita y al mismo tiempo desarroll\u00f3&nbsp;una exigencia de renovaci\u00f3n art\u00edstica con un compromiso social mucho m\u00e1s marcado. Sus creaciones artesanales en el dominio de las artes decorativas son al origen del movimiento <strong>Arts &amp; Crafts<\/strong>.<\/p>\n\n\n<div class=\"wp-block-image\">\n<figure class=\"aligncenter size-large\"><img loading=\"lazy\" decoding=\"async\" width=\"460\" height=\"460\" src=\"https:\/\/www.aparences.net\/wp-content\/uploads\/2020\/05\/william-morris-season-papier-peint.jpg\" alt=\"Seasons c.1895, William Morris, papel pintado, Victoria &amp; Albert Museum.\" class=\"wp-image-20853\" srcset=\"https:\/\/www.aparences.net\/wp-content\/uploads\/2020\/05\/william-morris-season-papier-peint.jpg 460w, https:\/\/www.aparences.net\/wp-content\/uploads\/2020\/05\/william-morris-season-papier-peint-100x100.jpg 100w, https:\/\/www.aparences.net\/wp-content\/uploads\/2020\/05\/william-morris-season-papier-peint-160x160.jpg 160w, https:\/\/www.aparences.net\/wp-content\/uploads\/2020\/05\/william-morris-season-papier-peint-150x150.jpg 150w\" sizes=\"auto, (max-width: 460px) 100vw, 460px\" \/><figcaption class=\"wp-element-caption\"><em><strong>Seasons<\/strong> c.1895, <strong>William Morris<\/strong>, papel pintado, Victoria &amp; Albert Museum<\/em>.<\/figcaption><\/figure>\n<\/div>\n\n\n<!-- AfterArticle2023 --><ins class=\"adsbygoogle\"     style=\"display:block;margin-bottom:5px;\"     data-ad-client=\"ca-pub-2468002815867636\"     data-ad-slot=\"3955176166\"     data-ad-format=\"auto\"     data-full-width-responsive=\"true\"><\/ins><script> (adsbygoogle = window.adsbygoogle || []).push({});<\/script><h2 class=\"wp-block-heading\">John Ruskin y los prerrafaelitas<\/h2>\n\n\n\n<p>Un cambio fundamental en la fortuna critica de los prerrafaelitas fue su encuentro con John Ruskin. La cr\u00edtica hab\u00eda acogido sus primeras obras con juicios negativos, entre las que destacaban las feroces intervenciones de Dickens en la revista Household del 15 de junio de 1850 y en el Times del 7 de mayo de 1851. Millais pidi\u00f3 entonces ayuda a Ruskin por medio de un amigo com\u00fan, el escritor Coventry Patmore. Con solo 42 a\u00f1os el joven historiador del arte gozaba ya de una s\u00f3lida reputaci\u00f3n, despu\u00e9s de sus intervenciones a favor de <a href=\"https:\/\/www.aparences.net\/es\/periodos\/romanticismo\/los-paisajistas-romanticos\/\" class=\"aioseop-link\">Turner<\/a> y de la publicaci\u00f3n de los dos primeros vol\u00famenes de <em>Modern Painters<\/em>. \u00c9l decid\u00eda si un artista hac\u00eda carrera o no. Adem\u00e1s estaba profundizando en las teor\u00edas de Augustus Welby Pugin, notable exponente del estilo neog\u00f3tico ingl\u00e9s y compart\u00eda con los prerrafaelitas, la predilecci\u00f3n por la pintura medieval. Por esto acept\u00f3 la invitaci\u00f3n y envi\u00f3 dos cartas al Times el 3 de mayo de 1851 en la que defend\u00eda abiertamente sus obras. El mismo a\u00f1o public\u00f3 un vasto ensayo, titulado <em>Pre-Raphaelitism<\/em>, en el que encuadraba el arte de la Confraternidad en el contexto de la pintura moderna europea, confront\u00e1ndola con la de Turner. En 1878 Ruskin public\u00f3 <em>The Three Colours of Pre-Raphaelitism<\/em>, dedicado a Rossetti, Millais y Burne-Jones.<\/p>\n\n\n<div class=\"wp-block-image\">\n<figure class=\"aligncenter size-large\"><img loading=\"lazy\" decoding=\"async\" width=\"381\" height=\"440\" src=\"https:\/\/www.aparences.net\/wp-content\/uploads\/2020\/05\/millais-portrait-john-ruskin.jpg\" alt=\"Retrato de John Ruskin, 1854, John Everett Millais, Colecci\u00f3n privada.\" class=\"wp-image-20846\" srcset=\"https:\/\/www.aparences.net\/wp-content\/uploads\/2020\/05\/millais-portrait-john-ruskin.jpg 381w, https:\/\/www.aparences.net\/wp-content\/uploads\/2020\/05\/millais-portrait-john-ruskin-160x185.jpg 160w\" sizes=\"auto, (max-width: 381px) 100vw, 381px\" \/><figcaption class=\"wp-element-caption\"><em><strong>Retrato de John Ruskin<\/strong>, 1854, <strong>John Everett Millais<\/strong>, Colecci\u00f3n privada.<\/em><\/figcaption><\/figure>\n<\/div>\n\n\n<p>Ruskin coincidi\u00f3 con la Hermandad en creer que los artistas anteriores a Rafael hab\u00edan sido sinceros y honrados y que, desde el Renacimiento, el arte hab\u00eda seguido una trayectoria descendiente. Ruskin proclam\u00f3 que Burne-Jones era el \u00abm\u00e1s maravilloso de todos los prerrafaelitas, en su exuberancia de fantas\u00eda delicada y pat\u00e9tica.\u00bb En 1862, Ruskin contrat\u00f3 a Burne-Jones para que le acompa\u00f1ara en un viaje a Italia y copiara pinturas de viejos maestros que consideraba en peligro de desaparecer. <em>Verano Verde<\/em>, es un ejemplo de la influencia de los artistas venecianos en Burne-Jones, y en particular de <a href=\"https:\/\/www.aparences.net\/es\/escuelas\/la-pintura-veneciana\/el-cinquecento-o-alto-renacimiento-en-venecia\/\" class=\"aioseop-link\">Giorgione<\/a>.<\/p>\n\n\n<div class=\"wp-block-image\">\n<figure class=\"aligncenter size-large\"><img loading=\"lazy\" decoding=\"async\" width=\"622\" height=\"380\" src=\"https:\/\/www.aparences.net\/wp-content\/uploads\/2020\/05\/burne-jones-ete-vert.jpg\" alt=\"Verano verde, 1868, Edward Coley Burne-Jones, Colecci\u00f3n privada.\" class=\"wp-image-20848\" srcset=\"https:\/\/www.aparences.net\/wp-content\/uploads\/2020\/05\/burne-jones-ete-vert.jpg 622w, https:\/\/www.aparences.net\/wp-content\/uploads\/2020\/05\/burne-jones-ete-vert-160x98.jpg 160w\" sizes=\"auto, (max-width: 622px) 100vw, 622px\" \/><figcaption class=\"wp-element-caption\"><em><strong>Verano verde<\/strong>, 1868, <strong>Edward Coley Burne-Jones<\/strong>, Colecci\u00f3n privada.<\/em><\/figcaption><\/figure>\n<\/div>\n\n\n<p>En Europa, la influencia de los prerafaelitas fue profunda. En 1855 se expusieron obras de Hunt y Millais en la Exposici\u00f3n Universal de Par\u00eds, donde las admiraron el artista rom\u00e1ntico <a href=\"https:\/\/www.aparences.net\/es\/periodos\/romanticismo\/eugene-delacroix\/\" class=\"aioseop-link\">Eug\u00e8ne Delacroix<\/a> y el cr\u00edtico Theophile Gautier. Adem\u00e1s, durante las d\u00e9cadas de 1880 y 1890, Brown present\u00f3 sus obras en Bruselas, con la sociedad belga de exposiciones Les XX. Sobre todo <a href=\"https:\/\/www.aparences.net\/es\/periodos\/edward-burne-jones\/\" class=\"aioseop-link\">Burne-Jones<\/a> y <a href=\"https:\/\/www.aparences.net\/es\/periodos\/dante-gabriel-rossetti\/\" class=\"aioseop-link\">Rossetti<\/a> desempe\u00f1aron una fuerte influencia sobre <a href=\"https:\/\/www.aparences.net\/es\/periodos\/el-simbolismo\/\" class=\"aioseop-link\">el simbolismo europeo<\/a> de finales del siglo XIX. El artista belga Fernand Khnopff revel\u00f3 su deuda con Rossetti en <em>Cierro la puerta tras de m\u00ed<\/em>. La voluptuosa mirada de la mujer es un eco de los cuadros de mujeres solitarias de Rossetti.<\/p>\n\n\n<div class=\"wp-block-image\">\n<figure class=\"aligncenter size-large\"><img loading=\"lazy\" decoding=\"async\" width=\"640\" height=\"323\" src=\"https:\/\/www.aparences.net\/wp-content\/uploads\/2020\/05\/fernand-khnopff-je-ferme-la-porte-derriere-moi-1891.jpg\" alt=\"Cierro la puerta tras de m\u00ed, 1891, Fernand Khnopff, Munich, Neue Pinakothek.\" class=\"wp-image-20850\" srcset=\"https:\/\/www.aparences.net\/wp-content\/uploads\/2020\/05\/fernand-khnopff-je-ferme-la-porte-derriere-moi-1891.jpg 640w, https:\/\/www.aparences.net\/wp-content\/uploads\/2020\/05\/fernand-khnopff-je-ferme-la-porte-derriere-moi-1891-160x81.jpg 160w\" sizes=\"auto, (max-width: 640px) 100vw, 640px\" \/><figcaption class=\"wp-element-caption\"><em><strong>Cierro la puerta tras de m\u00ed<\/strong>, 1891, <strong>Fernand Khnopff<\/strong>, Munich, Neue Pinakothek.<\/em><\/figcaption><\/figure>\n<\/div>\n\n<p><!-- \/wp:post-content --><\/p>\n<p><!-- wp:separator --><\/p>\n<hr class=\"wp-block-separator\" \/><!-- \/wp:separator -->\n<p><!-- wp:heading {\"level\":4} --><\/p>\n<h4>Bibliograf\u00eda<\/h4>\n<p><!-- \/wp:heading --><\/p>\n<p><!-- wp:paragraph --><\/p>\n<p>Birchall, Heather. <em>Prerrafaelitas<\/em>, Taschen, 2010<br \/>Morel, Guillaume. <em>Les pr\u00e9rapha\u00e9lites : De Rossetti \u00e0 Burne-Jones<\/em>, P. des Victoires, 2015<br \/>Wood, Christopher. <em>Les Pr\u00e9Rapha\u00e9lites<\/em>, Bookking international, 1998<br \/>De la Sizeranne, Robert. <em>Le Pr\u00e9rapha\u00e9lisme<\/em>, Parkstone, 2008<br \/>Bade, Patrick. <em>Edward Burne-Jones<\/em>, Parkstone, 2004<\/p>\n<p><!-- \/wp:paragraph --><\/p>","protected":false},"excerpt":{"rendered":"<p>El movimiento prerrafaelita, fundado en 1848, es la expresi\u00f3n art\u00edstica caracter\u00edstica de la \u00e9poca victoriana.<\/p>\n","protected":false},"author":2,"featured_media":20864,"comment_status":"closed","ping_status":"closed","sticky":false,"template":"","format":"standard","meta":{"footnotes":""},"categories":[2425,2330],"tags":[4785,50,1485,4797,4783,4799,2442,1486,4212,4804,2895,1453,3006,4802,4781,1484],"class_list":["post-20859","post","type-post","status-publish","format-standard","has-post-thumbnail","hentry","category-el-prerrafaelismo","category-periodos","tag-burne-jones","tag-dante","tag-dante-gabriel-rossetti","tag-el-prerrafaelismo","tag-ford-madox-brown","tag-influencia-arte-renacentista","tag-inglaterra","tag-john-everett-millais","tag-john-ruskin","tag-movimiento-prerrafaelita","tag-rafael","tag-shakespeare","tag-simbolismo","tag-sociedad-victoriana","tag-walter-howell-deverell","tag-william-holman-hunt"],"yoast_head":"<!-- This site is optimized with the Yoast SEO plugin v27.2 - https:\/\/yoast.com\/product\/yoast-seo-wordpress\/ -->\n<title>El movimiento prerrafaelita<\/title>\n<meta name=\"description\" content=\"El movimiento prerrafaelita, fundado en 1848, es la expresi\u00f3n art\u00edstica caracter\u00edstica de la \u00e9poca victoriana.\" \/>\n<meta name=\"robots\" content=\"index, follow, max-snippet:-1, max-image-preview:large, max-video-preview:-1\" \/>\n<link rel=\"canonical\" href=\"https:\/\/www.aparences.net\/es\/periodos\/el-movimiento-prerrafaelita\/\" \/>\n<meta property=\"og:locale\" content=\"es_ES\" \/>\n<meta property=\"og:type\" content=\"article\" \/>\n<meta property=\"og:title\" content=\"El movimiento prerrafaelita\" \/>\n<meta property=\"og:description\" content=\"El movimiento prerrafaelita, fundado en 1848, es la expresi\u00f3n art\u00edstica caracter\u00edstica de la \u00e9poca victoriana.\" \/>\n<meta property=\"og:url\" content=\"https:\/\/www.aparences.net\/es\/periodos\/el-movimiento-prerrafaelita\/\" \/>\n<meta property=\"og:site_name\" content=\"Aparences\" \/>\n<meta property=\"article:published_time\" content=\"2020-05-07T16:04:36+00:00\" \/>\n<meta property=\"article:modified_time\" content=\"2025-12-11T18:40:55+00:00\" \/>\n<meta property=\"og:image\" content=\"https:\/\/www.aparences.net\/wp-content\/uploads\/2020\/05\/millais-lorenzo-et-isabella-detail.jpg\" \/>\n\t<meta property=\"og:image:width\" content=\"1080\" \/>\n\t<meta property=\"og:image:height\" content=\"540\" \/>\n\t<meta property=\"og:image:type\" content=\"image\/jpeg\" \/>\n<meta name=\"author\" content=\"admin\" \/>\n<meta name=\"twitter:card\" content=\"summary_large_image\" \/>\n<meta name=\"twitter:label1\" content=\"Escrito por\" \/>\n\t<meta name=\"twitter:data1\" content=\"admin\" \/>\n\t<meta name=\"twitter:label2\" content=\"Tiempo de lectura\" \/>\n\t<meta name=\"twitter:data2\" content=\"16 minutos\" \/>\n<script type=\"application\/ld+json\" class=\"yoast-schema-graph\">{\"@context\":\"https:\/\/schema.org\",\"@graph\":[{\"@type\":\"Article\",\"@id\":\"https:\/\/www.aparences.net\/es\/periodos\/el-movimiento-prerrafaelita\/#article\",\"isPartOf\":{\"@id\":\"https:\/\/www.aparences.net\/es\/periodos\/el-movimiento-prerrafaelita\/\"},\"author\":{\"name\":\"admin\",\"@id\":\"https:\/\/www.aparences.net\/es\/#\/schema\/person\/af349f6ffc31b16c68963e61268afca5\"},\"headline\":\"El movimiento prerrafaelita\",\"datePublished\":\"2020-05-07T16:04:36+00:00\",\"dateModified\":\"2025-12-11T18:40:55+00:00\",\"mainEntityOfPage\":{\"@id\":\"https:\/\/www.aparences.net\/es\/periodos\/el-movimiento-prerrafaelita\/\"},\"wordCount\":2827,\"publisher\":{\"@id\":\"https:\/\/www.aparences.net\/es\/#organization\"},\"image\":{\"@id\":\"https:\/\/www.aparences.net\/es\/periodos\/el-movimiento-prerrafaelita\/#primaryimage\"},\"thumbnailUrl\":\"https:\/\/www.aparences.net\/wp-content\/uploads\/2020\/05\/millais-lorenzo-et-isabella-detail.jpg\",\"keywords\":[\"Burne-Jones\",\"Dante\",\"Dante Gabriel Rossetti\",\"el prerrafaelismo\",\"Ford Madox Brown\",\"influencia arte renacentista\",\"Inglaterra\",\"John Everett Millais\",\"John Ruskin\",\"movimiento prerrafaelita\",\"Rafael\",\"Shakespeare\",\"simbolismo\",\"sociedad victoriana\",\"Walter Howell Deverell\",\"William Holman Hunt\"],\"articleSection\":[\"El Prerrafaelismo\",\"Per\u00edodos\"],\"inLanguage\":\"es\"},{\"@type\":[\"WebPage\",\"ItemPage\"],\"@id\":\"https:\/\/www.aparences.net\/es\/periodos\/el-movimiento-prerrafaelita\/\",\"url\":\"https:\/\/www.aparences.net\/es\/periodos\/el-movimiento-prerrafaelita\/\",\"name\":\"El movimiento prerrafaelita\",\"isPartOf\":{\"@id\":\"https:\/\/www.aparences.net\/es\/#website\"},\"primaryImageOfPage\":{\"@id\":\"https:\/\/www.aparences.net\/es\/periodos\/el-movimiento-prerrafaelita\/#primaryimage\"},\"image\":{\"@id\":\"https:\/\/www.aparences.net\/es\/periodos\/el-movimiento-prerrafaelita\/#primaryimage\"},\"thumbnailUrl\":\"https:\/\/www.aparences.net\/wp-content\/uploads\/2020\/05\/millais-lorenzo-et-isabella-detail.jpg\",\"datePublished\":\"2020-05-07T16:04:36+00:00\",\"dateModified\":\"2025-12-11T18:40:55+00:00\",\"description\":\"El movimiento prerrafaelita, fundado en 1848, es la expresi\u00f3n art\u00edstica caracter\u00edstica de la \u00e9poca victoriana.\",\"breadcrumb\":{\"@id\":\"https:\/\/www.aparences.net\/es\/periodos\/el-movimiento-prerrafaelita\/#breadcrumb\"},\"inLanguage\":\"es\",\"potentialAction\":[{\"@type\":\"ReadAction\",\"target\":[\"https:\/\/www.aparences.net\/es\/periodos\/el-movimiento-prerrafaelita\/\"]}]},{\"@type\":\"ImageObject\",\"inLanguage\":\"es\",\"@id\":\"https:\/\/www.aparences.net\/es\/periodos\/el-movimiento-prerrafaelita\/#primaryimage\",\"url\":\"https:\/\/www.aparences.net\/wp-content\/uploads\/2020\/05\/millais-lorenzo-et-isabella-detail.jpg\",\"contentUrl\":\"https:\/\/www.aparences.net\/wp-content\/uploads\/2020\/05\/millais-lorenzo-et-isabella-detail.jpg\",\"width\":1080,\"height\":540},{\"@type\":\"BreadcrumbList\",\"@id\":\"https:\/\/www.aparences.net\/es\/periodos\/el-movimiento-prerrafaelita\/#breadcrumb\",\"itemListElement\":[{\"@type\":\"ListItem\",\"position\":1,\"name\":\"Portada\",\"item\":\"https:\/\/www.aparences.net\/es\/\"},{\"@type\":\"ListItem\",\"position\":2,\"name\":\"El movimiento prerrafaelita\"}]},{\"@type\":\"WebSite\",\"@id\":\"https:\/\/www.aparences.net\/es\/#website\",\"url\":\"https:\/\/www.aparences.net\/es\/\",\"name\":\"Aparences: Historia del Arte y Actualidad Cultural\",\"description\":\"\",\"publisher\":{\"@id\":\"https:\/\/www.aparences.net\/es\/#organization\"},\"potentialAction\":[{\"@type\":\"SearchAction\",\"target\":{\"@type\":\"EntryPoint\",\"urlTemplate\":\"https:\/\/www.aparences.net\/es\/?s={search_term_string}\"},\"query-input\":{\"@type\":\"PropertyValueSpecification\",\"valueRequired\":true,\"valueName\":\"search_term_string\"}}],\"inLanguage\":\"es\"},{\"@type\":\"Organization\",\"@id\":\"https:\/\/www.aparences.net\/es\/#organization\",\"name\":\"Aparences: Historia del Arte y Actualidad Cultural\",\"url\":\"https:\/\/www.aparences.net\/es\/\",\"logo\":{\"@type\":\"ImageObject\",\"inLanguage\":\"es\",\"@id\":\"https:\/\/www.aparences.net\/es\/#\/schema\/logo\/image\/\",\"url\":\"https:\/\/www.aparences.net\/wp-content\/uploads\/2023\/09\/logo-quadrat-color-e1695915315229.png\",\"contentUrl\":\"https:\/\/www.aparences.net\/wp-content\/uploads\/2023\/09\/logo-quadrat-color-e1695915315229.png\",\"width\":120,\"height\":120,\"caption\":\"Aparences: Historia del Arte y Actualidad Cultural\"},\"image\":{\"@id\":\"https:\/\/www.aparences.net\/es\/#\/schema\/logo\/image\/\"}},{\"@type\":\"Person\",\"@id\":\"https:\/\/www.aparences.net\/es\/#\/schema\/person\/af349f6ffc31b16c68963e61268afca5\",\"name\":\"admin\",\"url\":\"https:\/\/www.aparences.net\/es\/author\/admin\/\"}]}<\/script>\n<!-- \/ Yoast SEO plugin. -->","yoast_head_json":{"title":"El movimiento prerrafaelita","description":"El movimiento prerrafaelita, fundado en 1848, es la expresi\u00f3n art\u00edstica caracter\u00edstica de la \u00e9poca victoriana.","robots":{"index":"index","follow":"follow","max-snippet":"max-snippet:-1","max-image-preview":"max-image-preview:large","max-video-preview":"max-video-preview:-1"},"canonical":"https:\/\/www.aparences.net\/es\/periodos\/el-movimiento-prerrafaelita\/","og_locale":"es_ES","og_type":"article","og_title":"El movimiento prerrafaelita","og_description":"El movimiento prerrafaelita, fundado en 1848, es la expresi\u00f3n art\u00edstica caracter\u00edstica de la \u00e9poca victoriana.","og_url":"https:\/\/www.aparences.net\/es\/periodos\/el-movimiento-prerrafaelita\/","og_site_name":"Aparences","article_published_time":"2020-05-07T16:04:36+00:00","article_modified_time":"2025-12-11T18:40:55+00:00","og_image":[{"width":1080,"height":540,"url":"https:\/\/www.aparences.net\/wp-content\/uploads\/2020\/05\/millais-lorenzo-et-isabella-detail.jpg","type":"image\/jpeg"}],"author":"admin","twitter_card":"summary_large_image","twitter_misc":{"Escrito por":"admin","Tiempo de lectura":"16 minutos"},"schema":{"@context":"https:\/\/schema.org","@graph":[{"@type":"Article","@id":"https:\/\/www.aparences.net\/es\/periodos\/el-movimiento-prerrafaelita\/#article","isPartOf":{"@id":"https:\/\/www.aparences.net\/es\/periodos\/el-movimiento-prerrafaelita\/"},"author":{"name":"admin","@id":"https:\/\/www.aparences.net\/es\/#\/schema\/person\/af349f6ffc31b16c68963e61268afca5"},"headline":"El movimiento prerrafaelita","datePublished":"2020-05-07T16:04:36+00:00","dateModified":"2025-12-11T18:40:55+00:00","mainEntityOfPage":{"@id":"https:\/\/www.aparences.net\/es\/periodos\/el-movimiento-prerrafaelita\/"},"wordCount":2827,"publisher":{"@id":"https:\/\/www.aparences.net\/es\/#organization"},"image":{"@id":"https:\/\/www.aparences.net\/es\/periodos\/el-movimiento-prerrafaelita\/#primaryimage"},"thumbnailUrl":"https:\/\/www.aparences.net\/wp-content\/uploads\/2020\/05\/millais-lorenzo-et-isabella-detail.jpg","keywords":["Burne-Jones","Dante","Dante Gabriel Rossetti","el prerrafaelismo","Ford Madox Brown","influencia arte renacentista","Inglaterra","John Everett Millais","John Ruskin","movimiento prerrafaelita","Rafael","Shakespeare","simbolismo","sociedad victoriana","Walter Howell Deverell","William Holman Hunt"],"articleSection":["El Prerrafaelismo","Per\u00edodos"],"inLanguage":"es"},{"@type":["WebPage","ItemPage"],"@id":"https:\/\/www.aparences.net\/es\/periodos\/el-movimiento-prerrafaelita\/","url":"https:\/\/www.aparences.net\/es\/periodos\/el-movimiento-prerrafaelita\/","name":"El movimiento prerrafaelita","isPartOf":{"@id":"https:\/\/www.aparences.net\/es\/#website"},"primaryImageOfPage":{"@id":"https:\/\/www.aparences.net\/es\/periodos\/el-movimiento-prerrafaelita\/#primaryimage"},"image":{"@id":"https:\/\/www.aparences.net\/es\/periodos\/el-movimiento-prerrafaelita\/#primaryimage"},"thumbnailUrl":"https:\/\/www.aparences.net\/wp-content\/uploads\/2020\/05\/millais-lorenzo-et-isabella-detail.jpg","datePublished":"2020-05-07T16:04:36+00:00","dateModified":"2025-12-11T18:40:55+00:00","description":"El movimiento prerrafaelita, fundado en 1848, es la expresi\u00f3n art\u00edstica caracter\u00edstica de la \u00e9poca victoriana.","breadcrumb":{"@id":"https:\/\/www.aparences.net\/es\/periodos\/el-movimiento-prerrafaelita\/#breadcrumb"},"inLanguage":"es","potentialAction":[{"@type":"ReadAction","target":["https:\/\/www.aparences.net\/es\/periodos\/el-movimiento-prerrafaelita\/"]}]},{"@type":"ImageObject","inLanguage":"es","@id":"https:\/\/www.aparences.net\/es\/periodos\/el-movimiento-prerrafaelita\/#primaryimage","url":"https:\/\/www.aparences.net\/wp-content\/uploads\/2020\/05\/millais-lorenzo-et-isabella-detail.jpg","contentUrl":"https:\/\/www.aparences.net\/wp-content\/uploads\/2020\/05\/millais-lorenzo-et-isabella-detail.jpg","width":1080,"height":540},{"@type":"BreadcrumbList","@id":"https:\/\/www.aparences.net\/es\/periodos\/el-movimiento-prerrafaelita\/#breadcrumb","itemListElement":[{"@type":"ListItem","position":1,"name":"Portada","item":"https:\/\/www.aparences.net\/es\/"},{"@type":"ListItem","position":2,"name":"El movimiento prerrafaelita"}]},{"@type":"WebSite","@id":"https:\/\/www.aparences.net\/es\/#website","url":"https:\/\/www.aparences.net\/es\/","name":"Aparences: Historia del Arte y Actualidad Cultural","description":"","publisher":{"@id":"https:\/\/www.aparences.net\/es\/#organization"},"potentialAction":[{"@type":"SearchAction","target":{"@type":"EntryPoint","urlTemplate":"https:\/\/www.aparences.net\/es\/?s={search_term_string}"},"query-input":{"@type":"PropertyValueSpecification","valueRequired":true,"valueName":"search_term_string"}}],"inLanguage":"es"},{"@type":"Organization","@id":"https:\/\/www.aparences.net\/es\/#organization","name":"Aparences: Historia del Arte y Actualidad Cultural","url":"https:\/\/www.aparences.net\/es\/","logo":{"@type":"ImageObject","inLanguage":"es","@id":"https:\/\/www.aparences.net\/es\/#\/schema\/logo\/image\/","url":"https:\/\/www.aparences.net\/wp-content\/uploads\/2023\/09\/logo-quadrat-color-e1695915315229.png","contentUrl":"https:\/\/www.aparences.net\/wp-content\/uploads\/2023\/09\/logo-quadrat-color-e1695915315229.png","width":120,"height":120,"caption":"Aparences: Historia del Arte y Actualidad Cultural"},"image":{"@id":"https:\/\/www.aparences.net\/es\/#\/schema\/logo\/image\/"}},{"@type":"Person","@id":"https:\/\/www.aparences.net\/es\/#\/schema\/person\/af349f6ffc31b16c68963e61268afca5","name":"admin","url":"https:\/\/www.aparences.net\/es\/author\/admin\/"}]}},"_links":{"self":[{"href":"https:\/\/www.aparences.net\/es\/wp-json\/wp\/v2\/posts\/20859","targetHints":{"allow":["GET"]}}],"collection":[{"href":"https:\/\/www.aparences.net\/es\/wp-json\/wp\/v2\/posts"}],"about":[{"href":"https:\/\/www.aparences.net\/es\/wp-json\/wp\/v2\/types\/post"}],"author":[{"embeddable":true,"href":"https:\/\/www.aparences.net\/es\/wp-json\/wp\/v2\/users\/2"}],"replies":[{"embeddable":true,"href":"https:\/\/www.aparences.net\/es\/wp-json\/wp\/v2\/comments?post=20859"}],"version-history":[{"count":0,"href":"https:\/\/www.aparences.net\/es\/wp-json\/wp\/v2\/posts\/20859\/revisions"}],"wp:featuredmedia":[{"embeddable":true,"href":"https:\/\/www.aparences.net\/es\/wp-json\/wp\/v2\/media\/20864"}],"wp:attachment":[{"href":"https:\/\/www.aparences.net\/es\/wp-json\/wp\/v2\/media?parent=20859"}],"wp:term":[{"taxonomy":"category","embeddable":true,"href":"https:\/\/www.aparences.net\/es\/wp-json\/wp\/v2\/categories?post=20859"},{"taxonomy":"post_tag","embeddable":true,"href":"https:\/\/www.aparences.net\/es\/wp-json\/wp\/v2\/tags?post=20859"}],"curies":[{"name":"wp","href":"https:\/\/api.w.org\/{rel}","templated":true}]}}