{"id":23076,"date":"2021-02-10T11:21:02","date_gmt":"2021-02-10T10:21:02","guid":{"rendered":"https:\/\/www.aparences.net\/?p=23076"},"modified":"2021-02-10T11:21:04","modified_gmt":"2021-02-10T10:21:04","slug":"visita-virtual-de-la-exposicion-matisse-como-una-novela-en-el-centro-pompidou","status":"publish","type":"post","link":"https:\/\/www.aparences.net\/es\/media-es\/visita-virtual-de-la-exposicion-matisse-como-una-novela-en-el-centro-pompidou\/","title":{"rendered":"Visita virtual de la exposici\u00f3n \u00abMatisse, como una novela\u00bb en el Centro Pompidou"},"content":{"rendered":"\n<p>\u00a1Mientras espera su reapertura, descubra la exposici\u00f3n \u00abMatisse, como una novela\u00bb en exclusiva! Sigue con Aur\u00e9lie Verdier, comisaria de la exposici\u00f3n, un viaje que celebra el 150 aniversario de este inmenso artista moderno, a trav\u00e9s de diez obras clave, elegidas entre las 230 obras y 70 documentos y archivos presentados. El autorretrato pintado por el artista en 1906, la emblem\u00e1tica blusa rumana (1940) y el gran papel recortado La Tristesse du Roi (1952) marcan este viaje que recorre la trayectoria de Matisse durante m\u00e1s de cinco d\u00e9cadas.<\/p>\n\n\n\n<figure class=\"wp-block-embed-youtube wp-block-embed is-type-video is-provider-youtube wp-embed-aspect-16-9 wp-has-aspect-ratio\"><div class=\"wp-block-embed__wrapper\">\n<iframe loading=\"lazy\" title=\"Visite exclusive de l&#039;exposition Matisse | Centre Pompidou\" width=\"800\" height=\"450\" src=\"https:\/\/www.youtube.com\/embed\/uLOQIIxnVsI?feature=oembed\" frameborder=\"0\" allow=\"accelerometer; autoplay; clipboard-write; encrypted-media; gyroscope; picture-in-picture\" allowfullscreen><\/iframe>\n<\/div><\/figure>\n\n\n\n<p><\/p>\n","protected":false},"excerpt":{"rendered":"<p>\u00a1Mientras espera su reapertura, descubra la exposici\u00f3n \u00abMatisse, como una novela\u00bb en exclusiva! Sigue con Aur\u00e9lie Verdier, comisaria de la exposici\u00f3n, un viaje que celebra [&#8230;]<\/p>\n","protected":false},"author":2,"featured_media":23073,"comment_status":"closed","ping_status":"closed","sticky":false,"template":"","format":"standard","meta":{"footnotes":""},"categories":[3186],"tags":[],"class_list":["post-23076","post","type-post","status-publish","format-standard","has-post-thumbnail","hentry","category-media-es"],"yoast_head":"<!-- This site is optimized with the Yoast SEO plugin v27.2 - https:\/\/yoast.com\/product\/yoast-seo-wordpress\/ -->\n<title>Visita virtual de la exposici\u00f3n &quot;Matisse, como una novela&quot; en el Centro Pompidou<\/title>\n<meta name=\"description\" content=\"\u00a1Mientras espera su reapertura, descubra la exposici\u00f3n &quot;Matisse, como una novela&quot; en exclusiva! Sigue con Aur\u00e9lie Verdier, comisaria de la exposici\u00f3n, un\" \/>\n<meta name=\"robots\" content=\"index, follow, max-snippet:-1, max-image-preview:large, max-video-preview:-1\" \/>\n<link rel=\"canonical\" href=\"https:\/\/www.aparences.net\/es\/media-es\/visita-virtual-de-la-exposicion-matisse-como-una-novela-en-el-centro-pompidou\/\" \/>\n<meta property=\"og:locale\" content=\"es_ES\" \/>\n<meta property=\"og:type\" content=\"article\" \/>\n<meta property=\"og:title\" content=\"Visita virtual de la exposici\u00f3n &quot;Matisse, como una novela&quot; en el Centro Pompidou\" \/>\n<meta property=\"og:description\" content=\"\u00a1Mientras espera su reapertura, descubra la exposici\u00f3n &quot;Matisse, como una novela&quot; en exclusiva! Sigue con Aur\u00e9lie Verdier, comisaria de la exposici\u00f3n, un\" \/>\n<meta property=\"og:url\" content=\"https:\/\/www.aparences.net\/es\/media-es\/visita-virtual-de-la-exposicion-matisse-como-una-novela-en-el-centro-pompidou\/\" \/>\n<meta property=\"og:site_name\" content=\"Aparences\" \/>\n<meta property=\"article:published_time\" content=\"2021-02-10T10:21:02+00:00\" \/>\n<meta property=\"article:modified_time\" content=\"2021-02-10T10:21:04+00:00\" \/>\n<meta property=\"og:image\" content=\"https:\/\/www.aparences.net\/wp-content\/uploads\/2021\/02\/henri-matisse-centre-pompidou.jpg\" \/>\n\t<meta property=\"og:image:width\" content=\"573\" \/>\n\t<meta property=\"og:image:height\" content=\"430\" \/>\n\t<meta property=\"og:image:type\" content=\"image\/jpeg\" \/>\n<meta name=\"author\" content=\"admin\" \/>\n<meta name=\"twitter:card\" content=\"summary_large_image\" \/>\n<meta name=\"twitter:label1\" content=\"Escrito por\" \/>\n\t<meta name=\"twitter:data1\" content=\"admin\" \/>\n<script type=\"application\/ld+json\" class=\"yoast-schema-graph\">{\"@context\":\"https:\/\/schema.org\",\"@graph\":[{\"@type\":\"Article\",\"@id\":\"https:\/\/www.aparences.net\/es\/media-es\/visita-virtual-de-la-exposicion-matisse-como-una-novela-en-el-centro-pompidou\/#article\",\"isPartOf\":{\"@id\":\"https:\/\/www.aparences.net\/es\/media-es\/visita-virtual-de-la-exposicion-matisse-como-una-novela-en-el-centro-pompidou\/\"},\"author\":{\"name\":\"admin\",\"@id\":\"https:\/\/www.aparences.net\/es\/#\/schema\/person\/af349f6ffc31b16c68963e61268afca5\"},\"headline\":\"Visita virtual de la exposici\u00f3n \u00abMatisse, como una novela\u00bb en el Centro Pompidou\",\"datePublished\":\"2021-02-10T10:21:02+00:00\",\"dateModified\":\"2021-02-10T10:21:04+00:00\",\"mainEntityOfPage\":{\"@id\":\"https:\/\/www.aparences.net\/es\/media-es\/visita-virtual-de-la-exposicion-matisse-como-una-novela-en-el-centro-pompidou\/\"},\"wordCount\":109,\"publisher\":{\"@id\":\"https:\/\/www.aparences.net\/es\/#organization\"},\"image\":{\"@id\":\"https:\/\/www.aparences.net\/es\/media-es\/visita-virtual-de-la-exposicion-matisse-como-una-novela-en-el-centro-pompidou\/#primaryimage\"},\"thumbnailUrl\":\"https:\/\/www.aparences.net\/wp-content\/uploads\/2021\/02\/henri-matisse-centre-pompidou.jpg\",\"articleSection\":[\"Media\"],\"inLanguage\":\"es\"},{\"@type\":[\"WebPage\",\"ItemPage\"],\"@id\":\"https:\/\/www.aparences.net\/es\/media-es\/visita-virtual-de-la-exposicion-matisse-como-una-novela-en-el-centro-pompidou\/\",\"url\":\"https:\/\/www.aparences.net\/es\/media-es\/visita-virtual-de-la-exposicion-matisse-como-una-novela-en-el-centro-pompidou\/\",\"name\":\"Visita virtual de la exposici\u00f3n \\\"Matisse, como una novela\\\" en el Centro Pompidou\",\"isPartOf\":{\"@id\":\"https:\/\/www.aparences.net\/es\/#website\"},\"primaryImageOfPage\":{\"@id\":\"https:\/\/www.aparences.net\/es\/media-es\/visita-virtual-de-la-exposicion-matisse-como-una-novela-en-el-centro-pompidou\/#primaryimage\"},\"image\":{\"@id\":\"https:\/\/www.aparences.net\/es\/media-es\/visita-virtual-de-la-exposicion-matisse-como-una-novela-en-el-centro-pompidou\/#primaryimage\"},\"thumbnailUrl\":\"https:\/\/www.aparences.net\/wp-content\/uploads\/2021\/02\/henri-matisse-centre-pompidou.jpg\",\"datePublished\":\"2021-02-10T10:21:02+00:00\",\"dateModified\":\"2021-02-10T10:21:04+00:00\",\"description\":\"\u00a1Mientras espera su reapertura, descubra la exposici\u00f3n \\\"Matisse, como una novela\\\" en exclusiva! Sigue con Aur\u00e9lie Verdier, comisaria de la exposici\u00f3n, un\",\"breadcrumb\":{\"@id\":\"https:\/\/www.aparences.net\/es\/media-es\/visita-virtual-de-la-exposicion-matisse-como-una-novela-en-el-centro-pompidou\/#breadcrumb\"},\"inLanguage\":\"es\",\"potentialAction\":[{\"@type\":\"ReadAction\",\"target\":[\"https:\/\/www.aparences.net\/es\/media-es\/visita-virtual-de-la-exposicion-matisse-como-una-novela-en-el-centro-pompidou\/\"]}]},{\"@type\":\"ImageObject\",\"inLanguage\":\"es\",\"@id\":\"https:\/\/www.aparences.net\/es\/media-es\/visita-virtual-de-la-exposicion-matisse-como-una-novela-en-el-centro-pompidou\/#primaryimage\",\"url\":\"https:\/\/www.aparences.net\/wp-content\/uploads\/2021\/02\/henri-matisse-centre-pompidou.jpg\",\"contentUrl\":\"https:\/\/www.aparences.net\/wp-content\/uploads\/2021\/02\/henri-matisse-centre-pompidou.jpg\",\"width\":573,\"height\":430},{\"@type\":\"BreadcrumbList\",\"@id\":\"https:\/\/www.aparences.net\/es\/media-es\/visita-virtual-de-la-exposicion-matisse-como-una-novela-en-el-centro-pompidou\/#breadcrumb\",\"itemListElement\":[{\"@type\":\"ListItem\",\"position\":1,\"name\":\"Portada\",\"item\":\"https:\/\/www.aparences.net\/es\/\"},{\"@type\":\"ListItem\",\"position\":2,\"name\":\"Visita virtual de la exposici\u00f3n \u00ab\u00a0Matisse, como una novela\u00a0\u00bb en el Centro Pompidou\"}]},{\"@type\":\"WebSite\",\"@id\":\"https:\/\/www.aparences.net\/es\/#website\",\"url\":\"https:\/\/www.aparences.net\/es\/\",\"name\":\"Aparences: Historia del Arte y Actualidad Cultural\",\"description\":\"\",\"publisher\":{\"@id\":\"https:\/\/www.aparences.net\/es\/#organization\"},\"potentialAction\":[{\"@type\":\"SearchAction\",\"target\":{\"@type\":\"EntryPoint\",\"urlTemplate\":\"https:\/\/www.aparences.net\/es\/?s={search_term_string}\"},\"query-input\":{\"@type\":\"PropertyValueSpecification\",\"valueRequired\":true,\"valueName\":\"search_term_string\"}}],\"inLanguage\":\"es\"},{\"@type\":\"Organization\",\"@id\":\"https:\/\/www.aparences.net\/es\/#organization\",\"name\":\"Aparences: Historia del Arte y Actualidad Cultural\",\"url\":\"https:\/\/www.aparences.net\/es\/\",\"logo\":{\"@type\":\"ImageObject\",\"inLanguage\":\"es\",\"@id\":\"https:\/\/www.aparences.net\/es\/#\/schema\/logo\/image\/\",\"url\":\"https:\/\/www.aparences.net\/wp-content\/uploads\/2023\/09\/logo-quadrat-color-e1695915315229.png\",\"contentUrl\":\"https:\/\/www.aparences.net\/wp-content\/uploads\/2023\/09\/logo-quadrat-color-e1695915315229.png\",\"width\":120,\"height\":120,\"caption\":\"Aparences: Historia del Arte y Actualidad Cultural\"},\"image\":{\"@id\":\"https:\/\/www.aparences.net\/es\/#\/schema\/logo\/image\/\"}},{\"@type\":\"Person\",\"@id\":\"https:\/\/www.aparences.net\/es\/#\/schema\/person\/af349f6ffc31b16c68963e61268afca5\",\"name\":\"admin\",\"url\":\"https:\/\/www.aparences.net\/es\/author\/admin\/\"}]}<\/script>\n<!-- \/ Yoast SEO plugin. -->","yoast_head_json":{"title":"Visita virtual de la exposici\u00f3n \"Matisse, como una novela\" en el Centro Pompidou","description":"\u00a1Mientras espera su reapertura, descubra la exposici\u00f3n \"Matisse, como una novela\" en exclusiva! Sigue con Aur\u00e9lie Verdier, comisaria de la exposici\u00f3n, un","robots":{"index":"index","follow":"follow","max-snippet":"max-snippet:-1","max-image-preview":"max-image-preview:large","max-video-preview":"max-video-preview:-1"},"canonical":"https:\/\/www.aparences.net\/es\/media-es\/visita-virtual-de-la-exposicion-matisse-como-una-novela-en-el-centro-pompidou\/","og_locale":"es_ES","og_type":"article","og_title":"Visita virtual de la exposici\u00f3n \"Matisse, como una novela\" en el Centro Pompidou","og_description":"\u00a1Mientras espera su reapertura, descubra la exposici\u00f3n \"Matisse, como una novela\" en exclusiva! Sigue con Aur\u00e9lie Verdier, comisaria de la exposici\u00f3n, un","og_url":"https:\/\/www.aparences.net\/es\/media-es\/visita-virtual-de-la-exposicion-matisse-como-una-novela-en-el-centro-pompidou\/","og_site_name":"Aparences","article_published_time":"2021-02-10T10:21:02+00:00","article_modified_time":"2021-02-10T10:21:04+00:00","og_image":[{"width":573,"height":430,"url":"https:\/\/www.aparences.net\/wp-content\/uploads\/2021\/02\/henri-matisse-centre-pompidou.jpg","type":"image\/jpeg"}],"author":"admin","twitter_card":"summary_large_image","twitter_misc":{"Escrito por":"admin"},"schema":{"@context":"https:\/\/schema.org","@graph":[{"@type":"Article","@id":"https:\/\/www.aparences.net\/es\/media-es\/visita-virtual-de-la-exposicion-matisse-como-una-novela-en-el-centro-pompidou\/#article","isPartOf":{"@id":"https:\/\/www.aparences.net\/es\/media-es\/visita-virtual-de-la-exposicion-matisse-como-una-novela-en-el-centro-pompidou\/"},"author":{"name":"admin","@id":"https:\/\/www.aparences.net\/es\/#\/schema\/person\/af349f6ffc31b16c68963e61268afca5"},"headline":"Visita virtual de la exposici\u00f3n \u00abMatisse, como una novela\u00bb en el Centro Pompidou","datePublished":"2021-02-10T10:21:02+00:00","dateModified":"2021-02-10T10:21:04+00:00","mainEntityOfPage":{"@id":"https:\/\/www.aparences.net\/es\/media-es\/visita-virtual-de-la-exposicion-matisse-como-una-novela-en-el-centro-pompidou\/"},"wordCount":109,"publisher":{"@id":"https:\/\/www.aparences.net\/es\/#organization"},"image":{"@id":"https:\/\/www.aparences.net\/es\/media-es\/visita-virtual-de-la-exposicion-matisse-como-una-novela-en-el-centro-pompidou\/#primaryimage"},"thumbnailUrl":"https:\/\/www.aparences.net\/wp-content\/uploads\/2021\/02\/henri-matisse-centre-pompidou.jpg","articleSection":["Media"],"inLanguage":"es"},{"@type":["WebPage","ItemPage"],"@id":"https:\/\/www.aparences.net\/es\/media-es\/visita-virtual-de-la-exposicion-matisse-como-una-novela-en-el-centro-pompidou\/","url":"https:\/\/www.aparences.net\/es\/media-es\/visita-virtual-de-la-exposicion-matisse-como-una-novela-en-el-centro-pompidou\/","name":"Visita virtual de la exposici\u00f3n \"Matisse, como una novela\" en el Centro Pompidou","isPartOf":{"@id":"https:\/\/www.aparences.net\/es\/#website"},"primaryImageOfPage":{"@id":"https:\/\/www.aparences.net\/es\/media-es\/visita-virtual-de-la-exposicion-matisse-como-una-novela-en-el-centro-pompidou\/#primaryimage"},"image":{"@id":"https:\/\/www.aparences.net\/es\/media-es\/visita-virtual-de-la-exposicion-matisse-como-una-novela-en-el-centro-pompidou\/#primaryimage"},"thumbnailUrl":"https:\/\/www.aparences.net\/wp-content\/uploads\/2021\/02\/henri-matisse-centre-pompidou.jpg","datePublished":"2021-02-10T10:21:02+00:00","dateModified":"2021-02-10T10:21:04+00:00","description":"\u00a1Mientras espera su reapertura, descubra la exposici\u00f3n \"Matisse, como una novela\" en exclusiva! Sigue con Aur\u00e9lie Verdier, comisaria de la exposici\u00f3n, un","breadcrumb":{"@id":"https:\/\/www.aparences.net\/es\/media-es\/visita-virtual-de-la-exposicion-matisse-como-una-novela-en-el-centro-pompidou\/#breadcrumb"},"inLanguage":"es","potentialAction":[{"@type":"ReadAction","target":["https:\/\/www.aparences.net\/es\/media-es\/visita-virtual-de-la-exposicion-matisse-como-una-novela-en-el-centro-pompidou\/"]}]},{"@type":"ImageObject","inLanguage":"es","@id":"https:\/\/www.aparences.net\/es\/media-es\/visita-virtual-de-la-exposicion-matisse-como-una-novela-en-el-centro-pompidou\/#primaryimage","url":"https:\/\/www.aparences.net\/wp-content\/uploads\/2021\/02\/henri-matisse-centre-pompidou.jpg","contentUrl":"https:\/\/www.aparences.net\/wp-content\/uploads\/2021\/02\/henri-matisse-centre-pompidou.jpg","width":573,"height":430},{"@type":"BreadcrumbList","@id":"https:\/\/www.aparences.net\/es\/media-es\/visita-virtual-de-la-exposicion-matisse-como-una-novela-en-el-centro-pompidou\/#breadcrumb","itemListElement":[{"@type":"ListItem","position":1,"name":"Portada","item":"https:\/\/www.aparences.net\/es\/"},{"@type":"ListItem","position":2,"name":"Visita virtual de la exposici\u00f3n \u00ab\u00a0Matisse, como una novela\u00a0\u00bb en el Centro Pompidou"}]},{"@type":"WebSite","@id":"https:\/\/www.aparences.net\/es\/#website","url":"https:\/\/www.aparences.net\/es\/","name":"Aparences: Historia del Arte y Actualidad Cultural","description":"","publisher":{"@id":"https:\/\/www.aparences.net\/es\/#organization"},"potentialAction":[{"@type":"SearchAction","target":{"@type":"EntryPoint","urlTemplate":"https:\/\/www.aparences.net\/es\/?s={search_term_string}"},"query-input":{"@type":"PropertyValueSpecification","valueRequired":true,"valueName":"search_term_string"}}],"inLanguage":"es"},{"@type":"Organization","@id":"https:\/\/www.aparences.net\/es\/#organization","name":"Aparences: Historia del Arte y Actualidad Cultural","url":"https:\/\/www.aparences.net\/es\/","logo":{"@type":"ImageObject","inLanguage":"es","@id":"https:\/\/www.aparences.net\/es\/#\/schema\/logo\/image\/","url":"https:\/\/www.aparences.net\/wp-content\/uploads\/2023\/09\/logo-quadrat-color-e1695915315229.png","contentUrl":"https:\/\/www.aparences.net\/wp-content\/uploads\/2023\/09\/logo-quadrat-color-e1695915315229.png","width":120,"height":120,"caption":"Aparences: Historia del Arte y Actualidad Cultural"},"image":{"@id":"https:\/\/www.aparences.net\/es\/#\/schema\/logo\/image\/"}},{"@type":"Person","@id":"https:\/\/www.aparences.net\/es\/#\/schema\/person\/af349f6ffc31b16c68963e61268afca5","name":"admin","url":"https:\/\/www.aparences.net\/es\/author\/admin\/"}]}},"_links":{"self":[{"href":"https:\/\/www.aparences.net\/es\/wp-json\/wp\/v2\/posts\/23076","targetHints":{"allow":["GET"]}}],"collection":[{"href":"https:\/\/www.aparences.net\/es\/wp-json\/wp\/v2\/posts"}],"about":[{"href":"https:\/\/www.aparences.net\/es\/wp-json\/wp\/v2\/types\/post"}],"author":[{"embeddable":true,"href":"https:\/\/www.aparences.net\/es\/wp-json\/wp\/v2\/users\/2"}],"replies":[{"embeddable":true,"href":"https:\/\/www.aparences.net\/es\/wp-json\/wp\/v2\/comments?post=23076"}],"version-history":[{"count":0,"href":"https:\/\/www.aparences.net\/es\/wp-json\/wp\/v2\/posts\/23076\/revisions"}],"wp:featuredmedia":[{"embeddable":true,"href":"https:\/\/www.aparences.net\/es\/wp-json\/wp\/v2\/media\/23073"}],"wp:attachment":[{"href":"https:\/\/www.aparences.net\/es\/wp-json\/wp\/v2\/media?parent=23076"}],"wp:term":[{"taxonomy":"category","embeddable":true,"href":"https:\/\/www.aparences.net\/es\/wp-json\/wp\/v2\/categories?post=23076"},{"taxonomy":"post_tag","embeddable":true,"href":"https:\/\/www.aparences.net\/es\/wp-json\/wp\/v2\/tags?post=23076"}],"curies":[{"name":"wp","href":"https:\/\/api.w.org\/{rel}","templated":true}]}}