{"id":23255,"date":"2021-04-14T17:28:50","date_gmt":"2021-04-14T15:28:50","guid":{"rendered":"https:\/\/www.aparences.net\/?p=23255"},"modified":"2025-12-11T19:40:55","modified_gmt":"2025-12-11T18:40:55","slug":"kasimir-malevitch-biografia-y-obras","status":"publish","type":"post","link":"https:\/\/www.aparences.net\/es\/periodos\/la-vanguardia-rusa\/kasimir-malevitch-biografia-y-obras\/","title":{"rendered":"Kasimir Malevitch: biograf\u00eda y obras"},"content":{"rendered":"<p><!--contents--><\/p>\n\n\n<h2 class=\"wp-block-heading\">El camino hacia el suprematismo<\/h2>\n\n\n\n<p>De origen humilde ruso-polaco, Kasimir Malevitch naci\u00f3 cerca de Kiev en 1878. Su padre era capataz en una refiner\u00eda de az\u00facar en Kiev. Su madre, probablemente analfabeta, le demostr\u00f3 todo su afecto; vivi\u00f3 con \u00e9l hasta su muerte a los noventa y seis a\u00f1os. De ni\u00f1o, la educaci\u00f3n de Malevich fue bastante rudimentaria, pero gracias a su extraordinaria perseverancia y a su notable inteligencia intuitiva, adquiri\u00f3 m\u00e1s tarde vastos conocimientos. A los diecinueve a\u00f1os, Malevich ingres\u00f3 en la Escuela de Arte de Kiev, que abandon\u00f3 en 1900 para trabajar por su cuenta. Su llegada a Mosc\u00fa en 1905 coincidi\u00f3 con el estallido de la Revoluci\u00f3n de Diciembre, en la que, como muchos otros artistas, se interes\u00f3 vivamente, llegando a distribuir panfletos prohibidos. Hasta 1910, trabaj\u00f3 en el taller de Roerburg, considerado el m\u00e1s vanguardista. Fue a trav\u00e9s de Roerburg que <strong>Larionov<\/strong> descubri\u00f3 a Malevitch. Las obras de 1905-1908, con sus pinceladas cortas, recuerdan en su construcci\u00f3n a las de <a href=\"https:\/\/www.aparences.net\/es\/periodos\/postimpresionismo\/paul-cezanne\/\">C\u00e9zanne<\/a>, <a href=\"https:\/\/www.aparences.net\/es\/periodos\/postimpresionismo\/vincent-van-gogh\/\">Van Gogh<\/a>, <a href=\"https:\/\/www.aparences.net\/es\/periodos\/postimpresionismo\/paul-gauguin\/\">Gauguin<\/a>, <strong>Bonnard<\/strong>, <a href=\"https:\/\/www.aparences.net\/es\/periodos\/postimpresionismo\/vuillard-y-la-mirada-intimista\/\">Vuillard<\/a> y <strong>Derain<\/strong>, artistas que estudi\u00f3 con pasi\u00f3n en las revistas y gracias a las colecciones de los marchantes Shchukin y Morozov. En una obra como <em>La vendedora de flores<\/em>, de 1904-1905, presentada en la primera exposici\u00f3n de La Sota de Diamantes en 1910, ya se puede distinguir la mano del maestro. Toma prestado de <a href=\"https:\/\/www.aparences.net\/es\/periodos\/postimpresionismo\/pierre-bonnard-biografia-y-obras\/\">Bonnard<\/a> un plano doble dividido de forma simple en el que destaca la gran figura en primer plano.<\/p>\n\n\n<div class=\"wp-block-image\">\n<figure class=\"aligncenter size-large\"><img loading=\"lazy\" decoding=\"async\" width=\"417\" height=\"455\" src=\"https:\/\/www.aparences.net\/wp-content\/uploads\/2021\/03\/malevitch-autoportrait-1911.jpg\" alt=\"Autorretrato, 1911, Kasimir Malevitch, Galer\u00eda Tretyakov.\" class=\"wp-image-23215\" title=\"Autorretrato, 1911, Kasimir Malevitch\" srcset=\"https:\/\/www.aparences.net\/wp-content\/uploads\/2021\/03\/malevitch-autoportrait-1911.jpg 417w, https:\/\/www.aparences.net\/wp-content\/uploads\/2021\/03\/malevitch-autoportrait-1911-160x175.jpg 160w\" sizes=\"auto, (max-width: 417px) 100vw, 417px\" \/><figcaption class=\"wp-element-caption\"><em><strong>Autorretrato<\/strong>, 1911, <strong>Kasimir Malevitch<\/strong>, Galer\u00eda Tretyakov.<\/em><\/figcaption><\/figure>\n<\/div>\n\n<div class=\"wp-block-image\">\n<figure class=\"aligncenter size-large\"><img loading=\"lazy\" decoding=\"async\" width=\"594\" height=\"460\" src=\"https:\/\/www.aparences.net\/wp-content\/uploads\/2021\/03\/malevitch-vendeuse-de-fleurs-1904-5.jpg\" alt=\"La vendedora de flores, 1904-1905, Kasimir Malevitch, San Petersburgo, Museo Ruso.\" class=\"wp-image-23211\" title=\"La vendedora de flores, 1904-1905, Kasimir Malevitch\" srcset=\"https:\/\/www.aparences.net\/wp-content\/uploads\/2021\/03\/malevitch-vendeuse-de-fleurs-1904-5.jpg 594w, https:\/\/www.aparences.net\/wp-content\/uploads\/2021\/03\/malevitch-vendeuse-de-fleurs-1904-5-160x124.jpg 160w\" sizes=\"auto, (max-width: 594px) 100vw, 594px\" \/><figcaption class=\"wp-element-caption\"><em><strong>La vendedora de flores<\/strong>, 1904-1905, <strong>Kasimir Malevitch<\/strong>, San Petersburgo, Museo Ruso.<\/em><\/figcaption><\/figure>\n<\/div>\n\n<div class=\"wp-block-image\">\n<figure class=\"aligncenter size-large\"><img loading=\"lazy\" decoding=\"async\" width=\"417\" height=\"420\" src=\"https:\/\/www.aparences.net\/wp-content\/uploads\/2021\/03\/malevitch-province-1907.jpg\" alt=\"Provincia, c. 1907, Kasimir Malevitch, Amsterdam, Stedelijk Museum.\" class=\"wp-image-23213\" title=\"Provincia, c. 1907, Kasimir Malevitch\" srcset=\"https:\/\/www.aparences.net\/wp-content\/uploads\/2021\/03\/malevitch-province-1907.jpg 417w, https:\/\/www.aparences.net\/wp-content\/uploads\/2021\/03\/malevitch-province-1907-100x100.jpg 100w, https:\/\/www.aparences.net\/wp-content\/uploads\/2021\/03\/malevitch-province-1907-160x161.jpg 160w, https:\/\/www.aparences.net\/wp-content\/uploads\/2021\/03\/malevitch-province-1907-150x150.jpg 150w\" sizes=\"auto, (max-width: 417px) 100vw, 417px\" \/><figcaption class=\"wp-element-caption\"><em><strong>Provincia<\/strong>, c. 1907, <strong>Kasimir Malevitch<\/strong>, Amsterdam, Stedelijk Museum.<\/em><\/figcaption><\/figure>\n<\/div>\n\n\n<p>M\u00e1s tarde, la pintura de Malevitch se acerc\u00f3 y asimil\u00f3 r\u00e1pidamente las <a href=\"https:\/\/www.aparences.net\/es\/periodos\/arte-moderno\/cubismo\/\">teor\u00edas del cubismo<\/a> y luego del <a href=\"https:\/\/www.aparences.net\/es\/periodos\/arte-moderno\/futurismo\/\">futurismo italiano<\/a>, que fueron r\u00e1pidamente superadas por la representaci\u00f3n abstracta basada en la \u00absupremac\u00eda de la sensibilidad pura en las artes figurativas\u00bb.<\/p>\n\n\n<div class=\"wp-block-image\">\n<figure class=\"aligncenter size-large\"><img loading=\"lazy\" decoding=\"async\" width=\"459\" height=\"460\" src=\"https:\/\/www.aparences.net\/wp-content\/uploads\/2021\/03\/malevitch-suprematisme-dynamique-1915-1916.jpg\" alt=\"Suprematismo din\u00e1mico, 1915-1916, Kasimir Malevitch, Londres, Tate Modern.\" class=\"wp-image-23217\" title=\"Suprematismo din\u00e1mico, 1915-1916, Kasimir Malevitch\" srcset=\"https:\/\/www.aparences.net\/wp-content\/uploads\/2021\/03\/malevitch-suprematisme-dynamique-1915-1916.jpg 459w, https:\/\/www.aparences.net\/wp-content\/uploads\/2021\/03\/malevitch-suprematisme-dynamique-1915-1916-100x100.jpg 100w, https:\/\/www.aparences.net\/wp-content\/uploads\/2021\/03\/malevitch-suprematisme-dynamique-1915-1916-160x160.jpg 160w, https:\/\/www.aparences.net\/wp-content\/uploads\/2021\/03\/malevitch-suprematisme-dynamique-1915-1916-150x150.jpg 150w\" sizes=\"auto, (max-width: 459px) 100vw, 459px\" \/><figcaption class=\"wp-element-caption\"><em><strong>Suprematismo din\u00e1mico<\/strong>, 1915-1916, <strong>Kasimir Malevitch<\/strong>, Londres, Tate Modern.<\/em><\/figcaption><\/figure>\n<\/div>\n\n\n<!-- AdBoxRight2020 --><ins class=\"adsbygoogle\"     style=\"display:block; margin-top:30px;\"     data-ad-client=\"ca-pub-2468002815867636\"     data-ad-slot=\"3496014735\"     data-ad-format=\"auto\"     data-full-width-responsive=\"false\"><\/ins><script> (adsbygoogle = window.adsbygoogle || []).push({});<\/script><h2 class=\"wp-block-heading\">Per\u00edodo neoprimitivista &#8211; serie campesina<\/h2>\n\n\n\n<p>Las primeras obras caracter\u00edsticas de Malevich datan de 1908. Se trata de grandes pinturas al gouache que representan escenas de la vida campesina, temas inspirados en las series \u00abcampesinas\u00bb de <strong>Larionov<\/strong> y <strong>Goncharova<\/strong>, de las que tom\u00f3 prestados varios t\u00edtulos, como <em>Campesinas en la iglesia<\/em> o <em>El le\u00f1ador<\/em>. La construcci\u00f3n y la ejecuci\u00f3n de estos cuadros inspirados en Matisse que Shchukin acababa de adquirir en esa \u00e9poca, en particular los famosos <em>La danza<\/em> y <em>La m\u00fasica<\/em> de 1910, cuya influencia en <em>El ba\u00f1ista<\/em> de Malevich es evidente. El car\u00e1cter muy esquematizado se redujo a su simple expresi\u00f3n, para ser s\u00f3lo el veh\u00edculo de un ritmo din\u00e1mico.<\/p>\n\n\n<div class=\"wp-block-image\">\n<figure class=\"aligncenter size-large\"><img loading=\"lazy\" decoding=\"async\" width=\"300\" height=\"460\" src=\"https:\/\/www.aparences.net\/wp-content\/uploads\/2021\/03\/malevitch-le-baigneur-1910.jpg\" alt=\"El ba\u00f1ista, 1909-1910, Kasimir Malevitch, Amsterdam, Stedelijk Museum.\" class=\"wp-image-23219\" title=\"El ba\u00f1ista, 1909-1910, Kasimir Malevitch\" srcset=\"https:\/\/www.aparences.net\/wp-content\/uploads\/2021\/03\/malevitch-le-baigneur-1910.jpg 300w, https:\/\/www.aparences.net\/wp-content\/uploads\/2021\/03\/malevitch-le-baigneur-1910-160x245.jpg 160w\" sizes=\"auto, (max-width: 300px) 100vw, 300px\" \/><figcaption class=\"wp-element-caption\"><em><strong>El ba\u00f1ista<\/strong>, 1909-1910, <strong>Kasimir Malevitch<\/strong>, Amsterdam, Stedelijk Museum.<\/em><\/figcaption><\/figure>\n<\/div>\n\n\n<p>Malevitch abandona el gouache para volver a pintar al \u00f3leo, y su pincelada m\u00e1s apretada barre el lienzo con un ritmo uniforme y constante, caracter\u00edstico de su nueva forma. En <em>Mujer con cubos y ni\u00f1o<\/em>, las frentes afiladas y los rasgos faciales deliberadamente exagerados est\u00e1n muy acentuados, siendo el ni\u00f1o una mera repetici\u00f3n a diferente escala de la figura de la mujer.<\/p>\n\n\n<div class=\"wp-block-image\">\n<figure class=\"aligncenter size-large\"><img loading=\"lazy\" decoding=\"async\" width=\"442\" height=\"444\" src=\"https:\/\/www.aparences.net\/wp-content\/uploads\/2021\/03\/malevitch-femme-aux-seaux-et-a-l-enfant-1910-1911.jpg\" alt=\"Mujer con cubos y ni\u00f1o, 1910-1911, Kasimir Malevitch, Amsterdam, Stedelijk Museum.\" class=\"wp-image-23221\" title=\"Mujer con cubos y ni\u00f1o, 1910-1911, Kasimir Malevitch\" srcset=\"https:\/\/www.aparences.net\/wp-content\/uploads\/2021\/03\/malevitch-femme-aux-seaux-et-a-l-enfant-1910-1911.jpg 442w, https:\/\/www.aparences.net\/wp-content\/uploads\/2021\/03\/malevitch-femme-aux-seaux-et-a-l-enfant-1910-1911-100x100.jpg 100w, https:\/\/www.aparences.net\/wp-content\/uploads\/2021\/03\/malevitch-femme-aux-seaux-et-a-l-enfant-1910-1911-160x161.jpg 160w, https:\/\/www.aparences.net\/wp-content\/uploads\/2021\/03\/malevitch-femme-aux-seaux-et-a-l-enfant-1910-1911-150x150.jpg 150w\" sizes=\"auto, (max-width: 442px) 100vw, 442px\" \/><figcaption class=\"wp-element-caption\"><em><strong>Mujer con cubos y ni\u00f1o<\/strong>, 1910-1911, <strong>Kasimir Malevitch<\/strong>, Amsterdam, Stedelijk Museum.<\/em><\/figcaption><\/figure>\n<\/div>\n\n\n<p>La obra m\u00e1s radical de Malevich de este periodo es <em>La cosecha del centeno<\/em>, que data de 1912, y fue presentada en una de las numerosas peque\u00f1as exposiciones, la que lleva el curioso nombre de Cola de asno. Aqu\u00ed toda la composici\u00f3n obedece a un ritmo cubo-din\u00e1mico sostenido. Los colores vivos de sus primeras obras \u00abcampesinas\u00bb han adquirido ahora un tono met\u00e1lico, inducido por el ritmo mec\u00e1nico de la obra, las formas son tabulares y los gestos de las figuras estilizados.<\/p>\n\n\n<div class=\"wp-block-image\">\n<figure class=\"aligncenter size-large\"><img loading=\"lazy\" decoding=\"async\" width=\"482\" height=\"460\" src=\"https:\/\/www.aparences.net\/wp-content\/uploads\/2021\/03\/malevitch-recolte-du-seigle-1912.jpg\" alt=\"La cosecha del centeno, 1912, Kasimir Malevitch, Amsterdam, Stedelijk Museum.\" class=\"wp-image-23312\" title=\"La cosecha del centeno, 1912, Kasimir Malevitch\" srcset=\"https:\/\/www.aparences.net\/wp-content\/uploads\/2021\/03\/malevitch-recolte-du-seigle-1912.jpg 482w, https:\/\/www.aparences.net\/wp-content\/uploads\/2021\/03\/malevitch-recolte-du-seigle-1912-160x153.jpg 160w\" sizes=\"auto, (max-width: 482px) 100vw, 482px\" \/><figcaption class=\"wp-element-caption\"><em><strong>La cosecha del centeno<\/strong>, 1912,<strong> Kasimir Malevitch<\/strong>, Amsterdam, Stedelijk Museum.<\/em><\/figcaption><\/figure>\n<\/div>\n\n\n<!-- AdBoxLeft2023 --><ins class=\"adsbygoogle\" style=\"display:block\" data-ad-client=\"ca-pub-2468002815867636\" data-ad-slot=\"1318022963\" data-ad-format=\"auto\" data-full-width-responsive=\"true\"><\/ins><script> (adsbygoogle = window.adsbygoogle || []).push({});<\/script><h2 class=\"wp-block-heading\">Per\u00edodo cubofuturista<\/h2>\n\n\n\n<p>En 1912, Malevitch expuso en Mosc\u00fa con el grupo Valet de Carreau y ese mismo a\u00f1o en M\u00fanich en la exposici\u00f3n \u00abblanco y negro\u00bb del <a href=\"https:\/\/www.aparences.net\/es\/periodos\/der-blaue-reiter\/\">Blaue Reiter<\/a>. <em>El le\u00f1ador<\/em> (1911) es la primera obra del <a href=\"https:\/\/www.aparences.net\/es\/periodos\/la-vanguardia-rusa\/el-cubofuturismo\/\">periodo cubofuturista<\/a> de Malevitch. Se present\u00f3 en 1912 en la exposici\u00f3n de la Uni\u00f3n de la Juventud en San Petersburgo. A excepci\u00f3n de <em>El le\u00f1ador<\/em>, las obras que Malevich expuso en Mosc\u00fa eran mucho m\u00e1s interesantes y radicales que las que present\u00f3 en San Petersburgo. S\u00f3lo fueron cinco, pero ellas solas sintetizan la progresi\u00f3n del cubofuturismo de Malevich. Se trata de <em>Mujer con cubos y ni\u00f1o<\/em>, <em>Cabeza de campesino<\/em>, <em>La cosecha<\/em> y, por supuesto, <em>El le\u00f1ador<\/em>. Este \u00faltimo cuadro es el resultado l\u00f3gico de este m\u00e9todo particular. La figura central se integra ahora en el fondo del cuadro mediante una serie de formas cil\u00edndricas articuladas din\u00e1micamente. Nos encontramos fuera del tiempo y del espacio, en un universo distinto del mundo natural. Sin embargo, una peque\u00f1a incoherencia contradice esta visi\u00f3n deshumanizada: la zapatilla discretamente realista en el pie izquierdo del le\u00f1ador.<\/p>\n\n\n<div class=\"wp-block-image\">\n<figure class=\"aligncenter size-large\"><img loading=\"lazy\" decoding=\"async\" width=\"349\" height=\"460\" src=\"https:\/\/www.aparences.net\/wp-content\/uploads\/2021\/03\/malevitch-le-bucheron-1912.jpg\" alt=\"El le\u00f1ador, 1912, Kasimir Malevitch, Amsterdam, Stedelijk Museum.\" class=\"wp-image-23225\" title=\"El le\u00f1ador, 1912, Kasimir Malevitch\" srcset=\"https:\/\/www.aparences.net\/wp-content\/uploads\/2021\/03\/malevitch-le-bucheron-1912.jpg 349w, https:\/\/www.aparences.net\/wp-content\/uploads\/2021\/03\/malevitch-le-bucheron-1912-160x211.jpg 160w\" sizes=\"auto, (max-width: 349px) 100vw, 349px\" \/><figcaption class=\"wp-element-caption\"><em><strong>El le\u00f1ador<\/strong>, 1912, <strong>Kasimir Malevitch<\/strong>, Amsterdam, Stedelijk Museum.<\/em><\/figcaption><\/figure>\n<\/div>\n\n\n<p>En los a\u00f1os 1912-1913, Malevitch sigui\u00f3 trabajando en este estilo cubofuturista. Las obras m\u00e1s importantes de este periodo se presentaron, junto con las obras de <a href=\"https:\/\/www.aparences.net\/es\/periodos\/la-vanguardia-rusa\/la-vanguardia-rusa-1908-1928\/#el-rayonismo\">estilo rayonista de Larionov y Goncharova<\/a>, en la exposici\u00f3n La uni\u00f3n de la juventud en noviembre de 1913. Poco a poco, el personaje mecanizado del Le\u00f1ador se transforma en un hombre mec\u00e1nico como el que aparece en <em>El afilador<\/em>. Desde una visi\u00f3n del mundo natural, subordinada a un ritmo mec\u00e1nico como en <em>Una ma\u00f1ana en el campo despu\u00e9s de la gran nevada<\/em>, llegamos a un mundo creado por una fuerza mec\u00e1nica m\u00e1s din\u00e1mica en <em>Mujer con cubos<\/em>. El <em>Retrato de Ivan Klioun<\/em> (1911) representa una mecanizaci\u00f3n perfecta del cerebro humano; <em>Cabeza de campesina<\/em> (1913) es una composici\u00f3n casi abstracta de elementos cil\u00edndricos. En esta obra, Malevitch supera al cubismo anal\u00edtico de L\u00e9ger en su enfoque l\u00f3gico de la construcci\u00f3n abstracta del cuadro.<\/p>\n\n\n<div class=\"wp-block-image\">\n<figure class=\"aligncenter size-large\"><img loading=\"lazy\" decoding=\"async\" width=\"461\" height=\"460\" src=\"https:\/\/www.aparences.net\/wp-content\/uploads\/2021\/03\/malevitch-matin-a-la-campagne-apres-une-tempete-de-neige-1912-1913.jpg\" alt=\"Una ma\u00f1ana en el campo despu\u00e9s de la gran nevada, 1912-1913, Kasimir Malevitch, Nueva York, Museo Guggenheim.\" class=\"wp-image-23227\" title=\"Una ma\u00f1ana en el campo despu\u00e9s de la gran nevada, 1912-1913, Kasimir Malevitch\" srcset=\"https:\/\/www.aparences.net\/wp-content\/uploads\/2021\/03\/malevitch-matin-a-la-campagne-apres-une-tempete-de-neige-1912-1913.jpg 461w, https:\/\/www.aparences.net\/wp-content\/uploads\/2021\/03\/malevitch-matin-a-la-campagne-apres-une-tempete-de-neige-1912-1913-100x100.jpg 100w, https:\/\/www.aparences.net\/wp-content\/uploads\/2021\/03\/malevitch-matin-a-la-campagne-apres-une-tempete-de-neige-1912-1913-160x160.jpg 160w, https:\/\/www.aparences.net\/wp-content\/uploads\/2021\/03\/malevitch-matin-a-la-campagne-apres-une-tempete-de-neige-1912-1913-150x150.jpg 150w\" sizes=\"auto, (max-width: 461px) 100vw, 461px\" \/><figcaption class=\"wp-element-caption\"><em><strong>Una ma\u00f1ana en el campo despu\u00e9s de la gran nevada<\/strong>, 1912-1913, <strong>Kasimir Malevitch<\/strong>, Nueva York, Museo Guggenheim.<\/em><\/figcaption><\/figure>\n<\/div>\n\n<div class=\"wp-block-image\">\n<figure class=\"aligncenter size-large\"><img loading=\"lazy\" decoding=\"async\" width=\"461\" height=\"458\" src=\"https:\/\/www.aparences.net\/wp-content\/uploads\/2021\/03\/malevitch-femme-aux-seaux-1912-13.jpg\" alt=\"Mujer con cubos, 1912-1913, Kasimir Malevitch, Nueva York, Museo de Arte Moderno (MoMA).\" class=\"wp-image-23229\" title=\"Mujer con cubos, 1912-1913, Kasimir Malevitch\" srcset=\"https:\/\/www.aparences.net\/wp-content\/uploads\/2021\/03\/malevitch-femme-aux-seaux-1912-13.jpg 461w, https:\/\/www.aparences.net\/wp-content\/uploads\/2021\/03\/malevitch-femme-aux-seaux-1912-13-100x100.jpg 100w, https:\/\/www.aparences.net\/wp-content\/uploads\/2021\/03\/malevitch-femme-aux-seaux-1912-13-160x159.jpg 160w, https:\/\/www.aparences.net\/wp-content\/uploads\/2021\/03\/malevitch-femme-aux-seaux-1912-13-150x150.jpg 150w\" sizes=\"auto, (max-width: 461px) 100vw, 461px\" \/><figcaption class=\"wp-element-caption\"><em><strong>Mujer con cubos<\/strong>, 1912-1913, <strong>Kasimir Malevitch<\/strong>, Nueva York, Museo de Arte Moderno (MoMA).<\/em><\/figcaption><\/figure>\n<\/div>\n\n\n<p>Las obras cubofuturistas de Malevitch presentan m\u00e1s de una analog\u00eda con la obra de <strong>L\u00e9ger<\/strong> de la misma \u00e9poca, como <em>La Femme en bleu<\/em> de 1912. Con toda seguridad, Malevich vio este cuadro cuando se expuso en Mosc\u00fa en 1912, y su asiduidad en la lectura de revistas de arte sin duda lo familiariz\u00f3 con la obra de L\u00e9ger en su conjunto. En <em>L\u2019escalier<\/em> de 1914, este \u00faltimo se acerca bastante a las ideas de Malevich y tiene algunas similitudes con <em>El afilador<\/em> de 1912 pero, como indican las fechas, Malevich hab\u00eda llegado a esta etapa dos a\u00f1os antes que L\u00e9ger. La forma en que L\u00e9ger ejecuta sus cuadros es profundamente diferente a la de Malevitch en aquella \u00e9poca (1909-1914). Sus trazos, aplicados con moderaci\u00f3n, son ligeros y hacen gala de cierta elegancia francesa. Malevitch, por el contrario, no tiene ninguna elegancia: sus colores intensos y profundos se aplican con un ritmo denso y regular en toda la superficie del lienzo.<\/p>\n\n\n<div class=\"wp-block-image\">\n<figure class=\"aligncenter size-large\"><img loading=\"lazy\" decoding=\"async\" width=\"461\" height=\"463\" src=\"https:\/\/www.aparences.net\/wp-content\/uploads\/2021\/03\/malevitch-le-remouleur-1912-yale.jpg\" alt=\"El afilador, 1912, Kasimir Malevitch, Yale University Art Gallery.\" class=\"wp-image-23231\" title=\"El afilador, 1912, Kasimir Malevitch\" srcset=\"https:\/\/www.aparences.net\/wp-content\/uploads\/2021\/03\/malevitch-le-remouleur-1912-yale.jpg 461w, https:\/\/www.aparences.net\/wp-content\/uploads\/2021\/03\/malevitch-le-remouleur-1912-yale-100x100.jpg 100w, https:\/\/www.aparences.net\/wp-content\/uploads\/2021\/03\/malevitch-le-remouleur-1912-yale-160x161.jpg 160w, https:\/\/www.aparences.net\/wp-content\/uploads\/2021\/03\/malevitch-le-remouleur-1912-yale-150x150.jpg 150w\" sizes=\"auto, (max-width: 461px) 100vw, 461px\" \/><figcaption class=\"wp-element-caption\"><em><strong>El afilador<\/strong>, 1912, <strong>Kasimir Malevitch<\/strong>, Yale University Art Gallery.<\/em><\/figcaption><\/figure>\n<\/div>\n\n\n<p>Hacia finales de 1913, la influencia del <a href=\"https:\/\/www.aparences.net\/es\/periodos\/arte-moderno\/cubismo\/#cubismo-sint%C3%A9tico\">cubismo sint\u00e9tico<\/a> de <strong>Picasso<\/strong> y <strong>Braque<\/strong> comenz\u00f3 a manifestarse en la obra de Malevitch, que pronto abandon\u00f3 <a href=\"https:\/\/www.aparences.net\/es\/periodos\/la-vanguardia-rusa\/el-cubofuturismo\/\">el cubofuturismo<\/a> y dio un giro radical a sus colores. Al igual que Braque y Picasso, introdujo peque\u00f1os detalles realistas, como el hombre con bomb\u00edn en <em>Mujer en el tranv\u00eda<\/em> de 1913 o las estrellas en la gorra de <em>El Guardia<\/em>. A partir de 1914, estos efectos alcanzaron proporciones surrealistas. Letras enormes, que forman fragmentos de palabras como en el cuadro <em>Un ingl\u00e9s en Mosc\u00fa<\/em> y van acompa\u00f1adas de toda una serie de objetos heterog\u00e9neos: una diminuta iglesia rusa que muerde un enorme pez que medio oculta el rostro del ingl\u00e9s quien lleva encima del hombro a modo de charretera suelta, la inscripci\u00f3n \u00abClub de h\u00edpica\u00bb; el exquisito dise\u00f1o de la vela encendida en un candelabro que cuelga en el aire, la escalera peligrosamente inclinada, la espada abrazando a la vela, el pez escupiendo fuego\u2026 todo est\u00e1 patas arriba y descrito de forma ir\u00f3nica y burlona en lo que podr\u00eda llamarse un protodad\u00e1.<\/p>\n\n\n<div class=\"wp-block-image\">\n<figure class=\"aligncenter size-large\"><img loading=\"lazy\" decoding=\"async\" width=\"296\" height=\"460\" src=\"https:\/\/www.aparences.net\/wp-content\/uploads\/2021\/03\/malevitch-un-anglais-a-moscou-1914.jpg\" alt=\"Un ingl\u00e9s en Mosc\u00fa, 1914, Kasimir Malevitch, Amsterdam, Stedelijk Museum.\" class=\"wp-image-23235\" title=\"Un ingl\u00e9s en Mosc\u00fa, 1914, Kasimir Malevitch\" srcset=\"https:\/\/www.aparences.net\/wp-content\/uploads\/2021\/03\/malevitch-un-anglais-a-moscou-1914.jpg 296w, https:\/\/www.aparences.net\/wp-content\/uploads\/2021\/03\/malevitch-un-anglais-a-moscou-1914-160x249.jpg 160w\" sizes=\"auto, (max-width: 296px) 100vw, 296px\" \/><figcaption class=\"wp-element-caption\"><em><strong>Un ingl\u00e9s en Mosc\u00fa<\/strong>, 1914, <strong>Kasimir Malevitch<\/strong>, Amsterdam, Stedelijk Museum.<\/em><\/figcaption><\/figure>\n<\/div>\n\n\n<h2 class=\"wp-block-heading\">Per\u00edodo suprematista<\/h2>\n\n\n\n<p>Es probable que, como \u00e9l mismo afirm\u00f3, Malevitch comenzara a desarrollar su sistema suprematista en 1913. No es menos dif\u00edcil determinar la fecha exacta de la ejecuci\u00f3n del <em>Cuadrado negro<\/em>. El hecho de que s\u00f3lo haya sido expuesto a finales de 1915 no prueba en absoluto que sea de ese a\u00f1o. Malevich no expon\u00eda las obras m\u00e1s revolucionarias nada m\u00e1s terminarlas, sino todo lo contrario. Sus cuadros cubofuturistas, por ejemplo, se expusieron casi todos un a\u00f1o o  dos despu\u00e9s de su realizaci\u00f3n. Sin embargo, no fue hasta diciembre de 1915, en la segunda exposici\u00f3n que reun\u00eda a todos los artistas de las escuelas de pintura abstracta, titulada \u00ab0,10\u00bb, que Malevich proclam\u00f3 su sistema suprematista. Present\u00f3 un total de 35 obras abstractas, ninguna de las cuales fue calificada de \u00absuprematista\u00bb en el cat\u00e1logo. Malevich lo explic\u00f3 as\u00ed: \u00abAl poner nombre a algunos de estos cuadros, no quer\u00eda indicar la forma que deb\u00eda buscarse en ellos, sino se\u00f1alar que las formas reales sirvieron de base a las masas informes que componen un cuadro sin ninguna relaci\u00f3n con las formas existentes en la naturaleza.\u00bb <em>Cuadrado negro<\/em> iba en cabeza de lista. Al <em>Cuadrado negro sobre fondo blanco<\/em> le sigui\u00f3 <em>C\u00edrculo negro<\/em>, a los que sucedieron dos cuadrados id\u00e9nticos y sim\u00e9tricos. A continuaci\u00f3n, introduce el color rojo y el cuadrado negro se desplaza hacia la izquierda, mientras un cuadrado rojo m\u00e1s peque\u00f1o se desplaza a lo largo de un eje diagonal. Este eje din\u00e1mico se conservar\u00e1 desde ahora como elemento fundamental.<\/p>\n\n\n<div class=\"wp-block-image\">\n<figure class=\"aligncenter size-large\"><img loading=\"lazy\" decoding=\"async\" width=\"610\" height=\"308\" src=\"https:\/\/www.aparences.net\/wp-content\/uploads\/2021\/03\/malevitch-carre-noir-cercle-noir-1913.jpg\" alt=\"Cuadrado negro; C\u00edrculo negro, ca. 1913, Kasimir Malevitch, San Petersburgo, Museo Ruso.\" class=\"wp-image-23237\" title=\"Cuadrado negro; C\u00edrculo negro, ca. 1913, Kasimir Malevitch\" srcset=\"https:\/\/www.aparences.net\/wp-content\/uploads\/2021\/03\/malevitch-carre-noir-cercle-noir-1913.jpg 610w, https:\/\/www.aparences.net\/wp-content\/uploads\/2021\/03\/malevitch-carre-noir-cercle-noir-1913-160x81.jpg 160w\" sizes=\"auto, (max-width: 610px) 100vw, 610px\" \/><figcaption class=\"wp-element-caption\"><em><strong>Cuadrado negro<\/strong>; <strong>C\u00edrculo negro<\/strong>, ca. 1913, <strong>Kasimir Malevitch<\/strong>, San Petersburgo, Museo Ruso.<\/em><\/figcaption><\/figure>\n<\/div>\n\n\n<p>Simples barras rectangulares rojas y negras, y luego azules y verdes, contin\u00faan este movimiento. El rect\u00e1ngulo se convierte en un trapecio; la diagonal se repite en un segundo eje y, gracias a la repetici\u00f3n de un elemento a dos escalas, se reintroduce el espacio. A partir de estos elementos geom\u00e9tricos b\u00e1sicos se produce una sencilla progresi\u00f3n; primero se pintan en blanco y negro, luego se introduce de nuevo el rojo, el amarillo, el verde y el azul, y la gama de colores cubofuturistas vuelve a estar presente.<\/p>\n\n\n<div class=\"wp-block-image\">\n<figure class=\"aligncenter size-large\"><img loading=\"lazy\" decoding=\"async\" width=\"211\" height=\"460\" src=\"https:\/\/www.aparences.net\/wp-content\/uploads\/2021\/03\/malevitch-maison-en-construction-1915-16.jpg\" alt=\"Casa en construcci\u00f3n, 1914-1915, Kasimir Malevitch, Canberra, Australian National Gallery.\" class=\"wp-image-23239\" title=\"Casa en construcci\u00f3n, 1914-1915, Kasimir Malevitch\" srcset=\"https:\/\/www.aparences.net\/wp-content\/uploads\/2021\/03\/malevitch-maison-en-construction-1915-16.jpg 211w, https:\/\/www.aparences.net\/wp-content\/uploads\/2021\/03\/malevitch-maison-en-construction-1915-16-160x349.jpg 160w\" sizes=\"auto, (max-width: 211px) 100vw, 211px\" \/><figcaption class=\"wp-element-caption\"><em><strong>Casa en construcci\u00f3n<\/strong>, 1914-1915, <strong>Kasimir Malevitch<\/strong>, Canberra, Australian National Gallery.<\/em><\/figcaption><\/figure>\n<\/div>\n\n<div class=\"wp-block-image\">\n<figure class=\"aligncenter size-large\"><img loading=\"lazy\" decoding=\"async\" width=\"624\" height=\"365\" src=\"https:\/\/www.aparences.net\/wp-content\/uploads\/2021\/03\/malevitch-deux-tableaux-suprematistes.jpg\" alt=\"Suprematismo 18, ca. 1914; Suprematismo, 1917, Kasimir Malevitch\" class=\"wp-image-23241\" title=\"Suprematismo 18, ca. 1914; Suprematismo, 1917, Kasimir Malevitch\" srcset=\"https:\/\/www.aparences.net\/wp-content\/uploads\/2021\/03\/malevitch-deux-tableaux-suprematistes.jpg 624w, https:\/\/www.aparences.net\/wp-content\/uploads\/2021\/03\/malevitch-deux-tableaux-suprematistes-160x94.jpg 160w\" sizes=\"auto, (max-width: 624px) 100vw, 624px\" \/><figcaption class=\"wp-element-caption\"><em><strong>Suprematismo 18<\/strong>, ca. 1914, \u00c1msterdam, Stedelijk Museum; <strong>Suprematismo<\/strong>, 1917, <strong>Kasimir Malevitch<\/strong>, Nueva York, Museum of Modern Art (MoMA).<\/em><\/figcaption><\/figure>\n<\/div>\n\n\n<p>Hacia 1916, Malevitch comenz\u00f3 a introducir tonos m\u00e1s complejos -marr\u00f3n, rosa, malva-, a elaborar formas m\u00e1s complicadas -un c\u00edrculo cortado, peque\u00f1as formas de flecha-, as\u00ed como relaciones m\u00e1s ricas -corte, repetici\u00f3n, superposici\u00f3n, oscurecimiento-, produciendo una tercera dimensi\u00f3n. Formas m\u00e1s suaves, p\u00e1lidas y casi inmateriales son caracter\u00edsticas de sus obras supremacistas m\u00e1s tard\u00edas, que ahora carecen del elemento de \u00abpropaganda patri\u00f3tica\u00bb. La claridad y concreci\u00f3n iniciales, basadas en entidades crom\u00e1ticas y formas cerradas, contrastan ahora con estas sombras redondeadas y casi desafiantes. Se trata de un nuevo elemento m\u00edstico descrito por Malevich como una sensaci\u00f3n de infinito, un espacio desprovisto de forma humana.<\/p>\n\n\n<div class=\"wp-block-image\">\n<figure class=\"aligncenter size-large\"><img loading=\"lazy\" decoding=\"async\" width=\"410\" height=\"460\" src=\"https:\/\/www.aparences.net\/wp-content\/uploads\/2021\/03\/malevich-suprematisme-supremus-56.jpg\" alt=\"Suprematismo (Supremus n\u00ba 56), 1916, Kasimir Malevitch, San Petersburgo, Museo Ruso.\" class=\"wp-image-23243\" title=\"Suprematismo (Supremus n\u00ba 56), 1916, Kasimir Malevitch\" srcset=\"https:\/\/www.aparences.net\/wp-content\/uploads\/2021\/03\/malevich-suprematisme-supremus-56.jpg 410w, https:\/\/www.aparences.net\/wp-content\/uploads\/2021\/03\/malevich-suprematisme-supremus-56-160x180.jpg 160w\" sizes=\"auto, (max-width: 410px) 100vw, 410px\" \/><figcaption class=\"wp-element-caption\"><em><strong>Suprematismo (Supremus n\u00ba 56)<\/strong>, 1916, <strong>Kasimir Malevitch<\/strong>, San Petersburgo, Museo Ruso.<\/em><\/figcaption><\/figure>\n<\/div>\n\n\n<p>Despu\u00e9s de la <a href=\"https:\/\/es.wikipedia.org\/wiki\/Revoluci%C3%B3n_de_Octubre\">Revoluci\u00f3n de Octubre<\/a>, cuando los artistas sovi\u00e9ticos trataron de hacer contribuciones espec\u00edficas a la construcci\u00f3n de una nueva realidad, Malevich dej\u00f3 casi de pintar y se dedic\u00f3 al dise\u00f1o de estructuras suprematistas y viviendas ideales como parte de su intensa actividad did\u00e1ctica en Mosc\u00fa y Vitebsk (1919-1922) y, en 1924, como director del Instituto para el Estudio de la Cultura Art\u00edstica en Leningrado. La ense\u00f1anza de Malevich pretende difundir una \u00abnueva sensibilidad\u00bb en relaci\u00f3n con el gran cambio econ\u00f3mico y social, el cual debe continuar mediante el uso de una l\u00f3gica liberada de los viejos puntos de referencia bas\u00e1ndose en el uso de las tecnolog\u00edas m\u00e1s modernas.<\/p>\n\n\n<div class=\"wp-block-image\">\n<figure class=\"aligncenter size-large\"><img loading=\"lazy\" decoding=\"async\" width=\"301\" height=\"460\" src=\"https:\/\/www.aparences.net\/wp-content\/uploads\/2021\/03\/malevitch-gota-2-a-1923-1927.jpg\" alt=\"Gota 2-a, 1923-27, Kasimir Malevitch, reconstituci\u00f3n del Architectone de Malevitch por Paul Pedersen en 1978, Par\u00eds, Centro Pompidou.\" class=\"wp-image-23247\" title=\"Gota 2-a, 1923-27, Kasimir Malevitch\" srcset=\"https:\/\/www.aparences.net\/wp-content\/uploads\/2021\/03\/malevitch-gota-2-a-1923-1927.jpg 301w, https:\/\/www.aparences.net\/wp-content\/uploads\/2021\/03\/malevitch-gota-2-a-1923-1927-160x245.jpg 160w\" sizes=\"auto, (max-width: 301px) 100vw, 301px\" \/><figcaption class=\"wp-element-caption\"><em><strong>Gota 2-a<\/strong>, 1923-27, Kasimir Malevitch, reconstituci\u00f3n del Architectone de Malevitch por Paul Pedersen en 1978, Par\u00eds, Centro Pompidou.<\/em><\/figcaption><\/figure>\n<\/div>\n\n\n<!-- AfterArticle2023 --><ins class=\"adsbygoogle\"     style=\"display:block;margin-bottom:5px;\"     data-ad-client=\"ca-pub-2468002815867636\"     data-ad-slot=\"3955176166\"     data-ad-format=\"auto\"     data-full-width-responsive=\"true\"><\/ins><script> (adsbygoogle = window.adsbygoogle || []).push({});<\/script><h2 class=\"wp-block-heading\">\u00daltimas obras<\/h2>\n\n\n\n<p>Entre 1928 y 1932, Malevitch utiliz\u00f3 un vocabulario formal del suprematismo para realizar de nuevo cuadros de tem\u00e1tica campesina. Es dif\u00edcil entender las razones de este cambio, pero parece que fue impuesto por el poder pol\u00edtico. La importancia que el artista concede al mundo rural y a la religiosidad que lo anima, se manifiesta tanto en sus textos como en sus cuadros, que adquieren la apariencia de iconos. Entre 1932 y 1934, Malevitch tambi\u00e9n realiz\u00f3 retratos en los que introdujo el modelado. En su propio <em>Autorretrato<\/em> (San Petersburgo, Museo Ruso), va vestido como un hombre del Renacimiento, pero un cuadrado negro sobre fondo blanco le sirve de firma.<\/p>\n\n\n<div class=\"wp-block-image\">\n<figure class=\"aligncenter size-large\"><img loading=\"lazy\" decoding=\"async\" width=\"389\" height=\"460\" src=\"https:\/\/www.aparences.net\/wp-content\/uploads\/2021\/03\/malevitch-jeune-fille-avec-peigne-aux-cheveux-1932-33.jpg\" alt=\"Chica con peine, 1932-33, Kasimir Malevitch, Mosc\u00fa, Galer\u00eda Tretiakov.\" class=\"wp-image-23249\" title=\"Chica con peine, 1932-33, Kasimir Malevitch\" srcset=\"https:\/\/www.aparences.net\/wp-content\/uploads\/2021\/03\/malevitch-jeune-fille-avec-peigne-aux-cheveux-1932-33.jpg 389w, https:\/\/www.aparences.net\/wp-content\/uploads\/2021\/03\/malevitch-jeune-fille-avec-peigne-aux-cheveux-1932-33-160x189.jpg 160w\" sizes=\"auto, (max-width: 389px) 100vw, 389px\" \/><figcaption class=\"wp-element-caption\"><em><strong>Chica con peine<\/strong>, 1932-33, <strong>Kasimir Malevitch<\/strong>, Mosc\u00fa, Galer\u00eda Tretiakov.<\/em><\/figcaption><\/figure>\n<\/div>\n\n<div class=\"wp-block-image\">\n<figure class=\"aligncenter size-large\"><img loading=\"lazy\" decoding=\"async\" width=\"512\" height=\"439\" src=\"https:\/\/www.aparences.net\/wp-content\/uploads\/2021\/03\/malevitch-jeunes-filles-aux-champs.jpg\" alt=\"J\u00f3venes en el campo, 1928-32, Kasimir Malevitch, San Petersburgo, Museo Ruso.\" class=\"wp-image-23316\" title=\"J\u00f3venes en el campo, 1928-32, Kasimir Malevitch\" srcset=\"https:\/\/www.aparences.net\/wp-content\/uploads\/2021\/03\/malevitch-jeunes-filles-aux-champs.jpg 512w, https:\/\/www.aparences.net\/wp-content\/uploads\/2021\/03\/malevitch-jeunes-filles-aux-champs-160x137.jpg 160w\" sizes=\"auto, (max-width: 512px) 100vw, 512px\" \/><figcaption class=\"wp-element-caption\"><em><strong>J\u00f3venes en el campo<\/strong>, 1928-32, <strong>Kasimir Malevitch<\/strong>, San Petersburgo, Museo Ruso.<\/em><\/figcaption><\/figure>\n<\/div>\n\n<div class=\"wp-block-image\">\n<figure class=\"aligncenter size-large\"><img loading=\"lazy\" decoding=\"async\" width=\"345\" height=\"460\" src=\"https:\/\/www.aparences.net\/wp-content\/uploads\/2021\/03\/malevitch-vers-les-vendanges-1928-29.jpg\" alt=\"En la vendimia, Marta y Vanka, 1928-1929, Kasimir Malevitch, San Petersburgo, Museo Ruso.\" class=\"wp-image-23251\" title=\"En la vendimia, Marta y Vanka, 1928-1929, Kasimir Malevitch\" srcset=\"https:\/\/www.aparences.net\/wp-content\/uploads\/2021\/03\/malevitch-vers-les-vendanges-1928-29.jpg 345w, https:\/\/www.aparences.net\/wp-content\/uploads\/2021\/03\/malevitch-vers-les-vendanges-1928-29-160x213.jpg 160w\" sizes=\"auto, (max-width: 345px) 100vw, 345px\" \/><figcaption class=\"wp-element-caption\"><em><strong>En la vendimia, Marta y Vanka<\/strong>, 1928-1929, <strong>Kasimir Malevitch<\/strong>, San Petersburgo, Museo Ruso.<\/em><\/figcaption><\/figure>\n<\/div>\n\n\n<p>A pesar de las acusaciones de misticismo de los <a href=\"https:\/\/es.wikipedia.org\/wiki\/Constructivismo_(arte)\">constructivistas<\/a> contra Malevitch y en concreto a su mito ut\u00f3pico interplanetario de un \u00abnuevo mundo suprematista\u00bb, las investigaciones de Malevich tuvieron una gran influencia en la vanguardia art\u00edstica europea de los a\u00f1os veinte: en Holanda, con Van Doesburg y Mondrian; en Alemania, con la exposici\u00f3n de Berl\u00edn de 1927 y la publicaci\u00f3n, en la colecci\u00f3n de libros de <a href=\"https:\/\/www.aparences.net\/es\/tematicos\/los-artistas-de-la-bauhaus\/la-escuela-de-arte-de-la-bauhaus\/\">la Bauhaus<\/a>, de <em>El mundo no objet<\/em>ivo (el mismo a\u00f1o de la publicaci\u00f3n de <em>Punto y linea sobre el plano<\/em> de <a href=\"https:\/\/www.aparences.net\/es\/periodos\/la-vanguardia-rusa\/wassily-kandinsky-en-la-bauhaus\/\">Kandinsky en la Bauhaus<\/a>). En la Uni\u00f3n Sovi\u00e9tica, sin embargo, los experimentos art\u00edsticos chocaban ahora con la pol\u00edtica cultural estalinista; en sus \u00faltimos a\u00f1os, Malevich (que hab\u00eda sido detenido en 1930) vuelve a expresiones figurativas m\u00e1s acordes con el gusto oficial. Su obra, casi olvidada tras las exposiciones de Varsovia y Berl\u00edn, fue redescubierta a finales de la d\u00e9cada de 1950; gran parte de sus cuadros se conservan en el Museo Stedelijk de \u00c1msterdam.<\/p>\n\n\n<div class=\"wp-block-image\">\n<figure class=\"aligncenter size-large\"><img loading=\"lazy\" decoding=\"async\" width=\"328\" height=\"458\" src=\"https:\/\/www.aparences.net\/wp-content\/uploads\/2021\/03\/malevitch-tete-de-paysan-1928-30.jpg\" alt=\"Cabeza de campesino, c. 1928-1930, Kasimir Malevitch, San Petersburgo, Museo Ruso.\" class=\"wp-image-23253\" title=\"Cabeza de campesino, c. 1928-1930, Kasimir Malevitch\" srcset=\"https:\/\/www.aparences.net\/wp-content\/uploads\/2021\/03\/malevitch-tete-de-paysan-1928-30.jpg 328w, https:\/\/www.aparences.net\/wp-content\/uploads\/2021\/03\/malevitch-tete-de-paysan-1928-30-160x223.jpg 160w\" sizes=\"auto, (max-width: 328px) 100vw, 328px\" \/><figcaption class=\"wp-element-caption\"><em><strong>Cabeza de campesino<\/strong>, c. 1928-1930, <strong>Kasimir Malevitch<\/strong>, San Petersburgo, Museo Ruso.<\/em><\/figcaption><\/figure>\n<\/div>\n\n<p><!-- \/wp:post-content --><\/p>\n<p><!-- wp:separator --><\/p>\n<hr class=\"wp-block-separator\"><!-- \/wp:separator --><\/p>\n<p><!-- wp:heading {\"level\":4} --><\/p>\n<h4>Bibliograf\u00eda<\/h4>\n<p><!-- \/wp:heading --><\/p>\n<p><!-- wp:paragraph --><\/p>\n<p>Nakov, Andrei. <em>L\u2019Avant-garde russe<\/em>. Hazan, 2001<br \/>Collectif. <em>La Russie et les avant-gardes, 1908-1928<\/em>. Cat. exposition. 2003<br \/>Gray, Camille. <em>L&#8217;Avant-garde russe<\/em>. Thames &amp; Hudson. 2003<br \/>Marcad\u00e9, Jean-Claude. <em>L&#8217;Avant-garde russe, 1907-1927<\/em>. Flammarion, 2004<br \/>Dulguerova, E. <em>Usages et utopies : L&#8217;avant-garde russe pr\u00e9r\u00e9volutionnaire<\/em>. Presses du R\u00e9el, 2015<\/p>\n<p><!-- \/wp:paragraph --><\/p>","protected":false},"excerpt":{"rendered":"<p>Malevitch comenzara a desarrollar su sistema suprematista hacia 1913 con la ejecuci\u00f3n de la obra Cuadrado negro.<\/p>\n","protected":false},"author":2,"featured_media":23314,"comment_status":"closed","ping_status":"closed","sticky":false,"template":"","format":"standard","meta":{"footnotes":""},"categories":[5485],"tags":[5494,5331,5515,2953,5499],"class_list":["post-23255","post","type-post","status-publish","format-standard","has-post-thumbnail","hentry","category-la-vanguardia-rusa","tag-cubofuturismo","tag-kasimir-malevitch","tag-neoprimitivismo-ruso","tag-suprematismo","tag-vanguardia-rusa"],"yoast_head":"<!-- This site is optimized with the Yoast SEO plugin v27.2 - https:\/\/yoast.com\/product\/yoast-seo-wordpress\/ -->\n<title>Kasimir Malevitch: biograf\u00eda y obras<\/title>\n<meta name=\"description\" content=\"Malevitch comenzara a desarrollar su sistema suprematista hacia 1913 con la ejecuci\u00f3n de la obra Cuadrado negro.\" \/>\n<meta name=\"robots\" content=\"index, follow, max-snippet:-1, max-image-preview:large, max-video-preview:-1\" \/>\n<link rel=\"canonical\" href=\"https:\/\/www.aparences.net\/es\/periodos\/la-vanguardia-rusa\/kasimir-malevitch-biografia-y-obras\/\" \/>\n<meta property=\"og:locale\" content=\"es_ES\" \/>\n<meta property=\"og:type\" content=\"article\" \/>\n<meta property=\"og:title\" content=\"Kasimir Malevitch: biograf\u00eda y obras\" \/>\n<meta property=\"og:description\" content=\"Malevitch comenzara a desarrollar su sistema suprematista hacia 1913 con la ejecuci\u00f3n de la obra Cuadrado negro.\" \/>\n<meta property=\"og:url\" content=\"https:\/\/www.aparences.net\/es\/periodos\/la-vanguardia-rusa\/kasimir-malevitch-biografia-y-obras\/\" \/>\n<meta property=\"og:site_name\" content=\"Aparences\" \/>\n<meta property=\"article:published_time\" content=\"2021-04-14T15:28:50+00:00\" \/>\n<meta property=\"article:modified_time\" content=\"2025-12-11T18:40:55+00:00\" \/>\n<meta property=\"og:image\" content=\"https:\/\/www.aparences.net\/wp-content\/uploads\/2021\/03\/kasimir-malevitch.jpg\" \/>\n\t<meta property=\"og:image:width\" content=\"1080\" \/>\n\t<meta property=\"og:image:height\" content=\"540\" \/>\n\t<meta property=\"og:image:type\" content=\"image\/jpeg\" \/>\n<meta name=\"author\" content=\"admin\" \/>\n<meta name=\"twitter:card\" content=\"summary_large_image\" \/>\n<meta name=\"twitter:label1\" content=\"Escrito por\" \/>\n\t<meta name=\"twitter:data1\" content=\"admin\" \/>\n\t<meta name=\"twitter:label2\" content=\"Tiempo de lectura\" \/>\n\t<meta name=\"twitter:data2\" content=\"15 minutos\" \/>\n<script type=\"application\/ld+json\" class=\"yoast-schema-graph\">{\"@context\":\"https:\/\/schema.org\",\"@graph\":[{\"@type\":\"Article\",\"@id\":\"https:\/\/www.aparences.net\/es\/periodos\/la-vanguardia-rusa\/kasimir-malevitch-biografia-y-obras\/#article\",\"isPartOf\":{\"@id\":\"https:\/\/www.aparences.net\/es\/periodos\/la-vanguardia-rusa\/kasimir-malevitch-biografia-y-obras\/\"},\"author\":{\"name\":\"admin\",\"@id\":\"https:\/\/www.aparences.net\/es\/#\/schema\/person\/af349f6ffc31b16c68963e61268afca5\"},\"headline\":\"Kasimir Malevitch: biograf\u00eda y obras\",\"datePublished\":\"2021-04-14T15:28:50+00:00\",\"dateModified\":\"2025-12-11T18:40:55+00:00\",\"mainEntityOfPage\":{\"@id\":\"https:\/\/www.aparences.net\/es\/periodos\/la-vanguardia-rusa\/kasimir-malevitch-biografia-y-obras\/\"},\"wordCount\":2465,\"publisher\":{\"@id\":\"https:\/\/www.aparences.net\/es\/#organization\"},\"image\":{\"@id\":\"https:\/\/www.aparences.net\/es\/periodos\/la-vanguardia-rusa\/kasimir-malevitch-biografia-y-obras\/#primaryimage\"},\"thumbnailUrl\":\"https:\/\/www.aparences.net\/wp-content\/uploads\/2021\/03\/kasimir-malevitch.jpg\",\"keywords\":[\"Cubofuturismo\",\"Kasimir Malevitch\",\"neoprimitivismo ruso\",\"suprematismo\",\"vanguardia rusa\"],\"articleSection\":[\"La vanguardia rusa\"],\"inLanguage\":\"es\"},{\"@type\":[\"WebPage\",\"ItemPage\"],\"@id\":\"https:\/\/www.aparences.net\/es\/periodos\/la-vanguardia-rusa\/kasimir-malevitch-biografia-y-obras\/\",\"url\":\"https:\/\/www.aparences.net\/es\/periodos\/la-vanguardia-rusa\/kasimir-malevitch-biografia-y-obras\/\",\"name\":\"Kasimir Malevitch: biograf\u00eda y obras\",\"isPartOf\":{\"@id\":\"https:\/\/www.aparences.net\/es\/#website\"},\"primaryImageOfPage\":{\"@id\":\"https:\/\/www.aparences.net\/es\/periodos\/la-vanguardia-rusa\/kasimir-malevitch-biografia-y-obras\/#primaryimage\"},\"image\":{\"@id\":\"https:\/\/www.aparences.net\/es\/periodos\/la-vanguardia-rusa\/kasimir-malevitch-biografia-y-obras\/#primaryimage\"},\"thumbnailUrl\":\"https:\/\/www.aparences.net\/wp-content\/uploads\/2021\/03\/kasimir-malevitch.jpg\",\"datePublished\":\"2021-04-14T15:28:50+00:00\",\"dateModified\":\"2025-12-11T18:40:55+00:00\",\"description\":\"Malevitch comenzara a desarrollar su sistema suprematista hacia 1913 con la ejecuci\u00f3n de la obra Cuadrado negro.\",\"breadcrumb\":{\"@id\":\"https:\/\/www.aparences.net\/es\/periodos\/la-vanguardia-rusa\/kasimir-malevitch-biografia-y-obras\/#breadcrumb\"},\"inLanguage\":\"es\",\"potentialAction\":[{\"@type\":\"ReadAction\",\"target\":[\"https:\/\/www.aparences.net\/es\/periodos\/la-vanguardia-rusa\/kasimir-malevitch-biografia-y-obras\/\"]}]},{\"@type\":\"ImageObject\",\"inLanguage\":\"es\",\"@id\":\"https:\/\/www.aparences.net\/es\/periodos\/la-vanguardia-rusa\/kasimir-malevitch-biografia-y-obras\/#primaryimage\",\"url\":\"https:\/\/www.aparences.net\/wp-content\/uploads\/2021\/03\/kasimir-malevitch.jpg\",\"contentUrl\":\"https:\/\/www.aparences.net\/wp-content\/uploads\/2021\/03\/kasimir-malevitch.jpg\",\"width\":1080,\"height\":540},{\"@type\":\"BreadcrumbList\",\"@id\":\"https:\/\/www.aparences.net\/es\/periodos\/la-vanguardia-rusa\/kasimir-malevitch-biografia-y-obras\/#breadcrumb\",\"itemListElement\":[{\"@type\":\"ListItem\",\"position\":1,\"name\":\"Portada\",\"item\":\"https:\/\/www.aparences.net\/es\/\"},{\"@type\":\"ListItem\",\"position\":2,\"name\":\"Kasimir Malevitch: biograf\u00eda y obras\"}]},{\"@type\":\"WebSite\",\"@id\":\"https:\/\/www.aparences.net\/es\/#website\",\"url\":\"https:\/\/www.aparences.net\/es\/\",\"name\":\"Aparences: Historia del Arte y Actualidad Cultural\",\"description\":\"\",\"publisher\":{\"@id\":\"https:\/\/www.aparences.net\/es\/#organization\"},\"potentialAction\":[{\"@type\":\"SearchAction\",\"target\":{\"@type\":\"EntryPoint\",\"urlTemplate\":\"https:\/\/www.aparences.net\/es\/?s={search_term_string}\"},\"query-input\":{\"@type\":\"PropertyValueSpecification\",\"valueRequired\":true,\"valueName\":\"search_term_string\"}}],\"inLanguage\":\"es\"},{\"@type\":\"Organization\",\"@id\":\"https:\/\/www.aparences.net\/es\/#organization\",\"name\":\"Aparences: Historia del Arte y Actualidad Cultural\",\"url\":\"https:\/\/www.aparences.net\/es\/\",\"logo\":{\"@type\":\"ImageObject\",\"inLanguage\":\"es\",\"@id\":\"https:\/\/www.aparences.net\/es\/#\/schema\/logo\/image\/\",\"url\":\"https:\/\/www.aparences.net\/wp-content\/uploads\/2023\/09\/logo-quadrat-color-e1695915315229.png\",\"contentUrl\":\"https:\/\/www.aparences.net\/wp-content\/uploads\/2023\/09\/logo-quadrat-color-e1695915315229.png\",\"width\":120,\"height\":120,\"caption\":\"Aparences: Historia del Arte y Actualidad Cultural\"},\"image\":{\"@id\":\"https:\/\/www.aparences.net\/es\/#\/schema\/logo\/image\/\"}},{\"@type\":\"Person\",\"@id\":\"https:\/\/www.aparences.net\/es\/#\/schema\/person\/af349f6ffc31b16c68963e61268afca5\",\"name\":\"admin\",\"url\":\"https:\/\/www.aparences.net\/es\/author\/admin\/\"}]}<\/script>\n<!-- \/ Yoast SEO plugin. -->","yoast_head_json":{"title":"Kasimir Malevitch: biograf\u00eda y obras","description":"Malevitch comenzara a desarrollar su sistema suprematista hacia 1913 con la ejecuci\u00f3n de la obra Cuadrado negro.","robots":{"index":"index","follow":"follow","max-snippet":"max-snippet:-1","max-image-preview":"max-image-preview:large","max-video-preview":"max-video-preview:-1"},"canonical":"https:\/\/www.aparences.net\/es\/periodos\/la-vanguardia-rusa\/kasimir-malevitch-biografia-y-obras\/","og_locale":"es_ES","og_type":"article","og_title":"Kasimir Malevitch: biograf\u00eda y obras","og_description":"Malevitch comenzara a desarrollar su sistema suprematista hacia 1913 con la ejecuci\u00f3n de la obra Cuadrado negro.","og_url":"https:\/\/www.aparences.net\/es\/periodos\/la-vanguardia-rusa\/kasimir-malevitch-biografia-y-obras\/","og_site_name":"Aparences","article_published_time":"2021-04-14T15:28:50+00:00","article_modified_time":"2025-12-11T18:40:55+00:00","og_image":[{"width":1080,"height":540,"url":"https:\/\/www.aparences.net\/wp-content\/uploads\/2021\/03\/kasimir-malevitch.jpg","type":"image\/jpeg"}],"author":"admin","twitter_card":"summary_large_image","twitter_misc":{"Escrito por":"admin","Tiempo de lectura":"15 minutos"},"schema":{"@context":"https:\/\/schema.org","@graph":[{"@type":"Article","@id":"https:\/\/www.aparences.net\/es\/periodos\/la-vanguardia-rusa\/kasimir-malevitch-biografia-y-obras\/#article","isPartOf":{"@id":"https:\/\/www.aparences.net\/es\/periodos\/la-vanguardia-rusa\/kasimir-malevitch-biografia-y-obras\/"},"author":{"name":"admin","@id":"https:\/\/www.aparences.net\/es\/#\/schema\/person\/af349f6ffc31b16c68963e61268afca5"},"headline":"Kasimir Malevitch: biograf\u00eda y obras","datePublished":"2021-04-14T15:28:50+00:00","dateModified":"2025-12-11T18:40:55+00:00","mainEntityOfPage":{"@id":"https:\/\/www.aparences.net\/es\/periodos\/la-vanguardia-rusa\/kasimir-malevitch-biografia-y-obras\/"},"wordCount":2465,"publisher":{"@id":"https:\/\/www.aparences.net\/es\/#organization"},"image":{"@id":"https:\/\/www.aparences.net\/es\/periodos\/la-vanguardia-rusa\/kasimir-malevitch-biografia-y-obras\/#primaryimage"},"thumbnailUrl":"https:\/\/www.aparences.net\/wp-content\/uploads\/2021\/03\/kasimir-malevitch.jpg","keywords":["Cubofuturismo","Kasimir Malevitch","neoprimitivismo ruso","suprematismo","vanguardia rusa"],"articleSection":["La vanguardia rusa"],"inLanguage":"es"},{"@type":["WebPage","ItemPage"],"@id":"https:\/\/www.aparences.net\/es\/periodos\/la-vanguardia-rusa\/kasimir-malevitch-biografia-y-obras\/","url":"https:\/\/www.aparences.net\/es\/periodos\/la-vanguardia-rusa\/kasimir-malevitch-biografia-y-obras\/","name":"Kasimir Malevitch: biograf\u00eda y obras","isPartOf":{"@id":"https:\/\/www.aparences.net\/es\/#website"},"primaryImageOfPage":{"@id":"https:\/\/www.aparences.net\/es\/periodos\/la-vanguardia-rusa\/kasimir-malevitch-biografia-y-obras\/#primaryimage"},"image":{"@id":"https:\/\/www.aparences.net\/es\/periodos\/la-vanguardia-rusa\/kasimir-malevitch-biografia-y-obras\/#primaryimage"},"thumbnailUrl":"https:\/\/www.aparences.net\/wp-content\/uploads\/2021\/03\/kasimir-malevitch.jpg","datePublished":"2021-04-14T15:28:50+00:00","dateModified":"2025-12-11T18:40:55+00:00","description":"Malevitch comenzara a desarrollar su sistema suprematista hacia 1913 con la ejecuci\u00f3n de la obra Cuadrado negro.","breadcrumb":{"@id":"https:\/\/www.aparences.net\/es\/periodos\/la-vanguardia-rusa\/kasimir-malevitch-biografia-y-obras\/#breadcrumb"},"inLanguage":"es","potentialAction":[{"@type":"ReadAction","target":["https:\/\/www.aparences.net\/es\/periodos\/la-vanguardia-rusa\/kasimir-malevitch-biografia-y-obras\/"]}]},{"@type":"ImageObject","inLanguage":"es","@id":"https:\/\/www.aparences.net\/es\/periodos\/la-vanguardia-rusa\/kasimir-malevitch-biografia-y-obras\/#primaryimage","url":"https:\/\/www.aparences.net\/wp-content\/uploads\/2021\/03\/kasimir-malevitch.jpg","contentUrl":"https:\/\/www.aparences.net\/wp-content\/uploads\/2021\/03\/kasimir-malevitch.jpg","width":1080,"height":540},{"@type":"BreadcrumbList","@id":"https:\/\/www.aparences.net\/es\/periodos\/la-vanguardia-rusa\/kasimir-malevitch-biografia-y-obras\/#breadcrumb","itemListElement":[{"@type":"ListItem","position":1,"name":"Portada","item":"https:\/\/www.aparences.net\/es\/"},{"@type":"ListItem","position":2,"name":"Kasimir Malevitch: biograf\u00eda y obras"}]},{"@type":"WebSite","@id":"https:\/\/www.aparences.net\/es\/#website","url":"https:\/\/www.aparences.net\/es\/","name":"Aparences: Historia del Arte y Actualidad Cultural","description":"","publisher":{"@id":"https:\/\/www.aparences.net\/es\/#organization"},"potentialAction":[{"@type":"SearchAction","target":{"@type":"EntryPoint","urlTemplate":"https:\/\/www.aparences.net\/es\/?s={search_term_string}"},"query-input":{"@type":"PropertyValueSpecification","valueRequired":true,"valueName":"search_term_string"}}],"inLanguage":"es"},{"@type":"Organization","@id":"https:\/\/www.aparences.net\/es\/#organization","name":"Aparences: Historia del Arte y Actualidad Cultural","url":"https:\/\/www.aparences.net\/es\/","logo":{"@type":"ImageObject","inLanguage":"es","@id":"https:\/\/www.aparences.net\/es\/#\/schema\/logo\/image\/","url":"https:\/\/www.aparences.net\/wp-content\/uploads\/2023\/09\/logo-quadrat-color-e1695915315229.png","contentUrl":"https:\/\/www.aparences.net\/wp-content\/uploads\/2023\/09\/logo-quadrat-color-e1695915315229.png","width":120,"height":120,"caption":"Aparences: Historia del Arte y Actualidad Cultural"},"image":{"@id":"https:\/\/www.aparences.net\/es\/#\/schema\/logo\/image\/"}},{"@type":"Person","@id":"https:\/\/www.aparences.net\/es\/#\/schema\/person\/af349f6ffc31b16c68963e61268afca5","name":"admin","url":"https:\/\/www.aparences.net\/es\/author\/admin\/"}]}},"_links":{"self":[{"href":"https:\/\/www.aparences.net\/es\/wp-json\/wp\/v2\/posts\/23255","targetHints":{"allow":["GET"]}}],"collection":[{"href":"https:\/\/www.aparences.net\/es\/wp-json\/wp\/v2\/posts"}],"about":[{"href":"https:\/\/www.aparences.net\/es\/wp-json\/wp\/v2\/types\/post"}],"author":[{"embeddable":true,"href":"https:\/\/www.aparences.net\/es\/wp-json\/wp\/v2\/users\/2"}],"replies":[{"embeddable":true,"href":"https:\/\/www.aparences.net\/es\/wp-json\/wp\/v2\/comments?post=23255"}],"version-history":[{"count":0,"href":"https:\/\/www.aparences.net\/es\/wp-json\/wp\/v2\/posts\/23255\/revisions"}],"wp:featuredmedia":[{"embeddable":true,"href":"https:\/\/www.aparences.net\/es\/wp-json\/wp\/v2\/media\/23314"}],"wp:attachment":[{"href":"https:\/\/www.aparences.net\/es\/wp-json\/wp\/v2\/media?parent=23255"}],"wp:term":[{"taxonomy":"category","embeddable":true,"href":"https:\/\/www.aparences.net\/es\/wp-json\/wp\/v2\/categories?post=23255"},{"taxonomy":"post_tag","embeddable":true,"href":"https:\/\/www.aparences.net\/es\/wp-json\/wp\/v2\/tags?post=23255"}],"curies":[{"name":"wp","href":"https:\/\/api.w.org\/{rel}","templated":true}]}}