{"id":23305,"date":"2021-04-14T17:15:40","date_gmt":"2021-04-14T15:15:40","guid":{"rendered":"https:\/\/www.aparences.net\/?p=23305"},"modified":"2025-12-11T19:40:55","modified_gmt":"2025-12-11T18:40:55","slug":"wassily-kandinsky-en-la-bauhaus","status":"publish","type":"post","link":"https:\/\/www.aparences.net\/es\/periodos\/la-vanguardia-rusa\/wassily-kandinsky-en-la-bauhaus\/","title":{"rendered":"Wassily Kandinsky en la Bauhaus"},"content":{"rendered":"<p><!--contents--><\/p>\n\n\n<h2 class=\"wp-block-heading\">El camino a la abstracci\u00f3n<\/h2>\n\n\n\n<p>A principios de junio de 1922, Wassily Kandinsky lleg\u00f3 a Weimar, donde ingres\u00f3 como <a href=\"https:\/\/www.aparences.net\/es\/tematicos\/los-artistas-de-la-bauhaus\/la-escuela-de-arte-de-la-bauhaus\/\">profesor de la Bauhaus<\/a>, una escuela libre de artes y oficios orientada a dar un conocimiento te\u00f3rico-pr\u00e1ctico de las artes aplicadas, del arte industrial y de la artesan\u00eda, fundada en 1919 por <strong>Walter Gropius<\/strong>. Durante su estancia como miembro de la escuela, \u00e9sta fue trasladada a Dessau, en mayo de 1925, donde Kandinsky permaneci\u00f3 hasta su cierre en 1933. Fueron 11 a\u00f1os en los cuales altern\u00f3 su trabajo como pintor con sus tareas de profesor y pedagogo. Como pintor, abandon\u00f3 su fase dram\u00e1tica y m\u00e1s l\u00edrica anterior a la guerra por un estilo m\u00e1s constructivo, catalogado por el mismo artista de \u00abperiodo fr\u00edo\u00bb. Posteriormente, coincidiendo con el cambio de sede de la Bauhaus de Weimar a Dessau, Kandinsky parece combinar la frialdad geom\u00e9trica con la po\u00e9tica de los colores de etapas anteriores, logrando llegar por este camino a una abstracci\u00f3n rom\u00e1ntica. En <em>C\u00edrculo azul<\/em> de 1922, las figuras geom\u00e9tricas y las formas nerviosas abstractas se mezclan, a caballo entre el estilo ca\u00f3tico y perdido de los primeros a\u00f1os en Mosc\u00fa y el estilo claro y racional de los \u00faltimos a\u00f1os. Kandinsky cierra as\u00ed su par\u00e9ntesis moscovita y retoma, con un nuevo lenguaje, el camino de la abstracci\u00f3n.<\/p>\n\n\n<div class=\"wp-block-image\">\n<figure class=\"aligncenter size-large\"><img loading=\"lazy\" decoding=\"async\" width=\"425\" height=\"460\" src=\"https:\/\/www.aparences.net\/wp-content\/uploads\/2021\/03\/kandinsky-cercle-bleu-1922.jpg\" alt=\"C\u00edrculo azul, 1922, Wassily Kandinsky, Nueva York, Guggenheim Museum.\" class=\"wp-image-23262\" title=\"C\u00edrculo azul, 1922, Wassily Kandinsky\" srcset=\"https:\/\/www.aparences.net\/wp-content\/uploads\/2021\/03\/kandinsky-cercle-bleu-1922.jpg 425w, https:\/\/www.aparences.net\/wp-content\/uploads\/2021\/03\/kandinsky-cercle-bleu-1922-160x173.jpg 160w\" sizes=\"auto, (max-width: 425px) 100vw, 425px\" \/><figcaption class=\"wp-element-caption\"><em><strong>C\u00edrculo azul,<\/strong> 1922, Wassily Kandinsky, Nueva York, Guggenheim Museum.<\/em><\/figcaption><\/figure>\n<\/div>\n\n\n<p>A pesar de este derrotero simb\u00f3lico, las obras de esta etapa son cuadros luminosos y acabados, y parecen estar relacionados con la arquitectura, por lo que se ha llamado \u00ab\u00e9poca arquitect\u00f3nica\u00bb al periodo de Dessau comprendido entre 1925 y 1933. Como profesor y te\u00f3rico, Kandinsky desarroll\u00f3 una muy interesante tarea pedag\u00f3gica basada en el principio de la s\u00edntesis de las artes y la abstracci\u00f3n, perspectiva que tendr\u00eda como punto culminante su obra escrita <em><strong>Punto y l\u00ednea sobre el plano<\/strong><\/em> (1926). El contacto con el suprematismo y el constructivismo ruso marc\u00f3 la tendencia abstracta de Kandinsky. En los \u00faltimos a\u00f1os de su estancia en Mosc\u00fa su obra tendi\u00f3 a un racionalismo formal, gracia al cual consigui\u00f3 una mayor claridad compositiva. Junto a los cursos impartidos, el artista realiz\u00f3 una amplia e intensa actividad en conferencias y exposiciones junto a otros colegas de renombre, como <a href=\"https:\/\/www.aparences.net\/es\/tematicos\/los-artistas-de-la-bauhaus\/lyonel-feininger-del-expresionismo-al-cubismo\/\">Feininger<\/a>, <a href=\"https:\/\/www.aparences.net\/es\/tematicos\/los-artistas-de-la-bauhaus\/paul-klee-el-artista-erudito\/\">Klee<\/a> y <strong>Von Jawlensky<\/strong>.<\/p>\n\n\n<div class=\"wp-block-image\">\n<figure class=\"aligncenter size-large\"><img loading=\"lazy\" decoding=\"async\" width=\"377\" height=\"460\" src=\"https:\/\/www.aparences.net\/wp-content\/uploads\/2021\/03\/kandinsky-affiche-bauhaus-1923.jpg\" alt=\"Cartel de la Bauhaus de Weimar, 1923, Wassily Kandinsky, Colecci\u00f3n privada.\" class=\"wp-image-23264\" title=\"Cartel de la Bauhaus de Weimar, 1923, Wassily Kandinsky\" srcset=\"https:\/\/www.aparences.net\/wp-content\/uploads\/2021\/03\/kandinsky-affiche-bauhaus-1923.jpg 377w, https:\/\/www.aparences.net\/wp-content\/uploads\/2021\/03\/kandinsky-affiche-bauhaus-1923-160x195.jpg 160w\" sizes=\"auto, (max-width: 377px) 100vw, 377px\" \/><figcaption class=\"wp-element-caption\"><em><strong>Cartel de la Bauhaus de Weimar<\/strong>, 1923, Wassily Kandinsky, Colecci\u00f3n privada.<\/em><\/figcaption><\/figure>\n<\/div>\n\n<div class=\"wp-block-image\">\n<figure class=\"aligncenter size-large\"><img loading=\"lazy\" decoding=\"async\" width=\"640\" height=\"342\" src=\"https:\/\/www.aparences.net\/wp-content\/uploads\/2021\/03\/kandinsky-panneau-exposicion-de-la-juyfreie-mur-A-1922.jpg\" alt=\"Estudio para el mural de la Exposici\u00f3n sin jurado (Muro A), 1922, Wassily Kandinsky, Par\u00eds, Centre Pompidou.\" class=\"wp-image-23266\" title=\"Estudio para el mural de la Exposici\u00f3n sin jurado (Muro A), 1922, Wassily Kandinsky\" srcset=\"https:\/\/www.aparences.net\/wp-content\/uploads\/2021\/03\/kandinsky-panneau-exposicion-de-la-juyfreie-mur-A-1922.jpg 640w, https:\/\/www.aparences.net\/wp-content\/uploads\/2021\/03\/kandinsky-panneau-exposicion-de-la-juyfreie-mur-A-1922-160x86.jpg 160w\" sizes=\"auto, (max-width: 640px) 100vw, 640px\" \/><figcaption class=\"wp-element-caption\"><em><strong>Estudio para el mural de la Exposici\u00f3n sin jurado<\/strong> (Muro A), 1922, <strong>Wassily Kandinsky<\/strong>, Par\u00eds, Centre Pompidou.<\/em><\/figcaption><\/figure>\n<\/div>\n\n<div class=\"wp-block-image\">\n<figure class=\"aligncenter size-large\"><img loading=\"lazy\" decoding=\"async\" width=\"377\" height=\"460\" src=\"https:\/\/www.aparences.net\/wp-content\/uploads\/2021\/03\/kandinsky-petit-monde-II-1922.jpg\" alt=\"Peque\u00f1os mundos II, 1922, Wassily Kandinsky, Par\u00eds, Centre Pompidou.\" class=\"wp-image-23268\" title=\"Peque\u00f1os mundos II, 1922, Wassily Kandinsky\" srcset=\"https:\/\/www.aparences.net\/wp-content\/uploads\/2021\/03\/kandinsky-petit-monde-II-1922.jpg 377w, https:\/\/www.aparences.net\/wp-content\/uploads\/2021\/03\/kandinsky-petit-monde-II-1922-160x195.jpg 160w\" sizes=\"auto, (max-width: 377px) 100vw, 377px\" \/><figcaption class=\"wp-element-caption\"><em><strong>Peque\u00f1os mundos II<\/strong>, 1922, <em><strong>Wassily Kandinsky<\/strong><\/em><\/em>, <em>Par\u00eds, Centre Pompidou.<\/em><\/figcaption><\/figure>\n<\/div>\n\n\n<!-- AdBoxRight2020 --><ins class=\"adsbygoogle\"     style=\"display:block; margin-top:30px;\"     data-ad-client=\"ca-pub-2468002815867636\"     data-ad-slot=\"3496014735\"     data-ad-format=\"auto\"     data-full-width-responsive=\"false\"><\/ins><script> (adsbygoogle = window.adsbygoogle || []).push({});<\/script><h2 class=\"wp-block-heading\">Weimar: la geometrizaci\u00f3n de la forma<\/h2>\n\n\n\n<p>En su planteamiento, la <a href=\"https:\/\/www.aparences.net\/es\/tematicos\/los-artistas-de-la-bauhaus\/la-escuela-de-arte-de-la-bauhaus\/\">Bauhaus de Weimar, en tanto que escuela<\/a>, su objetivo fue desarrollar entre los alumnos la aptitud para aplicar la experiencia art\u00edstica a los dise\u00f1os de la arquitectura y de los objetos de uso corriente. Como contrapartida, los cuadros de Kandinsky perd\u00edan intensidad expresiva y emocional. Aquellas manchas de color libres en el espacio pict\u00f3rico se ven sustituidas ahora por impecables l\u00edneas rectas que conforman figuras geom\u00e9tricas y perfectos c\u00edrculos que frenan la expansi\u00f3n crom\u00e1tica. En <em>Composici\u00f3n VIII<\/em> de 1923, quiz\u00e1s la obra m\u00e1s representativa de la etapa de Kandinsky en Weimar, c\u00e1lculo, orden, dise\u00f1o y frialdad define esta pintura, en la que el cuadrado, el tri\u00e1ngulo, el c\u00edrculo y otras figuras geom\u00e9tricas desempe\u00f1an un importante papel. La l\u00ednea ha superado al color, que, contrariamente a las obras del periodo de Marnau, queda ahora supeditado a la forma.<\/p>\n\n\n<div class=\"wp-block-image\">\n<figure class=\"aligncenter size-large\"><img loading=\"lazy\" decoding=\"async\" width=\"640\" height=\"443\" src=\"https:\/\/www.aparences.net\/wp-content\/uploads\/2021\/03\/kandinsky-composition-VIII-1923.jpg\" alt=\"Composici\u00f3n VIII, 1923, Wassily Kandinsky, Nueva York, Guggenheim Museum.\" class=\"wp-image-23270\" title=\"Composici\u00f3n VIII, 1923, Wassily Kandinsky\" srcset=\"https:\/\/www.aparences.net\/wp-content\/uploads\/2021\/03\/kandinsky-composition-VIII-1923.jpg 640w, https:\/\/www.aparences.net\/wp-content\/uploads\/2021\/03\/kandinsky-composition-VIII-1923-160x111.jpg 160w\" sizes=\"auto, (max-width: 640px) 100vw, 640px\" \/><figcaption class=\"wp-element-caption\"><em><strong>Composici\u00f3n VIII<\/strong>, 1923, <strong>Wassily Kandinsky<\/strong>, Nueva York, Guggenheim Museum.<\/em><\/figcaption><\/figure>\n<\/div>\n\n\n<p>El clima intelectual que se respiraba en la Bauhaus de Weimar &#8211; donde, por ejemplo, en la fiesta de conmemoraci\u00f3n del quinto aniversario en 1923, se estrenaron <em>Historia de un soldado<\/em> de Stravinsky y el <a href=\"https:\/\/www.aparences.net\/es\/tematicos\/los-artistas-de-la-bauhaus\/oskar-schlemmer-la-figura-y-el-espacio\/#el-ballet-tri%C3%A1dico\"><em>Ballet tri\u00e1dico<\/em> de Oskar Schlemmer<\/a> -, hizo que la obra de Kandinsky llegara a un automatismo creativo marcado por leyes de an\u00e1lisis intelectual, perdiendo todo poder emocional. La articulaci\u00f3n compositiva, as\u00ed como la gran simplificaci\u00f3n y estilizaci\u00f3n de los elementos y formas de algunas de las pinturas m\u00e1s relevantes de la \u00e9poca, recuerdan en parte a la etapa en que el artista se mantuvo proclive al decorativismo imperante, como en <em>Trazo continuo<\/em> de 1923, donde una amalgama crom\u00e1tica flota sobre el lienzo.<\/p>\n\n\n<div class=\"wp-block-image\">\n<figure class=\"aligncenter size-large\"><img loading=\"lazy\" decoding=\"async\" width=\"640\" height=\"441\" src=\"https:\/\/www.aparences.net\/wp-content\/uploads\/2021\/03\/kandinsky-transverse-line-1923.jpg\" alt=\"Trazo continuo, 1923, Wassily Kandinsky, Dusseldorf. Kunstsammlung Nordrhein-Westfalen.\" class=\"wp-image-23272\" title=\"Trazo continuo, 1923, Wassily Kandinsky\" srcset=\"https:\/\/www.aparences.net\/wp-content\/uploads\/2021\/03\/kandinsky-transverse-line-1923.jpg 640w, https:\/\/www.aparences.net\/wp-content\/uploads\/2021\/03\/kandinsky-transverse-line-1923-160x110.jpg 160w\" sizes=\"auto, (max-width: 640px) 100vw, 640px\" \/><figcaption class=\"wp-element-caption\"><em><strong>Trazo continuo<\/strong>, 1923, <strong>Wassily Kandinsky<\/strong>, D\u00fcsseldorf, Kunstsammlung Nordrhein-Westfalen.<\/em><\/figcaption><\/figure>\n<\/div>\n\n<div class=\"wp-block-image\">\n<figure class=\"aligncenter size-large\"><img loading=\"lazy\" decoding=\"async\" width=\"431\" height=\"460\" src=\"https:\/\/www.aparences.net\/wp-content\/uploads\/2021\/03\/kandinsky-sur-blanc-II-1923.jpg\" alt=\"Sobre blanco II, 1923, Wassily Kandinsky, Par\u00eds, Centro Pompidou.\" class=\"wp-image-23274\" title=\"Sobre blanco II, 1923, Wassily Kandinsky\" srcset=\"https:\/\/www.aparences.net\/wp-content\/uploads\/2021\/03\/kandinsky-sur-blanc-II-1923.jpg 431w, https:\/\/www.aparences.net\/wp-content\/uploads\/2021\/03\/kandinsky-sur-blanc-II-1923-160x171.jpg 160w\" sizes=\"auto, (max-width: 431px) 100vw, 431px\" \/><figcaption class=\"wp-element-caption\"><em><strong>Sobre blanco II<\/strong>, 1923, <strong>Wassily Kandinsky<\/strong>, Par\u00eds, Centro Pompidou.<\/em><\/figcaption><\/figure>\n<\/div>\n\n\n<p>\u00abTodas las grandes \u00e9pocas art\u00edsticas han tenido su doctrina o su teor\u00eda, tan evidentemente necesarias (\u2026) en el caso de la ciencia. Esas \u00abdoctrinas\u00bb nunca pudieron sustituir el elemento intuitivo, poque la ciencia es est\u00e9ril en s\u00ed misma (\u2026). La intuici\u00f3n es, por el contrario, fruct\u00edfera y emplea el material y los m\u00e9todos como instrumento para un fin\u00bb. (Kandinsky)<\/p>\n\n\n<div class=\"wp-block-image\">\n<figure class=\"aligncenter size-large\"><img loading=\"lazy\" decoding=\"async\" width=\"358\" height=\"460\" src=\"https:\/\/www.aparences.net\/wp-content\/uploads\/2021\/03\/kandinsky-delicate-tension-num-85-1923.jpg\" alt=\"Tensi\u00f3n suave, 1923, Wassily Kandinsky, Madrid, Museo Thyssen-Bornemisza.\" class=\"wp-image-23276\" title=\"Tensi\u00f3n suave, 1923, Wassily Kandinsky\" srcset=\"https:\/\/www.aparences.net\/wp-content\/uploads\/2021\/03\/kandinsky-delicate-tension-num-85-1923.jpg 358w, https:\/\/www.aparences.net\/wp-content\/uploads\/2021\/03\/kandinsky-delicate-tension-num-85-1923-160x206.jpg 160w\" sizes=\"auto, (max-width: 358px) 100vw, 358px\" \/><figcaption class=\"wp-element-caption\"><em><strong>Tensi\u00f3n suave<\/strong>, 1923, <strong>Wassily Kandinsky<\/strong>, Madrid, Museo Thyssen-Bornemisza.<\/em><\/figcaption><\/figure>\n<\/div>\n\n\n<p>En Weimar, la situaci\u00f3n pol\u00edtica se iba haciendo cada vez m\u00e1s insostenible. En agosto de 1924, se difundi\u00f3 que tanto Kandinsky como su esposa Nina eran de ideolog\u00eda comunista y, por ello, peligrosos. El nazismo empezaba su largo y devastador camino. El 26 de diciembre se disolvi\u00f3 la Bauhaus de Weimar. Sus opositores en el gobierno de la ciudad alemana se hab\u00edan impuesto a sus amigos y seguidores. Capitularon el arte, la raz\u00f3n y las nuevas ideas ante un poder de mentalidad limitada. Varias ciudades estaban dispuestas a acoger a la nueva Bauhaus, pero la vencedora fue Dessau, con la que se lleg\u00f3 a un acuerdo en mayo de 1925. En la obra de Kandinsky, la frialdad y el orden de los \u00faltimos a\u00f1os, potenciados sobre todo por un fondo blanco e inexpresivo, empez\u00f3 a cambiar hacia 1925, cuando la Bauhaus se traslad\u00f3 a Dessau. El color fue tomando protagonismo as\u00ed como la l\u00ednea curva. A pesar de esto, el pintor no llegar\u00eda a transmitir la fuerza y vivacidad de su etapa en <a href=\"https:\/\/www.aparences.net\/es\/periodos\/der-blaue-reiter\/\">Der Blaue Reiter<\/a>, aunque si se puede ver un intento de poetizaci\u00f3n de su obra.<\/p>\n\n\n<div class=\"wp-block-image\">\n<figure class=\"aligncenter size-large\"><img loading=\"lazy\" decoding=\"async\" width=\"325\" height=\"460\" src=\"https:\/\/www.aparences.net\/wp-content\/uploads\/2021\/03\/kandinsky-accords-opposes-1924.jpg\" alt=\"Accords oppos\u00e9s, 1924, Wassily Kandinsky, Par\u00eds, Centro Pompidou.\" class=\"wp-image-23278\" title=\"Accords oppos\u00e9s, 1924, Wassily Kandinsky\" srcset=\"https:\/\/www.aparences.net\/wp-content\/uploads\/2021\/03\/kandinsky-accords-opposes-1924.jpg 325w, https:\/\/www.aparences.net\/wp-content\/uploads\/2021\/03\/kandinsky-accords-opposes-1924-160x226.jpg 160w\" sizes=\"auto, (max-width: 325px) 100vw, 325px\" \/><figcaption class=\"wp-element-caption\"><em><strong>Accords oppos\u00e9s<\/strong>, 1924, <strong>Wassily Kandinsky<\/strong>, Par\u00eds, Centro Pompidou.<\/em><\/figcaption><\/figure>\n<\/div>\n\n<div class=\"wp-block-image\">\n<figure class=\"aligncenter size-large\"><img loading=\"lazy\" decoding=\"async\" width=\"642\" height=\"460\" src=\"https:\/\/www.aparences.net\/wp-content\/uploads\/2021\/03\/kandinsky-en-bleu-1925.jpg\" alt=\"En el azul, 1925, Wassily Kandinsky, D\u00fcsseldorf: Kunstamlung Nordrhein-Westfalen.\" class=\"wp-image-23280\" title=\"En el azul, 1925, Wassily Kandinsky\" srcset=\"https:\/\/www.aparences.net\/wp-content\/uploads\/2021\/03\/kandinsky-en-bleu-1925.jpg 642w, https:\/\/www.aparences.net\/wp-content\/uploads\/2021\/03\/kandinsky-en-bleu-1925-160x115.jpg 160w\" sizes=\"auto, (max-width: 642px) 100vw, 642px\" \/><figcaption class=\"wp-element-caption\"><em><strong>En el azul<\/strong>, 1925, <strong>Wassily Kandinsky<\/strong>, D\u00fcsseldorf: Kunstamlung Nordrhein-Westfalen.<\/em><\/figcaption><\/figure>\n<\/div>\n\n\n<p>Contrariamente al racionalismo imperante en la arquitectura de la instituci\u00f3n, Kandinsky abandon\u00f3 la frialdad compositiva y crom\u00e1tica para avanzar en su obra y en sus concepciones hacia una expresividad m\u00e1s subjetiva.<\/p>\n\n\n<div class=\"wp-block-image\">\n<figure class=\"aligncenter size-large\"><img loading=\"lazy\" decoding=\"async\" width=\"642\" height=\"408\" src=\"https:\/\/www.aparences.net\/wp-content\/uploads\/2021\/03\/kandinsky-jaune-rouge-bleu-1925.jpg\" alt=\"Amarillo, rojo y azul, 1925, Wassily Kandinsky, Par\u00eds, Centro Pompidou.\" class=\"wp-image-23282\" title=\"Amarillo, rojo y azul, 1925, Wassily Kandinsky\" srcset=\"https:\/\/www.aparences.net\/wp-content\/uploads\/2021\/03\/kandinsky-jaune-rouge-bleu-1925.jpg 642w, https:\/\/www.aparences.net\/wp-content\/uploads\/2021\/03\/kandinsky-jaune-rouge-bleu-1925-160x102.jpg 160w\" sizes=\"auto, (max-width: 642px) 100vw, 642px\" \/><figcaption class=\"wp-element-caption\"><em><strong>Amarillo, rojo y azul<\/strong>, 1925, <strong>Wassily Kandinsky<\/strong>, Par\u00eds, Centro Pompidou.<\/em><\/figcaption><\/figure>\n<\/div>\n\n\n<h2 class=\"wp-block-heading\">La Bauhaus en Dessau<\/h2>\n\n\n\n<p>El a\u00f1o 1925 marca un cierto cambio en la vida y la obra de Kandinsky. Durante este periodo en Dessau, que se extiende hasta 1933, a\u00f1o en que se cerrar\u00e1 de forma definitiva la Bauhaus en Alemania, Kandinsky continu\u00f3 impartiendo sus clases en el marco del curso preliminar, en el que hizo un an\u00e1lisis muy exacto de la esencia del elemento pl\u00e1stico aislado (punto, l\u00ednea, forma, superficie, espacio y ritmo), y empez\u00f3 a vivir en una casa pareada, al lado de la que ocupar\u00eda su amigo Paul Klee. Ambas viviendas dise\u00f1adas por <strong>Gropius<\/strong>. Kandinsky fue descubriendo nuevas posibilidades po\u00e9ticas en el an\u00e1lisis de los colores, humanizando el lado matem\u00e1tico de la pintura y dando calor a la estricta composici\u00f3n de las formas. Entre 1925 y 1928, encontramos obras con t\u00edtulos tan ilustrativos como <em>Acento en rosa<\/em>, <em>Estrechamente rodeado<\/em> o <em>Algunos c\u00edrculos<\/em> en las que toda la composici\u00f3n se basa en el c\u00edrculo. El c\u00edrculo y los tres colores primarios (rojo, azul y amarillo) sirven al pintor para afirmar que la forma misma, aun cuando es completamente abstracta y mantiene un parecido geom\u00e9trico, posee su sonido interno. En su libro <em><strong>Punto y l\u00ednea sobre el plano<\/strong><\/em>, Kandinsky asigna diferentes sensaciones a estos tres colores: el azul corresponde al fr\u00edo; el rojo, al templado, y el amarillo, al c\u00e1lido.<\/p>\n\n\n<div class=\"wp-block-image\">\n<figure class=\"aligncenter size-large\"><img loading=\"lazy\" decoding=\"async\" width=\"366\" height=\"460\" src=\"https:\/\/www.aparences.net\/wp-content\/uploads\/2021\/03\/kandinsky-accent-en-rose-1926.jpg\" alt=\"Acento en rosa, 1926, Wassily Kandinsky, Par\u00eds, Centro Pompidou\" class=\"wp-image-23290\" title=\"Acento en rosa, 1926, Wassily Kandinsky\" srcset=\"https:\/\/www.aparences.net\/wp-content\/uploads\/2021\/03\/kandinsky-accent-en-rose-1926.jpg 366w, https:\/\/www.aparences.net\/wp-content\/uploads\/2021\/03\/kandinsky-accent-en-rose-1926-160x201.jpg 160w\" sizes=\"auto, (max-width: 366px) 100vw, 366px\" \/><figcaption class=\"wp-element-caption\"><em><strong>Acento en rosa<\/strong>, 1926, <strong>Wassily Kandinsky<\/strong>, Par\u00eds, Centro Pompidou<\/em>.<\/figcaption><\/figure>\n<\/div>\n\n\n<p>Kandinsky experiment\u00f3 una gran fascinaci\u00f3n por la sinestesia, es decir, la mezcla de impresiones a partir de est\u00edmulos de otra modalidad distinta, que permitir\u00eda, por ejemplo, \u00absaborear colores\u00bb y \u00abpalpar\u00bb sonidos. La proyecci\u00f3n de la obra es entonces inmensa.<\/p>\n\n\n<div class=\"wp-block-image\">\n<figure class=\"aligncenter size-large\"><img loading=\"lazy\" decoding=\"async\" width=\"458\" height=\"460\" src=\"https:\/\/www.aparences.net\/wp-content\/uploads\/2021\/03\/kandinsky-three-sounds-1926.jpg\" alt=\"Tres sonidos, 1926, Wassily Kandinsky, New York, Mus\u00e9e Guggenheim.\" class=\"wp-image-23286\" title=\"Tres sonidos, 1926, Wassily Kandinsky\" srcset=\"https:\/\/www.aparences.net\/wp-content\/uploads\/2021\/03\/kandinsky-three-sounds-1926.jpg 458w, https:\/\/www.aparences.net\/wp-content\/uploads\/2021\/03\/kandinsky-three-sounds-1926-100x100.jpg 100w, https:\/\/www.aparences.net\/wp-content\/uploads\/2021\/03\/kandinsky-three-sounds-1926-160x161.jpg 160w, https:\/\/www.aparences.net\/wp-content\/uploads\/2021\/03\/kandinsky-three-sounds-1926-150x150.jpg 150w\" sizes=\"auto, (max-width: 458px) 100vw, 458px\" \/><figcaption class=\"wp-element-caption\"><em><strong>Tres sonidos<\/strong>, 1926, <strong>Wassily Kandinsky<\/strong>, New York, Mus\u00e9e Guggenheim.<\/em><\/figcaption><\/figure>\n<\/div>\n\n\n<p>El c\u00edrculo ha sido siempre interpretado como s\u00edmbolo de la perfecci\u00f3n. En la obra <em>Algunos c\u00edrculos<\/em>, Kandinsky potencia este simbolismo con la solemnidad del fondo oscuro, dando al lienzo un matiz m\u00edstico a la vez que c\u00f3smico, como si estuviera representando un orden superior. Tal composici\u00f3n dista mucho de la frialdad de su etapa anterior en Weimar. Aqu\u00ed, el espectador queda atrapado en el cuadro, gracias tambi\u00e9n a sus grandes dimensiones.<\/p>\n\n\n<div class=\"wp-block-image\">\n<figure class=\"aligncenter size-large\"><img loading=\"lazy\" decoding=\"async\" width=\"451\" height=\"460\" src=\"https:\/\/www.aparences.net\/wp-content\/uploads\/2021\/03\/kandinsky-plusieurs-cercles-1926-1.jpg\" alt=\"Algunos c\u00edrculos, 1926, Wassily Kandinsky, Nueva York, Guggenheim Museum.\" class=\"wp-image-23288\" title=\"Algunos c\u00edrculos, 1926, Wassily Kandinsky\" srcset=\"https:\/\/www.aparences.net\/wp-content\/uploads\/2021\/03\/kandinsky-plusieurs-cercles-1926-1.jpg 451w, https:\/\/www.aparences.net\/wp-content\/uploads\/2021\/03\/kandinsky-plusieurs-cercles-1926-1-160x163.jpg 160w\" sizes=\"auto, (max-width: 451px) 100vw, 451px\" \/><figcaption class=\"wp-element-caption\"><em><strong>Algunos c\u00edrculos<\/strong>, 1926, <strong>Wassily Kandinsky<\/strong>, Nueva York, Guggenheim Museum.<\/em><\/figcaption><\/figure>\n<\/div>\n\n\n<p>Los intensos estudios de figuras geom\u00e9tricas primarias, como el cuadrado, el c\u00edrculo o el tri\u00e1ngulo, llevaron a Kandinsky a realizar verdaderos experimentos pict\u00f3ricos en que parece adelantarse casi medio siglo al <a href=\"https:\/\/www.aparences.net\/es\/arte-contemporaneo\/movimientos\/\">arte contempor\u00e1neo<\/a>. Un ejemplo ser\u00eda la obra <em>Cuadrado<\/em>, que sin lugar a dudas, podr\u00edamos incluir dentro del arte llamado <a href=\"https:\/\/www.aparences.net\/es\/arte-contemporaneo\/movimientos\/op-art\/\">cin\u00e9tico u op art<\/a>, aparecido a principios de la d\u00e9cada de los sesenta, muy interesado en la percepci\u00f3n de fen\u00f3menos visuales y en la ilusi\u00f3n del movimiento.<\/p>\n\n\n<div class=\"wp-block-image\">\n<figure class=\"aligncenter size-large\"><img loading=\"lazy\" decoding=\"async\" width=\"374\" height=\"458\" src=\"https:\/\/www.aparences.net\/wp-content\/uploads\/2021\/03\/kandinsky-carre-1927.jpg\" alt=\"Cuadrado, 1927, Wassily Kandinsky, Par\u00eds, Galer\u00eda Maeght\" class=\"wp-image-23292\" title=\"Cuadrado, 1927, Wassily Kandinsky\" srcset=\"https:\/\/www.aparences.net\/wp-content\/uploads\/2021\/03\/kandinsky-carre-1927.jpg 374w, https:\/\/www.aparences.net\/wp-content\/uploads\/2021\/03\/kandinsky-carre-1927-160x196.jpg 160w\" sizes=\"auto, (max-width: 374px) 100vw, 374px\" \/><figcaption class=\"wp-element-caption\"><em><strong>Cuadrado<\/strong>, 1927, <strong>Wassily Kandinsky<\/strong>, Par\u00eds, Galer\u00eda Maeght<\/em>.<\/figcaption><\/figure>\n<\/div>\n\n\n<p>En 1928, se hacen realidad los sue\u00f1os del artista de combinar las diferentes artes en una obra total, utilizando t\u00e9rminos wagnerianos, como culminaci\u00f3n de s\u00edntesis art\u00edstica. En abril de 1928 Kandinsky pudo dirigir en el teatro de Dessau los <em>Cuadros de una exposici\u00f3n<\/em> de Mussorgsky, su compositor preferido. Apoyado en una iluminaci\u00f3n colorista y en figuras abstractas m\u00f3viles, concibi\u00f3 para las 16 partes de la obra musical unos cuadros animados. Bas\u00e1ndose en la partitura, escenific\u00f3 cada una de las partes seg\u00fan su propio criterio. El ritmo de la m\u00fasica se sincronizaba con las acciones \u00f3pticas. De esta manera, sobre la escena logr\u00f3 el pintor la aut\u00e9ntica s\u00edntesis de las artes, en la que se combinan m\u00fasica, color y forma en movimiento. <em>Cuadros de una exposici\u00f3n<\/em> es un magn\u00edfico ejemplo de lo que, dentro de las composiciones rom\u00e1nticas, se conoce como m\u00fasica de programa o m\u00fasica program\u00e1tica.<\/p>\n\n\n<div class=\"wp-block-image\">\n<figure class=\"aligncenter size-large\"><img loading=\"lazy\" decoding=\"async\" width=\"640\" height=\"359\" src=\"https:\/\/www.aparences.net\/wp-content\/uploads\/2021\/03\/kandinsky-tableau-II-gnomus-1928.jpg\" alt=\"Cuadro II, Gnomus, 1928, Wassily Kandinsky, Par\u00eds, Centro Georges Pompidou.\" class=\"wp-image-23294\" title=\"Cuadro II, Gnomus, 1928, Wassily Kandinsky\" srcset=\"https:\/\/www.aparences.net\/wp-content\/uploads\/2021\/03\/kandinsky-tableau-II-gnomus-1928.jpg 640w, https:\/\/www.aparences.net\/wp-content\/uploads\/2021\/03\/kandinsky-tableau-II-gnomus-1928-160x90.jpg 160w\" sizes=\"auto, (max-width: 640px) 100vw, 640px\" \/><figcaption class=\"wp-element-caption\"><em><strong>Cuadro II, Gnomus<\/strong>, 1928, <strong>Wassily Kandinsky<\/strong>, Par\u00eds, Centro Georges Pompidou.<\/em><\/figcaption><\/figure>\n<\/div>\n\n<div class=\"wp-block-image\">\n<figure class=\"aligncenter size-large\"><img loading=\"lazy\" decoding=\"async\" width=\"640\" height=\"447\" src=\"https:\/\/www.aparences.net\/wp-content\/uploads\/2021\/03\/kandinsky-figurines-pour-tableau-XVI-kiev-1928.jpg\" alt=\"Figurines pour tableau XVI. Kiev, 1928, Wassily Kandinsky, Par\u00eds, Centro Pompidou.\" class=\"wp-image-23296\" title=\"Figurines pour tableau XVI. Kiev, 1928, Wassily Kandinsky\" srcset=\"https:\/\/www.aparences.net\/wp-content\/uploads\/2021\/03\/kandinsky-figurines-pour-tableau-XVI-kiev-1928.jpg 640w, https:\/\/www.aparences.net\/wp-content\/uploads\/2021\/03\/kandinsky-figurines-pour-tableau-XVI-kiev-1928-160x112.jpg 160w\" sizes=\"auto, (max-width: 640px) 100vw, 640px\" \/><figcaption class=\"wp-element-caption\"><em><strong>Figurines pour tableau XVI. Kiev<\/strong>, 1928, <strong>Wassily Kandinsky<\/strong>, Par\u00eds, Centro Pompidou.<\/em><\/figcaption><\/figure>\n<\/div>\n\n\n<p>En el per\u00edodo comprendido desde 1926 hasta 1933 por la interioridad rom\u00e1ntica y la sustancialidad dirigida hacia el lado c\u00f3smico de la naturaleza, aunque no por ello deja de presentarse dentro de la apariencia formal m\u00e1s estricta, pese a que las figuras, cada vez m\u00e1s, se presenten aisladamente como parte de un conjunto y no como un todo equilibrado. El rigor formal nunca est\u00e1 en contradicci\u00f3n con la actitud rom\u00e1ntica, motivo por el cual alguno cr\u00edticos han querido calificar esta etapa kandinskiana como \u00abperiodo arquitect\u00f3nico\u00bb.<\/p>\n\n\n<div class=\"wp-block-image\">\n<figure class=\"aligncenter size-large\"><img loading=\"lazy\" decoding=\"async\" width=\"575\" height=\"460\" src=\"https:\/\/www.aparences.net\/wp-content\/uploads\/2021\/03\/kandinsky-decisive-rose-1932.jpg\" alt=\"Rosa decisivo, 1932, Wassily Kandinsky, Nueva York, Guggenheim Museum.\" class=\"wp-image-23298\" title=\"Rosa decisivo, 1932, Wassily Kandinsky\" srcset=\"https:\/\/www.aparences.net\/wp-content\/uploads\/2021\/03\/kandinsky-decisive-rose-1932.jpg 575w, https:\/\/www.aparences.net\/wp-content\/uploads\/2021\/03\/kandinsky-decisive-rose-1932-160x128.jpg 160w\" sizes=\"auto, (max-width: 575px) 100vw, 575px\" \/><figcaption class=\"wp-element-caption\"><em><strong>Rosa decisivo<\/strong>, 1932, <strong>Wassily Kandinsky<\/strong>, Nueva York, Guggenheim Museum.<\/em><\/figcaption><\/figure>\n<\/div>\n\n<div class=\"wp-block-image\">\n<figure class=\"aligncenter size-large\"><img loading=\"lazy\" decoding=\"async\" width=\"575\" height=\"443\" src=\"https:\/\/www.aparences.net\/wp-content\/uploads\/2021\/03\/kandinsky-doux-dur-1927.jpg\" alt=\"Soft dur (doux dur), 1927, Wassily Kandinsky, Par\u00eds, Galerie Maeght.\" class=\"wp-image-23300\" title=\"Soft dur (doux dur), 1927, Wassily Kandinsky\" srcset=\"https:\/\/www.aparences.net\/wp-content\/uploads\/2021\/03\/kandinsky-doux-dur-1927.jpg 575w, https:\/\/www.aparences.net\/wp-content\/uploads\/2021\/03\/kandinsky-doux-dur-1927-160x123.jpg 160w\" sizes=\"auto, (max-width: 575px) 100vw, 575px\" \/><figcaption class=\"wp-element-caption\"><em><strong>Soft dur<\/strong> (doux dur), 1927, <strong>Wassily Kandinsky<\/strong>, Par\u00eds, Galerie Maeght.<\/em><\/figcaption><\/figure>\n<\/div>\n\n\n<p>El contacto entre <a href=\"https:\/\/www.aparences.net\/es\/tematicos\/los-artistas-de-la-bauhaus\/paul-klee-el-artista-erudito\/\">Paul Klee<\/a> y Kandinsky durante el periodo de la Bauhaus en Dessau provoc\u00f3 una influencia mutua entre ambos. La obra <em>Hacia arriba<\/em> constituye un claro ejemplo de s\u00edntesis de naturalismo y construcci\u00f3n geom\u00e9trica. En ella podemos intuir una desconstrucci\u00f3n de un rostro humano a partir de simples figuras geom\u00e9tricas.<\/p>\n\n\n<div class=\"wp-block-image\">\n<figure class=\"aligncenter size-large\"><img loading=\"lazy\" decoding=\"async\" width=\"318\" height=\"460\" src=\"https:\/\/www.aparences.net\/wp-content\/uploads\/2021\/03\/kandinsky-vers-le-haut-1929.jpg\" alt=\"Vers le haut (Hacia arriba), 1929, Wassily Kandinsky, Venecia, Museo Peggy Guggenheim.\" class=\"wp-image-23302\" title=\"Vers le haut (Hacia arriba), 1929, Wassily Kandinsky\" srcset=\"https:\/\/www.aparences.net\/wp-content\/uploads\/2021\/03\/kandinsky-vers-le-haut-1929.jpg 318w, https:\/\/www.aparences.net\/wp-content\/uploads\/2021\/03\/kandinsky-vers-le-haut-1929-160x231.jpg 160w\" sizes=\"auto, (max-width: 318px) 100vw, 318px\" \/><figcaption class=\"wp-element-caption\"><em><strong>Vers le haut<\/strong> (Hacia arriba), 1929, <strong>Wassily Kandinsky<\/strong>, Venecia, Museo Peggy Guggenheim.<\/em><\/figcaption><\/figure>\n<\/div>\n\n\n<!-- AdBoxLeft2023 --><ins class=\"adsbygoogle\" style=\"display:block\" data-ad-client=\"ca-pub-2468002815867636\" data-ad-slot=\"1318022963\" data-ad-format=\"auto\" data-full-width-responsive=\"true\"><\/ins><script> (adsbygoogle = window.adsbygoogle || []).push({});<\/script><h2 class=\"wp-block-heading\">La disoluci\u00f3n de una escuela prestigiosa<\/h2>\n\n\n\n<p>A pesar del buen clima cultural que se respiraba en la Bauhaus, \u00e9sta era, desde 1928, el blanco de la polic\u00eda reaccionaria del partido nacionalsocialista, para el que fue r\u00e1pidamente sin\u00f3nimo de \u00abbolchevismo de la cultura\u00bb. Tal era el t\u00e9rmino aplicado por esos c\u00edrculos reaccionarios al conjunto del <a href=\"https:\/\/www.aparences.net\/es\/periodos\/arte-moderno\/\">arte moderno<\/a>. El 23 de agosto de 1932, el Parlamento de la ciudad de Dessau, a petici\u00f3n de los nazis, decidi\u00f3 disolver la Bauhaus como instituci\u00f3n estatal. El arquitecto <a href=\"https:\/\/es.wikipedia.org\/wiki\/Ludwig_Mies_van_der_Rohe\">Mies van der Rohe<\/a>, director desde 1930 de la Bauhaus, y el mismo Kandinsky se obstinaron en salvar la escuela, convirti\u00e9ndola en instituci\u00f3n privada, en Berl\u00edn, donde volvieron a reanudarse los cursos en octubre de 1932. A\u00fan el 18 de febrero tuvo lugar una de las brillantes fiestas de la Bauhaus, pero el 11 de abril el r\u00e9gimen nazi, que acababa de acceder al poder, decidi\u00f3 su cierre definitivo, sellando la escuela bajo el pretexto de agitaci\u00f3n comunista. Mies van der Rohes intervino, y cupo la esperanza de que el gobierno permitiese su reapertura siempre que la ense\u00f1anza aceptase les ideas de los nazis sobre el arte. Entre las condiciones impuestas, hab\u00eda el despido inmediato de Kandinsky. Como tales condiciones era inviables, el consejo de profesores decidi\u00f3 disolver el instituto. Kandinsky emigr\u00f3 a Par\u00eds. Era el oto\u00f1o de 1933, cuando llegaba a una de las ciudades europeas m\u00e1s representativas del <a href=\"https:\/\/www.aparences.net\/es\/periodos\/arte-moderno\/\">arte contempor\u00e1neo del siglo XX<\/a>. Como un reflejo de los tiempos dif\u00edciles que se viv\u00edan, los cuadros de este periodo presentan una estructura sobria, disonante y, a menudo, r\u00edgida. Sin embargo, la idea de que la tensi\u00f3n entre forma y color y las caracter\u00edsticas emocionales y espirituales de los elementos pict\u00f3ricos deb\u00edan responder a un imperativo interior que siempre presidi\u00f3 la obra del artista.<\/p>\n\n\n<div class=\"wp-block-image\">\n<figure class=\"aligncenter size-large\"><img loading=\"lazy\" decoding=\"async\" width=\"560\" height=\"460\" src=\"https:\/\/www.aparences.net\/wp-content\/uploads\/2021\/03\/kandinsky-developpement-en-brun-1933.jpg\" alt=\"Desarrollo en marr\u00f3n, 1933, Wassily Kandinsky, Par\u00eds, Centro Pompidou.\" class=\"wp-image-23304\" title=\"Desarrollo en marr\u00f3n, 1933, Wassily Kandinsky\" srcset=\"https:\/\/www.aparences.net\/wp-content\/uploads\/2021\/03\/kandinsky-developpement-en-brun-1933.jpg 560w, https:\/\/www.aparences.net\/wp-content\/uploads\/2021\/03\/kandinsky-developpement-en-brun-1933-160x131.jpg 160w\" sizes=\"auto, (max-width: 560px) 100vw, 560px\" \/><figcaption class=\"wp-element-caption\"><em><strong>Desarrollo en marr\u00f3n<\/strong>, 1933, <strong>Wassily Kandinsky<\/strong>, Par\u00eds, Centro Pompidou.<\/em><\/figcaption><\/figure>\n<\/div>\n\n<p><!-- \/wp:post-content --><\/p>\n<p><!-- wp:separator --><\/p>\n<hr class=\"wp-block-separator\"><!-- \/wp:separator --><\/p>\n<p><!-- wp:heading {\"level\":4} --><\/p>\n<h4>Bibliograf\u00eda<\/h4>\n<p><!-- \/wp:heading --><\/p>\n<p><!-- wp:paragraph --><\/p>\n<p>Conil Lacoste, Michel. <em>Kandinsky<\/em>. Flammarion, 1979<br \/>Becks-Malorny, Ulrike. <em>Kandinsky<\/em>. Taschen. 2007<br \/>Triad\u00f3 Subirana, Xavier. <em>Kandinsky<\/em>. Tikal. 2009<br \/>Hermann, Brigitte. <em>Kandinsky. Sa vie<\/em>. Hazan, 2009<br \/>Fox Weber, Nicholas. <em>La Bande du Bauhaus. Six ma\u00eetres du modernisme<\/em>. Fayard, 2015<\/p>\n<p><!-- \/wp:paragraph --><\/p>","protected":false},"excerpt":{"rendered":"<p>En la Bauhaus, Kandinsky abandona su fase dram\u00e1tica y m\u00e1s l\u00edrica anterior a la guerra por un estilo m\u00e1s constructivo, catalogado de \u00abperiodo fr\u00edo\u00bb.<\/p>\n","protected":false},"author":2,"featured_media":23320,"comment_status":"closed","ping_status":"closed","sticky":false,"template":"","format":"standard","meta":{"footnotes":""},"categories":[5485],"tags":[2344,4292,5517,5499,4389],"class_list":["post-23305","post","type-post","status-publish","format-standard","has-post-thumbnail","hentry","category-la-vanguardia-rusa","tag-abstraccion","tag-arte-moderno","tag-kandinsky-en-la-bauhaus","tag-vanguardia-rusa","tag-wassily-kandinsky-es"],"yoast_head":"<!-- This site is optimized with the Yoast SEO plugin v27.2 - https:\/\/yoast.com\/product\/yoast-seo-wordpress\/ -->\n<title>Wassily Kandinsky en la Bauhaus<\/title>\n<meta name=\"description\" content=\"En la Bauhaus, Kandinsky abandona su fase dram\u00e1tica y m\u00e1s l\u00edrica anterior a la guerra por un estilo m\u00e1s constructivo, catalogado de &quot;periodo fr\u00edo&quot;.\" \/>\n<meta name=\"robots\" content=\"index, follow, max-snippet:-1, max-image-preview:large, max-video-preview:-1\" \/>\n<link rel=\"canonical\" href=\"https:\/\/www.aparences.net\/es\/periodos\/la-vanguardia-rusa\/wassily-kandinsky-en-la-bauhaus\/\" \/>\n<meta property=\"og:locale\" content=\"es_ES\" \/>\n<meta property=\"og:type\" content=\"article\" \/>\n<meta property=\"og:title\" content=\"Wassily Kandinsky en la Bauhaus\" \/>\n<meta property=\"og:description\" content=\"En la Bauhaus, Kandinsky abandona su fase dram\u00e1tica y m\u00e1s l\u00edrica anterior a la guerra por un estilo m\u00e1s constructivo, catalogado de &quot;periodo fr\u00edo&quot;.\" \/>\n<meta property=\"og:url\" content=\"https:\/\/www.aparences.net\/es\/periodos\/la-vanguardia-rusa\/wassily-kandinsky-en-la-bauhaus\/\" \/>\n<meta property=\"og:site_name\" content=\"Aparences\" \/>\n<meta property=\"article:published_time\" content=\"2021-04-14T15:15:40+00:00\" \/>\n<meta property=\"article:modified_time\" content=\"2025-12-11T18:40:55+00:00\" \/>\n<meta property=\"og:image\" content=\"https:\/\/www.aparences.net\/wp-content\/uploads\/2021\/04\/kandinsky-en-bleu.jpg\" \/>\n\t<meta property=\"og:image:width\" content=\"1080\" \/>\n\t<meta property=\"og:image:height\" content=\"540\" \/>\n\t<meta property=\"og:image:type\" content=\"image\/jpeg\" \/>\n<meta name=\"author\" content=\"admin\" \/>\n<meta name=\"twitter:card\" content=\"summary_large_image\" \/>\n<meta name=\"twitter:label1\" content=\"Escrito por\" \/>\n\t<meta name=\"twitter:data1\" content=\"admin\" \/>\n\t<meta name=\"twitter:label2\" content=\"Tiempo de lectura\" \/>\n\t<meta name=\"twitter:data2\" content=\"15 minutos\" \/>\n<script type=\"application\/ld+json\" class=\"yoast-schema-graph\">{\"@context\":\"https:\/\/schema.org\",\"@graph\":[{\"@type\":\"Article\",\"@id\":\"https:\/\/www.aparences.net\/es\/periodos\/la-vanguardia-rusa\/wassily-kandinsky-en-la-bauhaus\/#article\",\"isPartOf\":{\"@id\":\"https:\/\/www.aparences.net\/es\/periodos\/la-vanguardia-rusa\/wassily-kandinsky-en-la-bauhaus\/\"},\"author\":{\"name\":\"admin\",\"@id\":\"https:\/\/www.aparences.net\/es\/#\/schema\/person\/af349f6ffc31b16c68963e61268afca5\"},\"headline\":\"Wassily Kandinsky en la Bauhaus\",\"datePublished\":\"2021-04-14T15:15:40+00:00\",\"dateModified\":\"2025-12-11T18:40:55+00:00\",\"mainEntityOfPage\":{\"@id\":\"https:\/\/www.aparences.net\/es\/periodos\/la-vanguardia-rusa\/wassily-kandinsky-en-la-bauhaus\/\"},\"wordCount\":2286,\"publisher\":{\"@id\":\"https:\/\/www.aparences.net\/es\/#organization\"},\"image\":{\"@id\":\"https:\/\/www.aparences.net\/es\/periodos\/la-vanguardia-rusa\/wassily-kandinsky-en-la-bauhaus\/#primaryimage\"},\"thumbnailUrl\":\"https:\/\/www.aparences.net\/wp-content\/uploads\/2021\/04\/kandinsky-en-bleu.jpg\",\"keywords\":[\"abstracci\u00f3n\",\"Arte moderno\",\"Kandinsky en la Bauhaus\",\"vanguardia rusa\",\"Wassily Kandinsky\"],\"articleSection\":[\"La vanguardia rusa\"],\"inLanguage\":\"es\"},{\"@type\":[\"WebPage\",\"ItemPage\"],\"@id\":\"https:\/\/www.aparences.net\/es\/periodos\/la-vanguardia-rusa\/wassily-kandinsky-en-la-bauhaus\/\",\"url\":\"https:\/\/www.aparences.net\/es\/periodos\/la-vanguardia-rusa\/wassily-kandinsky-en-la-bauhaus\/\",\"name\":\"Wassily Kandinsky en la Bauhaus\",\"isPartOf\":{\"@id\":\"https:\/\/www.aparences.net\/es\/#website\"},\"primaryImageOfPage\":{\"@id\":\"https:\/\/www.aparences.net\/es\/periodos\/la-vanguardia-rusa\/wassily-kandinsky-en-la-bauhaus\/#primaryimage\"},\"image\":{\"@id\":\"https:\/\/www.aparences.net\/es\/periodos\/la-vanguardia-rusa\/wassily-kandinsky-en-la-bauhaus\/#primaryimage\"},\"thumbnailUrl\":\"https:\/\/www.aparences.net\/wp-content\/uploads\/2021\/04\/kandinsky-en-bleu.jpg\",\"datePublished\":\"2021-04-14T15:15:40+00:00\",\"dateModified\":\"2025-12-11T18:40:55+00:00\",\"description\":\"En la Bauhaus, Kandinsky abandona su fase dram\u00e1tica y m\u00e1s l\u00edrica anterior a la guerra por un estilo m\u00e1s constructivo, catalogado de \\\"periodo fr\u00edo\\\".\",\"breadcrumb\":{\"@id\":\"https:\/\/www.aparences.net\/es\/periodos\/la-vanguardia-rusa\/wassily-kandinsky-en-la-bauhaus\/#breadcrumb\"},\"inLanguage\":\"es\",\"potentialAction\":[{\"@type\":\"ReadAction\",\"target\":[\"https:\/\/www.aparences.net\/es\/periodos\/la-vanguardia-rusa\/wassily-kandinsky-en-la-bauhaus\/\"]}]},{\"@type\":\"ImageObject\",\"inLanguage\":\"es\",\"@id\":\"https:\/\/www.aparences.net\/es\/periodos\/la-vanguardia-rusa\/wassily-kandinsky-en-la-bauhaus\/#primaryimage\",\"url\":\"https:\/\/www.aparences.net\/wp-content\/uploads\/2021\/04\/kandinsky-en-bleu.jpg\",\"contentUrl\":\"https:\/\/www.aparences.net\/wp-content\/uploads\/2021\/04\/kandinsky-en-bleu.jpg\",\"width\":1080,\"height\":540},{\"@type\":\"BreadcrumbList\",\"@id\":\"https:\/\/www.aparences.net\/es\/periodos\/la-vanguardia-rusa\/wassily-kandinsky-en-la-bauhaus\/#breadcrumb\",\"itemListElement\":[{\"@type\":\"ListItem\",\"position\":1,\"name\":\"Portada\",\"item\":\"https:\/\/www.aparences.net\/es\/\"},{\"@type\":\"ListItem\",\"position\":2,\"name\":\"Wassily Kandinsky en la Bauhaus\"}]},{\"@type\":\"WebSite\",\"@id\":\"https:\/\/www.aparences.net\/es\/#website\",\"url\":\"https:\/\/www.aparences.net\/es\/\",\"name\":\"Aparences: Historia del Arte y Actualidad Cultural\",\"description\":\"\",\"publisher\":{\"@id\":\"https:\/\/www.aparences.net\/es\/#organization\"},\"potentialAction\":[{\"@type\":\"SearchAction\",\"target\":{\"@type\":\"EntryPoint\",\"urlTemplate\":\"https:\/\/www.aparences.net\/es\/?s={search_term_string}\"},\"query-input\":{\"@type\":\"PropertyValueSpecification\",\"valueRequired\":true,\"valueName\":\"search_term_string\"}}],\"inLanguage\":\"es\"},{\"@type\":\"Organization\",\"@id\":\"https:\/\/www.aparences.net\/es\/#organization\",\"name\":\"Aparences: Historia del Arte y Actualidad Cultural\",\"url\":\"https:\/\/www.aparences.net\/es\/\",\"logo\":{\"@type\":\"ImageObject\",\"inLanguage\":\"es\",\"@id\":\"https:\/\/www.aparences.net\/es\/#\/schema\/logo\/image\/\",\"url\":\"https:\/\/www.aparences.net\/wp-content\/uploads\/2023\/09\/logo-quadrat-color-e1695915315229.png\",\"contentUrl\":\"https:\/\/www.aparences.net\/wp-content\/uploads\/2023\/09\/logo-quadrat-color-e1695915315229.png\",\"width\":120,\"height\":120,\"caption\":\"Aparences: Historia del Arte y Actualidad Cultural\"},\"image\":{\"@id\":\"https:\/\/www.aparences.net\/es\/#\/schema\/logo\/image\/\"}},{\"@type\":\"Person\",\"@id\":\"https:\/\/www.aparences.net\/es\/#\/schema\/person\/af349f6ffc31b16c68963e61268afca5\",\"name\":\"admin\",\"url\":\"https:\/\/www.aparences.net\/es\/author\/admin\/\"}]}<\/script>\n<!-- \/ Yoast SEO plugin. -->","yoast_head_json":{"title":"Wassily Kandinsky en la Bauhaus","description":"En la Bauhaus, Kandinsky abandona su fase dram\u00e1tica y m\u00e1s l\u00edrica anterior a la guerra por un estilo m\u00e1s constructivo, catalogado de \"periodo fr\u00edo\".","robots":{"index":"index","follow":"follow","max-snippet":"max-snippet:-1","max-image-preview":"max-image-preview:large","max-video-preview":"max-video-preview:-1"},"canonical":"https:\/\/www.aparences.net\/es\/periodos\/la-vanguardia-rusa\/wassily-kandinsky-en-la-bauhaus\/","og_locale":"es_ES","og_type":"article","og_title":"Wassily Kandinsky en la Bauhaus","og_description":"En la Bauhaus, Kandinsky abandona su fase dram\u00e1tica y m\u00e1s l\u00edrica anterior a la guerra por un estilo m\u00e1s constructivo, catalogado de \"periodo fr\u00edo\".","og_url":"https:\/\/www.aparences.net\/es\/periodos\/la-vanguardia-rusa\/wassily-kandinsky-en-la-bauhaus\/","og_site_name":"Aparences","article_published_time":"2021-04-14T15:15:40+00:00","article_modified_time":"2025-12-11T18:40:55+00:00","og_image":[{"width":1080,"height":540,"url":"https:\/\/www.aparences.net\/wp-content\/uploads\/2021\/04\/kandinsky-en-bleu.jpg","type":"image\/jpeg"}],"author":"admin","twitter_card":"summary_large_image","twitter_misc":{"Escrito por":"admin","Tiempo de lectura":"15 minutos"},"schema":{"@context":"https:\/\/schema.org","@graph":[{"@type":"Article","@id":"https:\/\/www.aparences.net\/es\/periodos\/la-vanguardia-rusa\/wassily-kandinsky-en-la-bauhaus\/#article","isPartOf":{"@id":"https:\/\/www.aparences.net\/es\/periodos\/la-vanguardia-rusa\/wassily-kandinsky-en-la-bauhaus\/"},"author":{"name":"admin","@id":"https:\/\/www.aparences.net\/es\/#\/schema\/person\/af349f6ffc31b16c68963e61268afca5"},"headline":"Wassily Kandinsky en la Bauhaus","datePublished":"2021-04-14T15:15:40+00:00","dateModified":"2025-12-11T18:40:55+00:00","mainEntityOfPage":{"@id":"https:\/\/www.aparences.net\/es\/periodos\/la-vanguardia-rusa\/wassily-kandinsky-en-la-bauhaus\/"},"wordCount":2286,"publisher":{"@id":"https:\/\/www.aparences.net\/es\/#organization"},"image":{"@id":"https:\/\/www.aparences.net\/es\/periodos\/la-vanguardia-rusa\/wassily-kandinsky-en-la-bauhaus\/#primaryimage"},"thumbnailUrl":"https:\/\/www.aparences.net\/wp-content\/uploads\/2021\/04\/kandinsky-en-bleu.jpg","keywords":["abstracci\u00f3n","Arte moderno","Kandinsky en la Bauhaus","vanguardia rusa","Wassily Kandinsky"],"articleSection":["La vanguardia rusa"],"inLanguage":"es"},{"@type":["WebPage","ItemPage"],"@id":"https:\/\/www.aparences.net\/es\/periodos\/la-vanguardia-rusa\/wassily-kandinsky-en-la-bauhaus\/","url":"https:\/\/www.aparences.net\/es\/periodos\/la-vanguardia-rusa\/wassily-kandinsky-en-la-bauhaus\/","name":"Wassily Kandinsky en la Bauhaus","isPartOf":{"@id":"https:\/\/www.aparences.net\/es\/#website"},"primaryImageOfPage":{"@id":"https:\/\/www.aparences.net\/es\/periodos\/la-vanguardia-rusa\/wassily-kandinsky-en-la-bauhaus\/#primaryimage"},"image":{"@id":"https:\/\/www.aparences.net\/es\/periodos\/la-vanguardia-rusa\/wassily-kandinsky-en-la-bauhaus\/#primaryimage"},"thumbnailUrl":"https:\/\/www.aparences.net\/wp-content\/uploads\/2021\/04\/kandinsky-en-bleu.jpg","datePublished":"2021-04-14T15:15:40+00:00","dateModified":"2025-12-11T18:40:55+00:00","description":"En la Bauhaus, Kandinsky abandona su fase dram\u00e1tica y m\u00e1s l\u00edrica anterior a la guerra por un estilo m\u00e1s constructivo, catalogado de \"periodo fr\u00edo\".","breadcrumb":{"@id":"https:\/\/www.aparences.net\/es\/periodos\/la-vanguardia-rusa\/wassily-kandinsky-en-la-bauhaus\/#breadcrumb"},"inLanguage":"es","potentialAction":[{"@type":"ReadAction","target":["https:\/\/www.aparences.net\/es\/periodos\/la-vanguardia-rusa\/wassily-kandinsky-en-la-bauhaus\/"]}]},{"@type":"ImageObject","inLanguage":"es","@id":"https:\/\/www.aparences.net\/es\/periodos\/la-vanguardia-rusa\/wassily-kandinsky-en-la-bauhaus\/#primaryimage","url":"https:\/\/www.aparences.net\/wp-content\/uploads\/2021\/04\/kandinsky-en-bleu.jpg","contentUrl":"https:\/\/www.aparences.net\/wp-content\/uploads\/2021\/04\/kandinsky-en-bleu.jpg","width":1080,"height":540},{"@type":"BreadcrumbList","@id":"https:\/\/www.aparences.net\/es\/periodos\/la-vanguardia-rusa\/wassily-kandinsky-en-la-bauhaus\/#breadcrumb","itemListElement":[{"@type":"ListItem","position":1,"name":"Portada","item":"https:\/\/www.aparences.net\/es\/"},{"@type":"ListItem","position":2,"name":"Wassily Kandinsky en la Bauhaus"}]},{"@type":"WebSite","@id":"https:\/\/www.aparences.net\/es\/#website","url":"https:\/\/www.aparences.net\/es\/","name":"Aparences: Historia del Arte y Actualidad Cultural","description":"","publisher":{"@id":"https:\/\/www.aparences.net\/es\/#organization"},"potentialAction":[{"@type":"SearchAction","target":{"@type":"EntryPoint","urlTemplate":"https:\/\/www.aparences.net\/es\/?s={search_term_string}"},"query-input":{"@type":"PropertyValueSpecification","valueRequired":true,"valueName":"search_term_string"}}],"inLanguage":"es"},{"@type":"Organization","@id":"https:\/\/www.aparences.net\/es\/#organization","name":"Aparences: Historia del Arte y Actualidad Cultural","url":"https:\/\/www.aparences.net\/es\/","logo":{"@type":"ImageObject","inLanguage":"es","@id":"https:\/\/www.aparences.net\/es\/#\/schema\/logo\/image\/","url":"https:\/\/www.aparences.net\/wp-content\/uploads\/2023\/09\/logo-quadrat-color-e1695915315229.png","contentUrl":"https:\/\/www.aparences.net\/wp-content\/uploads\/2023\/09\/logo-quadrat-color-e1695915315229.png","width":120,"height":120,"caption":"Aparences: Historia del Arte y Actualidad Cultural"},"image":{"@id":"https:\/\/www.aparences.net\/es\/#\/schema\/logo\/image\/"}},{"@type":"Person","@id":"https:\/\/www.aparences.net\/es\/#\/schema\/person\/af349f6ffc31b16c68963e61268afca5","name":"admin","url":"https:\/\/www.aparences.net\/es\/author\/admin\/"}]}},"_links":{"self":[{"href":"https:\/\/www.aparences.net\/es\/wp-json\/wp\/v2\/posts\/23305","targetHints":{"allow":["GET"]}}],"collection":[{"href":"https:\/\/www.aparences.net\/es\/wp-json\/wp\/v2\/posts"}],"about":[{"href":"https:\/\/www.aparences.net\/es\/wp-json\/wp\/v2\/types\/post"}],"author":[{"embeddable":true,"href":"https:\/\/www.aparences.net\/es\/wp-json\/wp\/v2\/users\/2"}],"replies":[{"embeddable":true,"href":"https:\/\/www.aparences.net\/es\/wp-json\/wp\/v2\/comments?post=23305"}],"version-history":[{"count":0,"href":"https:\/\/www.aparences.net\/es\/wp-json\/wp\/v2\/posts\/23305\/revisions"}],"wp:featuredmedia":[{"embeddable":true,"href":"https:\/\/www.aparences.net\/es\/wp-json\/wp\/v2\/media\/23320"}],"wp:attachment":[{"href":"https:\/\/www.aparences.net\/es\/wp-json\/wp\/v2\/media?parent=23305"}],"wp:term":[{"taxonomy":"category","embeddable":true,"href":"https:\/\/www.aparences.net\/es\/wp-json\/wp\/v2\/categories?post=23305"},{"taxonomy":"post_tag","embeddable":true,"href":"https:\/\/www.aparences.net\/es\/wp-json\/wp\/v2\/tags?post=23305"}],"curies":[{"name":"wp","href":"https:\/\/api.w.org\/{rel}","templated":true}]}}