{"id":23696,"date":"2021-09-05T11:01:52","date_gmt":"2021-09-05T09:01:52","guid":{"rendered":"https:\/\/www.aparences.net\/?p=23696"},"modified":"2026-02-01T10:20:40","modified_gmt":"2026-02-01T09:20:40","slug":"paul-klee-el-artista-erudito","status":"publish","type":"post","link":"https:\/\/www.aparences.net\/es\/tematicos\/los-artistas-de-la-bauhaus\/paul-klee-el-artista-erudito\/","title":{"rendered":"Paul Klee, el artista erudito"},"content":{"rendered":"<p><!--contents--><\/p>\n\n\n<h2 class=\"wp-block-heading\">De la musica a la pintura<\/h2>\n\n\n\n<p>Nacido en 1879 en M\u00fcnchenbuchsee, cerca de Berna, hijo de un profesor de m\u00fasica alem\u00e1n y una suiza amante de la m\u00fasica, <strong>Paul Klee<\/strong> vacil\u00f3 durante tiempo entre una carrera musical o art\u00edstica. Excelente conocedor e int\u00e9rprete musical, finalmente se decidi\u00f3 por la pintura porque su desarrollo no estaba tan avanzado como el de la m\u00fasica, y su propia contribuci\u00f3n podr\u00eda ser m\u00e1s importante y necesaria para la pintura. Le gustaban <strong>Mozart<\/strong> y <strong>Bach<\/strong>. El sentido de la forma de Bach, los estrictos principios de su arquitectura musical, est\u00e1n tan presentes en la obra de Klee como la gracia de Mozart. Su talento como pintor fue reconocido pronto. <\/p>\n\n\n\n<p>Su primer profesor, Heinrich Knirr, profetiz\u00f3 que se convertir\u00eda en algo extraordinario. <a href=\"https:\/\/es.wikipedia.org\/wiki\/Alfred_Kubin\">Alfred Kubin<\/a>, el dibujante de la sobrenatural y lo fantasmag\u00f3rico, fue su primer comprador. <a href=\"https:\/\/www.aparences.net\/es\/periodos\/la-vanguardia-rusa\/wassily-kandinsky-en-la-bauhaus\/\">Kandinsky, profesor en la Bauhaus<\/a> junto a Klee, se sinti\u00f3 orgulloso de haberle reconocido el genio a primera vista, a pesar de que hacia 1910 Klee solo hab\u00eda producido una obra limitada que consist\u00eda casi por completo en dibujos y obras gr\u00e1ficas. El conocimiento de Klee en los campos de las ciencias naturales, la literatura mundial (le\u00eda a los cl\u00e1sicos griegos en la lengua original) la filosof\u00eda y la m\u00fasica superaban al de muchos especialistas. Era un artista erudito, un pintor <em>doctus<\/em>. Cuando muri\u00f3 en 1940 a los sesenta a\u00f1os de edad, Klee hab\u00eda realizado la obra de su vida.<\/p>\n\n\n<div class=\"wp-block-image\">\n<figure class=\"aligncenter size-large\"><img loading=\"lazy\" decoding=\"async\" width=\"577\" height=\"434\" src=\"https:\/\/www.aparences.net\/wp-content\/uploads\/2021\/07\/paul-klee-feu-par-pleine-lune-1933.jpg\" alt=\"Paul Klee. Fuego en la luna llena, 1933, Essen, Folkwang Museum.\" class=\"wp-image-23647\" title=\"Paul Klee. Fuego en la luna llena, 1933\" srcset=\"https:\/\/www.aparences.net\/wp-content\/uploads\/2021\/07\/paul-klee-feu-par-pleine-lune-1933.jpg 577w, https:\/\/www.aparences.net\/wp-content\/uploads\/2021\/07\/paul-klee-feu-par-pleine-lune-1933-160x120.jpg 160w\" sizes=\"auto, (max-width: 577px) 100vw, 577px\" \/><figcaption class=\"wp-element-caption\"><em>Fuego en la luna llena, 1933, Essen, Folkwang Museum.<\/em><\/figcaption><\/figure>\n<\/div>\n\n<div class=\"wp-block-image\">\n<figure class=\"aligncenter size-large\"><img loading=\"lazy\" decoding=\"async\" width=\"346\" height=\"460\" src=\"https:\/\/www.aparences.net\/wp-content\/uploads\/2021\/07\/paul-klee-dans-le-jardin-de-franz-marc-1915.jpg\" alt=\"Paul Klee. El viento Foehn : en el jard\u00edn de Franz Marc, 1915, Munich, Galer\u00eda Lenbachhaus.\" class=\"wp-image-23649\" title=\"Paul Klee. El viento Foehn : en el jard\u00edn de Franz Marc, 1915\" srcset=\"https:\/\/www.aparences.net\/wp-content\/uploads\/2021\/07\/paul-klee-dans-le-jardin-de-franz-marc-1915.jpg 346w, https:\/\/www.aparences.net\/wp-content\/uploads\/2021\/07\/paul-klee-dans-le-jardin-de-franz-marc-1915-160x213.jpg 160w\" sizes=\"auto, (max-width: 346px) 100vw, 346px\" \/><figcaption class=\"wp-element-caption\"><em>El viento Foehn : en el jard\u00edn de Franz Marc, 1915, Munich, Galer\u00eda Lenbachhaus.<\/em><\/figcaption><\/figure>\n<\/div>\n\n\n<p>Para <strong>Paul Klee<\/strong>, la creaci\u00f3n de arte era un s\u00edmil de la creaci\u00f3n del mundo. Como <strong>Goethe<\/strong>, al que consideraba \u00abel \u00fanico alem\u00e1n tolerable\u00bb y cuya experiencia de la naturaleza parec\u00eda semejante a la suya, Klee intentaba capturar la naturaleza bajo la forma de im\u00e1genes primordiales, y como el poeta, el artista descubr\u00eda \u00abanalog\u00edas del dise\u00f1o universal en la m\u00e1s min\u00fascula de las hojas\u00bb. En un viaje a Italia, con el escultor suizo Hermann Haller, Klee se sinti\u00f3 menos fascinado por el legado de los artistas visuales &#8211; con excepci\u00f3n de Leonardo &#8211; que por los principios estructurales de la <a href=\"https:\/\/www.aparences.net\/es\/periodos\/el-quattrocento\/los-arquitectos-del-quattrocento-en-florencia\/\">arquitectura del Quattrocento<\/a>, que vio como una continuaci\u00f3n de las leyes naturales llevada a cabo por los humanos, y por la flora y fauna del acuario de N\u00e1poles. Entre estos dos polos se encontraba el jard\u00edn, la naturaleza org\u00e1nica modelada por el hombre, que inspir\u00f3 muchos de sus cuadros m\u00e1s delicados. Y fue entre estos dos polos, el de la construcci\u00f3n y el de la imaginaci\u00f3n, que se desarroll\u00f3 su rica obra de manera lenta y continua.<\/p>\n\n\n<div class=\"wp-block-image\">\n<figure class=\"aligncenter size-large\"><img loading=\"lazy\" decoding=\"async\" width=\"582\" height=\"412\" src=\"https:\/\/www.aparences.net\/wp-content\/uploads\/2021\/07\/paul-klee-mount-niesen-1915.jpg\" alt=\"Paul Klee. El Niesen, 1915, acuarela en papel y tabla, Bel\u00edn, Kunstmuseum.\" class=\"wp-image-23651\" title=\"Paul Klee. El Niesen, 1915\" srcset=\"https:\/\/www.aparences.net\/wp-content\/uploads\/2021\/07\/paul-klee-mount-niesen-1915.jpg 582w, https:\/\/www.aparences.net\/wp-content\/uploads\/2021\/07\/paul-klee-mount-niesen-1915-160x113.jpg 160w\" sizes=\"auto, (max-width: 582px) 100vw, 582px\" \/><figcaption class=\"wp-element-caption\"><em>El Niesen, 1915, acuarela en papel y tabla, Bel\u00edn, Kunstmuseum.<\/em><\/figcaption><\/figure>\n<\/div>\n\n<div class=\"wp-block-image\">\n<figure class=\"aligncenter size-large\"><img loading=\"lazy\" decoding=\"async\" width=\"326\" height=\"460\" src=\"https:\/\/www.aparences.net\/wp-content\/uploads\/2021\/07\/paul-klee-ville-italienne-1928.jpg\" alt=\"Paul Klee. Ciudad italiana, 1928, Suiza, Colecci\u00f3n privada.\" class=\"wp-image-23653\" title=\"Paul Klee. Ciudad italiana, 1928\" srcset=\"https:\/\/www.aparences.net\/wp-content\/uploads\/2021\/07\/paul-klee-ville-italienne-1928.jpg 326w, https:\/\/www.aparences.net\/wp-content\/uploads\/2021\/07\/paul-klee-ville-italienne-1928-160x226.jpg 160w\" sizes=\"auto, (max-width: 326px) 100vw, 326px\" \/><figcaption class=\"wp-element-caption\"><em>Ciudad italiana, 1928, Suiza, Colecci\u00f3n privada.<\/em><\/figcaption><\/figure>\n<\/div>\n\n\n<p>En 1911, <strong>Paul Klee<\/strong> hab\u00eda conocido a otros artistas cuya amistad cobrar\u00eda gran importancia para \u00e9l: August Macke y a Wassilli Kandinsky, de quien hab\u00eda sido vecino durante tres a\u00f1os. De mediador sirvi\u00f3 en ambos casos Louis Moilliet, antiguo amigo suyo. Por medio de Kandinsky conocer\u00eda a un n\u00famero de artistas que en 1911 se hab\u00edan agrupado en la \u00abNueva Asociaci\u00f3n de Artistas de Munich\u00bb. Son de mencionar <a href=\"https:\/\/www.aparences.net\/es\/periodos\/arte-moderno-anexos\/gabriele-munter-contornos-de-un-mundo\/\">Gabriele M\u00fcnter<\/a>, <strong>Alexej von Jawlensky<\/strong> y, sobre todo Franz Marc. <strong>Kandinsky<\/strong> y <strong>Macke<\/strong> trabajaban por entonces en la edici\u00f3n del almanaque El Jinete Azul (<a href=\"https:\/\/www.aparences.net\/es\/periodos\/der-blaue-reiter\/\">Der Blaue Reiter<\/a>) considerado hoy como uno de los manifiestos m\u00e1s importantes del arte del siglo XX. En 1912 tuvo lugar la segunda y \u00faltima exposici\u00f3n de El Jinete Azul en la que Klee particip\u00f3 con 12 trabajos. En la primavera de 1912 Klee viaj\u00f3 a Par\u00eds y conoci\u00f3 Robert Delaunay. Por entonces, Delaunay se hab\u00eda desvinculado del <a href=\"https:\/\/www.aparences.net\/es\/periodos\/arte-moderno\/cubismo\/\">cubismo<\/a>, el color se hab\u00eda convertido para \u00e9l en el \u00abobjeto\u00bb m\u00e1s importante del cuadro. En 1913 Klee tradujo el art\u00edculo <em>Sobre la luz<\/em> de <strong>Delaunay<\/strong> para la <strong>revista Der Sturm<\/strong> en Berl\u00edn. Los argumentos desarrollados por Delaunay en ese art\u00edculo los asimilar\u00eda Klee en los sucesivo hasta apropiarse de ellos.<\/p>\n\n\n<div class=\"wp-block-image\">\n<figure class=\"aligncenter size-large\"><img loading=\"lazy\" decoding=\"async\" width=\"434\" height=\"460\" src=\"https:\/\/www.aparences.net\/wp-content\/uploads\/2021\/07\/paul-klee-lever-de-lune-sur-saint-germain-1915.jpg\" alt=\"Paul Klee. Salida de la luna (St. Germain), 1915, Essen, Museum Folkwang.\" class=\"wp-image-23655\" title=\"Paul Klee. Salida de la luna (St. Germain), 1915\" srcset=\"https:\/\/www.aparences.net\/wp-content\/uploads\/2021\/07\/paul-klee-lever-de-lune-sur-saint-germain-1915.jpg 434w, https:\/\/www.aparences.net\/wp-content\/uploads\/2021\/07\/paul-klee-lever-de-lune-sur-saint-germain-1915-160x170.jpg 160w\" sizes=\"auto, (max-width: 434px) 100vw, 434px\" \/><figcaption class=\"wp-element-caption\"><em>Salida de la luna (St. Germain), 1915, Essen, Museum Folkwang.<\/em><\/figcaption><\/figure>\n<\/div>\n\n\n<!-- AdBoxRight2020 --><ins class=\"adsbygoogle\"     style=\"display:block; margin-top:30px;\"     data-ad-client=\"ca-pub-2468002815867636\"     data-ad-slot=\"3496014735\"     data-ad-format=\"auto\"     data-full-width-responsive=\"false\"><\/ins><script> (adsbygoogle = window.adsbygoogle || []).push({});<\/script><h2 class=\"wp-block-heading\">La magia del color<\/h2>\n\n\n\n<p>El 6 de abril de 1914, Klee y sus compa\u00f1eros August Macke y <strong>Louis Moilliet<\/strong> se embarcan en Marsella a bordo del Carthage, un enorme y bonito barco de vapor. Un <strong>Paul Klee<\/strong> encantado descubre T\u00fanez con su luz sombr\u00eda, luego Hammamet, con su cementerio rodeado de paredes de cactus gigantescos. Por \u00faltimo, su llegada a las puertas de Kairouan. \u00abEs como estar en casa\u00bb escribe. Klee, que hasta ahora hab\u00eda mostrado tantas dudas, hace una confesi\u00f3n crucial: \u00abEl color me posee; No tengo que perseguirlo. Me poseer\u00e1 siempre, lo s\u00e9. Este es el significado de esta hora feliz: el color y yo somos uno. Soy un pintor.\u00bb Klee ten\u00eda veinticuatro a\u00f1os. En T\u00fanez pint\u00f3 acuarelas de varios temas. Uno de estos es <em>El jard\u00edn del Dr. J\u00e4ggi<\/em> un m\u00e9dico de Berna que ejerc\u00eda en T\u00fanez y hab\u00eda recibido a los tres pintores en su casa. Hay similitudes claras con la obra de Delaunay: la misma manera de cuadrar la superficie de la pintura, la misma manera de distribuir el espacio vertical y suprimir la profundidad. <em>Hammamet con mezquita<\/em>, es particularmente importante a este respecto. Las superficies coloreadas, libres de l\u00edneas. En la parte de abajo de la composici\u00f3n, la transparencia de esas superficies y la modulaci\u00f3n del carmes\u00ed al rosa y del amarillo al verde, el \u00e9nfasis en las intersecciones de las superficies geom\u00e9tricas y no geom\u00e9tricas.<\/p>\n\n\n<div class=\"wp-block-image\">\n<figure class=\"aligncenter size-large\"><img loading=\"lazy\" decoding=\"async\" width=\"434\" height=\"460\" src=\"https:\/\/www.aparences.net\/wp-content\/uploads\/2021\/07\/paul-klee-hammamet-avec-mosquee-1914.jpg\" alt=\"Paul Klee. Hammamet con mezquita, 1914, Nueva York, Metropolitan Museum of Art.\" class=\"wp-image-23657\" title=\"Paul Klee. Hammamet con mezquita, 1914\" srcset=\"https:\/\/www.aparences.net\/wp-content\/uploads\/2021\/07\/paul-klee-hammamet-avec-mosquee-1914.jpg 434w, https:\/\/www.aparences.net\/wp-content\/uploads\/2021\/07\/paul-klee-hammamet-avec-mosquee-1914-160x170.jpg 160w\" sizes=\"auto, (max-width: 434px) 100vw, 434px\" \/><figcaption class=\"wp-element-caption\"><em>Hammamet con mezquita, 1914, Nueva York, Metropolitan Museum of Art.<\/em><\/figcaption><\/figure>\n<\/div>\n\n\n<p>Durante a\u00f1os, la t\u00e9cnica de la acuarela sirvi\u00f3 a Klee fundamentalmente como medio para definir toda la escala crom\u00e1tica con todas sus transiciones y gradaciones.<\/p>\n\n\n<div class=\"wp-block-image\">\n<figure class=\"aligncenter size-large\"><img loading=\"lazy\" decoding=\"async\" width=\"579\" height=\"435\" src=\"https:\/\/www.aparences.net\/wp-content\/uploads\/2021\/07\/paul-klee-maisons-rouges-et-jaunes-a-tunis-1914.jpg\" alt=\"Paul Klee. Casas rojas y amarillas en T\u00fanez, 1914, Berna, Kuntsmuseum Bern, Fundaci\u00f3n Paul Klee.\" class=\"wp-image-23659\" title=\"Paul Klee. Casas rojas y amarillas en T\u00fanez, 1914\" srcset=\"https:\/\/www.aparences.net\/wp-content\/uploads\/2021\/07\/paul-klee-maisons-rouges-et-jaunes-a-tunis-1914.jpg 579w, https:\/\/www.aparences.net\/wp-content\/uploads\/2021\/07\/paul-klee-maisons-rouges-et-jaunes-a-tunis-1914-160x120.jpg 160w\" sizes=\"auto, (max-width: 579px) 100vw, 579px\" \/><figcaption class=\"wp-element-caption\"><em>Casas rojas y amarillas en T\u00fanez, 1914, Berna, Kuntsmuseum Bern, Fundaci\u00f3n Paul Klee.<\/em><\/figcaption><\/figure>\n<\/div>\n\n\n<p>Kairouan convirti\u00f3 a Klee en un pintor. La experiencia de la ciudad sagrada musulmana le impresion\u00f3 de forma extraordinaria. Klee hab\u00eda encontrado una segunda patria en T\u00fanez. La extra\u00f1a mezcla en su pintura de elementos sofisticadamente occidentales y ex\u00f3ticamente orientales es uno de los motivos de su encanto. Esta mezcla empez\u00f3 a tomar forma en T\u00fanez, cuya importancia solo es comparable a la de Egipto, a donde viajar\u00e1 en 1928-1929.<\/p>\n\n\n<div class=\"wp-block-image\">\n<figure class=\"aligncenter size-large\"><img loading=\"lazy\" decoding=\"async\" width=\"640\" height=\"386\" src=\"https:\/\/www.aparences.net\/wp-content\/uploads\/2021\/07\/paul-klee-dans-le-style-de-kairouan-transpose-a-une-forme-moderee-1914.jpg\" alt=\"Paul Klee. Al estilo de Kairouan, traspuesto de forma moderada, 1914, Berna, Kuntsmuseum Bern, Fundaci\u00f3n Paul Klee.\" class=\"wp-image-23661\" title=\"Paul Klee. Al estilo de Kairouan, traspuesto de forma moderada, 1914\" srcset=\"https:\/\/www.aparences.net\/wp-content\/uploads\/2021\/07\/paul-klee-dans-le-style-de-kairouan-transpose-a-une-forme-moderee-1914.jpg 640w, https:\/\/www.aparences.net\/wp-content\/uploads\/2021\/07\/paul-klee-dans-le-style-de-kairouan-transpose-a-une-forme-moderee-1914-160x97.jpg 160w\" sizes=\"auto, (max-width: 640px) 100vw, 640px\" \/><figcaption class=\"wp-element-caption\"><em>Al estilo de Kairouan, traspuesto de forma moderada, 1914, Berna, Kuntsmuseum Bern, Fundaci\u00f3n Paul Klee.<\/em><\/figcaption><\/figure>\n<\/div>\n\n\n<p>Delaunay, hab\u00eda preparado te\u00f3ricamente el camino para la liberaci\u00f3n del color. Klee relaj\u00f3 el rigor cubista de Delaunay en sus composiciones introduciendo ligeras irregularidades y cambios apenas detectables, un m\u00e9todo que conservar\u00eda, particularmente en la importante obra <em>Camino principal y caminos secundarios<\/em>, fruto de su viaje a Egipto. Incluso durante los a\u00f1os de colaboraci\u00f3n con Kandinsky, <a href=\"https:\/\/www.aparences.net\/es\/tematicos\/los-artistas-de-la-bauhaus\/oskar-schlemmer-la-figura-y-el-espacio\/\">Oskar Schlemmer<\/a> y <a href=\"https:\/\/www.aparences.net\/es\/tematicos\/los-artistas-de-la-bauhaus\/lyonel-feininger-del-expresionismo-al-cubismo\/\">Feininger<\/a> en la Bauhaus, las particularidades de Klee se mantuvieron algo por encima de la ley, por as\u00ed decirlo. \u00abEl genio es el defecto en el sistema\u00bb, afirm\u00f3 el consciente constructor de sistemas, que sab\u00eda que el genio es lo \u00fanico que no se puede ense\u00f1ar ni aprender.<\/p>\n\n\n<div class=\"wp-block-image\">\n<figure class=\"aligncenter size-large\"><img loading=\"lazy\" decoding=\"async\" width=\"382\" height=\"460\" src=\"https:\/\/www.aparences.net\/wp-content\/uploads\/2021\/07\/paul-klee-chemin-principal-et-chemins-lateraux-1929.jpg\" alt=\"Paul Klee. Camino principal y caminos secundarios, 1929, Colonia, Museum Ludwig.\" class=\"wp-image-23663\" title=\"Paul Klee. Camino principal y caminos secundarios, 1929\" srcset=\"https:\/\/www.aparences.net\/wp-content\/uploads\/2021\/07\/paul-klee-chemin-principal-et-chemins-lateraux-1929.jpg 382w, https:\/\/www.aparences.net\/wp-content\/uploads\/2021\/07\/paul-klee-chemin-principal-et-chemins-lateraux-1929-160x193.jpg 160w\" sizes=\"auto, (max-width: 382px) 100vw, 382px\" \/><figcaption class=\"wp-element-caption\"><em>Camino principal y caminos secundarios, 1929, Colonia, Museum Ludwig.<\/em><\/figcaption><\/figure>\n<\/div>\n\n\n<!-- AdBoxLeft2023 --><ins class=\"adsbygoogle\" style=\"display:block\" data-ad-client=\"ca-pub-2468002815867636\" data-ad-slot=\"1318022963\" data-ad-format=\"auto\" data-full-width-responsive=\"true\"><\/ins><script> (adsbygoogle = window.adsbygoogle || []).push({});<\/script><h2 class=\"wp-block-heading\">En la Bauhaus y el estudio de las formas<\/h2>\n\n\n\n<p>En 1921, cuando se convirti\u00f3 en <a href=\"https:\/\/www.aparences.net\/es\/tematicos\/los-artistas-de-la-bauhaus\/la-escuela-de-arte-de-la-bauhaus\/\">profesor en la Bauhaus<\/a>, Klee ten\u00eda cuarenta y dos a\u00f1os y ya era un artista reconocido. Estaba en la cumbre de su arte y la mayor\u00eda de sus mejores obras datan de este periodo de madurez. Adem\u00e1s el artista acababa de publicar su principal texto te\u00f3rico, el <em>Credo Creativo<\/em>. No es de extra\u00f1ar que la llegada de Klee fuera muy esperada por los estudiantes. Klee pas\u00f3 a\u00f1os felices tanto en la Bauhaus de Weimar como en la de Dessau. Klee hab\u00eda aceptado la oferta de dar clases en la Bauhaus, pero no ten\u00eda ninguna experiencia did\u00e1ctica, aunque ya en la \u00e9poca revolucionaria de M\u00fanich (1918-1919) se hab\u00eda interesado vivamente por los nuevos programas de las escuelas de arte. A Klee, que reflejaba en su arte el sentir de los tiempos, la necesidad de dar clases le brindaba la oportunidad de cambiar la t\u00e9cnica, el estilo y el contenido de su arte, y al mismo tiempo desarrollar una did\u00e1ctica del arte que se ajustara a la clase de forma. <\/p>\n\n\n\n<p><strong>Paul Klee <\/strong>transform\u00f3 el aprendizaje de la forma en un \u00abaprendizaje pict\u00f3rico de la forma\u00bb. Klee iniciaba la clase con ejercicios sobre el tema de las formas b\u00e1sicas y m\u00e1s tarde segu\u00eda con el de los colores b\u00e1sicos. Muchos de los ejercicios actuales proceden de estas formas b\u00e1sicas. Estas entrenaban el sentido de la organizaci\u00f3n de superficies y abr\u00edan el camino a infinitas posibilidades de composici\u00f3n: mediante la proporci\u00f3n, el giro, la reflexi\u00f3n, etc., en combinaci\u00f3n con tareas de la clase de color, se abri\u00f3 un inagotable campo de trabajo. En <em>Ciudad de sue\u00f1os<\/em> hay una yuxtaposici\u00f3n de casas, \u00e1rboles, plantas y motivos abstractos que reverberan hasta los bordes de la pintura; la escala verde es la dominante. Es una ciudad so\u00f1ada, pero tambi\u00e9n es una ciudad de cristal, algo que resulta transparente al ojo de la inteligencia.Y es tal vez, una ciudad so\u00f1ada, como la que dise\u00f1\u00f3 Laurana durante el Renacimiento, que nunca lleg\u00f3 a ser construida. La obra supone una ruptura radical con las pinturas descriptivas en las que estamos acostumbrados en la tradici\u00f3n occidental, pero no es destructiva; abre otros mundos que o bien no existen o bien lo hacen tan solo en nuestra imaginaci\u00f3n.<\/p>\n\n\n<div class=\"wp-block-image\">\n<figure class=\"aligncenter size-large\"><img loading=\"lazy\" decoding=\"async\" width=\"295\" height=\"460\" src=\"https:\/\/www.aparences.net\/wp-content\/uploads\/2021\/07\/paul-klee-villes-des-reves-1921.jpg\" alt=\"Paul Klee. Ciudad de sue\u00f1os, 1921, Berlin, Staatliche Museum.\" class=\"wp-image-23665\" title=\"Paul Klee. Ciudad de sue\u00f1os, 1921\" srcset=\"https:\/\/www.aparences.net\/wp-content\/uploads\/2021\/07\/paul-klee-villes-des-reves-1921.jpg 295w, https:\/\/www.aparences.net\/wp-content\/uploads\/2021\/07\/paul-klee-villes-des-reves-1921-160x249.jpg 160w\" sizes=\"auto, (max-width: 295px) 100vw, 295px\" \/><figcaption class=\"wp-element-caption\"><em>Ciudad de sue\u00f1os, 1921, Berlin, Staatliche Museum.<\/em><\/figcaption><\/figure>\n<\/div>\n\n<div class=\"wp-block-image\">\n<figure class=\"aligncenter size-large\"><img loading=\"lazy\" decoding=\"async\" width=\"640\" height=\"404\" src=\"https:\/\/www.aparences.net\/wp-content\/uploads\/2021\/07\/paul-klee-temple-district-of-pert-1928.jpg\" alt=\"Paul Klee. El distrito del templo de Pert, 1928, Hannover, Sprengel Museum.\" class=\"wp-image-23667\" title=\"Paul Klee. El distrito del templo de Pert, 1928\" srcset=\"https:\/\/www.aparences.net\/wp-content\/uploads\/2021\/07\/paul-klee-temple-district-of-pert-1928.jpg 640w, https:\/\/www.aparences.net\/wp-content\/uploads\/2021\/07\/paul-klee-temple-district-of-pert-1928-160x101.jpg 160w\" sizes=\"auto, (max-width: 640px) 100vw, 640px\" \/><figcaption class=\"wp-element-caption\"><em>El distrito del templo de Pert, 1928, Hannover, Sprengel Museum.<\/em><\/figcaption><\/figure>\n<\/div>\n\n\n<p>Por otro lado, y al igual que Witten y Grunow, <a href=\"https:\/\/www.aparences.net\/es\/periodos\/la-vanguardia-rusa\/wassily-kandinsky-en-la-bauhaus\/\">Kandinsky<\/a> y Schreyer, Klee anclaba sus premisas te\u00f3ricas en un sistema c\u00f3smico unitario, del que hizo una representaci\u00f3n gr\u00e1fica en un ensayo sobre el estudio de la naturaleza. En \u00e9l recomendaba una s\u00edntesis del estudio de la naturaleza y la intensiva observaci\u00f3n de la materia. El cuadro <em>Paisaje con p\u00e1jaros amarillos<\/em> es notable por su mezcla entre lo preciso y lo on\u00edrico (una forma on\u00edrica tambi\u00e9n era evidente en las clases que impart\u00eda <a href=\"https:\/\/www.aparences.net\/es\/tematicos\/los-artistas-de-la-bauhaus\/la-escuela-de-arte-de-la-bauhaus\/#johannes-itten:-el-pintor-m%C3%ADstico\">Johannes Itten en Weimar<\/a>). Seg\u00fan Grohaman, las plantas tiene su origen en la tradici\u00f3n pict\u00f3rica indo-iraniana y los p\u00e1jaros de color amarillo cromado distribuidos por todo el cuadro como los motivos de las alfombras orientales, proviene del trabajo de metalister\u00eda grabada sas\u00e1nida. Lo m\u00e1s importante de esta obra es que estos elementos de vivos colores sobresalen por encima de todo de una \u00abbase ps\u00edquica\u00bb subyacente, como es frecuente en la producci\u00f3n de Klee.<\/p>\n\n\n<div class=\"wp-block-image\">\n<figure class=\"aligncenter size-large\"><img loading=\"lazy\" decoding=\"async\" width=\"588\" height=\"460\" src=\"https:\/\/www.aparences.net\/wp-content\/uploads\/2021\/07\/paul-klee-paisage-avec-des-oiseuax-jaunes-1923.jpg\" alt=\"Paul Klee. Paisaje con p\u00e1jaros amarillos, 1923-32, Suiza, Colecci\u00f3n privada.\" class=\"wp-image-23669\" title=\"Paul Klee. Paisaje con p\u00e1jaros amarillos, 1923-32\" srcset=\"https:\/\/www.aparences.net\/wp-content\/uploads\/2021\/07\/paul-klee-paisage-avec-des-oiseuax-jaunes-1923.jpg 588w, https:\/\/www.aparences.net\/wp-content\/uploads\/2021\/07\/paul-klee-paisage-avec-des-oiseuax-jaunes-1923-160x125.jpg 160w\" sizes=\"auto, (max-width: 588px) 100vw, 588px\" \/><figcaption class=\"wp-element-caption\"><em>Paisaje con p\u00e1jaros amarillos, 1923-32, Suiza, Colecci\u00f3n privada.<\/em><\/figcaption><\/figure>\n<\/div>\n\n<div class=\"wp-block-image\">\n<figure class=\"aligncenter size-large\"><img loading=\"lazy\" decoding=\"async\" width=\"579\" height=\"403\" src=\"https:\/\/www.aparences.net\/wp-content\/uploads\/2021\/07\/paul-klee-poisson-dore-1925.jpg\" alt=\"Paul Klee. El pez dorado, 1925 Poisson dor\u00e9, Hamburgo, Hamburger Kunsthalle.\" class=\"wp-image-23671\" title=\"Paul Klee. El pez dorado, 1925\" srcset=\"https:\/\/www.aparences.net\/wp-content\/uploads\/2021\/07\/paul-klee-poisson-dore-1925.jpg 579w, https:\/\/www.aparences.net\/wp-content\/uploads\/2021\/07\/paul-klee-poisson-dore-1925-160x111.jpg 160w\" sizes=\"auto, (max-width: 579px) 100vw, 579px\" \/><figcaption class=\"wp-element-caption\"><em>El pez dorado, 1925, Hamburgo, Hamburger Kunsthalle.<\/em><\/figcaption><\/figure>\n<\/div>\n\n\n<p>El arte de <strong>Paul Klee<\/strong> es una creaci\u00f3n muy original, un dise\u00f1o imaginado y cuidadosamente calculado de un universo posible m\u00e1s all\u00e1 del que conocemos. A partir de all\u00ed, esperaba Klee, que quiz\u00e1s alg\u00fan d\u00eda se podr\u00eda superar la imperfecci\u00f3n de todo el arte anterior, y se podr\u00eda crear una obra de \u00abun alcance realmente grande, que abarcara todo el territorio elemental, objetivo, sustantivo y estil\u00edstico.\u00bb De forma similar a <a href=\"https:\/\/www.aparences.net\/es\/periodos\/postimpresionismo\/paul-cezanne\/\">C\u00e9zanne<\/a>, Klee se consideraba a s\u00ed mismo el \u00abprimitivo de una nueva sensibilidad\u00bb. Pas\u00f3 por muchas estaciones en el camino que llevaba a su lejano destino. Las flechas, los signos de puntuaci\u00f3n, n\u00fameros y arabescos facilitan la lectura de los cuadros de Klee; proporcionan una orientaci\u00f3n, se\u00f1alan direcciones, establecen se\u00f1ales, pero sin responder completamente al enigma pict\u00f3rico.<\/p>\n\n\n<div class=\"wp-block-image\">\n<figure class=\"aligncenter size-large\"><img loading=\"lazy\" decoding=\"async\" width=\"350\" height=\"459\" src=\"https:\/\/www.aparences.net\/wp-content\/uploads\/2021\/07\/paul-klee-pleine-lune-1919.jpg\" alt=\"Paul Klee. Luna llena, 1919, Munich, Colecci\u00f3n privada.\" class=\"wp-image-23673\" title=\"Paul Klee. Luna llena, 1919\" srcset=\"https:\/\/www.aparences.net\/wp-content\/uploads\/2021\/07\/paul-klee-pleine-lune-1919.jpg 350w, https:\/\/www.aparences.net\/wp-content\/uploads\/2021\/07\/paul-klee-pleine-lune-1919-160x210.jpg 160w\" sizes=\"auto, (max-width: 350px) 100vw, 350px\" \/><figcaption class=\"wp-element-caption\"><em>Luna llena, 1919, Munich, Colecci\u00f3n privada.<\/em><\/figcaption><\/figure>\n<\/div>\n\n\n<p>Durante los a\u00f1os de Klee en <a href=\"https:\/\/www.aparences.net\/es\/tematicos\/los-artistas-de-la-bauhaus\/la-escuela-de-arte-de-la-bauhaus\/\">la Bauhaus<\/a> (1921-1931), sus caracter\u00edsticas flechas alcanzan gran preeminencia. \u00abEl padre de la flecha es el pensamiento: \u00bfc\u00f3mo extiendo mi alcance, \u00bfPor encima de este r\u00edo? \u00bfDe este lago? \u00bfDe la monta\u00f1a?\u00bb escribe en su <em>Libro de apuntes pedag\u00f3gicos<\/em>. En completa oposici\u00f3n a estos trabajos, vemos florecer en toda su plenitud el \u00abarte infantil\u00bb de Klee en una obra creada a principios de 1923, que lleva por t\u00edtulo <em>Teatro de gui\u00f1ol<\/em>, pero tambi\u00e9n la surrealista <em>Escena de Batalla de la \u00f3pera c\u00f3mica \u00abEl Navegante\u00bb<\/em> y <em>El equilibrista<\/em> todas ellas realizadas el mismo a\u00f1o.<\/p>\n\n\n<div class=\"wp-block-image\">\n<figure class=\"aligncenter size-large\"><img loading=\"lazy\" decoding=\"async\" width=\"560\" height=\"425\" src=\"https:\/\/www.aparences.net\/wp-content\/uploads\/2021\/07\/paul-klee-mural-from-the-temple-of-longin-1922.jpg\" alt=\"Paul Klee. Mural del templo de la a\u00f1oranza (Mural from the Temple of Longin), 1922-30, Nueva York, Metropolitan Museum.\" class=\"wp-image-23675\" title=\"Paul Klee. Mural del templo de la a\u00f1oranza (Mural from the Temple of Longin), 1922-30\" srcset=\"https:\/\/www.aparences.net\/wp-content\/uploads\/2021\/07\/paul-klee-mural-from-the-temple-of-longin-1922.jpg 560w, https:\/\/www.aparences.net\/wp-content\/uploads\/2021\/07\/paul-klee-mural-from-the-temple-of-longin-1922-160x121.jpg 160w\" sizes=\"auto, (max-width: 560px) 100vw, 560px\" \/><figcaption class=\"wp-element-caption\"><em>Mural del templo de la a\u00f1oranza (Mural from the Temple of Longin), 1922-30, Nueva York, Metropolitan Museum.<\/em><\/figcaption><\/figure>\n<\/div>\n\n<div class=\"wp-block-image\">\n<figure class=\"aligncenter size-large\"><img loading=\"lazy\" decoding=\"async\" width=\"560\" height=\"375\" src=\"https:\/\/www.aparences.net\/wp-content\/uploads\/2021\/07\/paul-klee-le-navigateur-1923.jpg\" alt=\"Paul Klee. Escena de Batalla de la \u00f3pera c\u00f3mica El Navegante, 1923, Colecci\u00f3n privada.\" class=\"wp-image-23677\" title=\"Paul Klee. Escena de Batalla de la \u00f3pera c\u00f3mica El Navegante, 1923\" srcset=\"https:\/\/www.aparences.net\/wp-content\/uploads\/2021\/07\/paul-klee-le-navigateur-1923.jpg 560w, https:\/\/www.aparences.net\/wp-content\/uploads\/2021\/07\/paul-klee-le-navigateur-1923-160x107.jpg 160w\" sizes=\"auto, (max-width: 560px) 100vw, 560px\" \/><figcaption class=\"wp-element-caption\"><em>Escena de Batalla de la \u00f3pera c\u00f3mica El Navegante, 1923, Colecci\u00f3n privada.<\/em><\/figcaption><\/figure>\n<\/div>\n\n\n<p>Cansado de las luchas intestinas y las pasiones pol\u00edticas que hab\u00edan restringido su libertad de ense\u00f1anza, Klee abandon\u00f3 <strong>la Bauhaus<\/strong> en 1931. Ese mismo a\u00f1o acept\u00f3 un puesto de profesor en la Academia de D\u00fcsseldorf.<\/p>\n\n\n<div class=\"wp-block-image\">\n<figure class=\"aligncenter size-large\"><img loading=\"lazy\" decoding=\"async\" width=\"387\" height=\"386\" src=\"https:\/\/www.aparences.net\/wp-content\/uploads\/2021\/07\/paul-klee-buste-d-un-enfant-1933.jpg\" alt=\"Paul Klee. Busto de una ni\u00f1a, 1933, Berna, Kunstmuseum.\" class=\"wp-image-23679\" title=\"Paul Klee. Busto de una ni\u00f1a, 1933\" srcset=\"https:\/\/www.aparences.net\/wp-content\/uploads\/2021\/07\/paul-klee-buste-d-un-enfant-1933.jpg 387w, https:\/\/www.aparences.net\/wp-content\/uploads\/2021\/07\/paul-klee-buste-d-un-enfant-1933-100x100.jpg 100w, https:\/\/www.aparences.net\/wp-content\/uploads\/2021\/07\/paul-klee-buste-d-un-enfant-1933-160x160.jpg 160w, https:\/\/www.aparences.net\/wp-content\/uploads\/2021\/07\/paul-klee-buste-d-un-enfant-1933-150x150.jpg 150w\" sizes=\"auto, (max-width: 387px) 100vw, 387px\" \/><figcaption class=\"wp-element-caption\"><em>Busto de una ni\u00f1a, 1933, Berna, Kunstmuseum.<\/em><\/figcaption><\/figure>\n<\/div>\n\n\n<h2 class=\"wp-block-heading\">Ad Parnassum<\/h2>\n\n\n\n<p>Klee estaba tal vez menos influenciado por el neoimpresionismo o <a href=\"https:\/\/www.aparences.net\/es\/periodos\/postimpresionismo\/el-postimpresionismo\/\">postimpresionismo<\/a> que por el cubismo, pero a principios de los a\u00f1os treinta pint\u00f3 una serie de obras en las que hace uso de la division crom\u00e1tica. En 1932, pint\u00f3 un cuadro que se cuenta entre los de mayor formato en su producci\u00f3n, caracterizada por una clara preponderancia de los formatos peque\u00f1os. <em>Ad Parnassum<\/em>, re\u00fane en s\u00ed diversas t\u00e9cnicas y diversos principios de composici\u00f3n. A primera vista parece una mosaico sobre el que han sido trazadas algunas l\u00edneas. Peque\u00f1os ret\u00edculos de color diverso enmarcan una serie de puntos blancos que en parte han sido pintados de otro color. Unas cuantas l\u00edneas hacen surgir del centelleante mar de colores el conato de una arquitectura. Como siempre, <strong>Paul Klee<\/strong> transform\u00f3 el sistema que adopt\u00f3. Este trabajo, como los de <strong>Seurat<\/strong>, est\u00e1n compuestos por puntos de pintura. Pero Klee se diferenci\u00f3 del neoimpresionismo; no analiz\u00f3 el color en sus componentes para conseguir una mayor luminosidad, ni lo distribuy\u00f3 seg\u00fan la ley de los contrastes simult\u00e1neos como hac\u00eda Delaunay, sino que de hecho, pint\u00f3 l\u00edneas del mismo color. Otras influencia deben tambi\u00e9n ser tenidas en cuenta, como los <strong>mosaicos de Ravenna<\/strong> y Palermo por los que hab\u00eda mostrado gran inter\u00e9s y que tambi\u00e9n rompen las reglas.<\/p>\n\n\n<div class=\"wp-block-image\">\n<figure class=\"aligncenter size-large\"><img loading=\"lazy\" decoding=\"async\" width=\"585\" height=\"460\" src=\"https:\/\/www.aparences.net\/wp-content\/uploads\/2021\/07\/paul-klee-ad-parnassum-1932.jpg\" alt=\"Paul Klee. Ad Parnassum, 1932, Berna, Kunstmuseum.\" class=\"wp-image-23681\" srcset=\"https:\/\/www.aparences.net\/wp-content\/uploads\/2021\/07\/paul-klee-ad-parnassum-1932.jpg 585w, https:\/\/www.aparences.net\/wp-content\/uploads\/2021\/07\/paul-klee-ad-parnassum-1932-160x126.jpg 160w\" sizes=\"auto, (max-width: 585px) 100vw, 585px\" \/><figcaption class=\"wp-element-caption\"><em>Ad Parnassum, 1932, Berna, Kunstmuseum.<\/em><\/figcaption><\/figure>\n<\/div>\n\n\n<p>El tema es el Monte Parnaso, la monta\u00f1a de las musas y poetas en cuya falda se encuentra un templo en ruinas. Seg\u00fan la descripci\u00f3n que hace Grohman \u00ablos colores son m\u00e1s o menos cambiantes, de manera que el espectador experimente la transformaci\u00f3n del amanecer al mediod\u00eda. El largo y estrecho tri\u00e1ngulo sobre el sol significa la aurora, el pedazo puntiagudo blanco encima del templo es el mediod\u00eda. El t\u00edtulo, <em>Ad Parnassum<\/em>, es una invitaci\u00f3n al ascenso a la m\u00edtica monta\u00f1a en plena luz del d\u00eda. La puerta del templo en la base puede marcar el principio de la subida; puntiagudo el tri\u00e1ngulo anaranjado dorado podr\u00eda ser tambi\u00e9n una indicaci\u00f3n de m\u00e1s ruinas. \u00bfAcaso no estaban el <a href=\"https:\/\/es.wikipedia.org\/wiki\/Or%C3%A1culo_de_Delfos\">Or\u00e1culo de Delfos<\/a> y la fuente Castalia situado en los desfiladeros del Parnasso? \u00bfAcaso no podr\u00edan las ruinas referirse a ellos, por ejemplo? La luz ilumina un lugar dedicado a las musas desde el principio de los tiempos\u00bb.<\/p>\n\n\n\n<!-- AfterArticle2023 --><ins class=\"adsbygoogle\"     style=\"display:block;margin-bottom:5px;\"     data-ad-client=\"ca-pub-2468002815867636\"     data-ad-slot=\"3955176166\"     data-ad-format=\"auto\"     data-full-width-responsive=\"true\"><\/ins><script> (adsbygoogle = window.adsbygoogle || []).push({});<\/script><h2 class=\"wp-block-heading\">Las obras tard\u00edas<\/h2>\n\n\n\n<p>En los \u00faltimos a\u00f1os de su vida sus formatos se hicieron m\u00e1s grandes y la imaginer\u00eda se volvi\u00f3 m\u00e1s poderosa y monumental. Esto fue en parte el resultado de la enfermedad de <strong>Paul Klee<\/strong>, que empez\u00f3 en 1935. Los dibujos se hicieron cada vez m\u00e1s lapidarios y m\u00e1s parecidos a la escritura, recordando la caligraf\u00eda china o japonesa. Las obras tard\u00edas constituyen una recapitulaci\u00f3n no solo en el sentido autobiogr\u00e1fico, sino tambi\u00e9n en el est\u00e9tico, porque la naturaleza oscura y amenazada de la existencia humana siempre estuvo presente en su obra. <em>La Revoluci\u00f3n del viaducto<\/em> ha sido considerado como un cuadro de tema hist\u00f3rico, como la aportaci\u00f3n de Klee a la lucha contra el arte fascista. El cuadro se refiere a la situaci\u00f3n pol\u00edtica de la Alemania de entonces. Como contraste, <em>Leyenda del Nilo<\/em> expresa una clara afirmaci\u00f3n de la vida: colocados en campos de color azul que forman una trama se encuentran signos dorados semejantes a jerogl\u00edficos, que pueden interpretarse como botes, peces y plantas, en un cuadro que, con ser abstracto, no deja de ser figurativo.<\/p>\n\n\n<div class=\"wp-block-image\">\n<figure class=\"aligncenter size-large\"><img loading=\"lazy\" decoding=\"async\" width=\"618\" height=\"460\" src=\"https:\/\/www.aparences.net\/wp-content\/uploads\/2021\/07\/paul-klee-la-revolution-des-viaducs-1937.jpg\" alt=\"Paul Klee. La Revoluci\u00f3n del viaducto, 1937, Hamburgo, Hamburger Kunsthalle.\" class=\"wp-image-23683\" title=\"Paul Klee. La Revoluci\u00f3n del viaducto, 1937\" srcset=\"https:\/\/www.aparences.net\/wp-content\/uploads\/2021\/07\/paul-klee-la-revolution-des-viaducs-1937.jpg 618w, https:\/\/www.aparences.net\/wp-content\/uploads\/2021\/07\/paul-klee-la-revolution-des-viaducs-1937-160x119.jpg 160w\" sizes=\"auto, (max-width: 618px) 100vw, 618px\" \/><figcaption class=\"wp-element-caption\"><em>La Revoluci\u00f3n del viaducto, 1937, Hamburgo, Hamburger Kunsthalle.<\/em><\/figcaption><\/figure>\n<\/div>\n\n<div class=\"wp-block-image\">\n<figure class=\"aligncenter size-large\"><img loading=\"lazy\" decoding=\"async\" width=\"381\" height=\"460\" src=\"https:\/\/www.aparences.net\/wp-content\/uploads\/2021\/07\/paul-klee-la-legende-du-nil-1937.jpg\" alt=\"Paul Klee. La leyenda del Nilo, 1937, Berna, Kunstmuseum.\" class=\"wp-image-23685\" title=\"Paul Klee. La leyenda del Nilo, 1937\" srcset=\"https:\/\/www.aparences.net\/wp-content\/uploads\/2021\/07\/paul-klee-la-legende-du-nil-1937.jpg 381w, https:\/\/www.aparences.net\/wp-content\/uploads\/2021\/07\/paul-klee-la-legende-du-nil-1937-160x193.jpg 160w\" sizes=\"auto, (max-width: 381px) 100vw, 381px\" \/><figcaption class=\"wp-element-caption\"><em>La leyenda del Nilo, 1937, Berna, Kunstmuseum.<\/em><\/figcaption><\/figure>\n<\/div>\n\n\n<p>Klee continu\u00f3 empleando elementos que semejan jerogl\u00edficos en los cuadros que pint\u00f3 en 1938 como en <em>Parque cerca de Lu (cerna)<\/em>. Seg\u00fan el color y la forma de los signos, estos cuadros causan una impresi\u00f3n sombr\u00eda o tienen un efecto cat\u00e1rtico o expresan el germen de una actitud positiva frente a la vida; esto \u00faltimo ocurre con frecuencia, acaso porque Klee abrigaba la esperanza de recuperar la salud. Esta ambivalencia se manifiesta con toda claridad en <em>Insula dulcamara <\/em>que significa sencillamente \u00abisla agridulce\u00bb. El tema de este es el naufragio de Ulises en la Isla de Ogygia, tierra de la ninfa Calypso, y los esfuerzos de \u00e9sta para mantenerlo all\u00ed, lo que no consigui\u00f3 a pesar de haberle prometido la inmortalidad. <\/p>\n\n\n\n<p>El panel ha sido esbozado originalmente con carboncillo sobre papel de peri\u00f3dico que el artista despu\u00e9s peg\u00f3 a arpillera o lienzo con pasta de cola. En algunos lugares, se pueden ver fragmentos de anuncios o art\u00edculos debajo de la pintura, produciendo un ligero efecto alentador. Este cuadro es una incursion dentro del mundo hom\u00e9rico (en este caso <a href=\"https:\/\/www.aparences.net\/es\/tematicos\/mitologia-y-pintura\/la-odisea-contada-por-los-pintores\/\">La Odisea, contada tambi\u00e9n por otros pintores<\/a>). En el cuadro de Klee, los perfiles negros marcan la l\u00ednea de la costa de la isla y la cabeza erguida de un \u00eddolo con la vista fijada. Dos lunas, una saliendo otra poni\u00e9ndose, indican una turbaci\u00f3n en los cielos, mientras que un paquebote con dos chimeneas, visible en el horizonte, conecta el mito con el mundo moderno, como si el artista hubiera querido indicar su permanencia entre nosotros.<\/p>\n\n\n<div class=\"wp-block-image\">\n<figure class=\"aligncenter size-large\"><img loading=\"lazy\" decoding=\"async\" width=\"640\" height=\"312\" src=\"https:\/\/www.aparences.net\/wp-content\/uploads\/2021\/07\/paul-klee-insula-dulcamara-berne-1938.jpg\" alt=\"Paul Klee. Insula dulcamara (isla agridulce), 1938, Berna, Kunstmuseum.\" class=\"wp-image-23689\" title=\"Paul Klee. Insula dulcamara (isla agridulce), 1938\" srcset=\"https:\/\/www.aparences.net\/wp-content\/uploads\/2021\/07\/paul-klee-insula-dulcamara-berne-1938.jpg 640w, https:\/\/www.aparences.net\/wp-content\/uploads\/2021\/07\/paul-klee-insula-dulcamara-berne-1938-160x78.jpg 160w\" sizes=\"auto, (max-width: 640px) 100vw, 640px\" \/><figcaption class=\"wp-element-caption\"><em>Insula dulcamara (isla agridulce), 1938, Berna, Kunstmuseum.<\/em><\/figcaption><\/figure>\n<\/div>\n\n<div class=\"wp-block-image\">\n<figure class=\"aligncenter size-large\"><img loading=\"lazy\" decoding=\"async\" width=\"618\" height=\"427\" src=\"https:\/\/www.aparences.net\/wp-content\/uploads\/2021\/07\/paul-klee-parc-pres-de-lu-1938.jpg\" alt=\"Paul Klee. Parque cerca de Lu (cerna), 1938, Berna, Kunstmuseum.\" class=\"wp-image-23691\" title=\"Paul Klee. Parque cerca de Lu (cerna), 1938\" srcset=\"https:\/\/www.aparences.net\/wp-content\/uploads\/2021\/07\/paul-klee-parc-pres-de-lu-1938.jpg 618w, https:\/\/www.aparences.net\/wp-content\/uploads\/2021\/07\/paul-klee-parc-pres-de-lu-1938-160x111.jpg 160w\" sizes=\"auto, (max-width: 618px) 100vw, 618px\" \/><figcaption class=\"wp-element-caption\"><em>Parque cerca de Lu (cerna), 1938, Berna, Kunstmuseum.<\/em><\/figcaption><\/figure>\n<\/div>\n\n<div class=\"wp-block-image\">\n<figure class=\"aligncenter size-large\"><img loading=\"lazy\" decoding=\"async\" width=\"595\" height=\"460\" src=\"https:\/\/www.aparences.net\/wp-content\/uploads\/2021\/07\/paul-klee-exuberance-1939.jpg\" alt=\"Paul Klee. Alegr\u00eda desbordante, 1939, Exub\u00e9rance, Paris, Centre Pompidou.\" class=\"wp-image-23693\" title=\"Paul Klee. Alegr\u00eda desbordante, 1939\" srcset=\"https:\/\/www.aparences.net\/wp-content\/uploads\/2021\/07\/paul-klee-exuberance-1939.jpg 595w, https:\/\/www.aparences.net\/wp-content\/uploads\/2021\/07\/paul-klee-exuberance-1939-160x124.jpg 160w\" sizes=\"auto, (max-width: 595px) 100vw, 595px\" \/><figcaption class=\"wp-element-caption\"><em>Alegr\u00eda desbordante, 1939, Exub\u00e9rance, Paris, Centre Pompidou.<\/em><\/figcaption><\/figure>\n<\/div>\n\n\n<p>Las obras tard\u00edas de <strong>Paul Klee<\/strong> constituyen una recapitulaci\u00f3n no s\u00f3lo en el sentido autobiogr\u00e1fico, sino tambi\u00e9n en el est\u00e9tico, porque la naturaleza oscura y amenazada de la existencia humana siempre estuvo presente en su obra. Su \u00faltima obra fue una naturaleza muerta con floreros, un jarr\u00f3n, una escultura, una mesa decorada con flores y la luna. Abajo, a la izquierda, sobre un fondo blanco, se ve a Jacob luchando con el \u00e1ngel y una cruz. El \u00faltimo encuentro entre una noche diurna y un d\u00eda nocturno, al que tantas veces Klee hab\u00eda aspirado, no le hab\u00eda sido concedido.<\/p>\n\n\n<div class=\"wp-block-image\">\n<figure class=\"aligncenter size-large\"><img loading=\"lazy\" decoding=\"async\" width=\"369\" height=\"460\" src=\"https:\/\/www.aparences.net\/wp-content\/uploads\/2021\/07\/paul-klee-nature-morte-sur-fond-noir-1940.jpg\" alt=\"Paul Klee. Naturaleza muerta, 1940, Suiza, Colecci\u00f3n privada.\" class=\"wp-image-23695\" title=\"Paul Klee. Naturaleza muerta, 1940\" srcset=\"https:\/\/www.aparences.net\/wp-content\/uploads\/2021\/07\/paul-klee-nature-morte-sur-fond-noir-1940.jpg 369w, https:\/\/www.aparences.net\/wp-content\/uploads\/2021\/07\/paul-klee-nature-morte-sur-fond-noir-1940-160x199.jpg 160w\" sizes=\"auto, (max-width: 369px) 100vw, 369px\" \/><figcaption class=\"wp-element-caption\"><em>Naturaleza muerta, 1940, Suiza, Colecci\u00f3n privada.<\/em><\/figcaption><\/figure>\n<\/div>\n\n<p><!-- \/wp:post-content --><\/p>\n<p><!-- wp:separator --><\/p>\n<hr class=\"wp-block-separator\"><!-- \/wp:separator --><\/p>\n<p><!-- wp:heading {\"level\":4} --><\/p>\n<h4>Bibliograf\u00eda<\/h4>\n<p><!-- \/wp:heading --><\/p>\n<p><!-- wp:paragraph --><\/p>\n<p>Jard\u00ed, Enric. <em>Paul Klee<\/em>. Albin Michel, 1990<br \/>Ferrier, Jean-Louis. <em>Paul Klee<\/em>. Terrail, 2001<br \/>Partsch, Susana. <em>Paul Klee 1879-1940<\/em>. Taschen, 2001<br \/>Gonthier, Pierre-Henri. <em>Paul Klee<\/em>. Th\u00e9orie de l\u2019art moderne. Gallimard, 1998<br \/>Delpech, Sylvie ; Leclerc, Caroline. <em>Paul Klee<\/em>. Palette, 2006<\/p>\n<p><!-- \/wp:paragraph --><\/p>","protected":false},"excerpt":{"rendered":"<p>Al igual que Kandinsky, Klee anclaba sus premisas te\u00f3ricas en un sistema c\u00f3smico unitario y en el estudio de la naturaleza.<\/p>\n","protected":false},"author":2,"featured_media":23799,"comment_status":"closed","ping_status":"closed","sticky":false,"template":"","format":"standard","meta":{"footnotes":""},"categories":[5571],"tags":[5606,4388,5604,5605],"class_list":["post-23696","post","type-post","status-publish","format-standard","has-post-thumbnail","hentry","category-los-artistas-de-la-bauhaus","tag-ad-parnassum-2","tag-paul-klee-es","tag-paul-klee-en-la-bauhaus","tag-paul-klee-en-tunez"],"yoast_head":"<!-- This site is optimized with the Yoast SEO plugin v27.2 - https:\/\/yoast.com\/product\/yoast-seo-wordpress\/ -->\n<title>Paul Klee, el artista erudito<\/title>\n<meta name=\"description\" content=\"Al igual que Kandinsky, Klee anclaba sus premisas te\u00f3ricas en un sistema c\u00f3smico unitario y en el estudio de la naturaleza.\" \/>\n<meta name=\"robots\" content=\"index, follow, max-snippet:-1, max-image-preview:large, max-video-preview:-1\" \/>\n<link rel=\"canonical\" href=\"https:\/\/www.aparences.net\/es\/tematicos\/los-artistas-de-la-bauhaus\/paul-klee-el-artista-erudito\/\" \/>\n<meta property=\"og:locale\" content=\"es_ES\" \/>\n<meta property=\"og:type\" content=\"article\" \/>\n<meta property=\"og:title\" content=\"Paul Klee, el artista erudito\" \/>\n<meta property=\"og:description\" content=\"Al igual que Kandinsky, Klee anclaba sus premisas te\u00f3ricas en un sistema c\u00f3smico unitario y en el estudio de la naturaleza.\" \/>\n<meta property=\"og:url\" content=\"https:\/\/www.aparences.net\/es\/tematicos\/los-artistas-de-la-bauhaus\/paul-klee-el-artista-erudito\/\" \/>\n<meta property=\"og:site_name\" content=\"Aparences\" \/>\n<meta property=\"article:published_time\" content=\"2021-09-05T09:01:52+00:00\" \/>\n<meta property=\"article:modified_time\" content=\"2026-02-01T09:20:40+00:00\" \/>\n<meta property=\"og:image\" content=\"https:\/\/www.aparences.net\/wp-content\/uploads\/2021\/08\/paul-klee-.jpg\" \/>\n\t<meta property=\"og:image:width\" content=\"1080\" \/>\n\t<meta property=\"og:image:height\" content=\"540\" \/>\n\t<meta property=\"og:image:type\" content=\"image\/jpeg\" \/>\n<meta name=\"author\" content=\"admin\" \/>\n<meta name=\"twitter:card\" content=\"summary_large_image\" \/>\n<meta name=\"twitter:label1\" content=\"Escrito por\" \/>\n\t<meta name=\"twitter:data1\" content=\"admin\" \/>\n\t<meta name=\"twitter:label2\" content=\"Tiempo de lectura\" \/>\n\t<meta name=\"twitter:data2\" content=\"19 minutos\" \/>\n<script type=\"application\/ld+json\" class=\"yoast-schema-graph\">{\"@context\":\"https:\/\/schema.org\",\"@graph\":[{\"@type\":\"Article\",\"@id\":\"https:\/\/www.aparences.net\/es\/tematicos\/los-artistas-de-la-bauhaus\/paul-klee-el-artista-erudito\/#article\",\"isPartOf\":{\"@id\":\"https:\/\/www.aparences.net\/es\/tematicos\/los-artistas-de-la-bauhaus\/paul-klee-el-artista-erudito\/\"},\"author\":{\"name\":\"admin\",\"@id\":\"https:\/\/www.aparences.net\/es\/#\/schema\/person\/af349f6ffc31b16c68963e61268afca5\"},\"headline\":\"Paul Klee, el artista erudito\",\"datePublished\":\"2021-09-05T09:01:52+00:00\",\"dateModified\":\"2026-02-01T09:20:40+00:00\",\"mainEntityOfPage\":{\"@id\":\"https:\/\/www.aparences.net\/es\/tematicos\/los-artistas-de-la-bauhaus\/paul-klee-el-artista-erudito\/\"},\"wordCount\":3259,\"publisher\":{\"@id\":\"https:\/\/www.aparences.net\/es\/#organization\"},\"image\":{\"@id\":\"https:\/\/www.aparences.net\/es\/tematicos\/los-artistas-de-la-bauhaus\/paul-klee-el-artista-erudito\/#primaryimage\"},\"thumbnailUrl\":\"https:\/\/www.aparences.net\/wp-content\/uploads\/2021\/08\/paul-klee-.jpg\",\"keywords\":[\"Ad Parnassum\",\"Paul Klee\",\"Paul Klee en la Bauhaus\",\"Paul Klee en T\u00fanez\"],\"articleSection\":[\"Los artistas de la Bauhaus\"],\"inLanguage\":\"es\"},{\"@type\":[\"WebPage\",\"ItemPage\"],\"@id\":\"https:\/\/www.aparences.net\/es\/tematicos\/los-artistas-de-la-bauhaus\/paul-klee-el-artista-erudito\/\",\"url\":\"https:\/\/www.aparences.net\/es\/tematicos\/los-artistas-de-la-bauhaus\/paul-klee-el-artista-erudito\/\",\"name\":\"Paul Klee, el artista erudito\",\"isPartOf\":{\"@id\":\"https:\/\/www.aparences.net\/es\/#website\"},\"primaryImageOfPage\":{\"@id\":\"https:\/\/www.aparences.net\/es\/tematicos\/los-artistas-de-la-bauhaus\/paul-klee-el-artista-erudito\/#primaryimage\"},\"image\":{\"@id\":\"https:\/\/www.aparences.net\/es\/tematicos\/los-artistas-de-la-bauhaus\/paul-klee-el-artista-erudito\/#primaryimage\"},\"thumbnailUrl\":\"https:\/\/www.aparences.net\/wp-content\/uploads\/2021\/08\/paul-klee-.jpg\",\"datePublished\":\"2021-09-05T09:01:52+00:00\",\"dateModified\":\"2026-02-01T09:20:40+00:00\",\"description\":\"Al igual que Kandinsky, Klee anclaba sus premisas te\u00f3ricas en un sistema c\u00f3smico unitario y en el estudio de la naturaleza.\",\"breadcrumb\":{\"@id\":\"https:\/\/www.aparences.net\/es\/tematicos\/los-artistas-de-la-bauhaus\/paul-klee-el-artista-erudito\/#breadcrumb\"},\"inLanguage\":\"es\",\"potentialAction\":[{\"@type\":\"ReadAction\",\"target\":[\"https:\/\/www.aparences.net\/es\/tematicos\/los-artistas-de-la-bauhaus\/paul-klee-el-artista-erudito\/\"]}]},{\"@type\":\"ImageObject\",\"inLanguage\":\"es\",\"@id\":\"https:\/\/www.aparences.net\/es\/tematicos\/los-artistas-de-la-bauhaus\/paul-klee-el-artista-erudito\/#primaryimage\",\"url\":\"https:\/\/www.aparences.net\/wp-content\/uploads\/2021\/08\/paul-klee-.jpg\",\"contentUrl\":\"https:\/\/www.aparences.net\/wp-content\/uploads\/2021\/08\/paul-klee-.jpg\",\"width\":1080,\"height\":540},{\"@type\":\"BreadcrumbList\",\"@id\":\"https:\/\/www.aparences.net\/es\/tematicos\/los-artistas-de-la-bauhaus\/paul-klee-el-artista-erudito\/#breadcrumb\",\"itemListElement\":[{\"@type\":\"ListItem\",\"position\":1,\"name\":\"Portada\",\"item\":\"https:\/\/www.aparences.net\/es\/\"},{\"@type\":\"ListItem\",\"position\":2,\"name\":\"Paul Klee, el artista erudito\"}]},{\"@type\":\"WebSite\",\"@id\":\"https:\/\/www.aparences.net\/es\/#website\",\"url\":\"https:\/\/www.aparences.net\/es\/\",\"name\":\"Aparences: Historia del Arte y Actualidad Cultural\",\"description\":\"\",\"publisher\":{\"@id\":\"https:\/\/www.aparences.net\/es\/#organization\"},\"potentialAction\":[{\"@type\":\"SearchAction\",\"target\":{\"@type\":\"EntryPoint\",\"urlTemplate\":\"https:\/\/www.aparences.net\/es\/?s={search_term_string}\"},\"query-input\":{\"@type\":\"PropertyValueSpecification\",\"valueRequired\":true,\"valueName\":\"search_term_string\"}}],\"inLanguage\":\"es\"},{\"@type\":\"Organization\",\"@id\":\"https:\/\/www.aparences.net\/es\/#organization\",\"name\":\"Aparences: Historia del Arte y Actualidad Cultural\",\"url\":\"https:\/\/www.aparences.net\/es\/\",\"logo\":{\"@type\":\"ImageObject\",\"inLanguage\":\"es\",\"@id\":\"https:\/\/www.aparences.net\/es\/#\/schema\/logo\/image\/\",\"url\":\"https:\/\/www.aparences.net\/wp-content\/uploads\/2023\/09\/logo-quadrat-color-e1695915315229.png\",\"contentUrl\":\"https:\/\/www.aparences.net\/wp-content\/uploads\/2023\/09\/logo-quadrat-color-e1695915315229.png\",\"width\":120,\"height\":120,\"caption\":\"Aparences: Historia del Arte y Actualidad Cultural\"},\"image\":{\"@id\":\"https:\/\/www.aparences.net\/es\/#\/schema\/logo\/image\/\"}},{\"@type\":\"Person\",\"@id\":\"https:\/\/www.aparences.net\/es\/#\/schema\/person\/af349f6ffc31b16c68963e61268afca5\",\"name\":\"admin\",\"url\":\"https:\/\/www.aparences.net\/es\/author\/admin\/\"}]}<\/script>\n<!-- \/ Yoast SEO plugin. -->","yoast_head_json":{"title":"Paul Klee, el artista erudito","description":"Al igual que Kandinsky, Klee anclaba sus premisas te\u00f3ricas en un sistema c\u00f3smico unitario y en el estudio de la naturaleza.","robots":{"index":"index","follow":"follow","max-snippet":"max-snippet:-1","max-image-preview":"max-image-preview:large","max-video-preview":"max-video-preview:-1"},"canonical":"https:\/\/www.aparences.net\/es\/tematicos\/los-artistas-de-la-bauhaus\/paul-klee-el-artista-erudito\/","og_locale":"es_ES","og_type":"article","og_title":"Paul Klee, el artista erudito","og_description":"Al igual que Kandinsky, Klee anclaba sus premisas te\u00f3ricas en un sistema c\u00f3smico unitario y en el estudio de la naturaleza.","og_url":"https:\/\/www.aparences.net\/es\/tematicos\/los-artistas-de-la-bauhaus\/paul-klee-el-artista-erudito\/","og_site_name":"Aparences","article_published_time":"2021-09-05T09:01:52+00:00","article_modified_time":"2026-02-01T09:20:40+00:00","og_image":[{"width":1080,"height":540,"url":"https:\/\/www.aparences.net\/wp-content\/uploads\/2021\/08\/paul-klee-.jpg","type":"image\/jpeg"}],"author":"admin","twitter_card":"summary_large_image","twitter_misc":{"Escrito por":"admin","Tiempo de lectura":"19 minutos"},"schema":{"@context":"https:\/\/schema.org","@graph":[{"@type":"Article","@id":"https:\/\/www.aparences.net\/es\/tematicos\/los-artistas-de-la-bauhaus\/paul-klee-el-artista-erudito\/#article","isPartOf":{"@id":"https:\/\/www.aparences.net\/es\/tematicos\/los-artistas-de-la-bauhaus\/paul-klee-el-artista-erudito\/"},"author":{"name":"admin","@id":"https:\/\/www.aparences.net\/es\/#\/schema\/person\/af349f6ffc31b16c68963e61268afca5"},"headline":"Paul Klee, el artista erudito","datePublished":"2021-09-05T09:01:52+00:00","dateModified":"2026-02-01T09:20:40+00:00","mainEntityOfPage":{"@id":"https:\/\/www.aparences.net\/es\/tematicos\/los-artistas-de-la-bauhaus\/paul-klee-el-artista-erudito\/"},"wordCount":3259,"publisher":{"@id":"https:\/\/www.aparences.net\/es\/#organization"},"image":{"@id":"https:\/\/www.aparences.net\/es\/tematicos\/los-artistas-de-la-bauhaus\/paul-klee-el-artista-erudito\/#primaryimage"},"thumbnailUrl":"https:\/\/www.aparences.net\/wp-content\/uploads\/2021\/08\/paul-klee-.jpg","keywords":["Ad Parnassum","Paul Klee","Paul Klee en la Bauhaus","Paul Klee en T\u00fanez"],"articleSection":["Los artistas de la Bauhaus"],"inLanguage":"es"},{"@type":["WebPage","ItemPage"],"@id":"https:\/\/www.aparences.net\/es\/tematicos\/los-artistas-de-la-bauhaus\/paul-klee-el-artista-erudito\/","url":"https:\/\/www.aparences.net\/es\/tematicos\/los-artistas-de-la-bauhaus\/paul-klee-el-artista-erudito\/","name":"Paul Klee, el artista erudito","isPartOf":{"@id":"https:\/\/www.aparences.net\/es\/#website"},"primaryImageOfPage":{"@id":"https:\/\/www.aparences.net\/es\/tematicos\/los-artistas-de-la-bauhaus\/paul-klee-el-artista-erudito\/#primaryimage"},"image":{"@id":"https:\/\/www.aparences.net\/es\/tematicos\/los-artistas-de-la-bauhaus\/paul-klee-el-artista-erudito\/#primaryimage"},"thumbnailUrl":"https:\/\/www.aparences.net\/wp-content\/uploads\/2021\/08\/paul-klee-.jpg","datePublished":"2021-09-05T09:01:52+00:00","dateModified":"2026-02-01T09:20:40+00:00","description":"Al igual que Kandinsky, Klee anclaba sus premisas te\u00f3ricas en un sistema c\u00f3smico unitario y en el estudio de la naturaleza.","breadcrumb":{"@id":"https:\/\/www.aparences.net\/es\/tematicos\/los-artistas-de-la-bauhaus\/paul-klee-el-artista-erudito\/#breadcrumb"},"inLanguage":"es","potentialAction":[{"@type":"ReadAction","target":["https:\/\/www.aparences.net\/es\/tematicos\/los-artistas-de-la-bauhaus\/paul-klee-el-artista-erudito\/"]}]},{"@type":"ImageObject","inLanguage":"es","@id":"https:\/\/www.aparences.net\/es\/tematicos\/los-artistas-de-la-bauhaus\/paul-klee-el-artista-erudito\/#primaryimage","url":"https:\/\/www.aparences.net\/wp-content\/uploads\/2021\/08\/paul-klee-.jpg","contentUrl":"https:\/\/www.aparences.net\/wp-content\/uploads\/2021\/08\/paul-klee-.jpg","width":1080,"height":540},{"@type":"BreadcrumbList","@id":"https:\/\/www.aparences.net\/es\/tematicos\/los-artistas-de-la-bauhaus\/paul-klee-el-artista-erudito\/#breadcrumb","itemListElement":[{"@type":"ListItem","position":1,"name":"Portada","item":"https:\/\/www.aparences.net\/es\/"},{"@type":"ListItem","position":2,"name":"Paul Klee, el artista erudito"}]},{"@type":"WebSite","@id":"https:\/\/www.aparences.net\/es\/#website","url":"https:\/\/www.aparences.net\/es\/","name":"Aparences: Historia del Arte y Actualidad Cultural","description":"","publisher":{"@id":"https:\/\/www.aparences.net\/es\/#organization"},"potentialAction":[{"@type":"SearchAction","target":{"@type":"EntryPoint","urlTemplate":"https:\/\/www.aparences.net\/es\/?s={search_term_string}"},"query-input":{"@type":"PropertyValueSpecification","valueRequired":true,"valueName":"search_term_string"}}],"inLanguage":"es"},{"@type":"Organization","@id":"https:\/\/www.aparences.net\/es\/#organization","name":"Aparences: Historia del Arte y Actualidad Cultural","url":"https:\/\/www.aparences.net\/es\/","logo":{"@type":"ImageObject","inLanguage":"es","@id":"https:\/\/www.aparences.net\/es\/#\/schema\/logo\/image\/","url":"https:\/\/www.aparences.net\/wp-content\/uploads\/2023\/09\/logo-quadrat-color-e1695915315229.png","contentUrl":"https:\/\/www.aparences.net\/wp-content\/uploads\/2023\/09\/logo-quadrat-color-e1695915315229.png","width":120,"height":120,"caption":"Aparences: Historia del Arte y Actualidad Cultural"},"image":{"@id":"https:\/\/www.aparences.net\/es\/#\/schema\/logo\/image\/"}},{"@type":"Person","@id":"https:\/\/www.aparences.net\/es\/#\/schema\/person\/af349f6ffc31b16c68963e61268afca5","name":"admin","url":"https:\/\/www.aparences.net\/es\/author\/admin\/"}]}},"_links":{"self":[{"href":"https:\/\/www.aparences.net\/es\/wp-json\/wp\/v2\/posts\/23696","targetHints":{"allow":["GET"]}}],"collection":[{"href":"https:\/\/www.aparences.net\/es\/wp-json\/wp\/v2\/posts"}],"about":[{"href":"https:\/\/www.aparences.net\/es\/wp-json\/wp\/v2\/types\/post"}],"author":[{"embeddable":true,"href":"https:\/\/www.aparences.net\/es\/wp-json\/wp\/v2\/users\/2"}],"replies":[{"embeddable":true,"href":"https:\/\/www.aparences.net\/es\/wp-json\/wp\/v2\/comments?post=23696"}],"version-history":[{"count":0,"href":"https:\/\/www.aparences.net\/es\/wp-json\/wp\/v2\/posts\/23696\/revisions"}],"wp:featuredmedia":[{"embeddable":true,"href":"https:\/\/www.aparences.net\/es\/wp-json\/wp\/v2\/media\/23799"}],"wp:attachment":[{"href":"https:\/\/www.aparences.net\/es\/wp-json\/wp\/v2\/media?parent=23696"}],"wp:term":[{"taxonomy":"category","embeddable":true,"href":"https:\/\/www.aparences.net\/es\/wp-json\/wp\/v2\/categories?post=23696"},{"taxonomy":"post_tag","embeddable":true,"href":"https:\/\/www.aparences.net\/es\/wp-json\/wp\/v2\/tags?post=23696"}],"curies":[{"name":"wp","href":"https:\/\/api.w.org\/{rel}","templated":true}]}}