{"id":23789,"date":"2021-09-05T18:16:12","date_gmt":"2021-09-05T16:16:12","guid":{"rendered":"https:\/\/www.aparences.net\/?p=23789"},"modified":"2025-12-11T19:40:55","modified_gmt":"2025-12-11T18:40:55","slug":"oskar-schlemmer-la-figura-y-el-espacio","status":"publish","type":"post","link":"https:\/\/www.aparences.net\/es\/tematicos\/los-artistas-de-la-bauhaus\/oskar-schlemmer-la-figura-y-el-espacio\/","title":{"rendered":"Oskar Schlemmer: la figura y el espacio"},"content":{"rendered":"<p><!--contents--><\/p>\n\n\n<h2 class=\"wp-block-heading\">Influencias<\/h2>\n\n\n\n<p>Oskar Schlemmer naci\u00f3 el 4 de septiembre de 1888 en Stuttgart. Tras abandonar la escuela, estudi\u00f3 en la Escuela de Artes y Oficios de Stuttgart, donde entabl\u00f3 amistad con <strong>Willi Baumeister<\/strong> y <strong>Otto Meyer-Amden<\/strong>, quienes ejercieron una enorme influencia en su concepci\u00f3n de la obra de arte como s\u00edntesis total de im\u00e1genes naturales y estructuras geom\u00e9tricas; concepto que posteriormente profundiz\u00f3 al conocer a <a href=\"https:\/\/www.aparences.net\/es\/periodos\/postimpresionismo\/paul-cezanne\/\">C\u00e9zanne<\/a>, <strong>Seurat<\/strong> y el <a href=\"https:\/\/www.aparences.net\/es\/periodos\/arte-moderno\/cubismo\/\">cubismo<\/a>. De 1910 a 1912, Schlemmer vivi\u00f3 en Berl\u00edn. Vio obras de cubistas y <a href=\"https:\/\/www.aparences.net\/es\/periodos\/der-blaue-reiter\/\">artistas del Blaue Reiter<\/a> en torno a Franz Marc y Vassily Kandinsky, cuyo manifiesto <em>Sobre lo espiritual en el arte<\/em> tuvo una profunda influencia en \u00e9l. En 1912, Schlemmer retom\u00f3 sus estudios con su maestro Adolf H\u00f6lzel en Stuttgart. Inspirado por el cubismo y las ense\u00f1anzas libres de H\u00f6lzel, las obras que cre\u00f3 reduc\u00edan la forma y el color a una concentraci\u00f3n pict\u00f3rica. Fue en esa \u00e9poca cuando en su diario \u00edntimo Schlemmer comenz\u00f3 a describir, con detalle y pasi\u00f3n, la interacci\u00f3n entre la coreograf\u00eda, el vestuario, la escenograf\u00eda y la m\u00fasica y realiz\u00f3 los primeros bocetos de ballets.<\/p>\n\n\n<div class=\"wp-block-image\">\n<figure class=\"aligncenter size-large\"><img loading=\"lazy\" decoding=\"async\" width=\"335\" height=\"420\" src=\"https:\/\/www.aparences.net\/wp-content\/uploads\/2021\/07\/oskar-schlemmer-tete-de-fille-1913.jpg\" alt=\"Oskar Schlemmer. Cabeza de ni\u00f1a en plata, 1913, Stuttgart, Staatsgalerie.\" class=\"wp-image-23742\" title=\"Oskar Schlemmer. Cabeza de ni\u00f1a en plata, 1913\" srcset=\"https:\/\/www.aparences.net\/wp-content\/uploads\/2021\/07\/oskar-schlemmer-tete-de-fille-1913.jpg 335w, https:\/\/www.aparences.net\/wp-content\/uploads\/2021\/07\/oskar-schlemmer-tete-de-fille-1913-160x201.jpg 160w\" sizes=\"auto, (max-width: 335px) 100vw, 335px\" \/><figcaption class=\"wp-element-caption\"><em>Cabeza de ni\u00f1a en plata, 1913, Stuttgart, Staatsgalerie.<\/em><\/figcaption><\/figure>\n<\/div>\n\n<div class=\"wp-block-image\">\n<figure class=\"aligncenter size-large\"><img loading=\"lazy\" decoding=\"async\" width=\"476\" height=\"339\" src=\"https:\/\/www.aparences.net\/wp-content\/uploads\/2021\/07\/oskar-schlemmer-plan-avec-figures-1919.jpg\" alt=\"Oskar Schlemmer. Plano con figuras, 1919, Stuttgart, Staatsgalerie.\" class=\"wp-image-23744\" title=\"Oskar Schlemmer. Plano con figuras, 1919\" srcset=\"https:\/\/www.aparences.net\/wp-content\/uploads\/2021\/07\/oskar-schlemmer-plan-avec-figures-1919.jpg 476w, https:\/\/www.aparences.net\/wp-content\/uploads\/2021\/07\/oskar-schlemmer-plan-avec-figures-1919-160x114.jpg 160w\" sizes=\"auto, (max-width: 476px) 100vw, 476px\" \/><figcaption class=\"wp-element-caption\"><em>Plano con figuras, 1919, Stuttgart, Staatsgalerie.<\/em><\/figcaption><\/figure>\n<\/div>\n\n\n<p>Hoy en d\u00eda, el nombre de Oskar Schlemmer se asocia principalmente a <a href=\"https:\/\/www.aparences.net\/es\/tematicos\/los-artistas-de-la-bauhaus\/la-escuela-de-arte-de-la-bauhaus\/\">la Bauhaus<\/a>, fundada en Weimar en 1919. Su cuadro <em>La escalera de la Bauhaus<\/em> y Las figuras del <em>Ballet tri\u00e1dico<\/em> se han convertido en iconos de la \u00e9poca moderna cl\u00e1sica. En estas dos obras clave, Schlemmer redujo la figura humana a formas esquem\u00e1ticas que, para \u00e9l, representaban abstracciones del nuevo ser humano.<\/p>\n\n\n\n<h2 class=\"wp-block-heading\">En la Bauhaus de Weimar 1920-1925<\/h2>\n\n\n\n<p>Cuando Walter Gropius fund\u00f3 la Bauhaus de Weimar en 1919, pretend\u00eda combinar la Escuela de Artes Decorativas con la Academia de Bellas Artes. Por primera vez, las bellas artes, las artes esc\u00e9nicas y las artes aplicadas se ense\u00f1aron juntas. Gropius invit\u00f3 a Schlemmer en 1919, con el que firm\u00f3 un contrato de tres a\u00f1os como \u00abMaestro de la Bauhaus\u00bb. Acababa de casarse con Helena Tutein, llamada Tut. La pareja se instal\u00f3 en Weimar, donde Tut dio a luz al primero de sus tres hijos. Schlemmer imparti\u00f3 primero la clase de pintura mural hasta que <a href=\"https:\/\/www.aparences.net\/es\/periodos\/la-vanguardia-rusa\/wassily-kandinsky-en-la-bauhaus\/\">Vasiliy Kandinsky<\/a> fue designado para este puesto. Schlemmer se hizo cargo de la clase de escultura de madera y piedra, ense\u00f1\u00f3 el desnudo, y fue maestro temporal del taller de metal y, a partir de 1923, tambi\u00e9n dirigi\u00f3 la escena de la Bauhaus. La escultura, que s\u00f3lo puede percibirse plenamente a trav\u00e9s del movimiento del espectador, estaba ahora en el centro de su trabajo creativo.<\/p>\n\n\n<div class=\"wp-block-image\">\n<figure class=\"aligncenter size-large\"><img loading=\"lazy\" decoding=\"async\" width=\"355\" height=\"339\" src=\"https:\/\/www.aparences.net\/wp-content\/uploads\/2021\/07\/oskar-schlemmer-tete-abstraite-1923.jpg\" alt=\"Oskar Schlemmer. Cabeza abstracta, 1923 (Reconstrucci\u00f3n) ; Perfil en amarillo. Tempera sobre lienzo montado en alambre y cuatro maderas.\" class=\"wp-image-23746\" title=\"Oskar Schlemmer. Cabeza abstracta, 1923 (Reconstrucci\u00f3n) ; Perfil en amarillo.\" srcset=\"https:\/\/www.aparences.net\/wp-content\/uploads\/2021\/07\/oskar-schlemmer-tete-abstraite-1923.jpg 355w, https:\/\/www.aparences.net\/wp-content\/uploads\/2021\/07\/oskar-schlemmer-tete-abstraite-1923-160x153.jpg 160w\" sizes=\"auto, (max-width: 355px) 100vw, 355px\" \/><figcaption class=\"wp-element-caption\"><em>Cabeza abstracta, 1923 (Reconstrucci\u00f3n) ; Perfil en amarillo. Tempera sobre lienzo montado en alambre y cuatro maderas.<\/em><\/figcaption><\/figure>\n<\/div>\n\n<div class=\"wp-block-image\">\n<figure class=\"aligncenter size-large\"><img loading=\"lazy\" decoding=\"async\" width=\"542\" height=\"342\" src=\"https:\/\/www.aparences.net\/wp-content\/uploads\/2021\/07\/oskar-schlemmer-group-a-table-1923.jpg\" alt=\"Oskar Schlemmer. Grupo en la mesa, 1923, Colecci\u00f3n privada.\" class=\"wp-image-23748\" title=\"Oskar Schlemmer. Grupo en la mesa, 1923\" srcset=\"https:\/\/www.aparences.net\/wp-content\/uploads\/2021\/07\/oskar-schlemmer-group-a-table-1923.jpg 542w, https:\/\/www.aparences.net\/wp-content\/uploads\/2021\/07\/oskar-schlemmer-group-a-table-1923-160x101.jpg 160w\" sizes=\"auto, (max-width: 542px) 100vw, 542px\" \/><figcaption class=\"wp-element-caption\"><em>Grupo en la mesa, 1923, Colecci\u00f3n privada.<\/em><\/figcaption><\/figure>\n<\/div>\n\n\n<!-- AdBoxRight2020 --><ins class=\"adsbygoogle\"     style=\"display:block; margin-top:30px;\"     data-ad-client=\"ca-pub-2468002815867636\"     data-ad-slot=\"3496014735\"     data-ad-format=\"auto\"     data-full-width-responsive=\"false\"><\/ins><script> (adsbygoogle = window.adsbygoogle || []).push({});<\/script><h2 class=\"wp-block-heading\">El Ballet Tri\u00e1dico<\/h2>\n\n\n\n<p>Con <em>el Ballet Tri\u00e1dico<\/em>, Schlemmer continu\u00f3 su investigaci\u00f3n sobre la relaci\u00f3n entre la figura y el espacio introduciendo el momento del movimiento. Los trajes, que describi\u00f3 como \u00abesculturas de colores y met\u00e1licas que, llevadas por los bailarines, se mueven en el espacio\u00bb, transforman sistem\u00e1ticamente el espacio pict\u00f3rico en espacio esc\u00e9nico. Las formas geom\u00e9tricas de los voluminosos trajes obligaban a los bailarines a moverse como marionetas, creando una abstracci\u00f3n motriz que remit\u00eda al movimiento humano en el espacio. <\/p>\n\n\n\n<p>Partes de su famoso <em>Ballet Tri\u00e1dico<\/em> (1922), para el que Paul Hindemith escribi\u00f3 en 1926 una nueva instrumentaci\u00f3n para \u00f3rgano mec\u00e1nico, ya se hab\u00eda interpretado en Stuttgart durante la guerra como entretenimiento para el ej\u00e9rcito en 1916. Seg\u00fan Schlemmer, se inspir\u00f3 en el cuadro <em>Le Chahut<\/em> de <strong>Seurat<\/strong> para crear este ballet. \u00abEn los cuadros de Seurat, los movimientos de danza m\u00e1s vigorosos se consiguen mediante formas vigorosas (en estrictas l\u00edneas rectas)\u00bb, escribi\u00f3 Schlemmer. Encontr\u00f3 una base intelectual, o una concepci\u00f3n preliminar, por as\u00ed decirlo, en el ensayo de Heinrich von Kleist sobre el teatro de marionetas. La artificialidad mec\u00e1nica de la marioneta se convirti\u00f3 en el modelo de la danza abstracta de Schlemmer.<\/p>\n\n\n<div class=\"wp-block-image\">\n<figure class=\"aligncenter size-large\"><img loading=\"lazy\" decoding=\"async\" width=\"452\" height=\"324\" src=\"https:\/\/www.aparences.net\/wp-content\/uploads\/2021\/07\/oskar-schlmmer-figurines-ballet-triadique.jpg\" alt=\"Oskar Schlemmer. Las figuras del Ballet Tri\u00e1dico, 1922, Stuttgart, Staatsgalerie.\" class=\"wp-image-23750\" title=\"Oskar Schlemmer. Las figuras del Ballet Tri\u00e1dico, 1922\" srcset=\"https:\/\/www.aparences.net\/wp-content\/uploads\/2021\/07\/oskar-schlmmer-figurines-ballet-triadique.jpg 452w, https:\/\/www.aparences.net\/wp-content\/uploads\/2021\/07\/oskar-schlmmer-figurines-ballet-triadique-160x115.jpg 160w\" sizes=\"auto, (max-width: 452px) 100vw, 452px\" \/><figcaption class=\"wp-element-caption\"><em>Las figuras del Ballet Tri\u00e1dico, 1922, Stuttgart, Staatsgalerie.<\/em><\/figcaption><\/figure>\n<\/div>\n\n\n<p>El <em>Ballet Tri\u00e1dico<\/em> constaba de doce danzas espaciales, formales y gestuales, que culminaban con la aparici\u00f3n de la figura del Abstracto con su m\u00e1scara y estructura asim\u00e9trica.<\/p>\n\n\n<div class=\"wp-block-image\">\n<figure class=\"aligncenter size-large\"><img loading=\"lazy\" decoding=\"async\" width=\"501\" height=\"309\" src=\"https:\/\/www.aparences.net\/wp-content\/uploads\/2021\/07\/oskar-schlemmer-ballet-triadique-figurines-1922.jpg\" alt=\"Oskar Schlemmer. Figurilla de alambre; Figurilla &quot;El Abstracto&quot; del Ballet Tri\u00e1dico, 1922, Stuttgart, Staatsgalerie.\" class=\"wp-image-23752\" title=\"Oskar Schlemmer. Figurilla de alambre; Figurilla &quot;El Abstracto&quot; del Ballet Tri\u00e1dico, 1922\" srcset=\"https:\/\/www.aparences.net\/wp-content\/uploads\/2021\/07\/oskar-schlemmer-ballet-triadique-figurines-1922.jpg 501w, https:\/\/www.aparences.net\/wp-content\/uploads\/2021\/07\/oskar-schlemmer-ballet-triadique-figurines-1922-160x99.jpg 160w\" sizes=\"auto, (max-width: 501px) 100vw, 501px\" \/><figcaption class=\"wp-element-caption\"><em>Figurilla de alambre; Figurilla \u00abEl Abstracto\u00bb del Ballet Tri\u00e1dico, 1922, Stuttgart, Staatsgalerie.<\/em><\/figcaption><\/figure>\n<\/div>\n\n\n<p>El <em>Ballet Tri\u00e1dico<\/em> se represent\u00f3 en 1926 y fue celebrado como un gran acontecimiento por los expertos. Entre 1926 y 1929, Schlemmer cre\u00f3 seis ballets y desarroll\u00f3, junto con sus alumnos, las llamadas <em>Danzas de la Bauhaus<\/em>. La obra adquiri\u00f3 fama internacional. Le siguieron invitaciones a Par\u00eds y Nueva York.<\/p>\n\n\n<div class=\"wp-block-image\">\n<figure class=\"aligncenter size-large\"><img loading=\"lazy\" decoding=\"async\" width=\"452\" height=\"344\" src=\"https:\/\/www.aparences.net\/wp-content\/uploads\/2021\/07\/oskar-schlemmer-ballet-triadique-affiche-1924-26.jpg\" alt=\"Oskar Schlemmer. Plano de figuras del Ballet Tri\u00e1dico, 1924-1926, Stuttgart, Staatsgalerie.\" class=\"wp-image-23754\" title=\"Oskar Schlemmer. Plano de figuras del Ballet Tri\u00e1dico, 1924-1926\" srcset=\"https:\/\/www.aparences.net\/wp-content\/uploads\/2021\/07\/oskar-schlemmer-ballet-triadique-affiche-1924-26.jpg 452w, https:\/\/www.aparences.net\/wp-content\/uploads\/2021\/07\/oskar-schlemmer-ballet-triadique-affiche-1924-26-160x122.jpg 160w\" sizes=\"auto, (max-width: 452px) 100vw, 452px\" \/><figcaption class=\"wp-element-caption\"><em>Plano de figuras del Ballet Tri\u00e1dico, 1924-1926, Stuttgart, Staatsgalerie.<\/em><\/figcaption><\/figure>\n<\/div>\n\n\n<p>En la Bauhaus de Dessau (1925-1929), Schlemmer se hizo cargo de la ense\u00f1anza de la teor\u00eda esc\u00e9nica. Durante tres a\u00f1os se dedic\u00f3 casi exclusivamente a estas actividades.<\/p>\n\n\n\n<h2 class=\"wp-block-heading\">El ser humano en el espacio<\/h2>\n\n\n\n<p>La teor\u00eda de la armon\u00eda y las proporciones de la Bauhaus estaba relacionada con la del Renacimiento, pero en lugar de plantear un espacio finito fijado por las leyes de la perspectiva, planteaba un espacio infinito en el que estas leyes ya no se aplicaban. Esta distinci\u00f3n pone de manifiesto el problema al que se enfrent\u00f3 Oskar Schlemmer, uno de los \u00faltimos maestros de la perspectiva en la historia del arte. Su tema m\u00e1s importante fue lo que llam\u00f3 \u00abel ser humano en el espacio\u00bb. La extra\u00f1a mezcla de tendencias constructivistas, sentimentales, sobriamente realistas y rom\u00e1nticamente expresivas que marc\u00f3 los primeros a\u00f1os de la Bauhaus tambi\u00e9n estaba presente en la personalidad de Schlemmer. En los momentos de felicidad, dec\u00eda que ten\u00eda que contenerse para no \u00abbesar a la gente sin discriminaci\u00f3n\u00bb. En sus cuadros, Schlemmer retom\u00f3 las representaciones de la perspectiva espacial del periodo de la Academia, dividiendo sus figuras abstractas en formas geom\u00e9tricas b\u00e1sicas, que dispuso de forma que pudieran utilizarse, por ejemplo, para la decoraci\u00f3n de paredes. El cuadro m\u00e1s conocido de este periodo es <em>Bailarina &#8211; El gesto<\/em>. El tema hace referencia al <em>Ballet Tri\u00e1dico<\/em>. El cuadro correspondiente, <em>El bailar\u00edn<\/em>, es un autorretrato estilizado del artista, que sub\u00eda regularmente al escenario como bailar\u00edn.<\/p>\n\n\n<div class=\"wp-block-image\">\n<figure class=\"aligncenter size-large\"><img loading=\"lazy\" decoding=\"async\" width=\"371\" height=\"340\" src=\"https:\/\/www.aparences.net\/wp-content\/uploads\/2021\/07\/oskar-schlemmer-danseuse-et-danseur-1923.jpg\" alt=\"Oskar Schlemmer. Bailarina - El gesto, 1922\/23, M\u00fanich, Pinakothek der Moderne; El bailar\u00edn, 1923, Stuttgart, Staatsgalerie.\" class=\"wp-image-23756\" title=\"Oskar Schlemmer. Bailarina - El gesto, 1922\/23 ; El bailar\u00edn, 1923\" srcset=\"https:\/\/www.aparences.net\/wp-content\/uploads\/2021\/07\/oskar-schlemmer-danseuse-et-danseur-1923.jpg 371w, https:\/\/www.aparences.net\/wp-content\/uploads\/2021\/07\/oskar-schlemmer-danseuse-et-danseur-1923-160x147.jpg 160w\" sizes=\"auto, (max-width: 371px) 100vw, 371px\" \/><figcaption class=\"wp-element-caption\"><em>Bailarina &#8211; El gesto, 1922\/23, M\u00fanich, Pinakothek der Moderne; El bailar\u00edn, 1923, Stuttgart, Staatsgalerie.<\/em><\/figcaption><\/figure>\n<\/div>\n\n\n<p>El mural creado por el artista para la gran exposici\u00f3n de la Bauhaus de 1923 en el edificio de estudios de la Bauhaus, dise\u00f1ado por el arquitecto belga Henry van de Velde, fue destruido por el partido nacionalsocialista y pudo ser reconstruido en 1979.<\/p>\n\n\n<div class=\"wp-block-image\">\n<figure class=\"aligncenter size-large\"><img loading=\"lazy\" decoding=\"async\" width=\"514\" height=\"342\" src=\"https:\/\/www.aparences.net\/wp-content\/uploads\/2021\/07\/escalier-bauhaus-peinture-murale.jpg\" alt=\"Vista de la escalera de la Academia de Bellas Artes de Weimar con relieves y pintura mural de Oskar Schlemmer (reconstrucci\u00f3n).\" class=\"wp-image-23758\" title=\"Vista de la escalera de la Academia de Bellas Artes de Weimar con relieves y pintura mural de Oskar Schlemmer\" srcset=\"https:\/\/www.aparences.net\/wp-content\/uploads\/2021\/07\/escalier-bauhaus-peinture-murale.jpg 514w, https:\/\/www.aparences.net\/wp-content\/uploads\/2021\/07\/escalier-bauhaus-peinture-murale-160x106.jpg 160w\" sizes=\"auto, (max-width: 514px) 100vw, 514px\" \/><figcaption class=\"wp-element-caption\"><em>Vista de la escalera de la Academia de Bellas Artes de Weimar con relieves y pintura mural de Oskar Schlemmer (reconstrucci\u00f3n).<\/em><\/figcaption><\/figure>\n<\/div>\n\n\n<p>El a\u00f1o 1925 fue uno de los m\u00e1s productivos para Schlemmer. Produjo una serie de \u00abcuadros de galer\u00eda\u00bb t\u00e9rmino que utilizaba para las obras que se vend\u00edan en gran parte directamente a los museos, prueba de su alto nivel art\u00edstico. En dos versiones de <em>Cuatro figuras en una habitaci\u00f3n<\/em>, las figuras cuidadosamente dispuestas crean un espacio artificial de armon\u00eda universal y dan testimonio del conocimiento que Schlemmer ten\u00eda de la obra de <strong>Piet Mondrian<\/strong>.<\/p>\n\n\n<div class=\"wp-block-image\">\n<figure class=\"aligncenter size-large\"><img loading=\"lazy\" decoding=\"async\" width=\"457\" height=\"332\" src=\"https:\/\/www.aparences.net\/wp-content\/uploads\/2021\/07\/oskar-schlemmer-quatre-figures-dans-une-piece-1925.jpg\" alt=\"Oskar Schlemmer. Cuatro figuras en una habitaci\u00f3n I, 1925; Cuatro figuras en una habitaci\u00f3n II, 1925. Basilea, Kunstmuseum.\" class=\"wp-image-23760\" title=\"Oskar Schlemmer. Cuatro figuras en una habitaci\u00f3n I, 1925; Cuatro figuras en una habitaci\u00f3n II, 1925\" srcset=\"https:\/\/www.aparences.net\/wp-content\/uploads\/2021\/07\/oskar-schlemmer-quatre-figures-dans-une-piece-1925.jpg 457w, https:\/\/www.aparences.net\/wp-content\/uploads\/2021\/07\/oskar-schlemmer-quatre-figures-dans-une-piece-1925-160x116.jpg 160w\" sizes=\"auto, (max-width: 457px) 100vw, 457px\" \/><figcaption class=\"wp-element-caption\"><em>Cuatro figuras en una habitaci\u00f3n I, 1925; Cuatro figuras en una habitaci\u00f3n II, 1925. Basilea, Kunstmuseum.<\/em><\/figcaption><\/figure>\n<\/div>\n\n<div class=\"wp-block-image\">\n<figure class=\"aligncenter size-large\"><img loading=\"lazy\" decoding=\"async\" width=\"341\" height=\"410\" src=\"https:\/\/www.aparences.net\/wp-content\/uploads\/2021\/07\/oscar-schlemmer-chambre-de-repos-1925.jpg\" alt=\"Oskar Schlemmer. Sala de descanso, 1925, Stuttgart, Staatsgalerie.\" class=\"wp-image-23762\" title=\"Oskar Schlemmer. Sala de descanso, 1925\" srcset=\"https:\/\/www.aparences.net\/wp-content\/uploads\/2021\/07\/oscar-schlemmer-chambre-de-repos-1925.jpg 341w, https:\/\/www.aparences.net\/wp-content\/uploads\/2021\/07\/oscar-schlemmer-chambre-de-repos-1925-160x192.jpg 160w\" sizes=\"auto, (max-width: 341px) 100vw, 341px\" \/><figcaption class=\"wp-element-caption\"><em>Sala de descanso, 1925, Stuttgart, Staatsgalerie.<\/em><\/figcaption><\/figure>\n<\/div>\n\n\n<p>Las figuras de Schlemmer eran representantes de un tipo noble, en general aparec\u00edan en grupos, formando parte de una comunidad, y sin embargo solitarias, pensativas, orgullosas e introspectivas. Este hombre maravilloso y complejo, despu\u00e9s difamado por los nazis como \u00abbolchevique cultural\u00bb, mantuvo viva la herencia de los grandes <a href=\"https:\/\/www.aparences.net\/es\/periodos\/el-quattrocento\/\">maestros de la perspectiva renacentista<\/a>. Impresionado por <strong>Seurat<\/strong> y tambi\u00e9n por <a href=\"https:\/\/www.aparences.net\/es\/periodos\/arte-moderno\/cubismo\/\">el cubismo<\/a>, cuyo an\u00e1lisis de la forma no adopt\u00f3, Schlemmer redujo la figura humana a sus elementos geom\u00e9tricos b\u00e1sicos y la puso en relaci\u00f3n con el espacio a su alrededor.<\/p>\n\n\n<div class=\"wp-block-image\">\n<figure class=\"aligncenter size-large\"><img loading=\"lazy\" decoding=\"async\" width=\"640\" height=\"238\" src=\"https:\/\/www.aparences.net\/wp-content\/uploads\/2021\/07\/oskar-schlemmer-interieur-aux-six-figures-dessin-1927-28.jpg\" alt=\"Oskar Schlemmer. Interior con seis figuras, 1928, Winterthur, Kunstmuseum.\" class=\"wp-image-23788\" title=\"Oskar Schlemmer. Interior con seis figuras, 1928\" srcset=\"https:\/\/www.aparences.net\/wp-content\/uploads\/2021\/07\/oskar-schlemmer-interieur-aux-six-figures-dessin-1927-28.jpg 640w, https:\/\/www.aparences.net\/wp-content\/uploads\/2021\/07\/oskar-schlemmer-interieur-aux-six-figures-dessin-1927-28-160x60.jpg 160w\" sizes=\"auto, (max-width: 640px) 100vw, 640px\" \/><figcaption class=\"wp-element-caption\"><em>Interior con seis figuras, 1928, Winterthur, Kunstmuseum.<\/em><\/figcaption><\/figure>\n<\/div>\n\n<div class=\"wp-block-image\">\n<figure class=\"aligncenter size-large\"><img loading=\"lazy\" decoding=\"async\" width=\"420\" height=\"334\" src=\"https:\/\/www.aparences.net\/wp-content\/uploads\/2021\/07\/oskar-schlemmer-femme-avec-tresse-recontre-idealiste-1928.jpg\" alt=\"Oskar Schlemmer. Mujer de espaldas con trenza, 1928; Encuentro idealista, 1928, Colecci\u00f3n privada.\" class=\"wp-image-23766\" title=\"Oskar Schlemmer. Mujer de espaldas con trenza, 1928; Encuentro idealista, 1928\" srcset=\"https:\/\/www.aparences.net\/wp-content\/uploads\/2021\/07\/oskar-schlemmer-femme-avec-tresse-recontre-idealiste-1928.jpg 420w, https:\/\/www.aparences.net\/wp-content\/uploads\/2021\/07\/oskar-schlemmer-femme-avec-tresse-recontre-idealiste-1928-160x127.jpg 160w\" sizes=\"auto, (max-width: 420px) 100vw, 420px\" \/><figcaption class=\"wp-element-caption\"><em>Mujer de espaldas con trenza, 1928; Encuentro idealista, 1928, Colecci\u00f3n privada.<\/em><\/figcaption><\/figure>\n<\/div>\n\n<div class=\"wp-block-image\">\n<figure class=\"aligncenter size-large\"><img loading=\"lazy\" decoding=\"async\" width=\"500\" height=\"337\" src=\"https:\/\/www.aparences.net\/wp-content\/uploads\/2021\/07\/oskar-schlemmer-entre-colonnes-et-jeunes-a-table-1928.jpg\" alt=\"Oskar Schlemmer. Entre las columnas, 1928, Stuttgart, Kunstmuseum; J\u00f3venes en la mesa, 1928, colecci\u00f3n privada.\" class=\"wp-image-23768\" title=\"Oskar Schlemmer. Entre las columnas, 1928; J\u00f3venes en la mesa, 1928\" srcset=\"https:\/\/www.aparences.net\/wp-content\/uploads\/2021\/07\/oskar-schlemmer-entre-colonnes-et-jeunes-a-table-1928.jpg 500w, https:\/\/www.aparences.net\/wp-content\/uploads\/2021\/07\/oskar-schlemmer-entre-colonnes-et-jeunes-a-table-1928-160x108.jpg 160w\" sizes=\"auto, (max-width: 500px) 100vw, 500px\" \/><figcaption class=\"wp-element-caption\"><em>Entre las columnas, 1928, Stuttgart, Kunstmuseum; J\u00f3venes en la mesa, 1928, colecci\u00f3n privada.<\/em><\/figcaption><\/figure>\n<\/div>\n\n\n<!-- AdBoxLeft2023 --><ins class=\"adsbygoogle\" style=\"display:block\" data-ad-client=\"ca-pub-2468002815867636\" data-ad-slot=\"1318022963\" data-ad-format=\"auto\" data-full-width-responsive=\"true\"><\/ins><script> (adsbygoogle = window.adsbygoogle || []).push({});<\/script><h2 class=\"wp-block-heading\">El ciclo Folkwang<\/h2>\n\n\n\n<p>Estil\u00edsticamente, a partir de 1926, sus cuadros cambian y adquieren una tensi\u00f3n particular por los fuertes contrastes entre la figura y el fondo, as\u00ed como por los fuertes efectos de luz y sombra. El trabajo intensivo en el <em>Ciclo Folkwang<\/em>, caracterizado por el estudio minucioso de las figuras, es probablemente la causa de este nuevo estilo. Para la rotonda central del nuevo edificio del <strong>Museo Folkwang de Essen<\/strong>, inaugurado en 1929, Schlemmer dise\u00f1\u00f3 un friso mural de varias partes que enmarcaba una fuente con cinco figuras de ni\u00f1os dise\u00f1ada por George Mine (1866-1941). El tema propuesto por el director del museo, Ernst Gosebruck, era el \u00abmovimiento de los j\u00f3venes de nuestro tiempo (el deporte y el juego)\u00bb y se correspond\u00eda con el entusiasmo deportivo de la d\u00e9cada de 1920. Los primeros bocetos de Schlemmer los formul\u00f3 con mucha fuerza y se caracterizaban por ser muy parecidos al \u00abestilo griego\u00bb. Pero Gosebruck s\u00f3lo estuvo de acuerdo con las representaciones revisadas, que se dieron a conocer solemnemente en 1931. Quiz\u00e1 la imagen m\u00e1s conmovedora del ciclo es <em>Ca\u00edda con columna<\/em>, una anticipaci\u00f3n verdaderamente inquietante de los acontecimientos hist\u00f3ricos.<\/p>\n\n\n<div class=\"wp-block-image\">\n<figure class=\"aligncenter size-large\"><img loading=\"lazy\" decoding=\"async\" width=\"679\" height=\"318\" src=\"https:\/\/www.aparences.net\/wp-content\/uploads\/2021\/07\/oskar-schlemmer-quatre-figures-et-un-cube-1928-rouge-l-un-contre-l-autre-1928-tombe-avec-colonne-1929.jpg\" alt=\"Oskar Schlemmer. Ciclo Folkwang: Cuatro figuras y Cubo (cuadro de muestras), 1928, Stuttgart, Staatsgalerie; Rojo uno contra otro, versi\u00f3n I, 1928, Hagen, Museo Osthaus; Ca\u00edda con columna, 1929, Stuttgart, Staatsgalerie.\" class=\"wp-image-23770\" title=\"Oskar Schlemmer. Ciclo Folkwang\" srcset=\"https:\/\/www.aparences.net\/wp-content\/uploads\/2021\/07\/oskar-schlemmer-quatre-figures-et-un-cube-1928-rouge-l-un-contre-l-autre-1928-tombe-avec-colonne-1929.jpg 679w, https:\/\/www.aparences.net\/wp-content\/uploads\/2021\/07\/oskar-schlemmer-quatre-figures-et-un-cube-1928-rouge-l-un-contre-l-autre-1928-tombe-avec-colonne-1929-160x75.jpg 160w\" sizes=\"auto, (max-width: 679px) 100vw, 679px\" \/><figcaption class=\"wp-element-caption\"><em>Ciclo Folkwang: Cuatro figuras y Cubo (cuadro de muestras), 1928, Stuttgart, Staatsgalerie; Rojo uno contra otro, versi\u00f3n I, 1928, Hagen, Museo Osthaus; Ca\u00edda con columna, 1929, Stuttgart, Staatsgalerie.<\/em><\/figcaption><\/figure>\n<\/div>\n\n\n<p>El cuadro <em>La escalera de la Bauhaus<\/em> fue la reacci\u00f3n inmediata de Schlemmer a la noticia del cierre de la Bauhaus de Dessau por la presi\u00f3n nacionalsocialista. La escalera central abarca todo el espacio del cuadro e integra al espectador en el movimiento ascendente de las figuras representadas. La idealidad t\u00edpica de la representaci\u00f3n de figuras en el espacio de Schlemmer confiere a la obra su efecto intemporal.<\/p>\n\n\n<div class=\"wp-block-image\">\n<figure class=\"aligncenter size-large\"><img loading=\"lazy\" decoding=\"async\" width=\"525\" height=\"344\" src=\"https:\/\/www.aparences.net\/wp-content\/uploads\/2021\/07\/oskar-schlemmer-escalier-du-bauhaus-et-dessin-.jpg\" alt=\"Oskar Schlemmer. Escalera de la Bauhaus, 1932, y dibujo, Nueva York, Metropolitan Museum.\" class=\"wp-image-23772\" title=\"Oskar Schlemmer. Escalera de la Bauhaus, 1932, y dibujo\" srcset=\"https:\/\/www.aparences.net\/wp-content\/uploads\/2021\/07\/oskar-schlemmer-escalier-du-bauhaus-et-dessin-.jpg 525w, https:\/\/www.aparences.net\/wp-content\/uploads\/2021\/07\/oskar-schlemmer-escalier-du-bauhaus-et-dessin--160x105.jpg 160w\" sizes=\"auto, (max-width: 525px) 100vw, 525px\" \/><figcaption class=\"wp-element-caption\"><em>Escalera de la Bauhaus, 1932, y dibujo, Nueva York, Metropolitan Museum.<\/em><\/figcaption><\/figure>\n<\/div>\n\n\n<h2 class=\"wp-block-heading\">Profesor en Breslavia y Berl\u00edn<\/h2>\n\n\n\n<p>En junio de 1929, Schlemmer fue nombrado miembro de la Academia Estatal de Artes y Oficios de Breslavia, dirigida por Oskar Moll. No se tard\u00f3 en difamar a muchos de los artistas que pertenec\u00edan al colegio como degenerados. Las obras teatrales de Schlemmer en Dessau hab\u00eda sido criticadas con anterioridad por ser \u00abanticuadas y formalistas\u00bb raz\u00f3n por la cual Schlemmer consider\u00f3 su traslado a Breslau como una liberaci\u00f3n. Fue una etapa extraordinariamente productiva, durante la cual no s\u00f3lo dirigi\u00f3 la clase de arte esc\u00e9nico, sino que tambi\u00e9n planific\u00f3 una serie de escenograf\u00edas (por ejemplo, para Sch\u00f6mberg en la \u00f3pera Kroll de Berl\u00edn) y proyectos de decoraci\u00f3n mural a gran escala. En abril de 1932, la Academia de Breslavia fue cerrada debido a las medidas de austeridad impuestas por la crisis econ\u00f3mica mundial. Schlemmer consigui\u00f3 un puesto de profesor en Berl\u00edn, a donde se traslad\u00f3 con su mujer y sus hijos.<\/p>\n\n\n<div class=\"wp-block-image\">\n<figure class=\"aligncenter size-large\"><img loading=\"lazy\" decoding=\"async\" width=\"299\" height=\"400\" src=\"https:\/\/www.aparences.net\/wp-content\/uploads\/2021\/07\/oskar-schlemmer-ecole-de-femmes-1930.jpg\" alt=\"Oskar Schlemmer. Escuela para mujeres, 1930, Kulturhistorisches Museum Rostock.\" class=\"wp-image-23774\" title=\"Oskar Schlemmer. Escuela para mujeres, 1930\" srcset=\"https:\/\/www.aparences.net\/wp-content\/uploads\/2021\/07\/oskar-schlemmer-ecole-de-femmes-1930.jpg 299w, https:\/\/www.aparences.net\/wp-content\/uploads\/2021\/07\/oskar-schlemmer-ecole-de-femmes-1930-160x214.jpg 160w\" sizes=\"auto, (max-width: 299px) 100vw, 299px\" \/><figcaption class=\"wp-element-caption\"><em>Escuela para mujeres, 1930, Kulturhistorisches Museum Rostock.<\/em><\/figcaption><\/figure>\n<\/div>\n\n\n<p>Schlemmer desarroll\u00f3 a\u00fan m\u00e1s su estilo de pintura creando espacios en perspectiva caracterizados por figuras escalonadas. Destacan los motivos deportivos y se deben al esp\u00edritu de la \u00e9poca, combinados con la impresi\u00f3n de la escultura cl\u00e1sica y la idealidad asociada.<\/p>\n\n\n<div class=\"wp-block-image\">\n<figure class=\"aligncenter size-large\"><img loading=\"lazy\" decoding=\"async\" width=\"429\" height=\"370\" src=\"https:\/\/www.aparences.net\/wp-content\/uploads\/2021\/07\/oskar-chlemmer-course-a-pied-1930.jpg\" alt=\"Oskar Schlemmer. Corriendo, 1930, Hartford, Museo Wadsworth Atheneum; Mujer y viniendo, 1925, Colecci\u00f3n privada.\" class=\"wp-image-23776\" title=\"Oskar Schlemmer. Corriendo, 1930; Mujer y viniendo, 1925\" srcset=\"https:\/\/www.aparences.net\/wp-content\/uploads\/2021\/07\/oskar-chlemmer-course-a-pied-1930.jpg 429w, https:\/\/www.aparences.net\/wp-content\/uploads\/2021\/07\/oskar-chlemmer-course-a-pied-1930-160x138.jpg 160w\" sizes=\"auto, (max-width: 429px) 100vw, 429px\" \/><figcaption class=\"wp-element-caption\"><em>Corriendo, 1930, Hartford, Museo Wadsworth Atheneum; Mujer y viniendo, 1925, Colecci\u00f3n privada.<\/em><\/figcaption><\/figure>\n<\/div>\n\n<div class=\"wp-block-image\">\n<figure class=\"aligncenter size-large\"><img loading=\"lazy\" decoding=\"async\" width=\"530\" height=\"398\" src=\"https:\/\/www.aparences.net\/wp-content\/uploads\/2021\/07\/oskar-schlemmer-centre-rouge-1931.jpg\" alt=\"Oskar Schlemmer. Centro Rojo, 1931, colecci\u00f3n privada.\" class=\"wp-image-23778\" title=\"Oskar Schlemmer. Centro Rojo, 1931\" srcset=\"https:\/\/www.aparences.net\/wp-content\/uploads\/2021\/07\/oskar-schlemmer-centre-rouge-1931.jpg 530w, https:\/\/www.aparences.net\/wp-content\/uploads\/2021\/07\/oskar-schlemmer-centre-rouge-1931-160x120.jpg 160w\" sizes=\"auto, (max-width: 530px) 100vw, 530px\" \/><figcaption class=\"wp-element-caption\"><em>Centro Rojo, 1931, colecci\u00f3n privada.<\/em><\/figcaption><\/figure>\n<\/div>\n\n\n<h2 class=\"wp-block-heading\">Los a\u00f1os dif\u00edciles<\/h2>\n\n\n\n<p>La abolici\u00f3n de la democracia parlamentaria de la <strong>Rep\u00fablica de Weimar<\/strong> en 1933 y la instauraci\u00f3n de una dictadura tuvo graves consecuencias para los artistas de la \u00e9poca moderna en Alemania. Se vieron expuestos a una creciente difamaci\u00f3n y a la prohibici\u00f3n de practicar, alentada y coordinada por la C\u00e1mara de Cultura del Reich. Aunque Schlemmer todav\u00eda pudo vender su famoso cuadro <em>La escalera de la Bauhaus <\/em>al Museo de Arte Moderno de Nueva York, fue despedido de su puesto de profesor en Berl\u00edn en mayo de 1933 y sus obras fueron retiradas de las colecciones alemanas y confiscadas. En julio de 1933, la Bauhaus que entretanto se hab\u00eda trasladado a Berl\u00edn, se vio obligada a cesar sus actividades docentes debido al creciente acoso de los nazis. Muchos de los colegas de Schlemmer fueron vilipendiados como artistas degenerados. <\/p>\n\n\n\n<p>La exposici\u00f3n de propaganda nacionalsocialista de 1937, <a href=\"https:\/\/www.dw.com\/es\/arte-degenerado-cuando-los-nazis-censuraron-el-arte-moderno\/a-39778302\">Arte Degenerado<\/a>, en la que tambi\u00e9n se mostraron obras de Oskar Schlemmer, tuvo un efecto devastador. La prohibici\u00f3n de exponer sus obras priv\u00f3 a Schlemmer de su medio de vida. En una carta de 1937, Schlemmer describe su estado de \u00e1nimo: \u00abPor primera vez, las historias pol\u00edticas me atacan por la espalda. Si las cosas siguen as\u00ed, y parece que as\u00ed seguir\u00e1n, ya no podr\u00e9 ni querr\u00e9 vivir en Alemania.\u00bb Aunque las exposiciones de su obra en el extranjero le dieron una d\u00e9bil esperanza (una retrospectiva en Nueva York en 1938 y otra en Londres en 1939), Schlemmer se vio pronto obligado a aceptar encargos para una empresa de pintura en Stuttgart. Incluso despu\u00e9s del estallido de la Segunda Guerra Mundial, sigui\u00f3 trabajando como pintor artesano y produciendo pinturas de camuflaje para el ej\u00e9rcito y la industria. En 1940, aparecieron los primeros signos de una enfermedad card\u00edaca. Esto no le impidi\u00f3 ocupar un puesto en Wuppertal.<\/p>\n\n\n<div class=\"wp-block-image\">\n<figure class=\"aligncenter size-large\"><img loading=\"lazy\" decoding=\"async\" width=\"571\" height=\"326\" src=\"https:\/\/www.aparences.net\/wp-content\/uploads\/2021\/07\/oskar-schlemmer-trois-tetes-devant-la-fenetre-1935.jpg\" alt=\"Oskar Schlemmer. Tres cabezas frente a la ventana, 1935, Colecci\u00f3n privada.\" class=\"wp-image-23780\" title=\"Oskar Schlemmer. Tres cabezas frente a la ventana, 1935\" srcset=\"https:\/\/www.aparences.net\/wp-content\/uploads\/2021\/07\/oskar-schlemmer-trois-tetes-devant-la-fenetre-1935.jpg 571w, https:\/\/www.aparences.net\/wp-content\/uploads\/2021\/07\/oskar-schlemmer-trois-tetes-devant-la-fenetre-1935-160x91.jpg 160w\" sizes=\"auto, (max-width: 571px) 100vw, 571px\" \/><figcaption class=\"wp-element-caption\"><em>Tres cabezas frente a la ventana, 1935, Colecci\u00f3n privada.<\/em><\/figcaption><\/figure>\n<\/div>\n\n<div class=\"wp-block-image\">\n<figure class=\"aligncenter size-large\"><img loading=\"lazy\" decoding=\"async\" width=\"376\" height=\"339\" src=\"https:\/\/www.aparences.net\/wp-content\/uploads\/2021\/07\/oskar-schlemmer-portrait-bissier-1936.jpg\" alt=\"Oskar Schlemmer. Camuflando las calderas de gas, 1942; Julius Bisher pintando, 1936, D\u00fcsseldorf, Kunstsammlung Nordrhein-Westfalen.\" class=\"wp-image-23782\" title=\"Oskar Schlemmer. Camuflando las calderas de gas, 1942; Julius Bisher pintando, 1936\" srcset=\"https:\/\/www.aparences.net\/wp-content\/uploads\/2021\/07\/oskar-schlemmer-portrait-bissier-1936.jpg 376w, https:\/\/www.aparences.net\/wp-content\/uploads\/2021\/07\/oskar-schlemmer-portrait-bissier-1936-160x144.jpg 160w\" sizes=\"auto, (max-width: 376px) 100vw, 376px\" \/><figcaption class=\"wp-element-caption\"><em>Camuflando las calderas de gas, 1942; Julius Bisher pintando, 1936, D\u00fcsseldorf, Kunstsammlung Nordrhein-Westfalen.<\/em><\/figcaption><\/figure>\n<\/div>\n\n<div class=\"wp-block-image\">\n<figure class=\"aligncenter size-large\"><img loading=\"lazy\" decoding=\"async\" width=\"427\" height=\"360\" src=\"https:\/\/www.aparences.net\/wp-content\/uploads\/2021\/07\/oskar-schlemmer-l-heure-de-lecture-1936.jpg\" alt=\"Oskar Schlemmer. La hora de la lectura, 1936, Hannover, Museo Sprengel.\" class=\"wp-image-23784\" title=\"Oskar Schlemmer. La hora de la lectura, 1936\" srcset=\"https:\/\/www.aparences.net\/wp-content\/uploads\/2021\/07\/oskar-schlemmer-l-heure-de-lecture-1936.jpg 427w, https:\/\/www.aparences.net\/wp-content\/uploads\/2021\/07\/oskar-schlemmer-l-heure-de-lecture-1936-160x135.jpg 160w\" sizes=\"auto, (max-width: 427px) 100vw, 427px\" \/><figcaption class=\"wp-element-caption\"><em>La hora de la lectura, 1936, Hannover, Museo Sprengel.<\/em><\/figcaption><\/figure>\n<\/div>\n\n<div class=\"wp-block-image\">\n<figure class=\"aligncenter size-large\"><img loading=\"lazy\" decoding=\"async\" width=\"541\" height=\"340\" src=\"https:\/\/www.aparences.net\/wp-content\/uploads\/2021\/07\/oskar-schlemmer-tete-avec-front-eclaire-1936-tete-large-de-profil-et-petite-tete-1935-37.jpg\" alt=\"Oskar Schlemmer. Cabeza con frente iluminada, 1936; Cabeza grande de perfil y cabeza peque\u00f1a, 1935-37, Colecci\u00f3n privada.\" class=\"wp-image-23786\" title=\"Oskar Schlemmer. Cabeza con frente iluminada, 1936; Cabeza grande de perfil y cabeza peque\u00f1a, 1935-37\" srcset=\"https:\/\/www.aparences.net\/wp-content\/uploads\/2021\/07\/oskar-schlemmer-tete-avec-front-eclaire-1936-tete-large-de-profil-et-petite-tete-1935-37.jpg 541w, https:\/\/www.aparences.net\/wp-content\/uploads\/2021\/07\/oskar-schlemmer-tete-avec-front-eclaire-1936-tete-large-de-profil-et-petite-tete-1935-37-160x101.jpg 160w\" sizes=\"auto, (max-width: 541px) 100vw, 541px\" \/><figcaption class=\"wp-element-caption\"><em>Cabeza con frente iluminada, 1936; Cabeza grande de perfil y cabeza peque\u00f1a, 1935-37, Colecci\u00f3n privada.<\/em><\/figcaption><\/figure>\n<\/div>\n\n\n<p>En Wuppertal, Schlemmer instal\u00f3 un laboratorio de pruebas t\u00e9cnicas de pintura para la f\u00e1brica del Dr. Herberts. Muchos de sus compa\u00f1eros artistas, calificados de degenerados, encontraron all\u00ed un medio de vida durante la guerra. Adem\u00e1s de las investigaciones sobre la historia del arte de la pintura, desarrollaron aplicaciones art\u00edsticas que siguen siendo relevantes hoy en d\u00eda y anticiparon elementos del <strong>Informalismo<\/strong>.<\/p>\n\n\n<p><!-- \/wp:post-content --><\/p>\n<p><!-- wp:separator --><\/p>\n<hr class=\"wp-block-separator\"><!-- \/wp:separator --><\/p>\n<p><!-- wp:heading {\"level\":4} --><\/p>\n<h4>Bibliograf\u00eda<\/h4>\n<p><!-- \/wp:heading --><\/p>\n<p><!-- wp:paragraph --><\/p>\n<p>Contzen, Ina. <em>Oskar Schlemmer<\/em>. Cat. Exp. Sttutgart, Staatsgalerie, 2014<br \/>Mextorf, Olaf. <em>Oskar Schlemmer<\/em>. \u00c9dition Place des Victoires, 2019<br \/>Collectif. Oskar Schlemmer. <em>L\u2019homme et la figure d\u2019art<\/em>. Centre National de la danse. 2002<br \/>Flocon, Albert. <em>Scenographies au Bauhaus<\/em>. Klincksieck, 2013<\/p>\n<p><!-- \/wp:paragraph --><\/p>","protected":false},"excerpt":{"rendered":"<p>Las figuras de Schlemmer eran representantes de un tipo noble, en general aparec\u00edan en grupos, formando parte de una comunidad.<\/p>\n","protected":false},"author":2,"featured_media":23795,"comment_status":"closed","ping_status":"closed","sticky":false,"template":"","format":"standard","meta":{"footnotes":""},"categories":[5571],"tags":[5579,5578,5580,5621,5577],"class_list":["post-23789","post","type-post","status-publish","format-standard","has-post-thumbnail","hentry","category-los-artistas-de-la-bauhaus","tag-ballet-triadico","tag-ciclo-folkwang","tag-figura-y-movimiento","tag-oskar-schlemmer-es","tag-oskar-schlemmer-en-la-bauhaus"],"yoast_head":"<!-- This site is optimized with the Yoast SEO plugin v27.2 - https:\/\/yoast.com\/product\/yoast-seo-wordpress\/ -->\n<title>Oskar Schlemmer: la figura y el espacio<\/title>\n<meta name=\"description\" content=\"Las figuras de Schlemmer eran representantes de un tipo noble, en general aparec\u00edan en grupos, formando parte de una comunidad.\" \/>\n<meta name=\"robots\" content=\"index, follow, max-snippet:-1, max-image-preview:large, max-video-preview:-1\" \/>\n<link rel=\"canonical\" href=\"https:\/\/www.aparences.net\/es\/tematicos\/los-artistas-de-la-bauhaus\/oskar-schlemmer-la-figura-y-el-espacio\/\" \/>\n<meta property=\"og:locale\" content=\"es_ES\" \/>\n<meta property=\"og:type\" content=\"article\" \/>\n<meta property=\"og:title\" content=\"Oskar Schlemmer: la figura y el espacio\" \/>\n<meta property=\"og:description\" content=\"Las figuras de Schlemmer eran representantes de un tipo noble, en general aparec\u00edan en grupos, formando parte de una comunidad.\" \/>\n<meta property=\"og:url\" content=\"https:\/\/www.aparences.net\/es\/tematicos\/los-artistas-de-la-bauhaus\/oskar-schlemmer-la-figura-y-el-espacio\/\" \/>\n<meta property=\"og:site_name\" content=\"Aparences\" \/>\n<meta property=\"article:published_time\" content=\"2021-09-05T16:16:12+00:00\" \/>\n<meta property=\"article:modified_time\" content=\"2025-12-11T18:40:55+00:00\" \/>\n<meta property=\"og:image\" content=\"https:\/\/www.aparences.net\/wp-content\/uploads\/2021\/08\/oskar-schlemmer.jpg\" \/>\n\t<meta property=\"og:image:width\" content=\"1080\" \/>\n\t<meta property=\"og:image:height\" content=\"540\" \/>\n\t<meta property=\"og:image:type\" content=\"image\/jpeg\" \/>\n<meta name=\"author\" content=\"admin\" \/>\n<meta name=\"twitter:card\" content=\"summary_large_image\" \/>\n<meta name=\"twitter:label1\" content=\"Escrito por\" \/>\n\t<meta name=\"twitter:data1\" content=\"admin\" \/>\n\t<meta name=\"twitter:label2\" content=\"Tiempo de lectura\" \/>\n\t<meta name=\"twitter:data2\" content=\"16 minutos\" \/>\n<script type=\"application\/ld+json\" class=\"yoast-schema-graph\">{\"@context\":\"https:\/\/schema.org\",\"@graph\":[{\"@type\":\"Article\",\"@id\":\"https:\/\/www.aparences.net\/es\/tematicos\/los-artistas-de-la-bauhaus\/oskar-schlemmer-la-figura-y-el-espacio\/#article\",\"isPartOf\":{\"@id\":\"https:\/\/www.aparences.net\/es\/tematicos\/los-artistas-de-la-bauhaus\/oskar-schlemmer-la-figura-y-el-espacio\/\"},\"author\":{\"name\":\"admin\",\"@id\":\"https:\/\/www.aparences.net\/es\/#\/schema\/person\/af349f6ffc31b16c68963e61268afca5\"},\"headline\":\"Oskar Schlemmer: la figura y el espacio\",\"datePublished\":\"2021-09-05T16:16:12+00:00\",\"dateModified\":\"2025-12-11T18:40:55+00:00\",\"mainEntityOfPage\":{\"@id\":\"https:\/\/www.aparences.net\/es\/tematicos\/los-artistas-de-la-bauhaus\/oskar-schlemmer-la-figura-y-el-espacio\/\"},\"wordCount\":2372,\"publisher\":{\"@id\":\"https:\/\/www.aparences.net\/es\/#organization\"},\"image\":{\"@id\":\"https:\/\/www.aparences.net\/es\/tematicos\/los-artistas-de-la-bauhaus\/oskar-schlemmer-la-figura-y-el-espacio\/#primaryimage\"},\"thumbnailUrl\":\"https:\/\/www.aparences.net\/wp-content\/uploads\/2021\/08\/oskar-schlemmer.jpg\",\"keywords\":[\"Ballet tri\u00e1dico\",\"Ciclo Folkwang\",\"figura y movimiento\",\"Oskar Schlemmer\",\"Oskar Schlemmer en la Bauhaus\"],\"articleSection\":[\"Los artistas de la Bauhaus\"],\"inLanguage\":\"es\"},{\"@type\":[\"WebPage\",\"ItemPage\"],\"@id\":\"https:\/\/www.aparences.net\/es\/tematicos\/los-artistas-de-la-bauhaus\/oskar-schlemmer-la-figura-y-el-espacio\/\",\"url\":\"https:\/\/www.aparences.net\/es\/tematicos\/los-artistas-de-la-bauhaus\/oskar-schlemmer-la-figura-y-el-espacio\/\",\"name\":\"Oskar Schlemmer: la figura y el espacio\",\"isPartOf\":{\"@id\":\"https:\/\/www.aparences.net\/es\/#website\"},\"primaryImageOfPage\":{\"@id\":\"https:\/\/www.aparences.net\/es\/tematicos\/los-artistas-de-la-bauhaus\/oskar-schlemmer-la-figura-y-el-espacio\/#primaryimage\"},\"image\":{\"@id\":\"https:\/\/www.aparences.net\/es\/tematicos\/los-artistas-de-la-bauhaus\/oskar-schlemmer-la-figura-y-el-espacio\/#primaryimage\"},\"thumbnailUrl\":\"https:\/\/www.aparences.net\/wp-content\/uploads\/2021\/08\/oskar-schlemmer.jpg\",\"datePublished\":\"2021-09-05T16:16:12+00:00\",\"dateModified\":\"2025-12-11T18:40:55+00:00\",\"description\":\"Las figuras de Schlemmer eran representantes de un tipo noble, en general aparec\u00edan en grupos, formando parte de una comunidad.\",\"breadcrumb\":{\"@id\":\"https:\/\/www.aparences.net\/es\/tematicos\/los-artistas-de-la-bauhaus\/oskar-schlemmer-la-figura-y-el-espacio\/#breadcrumb\"},\"inLanguage\":\"es\",\"potentialAction\":[{\"@type\":\"ReadAction\",\"target\":[\"https:\/\/www.aparences.net\/es\/tematicos\/los-artistas-de-la-bauhaus\/oskar-schlemmer-la-figura-y-el-espacio\/\"]}]},{\"@type\":\"ImageObject\",\"inLanguage\":\"es\",\"@id\":\"https:\/\/www.aparences.net\/es\/tematicos\/los-artistas-de-la-bauhaus\/oskar-schlemmer-la-figura-y-el-espacio\/#primaryimage\",\"url\":\"https:\/\/www.aparences.net\/wp-content\/uploads\/2021\/08\/oskar-schlemmer.jpg\",\"contentUrl\":\"https:\/\/www.aparences.net\/wp-content\/uploads\/2021\/08\/oskar-schlemmer.jpg\",\"width\":1080,\"height\":540},{\"@type\":\"BreadcrumbList\",\"@id\":\"https:\/\/www.aparences.net\/es\/tematicos\/los-artistas-de-la-bauhaus\/oskar-schlemmer-la-figura-y-el-espacio\/#breadcrumb\",\"itemListElement\":[{\"@type\":\"ListItem\",\"position\":1,\"name\":\"Portada\",\"item\":\"https:\/\/www.aparences.net\/es\/\"},{\"@type\":\"ListItem\",\"position\":2,\"name\":\"Oskar Schlemmer: la figura y el espacio\"}]},{\"@type\":\"WebSite\",\"@id\":\"https:\/\/www.aparences.net\/es\/#website\",\"url\":\"https:\/\/www.aparences.net\/es\/\",\"name\":\"Aparences: Historia del Arte y Actualidad Cultural\",\"description\":\"\",\"publisher\":{\"@id\":\"https:\/\/www.aparences.net\/es\/#organization\"},\"potentialAction\":[{\"@type\":\"SearchAction\",\"target\":{\"@type\":\"EntryPoint\",\"urlTemplate\":\"https:\/\/www.aparences.net\/es\/?s={search_term_string}\"},\"query-input\":{\"@type\":\"PropertyValueSpecification\",\"valueRequired\":true,\"valueName\":\"search_term_string\"}}],\"inLanguage\":\"es\"},{\"@type\":\"Organization\",\"@id\":\"https:\/\/www.aparences.net\/es\/#organization\",\"name\":\"Aparences: Historia del Arte y Actualidad Cultural\",\"url\":\"https:\/\/www.aparences.net\/es\/\",\"logo\":{\"@type\":\"ImageObject\",\"inLanguage\":\"es\",\"@id\":\"https:\/\/www.aparences.net\/es\/#\/schema\/logo\/image\/\",\"url\":\"https:\/\/www.aparences.net\/wp-content\/uploads\/2023\/09\/logo-quadrat-color-e1695915315229.png\",\"contentUrl\":\"https:\/\/www.aparences.net\/wp-content\/uploads\/2023\/09\/logo-quadrat-color-e1695915315229.png\",\"width\":120,\"height\":120,\"caption\":\"Aparences: Historia del Arte y Actualidad Cultural\"},\"image\":{\"@id\":\"https:\/\/www.aparences.net\/es\/#\/schema\/logo\/image\/\"}},{\"@type\":\"Person\",\"@id\":\"https:\/\/www.aparences.net\/es\/#\/schema\/person\/af349f6ffc31b16c68963e61268afca5\",\"name\":\"admin\",\"url\":\"https:\/\/www.aparences.net\/es\/author\/admin\/\"}]}<\/script>\n<!-- \/ Yoast SEO plugin. -->","yoast_head_json":{"title":"Oskar Schlemmer: la figura y el espacio","description":"Las figuras de Schlemmer eran representantes de un tipo noble, en general aparec\u00edan en grupos, formando parte de una comunidad.","robots":{"index":"index","follow":"follow","max-snippet":"max-snippet:-1","max-image-preview":"max-image-preview:large","max-video-preview":"max-video-preview:-1"},"canonical":"https:\/\/www.aparences.net\/es\/tematicos\/los-artistas-de-la-bauhaus\/oskar-schlemmer-la-figura-y-el-espacio\/","og_locale":"es_ES","og_type":"article","og_title":"Oskar Schlemmer: la figura y el espacio","og_description":"Las figuras de Schlemmer eran representantes de un tipo noble, en general aparec\u00edan en grupos, formando parte de una comunidad.","og_url":"https:\/\/www.aparences.net\/es\/tematicos\/los-artistas-de-la-bauhaus\/oskar-schlemmer-la-figura-y-el-espacio\/","og_site_name":"Aparences","article_published_time":"2021-09-05T16:16:12+00:00","article_modified_time":"2025-12-11T18:40:55+00:00","og_image":[{"width":1080,"height":540,"url":"https:\/\/www.aparences.net\/wp-content\/uploads\/2021\/08\/oskar-schlemmer.jpg","type":"image\/jpeg"}],"author":"admin","twitter_card":"summary_large_image","twitter_misc":{"Escrito por":"admin","Tiempo de lectura":"16 minutos"},"schema":{"@context":"https:\/\/schema.org","@graph":[{"@type":"Article","@id":"https:\/\/www.aparences.net\/es\/tematicos\/los-artistas-de-la-bauhaus\/oskar-schlemmer-la-figura-y-el-espacio\/#article","isPartOf":{"@id":"https:\/\/www.aparences.net\/es\/tematicos\/los-artistas-de-la-bauhaus\/oskar-schlemmer-la-figura-y-el-espacio\/"},"author":{"name":"admin","@id":"https:\/\/www.aparences.net\/es\/#\/schema\/person\/af349f6ffc31b16c68963e61268afca5"},"headline":"Oskar Schlemmer: la figura y el espacio","datePublished":"2021-09-05T16:16:12+00:00","dateModified":"2025-12-11T18:40:55+00:00","mainEntityOfPage":{"@id":"https:\/\/www.aparences.net\/es\/tematicos\/los-artistas-de-la-bauhaus\/oskar-schlemmer-la-figura-y-el-espacio\/"},"wordCount":2372,"publisher":{"@id":"https:\/\/www.aparences.net\/es\/#organization"},"image":{"@id":"https:\/\/www.aparences.net\/es\/tematicos\/los-artistas-de-la-bauhaus\/oskar-schlemmer-la-figura-y-el-espacio\/#primaryimage"},"thumbnailUrl":"https:\/\/www.aparences.net\/wp-content\/uploads\/2021\/08\/oskar-schlemmer.jpg","keywords":["Ballet tri\u00e1dico","Ciclo Folkwang","figura y movimiento","Oskar Schlemmer","Oskar Schlemmer en la Bauhaus"],"articleSection":["Los artistas de la Bauhaus"],"inLanguage":"es"},{"@type":["WebPage","ItemPage"],"@id":"https:\/\/www.aparences.net\/es\/tematicos\/los-artistas-de-la-bauhaus\/oskar-schlemmer-la-figura-y-el-espacio\/","url":"https:\/\/www.aparences.net\/es\/tematicos\/los-artistas-de-la-bauhaus\/oskar-schlemmer-la-figura-y-el-espacio\/","name":"Oskar Schlemmer: la figura y el espacio","isPartOf":{"@id":"https:\/\/www.aparences.net\/es\/#website"},"primaryImageOfPage":{"@id":"https:\/\/www.aparences.net\/es\/tematicos\/los-artistas-de-la-bauhaus\/oskar-schlemmer-la-figura-y-el-espacio\/#primaryimage"},"image":{"@id":"https:\/\/www.aparences.net\/es\/tematicos\/los-artistas-de-la-bauhaus\/oskar-schlemmer-la-figura-y-el-espacio\/#primaryimage"},"thumbnailUrl":"https:\/\/www.aparences.net\/wp-content\/uploads\/2021\/08\/oskar-schlemmer.jpg","datePublished":"2021-09-05T16:16:12+00:00","dateModified":"2025-12-11T18:40:55+00:00","description":"Las figuras de Schlemmer eran representantes de un tipo noble, en general aparec\u00edan en grupos, formando parte de una comunidad.","breadcrumb":{"@id":"https:\/\/www.aparences.net\/es\/tematicos\/los-artistas-de-la-bauhaus\/oskar-schlemmer-la-figura-y-el-espacio\/#breadcrumb"},"inLanguage":"es","potentialAction":[{"@type":"ReadAction","target":["https:\/\/www.aparences.net\/es\/tematicos\/los-artistas-de-la-bauhaus\/oskar-schlemmer-la-figura-y-el-espacio\/"]}]},{"@type":"ImageObject","inLanguage":"es","@id":"https:\/\/www.aparences.net\/es\/tematicos\/los-artistas-de-la-bauhaus\/oskar-schlemmer-la-figura-y-el-espacio\/#primaryimage","url":"https:\/\/www.aparences.net\/wp-content\/uploads\/2021\/08\/oskar-schlemmer.jpg","contentUrl":"https:\/\/www.aparences.net\/wp-content\/uploads\/2021\/08\/oskar-schlemmer.jpg","width":1080,"height":540},{"@type":"BreadcrumbList","@id":"https:\/\/www.aparences.net\/es\/tematicos\/los-artistas-de-la-bauhaus\/oskar-schlemmer-la-figura-y-el-espacio\/#breadcrumb","itemListElement":[{"@type":"ListItem","position":1,"name":"Portada","item":"https:\/\/www.aparences.net\/es\/"},{"@type":"ListItem","position":2,"name":"Oskar Schlemmer: la figura y el espacio"}]},{"@type":"WebSite","@id":"https:\/\/www.aparences.net\/es\/#website","url":"https:\/\/www.aparences.net\/es\/","name":"Aparences: Historia del Arte y Actualidad Cultural","description":"","publisher":{"@id":"https:\/\/www.aparences.net\/es\/#organization"},"potentialAction":[{"@type":"SearchAction","target":{"@type":"EntryPoint","urlTemplate":"https:\/\/www.aparences.net\/es\/?s={search_term_string}"},"query-input":{"@type":"PropertyValueSpecification","valueRequired":true,"valueName":"search_term_string"}}],"inLanguage":"es"},{"@type":"Organization","@id":"https:\/\/www.aparences.net\/es\/#organization","name":"Aparences: Historia del Arte y Actualidad Cultural","url":"https:\/\/www.aparences.net\/es\/","logo":{"@type":"ImageObject","inLanguage":"es","@id":"https:\/\/www.aparences.net\/es\/#\/schema\/logo\/image\/","url":"https:\/\/www.aparences.net\/wp-content\/uploads\/2023\/09\/logo-quadrat-color-e1695915315229.png","contentUrl":"https:\/\/www.aparences.net\/wp-content\/uploads\/2023\/09\/logo-quadrat-color-e1695915315229.png","width":120,"height":120,"caption":"Aparences: Historia del Arte y Actualidad Cultural"},"image":{"@id":"https:\/\/www.aparences.net\/es\/#\/schema\/logo\/image\/"}},{"@type":"Person","@id":"https:\/\/www.aparences.net\/es\/#\/schema\/person\/af349f6ffc31b16c68963e61268afca5","name":"admin","url":"https:\/\/www.aparences.net\/es\/author\/admin\/"}]}},"_links":{"self":[{"href":"https:\/\/www.aparences.net\/es\/wp-json\/wp\/v2\/posts\/23789","targetHints":{"allow":["GET"]}}],"collection":[{"href":"https:\/\/www.aparences.net\/es\/wp-json\/wp\/v2\/posts"}],"about":[{"href":"https:\/\/www.aparences.net\/es\/wp-json\/wp\/v2\/types\/post"}],"author":[{"embeddable":true,"href":"https:\/\/www.aparences.net\/es\/wp-json\/wp\/v2\/users\/2"}],"replies":[{"embeddable":true,"href":"https:\/\/www.aparences.net\/es\/wp-json\/wp\/v2\/comments?post=23789"}],"version-history":[{"count":0,"href":"https:\/\/www.aparences.net\/es\/wp-json\/wp\/v2\/posts\/23789\/revisions"}],"wp:featuredmedia":[{"embeddable":true,"href":"https:\/\/www.aparences.net\/es\/wp-json\/wp\/v2\/media\/23795"}],"wp:attachment":[{"href":"https:\/\/www.aparences.net\/es\/wp-json\/wp\/v2\/media?parent=23789"}],"wp:term":[{"taxonomy":"category","embeddable":true,"href":"https:\/\/www.aparences.net\/es\/wp-json\/wp\/v2\/categories?post=23789"},{"taxonomy":"post_tag","embeddable":true,"href":"https:\/\/www.aparences.net\/es\/wp-json\/wp\/v2\/tags?post=23789"}],"curies":[{"name":"wp","href":"https:\/\/api.w.org\/{rel}","templated":true}]}}