{"id":23809,"date":"2021-09-06T17:23:07","date_gmt":"2021-09-06T15:23:07","guid":{"rendered":"https:\/\/www.aparences.net\/?p=23809"},"modified":"2021-09-06T17:23:09","modified_gmt":"2021-09-06T15:23:09","slug":"chaim-soutine-willem-de-kooning","status":"publish","type":"post","link":"https:\/\/www.aparences.net\/es\/actualidad\/chaim-soutine-willem-de-kooning\/","title":{"rendered":"Cha\u00efm Soutine\/Willem de Kooning"},"content":{"rendered":"\n<p>El Museo de la Orangerie de Par\u00eds presenta una exposici\u00f3n que re\u00fane las obras de Cha\u00efm Soutine (1893-1943), pintor de origen ruso de <a href=\"https:\/\/www.aparences.net\/es\/periodos\/arte-moderno\/la-escuela-de-paris\/\">la Escuela de Par\u00eds<\/a>, y de Willem de Kooning (1904-1997), expresionista abstracto estadounidense de origen holand\u00e9s. Esta exposici\u00f3n explora el impacto de la pintura de Soutine en la visi\u00f3n pict\u00f3rica del gran pintor estadounidense. Soutine dej\u00f3 su huella en la generaci\u00f3n de pintores de la posguerra por la fuerza expresiva de su pintura y su figura de \u00abartista maldito\u00bb, que luchaba contra las vicisitudes y los excesos de la bohemia parisina. Su obra fue especialmente visible en Estados Unidos entre los a\u00f1os 30 y 50, cuando el artista figurativo de tradici\u00f3n europea fue reexaminado a la luz de las nuevas teor\u00edas art\u00edsticas. La pintura gestual y el marcado empaste de los lienzos de Soutine hicieron que cr\u00edticos y comisarios lo proclamaran \u00abprofeta\u00bb, heraldo del <a href=\"https:\/\/www.aparences.net\/es\/arte-contemporaneo\/movimientos\/expresionismo-abstracto\/\">expresionismo abstracto<\/a> estadounidense.<\/p>\n\n\n\n<div class=\"wp-block-image\"><figure class=\"aligncenter size-full\"><img loading=\"lazy\" decoding=\"async\" width=\"640\" height=\"460\" src=\"https:\/\/www.aparences.net\/wp-content\/uploads\/2021\/08\/chaim-soutine-le-village.jpg\" alt=\"Le Village, hacia 1923, Cha\u00efm Soutine, Par\u00eds, Museo de Orsay.\" class=\"wp-image-23802\" title=\"Le Village, hacia 1923, Cha\u00efm Soutine\" srcset=\"https:\/\/www.aparences.net\/wp-content\/uploads\/2021\/08\/chaim-soutine-le-village.jpg 640w, https:\/\/www.aparences.net\/wp-content\/uploads\/2021\/08\/chaim-soutine-le-village-160x115.jpg 160w\" sizes=\"auto, (max-width: 640px) 100vw, 640px\" \/><figcaption><em><strong>Le Village<\/strong>, c. 1923, <strong>Cha\u00efm Soutine<\/strong>, Par\u00eds, Museo de Orsay.<\/em><\/figcaption><\/figure><\/div>\n\n\n\n<div class=\"wp-block-image\"><figure class=\"aligncenter size-full\"><img loading=\"lazy\" decoding=\"async\" width=\"354\" height=\"460\" src=\"https:\/\/www.aparences.net\/wp-content\/uploads\/2021\/08\/chaim-soutine-le-petit-patissier-1922-23.jpg\" alt=\"Cha\u00eem Soutine, Le Petit p\u00e2tissier, 1922-23, Paris, Mus\u00e9e de l\u2019Orangerie.\" class=\"wp-image-23804\" title=\"Le Petit p\u00e2tissier, 1922-23, Cha\u00eem Soutine, Paris, Mus\u00e9e de l\u2019Orangerie\" srcset=\"https:\/\/www.aparences.net\/wp-content\/uploads\/2021\/08\/chaim-soutine-le-petit-patissier-1922-23.jpg 354w, https:\/\/www.aparences.net\/wp-content\/uploads\/2021\/08\/chaim-soutine-le-petit-patissier-1922-23-160x208.jpg 160w\" sizes=\"auto, (max-width: 354px) 100vw, 354px\" \/><figcaption><em><strong>Le Petit p\u00e2tissier<\/strong>, 1922-23, <strong>Cha\u00eem Soutine<\/strong>, Paris, Mus\u00e9e de l\u2019Orangerie.<\/em><\/figcaption><\/figure><\/div>\n\n\n\n<p>Fue precisamente a finales de los a\u00f1os 50 cuando Willem de Kooning inici\u00f3 el proceso pict\u00f3rico de <em>la Mujer<\/em>, cuadros en los que se construye un expresionismo singular, entre figuraci\u00f3n y abstracci\u00f3n. El desarrollo de este nuevo lenguaje, corresponde al momento en que el pintor convoc\u00f3 el universo art\u00edstico de Cha\u00efm Soutine y se enfrent\u00f3 a \u00e9l. De hecho, De Kooning descubri\u00f3 los cuadros de su predecesor en los a\u00f1os 30, y luego en la retrospectiva dedicada al pintor en el Museo de Arte Moderno de Nueva York en 1950. Le impresion\u00f3 especialmente la presentaci\u00f3n de los cuadros de Soutine en las colecciones de la Fundaci\u00f3n Barnes de Filadelfia, que visit\u00f3 con su esposa Elaine en junio de 1952. <\/p>\n\n\n\n<div class=\"wp-block-image\"><figure class=\"aligncenter size-full\"><img loading=\"lazy\" decoding=\"async\" width=\"307\" height=\"460\" src=\"https:\/\/www.aparences.net\/wp-content\/uploads\/2021\/08\/de-kooning-woman-in-landscape.jpg\" alt=\"Woman in Landscape III, 1968, Willem de Kooning, Nueva York, Whitney Museum of American Art.\" class=\"wp-image-23806\" title=\"Woman in Landscape III, 1968, Willem de Kooning, Nueva York\" srcset=\"https:\/\/www.aparences.net\/wp-content\/uploads\/2021\/08\/de-kooning-woman-in-landscape.jpg 307w, https:\/\/www.aparences.net\/wp-content\/uploads\/2021\/08\/de-kooning-woman-in-landscape-160x240.jpg 160w\" sizes=\"auto, (max-width: 307px) 100vw, 307px\" \/><figcaption><em><strong>Woman in Landscape III<\/strong>, 1968, <strong>Willem de Kooning<\/strong>, Nueva York, Whitney Museum of American Art.<\/em><\/figcaption><\/figure><\/div>\n\n\n\n<div class=\"wp-block-image\"><figure class=\"aligncenter size-full\"><img loading=\"lazy\" decoding=\"async\" width=\"520\" height=\"459\" src=\"https:\/\/www.aparences.net\/wp-content\/uploads\/2021\/08\/willem-de-kooning-whose-name-was-writ-in-water.jpg\" alt=\"Cuyo nombre estaba escrito en el agua, 1975, Willem de Kooning, Nueva York, Museo Guggenheim.\" class=\"wp-image-23808\" title=\"Cuyo nombre estaba escrito en el agua, 1975, Willem de Kooning\" srcset=\"https:\/\/www.aparences.net\/wp-content\/uploads\/2021\/08\/willem-de-kooning-whose-name-was-writ-in-water.jpg 520w, https:\/\/www.aparences.net\/wp-content\/uploads\/2021\/08\/willem-de-kooning-whose-name-was-writ-in-water-160x141.jpg 160w\" sizes=\"auto, (max-width: 520px) 100vw, 520px\" \/><figcaption><em><strong>Cuyo nombre estaba escrito en el agua<\/strong>, 1975, <strong>Willem de Kooning<\/strong>, Nueva York, Museo Guggenheim.<\/em><\/figcaption><\/figure><\/div>\n\n\n\n<p>Mejor que ning\u00fan otro artista de su generaci\u00f3n, de Kooning supo detectar la tensi\u00f3n entre los dos polos aparentemente opuestos de la obra de Soutine: una b\u00fasqueda de la estructura unida a una relaci\u00f3n apasionada con la historia del arte, y una marcada tendencia al informalismo. La obra de Soutine se convirti\u00f3 en una referencia permanente para el artista estadounidense. De Kooning, que trat\u00f3 de liberar su pintura del antagonismo arte figurativo \/ arte abstracto desarrollando una original \u00abtercera v\u00eda\u00bb, encontr\u00f3 en el arte de Soutine una legitimaci\u00f3n de su propia pr\u00e1ctica. La exposici\u00f3n del <a href=\"https:\/\/www.musee-orangerie.fr\/fr\/expositions\/chaim-soutine-willem-de-kooning-la-peinture-incarnee-196050\">Museo de la Orangerie<\/a> reune los universos singulares de estos dos artistas a trav\u00e9s de unas cincuenta obras articuladas en torno a temas esenciales: la tensi\u00f3n entre la figura y lo informe, la pintura de la \u00abcarne\u00bb, la pr\u00e1ctica pict\u00f3rica \u00abgestual\u00bb de ambos artistas. Estos momentos tem\u00e1ticos est\u00e1n puntuados por perspectivas hist\u00f3ricas, a trav\u00e9s de la evocaci\u00f3n de la retrospectiva de Soutine en el MoMA en 1950 y la visita que hizo de Kooning a la Fundaci\u00f3n Barnes en 1952.<\/p>\n","protected":false},"excerpt":{"rendered":"<p>El Museo de la Orangerie de Par\u00eds presenta una exposici\u00f3n que re\u00fane las obras de Cha\u00efm Soutine (1893-1943), pintor de origen ruso de la Escuela [&#8230;]<\/p>\n","protected":false},"author":2,"featured_media":23858,"comment_status":"closed","ping_status":"closed","sticky":false,"template":"","format":"standard","meta":{"footnotes":""},"categories":[2368,2605],"tags":[],"class_list":["post-23809","post","type-post","status-publish","format-standard","has-post-thumbnail","hentry","category-actualidad","category-exposiciones"],"yoast_head":"<!-- This site is optimized with the Yoast SEO plugin v27.2 - https:\/\/yoast.com\/product\/yoast-seo-wordpress\/ -->\n<title>Cha\u00efm Soutine\/Willem de Kooning<\/title>\n<meta name=\"description\" content=\"El Museo de la Orangerie de Par\u00eds presenta una exposici\u00f3n que re\u00fane las obras de Cha\u00efm Soutine (1893-1943), pintor de origen ruso de la Escuela de Par\u00eds,\" \/>\n<meta name=\"robots\" content=\"index, follow, max-snippet:-1, max-image-preview:large, max-video-preview:-1\" \/>\n<link rel=\"canonical\" href=\"https:\/\/www.aparences.net\/es\/actualidad\/chaim-soutine-willem-de-kooning\/\" \/>\n<meta property=\"og:locale\" content=\"es_ES\" \/>\n<meta property=\"og:type\" content=\"article\" \/>\n<meta property=\"og:title\" content=\"Cha\u00efm Soutine\/Willem de Kooning\" \/>\n<meta property=\"og:description\" content=\"El Museo de la Orangerie de Par\u00eds presenta una exposici\u00f3n que re\u00fane las obras de Cha\u00efm Soutine (1893-1943), pintor de origen ruso de la Escuela de Par\u00eds,\" \/>\n<meta property=\"og:url\" content=\"https:\/\/www.aparences.net\/es\/actualidad\/chaim-soutine-willem-de-kooning\/\" \/>\n<meta property=\"og:site_name\" content=\"Aparences\" \/>\n<meta property=\"article:published_time\" content=\"2021-09-06T15:23:07+00:00\" \/>\n<meta property=\"article:modified_time\" content=\"2021-09-06T15:23:09+00:00\" \/>\n<meta property=\"og:image\" content=\"https:\/\/www.aparences.net\/wp-content\/uploads\/2021\/08\/orangerie-chaim-soutine.jpg\" \/>\n\t<meta property=\"og:image:width\" content=\"1080\" \/>\n\t<meta property=\"og:image:height\" content=\"540\" \/>\n\t<meta property=\"og:image:type\" content=\"image\/jpeg\" \/>\n<meta name=\"author\" content=\"admin\" \/>\n<meta name=\"twitter:card\" content=\"summary_large_image\" \/>\n<meta name=\"twitter:label1\" content=\"Escrito por\" \/>\n\t<meta name=\"twitter:data1\" content=\"admin\" \/>\n\t<meta name=\"twitter:label2\" content=\"Tiempo de lectura\" \/>\n\t<meta name=\"twitter:data2\" content=\"3 minutos\" \/>\n<script type=\"application\/ld+json\" class=\"yoast-schema-graph\">{\"@context\":\"https:\/\/schema.org\",\"@graph\":[{\"@type\":\"Article\",\"@id\":\"https:\/\/www.aparences.net\/es\/actualidad\/chaim-soutine-willem-de-kooning\/#article\",\"isPartOf\":{\"@id\":\"https:\/\/www.aparences.net\/es\/actualidad\/chaim-soutine-willem-de-kooning\/\"},\"author\":{\"name\":\"admin\",\"@id\":\"https:\/\/www.aparences.net\/es\/#\/schema\/person\/af349f6ffc31b16c68963e61268afca5\"},\"headline\":\"Cha\u00efm Soutine\/Willem de Kooning\",\"datePublished\":\"2021-09-06T15:23:07+00:00\",\"dateModified\":\"2021-09-06T15:23:09+00:00\",\"mainEntityOfPage\":{\"@id\":\"https:\/\/www.aparences.net\/es\/actualidad\/chaim-soutine-willem-de-kooning\/\"},\"wordCount\":537,\"publisher\":{\"@id\":\"https:\/\/www.aparences.net\/es\/#organization\"},\"image\":{\"@id\":\"https:\/\/www.aparences.net\/es\/actualidad\/chaim-soutine-willem-de-kooning\/#primaryimage\"},\"thumbnailUrl\":\"https:\/\/www.aparences.net\/wp-content\/uploads\/2021\/08\/orangerie-chaim-soutine.jpg\",\"articleSection\":[\"Actualidad\",\"Exposiciones\"],\"inLanguage\":\"es\"},{\"@type\":[\"WebPage\",\"ItemPage\"],\"@id\":\"https:\/\/www.aparences.net\/es\/actualidad\/chaim-soutine-willem-de-kooning\/\",\"url\":\"https:\/\/www.aparences.net\/es\/actualidad\/chaim-soutine-willem-de-kooning\/\",\"name\":\"Cha\u00efm Soutine\/Willem de Kooning\",\"isPartOf\":{\"@id\":\"https:\/\/www.aparences.net\/es\/#website\"},\"primaryImageOfPage\":{\"@id\":\"https:\/\/www.aparences.net\/es\/actualidad\/chaim-soutine-willem-de-kooning\/#primaryimage\"},\"image\":{\"@id\":\"https:\/\/www.aparences.net\/es\/actualidad\/chaim-soutine-willem-de-kooning\/#primaryimage\"},\"thumbnailUrl\":\"https:\/\/www.aparences.net\/wp-content\/uploads\/2021\/08\/orangerie-chaim-soutine.jpg\",\"datePublished\":\"2021-09-06T15:23:07+00:00\",\"dateModified\":\"2021-09-06T15:23:09+00:00\",\"description\":\"El Museo de la Orangerie de Par\u00eds presenta una exposici\u00f3n que re\u00fane las obras de Cha\u00efm Soutine (1893-1943), pintor de origen ruso de la Escuela de Par\u00eds,\",\"breadcrumb\":{\"@id\":\"https:\/\/www.aparences.net\/es\/actualidad\/chaim-soutine-willem-de-kooning\/#breadcrumb\"},\"inLanguage\":\"es\",\"potentialAction\":[{\"@type\":\"ReadAction\",\"target\":[\"https:\/\/www.aparences.net\/es\/actualidad\/chaim-soutine-willem-de-kooning\/\"]}]},{\"@type\":\"ImageObject\",\"inLanguage\":\"es\",\"@id\":\"https:\/\/www.aparences.net\/es\/actualidad\/chaim-soutine-willem-de-kooning\/#primaryimage\",\"url\":\"https:\/\/www.aparences.net\/wp-content\/uploads\/2021\/08\/orangerie-chaim-soutine.jpg\",\"contentUrl\":\"https:\/\/www.aparences.net\/wp-content\/uploads\/2021\/08\/orangerie-chaim-soutine.jpg\",\"width\":1080,\"height\":540},{\"@type\":\"BreadcrumbList\",\"@id\":\"https:\/\/www.aparences.net\/es\/actualidad\/chaim-soutine-willem-de-kooning\/#breadcrumb\",\"itemListElement\":[{\"@type\":\"ListItem\",\"position\":1,\"name\":\"Portada\",\"item\":\"https:\/\/www.aparences.net\/es\/\"},{\"@type\":\"ListItem\",\"position\":2,\"name\":\"Cha\u00efm Soutine\/Willem de Kooning\"}]},{\"@type\":\"WebSite\",\"@id\":\"https:\/\/www.aparences.net\/es\/#website\",\"url\":\"https:\/\/www.aparences.net\/es\/\",\"name\":\"Aparences: Historia del Arte y Actualidad Cultural\",\"description\":\"\",\"publisher\":{\"@id\":\"https:\/\/www.aparences.net\/es\/#organization\"},\"potentialAction\":[{\"@type\":\"SearchAction\",\"target\":{\"@type\":\"EntryPoint\",\"urlTemplate\":\"https:\/\/www.aparences.net\/es\/?s={search_term_string}\"},\"query-input\":{\"@type\":\"PropertyValueSpecification\",\"valueRequired\":true,\"valueName\":\"search_term_string\"}}],\"inLanguage\":\"es\"},{\"@type\":\"Organization\",\"@id\":\"https:\/\/www.aparences.net\/es\/#organization\",\"name\":\"Aparences: Historia del Arte y Actualidad Cultural\",\"url\":\"https:\/\/www.aparences.net\/es\/\",\"logo\":{\"@type\":\"ImageObject\",\"inLanguage\":\"es\",\"@id\":\"https:\/\/www.aparences.net\/es\/#\/schema\/logo\/image\/\",\"url\":\"https:\/\/www.aparences.net\/wp-content\/uploads\/2023\/09\/logo-quadrat-color-e1695915315229.png\",\"contentUrl\":\"https:\/\/www.aparences.net\/wp-content\/uploads\/2023\/09\/logo-quadrat-color-e1695915315229.png\",\"width\":120,\"height\":120,\"caption\":\"Aparences: Historia del Arte y Actualidad Cultural\"},\"image\":{\"@id\":\"https:\/\/www.aparences.net\/es\/#\/schema\/logo\/image\/\"}},{\"@type\":\"Person\",\"@id\":\"https:\/\/www.aparences.net\/es\/#\/schema\/person\/af349f6ffc31b16c68963e61268afca5\",\"name\":\"admin\",\"url\":\"https:\/\/www.aparences.net\/es\/author\/admin\/\"}]}<\/script>\n<!-- \/ Yoast SEO plugin. -->","yoast_head_json":{"title":"Cha\u00efm Soutine\/Willem de Kooning","description":"El Museo de la Orangerie de Par\u00eds presenta una exposici\u00f3n que re\u00fane las obras de Cha\u00efm Soutine (1893-1943), pintor de origen ruso de la Escuela de Par\u00eds,","robots":{"index":"index","follow":"follow","max-snippet":"max-snippet:-1","max-image-preview":"max-image-preview:large","max-video-preview":"max-video-preview:-1"},"canonical":"https:\/\/www.aparences.net\/es\/actualidad\/chaim-soutine-willem-de-kooning\/","og_locale":"es_ES","og_type":"article","og_title":"Cha\u00efm Soutine\/Willem de Kooning","og_description":"El Museo de la Orangerie de Par\u00eds presenta una exposici\u00f3n que re\u00fane las obras de Cha\u00efm Soutine (1893-1943), pintor de origen ruso de la Escuela de Par\u00eds,","og_url":"https:\/\/www.aparences.net\/es\/actualidad\/chaim-soutine-willem-de-kooning\/","og_site_name":"Aparences","article_published_time":"2021-09-06T15:23:07+00:00","article_modified_time":"2021-09-06T15:23:09+00:00","og_image":[{"width":1080,"height":540,"url":"https:\/\/www.aparences.net\/wp-content\/uploads\/2021\/08\/orangerie-chaim-soutine.jpg","type":"image\/jpeg"}],"author":"admin","twitter_card":"summary_large_image","twitter_misc":{"Escrito por":"admin","Tiempo de lectura":"3 minutos"},"schema":{"@context":"https:\/\/schema.org","@graph":[{"@type":"Article","@id":"https:\/\/www.aparences.net\/es\/actualidad\/chaim-soutine-willem-de-kooning\/#article","isPartOf":{"@id":"https:\/\/www.aparences.net\/es\/actualidad\/chaim-soutine-willem-de-kooning\/"},"author":{"name":"admin","@id":"https:\/\/www.aparences.net\/es\/#\/schema\/person\/af349f6ffc31b16c68963e61268afca5"},"headline":"Cha\u00efm Soutine\/Willem de Kooning","datePublished":"2021-09-06T15:23:07+00:00","dateModified":"2021-09-06T15:23:09+00:00","mainEntityOfPage":{"@id":"https:\/\/www.aparences.net\/es\/actualidad\/chaim-soutine-willem-de-kooning\/"},"wordCount":537,"publisher":{"@id":"https:\/\/www.aparences.net\/es\/#organization"},"image":{"@id":"https:\/\/www.aparences.net\/es\/actualidad\/chaim-soutine-willem-de-kooning\/#primaryimage"},"thumbnailUrl":"https:\/\/www.aparences.net\/wp-content\/uploads\/2021\/08\/orangerie-chaim-soutine.jpg","articleSection":["Actualidad","Exposiciones"],"inLanguage":"es"},{"@type":["WebPage","ItemPage"],"@id":"https:\/\/www.aparences.net\/es\/actualidad\/chaim-soutine-willem-de-kooning\/","url":"https:\/\/www.aparences.net\/es\/actualidad\/chaim-soutine-willem-de-kooning\/","name":"Cha\u00efm Soutine\/Willem de Kooning","isPartOf":{"@id":"https:\/\/www.aparences.net\/es\/#website"},"primaryImageOfPage":{"@id":"https:\/\/www.aparences.net\/es\/actualidad\/chaim-soutine-willem-de-kooning\/#primaryimage"},"image":{"@id":"https:\/\/www.aparences.net\/es\/actualidad\/chaim-soutine-willem-de-kooning\/#primaryimage"},"thumbnailUrl":"https:\/\/www.aparences.net\/wp-content\/uploads\/2021\/08\/orangerie-chaim-soutine.jpg","datePublished":"2021-09-06T15:23:07+00:00","dateModified":"2021-09-06T15:23:09+00:00","description":"El Museo de la Orangerie de Par\u00eds presenta una exposici\u00f3n que re\u00fane las obras de Cha\u00efm Soutine (1893-1943), pintor de origen ruso de la Escuela de Par\u00eds,","breadcrumb":{"@id":"https:\/\/www.aparences.net\/es\/actualidad\/chaim-soutine-willem-de-kooning\/#breadcrumb"},"inLanguage":"es","potentialAction":[{"@type":"ReadAction","target":["https:\/\/www.aparences.net\/es\/actualidad\/chaim-soutine-willem-de-kooning\/"]}]},{"@type":"ImageObject","inLanguage":"es","@id":"https:\/\/www.aparences.net\/es\/actualidad\/chaim-soutine-willem-de-kooning\/#primaryimage","url":"https:\/\/www.aparences.net\/wp-content\/uploads\/2021\/08\/orangerie-chaim-soutine.jpg","contentUrl":"https:\/\/www.aparences.net\/wp-content\/uploads\/2021\/08\/orangerie-chaim-soutine.jpg","width":1080,"height":540},{"@type":"BreadcrumbList","@id":"https:\/\/www.aparences.net\/es\/actualidad\/chaim-soutine-willem-de-kooning\/#breadcrumb","itemListElement":[{"@type":"ListItem","position":1,"name":"Portada","item":"https:\/\/www.aparences.net\/es\/"},{"@type":"ListItem","position":2,"name":"Cha\u00efm Soutine\/Willem de Kooning"}]},{"@type":"WebSite","@id":"https:\/\/www.aparences.net\/es\/#website","url":"https:\/\/www.aparences.net\/es\/","name":"Aparences: Historia del Arte y Actualidad Cultural","description":"","publisher":{"@id":"https:\/\/www.aparences.net\/es\/#organization"},"potentialAction":[{"@type":"SearchAction","target":{"@type":"EntryPoint","urlTemplate":"https:\/\/www.aparences.net\/es\/?s={search_term_string}"},"query-input":{"@type":"PropertyValueSpecification","valueRequired":true,"valueName":"search_term_string"}}],"inLanguage":"es"},{"@type":"Organization","@id":"https:\/\/www.aparences.net\/es\/#organization","name":"Aparences: Historia del Arte y Actualidad Cultural","url":"https:\/\/www.aparences.net\/es\/","logo":{"@type":"ImageObject","inLanguage":"es","@id":"https:\/\/www.aparences.net\/es\/#\/schema\/logo\/image\/","url":"https:\/\/www.aparences.net\/wp-content\/uploads\/2023\/09\/logo-quadrat-color-e1695915315229.png","contentUrl":"https:\/\/www.aparences.net\/wp-content\/uploads\/2023\/09\/logo-quadrat-color-e1695915315229.png","width":120,"height":120,"caption":"Aparences: Historia del Arte y Actualidad Cultural"},"image":{"@id":"https:\/\/www.aparences.net\/es\/#\/schema\/logo\/image\/"}},{"@type":"Person","@id":"https:\/\/www.aparences.net\/es\/#\/schema\/person\/af349f6ffc31b16c68963e61268afca5","name":"admin","url":"https:\/\/www.aparences.net\/es\/author\/admin\/"}]}},"_links":{"self":[{"href":"https:\/\/www.aparences.net\/es\/wp-json\/wp\/v2\/posts\/23809","targetHints":{"allow":["GET"]}}],"collection":[{"href":"https:\/\/www.aparences.net\/es\/wp-json\/wp\/v2\/posts"}],"about":[{"href":"https:\/\/www.aparences.net\/es\/wp-json\/wp\/v2\/types\/post"}],"author":[{"embeddable":true,"href":"https:\/\/www.aparences.net\/es\/wp-json\/wp\/v2\/users\/2"}],"replies":[{"embeddable":true,"href":"https:\/\/www.aparences.net\/es\/wp-json\/wp\/v2\/comments?post=23809"}],"version-history":[{"count":0,"href":"https:\/\/www.aparences.net\/es\/wp-json\/wp\/v2\/posts\/23809\/revisions"}],"wp:featuredmedia":[{"embeddable":true,"href":"https:\/\/www.aparences.net\/es\/wp-json\/wp\/v2\/media\/23858"}],"wp:attachment":[{"href":"https:\/\/www.aparences.net\/es\/wp-json\/wp\/v2\/media?parent=23809"}],"wp:term":[{"taxonomy":"category","embeddable":true,"href":"https:\/\/www.aparences.net\/es\/wp-json\/wp\/v2\/categories?post=23809"},{"taxonomy":"post_tag","embeddable":true,"href":"https:\/\/www.aparences.net\/es\/wp-json\/wp\/v2\/tags?post=23809"}],"curies":[{"name":"wp","href":"https:\/\/api.w.org\/{rel}","templated":true}]}}