{"id":24153,"date":"2021-11-07T11:23:53","date_gmt":"2021-11-07T10:23:53","guid":{"rendered":"https:\/\/www.aparences.net\/?p=24153"},"modified":"2021-11-07T11:23:54","modified_gmt":"2021-11-07T10:23:54","slug":"tu-y-yo-no-vivimos-en-el-mismo-planeta","status":"publish","type":"post","link":"https:\/\/www.aparences.net\/es\/actualidad\/tu-y-yo-no-vivimos-en-el-mismo-planeta\/","title":{"rendered":"T\u00fa y yo no vivimos en el mismo planeta"},"content":{"rendered":"\n<p>Bruno Latour fue invitado, junto con el comisario Martin Guinard, a imaginar la Bienal de Taipei en la isla de Taiw\u00e1n. El proyecto, titulado \u00abYou and I don\u2019t live on the same planet\u00bb (\u00abT\u00fa y yo no vivimos en el mismo planeta\u00bb), cuestion\u00f3 los conflictos ligados a la cuesti\u00f3n ecol\u00f3gica y reuni\u00f3 a 57 artistas, colectivos y ponentes. Presentada entre noviembre de 2020 y marzo de 2021 en el Museo de Bellas Artes de Taipei, se complement\u00f3 con talleres y programas p\u00fablicos orquestados por Eva Lin. Aunque tuvo un gran \u00e9xito entre el p\u00fablico local, las circunstancias mundiales impidieron que la bienal tuviera el impacto internacional que deber\u00eda haber tenido. Ante esta situaci\u00f3n y la candente actualidad del tema, <a href=\"https:\/\/www.centrepompidou-metz.fr\/toi-et-moi-ne-vit-pas-sur-la-m-me-plan-te\">el Centro Pompidou-Metz<\/a> ha invitado excepcionalmente a la Bienal de Taipei 2020 y a sus comisarios a utilizar sus espacios entre noviembre de 2021 y abril de 2022, para repetir una parte de la exposici\u00f3n, destacando la escena taiwanesa y las propuestas de los artistas formuladas para esta bienal.<\/p>\n\n\n\n<p>El reto que quiere asumir esta bienal, a trav\u00e9s del trabajo de los artistas, arquitectos o cient\u00edficos invitados, es hacer visibles estas diferentes concepciones, estas diferentes realidades, para que el visitante tome la medida de la transformaci\u00f3n de lo que antes se presentaba como un conjunto de cuestiones perif\u00e9ricas, en un conjunto de luchas pol\u00edticas m\u00e1s urgentes y m\u00e1s tr\u00e1gicas que nunca. \u00ab\u00bfD\u00f3nde aterrizar?\u00bb, \u00ab\u00bfEn qu\u00e9 planeta vivimos?\u00bb, \u00ab\u00bfQui\u00e9n soy?\u00bb, estas son las preguntas que Bruno Latour sigue explorando a trav\u00e9s de la <strong>Bienal de Taipei 2020<\/strong> y ahora en el <strong>Centro Pompidou-Metz<\/strong> y que est\u00e1n en el centro de lo que \u00e9l llama el \u00abnuevo r\u00e9gimen clim\u00e1tico\u00bb. Al abordar el tema de forma geopol\u00edtica, los comisarios esperan establecer nuevos encuentros diplom\u00e1ticos. \u00bfQu\u00e9 mejor lugar para hacerlo que un espacio de exposici\u00f3n, ya que es precisamente la cuesti\u00f3n del espacio lo que nos divide tan profundamente?<\/p>\n\n\n\n<p>Creada en 1992 por el Museo de Bellas Artes de Taipei, la Bienal de Taipei se ha consolidado como un importante acontecimiento art\u00edstico en Asia, y sus \u00faltimas ediciones se han centrado en cuestiones medioambientales.<\/p>\n","protected":false},"excerpt":{"rendered":"<p>Ante la candente actualidad del tema, el Centro Pompidou-Metz ha invitado excepcionalmente a la Bienal de Taipei 2020.<\/p>\n","protected":false},"author":2,"featured_media":24152,"comment_status":"closed","ping_status":"closed","sticky":false,"template":"","format":"standard","meta":{"footnotes":""},"categories":[2368,2605],"tags":[],"class_list":["post-24153","post","type-post","status-publish","format-standard","has-post-thumbnail","hentry","category-actualidad","category-exposiciones"],"yoast_head":"<!-- This site is optimized with the Yoast SEO plugin v27.2 - https:\/\/yoast.com\/product\/yoast-seo-wordpress\/ -->\n<title>T\u00fa y yo no vivimos en el mismo planeta<\/title>\n<meta name=\"description\" content=\"Ante la candente actualidad del tema, el Centro Pompidou-Metz ha invitado excepcionalmente a la Bienal de Taipei 2020.\" \/>\n<meta name=\"robots\" content=\"index, follow, max-snippet:-1, max-image-preview:large, max-video-preview:-1\" \/>\n<link rel=\"canonical\" href=\"https:\/\/www.aparences.net\/es\/actualidad\/tu-y-yo-no-vivimos-en-el-mismo-planeta\/\" \/>\n<meta property=\"og:locale\" content=\"es_ES\" \/>\n<meta property=\"og:type\" content=\"article\" \/>\n<meta property=\"og:title\" content=\"T\u00fa y yo no vivimos en el mismo planeta\" \/>\n<meta property=\"og:description\" content=\"Ante la candente actualidad del tema, el Centro Pompidou-Metz ha invitado excepcionalmente a la Bienal de Taipei 2020.\" \/>\n<meta property=\"og:url\" content=\"https:\/\/www.aparences.net\/es\/actualidad\/tu-y-yo-no-vivimos-en-el-mismo-planeta\/\" \/>\n<meta property=\"og:site_name\" content=\"Aparences\" \/>\n<meta property=\"article:published_time\" content=\"2021-11-07T10:23:53+00:00\" \/>\n<meta property=\"article:modified_time\" content=\"2021-11-07T10:23:54+00:00\" \/>\n<meta property=\"og:image\" content=\"https:\/\/www.aparences.net\/wp-content\/uploads\/2021\/11\/centre-pompidou-metz.jpg\" \/>\n\t<meta property=\"og:image:width\" content=\"1080\" \/>\n\t<meta property=\"og:image:height\" content=\"540\" \/>\n\t<meta property=\"og:image:type\" content=\"image\/jpeg\" \/>\n<meta name=\"author\" content=\"admin\" \/>\n<meta name=\"twitter:card\" content=\"summary_large_image\" \/>\n<meta name=\"twitter:label1\" content=\"Escrito por\" \/>\n\t<meta name=\"twitter:data1\" content=\"admin\" \/>\n\t<meta name=\"twitter:label2\" content=\"Tiempo de lectura\" \/>\n\t<meta name=\"twitter:data2\" content=\"2 minutos\" \/>\n<script type=\"application\/ld+json\" class=\"yoast-schema-graph\">{\"@context\":\"https:\/\/schema.org\",\"@graph\":[{\"@type\":\"Article\",\"@id\":\"https:\/\/www.aparences.net\/es\/actualidad\/tu-y-yo-no-vivimos-en-el-mismo-planeta\/#article\",\"isPartOf\":{\"@id\":\"https:\/\/www.aparences.net\/es\/actualidad\/tu-y-yo-no-vivimos-en-el-mismo-planeta\/\"},\"author\":{\"name\":\"admin\",\"@id\":\"https:\/\/www.aparences.net\/es\/#\/schema\/person\/af349f6ffc31b16c68963e61268afca5\"},\"headline\":\"T\u00fa y yo no vivimos en el mismo planeta\",\"datePublished\":\"2021-11-07T10:23:53+00:00\",\"dateModified\":\"2021-11-07T10:23:54+00:00\",\"mainEntityOfPage\":{\"@id\":\"https:\/\/www.aparences.net\/es\/actualidad\/tu-y-yo-no-vivimos-en-el-mismo-planeta\/\"},\"wordCount\":378,\"publisher\":{\"@id\":\"https:\/\/www.aparences.net\/es\/#organization\"},\"image\":{\"@id\":\"https:\/\/www.aparences.net\/es\/actualidad\/tu-y-yo-no-vivimos-en-el-mismo-planeta\/#primaryimage\"},\"thumbnailUrl\":\"https:\/\/www.aparences.net\/wp-content\/uploads\/2021\/11\/centre-pompidou-metz.jpg\",\"articleSection\":[\"Actualidad\",\"Exposiciones\"],\"inLanguage\":\"es\"},{\"@type\":[\"WebPage\",\"ItemPage\"],\"@id\":\"https:\/\/www.aparences.net\/es\/actualidad\/tu-y-yo-no-vivimos-en-el-mismo-planeta\/\",\"url\":\"https:\/\/www.aparences.net\/es\/actualidad\/tu-y-yo-no-vivimos-en-el-mismo-planeta\/\",\"name\":\"T\u00fa y yo no vivimos en el mismo planeta\",\"isPartOf\":{\"@id\":\"https:\/\/www.aparences.net\/es\/#website\"},\"primaryImageOfPage\":{\"@id\":\"https:\/\/www.aparences.net\/es\/actualidad\/tu-y-yo-no-vivimos-en-el-mismo-planeta\/#primaryimage\"},\"image\":{\"@id\":\"https:\/\/www.aparences.net\/es\/actualidad\/tu-y-yo-no-vivimos-en-el-mismo-planeta\/#primaryimage\"},\"thumbnailUrl\":\"https:\/\/www.aparences.net\/wp-content\/uploads\/2021\/11\/centre-pompidou-metz.jpg\",\"datePublished\":\"2021-11-07T10:23:53+00:00\",\"dateModified\":\"2021-11-07T10:23:54+00:00\",\"description\":\"Ante la candente actualidad del tema, el Centro Pompidou-Metz ha invitado excepcionalmente a la Bienal de Taipei 2020.\",\"breadcrumb\":{\"@id\":\"https:\/\/www.aparences.net\/es\/actualidad\/tu-y-yo-no-vivimos-en-el-mismo-planeta\/#breadcrumb\"},\"inLanguage\":\"es\",\"potentialAction\":[{\"@type\":\"ReadAction\",\"target\":[\"https:\/\/www.aparences.net\/es\/actualidad\/tu-y-yo-no-vivimos-en-el-mismo-planeta\/\"]}]},{\"@type\":\"ImageObject\",\"inLanguage\":\"es\",\"@id\":\"https:\/\/www.aparences.net\/es\/actualidad\/tu-y-yo-no-vivimos-en-el-mismo-planeta\/#primaryimage\",\"url\":\"https:\/\/www.aparences.net\/wp-content\/uploads\/2021\/11\/centre-pompidou-metz.jpg\",\"contentUrl\":\"https:\/\/www.aparences.net\/wp-content\/uploads\/2021\/11\/centre-pompidou-metz.jpg\",\"width\":1080,\"height\":540},{\"@type\":\"BreadcrumbList\",\"@id\":\"https:\/\/www.aparences.net\/es\/actualidad\/tu-y-yo-no-vivimos-en-el-mismo-planeta\/#breadcrumb\",\"itemListElement\":[{\"@type\":\"ListItem\",\"position\":1,\"name\":\"Portada\",\"item\":\"https:\/\/www.aparences.net\/es\/\"},{\"@type\":\"ListItem\",\"position\":2,\"name\":\"T\u00fa y yo no vivimos en el mismo planeta\"}]},{\"@type\":\"WebSite\",\"@id\":\"https:\/\/www.aparences.net\/es\/#website\",\"url\":\"https:\/\/www.aparences.net\/es\/\",\"name\":\"Aparences: Historia del Arte y Actualidad Cultural\",\"description\":\"\",\"publisher\":{\"@id\":\"https:\/\/www.aparences.net\/es\/#organization\"},\"potentialAction\":[{\"@type\":\"SearchAction\",\"target\":{\"@type\":\"EntryPoint\",\"urlTemplate\":\"https:\/\/www.aparences.net\/es\/?s={search_term_string}\"},\"query-input\":{\"@type\":\"PropertyValueSpecification\",\"valueRequired\":true,\"valueName\":\"search_term_string\"}}],\"inLanguage\":\"es\"},{\"@type\":\"Organization\",\"@id\":\"https:\/\/www.aparences.net\/es\/#organization\",\"name\":\"Aparences: Historia del Arte y Actualidad Cultural\",\"url\":\"https:\/\/www.aparences.net\/es\/\",\"logo\":{\"@type\":\"ImageObject\",\"inLanguage\":\"es\",\"@id\":\"https:\/\/www.aparences.net\/es\/#\/schema\/logo\/image\/\",\"url\":\"https:\/\/www.aparences.net\/wp-content\/uploads\/2023\/09\/logo-quadrat-color-e1695915315229.png\",\"contentUrl\":\"https:\/\/www.aparences.net\/wp-content\/uploads\/2023\/09\/logo-quadrat-color-e1695915315229.png\",\"width\":120,\"height\":120,\"caption\":\"Aparences: Historia del Arte y Actualidad Cultural\"},\"image\":{\"@id\":\"https:\/\/www.aparences.net\/es\/#\/schema\/logo\/image\/\"}},{\"@type\":\"Person\",\"@id\":\"https:\/\/www.aparences.net\/es\/#\/schema\/person\/af349f6ffc31b16c68963e61268afca5\",\"name\":\"admin\",\"url\":\"https:\/\/www.aparences.net\/es\/author\/admin\/\"}]}<\/script>\n<!-- \/ Yoast SEO plugin. -->","yoast_head_json":{"title":"T\u00fa y yo no vivimos en el mismo planeta","description":"Ante la candente actualidad del tema, el Centro Pompidou-Metz ha invitado excepcionalmente a la Bienal de Taipei 2020.","robots":{"index":"index","follow":"follow","max-snippet":"max-snippet:-1","max-image-preview":"max-image-preview:large","max-video-preview":"max-video-preview:-1"},"canonical":"https:\/\/www.aparences.net\/es\/actualidad\/tu-y-yo-no-vivimos-en-el-mismo-planeta\/","og_locale":"es_ES","og_type":"article","og_title":"T\u00fa y yo no vivimos en el mismo planeta","og_description":"Ante la candente actualidad del tema, el Centro Pompidou-Metz ha invitado excepcionalmente a la Bienal de Taipei 2020.","og_url":"https:\/\/www.aparences.net\/es\/actualidad\/tu-y-yo-no-vivimos-en-el-mismo-planeta\/","og_site_name":"Aparences","article_published_time":"2021-11-07T10:23:53+00:00","article_modified_time":"2021-11-07T10:23:54+00:00","og_image":[{"width":1080,"height":540,"url":"https:\/\/www.aparences.net\/wp-content\/uploads\/2021\/11\/centre-pompidou-metz.jpg","type":"image\/jpeg"}],"author":"admin","twitter_card":"summary_large_image","twitter_misc":{"Escrito por":"admin","Tiempo de lectura":"2 minutos"},"schema":{"@context":"https:\/\/schema.org","@graph":[{"@type":"Article","@id":"https:\/\/www.aparences.net\/es\/actualidad\/tu-y-yo-no-vivimos-en-el-mismo-planeta\/#article","isPartOf":{"@id":"https:\/\/www.aparences.net\/es\/actualidad\/tu-y-yo-no-vivimos-en-el-mismo-planeta\/"},"author":{"name":"admin","@id":"https:\/\/www.aparences.net\/es\/#\/schema\/person\/af349f6ffc31b16c68963e61268afca5"},"headline":"T\u00fa y yo no vivimos en el mismo planeta","datePublished":"2021-11-07T10:23:53+00:00","dateModified":"2021-11-07T10:23:54+00:00","mainEntityOfPage":{"@id":"https:\/\/www.aparences.net\/es\/actualidad\/tu-y-yo-no-vivimos-en-el-mismo-planeta\/"},"wordCount":378,"publisher":{"@id":"https:\/\/www.aparences.net\/es\/#organization"},"image":{"@id":"https:\/\/www.aparences.net\/es\/actualidad\/tu-y-yo-no-vivimos-en-el-mismo-planeta\/#primaryimage"},"thumbnailUrl":"https:\/\/www.aparences.net\/wp-content\/uploads\/2021\/11\/centre-pompidou-metz.jpg","articleSection":["Actualidad","Exposiciones"],"inLanguage":"es"},{"@type":["WebPage","ItemPage"],"@id":"https:\/\/www.aparences.net\/es\/actualidad\/tu-y-yo-no-vivimos-en-el-mismo-planeta\/","url":"https:\/\/www.aparences.net\/es\/actualidad\/tu-y-yo-no-vivimos-en-el-mismo-planeta\/","name":"T\u00fa y yo no vivimos en el mismo planeta","isPartOf":{"@id":"https:\/\/www.aparences.net\/es\/#website"},"primaryImageOfPage":{"@id":"https:\/\/www.aparences.net\/es\/actualidad\/tu-y-yo-no-vivimos-en-el-mismo-planeta\/#primaryimage"},"image":{"@id":"https:\/\/www.aparences.net\/es\/actualidad\/tu-y-yo-no-vivimos-en-el-mismo-planeta\/#primaryimage"},"thumbnailUrl":"https:\/\/www.aparences.net\/wp-content\/uploads\/2021\/11\/centre-pompidou-metz.jpg","datePublished":"2021-11-07T10:23:53+00:00","dateModified":"2021-11-07T10:23:54+00:00","description":"Ante la candente actualidad del tema, el Centro Pompidou-Metz ha invitado excepcionalmente a la Bienal de Taipei 2020.","breadcrumb":{"@id":"https:\/\/www.aparences.net\/es\/actualidad\/tu-y-yo-no-vivimos-en-el-mismo-planeta\/#breadcrumb"},"inLanguage":"es","potentialAction":[{"@type":"ReadAction","target":["https:\/\/www.aparences.net\/es\/actualidad\/tu-y-yo-no-vivimos-en-el-mismo-planeta\/"]}]},{"@type":"ImageObject","inLanguage":"es","@id":"https:\/\/www.aparences.net\/es\/actualidad\/tu-y-yo-no-vivimos-en-el-mismo-planeta\/#primaryimage","url":"https:\/\/www.aparences.net\/wp-content\/uploads\/2021\/11\/centre-pompidou-metz.jpg","contentUrl":"https:\/\/www.aparences.net\/wp-content\/uploads\/2021\/11\/centre-pompidou-metz.jpg","width":1080,"height":540},{"@type":"BreadcrumbList","@id":"https:\/\/www.aparences.net\/es\/actualidad\/tu-y-yo-no-vivimos-en-el-mismo-planeta\/#breadcrumb","itemListElement":[{"@type":"ListItem","position":1,"name":"Portada","item":"https:\/\/www.aparences.net\/es\/"},{"@type":"ListItem","position":2,"name":"T\u00fa y yo no vivimos en el mismo planeta"}]},{"@type":"WebSite","@id":"https:\/\/www.aparences.net\/es\/#website","url":"https:\/\/www.aparences.net\/es\/","name":"Aparences: Historia del Arte y Actualidad Cultural","description":"","publisher":{"@id":"https:\/\/www.aparences.net\/es\/#organization"},"potentialAction":[{"@type":"SearchAction","target":{"@type":"EntryPoint","urlTemplate":"https:\/\/www.aparences.net\/es\/?s={search_term_string}"},"query-input":{"@type":"PropertyValueSpecification","valueRequired":true,"valueName":"search_term_string"}}],"inLanguage":"es"},{"@type":"Organization","@id":"https:\/\/www.aparences.net\/es\/#organization","name":"Aparences: Historia del Arte y Actualidad Cultural","url":"https:\/\/www.aparences.net\/es\/","logo":{"@type":"ImageObject","inLanguage":"es","@id":"https:\/\/www.aparences.net\/es\/#\/schema\/logo\/image\/","url":"https:\/\/www.aparences.net\/wp-content\/uploads\/2023\/09\/logo-quadrat-color-e1695915315229.png","contentUrl":"https:\/\/www.aparences.net\/wp-content\/uploads\/2023\/09\/logo-quadrat-color-e1695915315229.png","width":120,"height":120,"caption":"Aparences: Historia del Arte y Actualidad Cultural"},"image":{"@id":"https:\/\/www.aparences.net\/es\/#\/schema\/logo\/image\/"}},{"@type":"Person","@id":"https:\/\/www.aparences.net\/es\/#\/schema\/person\/af349f6ffc31b16c68963e61268afca5","name":"admin","url":"https:\/\/www.aparences.net\/es\/author\/admin\/"}]}},"_links":{"self":[{"href":"https:\/\/www.aparences.net\/es\/wp-json\/wp\/v2\/posts\/24153","targetHints":{"allow":["GET"]}}],"collection":[{"href":"https:\/\/www.aparences.net\/es\/wp-json\/wp\/v2\/posts"}],"about":[{"href":"https:\/\/www.aparences.net\/es\/wp-json\/wp\/v2\/types\/post"}],"author":[{"embeddable":true,"href":"https:\/\/www.aparences.net\/es\/wp-json\/wp\/v2\/users\/2"}],"replies":[{"embeddable":true,"href":"https:\/\/www.aparences.net\/es\/wp-json\/wp\/v2\/comments?post=24153"}],"version-history":[{"count":0,"href":"https:\/\/www.aparences.net\/es\/wp-json\/wp\/v2\/posts\/24153\/revisions"}],"wp:featuredmedia":[{"embeddable":true,"href":"https:\/\/www.aparences.net\/es\/wp-json\/wp\/v2\/media\/24152"}],"wp:attachment":[{"href":"https:\/\/www.aparences.net\/es\/wp-json\/wp\/v2\/media?parent=24153"}],"wp:term":[{"taxonomy":"category","embeddable":true,"href":"https:\/\/www.aparences.net\/es\/wp-json\/wp\/v2\/categories?post=24153"},{"taxonomy":"post_tag","embeddable":true,"href":"https:\/\/www.aparences.net\/es\/wp-json\/wp\/v2\/tags?post=24153"}],"curies":[{"name":"wp","href":"https:\/\/api.w.org\/{rel}","templated":true}]}}