{"id":24496,"date":"2021-12-20T09:06:55","date_gmt":"2021-12-20T08:06:55","guid":{"rendered":"https:\/\/www.aparences.net\/?p=24496"},"modified":"2025-12-11T19:40:55","modified_gmt":"2025-12-11T18:40:55","slug":"alfred-sisley-un-impresionista-romantico","status":"publish","type":"post","link":"https:\/\/www.aparences.net\/es\/tematicos\/impresionistas-paisajistas\/alfred-sisley-un-impresionista-romantico\/","title":{"rendered":"Alfred Sisley, un impresionista rom\u00e1ntico"},"content":{"rendered":"<p><!--contents--><\/p>\n\n\n<h2 class=\"wp-block-heading\">Obra trempana<\/h2>\n\n\n\n<p>La actitud de Sisley es de ascendencia claramente rom\u00e1ntica. Como para <a href=\"https:\/\/www.aparences.net\/es\/periodos\/romanticismo\/los-paisajistas-romanticos\/\">los paisajistas<\/a> ingleses que admir\u00f3 en su juventud londinense &#8211; especialmente <a href=\"https:\/\/www.aparences.net\/es\/periodos\/romanticismo\/los-paisajistas-romanticos\/#constable-y-el-paisaje-rural-ingl%C3%A9s\">Constable<\/a>-, los cielos cobran singular importancia a la hora de expresar esa relaci\u00f3n po\u00e9tica con la naturaleza, cuyo significado est\u00e1 en la proyecci\u00f3n sobre ella de las emociones del artista. Nacido en Par\u00eds en 1839, hijo de una familia de comerciantes de origen ingl\u00e9s establecida en Francia, <strong>Alfred Sisley<\/strong> conserv\u00f3 siempre la nacionalidad inglesa, aunque en los \u00faltimos a\u00f1os de su vida intentara naturalizarse franc\u00e9s. A los dieciocho a\u00f1os, su familia lo envi\u00f3 a Londres para perfeccionar su ingl\u00e9s y formarse en le negocio familiar, pero \u00e9l prefiri\u00f3 visitar los museos. A su vuelta a Par\u00eds, en 1862, no encontr\u00f3 oposici\u00f3n familiar a seguir la carrera art\u00edstica, para lo que ingres\u00f3 en el estudio de <a href=\"https:\/\/es.wikipedia.org\/wiki\/Charles_Gleyre\">Charles Gleyre<\/a>, un pintor acad\u00e9mico de origen suizo. El taller de Gleyre cerrar\u00eda apenas un a\u00f1o despu\u00e9s, pero en tan breve periodo Sisley coincide all\u00ed con <a href=\"https:\/\/www.aparences.net\/es\/tematicos\/impresionistas-paisajistas\/claude-monet-pintar-al-aire-libre\/\">Monet<\/a>, <a href=\"https:\/\/www.aparences.net\/es\/periodos\/impresionismo-2\/pierre-auguste-renoir\/\">Renoir<\/a> y <strong>Bazille<\/strong>. Durante sus a\u00f1os en Londres, Sisley ya hab\u00eda mostrado un inter\u00e9s preferente por el paisaje, pero ser\u00e1 el entusiasmo que Boudin hab\u00eda inculcado en Monet por la pintura al aire libre lo que empujar\u00e1 al grupo de amigos a reunirse en Chailly, junto al bosque de Fontainebleau, en la Semana Santa de 1863. Deslumbrados por los lugares que treinta a\u00f1os antes ven\u00edan cultivando los <a href=\"https:\/\/www.aparences.net\/es\/escuelas\/la-escuela-de-barbizon\/los-pintores-de-barbizon\/\">paisajistas de Barbizon<\/a>, los cuatro amigos vuelven a menudo en los cinco a\u00f1os siguientes, tanto a Chailly como a Marlotte, tambi\u00e9n en la linde del bosque; all\u00ed, en la posada de la m\u00e8re Anthony, los retratar\u00eda Renoir en 1866 (en el cuadro, Sisley de espaldas con sombrero blanco), como lo har\u00eda tres a\u00f1os despu\u00e9s, esta vez en Chailly, con Sisley y su mujer Marie Lescouezec. En 1866, el Sal\u00f3n le acepta dos vistas de Marlotte; solo dos veces m\u00e1s conocer\u00eda ese mismo privilegio &#8211; en 1868 y 1870-, aunque tan solo lo intent\u00f3, en vano, en 1879 acuciado por la falta de dinero.<\/p>\n\n\n<div class=\"wp-block-image\">\n<figure class=\"aligncenter size-full\"><img loading=\"lazy\" decoding=\"async\" width=\"640\" height=\"458\" src=\"https:\/\/www.aparences.net\/wp-content\/uploads\/2021\/12\/sisley-rue-de-village-a-marlotte-1866.jpg\" alt=\"Calle de pueblo en Marlotte, 1866, Museo Albright-Knox\" class=\"wp-image-24455\" title=\"Calle de pueblo en Marlotte, 1866, Alfred Sisley\" srcset=\"https:\/\/www.aparences.net\/wp-content\/uploads\/2021\/12\/sisley-rue-de-village-a-marlotte-1866.jpg 640w, https:\/\/www.aparences.net\/wp-content\/uploads\/2021\/12\/sisley-rue-de-village-a-marlotte-1866-160x115.jpg 160w, https:\/\/www.aparences.net\/wp-content\/uploads\/2021\/12\/sisley-rue-de-village-a-marlotte-1866-143x102.jpg 143w, https:\/\/www.aparences.net\/wp-content\/uploads\/2021\/12\/sisley-rue-de-village-a-marlotte-1866-307x220.jpg 307w\" sizes=\"auto, (max-width: 640px) 100vw, 640px\" \/><figcaption class=\"wp-element-caption\"><em><strong>Calle de pueblo en Marlotte<\/strong>, 1866, <em><strong>Alfred Sisley<\/strong><\/em><\/em>, <em>Museo Albright-Knox.<\/em><\/figcaption><\/figure>\n<\/div>\n\n<div class=\"wp-block-image\">\n<figure class=\"aligncenter size-full\"><img loading=\"lazy\" decoding=\"async\" width=\"394\" height=\"460\" src=\"https:\/\/www.aparences.net\/wp-content\/uploads\/2021\/12\/renoir-le-cabaret-de-la-mere-anthony-1866.jpg\" alt=\"El cabaret de la M\u00e8re Anthony, 1866, Pierre-Auguste Renoir, Estocolmo, National Museum\" class=\"wp-image-24457\" title=\"El cabaret de la M\u00e8re Anthony, 1866, Pierre-Auguste Renoir\" srcset=\"https:\/\/www.aparences.net\/wp-content\/uploads\/2021\/12\/renoir-le-cabaret-de-la-mere-anthony-1866.jpg 394w, https:\/\/www.aparences.net\/wp-content\/uploads\/2021\/12\/renoir-le-cabaret-de-la-mere-anthony-1866-160x187.jpg 160w, https:\/\/www.aparences.net\/wp-content\/uploads\/2021\/12\/renoir-le-cabaret-de-la-mere-anthony-1866-87x102.jpg 87w, https:\/\/www.aparences.net\/wp-content\/uploads\/2021\/12\/renoir-le-cabaret-de-la-mere-anthony-1866-188x220.jpg 188w\" sizes=\"auto, (max-width: 394px) 100vw, 394px\" \/><figcaption class=\"wp-element-caption\"><em><strong>El cabaret de la M\u00e8re Anthony<\/strong>, 1866, <strong>Pierre-Auguste Renoir<\/strong>, Estocolmo, National Museum.<\/em><\/figcaption><\/figure>\n<\/div>\n\n<div class=\"wp-block-image\">\n<figure class=\"aligncenter size-full\"><img loading=\"lazy\" decoding=\"async\" width=\"640\" height=\"378\" src=\"https:\/\/www.aparences.net\/wp-content\/uploads\/2021\/12\/sisley-vue-de-montmartre-1869.jpg\" alt=\"Alfred Sisley, Vista de Montmartre desde la Cit\u00e9 des Fleurs en Batignolles, 1869, Museo de Grenoble\" class=\"wp-image-24459\" title=\"Alfred Sisley, Vista de Montmartre desde la Cit\u00e9 des Fleurs en Batignolles, 1869\" srcset=\"https:\/\/www.aparences.net\/wp-content\/uploads\/2021\/12\/sisley-vue-de-montmartre-1869.jpg 640w, https:\/\/www.aparences.net\/wp-content\/uploads\/2021\/12\/sisley-vue-de-montmartre-1869-160x95.jpg 160w, https:\/\/www.aparences.net\/wp-content\/uploads\/2021\/12\/sisley-vue-de-montmartre-1869-173x102.jpg 173w, https:\/\/www.aparences.net\/wp-content\/uploads\/2021\/12\/sisley-vue-de-montmartre-1869-372x220.jpg 372w\" sizes=\"auto, (max-width: 640px) 100vw, 640px\" \/><figcaption class=\"wp-element-caption\"><em><strong>Vista de Montmartre<\/strong> desde la Cit\u00e9 des Fleurs en Batignolles, 1869, Museo de Grenoble.<\/em><\/figcaption><\/figure>\n<\/div>\n\n\n<p>La obra temprana de Sisley (solo hay unas dieciocho anteriores a 1871), revelan influencias de <a href=\"https:\/\/www.aparences.net\/es\/escuelas\/la-escuela-de-barbizon\/camille-corot\/\">Corot <\/a>y <a href=\"https:\/\/www.aparences.net\/es\/periodos\/el-realismo\/gustave-courbet\/\">Courbet<\/a> y muestran su apego por el paisaje de la regi\u00f3n central conocida como \u00cele de France, del que Sisley, pese a su origen familiar y a la apariencia brit\u00e1nica que le confer\u00eda su barba recortada y puntiaguda ser\u00e1 el m\u00e1s caracter\u00edstico int\u00e9rprete.<\/p>\n\n\n\n<h2 class=\"wp-block-heading\">La poes\u00eda del paisaje<\/h2>\n\n\n\n<p>Lo que diferencia a Sisley de sus compa\u00f1eros es su relaci\u00f3n emocional con el cuadro. En 1891, comparando uno de sus paisajes nevados con otro de Monet, George Moore escribi\u00f3: \u00abSisley es menos decorativo, menos superficial; su toque es m\u00e1s cuidadoso. Ha mirado con m\u00e1s profundidad la naturaleza, que para \u00e9l es algo m\u00e1s que apariencia brillante\u00bb. En la misma l\u00ednea, <strong>Gustave Geffroy<\/strong> centraba el objetivo de su pintura en \u00abevocar la permanencia de las cosas bajo la luz cambiante\u00bb. Es cosa sabida que el impresionismo radicaba en pintar la apariencia de las cosas, la sensaci\u00f3n coloreada que dejan en la retina. En su versi\u00f3n m\u00e1s radical &#8211; la de Monet -, esa es una actitud positivista, que considera el mundo bajo un prisma fenomenol\u00f3gico: las cosas son sus distintas apariencias en cada momento y no ninguna sustancia anterior o posterior a ellas. El aspecto cambiante de la naturaleza determinado por la luz viene a ser el modo de expresi\u00f3n de una cierta poes\u00eda inscrita en ella. El temperamento de Sisley interpretar\u00eda esa <strong>poes\u00eda del paisaje<\/strong> como un instrumentista ejecuta su partitura.<\/p>\n\n\n<div class=\"wp-block-image\">\n<figure class=\"aligncenter size-full\"><img loading=\"lazy\" decoding=\"async\" width=\"625\" height=\"460\" src=\"https:\/\/www.aparences.net\/wp-content\/uploads\/2021\/12\/sisley-premieres-neiges-a-louveciennes-1870.jpg\" alt=\"Alfred Sisley, Primera nieve en Louveciennes, 1870, Boston, Museo de Bellas Artes\" class=\"wp-image-24461\" title=\"Alfred Sisley, Primera nieve en Louveciennes, 1870\" srcset=\"https:\/\/www.aparences.net\/wp-content\/uploads\/2021\/12\/sisley-premieres-neiges-a-louveciennes-1870.jpg 625w, https:\/\/www.aparences.net\/wp-content\/uploads\/2021\/12\/sisley-premieres-neiges-a-louveciennes-1870-160x118.jpg 160w, https:\/\/www.aparences.net\/wp-content\/uploads\/2021\/12\/sisley-premieres-neiges-a-louveciennes-1870-139x102.jpg 139w, https:\/\/www.aparences.net\/wp-content\/uploads\/2021\/12\/sisley-premieres-neiges-a-louveciennes-1870-299x220.jpg 299w\" sizes=\"auto, (max-width: 625px) 100vw, 625px\" \/><figcaption class=\"wp-element-caption\"><em><strong>Primera nieve en Louveciennes<\/strong>, 1870, Boston, Museo de Bellas Artes.<\/em><\/figcaption><\/figure>\n<\/div>\n\n<div class=\"wp-block-image\">\n<figure class=\"aligncenter size-full\"><img loading=\"lazy\" decoding=\"async\" width=\"623\" height=\"461\" src=\"https:\/\/www.aparences.net\/wp-content\/uploads\/2021\/12\/sisley-ile-saint-denis-1872.jpg\" alt=\"Alfred Sisley, La isla de Saint-Denis, 1872, Par\u00eds, Museo de Orsay\" class=\"wp-image-24463\" title=\"Alfred Sisley, La isla de Saint-Denis, 1872\" srcset=\"https:\/\/www.aparences.net\/wp-content\/uploads\/2021\/12\/sisley-ile-saint-denis-1872.jpg 623w, https:\/\/www.aparences.net\/wp-content\/uploads\/2021\/12\/sisley-ile-saint-denis-1872-160x118.jpg 160w, https:\/\/www.aparences.net\/wp-content\/uploads\/2021\/12\/sisley-ile-saint-denis-1872-138x102.jpg 138w, https:\/\/www.aparences.net\/wp-content\/uploads\/2021\/12\/sisley-ile-saint-denis-1872-297x220.jpg 297w\" sizes=\"auto, (max-width: 623px) 100vw, 623px\" \/><figcaption class=\"wp-element-caption\"><em><strong>La isla de Saint-Denis<\/strong>, 1872, Par\u00eds, Museo de Orsay.<\/em><\/figcaption><\/figure>\n<\/div>\n\n\n<!-- AdBoxRight2020 --><ins class=\"adsbygoogle\"     style=\"display:block; margin-top:30px;\"     data-ad-client=\"ca-pub-2468002815867636\"     data-ad-slot=\"3496014735\"     data-ad-format=\"auto\"     data-full-width-responsive=\"false\"><\/ins><script> (adsbygoogle = window.adsbygoogle || []).push({});<\/script><h2 class=\"wp-block-heading\">El refugio de Louveciennes<\/h2>\n\n\n\n<p>En 1871, tras el estallido de la Guerra Franco-prusiana y los sucesos de <a href=\"https:\/\/es.wikipedia.org\/wiki\/Comuna_de_Par%C3%ADs\">la Comuna de Par\u00eds<\/a>, Sisley se refugia en Louveciennes, donde coincide con <strong>Renoir<\/strong> y su hermano. Hasta entonces, Sisley, que ya ten\u00eda dos hijos, hab\u00eda gozado de rentas familiares, pero la ruina de su padre tras la guerra le obligan a ganarse la vida con la pintura. Su existencia se transforma en la sucesivo en un autentico calvario de privaciones, cuyo dramatismo se solapa bajo la apariencia l\u00edrica y amable de sus obras. En Louveciennes permanece hasta 1874 pintando lugares cercanos al Sena y los alrededores de Par\u00eds, como Villeneuve-la-Garenne, cerca de Saint-Denis, lugares de paseo dominical de los parisinos y habituales en el <a href=\"https:\/\/www.aparences.net\/es\/periodos\/impresionismo-2\/\">repertorio impresionista<\/a> &#8211; Argenteuil, Bougival -; Renoir y, a veces Monet le acompa\u00f1an y tambi\u00e9n <a href=\"https:\/\/www.aparences.net\/es\/tematicos\/impresionistas-paisajistas\/camille-pissarro-impresionista-y-puntillista\/\">Pissarro<\/a>, a su regreso de Londres. Sisley participar\u00e1 en los ambientes frecuentados por sus compa\u00f1eros, como el famoso <strong>Caf\u00e9 Guerbois<\/strong>, donde se reun\u00edan en torno a <a href=\"https:\/\/www.aparences.net\/es\/periodos\/impresionismo-2\/edouard-manet\/\">Manet<\/a>, pero siempre de forma discreta y en segundo plano. Desde 1872, <strong>Durand-Ruel<\/strong> empieza a comprar su obra y a exhibirla en su galer\u00eda londinense de New Bon Street.<\/p>\n\n\n<div class=\"wp-block-image\">\n<figure class=\"aligncenter size-full\"><img loading=\"lazy\" decoding=\"async\" width=\"623\" height=\"451\" src=\"https:\/\/www.aparences.net\/wp-content\/uploads\/2021\/12\/sisley-villeneuve-la-garenne-1872.jpg\" alt=\"Villeneuve-la-Garenne, 1872, Alfred Sisley, San Petersburgo, Museo del Hermitage\" class=\"wp-image-24465\" title=\"Villeneuve-la-Garenne, 1872, Alfred Sisley\" srcset=\"https:\/\/www.aparences.net\/wp-content\/uploads\/2021\/12\/sisley-villeneuve-la-garenne-1872.jpg 623w, https:\/\/www.aparences.net\/wp-content\/uploads\/2021\/12\/sisley-villeneuve-la-garenne-1872-160x116.jpg 160w, https:\/\/www.aparences.net\/wp-content\/uploads\/2021\/12\/sisley-villeneuve-la-garenne-1872-141x102.jpg 141w, https:\/\/www.aparences.net\/wp-content\/uploads\/2021\/12\/sisley-villeneuve-la-garenne-1872-304x220.jpg 304w\" sizes=\"auto, (max-width: 623px) 100vw, 623px\" \/><figcaption class=\"wp-element-caption\"><em><strong>Villeneuve-la-Garenne<\/strong>, 1872, <strong>Alfred Sisley<\/strong>, San Petersburgo, Museo del Hermitage.<\/em><\/figcaption><\/figure>\n<\/div>\n\n<div class=\"wp-block-image\">\n<figure class=\"aligncenter size-full\"><img loading=\"lazy\" decoding=\"async\" width=\"625\" height=\"391\" src=\"https:\/\/www.aparences.net\/wp-content\/uploads\/2021\/12\/sisley-le-pont-d-argenteuil-1872.jpg\" alt=\"Alfred Sisley, El puente de Argenteuil, 1872, Par\u00eds, Museo de Orsay\" class=\"wp-image-24467\" title=\"Alfred Sisley, El puente de Argenteuil, 1872\" srcset=\"https:\/\/www.aparences.net\/wp-content\/uploads\/2021\/12\/sisley-le-pont-d-argenteuil-1872.jpg 625w, https:\/\/www.aparences.net\/wp-content\/uploads\/2021\/12\/sisley-le-pont-d-argenteuil-1872-160x100.jpg 160w, https:\/\/www.aparences.net\/wp-content\/uploads\/2021\/12\/sisley-le-pont-d-argenteuil-1872-163x102.jpg 163w, https:\/\/www.aparences.net\/wp-content\/uploads\/2021\/12\/sisley-le-pont-d-argenteuil-1872-352x220.jpg 352w\" sizes=\"auto, (max-width: 625px) 100vw, 625px\" \/><figcaption class=\"wp-element-caption\"><em><strong>El puente de Argenteuil<\/strong>, 1872, Par\u00eds, Museo de Orsay.<\/em><\/figcaption><\/figure>\n<\/div>\n\n<div class=\"wp-block-image\">\n<figure class=\"aligncenter size-full\"><img loading=\"lazy\" decoding=\"async\" width=\"623\" height=\"454\" src=\"https:\/\/www.aparences.net\/wp-content\/uploads\/2021\/12\/sisley-sentier-de-la-mi-cote-louveciennes-1873.jpg\" alt=\"Alfred Sisley, Cuesta en Louveciennes, 1873\" class=\"wp-image-24469\" title=\"Alfred Alfred Sisley, Cuesta en Louveciennes, 1873\" srcset=\"https:\/\/www.aparences.net\/wp-content\/uploads\/2021\/12\/sisley-sentier-de-la-mi-cote-louveciennes-1873.jpg 623w, https:\/\/www.aparences.net\/wp-content\/uploads\/2021\/12\/sisley-sentier-de-la-mi-cote-louveciennes-1873-160x117.jpg 160w, https:\/\/www.aparences.net\/wp-content\/uploads\/2021\/12\/sisley-sentier-de-la-mi-cote-louveciennes-1873-140x102.jpg 140w, https:\/\/www.aparences.net\/wp-content\/uploads\/2021\/12\/sisley-sentier-de-la-mi-cote-louveciennes-1873-302x220.jpg 302w\" sizes=\"auto, (max-width: 623px) 100vw, 623px\" \/><figcaption class=\"wp-element-caption\"><em><strong>Cuesta en Louveciennes<\/strong>, 1873, Par\u00eds, Museo de Orsay<\/em>.<\/figcaption><\/figure>\n<\/div>\n\n\n<p>Sisley fue probablemente el <a href=\"https:\/\/www.aparences.net\/es\/periodos\/impresionismo-2\/\">pintor impresionista<\/a> m\u00e1s atra\u00eddo por las vistas fluviales, a las que dedic\u00f3 una parte considerable de su producci\u00f3n pict\u00f3rica. En estos cuadros, llenos de poes\u00eda y sentimiento, su car\u00e1cter introvertido y retra\u00eddo puede expresarse con total libertad y mostrar su riqueza interior de la mejor manera posible.<\/p>\n\n\n<div class=\"wp-block-image\">\n<figure class=\"aligncenter size-full\"><img loading=\"lazy\" decoding=\"async\" width=\"625\" height=\"459\" src=\"https:\/\/www.aparences.net\/wp-content\/uploads\/2021\/12\/sisley-la-seine-a-port-marly-1873.jpg\" alt=\"El Sena en Port-Marly, 1873, Alfred Sisley\" class=\"wp-image-24471\" title=\"El Sena en Port-Marly, 1873, Alfred Sisley\" srcset=\"https:\/\/www.aparences.net\/wp-content\/uploads\/2021\/12\/sisley-la-seine-a-port-marly-1873.jpg 625w, https:\/\/www.aparences.net\/wp-content\/uploads\/2021\/12\/sisley-la-seine-a-port-marly-1873-160x118.jpg 160w, https:\/\/www.aparences.net\/wp-content\/uploads\/2021\/12\/sisley-la-seine-a-port-marly-1873-139x102.jpg 139w, https:\/\/www.aparences.net\/wp-content\/uploads\/2021\/12\/sisley-la-seine-a-port-marly-1873-300x220.jpg 300w\" sizes=\"auto, (max-width: 625px) 100vw, 625px\" \/><figcaption class=\"wp-element-caption\"><em><strong>El Sena en Port-Marly<\/strong>, 1873, <strong>Alfred Sisley<\/strong>, Chicago, Art Institute<\/em>.<\/figcaption><\/figure>\n<\/div>\n\n\n<p>El cuadro <em>La carretera de S\u00e8vres<\/em> de 1873, se expuso en la Exposici\u00f3n Universal de Par\u00eds de 1900, un a\u00f1o despu\u00e9s de la muerte del pintor, y se considera uno de los mejores ejemplos de su estilo. La parte superior est\u00e1 ocupada por el cielo, cuyo color azul p\u00e1lido sigue velado y atenuado por el blanco evanescente de las nubes. En la parte inferior, donde la hilera de \u00e1rboles refuerza la impresi\u00f3n de profundidad, Sisley utiliza unos pocos colores vecinos, casi sin contraste, seg\u00fan el esquema del <strong>c\u00edrculo crom\u00e1tico de Chevreul<\/strong>.<\/p>\n\n\n<div class=\"wp-block-image\">\n<figure class=\"aligncenter size-full\"><img loading=\"lazy\" decoding=\"async\" width=\"625\" height=\"393\" src=\"https:\/\/www.aparences.net\/wp-content\/uploads\/2021\/12\/sisley-la-route-vue-du-chemin-de-sevres-1873.jpg\" alt=\"La carretera de S\u00e8vres, llamado tambi\u00e9n El camino de la m\u00e1quina en Louveciennes, 1873, Alfred Sisley\" class=\"wp-image-24473\" title=\"La carretera de S\u00e8vres, 1873, Alfred Sisley\" srcset=\"https:\/\/www.aparences.net\/wp-content\/uploads\/2021\/12\/sisley-la-route-vue-du-chemin-de-sevres-1873.jpg 625w, https:\/\/www.aparences.net\/wp-content\/uploads\/2021\/12\/sisley-la-route-vue-du-chemin-de-sevres-1873-160x101.jpg 160w, https:\/\/www.aparences.net\/wp-content\/uploads\/2021\/12\/sisley-la-route-vue-du-chemin-de-sevres-1873-162x102.jpg 162w, https:\/\/www.aparences.net\/wp-content\/uploads\/2021\/12\/sisley-la-route-vue-du-chemin-de-sevres-1873-350x220.jpg 350w\" sizes=\"auto, (max-width: 625px) 100vw, 625px\" \/><figcaption class=\"wp-element-caption\"><em><strong>La carretera de S\u00e8vres<\/strong>, llamado tambi\u00e9n El camino de la m\u00e1quina en Louveciennes, 1873, <strong>Alfred Sisley<\/strong>, Par\u00eds, Museo de Orsay.<\/em><\/figcaption><\/figure>\n<\/div>\n\n\n<h2 class=\"wp-block-heading\">Luz y atm\u00f3sfera londinenses<\/h2>\n\n\n\n<p>Tras participar en la <strong>primera exposici\u00f3n impresionista<\/strong>, el pintor lleg\u00f3 a Londres en 1874, acompa\u00f1ado por Jean-Baptiste Faure, famoso bar\u00edtono de la \u00d3pera y uno de los primeros coleccionistas de sus obras. El artista permaneci\u00f3 all\u00ed cuatro meses, durante los cuales realiz\u00f3 una quincena de cuadros a orillas del T\u00e1mesis, en la peque\u00f1a ciudad de Hampton Court o en Molesey, en las inmediaciones. Este periodo marca una etapa fundamental en el desarrollo pict\u00f3rico de Sisley: la pincelada se hace mucho m\u00e1s libre y m\u00e1s brillante, las sombras se aclaran y se llenan de matices de color y la luz se plasma en t\u00e9rminos atmosf\u00e9ricos, m\u00e1s que ligada de forma directa a su incidencia sobre los objetos s\u00f3lidos. En <em>La esclusa de Molesey<\/em>, la presencia de los ba\u00f1istas en la parte izquierda del cuadro subraya su inter\u00e9s por las escenas de la vida cotidiana y revela as\u00ed al espectador las proporciones adecuadas y el tama\u00f1o real de la imponente esclusa.<\/p>\n\n\n<div class=\"wp-block-image\">\n<figure class=\"aligncenter size-full\"><img loading=\"lazy\" decoding=\"async\" width=\"624\" height=\"446\" src=\"https:\/\/www.aparences.net\/wp-content\/uploads\/2021\/12\/sisley-l-ecluse-de-molesey-hampton-court-1874.jpg\" alt=\"Alfred Sisley, La esclusa de Molesey. Hampton Court, 1874\" class=\"wp-image-24475\" title=\"Alfred Sisley, La esclusa de Molesey. Hampton Court, 1874\" srcset=\"https:\/\/www.aparences.net\/wp-content\/uploads\/2021\/12\/sisley-l-ecluse-de-molesey-hampton-court-1874.jpg 624w, https:\/\/www.aparences.net\/wp-content\/uploads\/2021\/12\/sisley-l-ecluse-de-molesey-hampton-court-1874-160x114.jpg 160w, https:\/\/www.aparences.net\/wp-content\/uploads\/2021\/12\/sisley-l-ecluse-de-molesey-hampton-court-1874-143x102.jpg 143w, https:\/\/www.aparences.net\/wp-content\/uploads\/2021\/12\/sisley-l-ecluse-de-molesey-hampton-court-1874-308x220.jpg 308w\" sizes=\"auto, (max-width: 624px) 100vw, 624px\" \/><figcaption class=\"wp-element-caption\"><em><strong>La esclusa de Molesey<\/strong>. Hampton Court, 1874, Edimburgo, National Galleries of Scotland.<\/em><\/figcaption><\/figure>\n<\/div>\n\n\n<p>En <em>La regata a Molesey<\/em>, la atenci\u00f3n del espectador se centra en las coloridas banderas que ondean al viento, que crean un elemento de novedad y dan a la escena una agradable vivacidad. El artista ha dibujado a los remeros con trazos r\u00e1pidos, sin ning\u00fan dibujo previo. Los r\u00e1pidos contornos dan una impresi\u00f3n de velocidad. En esta composici\u00f3n, como en otras de su rica producci\u00f3n, Sisley alterna las l\u00edneas verticales, representadas aqu\u00ed por las astas, y las horizontales: el cielo, la vegetaci\u00f3n, el r\u00edo y las barcas.<\/p>\n\n\n<div class=\"wp-block-image\">\n<figure class=\"aligncenter size-full\"><img loading=\"lazy\" decoding=\"async\" width=\"625\" height=\"441\" src=\"https:\/\/www.aparences.net\/wp-content\/uploads\/2021\/12\/sisley-regates-a-molesey-1874.jpg\" alt=\"La regata en Molesey, 1874, Alfred Sisley\" class=\"wp-image-24477\" title=\"La regata en Molesey, 1874, Alfred Sisley\" srcset=\"https:\/\/www.aparences.net\/wp-content\/uploads\/2021\/12\/sisley-regates-a-molesey-1874.jpg 625w, https:\/\/www.aparences.net\/wp-content\/uploads\/2021\/12\/sisley-regates-a-molesey-1874-160x113.jpg 160w, https:\/\/www.aparences.net\/wp-content\/uploads\/2021\/12\/sisley-regates-a-molesey-1874-145x102.jpg 145w, https:\/\/www.aparences.net\/wp-content\/uploads\/2021\/12\/sisley-regates-a-molesey-1874-312x220.jpg 312w\" sizes=\"auto, (max-width: 625px) 100vw, 625px\" \/><figcaption class=\"wp-element-caption\"><em><strong>La regata en Molesey<\/strong>, 1874, <strong>Alfred Sisley<\/strong>, Paris, Museo de Orsay.<\/em><\/figcaption><\/figure>\n<\/div>\n\n\n<p>Durante los meses que pas\u00f3 en Inglaterra entre 1870 y 1871, <strong>Sisley conoci\u00f3 a Pissarro<\/strong>. De vuelta a Francia, los dos artistas pintaron juntos a menudo en los alrededores de Louveciennes y Voisins. En el cuadro <em>La niebla<\/em>, el artista utiliza una gama limitada de colores, de modo que parece casi monocromo. De hecho, toda la escena est\u00e1 filtrada por la niebla matinal, que difumina los contornos, borra los detalles y sit\u00faa al espectador en una relaci\u00f3n totalmente nueva con la naturaleza, creando un v\u00ednculo \u00edntimo y emocional.<\/p>\n\n\n<div class=\"wp-block-image\">\n<figure class=\"aligncenter size-full\"><img loading=\"lazy\" decoding=\"async\" width=\"625\" height=\"458\" src=\"https:\/\/www.aparences.net\/wp-content\/uploads\/2021\/12\/sisley-le-brouillard-voisins-1.jpg\" alt=\"La niebla, 1874, Alfred Sisley\" class=\"wp-image-24499\" title=\"La niebla, 1874, Alfred Sisley\" srcset=\"https:\/\/www.aparences.net\/wp-content\/uploads\/2021\/12\/sisley-le-brouillard-voisins-1.jpg 625w, https:\/\/www.aparences.net\/wp-content\/uploads\/2021\/12\/sisley-le-brouillard-voisins-1-160x117.jpg 160w, https:\/\/www.aparences.net\/wp-content\/uploads\/2021\/12\/sisley-le-brouillard-voisins-1-139x102.jpg 139w, https:\/\/www.aparences.net\/wp-content\/uploads\/2021\/12\/sisley-le-brouillard-voisins-1-300x220.jpg 300w\" sizes=\"auto, (max-width: 625px) 100vw, 625px\" \/><figcaption class=\"wp-element-caption\"><em><strong>La niebla<\/strong>, 1874, <strong>Alfred Sisley<\/strong>, Par\u00eds, Museo de Orsay.<\/em><\/figcaption><\/figure>\n<\/div>\n\n\n<!-- AdBoxLeft2023 --><ins class=\"adsbygoogle\" style=\"display:block\" data-ad-client=\"ca-pub-2468002815867636\" data-ad-slot=\"1318022963\" data-ad-format=\"auto\" data-full-width-responsive=\"true\"><\/ins><script> (adsbygoogle = window.adsbygoogle || []).push({});<\/script><h2 class=\"wp-block-heading\">Inundaci\u00f3n en Port-Marly<\/h2>\n\n\n\n<p>Entre 1874 y 1876, Sisley permaneci\u00f3 en Marly-le-Roi y pint\u00f3 varios cuadros en la cercana ciudad de Port-Marly, entre ellos <em>Inundaci\u00f3n en Port-Marly<\/em>. La inundaci\u00f3n del Sena en 1876 le impresion\u00f3 especialmente: el artista quer\u00eda pintar un cuadro de atm\u00f3sfera y, al mismo tiempo, dar testimonio de un episodio que le resultaba especialmente importante. Para ello, aplic\u00f3 la pintura en peque\u00f1as pinceladas separadas, casi paralelas entre s\u00ed, en una gradaci\u00f3n desde el centro hacia los lados. Combina estas zonas con otras en las que los colores est\u00e1n m\u00e1s diluidos, para crear una alternancia de superficies y masas, que absorben la luz de diferentes maneras. Un aspecto evidente de este cuadro es la ausencia de cualquier elemento dram\u00e1tico, aunque el tema del cuadro se presta a este tipo de interpretaci\u00f3n. Las figuras, dibujadas de forma muy b\u00e1sica, con una gran econom\u00eda de color, muestran calma y serenidad, lo que ayuda a eliminar cualquier tensi\u00f3n o ansiedad en el espectador.<\/p>\n\n\n<div class=\"wp-block-image\">\n<figure class=\"aligncenter size-full\"><img loading=\"lazy\" decoding=\"async\" width=\"625\" height=\"466\" src=\"https:\/\/www.aparences.net\/wp-content\/uploads\/2021\/12\/sisley-inondation-a-port-marly-1876.jpg\" alt=\"Inundaci\u00f3n en Port-Marly , detalle, 1876, Alfred Sisley\" class=\"wp-image-24481\" title=\"Inundaci\u00f3n en Port-Marly , detalle, 1876, Alfred Sisley\" srcset=\"https:\/\/www.aparences.net\/wp-content\/uploads\/2021\/12\/sisley-inondation-a-port-marly-1876.jpg 625w, https:\/\/www.aparences.net\/wp-content\/uploads\/2021\/12\/sisley-inondation-a-port-marly-1876-160x119.jpg 160w, https:\/\/www.aparences.net\/wp-content\/uploads\/2021\/12\/sisley-inondation-a-port-marly-1876-137x102.jpg 137w, https:\/\/www.aparences.net\/wp-content\/uploads\/2021\/12\/sisley-inondation-a-port-marly-1876-295x220.jpg 295w\" sizes=\"auto, (max-width: 625px) 100vw, 625px\" \/><figcaption class=\"wp-element-caption\"><em><strong>Inundaci\u00f3n en Port-Marly<\/strong> , detalle, 1876, <strong>Alfred Sisley<\/strong>, Paris, Museo de Orsay.<\/em><\/figcaption><\/figure>\n<\/div>\n\n\n<p>La solemne figura del restaurante y los hombres en la barca dan la nota atenuada de la presencia humana en mitad de la cat\u00e1strofe, contemplada con melancol\u00eda pero sin pragmatismo. Igual que las hileras de \u00e1rboles y el poste telegr\u00e1fico medio sumergidos, son el testimonio de un orden subyacente que contrasta de forma emotiva con la naturaleza fuera de control de las aguas. Sin duda, una de las im\u00e1genes en las que Sisley supo expresar con mayor intensidad su enfrentamiento po\u00e9tico y sentimental con el tema. El impresionismo po\u00e9tico y rom\u00e1ntico de Sisley, de suaves tonalidades rosadas y violetas, se consolida mientras sus finanzas empeoran: casi toda su correspondencia son dram\u00e1ticas peticiones de ayuda a Durand-Ruel y otros amigos.<\/p>\n\n\n<div class=\"wp-block-image\">\n<figure class=\"aligncenter size-full\"><img loading=\"lazy\" decoding=\"async\" width=\"382\" height=\"460\" src=\"https:\/\/www.aparences.net\/wp-content\/uploads\/2021\/12\/sisley-la-route-de-versailles-1875.jpg\" alt=\"Alfred Sisley, La carretera de Versailles, 1875\" class=\"wp-image-24483\" title=\"Alfred Sisley, La carretera de Versailles, 1875\" srcset=\"https:\/\/www.aparences.net\/wp-content\/uploads\/2021\/12\/sisley-la-route-de-versailles-1875.jpg 382w, https:\/\/www.aparences.net\/wp-content\/uploads\/2021\/12\/sisley-la-route-de-versailles-1875-160x193.jpg 160w, https:\/\/www.aparences.net\/wp-content\/uploads\/2021\/12\/sisley-la-route-de-versailles-1875-85x102.jpg 85w, https:\/\/www.aparences.net\/wp-content\/uploads\/2021\/12\/sisley-la-route-de-versailles-1875-183x220.jpg 183w\" sizes=\"auto, (max-width: 382px) 100vw, 382px\" \/><figcaption class=\"wp-element-caption\"><em><strong>La carretera de Versailles<\/strong>, 1875, Par\u00eds, Museo de Orsay.<\/em><\/figcaption><\/figure>\n<\/div>\n\n<div class=\"wp-block-image\">\n<figure class=\"aligncenter size-full\"><img loading=\"lazy\" decoding=\"async\" width=\"625\" height=\"451\" src=\"https:\/\/www.aparences.net\/wp-content\/uploads\/2021\/12\/sisley-fete-du-14-juillet-a-marly.jpg\" alt=\"Alfred Sisley, Fiesta del 14 de Julio en Marly, 1875\" class=\"wp-image-24485\" title=\"Alfred Sisley, Fiesta del 14 de Julio en Marly, 1875\" srcset=\"https:\/\/www.aparences.net\/wp-content\/uploads\/2021\/12\/sisley-fete-du-14-juillet-a-marly.jpg 625w, https:\/\/www.aparences.net\/wp-content\/uploads\/2021\/12\/sisley-fete-du-14-juillet-a-marly-160x115.jpg 160w, https:\/\/www.aparences.net\/wp-content\/uploads\/2021\/12\/sisley-fete-du-14-juillet-a-marly-141x102.jpg 141w, https:\/\/www.aparences.net\/wp-content\/uploads\/2021\/12\/sisley-fete-du-14-juillet-a-marly-305x220.jpg 305w\" sizes=\"auto, (max-width: 625px) 100vw, 625px\" \/><figcaption class=\"wp-element-caption\"><em><strong>Fiesta del<\/strong><\/em> <em><strong>14 de Julio en Marly<\/strong>, 1875, Colecci\u00f3n privada.<\/em><\/figcaption><\/figure>\n<\/div>\n\n\n<h2 class=\"wp-block-heading\">Effet de neige<\/h2>\n\n\n\n<p>Entre los muchos <a href=\"https:\/\/www.aparences.net\/es\/periodos\/impresionismo-2\/\">cuadros impresionistas<\/a> que representan paisajes nevados, solo Renoir -que defin\u00eda la nieve como \u00abla lepra de la naturaleza\u00bb- parece haberse sustra\u00eddo a su fascinaci\u00f3n, pero los de Sisley son justamente celebrados por encima de los de sus amigos, tanto por su abundancia como por su especial sensibilidad para el tema. Para los impresionistas, la nieve era un motivo ideal por su car\u00e1cter ef\u00edmero. El manto blanco permite observar de manera muy precisa la variedad tonal de las sombras, ofreciendo un campo de pruebas inmejorable para determinar el valor de la sensaci\u00f3n coloreada. Sisley, adem\u00e1s, le a\u00f1ade su caracter\u00edstico registro po\u00e9tico: el campo nevado expresa la desolaci\u00f3n de la naturaleza en invierno; una tristeza transcrita con suavidad, sin acentos dram\u00e1ticos ni desgarrados. La blancura dominante le obliga a dosificar mucho su paleta, por lo que el tono po\u00e9tico se anota con extrema austeridad, sugiriendo las sombras con delicados toques azules y, a veces, con pinceladas de un rosa salm\u00f3n suave y levemente c\u00e1lido que sit\u00faan estos paisajes invernales entre lo mejor de su producci\u00f3n.<\/p>\n\n\n<div class=\"wp-block-image\">\n<figure class=\"aligncenter size-full\"><img loading=\"lazy\" decoding=\"async\" width=\"438\" height=\"460\" src=\"https:\/\/www.aparences.net\/wp-content\/uploads\/2021\/12\/sisley-neige-a-louveciennes-1878.jpg\" alt=\"Alfred Sisley, Nieve en Louveciennes, 1878\" class=\"wp-image-24487\" title=\"Alfred Sisley, Nieve en Louveciennes, 1878\" srcset=\"https:\/\/www.aparences.net\/wp-content\/uploads\/2021\/12\/sisley-neige-a-louveciennes-1878.jpg 438w, https:\/\/www.aparences.net\/wp-content\/uploads\/2021\/12\/sisley-neige-a-louveciennes-1878-160x168.jpg 160w, https:\/\/www.aparences.net\/wp-content\/uploads\/2021\/12\/sisley-neige-a-louveciennes-1878-97x102.jpg 97w, https:\/\/www.aparences.net\/wp-content\/uploads\/2021\/12\/sisley-neige-a-louveciennes-1878-209x220.jpg 209w\" sizes=\"auto, (max-width: 438px) 100vw, 438px\" \/><figcaption class=\"wp-element-caption\"><em><strong>Nieve en Louveciennes<\/strong>, 1878, Par\u00eds, Museo de Orsay.<\/em><\/figcaption><\/figure>\n<\/div>\n\n<div class=\"wp-block-image\">\n<figure class=\"aligncenter size-full\"><img loading=\"lazy\" decoding=\"async\" width=\"625\" height=\"466\" src=\"https:\/\/www.aparences.net\/wp-content\/uploads\/2021\/12\/en-hiver-effet-de-neige-alfred-sisley-1876.jpg\" alt=\"Alfred Sisley, Invierno, efecto de nieve, 1876\" class=\"wp-image-24489\" title=\"Alfred Sisley, Invierno, efecto de nieve, 1876\" srcset=\"https:\/\/www.aparences.net\/wp-content\/uploads\/2021\/12\/en-hiver-effet-de-neige-alfred-sisley-1876.jpg 625w, https:\/\/www.aparences.net\/wp-content\/uploads\/2021\/12\/en-hiver-effet-de-neige-alfred-sisley-1876-160x119.jpg 160w, https:\/\/www.aparences.net\/wp-content\/uploads\/2021\/12\/en-hiver-effet-de-neige-alfred-sisley-1876-137x102.jpg 137w, https:\/\/www.aparences.net\/wp-content\/uploads\/2021\/12\/en-hiver-effet-de-neige-alfred-sisley-1876-295x220.jpg 295w\" sizes=\"auto, (max-width: 625px) 100vw, 625px\" \/><figcaption class=\"wp-element-caption\"><em><strong>Invierno, efecto de nieve<\/strong>, 1876, Lille, Palais des Beaux-Arts.<\/em><\/figcaption><\/figure>\n<\/div>\n\n\n<h2 class=\"wp-block-heading\">A orillas del Loing<\/h2>\n\n\n\n<p>Moret-Sur-Loing, donde lo encontrar\u00e1 la muerte en el \u00faltimo a\u00f1o del siglo, es el lugar m\u00e1s vinculado a la obra y a la figura de Sisley. En 1880 se mud\u00f3 a Veneux-Nadon y, tres a\u00f1os despu\u00e9s, a Sablons, ambos a escasos minutos de la villa medieval de Moret. All\u00ed se establece definitivamente en 1889, en una casita junto a la vieja y maciza iglesia g\u00f3tica. Precisamente la iglesia ser\u00e1 el motivo de una serie de pinturas realizadas entre 1893 y 1894, cuya comparaci\u00f3n con <strong><em>La catedral de Rouen<\/em>, de Monet<\/strong>, muestra bien la diferencia entre ambos a la hora de abordar el <a href=\"https:\/\/www.aparences.net\/es\/periodos\/impresionismo-2\/el-impresionismo\/\">lenguaje impresionista<\/a>. Muy afectado por la cr\u00f3nica incomprensi\u00f3n de su obra, Sisley intenta ampliar su estilo, hacerlo m\u00e1s vigoroso. Buena parte de sus vistas de \u00e1lamos y casas en Saint-Mamm\u00e8s y otros lugares a orillas del Loing conservan, sin embargo, la fidelidad a su versi\u00f3n po\u00e9tica y emotiva del paisaje de la \u00cele de France, con una concentraci\u00f3n, in\u00e9dita en a\u00f1os anteriores. Moret no est\u00e1 lejos del bosque de Fontainebleau, donde Sisley se iniciara en 1863 con Bazille, Renoir y Monet. De alguna forma, nunca sali\u00f3 de all\u00ed.<\/p>\n\n\n<div class=\"wp-block-image\">\n<figure class=\"aligncenter size-full\"><img loading=\"lazy\" decoding=\"async\" width=\"624\" height=\"425\" src=\"https:\/\/www.aparences.net\/wp-content\/uploads\/2021\/12\/sisley-la-seine-apres-le-degel-a-suresnes-1880.jpg\" alt=\"Alfred Sisley, El Sena tras el deshielo junto al puente de Suresnes, 1880\" class=\"wp-image-24491\" title=\"Alfred Sisley, El Sena tras el deshielo junto al puente de Suresnes, 1880\" srcset=\"https:\/\/www.aparences.net\/wp-content\/uploads\/2021\/12\/sisley-la-seine-apres-le-degel-a-suresnes-1880.jpg 624w, https:\/\/www.aparences.net\/wp-content\/uploads\/2021\/12\/sisley-la-seine-apres-le-degel-a-suresnes-1880-160x109.jpg 160w, https:\/\/www.aparences.net\/wp-content\/uploads\/2021\/12\/sisley-la-seine-apres-le-degel-a-suresnes-1880-150x102.jpg 150w, https:\/\/www.aparences.net\/wp-content\/uploads\/2021\/12\/sisley-la-seine-apres-le-degel-a-suresnes-1880-323x220.jpg 323w\" sizes=\"auto, (max-width: 624px) 100vw, 624px\" \/><figcaption class=\"wp-element-caption\"><em><strong>El Sena tras el deshielo<\/strong> junto al puente de Suresnes, 1880, Colecci\u00f3n privada.<\/em><\/figcaption><\/figure>\n<\/div>\n\n<div class=\"wp-block-image\">\n<figure class=\"aligncenter size-full\"><img loading=\"lazy\" decoding=\"async\" width=\"625\" height=\"469\" src=\"https:\/\/www.aparences.net\/wp-content\/uploads\/2021\/12\/sisley-le-pont-de-moret-1893.jpg\" alt=\"Alfred Sisley, El puente de Moret, 1893\" class=\"wp-image-24493\" title=\"Alfred Sisley, El puente de Moret, 1893\" srcset=\"https:\/\/www.aparences.net\/wp-content\/uploads\/2021\/12\/sisley-le-pont-de-moret-1893.jpg 625w, https:\/\/www.aparences.net\/wp-content\/uploads\/2021\/12\/sisley-le-pont-de-moret-1893-160x120.jpg 160w, https:\/\/www.aparences.net\/wp-content\/uploads\/2021\/12\/sisley-le-pont-de-moret-1893-136x102.jpg 136w, https:\/\/www.aparences.net\/wp-content\/uploads\/2021\/12\/sisley-le-pont-de-moret-1893-293x220.jpg 293w\" sizes=\"auto, (max-width: 625px) 100vw, 625px\" \/><figcaption class=\"wp-element-caption\"><em><strong>El puente de Moret<\/strong>, 1893, Par\u00eds, Museo de Orsay<\/em>.<\/figcaption><\/figure>\n<\/div>\n\n\n<p>El \u00e9xito comercial que empiezan a conocer sus compa\u00f1eros en los a\u00f1os ochenta y noventa a Sisley le resulta esquivo. En 1897, todav\u00eda viajar\u00e1 a Gales invitado por Fran\u00e7ois Depeaux, un coleccionista e industrial de Rouen que le ayudar\u00e1 en sus penurias de estos a\u00f1os. Alojado en Penarth, cerca de Cardiff, pinta una singular serie de vistas de la costa galesa que constituyen sus primeras marinas. Ellas representan quiz\u00e1 el momento en que un Sisley ya cercano a su final muestra mayor dominio de la t\u00e9cnica suelta, de grandes trazos de pincel, que hab\u00eda perseguido desde principios de los a\u00f1os ochenta.<\/p>\n\n\n<div class=\"wp-block-image\">\n<figure class=\"aligncenter size-full\"><img loading=\"lazy\" decoding=\"async\" width=\"554\" height=\"430\" src=\"https:\/\/www.aparences.net\/wp-content\/uploads\/2021\/12\/sisley-a-langland-bay-pays-de-galles-1897.jpg\" alt=\"Alfred Sisley, En la Bah\u00eda de Langland, Gales, 1897\" class=\"wp-image-24495\" title=\"Alfred Sisley, En la Bah\u00eda de Langland, Gales, 1897\" srcset=\"https:\/\/www.aparences.net\/wp-content\/uploads\/2021\/12\/sisley-a-langland-bay-pays-de-galles-1897.jpg 554w, https:\/\/www.aparences.net\/wp-content\/uploads\/2021\/12\/sisley-a-langland-bay-pays-de-galles-1897-160x124.jpg 160w, https:\/\/www.aparences.net\/wp-content\/uploads\/2021\/12\/sisley-a-langland-bay-pays-de-galles-1897-131x102.jpg 131w, https:\/\/www.aparences.net\/wp-content\/uploads\/2021\/12\/sisley-a-langland-bay-pays-de-galles-1897-283x220.jpg 283w\" sizes=\"auto, (max-width: 554px) 100vw, 554px\" \/><figcaption class=\"wp-element-caption\"><em><strong>En la Bah\u00eda de Langland<\/strong>, Gales, 1897, Colecci\u00f3n privada.<\/em><\/figcaption><\/figure>\n<\/div>\n\n<p><!-- \/wp:post-content --><\/p>\n<p><!-- wp:separator --><\/p>\n<hr class=\"wp-block-separator\"><!-- \/wp:separator --><\/p>\n<p><!-- wp:heading {\"level\":4} --><\/p>\n<h4>Bibliograf\u00eda<\/h4>\n<p><!-- \/wp:heading --><\/p>\n<p><!-- wp:paragraph --><\/p>\n<p>Geffroy, Gustave. <em>Sisley<\/em>. Visimuz \u00c9ditions, 2016<br \/>Sladovic, Anne. <em>Alfred Sisley<\/em>. <em>L\u2019impressionnisme \u00e0 l\u2019\u00e9tat pur<\/em>. \u00c9ditions Atlas, 2009<br \/>Crepaldi, Gabrielle. <em>Petite encyclop\u00e9die de l&#8217;impressionnisme<\/em>. Solar, 2002<br \/>Daulte, Fran\u00e7ois. <em>Sisley &#8211; Les Saisons<\/em>. La Biblioth\u00e8que des Arts, 2001<br \/>Shone, Richard. <em>Sisley<\/em>. Phaidon, 2004<\/p>\n<p><!-- \/wp:paragraph --><\/p>","protected":false},"excerpt":{"rendered":"<p>Durante toda su vida, Sisley fue un fiel int\u00e9rprete del impresionismo: en sus paisajes claros y luminosos cre\u00f3 una relaci\u00f3n emotiva con la naturaleza. <\/p>\n","protected":false},"author":2,"featured_media":24654,"comment_status":"closed","ping_status":"closed","sticky":false,"template":"","format":"standard","meta":{"footnotes":""},"categories":[5656],"tags":[5661,5664,4039,5663,2824],"class_list":["post-24496","post","type-post","status-publish","format-standard","has-post-thumbnail","hentry","category-impresionistas-paisajistas","tag-alfred-sisley-2","tag-effet-de-neige-2","tag-impresionismo","tag-inundacion-en-port-marly","tag-paisaje"],"yoast_head":"<!-- This site is optimized with the Yoast SEO plugin v27.2 - https:\/\/yoast.com\/product\/yoast-seo-wordpress\/ -->\n<title>Alfred Sisley, un impresionista rom\u00e1ntico<\/title>\n<meta name=\"description\" content=\"Durante toda su vida, Sisley fue un fiel int\u00e9rprete del impresionismo: en sus paisajes claros y luminosos cre\u00f3 una relaci\u00f3n emotiva con la naturaleza.\" \/>\n<meta name=\"robots\" content=\"index, follow, max-snippet:-1, max-image-preview:large, max-video-preview:-1\" \/>\n<link rel=\"canonical\" href=\"https:\/\/www.aparences.net\/es\/tematicos\/impresionistas-paisajistas\/alfred-sisley-un-impresionista-romantico\/\" \/>\n<meta property=\"og:locale\" content=\"es_ES\" \/>\n<meta property=\"og:type\" content=\"article\" \/>\n<meta property=\"og:title\" content=\"Alfred Sisley, un impresionista rom\u00e1ntico\" \/>\n<meta property=\"og:description\" content=\"Durante toda su vida, Sisley fue un fiel int\u00e9rprete del impresionismo: en sus paisajes claros y luminosos cre\u00f3 una relaci\u00f3n emotiva con la naturaleza.\" \/>\n<meta property=\"og:url\" content=\"https:\/\/www.aparences.net\/es\/tematicos\/impresionistas-paisajistas\/alfred-sisley-un-impresionista-romantico\/\" \/>\n<meta property=\"og:site_name\" content=\"Aparences\" \/>\n<meta property=\"article:published_time\" content=\"2021-12-20T08:06:55+00:00\" \/>\n<meta property=\"article:modified_time\" content=\"2025-12-11T18:40:55+00:00\" \/>\n<meta property=\"og:image\" content=\"https:\/\/www.aparences.net\/wp-content\/uploads\/2021\/12\/alfred-sisley.jpg\" \/>\n\t<meta property=\"og:image:width\" content=\"1080\" \/>\n\t<meta property=\"og:image:height\" content=\"540\" \/>\n\t<meta property=\"og:image:type\" content=\"image\/jpeg\" \/>\n<meta name=\"author\" content=\"admin\" \/>\n<meta name=\"twitter:card\" content=\"summary_large_image\" \/>\n<meta name=\"twitter:label1\" content=\"Escrito por\" \/>\n\t<meta name=\"twitter:data1\" content=\"admin\" \/>\n\t<meta name=\"twitter:label2\" content=\"Tiempo de lectura\" \/>\n\t<meta name=\"twitter:data2\" content=\"15 minutos\" \/>\n<script type=\"application\/ld+json\" class=\"yoast-schema-graph\">{\"@context\":\"https:\/\/schema.org\",\"@graph\":[{\"@type\":\"Article\",\"@id\":\"https:\/\/www.aparences.net\/es\/tematicos\/impresionistas-paisajistas\/alfred-sisley-un-impresionista-romantico\/#article\",\"isPartOf\":{\"@id\":\"https:\/\/www.aparences.net\/es\/tematicos\/impresionistas-paisajistas\/alfred-sisley-un-impresionista-romantico\/\"},\"author\":{\"name\":\"admin\",\"@id\":\"https:\/\/www.aparences.net\/es\/#\/schema\/person\/af349f6ffc31b16c68963e61268afca5\"},\"headline\":\"Alfred Sisley, un impresionista rom\u00e1ntico\",\"datePublished\":\"2021-12-20T08:06:55+00:00\",\"dateModified\":\"2025-12-11T18:40:55+00:00\",\"mainEntityOfPage\":{\"@id\":\"https:\/\/www.aparences.net\/es\/tematicos\/impresionistas-paisajistas\/alfred-sisley-un-impresionista-romantico\/\"},\"wordCount\":2419,\"publisher\":{\"@id\":\"https:\/\/www.aparences.net\/es\/#organization\"},\"image\":{\"@id\":\"https:\/\/www.aparences.net\/es\/tematicos\/impresionistas-paisajistas\/alfred-sisley-un-impresionista-romantico\/#primaryimage\"},\"thumbnailUrl\":\"https:\/\/www.aparences.net\/wp-content\/uploads\/2021\/12\/alfred-sisley.jpg\",\"keywords\":[\"Alfred Sisley\",\"effet de neige\",\"impresionismo\",\"Inundaci\u00f3n en Port-Marly\",\"paisaje\"],\"articleSection\":[\"Impresionistas paisajistas\"],\"inLanguage\":\"es\"},{\"@type\":[\"WebPage\",\"ItemPage\"],\"@id\":\"https:\/\/www.aparences.net\/es\/tematicos\/impresionistas-paisajistas\/alfred-sisley-un-impresionista-romantico\/\",\"url\":\"https:\/\/www.aparences.net\/es\/tematicos\/impresionistas-paisajistas\/alfred-sisley-un-impresionista-romantico\/\",\"name\":\"Alfred Sisley, un impresionista rom\u00e1ntico\",\"isPartOf\":{\"@id\":\"https:\/\/www.aparences.net\/es\/#website\"},\"primaryImageOfPage\":{\"@id\":\"https:\/\/www.aparences.net\/es\/tematicos\/impresionistas-paisajistas\/alfred-sisley-un-impresionista-romantico\/#primaryimage\"},\"image\":{\"@id\":\"https:\/\/www.aparences.net\/es\/tematicos\/impresionistas-paisajistas\/alfred-sisley-un-impresionista-romantico\/#primaryimage\"},\"thumbnailUrl\":\"https:\/\/www.aparences.net\/wp-content\/uploads\/2021\/12\/alfred-sisley.jpg\",\"datePublished\":\"2021-12-20T08:06:55+00:00\",\"dateModified\":\"2025-12-11T18:40:55+00:00\",\"description\":\"Durante toda su vida, Sisley fue un fiel int\u00e9rprete del impresionismo: en sus paisajes claros y luminosos cre\u00f3 una relaci\u00f3n emotiva con la naturaleza.\",\"breadcrumb\":{\"@id\":\"https:\/\/www.aparences.net\/es\/tematicos\/impresionistas-paisajistas\/alfred-sisley-un-impresionista-romantico\/#breadcrumb\"},\"inLanguage\":\"es\",\"potentialAction\":[{\"@type\":\"ReadAction\",\"target\":[\"https:\/\/www.aparences.net\/es\/tematicos\/impresionistas-paisajistas\/alfred-sisley-un-impresionista-romantico\/\"]}]},{\"@type\":\"ImageObject\",\"inLanguage\":\"es\",\"@id\":\"https:\/\/www.aparences.net\/es\/tematicos\/impresionistas-paisajistas\/alfred-sisley-un-impresionista-romantico\/#primaryimage\",\"url\":\"https:\/\/www.aparences.net\/wp-content\/uploads\/2021\/12\/alfred-sisley.jpg\",\"contentUrl\":\"https:\/\/www.aparences.net\/wp-content\/uploads\/2021\/12\/alfred-sisley.jpg\",\"width\":1080,\"height\":540},{\"@type\":\"BreadcrumbList\",\"@id\":\"https:\/\/www.aparences.net\/es\/tematicos\/impresionistas-paisajistas\/alfred-sisley-un-impresionista-romantico\/#breadcrumb\",\"itemListElement\":[{\"@type\":\"ListItem\",\"position\":1,\"name\":\"Portada\",\"item\":\"https:\/\/www.aparences.net\/es\/\"},{\"@type\":\"ListItem\",\"position\":2,\"name\":\"Alfred Sisley, un impresionista rom\u00e1ntico\"}]},{\"@type\":\"WebSite\",\"@id\":\"https:\/\/www.aparences.net\/es\/#website\",\"url\":\"https:\/\/www.aparences.net\/es\/\",\"name\":\"Aparences: Historia del Arte y Actualidad Cultural\",\"description\":\"\",\"publisher\":{\"@id\":\"https:\/\/www.aparences.net\/es\/#organization\"},\"potentialAction\":[{\"@type\":\"SearchAction\",\"target\":{\"@type\":\"EntryPoint\",\"urlTemplate\":\"https:\/\/www.aparences.net\/es\/?s={search_term_string}\"},\"query-input\":{\"@type\":\"PropertyValueSpecification\",\"valueRequired\":true,\"valueName\":\"search_term_string\"}}],\"inLanguage\":\"es\"},{\"@type\":\"Organization\",\"@id\":\"https:\/\/www.aparences.net\/es\/#organization\",\"name\":\"Aparences: Historia del Arte y Actualidad Cultural\",\"url\":\"https:\/\/www.aparences.net\/es\/\",\"logo\":{\"@type\":\"ImageObject\",\"inLanguage\":\"es\",\"@id\":\"https:\/\/www.aparences.net\/es\/#\/schema\/logo\/image\/\",\"url\":\"https:\/\/www.aparences.net\/wp-content\/uploads\/2023\/09\/logo-quadrat-color-e1695915315229.png\",\"contentUrl\":\"https:\/\/www.aparences.net\/wp-content\/uploads\/2023\/09\/logo-quadrat-color-e1695915315229.png\",\"width\":120,\"height\":120,\"caption\":\"Aparences: Historia del Arte y Actualidad Cultural\"},\"image\":{\"@id\":\"https:\/\/www.aparences.net\/es\/#\/schema\/logo\/image\/\"}},{\"@type\":\"Person\",\"@id\":\"https:\/\/www.aparences.net\/es\/#\/schema\/person\/af349f6ffc31b16c68963e61268afca5\",\"name\":\"admin\",\"url\":\"https:\/\/www.aparences.net\/es\/author\/admin\/\"}]}<\/script>\n<!-- \/ Yoast SEO plugin. -->","yoast_head_json":{"title":"Alfred Sisley, un impresionista rom\u00e1ntico","description":"Durante toda su vida, Sisley fue un fiel int\u00e9rprete del impresionismo: en sus paisajes claros y luminosos cre\u00f3 una relaci\u00f3n emotiva con la naturaleza.","robots":{"index":"index","follow":"follow","max-snippet":"max-snippet:-1","max-image-preview":"max-image-preview:large","max-video-preview":"max-video-preview:-1"},"canonical":"https:\/\/www.aparences.net\/es\/tematicos\/impresionistas-paisajistas\/alfred-sisley-un-impresionista-romantico\/","og_locale":"es_ES","og_type":"article","og_title":"Alfred Sisley, un impresionista rom\u00e1ntico","og_description":"Durante toda su vida, Sisley fue un fiel int\u00e9rprete del impresionismo: en sus paisajes claros y luminosos cre\u00f3 una relaci\u00f3n emotiva con la naturaleza.","og_url":"https:\/\/www.aparences.net\/es\/tematicos\/impresionistas-paisajistas\/alfred-sisley-un-impresionista-romantico\/","og_site_name":"Aparences","article_published_time":"2021-12-20T08:06:55+00:00","article_modified_time":"2025-12-11T18:40:55+00:00","og_image":[{"width":1080,"height":540,"url":"https:\/\/www.aparences.net\/wp-content\/uploads\/2021\/12\/alfred-sisley.jpg","type":"image\/jpeg"}],"author":"admin","twitter_card":"summary_large_image","twitter_misc":{"Escrito por":"admin","Tiempo de lectura":"15 minutos"},"schema":{"@context":"https:\/\/schema.org","@graph":[{"@type":"Article","@id":"https:\/\/www.aparences.net\/es\/tematicos\/impresionistas-paisajistas\/alfred-sisley-un-impresionista-romantico\/#article","isPartOf":{"@id":"https:\/\/www.aparences.net\/es\/tematicos\/impresionistas-paisajistas\/alfred-sisley-un-impresionista-romantico\/"},"author":{"name":"admin","@id":"https:\/\/www.aparences.net\/es\/#\/schema\/person\/af349f6ffc31b16c68963e61268afca5"},"headline":"Alfred Sisley, un impresionista rom\u00e1ntico","datePublished":"2021-12-20T08:06:55+00:00","dateModified":"2025-12-11T18:40:55+00:00","mainEntityOfPage":{"@id":"https:\/\/www.aparences.net\/es\/tematicos\/impresionistas-paisajistas\/alfred-sisley-un-impresionista-romantico\/"},"wordCount":2419,"publisher":{"@id":"https:\/\/www.aparences.net\/es\/#organization"},"image":{"@id":"https:\/\/www.aparences.net\/es\/tematicos\/impresionistas-paisajistas\/alfred-sisley-un-impresionista-romantico\/#primaryimage"},"thumbnailUrl":"https:\/\/www.aparences.net\/wp-content\/uploads\/2021\/12\/alfred-sisley.jpg","keywords":["Alfred Sisley","effet de neige","impresionismo","Inundaci\u00f3n en Port-Marly","paisaje"],"articleSection":["Impresionistas paisajistas"],"inLanguage":"es"},{"@type":["WebPage","ItemPage"],"@id":"https:\/\/www.aparences.net\/es\/tematicos\/impresionistas-paisajistas\/alfred-sisley-un-impresionista-romantico\/","url":"https:\/\/www.aparences.net\/es\/tematicos\/impresionistas-paisajistas\/alfred-sisley-un-impresionista-romantico\/","name":"Alfred Sisley, un impresionista rom\u00e1ntico","isPartOf":{"@id":"https:\/\/www.aparences.net\/es\/#website"},"primaryImageOfPage":{"@id":"https:\/\/www.aparences.net\/es\/tematicos\/impresionistas-paisajistas\/alfred-sisley-un-impresionista-romantico\/#primaryimage"},"image":{"@id":"https:\/\/www.aparences.net\/es\/tematicos\/impresionistas-paisajistas\/alfred-sisley-un-impresionista-romantico\/#primaryimage"},"thumbnailUrl":"https:\/\/www.aparences.net\/wp-content\/uploads\/2021\/12\/alfred-sisley.jpg","datePublished":"2021-12-20T08:06:55+00:00","dateModified":"2025-12-11T18:40:55+00:00","description":"Durante toda su vida, Sisley fue un fiel int\u00e9rprete del impresionismo: en sus paisajes claros y luminosos cre\u00f3 una relaci\u00f3n emotiva con la naturaleza.","breadcrumb":{"@id":"https:\/\/www.aparences.net\/es\/tematicos\/impresionistas-paisajistas\/alfred-sisley-un-impresionista-romantico\/#breadcrumb"},"inLanguage":"es","potentialAction":[{"@type":"ReadAction","target":["https:\/\/www.aparences.net\/es\/tematicos\/impresionistas-paisajistas\/alfred-sisley-un-impresionista-romantico\/"]}]},{"@type":"ImageObject","inLanguage":"es","@id":"https:\/\/www.aparences.net\/es\/tematicos\/impresionistas-paisajistas\/alfred-sisley-un-impresionista-romantico\/#primaryimage","url":"https:\/\/www.aparences.net\/wp-content\/uploads\/2021\/12\/alfred-sisley.jpg","contentUrl":"https:\/\/www.aparences.net\/wp-content\/uploads\/2021\/12\/alfred-sisley.jpg","width":1080,"height":540},{"@type":"BreadcrumbList","@id":"https:\/\/www.aparences.net\/es\/tematicos\/impresionistas-paisajistas\/alfred-sisley-un-impresionista-romantico\/#breadcrumb","itemListElement":[{"@type":"ListItem","position":1,"name":"Portada","item":"https:\/\/www.aparences.net\/es\/"},{"@type":"ListItem","position":2,"name":"Alfred Sisley, un impresionista rom\u00e1ntico"}]},{"@type":"WebSite","@id":"https:\/\/www.aparences.net\/es\/#website","url":"https:\/\/www.aparences.net\/es\/","name":"Aparences: Historia del Arte y Actualidad Cultural","description":"","publisher":{"@id":"https:\/\/www.aparences.net\/es\/#organization"},"potentialAction":[{"@type":"SearchAction","target":{"@type":"EntryPoint","urlTemplate":"https:\/\/www.aparences.net\/es\/?s={search_term_string}"},"query-input":{"@type":"PropertyValueSpecification","valueRequired":true,"valueName":"search_term_string"}}],"inLanguage":"es"},{"@type":"Organization","@id":"https:\/\/www.aparences.net\/es\/#organization","name":"Aparences: Historia del Arte y Actualidad Cultural","url":"https:\/\/www.aparences.net\/es\/","logo":{"@type":"ImageObject","inLanguage":"es","@id":"https:\/\/www.aparences.net\/es\/#\/schema\/logo\/image\/","url":"https:\/\/www.aparences.net\/wp-content\/uploads\/2023\/09\/logo-quadrat-color-e1695915315229.png","contentUrl":"https:\/\/www.aparences.net\/wp-content\/uploads\/2023\/09\/logo-quadrat-color-e1695915315229.png","width":120,"height":120,"caption":"Aparences: Historia del Arte y Actualidad Cultural"},"image":{"@id":"https:\/\/www.aparences.net\/es\/#\/schema\/logo\/image\/"}},{"@type":"Person","@id":"https:\/\/www.aparences.net\/es\/#\/schema\/person\/af349f6ffc31b16c68963e61268afca5","name":"admin","url":"https:\/\/www.aparences.net\/es\/author\/admin\/"}]}},"_links":{"self":[{"href":"https:\/\/www.aparences.net\/es\/wp-json\/wp\/v2\/posts\/24496","targetHints":{"allow":["GET"]}}],"collection":[{"href":"https:\/\/www.aparences.net\/es\/wp-json\/wp\/v2\/posts"}],"about":[{"href":"https:\/\/www.aparences.net\/es\/wp-json\/wp\/v2\/types\/post"}],"author":[{"embeddable":true,"href":"https:\/\/www.aparences.net\/es\/wp-json\/wp\/v2\/users\/2"}],"replies":[{"embeddable":true,"href":"https:\/\/www.aparences.net\/es\/wp-json\/wp\/v2\/comments?post=24496"}],"version-history":[{"count":0,"href":"https:\/\/www.aparences.net\/es\/wp-json\/wp\/v2\/posts\/24496\/revisions"}],"wp:featuredmedia":[{"embeddable":true,"href":"https:\/\/www.aparences.net\/es\/wp-json\/wp\/v2\/media\/24654"}],"wp:attachment":[{"href":"https:\/\/www.aparences.net\/es\/wp-json\/wp\/v2\/media?parent=24496"}],"wp:term":[{"taxonomy":"category","embeddable":true,"href":"https:\/\/www.aparences.net\/es\/wp-json\/wp\/v2\/categories?post=24496"},{"taxonomy":"post_tag","embeddable":true,"href":"https:\/\/www.aparences.net\/es\/wp-json\/wp\/v2\/tags?post=24496"}],"curies":[{"name":"wp","href":"https:\/\/api.w.org\/{rel}","templated":true}]}}