{"id":24676,"date":"2021-12-21T12:49:44","date_gmt":"2021-12-21T11:49:44","guid":{"rendered":"https:\/\/www.aparences.net\/?p=24676"},"modified":"2021-12-21T12:49:46","modified_gmt":"2021-12-21T11:49:46","slug":"la-maquina-magritte","status":"publish","type":"post","link":"https:\/\/www.aparences.net\/es\/actualidad\/la-maquina-magritte\/","title":{"rendered":"La m\u00e1quina Magritte"},"content":{"rendered":"\n<p>La visita a la exposici\u00f3n temporal del <a href=\"https:\/\/www.museothyssen.org\/exposiciones\/maquina-magritte\">Museo Thyssen-Bornemisza<\/a> <em>La m\u00e1quina Magritte<\/em> invita a los participantes a sumergirse en el universo pict\u00f3rico de este artista belga, considerado uno de los m\u00e1ximos representantes del <a href=\"https:\/\/www.aparences.net\/es\/periodos\/arte-moderno\/el-surrealismo\/\">movimiento surrealista<\/a>. La exposici\u00f3n es la primera retrospectiva de Ren\u00e9 Magritte (1898-1967) que se celebra en Madrid desde la que le dedic\u00f3 la Fundaci\u00f3n Juan March en 1989. El t\u00edtulo <em>La m\u00e1quina Magritte<\/em> destaca el componente repetitivo y combinatorio en la obra del gran pintor surrealista, cuyos temas obsesivos vuelven una y otra vez con innumerables variaciones. Magritte siempre defin\u00eda su pintura como \u00abun arte de pensar\u00bb. Pensar y hacer pensar sobre la propia pintura y su relaci\u00f3n con la realidad era su objetivo constante. En sus im\u00e1genes nada es lo que parece. Magritte despliega toda una gama de recursos para frustrar nuestras expectativas y hacer que nos planteemos preguntas sobre lo que estamos viendo. Los t\u00edtulos magrittianos est\u00e1n pensados para desorientar y as\u00ed defender a los cuadros de las interpretaciones banales, igual que los cuadros de Magritte protegen a los objetos que representan: \u00abEl arte de pintar, tal como yo lo concibo, representa los objetos de tal manera que resisten a las interpretaciones habituales\u00bb.<\/p>\n\n\n\n<div class=\"wp-block-image\"><figure class=\"aligncenter size-full\"><img loading=\"lazy\" decoding=\"async\" width=\"339\" height=\"460\" src=\"https:\/\/www.aparences.net\/wp-content\/uploads\/2021\/12\/magritte-la-llave-de-los-campos-1936.jpg\" alt=\"La llave de los campos (La Clef des champs), 1936, Ren\u00e9 Magritte\" class=\"wp-image-24671\" title=\"La llave de los campos (La Clef des champs), 1936, Ren\u00e9 Magritte\" srcset=\"https:\/\/www.aparences.net\/wp-content\/uploads\/2021\/12\/magritte-la-llave-de-los-campos-1936.jpg 339w, https:\/\/www.aparences.net\/wp-content\/uploads\/2021\/12\/magritte-la-llave-de-los-campos-1936-160x217.jpg 160w, https:\/\/www.aparences.net\/wp-content\/uploads\/2021\/12\/magritte-la-llave-de-los-campos-1936-75x102.jpg 75w, https:\/\/www.aparences.net\/wp-content\/uploads\/2021\/12\/magritte-la-llave-de-los-campos-1936-162x220.jpg 162w\" sizes=\"auto, (max-width: 339px) 100vw, 339px\" \/><figcaption><em><strong>La llave de los campos<\/strong> (La Clef des champs), 1936, <strong>Ren\u00e9 Magritte<\/strong>, Madrid, Museo Nacional Thyssen-Bornemisza.<\/em><\/figcaption><\/figure><\/div>\n\n\n\n<div class=\"wp-block-image\"><figure class=\"aligncenter size-full\"><img loading=\"lazy\" decoding=\"async\" width=\"618\" height=\"424\" src=\"https:\/\/www.aparences.net\/wp-content\/uploads\/2021\/12\/magritte-peignant-la-clairvoyance.jpg\" alt=\"Ren\u00e9 Magritte pintando La clarividencia\" class=\"wp-image-24673\" title=\"Ren\u00e9 Magritte pintando La clarividencia\" srcset=\"https:\/\/www.aparences.net\/wp-content\/uploads\/2021\/12\/magritte-peignant-la-clairvoyance.jpg 618w, https:\/\/www.aparences.net\/wp-content\/uploads\/2021\/12\/magritte-peignant-la-clairvoyance-160x110.jpg 160w, https:\/\/www.aparences.net\/wp-content\/uploads\/2021\/12\/magritte-peignant-la-clairvoyance-149x102.jpg 149w, https:\/\/www.aparences.net\/wp-content\/uploads\/2021\/12\/magritte-peignant-la-clairvoyance-321x220.jpg 321w\" sizes=\"auto, (max-width: 618px) 100vw, 618px\" \/><figcaption><em>Ren\u00e9 Magritte pintando La clarividencia.<\/em><\/figcaption><\/figure><\/div>\n\n\n\n<p>La muestra del Museo Thyssen que re\u00fane m\u00e1s de 90 pinturas, se divide en siete secciones: <em>Los poderes del mago<\/em>, <em>Imagen y palabra<\/em>, <em>Figura y fondo<\/em>, <em>Cuadro y ventana<\/em>, <em>Rostro y m\u00e1scara<\/em>, <em>Mimetismo<\/em> y <em>Megaloman\u00eda<\/em>. La exposici\u00f3n <em>La m\u00e1quina Magritte<\/em> se completa con una instalaci\u00f3n en la sala balc\u00f3n mirador, en la primera planta del museo, de una selecci\u00f3n de fotograf\u00edas y pel\u00edculas dom\u00e9sticas realizadas por el pintor.<\/p>\n","protected":false},"excerpt":{"rendered":"<p>La visita a la exposici\u00f3n temporal del Museo Thyssen-Bornemisza La m\u00e1quina Magritte invita a los participantes a sumergirse en el universo pict\u00f3rico de este artista [&#8230;]<\/p>\n","protected":false},"author":2,"featured_media":24675,"comment_status":"closed","ping_status":"closed","sticky":false,"template":"","format":"standard","meta":{"footnotes":""},"categories":[2368,2605],"tags":[],"class_list":["post-24676","post","type-post","status-publish","format-standard","has-post-thumbnail","hentry","category-actualidad","category-exposiciones"],"yoast_head":"<!-- This site is optimized with the Yoast SEO plugin v27.2 - https:\/\/yoast.com\/product\/yoast-seo-wordpress\/ -->\n<title>La m\u00e1quina Magritte<\/title>\n<meta name=\"description\" content=\"La visita a la exposici\u00f3n temporal del Museo Thyssen-Bornemisza La m\u00e1quina Magritte invita a los participantes a sumergirse en el universo pict\u00f3rico de\" \/>\n<meta name=\"robots\" content=\"index, follow, max-snippet:-1, max-image-preview:large, max-video-preview:-1\" \/>\n<link rel=\"canonical\" href=\"https:\/\/www.aparences.net\/es\/actualidad\/la-maquina-magritte\/\" \/>\n<meta property=\"og:locale\" content=\"es_ES\" \/>\n<meta property=\"og:type\" content=\"article\" \/>\n<meta property=\"og:title\" content=\"La m\u00e1quina Magritte\" \/>\n<meta property=\"og:description\" content=\"La visita a la exposici\u00f3n temporal del Museo Thyssen-Bornemisza La m\u00e1quina Magritte invita a los participantes a sumergirse en el universo pict\u00f3rico de\" \/>\n<meta property=\"og:url\" content=\"https:\/\/www.aparences.net\/es\/actualidad\/la-maquina-magritte\/\" \/>\n<meta property=\"og:site_name\" content=\"Aparences\" \/>\n<meta property=\"article:published_time\" content=\"2021-12-21T11:49:44+00:00\" \/>\n<meta property=\"article:modified_time\" content=\"2021-12-21T11:49:46+00:00\" \/>\n<meta property=\"og:image\" content=\"https:\/\/www.aparences.net\/wp-content\/uploads\/2021\/12\/la-machine-magritte-thyssen.jpg\" \/>\n\t<meta property=\"og:image:width\" content=\"1080\" \/>\n\t<meta property=\"og:image:height\" content=\"540\" \/>\n\t<meta property=\"og:image:type\" content=\"image\/jpeg\" \/>\n<meta name=\"author\" content=\"admin\" \/>\n<meta name=\"twitter:card\" content=\"summary_large_image\" \/>\n<meta name=\"twitter:label1\" content=\"Escrito por\" \/>\n\t<meta name=\"twitter:data1\" content=\"admin\" \/>\n\t<meta name=\"twitter:label2\" content=\"Tiempo de lectura\" \/>\n\t<meta name=\"twitter:data2\" content=\"2 minutos\" \/>\n<script type=\"application\/ld+json\" class=\"yoast-schema-graph\">{\"@context\":\"https:\/\/schema.org\",\"@graph\":[{\"@type\":\"Article\",\"@id\":\"https:\/\/www.aparences.net\/es\/actualidad\/la-maquina-magritte\/#article\",\"isPartOf\":{\"@id\":\"https:\/\/www.aparences.net\/es\/actualidad\/la-maquina-magritte\/\"},\"author\":{\"name\":\"admin\",\"@id\":\"https:\/\/www.aparences.net\/es\/#\/schema\/person\/af349f6ffc31b16c68963e61268afca5\"},\"headline\":\"La m\u00e1quina Magritte\",\"datePublished\":\"2021-12-21T11:49:44+00:00\",\"dateModified\":\"2021-12-21T11:49:46+00:00\",\"mainEntityOfPage\":{\"@id\":\"https:\/\/www.aparences.net\/es\/actualidad\/la-maquina-magritte\/\"},\"wordCount\":313,\"publisher\":{\"@id\":\"https:\/\/www.aparences.net\/es\/#organization\"},\"image\":{\"@id\":\"https:\/\/www.aparences.net\/es\/actualidad\/la-maquina-magritte\/#primaryimage\"},\"thumbnailUrl\":\"https:\/\/www.aparences.net\/wp-content\/uploads\/2021\/12\/la-machine-magritte-thyssen.jpg\",\"articleSection\":[\"Actualidad\",\"Exposiciones\"],\"inLanguage\":\"es\"},{\"@type\":[\"WebPage\",\"ItemPage\"],\"@id\":\"https:\/\/www.aparences.net\/es\/actualidad\/la-maquina-magritte\/\",\"url\":\"https:\/\/www.aparences.net\/es\/actualidad\/la-maquina-magritte\/\",\"name\":\"La m\u00e1quina Magritte\",\"isPartOf\":{\"@id\":\"https:\/\/www.aparences.net\/es\/#website\"},\"primaryImageOfPage\":{\"@id\":\"https:\/\/www.aparences.net\/es\/actualidad\/la-maquina-magritte\/#primaryimage\"},\"image\":{\"@id\":\"https:\/\/www.aparences.net\/es\/actualidad\/la-maquina-magritte\/#primaryimage\"},\"thumbnailUrl\":\"https:\/\/www.aparences.net\/wp-content\/uploads\/2021\/12\/la-machine-magritte-thyssen.jpg\",\"datePublished\":\"2021-12-21T11:49:44+00:00\",\"dateModified\":\"2021-12-21T11:49:46+00:00\",\"description\":\"La visita a la exposici\u00f3n temporal del Museo Thyssen-Bornemisza La m\u00e1quina Magritte invita a los participantes a sumergirse en el universo pict\u00f3rico de\",\"breadcrumb\":{\"@id\":\"https:\/\/www.aparences.net\/es\/actualidad\/la-maquina-magritte\/#breadcrumb\"},\"inLanguage\":\"es\",\"potentialAction\":[{\"@type\":\"ReadAction\",\"target\":[\"https:\/\/www.aparences.net\/es\/actualidad\/la-maquina-magritte\/\"]}]},{\"@type\":\"ImageObject\",\"inLanguage\":\"es\",\"@id\":\"https:\/\/www.aparences.net\/es\/actualidad\/la-maquina-magritte\/#primaryimage\",\"url\":\"https:\/\/www.aparences.net\/wp-content\/uploads\/2021\/12\/la-machine-magritte-thyssen.jpg\",\"contentUrl\":\"https:\/\/www.aparences.net\/wp-content\/uploads\/2021\/12\/la-machine-magritte-thyssen.jpg\",\"width\":1080,\"height\":540},{\"@type\":\"BreadcrumbList\",\"@id\":\"https:\/\/www.aparences.net\/es\/actualidad\/la-maquina-magritte\/#breadcrumb\",\"itemListElement\":[{\"@type\":\"ListItem\",\"position\":1,\"name\":\"Portada\",\"item\":\"https:\/\/www.aparences.net\/es\/\"},{\"@type\":\"ListItem\",\"position\":2,\"name\":\"La m\u00e1quina Magritte\"}]},{\"@type\":\"WebSite\",\"@id\":\"https:\/\/www.aparences.net\/es\/#website\",\"url\":\"https:\/\/www.aparences.net\/es\/\",\"name\":\"Aparences: Historia del Arte y Actualidad Cultural\",\"description\":\"\",\"publisher\":{\"@id\":\"https:\/\/www.aparences.net\/es\/#organization\"},\"potentialAction\":[{\"@type\":\"SearchAction\",\"target\":{\"@type\":\"EntryPoint\",\"urlTemplate\":\"https:\/\/www.aparences.net\/es\/?s={search_term_string}\"},\"query-input\":{\"@type\":\"PropertyValueSpecification\",\"valueRequired\":true,\"valueName\":\"search_term_string\"}}],\"inLanguage\":\"es\"},{\"@type\":\"Organization\",\"@id\":\"https:\/\/www.aparences.net\/es\/#organization\",\"name\":\"Aparences: Historia del Arte y Actualidad Cultural\",\"url\":\"https:\/\/www.aparences.net\/es\/\",\"logo\":{\"@type\":\"ImageObject\",\"inLanguage\":\"es\",\"@id\":\"https:\/\/www.aparences.net\/es\/#\/schema\/logo\/image\/\",\"url\":\"https:\/\/www.aparences.net\/wp-content\/uploads\/2023\/09\/logo-quadrat-color-e1695915315229.png\",\"contentUrl\":\"https:\/\/www.aparences.net\/wp-content\/uploads\/2023\/09\/logo-quadrat-color-e1695915315229.png\",\"width\":120,\"height\":120,\"caption\":\"Aparences: Historia del Arte y Actualidad Cultural\"},\"image\":{\"@id\":\"https:\/\/www.aparences.net\/es\/#\/schema\/logo\/image\/\"}},{\"@type\":\"Person\",\"@id\":\"https:\/\/www.aparences.net\/es\/#\/schema\/person\/af349f6ffc31b16c68963e61268afca5\",\"name\":\"admin\",\"url\":\"https:\/\/www.aparences.net\/es\/author\/admin\/\"}]}<\/script>\n<!-- \/ Yoast SEO plugin. -->","yoast_head_json":{"title":"La m\u00e1quina Magritte","description":"La visita a la exposici\u00f3n temporal del Museo Thyssen-Bornemisza La m\u00e1quina Magritte invita a los participantes a sumergirse en el universo pict\u00f3rico de","robots":{"index":"index","follow":"follow","max-snippet":"max-snippet:-1","max-image-preview":"max-image-preview:large","max-video-preview":"max-video-preview:-1"},"canonical":"https:\/\/www.aparences.net\/es\/actualidad\/la-maquina-magritte\/","og_locale":"es_ES","og_type":"article","og_title":"La m\u00e1quina Magritte","og_description":"La visita a la exposici\u00f3n temporal del Museo Thyssen-Bornemisza La m\u00e1quina Magritte invita a los participantes a sumergirse en el universo pict\u00f3rico de","og_url":"https:\/\/www.aparences.net\/es\/actualidad\/la-maquina-magritte\/","og_site_name":"Aparences","article_published_time":"2021-12-21T11:49:44+00:00","article_modified_time":"2021-12-21T11:49:46+00:00","og_image":[{"width":1080,"height":540,"url":"https:\/\/www.aparences.net\/wp-content\/uploads\/2021\/12\/la-machine-magritte-thyssen.jpg","type":"image\/jpeg"}],"author":"admin","twitter_card":"summary_large_image","twitter_misc":{"Escrito por":"admin","Tiempo de lectura":"2 minutos"},"schema":{"@context":"https:\/\/schema.org","@graph":[{"@type":"Article","@id":"https:\/\/www.aparences.net\/es\/actualidad\/la-maquina-magritte\/#article","isPartOf":{"@id":"https:\/\/www.aparences.net\/es\/actualidad\/la-maquina-magritte\/"},"author":{"name":"admin","@id":"https:\/\/www.aparences.net\/es\/#\/schema\/person\/af349f6ffc31b16c68963e61268afca5"},"headline":"La m\u00e1quina Magritte","datePublished":"2021-12-21T11:49:44+00:00","dateModified":"2021-12-21T11:49:46+00:00","mainEntityOfPage":{"@id":"https:\/\/www.aparences.net\/es\/actualidad\/la-maquina-magritte\/"},"wordCount":313,"publisher":{"@id":"https:\/\/www.aparences.net\/es\/#organization"},"image":{"@id":"https:\/\/www.aparences.net\/es\/actualidad\/la-maquina-magritte\/#primaryimage"},"thumbnailUrl":"https:\/\/www.aparences.net\/wp-content\/uploads\/2021\/12\/la-machine-magritte-thyssen.jpg","articleSection":["Actualidad","Exposiciones"],"inLanguage":"es"},{"@type":["WebPage","ItemPage"],"@id":"https:\/\/www.aparences.net\/es\/actualidad\/la-maquina-magritte\/","url":"https:\/\/www.aparences.net\/es\/actualidad\/la-maquina-magritte\/","name":"La m\u00e1quina Magritte","isPartOf":{"@id":"https:\/\/www.aparences.net\/es\/#website"},"primaryImageOfPage":{"@id":"https:\/\/www.aparences.net\/es\/actualidad\/la-maquina-magritte\/#primaryimage"},"image":{"@id":"https:\/\/www.aparences.net\/es\/actualidad\/la-maquina-magritte\/#primaryimage"},"thumbnailUrl":"https:\/\/www.aparences.net\/wp-content\/uploads\/2021\/12\/la-machine-magritte-thyssen.jpg","datePublished":"2021-12-21T11:49:44+00:00","dateModified":"2021-12-21T11:49:46+00:00","description":"La visita a la exposici\u00f3n temporal del Museo Thyssen-Bornemisza La m\u00e1quina Magritte invita a los participantes a sumergirse en el universo pict\u00f3rico de","breadcrumb":{"@id":"https:\/\/www.aparences.net\/es\/actualidad\/la-maquina-magritte\/#breadcrumb"},"inLanguage":"es","potentialAction":[{"@type":"ReadAction","target":["https:\/\/www.aparences.net\/es\/actualidad\/la-maquina-magritte\/"]}]},{"@type":"ImageObject","inLanguage":"es","@id":"https:\/\/www.aparences.net\/es\/actualidad\/la-maquina-magritte\/#primaryimage","url":"https:\/\/www.aparences.net\/wp-content\/uploads\/2021\/12\/la-machine-magritte-thyssen.jpg","contentUrl":"https:\/\/www.aparences.net\/wp-content\/uploads\/2021\/12\/la-machine-magritte-thyssen.jpg","width":1080,"height":540},{"@type":"BreadcrumbList","@id":"https:\/\/www.aparences.net\/es\/actualidad\/la-maquina-magritte\/#breadcrumb","itemListElement":[{"@type":"ListItem","position":1,"name":"Portada","item":"https:\/\/www.aparences.net\/es\/"},{"@type":"ListItem","position":2,"name":"La m\u00e1quina Magritte"}]},{"@type":"WebSite","@id":"https:\/\/www.aparences.net\/es\/#website","url":"https:\/\/www.aparences.net\/es\/","name":"Aparences: Historia del Arte y Actualidad Cultural","description":"","publisher":{"@id":"https:\/\/www.aparences.net\/es\/#organization"},"potentialAction":[{"@type":"SearchAction","target":{"@type":"EntryPoint","urlTemplate":"https:\/\/www.aparences.net\/es\/?s={search_term_string}"},"query-input":{"@type":"PropertyValueSpecification","valueRequired":true,"valueName":"search_term_string"}}],"inLanguage":"es"},{"@type":"Organization","@id":"https:\/\/www.aparences.net\/es\/#organization","name":"Aparences: Historia del Arte y Actualidad Cultural","url":"https:\/\/www.aparences.net\/es\/","logo":{"@type":"ImageObject","inLanguage":"es","@id":"https:\/\/www.aparences.net\/es\/#\/schema\/logo\/image\/","url":"https:\/\/www.aparences.net\/wp-content\/uploads\/2023\/09\/logo-quadrat-color-e1695915315229.png","contentUrl":"https:\/\/www.aparences.net\/wp-content\/uploads\/2023\/09\/logo-quadrat-color-e1695915315229.png","width":120,"height":120,"caption":"Aparences: Historia del Arte y Actualidad Cultural"},"image":{"@id":"https:\/\/www.aparences.net\/es\/#\/schema\/logo\/image\/"}},{"@type":"Person","@id":"https:\/\/www.aparences.net\/es\/#\/schema\/person\/af349f6ffc31b16c68963e61268afca5","name":"admin","url":"https:\/\/www.aparences.net\/es\/author\/admin\/"}]}},"_links":{"self":[{"href":"https:\/\/www.aparences.net\/es\/wp-json\/wp\/v2\/posts\/24676","targetHints":{"allow":["GET"]}}],"collection":[{"href":"https:\/\/www.aparences.net\/es\/wp-json\/wp\/v2\/posts"}],"about":[{"href":"https:\/\/www.aparences.net\/es\/wp-json\/wp\/v2\/types\/post"}],"author":[{"embeddable":true,"href":"https:\/\/www.aparences.net\/es\/wp-json\/wp\/v2\/users\/2"}],"replies":[{"embeddable":true,"href":"https:\/\/www.aparences.net\/es\/wp-json\/wp\/v2\/comments?post=24676"}],"version-history":[{"count":0,"href":"https:\/\/www.aparences.net\/es\/wp-json\/wp\/v2\/posts\/24676\/revisions"}],"wp:featuredmedia":[{"embeddable":true,"href":"https:\/\/www.aparences.net\/es\/wp-json\/wp\/v2\/media\/24675"}],"wp:attachment":[{"href":"https:\/\/www.aparences.net\/es\/wp-json\/wp\/v2\/media?parent=24676"}],"wp:term":[{"taxonomy":"category","embeddable":true,"href":"https:\/\/www.aparences.net\/es\/wp-json\/wp\/v2\/categories?post=24676"},{"taxonomy":"post_tag","embeddable":true,"href":"https:\/\/www.aparences.net\/es\/wp-json\/wp\/v2\/tags?post=24676"}],"curies":[{"name":"wp","href":"https:\/\/api.w.org\/{rel}","templated":true}]}}