{"id":24867,"date":"2022-01-30T08:47:00","date_gmt":"2022-01-30T07:47:00","guid":{"rendered":"https:\/\/www.aparences.net\/?p=24867"},"modified":"2022-01-30T08:47:02","modified_gmt":"2022-01-30T07:47:02","slug":"julie-manet-la-memoria-impresionista","status":"publish","type":"post","link":"https:\/\/www.aparences.net\/es\/actualidad\/julie-manet-la-memoria-impresionista\/","title":{"rendered":"Julie Manet: La memoria impresionista"},"content":{"rendered":"\n<p>El <a href=\"https:\/\/www.marmottan.fr\/\" title=\"Museo Marmottan-Monet\">Museo Marmottan-Monet<\/a> de Par\u00eds dedica la primera exposici\u00f3n de su historia a Julie Manet (1878-1966). M\u00e1s de un centenar de obras: pinturas, esculturas, pasteles, acuarelas, grabados, etc., procedentes de museos de todo el mundo y de colecciones privadas, muchas de las cuales se presentan al p\u00fablico por primera vez, recorren la vida de Julie Manet, hija \u00fanica de la primera artista impresionista Berthe Morisot y sobrina del famoso pintor <a href=\"https:\/\/www.aparences.net\/es\/periodos\/impresionismo-2\/edouard-manet\/\" title=\"Edouard Manet\">Edouard Manet<\/a>. El objetivo de la exposici\u00f3n no es s\u00f3lo evocar la juventud de Julie Manet entre <a href=\"https:\/\/www.aparences.net\/es\/periodos\/impresionismo-2\/\" title=\"los impresionistas\">los impresionistas<\/a>, sino tambi\u00e9n levantar el velo de su vida como mujer, evocar el amor al arte que hered\u00f3, presentar la extraordinaria colecci\u00f3n que reuni\u00f3 con su marido, Ernest Rouart, y poner de relieve lo que fue el compromiso de su vida: que se reconociera la obra de su madre y de su t\u00edo. Este evento destacar\u00e1 tres aspectos de su carrera. Una primera secci\u00f3n evocar\u00e1 su infancia y adolescencia y presentar\u00e1 a su familia y amigos. La siguiente secci\u00f3n destacar\u00e1 el trabajo de coleccionismo de Julie Manet y su marido Ernest Rouart. Adem\u00e1s de las piezas heredadas de Berthe Morisot, se presentar\u00e1n las obras adquiridas por la pareja: Hubert Robert, Corot, Degas y grandes paneles de <a href=\"https:\/\/www.aparences.net\/es\/tematicos\/impresionistas-paisajistas\/claude-monet-pintar-al-aire-libre\/#los-nen%C3%BAfares:-el-ep%C3%ADlogo-del-impresionismo\" title=\"los Nen\u00fafares de Monet\"><em>los Nen\u00fafares<\/em> de Monet<\/a>, que fue una de las pocas coleccionistas que los adquiri\u00f3 antes de la muerte de Michel Monet en 1966. Una \u00faltima secci\u00f3n estar\u00e1 dedicada a las numerosas donaciones, legados y donativos realizados por Julie Manet y su entorno a los museos franceses y, de forma m\u00e1s general, a la labor de promoci\u00f3n orquestada por la familia para dar a conocer la obra de Berthe Morisot y Edouard Manet. La contribuci\u00f3n al enriquecimiento del patrimonio nacional aparecer\u00e1 as\u00ed como una verdadera preocupaci\u00f3n de los descendientes de la primera <a href=\"https:\/\/www.aparences.net\/es\/periodos\/impresionismo-2\/mujeres-impresionistas\/\" title=\"mujer impresionista\">mujer impresionista<\/a>.<\/p>\n\n\n\n<div class=\"wp-block-image\"><figure class=\"aligncenter size-full\"><img loading=\"lazy\" decoding=\"async\" width=\"524\" height=\"417\" src=\"https:\/\/www.aparences.net\/wp-content\/uploads\/2022\/01\/berthe-morisot-eugene-manet-1881.jpg\" alt=\"\" class=\"wp-image-24862\"\/><figcaption><em><strong>Eug\u00e8ne Manet y su hija<\/strong> Julie en el jard\u00edn de Bougival, 1881, <strong>Berthe Morisot<\/strong>, Par\u00eds, Museo Marmottan-Monet.<\/em><\/figcaption><\/figure><\/div>\n\n\n\n<div class=\"wp-block-image\"><figure class=\"aligncenter size-full\"><img loading=\"lazy\" decoding=\"async\" width=\"421\" height=\"460\" src=\"https:\/\/www.aparences.net\/wp-content\/uploads\/2022\/01\/ernest-rouart-l-heure-du-the-1913.jpg\" alt=\"\" class=\"wp-image-24864\"\/><figcaption><em><strong>La hora del te<\/strong> (Julie Manet y sus hijos), c. 1913, <strong>Ernest Rouart<\/strong>, Colecci\u00f3n privada.<\/em><\/figcaption><\/figure><\/div>\n","protected":false},"excerpt":{"rendered":"<p>El Museo Marmottan-Monet de Par\u00eds dedica la primera exposici\u00f3n de su historia a Julie Manet (1878-1966). M\u00e1s de un centenar de obras: pinturas, esculturas, pasteles, [&#8230;]<\/p>\n","protected":false},"author":2,"featured_media":24866,"comment_status":"closed","ping_status":"closed","sticky":false,"template":"","format":"standard","meta":{"footnotes":""},"categories":[2368,2605],"tags":[],"class_list":["post-24867","post","type-post","status-publish","format-standard","has-post-thumbnail","hentry","category-actualidad","category-exposiciones"],"yoast_head":"<!-- This site is optimized with the Yoast SEO plugin v27.2 - https:\/\/yoast.com\/product\/yoast-seo-wordpress\/ -->\n<title>Julie Manet: La memoria impresionista<\/title>\n<meta name=\"description\" content=\"El Museo Marmottan-Monet de Par\u00eds dedica la primera exposici\u00f3n de su historia a Julie Manet (1878-1966). M\u00e1s de un centenar de obras: pinturas,\" \/>\n<meta name=\"robots\" content=\"index, follow, max-snippet:-1, max-image-preview:large, max-video-preview:-1\" \/>\n<link rel=\"canonical\" href=\"https:\/\/www.aparences.net\/es\/actualidad\/julie-manet-la-memoria-impresionista\/\" \/>\n<meta property=\"og:locale\" content=\"es_ES\" \/>\n<meta property=\"og:type\" content=\"article\" \/>\n<meta property=\"og:title\" content=\"Julie Manet: La memoria impresionista\" \/>\n<meta property=\"og:description\" content=\"El Museo Marmottan-Monet de Par\u00eds dedica la primera exposici\u00f3n de su historia a Julie Manet (1878-1966). M\u00e1s de un centenar de obras: pinturas,\" \/>\n<meta property=\"og:url\" content=\"https:\/\/www.aparences.net\/es\/actualidad\/julie-manet-la-memoria-impresionista\/\" \/>\n<meta property=\"og:site_name\" content=\"Aparences\" \/>\n<meta property=\"article:published_time\" content=\"2022-01-30T07:47:00+00:00\" \/>\n<meta property=\"article:modified_time\" content=\"2022-01-30T07:47:02+00:00\" \/>\n<meta property=\"og:image\" content=\"https:\/\/www.aparences.net\/wp-content\/uploads\/2022\/01\/marmottan-julie-manet.jpg\" \/>\n\t<meta property=\"og:image:width\" content=\"1080\" \/>\n\t<meta property=\"og:image:height\" content=\"540\" \/>\n\t<meta property=\"og:image:type\" content=\"image\/jpeg\" \/>\n<meta name=\"author\" content=\"admin\" \/>\n<meta name=\"twitter:card\" content=\"summary_large_image\" \/>\n<meta name=\"twitter:label1\" content=\"Escrito por\" \/>\n\t<meta name=\"twitter:data1\" content=\"admin\" \/>\n\t<meta name=\"twitter:label2\" content=\"Tiempo de lectura\" \/>\n\t<meta name=\"twitter:data2\" content=\"2 minutos\" \/>\n<script type=\"application\/ld+json\" class=\"yoast-schema-graph\">{\"@context\":\"https:\/\/schema.org\",\"@graph\":[{\"@type\":\"Article\",\"@id\":\"https:\/\/www.aparences.net\/es\/actualidad\/julie-manet-la-memoria-impresionista\/#article\",\"isPartOf\":{\"@id\":\"https:\/\/www.aparences.net\/es\/actualidad\/julie-manet-la-memoria-impresionista\/\"},\"author\":{\"name\":\"admin\",\"@id\":\"https:\/\/www.aparences.net\/es\/#\/schema\/person\/af349f6ffc31b16c68963e61268afca5\"},\"headline\":\"Julie Manet: La memoria impresionista\",\"datePublished\":\"2022-01-30T07:47:00+00:00\",\"dateModified\":\"2022-01-30T07:47:02+00:00\",\"mainEntityOfPage\":{\"@id\":\"https:\/\/www.aparences.net\/es\/actualidad\/julie-manet-la-memoria-impresionista\/\"},\"wordCount\":354,\"publisher\":{\"@id\":\"https:\/\/www.aparences.net\/es\/#organization\"},\"image\":{\"@id\":\"https:\/\/www.aparences.net\/es\/actualidad\/julie-manet-la-memoria-impresionista\/#primaryimage\"},\"thumbnailUrl\":\"https:\/\/www.aparences.net\/wp-content\/uploads\/2022\/01\/marmottan-julie-manet.jpg\",\"articleSection\":[\"Actualidad\",\"Exposiciones\"],\"inLanguage\":\"es\"},{\"@type\":[\"WebPage\",\"ItemPage\"],\"@id\":\"https:\/\/www.aparences.net\/es\/actualidad\/julie-manet-la-memoria-impresionista\/\",\"url\":\"https:\/\/www.aparences.net\/es\/actualidad\/julie-manet-la-memoria-impresionista\/\",\"name\":\"Julie Manet: La memoria impresionista\",\"isPartOf\":{\"@id\":\"https:\/\/www.aparences.net\/es\/#website\"},\"primaryImageOfPage\":{\"@id\":\"https:\/\/www.aparences.net\/es\/actualidad\/julie-manet-la-memoria-impresionista\/#primaryimage\"},\"image\":{\"@id\":\"https:\/\/www.aparences.net\/es\/actualidad\/julie-manet-la-memoria-impresionista\/#primaryimage\"},\"thumbnailUrl\":\"https:\/\/www.aparences.net\/wp-content\/uploads\/2022\/01\/marmottan-julie-manet.jpg\",\"datePublished\":\"2022-01-30T07:47:00+00:00\",\"dateModified\":\"2022-01-30T07:47:02+00:00\",\"description\":\"El Museo Marmottan-Monet de Par\u00eds dedica la primera exposici\u00f3n de su historia a Julie Manet (1878-1966). M\u00e1s de un centenar de obras: pinturas,\",\"breadcrumb\":{\"@id\":\"https:\/\/www.aparences.net\/es\/actualidad\/julie-manet-la-memoria-impresionista\/#breadcrumb\"},\"inLanguage\":\"es\",\"potentialAction\":[{\"@type\":\"ReadAction\",\"target\":[\"https:\/\/www.aparences.net\/es\/actualidad\/julie-manet-la-memoria-impresionista\/\"]}]},{\"@type\":\"ImageObject\",\"inLanguage\":\"es\",\"@id\":\"https:\/\/www.aparences.net\/es\/actualidad\/julie-manet-la-memoria-impresionista\/#primaryimage\",\"url\":\"https:\/\/www.aparences.net\/wp-content\/uploads\/2022\/01\/marmottan-julie-manet.jpg\",\"contentUrl\":\"https:\/\/www.aparences.net\/wp-content\/uploads\/2022\/01\/marmottan-julie-manet.jpg\",\"width\":1080,\"height\":540},{\"@type\":\"BreadcrumbList\",\"@id\":\"https:\/\/www.aparences.net\/es\/actualidad\/julie-manet-la-memoria-impresionista\/#breadcrumb\",\"itemListElement\":[{\"@type\":\"ListItem\",\"position\":1,\"name\":\"Portada\",\"item\":\"https:\/\/www.aparences.net\/es\/\"},{\"@type\":\"ListItem\",\"position\":2,\"name\":\"Julie Manet: La memoria impresionista\"}]},{\"@type\":\"WebSite\",\"@id\":\"https:\/\/www.aparences.net\/es\/#website\",\"url\":\"https:\/\/www.aparences.net\/es\/\",\"name\":\"Aparences: Historia del Arte y Actualidad Cultural\",\"description\":\"\",\"publisher\":{\"@id\":\"https:\/\/www.aparences.net\/es\/#organization\"},\"potentialAction\":[{\"@type\":\"SearchAction\",\"target\":{\"@type\":\"EntryPoint\",\"urlTemplate\":\"https:\/\/www.aparences.net\/es\/?s={search_term_string}\"},\"query-input\":{\"@type\":\"PropertyValueSpecification\",\"valueRequired\":true,\"valueName\":\"search_term_string\"}}],\"inLanguage\":\"es\"},{\"@type\":\"Organization\",\"@id\":\"https:\/\/www.aparences.net\/es\/#organization\",\"name\":\"Aparences: Historia del Arte y Actualidad Cultural\",\"url\":\"https:\/\/www.aparences.net\/es\/\",\"logo\":{\"@type\":\"ImageObject\",\"inLanguage\":\"es\",\"@id\":\"https:\/\/www.aparences.net\/es\/#\/schema\/logo\/image\/\",\"url\":\"https:\/\/www.aparences.net\/wp-content\/uploads\/2023\/09\/logo-quadrat-color-e1695915315229.png\",\"contentUrl\":\"https:\/\/www.aparences.net\/wp-content\/uploads\/2023\/09\/logo-quadrat-color-e1695915315229.png\",\"width\":120,\"height\":120,\"caption\":\"Aparences: Historia del Arte y Actualidad Cultural\"},\"image\":{\"@id\":\"https:\/\/www.aparences.net\/es\/#\/schema\/logo\/image\/\"}},{\"@type\":\"Person\",\"@id\":\"https:\/\/www.aparences.net\/es\/#\/schema\/person\/af349f6ffc31b16c68963e61268afca5\",\"name\":\"admin\",\"url\":\"https:\/\/www.aparences.net\/es\/author\/admin\/\"}]}<\/script>\n<!-- \/ Yoast SEO plugin. -->","yoast_head_json":{"title":"Julie Manet: La memoria impresionista","description":"El Museo Marmottan-Monet de Par\u00eds dedica la primera exposici\u00f3n de su historia a Julie Manet (1878-1966). M\u00e1s de un centenar de obras: pinturas,","robots":{"index":"index","follow":"follow","max-snippet":"max-snippet:-1","max-image-preview":"max-image-preview:large","max-video-preview":"max-video-preview:-1"},"canonical":"https:\/\/www.aparences.net\/es\/actualidad\/julie-manet-la-memoria-impresionista\/","og_locale":"es_ES","og_type":"article","og_title":"Julie Manet: La memoria impresionista","og_description":"El Museo Marmottan-Monet de Par\u00eds dedica la primera exposici\u00f3n de su historia a Julie Manet (1878-1966). M\u00e1s de un centenar de obras: pinturas,","og_url":"https:\/\/www.aparences.net\/es\/actualidad\/julie-manet-la-memoria-impresionista\/","og_site_name":"Aparences","article_published_time":"2022-01-30T07:47:00+00:00","article_modified_time":"2022-01-30T07:47:02+00:00","og_image":[{"width":1080,"height":540,"url":"https:\/\/www.aparences.net\/wp-content\/uploads\/2022\/01\/marmottan-julie-manet.jpg","type":"image\/jpeg"}],"author":"admin","twitter_card":"summary_large_image","twitter_misc":{"Escrito por":"admin","Tiempo de lectura":"2 minutos"},"schema":{"@context":"https:\/\/schema.org","@graph":[{"@type":"Article","@id":"https:\/\/www.aparences.net\/es\/actualidad\/julie-manet-la-memoria-impresionista\/#article","isPartOf":{"@id":"https:\/\/www.aparences.net\/es\/actualidad\/julie-manet-la-memoria-impresionista\/"},"author":{"name":"admin","@id":"https:\/\/www.aparences.net\/es\/#\/schema\/person\/af349f6ffc31b16c68963e61268afca5"},"headline":"Julie Manet: La memoria impresionista","datePublished":"2022-01-30T07:47:00+00:00","dateModified":"2022-01-30T07:47:02+00:00","mainEntityOfPage":{"@id":"https:\/\/www.aparences.net\/es\/actualidad\/julie-manet-la-memoria-impresionista\/"},"wordCount":354,"publisher":{"@id":"https:\/\/www.aparences.net\/es\/#organization"},"image":{"@id":"https:\/\/www.aparences.net\/es\/actualidad\/julie-manet-la-memoria-impresionista\/#primaryimage"},"thumbnailUrl":"https:\/\/www.aparences.net\/wp-content\/uploads\/2022\/01\/marmottan-julie-manet.jpg","articleSection":["Actualidad","Exposiciones"],"inLanguage":"es"},{"@type":["WebPage","ItemPage"],"@id":"https:\/\/www.aparences.net\/es\/actualidad\/julie-manet-la-memoria-impresionista\/","url":"https:\/\/www.aparences.net\/es\/actualidad\/julie-manet-la-memoria-impresionista\/","name":"Julie Manet: La memoria impresionista","isPartOf":{"@id":"https:\/\/www.aparences.net\/es\/#website"},"primaryImageOfPage":{"@id":"https:\/\/www.aparences.net\/es\/actualidad\/julie-manet-la-memoria-impresionista\/#primaryimage"},"image":{"@id":"https:\/\/www.aparences.net\/es\/actualidad\/julie-manet-la-memoria-impresionista\/#primaryimage"},"thumbnailUrl":"https:\/\/www.aparences.net\/wp-content\/uploads\/2022\/01\/marmottan-julie-manet.jpg","datePublished":"2022-01-30T07:47:00+00:00","dateModified":"2022-01-30T07:47:02+00:00","description":"El Museo Marmottan-Monet de Par\u00eds dedica la primera exposici\u00f3n de su historia a Julie Manet (1878-1966). M\u00e1s de un centenar de obras: pinturas,","breadcrumb":{"@id":"https:\/\/www.aparences.net\/es\/actualidad\/julie-manet-la-memoria-impresionista\/#breadcrumb"},"inLanguage":"es","potentialAction":[{"@type":"ReadAction","target":["https:\/\/www.aparences.net\/es\/actualidad\/julie-manet-la-memoria-impresionista\/"]}]},{"@type":"ImageObject","inLanguage":"es","@id":"https:\/\/www.aparences.net\/es\/actualidad\/julie-manet-la-memoria-impresionista\/#primaryimage","url":"https:\/\/www.aparences.net\/wp-content\/uploads\/2022\/01\/marmottan-julie-manet.jpg","contentUrl":"https:\/\/www.aparences.net\/wp-content\/uploads\/2022\/01\/marmottan-julie-manet.jpg","width":1080,"height":540},{"@type":"BreadcrumbList","@id":"https:\/\/www.aparences.net\/es\/actualidad\/julie-manet-la-memoria-impresionista\/#breadcrumb","itemListElement":[{"@type":"ListItem","position":1,"name":"Portada","item":"https:\/\/www.aparences.net\/es\/"},{"@type":"ListItem","position":2,"name":"Julie Manet: La memoria impresionista"}]},{"@type":"WebSite","@id":"https:\/\/www.aparences.net\/es\/#website","url":"https:\/\/www.aparences.net\/es\/","name":"Aparences: Historia del Arte y Actualidad Cultural","description":"","publisher":{"@id":"https:\/\/www.aparences.net\/es\/#organization"},"potentialAction":[{"@type":"SearchAction","target":{"@type":"EntryPoint","urlTemplate":"https:\/\/www.aparences.net\/es\/?s={search_term_string}"},"query-input":{"@type":"PropertyValueSpecification","valueRequired":true,"valueName":"search_term_string"}}],"inLanguage":"es"},{"@type":"Organization","@id":"https:\/\/www.aparences.net\/es\/#organization","name":"Aparences: Historia del Arte y Actualidad Cultural","url":"https:\/\/www.aparences.net\/es\/","logo":{"@type":"ImageObject","inLanguage":"es","@id":"https:\/\/www.aparences.net\/es\/#\/schema\/logo\/image\/","url":"https:\/\/www.aparences.net\/wp-content\/uploads\/2023\/09\/logo-quadrat-color-e1695915315229.png","contentUrl":"https:\/\/www.aparences.net\/wp-content\/uploads\/2023\/09\/logo-quadrat-color-e1695915315229.png","width":120,"height":120,"caption":"Aparences: Historia del Arte y Actualidad Cultural"},"image":{"@id":"https:\/\/www.aparences.net\/es\/#\/schema\/logo\/image\/"}},{"@type":"Person","@id":"https:\/\/www.aparences.net\/es\/#\/schema\/person\/af349f6ffc31b16c68963e61268afca5","name":"admin","url":"https:\/\/www.aparences.net\/es\/author\/admin\/"}]}},"_links":{"self":[{"href":"https:\/\/www.aparences.net\/es\/wp-json\/wp\/v2\/posts\/24867","targetHints":{"allow":["GET"]}}],"collection":[{"href":"https:\/\/www.aparences.net\/es\/wp-json\/wp\/v2\/posts"}],"about":[{"href":"https:\/\/www.aparences.net\/es\/wp-json\/wp\/v2\/types\/post"}],"author":[{"embeddable":true,"href":"https:\/\/www.aparences.net\/es\/wp-json\/wp\/v2\/users\/2"}],"replies":[{"embeddable":true,"href":"https:\/\/www.aparences.net\/es\/wp-json\/wp\/v2\/comments?post=24867"}],"version-history":[{"count":0,"href":"https:\/\/www.aparences.net\/es\/wp-json\/wp\/v2\/posts\/24867\/revisions"}],"wp:featuredmedia":[{"embeddable":true,"href":"https:\/\/www.aparences.net\/es\/wp-json\/wp\/v2\/media\/24866"}],"wp:attachment":[{"href":"https:\/\/www.aparences.net\/es\/wp-json\/wp\/v2\/media?parent=24867"}],"wp:term":[{"taxonomy":"category","embeddable":true,"href":"https:\/\/www.aparences.net\/es\/wp-json\/wp\/v2\/categories?post=24867"},{"taxonomy":"post_tag","embeddable":true,"href":"https:\/\/www.aparences.net\/es\/wp-json\/wp\/v2\/tags?post=24867"}],"curies":[{"name":"wp","href":"https:\/\/api.w.org\/{rel}","templated":true}]}}