{"id":25311,"date":"2022-07-05T08:39:31","date_gmt":"2022-07-05T06:39:31","guid":{"rendered":"https:\/\/www.aparences.net\/?p=25311"},"modified":"2025-12-11T19:40:55","modified_gmt":"2025-12-11T18:40:55","slug":"ernst-ludwig-kirchner-pintor-de-die-brucke","status":"publish","type":"post","link":"https:\/\/www.aparences.net\/es\/periodos\/arte-moderno-anexos\/ernst-ludwig-kirchner-pintor-de-die-brucke\/","title":{"rendered":"Ernst Ludwig Kirchner: pintor de Die Br\u00fccke"},"content":{"rendered":"<p><!--contents--><\/p>\n\n\n<h2 class=\"wp-block-heading\">Kirchner y el expresionismo alem\u00e1n<\/h2>\n\n\n\n<p>En un pasaje de su diario Kirchner escribe: \u00abEl arte alem\u00e1n es religi\u00f3n en el sentido m\u00e1s amplio de la palabra, el arte rom\u00e1nico es reproducci\u00f3n, descripci\u00f3n o transcripci\u00f3n de la naturaleza. El alem\u00e1n pinta el \u00abqu\u00e9\u00bb, el franc\u00e9s el \u00abc\u00f3mo\u00bb\u2026 \u00abMuy pocos artistas alemanes han sido pioneros de un nuevo modo de representaci\u00f3n, y casi ninguno desde <a href=\"https:\/\/www.aparences.net\/es\/periodos\/el-renacimiento-nordico\/el-renacimiento-nordico\/\">Durero<\/a>\u00ab. Kirchner pretende ser uno de los pocos sucesores leg\u00edtimos del gran pintor alem\u00e1n. Habr\u00eda tratado de penetrar en los secretos de la forma, no por ella misma en el sentido del arte por el arte \u00abrom\u00e1nico\u00bb, sino, seg\u00fan leemos en otro pasaje de su diario, como \u00abexpresi\u00f3n de sus sue\u00f1os\u00bb portadores de espiritualidad. Con esta exigencia, Kirchner se reconoci\u00f3 en <a href=\"https:\/\/www.aparences.net\/es\/periodos\/arte-moderno\/expresionismo\/\">el arte expresionista<\/a> y su desarrollo en el primer tercio del siglo XX, un arte que acogi\u00f3 con entusiasmo los experimentos formales y los nuevos motivos procedentes del extranjero, pero que luego los transforma al servicio de sus visiones idealistas. No en vano, su colega <strong>Max Beckmann<\/strong> coment\u00f3 con cierto reproche: \u00abEl problema de Kirchner fue que no pudo resistirse a la influencia francesa. De hecho, su obra est\u00e1 impregnada de inspiraciones extranjeras, especialmente del <a href=\"https:\/\/www.aparences.net\/es\/periodos\/arte-moderno\/el-fauvismo\/\">fauvismo<\/a>, en particular de la pintura de colores planos y radiantes de <a href=\"https:\/\/www.aparences.net\/es\/periodos\/arte-moderno-anexos\/henri-matisse-pintor-del-color\/\">Henri Matisse<\/a>.\u00bb<\/p>\n\n\n<div class=\"wp-block-image\">\n<figure class=\"aligncenter size-full\"><img loading=\"lazy\" decoding=\"async\" width=\"330\" height=\"460\" src=\"https:\/\/www.aparences.net\/wp-content\/uploads\/2023\/11\/ernst-kirchner-autoportrait-1925-26.webp\" alt=\"Autorretrato, 1925-1926, Ernst Ludwig Kirchner\" class=\"wp-image-28764\" title=\"Autorretrato, 1925-1926, Ernst Ludwig Kirchner\"\/><figcaption class=\"wp-element-caption\"><em><strong>Autorretrato<\/strong>, 1925-1926, <strong>Ernst Ludwig Kirchner<\/strong>, Colecci\u00f3n privada.<\/em><\/figcaption><\/figure>\n<\/div>\n\n\n<p>Lo colores planos y decorativos de sus cuadros de la segunda mitad de los a\u00f1os veinte y la forma monumental, tranquila y reflexiva que dio entonces a sus im\u00e1genes, como en <em>Escena callejera nocturna<\/em> de 1925, no corresponden, a los ojos de algunos autores, al clich\u00e9 de \u00abf\u00e1ustico\u00bb del <strong>expresionista alem\u00e1n<\/strong>, y por ello consideran esta fase creativa del artista como poco interesante, e incluso como un \u00abcallej\u00f3n sin salida\u00bb. Ciertamente, el propio Kirchner siempre subray\u00f3 este componente f\u00e1ustico cuando afirmaba que ciertas luchas de su alma eran el principal motor de su obra.<\/p>\n\n\n<div class=\"wp-block-image\">\n<figure class=\"aligncenter size-full\"><img loading=\"lazy\" decoding=\"async\" width=\"413\" height=\"460\" src=\"https:\/\/www.aparences.net\/wp-content\/uploads\/2023\/11\/kirchner-scene-de-rue-la-nuit-1925.webp\" alt=\"Escena callejera nocturna, 1925, Ernst Ludwig Kirchner\" class=\"wp-image-28766\" title=\"Escena callejera nocturna, 1925, Ernst Ludwig Kirchner\"\/><figcaption class=\"wp-element-caption\"><em><strong>Escena callejera nocturna<\/strong>, 1925, <strong>Ernst Ludwig Kirchner<\/strong>, Bremen, Khunstalle.<\/em><\/figcaption><\/figure>\n<\/div>\n\n\n<p>Ernst Ludwig Kirchner naci\u00f3 el 6 de mayo de 1880 en Aschaffenburg, Baja Franconia. Hijo de familia acomodada, de ni\u00f1o ya destacaba por su imaginaci\u00f3n hiperactiva y su receptividad a todos los est\u00edmulos visuales, pero tambi\u00e9n por sus graves ataques de ansiedad. Esta hipersensibilidad nunca le abandon\u00f3. A Ernst Ludwig le impresionaba profundamente la profesi\u00f3n de aviador y baraj\u00f3 la idea de aprender a pilotar, pero su padre se neg\u00f3 rotundamente, y aunque era muy bueno dibujando, tampoco le permiti\u00f3 que se convirtiera en pintor. Ambos caminos parec\u00edan demasiado arriesgados para la familia: el de \u00cdcaro y el del \u00abnuevo\u00bb Gr\u00fcnewald, el famoso pintor que se hab\u00eda ganado la admiraci\u00f3n del joven Kirchner en el museo de Frankfurt. En 1905, Kirchner dio la espalda a todos los planes familiares de una vida de clase media bien establecida y a su carrera de arquitecto: tres semanas antes de su examen final, el 7 de junio en Dresde, particip\u00f3 en la fundaci\u00f3n de una comunidad de artistas. Su nombre: <a href=\"https:\/\/www.aparences.net\/es\/periodos\/arte-moderno\/expresionismo\/#los-pintores-del-die-br%C3%BCcke-(el-puente)\">Die Br\u00fccke (El Puente)<\/a>, en referencia a una frase de <a href=\"https:\/\/es.wikipedia.org\/wiki\/As%C3%AD_habl%C3%B3_Zaratustra\"><em>As\u00ed habl\u00f3 Zaratustra<\/em>, de Nietzsche<\/a> (1883-1888): \u00abLa grandeza del hombre est\u00e1 en ser un puente y no una meta: lo que en el hombre se puede amar es que es un tr\u00e1nsito y un ocaso\u00bb.<\/p>\n\n\n<div class=\"wp-block-image\">\n<figure class=\"aligncenter size-full\"><img loading=\"lazy\" decoding=\"async\" width=\"426\" height=\"460\" src=\"https:\/\/www.aparences.net\/wp-content\/uploads\/2023\/11\/ernst-kirchner-la-baie-courbe-1912.webp\" alt=\"La cala, hacia 1914, Ernst Ludwig Kirchner\" class=\"wp-image-28769\" title=\"La cala, hacia 1914, Ernst Ludwig Kirchner\"\/><figcaption class=\"wp-element-caption\"><em><strong>La cala<\/strong>, hacia 1914, <strong>Ernst Ludwig Kirchner<\/strong>, Madrid, Museo Thyssen Bornemisza<\/em><\/figcaption><\/figure>\n<\/div>\n\n\n<!-- AdBoxRight2020 --><ins class=\"adsbygoogle\"     style=\"display:block; margin-top:30px;\"     data-ad-client=\"ca-pub-2468002815867636\"     data-ad-slot=\"3496014735\"     data-ad-format=\"auto\"     data-full-width-responsive=\"false\"><\/ins><script> (adsbygoogle = window.adsbygoogle || []).push({});<\/script><h2 class=\"wp-block-heading\">Influencias: Matisse y los Fauves<\/h2>\n\n\n\n<p>En 1905, el impulso le lleg\u00f3 a Kirchner en la Galer\u00eda Arnold de Dresde, cuando organiz\u00f3 la primera exposici\u00f3n de <a href=\"https:\/\/www.aparences.net\/es\/periodos\/postimpresionismo\/vincent-van-gogh\/\">Van Gogh<\/a> en Alemania. Estas expresivas pinturas dejaron una profunda huella en el artista. Con <em>La casa verde<\/em> de Kirchner, de 1906, el espectador se da cuenta de que el estilo del artista ha cambiado: a la divisi\u00f3n de los colores a base de peque\u00f1os y regulares toques de pintura en un <a href=\"https:\/\/www.aparences.net\/es\/periodos\/postimpresionismo\/el-postimpresionismo\/\">estilo postimpresionista<\/a> le suceden ahora pinceladas vehementes \u00aba la Van Gogh\u00bb. Pero el impulso m\u00e1s importante que Kirchner recibi\u00f3 del arte parisino fue una espectacular retrospectiva de <a href=\"https:\/\/www.aparences.net\/es\/periodos\/arte-moderno-anexos\/henri-matisse-pintor-del-color\/\">Matisse<\/a> en la Galer\u00eda Cassirer de Berl\u00edn. En <em><strong>Teatro Japon\u00e9s<\/strong><\/em> de 1909, Kirchner practic\u00f3 con todas las sugerencias que hab\u00eda recibido de Matisse y <a href=\"https:\/\/www.aparences.net\/es\/periodos\/arte-moderno\/el-fauvismo\/\">los Fauves<\/a>, mediante el uso libre del color y los motivos planos, como en el cuadro <em><strong>Fr\u00e4nzi ante una silla tallada<\/strong><\/em>, donde practic\u00f3 una pincelada m\u00e1s delicada, antes rechazada en Alemania, y sustituy\u00f3 los colores pastosos por una pincelada fluida, parecida a la acuarela. Se olvida del realismo del espacio, la perspectiva y las proporciones. Otras numerosas obras de esta \u00e9poca creativa de Kirchner demuestran que hab\u00eda asumido los <strong>principios fundamentales del fauvismo<\/strong>.<\/p>\n\n\n<div class=\"wp-block-image\">\n<figure class=\"aligncenter size-full\"><img loading=\"lazy\" decoding=\"async\" width=\"462\" height=\"460\" src=\"https:\/\/www.aparences.net\/wp-content\/uploads\/2023\/11\/kirchner-theatre-japonais-1909.webp\" alt=\"Teatro japon\u00e9s, 1909, Ernst Ludwig Kirchner\" class=\"wp-image-28771\" title=\"Teatro japon\u00e9s, 1909, Ernst Ludwig Kirchner\" srcset=\"https:\/\/www.aparences.net\/wp-content\/uploads\/2023\/11\/kirchner-theatre-japonais-1909.webp 462w, https:\/\/www.aparences.net\/wp-content\/uploads\/2023\/11\/kirchner-theatre-japonais-1909-100x100.webp 100w, https:\/\/www.aparences.net\/wp-content\/uploads\/2023\/11\/kirchner-theatre-japonais-1909-150x150.webp 150w\" sizes=\"auto, (max-width: 462px) 100vw, 462px\" \/><figcaption class=\"wp-element-caption\"><em><strong>Teatro japon\u00e9s<\/strong>, 1909, <strong>Ernst Ludwig Kirchner<\/strong>, Edimburgo, Galer\u00eda Nacional Escocesa<\/em>.<\/figcaption><\/figure>\n<\/div>\n\n<div class=\"wp-block-image\">\n<figure class=\"aligncenter size-full\"><img loading=\"lazy\" decoding=\"async\" width=\"605\" height=\"460\" src=\"https:\/\/www.aparences.net\/wp-content\/uploads\/2023\/11\/ernst-ludwig-kirchner-maisons-a-fehmarn-1909.webp\" alt=\"Casas en Fehmarn, 1908, Ernst Ludwig Kirchner\" class=\"wp-image-28773\" title=\"Casas en Fehmarn, 1908, Ernst Ludwig Kirchner\"\/><figcaption class=\"wp-element-caption\"><em><strong>Casas en Fehmarn<\/strong>, 1908, <strong>Ernst Ludwig Kirchner<\/strong>, Fr\u00e1ncfort del Meno, Museo St\u00e4del.<\/em><\/figcaption><\/figure>\n<\/div>\n\n<div class=\"wp-block-image\">\n<figure class=\"aligncenter size-full\"><img loading=\"lazy\" decoding=\"async\" width=\"327\" height=\"460\" src=\"https:\/\/www.aparences.net\/wp-content\/uploads\/2023\/11\/kirchner-franzi-devant-une-chaise-sculptee-1910.webp\" alt=\"Fr\u00e4nzi delante de una silla tallada, 1910, Ernst Ludwig Kirchner\" class=\"wp-image-28775\" title=\"Fr\u00e4nzi delante de una silla tallada, 1910, Ernst Ludwig Kirchner\"\/><figcaption class=\"wp-element-caption\"><em><strong>Fr\u00e4nzi delante de una silla tallada<\/strong>, 1910, <strong>Ernst Ludwig Kirchner<\/strong>, Madrid, Museo Thyssen-Bornemisza.<\/em><\/figcaption><\/figure>\n<\/div>\n\n\n<p>Como los dem\u00e1s <strong>pintores Die Br\u00fccke<\/strong>, Kirchner no quer\u00eda pintar cuadros para los salones de las casas burguesas. \u00abCon toda la exuberancia, el ardor y el fervor de la juventud, buscaron, sin ninguna concesi\u00f3n al gusto de la \u00e9poca, abrir de nuevo las fuentes enterradas del sentimiento elemental, partiendo de la percepci\u00f3n pura, y libre en particular de los prejuicios \u00f3pticos del arte.\u00bb Kirchner busca este sentimiento elemental cuando se traslada a Friedrichstadt, el barrio obrero de Dresde. Piensa que la compa\u00f1\u00eda de sus habitantes, aparentemente \u00abnaturales\u00bb, le ayudar\u00eda en su camino.<\/p>\n\n\n<div class=\"wp-block-image\">\n<figure class=\"aligncenter size-full\"><img loading=\"lazy\" decoding=\"async\" width=\"598\" height=\"460\" src=\"https:\/\/www.aparences.net\/wp-content\/uploads\/2023\/11\/kirchner-pont-ferroviaire-sur-lobtauer-strasse-1910.webp\" alt=\"Puente ferroviario en la calle L\u00f6btauer de Dresde, 1910 y 1926, Ernst Ludwig Kirchner\" class=\"wp-image-28777\" title=\"Puente ferroviario en la calle L\u00f6btauer de Dresde, 1910 y 1926, Ernst Ludwig Kirchner\"\/><figcaption class=\"wp-element-caption\"><em><strong>Puente ferroviario en la calle L\u00f6btauer de Dresde<\/strong>, 1910 y 1926, <strong>Ernst Ludwig Kirchner<\/strong>, Dresde, Galer\u00eda Neue Meister.<\/em><\/figcaption><\/figure>\n<\/div>\n\n\n<p>El desnudo es el tema m\u00e1s sobresaliente en la <a href=\"https:\/\/www.aparences.net\/es\/periodos\/arte-moderno\/expresionismo\/#los-pintores-del-die-br%C3%BCcke-(el-puente)\">pintura del Puente<\/a> durante los a\u00f1os de Dresde. La representaci\u00f3n del cuerpo humano le conven\u00eda a la suave l\u00ednea de Kirchner, a\u00fan bajo el influjo del art Nouveau. Al exponer un desnudo en el taller o, mejor a\u00fan, al aire libre, el artista se sent\u00eda cerca de su ideal de una vida libre y acorde con el ritmo de la naturaleza. Los m\u00faltiples viajes a los estanques de Moritzburg en compa\u00f1\u00eda de sus modelos se traducen en la experiencia m\u00e1s fruct\u00edfera, en cuanto a resultados art\u00edsticos se refiere, de aquella comunidad art\u00edstica que se liber\u00f3 aunque fuera por poco tiempo de toda coerci\u00f3n social.<\/p>\n\n\n<div class=\"wp-block-image\">\n<figure class=\"aligncenter size-full\"><img loading=\"lazy\" decoding=\"async\" width=\"613\" height=\"460\" src=\"https:\/\/www.aparences.net\/wp-content\/uploads\/2023\/11\/kirchner-quatre-baigneuses-1910.webp\" alt=\"Cuatro ba\u00f1istas, 1910, Ernst Ludwig Kirchner\" class=\"wp-image-28779\" title=\"Cuatro ba\u00f1istas, 1910, Ernst Ludwig Kirchner\"\/><figcaption class=\"wp-element-caption\"><em><strong>Cuatro ba\u00f1istas<\/strong>, 1910, <strong>Ernst Ludwig Kirchner<\/strong>, Wuppertal, Museo Von der Heydt.<\/em><\/figcaption><\/figure>\n<\/div>\n\n<div class=\"wp-block-image\">\n<figure class=\"aligncenter size-full\"><img loading=\"lazy\" decoding=\"async\" width=\"366\" height=\"460\" src=\"https:\/\/www.aparences.net\/wp-content\/uploads\/2023\/11\/kirchner-marcella-1909-1910.webp\" alt=\"Marcella (Fr\u00e4nzi), 1909-1910, Ernst Ludwig Kirchner\" class=\"wp-image-28781\" title=\"Marcella (Fr\u00e4nzi), 1909-1910, Ernst Ludwig Kirchner\"\/><figcaption class=\"wp-element-caption\"><em><strong>Marcella<\/strong> (Fr\u00e4nzi), 1909-1910, <strong>Ernst Ludwig Kirchner<\/strong>, Estocolmo, Moderna Museet.<\/em><\/figcaption><\/figure>\n<\/div>\n\n<div class=\"wp-block-image\">\n<figure class=\"aligncenter size-full\"><img loading=\"lazy\" decoding=\"async\" width=\"415\" height=\"460\" src=\"https:\/\/www.aparences.net\/wp-content\/uploads\/2023\/11\/kirchner-deux-nus-avec-baignoire-et-poele-1911.webp\" alt=\"Dos desnudos con ba\u00f1o y estufa, 1911, Ernst Ludwig Kirchner\" class=\"wp-image-28783\" title=\"Dos desnudos con ba\u00f1o y estufa, 1911, Ernst Ludwig Kirchner\"\/><figcaption class=\"wp-element-caption\"><em><strong>Dos desnudos con ba\u00f1o y estufa<\/strong>, 1911, <strong>Ernst Ludwig Kirchner<\/strong>, Baden-Baden, Museo Frieder Burda.<\/em><\/figcaption><\/figure>\n<\/div>\n\n\n<h2 class=\"wp-block-heading\">En la jungla de la gran ciudad<\/h2>\n\n\n\n<p>En 1914, la serie de cuadros con escenas callejeras hab\u00eda alcanzado su punto \u00e1lgido. Seis a\u00f1os antes, Kirchner hab\u00eda establecido el acuerdo fundamental de la \u00absinfon\u00eda de la gran ciudad\u00bb con sus primeras im\u00e1genes de transe\u00fantes, su confrontaci\u00f3n con el espectador mediante una concepci\u00f3n psicol\u00f3gica del espacio urbano. A partir de 1913, retom\u00f3 este tema en un frenes\u00ed creativo sin igual. El reducido n\u00famero de obras de este tipo se considera la producci\u00f3n m\u00e1s destacada del artista. No se trata de vistas de la ciudad, sino de im\u00e1genes de personas en la ciudad. Se trata, pues, de pinturas de figuras, que ocupan un lugar destacado en la jerarqu\u00eda acad\u00e9mica de los g\u00e9neros.<\/p>\n\n\n<div class=\"wp-block-image\">\n<figure class=\"aligncenter size-full\"><img loading=\"lazy\" decoding=\"async\" width=\"610\" height=\"460\" src=\"https:\/\/www.aparences.net\/wp-content\/uploads\/2023\/11\/kirchner-rue-de-dresde-1908-1919.webp\" alt=\"La calle (o Calle de Dresde), 1908-1919, Ernst Ludwig Kirchner\" class=\"wp-image-28785\" title=\"La calle (o Calle de Dresde), 1908-1919, Ernst Ludwig Kirchner\"\/><figcaption class=\"wp-element-caption\"><em><strong>La calle<\/strong> (o Calle de Dresde), 1908-1919, <strong>Ernst Ludwig Kirchner<\/strong>, Nueva York, Museum of Modern Art, MoMA.<\/em><\/figcaption><\/figure>\n<\/div>\n\n\n<p>Mujeres en la acera, aisladas de la escena nocturna por el cono de luz de una farola, la evocaci\u00f3n de un escaparate, la rueda de un coche, perspectivas explosionadas. La composici\u00f3n de la mayor\u00eda de sus escenas callejeras nos permite extraer algunos individuos del anonimato de la masa. Estas mujeres, con sus trajes mundanos y demasiado llamativos, ocupan sus puestos. Se pasean por la plaza de Potsdam, fingiendo desinter\u00e9s. All\u00ed, \u00ablas vendedoras de amor eran tan numerosas en las aceras\u00bb, escribe <a href=\"https:\/\/es.wikipedia.org\/wiki\/Stefan_Zweig\">Stefan Zweig<\/a>, \u00abque era m\u00e1s dif\u00edcil evitarlas que encontrarlas\u00bb.<\/p>\n\n\n<div class=\"wp-block-image\">\n<figure class=\"aligncenter size-full\"><img loading=\"lazy\" decoding=\"async\" width=\"323\" height=\"460\" src=\"https:\/\/www.aparences.net\/wp-content\/uploads\/2023\/11\/kirchner-femmes-dans-la-rue-1914.webp\" alt=\"Mujeres en la calle, 1915, Ernst Ludwig Kirchner\" class=\"wp-image-28787\" title=\"Mujeres en la calle, 1915, Ernst Ludwig Kirchner\"\/><figcaption class=\"wp-element-caption\"><em><strong>Mujeres en la calle<\/strong>, 1915, <strong>Ernst Ludwig Kirchner<\/strong>, Wuppertal, Museo Von der Heydt.<\/em><\/figcaption><\/figure>\n<\/div>\n\n\n<p>Estas figuras llaman la atenci\u00f3n por su actitud afectada y el alargamiento de sus cuerpos. Las l\u00edneas agresivas y zigzagueantes refuerzan su imagen de ave de presa. Sombreros extra\u00f1os, boas de plumas de \u00abp\u00e1jaro nocturno\u00bb y pechos encorsetados son sus estridentes se\u00f1ales. Todas ellas se entregan, aparentemente sin quererlo, al ritmo cinematogr\u00e1fico de la atracci\u00f3n-repulsi\u00f3n y, sin embargo, con sus ojos almendrados peligrosamente rasgados, se comportan como animales salvajes en la jungla de la gran ciudad. La transposici\u00f3n formal de ciertas im\u00e1genes debe mucho al <a href=\"https:\/\/www.aparences.net\/es\/periodos\/arte-moderno\/futurismo\/\">futurismo italiano<\/a>.<\/p>\n\n\n<div class=\"wp-block-image\">\n<figure class=\"aligncenter size-full\"><img loading=\"lazy\" decoding=\"async\" width=\"608\" height=\"467\" src=\"https:\/\/www.aparences.net\/wp-content\/uploads\/2023\/11\/Kirchner-scene-de-rue-berlinoise1913.webp\" alt=\"Escena callejera de Berl\u00edn (detalle), 1913, Ernst Ludwig Kirchner\" class=\"wp-image-28789\" title=\"Escena callejera de Berl\u00edn (detalle), 1913, Ernst Ludwig Kirchner\"\/><figcaption class=\"wp-element-caption\"><em><strong>Escena callejera de Berl\u00edn<\/strong> (detalle), 1913, <strong>Ernst Ludwig Kirchner<\/strong>, Berl\u00edn, Neue Galerie.<\/em><\/figcaption><\/figure>\n<\/div>\n\n\n<!-- AdBoxLeft2023 --><ins class=\"adsbygoogle\" style=\"display:block\" data-ad-client=\"ca-pub-2468002815867636\" data-ad-slot=\"1318022963\" data-ad-format=\"auto\" data-full-width-responsive=\"true\"><\/ins><script> (adsbygoogle = window.adsbygoogle || []).push({});<\/script><h2 class=\"wp-block-heading\">Guerra y soledad en Davos<\/h2>\n\n\n\n<p>Los futuristas italianos ya ve\u00edan la guerra como \u00abla \u00fanica higiene para el mundo\u00bb. <strong>Franz Marc<\/strong> esperaba que la guerra provocara una catarsis mundial y la victoria del expresionismo, y <strong>Max Beckmann<\/strong> y <strong>Otto Dix<\/strong> se ofrecieron como voluntarios para el frente. Pero la visi\u00f3n de las trincheras y los quir\u00f3fanos de Francia y Flandes pronto levant\u00f3 el velo de la ilusi\u00f3n y dio paso a sangrientas pesadillas. A partir de julio de 1915, con treinta y cinco a\u00f1os, Kirchner recibi\u00f3 formaci\u00f3n militar b\u00e1sica en la ciudad de Halle-sur-Saale. Fue all\u00ed donde complet\u00f3 el autorretrato que hab\u00eda comenzado en invierno antes de ser llamado a filas, elevando su angustia existencial a un nivel simb\u00f3lico. Kirchner est\u00e1 sentado, el rostro desencajado y demacrado, frente a un vaso de color verde chill\u00f3n. El l\u00edquido que contiene es la absenta, la \u00abbebida existencialista\u00bb que se hab\u00eda convertido en s\u00edmbolo de los impulsos autodestructivos de los artistas en Francia a finales del siglo XIX. En septiembre de 1915, tras solo dos meses de servicio, Kirchner fue dado de baja temporalmente del ej\u00e9rcito con la condici\u00f3n de someterse a un tratamiento psiqui\u00e1trico.<\/p>\n\n\n<div class=\"wp-block-image\">\n<figure class=\"aligncenter size-full\"><img loading=\"lazy\" decoding=\"async\" width=\"341\" height=\"460\" src=\"https:\/\/www.aparences.net\/wp-content\/uploads\/2023\/11\/kirchner-le-buveur-autoportrait-1914-1915.webp\" alt=\"El bebedor (Autorretrato), 1914-1915, Ernst Ludwig Kirchner\" class=\"wp-image-28791\" title=\"El bebedor (Autorretrato), 1914-1915, Ernst Ludwig Kirchner\"\/><figcaption class=\"wp-element-caption\"><em><strong>El bebedor<\/strong> (Autorretrato), 1914-1915, <meta http-equiv=\"content-type\" content=\"text\/html; charset=utf-8\"><strong>Ernst Ludwig Kirchner<\/strong>, N\u00faremberg, Germanisches Nationalmuseum.<\/em><\/figcaption><\/figure>\n<\/div>\n\n\n<p>En 1917, Kirchner se traslada definitivamente a Davos, un balneario mundano. Durante dos meses, el artista se retira a la soledad de las monta\u00f1as, que le fascinaban cada vez m\u00e1s: \u00abMi obra es el resultado de una intensa nostalgia, nacida de mi soledad\u00bb. As\u00ed nacieron sus primeras obras, todas ellas dedicadas a la poderosa impresi\u00f3n que le inspiran las monta\u00f1as, el paisaje y la gente. <em><strong>La estaci\u00f3n de K\u00f6nigstein<\/strong><\/em> es probablemente una de las primeras obras de Kirchner en Davos. Cada vez m\u00e1s se acostumbra a la seguridad de su hogar en la monta\u00f1a, cada vez m\u00e1s \u00abdescubre\u00bb a los habitantes de su nueva patria. <em><strong>La trashumancia<\/strong><\/em> es una de sus representaciones monumentales de la vida rural. El cuadro muestra al reba\u00f1o ascendiendo a primera hora de la ma\u00f1ana hacia los pastos m\u00e1s altos, casi en solemne procesi\u00f3n.<\/p>\n\n\n<div class=\"wp-block-image\">\n<figure class=\"aligncenter size-full\"><img loading=\"lazy\" decoding=\"async\" width=\"395\" height=\"460\" src=\"https:\/\/www.aparences.net\/wp-content\/uploads\/2023\/11\/kirchner-gare-de-konigstein-1917.webp\" alt=\"Estaci\u00f3n de tren de K\u00f6nigstein, 1917, Ernst Ludwig Kirchner\" class=\"wp-image-28793\" title=\"Estaci\u00f3n de tren de K\u00f6nigstein, 1917, Ernst Ludwig Kirchner\"\/><figcaption class=\"wp-element-caption\"><em><strong>Estaci\u00f3n de tren de K\u00f6nigstein<\/strong>, 1917, <strong>Ernst Ludwig Kirchner<\/strong>, Colecci\u00f3n privada.<\/em><\/figcaption><\/figure>\n<\/div>\n\n<div class=\"wp-block-image\">\n<figure class=\"aligncenter size-full\"><img loading=\"lazy\" decoding=\"async\" width=\"640\" height=\"441\" src=\"https:\/\/www.aparences.net\/wp-content\/uploads\/2023\/11\/kirchner-transhumance-1918-19.webp\" alt=\"Transhumancia, 1918-1919, Ernst Ludwig Kirchner\" class=\"wp-image-28795\" title=\"Transhumancia, 1918-1919, Ernst Ludwig Kirchner\"\/><figcaption class=\"wp-element-caption\"><em><strong>Transhumancia<\/strong>, 1918-1919, <strong>Ernst Ludwig Kirchner<\/strong>, Colecci\u00f3n privada.<\/em><\/figcaption><\/figure>\n<\/div>\n\n<div class=\"wp-block-image\">\n<figure class=\"aligncenter size-full\"><img loading=\"lazy\" decoding=\"async\" width=\"462\" height=\"460\" src=\"https:\/\/www.aparences.net\/wp-content\/uploads\/2023\/11\/ernst-cudwig-kirchner-cuisine-sur-l-alpe-1918.webp\" alt=\"Cocina en los Alpes, 1918, Ernst Ludwig Kirchner\" class=\"wp-image-28799\" title=\"Cocina en los Alpes, 1918, Ernst Ludwig Kirchner\" srcset=\"https:\/\/www.aparences.net\/wp-content\/uploads\/2023\/11\/ernst-cudwig-kirchner-cuisine-sur-l-alpe-1918.webp 462w, https:\/\/www.aparences.net\/wp-content\/uploads\/2023\/11\/ernst-cudwig-kirchner-cuisine-sur-l-alpe-1918-100x100.webp 100w, https:\/\/www.aparences.net\/wp-content\/uploads\/2023\/11\/ernst-cudwig-kirchner-cuisine-sur-l-alpe-1918-150x150.webp 150w\" sizes=\"auto, (max-width: 462px) 100vw, 462px\" \/><figcaption class=\"wp-element-caption\"><em><strong>Cocina en los Alpes<\/strong>, 1918, <strong>Ernst Ludwig Kirchner<\/strong>, Madrid, Museo Thyssen-Bornemisza.<\/em><\/figcaption><\/figure>\n<\/div>\n\n\n<p>A partir de 1922, el estilo de Kirchner se apacigua. <a href=\"https:\/\/www.aparences.net\/es\/periodos\/arte-moderno\/expresionismo\/\">El expresionnismo<\/a> da paso a la b\u00fasqueda del equilibrio decorativo, a una pintura que privilegiar\u00e1 la armon\u00eda de las proporciones, una monumentalizaci\u00f3n magistral de las formas tect\u00f3nicas y magn\u00edfico colorido. \u00abLos cambios en la forma y en las proporciones no son arbitrarios, sino que sirven para expresar visualmente el esp\u00edritu con grandeza y profundidad\u00bb, escribi\u00f3 Kirchner en 1922 en el cat\u00e1logo de una exposici\u00f3n en Fr\u00e1ncfort del Meno. Se aparta definitivamente de los ideales <strong>del Br\u00fccke<\/strong> y sue\u00f1a con el arte antiguo que veneraba, un arte que obedec\u00eda a reglas ideales de composici\u00f3n.<\/p>\n\n\n<div class=\"wp-block-image\">\n<figure class=\"aligncenter size-full\"><img loading=\"lazy\" decoding=\"async\" width=\"600\" height=\"426\" src=\"https:\/\/www.aparences.net\/wp-content\/uploads\/2023\/11\/kirchner-amselfluh-1922.webp\" alt=\"Amselfluh, 1922, Ernst Ludwig Kirchner\" class=\"wp-image-28801\" title=\"Amselfluh, 1922, Ernst Ludwig Kirchner\"\/><figcaption class=\"wp-element-caption\"><em><strong>Amselfluh<\/strong>, 1922, <strong>Ernst Ludwig Kirchner<\/strong>, Basilea, Kunstmuseum.<\/em><\/figcaption><\/figure>\n<\/div>\n\n\n<p>A partir de 1925, los logros formales del <a href=\"https:\/\/www.aparences.net\/es\/periodos\/arte-moderno\/cubismo\/\">Cubismo<\/a>, que proven\u00edan de Par\u00eds, ejercieron una influencia decisiva en su obra a lo largo de una d\u00e9cada e introdujeron una notoria transformaci\u00f3n en su estilo. En ese a\u00f1o tuvo lugar en Z\u00farich la \u00abGran Exposici\u00f3n Internacional de Arte\u00bb sobre la cual Kirchner escribi\u00f3 sus impresiones en su diario. Pocos de ellos val\u00edan la pena en su opini\u00f3n. \u00danicamente algunos <strong>cuadros de Picasso<\/strong> encuentra en Kirchner algunas palabras de reconocimiento. Su producci\u00f3n buscar\u00e1 en lo sucesivo \u00abla conexi\u00f3n del arte alem\u00e1n actual con las percepciones art\u00edsticas internacionales\u00bb, en palabras del propio Kirchner bajo su pseud\u00f3nimo de Lu\u00eds de Marsalle. La \u00e1gil pincelada caracter\u00edstica de Kirchner se transforma en una pel\u00edcula de color, diluida, a manera de placas. Superficie y linea decorativa se emancipan e independizan del objeto representado. <em><strong>Tres desnudos en el bosque<\/strong><\/em> (1934-35) es el ejemplo t\u00edpico de esta fase art\u00edstica de Kirchner que en general es denominada como \u00absu estilo abstracto\u00bb.<\/p>\n\n\n<div class=\"wp-block-image\">\n<figure class=\"aligncenter size-full\"><img loading=\"lazy\" decoding=\"async\" width=\"548\" height=\"430\" src=\"https:\/\/www.aparences.net\/wp-content\/uploads\/2023\/11\/kirchner-cafe-a-davos-1928.webp\" alt=\"Caf\u00e9 en Davos, 1931-1932, Ernst Ludwig Kirchner\" class=\"wp-image-28803\" title=\"Caf\u00e9 en Davos, 1931-1932, Ernst Ludwig Kirchner\"\/><figcaption class=\"wp-element-caption\"><em><strong>Caf\u00e9 en Davos<\/strong>, 1931-1932, <strong>Ernst Ludwig Kirchner,<\/strong> Davos, Museo Kirchner.<\/em><\/figcaption><\/figure>\n<\/div>\n\n<div class=\"wp-block-image\">\n<figure class=\"aligncenter size-full\"><img loading=\"lazy\" decoding=\"async\" width=\"600\" height=\"454\" src=\"https:\/\/www.aparences.net\/wp-content\/uploads\/2023\/11\/kirchner-trois-nus-dans-la-foret-1934-35.webp\" alt=\"Tres desnudos en el bosque, 1934-1935, Ernst Ludwig Kirchner\" class=\"wp-image-28805\" title=\"Tres desnudos en el bosque, 1934-1935, Ernst Ludwig Kirchner\"\/><figcaption class=\"wp-element-caption\"><em><strong>Tres desnudos en el bosque<\/strong>, 1934-1935, <strong>Ernst Ludwig Kirchner<\/strong>, Ludwigshafen, Wilhelm-Hack-Museum.<\/em><\/figcaption><\/figure>\n<\/div>\n\n\n<p>Desde las monta\u00f1as suizas, Kirchner observa las nuevas actividades culturales y pol\u00edticas de la Alemania nacionalsocialista con inter\u00e9s y creciente preocupaci\u00f3n. Su enfermedad, que nunca super\u00f3 del todo, y el horror que le produc\u00eda el vilipendio de su arte como \u00abdegenerado\u00bb fueron probablemente algunas de las razones por las que, el 15 de junio de 1938, eligi\u00f3 el suicidio como \u00faltimo recurso.<\/p>\n\n\n<p><!-- \/wp:post-content --><\/p>\n<p><!-- wp:separator --><\/p>\n<hr class=\"wp-block-separator\"><!-- \/wp:separator --><\/p>\n<p><!-- wp:heading {\"level\":4} --><\/p>\n<h4>Bibliograf\u00eda<\/h4>\n<p><!-- \/wp:heading --><\/p>\n<p><!-- wp:paragraph --><\/p>\n<p>Jill Lloyd-Peppiatt. <em>Ernst Ludwig Kirchner<\/em>. Prestel Verlag, 2019<br \/>Elger Dietmar. <em>L\u2019Expressionnisme. Une r\u00e9volution artistique allemande.<\/em> Taschen, 2017<br \/>Norbert Wolf. <em>Kirchner<\/em>. Taschen, 2003 <br \/>Lucius Grisenbach. <em>Kirchner<\/em>. Taschen, 1999<br \/>Collectif. <em>Kirchner : The Dresden and Berlin<\/em>. Royal Academy, 2005<\/p>\n<p><!-- \/wp:paragraph --><\/p>","protected":false},"excerpt":{"rendered":"<p>A partir de 1922, el estilo de Kirchner se apacigua. El expresionnismo dar\u00e1 paso a una pintura que privilegiar\u00e1 la armon\u00eda de las proporciones.<\/p>\n","protected":false},"author":2,"featured_media":28762,"comment_status":"closed","ping_status":"closed","sticky":false,"template":"","format":"standard","meta":{"footnotes":""},"categories":[3156],"tags":[4292,2566,5783,4293,4301,2606,3204,2608],"class_list":["post-25311","post","type-post","status-publish","format-standard","has-post-thumbnail","hentry","category-arte-moderno-anexos","tag-arte-moderno","tag-cubismo","tag-die-brucke-2","tag-el-puente","tag-ernst-ludwig-kirchner","tag-expresionismo","tag-expresionismo-aleman","tag-fauvismo"],"yoast_head":"<!-- This site is optimized with the Yoast SEO plugin v27.2 - https:\/\/yoast.com\/product\/yoast-seo-wordpress\/ -->\n<title>Ernst Ludwig Kirchner: pintor de Die Br\u00fccke<\/title>\n<meta name=\"description\" content=\"A partir de 1922, el estilo de Kirchner se apacigua. El expresionnismo dar\u00e1 paso a una pintura que privilegiar\u00e1 la armon\u00eda de las proporciones.\" \/>\n<meta name=\"robots\" content=\"index, follow, max-snippet:-1, max-image-preview:large, max-video-preview:-1\" \/>\n<link rel=\"canonical\" href=\"https:\/\/www.aparences.net\/es\/periodos\/arte-moderno-anexos\/ernst-ludwig-kirchner-pintor-de-die-brucke\/\" \/>\n<meta property=\"og:locale\" content=\"es_ES\" \/>\n<meta property=\"og:type\" content=\"article\" \/>\n<meta property=\"og:title\" content=\"Ernst Ludwig Kirchner: pintor de Die Br\u00fccke\" \/>\n<meta property=\"og:description\" content=\"A partir de 1922, el estilo de Kirchner se apacigua. El expresionnismo dar\u00e1 paso a una pintura que privilegiar\u00e1 la armon\u00eda de las proporciones.\" \/>\n<meta property=\"og:url\" content=\"https:\/\/www.aparences.net\/es\/periodos\/arte-moderno-anexos\/ernst-ludwig-kirchner-pintor-de-die-brucke\/\" \/>\n<meta property=\"og:site_name\" content=\"Aparences\" \/>\n<meta property=\"article:published_time\" content=\"2022-07-05T06:39:31+00:00\" \/>\n<meta property=\"article:modified_time\" content=\"2025-12-11T18:40:55+00:00\" \/>\n<meta property=\"og:image\" content=\"https:\/\/www.aparences.net\/wp-content\/uploads\/2022\/07\/ernst-ludwig-kirchner.webp\" \/>\n\t<meta property=\"og:image:width\" content=\"1080\" \/>\n\t<meta property=\"og:image:height\" content=\"540\" \/>\n\t<meta property=\"og:image:type\" content=\"image\/webp\" \/>\n<meta name=\"author\" content=\"admin\" \/>\n<meta name=\"twitter:card\" content=\"summary_large_image\" \/>\n<meta name=\"twitter:label1\" content=\"Escrito por\" \/>\n\t<meta name=\"twitter:data1\" content=\"admin\" \/>\n\t<meta name=\"twitter:label2\" content=\"Tiempo de lectura\" \/>\n\t<meta name=\"twitter:data2\" content=\"15 minutos\" \/>\n<script type=\"application\/ld+json\" class=\"yoast-schema-graph\">{\"@context\":\"https:\/\/schema.org\",\"@graph\":[{\"@type\":\"Article\",\"@id\":\"https:\/\/www.aparences.net\/es\/periodos\/arte-moderno-anexos\/ernst-ludwig-kirchner-pintor-de-die-brucke\/#article\",\"isPartOf\":{\"@id\":\"https:\/\/www.aparences.net\/es\/periodos\/arte-moderno-anexos\/ernst-ludwig-kirchner-pintor-de-die-brucke\/\"},\"author\":{\"name\":\"admin\",\"@id\":\"https:\/\/www.aparences.net\/es\/#\/schema\/person\/af349f6ffc31b16c68963e61268afca5\"},\"headline\":\"Ernst Ludwig Kirchner: pintor de Die Br\u00fccke\",\"datePublished\":\"2022-07-05T06:39:31+00:00\",\"dateModified\":\"2025-12-11T18:40:55+00:00\",\"mainEntityOfPage\":{\"@id\":\"https:\/\/www.aparences.net\/es\/periodos\/arte-moderno-anexos\/ernst-ludwig-kirchner-pintor-de-die-brucke\/\"},\"wordCount\":2298,\"publisher\":{\"@id\":\"https:\/\/www.aparences.net\/es\/#organization\"},\"image\":{\"@id\":\"https:\/\/www.aparences.net\/es\/periodos\/arte-moderno-anexos\/ernst-ludwig-kirchner-pintor-de-die-brucke\/#primaryimage\"},\"thumbnailUrl\":\"https:\/\/www.aparences.net\/wp-content\/uploads\/2022\/07\/ernst-ludwig-kirchner.webp\",\"keywords\":[\"Arte moderno\",\"cubismo\",\"Die Br\u00fccke\",\"EL Puente\",\"Ernst Ludwig Kirchner\",\"expresionismo\",\"expresionismo alem\u00e1n\",\"fauvismo\"],\"articleSection\":[\"Arte moderno - Anexos\"],\"inLanguage\":\"es\"},{\"@type\":[\"WebPage\",\"ItemPage\"],\"@id\":\"https:\/\/www.aparences.net\/es\/periodos\/arte-moderno-anexos\/ernst-ludwig-kirchner-pintor-de-die-brucke\/\",\"url\":\"https:\/\/www.aparences.net\/es\/periodos\/arte-moderno-anexos\/ernst-ludwig-kirchner-pintor-de-die-brucke\/\",\"name\":\"Ernst Ludwig Kirchner: pintor de Die Br\u00fccke\",\"isPartOf\":{\"@id\":\"https:\/\/www.aparences.net\/es\/#website\"},\"primaryImageOfPage\":{\"@id\":\"https:\/\/www.aparences.net\/es\/periodos\/arte-moderno-anexos\/ernst-ludwig-kirchner-pintor-de-die-brucke\/#primaryimage\"},\"image\":{\"@id\":\"https:\/\/www.aparences.net\/es\/periodos\/arte-moderno-anexos\/ernst-ludwig-kirchner-pintor-de-die-brucke\/#primaryimage\"},\"thumbnailUrl\":\"https:\/\/www.aparences.net\/wp-content\/uploads\/2022\/07\/ernst-ludwig-kirchner.webp\",\"datePublished\":\"2022-07-05T06:39:31+00:00\",\"dateModified\":\"2025-12-11T18:40:55+00:00\",\"description\":\"A partir de 1922, el estilo de Kirchner se apacigua. El expresionnismo dar\u00e1 paso a una pintura que privilegiar\u00e1 la armon\u00eda de las proporciones.\",\"breadcrumb\":{\"@id\":\"https:\/\/www.aparences.net\/es\/periodos\/arte-moderno-anexos\/ernst-ludwig-kirchner-pintor-de-die-brucke\/#breadcrumb\"},\"inLanguage\":\"es\",\"potentialAction\":[{\"@type\":\"ReadAction\",\"target\":[\"https:\/\/www.aparences.net\/es\/periodos\/arte-moderno-anexos\/ernst-ludwig-kirchner-pintor-de-die-brucke\/\"]}]},{\"@type\":\"ImageObject\",\"inLanguage\":\"es\",\"@id\":\"https:\/\/www.aparences.net\/es\/periodos\/arte-moderno-anexos\/ernst-ludwig-kirchner-pintor-de-die-brucke\/#primaryimage\",\"url\":\"https:\/\/www.aparences.net\/wp-content\/uploads\/2022\/07\/ernst-ludwig-kirchner.webp\",\"contentUrl\":\"https:\/\/www.aparences.net\/wp-content\/uploads\/2022\/07\/ernst-ludwig-kirchner.webp\",\"width\":1080,\"height\":540},{\"@type\":\"BreadcrumbList\",\"@id\":\"https:\/\/www.aparences.net\/es\/periodos\/arte-moderno-anexos\/ernst-ludwig-kirchner-pintor-de-die-brucke\/#breadcrumb\",\"itemListElement\":[{\"@type\":\"ListItem\",\"position\":1,\"name\":\"Portada\",\"item\":\"https:\/\/www.aparences.net\/es\/\"},{\"@type\":\"ListItem\",\"position\":2,\"name\":\"Ernst Ludwig Kirchner: pintor de Die Br\u00fccke\"}]},{\"@type\":\"WebSite\",\"@id\":\"https:\/\/www.aparences.net\/es\/#website\",\"url\":\"https:\/\/www.aparences.net\/es\/\",\"name\":\"Aparences: Historia del Arte y Actualidad Cultural\",\"description\":\"\",\"publisher\":{\"@id\":\"https:\/\/www.aparences.net\/es\/#organization\"},\"potentialAction\":[{\"@type\":\"SearchAction\",\"target\":{\"@type\":\"EntryPoint\",\"urlTemplate\":\"https:\/\/www.aparences.net\/es\/?s={search_term_string}\"},\"query-input\":{\"@type\":\"PropertyValueSpecification\",\"valueRequired\":true,\"valueName\":\"search_term_string\"}}],\"inLanguage\":\"es\"},{\"@type\":\"Organization\",\"@id\":\"https:\/\/www.aparences.net\/es\/#organization\",\"name\":\"Aparences: Historia del Arte y Actualidad Cultural\",\"url\":\"https:\/\/www.aparences.net\/es\/\",\"logo\":{\"@type\":\"ImageObject\",\"inLanguage\":\"es\",\"@id\":\"https:\/\/www.aparences.net\/es\/#\/schema\/logo\/image\/\",\"url\":\"https:\/\/www.aparences.net\/wp-content\/uploads\/2023\/09\/logo-quadrat-color-e1695915315229.png\",\"contentUrl\":\"https:\/\/www.aparences.net\/wp-content\/uploads\/2023\/09\/logo-quadrat-color-e1695915315229.png\",\"width\":120,\"height\":120,\"caption\":\"Aparences: Historia del Arte y Actualidad Cultural\"},\"image\":{\"@id\":\"https:\/\/www.aparences.net\/es\/#\/schema\/logo\/image\/\"}},{\"@type\":\"Person\",\"@id\":\"https:\/\/www.aparences.net\/es\/#\/schema\/person\/af349f6ffc31b16c68963e61268afca5\",\"name\":\"admin\",\"url\":\"https:\/\/www.aparences.net\/es\/author\/admin\/\"}]}<\/script>\n<!-- \/ Yoast SEO plugin. -->","yoast_head_json":{"title":"Ernst Ludwig Kirchner: pintor de Die Br\u00fccke","description":"A partir de 1922, el estilo de Kirchner se apacigua. El expresionnismo dar\u00e1 paso a una pintura que privilegiar\u00e1 la armon\u00eda de las proporciones.","robots":{"index":"index","follow":"follow","max-snippet":"max-snippet:-1","max-image-preview":"max-image-preview:large","max-video-preview":"max-video-preview:-1"},"canonical":"https:\/\/www.aparences.net\/es\/periodos\/arte-moderno-anexos\/ernst-ludwig-kirchner-pintor-de-die-brucke\/","og_locale":"es_ES","og_type":"article","og_title":"Ernst Ludwig Kirchner: pintor de Die Br\u00fccke","og_description":"A partir de 1922, el estilo de Kirchner se apacigua. El expresionnismo dar\u00e1 paso a una pintura que privilegiar\u00e1 la armon\u00eda de las proporciones.","og_url":"https:\/\/www.aparences.net\/es\/periodos\/arte-moderno-anexos\/ernst-ludwig-kirchner-pintor-de-die-brucke\/","og_site_name":"Aparences","article_published_time":"2022-07-05T06:39:31+00:00","article_modified_time":"2025-12-11T18:40:55+00:00","og_image":[{"width":1080,"height":540,"url":"https:\/\/www.aparences.net\/wp-content\/uploads\/2022\/07\/ernst-ludwig-kirchner.webp","type":"image\/webp"}],"author":"admin","twitter_card":"summary_large_image","twitter_misc":{"Escrito por":"admin","Tiempo de lectura":"15 minutos"},"schema":{"@context":"https:\/\/schema.org","@graph":[{"@type":"Article","@id":"https:\/\/www.aparences.net\/es\/periodos\/arte-moderno-anexos\/ernst-ludwig-kirchner-pintor-de-die-brucke\/#article","isPartOf":{"@id":"https:\/\/www.aparences.net\/es\/periodos\/arte-moderno-anexos\/ernst-ludwig-kirchner-pintor-de-die-brucke\/"},"author":{"name":"admin","@id":"https:\/\/www.aparences.net\/es\/#\/schema\/person\/af349f6ffc31b16c68963e61268afca5"},"headline":"Ernst Ludwig Kirchner: pintor de Die Br\u00fccke","datePublished":"2022-07-05T06:39:31+00:00","dateModified":"2025-12-11T18:40:55+00:00","mainEntityOfPage":{"@id":"https:\/\/www.aparences.net\/es\/periodos\/arte-moderno-anexos\/ernst-ludwig-kirchner-pintor-de-die-brucke\/"},"wordCount":2298,"publisher":{"@id":"https:\/\/www.aparences.net\/es\/#organization"},"image":{"@id":"https:\/\/www.aparences.net\/es\/periodos\/arte-moderno-anexos\/ernst-ludwig-kirchner-pintor-de-die-brucke\/#primaryimage"},"thumbnailUrl":"https:\/\/www.aparences.net\/wp-content\/uploads\/2022\/07\/ernst-ludwig-kirchner.webp","keywords":["Arte moderno","cubismo","Die Br\u00fccke","EL Puente","Ernst Ludwig Kirchner","expresionismo","expresionismo alem\u00e1n","fauvismo"],"articleSection":["Arte moderno - Anexos"],"inLanguage":"es"},{"@type":["WebPage","ItemPage"],"@id":"https:\/\/www.aparences.net\/es\/periodos\/arte-moderno-anexos\/ernst-ludwig-kirchner-pintor-de-die-brucke\/","url":"https:\/\/www.aparences.net\/es\/periodos\/arte-moderno-anexos\/ernst-ludwig-kirchner-pintor-de-die-brucke\/","name":"Ernst Ludwig Kirchner: pintor de Die Br\u00fccke","isPartOf":{"@id":"https:\/\/www.aparences.net\/es\/#website"},"primaryImageOfPage":{"@id":"https:\/\/www.aparences.net\/es\/periodos\/arte-moderno-anexos\/ernst-ludwig-kirchner-pintor-de-die-brucke\/#primaryimage"},"image":{"@id":"https:\/\/www.aparences.net\/es\/periodos\/arte-moderno-anexos\/ernst-ludwig-kirchner-pintor-de-die-brucke\/#primaryimage"},"thumbnailUrl":"https:\/\/www.aparences.net\/wp-content\/uploads\/2022\/07\/ernst-ludwig-kirchner.webp","datePublished":"2022-07-05T06:39:31+00:00","dateModified":"2025-12-11T18:40:55+00:00","description":"A partir de 1922, el estilo de Kirchner se apacigua. El expresionnismo dar\u00e1 paso a una pintura que privilegiar\u00e1 la armon\u00eda de las proporciones.","breadcrumb":{"@id":"https:\/\/www.aparences.net\/es\/periodos\/arte-moderno-anexos\/ernst-ludwig-kirchner-pintor-de-die-brucke\/#breadcrumb"},"inLanguage":"es","potentialAction":[{"@type":"ReadAction","target":["https:\/\/www.aparences.net\/es\/periodos\/arte-moderno-anexos\/ernst-ludwig-kirchner-pintor-de-die-brucke\/"]}]},{"@type":"ImageObject","inLanguage":"es","@id":"https:\/\/www.aparences.net\/es\/periodos\/arte-moderno-anexos\/ernst-ludwig-kirchner-pintor-de-die-brucke\/#primaryimage","url":"https:\/\/www.aparences.net\/wp-content\/uploads\/2022\/07\/ernst-ludwig-kirchner.webp","contentUrl":"https:\/\/www.aparences.net\/wp-content\/uploads\/2022\/07\/ernst-ludwig-kirchner.webp","width":1080,"height":540},{"@type":"BreadcrumbList","@id":"https:\/\/www.aparences.net\/es\/periodos\/arte-moderno-anexos\/ernst-ludwig-kirchner-pintor-de-die-brucke\/#breadcrumb","itemListElement":[{"@type":"ListItem","position":1,"name":"Portada","item":"https:\/\/www.aparences.net\/es\/"},{"@type":"ListItem","position":2,"name":"Ernst Ludwig Kirchner: pintor de Die Br\u00fccke"}]},{"@type":"WebSite","@id":"https:\/\/www.aparences.net\/es\/#website","url":"https:\/\/www.aparences.net\/es\/","name":"Aparences: Historia del Arte y Actualidad Cultural","description":"","publisher":{"@id":"https:\/\/www.aparences.net\/es\/#organization"},"potentialAction":[{"@type":"SearchAction","target":{"@type":"EntryPoint","urlTemplate":"https:\/\/www.aparences.net\/es\/?s={search_term_string}"},"query-input":{"@type":"PropertyValueSpecification","valueRequired":true,"valueName":"search_term_string"}}],"inLanguage":"es"},{"@type":"Organization","@id":"https:\/\/www.aparences.net\/es\/#organization","name":"Aparences: Historia del Arte y Actualidad Cultural","url":"https:\/\/www.aparences.net\/es\/","logo":{"@type":"ImageObject","inLanguage":"es","@id":"https:\/\/www.aparences.net\/es\/#\/schema\/logo\/image\/","url":"https:\/\/www.aparences.net\/wp-content\/uploads\/2023\/09\/logo-quadrat-color-e1695915315229.png","contentUrl":"https:\/\/www.aparences.net\/wp-content\/uploads\/2023\/09\/logo-quadrat-color-e1695915315229.png","width":120,"height":120,"caption":"Aparences: Historia del Arte y Actualidad Cultural"},"image":{"@id":"https:\/\/www.aparences.net\/es\/#\/schema\/logo\/image\/"}},{"@type":"Person","@id":"https:\/\/www.aparences.net\/es\/#\/schema\/person\/af349f6ffc31b16c68963e61268afca5","name":"admin","url":"https:\/\/www.aparences.net\/es\/author\/admin\/"}]}},"_links":{"self":[{"href":"https:\/\/www.aparences.net\/es\/wp-json\/wp\/v2\/posts\/25311","targetHints":{"allow":["GET"]}}],"collection":[{"href":"https:\/\/www.aparences.net\/es\/wp-json\/wp\/v2\/posts"}],"about":[{"href":"https:\/\/www.aparences.net\/es\/wp-json\/wp\/v2\/types\/post"}],"author":[{"embeddable":true,"href":"https:\/\/www.aparences.net\/es\/wp-json\/wp\/v2\/users\/2"}],"replies":[{"embeddable":true,"href":"https:\/\/www.aparences.net\/es\/wp-json\/wp\/v2\/comments?post=25311"}],"version-history":[{"count":0,"href":"https:\/\/www.aparences.net\/es\/wp-json\/wp\/v2\/posts\/25311\/revisions"}],"wp:featuredmedia":[{"embeddable":true,"href":"https:\/\/www.aparences.net\/es\/wp-json\/wp\/v2\/media\/28762"}],"wp:attachment":[{"href":"https:\/\/www.aparences.net\/es\/wp-json\/wp\/v2\/media?parent=25311"}],"wp:term":[{"taxonomy":"category","embeddable":true,"href":"https:\/\/www.aparences.net\/es\/wp-json\/wp\/v2\/categories?post=25311"},{"taxonomy":"post_tag","embeddable":true,"href":"https:\/\/www.aparences.net\/es\/wp-json\/wp\/v2\/tags?post=25311"}],"curies":[{"name":"wp","href":"https:\/\/api.w.org\/{rel}","templated":true}]}}