{"id":25352,"date":"2022-07-05T08:48:31","date_gmt":"2022-07-05T06:48:31","guid":{"rendered":"https:\/\/www.aparences.net\/?p=25352"},"modified":"2022-07-05T08:48:33","modified_gmt":"2022-07-05T06:48:33","slug":"shirley-jaffe","status":"publish","type":"post","link":"https:\/\/www.aparences.net\/es\/actualidad\/shirley-jaffe\/","title":{"rendered":"Shirley Jaffe"},"content":{"rendered":"\n<p>La exposici\u00f3n <em>Shirley Jaffe, una americana en Par\u00eds<\/em> en el <a href=\"https:\/\/www.centrepompidou.fr\/fr\/programme\/agenda\/evenement\/agYUNKn\">Centro Pompidou<\/a> es la primera retrospectiva de la obra de esta artista emblem\u00e1tica de la abstracci\u00f3n pict\u00f3rica de finales del siglo XX. La exposici\u00f3n recorre la trayectoria de Shirley Jaffe, una estadounidense que se traslad\u00f3 a Par\u00eds a finales de la d\u00e9cada de 1940 y produjo all\u00ed toda su obra hasta su muerte en 2016. La exposici\u00f3n comienza su recorrido con pinturas que se inscriben en el <a href=\"https:\/\/www.aparences.net\/es\/arte-contemporaneo\/movimientos\/expresionismo-abstracto\/\">movimiento Expresionista abstracto<\/a>, del que la Cooper Union de Nueva York, donde Shirley Jaffe estudi\u00f3 Bellas Artes, fue un terreno f\u00e9rtil. Estas obras multicolor pero de tonos apagados en amarillo mostaza, azul real y rosa viejo est\u00e1n marcadas por la gestualidad. En los a\u00f1os sesenta, dio la espalda a sus prometedores comienzos con el esp\u00edritu del expresionismo abstracto. No fue hasta la d\u00e9cada de 1970 cuando desarroll\u00f3 su estilo personal de contornos cincelados que, sin permitirle ser asimilada a la entonces declinante ola del <a href=\"https:\/\/www.aparences.net\/es\/arte-contemporaneo\/hard-edge-painting-es\/hard-edge-painting\/\">Hard Edge painting<\/a>, la mantuvo a distancia de sus antiguos compa\u00f1eros expresionistas y de los defensores del Arte concreto. Su geometr\u00eda es ordenada, pero h\u00e1bilmente contrapuesta, siempre desviada, aparentemente aleatoria, pero escrupulosamente dictada, como ciertas composiciones musicales de sus contempor\u00e1neos.<\/p>\n\n\n\n<div class=\"wp-block-image\"><figure class=\"aligncenter size-full\"><img loading=\"lazy\" decoding=\"async\" width=\"492\" height=\"460\" src=\"https:\/\/www.aparences.net\/wp-content\/uploads\/2022\/06\/shirley-jaffe-all-together-1995.jpg\" alt=\"\" class=\"wp-image-25349\"\/><figcaption><em><strong>All Together<\/strong>, 1995, <strong>Shirley Jaffe<\/strong>, Paris, Centre Pompidou.<\/em><\/figcaption><\/figure><\/div>\n\n\n\n<p>Shirley Jaffe dej\u00f3 una rica obra abstracta, una parte importante de la cual fue donada al Estado franc\u00e9s y recibida por el Mus\u00e9e national d&#8217;art moderne en 2019. Esta exposici\u00f3n in\u00e9dita muestra el modo en que la artista tuvo que abandonar la gestualidad para aportar una tensi\u00f3n cada vez mayor a su experiencia art\u00edstica.&nbsp;La disposici\u00f3n cronol\u00f3gica orquesta confrontaciones entre obras de distintas \u00e9pocas. En las vitrinas se presentan preciosas notas de estudio escritas por la artista para cada uno de sus cuadros, junto con material de archivo recogido en el estudio.<\/p>\n","protected":false},"excerpt":{"rendered":"<p>La exposici\u00f3n Shirley Jaffe, una americana en Par\u00eds en el Centro Pompidou es la primera retrospectiva de la obra de esta artista emblem\u00e1tica de la [&#8230;]<\/p>\n","protected":false},"author":2,"featured_media":25351,"comment_status":"closed","ping_status":"closed","sticky":false,"template":"","format":"standard","meta":{"footnotes":""},"categories":[2368,2605],"tags":[],"class_list":["post-25352","post","type-post","status-publish","format-standard","has-post-thumbnail","hentry","category-actualidad","category-exposiciones"],"yoast_head":"<!-- This site is optimized with the Yoast SEO plugin v27.2 - https:\/\/yoast.com\/product\/yoast-seo-wordpress\/ -->\n<title>Shirley Jaffe<\/title>\n<meta name=\"description\" content=\"La exposici\u00f3n Shirley Jaffe, una americana en Par\u00eds en el Centro Pompidou es la primera retrospectiva de la obra de esta artista emblem\u00e1tica de la\" \/>\n<meta name=\"robots\" content=\"index, follow, max-snippet:-1, max-image-preview:large, max-video-preview:-1\" \/>\n<link rel=\"canonical\" href=\"https:\/\/www.aparences.net\/es\/actualidad\/shirley-jaffe\/\" \/>\n<meta property=\"og:locale\" content=\"es_ES\" \/>\n<meta property=\"og:type\" content=\"article\" \/>\n<meta property=\"og:title\" content=\"Shirley Jaffe\" \/>\n<meta property=\"og:description\" content=\"La exposici\u00f3n Shirley Jaffe, una americana en Par\u00eds en el Centro Pompidou es la primera retrospectiva de la obra de esta artista emblem\u00e1tica de la\" \/>\n<meta property=\"og:url\" content=\"https:\/\/www.aparences.net\/es\/actualidad\/shirley-jaffe\/\" \/>\n<meta property=\"og:site_name\" content=\"Aparences\" \/>\n<meta property=\"article:published_time\" content=\"2022-07-05T06:48:31+00:00\" \/>\n<meta property=\"article:modified_time\" content=\"2022-07-05T06:48:33+00:00\" \/>\n<meta property=\"og:image\" content=\"https:\/\/www.aparences.net\/wp-content\/uploads\/2022\/06\/centre-pompidou-shirley-jaffe.jpg\" \/>\n\t<meta property=\"og:image:width\" content=\"1080\" \/>\n\t<meta property=\"og:image:height\" content=\"540\" \/>\n\t<meta property=\"og:image:type\" content=\"image\/jpeg\" \/>\n<meta name=\"author\" content=\"admin\" \/>\n<meta name=\"twitter:card\" content=\"summary_large_image\" \/>\n<meta name=\"twitter:label1\" content=\"Escrito por\" \/>\n\t<meta name=\"twitter:data1\" content=\"admin\" \/>\n\t<meta name=\"twitter:label2\" content=\"Tiempo de lectura\" \/>\n\t<meta name=\"twitter:data2\" content=\"2 minutos\" \/>\n<script type=\"application\/ld+json\" class=\"yoast-schema-graph\">{\"@context\":\"https:\/\/schema.org\",\"@graph\":[{\"@type\":\"Article\",\"@id\":\"https:\/\/www.aparences.net\/es\/actualidad\/shirley-jaffe\/#article\",\"isPartOf\":{\"@id\":\"https:\/\/www.aparences.net\/es\/actualidad\/shirley-jaffe\/\"},\"author\":{\"name\":\"admin\",\"@id\":\"https:\/\/www.aparences.net\/es\/#\/schema\/person\/af349f6ffc31b16c68963e61268afca5\"},\"headline\":\"Shirley Jaffe\",\"datePublished\":\"2022-07-05T06:48:31+00:00\",\"dateModified\":\"2022-07-05T06:48:33+00:00\",\"mainEntityOfPage\":{\"@id\":\"https:\/\/www.aparences.net\/es\/actualidad\/shirley-jaffe\/\"},\"wordCount\":326,\"publisher\":{\"@id\":\"https:\/\/www.aparences.net\/es\/#organization\"},\"image\":{\"@id\":\"https:\/\/www.aparences.net\/es\/actualidad\/shirley-jaffe\/#primaryimage\"},\"thumbnailUrl\":\"https:\/\/www.aparences.net\/wp-content\/uploads\/2022\/06\/centre-pompidou-shirley-jaffe.jpg\",\"articleSection\":[\"Actualidad\",\"Exposiciones\"],\"inLanguage\":\"es\"},{\"@type\":[\"WebPage\",\"ItemPage\"],\"@id\":\"https:\/\/www.aparences.net\/es\/actualidad\/shirley-jaffe\/\",\"url\":\"https:\/\/www.aparences.net\/es\/actualidad\/shirley-jaffe\/\",\"name\":\"Shirley Jaffe\",\"isPartOf\":{\"@id\":\"https:\/\/www.aparences.net\/es\/#website\"},\"primaryImageOfPage\":{\"@id\":\"https:\/\/www.aparences.net\/es\/actualidad\/shirley-jaffe\/#primaryimage\"},\"image\":{\"@id\":\"https:\/\/www.aparences.net\/es\/actualidad\/shirley-jaffe\/#primaryimage\"},\"thumbnailUrl\":\"https:\/\/www.aparences.net\/wp-content\/uploads\/2022\/06\/centre-pompidou-shirley-jaffe.jpg\",\"datePublished\":\"2022-07-05T06:48:31+00:00\",\"dateModified\":\"2022-07-05T06:48:33+00:00\",\"description\":\"La exposici\u00f3n Shirley Jaffe, una americana en Par\u00eds en el Centro Pompidou es la primera retrospectiva de la obra de esta artista emblem\u00e1tica de la\",\"breadcrumb\":{\"@id\":\"https:\/\/www.aparences.net\/es\/actualidad\/shirley-jaffe\/#breadcrumb\"},\"inLanguage\":\"es\",\"potentialAction\":[{\"@type\":\"ReadAction\",\"target\":[\"https:\/\/www.aparences.net\/es\/actualidad\/shirley-jaffe\/\"]}]},{\"@type\":\"ImageObject\",\"inLanguage\":\"es\",\"@id\":\"https:\/\/www.aparences.net\/es\/actualidad\/shirley-jaffe\/#primaryimage\",\"url\":\"https:\/\/www.aparences.net\/wp-content\/uploads\/2022\/06\/centre-pompidou-shirley-jaffe.jpg\",\"contentUrl\":\"https:\/\/www.aparences.net\/wp-content\/uploads\/2022\/06\/centre-pompidou-shirley-jaffe.jpg\",\"width\":1080,\"height\":540},{\"@type\":\"BreadcrumbList\",\"@id\":\"https:\/\/www.aparences.net\/es\/actualidad\/shirley-jaffe\/#breadcrumb\",\"itemListElement\":[{\"@type\":\"ListItem\",\"position\":1,\"name\":\"Portada\",\"item\":\"https:\/\/www.aparences.net\/es\/\"},{\"@type\":\"ListItem\",\"position\":2,\"name\":\"Shirley Jaffe\"}]},{\"@type\":\"WebSite\",\"@id\":\"https:\/\/www.aparences.net\/es\/#website\",\"url\":\"https:\/\/www.aparences.net\/es\/\",\"name\":\"Aparences: Historia del Arte y Actualidad Cultural\",\"description\":\"\",\"publisher\":{\"@id\":\"https:\/\/www.aparences.net\/es\/#organization\"},\"potentialAction\":[{\"@type\":\"SearchAction\",\"target\":{\"@type\":\"EntryPoint\",\"urlTemplate\":\"https:\/\/www.aparences.net\/es\/?s={search_term_string}\"},\"query-input\":{\"@type\":\"PropertyValueSpecification\",\"valueRequired\":true,\"valueName\":\"search_term_string\"}}],\"inLanguage\":\"es\"},{\"@type\":\"Organization\",\"@id\":\"https:\/\/www.aparences.net\/es\/#organization\",\"name\":\"Aparences: Historia del Arte y Actualidad Cultural\",\"url\":\"https:\/\/www.aparences.net\/es\/\",\"logo\":{\"@type\":\"ImageObject\",\"inLanguage\":\"es\",\"@id\":\"https:\/\/www.aparences.net\/es\/#\/schema\/logo\/image\/\",\"url\":\"https:\/\/www.aparences.net\/wp-content\/uploads\/2023\/09\/logo-quadrat-color-e1695915315229.png\",\"contentUrl\":\"https:\/\/www.aparences.net\/wp-content\/uploads\/2023\/09\/logo-quadrat-color-e1695915315229.png\",\"width\":120,\"height\":120,\"caption\":\"Aparences: Historia del Arte y Actualidad Cultural\"},\"image\":{\"@id\":\"https:\/\/www.aparences.net\/es\/#\/schema\/logo\/image\/\"}},{\"@type\":\"Person\",\"@id\":\"https:\/\/www.aparences.net\/es\/#\/schema\/person\/af349f6ffc31b16c68963e61268afca5\",\"name\":\"admin\",\"url\":\"https:\/\/www.aparences.net\/es\/author\/admin\/\"}]}<\/script>\n<!-- \/ Yoast SEO plugin. -->","yoast_head_json":{"title":"Shirley Jaffe","description":"La exposici\u00f3n Shirley Jaffe, una americana en Par\u00eds en el Centro Pompidou es la primera retrospectiva de la obra de esta artista emblem\u00e1tica de la","robots":{"index":"index","follow":"follow","max-snippet":"max-snippet:-1","max-image-preview":"max-image-preview:large","max-video-preview":"max-video-preview:-1"},"canonical":"https:\/\/www.aparences.net\/es\/actualidad\/shirley-jaffe\/","og_locale":"es_ES","og_type":"article","og_title":"Shirley Jaffe","og_description":"La exposici\u00f3n Shirley Jaffe, una americana en Par\u00eds en el Centro Pompidou es la primera retrospectiva de la obra de esta artista emblem\u00e1tica de la","og_url":"https:\/\/www.aparences.net\/es\/actualidad\/shirley-jaffe\/","og_site_name":"Aparences","article_published_time":"2022-07-05T06:48:31+00:00","article_modified_time":"2022-07-05T06:48:33+00:00","og_image":[{"width":1080,"height":540,"url":"https:\/\/www.aparences.net\/wp-content\/uploads\/2022\/06\/centre-pompidou-shirley-jaffe.jpg","type":"image\/jpeg"}],"author":"admin","twitter_card":"summary_large_image","twitter_misc":{"Escrito por":"admin","Tiempo de lectura":"2 minutos"},"schema":{"@context":"https:\/\/schema.org","@graph":[{"@type":"Article","@id":"https:\/\/www.aparences.net\/es\/actualidad\/shirley-jaffe\/#article","isPartOf":{"@id":"https:\/\/www.aparences.net\/es\/actualidad\/shirley-jaffe\/"},"author":{"name":"admin","@id":"https:\/\/www.aparences.net\/es\/#\/schema\/person\/af349f6ffc31b16c68963e61268afca5"},"headline":"Shirley Jaffe","datePublished":"2022-07-05T06:48:31+00:00","dateModified":"2022-07-05T06:48:33+00:00","mainEntityOfPage":{"@id":"https:\/\/www.aparences.net\/es\/actualidad\/shirley-jaffe\/"},"wordCount":326,"publisher":{"@id":"https:\/\/www.aparences.net\/es\/#organization"},"image":{"@id":"https:\/\/www.aparences.net\/es\/actualidad\/shirley-jaffe\/#primaryimage"},"thumbnailUrl":"https:\/\/www.aparences.net\/wp-content\/uploads\/2022\/06\/centre-pompidou-shirley-jaffe.jpg","articleSection":["Actualidad","Exposiciones"],"inLanguage":"es"},{"@type":["WebPage","ItemPage"],"@id":"https:\/\/www.aparences.net\/es\/actualidad\/shirley-jaffe\/","url":"https:\/\/www.aparences.net\/es\/actualidad\/shirley-jaffe\/","name":"Shirley Jaffe","isPartOf":{"@id":"https:\/\/www.aparences.net\/es\/#website"},"primaryImageOfPage":{"@id":"https:\/\/www.aparences.net\/es\/actualidad\/shirley-jaffe\/#primaryimage"},"image":{"@id":"https:\/\/www.aparences.net\/es\/actualidad\/shirley-jaffe\/#primaryimage"},"thumbnailUrl":"https:\/\/www.aparences.net\/wp-content\/uploads\/2022\/06\/centre-pompidou-shirley-jaffe.jpg","datePublished":"2022-07-05T06:48:31+00:00","dateModified":"2022-07-05T06:48:33+00:00","description":"La exposici\u00f3n Shirley Jaffe, una americana en Par\u00eds en el Centro Pompidou es la primera retrospectiva de la obra de esta artista emblem\u00e1tica de la","breadcrumb":{"@id":"https:\/\/www.aparences.net\/es\/actualidad\/shirley-jaffe\/#breadcrumb"},"inLanguage":"es","potentialAction":[{"@type":"ReadAction","target":["https:\/\/www.aparences.net\/es\/actualidad\/shirley-jaffe\/"]}]},{"@type":"ImageObject","inLanguage":"es","@id":"https:\/\/www.aparences.net\/es\/actualidad\/shirley-jaffe\/#primaryimage","url":"https:\/\/www.aparences.net\/wp-content\/uploads\/2022\/06\/centre-pompidou-shirley-jaffe.jpg","contentUrl":"https:\/\/www.aparences.net\/wp-content\/uploads\/2022\/06\/centre-pompidou-shirley-jaffe.jpg","width":1080,"height":540},{"@type":"BreadcrumbList","@id":"https:\/\/www.aparences.net\/es\/actualidad\/shirley-jaffe\/#breadcrumb","itemListElement":[{"@type":"ListItem","position":1,"name":"Portada","item":"https:\/\/www.aparences.net\/es\/"},{"@type":"ListItem","position":2,"name":"Shirley Jaffe"}]},{"@type":"WebSite","@id":"https:\/\/www.aparences.net\/es\/#website","url":"https:\/\/www.aparences.net\/es\/","name":"Aparences: Historia del Arte y Actualidad Cultural","description":"","publisher":{"@id":"https:\/\/www.aparences.net\/es\/#organization"},"potentialAction":[{"@type":"SearchAction","target":{"@type":"EntryPoint","urlTemplate":"https:\/\/www.aparences.net\/es\/?s={search_term_string}"},"query-input":{"@type":"PropertyValueSpecification","valueRequired":true,"valueName":"search_term_string"}}],"inLanguage":"es"},{"@type":"Organization","@id":"https:\/\/www.aparences.net\/es\/#organization","name":"Aparences: Historia del Arte y Actualidad Cultural","url":"https:\/\/www.aparences.net\/es\/","logo":{"@type":"ImageObject","inLanguage":"es","@id":"https:\/\/www.aparences.net\/es\/#\/schema\/logo\/image\/","url":"https:\/\/www.aparences.net\/wp-content\/uploads\/2023\/09\/logo-quadrat-color-e1695915315229.png","contentUrl":"https:\/\/www.aparences.net\/wp-content\/uploads\/2023\/09\/logo-quadrat-color-e1695915315229.png","width":120,"height":120,"caption":"Aparences: Historia del Arte y Actualidad Cultural"},"image":{"@id":"https:\/\/www.aparences.net\/es\/#\/schema\/logo\/image\/"}},{"@type":"Person","@id":"https:\/\/www.aparences.net\/es\/#\/schema\/person\/af349f6ffc31b16c68963e61268afca5","name":"admin","url":"https:\/\/www.aparences.net\/es\/author\/admin\/"}]}},"_links":{"self":[{"href":"https:\/\/www.aparences.net\/es\/wp-json\/wp\/v2\/posts\/25352","targetHints":{"allow":["GET"]}}],"collection":[{"href":"https:\/\/www.aparences.net\/es\/wp-json\/wp\/v2\/posts"}],"about":[{"href":"https:\/\/www.aparences.net\/es\/wp-json\/wp\/v2\/types\/post"}],"author":[{"embeddable":true,"href":"https:\/\/www.aparences.net\/es\/wp-json\/wp\/v2\/users\/2"}],"replies":[{"embeddable":true,"href":"https:\/\/www.aparences.net\/es\/wp-json\/wp\/v2\/comments?post=25352"}],"version-history":[{"count":0,"href":"https:\/\/www.aparences.net\/es\/wp-json\/wp\/v2\/posts\/25352\/revisions"}],"wp:featuredmedia":[{"embeddable":true,"href":"https:\/\/www.aparences.net\/es\/wp-json\/wp\/v2\/media\/25351"}],"wp:attachment":[{"href":"https:\/\/www.aparences.net\/es\/wp-json\/wp\/v2\/media?parent=25352"}],"wp:term":[{"taxonomy":"category","embeddable":true,"href":"https:\/\/www.aparences.net\/es\/wp-json\/wp\/v2\/categories?post=25352"},{"taxonomy":"post_tag","embeddable":true,"href":"https:\/\/www.aparences.net\/es\/wp-json\/wp\/v2\/tags?post=25352"}],"curies":[{"name":"wp","href":"https:\/\/api.w.org\/{rel}","templated":true}]}}