{"id":25571,"date":"2022-10-16T12:11:32","date_gmt":"2022-10-16T10:11:32","guid":{"rendered":"https:\/\/www.aparences.net\/?p=25571"},"modified":"2022-11-25T09:47:59","modified_gmt":"2022-11-25T08:47:59","slug":"los-caminos-de-la-abstraccion-1957-1978","status":"publish","type":"post","link":"https:\/\/www.aparences.net\/es\/actualidad\/los-caminos-de-la-abstraccion-1957-1978\/","title":{"rendered":"Los caminos de la abstracci\u00f3n, 1957-1978"},"content":{"rendered":"\n<p>La <a href=\"https:\/\/www.fundaciocatalunya-lapedrera.com\/es\/exposiciones\/caminos-abstraccion-1957-1978\">Fundaci\u00f3n Catalunya La Pedrera<\/a> de Barcelona presenta la exposici\u00f3n <em>Los caminos de la abstracci\u00f3n, 1957-1978. Di\u00e1logos con el Museo de Arte Abstracto Espa\u00f1ol de Cuenca<\/em>. Una gran muestra de artistas abstractos nacionales e internacionales, con nombres como Rothko, Dubuffet, De Kooning y Pollock.<\/p>\n\n\n\n<div class=\"wp-block-image\"><figure class=\"aligncenter size-full\"><img loading=\"lazy\" decoding=\"async\" width=\"665\" height=\"374\" src=\"https:\/\/www.aparences.net\/wp-content\/uploads\/2022\/10\/jackson-pollock-silver-over-black-white-yellow-and-red-1948.jpg\" alt=\"\" class=\"wp-image-25566\" srcset=\"https:\/\/www.aparences.net\/wp-content\/uploads\/2022\/10\/jackson-pollock-silver-over-black-white-yellow-and-red-1948.jpg 665w, https:\/\/www.aparences.net\/wp-content\/uploads\/2022\/10\/jackson-pollock-silver-over-black-white-yellow-and-red-1948-160x90.jpg 160w, https:\/\/www.aparences.net\/wp-content\/uploads\/2022\/10\/jackson-pollock-silver-over-black-white-yellow-and-red-1948-181x102.jpg 181w, https:\/\/www.aparences.net\/wp-content\/uploads\/2022\/10\/jackson-pollock-silver-over-black-white-yellow-and-red-1948-391x220.jpg 391w\" sizes=\"auto, (max-width: 665px) 100vw, 665px\" \/><figcaption><em><strong>Silver over Black,white, Yellow, and Red<\/strong>, 1948, <strong>Jackson Pollock<\/strong>, Par\u00eds, Centre Pompidou.<\/em><\/figcaption><\/figure><\/div>\n\n\n\n<p>La exposici\u00f3n presenta m\u00e1s de 60 obras que reflejan las diversas formas que adopt\u00f3 la abstracci\u00f3n durante la segunda mitad del siglo XX, como <a href=\"https:\/\/www.aparences.net\/es\/arte-contemporaneo\/movimientos\/informalismo-art-brut-tachismo\/\">el informalismo<\/a> y <a href=\"https:\/\/www.aparences.net\/es\/arte-contemporaneo\/movimientos\/expresionismo-abstracto\/\">el expresionismo abstracto<\/a>, la <strong>abstracci\u00f3n l\u00edrica y gestual<\/strong>, la <strong>abstracci\u00f3n geom\u00e9trica<\/strong>, el <strong>arte cin\u00e9tico<\/strong> o la <strong>pintura de campos de color<\/strong>.<\/p>\n\n\n\n<div class=\"wp-block-image\"><figure class=\"aligncenter size-full\"><img loading=\"lazy\" decoding=\"async\" width=\"400\" height=\"479\" src=\"https:\/\/www.aparences.net\/wp-content\/uploads\/2022\/10\/mark-rothko-untitled-1969.jpg\" alt=\"\" class=\"wp-image-25568\" srcset=\"https:\/\/www.aparences.net\/wp-content\/uploads\/2022\/10\/mark-rothko-untitled-1969.jpg 400w, https:\/\/www.aparences.net\/wp-content\/uploads\/2022\/10\/mark-rothko-untitled-1969-160x192.jpg 160w, https:\/\/www.aparences.net\/wp-content\/uploads\/2022\/10\/mark-rothko-untitled-1969-85x102.jpg 85w, https:\/\/www.aparences.net\/wp-content\/uploads\/2022\/10\/mark-rothko-untitled-1969-184x220.jpg 184w\" sizes=\"auto, (max-width: 400px) 100vw, 400px\" \/><figcaption><em><strong>Untitled<\/strong>, 1969, <strong>Mark Rothko<\/strong>, Universidad de Navarra.<\/em><\/figcaption><\/figure><\/div>\n\n\n\n<p>Artistas espa\u00f1oles como Antoni T\u00e0pies, Antonio Saura, Rafael Canogar, Pablo Palazuelo y Jos\u00e9 Guerrero entran en di\u00e1logo con algunos de los m\u00e1ximos representantes de la abstracci\u00f3n internacional como Mark Rothko, Alberto Burri, Willem de Kooning, Hans Hartung, Jean Dubuffet, <a href=\"https:\/\/www.aparences.net\/es\/arte-contemporaneo\/post-painterly-abstraction-es\/helen-frankenthaler-entre-expresionismo-abstracto-y-color-field\/\">Helen Frankenthaler<\/a> o Jackson Pollock.<\/p>\n","protected":false},"excerpt":{"rendered":"<p>La Fundaci\u00f3n Catalunya La Pedrera de Barcelona presenta la exposici\u00f3n Los caminos de la abstracci\u00f3n, 1957-1978. Di\u00e1logos con el Museo de Arte Abstracto Espa\u00f1ol de [&#8230;]<\/p>\n","protected":false},"author":2,"featured_media":25570,"comment_status":"closed","ping_status":"closed","sticky":false,"template":"","format":"standard","meta":{"footnotes":""},"categories":[2368,2605],"tags":[],"class_list":["post-25571","post","type-post","status-publish","format-standard","has-post-thumbnail","hentry","category-actualidad","category-exposiciones"],"yoast_head":"<!-- This site is optimized with the Yoast SEO plugin v27.2 - https:\/\/yoast.com\/product\/yoast-seo-wordpress\/ -->\n<title>Los caminos de la abstracci\u00f3n, 1957-1978<\/title>\n<meta name=\"description\" content=\"La Fundaci\u00f3n Catalunya La Pedrera de Barcelona presenta la exposici\u00f3n Los caminos de la abstracci\u00f3n, 1957-1978. Di\u00e1logos con el Museo de Arte Abstracto\" \/>\n<meta name=\"robots\" content=\"index, follow, max-snippet:-1, max-image-preview:large, max-video-preview:-1\" \/>\n<link rel=\"canonical\" href=\"https:\/\/www.aparences.net\/es\/actualidad\/los-caminos-de-la-abstraccion-1957-1978\/\" \/>\n<meta property=\"og:locale\" content=\"es_ES\" \/>\n<meta property=\"og:type\" content=\"article\" \/>\n<meta property=\"og:title\" content=\"Los caminos de la abstracci\u00f3n, 1957-1978\" \/>\n<meta property=\"og:description\" content=\"La Fundaci\u00f3n Catalunya La Pedrera de Barcelona presenta la exposici\u00f3n Los caminos de la abstracci\u00f3n, 1957-1978. Di\u00e1logos con el Museo de Arte Abstracto\" \/>\n<meta property=\"og:url\" content=\"https:\/\/www.aparences.net\/es\/actualidad\/los-caminos-de-la-abstraccion-1957-1978\/\" \/>\n<meta property=\"og:site_name\" content=\"Aparences\" \/>\n<meta property=\"article:published_time\" content=\"2022-10-16T10:11:32+00:00\" \/>\n<meta property=\"article:modified_time\" content=\"2022-11-25T08:47:59+00:00\" \/>\n<meta property=\"og:image\" content=\"https:\/\/www.aparences.net\/wp-content\/uploads\/2022\/10\/fundacio-la-pedrera-caminos-a-la-abstraccion.jpg\" \/>\n\t<meta property=\"og:image:width\" content=\"1080\" \/>\n\t<meta property=\"og:image:height\" content=\"540\" \/>\n\t<meta property=\"og:image:type\" content=\"image\/jpeg\" \/>\n<meta name=\"author\" content=\"admin\" \/>\n<meta name=\"twitter:card\" content=\"summary_large_image\" \/>\n<meta name=\"twitter:label1\" content=\"Escrito por\" \/>\n\t<meta name=\"twitter:data1\" content=\"admin\" \/>\n\t<meta name=\"twitter:label2\" content=\"Tiempo de lectura\" \/>\n\t<meta name=\"twitter:data2\" content=\"1 minuto\" \/>\n<script type=\"application\/ld+json\" class=\"yoast-schema-graph\">{\"@context\":\"https:\/\/schema.org\",\"@graph\":[{\"@type\":\"Article\",\"@id\":\"https:\/\/www.aparences.net\/es\/actualidad\/los-caminos-de-la-abstraccion-1957-1978\/#article\",\"isPartOf\":{\"@id\":\"https:\/\/www.aparences.net\/es\/actualidad\/los-caminos-de-la-abstraccion-1957-1978\/\"},\"author\":{\"name\":\"admin\",\"@id\":\"https:\/\/www.aparences.net\/es\/#\/schema\/person\/af349f6ffc31b16c68963e61268afca5\"},\"headline\":\"Los caminos de la abstracci\u00f3n, 1957-1978\",\"datePublished\":\"2022-10-16T10:11:32+00:00\",\"dateModified\":\"2022-11-25T08:47:59+00:00\",\"mainEntityOfPage\":{\"@id\":\"https:\/\/www.aparences.net\/es\/actualidad\/los-caminos-de-la-abstraccion-1957-1978\/\"},\"wordCount\":179,\"publisher\":{\"@id\":\"https:\/\/www.aparences.net\/es\/#organization\"},\"image\":{\"@id\":\"https:\/\/www.aparences.net\/es\/actualidad\/los-caminos-de-la-abstraccion-1957-1978\/#primaryimage\"},\"thumbnailUrl\":\"https:\/\/www.aparences.net\/wp-content\/uploads\/2022\/10\/fundacio-la-pedrera-caminos-a-la-abstraccion.jpg\",\"articleSection\":[\"Actualidad\",\"Exposiciones\"],\"inLanguage\":\"es\"},{\"@type\":[\"WebPage\",\"ItemPage\"],\"@id\":\"https:\/\/www.aparences.net\/es\/actualidad\/los-caminos-de-la-abstraccion-1957-1978\/\",\"url\":\"https:\/\/www.aparences.net\/es\/actualidad\/los-caminos-de-la-abstraccion-1957-1978\/\",\"name\":\"Los caminos de la abstracci\u00f3n, 1957-1978\",\"isPartOf\":{\"@id\":\"https:\/\/www.aparences.net\/es\/#website\"},\"primaryImageOfPage\":{\"@id\":\"https:\/\/www.aparences.net\/es\/actualidad\/los-caminos-de-la-abstraccion-1957-1978\/#primaryimage\"},\"image\":{\"@id\":\"https:\/\/www.aparences.net\/es\/actualidad\/los-caminos-de-la-abstraccion-1957-1978\/#primaryimage\"},\"thumbnailUrl\":\"https:\/\/www.aparences.net\/wp-content\/uploads\/2022\/10\/fundacio-la-pedrera-caminos-a-la-abstraccion.jpg\",\"datePublished\":\"2022-10-16T10:11:32+00:00\",\"dateModified\":\"2022-11-25T08:47:59+00:00\",\"description\":\"La Fundaci\u00f3n Catalunya La Pedrera de Barcelona presenta la exposici\u00f3n Los caminos de la abstracci\u00f3n, 1957-1978. Di\u00e1logos con el Museo de Arte Abstracto\",\"breadcrumb\":{\"@id\":\"https:\/\/www.aparences.net\/es\/actualidad\/los-caminos-de-la-abstraccion-1957-1978\/#breadcrumb\"},\"inLanguage\":\"es\",\"potentialAction\":[{\"@type\":\"ReadAction\",\"target\":[\"https:\/\/www.aparences.net\/es\/actualidad\/los-caminos-de-la-abstraccion-1957-1978\/\"]}]},{\"@type\":\"ImageObject\",\"inLanguage\":\"es\",\"@id\":\"https:\/\/www.aparences.net\/es\/actualidad\/los-caminos-de-la-abstraccion-1957-1978\/#primaryimage\",\"url\":\"https:\/\/www.aparences.net\/wp-content\/uploads\/2022\/10\/fundacio-la-pedrera-caminos-a-la-abstraccion.jpg\",\"contentUrl\":\"https:\/\/www.aparences.net\/wp-content\/uploads\/2022\/10\/fundacio-la-pedrera-caminos-a-la-abstraccion.jpg\",\"width\":1080,\"height\":540},{\"@type\":\"BreadcrumbList\",\"@id\":\"https:\/\/www.aparences.net\/es\/actualidad\/los-caminos-de-la-abstraccion-1957-1978\/#breadcrumb\",\"itemListElement\":[{\"@type\":\"ListItem\",\"position\":1,\"name\":\"Portada\",\"item\":\"https:\/\/www.aparences.net\/es\/\"},{\"@type\":\"ListItem\",\"position\":2,\"name\":\"Los caminos de la abstracci\u00f3n, 1957-1978\"}]},{\"@type\":\"WebSite\",\"@id\":\"https:\/\/www.aparences.net\/es\/#website\",\"url\":\"https:\/\/www.aparences.net\/es\/\",\"name\":\"Aparences: Historia del Arte y Actualidad Cultural\",\"description\":\"\",\"publisher\":{\"@id\":\"https:\/\/www.aparences.net\/es\/#organization\"},\"potentialAction\":[{\"@type\":\"SearchAction\",\"target\":{\"@type\":\"EntryPoint\",\"urlTemplate\":\"https:\/\/www.aparences.net\/es\/?s={search_term_string}\"},\"query-input\":{\"@type\":\"PropertyValueSpecification\",\"valueRequired\":true,\"valueName\":\"search_term_string\"}}],\"inLanguage\":\"es\"},{\"@type\":\"Organization\",\"@id\":\"https:\/\/www.aparences.net\/es\/#organization\",\"name\":\"Aparences: Historia del Arte y Actualidad Cultural\",\"url\":\"https:\/\/www.aparences.net\/es\/\",\"logo\":{\"@type\":\"ImageObject\",\"inLanguage\":\"es\",\"@id\":\"https:\/\/www.aparences.net\/es\/#\/schema\/logo\/image\/\",\"url\":\"https:\/\/www.aparences.net\/wp-content\/uploads\/2023\/09\/logo-quadrat-color-e1695915315229.png\",\"contentUrl\":\"https:\/\/www.aparences.net\/wp-content\/uploads\/2023\/09\/logo-quadrat-color-e1695915315229.png\",\"width\":120,\"height\":120,\"caption\":\"Aparences: Historia del Arte y Actualidad Cultural\"},\"image\":{\"@id\":\"https:\/\/www.aparences.net\/es\/#\/schema\/logo\/image\/\"}},{\"@type\":\"Person\",\"@id\":\"https:\/\/www.aparences.net\/es\/#\/schema\/person\/af349f6ffc31b16c68963e61268afca5\",\"name\":\"admin\",\"url\":\"https:\/\/www.aparences.net\/es\/author\/admin\/\"}]}<\/script>\n<!-- \/ Yoast SEO plugin. -->","yoast_head_json":{"title":"Los caminos de la abstracci\u00f3n, 1957-1978","description":"La Fundaci\u00f3n Catalunya La Pedrera de Barcelona presenta la exposici\u00f3n Los caminos de la abstracci\u00f3n, 1957-1978. Di\u00e1logos con el Museo de Arte Abstracto","robots":{"index":"index","follow":"follow","max-snippet":"max-snippet:-1","max-image-preview":"max-image-preview:large","max-video-preview":"max-video-preview:-1"},"canonical":"https:\/\/www.aparences.net\/es\/actualidad\/los-caminos-de-la-abstraccion-1957-1978\/","og_locale":"es_ES","og_type":"article","og_title":"Los caminos de la abstracci\u00f3n, 1957-1978","og_description":"La Fundaci\u00f3n Catalunya La Pedrera de Barcelona presenta la exposici\u00f3n Los caminos de la abstracci\u00f3n, 1957-1978. Di\u00e1logos con el Museo de Arte Abstracto","og_url":"https:\/\/www.aparences.net\/es\/actualidad\/los-caminos-de-la-abstraccion-1957-1978\/","og_site_name":"Aparences","article_published_time":"2022-10-16T10:11:32+00:00","article_modified_time":"2022-11-25T08:47:59+00:00","og_image":[{"width":1080,"height":540,"url":"https:\/\/www.aparences.net\/wp-content\/uploads\/2022\/10\/fundacio-la-pedrera-caminos-a-la-abstraccion.jpg","type":"image\/jpeg"}],"author":"admin","twitter_card":"summary_large_image","twitter_misc":{"Escrito por":"admin","Tiempo de lectura":"1 minuto"},"schema":{"@context":"https:\/\/schema.org","@graph":[{"@type":"Article","@id":"https:\/\/www.aparences.net\/es\/actualidad\/los-caminos-de-la-abstraccion-1957-1978\/#article","isPartOf":{"@id":"https:\/\/www.aparences.net\/es\/actualidad\/los-caminos-de-la-abstraccion-1957-1978\/"},"author":{"name":"admin","@id":"https:\/\/www.aparences.net\/es\/#\/schema\/person\/af349f6ffc31b16c68963e61268afca5"},"headline":"Los caminos de la abstracci\u00f3n, 1957-1978","datePublished":"2022-10-16T10:11:32+00:00","dateModified":"2022-11-25T08:47:59+00:00","mainEntityOfPage":{"@id":"https:\/\/www.aparences.net\/es\/actualidad\/los-caminos-de-la-abstraccion-1957-1978\/"},"wordCount":179,"publisher":{"@id":"https:\/\/www.aparences.net\/es\/#organization"},"image":{"@id":"https:\/\/www.aparences.net\/es\/actualidad\/los-caminos-de-la-abstraccion-1957-1978\/#primaryimage"},"thumbnailUrl":"https:\/\/www.aparences.net\/wp-content\/uploads\/2022\/10\/fundacio-la-pedrera-caminos-a-la-abstraccion.jpg","articleSection":["Actualidad","Exposiciones"],"inLanguage":"es"},{"@type":["WebPage","ItemPage"],"@id":"https:\/\/www.aparences.net\/es\/actualidad\/los-caminos-de-la-abstraccion-1957-1978\/","url":"https:\/\/www.aparences.net\/es\/actualidad\/los-caminos-de-la-abstraccion-1957-1978\/","name":"Los caminos de la abstracci\u00f3n, 1957-1978","isPartOf":{"@id":"https:\/\/www.aparences.net\/es\/#website"},"primaryImageOfPage":{"@id":"https:\/\/www.aparences.net\/es\/actualidad\/los-caminos-de-la-abstraccion-1957-1978\/#primaryimage"},"image":{"@id":"https:\/\/www.aparences.net\/es\/actualidad\/los-caminos-de-la-abstraccion-1957-1978\/#primaryimage"},"thumbnailUrl":"https:\/\/www.aparences.net\/wp-content\/uploads\/2022\/10\/fundacio-la-pedrera-caminos-a-la-abstraccion.jpg","datePublished":"2022-10-16T10:11:32+00:00","dateModified":"2022-11-25T08:47:59+00:00","description":"La Fundaci\u00f3n Catalunya La Pedrera de Barcelona presenta la exposici\u00f3n Los caminos de la abstracci\u00f3n, 1957-1978. Di\u00e1logos con el Museo de Arte Abstracto","breadcrumb":{"@id":"https:\/\/www.aparences.net\/es\/actualidad\/los-caminos-de-la-abstraccion-1957-1978\/#breadcrumb"},"inLanguage":"es","potentialAction":[{"@type":"ReadAction","target":["https:\/\/www.aparences.net\/es\/actualidad\/los-caminos-de-la-abstraccion-1957-1978\/"]}]},{"@type":"ImageObject","inLanguage":"es","@id":"https:\/\/www.aparences.net\/es\/actualidad\/los-caminos-de-la-abstraccion-1957-1978\/#primaryimage","url":"https:\/\/www.aparences.net\/wp-content\/uploads\/2022\/10\/fundacio-la-pedrera-caminos-a-la-abstraccion.jpg","contentUrl":"https:\/\/www.aparences.net\/wp-content\/uploads\/2022\/10\/fundacio-la-pedrera-caminos-a-la-abstraccion.jpg","width":1080,"height":540},{"@type":"BreadcrumbList","@id":"https:\/\/www.aparences.net\/es\/actualidad\/los-caminos-de-la-abstraccion-1957-1978\/#breadcrumb","itemListElement":[{"@type":"ListItem","position":1,"name":"Portada","item":"https:\/\/www.aparences.net\/es\/"},{"@type":"ListItem","position":2,"name":"Los caminos de la abstracci\u00f3n, 1957-1978"}]},{"@type":"WebSite","@id":"https:\/\/www.aparences.net\/es\/#website","url":"https:\/\/www.aparences.net\/es\/","name":"Aparences: Historia del Arte y Actualidad Cultural","description":"","publisher":{"@id":"https:\/\/www.aparences.net\/es\/#organization"},"potentialAction":[{"@type":"SearchAction","target":{"@type":"EntryPoint","urlTemplate":"https:\/\/www.aparences.net\/es\/?s={search_term_string}"},"query-input":{"@type":"PropertyValueSpecification","valueRequired":true,"valueName":"search_term_string"}}],"inLanguage":"es"},{"@type":"Organization","@id":"https:\/\/www.aparences.net\/es\/#organization","name":"Aparences: Historia del Arte y Actualidad Cultural","url":"https:\/\/www.aparences.net\/es\/","logo":{"@type":"ImageObject","inLanguage":"es","@id":"https:\/\/www.aparences.net\/es\/#\/schema\/logo\/image\/","url":"https:\/\/www.aparences.net\/wp-content\/uploads\/2023\/09\/logo-quadrat-color-e1695915315229.png","contentUrl":"https:\/\/www.aparences.net\/wp-content\/uploads\/2023\/09\/logo-quadrat-color-e1695915315229.png","width":120,"height":120,"caption":"Aparences: Historia del Arte y Actualidad Cultural"},"image":{"@id":"https:\/\/www.aparences.net\/es\/#\/schema\/logo\/image\/"}},{"@type":"Person","@id":"https:\/\/www.aparences.net\/es\/#\/schema\/person\/af349f6ffc31b16c68963e61268afca5","name":"admin","url":"https:\/\/www.aparences.net\/es\/author\/admin\/"}]}},"_links":{"self":[{"href":"https:\/\/www.aparences.net\/es\/wp-json\/wp\/v2\/posts\/25571","targetHints":{"allow":["GET"]}}],"collection":[{"href":"https:\/\/www.aparences.net\/es\/wp-json\/wp\/v2\/posts"}],"about":[{"href":"https:\/\/www.aparences.net\/es\/wp-json\/wp\/v2\/types\/post"}],"author":[{"embeddable":true,"href":"https:\/\/www.aparences.net\/es\/wp-json\/wp\/v2\/users\/2"}],"replies":[{"embeddable":true,"href":"https:\/\/www.aparences.net\/es\/wp-json\/wp\/v2\/comments?post=25571"}],"version-history":[{"count":0,"href":"https:\/\/www.aparences.net\/es\/wp-json\/wp\/v2\/posts\/25571\/revisions"}],"wp:featuredmedia":[{"embeddable":true,"href":"https:\/\/www.aparences.net\/es\/wp-json\/wp\/v2\/media\/25570"}],"wp:attachment":[{"href":"https:\/\/www.aparences.net\/es\/wp-json\/wp\/v2\/media?parent=25571"}],"wp:term":[{"taxonomy":"category","embeddable":true,"href":"https:\/\/www.aparences.net\/es\/wp-json\/wp\/v2\/categories?post=25571"},{"taxonomy":"post_tag","embeddable":true,"href":"https:\/\/www.aparences.net\/es\/wp-json\/wp\/v2\/tags?post=25571"}],"curies":[{"name":"wp","href":"https:\/\/api.w.org\/{rel}","templated":true}]}}