{"id":25656,"date":"2022-11-07T09:52:49","date_gmt":"2022-11-07T08:52:49","guid":{"rendered":"https:\/\/www.aparences.net\/?p=25656"},"modified":"2025-12-11T19:40:55","modified_gmt":"2025-12-11T18:40:55","slug":"neo-rauch-2","status":"publish","type":"post","link":"https:\/\/www.aparences.net\/es\/escuelas\/nueva-escuela-de-leipzig\/neo-rauch-2\/","title":{"rendered":"Neo Rauch"},"content":{"rendered":"<p><!--contents--><\/p>\n\n\n<h2 class=\"wp-block-heading\">La poes\u00eda de Neo Rauch<\/h2>\n\n\n\n<p>Tanto los cuadros como la personalidad de <strong>Neo Rauch<\/strong> son intensamente po\u00e9ticos: sirven de conmovedores recordatorios del poder permanente de las reflexiones internas. Privilegia de forma inusual los rasgos humanos de timidez, vacilaci\u00f3n y reflexi\u00f3n, y como tal, se requiere cierta sensibilidad a estas caracter\u00edsticas para profundizar y empezar a entender el impulso altamente introspectivo de la pr\u00e1ctica de este artista.<\/p>\n\n\n<div class=\"wp-block-image\">\n<figure class=\"aligncenter size-full\"><img loading=\"lazy\" decoding=\"async\" width=\"620\" height=\"460\" src=\"https:\/\/www.aparences.net\/wp-content\/uploads\/2022\/10\/neo-rauch-der-nachste-zug-2007.jpg\" alt=\"Der N\u00e4chste Zug, (El pr\u00f3ximo tren) 2007, Neo Rauch\" class=\"wp-image-25621\" title=\"Der N\u00e4chste Zug, (El pr\u00f3ximo tren) 2007, Neo Rauch\" srcset=\"https:\/\/www.aparences.net\/wp-content\/uploads\/2022\/10\/neo-rauch-der-nachste-zug-2007.jpg 620w, https:\/\/www.aparences.net\/wp-content\/uploads\/2022\/10\/neo-rauch-der-nachste-zug-2007-160x119.jpg 160w, https:\/\/www.aparences.net\/wp-content\/uploads\/2022\/10\/neo-rauch-der-nachste-zug-2007-137x102.jpg 137w, https:\/\/www.aparences.net\/wp-content\/uploads\/2022\/10\/neo-rauch-der-nachste-zug-2007-297x220.jpg 297w\" sizes=\"auto, (max-width: 620px) 100vw, 620px\" \/><figcaption class=\"wp-element-caption\"><em><strong>Der N\u00e4chste Zug<\/strong>, (El pr\u00f3ximo tren) 2007, <strong>Neo Rauch<\/strong>, Colecci\u00f3n privada.<\/em><\/figcaption><\/figure>\n<\/div>\n\n\n<p>Nacido en 1960, <strong>Neo Rauch est\u00e1 afiliado a la<\/strong> <a href=\"https:\/\/www.aparences.net\/es\/escuelas\/nueva-escuela-de-leipzig\/nueva-escuela-de-leipzig\/\">Nueva Escuela de Leipzig<\/a>, y forma parte del renacimiento de la pintura alemana del siglo XXI. Muchas figuras asociadas a este movimiento hacen un arte figurativo, como si fueran narradores que conjuran mundos m\u00e1gicos de ensue\u00f1o. El propio Rauch dice que sus obras tienen vida propia; los personajes \u00abcrecen\u00bb, y los lienzos rebosan de din\u00e1micas psicol\u00f3gicas nacidas de narraciones que se desentra\u00f1an. El mundo de Rauch, que a menudo rehuye la interpretaci\u00f3n y desaf\u00eda el an\u00e1lisis, puede ser oscuro, a veces brutal, y siempre cambiante. Sus cuadros exigen que nuestra vida interna tome el protagonismo; una llamada con la que la mayor\u00eda luchamos y que podr\u00eda sorprendernos.<\/p>\n\n\n<div class=\"wp-block-image\">\n<figure class=\"aligncenter size-full\"><img loading=\"lazy\" decoding=\"async\" width=\"547\" height=\"460\" src=\"https:\/\/www.aparences.net\/wp-content\/uploads\/2022\/10\/neo-rauch-die-pumpe-2021.jpg\" alt=\"Die Pumpe (La pompa), 2021, Neo Rauch\" class=\"wp-image-25623\" title=\"Die Pumpe (La pompa), 2021, Neo Rauch\" srcset=\"https:\/\/www.aparences.net\/wp-content\/uploads\/2022\/10\/neo-rauch-die-pumpe-2021.jpg 547w, https:\/\/www.aparences.net\/wp-content\/uploads\/2022\/10\/neo-rauch-die-pumpe-2021-160x135.jpg 160w, https:\/\/www.aparences.net\/wp-content\/uploads\/2022\/10\/neo-rauch-die-pumpe-2021-121x102.jpg 121w, https:\/\/www.aparences.net\/wp-content\/uploads\/2022\/10\/neo-rauch-die-pumpe-2021-262x220.jpg 262w\" sizes=\"auto, (max-width: 547px) 100vw, 547px\" \/><figcaption class=\"wp-element-caption\"><em><strong>Die Pumpe<\/strong> (La pompa), 2021, <strong>Neo Rauch<\/strong>, Colecci\u00f3n privada.<\/em><\/figcaption><\/figure>\n<\/div>\n\n\n<p>Rauch practica una mezcla de sue\u00f1o y pesadilla, as\u00ed como una combinaci\u00f3n de intensidad acad\u00e9mica en situaciones cotidianas que dan a su obra un sabor t\u00edpicamente \u00abalem\u00e1n\u00bb. Se podr\u00eda comparar a la estructura cl\u00e1sica de un cuento de los <strong>Hermanos Grimm<\/strong>, que se filtra en el arte visual, incluida la obra de los influyentes antepasados de Rauch, <a href=\"https:\/\/www.aparences.net\/es\/periodos\/el-renacimiento-nordico\/alberto-durero\/\">Alberto Durero<\/a> y <a href=\"https:\/\/www.aparences.net\/es\/periodos\/arte-moderno-anexos\/max-beckmann-entre-expresionismo-y-nueva-objetividad\/\">Max Beckmann<\/a>. A pesar de las debacles hist\u00f3ricas de Alemania, Rauch deja claro que el t\u00edpico arte \u00abalem\u00e1n\u00bb no es en absoluto pol\u00edtico.<\/p>\n\n\n<div class=\"wp-block-image\">\n<figure class=\"aligncenter size-full\"><img loading=\"lazy\" decoding=\"async\" width=\"557\" height=\"460\" src=\"https:\/\/www.aparences.net\/wp-content\/uploads\/2022\/10\/neo-rauch-heilstatten-sanatoriums-2011.jpg\" alt=\"Fundgrube (Tesoro), 2011, Neo Rauch\" class=\"wp-image-25641\" title=\"Fundgrube (Tesoro), 2011, Neo Rauch\" srcset=\"https:\/\/www.aparences.net\/wp-content\/uploads\/2022\/10\/neo-rauch-heilstatten-sanatoriums-2011.jpg 557w, https:\/\/www.aparences.net\/wp-content\/uploads\/2022\/10\/neo-rauch-heilstatten-sanatoriums-2011-160x132.jpg 160w, https:\/\/www.aparences.net\/wp-content\/uploads\/2022\/10\/neo-rauch-heilstatten-sanatoriums-2011-124x102.jpg 124w, https:\/\/www.aparences.net\/wp-content\/uploads\/2022\/10\/neo-rauch-heilstatten-sanatoriums-2011-266x220.jpg 266w\" sizes=\"auto, (max-width: 557px) 100vw, 557px\" \/><figcaption class=\"wp-element-caption\"><em><strong>Fundgrube<\/strong> (Tesoro), 2011, <strong>Neo Rauch<\/strong>, The Broad, Los \u00c1ngeles.<\/em><\/figcaption><\/figure>\n<\/div>\n\n\n<p><strong>Rauch<\/strong> vivi\u00f3 sus a\u00f1os de formaci\u00f3n en lo que entonces se consideraba la <strong>Alemania del Este<\/strong>, por lo que en su obra se pone de manifiesto un cierto contraste entre lo contemplativo y el capitalismo cultural. De hecho, fue debido a la forzada modernizaci\u00f3n que impuso Occidente, por lo que muchas cosas buenas fueron declaradas muertas, incluida la pintura. Es interesante e ir\u00f3nico, por tanto, que la obra de Rauch sea comprada, buscada y particularmente venerada por ricos coleccionistas. Ya sea consciente o inconscientemente, los cuadros de Rauch proporcionan un \u00abrefugio seguro\u00bb para que los espectadores se reconcilien con los horrores de este mundo, tanto si est\u00e1n impl\u00edcitos en la creaci\u00f3n de los mismos, como si protestan contra ellos y por las ideas que contienen.<\/p>\n\n\n<div class=\"wp-block-image\">\n<figure class=\"aligncenter size-full\"><img loading=\"lazy\" decoding=\"async\" width=\"426\" height=\"510\" src=\"https:\/\/www.aparences.net\/wp-content\/uploads\/2022\/10\/neo-rauch-mars-2002.jpg\" alt=\"Mars, 2002, Neo Rauch\" class=\"wp-image-25627\" title=\"Mars, 2002, Neo Rauch\" srcset=\"https:\/\/www.aparences.net\/wp-content\/uploads\/2022\/10\/neo-rauch-mars-2002.jpg 426w, https:\/\/www.aparences.net\/wp-content\/uploads\/2022\/10\/neo-rauch-mars-2002-160x192.jpg 160w, https:\/\/www.aparences.net\/wp-content\/uploads\/2022\/10\/neo-rauch-mars-2002-85x102.jpg 85w, https:\/\/www.aparences.net\/wp-content\/uploads\/2022\/10\/neo-rauch-mars-2002-184x220.jpg 184w\" sizes=\"auto, (max-width: 426px) 100vw, 426px\" \/><figcaption class=\"wp-element-caption\"><em><strong>Mars<\/strong>, 2002, <strong>Neo Rauch<\/strong>, Colecci\u00f3n privada.<\/em><\/figcaption><\/figure>\n<\/div>\n\n\n<h2 class=\"wp-block-heading\">Las influencias de Neo Rauch<\/h2>\n\n\n\n<p>Las influencias art\u00edsticas de <strong>Neo Rauch<\/strong> son numerosas e importantes. En una entrevista declara que con ocasi\u00f3n de uno de sus primeros viajes a Italia en 1989, ya con veintinueve a\u00f1os, \u00abcon los frescos de <a href=\"https:\/\/www.aparences.net\/es\/arte-y-mecenazgo\/los-fresquistas-florentinos\/giotto-y-sus-continuadores\/#los-frescos-de-giotto-en-as%C3%ADs\">Giotto en As\u00eds<\/a>, sent\u00ed como una especia de llamada al orden, alguien que deb\u00eda guiarme lejos de la confusi\u00f3n de los \u00abgarabatos\u00bb semiabstractos. Antes de \u00e9l hab\u00eda sido <a href=\"https:\/\/www.aparences.net\/es\/arte-contemporaneo\/movimientos\/la-escuela-de-londres\/#francis-bacon\">Francis Bacon<\/a>, un gu\u00eda esencial hacia la soberan\u00eda pict\u00f3rica y el esp\u00edritu emprendedor en t\u00e9rminos de creatividad m\u00e1s all\u00e1 de toda contenci\u00f3n acad\u00e9mica. Por \u00faltimo, habr\u00eda que mencionar tambi\u00e9n a <a href=\"https:\/\/www.aparences.net\/es\/arte-y-mecenazgo\/los-fresquistas-florentinos\/piero-della-francesca-historia-de-una-sintesis\/\">Piero della Francesca<\/a>, <a href=\"https:\/\/www.aparences.net\/es\/escuelas\/la-pintura-veneciana\/tintoretto\/\">Tintoretto<\/a>, <strong>Vel\u00e1zquez<\/strong> y <strong>Balthus<\/strong>.\u00bb<\/p>\n\n\n<div class=\"wp-block-image\">\n<figure class=\"aligncenter size-full\"><img loading=\"lazy\" decoding=\"async\" width=\"308\" height=\"460\" src=\"https:\/\/www.aparences.net\/wp-content\/uploads\/2022\/10\/neo-rauch-gewitterfront-front-orageux-2016.jpg\" alt=\"Gewitterfront, (Frente de tormenta) 2016, Neo Rauch\" class=\"wp-image-25629\" title=\"Gewitterfront, (Frente de tormenta) 2016, Neo Rauch\" srcset=\"https:\/\/www.aparences.net\/wp-content\/uploads\/2022\/10\/neo-rauch-gewitterfront-front-orageux-2016.jpg 308w, https:\/\/www.aparences.net\/wp-content\/uploads\/2022\/10\/neo-rauch-gewitterfront-front-orageux-2016-160x239.jpg 160w, https:\/\/www.aparences.net\/wp-content\/uploads\/2022\/10\/neo-rauch-gewitterfront-front-orageux-2016-68x102.jpg 68w, https:\/\/www.aparences.net\/wp-content\/uploads\/2022\/10\/neo-rauch-gewitterfront-front-orageux-2016-147x220.jpg 147w\" sizes=\"auto, (max-width: 308px) 100vw, 308px\" \/><figcaption class=\"wp-element-caption\"><em><strong>Gewitterfront<\/strong>, (Frente de tormenta) 2016, <strong>Neo Rauch<\/strong>, Colecci\u00f3n privada.<\/em><\/figcaption><\/figure>\n<\/div>\n\n\n<p>Pero <strong>la influencia del surrealismo<\/strong> es m\u00e1s que evidente en toda la <strong>obra de Neo Rauch<\/strong> y especialmente la de <a href=\"https:\/\/www.aparences.net\/es\/periodos\/arte-moderno-anexos\/de-chirico-metafisico\/\">Giorgio de Chirico<\/a> y <strong>Max Ernst<\/strong>. Comparte con De Chirico la representaci\u00f3n de m\u00faltiples perspectivas dentro de una misma escena, as\u00ed como el uso de cambios de escala para resaltar el significado. Al igual que los surrealistas, Rauch privilegia el papel del inconsciente, y apela a la importancia de los estados de trance y al eufemismo. Al igual que Ernst, adopta una paleta v\u00edvida y emplea lo que parecen ser t\u00e9cnicas de decalcoman\u00eda (t\u00e9cnica de pintura surrealista). Tanto Rauch como Ernst vuelven a la pose t\u00edpica de la figura de la Piet\u00e1 para explorar sus relaciones con sus padres. El cuadro <em>Vater <\/em>de 2007 guarda un asombroso parecido con <a href=\"https:\/\/tatemodernuk.tumblr.com\/post\/118364708556\/max-ernst-piedad-o-revoluci%C3%B3n-por-la-noche\">el cuadro de Max Ernst, <em>La revoluci\u00f3n de la noche<\/em><\/a> (1923). Ernst realiz\u00f3 este cuadro poco despu\u00e9s de la Primera Guerra Mundial, y dijo a los espectadores que se hab\u00eda inspirado en los problemas de salud mental a los que se enfrentaban los soldados tras los terrores de la guerra. &#8211; De hecho, muchos artistas sufrieron estos efectos como <a href=\"https:\/\/www.aparences.net\/es\/periodos\/arte-moderno-anexos\/ernst-ludwig-kirchner-pintor-de-die-brucke\/\">Ernst Ludwig Kirchner<\/a> quien sufri\u00f3 las consecuencias de la primera Guerra y otros <a href=\"https:\/\/www.aparences.net\/es\/periodos\/arte-moderno\/expresionismo\/\">artistas del expresionismo alem\u00e1n<\/a>. El cuadro apunta tambi\u00e9n al inicio del psicoan\u00e1lisis como una nueva forma de gestionar el trauma, pero tambi\u00e9n ayuda a Ernst a explorar su propia relaci\u00f3n problem\u00e1tica con su padre.<\/p>\n\n\n<div class=\"wp-block-image\">\n<figure class=\"aligncenter size-full\"><img loading=\"lazy\" decoding=\"async\" width=\"346\" height=\"460\" src=\"https:\/\/www.aparences.net\/wp-content\/uploads\/2022\/10\/neo-rauch-vater-2007.jpg\" alt=\"Vater, 2007, Neo Rauch\" class=\"wp-image-25631\" title=\"Vater, 2007, Neo Rauch\" srcset=\"https:\/\/www.aparences.net\/wp-content\/uploads\/2022\/10\/neo-rauch-vater-2007.jpg 346w, https:\/\/www.aparences.net\/wp-content\/uploads\/2022\/10\/neo-rauch-vater-2007-160x213.jpg 160w, https:\/\/www.aparences.net\/wp-content\/uploads\/2022\/10\/neo-rauch-vater-2007-77x102.jpg 77w, https:\/\/www.aparences.net\/wp-content\/uploads\/2022\/10\/neo-rauch-vater-2007-165x220.jpg 165w\" sizes=\"auto, (max-width: 346px) 100vw, 346px\" \/><figcaption class=\"wp-element-caption\"><em><strong>Vater<\/strong>, 2007, <strong>Neo Rauch<\/strong>, Colecci\u00f3n privada.<\/em><\/figcaption><\/figure>\n<\/div>\n\n<div class=\"wp-block-image\">\n<figure class=\"aligncenter size-full\"><img loading=\"lazy\" decoding=\"async\" width=\"559\" height=\"460\" src=\"https:\/\/www.aparences.net\/wp-content\/uploads\/2022\/10\/neo-rauch-alte-verbindungen-2008.jpg\" alt=\"Alte Verbindungen (Conexiones antiguas), 2008, Neo Rauch\" class=\"wp-image-25633\" title=\"Alte Verbindungen (Conexiones antiguas), 2008, Neo Rauch\" srcset=\"https:\/\/www.aparences.net\/wp-content\/uploads\/2022\/10\/neo-rauch-alte-verbindungen-2008.jpg 559w, https:\/\/www.aparences.net\/wp-content\/uploads\/2022\/10\/neo-rauch-alte-verbindungen-2008-160x132.jpg 160w, https:\/\/www.aparences.net\/wp-content\/uploads\/2022\/10\/neo-rauch-alte-verbindungen-2008-124x102.jpg 124w, https:\/\/www.aparences.net\/wp-content\/uploads\/2022\/10\/neo-rauch-alte-verbindungen-2008-267x220.jpg 267w\" sizes=\"auto, (max-width: 559px) 100vw, 559px\" \/><figcaption class=\"wp-element-caption\"><em><strong>Alte Verbindungen<\/strong> (Conexiones antiguas), 2008, <strong>Neo Rauch<\/strong>, Colecci\u00f3n privada.<\/em><\/figcaption><\/figure>\n<\/div>\n\n\n<p>Rauch reconoce que el estilo de su arte ha sido moldeado por la tr\u00e1gica muerte de sus padres. Lo describe como un \u00abtono de pel\u00edcula oscura\u00bb, un arte premonitorio y melanc\u00f3lico que perduran en su obra. A Rauch le fascina la idea de que sus padres, tambi\u00e9n artistas, eran mucho m\u00e1s j\u00f3venes que \u00e9l cuando murieron (s\u00f3lo ten\u00edan 19 y 21 a\u00f1os). Como resultado, <strong>en el cuadro <\/strong><em><strong>Vater<\/strong><\/em>, la relaci\u00f3n entre el ni\u00f1o y el anciano se ha invertido, y ahora es Rauch quien ha contribuido a dar a conocer la obra de sus padres organizando una exposici\u00f3n de sus dibujos de la escuela de arte. Para Rauch existe una profunda sensaci\u00f3n de que la vida no es lineal, sino que navega a trav\u00e9s de ciclos vertiginosos.<\/p>\n\n\n<div class=\"wp-block-image\">\n<figure class=\"aligncenter size-full\"><img loading=\"lazy\" decoding=\"async\" width=\"639\" height=\"460\" src=\"https:\/\/www.aparences.net\/wp-content\/uploads\/2022\/10\/neo-rauch-die-kontrolle-2010.jpg\" alt=\"Die Kontrolle, 2010, Neo Rauch\" class=\"wp-image-25635\" title=\"Die Kontrolle, 2010, Neo Rauch\" srcset=\"https:\/\/www.aparences.net\/wp-content\/uploads\/2022\/10\/neo-rauch-die-kontrolle-2010.jpg 639w, https:\/\/www.aparences.net\/wp-content\/uploads\/2022\/10\/neo-rauch-die-kontrolle-2010-160x115.jpg 160w, https:\/\/www.aparences.net\/wp-content\/uploads\/2022\/10\/neo-rauch-die-kontrolle-2010-142x102.jpg 142w, https:\/\/www.aparences.net\/wp-content\/uploads\/2022\/10\/neo-rauch-die-kontrolle-2010-306x220.jpg 306w\" sizes=\"auto, (max-width: 639px) 100vw, 639px\" \/><figcaption class=\"wp-element-caption\"><em><strong>Die Kontrolle<\/strong>, 2010, <strong>Neo Rauch<\/strong>, Colecci\u00f3n privada.<\/em><\/figcaption><\/figure>\n<\/div>\n\n<div class=\"wp-block-image\">\n<figure class=\"aligncenter size-full\"><img loading=\"lazy\" decoding=\"async\" width=\"640\" height=\"381\" src=\"https:\/\/www.aparences.net\/wp-content\/uploads\/2022\/10\/neo-rauch-heillichtung-2014.jpg\" alt=\"Heillichtung (Claro curativo), 2014, Neo Rauch\" class=\"wp-image-25637\" title=\"Heillichtung (Claro curativo), 2014, Neo Rauch\" srcset=\"https:\/\/www.aparences.net\/wp-content\/uploads\/2022\/10\/neo-rauch-heillichtung-2014.jpg 640w, https:\/\/www.aparences.net\/wp-content\/uploads\/2022\/10\/neo-rauch-heillichtung-2014-160x95.jpg 160w, https:\/\/www.aparences.net\/wp-content\/uploads\/2022\/10\/neo-rauch-heillichtung-2014-171x102.jpg 171w, https:\/\/www.aparences.net\/wp-content\/uploads\/2022\/10\/neo-rauch-heillichtung-2014-370x220.jpg 370w\" sizes=\"auto, (max-width: 640px) 100vw, 640px\" \/><figcaption class=\"wp-element-caption\"><em><strong>Heillichtung<\/strong> (Claro curativo), 2014, <strong>Neo Rauch<\/strong>, The Broad, Los \u00c1ngeles.<\/em><\/figcaption><\/figure>\n<\/div>\n\n\n<p><strong>Neo Rauch<\/strong> es conocido por ser un fan\u00e1tico de los c\u00f3mics y por haberse visto grandemente influenciado por esta forma de transmitir una historia. En sus cuadros, el esquema general del color deriva de los colores primarios y genera una especie de efecto cin\u00e9tico. Buscando siempre la frescura de la mirada y una nueva perspectiva de la vida, tiene sentido que Rauch apunte hacia los primeros centros de inter\u00e9s de los ni\u00f1os. Atra\u00eddo por los colores brillantes y los entornos multisensoriales, Rauch se esfuerza por devolver al \u00e1mbito de los adultos la misma emoci\u00f3n de aprender por primera vez lo que experimentan los ni\u00f1os. Su intenci\u00f3n es que el espectador mantenga las cualidades positivas de cuestionar e imaginar que con demasiada frecuencia se pierden al crecer.<\/p>\n\n\n<div class=\"wp-block-image\">\n<figure class=\"aligncenter size-full\"><img loading=\"lazy\" decoding=\"async\" width=\"369\" height=\"460\" src=\"https:\/\/www.aparences.net\/wp-content\/uploads\/2022\/10\/neo-rauch-die-ordern-2021.jpg\" alt=\"Die Orden, 2021, Neo Rauch\" class=\"wp-image-25639\" title=\"Die Orden, 2021, Neo Rauch\" srcset=\"https:\/\/www.aparences.net\/wp-content\/uploads\/2022\/10\/neo-rauch-die-ordern-2021.jpg 369w, https:\/\/www.aparences.net\/wp-content\/uploads\/2022\/10\/neo-rauch-die-ordern-2021-160x199.jpg 160w, https:\/\/www.aparences.net\/wp-content\/uploads\/2022\/10\/neo-rauch-die-ordern-2021-82x102.jpg 82w, https:\/\/www.aparences.net\/wp-content\/uploads\/2022\/10\/neo-rauch-die-ordern-2021-176x220.jpg 176w\" sizes=\"auto, (max-width: 369px) 100vw, 369px\" \/><figcaption class=\"wp-element-caption\"><em><strong>Die Orden<\/strong>, 2021, <strong>Neo Rauch<\/strong>, Colecci\u00f3n privada.<\/em><\/figcaption><\/figure>\n<\/div>\n\n<div class=\"wp-block-image\">\n<figure class=\"aligncenter size-full\"><img loading=\"lazy\" decoding=\"async\" width=\"557\" height=\"460\" src=\"https:\/\/www.aparences.net\/wp-content\/uploads\/2022\/10\/neo-rauch-heilstatten-sanatoriums-2011.jpg\" alt=\"Heilst\u00e4tten (Sanatorios), 2011, Neo Rauch\" class=\"wp-image-25641\" title=\"Heilst\u00e4tten (Sanatorios), 2011, Neo Rauch\" srcset=\"https:\/\/www.aparences.net\/wp-content\/uploads\/2022\/10\/neo-rauch-heilstatten-sanatoriums-2011.jpg 557w, https:\/\/www.aparences.net\/wp-content\/uploads\/2022\/10\/neo-rauch-heilstatten-sanatoriums-2011-160x132.jpg 160w, https:\/\/www.aparences.net\/wp-content\/uploads\/2022\/10\/neo-rauch-heilstatten-sanatoriums-2011-124x102.jpg 124w, https:\/\/www.aparences.net\/wp-content\/uploads\/2022\/10\/neo-rauch-heilstatten-sanatoriums-2011-266x220.jpg 266w\" sizes=\"auto, (max-width: 557px) 100vw, 557px\" \/><figcaption class=\"wp-element-caption\"><em><strong>Heilst\u00e4tten<\/strong> (Sanatorios), 2011, <strong>Neo Rauch<\/strong>, Colecci\u00f3n privada.<\/em><\/figcaption><\/figure>\n<\/div>\n\n\n<!-- AdBoxRight2020 --><ins class=\"adsbygoogle\"     style=\"display:block; margin-top:30px;\"     data-ad-client=\"ca-pub-2468002815867636\"     data-ad-slot=\"3496014735\"     data-ad-format=\"auto\"     data-full-width-responsive=\"false\"><\/ins><script> (adsbygoogle = window.adsbygoogle || []).push({});<\/script><h2 class=\"wp-block-heading\">Naturalismo insoportable<\/h2>\n\n\n\n<p>Una de las primeras obras de Rauch, <em><strong>Unertr\u00e4glicher Naturalismus<\/strong><\/em> (Naturalismo insoportable) de 1998 presenta acciones ambiguas en diversos espacios que ilustran la clara devoci\u00f3n del artista por los elementos de lo absurdo y el inconsciente. El t\u00edtulo act\u00faa como una posible cr\u00edtica sat\u00edrica al movimiento Naturalista dedicado a la representaci\u00f3n de la naturaleza tal y como es, sin los aspectos de subversi\u00f3n en la narraci\u00f3n que Rauch siempre a\u00f1ade y considera de suma importancia. La composici\u00f3n parece dividida en dos, hombres con caballetes representados en ambos espacios, as\u00ed como lienzos, paletas y, de forma un tanto extra\u00f1a, burbujas naranjas flotantes. Los colores elegidos por Rauch son a menudo tan brillantes y saturados que no encajan necesariamente con el tema al que acompa\u00f1an. Sin embargo, el motivo de la burbuja se repite en otras im\u00e1genes y uno se pregunta si se trata de burbujas de pensamiento o, m\u00e1s simplemente, de momentos de pausa decorativa en una escena por lo dem\u00e1s ca\u00f3tica y compleja.<\/p>\n\n\n<div class=\"wp-block-image\">\n<figure class=\"aligncenter size-full\"><img loading=\"lazy\" decoding=\"async\" width=\"281\" height=\"460\" src=\"https:\/\/www.aparences.net\/wp-content\/uploads\/2022\/10\/neo-rauch-unertraglicher-naturalismus-1998.jpg\" alt=\"\" class=\"wp-image-25643\" srcset=\"https:\/\/www.aparences.net\/wp-content\/uploads\/2022\/10\/neo-rauch-unertraglicher-naturalismus-1998.jpg 281w, https:\/\/www.aparences.net\/wp-content\/uploads\/2022\/10\/neo-rauch-unertraglicher-naturalismus-1998-160x262.jpg 160w, https:\/\/www.aparences.net\/wp-content\/uploads\/2022\/10\/neo-rauch-unertraglicher-naturalismus-1998-62x102.jpg 62w, https:\/\/www.aparences.net\/wp-content\/uploads\/2022\/10\/neo-rauch-unertraglicher-naturalismus-1998-134x220.jpg 134w\" sizes=\"auto, (max-width: 281px) 100vw, 281px\" \/><figcaption class=\"wp-element-caption\"><em><strong>Unertr\u00e4glicher Naturalismus<\/strong>, 1998, <strong>Neo Rauch<\/strong>, Museo de Bellas Artes de Leipzig.<\/em><\/figcaption><\/figure>\n<\/div>\n\n\n<p>Rauch deja pistas al espectador, pero nunca explica del todo lo que est\u00e1 sucediendo. En primer plano, un hombre parece estar utilizando un rifle para recoger balas ensangrentadas de una mesa en forma de paleta. Cada espacio est\u00e1 pintado con un c\u00edrculo a modo de diana y, en el fondo del segundo, un hombre lleva una camisa naranja que parece estar plagada de agujeros de bala, en un estilo casi c\u00f3mico, como si lo hubieran pasado por una perforadora. La ambigua figuraci\u00f3n de Rauch, compuesta por una paleta de colores m\u00ednima pero vibrante que incluye principalmente el naranja, el verde, el rojo y el amarillo, combinada con las burbujas y las balas, tambi\u00e9n podr\u00eda compararse con el <a href=\"https:\/\/www.aparences.net\/es\/arte-contemporaneo\/movimientos\/pop-art\/\">Arte Pop<\/a>. <strong>Bas\u00e1ndose tanto en los elementos del Pop como en las t\u00e9cnicas surrealistas<\/strong>, <em><em><strong>Unertr\u00e4glicher Naturalismus<\/strong><\/em><\/em> refleja la capacidad de Rauch de utilizar las im\u00e1genes para provocar preguntas. Al encuadrar la composici\u00f3n en un marco de caballete, por ejemplo, el espectador recuerda los <a href=\"https:\/\/www.aparences.net\/es\/periodos\/arte-moderno-anexos\/dali-yo-soy-el-surrealismo\/\">lienzos de Salvador Dal\u00ed<\/a> y Rauch demuestra su capacidad para jugar con la imaginaci\u00f3n y considerar qu\u00e9 es lo que difiere una imagen de la realidad.<\/p>\n\n\n<div class=\"wp-block-image\">\n<figure class=\"aligncenter size-full\"><img loading=\"lazy\" decoding=\"async\" width=\"436\" height=\"460\" src=\"https:\/\/www.aparences.net\/wp-content\/uploads\/2022\/10\/neo-rauch-naturalismo-insoportable-1998-.jpg\" alt=\"Unertr\u00e4glicher Naturalismus (Naturalismo insoportable), 1998, Neo Rauch\" class=\"wp-image-25645\" title=\"Unertr\u00e4glicher Naturalismus (Naturalismo insoportable), 1998, Neo Rauch\" srcset=\"https:\/\/www.aparences.net\/wp-content\/uploads\/2022\/10\/neo-rauch-naturalismo-insoportable-1998-.jpg 436w, https:\/\/www.aparences.net\/wp-content\/uploads\/2022\/10\/neo-rauch-naturalismo-insoportable-1998--160x169.jpg 160w, https:\/\/www.aparences.net\/wp-content\/uploads\/2022\/10\/neo-rauch-naturalismo-insoportable-1998--97x102.jpg 97w, https:\/\/www.aparences.net\/wp-content\/uploads\/2022\/10\/neo-rauch-naturalismo-insoportable-1998--209x220.jpg 209w\" sizes=\"auto, (max-width: 436px) 100vw, 436px\" \/><figcaption class=\"wp-element-caption\"><em><strong>Unertr\u00e4glicher Naturalismus<\/strong> (Naturalismo insoportable), 1998, <strong>Neo Rauch<\/strong>, Museo de Bellas Artes de Leipzig.<\/em><\/figcaption><\/figure>\n<\/div>\n\n\n<h2 class=\"wp-block-heading\">Esperando a los b\u00e1rbaros<\/h2>\n\n\n\n<p>Expuesta en Para 2007, una muestra celebrada en el Metropolitan Museum of Art, el t\u00edtulo de la obra de Neo Rauch<strong> <\/strong><em><strong>Esperando a los b\u00e1rbaros<\/strong><\/em> fue tomado de un poema de <strong>Constantino Cavafy<\/strong>, el gran poeta griego del siglo XIX. La escena est\u00e1 poblada de figuras de movimiento ca\u00f3tico y colores de carnaval. Tiene como fondo un cielo azul brillante y una banda de color blanco que parece ser un bloque de viviendas sociales. En primer plano, la figura con m\u00e1scara de color rojo y un pico largo sostiene una vara como si actuara de \u00abmaestro de ceremonias\u00bb; el hombre con cabeza de toro, arriba, a la derecha, ponen de manifiesto el amor de Rauch por las criaturas h\u00edbridas de inspiraci\u00f3n surrealista. La figura m\u00e1s grande representada es una mujer tumbada de espaldas que sostiene una peque\u00f1a bola roja por encima de su cabeza como si fuera a lanzarla. Hay otros dos personajes femeninos en primer plano, uno de los cuales sostiene un rifle que el otro parece haberle dado y se dispone a ense\u00f1arle su funcionamiento. Hay una indudable sensaci\u00f3n de influencia militar que Rauch experiment\u00f3 de ni\u00f1o y de joven adulto criado en una Alemania dividida. Todos los personajes del cuadro se han individualizado, dando la sensaci\u00f3n que llegan a la imaginaci\u00f3n del artista de forma simple, como si los hubiera cruzado por la calle, para luego desarrollar peculiaridades en cada uno de ellos durante el proceso mismo de creaci\u00f3n la pintura.<\/p>\n\n\n<div class=\"wp-block-image\">\n<figure class=\"aligncenter size-full\"><img loading=\"lazy\" decoding=\"async\" width=\"640\" height=\"241\" src=\"https:\/\/www.aparences.net\/wp-content\/uploads\/2022\/10\/neo-rauch-waiting-for-the-barbarians-2007.jpg\" alt=\"\" class=\"wp-image-25647\" srcset=\"https:\/\/www.aparences.net\/wp-content\/uploads\/2022\/10\/neo-rauch-waiting-for-the-barbarians-2007.jpg 640w, https:\/\/www.aparences.net\/wp-content\/uploads\/2022\/10\/neo-rauch-waiting-for-the-barbarians-2007-160x60.jpg 160w, https:\/\/www.aparences.net\/wp-content\/uploads\/2022\/10\/neo-rauch-waiting-for-the-barbarians-2007-204x77.jpg 204w, https:\/\/www.aparences.net\/wp-content\/uploads\/2022\/10\/neo-rauch-waiting-for-the-barbarians-2007-439x165.jpg 439w\" sizes=\"auto, (max-width: 640px) 100vw, 640px\" \/><\/figure>\n<\/div>\n\n<div class=\"wp-block-image\">\n<figure class=\"aligncenter size-full\"><img loading=\"lazy\" decoding=\"async\" width=\"544\" height=\"312\" src=\"https:\/\/www.aparences.net\/wp-content\/uploads\/2022\/10\/neo-rauch-waiting-for-the-barbarians-2007-.jpg\" alt=\"Waiting for the Barbarians (Esperando a los b\u00e1rbaros), 2007, Neo Rauch\" class=\"wp-image-25649\" title=\"Waiting for the Barbarians (Esperando a los b\u00e1rbaros), 2007, Neo Rauch\" srcset=\"https:\/\/www.aparences.net\/wp-content\/uploads\/2022\/10\/neo-rauch-waiting-for-the-barbarians-2007-.jpg 544w, https:\/\/www.aparences.net\/wp-content\/uploads\/2022\/10\/neo-rauch-waiting-for-the-barbarians-2007--160x92.jpg 160w, https:\/\/www.aparences.net\/wp-content\/uploads\/2022\/10\/neo-rauch-waiting-for-the-barbarians-2007--178x102.jpg 178w, https:\/\/www.aparences.net\/wp-content\/uploads\/2022\/10\/neo-rauch-waiting-for-the-barbarians-2007--384x220.jpg 384w\" sizes=\"auto, (max-width: 544px) 100vw, 544px\" \/><figcaption class=\"wp-element-caption\"><em><strong>Waiting for the Barbarians<\/strong> (Esperando a los b\u00e1rbaros), 2007, <strong>Neo Rauch<\/strong>, Los \u00c1ngeles, Colecci\u00f3n privada.<\/em><\/figcaption><\/figure>\n<\/div>\n\n\n<p>El uso que hace el artista de una vista panor\u00e1mica anima al espectador a leer la composici\u00f3n de forma similar a una narraci\u00f3n dram\u00e1tica y que se desarrolla de principio a fin. Las escenas est\u00e1n separadas por la mujer central, lo que ayuda al espectador a asimilar todos y cada uno de los componentes por separado, as\u00ed como en su totalidad. Se ha sugerido que <em>Esperando a los b\u00e1rbaros<\/em> adopta y luego moderniza la iconograf\u00eda religiosa. Algunos cr\u00edticos identifican a la mujer central de este cuadro con la figura de Eva que Rauch representar\u00eda tomando un objeto rojo sin determinar comparable a la fruta prohibida. Sin embargo, seg\u00fan la f\u00f3rmula caracter\u00edstica de Rauch, el pintor insin\u00faa el significado, generalmente evita el an\u00e1lisis y anima al espectador a observar y hacer su propio juicio.\n\n\n\n<!-- AdBoxLeft2023 --><ins class=\"adsbygoogle\" style=\"display:block\" data-ad-client=\"ca-pub-2468002815867636\" data-ad-slot=\"1318022963\" data-ad-format=\"auto\" data-full-width-responsive=\"true\"><\/ins><script> (adsbygoogle = window.adsbygoogle || []).push({});<\/script><h2 class=\"wp-block-heading\">El pez azul<\/h2>\n\n\n\n<p>En <strong><em>Der Blaue Fisch<\/em> (El pez azul)<\/strong> de <strong>Neo Rauch<\/strong> de 2014, una mujer es sacada de las entra\u00f1as de una gran criatura marina por un grupo de hombres vestidos de formas muy diversas. El fondo del cuadro es tormentoso, con peque\u00f1as manchas de paisaje iluminado. Hay un molino de viento que aparece dos veces, una vez en primer plano y recortado, y otra en la distancia y entero. Un camino acu\u00e1tico atraviesa la calle, pasa por la disecci\u00f3n de los peces y se dirige a la entrada del molino m\u00e1s peque\u00f1o. Los colores son muy saturados y mayoritariamente primarios. Esta paleta tan viva, con reflejos iluminados, es comparable a la del artista escoc\u00e9s <a href=\"https:\/\/www.wikiart.org\/fr\/peter-doig\">Peter Doig<\/a>, a quien tambi\u00e9n se le atribuye el liderazgo de una \u00abvuelta a la pintura\u00bb y el inter\u00e9s por tejer el mito y el misterio en la vida cotidiana. Estas tendencias, combinadas con yuxtaposiciones inusuales y la fusi\u00f3n del tiempo, apuntan hacia el movimiento art\u00edstico del <strong>Realismo M\u00e1gico<\/strong>, al que tambi\u00e9n est\u00e1 vinculado <a href=\"https:\/\/www.aparences.net\/es\/periodos\/arte-moderno-anexos\/de-chirico-metafisico\/\">Giorgio de Chirico<\/a>.<\/p>\n\n\n<div class=\"wp-block-image\">\n<figure class=\"aligncenter size-full\"><img loading=\"lazy\" decoding=\"async\" width=\"638\" height=\"380\" src=\"https:\/\/www.aparences.net\/wp-content\/uploads\/2022\/10\/neo-rauch-der-blaue-fisch-2014.jpg\" alt=\"Der Blaue Fisch, 2014, Neo Rauch\" class=\"wp-image-25651\" title=\"Der Blaue Fisch, 2014, Neo Rauch\" srcset=\"https:\/\/www.aparences.net\/wp-content\/uploads\/2022\/10\/neo-rauch-der-blaue-fisch-2014.jpg 638w, https:\/\/www.aparences.net\/wp-content\/uploads\/2022\/10\/neo-rauch-der-blaue-fisch-2014-160x95.jpg 160w, https:\/\/www.aparences.net\/wp-content\/uploads\/2022\/10\/neo-rauch-der-blaue-fisch-2014-171x102.jpg 171w, https:\/\/www.aparences.net\/wp-content\/uploads\/2022\/10\/neo-rauch-der-blaue-fisch-2014-369x220.jpg 369w\" sizes=\"auto, (max-width: 638px) 100vw, 638px\" \/><figcaption class=\"wp-element-caption\"><em><strong>Der Blaue Fisch<\/strong>, 2014, <strong>Neo Rauch<\/strong>, Ottawa, National Gallery of Canada<\/em>.<\/figcaption><\/figure>\n<\/div>\n\n\n<h2 class=\"wp-block-heading\">Guarda de la noche<\/h2>\n\n\n\n<p>En <strong><em>H\u00fcter de Nacht<\/em> (Guarda de la noche)<\/strong> de 2014, Rauch representa a un hombre y una mujer que atienden a un hombre en la que parece ser una cama de hospital. La mujer lleva unos guantes que parecen vivos, como si fueran plantas carn\u00edvoras. Los guantes se mueven hacia el hombre tumbado en un gesto de ternura, pero al mismo tiempo podr\u00edan ser peligrosos, por lo que es esencial mantener la distancia, asegur\u00e1ndose el guarda de que la mujer nunca pueda atender realmente las necesidades del paciente, ni tocarlo. Al igual que en otros cuadros de Rauch, la obra representa a la familia del artista, a \u00e9l mismo y a sus padres perdidos. Rauch aparece mayor que su madre y su padre, que murieron muy j\u00f3venes. Hay una escena feliz a la derecha del lienzo en la que dos amantes (los padres de Rauch) se alejan en la distancia.<\/p>\n\n\n<div class=\"wp-block-image\">\n<figure class=\"aligncenter size-full\"><img loading=\"lazy\" decoding=\"async\" width=\"382\" height=\"459\" src=\"https:\/\/www.aparences.net\/wp-content\/uploads\/2022\/10\/neo-rauch-huter-der-nacht-2014.jpg\" alt=\"H\u00fcter de Nacht, (Guarda de la noche), 2014, Neo Rauch\" class=\"wp-image-25653\" title=\"H\u00fcter de Nacht, (Guarda de la noche), 2014, Neo Rauch\" srcset=\"https:\/\/www.aparences.net\/wp-content\/uploads\/2022\/10\/neo-rauch-huter-der-nacht-2014.jpg 382w, https:\/\/www.aparences.net\/wp-content\/uploads\/2022\/10\/neo-rauch-huter-der-nacht-2014-160x192.jpg 160w, https:\/\/www.aparences.net\/wp-content\/uploads\/2022\/10\/neo-rauch-huter-der-nacht-2014-85x102.jpg 85w, https:\/\/www.aparences.net\/wp-content\/uploads\/2022\/10\/neo-rauch-huter-der-nacht-2014-183x220.jpg 183w\" sizes=\"auto, (max-width: 382px) 100vw, 382px\" \/><figcaption class=\"wp-element-caption\"><em><strong>H\u00fcter de Nacht<\/strong>, (Guarda de la noche), 2014, <strong>Neo Rauch<\/strong>, Colecci\u00f3n privada.<\/em><\/figcaption><\/figure>\n<\/div>\n\n\n<p>No es s\u00f3lo en el contenido donde Rauch es comparable a los surrealistas, sino tambi\u00e9n en la t\u00e9cnica. En este caso, el paisaje pintado parece hacerse eco de la pr\u00e1ctica de la decalcoman\u00eda, un procedimiento que tambi\u00e9n practicaba Ernst. El uso de un marco de puerta para definir un espacio entre dos mundos tambi\u00e9n es utilizado en obras de <strong>Giorgio de Chirico<\/strong>, <strong>Ren\u00e9 Magritte<\/strong> y <strong>Dorothea Tanning<\/strong>. Rauch privilegia el inconsciente y el mundo de los sue\u00f1os, como sus antepasados surrealistas.<\/p>\n\n\n\n<h2 class=\"wp-block-heading\">Marina<\/h2>\n\n\n\n<p>En el cuadro <strong><em>Marina<\/em> de Neo Rauch<\/strong> (2014), dos hombres sacan del mar una figura crucificada, en parte humana y en parte estatua. A la derecha, dos personajes observan, mientras el cielo tempestuoso y las olas rompientes la rodean. La figura crucificada es comparable a muchas representaciones del <strong>Descendimiento de Cristo y la Piedad realizadas a lo largo del Renacimiento<\/strong>. Una vez m\u00e1s, Rauch da a la iconograf\u00eda cl\u00e1sica un toque contempor\u00e1neo mediante la inclusi\u00f3n de otros objetos inusuales y una paleta de colores casi fluorescente. Flotando sobre el mar, a la izquierda de la torre, y alejado del drama, hay un objeto escult\u00f3rico que recuerda a un T\u00f3tem, pero con partes corporales, formas indescifrables compuestas por un coraz\u00f3n, varias v\u00e1lvulas y un bazo, lo que aumenta a\u00fan m\u00e1s la confusi\u00f3n y el inter\u00e9s sobre lo que realmente est\u00e1 sucediendo aqu\u00ed. Al hacer referencias biol\u00f3gicas y cient\u00edficas en su arte, <strong>Neo Rauch<\/strong> anima a los espectadores a investigar y diseccionar lo que est\u00e1n viendo; y como tal, a ser rigurosos y activos en nuestro papel de p\u00fablico.<\/p>\n\n\n<div class=\"wp-block-image\">\n<figure class=\"aligncenter size-full\"><img loading=\"lazy\" decoding=\"async\" width=\"552\" height=\"460\" src=\"https:\/\/www.aparences.net\/wp-content\/uploads\/2022\/10\/neo-rauch-marina-2014.jpg\" alt=\"Marina, 2014, Neo Rauch\" class=\"wp-image-25655\" title=\"Marina, 2014, Neo Rauch\" srcset=\"https:\/\/www.aparences.net\/wp-content\/uploads\/2022\/10\/neo-rauch-marina-2014.jpg 552w, https:\/\/www.aparences.net\/wp-content\/uploads\/2022\/10\/neo-rauch-marina-2014-160x133.jpg 160w, https:\/\/www.aparences.net\/wp-content\/uploads\/2022\/10\/neo-rauch-marina-2014-122x102.jpg 122w, https:\/\/www.aparences.net\/wp-content\/uploads\/2022\/10\/neo-rauch-marina-2014-264x220.jpg 264w\" sizes=\"auto, (max-width: 552px) 100vw, 552px\" \/><figcaption class=\"wp-element-caption\"><em><strong>Marina<\/strong>, 2014, <strong>Neo Rauch<\/strong>, Colecci\u00f3n privada.<\/em><\/figcaption><\/figure>\n<\/div>","protected":false},"excerpt":{"rendered":"<p>Neo Rauch, desarrolla un mundo on\u00edrico e inquietante, que podr\u00eda asimilarse a la estructura cl\u00e1sica de un cuento de los Hermanos Grimm.<\/p>\n","protected":false},"author":2,"featured_media":25660,"comment_status":"closed","ping_status":"closed","sticky":false,"template":"","format":"standard","meta":{"footnotes":""},"categories":[5811],"tags":[4533,5830,5825,5822,4699,5383,2954],"class_list":["post-25656","post","type-post","status-publish","format-standard","has-post-thumbnail","hentry","category-nueva-escuela-de-leipzig","tag-arte-contemporaneo","tag-arte-figurativo","tag-neo-rauch-2","tag-nueva-escuela-de-leipzig","tag-pop-art-2","tag-realismo-social","tag-surrealismo"],"yoast_head":"<!-- This site is optimized with the Yoast SEO plugin v27.2 - https:\/\/yoast.com\/product\/yoast-seo-wordpress\/ -->\n<title>Neo Rauch<\/title>\n<meta name=\"description\" content=\"Neo Rauch, desarrolla un mundo on\u00edrico e inquietante, que podr\u00eda asimilarse a la estructura cl\u00e1sica de un cuento de los Hermanos Grimm.\" \/>\n<meta name=\"robots\" content=\"index, follow, max-snippet:-1, max-image-preview:large, max-video-preview:-1\" \/>\n<link rel=\"canonical\" href=\"https:\/\/www.aparences.net\/es\/escuelas\/nueva-escuela-de-leipzig\/neo-rauch\/\" \/>\n<meta property=\"og:locale\" content=\"es_ES\" \/>\n<meta property=\"og:type\" content=\"article\" \/>\n<meta property=\"og:title\" content=\"Neo Rauch\" \/>\n<meta property=\"og:description\" content=\"Neo Rauch, desarrolla un mundo on\u00edrico e inquietante, que podr\u00eda asimilarse a la estructura cl\u00e1sica de un cuento de los Hermanos Grimm.\" \/>\n<meta property=\"og:url\" content=\"https:\/\/www.aparences.net\/es\/escuelas\/nueva-escuela-de-leipzig\/neo-rauch\/\" \/>\n<meta property=\"og:site_name\" content=\"Aparences\" \/>\n<meta property=\"article:published_time\" content=\"2022-11-07T08:52:49+00:00\" \/>\n<meta property=\"article:modified_time\" content=\"2025-12-11T18:40:55+00:00\" \/>\n<meta property=\"og:image\" content=\"https:\/\/www.aparences.net\/wp-content\/uploads\/2022\/11\/neo-rauch.jpg\" \/>\n\t<meta property=\"og:image:width\" content=\"1080\" \/>\n\t<meta property=\"og:image:height\" content=\"540\" \/>\n\t<meta property=\"og:image:type\" content=\"image\/jpeg\" \/>\n<meta name=\"author\" content=\"admin\" \/>\n<meta name=\"twitter:card\" content=\"summary_large_image\" \/>\n<meta name=\"twitter:label1\" content=\"Escrito por\" \/>\n\t<meta name=\"twitter:data1\" content=\"admin\" \/>\n\t<meta name=\"twitter:label2\" content=\"Tiempo de lectura\" \/>\n\t<meta name=\"twitter:data2\" content=\"16 minutos\" \/>\n<script type=\"application\/ld+json\" class=\"yoast-schema-graph\">{\"@context\":\"https:\/\/schema.org\",\"@graph\":[{\"@type\":\"Article\",\"@id\":\"https:\/\/www.aparences.net\/es\/escuelas\/nueva-escuela-de-leipzig\/neo-rauch\/#article\",\"isPartOf\":{\"@id\":\"https:\/\/www.aparences.net\/es\/escuelas\/nueva-escuela-de-leipzig\/neo-rauch\/\"},\"author\":{\"name\":\"admin\",\"@id\":\"https:\/\/www.aparences.net\/es\/#\/schema\/person\/af349f6ffc31b16c68963e61268afca5\"},\"headline\":\"Neo Rauch\",\"datePublished\":\"2022-11-07T08:52:49+00:00\",\"dateModified\":\"2025-12-11T18:40:55+00:00\",\"mainEntityOfPage\":{\"@id\":\"https:\/\/www.aparences.net\/es\/escuelas\/nueva-escuela-de-leipzig\/neo-rauch\/\"},\"wordCount\":2645,\"publisher\":{\"@id\":\"https:\/\/www.aparences.net\/es\/#organization\"},\"image\":{\"@id\":\"https:\/\/www.aparences.net\/es\/escuelas\/nueva-escuela-de-leipzig\/neo-rauch\/#primaryimage\"},\"thumbnailUrl\":\"https:\/\/www.aparences.net\/wp-content\/uploads\/2022\/11\/neo-rauch.jpg\",\"keywords\":[\"arte contempor\u00e1neo\",\"arte figurativo\",\"Neo Rauch\",\"Nueva escuela de Leipzig\",\"Pop art\",\"realismo social\",\"surrealismo\"],\"articleSection\":[\"Nueva escuela de Leipzig\"],\"inLanguage\":\"es\"},{\"@type\":[\"WebPage\",\"ItemPage\"],\"@id\":\"https:\/\/www.aparences.net\/es\/escuelas\/nueva-escuela-de-leipzig\/neo-rauch\/\",\"url\":\"https:\/\/www.aparences.net\/es\/escuelas\/nueva-escuela-de-leipzig\/neo-rauch\/\",\"name\":\"Neo Rauch\",\"isPartOf\":{\"@id\":\"https:\/\/www.aparences.net\/es\/#website\"},\"primaryImageOfPage\":{\"@id\":\"https:\/\/www.aparences.net\/es\/escuelas\/nueva-escuela-de-leipzig\/neo-rauch\/#primaryimage\"},\"image\":{\"@id\":\"https:\/\/www.aparences.net\/es\/escuelas\/nueva-escuela-de-leipzig\/neo-rauch\/#primaryimage\"},\"thumbnailUrl\":\"https:\/\/www.aparences.net\/wp-content\/uploads\/2022\/11\/neo-rauch.jpg\",\"datePublished\":\"2022-11-07T08:52:49+00:00\",\"dateModified\":\"2025-12-11T18:40:55+00:00\",\"description\":\"Neo Rauch, desarrolla un mundo on\u00edrico e inquietante, que podr\u00eda asimilarse a la estructura cl\u00e1sica de un cuento de los Hermanos Grimm.\",\"breadcrumb\":{\"@id\":\"https:\/\/www.aparences.net\/es\/escuelas\/nueva-escuela-de-leipzig\/neo-rauch\/#breadcrumb\"},\"inLanguage\":\"es\",\"potentialAction\":[{\"@type\":\"ReadAction\",\"target\":[\"https:\/\/www.aparences.net\/es\/escuelas\/nueva-escuela-de-leipzig\/neo-rauch\/\"]}]},{\"@type\":\"ImageObject\",\"inLanguage\":\"es\",\"@id\":\"https:\/\/www.aparences.net\/es\/escuelas\/nueva-escuela-de-leipzig\/neo-rauch\/#primaryimage\",\"url\":\"https:\/\/www.aparences.net\/wp-content\/uploads\/2022\/11\/neo-rauch.jpg\",\"contentUrl\":\"https:\/\/www.aparences.net\/wp-content\/uploads\/2022\/11\/neo-rauch.jpg\",\"width\":1080,\"height\":540},{\"@type\":\"BreadcrumbList\",\"@id\":\"https:\/\/www.aparences.net\/es\/escuelas\/nueva-escuela-de-leipzig\/neo-rauch\/#breadcrumb\",\"itemListElement\":[{\"@type\":\"ListItem\",\"position\":1,\"name\":\"Portada\",\"item\":\"https:\/\/www.aparences.net\/es\/\"},{\"@type\":\"ListItem\",\"position\":2,\"name\":\"Neo Rauch\"}]},{\"@type\":\"WebSite\",\"@id\":\"https:\/\/www.aparences.net\/es\/#website\",\"url\":\"https:\/\/www.aparences.net\/es\/\",\"name\":\"Aparences: Historia del Arte y Actualidad Cultural\",\"description\":\"\",\"publisher\":{\"@id\":\"https:\/\/www.aparences.net\/es\/#organization\"},\"potentialAction\":[{\"@type\":\"SearchAction\",\"target\":{\"@type\":\"EntryPoint\",\"urlTemplate\":\"https:\/\/www.aparences.net\/es\/?s={search_term_string}\"},\"query-input\":{\"@type\":\"PropertyValueSpecification\",\"valueRequired\":true,\"valueName\":\"search_term_string\"}}],\"inLanguage\":\"es\"},{\"@type\":\"Organization\",\"@id\":\"https:\/\/www.aparences.net\/es\/#organization\",\"name\":\"Aparences: Historia del Arte y Actualidad Cultural\",\"url\":\"https:\/\/www.aparences.net\/es\/\",\"logo\":{\"@type\":\"ImageObject\",\"inLanguage\":\"es\",\"@id\":\"https:\/\/www.aparences.net\/es\/#\/schema\/logo\/image\/\",\"url\":\"https:\/\/www.aparences.net\/wp-content\/uploads\/2023\/09\/logo-quadrat-color-e1695915315229.png\",\"contentUrl\":\"https:\/\/www.aparences.net\/wp-content\/uploads\/2023\/09\/logo-quadrat-color-e1695915315229.png\",\"width\":120,\"height\":120,\"caption\":\"Aparences: Historia del Arte y Actualidad Cultural\"},\"image\":{\"@id\":\"https:\/\/www.aparences.net\/es\/#\/schema\/logo\/image\/\"}},{\"@type\":\"Person\",\"@id\":\"https:\/\/www.aparences.net\/es\/#\/schema\/person\/af349f6ffc31b16c68963e61268afca5\",\"name\":\"admin\",\"url\":\"https:\/\/www.aparences.net\/es\/author\/admin\/\"}]}<\/script>\n<!-- \/ Yoast SEO plugin. -->","yoast_head_json":{"title":"Neo Rauch","description":"Neo Rauch, desarrolla un mundo on\u00edrico e inquietante, que podr\u00eda asimilarse a la estructura cl\u00e1sica de un cuento de los Hermanos Grimm.","robots":{"index":"index","follow":"follow","max-snippet":"max-snippet:-1","max-image-preview":"max-image-preview:large","max-video-preview":"max-video-preview:-1"},"canonical":"https:\/\/www.aparences.net\/es\/escuelas\/nueva-escuela-de-leipzig\/neo-rauch\/","og_locale":"es_ES","og_type":"article","og_title":"Neo Rauch","og_description":"Neo Rauch, desarrolla un mundo on\u00edrico e inquietante, que podr\u00eda asimilarse a la estructura cl\u00e1sica de un cuento de los Hermanos Grimm.","og_url":"https:\/\/www.aparences.net\/es\/escuelas\/nueva-escuela-de-leipzig\/neo-rauch\/","og_site_name":"Aparences","article_published_time":"2022-11-07T08:52:49+00:00","article_modified_time":"2025-12-11T18:40:55+00:00","og_image":[{"width":1080,"height":540,"url":"https:\/\/www.aparences.net\/wp-content\/uploads\/2022\/11\/neo-rauch.jpg","type":"image\/jpeg"}],"author":"admin","twitter_card":"summary_large_image","twitter_misc":{"Escrito por":"admin","Tiempo de lectura":"16 minutos"},"schema":{"@context":"https:\/\/schema.org","@graph":[{"@type":"Article","@id":"https:\/\/www.aparences.net\/es\/escuelas\/nueva-escuela-de-leipzig\/neo-rauch\/#article","isPartOf":{"@id":"https:\/\/www.aparences.net\/es\/escuelas\/nueva-escuela-de-leipzig\/neo-rauch\/"},"author":{"name":"admin","@id":"https:\/\/www.aparences.net\/es\/#\/schema\/person\/af349f6ffc31b16c68963e61268afca5"},"headline":"Neo Rauch","datePublished":"2022-11-07T08:52:49+00:00","dateModified":"2025-12-11T18:40:55+00:00","mainEntityOfPage":{"@id":"https:\/\/www.aparences.net\/es\/escuelas\/nueva-escuela-de-leipzig\/neo-rauch\/"},"wordCount":2645,"publisher":{"@id":"https:\/\/www.aparences.net\/es\/#organization"},"image":{"@id":"https:\/\/www.aparences.net\/es\/escuelas\/nueva-escuela-de-leipzig\/neo-rauch\/#primaryimage"},"thumbnailUrl":"https:\/\/www.aparences.net\/wp-content\/uploads\/2022\/11\/neo-rauch.jpg","keywords":["arte contempor\u00e1neo","arte figurativo","Neo Rauch","Nueva escuela de Leipzig","Pop art","realismo social","surrealismo"],"articleSection":["Nueva escuela de Leipzig"],"inLanguage":"es"},{"@type":["WebPage","ItemPage"],"@id":"https:\/\/www.aparences.net\/es\/escuelas\/nueva-escuela-de-leipzig\/neo-rauch\/","url":"https:\/\/www.aparences.net\/es\/escuelas\/nueva-escuela-de-leipzig\/neo-rauch\/","name":"Neo Rauch","isPartOf":{"@id":"https:\/\/www.aparences.net\/es\/#website"},"primaryImageOfPage":{"@id":"https:\/\/www.aparences.net\/es\/escuelas\/nueva-escuela-de-leipzig\/neo-rauch\/#primaryimage"},"image":{"@id":"https:\/\/www.aparences.net\/es\/escuelas\/nueva-escuela-de-leipzig\/neo-rauch\/#primaryimage"},"thumbnailUrl":"https:\/\/www.aparences.net\/wp-content\/uploads\/2022\/11\/neo-rauch.jpg","datePublished":"2022-11-07T08:52:49+00:00","dateModified":"2025-12-11T18:40:55+00:00","description":"Neo Rauch, desarrolla un mundo on\u00edrico e inquietante, que podr\u00eda asimilarse a la estructura cl\u00e1sica de un cuento de los Hermanos Grimm.","breadcrumb":{"@id":"https:\/\/www.aparences.net\/es\/escuelas\/nueva-escuela-de-leipzig\/neo-rauch\/#breadcrumb"},"inLanguage":"es","potentialAction":[{"@type":"ReadAction","target":["https:\/\/www.aparences.net\/es\/escuelas\/nueva-escuela-de-leipzig\/neo-rauch\/"]}]},{"@type":"ImageObject","inLanguage":"es","@id":"https:\/\/www.aparences.net\/es\/escuelas\/nueva-escuela-de-leipzig\/neo-rauch\/#primaryimage","url":"https:\/\/www.aparences.net\/wp-content\/uploads\/2022\/11\/neo-rauch.jpg","contentUrl":"https:\/\/www.aparences.net\/wp-content\/uploads\/2022\/11\/neo-rauch.jpg","width":1080,"height":540},{"@type":"BreadcrumbList","@id":"https:\/\/www.aparences.net\/es\/escuelas\/nueva-escuela-de-leipzig\/neo-rauch\/#breadcrumb","itemListElement":[{"@type":"ListItem","position":1,"name":"Portada","item":"https:\/\/www.aparences.net\/es\/"},{"@type":"ListItem","position":2,"name":"Neo Rauch"}]},{"@type":"WebSite","@id":"https:\/\/www.aparences.net\/es\/#website","url":"https:\/\/www.aparences.net\/es\/","name":"Aparences: Historia del Arte y Actualidad Cultural","description":"","publisher":{"@id":"https:\/\/www.aparences.net\/es\/#organization"},"potentialAction":[{"@type":"SearchAction","target":{"@type":"EntryPoint","urlTemplate":"https:\/\/www.aparences.net\/es\/?s={search_term_string}"},"query-input":{"@type":"PropertyValueSpecification","valueRequired":true,"valueName":"search_term_string"}}],"inLanguage":"es"},{"@type":"Organization","@id":"https:\/\/www.aparences.net\/es\/#organization","name":"Aparences: Historia del Arte y Actualidad Cultural","url":"https:\/\/www.aparences.net\/es\/","logo":{"@type":"ImageObject","inLanguage":"es","@id":"https:\/\/www.aparences.net\/es\/#\/schema\/logo\/image\/","url":"https:\/\/www.aparences.net\/wp-content\/uploads\/2023\/09\/logo-quadrat-color-e1695915315229.png","contentUrl":"https:\/\/www.aparences.net\/wp-content\/uploads\/2023\/09\/logo-quadrat-color-e1695915315229.png","width":120,"height":120,"caption":"Aparences: Historia del Arte y Actualidad Cultural"},"image":{"@id":"https:\/\/www.aparences.net\/es\/#\/schema\/logo\/image\/"}},{"@type":"Person","@id":"https:\/\/www.aparences.net\/es\/#\/schema\/person\/af349f6ffc31b16c68963e61268afca5","name":"admin","url":"https:\/\/www.aparences.net\/es\/author\/admin\/"}]}},"_links":{"self":[{"href":"https:\/\/www.aparences.net\/es\/wp-json\/wp\/v2\/posts\/25656","targetHints":{"allow":["GET"]}}],"collection":[{"href":"https:\/\/www.aparences.net\/es\/wp-json\/wp\/v2\/posts"}],"about":[{"href":"https:\/\/www.aparences.net\/es\/wp-json\/wp\/v2\/types\/post"}],"author":[{"embeddable":true,"href":"https:\/\/www.aparences.net\/es\/wp-json\/wp\/v2\/users\/2"}],"replies":[{"embeddable":true,"href":"https:\/\/www.aparences.net\/es\/wp-json\/wp\/v2\/comments?post=25656"}],"version-history":[{"count":0,"href":"https:\/\/www.aparences.net\/es\/wp-json\/wp\/v2\/posts\/25656\/revisions"}],"wp:featuredmedia":[{"embeddable":true,"href":"https:\/\/www.aparences.net\/es\/wp-json\/wp\/v2\/media\/25660"}],"wp:attachment":[{"href":"https:\/\/www.aparences.net\/es\/wp-json\/wp\/v2\/media?parent=25656"}],"wp:term":[{"taxonomy":"category","embeddable":true,"href":"https:\/\/www.aparences.net\/es\/wp-json\/wp\/v2\/categories?post=25656"},{"taxonomy":"post_tag","embeddable":true,"href":"https:\/\/www.aparences.net\/es\/wp-json\/wp\/v2\/tags?post=25656"}],"curies":[{"name":"wp","href":"https:\/\/api.w.org\/{rel}","templated":true}]}}