{"id":25681,"date":"2022-11-28T11:11:14","date_gmt":"2022-11-28T10:11:14","guid":{"rendered":"https:\/\/www.aparences.net\/?p=25681"},"modified":"2022-11-28T11:11:16","modified_gmt":"2022-11-28T10:11:16","slug":"alice-neel","status":"publish","type":"post","link":"https:\/\/www.aparences.net\/es\/actualidad\/alice-neel\/","title":{"rendered":"Alice Neel"},"content":{"rendered":"\n<p>El <a href=\"https:\/\/www.centrepompidou.fr\/fr\/\">Centro Pompidou<\/a> consagra una exposici\u00f3n a Alice Neel (1900-1984), figura destacada del arte norteamericano, quien dedic\u00f3 toda su carrera a retratar a los marginados. Ignorada en vida, esta extraordinaria pintora es hoy alabada por la gran agudeza con la que plasm\u00f3 los diferentes estratos de la sociedad estadounidense.&nbsp;Icono del feminismo militante y precursora de un enfoque interseccional, Neel pint\u00f3 desnudos de mujeres lejos del canon cl\u00e1sico de belleza creado por la mirada masculina, sin sentimentalismos. Mujer libre e independiente, la artista fue a <strong>contracorriente de las vanguardias de la \u00e9poca<\/strong> y con su pintura figurativa atraves\u00f3 los periodos de la abstracci\u00f3n triunfante, el pop art, el minimalismo y el arte conceptual. La exposici\u00f3n est\u00e1 dividida en dos partes concebidas a partir de los conceptos de lucha de clases y de g\u00e9nero. En total, se exponen unos 75 cuadros y dibujos.<\/p>\n\n\n\n<div class=\"wp-block-image\"><figure class=\"aligncenter size-full\"><img loading=\"lazy\" decoding=\"async\" width=\"327\" height=\"460\" src=\"https:\/\/www.aparences.net\/wp-content\/uploads\/2022\/11\/alice-neel-marxist-girl-irene-peslikis-1972.jpg\" alt=\"\" class=\"wp-image-25676\" srcset=\"https:\/\/www.aparences.net\/wp-content\/uploads\/2022\/11\/alice-neel-marxist-girl-irene-peslikis-1972.jpg 327w, https:\/\/www.aparences.net\/wp-content\/uploads\/2022\/11\/alice-neel-marxist-girl-irene-peslikis-1972-160x225.jpg 160w, https:\/\/www.aparences.net\/wp-content\/uploads\/2022\/11\/alice-neel-marxist-girl-irene-peslikis-1972-73x102.jpg 73w, https:\/\/www.aparences.net\/wp-content\/uploads\/2022\/11\/alice-neel-marxist-girl-irene-peslikis-1972-156x220.jpg 156w\" sizes=\"auto, (max-width: 327px) 100vw, 327px\" \/><figcaption><em><strong>Marxist Girl, Irene Peslikis<\/strong>, 1972, <strong>Alice Neel<\/strong>, Colecci\u00f3n privada.<\/em><\/figcaption><\/figure><\/div>\n\n\n\n<div class=\"wp-block-image\"><figure class=\"aligncenter size-full\"><img loading=\"lazy\" decoding=\"async\" width=\"382\" height=\"460\" src=\"https:\/\/www.aparences.net\/wp-content\/uploads\/2022\/11\/alice-neel-the-spanish-famille-1943.jpg\" alt=\"\" class=\"wp-image-25678\" srcset=\"https:\/\/www.aparences.net\/wp-content\/uploads\/2022\/11\/alice-neel-the-spanish-famille-1943.jpg 382w, https:\/\/www.aparences.net\/wp-content\/uploads\/2022\/11\/alice-neel-the-spanish-famille-1943-160x193.jpg 160w, https:\/\/www.aparences.net\/wp-content\/uploads\/2022\/11\/alice-neel-the-spanish-famille-1943-85x102.jpg 85w, https:\/\/www.aparences.net\/wp-content\/uploads\/2022\/11\/alice-neel-the-spanish-famille-1943-183x220.jpg 183w\" sizes=\"auto, (max-width: 382px) 100vw, 382px\" \/><figcaption><em><strong>The Spanish Family<\/strong>, 1943, <strong>Alice Neel<\/strong>, Par\u00eds, Centro Pompidou.<\/em><\/figcaption><\/figure><\/div>\n","protected":false},"excerpt":{"rendered":"<p>El Centro Pompidou consagra una exposici\u00f3n a Alice Neel (1900-1984), figura destacada del arte norteamericano, quien dedic\u00f3 toda su carrera a retratar a los marginados. [&#8230;]<\/p>\n","protected":false},"author":2,"featured_media":25680,"comment_status":"closed","ping_status":"closed","sticky":false,"template":"","format":"standard","meta":{"footnotes":""},"categories":[2368,2605],"tags":[],"class_list":["post-25681","post","type-post","status-publish","format-standard","has-post-thumbnail","hentry","category-actualidad","category-exposiciones"],"yoast_head":"<!-- This site is optimized with the Yoast SEO plugin v27.2 - https:\/\/yoast.com\/product\/yoast-seo-wordpress\/ -->\n<title>Alice Neel<\/title>\n<meta name=\"description\" content=\"El Centro Pompidou consagra una exposici\u00f3n a Alice Neel (1900-1984), figura destacada del arte norteamericano, quien dedic\u00f3 toda su carrera a retratar a\" \/>\n<meta name=\"robots\" content=\"index, follow, max-snippet:-1, max-image-preview:large, max-video-preview:-1\" \/>\n<link rel=\"canonical\" href=\"https:\/\/www.aparences.net\/es\/actualidad\/alice-neel\/\" \/>\n<meta property=\"og:locale\" content=\"es_ES\" \/>\n<meta property=\"og:type\" content=\"article\" \/>\n<meta property=\"og:title\" content=\"Alice Neel\" \/>\n<meta property=\"og:description\" content=\"El Centro Pompidou consagra una exposici\u00f3n a Alice Neel (1900-1984), figura destacada del arte norteamericano, quien dedic\u00f3 toda su carrera a retratar a\" \/>\n<meta property=\"og:url\" content=\"https:\/\/www.aparences.net\/es\/actualidad\/alice-neel\/\" \/>\n<meta property=\"og:site_name\" content=\"Aparences\" \/>\n<meta property=\"article:published_time\" content=\"2022-11-28T10:11:14+00:00\" \/>\n<meta property=\"article:modified_time\" content=\"2022-11-28T10:11:16+00:00\" \/>\n<meta property=\"og:image\" content=\"https:\/\/www.aparences.net\/wp-content\/uploads\/2022\/11\/alice-neel-centre-pompidou.jpg\" \/>\n\t<meta property=\"og:image:width\" content=\"1080\" \/>\n\t<meta property=\"og:image:height\" content=\"540\" \/>\n\t<meta property=\"og:image:type\" content=\"image\/jpeg\" \/>\n<meta name=\"author\" content=\"admin\" \/>\n<meta name=\"twitter:card\" content=\"summary_large_image\" \/>\n<meta name=\"twitter:label1\" content=\"Escrito por\" \/>\n\t<meta name=\"twitter:data1\" content=\"admin\" \/>\n\t<meta name=\"twitter:label2\" content=\"Tiempo de lectura\" \/>\n\t<meta name=\"twitter:data2\" content=\"1 minuto\" \/>\n<script type=\"application\/ld+json\" class=\"yoast-schema-graph\">{\"@context\":\"https:\/\/schema.org\",\"@graph\":[{\"@type\":\"Article\",\"@id\":\"https:\/\/www.aparences.net\/es\/actualidad\/alice-neel\/#article\",\"isPartOf\":{\"@id\":\"https:\/\/www.aparences.net\/es\/actualidad\/alice-neel\/\"},\"author\":{\"name\":\"admin\",\"@id\":\"https:\/\/www.aparences.net\/es\/#\/schema\/person\/af349f6ffc31b16c68963e61268afca5\"},\"headline\":\"Alice Neel\",\"datePublished\":\"2022-11-28T10:11:14+00:00\",\"dateModified\":\"2022-11-28T10:11:16+00:00\",\"mainEntityOfPage\":{\"@id\":\"https:\/\/www.aparences.net\/es\/actualidad\/alice-neel\/\"},\"wordCount\":167,\"publisher\":{\"@id\":\"https:\/\/www.aparences.net\/es\/#organization\"},\"image\":{\"@id\":\"https:\/\/www.aparences.net\/es\/actualidad\/alice-neel\/#primaryimage\"},\"thumbnailUrl\":\"https:\/\/www.aparences.net\/wp-content\/uploads\/2022\/11\/alice-neel-centre-pompidou.jpg\",\"articleSection\":[\"Actualidad\",\"Exposiciones\"],\"inLanguage\":\"es\"},{\"@type\":[\"WebPage\",\"ItemPage\"],\"@id\":\"https:\/\/www.aparences.net\/es\/actualidad\/alice-neel\/\",\"url\":\"https:\/\/www.aparences.net\/es\/actualidad\/alice-neel\/\",\"name\":\"Alice Neel\",\"isPartOf\":{\"@id\":\"https:\/\/www.aparences.net\/es\/#website\"},\"primaryImageOfPage\":{\"@id\":\"https:\/\/www.aparences.net\/es\/actualidad\/alice-neel\/#primaryimage\"},\"image\":{\"@id\":\"https:\/\/www.aparences.net\/es\/actualidad\/alice-neel\/#primaryimage\"},\"thumbnailUrl\":\"https:\/\/www.aparences.net\/wp-content\/uploads\/2022\/11\/alice-neel-centre-pompidou.jpg\",\"datePublished\":\"2022-11-28T10:11:14+00:00\",\"dateModified\":\"2022-11-28T10:11:16+00:00\",\"description\":\"El Centro Pompidou consagra una exposici\u00f3n a Alice Neel (1900-1984), figura destacada del arte norteamericano, quien dedic\u00f3 toda su carrera a retratar a\",\"breadcrumb\":{\"@id\":\"https:\/\/www.aparences.net\/es\/actualidad\/alice-neel\/#breadcrumb\"},\"inLanguage\":\"es\",\"potentialAction\":[{\"@type\":\"ReadAction\",\"target\":[\"https:\/\/www.aparences.net\/es\/actualidad\/alice-neel\/\"]}]},{\"@type\":\"ImageObject\",\"inLanguage\":\"es\",\"@id\":\"https:\/\/www.aparences.net\/es\/actualidad\/alice-neel\/#primaryimage\",\"url\":\"https:\/\/www.aparences.net\/wp-content\/uploads\/2022\/11\/alice-neel-centre-pompidou.jpg\",\"contentUrl\":\"https:\/\/www.aparences.net\/wp-content\/uploads\/2022\/11\/alice-neel-centre-pompidou.jpg\",\"width\":1080,\"height\":540},{\"@type\":\"BreadcrumbList\",\"@id\":\"https:\/\/www.aparences.net\/es\/actualidad\/alice-neel\/#breadcrumb\",\"itemListElement\":[{\"@type\":\"ListItem\",\"position\":1,\"name\":\"Portada\",\"item\":\"https:\/\/www.aparences.net\/es\/\"},{\"@type\":\"ListItem\",\"position\":2,\"name\":\"Alice Neel\"}]},{\"@type\":\"WebSite\",\"@id\":\"https:\/\/www.aparences.net\/es\/#website\",\"url\":\"https:\/\/www.aparences.net\/es\/\",\"name\":\"Aparences: Historia del Arte y Actualidad Cultural\",\"description\":\"\",\"publisher\":{\"@id\":\"https:\/\/www.aparences.net\/es\/#organization\"},\"potentialAction\":[{\"@type\":\"SearchAction\",\"target\":{\"@type\":\"EntryPoint\",\"urlTemplate\":\"https:\/\/www.aparences.net\/es\/?s={search_term_string}\"},\"query-input\":{\"@type\":\"PropertyValueSpecification\",\"valueRequired\":true,\"valueName\":\"search_term_string\"}}],\"inLanguage\":\"es\"},{\"@type\":\"Organization\",\"@id\":\"https:\/\/www.aparences.net\/es\/#organization\",\"name\":\"Aparences: Historia del Arte y Actualidad Cultural\",\"url\":\"https:\/\/www.aparences.net\/es\/\",\"logo\":{\"@type\":\"ImageObject\",\"inLanguage\":\"es\",\"@id\":\"https:\/\/www.aparences.net\/es\/#\/schema\/logo\/image\/\",\"url\":\"https:\/\/www.aparences.net\/wp-content\/uploads\/2023\/09\/logo-quadrat-color-e1695915315229.png\",\"contentUrl\":\"https:\/\/www.aparences.net\/wp-content\/uploads\/2023\/09\/logo-quadrat-color-e1695915315229.png\",\"width\":120,\"height\":120,\"caption\":\"Aparences: Historia del Arte y Actualidad Cultural\"},\"image\":{\"@id\":\"https:\/\/www.aparences.net\/es\/#\/schema\/logo\/image\/\"}},{\"@type\":\"Person\",\"@id\":\"https:\/\/www.aparences.net\/es\/#\/schema\/person\/af349f6ffc31b16c68963e61268afca5\",\"name\":\"admin\",\"url\":\"https:\/\/www.aparences.net\/es\/author\/admin\/\"}]}<\/script>\n<!-- \/ Yoast SEO plugin. -->","yoast_head_json":{"title":"Alice Neel","description":"El Centro Pompidou consagra una exposici\u00f3n a Alice Neel (1900-1984), figura destacada del arte norteamericano, quien dedic\u00f3 toda su carrera a retratar a","robots":{"index":"index","follow":"follow","max-snippet":"max-snippet:-1","max-image-preview":"max-image-preview:large","max-video-preview":"max-video-preview:-1"},"canonical":"https:\/\/www.aparences.net\/es\/actualidad\/alice-neel\/","og_locale":"es_ES","og_type":"article","og_title":"Alice Neel","og_description":"El Centro Pompidou consagra una exposici\u00f3n a Alice Neel (1900-1984), figura destacada del arte norteamericano, quien dedic\u00f3 toda su carrera a retratar a","og_url":"https:\/\/www.aparences.net\/es\/actualidad\/alice-neel\/","og_site_name":"Aparences","article_published_time":"2022-11-28T10:11:14+00:00","article_modified_time":"2022-11-28T10:11:16+00:00","og_image":[{"width":1080,"height":540,"url":"https:\/\/www.aparences.net\/wp-content\/uploads\/2022\/11\/alice-neel-centre-pompidou.jpg","type":"image\/jpeg"}],"author":"admin","twitter_card":"summary_large_image","twitter_misc":{"Escrito por":"admin","Tiempo de lectura":"1 minuto"},"schema":{"@context":"https:\/\/schema.org","@graph":[{"@type":"Article","@id":"https:\/\/www.aparences.net\/es\/actualidad\/alice-neel\/#article","isPartOf":{"@id":"https:\/\/www.aparences.net\/es\/actualidad\/alice-neel\/"},"author":{"name":"admin","@id":"https:\/\/www.aparences.net\/es\/#\/schema\/person\/af349f6ffc31b16c68963e61268afca5"},"headline":"Alice Neel","datePublished":"2022-11-28T10:11:14+00:00","dateModified":"2022-11-28T10:11:16+00:00","mainEntityOfPage":{"@id":"https:\/\/www.aparences.net\/es\/actualidad\/alice-neel\/"},"wordCount":167,"publisher":{"@id":"https:\/\/www.aparences.net\/es\/#organization"},"image":{"@id":"https:\/\/www.aparences.net\/es\/actualidad\/alice-neel\/#primaryimage"},"thumbnailUrl":"https:\/\/www.aparences.net\/wp-content\/uploads\/2022\/11\/alice-neel-centre-pompidou.jpg","articleSection":["Actualidad","Exposiciones"],"inLanguage":"es"},{"@type":["WebPage","ItemPage"],"@id":"https:\/\/www.aparences.net\/es\/actualidad\/alice-neel\/","url":"https:\/\/www.aparences.net\/es\/actualidad\/alice-neel\/","name":"Alice Neel","isPartOf":{"@id":"https:\/\/www.aparences.net\/es\/#website"},"primaryImageOfPage":{"@id":"https:\/\/www.aparences.net\/es\/actualidad\/alice-neel\/#primaryimage"},"image":{"@id":"https:\/\/www.aparences.net\/es\/actualidad\/alice-neel\/#primaryimage"},"thumbnailUrl":"https:\/\/www.aparences.net\/wp-content\/uploads\/2022\/11\/alice-neel-centre-pompidou.jpg","datePublished":"2022-11-28T10:11:14+00:00","dateModified":"2022-11-28T10:11:16+00:00","description":"El Centro Pompidou consagra una exposici\u00f3n a Alice Neel (1900-1984), figura destacada del arte norteamericano, quien dedic\u00f3 toda su carrera a retratar a","breadcrumb":{"@id":"https:\/\/www.aparences.net\/es\/actualidad\/alice-neel\/#breadcrumb"},"inLanguage":"es","potentialAction":[{"@type":"ReadAction","target":["https:\/\/www.aparences.net\/es\/actualidad\/alice-neel\/"]}]},{"@type":"ImageObject","inLanguage":"es","@id":"https:\/\/www.aparences.net\/es\/actualidad\/alice-neel\/#primaryimage","url":"https:\/\/www.aparences.net\/wp-content\/uploads\/2022\/11\/alice-neel-centre-pompidou.jpg","contentUrl":"https:\/\/www.aparences.net\/wp-content\/uploads\/2022\/11\/alice-neel-centre-pompidou.jpg","width":1080,"height":540},{"@type":"BreadcrumbList","@id":"https:\/\/www.aparences.net\/es\/actualidad\/alice-neel\/#breadcrumb","itemListElement":[{"@type":"ListItem","position":1,"name":"Portada","item":"https:\/\/www.aparences.net\/es\/"},{"@type":"ListItem","position":2,"name":"Alice Neel"}]},{"@type":"WebSite","@id":"https:\/\/www.aparences.net\/es\/#website","url":"https:\/\/www.aparences.net\/es\/","name":"Aparences: Historia del Arte y Actualidad Cultural","description":"","publisher":{"@id":"https:\/\/www.aparences.net\/es\/#organization"},"potentialAction":[{"@type":"SearchAction","target":{"@type":"EntryPoint","urlTemplate":"https:\/\/www.aparences.net\/es\/?s={search_term_string}"},"query-input":{"@type":"PropertyValueSpecification","valueRequired":true,"valueName":"search_term_string"}}],"inLanguage":"es"},{"@type":"Organization","@id":"https:\/\/www.aparences.net\/es\/#organization","name":"Aparences: Historia del Arte y Actualidad Cultural","url":"https:\/\/www.aparences.net\/es\/","logo":{"@type":"ImageObject","inLanguage":"es","@id":"https:\/\/www.aparences.net\/es\/#\/schema\/logo\/image\/","url":"https:\/\/www.aparences.net\/wp-content\/uploads\/2023\/09\/logo-quadrat-color-e1695915315229.png","contentUrl":"https:\/\/www.aparences.net\/wp-content\/uploads\/2023\/09\/logo-quadrat-color-e1695915315229.png","width":120,"height":120,"caption":"Aparences: Historia del Arte y Actualidad Cultural"},"image":{"@id":"https:\/\/www.aparences.net\/es\/#\/schema\/logo\/image\/"}},{"@type":"Person","@id":"https:\/\/www.aparences.net\/es\/#\/schema\/person\/af349f6ffc31b16c68963e61268afca5","name":"admin","url":"https:\/\/www.aparences.net\/es\/author\/admin\/"}]}},"_links":{"self":[{"href":"https:\/\/www.aparences.net\/es\/wp-json\/wp\/v2\/posts\/25681","targetHints":{"allow":["GET"]}}],"collection":[{"href":"https:\/\/www.aparences.net\/es\/wp-json\/wp\/v2\/posts"}],"about":[{"href":"https:\/\/www.aparences.net\/es\/wp-json\/wp\/v2\/types\/post"}],"author":[{"embeddable":true,"href":"https:\/\/www.aparences.net\/es\/wp-json\/wp\/v2\/users\/2"}],"replies":[{"embeddable":true,"href":"https:\/\/www.aparences.net\/es\/wp-json\/wp\/v2\/comments?post=25681"}],"version-history":[{"count":0,"href":"https:\/\/www.aparences.net\/es\/wp-json\/wp\/v2\/posts\/25681\/revisions"}],"wp:featuredmedia":[{"embeddable":true,"href":"https:\/\/www.aparences.net\/es\/wp-json\/wp\/v2\/media\/25680"}],"wp:attachment":[{"href":"https:\/\/www.aparences.net\/es\/wp-json\/wp\/v2\/media?parent=25681"}],"wp:term":[{"taxonomy":"category","embeddable":true,"href":"https:\/\/www.aparences.net\/es\/wp-json\/wp\/v2\/categories?post=25681"},{"taxonomy":"post_tag","embeddable":true,"href":"https:\/\/www.aparences.net\/es\/wp-json\/wp\/v2\/tags?post=25681"}],"curies":[{"name":"wp","href":"https:\/\/api.w.org\/{rel}","templated":true}]}}