{"id":26036,"date":"2023-03-16T07:56:55","date_gmt":"2023-03-16T06:56:55","guid":{"rendered":"https:\/\/www.aparences.net\/?p=26036"},"modified":"2025-12-11T19:40:55","modified_gmt":"2025-12-11T18:40:55","slug":"realismo-magico-contemporaneo","status":"publish","type":"post","link":"https:\/\/www.aparences.net\/es\/arte-contemporaneo\/realismo-magico-contemporaneo\/realismo-magico-contemporaneo\/","title":{"rendered":"Realismo m\u00e1gico contempor\u00e1neo"},"content":{"rendered":"<p><!--contents--><\/p>\n\n\n<h2 class=\"wp-block-heading\">El realismo m\u00e1gico<\/h2>\n\n\n\n<p>La fusi\u00f3n del presente y el pasado, la invenci\u00f3n de objetos extra\u00f1os, la yuxtaposici\u00f3n de cosas diferentes y la representaci\u00f3n de la alienaci\u00f3n son s\u00f3lo algunas de las formas en que los pintores del realismo m\u00e1gico evocan el car\u00e1cter misterioso y extra\u00f1o de la realidad cotidiana. El movimiento se remonta a la d\u00e9cada de 1920 en Alemania y tiene sus ra\u00edces en la literatura. En pintura, el realismo m\u00e1gico se opon\u00eda a la subjetividad individual de los artistas de vanguardia anteriores. En 1925, el cr\u00edtico alem\u00e1n <a href=\"https:\/\/es.wikipedia.org\/wiki\/Franz_Roh\">Franz Roh<\/a> describi\u00f3 los cuadros del realismo m\u00e1gico como \u00abenigmas de quietud\u00bb. A diferencia de su colega y amigo Otto Dix, de la <a href=\"https:\/\/www.aparences.net\/es\/periodos\/arte-moderno\/la-nueva-objetividad-neue-sachlichkeit\/\">Neue Sachlichkeit (Nueva Objetividad)<\/a>, el pintor Franz Radziwill (1895-1983) no opt\u00f3 por la s\u00e1tira cultural mordaz, sino por plasmar la rareza de un mundo en r\u00e1pida transformaci\u00f3n que incide en los modos de vida tradicionales y en lo absurdo de la existencia. En 1943, la exposici\u00f3n \u00abRealismo m\u00e1gico\u00bb del Museo de Arte Moderno de Nueva York defini\u00f3 este movimiento. Los comisarios describen a artistas que utilizan \u00abuna visi\u00f3n aguda y una representaci\u00f3n precisa\u00bb para \u00abhacer veros\u00edmiles y convincentes sus im\u00e1genes improbables, on\u00edricas y fant\u00e1sticas\u00bb. Recurriendo a menudo a detalles extra\u00f1os y perspectivas inusuales, los artistas consiguen transmitir la fascinaci\u00f3n de la realidad observable.<\/p>\n\n\n<div class=\"wp-block-image\">\n<figure class=\"aligncenter size-full\"><img loading=\"lazy\" decoding=\"async\" width=\"578\" height=\"531\" src=\"https:\/\/www.aparences.net\/wp-content\/uploads\/2023\/10\/franz-radziwill-der-bunte-gasometer-1960.webp\" alt=\"Der bunte Gasometer, 1960, Franz Radziwill\" class=\"wp-image-27919\" title=\"Der bunte Gasometer, 1960, Franz Radziwill\"\/><figcaption class=\"wp-element-caption\"><em><strong>Der bunte Gasometer<\/strong>, 1960, <strong>Franz Radziwill<\/strong>, Bremen, Kunsthalle.<\/em><\/figcaption><\/figure>\n<\/div>\n\n\n<p>El cuadro <em>La sala de espera<\/em>, de George Tooker (1920-2011), evoca el conformismo de los a\u00f1os 50 y subraya la expresi\u00f3n p\u00e1lida y congelada de las figuras. Las personas se sit\u00faan en cabinas numeradas, evocando ideas de estandarizaci\u00f3n que fuerzan a la gente a entrar en categor\u00edas predefinidas. El hombre de la izquierda parece estar a cargo de la \u00abclasificaci\u00f3n\u00bb, creando una visi\u00f3n siniestra de la vigilancia gubernamental.<\/p>\n\n\n<div class=\"wp-block-image\">\n<figure class=\"aligncenter size-full\"><img loading=\"lazy\" decoding=\"async\" width=\"578\" height=\"460\" src=\"https:\/\/www.aparences.net\/wp-content\/uploads\/2023\/10\/george-tooker-the-waiting-room-1959.webp\" alt=\"The Waiting Room (La sala de espera), 1959, George Tooker\" class=\"wp-image-27921\" title=\"The Waiting Room (La sala de espera), 1959, George Tooker\"\/><figcaption class=\"wp-element-caption\"><em><strong>The Waiting Room<\/strong> (La sala de espera), 1959, <strong>George Tooker<\/strong>, Washington, Smithsonian American Art Museum.<\/em><\/figcaption><\/figure>\n<\/div>\n\n<div class=\"wp-block-image\">\n<figure class=\"aligncenter size-full\"><img loading=\"lazy\" decoding=\"async\" width=\"578\" height=\"402\" src=\"https:\/\/www.aparences.net\/wp-content\/uploads\/2023\/10\/radziwill-beach-of-dangast-with-flying-boat-1929.webp\" alt=\"Beach-of-Dangast-with-Flying-Boat, 1929, Franz Radziwill\" class=\"wp-image-27923\" title=\"Beach-of-Dangast-with-Flying-Boat, 1929, Franz Radziwill\"\/><figcaption class=\"wp-element-caption\"><em><strong>Beach-of-Dangast-with-Flying-Boat<\/strong>, 1929, <strong>Franz Radziwill<\/strong>, Oldenburg, State Museum for Art Cultural History.<\/em><\/figcaption><\/figure>\n<\/div>\n\n\n<!-- AdBoxRight2020 --><ins class=\"adsbygoogle\"     style=\"display:block; margin-top:30px;\"     data-ad-client=\"ca-pub-2468002815867636\"     data-ad-slot=\"3496014735\"     data-ad-format=\"auto\"     data-full-width-responsive=\"false\"><\/ins><script> (adsbygoogle = window.adsbygoogle || []).push({});<\/script><h2 class=\"wp-block-heading\">Realismo m\u00e1gico contempor\u00e1neo<\/h2>\n\n\n\n<p>Aunque gan\u00f3 terreno tras la Primera Guerra Mundial y evolucion\u00f3 de innumerables maneras despu\u00e9s de la Segunda, el realismo m\u00e1gico sigue cautivando a artistas y p\u00fablico por igual, ya que lo asombroso inherente a la existencia parece perseverar en las obras de esta tendencia. Probablemente, el artista contempor\u00e1neo m\u00e1s famoso que trabaja con el esp\u00edritu del realismo m\u00e1gico es <a href=\"https:\/\/www.aparences.net\/es\/arte-contemporaneo\/realismo-magico-contemporaneo\/peter-doig\/\">Peter Doig<\/a> (1959). Otros artistas que trabajan en esta l\u00ednea son el pintor rumano Stefan C\u00e2ltia (1942), el artista canadiense <a href=\"https:\/\/www.aparences.net\/es\/arte-contemporaneo\/realismo-magico-contemporaneo\/alex-colville-y-el-realismo-magico\/\">Alex Colville<\/a> (1920-2013) y John Stuart Ingle (1933-2010), cuyas creaciones, seg\u00fan la cr\u00edtica de arte Vivien Raynor, \u00abdemuestran que el realismo m\u00e1gico est\u00e1 vivo\u00bb. Ingle desarroll\u00f3 un lenguaje profundamente realista, sobre todo en su representaci\u00f3n de la naturaleza muerta, que parece poseer una cualidad intangible. Colville incorpora aun m\u00e1s simbolismo en sus obras, que a menudo tienen una misteriosa y fuerte narrativa, como en el cuadro <em>Pacific<\/em> (1967), en la que una pistola \u00abreposa\u00bb solitaria en una mesa vac\u00eda y un joven con el torso desnudo mira fijamente a trav\u00e9s de una pared hecha de ventanas una ola oce\u00e1nica rompiendo en la orilla. La artista portuguesa <a href=\"https:\/\/www.aparences.net\/es\/arte-contemporaneo\/realismo-magico-contemporaneo\/paula-rego\/\">Paula Rego<\/a> (1935-2022) crea un lenguaje art\u00edstico con un alto nivel de narrativa y simbolismo, recurriendo a di\u00e1logos m\u00e1gicos y a menudo de cuento de hadas. Aunque frecuentemente se la relaciona con el surrealismo y el expresionismo, su uso del dibujo, sus complejas narraciones y su forma metaf\u00f3rica y cr\u00edtica de representar la realidad, tambi\u00e9n establecen estrechos v\u00ednculos con el realismo m\u00e1gico.<\/p>\n\n\n<div class=\"wp-block-image\">\n<figure class=\"aligncenter size-full\"><img loading=\"lazy\" decoding=\"async\" width=\"630\" height=\"400\" src=\"https:\/\/www.aparences.net\/wp-content\/uploads\/2023\/10\/peter-doig-grande-riviere-2001-2002-1.webp\" alt=\"Grande Rivi\u00e8re, 2001-2002, Peter Doig\" class=\"wp-image-27925\" title=\"Grande Rivi\u00e8re, 2001-2002, Peter Doig\"\/><figcaption class=\"wp-element-caption\"><em><strong>Grande Rivi\u00e8re<\/strong>, 2001-2002, <strong>Peter Doig<\/strong>, Colecci\u00f3n privada.<\/em><\/figcaption><\/figure>\n<\/div>\n\n<div class=\"wp-block-image\">\n<figure class=\"aligncenter size-full\"><img loading=\"lazy\" decoding=\"async\" width=\"475\" height=\"460\" src=\"https:\/\/www.aparences.net\/wp-content\/uploads\/2023\/10\/stefan-caltia-clovnul-cu-haina-rosie-1998.webp\" alt=\"Clovnul cu Haina Rosie, 1998, Stefan C\u00e2ltia\" class=\"wp-image-27928\" title=\"Clovnul cu Haina Rosie, 1998, Stefan C\u00e2ltia\"\/><figcaption class=\"wp-element-caption\"><em><strong>Clovnul cu Haina Rosie<\/strong>, 1998, <strong>Stefan C\u00e2ltia<\/strong>, Colecci\u00f3n privada.<\/em><\/figcaption><\/figure>\n<\/div>\n\n<div class=\"wp-block-image\">\n<figure class=\"aligncenter size-full\"><img loading=\"lazy\" decoding=\"async\" width=\"475\" height=\"480\" src=\"https:\/\/www.aparences.net\/wp-content\/uploads\/2023\/10\/john-stuart-ingle-fancy-chocolates-and-bon-bons-with-cigar-box-1985.webp\" alt=\"Fancy Chocolates and Bon-bons with Cigar Box, 1985, John Stuart Ingle\" class=\"wp-image-27930\" title=\"Fancy Chocolates and Bon-bons with Cigar Box, 1985, John Stuart Ingle\" srcset=\"https:\/\/www.aparences.net\/wp-content\/uploads\/2023\/10\/john-stuart-ingle-fancy-chocolates-and-bon-bons-with-cigar-box-1985.webp 475w, https:\/\/www.aparences.net\/wp-content\/uploads\/2023\/10\/john-stuart-ingle-fancy-chocolates-and-bon-bons-with-cigar-box-1985-100x100.webp 100w\" sizes=\"auto, (max-width: 475px) 100vw, 475px\" \/><figcaption class=\"wp-element-caption\"><em><strong>Fancy Chocolates and Bon-bons with Cigar Box<\/strong>, 1985, <strong>John Stuart Ingle<\/strong>, Colecci\u00f3n privada.<\/em><\/figcaption><\/figure>\n<\/div>\n\n<div class=\"wp-block-image\">\n<figure class=\"aligncenter size-full\"><img loading=\"lazy\" decoding=\"async\" width=\"475\" height=\"475\" src=\"https:\/\/www.aparences.net\/wp-content\/uploads\/2023\/10\/alex-colville-pacific-1967.webp\" alt=\"Pacific, 1967, Alex Colville\" class=\"wp-image-27932\" title=\"Pacific, 1967, Alex Colville\" srcset=\"https:\/\/www.aparences.net\/wp-content\/uploads\/2023\/10\/alex-colville-pacific-1967.webp 475w, https:\/\/www.aparences.net\/wp-content\/uploads\/2023\/10\/alex-colville-pacific-1967-100x100.webp 100w, https:\/\/www.aparences.net\/wp-content\/uploads\/2023\/10\/alex-colville-pacific-1967-150x150.webp 150w\" sizes=\"auto, (max-width: 475px) 100vw, 475px\" \/><figcaption class=\"wp-element-caption\"><em><strong>Pacific<\/strong>, 1967, <strong>Alex Colville<\/strong>, Colecci\u00f3n privada.<\/em><\/figcaption><\/figure>\n<\/div>\n\n<div class=\"wp-block-image\">\n<figure class=\"aligncenter size-full\"><img loading=\"lazy\" decoding=\"async\" width=\"630\" height=\"421\" src=\"https:\/\/www.aparences.net\/wp-content\/uploads\/2023\/10\/paula-rego-painting-him-out-2011.webp\" alt=\"Painting Him Out, 2011, Paula Rego\" class=\"wp-image-27934\" title=\"Painting Him Out, 2011, Paula Rego\"\/><figcaption class=\"wp-element-caption\"><em><strong>Painting Him Out<\/strong>, 2011, <strong>Paula Rego<\/strong>, Colecci\u00f3n privada.<\/em><\/figcaption><\/figure>\n<\/div>\n\n\n<p>Otro artista contempor\u00e1neo es el estadounidense <strong>Gary Ruddell<\/strong> (1951), cuyas pinturas figurativas se inspiran en recuerdos familiares y en las posibilidades de la ficci\u00f3n. Concibe sus obras on\u00edricas como si fueran \u00abfotogramas congelados\u00bb extra\u00eddos de una narraci\u00f3n m\u00e1s amplia. Los cuadros de Ruddell representan momentos de juego y ternura, as\u00ed como actos de valent\u00eda, como balancearse en un columpio o hacer un backbending. A menudo, el artista transmite lo m\u00e1gico en los simples y borrosos movimientos de las figuras y los fondos sencillos de sus cuadros. En su obra, Ruddell utiliza colores vivos, l\u00edneas gr\u00e1ficas y efectos de desenfoque, situando a sus figuras en un mundo de fantas\u00eda, a veces con una fuerte carga psicol\u00f3gica.<\/p>\n\n\n<div class=\"wp-block-image\">\n<figure class=\"aligncenter size-full\"><img loading=\"lazy\" decoding=\"async\" width=\"459\" height=\"461\" src=\"https:\/\/www.aparences.net\/wp-content\/uploads\/2023\/10\/gary-ruddell-watch-and-learn-2022.webp\" alt=\"Watch and Learn, 2022, Gary Ruddell\" class=\"wp-image-27936\" title=\"Watch and Learn, 2022, Gary Ruddell\" srcset=\"https:\/\/www.aparences.net\/wp-content\/uploads\/2023\/10\/gary-ruddell-watch-and-learn-2022.webp 459w, https:\/\/www.aparences.net\/wp-content\/uploads\/2023\/10\/gary-ruddell-watch-and-learn-2022-100x100.webp 100w, https:\/\/www.aparences.net\/wp-content\/uploads\/2023\/10\/gary-ruddell-watch-and-learn-2022-150x150.webp 150w\" sizes=\"auto, (max-width: 459px) 100vw, 459px\" \/><figcaption class=\"wp-element-caption\"><em><strong>Watch and Learn<\/strong>, 2022, <strong>Gary Ruddell<\/strong>, Colecci\u00f3n privada.<\/em><\/figcaption><\/figure>\n<\/div>\n\n<div class=\"wp-block-image\">\n<figure class=\"aligncenter size-full\"><img loading=\"lazy\" decoding=\"async\" width=\"459\" height=\"460\" src=\"https:\/\/www.aparences.net\/wp-content\/uploads\/2023\/10\/gary-ruddell-arriving-and-departing-2012.webp\" alt=\"Arriving and Departing, 2012, Gary Ruddell\" class=\"wp-image-27938\" title=\"Arriving and Departing, 2012, Gary Ruddell\" srcset=\"https:\/\/www.aparences.net\/wp-content\/uploads\/2023\/10\/gary-ruddell-arriving-and-departing-2012.webp 459w, https:\/\/www.aparences.net\/wp-content\/uploads\/2023\/10\/gary-ruddell-arriving-and-departing-2012-100x100.webp 100w, https:\/\/www.aparences.net\/wp-content\/uploads\/2023\/10\/gary-ruddell-arriving-and-departing-2012-150x150.webp 150w\" sizes=\"auto, (max-width: 459px) 100vw, 459px\" \/><figcaption class=\"wp-element-caption\"><em><strong>Arriving and Departing<\/strong>, 2012, <strong>Gary Ruddell<\/strong>, Colecci\u00f3n privada.<\/em><\/figcaption><\/figure>\n<\/div>\n\n<div class=\"wp-block-image\">\n<figure class=\"aligncenter size-full\"><img loading=\"lazy\" decoding=\"async\" width=\"459\" height=\"483\" src=\"https:\/\/www.aparences.net\/wp-content\/uploads\/2023\/10\/gary-ruddell-safe-boy-with-lamb-2020.webp\" alt=\"Safe, boy whit lamb, 2020, Gary Ruddell\" class=\"wp-image-27940\" title=\"Safe, boy whit lamb, 2020, Gary Ruddell\"\/><figcaption class=\"wp-element-caption\"><em><strong>Safe, boy whit lamb<\/strong>, 2020, <strong>Gary Ruddell<\/strong>, Colecci\u00f3n privada.<\/em><\/figcaption><\/figure>\n<\/div>\n\n<div class=\"wp-block-image\">\n<figure class=\"aligncenter size-full\"><img loading=\"lazy\" decoding=\"async\" width=\"459\" height=\"457\" src=\"https:\/\/www.aparences.net\/wp-content\/uploads\/2023\/10\/gary-ruddell-kite-flying-2020.webp\" alt=\"Cite Flying, 2020, Gary Ruddell\" class=\"wp-image-27942\" title=\"Cite Flying, 2020, Gary Ruddell\" srcset=\"https:\/\/www.aparences.net\/wp-content\/uploads\/2023\/10\/gary-ruddell-kite-flying-2020.webp 459w, https:\/\/www.aparences.net\/wp-content\/uploads\/2023\/10\/gary-ruddell-kite-flying-2020-100x100.webp 100w, https:\/\/www.aparences.net\/wp-content\/uploads\/2023\/10\/gary-ruddell-kite-flying-2020-150x150.webp 150w\" sizes=\"auto, (max-width: 459px) 100vw, 459px\" \/><figcaption class=\"wp-element-caption\"><em><strong>Cite Flying<\/strong>, 2020, <strong>Gary Ruddell<\/strong>, Colecci\u00f3n privada.<\/em><\/figcaption><\/figure>\n<\/div>\n\n\n<!-- AdBoxLeft2023 --><ins class=\"adsbygoogle\" style=\"display:block\" data-ad-client=\"ca-pub-2468002815867636\" data-ad-slot=\"1318022963\" data-ad-format=\"auto\" data-full-width-responsive=\"true\"><\/ins><script> (adsbygoogle = window.adsbygoogle || []).push({});<\/script><h2 class=\"wp-block-heading\">El realismo m\u00e1gico en la fotograf\u00eda<\/h2>\n\n\n\n<p>Sin haber sido nunca un movimiento unificado, artistas del realismo m\u00e1gico de varios pa\u00edses desarrollaron ideas y estilos, creando versiones \u00fanicas, que a\u00fan resuenan entre los innovadores contempor\u00e1neos de muchos medios. En fotograf\u00eda, los artistas utilizan los \u00faltimos avances tecnol\u00f3gicos para mezclar realidad e imaginaci\u00f3n y revelar los elementos de la existencia. El fot\u00f3grafo contempor\u00e1neo Karl Hammer (1969), por ejemplo, est\u00e1 considerado un realista m\u00e1gico. Afirma haber estado muy influido por el movimiento, especialmente por el \u00abrealismo imaginario\u00bb de <strong>Carel Willink<\/strong> (1900-1983). La fotograf\u00eda digital del latinoamericano Pedro Meyer (1935) tambi\u00e9n se describe como una nueva iteraci\u00f3n del realismo m\u00e1gico.<\/p>\n\n\n<div class=\"wp-block-image\">\n<figure class=\"aligncenter size-full\"><img loading=\"lazy\" decoding=\"async\" width=\"630\" height=\"418\" src=\"https:\/\/www.aparences.net\/wp-content\/uploads\/2023\/10\/karl-hammer-know-thyself-2022.webp\" alt=\"Con\u00f3cete a ti mismo, 2022, Karl Hammer\" class=\"wp-image-27944\" title=\"Con\u00f3cete a ti mismo, 2022, Karl Hammer\"\/><figcaption class=\"wp-element-caption\"><em><strong>Con\u00f3cete a ti mismo<\/strong>, 2022, <strong>Karl Hammer<\/strong>, Colecci\u00f3n privada.<\/em><\/figcaption><\/figure>\n<\/div>\n\n<div class=\"wp-block-image\">\n<figure class=\"aligncenter size-full\"><img loading=\"lazy\" decoding=\"async\" width=\"500\" height=\"375\" src=\"https:\/\/www.aparences.net\/wp-content\/uploads\/2023\/10\/karl-hammer-still-life-2019.webp\" alt=\"Naturaleza muerta, 2020, Karl Hammer\" class=\"wp-image-27946\" title=\"Naturaleza muerta, 2020, Karl Hammer\"\/><figcaption class=\"wp-element-caption\"><em><strong>Naturaleza muerta<\/strong>, 2020, <strong>Karl Hammer<\/strong>, Colecci\u00f3n privada.<\/em><\/figcaption><\/figure>\n<\/div>\n\n\n<p>Entre los fot\u00f3grafos contempor\u00e1neos, el neoyorquino Gregory Crewdson (1962) retrata a gente corriente en escenarios extravagantes y entornos cotidianos, pero a menudo en estado de desnudez o con una iluminaci\u00f3n extra\u00f1a que prepara cuidadosamente en tomas al estilo de Hollywood. Todo parece casi veros\u00edmil, pero extra\u00f1amente fuera de lugar.<\/p>\n\n\n<div class=\"wp-block-image\">\n<figure class=\"aligncenter size-full\"><img loading=\"lazy\" decoding=\"async\" width=\"630\" height=\"503\" src=\"https:\/\/www.aparences.net\/wp-content\/uploads\/2023\/10\/gregory-crewdson-untitled-ophelia-2001.webp\" alt=\"Sin t\u00edtulo, Ofelia, 2001, Gregory Crewdson\" class=\"wp-image-27948\" title=\"Sin t\u00edtulo, Ofelia, 2001, Gregory Crewdson\"\/><figcaption class=\"wp-element-caption\"><em><strong>Sin t\u00edtulo, Ofelia<\/strong>, 2001, <strong>Gregory Crewdson<\/strong>, Colecci\u00f3n privada.<\/em><\/figcaption><\/figure>\n<\/div>\n\n<div class=\"wp-block-image\">\n<figure class=\"aligncenter size-full\"><img loading=\"lazy\" decoding=\"async\" width=\"630\" height=\"387\" src=\"https:\/\/www.aparences.net\/wp-content\/uploads\/2023\/10\/gregory-crewdson-daughter-2002.webp\" alt=\"Hija, 2002, Gregory Crewdson\" class=\"wp-image-27950\" title=\"Hija, 2002, Gregory Crewdson\"\/><figcaption class=\"wp-element-caption\"><em><strong>Hija<\/strong>, 2002, <strong>Gregory Crewdson<\/strong><\/em>, <em>Colecci\u00f3n privada.<\/em><\/figcaption><\/figure>\n<\/div>\n\n\n<p>Como muchos de los artistas del realismo m\u00e1gico que le precedieron, el fot\u00f3grafo mexicano Pedro Meyer (1935) busca interpretar y representar la realidad y, al igual que sus compa\u00f1eros de la posmodernidad contempor\u00e1nea, llama nuestra atenci\u00f3n sobre las condiciones subyacentes que enmarcan nuestra realidad. A trav\u00e9s de la tecnolog\u00eda inform\u00e1tica, dota al mundo cotidiano de cualidades y atributos misteriosos. En <em>The Scrolling Saint<\/em>, un santo flota sobre la acera, proyectando una sombra en la pared cercana; un hombre con una camisa de vivos estampados mira desde detr\u00e1s de una lona azul, y una mujer acompa\u00f1a a un ni\u00f1o por unas escaleras. Tradicionalmente, la fotograf\u00eda captura un momento de la realidad, pero aqu\u00ed Pedro Meyer enlaza tres fotograf\u00edas diferentes tomadas en Oaxaca. Meyer manipula las im\u00e1genes para que se mezclen perfectamente entre s\u00ed. Los azules dominantes -de la pared, la lona y la chaqueta de la mujer- unen las im\u00e1genes. Al difuminar los l\u00edmites entre la fotograf\u00eda documental, el misterio y la imaginaci\u00f3n, Meyer se sit\u00faa a la vanguardia de un nuevo desarrollo del realismo m\u00e1gico y pide al espectador que reflexione sobre lo que constituye la realidad en esta era posmoderna.<\/p>\n\n\n<div class=\"wp-block-image\">\n<figure class=\"aligncenter size-full\"><img loading=\"lazy\" decoding=\"async\" width=\"608\" height=\"406\" src=\"https:\/\/www.aparences.net\/wp-content\/uploads\/2023\/10\/pedro-meyer-the-strolling-saint-oaxaca-1991-92.webp\" alt=\"The Scrolling Saint, Nochistlan, Oaxaca, 1991-1992, Pedro Meyer\" class=\"wp-image-27952\" title=\"The Scrolling Saint, Nochistlan, Oaxaca, 1991-1992, Pedro Meyer\"\/><figcaption class=\"wp-element-caption\"><em><strong>The Scrolling Saint<\/strong>, Nochistlan, Oaxaca, 1991-1992, <strong>Pedro Meyer<\/strong>, colecci\u00f3n privada.<\/em><\/figcaption><\/figure>\n<\/div>\n\n<div class=\"wp-block-image\">\n<figure class=\"aligncenter size-full\"><img loading=\"lazy\" decoding=\"async\" width=\"608\" height=\"401\" src=\"https:\/\/www.aparences.net\/wp-content\/uploads\/2023\/10\/pedro-meyer-the-arrival-of-white-man-1991-1992.webp\" alt=\"La llegada del hombre blanco, Magdalena Pe\u00f1azco, Oaxaca, 1991-1992, Pedro Meyer\" class=\"wp-image-27954\" title=\"La llegada del hombre blanco, Magdalena Pe\u00f1azco, Oaxaca, 1991-1992, Pedro Meyer\"\/><figcaption class=\"wp-element-caption\"><em><strong>La llegada del hombre blanco<\/strong>, Magdalena Pe\u00f1azco, Oaxaca, 1991-1992, <strong>Pedro Meyer<\/strong>, Colecci\u00f3n particular.<\/em><\/figcaption><\/figure>\n<\/div>\n\n\n<p>Las diversas caracter\u00edsticas del realismo m\u00e1gico presentes en el arte y la literatura tambi\u00e9n han encontrado su lugar en varias pel\u00edculas. <em>Las alas del deseo<\/em> (1987), de Wim Wenders, presenta \u00e1ngeles que viven en medio del mundo real y, <em>Como agua para chocolate<\/em> (1992), de Alfonso Araus, adaptaci\u00f3n de la novela hom\u00f3nima de Laura Esquivel, est\u00e1 llena de im\u00e1genes simb\u00f3licas, as\u00ed como de fantasmas y esp\u00edritus. Otros ejemplos son <em>Le Fabuleux destin d&#8217;Am\u00e9lie Poulain<\/em> (2001), protagonizada por Audrey Tautou y dirigida por Jean-Pierre Jeunet; <em>Midnight in Paris<\/em>, dirigida por Woody Allen y protagonizada por Owen Wilson, y <em>El laberinto del fauno<\/em> (2006), dirigida por Guillermo del Toro.<\/p>\n\n\n<div class=\"wp-block-image\">\n<figure class=\"aligncenter size-full\"><img loading=\"lazy\" decoding=\"async\" width=\"608\" height=\"376\" src=\"https:\/\/www.aparences.net\/wp-content\/uploads\/2023\/10\/amelie-poulain-2001.webp\" alt=\"Audrey Tautou en Le Fabuleux destin d'Am\u00e9lie Poulain\" class=\"wp-image-27956\" title=\"Audrey Tautou en Le Fabuleux destin d'Am\u00e9lie Poulain\"\/><figcaption class=\"wp-element-caption\"><em>Audrey Tautou en Le Fabuleux destin d&#8217;Am\u00e9lie Poulain.<\/em><\/figcaption><\/figure>\n<\/div>","protected":false},"excerpt":{"rendered":"<p>El realismo m\u00e1gico en pintura hace parecer veros\u00edmiles im\u00e1genes on\u00edricas y fant\u00e1sticas para plasmar otro tipo de realidad. <\/p>\n","protected":false},"author":2,"featured_media":27917,"comment_status":"closed","ping_status":"closed","sticky":false,"template":"","format":"standard","meta":{"footnotes":""},"categories":[5856],"tags":[4397,5859,5861,5860],"class_list":["post-26036","post","type-post","status-publish","format-standard","has-post-thumbnail","hentry","category-realismo-magico-contemporaneo","tag-realismo-magico","tag-realismo-magico-contemporaneo","tag-realismo-magico-en-fotografia","tag-realismo-magico-en-pintura"],"yoast_head":"<!-- This site is optimized with the Yoast SEO plugin v27.2 - https:\/\/yoast.com\/product\/yoast-seo-wordpress\/ -->\n<title>Realismo m\u00e1gico contempor\u00e1neo<\/title>\n<meta name=\"description\" content=\"El realismo m\u00e1gico en pintura hace parecer veros\u00edmiles im\u00e1genes on\u00edricas y fant\u00e1sticas para plasmar otro tipo de realidad.\" \/>\n<meta name=\"robots\" content=\"index, follow, max-snippet:-1, max-image-preview:large, max-video-preview:-1\" \/>\n<link rel=\"canonical\" href=\"https:\/\/www.aparences.net\/es\/arte-contemporaneo\/realismo-magico-contemporaneo\/realismo-magico-contemporaneo\/\" \/>\n<meta property=\"og:locale\" content=\"es_ES\" \/>\n<meta property=\"og:type\" content=\"article\" \/>\n<meta property=\"og:title\" content=\"Realismo m\u00e1gico contempor\u00e1neo\" \/>\n<meta property=\"og:description\" content=\"El realismo m\u00e1gico en pintura hace parecer veros\u00edmiles im\u00e1genes on\u00edricas y fant\u00e1sticas para plasmar otro tipo de realidad.\" \/>\n<meta property=\"og:url\" content=\"https:\/\/www.aparences.net\/es\/arte-contemporaneo\/realismo-magico-contemporaneo\/realismo-magico-contemporaneo\/\" \/>\n<meta property=\"og:site_name\" content=\"Aparences\" \/>\n<meta property=\"article:published_time\" content=\"2023-03-16T06:56:55+00:00\" \/>\n<meta property=\"article:modified_time\" content=\"2025-12-11T18:40:55+00:00\" \/>\n<meta property=\"og:image\" content=\"https:\/\/www.aparences.net\/wp-content\/uploads\/2023\/03\/gary-ruddell-realisme-magique-contemporain.webp\" \/>\n\t<meta property=\"og:image:width\" content=\"1080\" \/>\n\t<meta property=\"og:image:height\" content=\"540\" \/>\n\t<meta property=\"og:image:type\" content=\"image\/webp\" \/>\n<meta name=\"author\" content=\"admin\" \/>\n<meta name=\"twitter:card\" content=\"summary_large_image\" \/>\n<meta name=\"twitter:label1\" content=\"Escrito por\" \/>\n\t<meta name=\"twitter:data1\" content=\"admin\" \/>\n\t<meta name=\"twitter:label2\" content=\"Tiempo de lectura\" \/>\n\t<meta name=\"twitter:data2\" content=\"10 minutos\" \/>\n<script type=\"application\/ld+json\" class=\"yoast-schema-graph\">{\"@context\":\"https:\/\/schema.org\",\"@graph\":[{\"@type\":\"Article\",\"@id\":\"https:\/\/www.aparences.net\/es\/arte-contemporaneo\/realismo-magico-contemporaneo\/realismo-magico-contemporaneo\/#article\",\"isPartOf\":{\"@id\":\"https:\/\/www.aparences.net\/es\/arte-contemporaneo\/realismo-magico-contemporaneo\/realismo-magico-contemporaneo\/\"},\"author\":{\"name\":\"admin\",\"@id\":\"https:\/\/www.aparences.net\/es\/#\/schema\/person\/af349f6ffc31b16c68963e61268afca5\"},\"headline\":\"Realismo m\u00e1gico contempor\u00e1neo\",\"datePublished\":\"2023-03-16T06:56:55+00:00\",\"dateModified\":\"2025-12-11T18:40:55+00:00\",\"mainEntityOfPage\":{\"@id\":\"https:\/\/www.aparences.net\/es\/arte-contemporaneo\/realismo-magico-contemporaneo\/realismo-magico-contemporaneo\/\"},\"wordCount\":1398,\"publisher\":{\"@id\":\"https:\/\/www.aparences.net\/es\/#organization\"},\"image\":{\"@id\":\"https:\/\/www.aparences.net\/es\/arte-contemporaneo\/realismo-magico-contemporaneo\/realismo-magico-contemporaneo\/#primaryimage\"},\"thumbnailUrl\":\"https:\/\/www.aparences.net\/wp-content\/uploads\/2023\/03\/gary-ruddell-realisme-magique-contemporain.webp\",\"keywords\":[\"realismo m\u00e1gico\",\"realismo m\u00e1gico contempor\u00e1neo\",\"realismo m\u00e1gico en fotograf\u00eda\",\"realismo m\u00e1gico en pintura\"],\"articleSection\":[\"Realismo m\u00e1gico contempor\u00e1neo\"],\"inLanguage\":\"es\"},{\"@type\":[\"WebPage\",\"ItemPage\"],\"@id\":\"https:\/\/www.aparences.net\/es\/arte-contemporaneo\/realismo-magico-contemporaneo\/realismo-magico-contemporaneo\/\",\"url\":\"https:\/\/www.aparences.net\/es\/arte-contemporaneo\/realismo-magico-contemporaneo\/realismo-magico-contemporaneo\/\",\"name\":\"Realismo m\u00e1gico contempor\u00e1neo\",\"isPartOf\":{\"@id\":\"https:\/\/www.aparences.net\/es\/#website\"},\"primaryImageOfPage\":{\"@id\":\"https:\/\/www.aparences.net\/es\/arte-contemporaneo\/realismo-magico-contemporaneo\/realismo-magico-contemporaneo\/#primaryimage\"},\"image\":{\"@id\":\"https:\/\/www.aparences.net\/es\/arte-contemporaneo\/realismo-magico-contemporaneo\/realismo-magico-contemporaneo\/#primaryimage\"},\"thumbnailUrl\":\"https:\/\/www.aparences.net\/wp-content\/uploads\/2023\/03\/gary-ruddell-realisme-magique-contemporain.webp\",\"datePublished\":\"2023-03-16T06:56:55+00:00\",\"dateModified\":\"2025-12-11T18:40:55+00:00\",\"description\":\"El realismo m\u00e1gico en pintura hace parecer veros\u00edmiles im\u00e1genes on\u00edricas y fant\u00e1sticas para plasmar otro tipo de realidad.\",\"breadcrumb\":{\"@id\":\"https:\/\/www.aparences.net\/es\/arte-contemporaneo\/realismo-magico-contemporaneo\/realismo-magico-contemporaneo\/#breadcrumb\"},\"inLanguage\":\"es\",\"potentialAction\":[{\"@type\":\"ReadAction\",\"target\":[\"https:\/\/www.aparences.net\/es\/arte-contemporaneo\/realismo-magico-contemporaneo\/realismo-magico-contemporaneo\/\"]}]},{\"@type\":\"ImageObject\",\"inLanguage\":\"es\",\"@id\":\"https:\/\/www.aparences.net\/es\/arte-contemporaneo\/realismo-magico-contemporaneo\/realismo-magico-contemporaneo\/#primaryimage\",\"url\":\"https:\/\/www.aparences.net\/wp-content\/uploads\/2023\/03\/gary-ruddell-realisme-magique-contemporain.webp\",\"contentUrl\":\"https:\/\/www.aparences.net\/wp-content\/uploads\/2023\/03\/gary-ruddell-realisme-magique-contemporain.webp\",\"width\":1080,\"height\":540},{\"@type\":\"BreadcrumbList\",\"@id\":\"https:\/\/www.aparences.net\/es\/arte-contemporaneo\/realismo-magico-contemporaneo\/realismo-magico-contemporaneo\/#breadcrumb\",\"itemListElement\":[{\"@type\":\"ListItem\",\"position\":1,\"name\":\"Portada\",\"item\":\"https:\/\/www.aparences.net\/es\/\"},{\"@type\":\"ListItem\",\"position\":2,\"name\":\"Realismo m\u00e1gico contempor\u00e1neo\"}]},{\"@type\":\"WebSite\",\"@id\":\"https:\/\/www.aparences.net\/es\/#website\",\"url\":\"https:\/\/www.aparences.net\/es\/\",\"name\":\"Aparences: Historia del Arte y Actualidad Cultural\",\"description\":\"\",\"publisher\":{\"@id\":\"https:\/\/www.aparences.net\/es\/#organization\"},\"potentialAction\":[{\"@type\":\"SearchAction\",\"target\":{\"@type\":\"EntryPoint\",\"urlTemplate\":\"https:\/\/www.aparences.net\/es\/?s={search_term_string}\"},\"query-input\":{\"@type\":\"PropertyValueSpecification\",\"valueRequired\":true,\"valueName\":\"search_term_string\"}}],\"inLanguage\":\"es\"},{\"@type\":\"Organization\",\"@id\":\"https:\/\/www.aparences.net\/es\/#organization\",\"name\":\"Aparences: Historia del Arte y Actualidad Cultural\",\"url\":\"https:\/\/www.aparences.net\/es\/\",\"logo\":{\"@type\":\"ImageObject\",\"inLanguage\":\"es\",\"@id\":\"https:\/\/www.aparences.net\/es\/#\/schema\/logo\/image\/\",\"url\":\"https:\/\/www.aparences.net\/wp-content\/uploads\/2023\/09\/logo-quadrat-color-e1695915315229.png\",\"contentUrl\":\"https:\/\/www.aparences.net\/wp-content\/uploads\/2023\/09\/logo-quadrat-color-e1695915315229.png\",\"width\":120,\"height\":120,\"caption\":\"Aparences: Historia del Arte y Actualidad Cultural\"},\"image\":{\"@id\":\"https:\/\/www.aparences.net\/es\/#\/schema\/logo\/image\/\"}},{\"@type\":\"Person\",\"@id\":\"https:\/\/www.aparences.net\/es\/#\/schema\/person\/af349f6ffc31b16c68963e61268afca5\",\"name\":\"admin\",\"url\":\"https:\/\/www.aparences.net\/es\/author\/admin\/\"}]}<\/script>\n<!-- \/ Yoast SEO plugin. -->","yoast_head_json":{"title":"Realismo m\u00e1gico contempor\u00e1neo","description":"El realismo m\u00e1gico en pintura hace parecer veros\u00edmiles im\u00e1genes on\u00edricas y fant\u00e1sticas para plasmar otro tipo de realidad.","robots":{"index":"index","follow":"follow","max-snippet":"max-snippet:-1","max-image-preview":"max-image-preview:large","max-video-preview":"max-video-preview:-1"},"canonical":"https:\/\/www.aparences.net\/es\/arte-contemporaneo\/realismo-magico-contemporaneo\/realismo-magico-contemporaneo\/","og_locale":"es_ES","og_type":"article","og_title":"Realismo m\u00e1gico contempor\u00e1neo","og_description":"El realismo m\u00e1gico en pintura hace parecer veros\u00edmiles im\u00e1genes on\u00edricas y fant\u00e1sticas para plasmar otro tipo de realidad.","og_url":"https:\/\/www.aparences.net\/es\/arte-contemporaneo\/realismo-magico-contemporaneo\/realismo-magico-contemporaneo\/","og_site_name":"Aparences","article_published_time":"2023-03-16T06:56:55+00:00","article_modified_time":"2025-12-11T18:40:55+00:00","og_image":[{"width":1080,"height":540,"url":"https:\/\/www.aparences.net\/wp-content\/uploads\/2023\/03\/gary-ruddell-realisme-magique-contemporain.webp","type":"image\/webp"}],"author":"admin","twitter_card":"summary_large_image","twitter_misc":{"Escrito por":"admin","Tiempo de lectura":"10 minutos"},"schema":{"@context":"https:\/\/schema.org","@graph":[{"@type":"Article","@id":"https:\/\/www.aparences.net\/es\/arte-contemporaneo\/realismo-magico-contemporaneo\/realismo-magico-contemporaneo\/#article","isPartOf":{"@id":"https:\/\/www.aparences.net\/es\/arte-contemporaneo\/realismo-magico-contemporaneo\/realismo-magico-contemporaneo\/"},"author":{"name":"admin","@id":"https:\/\/www.aparences.net\/es\/#\/schema\/person\/af349f6ffc31b16c68963e61268afca5"},"headline":"Realismo m\u00e1gico contempor\u00e1neo","datePublished":"2023-03-16T06:56:55+00:00","dateModified":"2025-12-11T18:40:55+00:00","mainEntityOfPage":{"@id":"https:\/\/www.aparences.net\/es\/arte-contemporaneo\/realismo-magico-contemporaneo\/realismo-magico-contemporaneo\/"},"wordCount":1398,"publisher":{"@id":"https:\/\/www.aparences.net\/es\/#organization"},"image":{"@id":"https:\/\/www.aparences.net\/es\/arte-contemporaneo\/realismo-magico-contemporaneo\/realismo-magico-contemporaneo\/#primaryimage"},"thumbnailUrl":"https:\/\/www.aparences.net\/wp-content\/uploads\/2023\/03\/gary-ruddell-realisme-magique-contemporain.webp","keywords":["realismo m\u00e1gico","realismo m\u00e1gico contempor\u00e1neo","realismo m\u00e1gico en fotograf\u00eda","realismo m\u00e1gico en pintura"],"articleSection":["Realismo m\u00e1gico contempor\u00e1neo"],"inLanguage":"es"},{"@type":["WebPage","ItemPage"],"@id":"https:\/\/www.aparences.net\/es\/arte-contemporaneo\/realismo-magico-contemporaneo\/realismo-magico-contemporaneo\/","url":"https:\/\/www.aparences.net\/es\/arte-contemporaneo\/realismo-magico-contemporaneo\/realismo-magico-contemporaneo\/","name":"Realismo m\u00e1gico contempor\u00e1neo","isPartOf":{"@id":"https:\/\/www.aparences.net\/es\/#website"},"primaryImageOfPage":{"@id":"https:\/\/www.aparences.net\/es\/arte-contemporaneo\/realismo-magico-contemporaneo\/realismo-magico-contemporaneo\/#primaryimage"},"image":{"@id":"https:\/\/www.aparences.net\/es\/arte-contemporaneo\/realismo-magico-contemporaneo\/realismo-magico-contemporaneo\/#primaryimage"},"thumbnailUrl":"https:\/\/www.aparences.net\/wp-content\/uploads\/2023\/03\/gary-ruddell-realisme-magique-contemporain.webp","datePublished":"2023-03-16T06:56:55+00:00","dateModified":"2025-12-11T18:40:55+00:00","description":"El realismo m\u00e1gico en pintura hace parecer veros\u00edmiles im\u00e1genes on\u00edricas y fant\u00e1sticas para plasmar otro tipo de realidad.","breadcrumb":{"@id":"https:\/\/www.aparences.net\/es\/arte-contemporaneo\/realismo-magico-contemporaneo\/realismo-magico-contemporaneo\/#breadcrumb"},"inLanguage":"es","potentialAction":[{"@type":"ReadAction","target":["https:\/\/www.aparences.net\/es\/arte-contemporaneo\/realismo-magico-contemporaneo\/realismo-magico-contemporaneo\/"]}]},{"@type":"ImageObject","inLanguage":"es","@id":"https:\/\/www.aparences.net\/es\/arte-contemporaneo\/realismo-magico-contemporaneo\/realismo-magico-contemporaneo\/#primaryimage","url":"https:\/\/www.aparences.net\/wp-content\/uploads\/2023\/03\/gary-ruddell-realisme-magique-contemporain.webp","contentUrl":"https:\/\/www.aparences.net\/wp-content\/uploads\/2023\/03\/gary-ruddell-realisme-magique-contemporain.webp","width":1080,"height":540},{"@type":"BreadcrumbList","@id":"https:\/\/www.aparences.net\/es\/arte-contemporaneo\/realismo-magico-contemporaneo\/realismo-magico-contemporaneo\/#breadcrumb","itemListElement":[{"@type":"ListItem","position":1,"name":"Portada","item":"https:\/\/www.aparences.net\/es\/"},{"@type":"ListItem","position":2,"name":"Realismo m\u00e1gico contempor\u00e1neo"}]},{"@type":"WebSite","@id":"https:\/\/www.aparences.net\/es\/#website","url":"https:\/\/www.aparences.net\/es\/","name":"Aparences: Historia del Arte y Actualidad Cultural","description":"","publisher":{"@id":"https:\/\/www.aparences.net\/es\/#organization"},"potentialAction":[{"@type":"SearchAction","target":{"@type":"EntryPoint","urlTemplate":"https:\/\/www.aparences.net\/es\/?s={search_term_string}"},"query-input":{"@type":"PropertyValueSpecification","valueRequired":true,"valueName":"search_term_string"}}],"inLanguage":"es"},{"@type":"Organization","@id":"https:\/\/www.aparences.net\/es\/#organization","name":"Aparences: Historia del Arte y Actualidad Cultural","url":"https:\/\/www.aparences.net\/es\/","logo":{"@type":"ImageObject","inLanguage":"es","@id":"https:\/\/www.aparences.net\/es\/#\/schema\/logo\/image\/","url":"https:\/\/www.aparences.net\/wp-content\/uploads\/2023\/09\/logo-quadrat-color-e1695915315229.png","contentUrl":"https:\/\/www.aparences.net\/wp-content\/uploads\/2023\/09\/logo-quadrat-color-e1695915315229.png","width":120,"height":120,"caption":"Aparences: Historia del Arte y Actualidad Cultural"},"image":{"@id":"https:\/\/www.aparences.net\/es\/#\/schema\/logo\/image\/"}},{"@type":"Person","@id":"https:\/\/www.aparences.net\/es\/#\/schema\/person\/af349f6ffc31b16c68963e61268afca5","name":"admin","url":"https:\/\/www.aparences.net\/es\/author\/admin\/"}]}},"_links":{"self":[{"href":"https:\/\/www.aparences.net\/es\/wp-json\/wp\/v2\/posts\/26036","targetHints":{"allow":["GET"]}}],"collection":[{"href":"https:\/\/www.aparences.net\/es\/wp-json\/wp\/v2\/posts"}],"about":[{"href":"https:\/\/www.aparences.net\/es\/wp-json\/wp\/v2\/types\/post"}],"author":[{"embeddable":true,"href":"https:\/\/www.aparences.net\/es\/wp-json\/wp\/v2\/users\/2"}],"replies":[{"embeddable":true,"href":"https:\/\/www.aparences.net\/es\/wp-json\/wp\/v2\/comments?post=26036"}],"version-history":[{"count":0,"href":"https:\/\/www.aparences.net\/es\/wp-json\/wp\/v2\/posts\/26036\/revisions"}],"wp:featuredmedia":[{"embeddable":true,"href":"https:\/\/www.aparences.net\/es\/wp-json\/wp\/v2\/media\/27917"}],"wp:attachment":[{"href":"https:\/\/www.aparences.net\/es\/wp-json\/wp\/v2\/media?parent=26036"}],"wp:term":[{"taxonomy":"category","embeddable":true,"href":"https:\/\/www.aparences.net\/es\/wp-json\/wp\/v2\/categories?post=26036"},{"taxonomy":"post_tag","embeddable":true,"href":"https:\/\/www.aparences.net\/es\/wp-json\/wp\/v2\/tags?post=26036"}],"curies":[{"name":"wp","href":"https:\/\/api.w.org\/{rel}","templated":true}]}}