{"id":26273,"date":"2023-07-17T09:34:43","date_gmt":"2023-07-17T07:34:43","guid":{"rendered":"https:\/\/www.aparences.net\/?p=26273"},"modified":"2023-07-17T09:34:44","modified_gmt":"2023-07-17T07:34:44","slug":"max-ernst-mundos-magicos-mundos-liberados","status":"publish","type":"post","link":"https:\/\/www.aparences.net\/es\/actualidad\/max-ernst-mundos-magicos-mundos-liberados\/","title":{"rendered":"Max Ernst, Mundos m\u00e1gicos, mundos liberados"},"content":{"rendered":"\n<p>Este a\u00f1o, el <a href=\"https:\/\/www.caumont-centredart.com\/fr?gclid=Cj0KCQjwqs6lBhCxARIsAG8YcDj95rTtHEfwa-T1qIfwMpVBKcT44B71KrEpSdUZakxDsg-nEoaRbYgaAuSSEALw_wcB\" title=\"\">H\u00f4tel de Caumont-Centre d&#8217;art<\/a> de Aix-en-Provence dedica su exposici\u00f3n de verano al genio de Max Ernst (1891-1976). Artista erudito y experimentador prodigioso, Max Ernst atraves\u00f3 el siglo de las vanguardias con una sed insaciable de creaci\u00f3n, dejando tras de s\u00ed una obra compleja y muy personal. Artista vinculado al <a href=\"https:\/\/www.aparences.net\/es\/periodos\/arte-moderno\/dada\/\" title=\"\">grupo Dad\u00e1<\/a> y al <a href=\"https:\/\/www.aparences.net\/es\/periodos\/arte-moderno\/el-surrealismo\/\" title=\"\">Surrealismo<\/a>, sigui\u00f3 un camino personal, desmarc\u00e1ndose del modus operandi del grupo y produciendo obras visionarias y llenas de lucidez. A trav\u00e9s de cerca de 130 obras, esta exposici\u00f3n recorre los pasos de este genio creador como personalidad libre y singular, destacando en particular su estrecha relaci\u00f3n con la naturaleza, el juego, la magia y la libertad.<\/p>\n\n\n\n<div class=\"wp-block-image\"><figure class=\"aligncenter size-full\"><img loading=\"lazy\" decoding=\"async\" width=\"499\" height=\"460\" src=\"https:\/\/www.aparences.net\/wp-content\/uploads\/2023\/07\/max-ernst-oedipus-rex-1922.jpg\" alt=\"\" class=\"wp-image-26266\" srcset=\"https:\/\/www.aparences.net\/wp-content\/uploads\/2023\/07\/max-ernst-oedipus-rex-1922.jpg 499w, https:\/\/www.aparences.net\/wp-content\/uploads\/2023\/07\/max-ernst-oedipus-rex-1922-160x147.jpg 160w, https:\/\/www.aparences.net\/wp-content\/uploads\/2023\/07\/max-ernst-oedipus-rex-1922-111x102.jpg 111w, https:\/\/www.aparences.net\/wp-content\/uploads\/2023\/07\/max-ernst-oedipus-rex-1922-239x220.jpg 239w\" sizes=\"auto, (max-width: 499px) 100vw, 499px\" \/><figcaption><em><strong>\u0152dipus Rex<\/strong>, 1922, <strong>Max Ernst<\/strong>, Suiza, Colecci\u00f3n privada.<\/em><\/figcaption><\/figure><\/div>\n\n\n\n<p>Aunque el gran p\u00fablico desconoce el alcance de su obra, la extravagancia y polisemia de Max Ernst son impresionantes. Nacido en Alemania, cre\u00f3 una comunidad dada\u00edsta en Colonia en 1919 antes de trasladarse a Par\u00eds, donde particip\u00f3 tempranamente en el desarrollo del surrealismo de Andr\u00e9 Breton. Cre\u00f3 numerosos collages e invent\u00f3 nuevas t\u00e9cnicas, como la del frotado, que consiste en pasar un l\u00e1piz sobre papel colocado sobre superficies rugosas. Tras ser internado al comienzo de la Segunda Guerra Mundial no lejos del H\u00f4tel de Caumont (en el Camp des Milles de Aix-en-Provence), Max Ernst huy\u00f3 de Francia y se refugi\u00f3 en Estados Unidos. Regres\u00f3 a Francia en 1953 y continu\u00f3 trabajando intensamente en pintura, dibujo, escultura y orfebrer\u00eda.<\/p>\n\n\n\n<div class=\"wp-block-image\"><figure class=\"aligncenter size-full\"><img loading=\"lazy\" decoding=\"async\" width=\"352\" height=\"460\" src=\"https:\/\/www.aparences.net\/wp-content\/uploads\/2023\/07\/max-ernst-pieta-1923.jpg\" alt=\"\" class=\"wp-image-26268\" srcset=\"https:\/\/www.aparences.net\/wp-content\/uploads\/2023\/07\/max-ernst-pieta-1923.jpg 352w, https:\/\/www.aparences.net\/wp-content\/uploads\/2023\/07\/max-ernst-pieta-1923-160x209.jpg 160w, https:\/\/www.aparences.net\/wp-content\/uploads\/2023\/07\/max-ernst-pieta-1923-78x102.jpg 78w, https:\/\/www.aparences.net\/wp-content\/uploads\/2023\/07\/max-ernst-pieta-1923-168x220.jpg 168w\" sizes=\"auto, (max-width: 352px) 100vw, 352px\" \/><figcaption>Oedipus Rex, 1922, Max Ernst, Suiza, Colecci\u00f3n privada.<\/figcaption><\/figure><\/div>\n\n\n\n<p>Max Ernst nunca dej\u00f3 de reinventarse a lo largo de su carrera. Su obra se inspira en la filosof\u00eda, el psicoan\u00e1lisis, la ciencia, la alquimia, la historia del arte, la literatura y la poes\u00eda. Esta exposici\u00f3n se centra en los grandes temas de los mundos creados por Max Ernst, ilustrando los temas recurrentes que atraviesan su obra. Una secci\u00f3n central de la exposici\u00f3n hace referencia a los cuatro elementos -agua, aire, tierra y fuego- que, seg\u00fan la antigua tradici\u00f3n filos\u00f3fica y la alquimia, componen toda la materia del mundo natural.<\/p>\n\n\n\n<div class=\"wp-block-image\"><figure class=\"aligncenter size-full\"><img loading=\"lazy\" decoding=\"async\" width=\"640\" height=\"425\" src=\"https:\/\/www.aparences.net\/wp-content\/uploads\/2023\/07\/max-ernst-un-tissu-de-mensonges-1959.jpg\" alt=\"\" class=\"wp-image-26270\" srcset=\"https:\/\/www.aparences.net\/wp-content\/uploads\/2023\/07\/max-ernst-un-tissu-de-mensonges-1959.jpg 640w, https:\/\/www.aparences.net\/wp-content\/uploads\/2023\/07\/max-ernst-un-tissu-de-mensonges-1959-160x106.jpg 160w, https:\/\/www.aparences.net\/wp-content\/uploads\/2023\/07\/max-ernst-un-tissu-de-mensonges-1959-154x102.jpg 154w, https:\/\/www.aparences.net\/wp-content\/uploads\/2023\/07\/max-ernst-un-tissu-de-mensonges-1959-331x220.jpg 331w, https:\/\/www.aparences.net\/wp-content\/uploads\/2023\/07\/max-ernst-un-tissu-de-mensonges-1959-117x78.jpg 117w\" sizes=\"auto, (max-width: 640px) 100vw, 640px\" \/><figcaption><em><strong>Una red de mentiras<\/strong>, 1959, <strong>Max Ernst<\/strong>, Par\u00eds, Centro Pompidou<\/em>.<\/figcaption><\/figure><\/div>\n\n\n\n<p>El universo del artista es a la vez desconcertante y asombroso. Gran artista intelectual y humanista -en el sentido neorrenacentista del t\u00e9rmino-, desaf\u00eda continuamente la percepci\u00f3n combinando la l\u00f3gica y la armon\u00eda formal con enigmas insondables, mientras lo on\u00edrico y lo fant\u00e1stico coexisten para crear paisajes de un misterio impenetrable. Bosques de piedra, animales quim\u00e9ricos, m\u00e1scaras encarnadas y p\u00e1jaros antropomorfos: la belleza enigm\u00e1tica y a veces incluso ir\u00f3nica de las obras de Max Ernst nos sumerge en la extravagancia de sus mundos m\u00e1gicos y liberados.<\/p>\n","protected":false},"excerpt":{"rendered":"<p>Este a\u00f1o, el H\u00f4tel de Caumont-Centre d&#8217;art de Aix-en-Provence dedica su exposici\u00f3n de verano al genio de Max Ernst (1891-1976). Artista erudito y experimentador prodigioso, [&#8230;]<\/p>\n","protected":false},"author":2,"featured_media":26272,"comment_status":"closed","ping_status":"closed","sticky":false,"template":"","format":"standard","meta":{"footnotes":""},"categories":[2368,2605],"tags":[],"class_list":["post-26273","post","type-post","status-publish","format-standard","has-post-thumbnail","hentry","category-actualidad","category-exposiciones"],"yoast_head":"<!-- This site is optimized with the Yoast SEO plugin v27.2 - https:\/\/yoast.com\/product\/yoast-seo-wordpress\/ -->\n<title>Max Ernst, Mundos m\u00e1gicos, mundos liberados<\/title>\n<meta name=\"description\" content=\"Este a\u00f1o, el H\u00f4tel de Caumont-Centre d&#039;art de Aix-en-Provence dedica su exposici\u00f3n de verano al genio de Max Ernst (1891-1976). Artista erudito y\" \/>\n<meta name=\"robots\" content=\"index, follow, max-snippet:-1, max-image-preview:large, max-video-preview:-1\" \/>\n<link rel=\"canonical\" href=\"https:\/\/www.aparences.net\/es\/actualidad\/max-ernst-mundos-magicos-mundos-liberados\/\" \/>\n<meta property=\"og:locale\" content=\"es_ES\" \/>\n<meta property=\"og:type\" content=\"article\" \/>\n<meta property=\"og:title\" content=\"Max Ernst, Mundos m\u00e1gicos, mundos liberados\" \/>\n<meta property=\"og:description\" content=\"Este a\u00f1o, el H\u00f4tel de Caumont-Centre d&#039;art de Aix-en-Provence dedica su exposici\u00f3n de verano al genio de Max Ernst (1891-1976). Artista erudito y\" \/>\n<meta property=\"og:url\" content=\"https:\/\/www.aparences.net\/es\/actualidad\/max-ernst-mundos-magicos-mundos-liberados\/\" \/>\n<meta property=\"og:site_name\" content=\"Aparences\" \/>\n<meta property=\"article:published_time\" content=\"2023-07-17T07:34:43+00:00\" \/>\n<meta property=\"article:modified_time\" content=\"2023-07-17T07:34:44+00:00\" \/>\n<meta property=\"og:image\" content=\"https:\/\/www.aparences.net\/wp-content\/uploads\/2023\/07\/expo-max-ernst-2023.jpg\" \/>\n\t<meta property=\"og:image:width\" content=\"1080\" \/>\n\t<meta property=\"og:image:height\" content=\"540\" \/>\n\t<meta property=\"og:image:type\" content=\"image\/jpeg\" \/>\n<meta name=\"author\" content=\"admin\" \/>\n<meta name=\"twitter:card\" content=\"summary_large_image\" \/>\n<meta name=\"twitter:label1\" content=\"Escrito por\" \/>\n\t<meta name=\"twitter:data1\" content=\"admin\" \/>\n\t<meta name=\"twitter:label2\" content=\"Tiempo de lectura\" \/>\n\t<meta name=\"twitter:data2\" content=\"2 minutos\" \/>\n<script type=\"application\/ld+json\" class=\"yoast-schema-graph\">{\"@context\":\"https:\/\/schema.org\",\"@graph\":[{\"@type\":\"Article\",\"@id\":\"https:\/\/www.aparences.net\/es\/actualidad\/max-ernst-mundos-magicos-mundos-liberados\/#article\",\"isPartOf\":{\"@id\":\"https:\/\/www.aparences.net\/es\/actualidad\/max-ernst-mundos-magicos-mundos-liberados\/\"},\"author\":{\"name\":\"admin\",\"@id\":\"https:\/\/www.aparences.net\/es\/#\/schema\/person\/af349f6ffc31b16c68963e61268afca5\"},\"headline\":\"Max Ernst, Mundos m\u00e1gicos, mundos liberados\",\"datePublished\":\"2023-07-17T07:34:43+00:00\",\"dateModified\":\"2023-07-17T07:34:44+00:00\",\"mainEntityOfPage\":{\"@id\":\"https:\/\/www.aparences.net\/es\/actualidad\/max-ernst-mundos-magicos-mundos-liberados\/\"},\"wordCount\":473,\"publisher\":{\"@id\":\"https:\/\/www.aparences.net\/es\/#organization\"},\"image\":{\"@id\":\"https:\/\/www.aparences.net\/es\/actualidad\/max-ernst-mundos-magicos-mundos-liberados\/#primaryimage\"},\"thumbnailUrl\":\"https:\/\/www.aparences.net\/wp-content\/uploads\/2023\/07\/expo-max-ernst-2023.jpg\",\"articleSection\":[\"Actualidad\",\"Exposiciones\"],\"inLanguage\":\"es\"},{\"@type\":[\"WebPage\",\"ItemPage\"],\"@id\":\"https:\/\/www.aparences.net\/es\/actualidad\/max-ernst-mundos-magicos-mundos-liberados\/\",\"url\":\"https:\/\/www.aparences.net\/es\/actualidad\/max-ernst-mundos-magicos-mundos-liberados\/\",\"name\":\"Max Ernst, Mundos m\u00e1gicos, mundos liberados\",\"isPartOf\":{\"@id\":\"https:\/\/www.aparences.net\/es\/#website\"},\"primaryImageOfPage\":{\"@id\":\"https:\/\/www.aparences.net\/es\/actualidad\/max-ernst-mundos-magicos-mundos-liberados\/#primaryimage\"},\"image\":{\"@id\":\"https:\/\/www.aparences.net\/es\/actualidad\/max-ernst-mundos-magicos-mundos-liberados\/#primaryimage\"},\"thumbnailUrl\":\"https:\/\/www.aparences.net\/wp-content\/uploads\/2023\/07\/expo-max-ernst-2023.jpg\",\"datePublished\":\"2023-07-17T07:34:43+00:00\",\"dateModified\":\"2023-07-17T07:34:44+00:00\",\"description\":\"Este a\u00f1o, el H\u00f4tel de Caumont-Centre d'art de Aix-en-Provence dedica su exposici\u00f3n de verano al genio de Max Ernst (1891-1976). Artista erudito y\",\"breadcrumb\":{\"@id\":\"https:\/\/www.aparences.net\/es\/actualidad\/max-ernst-mundos-magicos-mundos-liberados\/#breadcrumb\"},\"inLanguage\":\"es\",\"potentialAction\":[{\"@type\":\"ReadAction\",\"target\":[\"https:\/\/www.aparences.net\/es\/actualidad\/max-ernst-mundos-magicos-mundos-liberados\/\"]}]},{\"@type\":\"ImageObject\",\"inLanguage\":\"es\",\"@id\":\"https:\/\/www.aparences.net\/es\/actualidad\/max-ernst-mundos-magicos-mundos-liberados\/#primaryimage\",\"url\":\"https:\/\/www.aparences.net\/wp-content\/uploads\/2023\/07\/expo-max-ernst-2023.jpg\",\"contentUrl\":\"https:\/\/www.aparences.net\/wp-content\/uploads\/2023\/07\/expo-max-ernst-2023.jpg\",\"width\":1080,\"height\":540},{\"@type\":\"BreadcrumbList\",\"@id\":\"https:\/\/www.aparences.net\/es\/actualidad\/max-ernst-mundos-magicos-mundos-liberados\/#breadcrumb\",\"itemListElement\":[{\"@type\":\"ListItem\",\"position\":1,\"name\":\"Portada\",\"item\":\"https:\/\/www.aparences.net\/es\/\"},{\"@type\":\"ListItem\",\"position\":2,\"name\":\"Max Ernst, Mundos m\u00e1gicos, mundos liberados\"}]},{\"@type\":\"WebSite\",\"@id\":\"https:\/\/www.aparences.net\/es\/#website\",\"url\":\"https:\/\/www.aparences.net\/es\/\",\"name\":\"Aparences: Historia del Arte y Actualidad Cultural\",\"description\":\"\",\"publisher\":{\"@id\":\"https:\/\/www.aparences.net\/es\/#organization\"},\"potentialAction\":[{\"@type\":\"SearchAction\",\"target\":{\"@type\":\"EntryPoint\",\"urlTemplate\":\"https:\/\/www.aparences.net\/es\/?s={search_term_string}\"},\"query-input\":{\"@type\":\"PropertyValueSpecification\",\"valueRequired\":true,\"valueName\":\"search_term_string\"}}],\"inLanguage\":\"es\"},{\"@type\":\"Organization\",\"@id\":\"https:\/\/www.aparences.net\/es\/#organization\",\"name\":\"Aparences: Historia del Arte y Actualidad Cultural\",\"url\":\"https:\/\/www.aparences.net\/es\/\",\"logo\":{\"@type\":\"ImageObject\",\"inLanguage\":\"es\",\"@id\":\"https:\/\/www.aparences.net\/es\/#\/schema\/logo\/image\/\",\"url\":\"https:\/\/www.aparences.net\/wp-content\/uploads\/2023\/09\/logo-quadrat-color-e1695915315229.png\",\"contentUrl\":\"https:\/\/www.aparences.net\/wp-content\/uploads\/2023\/09\/logo-quadrat-color-e1695915315229.png\",\"width\":120,\"height\":120,\"caption\":\"Aparences: Historia del Arte y Actualidad Cultural\"},\"image\":{\"@id\":\"https:\/\/www.aparences.net\/es\/#\/schema\/logo\/image\/\"}},{\"@type\":\"Person\",\"@id\":\"https:\/\/www.aparences.net\/es\/#\/schema\/person\/af349f6ffc31b16c68963e61268afca5\",\"name\":\"admin\",\"url\":\"https:\/\/www.aparences.net\/es\/author\/admin\/\"}]}<\/script>\n<!-- \/ Yoast SEO plugin. -->","yoast_head_json":{"title":"Max Ernst, Mundos m\u00e1gicos, mundos liberados","description":"Este a\u00f1o, el H\u00f4tel de Caumont-Centre d'art de Aix-en-Provence dedica su exposici\u00f3n de verano al genio de Max Ernst (1891-1976). Artista erudito y","robots":{"index":"index","follow":"follow","max-snippet":"max-snippet:-1","max-image-preview":"max-image-preview:large","max-video-preview":"max-video-preview:-1"},"canonical":"https:\/\/www.aparences.net\/es\/actualidad\/max-ernst-mundos-magicos-mundos-liberados\/","og_locale":"es_ES","og_type":"article","og_title":"Max Ernst, Mundos m\u00e1gicos, mundos liberados","og_description":"Este a\u00f1o, el H\u00f4tel de Caumont-Centre d'art de Aix-en-Provence dedica su exposici\u00f3n de verano al genio de Max Ernst (1891-1976). Artista erudito y","og_url":"https:\/\/www.aparences.net\/es\/actualidad\/max-ernst-mundos-magicos-mundos-liberados\/","og_site_name":"Aparences","article_published_time":"2023-07-17T07:34:43+00:00","article_modified_time":"2023-07-17T07:34:44+00:00","og_image":[{"width":1080,"height":540,"url":"https:\/\/www.aparences.net\/wp-content\/uploads\/2023\/07\/expo-max-ernst-2023.jpg","type":"image\/jpeg"}],"author":"admin","twitter_card":"summary_large_image","twitter_misc":{"Escrito por":"admin","Tiempo de lectura":"2 minutos"},"schema":{"@context":"https:\/\/schema.org","@graph":[{"@type":"Article","@id":"https:\/\/www.aparences.net\/es\/actualidad\/max-ernst-mundos-magicos-mundos-liberados\/#article","isPartOf":{"@id":"https:\/\/www.aparences.net\/es\/actualidad\/max-ernst-mundos-magicos-mundos-liberados\/"},"author":{"name":"admin","@id":"https:\/\/www.aparences.net\/es\/#\/schema\/person\/af349f6ffc31b16c68963e61268afca5"},"headline":"Max Ernst, Mundos m\u00e1gicos, mundos liberados","datePublished":"2023-07-17T07:34:43+00:00","dateModified":"2023-07-17T07:34:44+00:00","mainEntityOfPage":{"@id":"https:\/\/www.aparences.net\/es\/actualidad\/max-ernst-mundos-magicos-mundos-liberados\/"},"wordCount":473,"publisher":{"@id":"https:\/\/www.aparences.net\/es\/#organization"},"image":{"@id":"https:\/\/www.aparences.net\/es\/actualidad\/max-ernst-mundos-magicos-mundos-liberados\/#primaryimage"},"thumbnailUrl":"https:\/\/www.aparences.net\/wp-content\/uploads\/2023\/07\/expo-max-ernst-2023.jpg","articleSection":["Actualidad","Exposiciones"],"inLanguage":"es"},{"@type":["WebPage","ItemPage"],"@id":"https:\/\/www.aparences.net\/es\/actualidad\/max-ernst-mundos-magicos-mundos-liberados\/","url":"https:\/\/www.aparences.net\/es\/actualidad\/max-ernst-mundos-magicos-mundos-liberados\/","name":"Max Ernst, Mundos m\u00e1gicos, mundos liberados","isPartOf":{"@id":"https:\/\/www.aparences.net\/es\/#website"},"primaryImageOfPage":{"@id":"https:\/\/www.aparences.net\/es\/actualidad\/max-ernst-mundos-magicos-mundos-liberados\/#primaryimage"},"image":{"@id":"https:\/\/www.aparences.net\/es\/actualidad\/max-ernst-mundos-magicos-mundos-liberados\/#primaryimage"},"thumbnailUrl":"https:\/\/www.aparences.net\/wp-content\/uploads\/2023\/07\/expo-max-ernst-2023.jpg","datePublished":"2023-07-17T07:34:43+00:00","dateModified":"2023-07-17T07:34:44+00:00","description":"Este a\u00f1o, el H\u00f4tel de Caumont-Centre d'art de Aix-en-Provence dedica su exposici\u00f3n de verano al genio de Max Ernst (1891-1976). Artista erudito y","breadcrumb":{"@id":"https:\/\/www.aparences.net\/es\/actualidad\/max-ernst-mundos-magicos-mundos-liberados\/#breadcrumb"},"inLanguage":"es","potentialAction":[{"@type":"ReadAction","target":["https:\/\/www.aparences.net\/es\/actualidad\/max-ernst-mundos-magicos-mundos-liberados\/"]}]},{"@type":"ImageObject","inLanguage":"es","@id":"https:\/\/www.aparences.net\/es\/actualidad\/max-ernst-mundos-magicos-mundos-liberados\/#primaryimage","url":"https:\/\/www.aparences.net\/wp-content\/uploads\/2023\/07\/expo-max-ernst-2023.jpg","contentUrl":"https:\/\/www.aparences.net\/wp-content\/uploads\/2023\/07\/expo-max-ernst-2023.jpg","width":1080,"height":540},{"@type":"BreadcrumbList","@id":"https:\/\/www.aparences.net\/es\/actualidad\/max-ernst-mundos-magicos-mundos-liberados\/#breadcrumb","itemListElement":[{"@type":"ListItem","position":1,"name":"Portada","item":"https:\/\/www.aparences.net\/es\/"},{"@type":"ListItem","position":2,"name":"Max Ernst, Mundos m\u00e1gicos, mundos liberados"}]},{"@type":"WebSite","@id":"https:\/\/www.aparences.net\/es\/#website","url":"https:\/\/www.aparences.net\/es\/","name":"Aparences: Historia del Arte y Actualidad Cultural","description":"","publisher":{"@id":"https:\/\/www.aparences.net\/es\/#organization"},"potentialAction":[{"@type":"SearchAction","target":{"@type":"EntryPoint","urlTemplate":"https:\/\/www.aparences.net\/es\/?s={search_term_string}"},"query-input":{"@type":"PropertyValueSpecification","valueRequired":true,"valueName":"search_term_string"}}],"inLanguage":"es"},{"@type":"Organization","@id":"https:\/\/www.aparences.net\/es\/#organization","name":"Aparences: Historia del Arte y Actualidad Cultural","url":"https:\/\/www.aparences.net\/es\/","logo":{"@type":"ImageObject","inLanguage":"es","@id":"https:\/\/www.aparences.net\/es\/#\/schema\/logo\/image\/","url":"https:\/\/www.aparences.net\/wp-content\/uploads\/2023\/09\/logo-quadrat-color-e1695915315229.png","contentUrl":"https:\/\/www.aparences.net\/wp-content\/uploads\/2023\/09\/logo-quadrat-color-e1695915315229.png","width":120,"height":120,"caption":"Aparences: Historia del Arte y Actualidad Cultural"},"image":{"@id":"https:\/\/www.aparences.net\/es\/#\/schema\/logo\/image\/"}},{"@type":"Person","@id":"https:\/\/www.aparences.net\/es\/#\/schema\/person\/af349f6ffc31b16c68963e61268afca5","name":"admin","url":"https:\/\/www.aparences.net\/es\/author\/admin\/"}]}},"_links":{"self":[{"href":"https:\/\/www.aparences.net\/es\/wp-json\/wp\/v2\/posts\/26273","targetHints":{"allow":["GET"]}}],"collection":[{"href":"https:\/\/www.aparences.net\/es\/wp-json\/wp\/v2\/posts"}],"about":[{"href":"https:\/\/www.aparences.net\/es\/wp-json\/wp\/v2\/types\/post"}],"author":[{"embeddable":true,"href":"https:\/\/www.aparences.net\/es\/wp-json\/wp\/v2\/users\/2"}],"replies":[{"embeddable":true,"href":"https:\/\/www.aparences.net\/es\/wp-json\/wp\/v2\/comments?post=26273"}],"version-history":[{"count":0,"href":"https:\/\/www.aparences.net\/es\/wp-json\/wp\/v2\/posts\/26273\/revisions"}],"wp:featuredmedia":[{"embeddable":true,"href":"https:\/\/www.aparences.net\/es\/wp-json\/wp\/v2\/media\/26272"}],"wp:attachment":[{"href":"https:\/\/www.aparences.net\/es\/wp-json\/wp\/v2\/media?parent=26273"}],"wp:term":[{"taxonomy":"category","embeddable":true,"href":"https:\/\/www.aparences.net\/es\/wp-json\/wp\/v2\/categories?post=26273"},{"taxonomy":"post_tag","embeddable":true,"href":"https:\/\/www.aparences.net\/es\/wp-json\/wp\/v2\/tags?post=26273"}],"curies":[{"name":"wp","href":"https:\/\/api.w.org\/{rel}","templated":true}]}}