{"id":29189,"date":"2023-12-22T09:40:37","date_gmt":"2023-12-22T08:40:37","guid":{"rendered":"https:\/\/www.aparences.net\/?p=29189"},"modified":"2025-12-11T19:40:55","modified_gmt":"2025-12-11T18:40:55","slug":"richard-diebenkorn-2","status":"publish","type":"post","link":"https:\/\/www.aparences.net\/es\/arte-contemporaneo\/escuela-de-san-francisco\/richard-diebenkorn-2\/","title":{"rendered":"Richard Diebenkorn"},"content":{"rendered":"<p><!--contents--><\/p>\n\n\n<h2 class=\"wp-block-heading\">Richard Diebenkorn y la Escuela Figurativa del \u00c1rea de la Ba\u00eda<\/h2>\n\n\n\n<p>Richard Diebenkorn (1922-1993), fue un pintor estadounidense que salt\u00f3 a la fama ajeno al mundo del arte neoyorquino, gracias a sus seductores colores y superficies y a su exquisito sentido del equilibrio entre planos -y entre figuraci\u00f3n y abstracci\u00f3n- defini\u00f3 la escuela californiana del <a data-type=\"link\" data-id=\"https:\/\/www.aparences.net\/es\/arte-contemporaneo\/movimientos\/expresionismo-abstracto\/\" href=\"https:\/\/www.aparences.net\/es\/arte-contemporaneo\/movimientos\/expresionismo-abstracto\/\">Expresionismo Abstracto<\/a> a principios de la d\u00e9cada de 1950. Aunque a lo largo de su carrera oscil\u00f3 entre la pintura abstracta y la figurativa, su versi\u00f3n del <a data-type=\"link\" data-id=\"https:\/\/www.aparences.net\/es\/arte-contemporaneo\/movimientos\/expresionismo-abstracto\/\" href=\"https:\/\/www.aparences.net\/es\/arte-contemporaneo\/movimientos\/expresionismo-abstracto\/\">Expresionismo Abstracto<\/a> se convirti\u00f3 en una importante contrapartida de la marca m\u00e1s conocida del movimiento, popularizada por artistas neoyorquinos como <a data-type=\"link\" data-id=\"https:\/\/www.aparences.net\/es\/arte-contemporaneo\/movimientos\/expresionismo-abstracto\/#jackson-pollock\" href=\"https:\/\/www.aparences.net\/es\/arte-contemporaneo\/movimientos\/expresionismo-abstracto\/#jackson-pollock\">Jackson Pollock<\/a> y <a data-type=\"link\" data-id=\"https:\/\/www.aparences.net\/es\/arte-contemporaneo\/movimientos\/expresionismo-abstracto\/#willem-de-kooning\" href=\"https:\/\/www.aparences.net\/es\/arte-contemporaneo\/movimientos\/expresionismo-abstracto\/#willem-de-kooning\">Willem de Kooning<\/a>. Durante las d\u00e9cadas de 1950 y 1960, se distingui\u00f3 por el desarrollo de una forma \u00fanica de realismo del norte de California, conocida como <a data-type=\"link\" data-id=\"https:\/\/www.aparences.net\/es\/art-contemporain\/movimiento-figurativo-area-bahia-san-francisco\/\" href=\"https:\/\/www.aparences.net\/es\/art-contemporain\/movimiento-figurativo-area-bahia-san-francisco\/\">Movimiento Figurativo del \u00c1rea de la Bah\u00eda<\/a> (Bay Area Figurative School) o <strong>Escuela de San Francisco<\/strong>.<\/p>\n\n\n<div class=\"wp-block-image\">\n<figure class=\"aligncenter size-full is-resized\"><img loading=\"lazy\" decoding=\"async\" width=\"427\" height=\"460\" src=\"https:\/\/www.aparences.net\/wp-content\/uploads\/2023\/11\/richard-diebenkorn-girl-on-a-terrace-1956.webp\" alt=\"Chica en una terraza, 1956, Richard Diebenkorn\" class=\"wp-image-29164\" style=\"aspect-ratio:0.9282608695652174;width:429px;height:auto\" title=\"Chica en una terraza, 1956, Richard Diebenkorn\"\/><figcaption class=\"wp-element-caption\"><em><strong>Chica en una terraza<\/strong>, 1956, <strong>Richard Diebenkorn<\/strong>,<\/em><br><em>Londres, Royal Academy of Arts<\/em><\/figcaption><\/figure>\n<\/div>\n\n\n<p>Aunque Richard Diebenkorn fue un gran estudioso y profesor de arte, en \u00faltima instancia no hizo una contribuci\u00f3n revolucionaria a la narrativa de la historia del arte. Sin embargo, es significativo que fuera un artista contempor\u00e1neo capaz de combinar con \u00e9xito influencias tan diversas como el <a href=\"https:\/\/www.aparences.net\/es\/arte-contemporaneo\/movimientos\/expresionismo-abstracto\/\" data-type=\"link\" data-id=\"https:\/\/www.aparences.net\/es\/arte-contemporaneo\/movimientos\/expresionismo-abstracto\/\">Expresionismo Abstracto<\/a>, la <a href=\"https:\/\/www.aparences.net\/es\/arte-contemporaneo\/movimientos\/color-field\/\" data-type=\"link\" data-id=\"https:\/\/www.aparences.net\/es\/arte-contemporaneo\/movimientos\/color-field\/\">Pintura de Campos de Color (Color Field Painting<\/a>) y toda la historia de la \u00abbelle peinture\u00bb europea.<\/p>\n\n\n<div class=\"wp-block-image\">\n<figure class=\"aligncenter size-full\"><img loading=\"lazy\" decoding=\"async\" width=\"367\" height=\"460\" src=\"https:\/\/www.aparences.net\/wp-content\/uploads\/2023\/11\/diebenkorn-interior-with-view-of-buildings-1962.webp\" alt=\"Interior con vista de edificios, 1962, Richard Diebenkorn\" class=\"wp-image-29166\" title=\"Interior con vista de edificios, 1962, Richard Diebenkorn\"\/><figcaption class=\"wp-element-caption\"><em><strong>Interior con vista de edificios<\/strong>, 1962, <strong>Richard Diebenkorn<\/strong>, Colecci\u00f3n privada<\/em><\/figcaption><\/figure>\n<\/div>\n\n\n<p>En 1963, Diebenkorn pint\u00f3 la serie Cityscape, una calle de un suburbio californiano, mientras se alejaba de la abstracci\u00f3n para adoptar un estilo m\u00e1s figurativo tras convertirse en una figura destacada del Movimiento Figurativo de la Bah\u00eda de San Francisco. La obra <em>Cityscape I<\/em> sugiere que el estilo esencialmente abstracto de Diebenkorn, de grandes planos de colores brillantes ejecutados con pinceladas expresivas y dibujados en un plano cuadriculado, se extiende incluso a su mundo imaginario. Los planos -tanto los planos densos de los edificios de la izquierda como los planos m\u00e1s amplios y abiertos del paisaje de la derecha- se apilan verticalmente para afirmar la superficie plana del cuadro y crear su concepci\u00f3n abstracta. Aunque el cuadro es claramente un paisaje urbano o un paisaje, el espectador puede delimitar cualquier parte rectangular del cuadro, que se convierte en una pintura en miniatura casi totalmente abstracta.<\/p>\n\n\n<div class=\"wp-block-image\">\n<figure class=\"aligncenter size-full\"><img loading=\"lazy\" decoding=\"async\" width=\"381\" height=\"458\" src=\"https:\/\/www.aparences.net\/wp-content\/uploads\/2023\/11\/diebenkorn-cityscape-I-1963.webp\" alt=\"Cityscape I, 1963, Richard Diebenkorn\" class=\"wp-image-29168\" title=\"Cityscape I, 1963, Richard Diebenkorn\"\/><figcaption class=\"wp-element-caption\"><em><strong>Cityscape I<\/strong>, 1963, <strong>Richard Diebenkorn<\/strong>, <\/em><br><em>San Francisco Museum of Art<\/em><\/figcaption><\/figure>\n<\/div>\n\n\n<p>Diebenkorn fue fundamentalmente un artista de la Costa Oeste, influido por los paisajes y el entorno de Nuevo M\u00e9xico y California. Estos rasgos personales se expresan tambi\u00e9n en su capacidad para crear una especie de abstracci\u00f3n humanizada, ya sea mediante el uso directo de la figura humana en un entorno abstracto, ya sea a trav\u00e9s de la delicadeza y expresividad personal de sus pinceladas. Una de las caracter\u00edsticas m\u00e1s significativas e inusuales de su arte es la fluidez con la que puede <strong>pasar de la abstracci\u00f3n a la figuraci\u00f3n<\/strong>, observando la estructura y el orden tanto en la naturaleza como sobre el lienzo. Sus obras concilian exquisitamente su percepci\u00f3n del entorno natural con su propia concepci\u00f3n, que crea sobre el lienzo.<\/p>\n\n\n<div class=\"wp-block-image\">\n<figure class=\"aligncenter size-full\"><img loading=\"lazy\" decoding=\"async\" width=\"384\" height=\"460\" src=\"https:\/\/www.aparences.net\/wp-content\/uploads\/2023\/11\/richard-diebenkorn-still-life-with-orange-peel-1955.webp\" alt=\"Naturaleza muerta con piel de naranja, 1955, Richard Diebenkorn\" class=\"wp-image-29170\" title=\"Naturaleza muerta con piel de naranja, 1955, Richard Diebenkorn\"\/><figcaption class=\"wp-element-caption\"><em><strong>Naturaleza muerta con piel de naranja<\/strong>, 1955, <strong>Richard Diebenkorn<\/strong>, Colecci\u00f3n particular<\/em><\/figcaption><\/figure>\n<\/div>\n\n\n<!-- AdBoxRight2020 --><ins class=\"adsbygoogle\"     style=\"display:block; margin-top:30px;\"     data-ad-client=\"ca-pub-2468002815867636\"     data-ad-slot=\"3496014735\"     data-ad-format=\"auto\"     data-full-width-responsive=\"false\"><\/ins><script> (adsbygoogle = window.adsbygoogle || []).push({});<\/script><h2 class=\"wp-block-heading\">Biograf\u00eda de Richard Diebenkorn<\/h2>\n\n\n\n<p>Dos a\u00f1os despu\u00e9s de que Richard Diebenkorn naciera en Portland, Oreg\u00f3n, el 22 de abril de 1922, su familia se traslad\u00f3 a San Francisco. Aunque sus padres no apoyaban especialmente su inter\u00e9s por las artes, Diebenkorn fue animado por su abuela, poeta, pintora y abogada de derechos civiles, que estimul\u00f3 su imaginaci\u00f3n visual regal\u00e1ndole libros ilustrados, llev\u00e1ndole a galer\u00edas locales y transmiti\u00e9ndole su amor por la imaginer\u00eda her\u00e1ldica europea. Diebenkorn decepcion\u00f3 a su padre al elegir estudiar arte e historia del arte en lugar de derecho o medicina en la Universidad de Stanford, donde comenz\u00f3 sus estudios en 1940. <strong>Daniel Mendelowitz<\/strong>, uno de los profesores de historia del arte y mentor de Diebenkorn, introdujo al aspirante a pintor en la obra de modernistas como <a href=\"https:\/\/www.aparences.net\/es\/periodos\/arte-moderno-anexos\/el-universo-de-edward-hopper\/\" data-type=\"link\" data-id=\"https:\/\/www.aparences.net\/es\/periodos\/arte-moderno-anexos\/el-universo-de-edward-hopper\/\">Edward Hopper<\/a>, cuya obra resultar\u00eda crucial para el temprano desarrollo art\u00edstico de Diebenkorn (<em>Palo Alto Circle<\/em>, 1943). Mendelowitz tambi\u00e9n llev\u00f3 al artista a visitar la casa de Sarah Stein, cu\u00f1ada de <a href=\"https:\/\/es.wikipedia.org\/wiki\/Gertrude_Stein\" data-type=\"link\" data-id=\"https:\/\/es.wikipedia.org\/wiki\/Gertrude_Stein\">Gertrude Stein<\/a>, donde vio obras de <a href=\"https:\/\/www.aparences.net\/es\/periodos\/postimpresionismo\/paul-cezanne\/\" data-type=\"link\" data-id=\"https:\/\/www.aparences.net\/es\/periodos\/postimpresionismo\/paul-cezanne\/\">Paul C\u00e9zanne<\/a>, <a href=\"https:\/\/www.aparences.net\/es\/periodos\/modernismo\/picasso-la-etapa-catalana\/\" data-type=\"link\" data-id=\"https:\/\/www.aparences.net\/es\/periodos\/modernismo\/picasso-la-etapa-catalana\/\">Pablo Picasso<\/a> y <a href=\"https:\/\/www.aparences.net\/es\/periodos\/arte-moderno-anexos\/henri-matisse-pintor-del-color\/\" data-type=\"link\" data-id=\"https:\/\/www.aparences.net\/es\/periodos\/arte-moderno-anexos\/henri-matisse-pintor-del-color\/\">Henri Matisse<\/a>, artistas modernos que tambi\u00e9n inspiraron el desarrollo art\u00edstico de Diebenkorn.<\/p>\n\n\n<div class=\"wp-block-image\">\n<figure class=\"aligncenter size-full\"><img loading=\"lazy\" decoding=\"async\" width=\"369\" height=\"460\" src=\"https:\/\/www.aparences.net\/wp-content\/uploads\/2023\/11\/richard-diebenkorn-palo-alto-circle-1943.webp\" alt=\"C\u00edrculo de Palo Alto, 1943, Richard Diebenkorn \n\" class=\"wp-image-29172\" title=\"C\u00edrculo de Palo Alto, 1943, Richard Diebenkorn\"\/><figcaption class=\"wp-element-caption\"><em><strong>C\u00edrculo de Palo Alto<\/strong>, 1943, <strong>Richard Diebenkorn<\/strong> <\/em><br><em>Colecci\u00f3n particular<\/em><\/figcaption><\/figure>\n<\/div>\n\n\n<p>El cuadro <em>Mujer en el porche<\/em> marca la transici\u00f3n de Diebenkorn del paisaje abstracto a un estilo m\u00e1s figurativo, que comenz\u00f3 en 1954. El artista afirmaba que obras como \u00e9sta se hab\u00edan visto influidas en parte por sus amigos <strong>Elmer Bischoff<\/strong> y <a href=\"https:\/\/www.aparences.net\/es\/arte-contemporaneo\/escuela-de-san-francisco\/david-park\/\" data-type=\"link\" data-id=\"https:\/\/www.aparences.net\/es\/arte-contemporaneo\/escuela-de-san-francisco\/david-park\/\">David Park<\/a>, que se hab\u00edan alejado del paisaje para acercarse a la figura. Diebenkorn tambi\u00e9n hab\u00eda observado la obra de modernistas europeos como <a href=\"https:\/\/www.aparences.net\/es\/periodos\/impresionismo\/edgar-degas\/\" data-type=\"link\" data-id=\"https:\/\/www.aparences.net\/es\/periodos\/impresionismo\/edgar-degas\/\">Edgar Degas<\/a> (en la figura solitaria y pensativa), <a href=\"https:\/\/www.aparences.net\/es\/periodos\/postimpresionismo\/pierre-bonnard-biografia-y-obras\/\" data-type=\"link\" data-id=\"https:\/\/www.aparences.net\/es\/periodos\/postimpresionismo\/pierre-bonnard-biografia-y-obras\/\">Pierre Bonnard<\/a> (en el suntuoso colorido), Henri Matisse (en la fusi\u00f3n de la figura tridimensional con el fondo abstracto esencialmente bidimensional) y los <a href=\"https:\/\/www.aparences.net\/es\/periodos\/arte-moderno\/expresionismo\/\" data-type=\"link\" data-id=\"https:\/\/www.aparences.net\/es\/periodos\/arte-moderno\/expresionismo\/\">pintores expresionistas<\/a> alemanes (en el rostro en forma de m\u00e1scara y la libertad de la pincelada). De sus ejemplos aprendi\u00f3 a pintar la figura aislada -nuevamente imbuida de psicolog\u00eda humana- integrada en la concepci\u00f3n abstracta de la superficie.<\/p>\n\n\n<div class=\"wp-block-image\">\n<figure class=\"aligncenter size-full\"><img loading=\"lazy\" decoding=\"async\" width=\"463\" height=\"460\" src=\"https:\/\/www.aparences.net\/wp-content\/uploads\/2023\/11\/richard-diebenkorn-woman-on-porch-1958.webp\" alt=\"Mujer en el porche, 1958, Richard Diebenkorn\" class=\"wp-image-29174\" title=\"Mujer en el porche, 1958, Richard Diebenkorn\" srcset=\"https:\/\/www.aparences.net\/wp-content\/uploads\/2023\/11\/richard-diebenkorn-woman-on-porch-1958.webp 463w, https:\/\/www.aparences.net\/wp-content\/uploads\/2023\/11\/richard-diebenkorn-woman-on-porch-1958-100x100.webp 100w, https:\/\/www.aparences.net\/wp-content\/uploads\/2023\/11\/richard-diebenkorn-woman-on-porch-1958-150x150.webp 150w\" sizes=\"auto, (max-width: 463px) 100vw, 463px\" \/><figcaption class=\"wp-element-caption\"><em><strong>Mujer en el porche<\/strong>, 1958, <strong>Richard Diebenkorn <\/strong><br>New Orleans Museum of Art<\/em><\/figcaption><\/figure>\n<\/div>\n\n\n<p>En junio de 1943, Diebenkorn se cas\u00f3 con Phyllis Gilman una estudiante de Stanford, e inmediatamente despu\u00e9s se alist\u00f3 en el Cuerpo de Marines de EE.UU., donde sirvi\u00f3 durante dos a\u00f1os. Durante su estancia en la base de Quantico, Virginia, Diebenkorn aprovech\u00f3 para visitar las colecciones de arte moderno m\u00e1s importantes de la Costa Este, como el Museo de Arte Moderno de Nueva York, el Museo de Arte de Filadelfia y la Phillips Collection de Washington. A su regreso a San Francisco en 1946, Diebenkorn aprovech\u00f3 la G.I. Bill (una ley que proporcionaba a los soldados desmovilizados financiaci\u00f3n para sus estudios universitarios) para matricularse en la <strong>Escuela de Bellas Artes de California<\/strong>. Al a\u00f1o siguiente pas\u00f3 a formar parte del profesorado de la escuela, tras pasar un invierno pintando en la vibrante comunidad art\u00edstica de Woodstock, Nueva York. Entre sus profesores se encontraban <strong>Clyfford Still<\/strong> y <strong>David Park<\/strong>. Se gradu\u00f3 en Stanford en 1949.<\/p>\n\n\n<div class=\"wp-block-image\">\n<figure class=\"aligncenter size-full\"><img loading=\"lazy\" decoding=\"async\" width=\"549\" height=\"460\" src=\"https:\/\/www.aparences.net\/wp-content\/uploads\/2023\/11\/richard-diebenkorn-untitled-2-suasalito-1949.webp\" alt=\"Sin t\u00edtulo 2 (Sausalito), 1949, Richard Diebenkorn\" class=\"wp-image-29176\" title=\"Sin t\u00edtulo 2 (Sausalito), 1949, Richard Diebenkorn\"\/><figcaption class=\"wp-element-caption\"><em><strong>Sin t\u00edtulo 2<\/strong> (Sausalito), 1949, <strong>Richard Diebenkorn<\/strong>, Colecci\u00f3n privada<\/em><\/figcaption><\/figure>\n<\/div>\n\n\n<!-- AdBoxLeft2023 --><ins class=\"adsbygoogle\" style=\"display:block\" data-ad-client=\"ca-pub-2468002815867636\" data-ad-slot=\"1318022963\" data-ad-format=\"auto\" data-full-width-responsive=\"true\"><\/ins><script> (adsbygoogle = window.adsbygoogle || []).push({});<\/script><h2 class=\"wp-block-heading\">Richard Diebenkorn: Periodo Berkeley<\/h2>\n\n\n\n<p>Siempre en busca de un cambio de aires, en 1950 Diebenkorn se traslad\u00f3 con su familia a Albuquerque para completar su Master en Bellas Artes en la Universidad de Nuevo M\u00e9xico. Los contactos que estableci\u00f3 en estas universidades tuvieron un impacto considerable en el joven artista, que particip\u00f3 en un gran intercambio de ideas. Durante este periodo, en un vuelo a baja altitud entre Albuquerque y California, pudo observar el paisaje desde las alturas. Esta experiencia tuvo un gran impacto en el trazado de muchas de sus composiciones, tanto en Nuevo M\u00e9xico como en California. Fue tambi\u00e9n en Albuquerque, a principios de la d\u00e9cada de 1950, donde comenz\u00f3 en serio su <strong>periodo de expresionismo abstracto<\/strong>, que dur\u00f3 unos cinco a\u00f1os, hasta que se traslad\u00f3 a Urbana, Illinois (donde acept\u00f3 un puesto de profesor en la Universidad de Illinois), y luego regres\u00f3 a California. Berkeley fue su lugar de residencia entre 1955 y 1966 (su \u00abperiodo Berkeley\u00bb). Desde el oto\u00f1o de 1964 hasta la primavera de 1965, Diebenkorn viaj\u00f3 por Europa, obteniendo un visado cultural para visitar importantes museos de la Uni\u00f3n Sovi\u00e9tica y contemplar sus colecciones de <a href=\"https:\/\/www.aparences.net\/es\/periodos\/arte-moderno-anexos\/henri-matisse-pintor-del-color\/\" data-type=\"link\" data-id=\"https:\/\/www.aparences.net\/es\/periodos\/arte-moderno-anexos\/henri-matisse-pintor-del-color\/\">pinturas de Matisse<\/a>.<\/p>\n\n\n<div class=\"wp-block-image\">\n<figure class=\"aligncenter size-full\"><img loading=\"lazy\" decoding=\"async\" width=\"415\" height=\"460\" src=\"https:\/\/www.aparences.net\/wp-content\/uploads\/2023\/11\/richard-diebenkorn-albuquerque-1952.webp\" alt=\"Sin t\u00edtulo (Albuquerque), 1952, Richard Diebenkorn\" class=\"wp-image-29178\" title=\"Sin t\u00edtulo (Albuquerque), 1952, Richard Diebenkorn\"\/><figcaption class=\"wp-element-caption\"><em><strong>Sin t\u00edtulo (Albuquerque)<\/strong>, 1952, <strong>Richard Diebenkorn<\/strong> <\/em><br><em>Colecci\u00f3n particular<\/em><\/figcaption><\/figure>\n<\/div>\n\n<div class=\"wp-block-image\">\n<figure class=\"aligncenter size-full\"><img loading=\"lazy\" decoding=\"async\" width=\"659\" height=\"400\" src=\"https:\/\/www.aparences.net\/wp-content\/uploads\/2023\/11\/henri-matisse-richard-diebenkorn-1967.webp\" alt=\"Pez dorado y paleta, 1914, Henri Matisse; Ventana, 1967, Richard Diebenkorn\" class=\"wp-image-29180\" title=\"Pez dorado y paleta, 1914, Henri Matisse; Ventana, 1967, Richard Diebenkorn\"\/><figcaption class=\"wp-element-caption\"><em><strong>Pez dorado y paleta<\/strong>, 1914, <strong>Henri Matisse<\/strong>, Nueva York, Museum of Modern Art<br><strong>Ventana<\/strong>, 1967, <strong>Richard Diebenkorn<\/strong>, Colecci\u00f3n particular<\/em><\/figcaption><\/figure>\n<\/div>\n\n<div class=\"wp-block-image\">\n<figure class=\"aligncenter size-full\"><img loading=\"lazy\" decoding=\"async\" width=\"422\" height=\"460\" src=\"https:\/\/www.aparences.net\/wp-content\/uploads\/2023\/11\/richard-diebenkorn-july-1957.webp\" alt=\"Julio, 1958, Richard Diebenkorn\" class=\"wp-image-29182\" title=\"Julio, 1958, Richard Diebenkorn\"\/><figcaption class=\"wp-element-caption\"><em><strong>Julio<\/strong>, 1958, <strong>Richard Diebenkorn<\/strong>, Colecci\u00f3n particular<\/em><\/figcaption><\/figure>\n<\/div>\n\n<div class=\"wp-block-image\">\n<figure class=\"aligncenter size-full\"><img loading=\"lazy\" decoding=\"async\" width=\"499\" height=\"458\" src=\"https:\/\/www.aparences.net\/wp-content\/uploads\/2023\/11\/richard-diebenkorn-figure-on-a-porch-1959.webp\" alt=\"Figura en un porche, 1959, Richard Diebenkorn\" class=\"wp-image-29184\" title=\"Figura en un porche, 1959, Richard Diebenkorn\"\/><figcaption class=\"wp-element-caption\"><em><strong>Figura en un porche<\/strong>, 1959, <strong>Richard Diebenkorn<\/strong>, Colecci\u00f3n privada<\/em><\/figcaption><\/figure>\n<\/div>\n\n\n<p><em>Berkeley n\u00ba 8<\/em> es una de las \u00faltimas <a href=\"https:\/\/www.aparences.net\/es\/arte-contemporaneo\/movimientos\/expresionismo-abstracto\/\" data-type=\"link\" data-id=\"https:\/\/www.aparences.net\/es\/arte-contemporaneo\/movimientos\/expresionismo-abstracto\/\">pinturas expresionistas abstractas<\/a> de Diebenkorn, ejecutada a su regreso a California y justo antes de que pasara a un estilo m\u00e1s figurativo como parte del <strong>Bay Area Figurative Movement<\/strong>. Tal vez indicativo de este retorno a la representaci\u00f3n, <em>Berkeley n\u00ba 8<\/em> -en contraste con sus anteriores obras expresionistas abstractas- presenta una visi\u00f3n m\u00e1s expansiva del paisaje, con un mayor n\u00famero de formas y una mayor variedad de detalles. En este cuadro, se ha sugerido que Diebenkorn fue influido por los <strong>paisajes de Cha\u00efm Soutine<\/strong>, con sus superficies divididas y sus diagonales, pero lo que es m\u00e1s importante -dado que la obra est\u00e1 dibujada y pintada a la vez- se relaciona y vincula con los dos tipos de Expresionismo Abstracto: <strong>la abstracci\u00f3n gestual<\/strong> y el <a href=\"https:\/\/www.aparences.net\/es\/arte-contemporaneo\/movimientos\/color-field\/\" data-type=\"link\" data-id=\"https:\/\/www.aparences.net\/es\/arte-contemporaneo\/movimientos\/color-field\/\">Color Field Painting<\/a>, en la obra de <strong>Willem de Kooning<\/strong> y <strong>Mark Rothko<\/strong>, respectivamente.<\/p>\n\n\n<div class=\"wp-block-image\">\n<figure class=\"aligncenter size-full\"><img loading=\"lazy\" decoding=\"async\" width=\"424\" height=\"460\" src=\"https:\/\/www.aparences.net\/wp-content\/uploads\/2023\/11\/richard-diebenkorn-berkeley-no-8-1955.webp\" alt=\"Berkeley n\u00ba 8, 1958, Richard Diebenkorn\" class=\"wp-image-29186\" title=\"Berkeley n\u00ba 8, 1958, Richard Diebenkorn\"\/><figcaption class=\"wp-element-caption\"><em><strong>Berkeley n\u00ba 8<\/strong>, 1958, <strong>Richard Diebenkorn<\/strong> <br>North Carolina, Museum of Art<\/em><\/figcaption><\/figure>\n<\/div>\n\n\n<p>Diebenkorn y su esposa se trasladaron a Santa M\u00f3nica en 1967, cuando \u00e9l se convirti\u00f3 en profesor de arte en la UCLA, donde trabaj\u00f3 hasta su jubilaci\u00f3n en 1973. A finales de los sesenta y principios de los setenta, Diebenkorn, junto con los amigos que hab\u00eda hecho en diversos puestos docentes, entre ellos David Park, se uni\u00f3 al Bay Area Figurative Movement, que <strong>rechazaba el expresionismo abstracto en favor de una vuelta a la representaci\u00f3n figurativa<\/strong>. Al parecer, la libertad gestual y compositiva de su periodo expresionista abstracto no era finalmente de su agrado. Sin embargo, Diebenkorn acab\u00f3 encontrando un equilibrio entre el uso de elementos abstractos y figurativos en su obra. Su serie <em>Ocean Park<\/em> (1967-88), por ejemplo, compuesta por 140 cuadros realizados a lo largo de 21 a\u00f1os, catapult\u00f3 al artista maduro a la fama. En 1988, Diebenkorn y su esposa se trasladaron a Healdsburg, California, cerca del r\u00edo Russian. Diebenkorn trabaj\u00f3 en numerosos dibujos y exquisitas pinturas de peque\u00f1o formato hasta que cay\u00f3 enfermo en 1992. La pareja se vio obligada a trasladarse a su piso de Berkeley para estar m\u00e1s cerca de la atenci\u00f3n m\u00e9dica. El artista muri\u00f3 el 30 de marzo de 1993, a los 71 a\u00f1os.<\/p>\n\n\n<div class=\"wp-block-image\">\n<figure class=\"aligncenter size-full\"><img loading=\"lazy\" decoding=\"async\" width=\"493\" height=\"460\" src=\"https:\/\/www.aparences.net\/wp-content\/uploads\/2023\/11\/richard-diebenkorn-seated-figure-1967.webp\" alt=\"Figura sentada con sombrero, 1967, Richard Diebenkorn\" class=\"wp-image-29188\" title=\"Figura sentada con sombrero, 1967, Richard Diebenkorn\"\/><figcaption class=\"wp-element-caption\"><em><strong>Figura sentada con sombrero<\/strong>, 1967, <strong>Richard Diebenkorn<\/strong> <br>Washington, National Gallery of Art<\/em><\/figcaption><\/figure>\n<\/div>\n\n\n<p>Inmediatamente despu\u00e9s de la muerte de Diebenkorn, el cr\u00edtico de arte Adam Gopnik de la revista New Yorker escribi\u00f3 que \u00abhab\u00eda sido, sin pretenderlo, una de las figuras clave de una gran transformaci\u00f3n del arte estadounidense en el \u00faltimo cuarto de siglo: el ascenso de California desde un remanso provinciano a una capital del arte a la altura de Nueva York\u00bb. Aunque Diebenkorn no alcanz\u00f3 el estatus de celebridad de los <a href=\"https:\/\/www.aparences.net\/es\/arte-contemporaneo\/movimientos\/expresionismo-abstracto\/\" data-type=\"link\" data-id=\"https:\/\/www.aparences.net\/es\/arte-contemporaneo\/movimientos\/expresionismo-abstracto\/\">expresionistas abstractos de la Escuela de Nueva York<\/a>, las grandes retrospectivas de 1976 y 1997 contribuyeron a consolidar su reputaci\u00f3n como uno de los principales pintores estadounidenses de la posguerra. Su obra sigue siendo estudiada e imitada por los estudiantes de pintura. En palabras del cr\u00edtico John Elderfield, se le admira \u00abpor la persistencia y longevidad de sus logros\u2026 que renueva la fe en la pintura\u00bb.<\/p>\n","protected":false},"excerpt":{"rendered":"<p>Una de las caracter\u00edsticas m\u00e1s significativas del arte de Diebenkorn es la fluidez con la que puede pasar de la abstracci\u00f3n a la figuraci\u00f3n.<\/p>\n","protected":false},"author":2,"featured_media":29203,"comment_status":"closed","ping_status":"closed","sticky":false,"template":"","format":"standard","meta":{"footnotes":""},"categories":[5949],"tags":[5959,5952,1727,5756],"class_list":["post-29189","post","type-post","status-publish","format-standard","has-post-thumbnail","hentry","category-escuela-de-san-francisco","tag-abstraccion-figurativa","tag-escuela-de-san-francisco","tag-peinture-figurative","tag-pintura-abstracta"],"yoast_head":"<!-- This site is optimized with the Yoast SEO plugin v27.2 - https:\/\/yoast.com\/product\/yoast-seo-wordpress\/ -->\n<title>Richard Diebenkorn<\/title>\n<meta name=\"description\" content=\"Una de las caracter\u00edsticas m\u00e1s significativas del arte de Diebenkorn es la fluidez con la que puede pasar de la abstracci\u00f3n a la figuraci\u00f3n.\" \/>\n<meta name=\"robots\" content=\"index, follow, max-snippet:-1, max-image-preview:large, max-video-preview:-1\" \/>\n<link rel=\"canonical\" href=\"https:\/\/www.aparences.net\/es\/arte-contemporaneo\/escuela-de-san-francisco\/richard-diebenkorn\/\" \/>\n<meta property=\"og:locale\" content=\"es_ES\" \/>\n<meta property=\"og:type\" content=\"article\" \/>\n<meta property=\"og:title\" content=\"Richard Diebenkorn\" \/>\n<meta property=\"og:description\" content=\"Una de las caracter\u00edsticas m\u00e1s significativas del arte de Diebenkorn es la fluidez con la que puede pasar de la abstracci\u00f3n a la figuraci\u00f3n.\" \/>\n<meta property=\"og:url\" content=\"https:\/\/www.aparences.net\/es\/arte-contemporaneo\/escuela-de-san-francisco\/richard-diebenkorn\/\" \/>\n<meta property=\"og:site_name\" content=\"Aparences\" \/>\n<meta property=\"article:published_time\" content=\"2023-12-22T08:40:37+00:00\" \/>\n<meta property=\"article:modified_time\" content=\"2025-12-11T18:40:55+00:00\" \/>\n<meta property=\"og:image\" content=\"https:\/\/www.aparences.net\/wp-content\/uploads\/2023\/11\/richard-diebenkorn-bay-area-figurative-movement.webp\" \/>\n\t<meta property=\"og:image:width\" content=\"1080\" \/>\n\t<meta property=\"og:image:height\" content=\"540\" \/>\n\t<meta property=\"og:image:type\" content=\"image\/webp\" \/>\n<meta name=\"author\" content=\"admin\" \/>\n<meta name=\"twitter:card\" content=\"summary_large_image\" \/>\n<meta name=\"twitter:label1\" content=\"Escrito por\" \/>\n\t<meta name=\"twitter:data1\" content=\"admin\" \/>\n\t<meta name=\"twitter:label2\" content=\"Tiempo de lectura\" \/>\n\t<meta name=\"twitter:data2\" content=\"11 minutos\" \/>\n<script type=\"application\/ld+json\" class=\"yoast-schema-graph\">{\"@context\":\"https:\/\/schema.org\",\"@graph\":[{\"@type\":\"Article\",\"@id\":\"https:\/\/www.aparences.net\/es\/arte-contemporaneo\/escuela-de-san-francisco\/richard-diebenkorn\/#article\",\"isPartOf\":{\"@id\":\"https:\/\/www.aparences.net\/es\/arte-contemporaneo\/escuela-de-san-francisco\/richard-diebenkorn\/\"},\"author\":{\"name\":\"admin\",\"@id\":\"https:\/\/www.aparences.net\/es\/#\/schema\/person\/af349f6ffc31b16c68963e61268afca5\"},\"headline\":\"Richard Diebenkorn\",\"datePublished\":\"2023-12-22T08:40:37+00:00\",\"dateModified\":\"2025-12-11T18:40:55+00:00\",\"mainEntityOfPage\":{\"@id\":\"https:\/\/www.aparences.net\/es\/arte-contemporaneo\/escuela-de-san-francisco\/richard-diebenkorn\/\"},\"wordCount\":1828,\"publisher\":{\"@id\":\"https:\/\/www.aparences.net\/es\/#organization\"},\"image\":{\"@id\":\"https:\/\/www.aparences.net\/es\/arte-contemporaneo\/escuela-de-san-francisco\/richard-diebenkorn\/#primaryimage\"},\"thumbnailUrl\":\"https:\/\/www.aparences.net\/wp-content\/uploads\/2023\/11\/richard-diebenkorn-bay-area-figurative-movement.webp\",\"keywords\":[\"abstracci\u00f3n figurativa\",\"Escuela de San Francisco\",\"peinture figurative\",\"pintura abstracta\"],\"articleSection\":[\"Escuela de San Francisco\"],\"inLanguage\":\"es\"},{\"@type\":[\"WebPage\",\"ItemPage\"],\"@id\":\"https:\/\/www.aparences.net\/es\/arte-contemporaneo\/escuela-de-san-francisco\/richard-diebenkorn\/\",\"url\":\"https:\/\/www.aparences.net\/es\/arte-contemporaneo\/escuela-de-san-francisco\/richard-diebenkorn\/\",\"name\":\"Richard Diebenkorn\",\"isPartOf\":{\"@id\":\"https:\/\/www.aparences.net\/es\/#website\"},\"primaryImageOfPage\":{\"@id\":\"https:\/\/www.aparences.net\/es\/arte-contemporaneo\/escuela-de-san-francisco\/richard-diebenkorn\/#primaryimage\"},\"image\":{\"@id\":\"https:\/\/www.aparences.net\/es\/arte-contemporaneo\/escuela-de-san-francisco\/richard-diebenkorn\/#primaryimage\"},\"thumbnailUrl\":\"https:\/\/www.aparences.net\/wp-content\/uploads\/2023\/11\/richard-diebenkorn-bay-area-figurative-movement.webp\",\"datePublished\":\"2023-12-22T08:40:37+00:00\",\"dateModified\":\"2025-12-11T18:40:55+00:00\",\"description\":\"Una de las caracter\u00edsticas m\u00e1s significativas del arte de Diebenkorn es la fluidez con la que puede pasar de la abstracci\u00f3n a la figuraci\u00f3n.\",\"breadcrumb\":{\"@id\":\"https:\/\/www.aparences.net\/es\/arte-contemporaneo\/escuela-de-san-francisco\/richard-diebenkorn\/#breadcrumb\"},\"inLanguage\":\"es\",\"potentialAction\":[{\"@type\":\"ReadAction\",\"target\":[\"https:\/\/www.aparences.net\/es\/arte-contemporaneo\/escuela-de-san-francisco\/richard-diebenkorn\/\"]}]},{\"@type\":\"ImageObject\",\"inLanguage\":\"es\",\"@id\":\"https:\/\/www.aparences.net\/es\/arte-contemporaneo\/escuela-de-san-francisco\/richard-diebenkorn\/#primaryimage\",\"url\":\"https:\/\/www.aparences.net\/wp-content\/uploads\/2023\/11\/richard-diebenkorn-bay-area-figurative-movement.webp\",\"contentUrl\":\"https:\/\/www.aparences.net\/wp-content\/uploads\/2023\/11\/richard-diebenkorn-bay-area-figurative-movement.webp\",\"width\":1080,\"height\":540},{\"@type\":\"BreadcrumbList\",\"@id\":\"https:\/\/www.aparences.net\/es\/arte-contemporaneo\/escuela-de-san-francisco\/richard-diebenkorn\/#breadcrumb\",\"itemListElement\":[{\"@type\":\"ListItem\",\"position\":1,\"name\":\"Portada\",\"item\":\"https:\/\/www.aparences.net\/es\/\"},{\"@type\":\"ListItem\",\"position\":2,\"name\":\"Richard Diebenkorn\"}]},{\"@type\":\"WebSite\",\"@id\":\"https:\/\/www.aparences.net\/es\/#website\",\"url\":\"https:\/\/www.aparences.net\/es\/\",\"name\":\"Aparences: Historia del Arte y Actualidad Cultural\",\"description\":\"\",\"publisher\":{\"@id\":\"https:\/\/www.aparences.net\/es\/#organization\"},\"potentialAction\":[{\"@type\":\"SearchAction\",\"target\":{\"@type\":\"EntryPoint\",\"urlTemplate\":\"https:\/\/www.aparences.net\/es\/?s={search_term_string}\"},\"query-input\":{\"@type\":\"PropertyValueSpecification\",\"valueRequired\":true,\"valueName\":\"search_term_string\"}}],\"inLanguage\":\"es\"},{\"@type\":\"Organization\",\"@id\":\"https:\/\/www.aparences.net\/es\/#organization\",\"name\":\"Aparences: Historia del Arte y Actualidad Cultural\",\"url\":\"https:\/\/www.aparences.net\/es\/\",\"logo\":{\"@type\":\"ImageObject\",\"inLanguage\":\"es\",\"@id\":\"https:\/\/www.aparences.net\/es\/#\/schema\/logo\/image\/\",\"url\":\"https:\/\/www.aparences.net\/wp-content\/uploads\/2023\/09\/logo-quadrat-color-e1695915315229.png\",\"contentUrl\":\"https:\/\/www.aparences.net\/wp-content\/uploads\/2023\/09\/logo-quadrat-color-e1695915315229.png\",\"width\":120,\"height\":120,\"caption\":\"Aparences: Historia del Arte y Actualidad Cultural\"},\"image\":{\"@id\":\"https:\/\/www.aparences.net\/es\/#\/schema\/logo\/image\/\"}},{\"@type\":\"Person\",\"@id\":\"https:\/\/www.aparences.net\/es\/#\/schema\/person\/af349f6ffc31b16c68963e61268afca5\",\"name\":\"admin\",\"url\":\"https:\/\/www.aparences.net\/es\/author\/admin\/\"}]}<\/script>\n<!-- \/ Yoast SEO plugin. -->","yoast_head_json":{"title":"Richard Diebenkorn","description":"Una de las caracter\u00edsticas m\u00e1s significativas del arte de Diebenkorn es la fluidez con la que puede pasar de la abstracci\u00f3n a la figuraci\u00f3n.","robots":{"index":"index","follow":"follow","max-snippet":"max-snippet:-1","max-image-preview":"max-image-preview:large","max-video-preview":"max-video-preview:-1"},"canonical":"https:\/\/www.aparences.net\/es\/arte-contemporaneo\/escuela-de-san-francisco\/richard-diebenkorn\/","og_locale":"es_ES","og_type":"article","og_title":"Richard Diebenkorn","og_description":"Una de las caracter\u00edsticas m\u00e1s significativas del arte de Diebenkorn es la fluidez con la que puede pasar de la abstracci\u00f3n a la figuraci\u00f3n.","og_url":"https:\/\/www.aparences.net\/es\/arte-contemporaneo\/escuela-de-san-francisco\/richard-diebenkorn\/","og_site_name":"Aparences","article_published_time":"2023-12-22T08:40:37+00:00","article_modified_time":"2025-12-11T18:40:55+00:00","og_image":[{"width":1080,"height":540,"url":"https:\/\/www.aparences.net\/wp-content\/uploads\/2023\/11\/richard-diebenkorn-bay-area-figurative-movement.webp","type":"image\/webp"}],"author":"admin","twitter_card":"summary_large_image","twitter_misc":{"Escrito por":"admin","Tiempo de lectura":"11 minutos"},"schema":{"@context":"https:\/\/schema.org","@graph":[{"@type":"Article","@id":"https:\/\/www.aparences.net\/es\/arte-contemporaneo\/escuela-de-san-francisco\/richard-diebenkorn\/#article","isPartOf":{"@id":"https:\/\/www.aparences.net\/es\/arte-contemporaneo\/escuela-de-san-francisco\/richard-diebenkorn\/"},"author":{"name":"admin","@id":"https:\/\/www.aparences.net\/es\/#\/schema\/person\/af349f6ffc31b16c68963e61268afca5"},"headline":"Richard Diebenkorn","datePublished":"2023-12-22T08:40:37+00:00","dateModified":"2025-12-11T18:40:55+00:00","mainEntityOfPage":{"@id":"https:\/\/www.aparences.net\/es\/arte-contemporaneo\/escuela-de-san-francisco\/richard-diebenkorn\/"},"wordCount":1828,"publisher":{"@id":"https:\/\/www.aparences.net\/es\/#organization"},"image":{"@id":"https:\/\/www.aparences.net\/es\/arte-contemporaneo\/escuela-de-san-francisco\/richard-diebenkorn\/#primaryimage"},"thumbnailUrl":"https:\/\/www.aparences.net\/wp-content\/uploads\/2023\/11\/richard-diebenkorn-bay-area-figurative-movement.webp","keywords":["abstracci\u00f3n figurativa","Escuela de San Francisco","peinture figurative","pintura abstracta"],"articleSection":["Escuela de San Francisco"],"inLanguage":"es"},{"@type":["WebPage","ItemPage"],"@id":"https:\/\/www.aparences.net\/es\/arte-contemporaneo\/escuela-de-san-francisco\/richard-diebenkorn\/","url":"https:\/\/www.aparences.net\/es\/arte-contemporaneo\/escuela-de-san-francisco\/richard-diebenkorn\/","name":"Richard Diebenkorn","isPartOf":{"@id":"https:\/\/www.aparences.net\/es\/#website"},"primaryImageOfPage":{"@id":"https:\/\/www.aparences.net\/es\/arte-contemporaneo\/escuela-de-san-francisco\/richard-diebenkorn\/#primaryimage"},"image":{"@id":"https:\/\/www.aparences.net\/es\/arte-contemporaneo\/escuela-de-san-francisco\/richard-diebenkorn\/#primaryimage"},"thumbnailUrl":"https:\/\/www.aparences.net\/wp-content\/uploads\/2023\/11\/richard-diebenkorn-bay-area-figurative-movement.webp","datePublished":"2023-12-22T08:40:37+00:00","dateModified":"2025-12-11T18:40:55+00:00","description":"Una de las caracter\u00edsticas m\u00e1s significativas del arte de Diebenkorn es la fluidez con la que puede pasar de la abstracci\u00f3n a la figuraci\u00f3n.","breadcrumb":{"@id":"https:\/\/www.aparences.net\/es\/arte-contemporaneo\/escuela-de-san-francisco\/richard-diebenkorn\/#breadcrumb"},"inLanguage":"es","potentialAction":[{"@type":"ReadAction","target":["https:\/\/www.aparences.net\/es\/arte-contemporaneo\/escuela-de-san-francisco\/richard-diebenkorn\/"]}]},{"@type":"ImageObject","inLanguage":"es","@id":"https:\/\/www.aparences.net\/es\/arte-contemporaneo\/escuela-de-san-francisco\/richard-diebenkorn\/#primaryimage","url":"https:\/\/www.aparences.net\/wp-content\/uploads\/2023\/11\/richard-diebenkorn-bay-area-figurative-movement.webp","contentUrl":"https:\/\/www.aparences.net\/wp-content\/uploads\/2023\/11\/richard-diebenkorn-bay-area-figurative-movement.webp","width":1080,"height":540},{"@type":"BreadcrumbList","@id":"https:\/\/www.aparences.net\/es\/arte-contemporaneo\/escuela-de-san-francisco\/richard-diebenkorn\/#breadcrumb","itemListElement":[{"@type":"ListItem","position":1,"name":"Portada","item":"https:\/\/www.aparences.net\/es\/"},{"@type":"ListItem","position":2,"name":"Richard Diebenkorn"}]},{"@type":"WebSite","@id":"https:\/\/www.aparences.net\/es\/#website","url":"https:\/\/www.aparences.net\/es\/","name":"Aparences: Historia del Arte y Actualidad Cultural","description":"","publisher":{"@id":"https:\/\/www.aparences.net\/es\/#organization"},"potentialAction":[{"@type":"SearchAction","target":{"@type":"EntryPoint","urlTemplate":"https:\/\/www.aparences.net\/es\/?s={search_term_string}"},"query-input":{"@type":"PropertyValueSpecification","valueRequired":true,"valueName":"search_term_string"}}],"inLanguage":"es"},{"@type":"Organization","@id":"https:\/\/www.aparences.net\/es\/#organization","name":"Aparences: Historia del Arte y Actualidad Cultural","url":"https:\/\/www.aparences.net\/es\/","logo":{"@type":"ImageObject","inLanguage":"es","@id":"https:\/\/www.aparences.net\/es\/#\/schema\/logo\/image\/","url":"https:\/\/www.aparences.net\/wp-content\/uploads\/2023\/09\/logo-quadrat-color-e1695915315229.png","contentUrl":"https:\/\/www.aparences.net\/wp-content\/uploads\/2023\/09\/logo-quadrat-color-e1695915315229.png","width":120,"height":120,"caption":"Aparences: Historia del Arte y Actualidad Cultural"},"image":{"@id":"https:\/\/www.aparences.net\/es\/#\/schema\/logo\/image\/"}},{"@type":"Person","@id":"https:\/\/www.aparences.net\/es\/#\/schema\/person\/af349f6ffc31b16c68963e61268afca5","name":"admin","url":"https:\/\/www.aparences.net\/es\/author\/admin\/"}]}},"_links":{"self":[{"href":"https:\/\/www.aparences.net\/es\/wp-json\/wp\/v2\/posts\/29189","targetHints":{"allow":["GET"]}}],"collection":[{"href":"https:\/\/www.aparences.net\/es\/wp-json\/wp\/v2\/posts"}],"about":[{"href":"https:\/\/www.aparences.net\/es\/wp-json\/wp\/v2\/types\/post"}],"author":[{"embeddable":true,"href":"https:\/\/www.aparences.net\/es\/wp-json\/wp\/v2\/users\/2"}],"replies":[{"embeddable":true,"href":"https:\/\/www.aparences.net\/es\/wp-json\/wp\/v2\/comments?post=29189"}],"version-history":[{"count":0,"href":"https:\/\/www.aparences.net\/es\/wp-json\/wp\/v2\/posts\/29189\/revisions"}],"wp:featuredmedia":[{"embeddable":true,"href":"https:\/\/www.aparences.net\/es\/wp-json\/wp\/v2\/media\/29203"}],"wp:attachment":[{"href":"https:\/\/www.aparences.net\/es\/wp-json\/wp\/v2\/media?parent=29189"}],"wp:term":[{"taxonomy":"category","embeddable":true,"href":"https:\/\/www.aparences.net\/es\/wp-json\/wp\/v2\/categories?post=29189"},{"taxonomy":"post_tag","embeddable":true,"href":"https:\/\/www.aparences.net\/es\/wp-json\/wp\/v2\/tags?post=29189"}],"curies":[{"name":"wp","href":"https:\/\/api.w.org\/{rel}","templated":true}]}}