{"id":32030,"date":"2010-05-16T12:03:00","date_gmt":"2010-05-16T10:03:00","guid":{"rendered":"https:\/\/www.aparences.net\/?p=32030"},"modified":"2025-12-11T19:40:57","modified_gmt":"2025-12-11T18:40:57","slug":"el-greco-o-el-apogeo-del-manierismo","status":"publish","type":"post","link":"https:\/\/www.aparences.net\/es\/periodos\/el-manierismo\/el-greco-o-el-apogeo-del-manierismo\/","title":{"rendered":"El Greco o el apogeo del Manierismo"},"content":{"rendered":"<p><!--contents--><\/p>\n\n\n<h2 class=\"wp-block-heading\">El Greco: de Creta a Toledo<\/h2>\n\n\n\n<p>Nacido en Creta, <strong>Domenico Theotok\u00f3poulos<\/strong>, llamado <strong>El Greco<\/strong> (Heraklion 1541 &#8211; Toledo, 1614) se form\u00f3 como creador de iconos pero muy lentamente fue forjando el estilo que caracterizan sus obras espa\u00f1olas. De su estancia en Venecia (1568-1570), crucial para su formaci\u00f3n, <strong>conserv\u00f3 una gran veneraci\u00f3n por <\/strong><a href=\"https:\/\/www.aparences.net\/es\/escuelas\/la-pintura-veneciana\/tiziano-vecellio-biografia\/\" data-type=\"link\" data-id=\"https:\/\/www.aparences.net\/es\/escuelas\/la-pintura-veneciana\/tiziano-vecellio-biografia\/\">Tiziano<\/a> &#8211; \u00abel mejor imitador y conocedor de la naturaleza\u00bb, escribi\u00f3 &#8211; y un repertorio de composiciones tomadas de Tintoretto. <strong>El Greco lleg\u00f3 a Venecia<\/strong> de un pa\u00eds lejano donde el arte no hab\u00eda cambiado significativamente desde la Edad Media. La pintura bizantina que el artista conoc\u00eda era r\u00edgida, solemne, muy alejada de la realidad visual, por lo que se <strong>sinti\u00f3 atra\u00eddo por el arte de<\/strong> <a href=\"https:\/\/www.aparences.net\/es\/escuelas\/la-pintura-veneciana\/tintoretto\/\">Tintoretto<\/a>, al que no encontr\u00f3 nada sorprendente o inusual (los dos artistas se sirvieron del manierismo del centro de Italia y lo utilizaron como medio de expresi\u00f3n personal). Parece que un apasionado fervor religioso fue lo que impuls\u00f3 a El Greco a describir los episodios sagrados de una manera nueva e ins\u00f3lita. <strong>Su estancia en Roma<\/strong> (1570-1577), <strong>le revel\u00f3 el tratamiento formal y expresivo del cuerpo que utilizaba Miguel \u00c1ngel<\/strong> y, <strong>en Toledo<\/strong>, encontr\u00f3 el ambiente human\u00edstico que se respiraba en aquella ciudad erudita, <strong>ya sensibilizada por el<\/strong> <a href=\"https:\/\/www.aparences.net\/es\/periodos\/el-manierismo\/\">Manierismo italiano<\/a> a trav\u00e9s de las tallas de <strong>Alonso Berruguete<\/strong> en el coro de la catedral. As\u00ed, <strong>El Greco<\/strong> pudo desarrollar libremente su propio estilo, basado en una abstracci\u00f3n cada vez m\u00e1s fuerte de las formas y del espacio, privilegiando el color, la luz y, sobre todo, el sentimiento traducido por el gesto, el <a href=\"https:\/\/www.aparences.net\/es\/periodos\/el-manierismo\/el-estilo-manierista\/#la-figura-manierista\">canon manierista<\/a> <strong>de alargamiento de las figuras<\/strong>, reforzado por la posici\u00f3n generalmente muy baja del horizonte, lo que le da toda su monumentalidad.<\/p>\n\n\n<div class=\"wp-block-image\">\n<figure class=\"aligncenter\"><img loading=\"lazy\" decoding=\"async\" width=\"476\" height=\"459\" src=\"https:\/\/www.aparences.net\/wp-content\/uploads\/2017\/09\/le-greco-saint-martin-partageant-son-manteau-avec-un-pauvre-1597-1599-washington-national-gallery.jpg\" alt=\"San Mart\u00edn compartiendo su capa, El Greco\" class=\"wp-image-17957\" title=\"San Mart\u00edn compartiendo su capa, El Greco\" srcset=\"https:\/\/www.aparences.net\/wp-content\/uploads\/2017\/09\/le-greco-saint-martin-partageant-son-manteau-avec-un-pauvre-1597-1599-washington-national-gallery.jpg 476w, https:\/\/www.aparences.net\/wp-content\/uploads\/2017\/09\/le-greco-saint-martin-partageant-son-manteau-avec-un-pauvre-1597-1599-washington-national-gallery-300x289.jpg 300w\" sizes=\"auto, (max-width: 476px) 100vw, 476px\" \/><figcaption class=\"wp-element-caption\"><em><strong>San Mart\u00edn compartiendo su capa con un mendigo<\/strong>, 1597-1599, <\/em><br><em><strong>El Greco<\/strong> (Washington, National Gallery)<\/em><\/figcaption><\/figure>\n<\/div>\n\n\n<p><em>En los cuadros de San Jos\u00e9 de Toledo, el artista magnifica los cuerpos extremadamente alargados, aplicando el color con trazos r\u00e1pidos para desarrollar su concepto pict\u00f3rico cada vez m\u00e1s apartado de la realidad, pero en el cuadro de San Mart\u00edn y el pobre a\u00f1ade un paisaje encantador con una vista de Toledo al fondo.<\/em><\/p>\n\n\n<div class=\"wp-block-image\">\n<figure class=\"aligncenter\"><img loading=\"lazy\" decoding=\"async\" width=\"341\" height=\"460\" src=\"https:\/\/www.aparences.net\/wp-content\/uploads\/2017\/09\/le-greco-visitation-1610-1614-washington-dumbarton-museum.jpg\" alt=\"La Visitaci\u00f3n, 1610-1614, El Greco\" class=\"wp-image-17958\" title=\"La Visitaci\u00f3n, 1610-1614, El Greco\" srcset=\"https:\/\/www.aparences.net\/wp-content\/uploads\/2017\/09\/le-greco-visitation-1610-1614-washington-dumbarton-museum.jpg 341w, https:\/\/www.aparences.net\/wp-content\/uploads\/2017\/09\/le-greco-visitation-1610-1614-washington-dumbarton-museum-222x300.jpg 222w\" sizes=\"auto, (max-width: 341px) 100vw, 341px\" \/><figcaption class=\"wp-element-caption\"><em><strong>La Visitaci\u00f3n<\/strong>, 1610-1614, <strong>El Greco<\/strong><\/em><br><em> (Washington, Dumbarton Oaks Museum)<\/em><\/figcaption><\/figure>\n<\/div>\n\n\n<p><em>Se trata de una obra muy tard\u00eda que <strong>recuerda <\/strong><a href=\"https:\/\/www.aparences.net\/es\/periodos\/el-manierismo\/el-estilo-manierista\/\" data-type=\"link\" data-id=\"https:\/\/www.aparences.net\/es\/periodos\/el-manierismo\/el-estilo-manierista\/\">la Visitaci\u00f3n de Pontormo<\/a> en Carmignano, no s\u00f3lo en la relaci\u00f3n entre las figuras, vistas desde abajo, sino tambi\u00e9n en su concordancia con la decoraci\u00f3n arquitect\u00f3nica.<\/em><\/p>\n\n\n\n<h2 class=\"wp-block-heading\">Cristo expulsando a los marchantes del templo<\/h2>\n\n\n\n<p>El tema de la <strong>Expulsi\u00f3n de los marchantes del Templo<\/strong> fue utilizado por el pintor en distintos momentos de su carrera: la comparaci\u00f3n entre las diferentes versiones permite seguir la evoluci\u00f3n estil\u00edstica del pintor. Uno de los <strong>temas gratos durante los a\u00f1os de la<\/strong> <a href=\"https:\/\/es.wikipedia.org\/wiki\/Contrarreforma\">Contrarreforma<\/a>, fue el de la necesidad de purificar la Iglesia, y el artista lo trat\u00f3 de manera diferente en cada una de ellas, aunque el esquema general se mantuvo sin cambios. La primera versi\u00f3n de <em>Cristo expulsando a los marchantes del templo o la Expulsi\u00f3n de los mercaderes del templo<\/em> (c. 1572-1574) refleja de alg\u00fan modo lo que vivi\u00f3 El Greco durante su estancia en Venecia aunque probablemente fue pintado en Roma, ya que la arquitectura es la de una t\u00edpica bas\u00edlica romana, mientras que el fondo arquitect\u00f3nico de algunas versiones m\u00e1s antiguas se inspiran en las planchas de Sebastiano Serlio para los decorados de teatro. En esta versi\u00f3n, cuatro retratos ocupan un lugar destacado: <strong>su maestro<\/strong> <a href=\"https:\/\/www.aparences.net\/es\/escuelas\/la-pintura-veneciana\/tiziano-vecellio-biografia\/\">Tiziano<\/a>, <strong>Miguel \u00c1ngel<\/strong>, <strong>Giulio Clovio,<\/strong> <strong>su amigo y protector en Roma<\/strong>, y <a href=\"https:\/\/www.aparences.net\/es\/periodos\/el-alto-renacimiento-en-pintura\/#rafael:-urbino,-florencia,-roma\" data-type=\"link\" data-id=\"https:\/\/www.aparences.net\/es\/periodos\/el-alto-renacimiento-en-pintura\/#rafael:-urbino,-florencia,-roma\">Rafael<\/a>. La composici\u00f3n es ins\u00f3lita pero la poderosa diagonal de la arquitectura es similar a la de <em>La curaci\u00f3n del ciego<\/em> (Dresde y Parma) y de la versi\u00f3n de los Marchantes del Templo de Washington, m\u00e1s antigua.<\/p>\n\n\n<div class=\"wp-block-image\">\n<figure class=\"aligncenter\"><img loading=\"lazy\" decoding=\"async\" width=\"610\" height=\"476\" src=\"https:\/\/www.aparences.net\/wp-content\/uploads\/2017\/09\/el-greco-cristo-expulsando-los-marchantes-del-templo-1572-74.jpg\" alt=\"Cristo expulsando a los marchantes del templo, 1572 a 1574, El Greco\" class=\"wp-image-17960\" title=\"Cristo expulsando a los marchantes del templo, 1572 a 1574, El Greco\" srcset=\"https:\/\/www.aparences.net\/wp-content\/uploads\/2017\/09\/el-greco-cristo-expulsando-los-marchantes-del-templo-1572-74.jpg 610w, https:\/\/www.aparences.net\/wp-content\/uploads\/2017\/09\/el-greco-cristo-expulsando-los-marchantes-del-templo-1572-74-300x234.jpg 300w\" sizes=\"auto, (max-width: 610px) 100vw, 610px\" \/><figcaption class=\"wp-element-caption\"><em><strong>Cristo expulsando a los marchantes del templo<\/strong>, 1572 a 1574, <strong>El Greco<\/strong> <\/em><br><em>(Minneapolis Institute of Arts)<\/em><\/figcaption><\/figure>\n<\/div>\n\n\n<p><em>El suelo tiene formas extra\u00f1as y varios niveles, la masa compacta de las figuras ha sido desplazada hacia un lado, las opulentas mujeres semidesnudas, los torsos vigorosos de los j\u00f3venes y en especial los colores, indica la propia b\u00fasqueda estil\u00edstica y al mismo tiempo influencias diversas, aunque tambi\u00e9n una nueva visi\u00f3n del tema.<br><\/em><\/p>\n\n\n<div class=\"wp-block-image\">\n<figure class=\"aligncenter\"><img loading=\"lazy\" decoding=\"async\" width=\"550\" height=\"305\" src=\"https:\/\/www.aparences.net\/wp-content\/uploads\/2017\/09\/le-greco-portraits-christ-chassant-les-marchands-du-temple-.jpg\" alt=\"Cristo expulsando a los marchantes del templo, retratos, El Greco\" class=\"wp-image-17961\" title=\"Cristo expulsando a los marchantes del templo, retratos, El Greco\" srcset=\"https:\/\/www.aparences.net\/wp-content\/uploads\/2017\/09\/le-greco-portraits-christ-chassant-les-marchands-du-temple-.jpg 550w, https:\/\/www.aparences.net\/wp-content\/uploads\/2017\/09\/le-greco-portraits-christ-chassant-les-marchands-du-temple--300x166.jpg 300w\" sizes=\"auto, (max-width: 550px) 100vw, 550px\" \/><\/figure>\n<\/div>\n\n\n<p><em>La curiosa manera de situar a los cuatro mentores (Tiziano, Miguel \u00c0ngel, Giulio Clovio y Rafael) deriva claramente de la <a href=\"https:\/\/www.aparences.net\/es\/periodos\/el-manierismo\/el-manierismo-en-roma\/\">Visitaci\u00f3n de Salviati<\/a> (1538) en San Giovanni Decollato (Roma); encontramos los mismos objetivos en la decoraci\u00f3n arquitect\u00f3nica y en las figuras secundarias.<\/em><\/p>\n\n\n<div class=\"wp-block-image\">\n<figure class=\"aligncenter\"><img loading=\"lazy\" decoding=\"async\" width=\"550\" height=\"407\" src=\"https:\/\/www.aparences.net\/wp-content\/uploads\/2017\/09\/el-greco-expulsion-marchantes-londres.jpg\" alt=\"La expulsi\u00f3n de los marchantes del Templo, El Greco, detalle\" class=\"wp-image-17959\" title=\"La expulsi\u00f3n de los marchantes del Templo, El Greco, detalle\" srcset=\"https:\/\/www.aparences.net\/wp-content\/uploads\/2017\/09\/el-greco-expulsion-marchantes-londres.jpg 550w, https:\/\/www.aparences.net\/wp-content\/uploads\/2017\/09\/el-greco-expulsion-marchantes-londres-300x222.jpg 300w\" sizes=\"auto, (max-width: 550px) 100vw, 550px\" \/><figcaption class=\"wp-element-caption\"><em><strong>La expulsi\u00f3n de los marchantes del Templo<\/strong>, detalle, 1600, <strong>El Greco<\/strong> <\/em><br><em>(Londres, National Gallery)<\/em><\/figcaption><\/figure>\n<\/div>\n\n\n<p><em>Cuando El Greco se instal\u00f3 en Toledo, debi\u00f3 encontrar all\u00ed alguna cosa de su pa\u00eds de origen, como el ideal est\u00e9tico de la Edad Media que todav\u00eda estaba en vigor. Esto puede explicar, en cierta medida, la audacia con la que el pintor, incluso m\u00e1s que Tintoretto, se distanci\u00f3 de las formas y de los colores naturales en busca de una visi\u00f3n dram\u00e1tica y emotiva.<\/em><\/p>\n\n\n\n<p><strong>Las<\/strong> <a href=\"https:\/\/www.aparences.net\/es\/periodos\/el-manierismo\/el-manierismo-en-europa\/#la-figura-serpentina\">formas serpentinas<\/a> <strong>se pueden utilizar para resaltar el efecto de \u00abimpulso vertical\u00bb<\/strong> como indicio de elevaci\u00f3n espiritual, las paradojas refinadas no suelen concordar con la actitud cristiana de fe o fervor religioso, que eran los principios del Concilio de Trento: emocionar, incitar a la devoci\u00f3n, recordar a los m\u00e1rtires y santos. El manierismo rompe con la tradici\u00f3n renacentista que es la plena luz, aparecen los primeros nocturnos y el contraste crom\u00e1tico entre las zonas iluminadas y las oscuras. La luz define algunos de los aspectos formales de la pintura de El Greco aunque no se aparta de su alto valor espiritual.<\/p>\n\n\n<div class=\"wp-block-image\">\n<figure class=\"aligncenter\"><img loading=\"lazy\" decoding=\"async\" width=\"409\" height=\"460\" src=\"https:\/\/www.aparences.net\/wp-content\/uploads\/2017\/09\/resurrection-du-christ-1606-1610-le-greco-madrid-musee-du-Prado.jpg\" alt=\"Resurrecci\u00f3n de Cristo, 1606-1610, El Greco\" class=\"wp-image-17962\" title=\"Resurrecci\u00f3n de Cristo, 1606-1610, El Greco\" srcset=\"https:\/\/www.aparences.net\/wp-content\/uploads\/2017\/09\/resurrection-du-christ-1606-1610-le-greco-madrid-musee-du-Prado.jpg 409w, https:\/\/www.aparences.net\/wp-content\/uploads\/2017\/09\/resurrection-du-christ-1606-1610-le-greco-madrid-musee-du-Prado-267x300.jpg 267w\" sizes=\"auto, (max-width: 409px) 100vw, 409px\" \/><figcaption class=\"wp-element-caption\"><em><strong>Resurrecci\u00f3n de Cristo<\/strong>, 1606-1610, <strong>El Greco<\/strong> <\/em><br><em>(Madrid, Museo del Prado)<\/em><\/figcaption><\/figure>\n<\/div>\n\n\n<p><em>El estilo personal de El Greco es la expresi\u00f3n de su espiritualidad visionaria que se caracteriza por sus figuras alargadas y por una acentuaci\u00f3n dram\u00e1tica del contraste entre luz y sombra.<\/em><\/p>\n\n\n\n<!-- AdBoxRight2020 --><ins class=\"adsbygoogle\"     style=\"display:block; margin-top:30px;\"     data-ad-client=\"ca-pub-2468002815867636\"     data-ad-slot=\"3496014735\"     data-ad-format=\"auto\"     data-full-width-responsive=\"false\"><\/ins><script> (adsbygoogle = window.adsbygoogle || []).push({});<\/script><h2 class=\"wp-block-heading\">Santo Domingo el Antiguo &#8211; El Expolio<\/h2>\n\n\n\n<p>Con <strong>los retablos de Santo Domingo el Antiguo<\/strong> (1577-1579) el arte de <strong>El Greco<\/strong> caus\u00f3 fuerte admiraci\u00f3n y sorpresa en Toledo por la radical transformaci\u00f3n que en ellos hizo, tanto en lo que ata\u00f1e al concepto pict\u00f3rico como en lo que corresponde a los esquemas habituales en los retablos espa\u00f1oles, que estaban orientados b\u00e1sicamente hacia lo narrativo. Los retablos incorporaban un total de nueve lienzos de diverso tama\u00f1o, siete en el retablo mayor y uno en cada uno de los laterales. En el centro el gran cuadro con la <em>Asunci\u00f3n de la Virgen<\/em> (Chicago), encima un medall\u00f3n con la Santa Faz y en la coronaci\u00f3n una <em>Trinidad<\/em> (Prado) y cuatro santos. En los retablos laterales hab\u00eda la <em>Adoraci\u00f3n de los pastores<\/em> y una <em>Resurrecci\u00f3n<\/em> que permanece in situ. <strong>La influencia del grabado de<\/strong> <a href=\"https:\/\/www.aparences.net\/es\/periodos\/el-renacimiento-nordico\/alberto-durero\/\">Durero<\/a> de 1511 sobre la Trinidad es obvia. <strong>El lienzo de la Resurrecci\u00f3n<\/strong> recuerda el movimiento circular de la capilla Paulina, <strong>con figuras sacadas de<\/strong> <a href=\"https:\/\/www.aparences.net\/es\/periodos\/el-manierismo\/jacopo-pontormo\/\">Pontormo<\/a> y <a href=\"https:\/\/www.aparences.net\/es\/periodos\/el-manierismo\/parmigianino-biografia\/\">Parmigianino<\/a>; la <em>Adoraci\u00f3n de los pastores<\/em> es una variaci\u00f3n sobre el mismo tema de Correggio.<\/p>\n\n\n<div class=\"wp-block-image\">\n<figure class=\"aligncenter\"><img loading=\"lazy\" decoding=\"async\" width=\"496\" height=\"460\" src=\"https:\/\/www.aparences.net\/wp-content\/uploads\/2017\/09\/greco-sainte-trinite-1577-madrid-museo-del-prado.jpg\" alt=\"La Trinidad, 1577, El Greco\" class=\"wp-image-17963\" title=\"La Trinidad, 1577, El Greco\" srcset=\"https:\/\/www.aparences.net\/wp-content\/uploads\/2017\/09\/greco-sainte-trinite-1577-madrid-museo-del-prado.jpg 496w, https:\/\/www.aparences.net\/wp-content\/uploads\/2017\/09\/greco-sainte-trinite-1577-madrid-museo-del-prado-300x278.jpg 300w\" sizes=\"auto, (max-width: 496px) 100vw, 496px\" \/><figcaption class=\"wp-element-caption\"><em><strong>La Trinidad<\/strong>, 1577, <strong>El Greco<\/strong> (Madrid, Museo del Prado<\/em>)<\/figcaption><\/figure>\n<\/div>\n\n\n<p><em>Las dimensiones de este lienzo son impresionantes: hasta entonces, El Greco nunca hab\u00eda realizado obras de m\u00e1s de 1,50 m de ancho; este cuadro mide m\u00e1s de 3 metros de altura y sus dimensiones no plantearon ning\u00fan problema a la hora de realizarlo. Esto se aplica a\u00fan m\u00e1s a la Asunci\u00f3n con m\u00e1s de 4,80 m de altura.<\/em><\/p>\n\n\n\n<p><em><strong>El Expolio<\/strong><\/em> fue pintado entre los a\u00f1os 1577 y 1579, justo despu\u00e9s de los retablos de Santo Domingo para presidir la sacrist\u00eda de la catedral de Toledo. En este gran lienzo, <strong>se combinan recuerdos de la iconograf\u00eda medieval con elementos manieristas<\/strong>, destaca en particular la fuerte atracci\u00f3n que ejerce sobre el espectador, a causa de la t\u00fanica roja de la dominante figura de Cristo que armoniza con los amarillos claros, los verdes oscuros, el azul de los distintos personajes, o los brillos met\u00e1licos de la armadura, fuente de interesantes reflejos. Contribuyen a aumentar el inter\u00e9s de las sutilezas crom\u00e1ticas la variedad expresiva de los individuos integrados en el grupo tumultuoso que procede al despojo. Todo contribuye a magnificar las excelencias del conjunto, cosa que debi\u00f3 ayudar a que el artista pudiese superar los problemas, suscitados por los eclesi\u00e1sticos comitentes, a causa de las impropiedades que El Greco hab\u00eda introducido en la iconograf\u00eda del episodio, como lo era la presencia de las Mar\u00edas como testigos inmediatos del suceso.<\/p>\n\n\n<div class=\"wp-block-image\">\n<figure class=\"aligncenter\"><img loading=\"lazy\" decoding=\"async\" width=\"538\" height=\"460\" src=\"https:\/\/www.aparences.net\/wp-content\/uploads\/2017\/09\/greco-espolio-1577-santo-domingo-el-antiguo.jpg\" alt=\"El Expolio, 1577-1579, El Greco\" class=\"wp-image-17964\" title=\"El Expolio, 1577-1579, El Greco\" srcset=\"https:\/\/www.aparences.net\/wp-content\/uploads\/2017\/09\/greco-espolio-1577-santo-domingo-el-antiguo.jpg 538w, https:\/\/www.aparences.net\/wp-content\/uploads\/2017\/09\/greco-espolio-1577-santo-domingo-el-antiguo-300x257.jpg 300w\" sizes=\"auto, (max-width: 538px) 100vw, 538px\" \/><figcaption class=\"wp-element-caption\"><em><strong>El Expolio<\/strong>, 1577-1579, <strong>El Greco<\/strong> (Toledo, catedral)<\/em><\/figcaption><\/figure>\n<\/div>\n\n\n<p><em>El Greco fue profundamente influenciado por Tiziano &#8211; estilo, t\u00e9cnica, figuras. La composici\u00f3n de El Expolio, sobrecargada, debido a la gran cantidad de personajes en el primer plano ser\u00e1 admirada e imitada por <a href=\"https:\/\/www.aparences.net\/es\/periodos\/rococo\/francisco-de-goya\/\">Goya<\/a> y Picasso.<\/em><\/p>\n\n\n\n<h2 class=\"wp-block-heading\">La imaginaci\u00f3n visionaria de El Greco<\/h2>\n\n\n\n<p>Uno de los m\u00e1s importantes rasgos de <strong>la imaginaci\u00f3n visionaria de El Greco<\/strong>, se manifiesta con su <strong>progresivo distanciamiento de las convenciones<\/strong> de representaci\u00f3n naturalista y racionales de la cultura renacentista, y afirma su tendencia hacia una representaci\u00f3n visionaria que exalta las posibilidades de expresi\u00f3n del color, los contrastes de luz y la tensi\u00f3n en la composici\u00f3n. En las siguientes obras (<em><strong>Crucifixi\u00f3n<\/strong><\/em> del Prado, los cuadros de la capilla de San Jos\u00e9 de Toledo, los del Hospital de la Caridad de Illescas y la <em><strong>Adoraci\u00f3n de los pastores<\/strong>,<\/em> tambi\u00e9n del Museo del Prado) aparecen visiones ext\u00e1ticas, im\u00e1genes espirituales y transfiguradas por la luz, emergiendo como un remolino del espacio profundo, pero sin estar definidas de forma racional sino creadas por las tensiones violentas de los colores y la luz. Es el af\u00e1n del pintor por traducir una visi\u00f3n interior a trav\u00e9s de im\u00e1genes desprovistas en la medida de lo posible de elementos corporales y naturalistas.<\/p>\n\n\n<div class=\"wp-block-image\">\n<figure class=\"aligncenter\"><img loading=\"lazy\" decoding=\"async\" width=\"598\" height=\"343\" src=\"https:\/\/www.aparences.net\/wp-content\/uploads\/2017\/09\/le-greco-crucifixion-madrid-prado.jpg\" alt=\"La crucifixi\u00f3n, El Greco\" class=\"wp-image-17965\" title=\"La crucifixi\u00f3n, El Greco\" srcset=\"https:\/\/www.aparences.net\/wp-content\/uploads\/2017\/09\/le-greco-crucifixion-madrid-prado.jpg 598w, https:\/\/www.aparences.net\/wp-content\/uploads\/2017\/09\/le-greco-crucifixion-madrid-prado-300x172.jpg 300w\" sizes=\"auto, (max-width: 598px) 100vw, 598px\" \/><figcaption class=\"wp-element-caption\"><em><strong>La crucifixi\u00f3n<\/strong>, detalle, entre 1597 y 1600, <strong>El Greco<\/strong> (Madrid, Museo del Prado)<\/em><\/figcaption><\/figure>\n<\/div>\n\n<div class=\"wp-block-image\">\n<figure class=\"aligncenter\"><img loading=\"lazy\" decoding=\"async\" width=\"598\" height=\"422\" src=\"https:\/\/www.aparences.net\/wp-content\/uploads\/2017\/09\/le-greco-adoration-des-bergers-1612-1614-madrid-musee-du-prado.jpg\" alt=\"Adoraci\u00f3n de los pastores, 1612-1614, El Greco\" class=\"wp-image-17966\" title=\"Adoraci\u00f3n de los pastores, 1612-1614, El Greco\" srcset=\"https:\/\/www.aparences.net\/wp-content\/uploads\/2017\/09\/le-greco-adoration-des-bergers-1612-1614-madrid-musee-du-prado.jpg 598w, https:\/\/www.aparences.net\/wp-content\/uploads\/2017\/09\/le-greco-adoration-des-bergers-1612-1614-madrid-musee-du-prado-300x212.jpg 300w\" sizes=\"auto, (max-width: 598px) 100vw, 598px\" \/><figcaption class=\"wp-element-caption\"><em><strong>Adoraci\u00f3n de los pastores<\/strong>, 1612-1614, <strong>El Greco<\/strong> (Madrid, Museo del Prado)<\/em><\/figcaption><\/figure>\n<\/div>\n\n<div class=\"wp-block-image\">\n<figure class=\"aligncenter\"><img loading=\"lazy\" decoding=\"async\" width=\"598\" height=\"331\" src=\"https:\/\/www.aparences.net\/wp-content\/uploads\/2017\/09\/le-greco-pentecote-madrid-prado.jpg\" alt=\"Pentecost\u00e9s, El Greco\" class=\"wp-image-17967\" title=\"Pentecost\u00e9s, El Greco\" srcset=\"https:\/\/www.aparences.net\/wp-content\/uploads\/2017\/09\/le-greco-pentecote-madrid-prado.jpg 598w, https:\/\/www.aparences.net\/wp-content\/uploads\/2017\/09\/le-greco-pentecote-madrid-prado-300x166.jpg 300w\" sizes=\"auto, (max-width: 598px) 100vw, 598px\" \/><figcaption class=\"wp-element-caption\"><em><strong>Pentecost\u00e9s<\/strong>, detalle de la Virgen y los Ap\u00f3stoles, 1600, <strong>El Greco<\/strong> <\/em><br><em>(Madrid, Museo del Prado)<\/em><\/figcaption><\/figure>\n<\/div>\n\n\n<p><em>Este gran lienzo formaba parte de un monumental retablo encargado por la el Colegio de la Encarnaci\u00f3n de Madrid. T\u00edpico del \u00faltimo periodo del artista, con sus colores muy contrastados y las figuras alargadas, representa la reuni\u00f3n de los Ap\u00f3stoles en el Cen\u00e1culo cincuenta d\u00edas despu\u00e9s de la resurrecci\u00f3n de Cristo. El Esp\u00edritu Santo est\u00e1 simbolizado por una paloma y por las lenguas de fuego que se posan en las cabezas de los ap\u00f3stoles y de la Virgen.<\/em><\/p>\n\n\n\n<!-- AdBoxLeft2023 --><ins class=\"adsbygoogle\" style=\"display:block\" data-ad-client=\"ca-pub-2468002815867636\" data-ad-slot=\"1318022963\" data-ad-format=\"auto\" data-full-width-responsive=\"true\"><\/ins><script> (adsbygoogle = window.adsbygoogle || []).push({});<\/script><h2 class=\"wp-block-heading\">Bajo los ojos de la Inquisici\u00f3n<\/h2>\n\n\n\n<p><strong>Felipe II<\/strong> (1556-1598), <strong>se distingui\u00f3 por su apoyo vehemente a la Contrarreforma<\/strong> dedic\u00e1ndose fervientemente a defender la verdadera fe en un imperio que deseaba uniformemente cat\u00f3lico. Su violenta pol\u00edtica de represi\u00f3n del protestantismo provoc\u00f3 la revuelta de los Pa\u00edses Bajos. Su actividad de mecenas se orient\u00f3 principalmente hacia la construcci\u00f3n y decoraci\u00f3n de un palacio grandioso, imagen suprema de poder y riqueza. Con la solidez que representaban sus pinturas anteriores, en t\u00e9rminos de prestigio entre sus contempor\u00e1neos, es razonable suponer que <strong>El Greco<\/strong> se habr\u00eda enfrentado con cierto optimismo al acuerdo para la realizaci\u00f3n de un gran lienzo para El Escorial con el tema del martirio de San Mauricio y sus compa\u00f1eros. Realizado entre los a\u00f1os 1580 y 1582, <strong>el lienzo no result\u00f3 del agrado de Felipe II<\/strong>, y como consecuencia de ello <strong>se le cerraron al pintor los atractivos \u00e1mbitos cortesanos<\/strong>. El arte de <strong>El Greco<\/strong> reflejaba un mundo que Felipe se negaba a reconocer. Se apart\u00f3 del \u00fanico artista que hubiera podido resolver sus problemas de patrocinio y las dificultades relativas a la decoraci\u00f3n de El Escorial, lo que le llev\u00f3 a traer obras y artistas italianos de menor importancia; no pod\u00eda aceptar que la tensi\u00f3n que se respiraba en las im\u00e1genes de <strong>El Greco<\/strong> reflejara la realidad de un mundo que \u00e9l mismo hab\u00eda contribuido a crear.<\/p>\n\n\n<div class=\"wp-block-image\">\n<figure class=\"aligncenter\"><img loading=\"lazy\" decoding=\"async\" width=\"591\" height=\"460\" src=\"https:\/\/www.aparences.net\/wp-content\/uploads\/2017\/09\/le-greco-martyre-saint-maurice-1580-82-el-escorial.jpg\" alt=\"Martirio de san Mauricio, 1580-1582, El Greco\" class=\"wp-image-17968\" title=\"Martirio de san Mauricio, 1580-1582, El Greco\" srcset=\"https:\/\/www.aparences.net\/wp-content\/uploads\/2017\/09\/le-greco-martyre-saint-maurice-1580-82-el-escorial.jpg 591w, https:\/\/www.aparences.net\/wp-content\/uploads\/2017\/09\/le-greco-martyre-saint-maurice-1580-82-el-escorial-300x234.jpg 300w\" sizes=\"auto, (max-width: 591px) 100vw, 591px\" \/><figcaption class=\"wp-element-caption\"><em><strong>Martirio de san Mauricio<\/strong>, 1580-1582, <strong>El Greco<\/strong> (Madrid, Monasterio de El Escorial)<\/em><\/figcaption><\/figure>\n<\/div>\n\n\n<p class=\"has-text-align-left\"><em>La paleta de ricos y sorprendentes colores, el extra\u00f1o tumulto de los apretados grupos de figuras que se pierden en la distancia y que caracterizan las obras manieristas, muestra tambi\u00e9n una ansiosa b\u00fasqueda de nuevas soluciones a viejos problemas. El lienzo refleja igualmente el arte inquieto de Pontormo.<\/em><\/p>\n\n\n\n<p>El cuadro <em><strong>Sue\u00f1o de Felipe II <\/strong>o Alegor\u00eda de la Santa Liga<\/em> fue pintado para Felipe II en 1579 y <strong>debe considerarse a la luz de<\/strong> <a href=\"https:\/\/www.museodelprado.es\/coleccion\/obra-de-arte\/la-gloria\/66149817-6f88-4e5f-a09a-81f63a84d145\"><em>La Gloria<\/em> de Tiziano<\/a> (Museo del Prado), como una alegor\u00eda de la salvaci\u00f3n con Carlos V, padre de Felipe, a modo de intercesor principal de los penitentes. En esta obra, <em>Alegor\u00eda de la Santa Liga contra el infiel<\/em>, Felipe recibe una visi\u00f3n de la salvaci\u00f3n que s\u00f3lo puede lograrse mediante la uni\u00f3n de la cristiandad contra la herej\u00eda, destruida en la boca del Infierno, justo detr\u00e1s de \u00e9l. El cuadro es un ejemplo t\u00edpico del estilo visionario que caracterizar\u00e1n las obras de madurez del pintor.<\/p>\n\n\n<div class=\"wp-block-image\">\n<figure class=\"aligncenter\"><img loading=\"lazy\" decoding=\"async\" width=\"582\" height=\"460\" src=\"https:\/\/www.aparences.net\/wp-content\/uploads\/2017\/09\/greco-songe-de-felipe-ii-londres-national-gallery.jpg\" alt=\"El Sue\u00f1o de Felipe II, el Greco\" class=\"wp-image-17969\" title=\"El Sue\u00f1o de Felipe II, el Greco\" srcset=\"https:\/\/www.aparences.net\/wp-content\/uploads\/2017\/09\/greco-songe-de-felipe-ii-londres-national-gallery.jpg 582w, https:\/\/www.aparences.net\/wp-content\/uploads\/2017\/09\/greco-songe-de-felipe-ii-londres-national-gallery-300x237.jpg 300w\" sizes=\"auto, (max-width: 582px) 100vw, 582px\" \/><figcaption class=\"wp-element-caption\"><em><strong>El sue\u00f1o de Felipe II<\/strong> o Alegor\u00eda de la Santa Liga, 1576-1579, <strong>El Greco<\/strong> <\/em><br><em>(Madrid, Monasterio de El Escorial) <\/em><\/figcaption><\/figure>\n<\/div>\n\n\n<p class=\"has-text-align-left\"><em>Perteneciente al primer per\u00edodo de su actividad, <strong>El Greco<\/strong> combina elementos bizantinos medievales y otros renacentistas y manieristas.<\/em><\/p>\n\n\n\n<p>El <em><strong>Retrato del cardenal Don Fernando Ni\u00f1o de Guevara<\/strong><\/em> (1600) recuerda la \u00e9poca muy particular de la historia religiosa en la que toma forma la obra de <strong>El Greco<\/strong>. Despu\u00e9s del Concilio de Trento (1563) se pide a los pintores obras que estimulen la religiosidad popular, y en las que los protagonistas deben ser ejemplos de virtud para los fieles. Cualquier digresi\u00f3n o concesi\u00f3n a la fantas\u00eda es escrutado por la Inquisici\u00f3n, que impone una rigurosa ortodoxia con respecto a la doctrina cat\u00f3lica y una estricta fidelidad a los textos: es posible que <strong>El Greco se encontrara en Venecia durante el famoso juicio contra <\/strong><a href=\"https:\/\/www.aparences.net\/es\/escuelas\/la-pintura-veneciana\/paolo-veronese\/\">Paolo Veronese<\/a> en 1573. Por otra parte, en Espa\u00f1a, la segunda mitad del siglo XVI fue tambi\u00e9n una \u00e9poca de grandes santos m\u00edsticos, como Santa Teresa de \u00c1vila y San Juan de la Cruz, visionarios ext\u00e1ticos.<\/p>\n\n\n<div class=\"wp-block-image\">\n<figure class=\"aligncenter\"><img loading=\"lazy\" decoding=\"async\" width=\"452\" height=\"370\" src=\"https:\/\/www.aparences.net\/wp-content\/uploads\/2017\/09\/greco-portrait-cardinal-fernando-de-guevara-1600-new-york.jpg\" alt=\"Retrato del cardenal Guevara, 1600, El Greco\" class=\"wp-image-17970\" title=\"Retrato del cardenal Guevara, 1600, El Greco,\" srcset=\"https:\/\/www.aparences.net\/wp-content\/uploads\/2017\/09\/greco-portrait-cardinal-fernando-de-guevara-1600-new-york.jpg 452w, https:\/\/www.aparences.net\/wp-content\/uploads\/2017\/09\/greco-portrait-cardinal-fernando-de-guevara-1600-new-york-300x246.jpg 300w\" sizes=\"auto, (max-width: 452px) 100vw, 452px\" \/><figcaption class=\"wp-element-caption\"><em><strong>Retrato del cardenal Guevara<\/strong>, 1600, <strong>El Greco<\/strong><\/em><br><em> (Nueva York, Metropolitan Museum)<\/em><\/figcaption><\/figure>\n<\/div>\n\n\n<p><em>El retrato del cardenal Fernando Ni\u00f1o de Guevara, inquisidor General, ilustra la percepci\u00f3n intensificada y la elecci\u00f3n inquietante de la expresi\u00f3n que evoca de la forma m\u00e1s contundente el terrible poder y el car\u00e1cter del modelo y de su cargo, es decir, su vinculaci\u00f3n con el Santo Oficio. El cardenal lleva un h\u00e1bito de seda carm\u00edn; el blanco del cuello se contrapone al gris de la barba y al rostro amarillento de facciones severas: produce una impresi\u00f3n de helada majestad.<br><\/em><\/p>\n\n\n<div class=\"wp-block-image\">\n<figure class=\"aligncenter\"><img loading=\"lazy\" decoding=\"async\" width=\"610\" height=\"370\" src=\"https:\/\/www.aparences.net\/wp-content\/uploads\/2017\/09\/greco-saint-pierre-penitent-et-madeleine-penitente.jpg\" alt=\"San Pedro penitente; Mar\u00eda Magdalena penitente, El Greco \" class=\"wp-image-17971\" title=\"San Pedro penitente; Mar\u00eda Magdalena penitente, El Greco\" srcset=\"https:\/\/www.aparences.net\/wp-content\/uploads\/2017\/09\/greco-saint-pierre-penitent-et-madeleine-penitente.jpg 610w, https:\/\/www.aparences.net\/wp-content\/uploads\/2017\/09\/greco-saint-pierre-penitent-et-madeleine-penitente-300x182.jpg 300w\" sizes=\"auto, (max-width: 610px) 100vw, 610px\" \/><figcaption class=\"wp-element-caption\"><em><strong>San Pedro penitente<\/strong>, 1579-1586, <strong>El Greco<\/strong> (Colecci\u00f3n privada Bernard Castle); <strong>Mar\u00eda Magdalena penitente<\/strong>, 1579-1586, <strong>El Greco<\/strong> (Kansas City Colecci\u00f3n Privada)<\/em><\/figcaption><\/figure>\n<\/div>\n\n\n<h2 class=\"wp-block-heading\">El entierro del Conde de Orgaz<\/h2>\n\n\n\n<p>Una excelente documentaci\u00f3n hist\u00f3rica y archiv\u00edstica permite seguir las etapas del encargo y la ejecuci\u00f3n de esta obra grandiosa, sobre la base de un contrato de 1586, y tambi\u00e9n la controversia entre el pintor y la parroquia acerca del pago por este trabajo. <em><strong>El entierro del Conde de Orgaz<\/strong><\/em> de <strong>el Greco<\/strong> representa el milagro de este caballero fiel y caritativo enterrado por san Agust\u00edn y san Esteban, ante una multitud de personajes vestidos de negro. En pleno contraste con lo que el artista desarroll\u00f3 en el sector terreno se extiende en la zona alta su interpretaci\u00f3n del \u00e1mbito celestial, al cual llega el alma del difunto, portada por un \u00e1ngel. Al llegar a la plena madurez de sus recursos, el artista reinterpreta de manera completamente original su larga y compleja trayectoria art\u00edstica. En sus diferentes obras, uno puede reconocer referencias a la m\u00edstica de los iconos bizantinos, <strong>a los colores de<\/strong> <a href=\"https:\/\/www.aparences.net\/es\/escuelas\/la-pintura-veneciana\/tiziano-vecellio-biografia\/\">Tiziano<\/a>, <strong>a las<\/strong> <a href=\"https:\/\/www.aparences.net\/es\/arte-y-mecenazgo\/roma-mecenazgo-y-poder-papal\/leon-x-giovanni-de-medicis\/#raffaello-sanzio-(urbino-1483---roma-1520)\">obras romanas de Rafael<\/a> <strong>y<\/strong> <a href=\"https:\/\/www.aparences.net\/es\/arte-y-mecenazgo\/los-fresquistas-florentinos\/miguel-angel-frescos-de-la-sixtina\/\">Miguel \u00c1ngel<\/a>, <strong>a los fant\u00e1sticos efectos de luz de<\/strong> <a href=\"https:\/\/www.aparences.net\/es\/escuelas\/la-pintura-veneciana\/tintoretto\/#jacopo-robusti,-llamado-tintoretto\">Tintoretto<\/a> <strong>y<\/strong> <a href=\"https:\/\/www.aparences.net\/es\/escuelas\/la-pintura-veneciana\/tintoretto\/#jacopo-bassano\">Jacopo Bassano<\/a>, <strong>a las distorsiones gestuales del<\/strong> <a href=\"https:\/\/www.aparences.net\/es\/periodos\/el-manierismo\/el-estilo-manierista\/\">Manierismo<\/a>, quiz\u00e1s incluso a <strong>ciertas<\/strong> <a href=\"https:\/\/www.aparences.net\/es\/periodos\/el-renacimiento-nordico\/alberto-durero\/\">composiciones de Durero<\/a>. Sin embargo, el Entierro es esencialmente una obra original, no s\u00f3lo el resultado de una combinaci\u00f3n de diversas influencias. <strong>El Greco<\/strong> hace recorrer por toda la superficie del cuadro un escalofr\u00edo de inquietud que se manifiesta en las expresiones febriles, las manos nerviosas y los ojos h\u00famedos. Dentro de esta gran composici\u00f3n fuertemente estructurada, <strong>El Greco<\/strong> domina la materia pict\u00f3rica, comunic\u00e1ndole efectos nunca vistos hasta entonces.<\/p>\n\n\n<div class=\"wp-block-image\">\n<figure class=\"aligncenter\"><img loading=\"lazy\" decoding=\"async\" width=\"620\" height=\"368\" src=\"https:\/\/www.aparences.net\/wp-content\/uploads\/2017\/09\/greco-enterrement-comte-orgaz.jpg\" alt=\"El entierro del Conde de Orgaz, El Greco \" class=\"wp-image-17972\" title=\"El entierro del Conde de Orgaz, El Greco \" srcset=\"https:\/\/www.aparences.net\/wp-content\/uploads\/2017\/09\/greco-enterrement-comte-orgaz.jpg 620w, https:\/\/www.aparences.net\/wp-content\/uploads\/2017\/09\/greco-enterrement-comte-orgaz-300x178.jpg 300w\" sizes=\"auto, (max-width: 620px) 100vw, 620px\" \/><figcaption class=\"wp-element-caption\"><em><strong>El entierro del Conde de Orgaz<\/strong> y detalle con el hijo del artista, 1586, <\/em><br><em><strong>El Greco<\/strong> (Toledo, Santo Tom\u00e9)<\/em><\/figcaption><\/figure>\n<\/div>\n\n\n<p><em>En el bajo, el artista desarrolla una espl\u00e9ndida demostraci\u00f3n de agudas observaciones psicol\u00f3gicas y de an\u00e1lisis fision\u00f3mico en la serie de los devotos asistentes al entierro, retratos de solemnes personajes vestidos de negro e identificables en algunos casos como el de Jorge Manuel, el hijo del artista. Esta interpretaci\u00f3n realista se complementa con la interpretaci\u00f3n de los bordados, de c\u00e1lido colorido, que recubren la capa de san Agust\u00edn y la dalm\u00e1tica de san Esteban, o los abundantes reflejos que animan la armadura del conde.<\/em><\/p>\n\n\n\n<h2 class=\"wp-block-heading\">Los retratos de El Greco<\/h2>\n\n\n\n<p>La pintura de <strong>El Greco<\/strong> es muy caracter\u00edstica, incluso en una producci\u00f3n muy variada. Tambi\u00e9n <strong>en sus retratos<\/strong> maravillosos parece que le invada una extra\u00f1a fiebre, una forma de contenida excitaci\u00f3n que vuelve los ojos brillantes, los cuerpos exang\u00fces, las manos aristocr\u00e1ticas de dedos afilados. Pero por encima de todo, emerge la personalidad del personaje. Tiziano, que encarnaba la espl\u00e9ndida estructura del retrato determinante de la Contrarreforma, El Greco fue particularmente receptivo a este aspecto de la obra de su maestro: \u00abUn joven de Candia, alumno de Tiziano, que &#8230; tiene una rara habilidad para la pintura\u00bb lleg\u00f3 a Roma en 1570, y gracias a la influencia del miniaturista Giulio Clovio, consigui\u00f3 una habitaci\u00f3n en el palazzo Farnesio. En Roma <strong>su familiaridad con las<\/strong> <a href=\"https:\/\/www.aparences.net\/es\/escuelas\/la-pintura-veneciana\/\">pinturas venecianas<\/a> <strong>de Tintoretto y de Tiziano<\/strong> pudo lograrla estudiando diariamente los retratos de los Farnesios realizados por Tiziano, y cuando el sobrino del cardenal Farnesio, Fulvio Orsini, le encarg\u00f3 que pintara a su Patrono Giulio Clovio, esas lecciones quedaron reflejadas en <a href=\"https:\/\/www.aparences.net\/es\/arte-y-mecenazgo\/el-retrato-en-el-renacimiento-italiano\/\" data-type=\"link\" data-id=\"https:\/\/www.aparences.net\/es\/arte-y-mecenazgo\/el-retrato-en-el-renacimiento-italiano\/\">el retrato<\/a> que realiz\u00f3.<\/p>\n\n\n<div class=\"wp-block-image\">\n<figure class=\"aligncenter\"><img loading=\"lazy\" decoding=\"async\" width=\"512\" height=\"370\" src=\"https:\/\/www.aparences.net\/wp-content\/uploads\/2017\/09\/le-greco-portrait-giulio-clovio.jpg\" alt=\"Retrato de Giulio Clovio, 1570, El Greco\" class=\"wp-image-17980\" title=\"Retrato de Giulio Clovio, 1570, El Greco\" srcset=\"https:\/\/www.aparences.net\/wp-content\/uploads\/2017\/09\/le-greco-portrait-giulio-clovio.jpg 512w, https:\/\/www.aparences.net\/wp-content\/uploads\/2017\/09\/le-greco-portrait-giulio-clovio-300x217.jpg 300w\" sizes=\"auto, (max-width: 512px) 100vw, 512px\" \/><figcaption class=\"wp-element-caption\"><em><strong>Retrato de Giulio Clovio<\/strong>, 1570, <strong>El Greco<\/strong> (N\u00e1poles, Museo di Capodimonte)<\/em><\/figcaption><\/figure>\n<\/div>\n\n\n<p><em>El modelo es mostrado de medio cuerpo se\u00f1alando con su mano derecha el Devocionario de la Madona, con sus propias ilustraciones realizadas un cuarto de siglo antes y que se conservaba en el palazzo Farnesio. Al visitar la habitaci\u00f3n de El Greco para proponerle que dieran un paseo, Clovio, en una memorable ocasi\u00f3n, advirti\u00f3 que las cortinas estaban echadas, porque \u00abla luz del d\u00eda perturbaba su visi\u00f3n interior\u00bb y contemplando el retrato de Clovio es evidente que el estudio de la realidad jug\u00f3 un papel mucho menor en el estilo de El Greco que en el de todos los principales retratistas que le precedieron. Desde un punto de vista racional, la postura de la figura es artificial, el espacio que ocupa est\u00e1 indeterminado y el paisaje es tan poco real que incluso podr\u00eda confundirse con un cuadro que estuviera colgado en la pared. Esas caracter\u00edsticas est\u00e1n a\u00fan m\u00e1s pronunciadas en los retratos posteriores de El Greco.<\/em><\/p>\n\n\n\n<p>A medida que avanz\u00f3 en el estudio del retrato, m\u00e1s vigorosamente se concentr\u00f3 <strong>El Greco<\/strong> en la representaci\u00f3n del pensamiento y de la personalidad, en detrimento del aspecto f\u00edsico. Uno de sus primeros retratos espa\u00f1oles, <em>El caballero de la mano en el pecho<\/em> (c.1580), est\u00e1 ya tan desmaterializado que el modelo, a veces, puede pensarse que s\u00f3lo tiene un brazo, mientras que <strong>el \u00faltimo y m\u00e1s importante retrato<\/strong>, la pintura del dominico <em><strong>Fray Hortensio F\u00e9lix Paravicino<\/strong><\/em>, realizado aproximadamente en 1609, la recesi\u00f3n del cuerpo est\u00e1 indicada s\u00f3lo de una forma muy vaga y la silla se ha reducido a una f\u00f3rmula visual.<\/p>\n\n\n<div class=\"wp-block-image\">\n<figure class=\"aligncenter\"><img loading=\"lazy\" decoding=\"async\" width=\"426\" height=\"455\" src=\"https:\/\/www.aparences.net\/wp-content\/uploads\/2017\/09\/greco-portrait-fra-hortensio-felix-paravicino1609.jpg\" alt=\"Fray Hortensio F\u00e9lix Paravicino, 1609, El Greco\" class=\"wp-image-17973\" title=\"Fray Hortensio F\u00e9lix Paravicino, 1609, El Greco\" srcset=\"https:\/\/www.aparences.net\/wp-content\/uploads\/2017\/09\/greco-portrait-fra-hortensio-felix-paravicino1609.jpg 426w, https:\/\/www.aparences.net\/wp-content\/uploads\/2017\/09\/greco-portrait-fra-hortensio-felix-paravicino1609-281x300.jpg 281w\" sizes=\"auto, (max-width: 426px) 100vw, 426px\" \/><figcaption class=\"wp-element-caption\"><em><strong>Fray Hortensio F\u00e9lix Paravicino<\/strong>, 1609, <strong>El Greco<\/strong><\/em><br><em> (Boston, Museo de Bellas Artes)<\/em><\/figcaption><\/figure>\n<\/div>\n\n<div class=\"wp-block-image\">\n<figure class=\"aligncenter\"><img loading=\"lazy\" decoding=\"async\" width=\"339\" height=\"430\" src=\"https:\/\/www.aparences.net\/wp-content\/uploads\/2017\/09\/greco-dame-a-la-forrure.jpg\" alt=\"La dama del armi\u00f1o, 1577-1580, El Greco, Glasgow, Galer\u00eda de Arte y Museo Kelvingrove\" class=\"wp-image-17974\" title=\"La dama del armi\u00f1o, 1577-1580, El Greco, Glasgow, Galer\u00eda de Arte y Museo Kelvingrove\" srcset=\"https:\/\/www.aparences.net\/wp-content\/uploads\/2017\/09\/greco-dame-a-la-forrure.jpg 339w, https:\/\/www.aparences.net\/wp-content\/uploads\/2017\/09\/greco-dame-a-la-forrure-237x300.jpg 237w\" sizes=\"auto, (max-width: 339px) 100vw, 339px\" \/><figcaption class=\"wp-element-caption\"><em><strong>La dama del armi\u00f1o<\/strong>, 1577-1580, <strong>El Greco<\/strong> <\/em><br><em>(Glasgow, Galer\u00eda de Arte y Museo Kelvingrove)<\/em><\/figcaption><\/figure>\n<\/div>\n\n\n<p class=\"has-text-align-left\"><em>Se trata probablemente del primer retrato conocido que El Greco pintara en Toledo. El tratamiento va ligado al de Vincenzo Anastagi realizado durante sus \u00faltimos a\u00f1os en Italia. <strong>Bas\u00e1ndose en el estilo de Tiziano<\/strong>, la piel que envuelve a la dama ha sido ejecutada a base de pinceladas libres y vigorosas. No conocemos la identidad de la mujer, pero algunos cr\u00edticos creen que se trata del retrato de Jer\u00f3nima de las Cuevas, compa\u00f1era de El Greco y madre de su hijo, Jorge Manuel.<br><\/em><\/p>\n\n\n<div class=\"wp-block-image\">\n<figure class=\"aligncenter\"><img loading=\"lazy\" decoding=\"async\" width=\"618\" height=\"399\" src=\"https:\/\/www.aparences.net\/wp-content\/uploads\/2017\/09\/greco-portraits-homme-age-et-jorge-manuel.jpg\" alt=\"Caballero anciano; Retrato del hijo del artista, El Greco\" class=\"wp-image-17975\" title=\"Caballero anciano; Retrato del hijo del artista, El Greco\" srcset=\"https:\/\/www.aparences.net\/wp-content\/uploads\/2017\/09\/greco-portraits-homme-age-et-jorge-manuel.jpg 618w, https:\/\/www.aparences.net\/wp-content\/uploads\/2017\/09\/greco-portraits-homme-age-et-jorge-manuel-300x194.jpg 300w\" sizes=\"auto, (max-width: 618px) 100vw, 618px\" \/><figcaption class=\"wp-element-caption\"><em><strong>Caballero anciano<\/strong>, 1587-1597 (Madrid, Museo del Prado) ; <strong>Retrato del hijo del artista<\/strong>, Jorge Manuel Theotok\u00f3poulos, 1603, <strong>El Greco<\/strong> (Sevilla, Museo Provincial)<\/em><\/figcaption><\/figure>\n<\/div>\n\n\n<!-- AfterArticle2023 --><ins class=\"adsbygoogle\"     style=\"display:block;margin-bottom:5px;\"     data-ad-client=\"ca-pub-2468002815867636\"     data-ad-slot=\"3955176166\"     data-ad-format=\"auto\"     data-full-width-responsive=\"true\"><\/ins><script> (adsbygoogle = window.adsbygoogle || []).push({});<\/script><h2 class=\"wp-block-heading\">La Apertura del Quinto Sello<\/h2>\n\n\n\n<p>La <em><strong>Apertura del Quinto Sello del Apocalipsis<\/strong><\/em> o La visi\u00f3n de san Juan es una de las obras m\u00e1s extraordinarias de <strong>El Greco<\/strong>. Representa un pasaje del Apocalipsis de san Juan y vemos al santo en trance, con los brazos extendidos en un gesto prof\u00e9tico. Las figuras desnudas de ademanes pat\u00e9ticos son los m\u00e1rtires que salen de sus tumbas y claman venganza al cielo, extendiendo los brazos para recibir el don celestial de una t\u00fanica blanca. Es indiscutible que un dibujo correcto y preciso no hubiera podido expresar con tanta vehemencia esa terrible visi\u00f3n del Juicio final, el momento en que los santos llaman a la destrucci\u00f3n de este mundo. Es f\u00e1cil de ver en esta obra todo lo que <strong>El Greco<\/strong> <strong>deb\u00eda a la asimetr\u00eda de las composiciones originales de Tintoretto<\/strong>; tambi\u00e9n se pone de manifiesto <strong>la influencia de la escuela de<\/strong> <a href=\"https:\/\/www.aparences.net\/es\/periodos\/el-manierismo\/parmigianino-biografia\/\" data-type=\"link\" data-id=\"https:\/\/www.aparences.net\/es\/periodos\/el-manierismo\/parmigianino-biografia\/\">Parmigianino<\/a> <strong>en las figuras estiradas y manieristas<\/strong>. No obstante, es posible que por estos medios El Greco persegu\u00eda un nuevo objetivo: viv\u00eda en Espa\u00f1a, donde la fe religiosa alcanzaba un fervor m\u00edstico casi desconocido en otros lugares. En un ambiente como ese, el refinamiento manierista perd\u00eda gran parte de su car\u00e1cter de \u00abarte precioso\u00bb reservado a los iniciados.<\/p>\n\n\n<div class=\"wp-block-image\">\n<figure class=\"aligncenter\"><img loading=\"lazy\" decoding=\"async\" width=\"542\" height=\"430\" src=\"https:\/\/www.aparences.net\/wp-content\/uploads\/2017\/09\/le-greco-ouverture-du-cinquieme-sceau-1608-1614.jpg\" alt=\"Apertura del Quinto Sello, El Greco\" class=\"wp-image-17976\" title=\"Apertura del Quinto Sello, El Greco\" srcset=\"https:\/\/www.aparences.net\/wp-content\/uploads\/2017\/09\/le-greco-ouverture-du-cinquieme-sceau-1608-1614.jpg 542w, https:\/\/www.aparences.net\/wp-content\/uploads\/2017\/09\/le-greco-ouverture-du-cinquieme-sceau-1608-1614-300x238.jpg 300w\" sizes=\"auto, (max-width: 542px) 100vw, 542px\" \/><figcaption class=\"wp-element-caption\"><em><strong>Apertura del Quinto Sello del Apocalipsis<\/strong>, 1608-1614, <strong>El Greco<\/strong> (Nueva York, Museo Metropolitano de Arte)<\/em><\/figcaption><\/figure>\n<\/div>\n\n\n<h2 class=\"wp-block-heading\">Toledo y sus cielos tormentosos<\/h2>\n\n\n\n<p><strong>Toledo<\/strong>, ciudad conventualizada, albergando cerca de un millar de casas religiosas e iglesias, <strong>era m\u00e1s piadosa y se consagraba m\u00e1s a la religi\u00f3n que la propia Roma<\/strong>. Cuando <strong>El Greco<\/strong> se instal\u00f3 all\u00ed, su floreciente artesan\u00eda (espadas, joyas, cer\u00e1micas, textiles) produc\u00eda una econom\u00eda pr\u00f3spera y activa. A la muerte del pintor, barrios enteros hab\u00edan sido abandonados y la hierba crec\u00eda en las calles. En la hermosa <strong>vista de Toledo<\/strong>, pintada alrededor de 1609, cuando la ciudad ba\u00f1aba en la gloria de la protecci\u00f3n celestial, los grandes cenobios luminosos se extienden sobre la colina m\u00e1s all\u00e1 de los muros y difunden con orgullo la fe, contrastando con la vista de la ciudad que <strong>El Greco<\/strong> pint\u00f3 unos a\u00f1os m\u00e1s tarde, en la que tormentas oscuras y terribles hacen brillar de forma aterradora <strong><em>El Laocoonte<\/em> <\/strong>a la luz parpadeante de un rel\u00e1mpago invisible. Nada es menos espa\u00f1ol que el arte de<strong> El Greco<\/strong>; <strong>es el apogeo del manierismo italiano<\/strong>.<\/p>\n\n\n<div class=\"wp-block-image\">\n<figure class=\"aligncenter\"><img loading=\"lazy\" decoding=\"async\" width=\"410\" height=\"447\" src=\"https:\/\/www.aparences.net\/wp-content\/uploads\/2017\/09\/le-greco-vue-de-tolede-1604-1614-metropolitan-museum.jpg\" alt=\"Vista de Toledo, c. 1604-1614, El Greco\" class=\"wp-image-17977\" title=\"Vista de Toledo, c. 1604-1614, El Greco\" srcset=\"https:\/\/www.aparences.net\/wp-content\/uploads\/2017\/09\/le-greco-vue-de-tolede-1604-1614-metropolitan-museum.jpg 410w, https:\/\/www.aparences.net\/wp-content\/uploads\/2017\/09\/le-greco-vue-de-tolede-1604-1614-metropolitan-museum-275x300.jpg 275w\" sizes=\"auto, (max-width: 410px) 100vw, 410px\" \/><figcaption class=\"wp-element-caption\"><em><strong>Vista de Toledo<\/strong>, c. 1604-1614, <strong>El Greco<\/strong> <\/em><br><em>(Nueva York, Metropolitan Museum)<\/em><\/figcaption><\/figure>\n<\/div>\n\n<div class=\"wp-block-image\">\n<figure class=\"aligncenter\"><img loading=\"lazy\" decoding=\"async\" width=\"610\" height=\"352\" src=\"https:\/\/www.aparences.net\/wp-content\/uploads\/2017\/09\/le-greco-vue-et-plan-de-tolede-vers-1610.jpg\" alt=\"Vista y plano de Toledo, El Greco\" class=\"wp-image-17978\" title=\"Vista y plano de Toledo, El Greco\" srcset=\"https:\/\/www.aparences.net\/wp-content\/uploads\/2017\/09\/le-greco-vue-et-plan-de-tolede-vers-1610.jpg 610w, https:\/\/www.aparences.net\/wp-content\/uploads\/2017\/09\/le-greco-vue-et-plan-de-tolede-vers-1610-300x173.jpg 300w\" sizes=\"auto, (max-width: 610px) 100vw, 610px\" \/><figcaption class=\"wp-element-caption\"><em><strong>Vista y plano de Toledo<\/strong>, 1610, <strong>El Greco<\/strong> (Toledo, Museo El Greco)<\/em><\/figcaption><\/figure>\n<\/div>\n\n<div class=\"wp-block-image\">\n<figure class=\"aligncenter\"><img loading=\"lazy\" decoding=\"async\" width=\"610\" height=\"425\" src=\"https:\/\/www.aparences.net\/wp-content\/uploads\/2017\/09\/le-grec-le-laocoon-1610-1614-washington.jpg\" alt=\"El Laocoonte, c. 1610-1614, El Greco\" class=\"wp-image-17979\" title=\"El Laocoonte, c. 1610-1614, El Greco, Washington, National Gallery\" srcset=\"https:\/\/www.aparences.net\/wp-content\/uploads\/2017\/09\/le-grec-le-laocoon-1610-1614-washington.jpg 610w, https:\/\/www.aparences.net\/wp-content\/uploads\/2017\/09\/le-grec-le-laocoon-1610-1614-washington-300x209.jpg 300w\" sizes=\"auto, (max-width: 610px) 100vw, 610px\" \/><figcaption class=\"wp-element-caption\"><em><strong>El Laocoonte<\/strong>, detalle, c. 1610-1614, <strong>El Greco<\/strong> (Washington, National Gallery)<\/em><\/figcaption><\/figure>\n<\/div>\n\n\n<p><em>Se trata de la \u00fanica obra de <a href=\"https:\/\/www.aparences.net\/es\/tematicos\/mitologia-y-pintura\/\" data-type=\"link\" data-id=\"https:\/\/www.aparences.net\/es\/tematicos\/mitologia-y-pintura\/\">tema mitol\u00f3gico<\/a> o literario en toda la vasta producci\u00f3n del maestro. Con ella se abre paso al <a href=\"https:\/\/www.aparences.net\/es\/periodos\/pintura-barroca\/la-pintura-barroca-en-espana\/\">Siglo de Oro de la pintura espa\u00f1ola<\/a>.<br><\/em><\/p>\n\n\n\n<p class=\"has-text-align-center\">Obras de El Greco en alta resoluci\u00f3n : <a href=\"https:\/\/www.google.com\/culturalinstitute\/beta\/entity\/m011k6_\">Google Arts &amp; Culture<\/a><\/p>\n\n\n\n<ul class=\"wp-block-list\">\n<li>Gombrich, E.H. <em>Histoire de l\u2019art<\/em>, Phaidon<\/li>\n\n\n\n<li>Collectif, <em>Histoire de l\u2019art, Temps modernes<\/em>, Paris, 2005<\/li>\n\n\n\n<li>Arasse, Daniel, <em>L\u2019Homme en jeu<\/em>, Paris, 2008<\/li>\n\n\n\n<li>John Pope-Hennessy, <em>El retrato en el Renacimiento<\/em>, Madrid, 1985<\/li>\n\n\n\n<li>Santiago Alcolea Gil, <em>El Greco<\/em>, Barcelona, 2007<\/li>\n\n\n\n<li>Linda Murray, <em>La Haute Renaissance et le mani\u00e9risme<\/em>, Paris, 1995<\/li>\n<\/ul>\n","protected":false},"excerpt":{"rendered":"<p>En Toledo, El Greco pudo desarrollar su propio estilo, basado en una abstracci\u00f3n cada vez m\u00e1s fuerte de las formas.<\/p>\n","protected":false},"author":2,"featured_media":26324,"comment_status":"closed","ping_status":"closed","sticky":false,"template":"","format":"standard","meta":{"footnotes":""},"categories":[2334],"tags":[6219,638,495],"class_list":["post-32030","post","type-post","status-publish","format-standard","has-post-thumbnail","hentry","category-el-manierismo","tag-el-greco","tag-retables","tag-style-manieriste"],"yoast_head":"<!-- This site is optimized with the Yoast SEO plugin v27.2 - https:\/\/yoast.com\/product\/yoast-seo-wordpress\/ -->\n<title>El Greco o el apogeo del Manierismo<\/title>\n<meta name=\"description\" content=\"En Toledo, El Greco pudo desarrollar su propio estilo, basado en una abstracci\u00f3n cada vez m\u00e1s fuerte de las formas.\" \/>\n<meta name=\"robots\" content=\"index, follow, max-snippet:-1, max-image-preview:large, max-video-preview:-1\" \/>\n<link rel=\"canonical\" href=\"https:\/\/www.aparences.net\/es\/periodos\/el-manierismo\/el-greco-o-el-apogeo-del-manierismo\/\" \/>\n<meta property=\"og:locale\" content=\"es_ES\" \/>\n<meta property=\"og:type\" content=\"article\" \/>\n<meta property=\"og:title\" content=\"El Greco o el apogeo del Manierismo\" \/>\n<meta property=\"og:description\" content=\"En Toledo, El Greco pudo desarrollar su propio estilo, basado en una abstracci\u00f3n cada vez m\u00e1s fuerte de las formas.\" \/>\n<meta property=\"og:url\" content=\"https:\/\/www.aparences.net\/es\/periodos\/el-manierismo\/el-greco-o-el-apogeo-del-manierismo\/\" \/>\n<meta property=\"og:site_name\" content=\"Aparences\" \/>\n<meta property=\"article:published_time\" content=\"2010-05-16T10:03:00+00:00\" \/>\n<meta property=\"article:modified_time\" content=\"2025-12-11T18:40:57+00:00\" \/>\n<meta property=\"og:image\" content=\"https:\/\/www.aparences.net\/wp-content\/uploads\/2017\/09\/el-greco.jpg\" \/>\n\t<meta property=\"og:image:width\" content=\"1080\" \/>\n\t<meta property=\"og:image:height\" content=\"540\" \/>\n\t<meta property=\"og:image:type\" content=\"image\/jpeg\" \/>\n<meta name=\"author\" content=\"admin\" \/>\n<meta name=\"twitter:card\" content=\"summary_large_image\" \/>\n<meta name=\"twitter:label1\" content=\"Escrito por\" \/>\n\t<meta name=\"twitter:data1\" content=\"admin\" \/>\n\t<meta name=\"twitter:label2\" content=\"Tiempo de lectura\" \/>\n\t<meta name=\"twitter:data2\" content=\"23 minutos\" \/>\n<script type=\"application\/ld+json\" class=\"yoast-schema-graph\">{\"@context\":\"https:\/\/schema.org\",\"@graph\":[{\"@type\":\"Article\",\"@id\":\"https:\/\/www.aparences.net\/es\/periodos\/el-manierismo\/el-greco-o-el-apogeo-del-manierismo\/#article\",\"isPartOf\":{\"@id\":\"https:\/\/www.aparences.net\/es\/periodos\/el-manierismo\/el-greco-o-el-apogeo-del-manierismo\/\"},\"author\":{\"name\":\"admin\",\"@id\":\"https:\/\/www.aparences.net\/es\/#\/schema\/person\/af349f6ffc31b16c68963e61268afca5\"},\"headline\":\"El Greco o el apogeo del Manierismo\",\"datePublished\":\"2010-05-16T10:03:00+00:00\",\"dateModified\":\"2025-12-11T18:40:57+00:00\",\"mainEntityOfPage\":{\"@id\":\"https:\/\/www.aparences.net\/es\/periodos\/el-manierismo\/el-greco-o-el-apogeo-del-manierismo\/\"},\"wordCount\":4092,\"publisher\":{\"@id\":\"https:\/\/www.aparences.net\/es\/#organization\"},\"image\":{\"@id\":\"https:\/\/www.aparences.net\/es\/periodos\/el-manierismo\/el-greco-o-el-apogeo-del-manierismo\/#primaryimage\"},\"thumbnailUrl\":\"https:\/\/www.aparences.net\/wp-content\/uploads\/2017\/09\/el-greco.jpg\",\"keywords\":[\"El Greco\",\"retables\",\"style mani\u00e9riste\"],\"articleSection\":[\"El manierismo\"],\"inLanguage\":\"es\"},{\"@type\":[\"WebPage\",\"ItemPage\"],\"@id\":\"https:\/\/www.aparences.net\/es\/periodos\/el-manierismo\/el-greco-o-el-apogeo-del-manierismo\/\",\"url\":\"https:\/\/www.aparences.net\/es\/periodos\/el-manierismo\/el-greco-o-el-apogeo-del-manierismo\/\",\"name\":\"El Greco o el apogeo del Manierismo\",\"isPartOf\":{\"@id\":\"https:\/\/www.aparences.net\/es\/#website\"},\"primaryImageOfPage\":{\"@id\":\"https:\/\/www.aparences.net\/es\/periodos\/el-manierismo\/el-greco-o-el-apogeo-del-manierismo\/#primaryimage\"},\"image\":{\"@id\":\"https:\/\/www.aparences.net\/es\/periodos\/el-manierismo\/el-greco-o-el-apogeo-del-manierismo\/#primaryimage\"},\"thumbnailUrl\":\"https:\/\/www.aparences.net\/wp-content\/uploads\/2017\/09\/el-greco.jpg\",\"datePublished\":\"2010-05-16T10:03:00+00:00\",\"dateModified\":\"2025-12-11T18:40:57+00:00\",\"description\":\"En Toledo, El Greco pudo desarrollar su propio estilo, basado en una abstracci\u00f3n cada vez m\u00e1s fuerte de las formas.\",\"breadcrumb\":{\"@id\":\"https:\/\/www.aparences.net\/es\/periodos\/el-manierismo\/el-greco-o-el-apogeo-del-manierismo\/#breadcrumb\"},\"inLanguage\":\"es\",\"potentialAction\":[{\"@type\":\"ReadAction\",\"target\":[\"https:\/\/www.aparences.net\/es\/periodos\/el-manierismo\/el-greco-o-el-apogeo-del-manierismo\/\"]}]},{\"@type\":\"ImageObject\",\"inLanguage\":\"es\",\"@id\":\"https:\/\/www.aparences.net\/es\/periodos\/el-manierismo\/el-greco-o-el-apogeo-del-manierismo\/#primaryimage\",\"url\":\"https:\/\/www.aparences.net\/wp-content\/uploads\/2017\/09\/el-greco.jpg\",\"contentUrl\":\"https:\/\/www.aparences.net\/wp-content\/uploads\/2017\/09\/el-greco.jpg\",\"width\":1080,\"height\":540},{\"@type\":\"BreadcrumbList\",\"@id\":\"https:\/\/www.aparences.net\/es\/periodos\/el-manierismo\/el-greco-o-el-apogeo-del-manierismo\/#breadcrumb\",\"itemListElement\":[{\"@type\":\"ListItem\",\"position\":1,\"name\":\"Portada\",\"item\":\"https:\/\/www.aparences.net\/es\/\"},{\"@type\":\"ListItem\",\"position\":2,\"name\":\"El Greco o el apogeo del Manierismo\"}]},{\"@type\":\"WebSite\",\"@id\":\"https:\/\/www.aparences.net\/es\/#website\",\"url\":\"https:\/\/www.aparences.net\/es\/\",\"name\":\"Aparences: Historia del Arte y Actualidad Cultural\",\"description\":\"\",\"publisher\":{\"@id\":\"https:\/\/www.aparences.net\/es\/#organization\"},\"potentialAction\":[{\"@type\":\"SearchAction\",\"target\":{\"@type\":\"EntryPoint\",\"urlTemplate\":\"https:\/\/www.aparences.net\/es\/?s={search_term_string}\"},\"query-input\":{\"@type\":\"PropertyValueSpecification\",\"valueRequired\":true,\"valueName\":\"search_term_string\"}}],\"inLanguage\":\"es\"},{\"@type\":\"Organization\",\"@id\":\"https:\/\/www.aparences.net\/es\/#organization\",\"name\":\"Aparences: Historia del Arte y Actualidad Cultural\",\"url\":\"https:\/\/www.aparences.net\/es\/\",\"logo\":{\"@type\":\"ImageObject\",\"inLanguage\":\"es\",\"@id\":\"https:\/\/www.aparences.net\/es\/#\/schema\/logo\/image\/\",\"url\":\"https:\/\/www.aparences.net\/wp-content\/uploads\/2023\/09\/logo-quadrat-color-e1695915315229.png\",\"contentUrl\":\"https:\/\/www.aparences.net\/wp-content\/uploads\/2023\/09\/logo-quadrat-color-e1695915315229.png\",\"width\":120,\"height\":120,\"caption\":\"Aparences: Historia del Arte y Actualidad Cultural\"},\"image\":{\"@id\":\"https:\/\/www.aparences.net\/es\/#\/schema\/logo\/image\/\"}},{\"@type\":\"Person\",\"@id\":\"https:\/\/www.aparences.net\/es\/#\/schema\/person\/af349f6ffc31b16c68963e61268afca5\",\"name\":\"admin\",\"url\":\"https:\/\/www.aparences.net\/es\/author\/admin\/\"}]}<\/script>\n<!-- \/ Yoast SEO plugin. -->","yoast_head_json":{"title":"El Greco o el apogeo del Manierismo","description":"En Toledo, El Greco pudo desarrollar su propio estilo, basado en una abstracci\u00f3n cada vez m\u00e1s fuerte de las formas.","robots":{"index":"index","follow":"follow","max-snippet":"max-snippet:-1","max-image-preview":"max-image-preview:large","max-video-preview":"max-video-preview:-1"},"canonical":"https:\/\/www.aparences.net\/es\/periodos\/el-manierismo\/el-greco-o-el-apogeo-del-manierismo\/","og_locale":"es_ES","og_type":"article","og_title":"El Greco o el apogeo del Manierismo","og_description":"En Toledo, El Greco pudo desarrollar su propio estilo, basado en una abstracci\u00f3n cada vez m\u00e1s fuerte de las formas.","og_url":"https:\/\/www.aparences.net\/es\/periodos\/el-manierismo\/el-greco-o-el-apogeo-del-manierismo\/","og_site_name":"Aparences","article_published_time":"2010-05-16T10:03:00+00:00","article_modified_time":"2025-12-11T18:40:57+00:00","og_image":[{"width":1080,"height":540,"url":"https:\/\/www.aparences.net\/wp-content\/uploads\/2017\/09\/el-greco.jpg","type":"image\/jpeg"}],"author":"admin","twitter_card":"summary_large_image","twitter_misc":{"Escrito por":"admin","Tiempo de lectura":"23 minutos"},"schema":{"@context":"https:\/\/schema.org","@graph":[{"@type":"Article","@id":"https:\/\/www.aparences.net\/es\/periodos\/el-manierismo\/el-greco-o-el-apogeo-del-manierismo\/#article","isPartOf":{"@id":"https:\/\/www.aparences.net\/es\/periodos\/el-manierismo\/el-greco-o-el-apogeo-del-manierismo\/"},"author":{"name":"admin","@id":"https:\/\/www.aparences.net\/es\/#\/schema\/person\/af349f6ffc31b16c68963e61268afca5"},"headline":"El Greco o el apogeo del Manierismo","datePublished":"2010-05-16T10:03:00+00:00","dateModified":"2025-12-11T18:40:57+00:00","mainEntityOfPage":{"@id":"https:\/\/www.aparences.net\/es\/periodos\/el-manierismo\/el-greco-o-el-apogeo-del-manierismo\/"},"wordCount":4092,"publisher":{"@id":"https:\/\/www.aparences.net\/es\/#organization"},"image":{"@id":"https:\/\/www.aparences.net\/es\/periodos\/el-manierismo\/el-greco-o-el-apogeo-del-manierismo\/#primaryimage"},"thumbnailUrl":"https:\/\/www.aparences.net\/wp-content\/uploads\/2017\/09\/el-greco.jpg","keywords":["El Greco","retables","style mani\u00e9riste"],"articleSection":["El manierismo"],"inLanguage":"es"},{"@type":["WebPage","ItemPage"],"@id":"https:\/\/www.aparences.net\/es\/periodos\/el-manierismo\/el-greco-o-el-apogeo-del-manierismo\/","url":"https:\/\/www.aparences.net\/es\/periodos\/el-manierismo\/el-greco-o-el-apogeo-del-manierismo\/","name":"El Greco o el apogeo del Manierismo","isPartOf":{"@id":"https:\/\/www.aparences.net\/es\/#website"},"primaryImageOfPage":{"@id":"https:\/\/www.aparences.net\/es\/periodos\/el-manierismo\/el-greco-o-el-apogeo-del-manierismo\/#primaryimage"},"image":{"@id":"https:\/\/www.aparences.net\/es\/periodos\/el-manierismo\/el-greco-o-el-apogeo-del-manierismo\/#primaryimage"},"thumbnailUrl":"https:\/\/www.aparences.net\/wp-content\/uploads\/2017\/09\/el-greco.jpg","datePublished":"2010-05-16T10:03:00+00:00","dateModified":"2025-12-11T18:40:57+00:00","description":"En Toledo, El Greco pudo desarrollar su propio estilo, basado en una abstracci\u00f3n cada vez m\u00e1s fuerte de las formas.","breadcrumb":{"@id":"https:\/\/www.aparences.net\/es\/periodos\/el-manierismo\/el-greco-o-el-apogeo-del-manierismo\/#breadcrumb"},"inLanguage":"es","potentialAction":[{"@type":"ReadAction","target":["https:\/\/www.aparences.net\/es\/periodos\/el-manierismo\/el-greco-o-el-apogeo-del-manierismo\/"]}]},{"@type":"ImageObject","inLanguage":"es","@id":"https:\/\/www.aparences.net\/es\/periodos\/el-manierismo\/el-greco-o-el-apogeo-del-manierismo\/#primaryimage","url":"https:\/\/www.aparences.net\/wp-content\/uploads\/2017\/09\/el-greco.jpg","contentUrl":"https:\/\/www.aparences.net\/wp-content\/uploads\/2017\/09\/el-greco.jpg","width":1080,"height":540},{"@type":"BreadcrumbList","@id":"https:\/\/www.aparences.net\/es\/periodos\/el-manierismo\/el-greco-o-el-apogeo-del-manierismo\/#breadcrumb","itemListElement":[{"@type":"ListItem","position":1,"name":"Portada","item":"https:\/\/www.aparences.net\/es\/"},{"@type":"ListItem","position":2,"name":"El Greco o el apogeo del Manierismo"}]},{"@type":"WebSite","@id":"https:\/\/www.aparences.net\/es\/#website","url":"https:\/\/www.aparences.net\/es\/","name":"Aparences: Historia del Arte y Actualidad Cultural","description":"","publisher":{"@id":"https:\/\/www.aparences.net\/es\/#organization"},"potentialAction":[{"@type":"SearchAction","target":{"@type":"EntryPoint","urlTemplate":"https:\/\/www.aparences.net\/es\/?s={search_term_string}"},"query-input":{"@type":"PropertyValueSpecification","valueRequired":true,"valueName":"search_term_string"}}],"inLanguage":"es"},{"@type":"Organization","@id":"https:\/\/www.aparences.net\/es\/#organization","name":"Aparences: Historia del Arte y Actualidad Cultural","url":"https:\/\/www.aparences.net\/es\/","logo":{"@type":"ImageObject","inLanguage":"es","@id":"https:\/\/www.aparences.net\/es\/#\/schema\/logo\/image\/","url":"https:\/\/www.aparences.net\/wp-content\/uploads\/2023\/09\/logo-quadrat-color-e1695915315229.png","contentUrl":"https:\/\/www.aparences.net\/wp-content\/uploads\/2023\/09\/logo-quadrat-color-e1695915315229.png","width":120,"height":120,"caption":"Aparences: Historia del Arte y Actualidad Cultural"},"image":{"@id":"https:\/\/www.aparences.net\/es\/#\/schema\/logo\/image\/"}},{"@type":"Person","@id":"https:\/\/www.aparences.net\/es\/#\/schema\/person\/af349f6ffc31b16c68963e61268afca5","name":"admin","url":"https:\/\/www.aparences.net\/es\/author\/admin\/"}]}},"_links":{"self":[{"href":"https:\/\/www.aparences.net\/es\/wp-json\/wp\/v2\/posts\/32030","targetHints":{"allow":["GET"]}}],"collection":[{"href":"https:\/\/www.aparences.net\/es\/wp-json\/wp\/v2\/posts"}],"about":[{"href":"https:\/\/www.aparences.net\/es\/wp-json\/wp\/v2\/types\/post"}],"author":[{"embeddable":true,"href":"https:\/\/www.aparences.net\/es\/wp-json\/wp\/v2\/users\/2"}],"replies":[{"embeddable":true,"href":"https:\/\/www.aparences.net\/es\/wp-json\/wp\/v2\/comments?post=32030"}],"version-history":[{"count":0,"href":"https:\/\/www.aparences.net\/es\/wp-json\/wp\/v2\/posts\/32030\/revisions"}],"wp:featuredmedia":[{"embeddable":true,"href":"https:\/\/www.aparences.net\/es\/wp-json\/wp\/v2\/media\/26324"}],"wp:attachment":[{"href":"https:\/\/www.aparences.net\/es\/wp-json\/wp\/v2\/media?parent=32030"}],"wp:term":[{"taxonomy":"category","embeddable":true,"href":"https:\/\/www.aparences.net\/es\/wp-json\/wp\/v2\/categories?post=32030"},{"taxonomy":"post_tag","embeddable":true,"href":"https:\/\/www.aparences.net\/es\/wp-json\/wp\/v2\/tags?post=32030"}],"curies":[{"name":"wp","href":"https:\/\/api.w.org\/{rel}","templated":true}]}}