{"id":32236,"date":"2024-03-22T10:46:01","date_gmt":"2024-03-22T09:46:01","guid":{"rendered":"https:\/\/www.aparences.net\/?p=32236"},"modified":"2025-12-11T19:40:55","modified_gmt":"2025-12-11T18:40:55","slug":"fairfield-porter","status":"publish","type":"post","link":"https:\/\/www.aparences.net\/es\/arte-contemporaneo\/fairfield-porter\/","title":{"rendered":"Fairfield Porter"},"content":{"rendered":"<p><!--contents--><\/p>\n\n\n<h2 class=\"wp-block-heading\">Fairfield Porter: un realista en la era de la abstracci\u00f3n<\/h2>\n\n\n\n<p>Pintor, grabador y escritor, <strong>Fairfield Porter<\/strong> (1907-1975) fue uno de los principales representantes de la <strong>pintura figurativa<\/strong> en el mundo del arte estadounidense de mediados del siglo XX. Durante varias d\u00e9cadas realiz\u00f3 retratos, escenas dom\u00e9sticas y paisajes, en los que representaba ambientes relajados y confortables que parec\u00edan reflejar su propia existencia acomodada. Sin embargo, su arte es a menudo m\u00e1s matizado de lo que parece a primera vista. A pesar de la evidente <strong>influencia de los pintores nabis<\/strong> franceses <a href=\"https:\/\/www.aparences.net\/es\/periodos\/postimpresionismo\/pierre-bonnard-biografia-y-obras\/\" data-type=\"link\" data-id=\"https:\/\/www.aparences.net\/es\/periodos\/postimpresionismo\/pierre-bonnard-biografia-y-obras\/\">Pierre Bonnard<\/a> y <a href=\"https:\/\/www.aparences.net\/es\/periodos\/postimpresionismo\/vuillard-y-la-mirada-intimista\/\" data-type=\"link\" data-id=\"https:\/\/www.aparences.net\/es\/periodos\/postimpresionismo\/vuillard-y-la-mirada-intimista\/\">\u00c9douard Vuillard<\/a>  a los que hab\u00eda estudiado, la pintura de Porter refleja movimientos contempor\u00e1neos m\u00e1s cercanos como <strong>el expresionismo abstracto<\/strong>. Su estilo pict\u00f3rico libre y en\u00e9rgico deb\u00eda mucho a su comprensi\u00f3n de la abstracci\u00f3n gestual. Porter fue tambi\u00e9n un cr\u00edtico prol\u00edfico cuyo trabajo apareci\u00f3 en varias revistas de arte influyentes; en sus escritos defend\u00eda principalmente a artistas que como \u00e9l, manten\u00edan un compromiso con el realismo y la figuraci\u00f3n. De este modo, estableci\u00f3 un v\u00ednculo entre movimientos como el <a href=\"https:\/\/www.aparences.net\/es\/tematicos\/los-pintores-neoyorquinos-de-la-gran-depresion\/\" data-type=\"link\" data-id=\"https:\/\/www.aparences.net\/es\/tematicos\/los-pintores-neoyorquinos-de-la-gran-depresion\/\">Realismo Social de la d\u00e9cada de 1930<\/a> en Nueva York.<\/p>\n\n\n<div class=\"wp-block-image\">\n<figure class=\"aligncenter size-full\"><img loading=\"lazy\" decoding=\"async\" width=\"345\" height=\"460\" src=\"https:\/\/www.aparences.net\/wp-content\/uploads\/2024\/03\/fairfield-porter-amherst-campus-1969.webp\" alt=\"Amherst Campus No. 1, 1969, Fairfield Porter\" class=\"wp-image-32215\" title=\"Amherst Campus No. 1, 1969, Fairfield Porter\"\/><figcaption class=\"wp-element-caption\"><em><strong>Amherst Campus No. 1<\/strong>, 1969, <strong>Fairfield Porter<\/strong>, Colecci\u00f3n privada.<\/em><\/figcaption><\/figure>\n<\/div>\n\n\n<h2 class=\"wp-block-heading\">Primeros a\u00f1os<\/h2>\n\n\n\n<p><strong>Fairfield Porter<\/strong> naci\u00f3 en 1907 en Winnetka, Illinois, un suburbio de Chicago. Era el cuarto de los cinco hijos de James y Ruth (de soltera Furness) Porter. La fortuna de la familia Porter, basada en el sector inmobiliario de Chicago, se remonta a varias generaciones. Desde muy joven, Porter sinti\u00f3 pasi\u00f3n por el arte y la literatura. <strong>Fairfield Porter <\/strong>ingres\u00f3 en la Universidad de Harvard en 1924 con la intenci\u00f3n de estudiar filosof\u00eda. Asisti\u00f3 a las clases del fil\u00f3sofo y matem\u00e1tico ingl\u00e9s <strong>Alfred North Whitehead<\/strong>, quien m\u00e1s tarde tendr\u00eda una gran influencia en su desarrollo como artista y escritor. Tambi\u00e9n se interes\u00f3 por la historia del arte y estudi\u00f3 con <strong>Arthur Pope<\/strong>. Al mismo tiempo, Porter escrib\u00eda poes\u00eda y se interesaba por la pol\u00edtica de izquierdas. Tras graduarse en Harvard en 1928, Porter se traslad\u00f3 a Nueva York y estudi\u00f3 durante dos a\u00f1os en la <strong>Art Students League<\/strong>, <strong>donde uno de sus profesores fue<\/strong> <a href=\"https:\/\/www.aparences.net\/periodes\/regionalisme-americain\/thomas-hart-benton\/\" data-type=\"link\" data-id=\"https:\/\/www.aparences.net\/periodes\/regionalisme-americain\/thomas-hart-benton\/\">Thomas Hart Benton<\/a>. El compromiso de Benton con la pintura figurativa tuvo un efecto duradero en Porter, al igual que su <strong>estudio de los pintores postimpresionistas franceses<\/strong> <a href=\"https:\/\/www.aparences.net\/es\/periodos\/postimpresionismo\/vuillard-y-la-mirada-intimista\/\" data-type=\"link\" data-id=\"https:\/\/www.aparences.net\/es\/periodos\/postimpresionismo\/vuillard-y-la-mirada-intimista\/\">\u00c9douard Vuillard<\/a> y <a href=\"https:\/\/www.aparences.net\/es\/periodos\/postimpresionismo\/pierre-bonnard-biografia-y-obras\/\" data-type=\"link\" data-id=\"https:\/\/www.aparences.net\/es\/periodos\/postimpresionismo\/pierre-bonnard-biografia-y-obras\/\">Pierre Bonnard<\/a>. En 1931, <strong>Fairfield Porter<\/strong> viaj\u00f3 a Europa, donde se concentr\u00f3 en visitar museos y galer\u00edas. Estos viajes, adem\u00e1s de sus estudios en Harvard, le permitieron adquirir un profundo conocimiento de casi todos los movimientos y estilos del arte occidental, desde la escultura griega antigua hasta la pintura de los antiguos maestros pasando por Pablo Picasso.<\/p>\n\n\n<div class=\"wp-block-image\">\n<figure class=\"aligncenter size-full\"><img loading=\"lazy\" decoding=\"async\" width=\"356\" height=\"460\" src=\"https:\/\/www.aparences.net\/wp-content\/uploads\/2024\/03\/fairfield-porter-self-portrait-in-the-studio-1968.webp\" alt=\"Autorretrato en el taller, 1968, Fairfield Porter\" class=\"wp-image-32217\" title=\"Autorretrato en el taller, 1968, Fairfield Porter\"\/><figcaption class=\"wp-element-caption\"><em><strong>Autorretrato<\/strong> en el taller, 1968, <strong>Fairfield Porter<\/strong>, Colecci\u00f3n privada.<\/em><\/figcaption><\/figure>\n<\/div>\n\n\n<!-- AdBoxRight2020 --><ins class=\"adsbygoogle\"     style=\"display:block; margin-top:30px;\"     data-ad-client=\"ca-pub-2468002815867636\"     data-ad-slot=\"3496014735\"     data-ad-format=\"auto\"     data-full-width-responsive=\"false\"><\/ins><script> (adsbygoogle = window.adsbygoogle || []).push({});<\/script><h2 class=\"wp-block-heading\">Periodo de madurez<\/h2>\n\n\n\n<p>En 1932, a su regreso a Estados Unidos, <strong>Fairfield Porter<\/strong> se casa con la poetisa bostoniana Anne Channing y se instala en Nueva York. Tuvieron cinco hijos: John, Laurence, Richard, Katherine y Elizabeth. Los Porter pasaron apuros econ\u00f3micos en Nueva York durante los a\u00f1os de guerra, pero llevaron una rica vida social, haci\u00e9ndose \u00edntimos amigos del escritor Edwin Denby y de los artistas Rudy Burckhardt y Willem y Elaine de Kooning. Porter fue uno de los primeros en comprar obras de <strong>Willem de Kooning<\/strong>. En 1940, escribi\u00f3 un art\u00edculo sobre el artista para la <a href=\"https:\/\/es.wikipedia.org\/wiki\/Partisan_Review\" data-type=\"link\" data-id=\"https:\/\/es.wikipedia.org\/wiki\/Partisan_Review\">Partisan Review<\/a>; aunque no lleg\u00f3 a publicarse, se cree que fue la primera cr\u00edtica de su obra jam\u00e1s escrita.<\/p>\n\n\n<div class=\"wp-block-image\">\n<figure class=\"aligncenter size-full\"><img loading=\"lazy\" decoding=\"async\" width=\"578\" height=\"460\" src=\"https:\/\/www.aparences.net\/wp-content\/uploads\/2024\/03\/fairfield-porter-hennessy-bar-1945.webp\" alt=\"Hennessy Bar, hacia 1945, Fairfield Porter\" class=\"wp-image-32219\" title=\"Hennessy Bar, hacia 1945, Fairfield Porter\"\/><figcaption class=\"wp-element-caption\"><em><strong>Hennessy Bar<\/strong>, hacia 1945, <strong>Fairfield Porter<\/strong>, Nueva York, Parrish Art Museum.<\/em><\/figcaption><\/figure>\n<\/div>\n\n\n<p>En 1949, los Porter se trasladaron a la ciudad costera de Southampton, en Long Island, Nueva York. Su nuevo hogar se convertir\u00eda en la fuente de inspiraci\u00f3n de <strong>muchos de los paisajes que<\/strong> <strong>Fairfield Porter<\/strong> pint\u00f3 durante los siguientes veinticinco a\u00f1os. Porter y su familia divid\u00edan su tiempo entre los inviernos en Southampton y los veranos en la isla de Great Spruce Head, en Maine (tambi\u00e9n tuvieron una casa en el centro de Manhattan durante varios a\u00f1os). Porter y su esposa experimentaron frecuentes dificultades personales, debido a la bisexualidad de Porter y a una aventura extramatrimonial que Anne tuvo a principios de la d\u00e9cada de 1940, pero su matrimonio perdur\u00f3. Mientras tanto, Porter se iba haciendo un hueco poco a poco en el mundo del arte neoyorquino. Como artista pol\u00edticamente comprometido, Porter se relacionaba con los intelectuales de la Escuela de Nueva York y los <a href=\"https:\/\/www.aparences.net\/es\/arte-contemporaneo\/expresionismo-abstracto\/expresionismo-abstracto\/\" data-type=\"link\" data-id=\"https:\/\/www.aparences.net\/es\/arte-contemporaneo\/expresionismo-abstracto\/expresionismo-abstracto\/\">artistas del Expresionismo Abstracto<\/a>, pero sus pinturas figurativas expresaban algo muy diferente.<\/p>\n\n\n<div class=\"wp-block-image\">\n<figure class=\"aligncenter size-full\"><img loading=\"lazy\" decoding=\"async\" width=\"679\" height=\"460\" src=\"https:\/\/www.aparences.net\/wp-content\/uploads\/2024\/03\/fairfield-porter-calverton-1954.webp\" alt=\"Calverton, 1954, Fairfield Porter\" class=\"wp-image-32221\" title=\"Calverton, 1954, Fairfield Porter\"\/><figcaption class=\"wp-element-caption\"><em><strong>Calverton<\/strong>, 1954, <strong>Fairfield Porter<\/strong>, Nueva York, Parrish Art Museum.<\/em><\/figcaption><\/figure>\n<\/div>\n\n<div class=\"wp-block-image\">\n<figure class=\"aligncenter size-full\"><img loading=\"lazy\" decoding=\"async\" width=\"573\" height=\"460\" src=\"https:\/\/www.aparences.net\/wp-content\/uploads\/2024\/03\/fairfield-porter-lizzie-at-the-table-1958.webp\" alt=\"Lizzie en la mesa, 1958, Fairfield Porter\" class=\"wp-image-32223\" title=\"Lizzie en la mesa, 1958, Fairfield Porter\"\/><figcaption class=\"wp-element-caption\"><em><strong>Lizzie en la mesa<\/strong>, 1958, <strong>Fairfield Porter<\/strong>, Nueva York, Metropolitan Museum.<\/em><\/figcaption><\/figure>\n<\/div>\n\n\n<p>Aunque <strong>Fairfield Porter<\/strong> siempre hab\u00eda mostrado un profundo inter\u00e9s por la abstracci\u00f3n, y artistas como <strong>Willem de Kooning<\/strong> y <a href=\"https:\/\/www.aparences.net\/es\/arte-contemporaneo\/neo-dada-es\/jasper-johns-el-cuadro-como-objeto\/\" data-type=\"link\" data-id=\"https:\/\/www.aparences.net\/es\/arte-contemporaneo\/neo-dada-es\/jasper-johns-el-cuadro-como-objeto\/\">Jasper Johns<\/a> eran verdaderos maestros modernos, quer\u00eda expresar una realidad diferente en sus propios cuadros, algo m\u00e1s cercano a lo que ve\u00eda con sus propios ojos, en lugar de limitarse a la experimentaci\u00f3n formal. Porter fue descubri\u00e9ndose poco a poco como artista, y ya ten\u00eda cuarenta a\u00f1os cuando expuso por primera vez en Nueva York en 1952, en la galer\u00eda Tibor de Nagy. A partir de entonces, el propietario de la galer\u00eda, John Bernard Myers, represent\u00f3 a Porter y le ofreci\u00f3 exposiciones anuales. Su obra tambi\u00e9n se incluy\u00f3 en seis exposiciones colectivas anuales en el <a href=\"https:\/\/whitney.org\/\" data-type=\"link\" data-id=\"https:\/\/whitney.org\/\">Whitney Museum of American Art<\/a> de 1959 a 1968.<\/p>\n\n\n<div class=\"wp-block-image\">\n<figure class=\"aligncenter size-full\"><img loading=\"lazy\" decoding=\"async\" width=\"686\" height=\"460\" src=\"https:\/\/www.aparences.net\/wp-content\/uploads\/2024\/03\/fairfield-porter-man-seated-near-lamp-1953.webp\" alt=\"Hombre sentado cerca de una l\u00e1mpara, 1953, Fairfield Porter\" class=\"wp-image-32225\" title=\"Hombre sentado cerca de una l\u00e1mpara, 1953, Fairfield Porter\"\/><figcaption class=\"wp-element-caption\"><em><strong>Sin t\u00edtulo<\/strong> (Hombre sentado cerca de una l\u00e1mpara), 1953, <strong>Fairfield Porter<\/strong>, Colecci\u00f3n privada.<\/em><\/figcaption><\/figure>\n<\/div>\n\n<div class=\"wp-block-image\">\n<figure class=\"aligncenter size-full\"><img loading=\"lazy\" decoding=\"async\" width=\"563\" height=\"460\" src=\"https:\/\/www.aparences.net\/wp-content\/uploads\/2024\/03\/fairfield-porter-wild-apples-1969.webp\" alt=\"Manzanas silvestres, 1969, Fairfield Porter\" class=\"wp-image-32227\" title=\"Manzanas silvestres, 1969, Fairfield Porter\"\/><figcaption class=\"wp-element-caption\"><em><strong>Manzanas silvestres<\/strong>, 1969, <strong>Fairfield Porter<\/strong>, Nueva York, Metropolitan Museum.<\/em><\/figcaption><\/figure>\n<\/div>\n\n\n<h2 class=\"wp-block-heading\">\u00daltimos a\u00f1os<\/h2>\n\n\n\n<p>A lo largo de su carrera, a pesar de su amistad con muchos miembros de la vanguardia estadounidense,<strong> Fairfield Porter<\/strong> se sinti\u00f3 m\u00e1s cercano a los realistas, naturalistas e impresionistas europeos, desde <strong>Rembrandt<\/strong> hasta <a href=\"https:\/\/www.aparences.net\/es\/periodos\/impresionismo\/edgar-degas\/\" data-type=\"link\" data-id=\"https:\/\/www.aparences.net\/es\/periodos\/impresionismo\/edgar-degas\/\">Edgar Degas<\/a> y <a href=\"https:\/\/www.aparences.net\/es\/periodos\/postimpresionismo\/vuillard-y-la-mirada-intimista\/\" data-type=\"link\" data-id=\"https:\/\/www.aparences.net\/es\/periodos\/postimpresionismo\/vuillard-y-la-mirada-intimista\/\">\u00c9douard Vuillard<\/a>, tanto en su arte como en su cr\u00edtica. Estos artistas, como el propio Porter, hac\u00edan hincapi\u00e9 en una fusi\u00f3n te\u00f3rica de la aplicaci\u00f3n de la pintura y la composici\u00f3n, y cre\u00edan que la figura humana deb\u00eda ser la principal preocupaci\u00f3n del arte. Porter se ha referido a menudo a los <strong>artistas abstractos de la Escuela de Nueva York<\/strong> como \u00ablos idealistas de la pintura neoyorquina\u00bb y a lo largo de su carrera ha expresado sentimientos encontrados sobre el Expresionismo Abstracto. \u00abA\u00edslan el arte de los detalles de la realidad\u00bb, escribe Porter.<\/p>\n\n\n<div class=\"wp-block-image\">\n<figure class=\"aligncenter size-full\"><img loading=\"lazy\" decoding=\"async\" width=\"563\" height=\"404\" src=\"https:\/\/www.aparences.net\/wp-content\/uploads\/2024\/03\/fairfiel-porter-girl-and-geranium-1964.webp\" alt=\"Girl and Geranium, 1963\/64, Fairfield Porter\" class=\"wp-image-32229\" title=\"Girl and Geranium, 1963\/64, Fairfield Porter\"\/><figcaption class=\"wp-element-caption\"><em><strong>Girl and Geranium<\/strong>, 1963\/64, <strong>Fairfield Porter<\/strong>, Colecci\u00f3n privada.<\/em><\/figcaption><\/figure>\n<\/div>\n\n<div class=\"wp-block-image\">\n<figure class=\"aligncenter size-full\"><img loading=\"lazy\" decoding=\"async\" width=\"563\" height=\"483\" src=\"https:\/\/www.aparences.net\/wp-content\/uploads\/2024\/03\/fairfield-porter-union-square-1975.webp\" alt=\"Union Square, 1975, Fairfield Porter\" class=\"wp-image-32231\" title=\"Union Square, 1975, Fairfield Porter\"\/><figcaption class=\"wp-element-caption\"><em><strong>Union Square<\/strong>, Looking up Park Avenue, 1975, <strong>Fairfield Porter<\/strong>, <\/em><br><em>Nueva York, Metropolitan Museum of Art.<\/em><\/figcaption><\/figure>\n<\/div>\n\n\n<!-- AdBoxLeft2023 --><ins class=\"adsbygoogle\" style=\"display:block\" data-ad-client=\"ca-pub-2468002815867636\" data-ad-slot=\"1318022963\" data-ad-format=\"auto\" data-full-width-responsive=\"true\"><\/ins><script> (adsbygoogle = window.adsbygoogle || []).push({});<\/script><h2 class=\"wp-block-heading\">Fairfield Porter : The Mirror<\/h2>\n\n\n\n<p>Porter pint\u00f3 varios autorretratos en su estudio. En <em><strong>The Mirror<\/strong><\/em> (El espejo), combina su autorretrato con un retrato de su hija Elizabeth, de diez a\u00f1os, en la casa familiar de Southampton en Long Island. La composici\u00f3n de El espejo es compleja: Elizabeth est\u00e1 de cara al espectador (y, por tanto, al artista), y el espejo act\u00faa como una imagen dentro de la imagen, reflejando tanto a Porter como la habitaci\u00f3n y el paisaje al otro lado de la ventana. En esta obra, Porter rinde homenaje a varios de sus h\u00e9roes art\u00edsticos. Uno de ellos es, por supuesto, <strong>\u00c9douard Vuillard<\/strong>, pero tambi\u00e9n hace referencia a <a href=\"https:\/\/www.aparences.net\/es\/periodos\/arte-moderno-anexos\/henri-matisse-pintor-del-color\/\" data-type=\"link\" data-id=\"https:\/\/www.aparences.net\/es\/periodos\/arte-moderno-anexos\/henri-matisse-pintor-del-color\/\">Henri Matisse<\/a>, que en el cuadro <em>Carmelina<\/em> (1903) utiliza un recurso similar, es decir, una joven que posa de frente y un espejo que refleja al artista, y tambi\u00e9n a <strong>Diego Vel\u00e1zquez<\/strong>, en cuya obra <em>Las Meninas<\/em> (1656) es el precursor de todos los autorretratos en el estudio con mujeres j\u00f3venes. <strong>Leonardo da Vinci<\/strong> est\u00e1 incluso presente, en un detalle de <em>la Gioconda<\/em> (1503-17) colgado en la pared del estudio. A pesar de estas alusiones a la historia del arte, la especificidad del estudio de Porter (con su estufa de le\u00f1a) y la arquitectura m\u00e1s all\u00e1 de la ventana, sit\u00faan el cuadro en la realidad de los a\u00f1os sesenta. Porter est\u00e1 a la vez dentro y fuera del cuadro, uniendo su realidad y sus reflexiones, el pasado y el presente, en una h\u00e1bil configuraci\u00f3n de im\u00e1genes dentro de la imagen, al tiempo que nos pone en su lugar para reflexionar tambi\u00e9n sobre lo que significa percibir y representar el mundo que nos rodea.<\/p>\n\n\n<div class=\"wp-block-image\">\n<figure class=\"aligncenter size-full\"><img loading=\"lazy\" decoding=\"async\" width=\"384\" height=\"460\" src=\"https:\/\/www.aparences.net\/wp-content\/uploads\/2024\/03\/fairfield-porter-the-mirror-1966.webp\" alt=\"The Mirror, 1966, Fairfield Porter\" class=\"wp-image-32233\" title=\"The Mirror, 1966, Fairfield Porter\"\/><figcaption class=\"wp-element-caption\"><em><strong>The Mirror<\/strong>, 1966, <strong>Fairfield Porter<\/strong>, Kansas City, Missouri, Nelson Atkins Museum of Art<\/em>.<\/figcaption><\/figure>\n<\/div>\n\n\n<h2 class=\"wp-block-heading\">Fairfield Porter : Under the Elms<\/h2>\n\n\n\n<p>El tema del cuadro <em><strong>Under the Elms<\/strong><\/em> (Bajo los olmos), pintado entre 1971 y 1972, es su hija Katie, representada en el patio de la casa familiar en Long Island, pero a Porter le interesa menos la personalidad de su modelo que la integraci\u00f3n visual de la figura y el fondo. Los estampados del chaleco de la joven se repiten en las amplias manchas de sol y sombra del c\u00e9sped y en las formas del follaje del \u00e1rbol. Este cuadro, ilustra el estilo pict\u00f3rico y la filosof\u00eda de Porter: como realista, represent\u00f3 lugares y personas de su entorno, pero dot\u00f3 a estos temas de una calidad expresiva que recuerda a la de los maestros parisinos de principios de siglo. <em><strong>Bajo los olmos<\/strong><\/em> muestra por qu\u00e9 algunos de los grandes artistas del expresionismo abstracto admiraban el arte de Porter: en obras como \u00e9sta, incorporaba h\u00e1bilmente motivos de superficie y efectos compositivos generales en la imaginer\u00eda representativa, sugiriendo al mismo tiempo una realidad m\u00e1s all\u00e1 del mundo observado. El paisaje casi podr\u00eda ser una escena fant\u00e1stica de la imaginaci\u00f3n de la ni\u00f1a, en el umbral de la adolescencia.<\/p>\n\n\n<div class=\"wp-block-image\">\n<figure class=\"aligncenter size-full\"><img loading=\"lazy\" decoding=\"async\" width=\"342\" height=\"460\" src=\"https:\/\/www.aparences.net\/wp-content\/uploads\/2024\/03\/fairfield-porter-under-the-elms-1972.webp\" alt=\"Under the Elms, 1971\/72, Fairfield Porter\" class=\"wp-image-32235\" title=\"Under the Elms, 1971\/72, Fairfield Porter\"\/><figcaption class=\"wp-element-caption\"><em><strong>Under the Elms<\/strong>, 1971\/72, <strong>Fairfield Porter<\/strong><\/em><br><em>Philadelphia, Pennsylvania Academy of the Fine Arts<\/em>.<\/figcaption><\/figure>\n<\/div>\n\n\n<p><strong>Fairfield Porter<\/strong> sigui\u00f3 pintando hasta el final de su vida; de hecho, la mayor\u00eda de sus paisajes m\u00e1s famosos los pint\u00f3 durante sus \u00faltimos cinco a\u00f1os. Porter muri\u00f3 el 15 de septiembre de 1975 a los 68 a\u00f1os. En 1983, el Museo de Bellas Artes de Boston organiz\u00f3 una retrospectiva completa de su obra. Gracias a una donaci\u00f3n de su esposa Anne, la mayor colecci\u00f3n de sus obras y documentos se encuentra ahora en el Parrish Art Museum, no lejos de la casa de Porter en Southampton, en el estado de Nueva York.<\/p>\n\n\n\n<h2 class=\"wp-block-heading\">La influencia de Fairfield Porter<\/h2>\n\n\n\n<p>Porter ejerci\u00f3 una influencia duradera en muchos j\u00f3venes artistas estadounidenses que <strong>exploraron la pintura figurativa <\/strong>en la d\u00e9cada de 1970 y posteriores, como Alex Katz, Jane Freilicher, Grace Hartigan, Larry Rivers y Neil Welliver. Tambi\u00e9n fue amigo de muchos poetas de la Escuela de Nueva York, como Frank O&#8217;Hara y James Schuyler, que compart\u00edan su inter\u00e9s por crear arte a partir de experiencias de la vida cotidiana. <strong>En sus cr\u00edticas<\/strong> elogiaba y promocionaba a determinados artistas, dando a conocer su obra a un p\u00fablico m\u00e1s amplio. Entre esos artistas figuran <strong>Jane Freilicher<\/strong>, <a href=\"https:\/\/www.aparences.net\/es\/arte-contemporaneo\/pintores-americanos-de-los-anos-1980\/#larry-rivers\" data-type=\"link\" data-id=\"https:\/\/www.aparences.net\/es\/arte-contemporaneo\/pintores-americanos-de-los-anos-1980\/#larry-rivers\">Larry Rivers<\/a>, <a href=\"https:\/\/www.aparences.net\/es\/arte-contemporaneo\/neo-dada-es\/jasper-johns-el-cuadro-como-objeto\/\" data-type=\"link\" data-id=\"https:\/\/www.aparences.net\/es\/arte-contemporaneo\/neo-dada-es\/jasper-johns-el-cuadro-como-objeto\/\">Jasper Johns<\/a>, <strong>Joan Mitchell<\/strong>, <strong>Jack Tworkov<\/strong> y <strong>Richard Stankiewicz<\/strong>.<\/p>\n\n\n<p><!-- \/wp:post-content --><\/p>\n<p><!-- \/wp:paragraph --><\/p>\n<p><!-- wp:separator --><\/p>\n<hr class=\"wp-block-separator\" \/><!-- \/wp:separator --><\/p>\n<p><!-- wp:heading {\"level\":4} --><\/p>\n<h4>Bibliograf\u00eda<\/h4>\n<p><!-- \/wp:heading --><\/p>\n<p><!-- wp:paragraph --><\/p>\n<p>Spike, John T. <em>Fairfield Porter: An American Classic.<\/em> Harry N. Abrams, 1992<br \/>Collectif. <em>Fairfield Porter: Realist Painter in an Age of Abstraction.<\/em> Rizzoli, 2016<br \/>Wilmerding, John. <em>Fairfield Porter<\/em>. Rizzoli International Publications<br \/>Spring, Justin. <em>Fairfield Porter : Una vie dans l&#8217;art.<\/em> Yale University Press, 1999<br \/>Porter Fairfield. <em>Art in Its Own Terms. <\/em>Zoland Books, 1993<\/p>","protected":false},"excerpt":{"rendered":"<p>Fairfield Porter: un realista en la era de la abstracci\u00f3n Pintor, grabador y escritor, Fairfield Porter (1907-1975) fue uno de los principales representantes de la [&#8230;]<\/p>\n","protected":false},"author":2,"featured_media":32239,"comment_status":"closed","ping_status":"closed","sticky":false,"template":"","format":"standard","meta":{"footnotes":""},"categories":[3018],"tags":[],"class_list":["post-32236","post","type-post","status-publish","format-standard","has-post-thumbnail","hentry","category-arte-contemporaneo"],"yoast_head":"<!-- This site is optimized with the Yoast SEO plugin v27.2 - https:\/\/yoast.com\/product\/yoast-seo-wordpress\/ -->\n<title>Fairfield Porter<\/title>\n<meta name=\"description\" content=\"Pintor figurativo, la obra de Porter refleja tambi\u00e9n movimientos contempor\u00e1neos como la pintura gestual del expresionismo abstracto.\" \/>\n<meta name=\"robots\" content=\"index, follow, max-snippet:-1, max-image-preview:large, max-video-preview:-1\" \/>\n<link rel=\"canonical\" href=\"https:\/\/www.aparences.net\/es\/arte-contemporaneo\/fairfield-porter\/\" \/>\n<meta property=\"og:locale\" content=\"es_ES\" \/>\n<meta property=\"og:type\" content=\"article\" \/>\n<meta property=\"og:title\" content=\"Fairfield Porter\" \/>\n<meta property=\"og:description\" content=\"Pintor figurativo, la obra de Porter refleja tambi\u00e9n movimientos contempor\u00e1neos como la pintura gestual del expresionismo abstracto.\" \/>\n<meta property=\"og:url\" content=\"https:\/\/www.aparences.net\/es\/arte-contemporaneo\/fairfield-porter\/\" \/>\n<meta property=\"og:site_name\" content=\"Aparences\" \/>\n<meta property=\"article:published_time\" content=\"2024-03-22T09:46:01+00:00\" \/>\n<meta property=\"article:modified_time\" content=\"2025-12-11T18:40:55+00:00\" \/>\n<meta property=\"og:image\" content=\"https:\/\/www.aparences.net\/wp-content\/uploads\/2024\/03\/fairfield-porter-mini.webp\" \/>\n\t<meta property=\"og:image:width\" content=\"1080\" \/>\n\t<meta property=\"og:image:height\" content=\"540\" \/>\n\t<meta property=\"og:image:type\" content=\"image\/webp\" \/>\n<meta name=\"author\" content=\"admin\" \/>\n<meta name=\"twitter:card\" content=\"summary_large_image\" \/>\n<meta name=\"twitter:label1\" content=\"Escrito por\" \/>\n\t<meta name=\"twitter:data1\" content=\"admin\" \/>\n\t<meta name=\"twitter:label2\" content=\"Tiempo de lectura\" \/>\n\t<meta name=\"twitter:data2\" content=\"11 minutos\" \/>\n<script type=\"application\/ld+json\" class=\"yoast-schema-graph\">{\"@context\":\"https:\/\/schema.org\",\"@graph\":[{\"@type\":\"Article\",\"@id\":\"https:\/\/www.aparences.net\/es\/arte-contemporaneo\/fairfield-porter\/#article\",\"isPartOf\":{\"@id\":\"https:\/\/www.aparences.net\/es\/arte-contemporaneo\/fairfield-porter\/\"},\"author\":{\"name\":\"admin\",\"@id\":\"https:\/\/www.aparences.net\/es\/#\/schema\/person\/af349f6ffc31b16c68963e61268afca5\"},\"headline\":\"Fairfield Porter\",\"datePublished\":\"2024-03-22T09:46:01+00:00\",\"dateModified\":\"2025-12-11T18:40:55+00:00\",\"mainEntityOfPage\":{\"@id\":\"https:\/\/www.aparences.net\/es\/arte-contemporaneo\/fairfield-porter\/\"},\"wordCount\":1881,\"publisher\":{\"@id\":\"https:\/\/www.aparences.net\/es\/#organization\"},\"image\":{\"@id\":\"https:\/\/www.aparences.net\/es\/arte-contemporaneo\/fairfield-porter\/#primaryimage\"},\"thumbnailUrl\":\"https:\/\/www.aparences.net\/wp-content\/uploads\/2024\/03\/fairfield-porter-mini.webp\",\"articleSection\":[\"Arte contempor\u00e1neo\"],\"inLanguage\":\"es\"},{\"@type\":[\"WebPage\",\"ItemPage\"],\"@id\":\"https:\/\/www.aparences.net\/es\/arte-contemporaneo\/fairfield-porter\/\",\"url\":\"https:\/\/www.aparences.net\/es\/arte-contemporaneo\/fairfield-porter\/\",\"name\":\"Fairfield Porter\",\"isPartOf\":{\"@id\":\"https:\/\/www.aparences.net\/es\/#website\"},\"primaryImageOfPage\":{\"@id\":\"https:\/\/www.aparences.net\/es\/arte-contemporaneo\/fairfield-porter\/#primaryimage\"},\"image\":{\"@id\":\"https:\/\/www.aparences.net\/es\/arte-contemporaneo\/fairfield-porter\/#primaryimage\"},\"thumbnailUrl\":\"https:\/\/www.aparences.net\/wp-content\/uploads\/2024\/03\/fairfield-porter-mini.webp\",\"datePublished\":\"2024-03-22T09:46:01+00:00\",\"dateModified\":\"2025-12-11T18:40:55+00:00\",\"description\":\"Pintor figurativo, la obra de Porter refleja tambi\u00e9n movimientos contempor\u00e1neos como la pintura gestual del expresionismo abstracto.\",\"breadcrumb\":{\"@id\":\"https:\/\/www.aparences.net\/es\/arte-contemporaneo\/fairfield-porter\/#breadcrumb\"},\"inLanguage\":\"es\",\"potentialAction\":[{\"@type\":\"ReadAction\",\"target\":[\"https:\/\/www.aparences.net\/es\/arte-contemporaneo\/fairfield-porter\/\"]}]},{\"@type\":\"ImageObject\",\"inLanguage\":\"es\",\"@id\":\"https:\/\/www.aparences.net\/es\/arte-contemporaneo\/fairfield-porter\/#primaryimage\",\"url\":\"https:\/\/www.aparences.net\/wp-content\/uploads\/2024\/03\/fairfield-porter-mini.webp\",\"contentUrl\":\"https:\/\/www.aparences.net\/wp-content\/uploads\/2024\/03\/fairfield-porter-mini.webp\",\"width\":1080,\"height\":540},{\"@type\":\"BreadcrumbList\",\"@id\":\"https:\/\/www.aparences.net\/es\/arte-contemporaneo\/fairfield-porter\/#breadcrumb\",\"itemListElement\":[{\"@type\":\"ListItem\",\"position\":1,\"name\":\"Portada\",\"item\":\"https:\/\/www.aparences.net\/es\/\"},{\"@type\":\"ListItem\",\"position\":2,\"name\":\"Fairfield Porter\"}]},{\"@type\":\"WebSite\",\"@id\":\"https:\/\/www.aparences.net\/es\/#website\",\"url\":\"https:\/\/www.aparences.net\/es\/\",\"name\":\"Aparences: Historia del Arte y Actualidad Cultural\",\"description\":\"\",\"publisher\":{\"@id\":\"https:\/\/www.aparences.net\/es\/#organization\"},\"potentialAction\":[{\"@type\":\"SearchAction\",\"target\":{\"@type\":\"EntryPoint\",\"urlTemplate\":\"https:\/\/www.aparences.net\/es\/?s={search_term_string}\"},\"query-input\":{\"@type\":\"PropertyValueSpecification\",\"valueRequired\":true,\"valueName\":\"search_term_string\"}}],\"inLanguage\":\"es\"},{\"@type\":\"Organization\",\"@id\":\"https:\/\/www.aparences.net\/es\/#organization\",\"name\":\"Aparences: Historia del Arte y Actualidad Cultural\",\"url\":\"https:\/\/www.aparences.net\/es\/\",\"logo\":{\"@type\":\"ImageObject\",\"inLanguage\":\"es\",\"@id\":\"https:\/\/www.aparences.net\/es\/#\/schema\/logo\/image\/\",\"url\":\"https:\/\/www.aparences.net\/wp-content\/uploads\/2023\/09\/logo-quadrat-color-e1695915315229.png\",\"contentUrl\":\"https:\/\/www.aparences.net\/wp-content\/uploads\/2023\/09\/logo-quadrat-color-e1695915315229.png\",\"width\":120,\"height\":120,\"caption\":\"Aparences: Historia del Arte y Actualidad Cultural\"},\"image\":{\"@id\":\"https:\/\/www.aparences.net\/es\/#\/schema\/logo\/image\/\"}},{\"@type\":\"Person\",\"@id\":\"https:\/\/www.aparences.net\/es\/#\/schema\/person\/af349f6ffc31b16c68963e61268afca5\",\"name\":\"admin\",\"url\":\"https:\/\/www.aparences.net\/es\/author\/admin\/\"}]}<\/script>\n<!-- \/ Yoast SEO plugin. -->","yoast_head_json":{"title":"Fairfield Porter","description":"Pintor figurativo, la obra de Porter refleja tambi\u00e9n movimientos contempor\u00e1neos como la pintura gestual del expresionismo abstracto.","robots":{"index":"index","follow":"follow","max-snippet":"max-snippet:-1","max-image-preview":"max-image-preview:large","max-video-preview":"max-video-preview:-1"},"canonical":"https:\/\/www.aparences.net\/es\/arte-contemporaneo\/fairfield-porter\/","og_locale":"es_ES","og_type":"article","og_title":"Fairfield Porter","og_description":"Pintor figurativo, la obra de Porter refleja tambi\u00e9n movimientos contempor\u00e1neos como la pintura gestual del expresionismo abstracto.","og_url":"https:\/\/www.aparences.net\/es\/arte-contemporaneo\/fairfield-porter\/","og_site_name":"Aparences","article_published_time":"2024-03-22T09:46:01+00:00","article_modified_time":"2025-12-11T18:40:55+00:00","og_image":[{"width":1080,"height":540,"url":"https:\/\/www.aparences.net\/wp-content\/uploads\/2024\/03\/fairfield-porter-mini.webp","type":"image\/webp"}],"author":"admin","twitter_card":"summary_large_image","twitter_misc":{"Escrito por":"admin","Tiempo de lectura":"11 minutos"},"schema":{"@context":"https:\/\/schema.org","@graph":[{"@type":"Article","@id":"https:\/\/www.aparences.net\/es\/arte-contemporaneo\/fairfield-porter\/#article","isPartOf":{"@id":"https:\/\/www.aparences.net\/es\/arte-contemporaneo\/fairfield-porter\/"},"author":{"name":"admin","@id":"https:\/\/www.aparences.net\/es\/#\/schema\/person\/af349f6ffc31b16c68963e61268afca5"},"headline":"Fairfield Porter","datePublished":"2024-03-22T09:46:01+00:00","dateModified":"2025-12-11T18:40:55+00:00","mainEntityOfPage":{"@id":"https:\/\/www.aparences.net\/es\/arte-contemporaneo\/fairfield-porter\/"},"wordCount":1881,"publisher":{"@id":"https:\/\/www.aparences.net\/es\/#organization"},"image":{"@id":"https:\/\/www.aparences.net\/es\/arte-contemporaneo\/fairfield-porter\/#primaryimage"},"thumbnailUrl":"https:\/\/www.aparences.net\/wp-content\/uploads\/2024\/03\/fairfield-porter-mini.webp","articleSection":["Arte contempor\u00e1neo"],"inLanguage":"es"},{"@type":["WebPage","ItemPage"],"@id":"https:\/\/www.aparences.net\/es\/arte-contemporaneo\/fairfield-porter\/","url":"https:\/\/www.aparences.net\/es\/arte-contemporaneo\/fairfield-porter\/","name":"Fairfield Porter","isPartOf":{"@id":"https:\/\/www.aparences.net\/es\/#website"},"primaryImageOfPage":{"@id":"https:\/\/www.aparences.net\/es\/arte-contemporaneo\/fairfield-porter\/#primaryimage"},"image":{"@id":"https:\/\/www.aparences.net\/es\/arte-contemporaneo\/fairfield-porter\/#primaryimage"},"thumbnailUrl":"https:\/\/www.aparences.net\/wp-content\/uploads\/2024\/03\/fairfield-porter-mini.webp","datePublished":"2024-03-22T09:46:01+00:00","dateModified":"2025-12-11T18:40:55+00:00","description":"Pintor figurativo, la obra de Porter refleja tambi\u00e9n movimientos contempor\u00e1neos como la pintura gestual del expresionismo abstracto.","breadcrumb":{"@id":"https:\/\/www.aparences.net\/es\/arte-contemporaneo\/fairfield-porter\/#breadcrumb"},"inLanguage":"es","potentialAction":[{"@type":"ReadAction","target":["https:\/\/www.aparences.net\/es\/arte-contemporaneo\/fairfield-porter\/"]}]},{"@type":"ImageObject","inLanguage":"es","@id":"https:\/\/www.aparences.net\/es\/arte-contemporaneo\/fairfield-porter\/#primaryimage","url":"https:\/\/www.aparences.net\/wp-content\/uploads\/2024\/03\/fairfield-porter-mini.webp","contentUrl":"https:\/\/www.aparences.net\/wp-content\/uploads\/2024\/03\/fairfield-porter-mini.webp","width":1080,"height":540},{"@type":"BreadcrumbList","@id":"https:\/\/www.aparences.net\/es\/arte-contemporaneo\/fairfield-porter\/#breadcrumb","itemListElement":[{"@type":"ListItem","position":1,"name":"Portada","item":"https:\/\/www.aparences.net\/es\/"},{"@type":"ListItem","position":2,"name":"Fairfield Porter"}]},{"@type":"WebSite","@id":"https:\/\/www.aparences.net\/es\/#website","url":"https:\/\/www.aparences.net\/es\/","name":"Aparences: Historia del Arte y Actualidad Cultural","description":"","publisher":{"@id":"https:\/\/www.aparences.net\/es\/#organization"},"potentialAction":[{"@type":"SearchAction","target":{"@type":"EntryPoint","urlTemplate":"https:\/\/www.aparences.net\/es\/?s={search_term_string}"},"query-input":{"@type":"PropertyValueSpecification","valueRequired":true,"valueName":"search_term_string"}}],"inLanguage":"es"},{"@type":"Organization","@id":"https:\/\/www.aparences.net\/es\/#organization","name":"Aparences: Historia del Arte y Actualidad Cultural","url":"https:\/\/www.aparences.net\/es\/","logo":{"@type":"ImageObject","inLanguage":"es","@id":"https:\/\/www.aparences.net\/es\/#\/schema\/logo\/image\/","url":"https:\/\/www.aparences.net\/wp-content\/uploads\/2023\/09\/logo-quadrat-color-e1695915315229.png","contentUrl":"https:\/\/www.aparences.net\/wp-content\/uploads\/2023\/09\/logo-quadrat-color-e1695915315229.png","width":120,"height":120,"caption":"Aparences: Historia del Arte y Actualidad Cultural"},"image":{"@id":"https:\/\/www.aparences.net\/es\/#\/schema\/logo\/image\/"}},{"@type":"Person","@id":"https:\/\/www.aparences.net\/es\/#\/schema\/person\/af349f6ffc31b16c68963e61268afca5","name":"admin","url":"https:\/\/www.aparences.net\/es\/author\/admin\/"}]}},"_links":{"self":[{"href":"https:\/\/www.aparences.net\/es\/wp-json\/wp\/v2\/posts\/32236","targetHints":{"allow":["GET"]}}],"collection":[{"href":"https:\/\/www.aparences.net\/es\/wp-json\/wp\/v2\/posts"}],"about":[{"href":"https:\/\/www.aparences.net\/es\/wp-json\/wp\/v2\/types\/post"}],"author":[{"embeddable":true,"href":"https:\/\/www.aparences.net\/es\/wp-json\/wp\/v2\/users\/2"}],"replies":[{"embeddable":true,"href":"https:\/\/www.aparences.net\/es\/wp-json\/wp\/v2\/comments?post=32236"}],"version-history":[{"count":0,"href":"https:\/\/www.aparences.net\/es\/wp-json\/wp\/v2\/posts\/32236\/revisions"}],"wp:featuredmedia":[{"embeddable":true,"href":"https:\/\/www.aparences.net\/es\/wp-json\/wp\/v2\/media\/32239"}],"wp:attachment":[{"href":"https:\/\/www.aparences.net\/es\/wp-json\/wp\/v2\/media?parent=32236"}],"wp:term":[{"taxonomy":"category","embeddable":true,"href":"https:\/\/www.aparences.net\/es\/wp-json\/wp\/v2\/categories?post=32236"},{"taxonomy":"post_tag","embeddable":true,"href":"https:\/\/www.aparences.net\/es\/wp-json\/wp\/v2\/tags?post=32236"}],"curies":[{"name":"wp","href":"https:\/\/api.w.org\/{rel}","templated":true}]}}