{"id":32329,"date":"2024-05-12T11:45:34","date_gmt":"2024-05-12T09:45:34","guid":{"rendered":"https:\/\/www.aparences.net\/?p=32329"},"modified":"2024-05-12T11:45:35","modified_gmt":"2024-05-12T09:45:35","slug":"paris-1874-inventar-el-impresionismo","status":"publish","type":"post","link":"https:\/\/www.aparences.net\/es\/actualidad\/paris-1874-inventar-el-impresionismo\/","title":{"rendered":"Par\u00eds 1874. Inventar el impresionismo"},"content":{"rendered":"\n<p>La exposici\u00f3n del Museo de Orsay <em>Par\u00eds 1874. Inventar el impresionismo<\/em> hace balance de las circunstancias que llevaron a 31 artistas -s\u00f3lo siete de los cuales son hoy universalmente conocidos- a reunirse para exponer sus obras. El clima de la \u00e9poca era de posguerra, tras dos conflictos: la guerra franco-prusiana de 1870 y luego una violenta guerra civil. En este contexto de crisis, los artistas se replantean su arte y exploran nuevos caminos. Un peque\u00f1o \u00abgrupo de rebeldes\u00bb pintaba escenas de la vida moderna o <a href=\"https:\/\/www.aparences.net\/es\/tematicos\/impresionistas-paisajistas\/\" data-type=\"link\" data-id=\"https:\/\/www.aparences.net\/es\/tematicos\/impresionistas-paisajistas\/\">paisajes<\/a> en tonos claros y pinceladas vivas, esbozados al aire libre. Como se\u00f1al\u00f3 un observador, <strong>\u00ablo que parecen buscar por encima de todo es la impresi\u00f3n\u00bb<\/strong>.<\/p>\n\n\n<div class=\"wp-block-image\">\n<figure class=\"aligncenter size-full\"><img loading=\"lazy\" decoding=\"async\" width=\"631\" height=\"460\" src=\"https:\/\/www.aparences.net\/wp-content\/uploads\/2024\/05\/claude-monet-la-gare-saint-lazare-1877.webp\" alt=\"\" class=\"wp-image-32322\"\/><figcaption class=\"wp-element-caption\"><em><strong>La Gare Saint-Lazare<\/strong>, 1877, <strong>Claude Monet<\/strong>, Paris, Museo de Orsay.<\/em><\/figcaption><\/figure>\n<\/div>\n\n<div class=\"wp-block-image\">\n<figure class=\"aligncenter size-full is-resized\"><img loading=\"lazy\" decoding=\"async\" width=\"501\" height=\"460\" src=\"https:\/\/www.aparences.net\/wp-content\/uploads\/2024\/05\/berthe-morisot-julie-manet-et-sa-levrette-laerte-1893.webp\" alt=\"\" class=\"wp-image-32324\" style=\"width:501px;height:auto\"\/><figcaption class=\"wp-element-caption\"><em><strong>Julie Manet <\/strong>et sa levrette La\u00ebrte, 1893, <strong>Berthe Morisot<\/strong>, <br>Paris, Museo Marmottan Monet.<\/em><\/figcaption><\/figure>\n<\/div>\n\n<div class=\"wp-block-image\">\n<figure class=\"aligncenter size-full\"><img loading=\"lazy\" decoding=\"async\" width=\"631\" height=\"499\" src=\"https:\/\/www.aparences.net\/wp-content\/uploads\/2024\/05\/claude-monet-baigneurs-a-la-grenouillere-1869.webp\" alt=\"\" class=\"wp-image-32326\"\/><figcaption class=\"wp-element-caption\"><em><strong>Baigneurs \u00e0 la Grenouill\u00e8re<\/strong>, 1869, <strong>Claude Monet<\/strong>, Paris, mus\u00e9e d\u2019Orsay.<\/em><\/figcaption><\/figure>\n<\/div>\n\n\n<p>La muestra <em>Par\u00eds 1874. Inventar el impresionismo<\/em>, es una selecci\u00f3n de <strong>obras expuestas en la exposici\u00f3n impresionista que tuvo lugar en 1874<\/strong> junto con otras pinturas y esculturas que se expusieron en el Sal\u00f3n oficial. Esta comparaci\u00f3n in\u00e9dita restituye el impacto visual del grupo de <a href=\"https:\/\/www.aparences.net\/es\/periodos\/impresionismo\/\" data-type=\"link\" data-id=\"https:\/\/www.aparences.net\/es\/periodos\/impresionismo\/\">artistas impresionistas<\/a>, pero tambi\u00e9n lo matiza, a trav\u00e9s de paralelismos inesperados, entre la primera exposici\u00f3n impresionista y el Sal\u00f3n. <\/p>\n\n\n<div class=\"wp-block-image\">\n<figure class=\"aligncenter size-full\"><img loading=\"lazy\" decoding=\"async\" width=\"417\" height=\"460\" src=\"https:\/\/www.aparences.net\/wp-content\/uploads\/2024\/05\/camille-cabaillot-lassalle-le-salon-de-1874.webp\" alt=\"\" class=\"wp-image-32318\"\/><figcaption class=\"wp-element-caption\"><em><strong>El Sal\u00f3n de 1874<\/strong>, 1874, <strong>Camille Cabaillot-Lassalle<\/strong>, <br>Colecci\u00f3n privada.<\/em><\/figcaption><\/figure>\n<\/div>\n\n\n<p>La exposici\u00f3n del Museo de Orsay muestra las contradicciones pero al mismo tiempo la infinita riqueza de la creaci\u00f3n contempor\u00e1nea en la primavera de 1874, a la vez que subraya la modernidad radical del arte de estos j\u00f3venes artistas. Buena suerte!, les animaba un cr\u00edtico, \u00abde las innovaciones siempre sale algo nuevo\u00bb.<\/p>\n","protected":false},"excerpt":{"rendered":"<p>La exposici\u00f3n del Museo de Orsay Par\u00eds 1874. Inventar el impresionismo hace balance de las circunstancias que llevaron a 31 artistas -s\u00f3lo siete de los [&#8230;]<\/p>\n","protected":false},"author":2,"featured_media":32328,"comment_status":"closed","ping_status":"closed","sticky":false,"template":"","format":"standard","meta":{"footnotes":""},"categories":[2368,2605],"tags":[],"class_list":["post-32329","post","type-post","status-publish","format-standard","has-post-thumbnail","hentry","category-actualidad","category-exposiciones"],"yoast_head":"<!-- This site is optimized with the Yoast SEO plugin v27.2 - https:\/\/yoast.com\/product\/yoast-seo-wordpress\/ -->\n<title>Par\u00eds 1874. Inventar el impresionismo<\/title>\n<meta name=\"description\" content=\"La exposici\u00f3n del Museo de Orsay Par\u00eds 1874. Inventar el impresionismo hace balance de las circunstancias que llevaron a 31 artistas -s\u00f3lo siete de los\" \/>\n<meta name=\"robots\" content=\"index, follow, max-snippet:-1, max-image-preview:large, max-video-preview:-1\" \/>\n<link rel=\"canonical\" href=\"https:\/\/www.aparences.net\/es\/actualidad\/paris-1874-inventar-el-impresionismo\/\" \/>\n<meta property=\"og:locale\" content=\"es_ES\" \/>\n<meta property=\"og:type\" content=\"article\" \/>\n<meta property=\"og:title\" content=\"Par\u00eds 1874. Inventar el impresionismo\" \/>\n<meta property=\"og:description\" content=\"La exposici\u00f3n del Museo de Orsay Par\u00eds 1874. Inventar el impresionismo hace balance de las circunstancias que llevaron a 31 artistas -s\u00f3lo siete de los\" \/>\n<meta property=\"og:url\" content=\"https:\/\/www.aparences.net\/es\/actualidad\/paris-1874-inventar-el-impresionismo\/\" \/>\n<meta property=\"og:site_name\" content=\"Aparences\" \/>\n<meta property=\"article:published_time\" content=\"2024-05-12T09:45:34+00:00\" \/>\n<meta property=\"article:modified_time\" content=\"2024-05-12T09:45:35+00:00\" \/>\n<meta property=\"og:image\" content=\"https:\/\/www.aparences.net\/wp-content\/uploads\/2024\/05\/exposition-musee-orsay-impressionnistes-2024.webp\" \/>\n\t<meta property=\"og:image:width\" content=\"1080\" \/>\n\t<meta property=\"og:image:height\" content=\"540\" \/>\n\t<meta property=\"og:image:type\" content=\"image\/webp\" \/>\n<meta name=\"author\" content=\"admin\" \/>\n<meta name=\"twitter:card\" content=\"summary_large_image\" \/>\n<meta name=\"twitter:label1\" content=\"Escrito por\" \/>\n\t<meta name=\"twitter:data1\" content=\"admin\" \/>\n\t<meta name=\"twitter:label2\" content=\"Tiempo de lectura\" \/>\n\t<meta name=\"twitter:data2\" content=\"1 minuto\" \/>\n<script type=\"application\/ld+json\" class=\"yoast-schema-graph\">{\"@context\":\"https:\/\/schema.org\",\"@graph\":[{\"@type\":\"Article\",\"@id\":\"https:\/\/www.aparences.net\/es\/actualidad\/paris-1874-inventar-el-impresionismo\/#article\",\"isPartOf\":{\"@id\":\"https:\/\/www.aparences.net\/es\/actualidad\/paris-1874-inventar-el-impresionismo\/\"},\"author\":{\"name\":\"admin\",\"@id\":\"https:\/\/www.aparences.net\/es\/#\/schema\/person\/af349f6ffc31b16c68963e61268afca5\"},\"headline\":\"Par\u00eds 1874. Inventar el impresionismo\",\"datePublished\":\"2024-05-12T09:45:34+00:00\",\"dateModified\":\"2024-05-12T09:45:35+00:00\",\"mainEntityOfPage\":{\"@id\":\"https:\/\/www.aparences.net\/es\/actualidad\/paris-1874-inventar-el-impresionismo\/\"},\"wordCount\":289,\"publisher\":{\"@id\":\"https:\/\/www.aparences.net\/es\/#organization\"},\"image\":{\"@id\":\"https:\/\/www.aparences.net\/es\/actualidad\/paris-1874-inventar-el-impresionismo\/#primaryimage\"},\"thumbnailUrl\":\"https:\/\/www.aparences.net\/wp-content\/uploads\/2024\/05\/exposition-musee-orsay-impressionnistes-2024.webp\",\"articleSection\":[\"Actualidad\",\"Exposiciones\"],\"inLanguage\":\"es\"},{\"@type\":[\"WebPage\",\"ItemPage\"],\"@id\":\"https:\/\/www.aparences.net\/es\/actualidad\/paris-1874-inventar-el-impresionismo\/\",\"url\":\"https:\/\/www.aparences.net\/es\/actualidad\/paris-1874-inventar-el-impresionismo\/\",\"name\":\"Par\u00eds 1874. Inventar el impresionismo\",\"isPartOf\":{\"@id\":\"https:\/\/www.aparences.net\/es\/#website\"},\"primaryImageOfPage\":{\"@id\":\"https:\/\/www.aparences.net\/es\/actualidad\/paris-1874-inventar-el-impresionismo\/#primaryimage\"},\"image\":{\"@id\":\"https:\/\/www.aparences.net\/es\/actualidad\/paris-1874-inventar-el-impresionismo\/#primaryimage\"},\"thumbnailUrl\":\"https:\/\/www.aparences.net\/wp-content\/uploads\/2024\/05\/exposition-musee-orsay-impressionnistes-2024.webp\",\"datePublished\":\"2024-05-12T09:45:34+00:00\",\"dateModified\":\"2024-05-12T09:45:35+00:00\",\"description\":\"La exposici\u00f3n del Museo de Orsay Par\u00eds 1874. Inventar el impresionismo hace balance de las circunstancias que llevaron a 31 artistas -s\u00f3lo siete de los\",\"breadcrumb\":{\"@id\":\"https:\/\/www.aparences.net\/es\/actualidad\/paris-1874-inventar-el-impresionismo\/#breadcrumb\"},\"inLanguage\":\"es\",\"potentialAction\":[{\"@type\":\"ReadAction\",\"target\":[\"https:\/\/www.aparences.net\/es\/actualidad\/paris-1874-inventar-el-impresionismo\/\"]}]},{\"@type\":\"ImageObject\",\"inLanguage\":\"es\",\"@id\":\"https:\/\/www.aparences.net\/es\/actualidad\/paris-1874-inventar-el-impresionismo\/#primaryimage\",\"url\":\"https:\/\/www.aparences.net\/wp-content\/uploads\/2024\/05\/exposition-musee-orsay-impressionnistes-2024.webp\",\"contentUrl\":\"https:\/\/www.aparences.net\/wp-content\/uploads\/2024\/05\/exposition-musee-orsay-impressionnistes-2024.webp\",\"width\":1080,\"height\":540},{\"@type\":\"BreadcrumbList\",\"@id\":\"https:\/\/www.aparences.net\/es\/actualidad\/paris-1874-inventar-el-impresionismo\/#breadcrumb\",\"itemListElement\":[{\"@type\":\"ListItem\",\"position\":1,\"name\":\"Portada\",\"item\":\"https:\/\/www.aparences.net\/es\/\"},{\"@type\":\"ListItem\",\"position\":2,\"name\":\"Par\u00eds 1874. Inventar el impresionismo\"}]},{\"@type\":\"WebSite\",\"@id\":\"https:\/\/www.aparences.net\/es\/#website\",\"url\":\"https:\/\/www.aparences.net\/es\/\",\"name\":\"Aparences: Historia del Arte y Actualidad Cultural\",\"description\":\"\",\"publisher\":{\"@id\":\"https:\/\/www.aparences.net\/es\/#organization\"},\"potentialAction\":[{\"@type\":\"SearchAction\",\"target\":{\"@type\":\"EntryPoint\",\"urlTemplate\":\"https:\/\/www.aparences.net\/es\/?s={search_term_string}\"},\"query-input\":{\"@type\":\"PropertyValueSpecification\",\"valueRequired\":true,\"valueName\":\"search_term_string\"}}],\"inLanguage\":\"es\"},{\"@type\":\"Organization\",\"@id\":\"https:\/\/www.aparences.net\/es\/#organization\",\"name\":\"Aparences: Historia del Arte y Actualidad Cultural\",\"url\":\"https:\/\/www.aparences.net\/es\/\",\"logo\":{\"@type\":\"ImageObject\",\"inLanguage\":\"es\",\"@id\":\"https:\/\/www.aparences.net\/es\/#\/schema\/logo\/image\/\",\"url\":\"https:\/\/www.aparences.net\/wp-content\/uploads\/2023\/09\/logo-quadrat-color-e1695915315229.png\",\"contentUrl\":\"https:\/\/www.aparences.net\/wp-content\/uploads\/2023\/09\/logo-quadrat-color-e1695915315229.png\",\"width\":120,\"height\":120,\"caption\":\"Aparences: Historia del Arte y Actualidad Cultural\"},\"image\":{\"@id\":\"https:\/\/www.aparences.net\/es\/#\/schema\/logo\/image\/\"}},{\"@type\":\"Person\",\"@id\":\"https:\/\/www.aparences.net\/es\/#\/schema\/person\/af349f6ffc31b16c68963e61268afca5\",\"name\":\"admin\",\"url\":\"https:\/\/www.aparences.net\/es\/author\/admin\/\"}]}<\/script>\n<!-- \/ Yoast SEO plugin. -->","yoast_head_json":{"title":"Par\u00eds 1874. Inventar el impresionismo","description":"La exposici\u00f3n del Museo de Orsay Par\u00eds 1874. Inventar el impresionismo hace balance de las circunstancias que llevaron a 31 artistas -s\u00f3lo siete de los","robots":{"index":"index","follow":"follow","max-snippet":"max-snippet:-1","max-image-preview":"max-image-preview:large","max-video-preview":"max-video-preview:-1"},"canonical":"https:\/\/www.aparences.net\/es\/actualidad\/paris-1874-inventar-el-impresionismo\/","og_locale":"es_ES","og_type":"article","og_title":"Par\u00eds 1874. Inventar el impresionismo","og_description":"La exposici\u00f3n del Museo de Orsay Par\u00eds 1874. Inventar el impresionismo hace balance de las circunstancias que llevaron a 31 artistas -s\u00f3lo siete de los","og_url":"https:\/\/www.aparences.net\/es\/actualidad\/paris-1874-inventar-el-impresionismo\/","og_site_name":"Aparences","article_published_time":"2024-05-12T09:45:34+00:00","article_modified_time":"2024-05-12T09:45:35+00:00","og_image":[{"width":1080,"height":540,"url":"https:\/\/www.aparences.net\/wp-content\/uploads\/2024\/05\/exposition-musee-orsay-impressionnistes-2024.webp","type":"image\/webp"}],"author":"admin","twitter_card":"summary_large_image","twitter_misc":{"Escrito por":"admin","Tiempo de lectura":"1 minuto"},"schema":{"@context":"https:\/\/schema.org","@graph":[{"@type":"Article","@id":"https:\/\/www.aparences.net\/es\/actualidad\/paris-1874-inventar-el-impresionismo\/#article","isPartOf":{"@id":"https:\/\/www.aparences.net\/es\/actualidad\/paris-1874-inventar-el-impresionismo\/"},"author":{"name":"admin","@id":"https:\/\/www.aparences.net\/es\/#\/schema\/person\/af349f6ffc31b16c68963e61268afca5"},"headline":"Par\u00eds 1874. Inventar el impresionismo","datePublished":"2024-05-12T09:45:34+00:00","dateModified":"2024-05-12T09:45:35+00:00","mainEntityOfPage":{"@id":"https:\/\/www.aparences.net\/es\/actualidad\/paris-1874-inventar-el-impresionismo\/"},"wordCount":289,"publisher":{"@id":"https:\/\/www.aparences.net\/es\/#organization"},"image":{"@id":"https:\/\/www.aparences.net\/es\/actualidad\/paris-1874-inventar-el-impresionismo\/#primaryimage"},"thumbnailUrl":"https:\/\/www.aparences.net\/wp-content\/uploads\/2024\/05\/exposition-musee-orsay-impressionnistes-2024.webp","articleSection":["Actualidad","Exposiciones"],"inLanguage":"es"},{"@type":["WebPage","ItemPage"],"@id":"https:\/\/www.aparences.net\/es\/actualidad\/paris-1874-inventar-el-impresionismo\/","url":"https:\/\/www.aparences.net\/es\/actualidad\/paris-1874-inventar-el-impresionismo\/","name":"Par\u00eds 1874. Inventar el impresionismo","isPartOf":{"@id":"https:\/\/www.aparences.net\/es\/#website"},"primaryImageOfPage":{"@id":"https:\/\/www.aparences.net\/es\/actualidad\/paris-1874-inventar-el-impresionismo\/#primaryimage"},"image":{"@id":"https:\/\/www.aparences.net\/es\/actualidad\/paris-1874-inventar-el-impresionismo\/#primaryimage"},"thumbnailUrl":"https:\/\/www.aparences.net\/wp-content\/uploads\/2024\/05\/exposition-musee-orsay-impressionnistes-2024.webp","datePublished":"2024-05-12T09:45:34+00:00","dateModified":"2024-05-12T09:45:35+00:00","description":"La exposici\u00f3n del Museo de Orsay Par\u00eds 1874. Inventar el impresionismo hace balance de las circunstancias que llevaron a 31 artistas -s\u00f3lo siete de los","breadcrumb":{"@id":"https:\/\/www.aparences.net\/es\/actualidad\/paris-1874-inventar-el-impresionismo\/#breadcrumb"},"inLanguage":"es","potentialAction":[{"@type":"ReadAction","target":["https:\/\/www.aparences.net\/es\/actualidad\/paris-1874-inventar-el-impresionismo\/"]}]},{"@type":"ImageObject","inLanguage":"es","@id":"https:\/\/www.aparences.net\/es\/actualidad\/paris-1874-inventar-el-impresionismo\/#primaryimage","url":"https:\/\/www.aparences.net\/wp-content\/uploads\/2024\/05\/exposition-musee-orsay-impressionnistes-2024.webp","contentUrl":"https:\/\/www.aparences.net\/wp-content\/uploads\/2024\/05\/exposition-musee-orsay-impressionnistes-2024.webp","width":1080,"height":540},{"@type":"BreadcrumbList","@id":"https:\/\/www.aparences.net\/es\/actualidad\/paris-1874-inventar-el-impresionismo\/#breadcrumb","itemListElement":[{"@type":"ListItem","position":1,"name":"Portada","item":"https:\/\/www.aparences.net\/es\/"},{"@type":"ListItem","position":2,"name":"Par\u00eds 1874. Inventar el impresionismo"}]},{"@type":"WebSite","@id":"https:\/\/www.aparences.net\/es\/#website","url":"https:\/\/www.aparences.net\/es\/","name":"Aparences: Historia del Arte y Actualidad Cultural","description":"","publisher":{"@id":"https:\/\/www.aparences.net\/es\/#organization"},"potentialAction":[{"@type":"SearchAction","target":{"@type":"EntryPoint","urlTemplate":"https:\/\/www.aparences.net\/es\/?s={search_term_string}"},"query-input":{"@type":"PropertyValueSpecification","valueRequired":true,"valueName":"search_term_string"}}],"inLanguage":"es"},{"@type":"Organization","@id":"https:\/\/www.aparences.net\/es\/#organization","name":"Aparences: Historia del Arte y Actualidad Cultural","url":"https:\/\/www.aparences.net\/es\/","logo":{"@type":"ImageObject","inLanguage":"es","@id":"https:\/\/www.aparences.net\/es\/#\/schema\/logo\/image\/","url":"https:\/\/www.aparences.net\/wp-content\/uploads\/2023\/09\/logo-quadrat-color-e1695915315229.png","contentUrl":"https:\/\/www.aparences.net\/wp-content\/uploads\/2023\/09\/logo-quadrat-color-e1695915315229.png","width":120,"height":120,"caption":"Aparences: Historia del Arte y Actualidad Cultural"},"image":{"@id":"https:\/\/www.aparences.net\/es\/#\/schema\/logo\/image\/"}},{"@type":"Person","@id":"https:\/\/www.aparences.net\/es\/#\/schema\/person\/af349f6ffc31b16c68963e61268afca5","name":"admin","url":"https:\/\/www.aparences.net\/es\/author\/admin\/"}]}},"_links":{"self":[{"href":"https:\/\/www.aparences.net\/es\/wp-json\/wp\/v2\/posts\/32329","targetHints":{"allow":["GET"]}}],"collection":[{"href":"https:\/\/www.aparences.net\/es\/wp-json\/wp\/v2\/posts"}],"about":[{"href":"https:\/\/www.aparences.net\/es\/wp-json\/wp\/v2\/types\/post"}],"author":[{"embeddable":true,"href":"https:\/\/www.aparences.net\/es\/wp-json\/wp\/v2\/users\/2"}],"replies":[{"embeddable":true,"href":"https:\/\/www.aparences.net\/es\/wp-json\/wp\/v2\/comments?post=32329"}],"version-history":[{"count":0,"href":"https:\/\/www.aparences.net\/es\/wp-json\/wp\/v2\/posts\/32329\/revisions"}],"wp:featuredmedia":[{"embeddable":true,"href":"https:\/\/www.aparences.net\/es\/wp-json\/wp\/v2\/media\/32328"}],"wp:attachment":[{"href":"https:\/\/www.aparences.net\/es\/wp-json\/wp\/v2\/media?parent=32329"}],"wp:term":[{"taxonomy":"category","embeddable":true,"href":"https:\/\/www.aparences.net\/es\/wp-json\/wp\/v2\/categories?post=32329"},{"taxonomy":"post_tag","embeddable":true,"href":"https:\/\/www.aparences.net\/es\/wp-json\/wp\/v2\/tags?post=32329"}],"curies":[{"name":"wp","href":"https:\/\/api.w.org\/{rel}","templated":true}]}}