{"id":32354,"date":"2024-06-27T08:46:50","date_gmt":"2024-06-27T06:46:50","guid":{"rendered":"https:\/\/www.aparences.net\/?p=32354"},"modified":"2025-12-11T19:40:55","modified_gmt":"2025-12-11T18:40:55","slug":"leland-bell-2","status":"publish","type":"post","link":"https:\/\/www.aparences.net\/es\/arte-contemporaneo\/leland-bell-2\/","title":{"rendered":"Leland Bell"},"content":{"rendered":"<p><!--contents--><\/p>\n\n\n<h2 class=\"wp-block-heading\">Leland Bell, pintor autodidacta<\/h2>\n\n\n\n<p><strong>Leland Bell<\/strong> (1922-1991) fue un <strong>pintor, m\u00fasico y profesor estadounidense<\/strong> de posguerra que desafi\u00f3 las categorizaciones, creando obras que eran a la vez cl\u00e1sicas, abstractas y figurativas. Se distingui\u00f3 de sus colegas por un estilo \u00fanico y r\u00edtmico que utilizaba contornos fuertes, atrevidas secciones de color y un atractivo dinamismo. Pintor autodidacta, Bell <strong>adopt\u00f3 la figura humana como tema principal<\/strong> cuando otros artistas se alejaban de la representaci\u00f3n figurativa. Su exuberante visi\u00f3n de la vida cotidiana no forma parte de ning\u00fan movimiento, lo que distingue a <strong>Leland Bell<\/strong> en el mundo del arte.<\/p>\n\n\n<div class=\"wp-block-image\">\n<figure class=\"aligncenter size-full\"><img loading=\"lazy\" decoding=\"async\" width=\"484\" height=\"460\" src=\"https:\/\/www.aparences.net\/wp-content\/uploads\/2024\/05\/leland-bell-the-butterfly-group-1986.webp\" alt=\"The Butterly Group, 1986, Leland Bell\" class=\"wp-image-32335\" title=\"The Butterly Group, 1986, Leland Bell\"\/><figcaption class=\"wp-element-caption\"><em><strong>The Butterly Group<\/strong>, 1986, <strong>Leland Bell<\/strong>, Colecci\u00f3n privada.<\/em><\/figcaption><\/figure>\n<\/div>\n\n\n<p>Antiguo bater\u00eda de jazz, <strong>Leland Bell<\/strong> se sinti\u00f3 atra\u00eddo por el movimiento r\u00edtmico de las obras de <a href=\"https:\/\/www.aparences.net\/es\/periodos\/arte-moderno\/el-surrealismo\/#balthus\" data-type=\"link\" data-id=\"https:\/\/www.aparences.net\/es\/periodos\/arte-moderno\/el-surrealismo\/#balthus\">Balthus<\/a>, <strong>Alberto Giacometti<\/strong> y el <a href=\"https:\/\/www.aparences.net\/es\/periodos\/arte-moderno\/arte-abstracto\/\" data-type=\"link\" data-id=\"https:\/\/www.aparences.net\/es\/periodos\/arte-moderno\/arte-abstracto\/\">arte abstracto de Piet Mondrian<\/a>, que influyeron enormemente en su propio estilo. El tema m\u00e1s frecuente de Bell era su vida personal y dom\u00e9stica. A diferencia de sus contempor\u00e1neos, que buscaban trascender o reimaginar el mundo cotidiano, Bell se deleitaba en \u00e9l. Bell reelaboraba su obra muchas veces, incluso despu\u00e9s de que hubiera sido expuesta o publicada, sintiendo pasi\u00f3n por la pintura como un proceso continuo m\u00e1s que como un medio para crear un producto final.<\/p>\n\n\n<div class=\"wp-block-image\">\n<figure class=\"aligncenter size-full\"><img loading=\"lazy\" decoding=\"async\" width=\"353\" height=\"460\" src=\"https:\/\/www.aparences.net\/wp-content\/uploads\/2024\/05\/leland-bell-self-portrait-1957.webp\" alt=\"Autorretrato, 1957, Leland Bell\" class=\"wp-image-32337\" title=\"Autorretrato, 1957, Leland Bell\"\/><figcaption class=\"wp-element-caption\"><em><strong>Autorretrato<\/strong>, 1957, <strong>Leland Bell<\/strong>, Colecci\u00f3n privada.<\/em><\/figcaption><\/figure>\n<\/div>\n\n\n<!-- AdBoxRight2020 --><ins class=\"adsbygoogle\"     style=\"display:block; margin-top:30px;\"     data-ad-client=\"ca-pub-2468002815867636\"     data-ad-slot=\"3496014735\"     data-ad-format=\"auto\"     data-full-width-responsive=\"false\"><\/ins><script> (adsbygoogle = window.adsbygoogle || []).push({});<\/script><h2 class=\"wp-block-heading\">Primeros a\u00f1os<\/h2>\n\n\n\n<p><strong>Leland Bell<\/strong> naci\u00f3 en 1922 en Cambridge, Maryland, y creci\u00f3 en Flatbush, Brooklyn. Desde muy peque\u00f1o se interes\u00f3 por el dibujo, a menudo copiando <a href=\"https:\/\/www.aparences.net\/es\/periodos\/regionalismo-americano\/norman-rockwell\/\" data-type=\"link\" data-id=\"https:\/\/www.aparences.net\/es\/periodos\/regionalismo-americano\/norman-rockwell\/\">ilustraciones de Norman Rockwell<\/a> e im\u00e1genes de libros de vaqueros. Tambi\u00e9n ganaba dinero dibujando caricaturas callejeras. La otra pasi\u00f3n de Bell, el jazz, le llev\u00f3 a frecuentar los clubes de jazz de Nueva York. En el instituto de Washington, adonde se hab\u00edan trasladado sus padres ruso-jud\u00edos, a veces se saltaba las clases para copiar las obras que ve\u00eda en la Phillips Collection y en la Biblioteca del Congreso. Le atra\u00edan especialmente las obras de <a href=\"https:\/\/www.aparences.net\/es\/tematicos\/los-artistas-de-la-bauhaus\/paul-klee-el-artista-erudito\/\" data-type=\"link\" data-id=\"https:\/\/www.aparences.net\/es\/tematicos\/los-artistas-de-la-bauhaus\/paul-klee-el-artista-erudito\/\">Paul Klee<\/a> y <strong>Thomas Eakins<\/strong>. Hacia el final del instituto, Bell conoci\u00f3 al pintor Karl Knaths, quien le sugiri\u00f3 que se trasladara a Provincetown, Massachusetts. Tras una breve estancia all\u00ed, <strong>Leland Bell se traslad\u00f3 a Nueva York<\/strong> en 1941. Durante un tiempo vivi\u00f3 al lado del pintor Robert De Niro, Sr., quien le ofreci\u00f3 un trabajo como conserje en el Museo de Pintura No Objetiva (m\u00e1s tarde <a href=\"https:\/\/www.guggenheim.org\/\" data-type=\"link\" data-id=\"https:\/\/www.guggenheim.org\/\">Museo Guggenheim<\/a>). Leland Bell trabaj\u00f3 all\u00ed brevemente, pero fue despedido por decirle a un visitante que pod\u00eda ver un cuadro mejor en otra exposici\u00f3n. Bell, un artista en gran parte autodidacta, en 1942 pas\u00f3 un breve periodo de tiempo estudiando en la escuela de <strong>Hans Hofmann<\/strong>, donde conoci\u00f3 a la pintora figurativa islandesa Louisa Matthiasdottir (de hecho, Bell ha declarado que asisti\u00f3 por primera vez a la escuela de Hofmann porque hab\u00eda o\u00eddo hablar de las hermosas mujeres islandesas matriculadas all\u00ed). Bell pas\u00f3 una breve temporada en el Pac\u00edfico con la Marina Mercante, pero en 1943 ya estaba de vuelta en Nueva York. En 1944 se cas\u00f3 con Matthiasdottir, a la que llam\u00f3 Ulla, y en 1945 naci\u00f3 su hija Temma. M\u00e1s tarde, Temma tambi\u00e9n se dedic\u00f3 a la pintura.<\/p>\n\n\n<div class=\"wp-block-image\">\n<figure class=\"aligncenter size-full\"><img loading=\"lazy\" decoding=\"async\" width=\"592\" height=\"460\" src=\"https:\/\/www.aparences.net\/wp-content\/uploads\/2024\/05\/leleand-bell-group-a-table-1938-1939.webp\" alt=\"Group a Table, 1938-1939, Leland Bell\" class=\"wp-image-32339\" title=\"Group a Table, 1938-1939, Leland Bell\"\/><figcaption class=\"wp-element-caption\"><em><strong>Group a Table<\/strong>, 1938-1939, <strong>Leland Bell<\/strong>, Colecci\u00f3n privada<\/em>.<\/figcaption><\/figure>\n<\/div>\n\n\n<h2 class=\"wp-block-heading\">Periodo de madurez<\/h2>\n\n\n\n<p>La mayor parte de la obra de <strong>Leland Bell<\/strong> de la d\u00e9cada de 1940 ha desaparecido. Los cuadros que se conservan, sobre todo los de principios de esa d\u00e9cada, son m\u00e1s abstractos que sus \u00faltimos trabajos, pero muestran la misma sensibilidad en\u00e9rgica. Bell no ve\u00eda en su obra fases distintas de abstracci\u00f3n y figuraci\u00f3n, sino m\u00e1s bien una fluidez en su estilo a lo largo de su carrera. Bell empez\u00f3 a adoptar un enfoque m\u00e1s figurativo justo cuando la abstracci\u00f3n se estaba popularizando entre sus colegas neoyorquinos. Entre 1950 y 1951, Bell y su familia viajaron a Par\u00eds, donde se sumergi\u00f3 en la obra de otros artistas como <strong>Jean H\u00e9lion<\/strong>, <a href=\"https:\/\/www.aparences.net\/es\/periodos\/arte-moderno\/el-surrealismo\/#balthus\" data-type=\"link\" data-id=\"https:\/\/www.aparences.net\/es\/periodos\/arte-moderno\/el-surrealismo\/#balthus\">Balthus<\/a> y <strong>Alberto Giacometti<\/strong>. De vuelta a Nueva York, Bell sigui\u00f3 pintando mientras desempe\u00f1aba numerosos trabajos secundarios, como marinero de cubierta en un remolcador, camarero, conserje y ayudante de biblioteca. Por fin, tras una exposici\u00f3n en 1955 en la Hansa Gallery de Nueva York, Bell realiz\u00f3 numerosas exposiciones individuales en diversas galer\u00edas de la ciudad. Tambi\u00e9n inici\u00f3 una larga relaci\u00f3n con el <strong>galerista Robert Schoelkopf<\/strong>, que le ofreci\u00f3 frecuentes exposiciones, a partir de 1964 y durante varias d\u00e9cadas. Gran parte de la obra de <strong>Leland Bell<\/strong> durante este periodo se centr\u00f3 en el retrato, sobre todo autorretratos y de su esposa Ulla. A pesar del apoyo constante de Schoelkopf, Bell vendi\u00f3 pocos cuadros y permaneci\u00f3 un tanto ignorado por la cr\u00edtica, probablemente en parte porque su obra no encajaba en ninguna categor\u00eda. Al contrario, su estilo sigui\u00f3 siendo independiente y distinto del <a href=\"https:\/\/www.aparences.net\/es\/arte-contemporaneo\/expresionismo-abstracto\/expresionismo-abstracto\/\" data-type=\"post\" data-id=\"32212\">expresionismo abstracto<\/a> y el <a href=\"https:\/\/www.aparences.net\/es\/arte-contemporaneo\/movimientos\/el-minimalismo\/\" data-type=\"post\" data-id=\"13701\">arte minimalista<\/a>.<\/p>\n\n\n<div class=\"wp-block-image\">\n<figure class=\"aligncenter size-full is-resized\"><img loading=\"lazy\" decoding=\"async\" width=\"631\" height=\"460\" src=\"https:\/\/www.aparences.net\/wp-content\/uploads\/2024\/05\/leland-bell-maison-tellier-1960.webp\" alt=\"Maison Tellier, 1960, Leland Bell\" class=\"wp-image-32341\" style=\"width:631px;height:auto\" title=\"Maison Tellier, 1960, Leland Bell\"\/><figcaption class=\"wp-element-caption\"><em><strong>Maison Tellier<\/strong>, 1960, <strong>Leland Bell<\/strong>, Colecci\u00f3n privada.<\/em><\/figcaption><\/figure>\n<\/div>\n\n\n<p>Basado en fotograf\u00edas de un fin de semana pasado con la familia y los amigos, <em><strong>Juego de croquet<\/strong><\/em> es uno de los pocos cuadros que <strong>Leland Bell<\/strong> no ha alterado desde su creaci\u00f3n. Es representativo del motivo recurrente, a lo largo de toda su carrera, de las escenas familiares y dom\u00e9sticas. En el extremo izquierdo, Bell rodea con el brazo a su esposa Ulla, que aparece en muchas obras de Bell, mostrando un tierno v\u00ednculo entre ambos. La profunda influencia de <strong>Jean H\u00e9lion<\/strong> y <a href=\"https:\/\/www.aparences.net\/es\/periodos\/arte-moderno-anexos\/fernand-leger-una-vida-un-pintor\/\" data-type=\"post\" data-id=\"23991\">Fernand L\u00e9ger<\/a> en la obra de Bell es evidente incluso en estas primeras obras, sobre todo en los contornos oscuros de Bell, que se har\u00edan m\u00e1s n\u00edtidos y precisos en sus cuadros posteriores.<\/p>\n\n\n<div class=\"wp-block-image\">\n<figure class=\"aligncenter size-full\"><img loading=\"lazy\" decoding=\"async\" width=\"624\" height=\"430\" src=\"https:\/\/www.aparences.net\/wp-content\/uploads\/2024\/05\/leland-bell-partie-de-croket-1965.webp\" alt=\"Juego de croquet, 1965, Leland Bell\" class=\"wp-image-32343\" title=\"Juego de croquet, 1965, Leland Bell\"\/><figcaption class=\"wp-element-caption\"><em><strong>Juego de croquet<\/strong>, 1965, <strong>Leland Bell<\/strong>, Center for Figurative Painting, Nueva York.<\/em><\/figcaption><\/figure>\n<\/div>\n\n\n<p>Dada la importancia que conced\u00eda a la vida dom\u00e9stica, no es de extra\u00f1ar que <strong>las naturalezas muertas<\/strong> fueran un tema frecuente para Bell. En estos cuadros inclu\u00eda a menudo objetos dispares como rosas, calaveras y platillos, estos \u00faltimos en referencia a sus aficiones musicales. Incluso en <em><strong>Naturaleza muerta con retrato de Temma<\/strong><\/em>, una escena aparentemente est\u00e1tica, Bell encontr\u00f3 la manera de incorporar movimiento a trav\u00e9s de las sombras y los pliegues de las telas. Sin dejar de ser abstractos, los objetos cuidadosamente colocados tienen todos una presencia fuerte y distinta; <strong>los contornos negros dan claridad a las distintas partes<\/strong> al tiempo que aportan un equilibrio armonioso a la composici\u00f3n. Adem\u00e1s de los contornos, el uso que hace Bell de los colores s\u00f3lidos y las manipulaciones de la perspectiva recuerdan las obras de <strong>Fernand L\u00e9ger<\/strong>.<\/p>\n\n\n<div class=\"wp-block-image\">\n<figure class=\"aligncenter size-full\"><img loading=\"lazy\" decoding=\"async\" width=\"582\" height=\"460\" src=\"https:\/\/www.aparences.net\/wp-content\/uploads\/2024\/05\/leland-bell-nature-morte-avec-le-portrait-de-temma-1969-71.webp\" alt=\"Naturaleza muerta con retrato de Temma, 1969-71, Leland Bell\" class=\"wp-image-32347\" title=\"Naturaleza muerta con retrato de Temma, 1969-71, Leland Bell\"\/><figcaption class=\"wp-element-caption\"><em><strong>Naturaleza muerta con retrato de Temma<\/strong>, 1969-71, <strong>Leland Bell<\/strong>, <\/em><br><em>Nueva York, Center for Figurative Painting<\/em>.<\/figcaption><\/figure>\n<\/div>\n\n<div class=\"wp-block-image\">\n<figure class=\"aligncenter size-full\"><img loading=\"lazy\" decoding=\"async\" width=\"404\" height=\"460\" src=\"https:\/\/www.aparences.net\/wp-content\/uploads\/2024\/05\/leland-bell-portrait-temma-1972.webp\" alt=\"Retrato de Temma, c. 1972, Leland Bell\" class=\"wp-image-32349\" title=\"Retrato de Temma, c. 1972, Leland Bell\"\/><figcaption class=\"wp-element-caption\"><em><strong>Retrato de Temma<\/strong>, c. 1972, <strong>Leland Bell<\/strong>, Colecci\u00f3n privada.<\/em><\/figcaption><\/figure>\n<\/div>\n\n<div class=\"wp-block-image\">\n<figure class=\"aligncenter size-full\"><img loading=\"lazy\" decoding=\"async\" width=\"582\" height=\"441\" src=\"https:\/\/www.aparences.net\/wp-content\/uploads\/2024\/05\/leland-bell-roses-and-cymbals-II-1979-82.webp\" alt=\"Roses and Cymbals II, 1979-82, Leland Bell\" class=\"wp-image-32345\" title=\"Roses and Cymbals II, 1979-82, Leland Bell\"\/><figcaption class=\"wp-element-caption\"><em><strong>Roses and Cymbals II<\/strong>, 1979-82, <strong>Leland Bell<\/strong>, North Carolina Museum of Art<\/em>.<\/figcaption><\/figure>\n<\/div>\n\n\n<!-- AdBoxLeft2023 --><ins class=\"adsbygoogle\" style=\"display:block\" data-ad-client=\"ca-pub-2468002815867636\" data-ad-slot=\"1318022963\" data-ad-format=\"auto\" data-full-width-responsive=\"true\"><\/ins><script> (adsbygoogle = window.adsbygoogle || []).push({});<\/script><h2 class=\"wp-block-heading\">\u00daltimo periodo<\/h2>\n\n\n\n<p>Adem\u00e1s de pintor, <strong>Leland Bell<\/strong> fue un respetado y reputado profesor y conferenciante. Estaba especialmente decidido a defender a los artistas que veneraba y pod\u00eda ser muy c\u00e1ustico cuando discrepaba con otros. Bell fue miembro fundador de la <strong>New York Studio School<\/strong> desde 1964 y ense\u00f1\u00f3 pintura en la Parsons School of Design, la Universidad de Yale, la Universidad de Indiana y el Kansas City Art Institute. Durante las d\u00e9cadas siguientes, sigui\u00f3 perfeccionando su estilo art\u00edstico y sus pinturas anteriores. (Por ejemplo, Bell transform\u00f3 su serie <em>Family Group<\/em> de finales de los sesenta en las obras <em>Butterfly Group<\/em> de los setenta y ochenta). Aunque cre\u00f3 varias naturalezas muertas, la figura humana sigui\u00f3 siendo su tema m\u00e1s constante, sobre todo su mujer y su hija Temma. Sus \u00faltimos cuadros, como el grupo <em>Butterfly<\/em> (1968) y la serie <em>Morning<\/em> (hacia los a\u00f1os 70-80), reflejan su estilo m\u00e1s logrado de movimiento, <strong>delineaciones n\u00edtidas del espacio y juegos de luces y sombras<\/strong>. Bell muri\u00f3 en Nueva York en 1991.<\/p>\n\n\n<div class=\"wp-block-image\">\n<figure class=\"aligncenter size-full\"><img loading=\"lazy\" decoding=\"async\" width=\"650\" height=\"362\" src=\"https:\/\/www.aparences.net\/wp-content\/uploads\/2024\/05\/lelan-groupe-de-famille-avec-papillon-1986-90.webp\" alt=\"Grupo familiar con mariposa, 1986-90, Leland Bell\" class=\"wp-image-32351\" title=\"Grupo familiar con mariposa, 1986-90, Leland Bell\"\/><figcaption class=\"wp-element-caption\"><em><strong>Grupo familiar con mariposa<\/strong>, 1986-90, <strong>Leland Bell<\/strong>, Colecci\u00f3n privada.<\/em><\/figcaption><\/figure>\n<\/div>\n\n\n<p><strong><em>Morning II<\/em><\/strong>, que forma parte de una serie de cuadros con t\u00edtulos y temas similares, es una de las obras m\u00e1s grandes de <strong>Leland Bell<\/strong> con dos figuras. Bell coloc\u00f3 estos cuerpos escult\u00f3ricos en una escena \u00edntima de planos entrecruzados, \u00e1ngulos variables y movimientos r\u00edtmicos para evocar la energ\u00eda y el flujo de la vida. Uni\u00f3 las figuras con extremidades extendidas y en movimiento y <strong>colores planos<\/strong>. En contraste con las <strong>marcadas l\u00edneas negras<\/strong> que delinean las formas en sus cuadros, Bell difumina a menudo los dedos de manos y pies en los colores circundantes, sugiriendo un movimiento continuo. <strong>Balthus, una de las principales influencias de Bell<\/strong>, utiliz\u00f3 una t\u00e1ctica similar en el cuadro <em>La Phal\u00e8ne<\/em>, donde las manos y los pies extendidos de una mujer desnuda se desvanecen en el fondo.<\/p>\n\n\n<div class=\"wp-block-image\">\n<figure class=\"aligncenter size-full\"><img loading=\"lazy\" decoding=\"async\" width=\"683\" height=\"641\" src=\"https:\/\/www.aparences.net\/wp-content\/uploads\/2024\/05\/leland-bell-matin-1978-81.webp\" alt=\"Matin II, 1978-81, Leland Bell\" class=\"wp-image-32353\" title=\"Matin II, 1978-81, Leland Bell\"\/><figcaption class=\"wp-element-caption\"><em><strong>Matin II<\/strong>, 1978-81,<strong> Leland Bell<\/strong>, Colecci\u00f3n privada.<\/em><\/figcaption><\/figure>\n<\/div>\n\n\n<p>Muchos de los cuadros de Bell recrean una escena en la que <strong>un grupo dom\u00e9stico reacciona ante una mariposa o un p\u00e1jaro<\/strong>, inspir\u00e1ndose en <em>La Phal\u00e8ne<\/em> de Balthus, tanto en la intrusi\u00f3n de la naturaleza como en los v\u00edvidos gestos de los personajes. Las im\u00e1genes de Bell, juguetonas y casi coreografiadas, <strong>hacen un uso expresivo de los brazos<\/strong>, tanto para indicar un ambiente festivo como para enlazar visualmente las secciones del cuadro, casi como un friso griego. <strong>Bell representa cada figura como una entidad individual<\/strong>, pero las une mediante un uso casi escult\u00f3rico de la luz y la sombra.<\/p>\n\n\n<div class=\"wp-block-image\">\n<figure class=\"aligncenter size-full\"><img loading=\"lazy\" decoding=\"async\" width=\"683\" height=\"438\" src=\"https:\/\/www.aparences.net\/wp-content\/uploads\/2024\/05\/leland-bell-figure-group-with-bird-1991.webp\" alt=\"\" class=\"wp-image-32356\"\/><figcaption class=\"wp-element-caption\"><em><strong>Figure Group with Bird<\/strong>, 1991, <strong>Leland Bell<\/strong>, Colecci\u00f3n privada.<\/em><\/figcaption><\/figure>\n<\/div>\n\n\n<p>Dar forma a su propio estilo al margen de la influencia del movimiento expresionista abstracto, m\u00e1s popular, puede haber impedido a Bell recibir el apoyo cr\u00edtico y financiero del que gozaron sus contempor\u00e1neos. Sin embargo, fue precisamente este compromiso con un enfoque figurativo menos a la moda lo que hizo de Bell una importante figura art\u00edstica y un apasionado conferenciante. En la actualidad, los cuadros de Bell forman parte de las colecciones del Metropolitan Museum of Art de Nueva York, el Hirshhorn Museum and Sculpture Garden de Washington, D.C., el Rose Museum de la Universidad de Brandeis, Massachusetts, y el Mint Museum de Charlotte, Carolina del Norte, entre otros.<\/p>\n\n\n<p><!-- \/wp:post-content --><\/p>\n<p><!-- wp:separator --><\/p>\n<hr class=\"wp-block-separator\" \/><!-- \/wp:separator -->\n<p><!-- wp:heading {\"level\":4} --><\/p>\n<h4>Bibliograf\u00eda<\/h4>\n<p><!-- \/wp:heading --><\/p>\n<p><!-- wp:paragraph --><\/p>\n<p>Leland Bell. <em>Leland Bell, paintings.<\/em> Theo Waddington, 1980<br \/>Nicholas Fox Weber. <em>Leland Bell.<\/em> Rizzoli Intl Pubns, 1986<br \/>Leland Bell. <em>Changing Rhythms: Works by Leland Bell<\/em>. List Gallery, 2001<\/p>","protected":false},"excerpt":{"rendered":"<p>Bell empez\u00f3 a adoptar la figuraci\u00f3n en pleno auge del expresionismo abstracto.<\/p>\n","protected":false},"author":2,"featured_media":32370,"comment_status":"closed","ping_status":"closed","sticky":false,"template":"","format":"standard","meta":{"footnotes":""},"categories":[3018],"tags":[],"class_list":["post-32354","post","type-post","status-publish","format-standard","has-post-thumbnail","hentry","category-arte-contemporaneo"],"yoast_head":"<!-- This site is optimized with the Yoast SEO plugin v27.2 - https:\/\/yoast.com\/product\/yoast-seo-wordpress\/ -->\n<title>Leland Bell<\/title>\n<meta name=\"description\" content=\"Bell empez\u00f3 a adoptar la figuraci\u00f3n en pleno auge del expresionismo abstracto.\" \/>\n<meta name=\"robots\" content=\"index, follow, max-snippet:-1, max-image-preview:large, max-video-preview:-1\" \/>\n<link rel=\"canonical\" href=\"https:\/\/www.aparences.net\/es\/arte-contemporaneo\/leland-bell\/\" \/>\n<meta property=\"og:locale\" content=\"es_ES\" \/>\n<meta property=\"og:type\" content=\"article\" \/>\n<meta property=\"og:title\" content=\"Leland Bell\" \/>\n<meta property=\"og:description\" content=\"Bell empez\u00f3 a adoptar la figuraci\u00f3n en pleno auge del expresionismo abstracto.\" \/>\n<meta property=\"og:url\" content=\"https:\/\/www.aparences.net\/es\/arte-contemporaneo\/leland-bell\/\" \/>\n<meta property=\"og:site_name\" content=\"Aparences\" \/>\n<meta property=\"article:published_time\" content=\"2024-06-27T06:46:50+00:00\" \/>\n<meta property=\"article:modified_time\" content=\"2025-12-11T18:40:55+00:00\" \/>\n<meta property=\"og:image\" content=\"https:\/\/www.aparences.net\/wp-content\/uploads\/2024\/06\/leland-bell.webp\" \/>\n\t<meta property=\"og:image:width\" content=\"1080\" \/>\n\t<meta property=\"og:image:height\" content=\"540\" \/>\n\t<meta property=\"og:image:type\" content=\"image\/webp\" \/>\n<meta name=\"author\" content=\"admin\" \/>\n<meta name=\"twitter:card\" content=\"summary_large_image\" \/>\n<meta name=\"twitter:label1\" content=\"Escrito por\" \/>\n\t<meta name=\"twitter:data1\" content=\"admin\" \/>\n\t<meta name=\"twitter:label2\" content=\"Tiempo de lectura\" \/>\n\t<meta name=\"twitter:data2\" content=\"10 minutos\" \/>\n<script type=\"application\/ld+json\" class=\"yoast-schema-graph\">{\"@context\":\"https:\/\/schema.org\",\"@graph\":[{\"@type\":\"Article\",\"@id\":\"https:\/\/www.aparences.net\/es\/arte-contemporaneo\/leland-bell\/#article\",\"isPartOf\":{\"@id\":\"https:\/\/www.aparences.net\/es\/arte-contemporaneo\/leland-bell\/\"},\"author\":{\"name\":\"admin\",\"@id\":\"https:\/\/www.aparences.net\/es\/#\/schema\/person\/af349f6ffc31b16c68963e61268afca5\"},\"headline\":\"Leland Bell\",\"datePublished\":\"2024-06-27T06:46:50+00:00\",\"dateModified\":\"2025-12-11T18:40:55+00:00\",\"mainEntityOfPage\":{\"@id\":\"https:\/\/www.aparences.net\/es\/arte-contemporaneo\/leland-bell\/\"},\"wordCount\":1731,\"publisher\":{\"@id\":\"https:\/\/www.aparences.net\/es\/#organization\"},\"image\":{\"@id\":\"https:\/\/www.aparences.net\/es\/arte-contemporaneo\/leland-bell\/#primaryimage\"},\"thumbnailUrl\":\"https:\/\/www.aparences.net\/wp-content\/uploads\/2024\/06\/leland-bell.webp\",\"articleSection\":[\"Arte contempor\u00e1neo\"],\"inLanguage\":\"es\"},{\"@type\":[\"WebPage\",\"ItemPage\"],\"@id\":\"https:\/\/www.aparences.net\/es\/arte-contemporaneo\/leland-bell\/\",\"url\":\"https:\/\/www.aparences.net\/es\/arte-contemporaneo\/leland-bell\/\",\"name\":\"Leland Bell\",\"isPartOf\":{\"@id\":\"https:\/\/www.aparences.net\/es\/#website\"},\"primaryImageOfPage\":{\"@id\":\"https:\/\/www.aparences.net\/es\/arte-contemporaneo\/leland-bell\/#primaryimage\"},\"image\":{\"@id\":\"https:\/\/www.aparences.net\/es\/arte-contemporaneo\/leland-bell\/#primaryimage\"},\"thumbnailUrl\":\"https:\/\/www.aparences.net\/wp-content\/uploads\/2024\/06\/leland-bell.webp\",\"datePublished\":\"2024-06-27T06:46:50+00:00\",\"dateModified\":\"2025-12-11T18:40:55+00:00\",\"description\":\"Bell empez\u00f3 a adoptar la figuraci\u00f3n en pleno auge del expresionismo abstracto.\",\"breadcrumb\":{\"@id\":\"https:\/\/www.aparences.net\/es\/arte-contemporaneo\/leland-bell\/#breadcrumb\"},\"inLanguage\":\"es\",\"potentialAction\":[{\"@type\":\"ReadAction\",\"target\":[\"https:\/\/www.aparences.net\/es\/arte-contemporaneo\/leland-bell\/\"]}]},{\"@type\":\"ImageObject\",\"inLanguage\":\"es\",\"@id\":\"https:\/\/www.aparences.net\/es\/arte-contemporaneo\/leland-bell\/#primaryimage\",\"url\":\"https:\/\/www.aparences.net\/wp-content\/uploads\/2024\/06\/leland-bell.webp\",\"contentUrl\":\"https:\/\/www.aparences.net\/wp-content\/uploads\/2024\/06\/leland-bell.webp\",\"width\":1080,\"height\":540},{\"@type\":\"BreadcrumbList\",\"@id\":\"https:\/\/www.aparences.net\/es\/arte-contemporaneo\/leland-bell\/#breadcrumb\",\"itemListElement\":[{\"@type\":\"ListItem\",\"position\":1,\"name\":\"Portada\",\"item\":\"https:\/\/www.aparences.net\/es\/\"},{\"@type\":\"ListItem\",\"position\":2,\"name\":\"Leland Bell\"}]},{\"@type\":\"WebSite\",\"@id\":\"https:\/\/www.aparences.net\/es\/#website\",\"url\":\"https:\/\/www.aparences.net\/es\/\",\"name\":\"Aparences: Historia del Arte y Actualidad Cultural\",\"description\":\"\",\"publisher\":{\"@id\":\"https:\/\/www.aparences.net\/es\/#organization\"},\"potentialAction\":[{\"@type\":\"SearchAction\",\"target\":{\"@type\":\"EntryPoint\",\"urlTemplate\":\"https:\/\/www.aparences.net\/es\/?s={search_term_string}\"},\"query-input\":{\"@type\":\"PropertyValueSpecification\",\"valueRequired\":true,\"valueName\":\"search_term_string\"}}],\"inLanguage\":\"es\"},{\"@type\":\"Organization\",\"@id\":\"https:\/\/www.aparences.net\/es\/#organization\",\"name\":\"Aparences: Historia del Arte y Actualidad Cultural\",\"url\":\"https:\/\/www.aparences.net\/es\/\",\"logo\":{\"@type\":\"ImageObject\",\"inLanguage\":\"es\",\"@id\":\"https:\/\/www.aparences.net\/es\/#\/schema\/logo\/image\/\",\"url\":\"https:\/\/www.aparences.net\/wp-content\/uploads\/2023\/09\/logo-quadrat-color-e1695915315229.png\",\"contentUrl\":\"https:\/\/www.aparences.net\/wp-content\/uploads\/2023\/09\/logo-quadrat-color-e1695915315229.png\",\"width\":120,\"height\":120,\"caption\":\"Aparences: Historia del Arte y Actualidad Cultural\"},\"image\":{\"@id\":\"https:\/\/www.aparences.net\/es\/#\/schema\/logo\/image\/\"}},{\"@type\":\"Person\",\"@id\":\"https:\/\/www.aparences.net\/es\/#\/schema\/person\/af349f6ffc31b16c68963e61268afca5\",\"name\":\"admin\",\"url\":\"https:\/\/www.aparences.net\/es\/author\/admin\/\"}]}<\/script>\n<!-- \/ Yoast SEO plugin. -->","yoast_head_json":{"title":"Leland Bell","description":"Bell empez\u00f3 a adoptar la figuraci\u00f3n en pleno auge del expresionismo abstracto.","robots":{"index":"index","follow":"follow","max-snippet":"max-snippet:-1","max-image-preview":"max-image-preview:large","max-video-preview":"max-video-preview:-1"},"canonical":"https:\/\/www.aparences.net\/es\/arte-contemporaneo\/leland-bell\/","og_locale":"es_ES","og_type":"article","og_title":"Leland Bell","og_description":"Bell empez\u00f3 a adoptar la figuraci\u00f3n en pleno auge del expresionismo abstracto.","og_url":"https:\/\/www.aparences.net\/es\/arte-contemporaneo\/leland-bell\/","og_site_name":"Aparences","article_published_time":"2024-06-27T06:46:50+00:00","article_modified_time":"2025-12-11T18:40:55+00:00","og_image":[{"width":1080,"height":540,"url":"https:\/\/www.aparences.net\/wp-content\/uploads\/2024\/06\/leland-bell.webp","type":"image\/webp"}],"author":"admin","twitter_card":"summary_large_image","twitter_misc":{"Escrito por":"admin","Tiempo de lectura":"10 minutos"},"schema":{"@context":"https:\/\/schema.org","@graph":[{"@type":"Article","@id":"https:\/\/www.aparences.net\/es\/arte-contemporaneo\/leland-bell\/#article","isPartOf":{"@id":"https:\/\/www.aparences.net\/es\/arte-contemporaneo\/leland-bell\/"},"author":{"name":"admin","@id":"https:\/\/www.aparences.net\/es\/#\/schema\/person\/af349f6ffc31b16c68963e61268afca5"},"headline":"Leland Bell","datePublished":"2024-06-27T06:46:50+00:00","dateModified":"2025-12-11T18:40:55+00:00","mainEntityOfPage":{"@id":"https:\/\/www.aparences.net\/es\/arte-contemporaneo\/leland-bell\/"},"wordCount":1731,"publisher":{"@id":"https:\/\/www.aparences.net\/es\/#organization"},"image":{"@id":"https:\/\/www.aparences.net\/es\/arte-contemporaneo\/leland-bell\/#primaryimage"},"thumbnailUrl":"https:\/\/www.aparences.net\/wp-content\/uploads\/2024\/06\/leland-bell.webp","articleSection":["Arte contempor\u00e1neo"],"inLanguage":"es"},{"@type":["WebPage","ItemPage"],"@id":"https:\/\/www.aparences.net\/es\/arte-contemporaneo\/leland-bell\/","url":"https:\/\/www.aparences.net\/es\/arte-contemporaneo\/leland-bell\/","name":"Leland Bell","isPartOf":{"@id":"https:\/\/www.aparences.net\/es\/#website"},"primaryImageOfPage":{"@id":"https:\/\/www.aparences.net\/es\/arte-contemporaneo\/leland-bell\/#primaryimage"},"image":{"@id":"https:\/\/www.aparences.net\/es\/arte-contemporaneo\/leland-bell\/#primaryimage"},"thumbnailUrl":"https:\/\/www.aparences.net\/wp-content\/uploads\/2024\/06\/leland-bell.webp","datePublished":"2024-06-27T06:46:50+00:00","dateModified":"2025-12-11T18:40:55+00:00","description":"Bell empez\u00f3 a adoptar la figuraci\u00f3n en pleno auge del expresionismo abstracto.","breadcrumb":{"@id":"https:\/\/www.aparences.net\/es\/arte-contemporaneo\/leland-bell\/#breadcrumb"},"inLanguage":"es","potentialAction":[{"@type":"ReadAction","target":["https:\/\/www.aparences.net\/es\/arte-contemporaneo\/leland-bell\/"]}]},{"@type":"ImageObject","inLanguage":"es","@id":"https:\/\/www.aparences.net\/es\/arte-contemporaneo\/leland-bell\/#primaryimage","url":"https:\/\/www.aparences.net\/wp-content\/uploads\/2024\/06\/leland-bell.webp","contentUrl":"https:\/\/www.aparences.net\/wp-content\/uploads\/2024\/06\/leland-bell.webp","width":1080,"height":540},{"@type":"BreadcrumbList","@id":"https:\/\/www.aparences.net\/es\/arte-contemporaneo\/leland-bell\/#breadcrumb","itemListElement":[{"@type":"ListItem","position":1,"name":"Portada","item":"https:\/\/www.aparences.net\/es\/"},{"@type":"ListItem","position":2,"name":"Leland Bell"}]},{"@type":"WebSite","@id":"https:\/\/www.aparences.net\/es\/#website","url":"https:\/\/www.aparences.net\/es\/","name":"Aparences: Historia del Arte y Actualidad Cultural","description":"","publisher":{"@id":"https:\/\/www.aparences.net\/es\/#organization"},"potentialAction":[{"@type":"SearchAction","target":{"@type":"EntryPoint","urlTemplate":"https:\/\/www.aparences.net\/es\/?s={search_term_string}"},"query-input":{"@type":"PropertyValueSpecification","valueRequired":true,"valueName":"search_term_string"}}],"inLanguage":"es"},{"@type":"Organization","@id":"https:\/\/www.aparences.net\/es\/#organization","name":"Aparences: Historia del Arte y Actualidad Cultural","url":"https:\/\/www.aparences.net\/es\/","logo":{"@type":"ImageObject","inLanguage":"es","@id":"https:\/\/www.aparences.net\/es\/#\/schema\/logo\/image\/","url":"https:\/\/www.aparences.net\/wp-content\/uploads\/2023\/09\/logo-quadrat-color-e1695915315229.png","contentUrl":"https:\/\/www.aparences.net\/wp-content\/uploads\/2023\/09\/logo-quadrat-color-e1695915315229.png","width":120,"height":120,"caption":"Aparences: Historia del Arte y Actualidad Cultural"},"image":{"@id":"https:\/\/www.aparences.net\/es\/#\/schema\/logo\/image\/"}},{"@type":"Person","@id":"https:\/\/www.aparences.net\/es\/#\/schema\/person\/af349f6ffc31b16c68963e61268afca5","name":"admin","url":"https:\/\/www.aparences.net\/es\/author\/admin\/"}]}},"_links":{"self":[{"href":"https:\/\/www.aparences.net\/es\/wp-json\/wp\/v2\/posts\/32354","targetHints":{"allow":["GET"]}}],"collection":[{"href":"https:\/\/www.aparences.net\/es\/wp-json\/wp\/v2\/posts"}],"about":[{"href":"https:\/\/www.aparences.net\/es\/wp-json\/wp\/v2\/types\/post"}],"author":[{"embeddable":true,"href":"https:\/\/www.aparences.net\/es\/wp-json\/wp\/v2\/users\/2"}],"replies":[{"embeddable":true,"href":"https:\/\/www.aparences.net\/es\/wp-json\/wp\/v2\/comments?post=32354"}],"version-history":[{"count":0,"href":"https:\/\/www.aparences.net\/es\/wp-json\/wp\/v2\/posts\/32354\/revisions"}],"wp:featuredmedia":[{"embeddable":true,"href":"https:\/\/www.aparences.net\/es\/wp-json\/wp\/v2\/media\/32370"}],"wp:attachment":[{"href":"https:\/\/www.aparences.net\/es\/wp-json\/wp\/v2\/media?parent=32354"}],"wp:term":[{"taxonomy":"category","embeddable":true,"href":"https:\/\/www.aparences.net\/es\/wp-json\/wp\/v2\/categories?post=32354"},{"taxonomy":"post_tag","embeddable":true,"href":"https:\/\/www.aparences.net\/es\/wp-json\/wp\/v2\/tags?post=32354"}],"curies":[{"name":"wp","href":"https:\/\/api.w.org\/{rel}","templated":true}]}}